{"id":3264,"date":"2026-04-23T07:08:13","date_gmt":"2026-04-23T07:08:13","guid":{"rendered":"https:\/\/www.sebastien-auziere.fr\/blog\/?p=3264"},"modified":"2026-04-23T07:08:34","modified_gmt":"2026-04-23T07:08:34","slug":"brigitte-macron-piuttosto-in-cucina-questo-ruolo-che-il-presidente-avrebbe-preso-in-considerazione-per-lei","status":"publish","type":"post","link":"https:\/\/www.sebastien-auziere.fr\/blog\/it\/brigitte-macron-piuttosto-in-cucina-questo-ruolo-che-il-presidente-avrebbe-preso-in-considerazione-per-lei\/","title":{"rendered":"Brigitte Macron : \u00ab Piuttosto in cucina&#8230; \u00bb questo ruolo che il presidente avrebbe preso in considerazione per lei"},"content":{"rendered":"<p>Che immagine sorprendente: nel 2022 <strong>Emmanuel Macron<\/strong> ha ammesso di immaginarsi \u00ab <strong>piuttosto in cucina<\/strong> \u00bb o in panetteria, e non come scrittore. Qui scoprirai come questa confidenza incrocia le aspettative di <strong>Brigitte Macron<\/strong> e cosa significa questo possibile ruolo domestico al centro dell\u2019<strong>\u00c9lys\u00e9e<\/strong>.<\/p>\n\n<h2 class=\"wp-block-heading\">Emmanuel Macron: \u00ab piuttosto in cucina \u00bb e l&rsquo;evasione di un presidente<\/h2>\n\n<p>Durante un&rsquo;intervista nel 2022, <strong>il presidente<\/strong> ha riconosciuto di immaginarsi uno stile di vita pi\u00f9 artigianale, evocando la <strong>cucina<\/strong> e la panetteria piuttosto che la penna. Questa dichiarazione, ripresa dalla stampa, rivela un lato intimo di un capo di stato spesso percepito come interamente dedicato alla <strong>politica<\/strong>. Per saperne di pi\u00f9 sui suoi gusti e confidenze, consulta l&rsquo;articolo su <a href=\"https:\/\/www.mariefrance.fr\/culture\/emmanuel-macron-voici-son-plat-prefere-601821.html\">il suo piatto preferito<\/a>.<\/p>\n\n<h2 class=\"wp-block-heading\">Ci\u00f2 che Brigitte Macron sperava per il suo compagno<\/h2>\n\n<p><strong>Brigitte Macron<\/strong> ha pi\u00f9 volte lasciato intendere che immaginava un destino artistico per suo marito, pensando che sarebbe stato piuttosto scrittore o artista. Questa aspettativa mostra il divario tra la vita di coppia e l&rsquo;ascesa alle responsabilit\u00e0 nazionali. Il ruolo della <strong>prima donna<\/strong> di fronte ai riflettori illustra quanto la <strong>famiglia presidenziale<\/strong> viva ogni scelta come un evento pubblico.<\/p>\n\n<h2 class=\"wp-block-heading\">La vita quotidiana all\u2019\u00c9lys\u00e9e: ruolo, discorso e influenza<\/h2>\n\n<p>Indossare il costume di <strong>prima donna<\/strong> non \u00e8 stata una scelta da poco per Brigitte; ha ammesso di essere rimasta sorpresa dall&rsquo;intensit\u00e0 mediatica durante i due arrivi all\u2019<strong>\u00c9lys\u00e9e<\/strong> nel 2017 e nel 2022. Tra consigli discreti e presenza durante i <strong>discorsi<\/strong>, il suo ruolo travolge i confini tra vita privata e missione pubblica, e a volte influenza l&rsquo;agenda del <strong>governo<\/strong>. I ritratti della stampa descrivono questa influenza sfumata, in particolare nella stampa di gossip e di analisi.<\/p>\n\n<p>Puoi vedere un estratto video che mostra una visita ufficiale e alcuni retroscena di protocollo.<\/p>\n\n<h2 class=\"wp-block-heading\">Voci, giustizia e sostegno esterno<\/h2>\n\n<p>La <strong>famiglia presidenziale<\/strong> ha affrontato voci persistenti, a volte grottesche, che hanno portato Brigitte a rivolgersi alla giustizia per proteggere la sua immagine. La questione ha persino suscitato reazioni internazionali, e voci esterne si sono manifestate pubblicamente. Questi episodi ricordano la vulnerabilit\u00e0 mediatica di una coppia al vertice dello Stato e alimentano il dibattito sul rispetto della vita privata in periodo di <strong>politica<\/strong>.<\/p>\n\n<p>Per completare, un reportage ripercorre aneddoti di retroscena, come quella volta in cui lo chef ha improvvisato un piatto per la coppia presidenziale.<\/p>\n\n<p>Vuoi saperne di pi\u00f9 su <strong>Brigitte Macron<\/strong>, il suo stile e i retroscena della <strong>famiglia presidenziale<\/strong>? Scopri dossier dettagliati e album fotografici su <a href=\"https:\/\/www.sebastien-auziere.fr\/blog\/brigitte-macron-robe-rouge\/\">il suo guardaroba<\/a> e la <a href=\"https:\/\/www.sebastien-auziere.fr\/blog\/brigitte-macron-villa-touquet\/\">casa di famiglia a Touquet<\/a>, cos\u00ec come altri articoli dedicati alla presenza pubblica della prima donna su <a href=\"https:\/\/www.sebastien-auziere.fr\/blog\/brigitte-macron-73-ans\/\">sebastien-auziere.fr<\/a>. L\u00ec troverai ritratti, date chiave e archivi per comprendere meglio questo ruolo cos\u00ec singolare.<\/p>","protected":false},"excerpt":{"rendered":"<p>Che immagine sorprendente: nel 2022 Emmanuel Macron ha ammesso di immaginarsi \u00ab piuttosto in cucina \u00bb o in panetteria, e non come scrittore. Qui scoprirai come questa confidenza incrocia le aspettative di Brigitte Macron e cosa significa questo possibile ruolo domestico al centro dell\u2019\u00c9lys\u00e9e. Emmanuel Macron: \u00ab piuttosto in cucina \u00bb e l&rsquo;evasione di un &#8230; <a title=\"Brigitte Macron : \u00ab Piuttosto in cucina&#8230; \u00bb questo ruolo che il presidente avrebbe preso in considerazione per lei\" class=\"read-more\" href=\"https:\/\/www.sebastien-auziere.fr\/blog\/it\/brigitte-macron-piuttosto-in-cucina-questo-ruolo-che-il-presidente-avrebbe-preso-in-considerazione-per-lei\/\" aria-label=\"En savoir plus sur Brigitte Macron : \u00ab Piuttosto in cucina&#8230; \u00bb questo ruolo che il presidente avrebbe preso in considerazione per lei\">Lire plus<\/a><\/p>\n","protected":false},"author":9,"featured_media":3256,"comment_status":"open","ping_status":"open","sticky":false,"template":"","format":"standard","meta":{"footnotes":""},"categories":[859],"tags":[944,3192,4091,4097,4094],"class_list":["post-3264","post","type-post","status-publish","format-standard","has-post-thumbnail","hentry","category-actualita-it","tag-brigitte-macron-it","tag-coppia-presidenziale-it","tag-presidente-emmanuel-macron-it","tag-privato-delle-politiche-it","tag-ruolo-in-cucina-it"],"yoast_head":"<!-- This site is optimized with the Yoast SEO plugin v27.5 - https:\/\/yoast.com\/product\/yoast-seo-wordpress\/ -->\n<title>Brigitte Macron : \u00ab Piuttosto in cucina... \u00bb questo ruolo che il presidente avrebbe preso in considerazione per lei - Fan site S\u00e9bastien Auzi\u00e8re<\/title>\n<meta name=\"description\" content=\"Brigitte Macron : \u00ab Plut\u00f4t en cuisine... \u00bb D\u00e9couvrez le r\u00f4le inattendu que le pr\u00e9sident aurait envisag\u00e9 pour elle dans les coulisses du pouvoir.\" \/>\n<meta name=\"robots\" content=\"index, follow, max-snippet:-1, max-image-preview:large, max-video-preview:-1\" \/>\n<link rel=\"canonical\" href=\"https:\/\/www.sebastien-auziere.fr\/blog\/it\/brigitte-macron-piuttosto-in-cucina-questo-ruolo-che-il-presidente-avrebbe-preso-in-considerazione-per-lei\/\" \/>\n<meta property=\"og:locale\" content=\"fr_FR\" \/>\n<meta property=\"og:type\" content=\"article\" \/>\n<meta property=\"og:title\" content=\"Brigitte Macron : \u00ab Piuttosto in cucina... \u00bb questo ruolo che il presidente avrebbe preso in considerazione per lei - Fan site S\u00e9bastien Auzi\u00e8re\" \/>\n<meta property=\"og:description\" content=\"Brigitte Macron : \u00ab Plut\u00f4t en cuisine... \u00bb D\u00e9couvrez le r\u00f4le inattendu que le pr\u00e9sident aurait envisag\u00e9 pour elle dans les coulisses du pouvoir.\" \/>\n<meta property=\"og:url\" content=\"https:\/\/www.sebastien-auziere.fr\/blog\/it\/brigitte-macron-piuttosto-in-cucina-questo-ruolo-che-il-presidente-avrebbe-preso-in-considerazione-per-lei\/\" \/>\n<meta property=\"og:site_name\" content=\"Fan site S\u00e9bastien Auzi\u00e8re\" \/>\n<meta property=\"article:published_time\" content=\"2026-04-23T07:08:13+00:00\" \/>\n<meta property=\"article:modified_time\" content=\"2026-04-23T07:08:34+00:00\" \/>\n<meta property=\"og:image\" content=\"https:\/\/www.sebastien-auziere.fr\/blog\/wp-content\/uploads\/2026\/04\/Brigitte-Macron-Plutot-en-cuisine.-ce-role-que-le-president-aurait-envisage-pour-elle.jpg\" \/>\n\t<meta property=\"og:image:width\" content=\"2560\" \/>\n\t<meta property=\"og:image:height\" content=\"1429\" \/>\n\t<meta property=\"og:image:type\" content=\"image\/jpeg\" \/>\n<meta name=\"author\" content=\"Chloe Gauthier\" \/>\n<meta name=\"twitter:card\" content=\"summary_large_image\" \/>\n<meta name=\"twitter:label1\" content=\"\u00c9crit par\" \/>\n\t<meta name=\"twitter:data1\" content=\"Chloe Gauthier\" \/>\n\t<meta name=\"twitter:label2\" content=\"Dur\u00e9e de lecture estim\u00e9e\" \/>\n\t<meta name=\"twitter:data2\" content=\"2 minutes\" \/>\n<script type=\"application\/ld+json\" class=\"yoast-schema-graph\">{\"@context\":\"https:\\\/\\\/schema.org\",\"@graph\":[{\"@type\":\"Article\",\"@id\":\"https:\\\/\\\/www.sebastien-auziere.fr\\\/blog\\\/it\\\/brigitte-macron-piuttosto-in-cucina-questo-ruolo-che-il-presidente-avrebbe-preso-in-considerazione-per-lei\\\/#article\",\"isPartOf\":{\"@id\":\"https:\\\/\\\/www.sebastien-auziere.fr\\\/blog\\\/it\\\/brigitte-macron-piuttosto-in-cucina-questo-ruolo-che-il-presidente-avrebbe-preso-in-considerazione-per-lei\\\/\"},\"author\":{\"name\":\"Chloe Gauthier\",\"@id\":\"https:\\\/\\\/www.sebastien-auziere.fr\\\/blog\\\/#\\\/schema\\\/person\\\/149f1acdbfd85149c6c3e59adeae2f4d\"},\"headline\":\"Brigitte Macron : \u00ab Piuttosto in cucina&#8230; \u00bb questo ruolo che il presidente avrebbe preso in considerazione per lei\",\"datePublished\":\"2026-04-23T07:08:13+00:00\",\"dateModified\":\"2026-04-23T07:08:34+00:00\",\"mainEntityOfPage\":{\"@id\":\"https:\\\/\\\/www.sebastien-auziere.fr\\\/blog\\\/it\\\/brigitte-macron-piuttosto-in-cucina-questo-ruolo-che-il-presidente-avrebbe-preso-in-considerazione-per-lei\\\/\"},\"wordCount\":452,\"commentCount\":0,\"publisher\":{\"@id\":\"https:\\\/\\\/www.sebastien-auziere.fr\\\/blog\\\/#organization\"},\"image\":{\"@id\":\"https:\\\/\\\/www.sebastien-auziere.fr\\\/blog\\\/it\\\/brigitte-macron-piuttosto-in-cucina-questo-ruolo-che-il-presidente-avrebbe-preso-in-considerazione-per-lei\\\/#primaryimage\"},\"thumbnailUrl\":\"https:\\\/\\\/www.sebastien-auziere.fr\\\/blog\\\/wp-content\\\/uploads\\\/2026\\\/04\\\/Brigitte-Macron-Plutot-en-cuisine.-ce-role-que-le-president-aurait-envisage-pour-elle.jpg\",\"keywords\":[\"brigitte macron\",\"coppia presidenziale\",\"presidente emmanuel macron\",\"privato delle politiche\",\"ruolo in cucina\"],\"articleSection\":[\"Actualit\u00e0\"],\"inLanguage\":\"fr-FR\",\"potentialAction\":[{\"@type\":\"CommentAction\",\"name\":\"Comment\",\"target\":[\"https:\\\/\\\/www.sebastien-auziere.fr\\\/blog\\\/it\\\/brigitte-macron-piuttosto-in-cucina-questo-ruolo-che-il-presidente-avrebbe-preso-in-considerazione-per-lei\\\/#respond\"]}]},{\"@type\":\"WebPage\",\"@id\":\"https:\\\/\\\/www.sebastien-auziere.fr\\\/blog\\\/it\\\/brigitte-macron-piuttosto-in-cucina-questo-ruolo-che-il-presidente-avrebbe-preso-in-considerazione-per-lei\\\/\",\"url\":\"https:\\\/\\\/www.sebastien-auziere.fr\\\/blog\\\/it\\\/brigitte-macron-piuttosto-in-cucina-questo-ruolo-che-il-presidente-avrebbe-preso-in-considerazione-per-lei\\\/\",\"name\":\"Brigitte Macron : \u00ab Piuttosto in cucina... \u00bb questo ruolo che il presidente avrebbe preso in considerazione per lei - Fan site S\u00e9bastien Auzi\u00e8re\",\"isPartOf\":{\"@id\":\"https:\\\/\\\/www.sebastien-auziere.fr\\\/blog\\\/#website\"},\"primaryImageOfPage\":{\"@id\":\"https:\\\/\\\/www.sebastien-auziere.fr\\\/blog\\\/it\\\/brigitte-macron-piuttosto-in-cucina-questo-ruolo-che-il-presidente-avrebbe-preso-in-considerazione-per-lei\\\/#primaryimage\"},\"image\":{\"@id\":\"https:\\\/\\\/www.sebastien-auziere.fr\\\/blog\\\/it\\\/brigitte-macron-piuttosto-in-cucina-questo-ruolo-che-il-presidente-avrebbe-preso-in-considerazione-per-lei\\\/#primaryimage\"},\"thumbnailUrl\":\"https:\\\/\\\/www.sebastien-auziere.fr\\\/blog\\\/wp-content\\\/uploads\\\/2026\\\/04\\\/Brigitte-Macron-Plutot-en-cuisine.-ce-role-que-le-president-aurait-envisage-pour-elle.jpg\",\"datePublished\":\"2026-04-23T07:08:13+00:00\",\"dateModified\":\"2026-04-23T07:08:34+00:00\",\"description\":\"Brigitte Macron : \u00ab Plut\u00f4t en cuisine... \u00bb D\u00e9couvrez le r\u00f4le inattendu que le pr\u00e9sident aurait envisag\u00e9 pour elle dans les coulisses du pouvoir.\",\"breadcrumb\":{\"@id\":\"https:\\\/\\\/www.sebastien-auziere.fr\\\/blog\\\/it\\\/brigitte-macron-piuttosto-in-cucina-questo-ruolo-che-il-presidente-avrebbe-preso-in-considerazione-per-lei\\\/#breadcrumb\"},\"inLanguage\":\"fr-FR\",\"potentialAction\":[{\"@type\":\"ReadAction\",\"target\":[\"https:\\\/\\\/www.sebastien-auziere.fr\\\/blog\\\/it\\\/brigitte-macron-piuttosto-in-cucina-questo-ruolo-che-il-presidente-avrebbe-preso-in-considerazione-per-lei\\\/\"]}]},{\"@type\":\"ImageObject\",\"inLanguage\":\"fr-FR\",\"@id\":\"https:\\\/\\\/www.sebastien-auziere.fr\\\/blog\\\/it\\\/brigitte-macron-piuttosto-in-cucina-questo-ruolo-che-il-presidente-avrebbe-preso-in-considerazione-per-lei\\\/#primaryimage\",\"url\":\"https:\\\/\\\/www.sebastien-auziere.fr\\\/blog\\\/wp-content\\\/uploads\\\/2026\\\/04\\\/Brigitte-Macron-Plutot-en-cuisine.-ce-role-que-le-president-aurait-envisage-pour-elle.jpg\",\"contentUrl\":\"https:\\\/\\\/www.sebastien-auziere.fr\\\/blog\\\/wp-content\\\/uploads\\\/2026\\\/04\\\/Brigitte-Macron-Plutot-en-cuisine.-ce-role-que-le-president-aurait-envisage-pour-elle.jpg\",\"width\":2560,\"height\":1429,\"caption\":\"d\u00e9couvrez le r\u00f4le que le pr\u00e9sident emmanuel macron aurait envisag\u00e9 pour brigitte macron, avec une touche d'humour autour de ses talents en cuisine.\"},{\"@type\":\"BreadcrumbList\",\"@id\":\"https:\\\/\\\/www.sebastien-auziere.fr\\\/blog\\\/it\\\/brigitte-macron-piuttosto-in-cucina-questo-ruolo-che-il-presidente-avrebbe-preso-in-considerazione-per-lei\\\/#breadcrumb\",\"itemListElement\":[{\"@type\":\"ListItem\",\"position\":1,\"name\":\"Home\",\"item\":\"https:\\\/\\\/www.sebastien-auziere.fr\\\/blog\\\/\"},{\"@type\":\"ListItem\",\"position\":2,\"name\":\"Brigitte Macron : \u00ab Piuttosto in cucina&#8230; \u00bb questo ruolo che il presidente avrebbe preso in considerazione per lei\"}]},{\"@type\":\"WebSite\",\"@id\":\"https:\\\/\\\/www.sebastien-auziere.fr\\\/blog\\\/#website\",\"url\":\"https:\\\/\\\/www.sebastien-auziere.fr\\\/blog\\\/\",\"name\":\"Fan site S\u00e9bastien Auzi\u00e8re\",\"description\":\"M\u00e9dia g\u00e9n\u00e9raliste\",\"publisher\":{\"@id\":\"https:\\\/\\\/www.sebastien-auziere.fr\\\/blog\\\/#organization\"},\"potentialAction\":[{\"@type\":\"SearchAction\",\"target\":{\"@type\":\"EntryPoint\",\"urlTemplate\":\"https:\\\/\\\/www.sebastien-auziere.fr\\\/blog\\\/?s={search_term_string}\"},\"query-input\":{\"@type\":\"PropertyValueSpecification\",\"valueRequired\":true,\"valueName\":\"search_term_string\"}}],\"inLanguage\":\"fr-FR\"},{\"@type\":\"Organization\",\"@id\":\"https:\\\/\\\/www.sebastien-auziere.fr\\\/blog\\\/#organization\",\"name\":\"Fan site S\u00e9bastien Auzi\u00e8re\",\"url\":\"https:\\\/\\\/www.sebastien-auziere.fr\\\/blog\\\/\",\"logo\":{\"@type\":\"ImageObject\",\"inLanguage\":\"fr-FR\",\"@id\":\"https:\\\/\\\/www.sebastien-auziere.fr\\\/blog\\\/#\\\/schema\\\/logo\\\/image\\\/\",\"url\":\"https:\\\/\\\/www.sebastien-auziere.fr\\\/blog\\\/wp-content\\\/uploads\\\/2026\\\/03\\\/cropped-cropped-cropped-ChatGPT-Image-6-mars-2026-12_58_09-e1772798376794.jpg\",\"contentUrl\":\"https:\\\/\\\/www.sebastien-auziere.fr\\\/blog\\\/wp-content\\\/uploads\\\/2026\\\/03\\\/cropped-cropped-cropped-ChatGPT-Image-6-mars-2026-12_58_09-e1772798376794.jpg\",\"width\":512,\"height\":360,\"caption\":\"Fan site S\u00e9bastien Auzi\u00e8re\"},\"image\":{\"@id\":\"https:\\\/\\\/www.sebastien-auziere.fr\\\/blog\\\/#\\\/schema\\\/logo\\\/image\\\/\"}},{\"@type\":\"Person\",\"@id\":\"https:\\\/\\\/www.sebastien-auziere.fr\\\/blog\\\/#\\\/schema\\\/person\\\/149f1acdbfd85149c6c3e59adeae2f4d\",\"name\":\"Chloe Gauthier\",\"image\":{\"@type\":\"ImageObject\",\"inLanguage\":\"fr-FR\",\"@id\":\"https:\\\/\\\/secure.gravatar.com\\\/avatar\\\/2c5722f58171cff738a8985ef0dd66b476e563753246a49019befc837ec4201a?s=96&d=mm&r=g\",\"url\":\"https:\\\/\\\/secure.gravatar.com\\\/avatar\\\/2c5722f58171cff738a8985ef0dd66b476e563753246a49019befc837ec4201a?s=96&d=mm&r=g\",\"contentUrl\":\"https:\\\/\\\/secure.gravatar.com\\\/avatar\\\/2c5722f58171cff738a8985ef0dd66b476e563753246a49019befc837ec4201a?s=96&d=mm&r=g\",\"caption\":\"Chloe Gauthier\"},\"description\":\"Passionn\u00e9e par la politique et admiratrice engag\u00e9e de la famille Macron, je consacre mon \u00e9nergie \u00e0 suivre leurs initiatives et \u00e0 promouvoir leurs id\u00e9es. \u00c0 32 ans, je suis convaincue que leur vision est porteuse d'avenir.\",\"url\":\"https:\\\/\\\/www.sebastien-auziere.fr\\\/blog\\\/author\\\/chloe-gauthier\\\/\"}]}<\/script>\n<!-- \/ Yoast SEO plugin. -->","yoast_head_json":{"title":"Brigitte Macron : \u00ab Piuttosto in cucina... \u00bb questo ruolo che il presidente avrebbe preso in considerazione per lei - Fan site S\u00e9bastien Auzi\u00e8re","description":"Brigitte Macron : \u00ab Plut\u00f4t en cuisine... \u00bb D\u00e9couvrez le r\u00f4le inattendu que le pr\u00e9sident aurait envisag\u00e9 pour elle dans les coulisses du pouvoir.","robots":{"index":"index","follow":"follow","max-snippet":"max-snippet:-1","max-image-preview":"max-image-preview:large","max-video-preview":"max-video-preview:-1"},"canonical":"https:\/\/www.sebastien-auziere.fr\/blog\/it\/brigitte-macron-piuttosto-in-cucina-questo-ruolo-che-il-presidente-avrebbe-preso-in-considerazione-per-lei\/","og_locale":"fr_FR","og_type":"article","og_title":"Brigitte Macron : \u00ab Piuttosto in cucina... \u00bb questo ruolo che il presidente avrebbe preso in considerazione per lei - Fan site S\u00e9bastien Auzi\u00e8re","og_description":"Brigitte Macron : \u00ab Plut\u00f4t en cuisine... \u00bb D\u00e9couvrez le r\u00f4le inattendu que le pr\u00e9sident aurait envisag\u00e9 pour elle dans les coulisses du pouvoir.","og_url":"https:\/\/www.sebastien-auziere.fr\/blog\/it\/brigitte-macron-piuttosto-in-cucina-questo-ruolo-che-il-presidente-avrebbe-preso-in-considerazione-per-lei\/","og_site_name":"Fan site S\u00e9bastien Auzi\u00e8re","article_published_time":"2026-04-23T07:08:13+00:00","article_modified_time":"2026-04-23T07:08:34+00:00","og_image":[{"width":2560,"height":1429,"url":"https:\/\/www.sebastien-auziere.fr\/blog\/wp-content\/uploads\/2026\/04\/Brigitte-Macron-Plutot-en-cuisine.-ce-role-que-le-president-aurait-envisage-pour-elle.jpg","type":"image\/jpeg"}],"author":"Chloe Gauthier","twitter_card":"summary_large_image","twitter_misc":{"\u00c9crit par":"Chloe Gauthier","Dur\u00e9e de lecture estim\u00e9e":"2 minutes"},"schema":{"@context":"https:\/\/schema.org","@graph":[{"@type":"Article","@id":"https:\/\/www.sebastien-auziere.fr\/blog\/it\/brigitte-macron-piuttosto-in-cucina-questo-ruolo-che-il-presidente-avrebbe-preso-in-considerazione-per-lei\/#article","isPartOf":{"@id":"https:\/\/www.sebastien-auziere.fr\/blog\/it\/brigitte-macron-piuttosto-in-cucina-questo-ruolo-che-il-presidente-avrebbe-preso-in-considerazione-per-lei\/"},"author":{"name":"Chloe Gauthier","@id":"https:\/\/www.sebastien-auziere.fr\/blog\/#\/schema\/person\/149f1acdbfd85149c6c3e59adeae2f4d"},"headline":"Brigitte Macron : \u00ab Piuttosto in cucina&#8230; \u00bb questo ruolo che il presidente avrebbe preso in considerazione per lei","datePublished":"2026-04-23T07:08:13+00:00","dateModified":"2026-04-23T07:08:34+00:00","mainEntityOfPage":{"@id":"https:\/\/www.sebastien-auziere.fr\/blog\/it\/brigitte-macron-piuttosto-in-cucina-questo-ruolo-che-il-presidente-avrebbe-preso-in-considerazione-per-lei\/"},"wordCount":452,"commentCount":0,"publisher":{"@id":"https:\/\/www.sebastien-auziere.fr\/blog\/#organization"},"image":{"@id":"https:\/\/www.sebastien-auziere.fr\/blog\/it\/brigitte-macron-piuttosto-in-cucina-questo-ruolo-che-il-presidente-avrebbe-preso-in-considerazione-per-lei\/#primaryimage"},"thumbnailUrl":"https:\/\/www.sebastien-auziere.fr\/blog\/wp-content\/uploads\/2026\/04\/Brigitte-Macron-Plutot-en-cuisine.-ce-role-que-le-president-aurait-envisage-pour-elle.jpg","keywords":["brigitte macron","coppia presidenziale","presidente emmanuel macron","privato delle politiche","ruolo in cucina"],"articleSection":["Actualit\u00e0"],"inLanguage":"fr-FR","potentialAction":[{"@type":"CommentAction","name":"Comment","target":["https:\/\/www.sebastien-auziere.fr\/blog\/it\/brigitte-macron-piuttosto-in-cucina-questo-ruolo-che-il-presidente-avrebbe-preso-in-considerazione-per-lei\/#respond"]}]},{"@type":"WebPage","@id":"https:\/\/www.sebastien-auziere.fr\/blog\/it\/brigitte-macron-piuttosto-in-cucina-questo-ruolo-che-il-presidente-avrebbe-preso-in-considerazione-per-lei\/","url":"https:\/\/www.sebastien-auziere.fr\/blog\/it\/brigitte-macron-piuttosto-in-cucina-questo-ruolo-che-il-presidente-avrebbe-preso-in-considerazione-per-lei\/","name":"Brigitte Macron : \u00ab Piuttosto in cucina... \u00bb questo ruolo che il presidente avrebbe preso in considerazione per lei - Fan site S\u00e9bastien Auzi\u00e8re","isPartOf":{"@id":"https:\/\/www.sebastien-auziere.fr\/blog\/#website"},"primaryImageOfPage":{"@id":"https:\/\/www.sebastien-auziere.fr\/blog\/it\/brigitte-macron-piuttosto-in-cucina-questo-ruolo-che-il-presidente-avrebbe-preso-in-considerazione-per-lei\/#primaryimage"},"image":{"@id":"https:\/\/www.sebastien-auziere.fr\/blog\/it\/brigitte-macron-piuttosto-in-cucina-questo-ruolo-che-il-presidente-avrebbe-preso-in-considerazione-per-lei\/#primaryimage"},"thumbnailUrl":"https:\/\/www.sebastien-auziere.fr\/blog\/wp-content\/uploads\/2026\/04\/Brigitte-Macron-Plutot-en-cuisine.-ce-role-que-le-president-aurait-envisage-pour-elle.jpg","datePublished":"2026-04-23T07:08:13+00:00","dateModified":"2026-04-23T07:08:34+00:00","description":"Brigitte Macron : \u00ab Plut\u00f4t en cuisine... \u00bb D\u00e9couvrez le r\u00f4le inattendu que le pr\u00e9sident aurait envisag\u00e9 pour elle dans les coulisses du pouvoir.","breadcrumb":{"@id":"https:\/\/www.sebastien-auziere.fr\/blog\/it\/brigitte-macron-piuttosto-in-cucina-questo-ruolo-che-il-presidente-avrebbe-preso-in-considerazione-per-lei\/#breadcrumb"},"inLanguage":"fr-FR","potentialAction":[{"@type":"ReadAction","target":["https:\/\/www.sebastien-auziere.fr\/blog\/it\/brigitte-macron-piuttosto-in-cucina-questo-ruolo-che-il-presidente-avrebbe-preso-in-considerazione-per-lei\/"]}]},{"@type":"ImageObject","inLanguage":"fr-FR","@id":"https:\/\/www.sebastien-auziere.fr\/blog\/it\/brigitte-macron-piuttosto-in-cucina-questo-ruolo-che-il-presidente-avrebbe-preso-in-considerazione-per-lei\/#primaryimage","url":"https:\/\/www.sebastien-auziere.fr\/blog\/wp-content\/uploads\/2026\/04\/Brigitte-Macron-Plutot-en-cuisine.-ce-role-que-le-president-aurait-envisage-pour-elle.jpg","contentUrl":"https:\/\/www.sebastien-auziere.fr\/blog\/wp-content\/uploads\/2026\/04\/Brigitte-Macron-Plutot-en-cuisine.-ce-role-que-le-president-aurait-envisage-pour-elle.jpg","width":2560,"height":1429,"caption":"d\u00e9couvrez le r\u00f4le que le pr\u00e9sident emmanuel macron aurait envisag\u00e9 pour brigitte macron, avec une touche d'humour autour de ses talents en cuisine."},{"@type":"BreadcrumbList","@id":"https:\/\/www.sebastien-auziere.fr\/blog\/it\/brigitte-macron-piuttosto-in-cucina-questo-ruolo-che-il-presidente-avrebbe-preso-in-considerazione-per-lei\/#breadcrumb","itemListElement":[{"@type":"ListItem","position":1,"name":"Home","item":"https:\/\/www.sebastien-auziere.fr\/blog\/"},{"@type":"ListItem","position":2,"name":"Brigitte Macron : \u00ab Piuttosto in cucina&#8230; \u00bb questo ruolo che il presidente avrebbe preso in considerazione per lei"}]},{"@type":"WebSite","@id":"https:\/\/www.sebastien-auziere.fr\/blog\/#website","url":"https:\/\/www.sebastien-auziere.fr\/blog\/","name":"Fan site S\u00e9bastien Auzi\u00e8re","description":"M\u00e9dia g\u00e9n\u00e9raliste","publisher":{"@id":"https:\/\/www.sebastien-auziere.fr\/blog\/#organization"},"potentialAction":[{"@type":"SearchAction","target":{"@type":"EntryPoint","urlTemplate":"https:\/\/www.sebastien-auziere.fr\/blog\/?s={search_term_string}"},"query-input":{"@type":"PropertyValueSpecification","valueRequired":true,"valueName":"search_term_string"}}],"inLanguage":"fr-FR"},{"@type":"Organization","@id":"https:\/\/www.sebastien-auziere.fr\/blog\/#organization","name":"Fan site S\u00e9bastien Auzi\u00e8re","url":"https:\/\/www.sebastien-auziere.fr\/blog\/","logo":{"@type":"ImageObject","inLanguage":"fr-FR","@id":"https:\/\/www.sebastien-auziere.fr\/blog\/#\/schema\/logo\/image\/","url":"https:\/\/www.sebastien-auziere.fr\/blog\/wp-content\/uploads\/2026\/03\/cropped-cropped-cropped-ChatGPT-Image-6-mars-2026-12_58_09-e1772798376794.jpg","contentUrl":"https:\/\/www.sebastien-auziere.fr\/blog\/wp-content\/uploads\/2026\/03\/cropped-cropped-cropped-ChatGPT-Image-6-mars-2026-12_58_09-e1772798376794.jpg","width":512,"height":360,"caption":"Fan site S\u00e9bastien Auzi\u00e8re"},"image":{"@id":"https:\/\/www.sebastien-auziere.fr\/blog\/#\/schema\/logo\/image\/"}},{"@type":"Person","@id":"https:\/\/www.sebastien-auziere.fr\/blog\/#\/schema\/person\/149f1acdbfd85149c6c3e59adeae2f4d","name":"Chloe Gauthier","image":{"@type":"ImageObject","inLanguage":"fr-FR","@id":"https:\/\/secure.gravatar.com\/avatar\/2c5722f58171cff738a8985ef0dd66b476e563753246a49019befc837ec4201a?s=96&d=mm&r=g","url":"https:\/\/secure.gravatar.com\/avatar\/2c5722f58171cff738a8985ef0dd66b476e563753246a49019befc837ec4201a?s=96&d=mm&r=g","contentUrl":"https:\/\/secure.gravatar.com\/avatar\/2c5722f58171cff738a8985ef0dd66b476e563753246a49019befc837ec4201a?s=96&d=mm&r=g","caption":"Chloe Gauthier"},"description":"Passionn\u00e9e par la politique et admiratrice engag\u00e9e de la famille Macron, je consacre mon \u00e9nergie \u00e0 suivre leurs initiatives et \u00e0 promouvoir leurs id\u00e9es. \u00c0 32 ans, je suis convaincue que leur vision est porteuse d'avenir.","url":"https:\/\/www.sebastien-auziere.fr\/blog\/author\/chloe-gauthier\/"}]}},"views":0,"_links":{"self":[{"href":"https:\/\/www.sebastien-auziere.fr\/blog\/wp-json\/wp\/v2\/posts\/3264","targetHints":{"allow":["GET"]}}],"collection":[{"href":"https:\/\/www.sebastien-auziere.fr\/blog\/wp-json\/wp\/v2\/posts"}],"about":[{"href":"https:\/\/www.sebastien-auziere.fr\/blog\/wp-json\/wp\/v2\/types\/post"}],"author":[{"embeddable":true,"href":"https:\/\/www.sebastien-auziere.fr\/blog\/wp-json\/wp\/v2\/users\/9"}],"replies":[{"embeddable":true,"href":"https:\/\/www.sebastien-auziere.fr\/blog\/wp-json\/wp\/v2\/comments?post=3264"}],"version-history":[{"count":1,"href":"https:\/\/www.sebastien-auziere.fr\/blog\/wp-json\/wp\/v2\/posts\/3264\/revisions"}],"predecessor-version":[{"id":3265,"href":"https:\/\/www.sebastien-auziere.fr\/blog\/wp-json\/wp\/v2\/posts\/3264\/revisions\/3265"}],"wp:featuredmedia":[{"embeddable":true,"href":"https:\/\/www.sebastien-auziere.fr\/blog\/wp-json\/wp\/v2\/media\/3256"}],"wp:attachment":[{"href":"https:\/\/www.sebastien-auziere.fr\/blog\/wp-json\/wp\/v2\/media?parent=3264"}],"wp:term":[{"taxonomy":"category","embeddable":true,"href":"https:\/\/www.sebastien-auziere.fr\/blog\/wp-json\/wp\/v2\/categories?post=3264"},{"taxonomy":"post_tag","embeddable":true,"href":"https:\/\/www.sebastien-auziere.fr\/blog\/wp-json\/wp\/v2\/tags?post=3264"}],"curies":[{"name":"wp","href":"https:\/\/api.w.org\/{rel}","templated":true}]}}