{"id":3262,"date":"2026-04-23T07:06:57","date_gmt":"2026-04-23T07:06:57","guid":{"rendered":"https:\/\/www.sebastien-auziere.fr\/blog\/?p=3262"},"modified":"2026-04-23T07:07:26","modified_gmt":"2026-04-23T07:07:26","slug":"brigitte-macron-eher-in-der-kuche-diese-rolle-die-der-prasident-fur-sie-in-betracht-gezogen-hatte","status":"publish","type":"post","link":"https:\/\/www.sebastien-auziere.fr\/blog\/de\/brigitte-macron-eher-in-der-kuche-diese-rolle-die-der-prasident-fur-sie-in-betracht-gezogen-hatte\/","title":{"rendered":"Brigitte Macron : \u00ab Eher in der K\u00fcche&#8230; \u00bb diese Rolle, die der Pr\u00e4sident f\u00fcr sie in Betracht gezogen h\u00e4tte"},"content":{"rendered":"<p>Welches \u00fcberraschende Bild: Im Jahr 2022 hat <strong>Emmanuel Macron<\/strong> zugegeben, sich \u201e<strong>eher in der K\u00fcche<\/strong>\u201c oder in der B\u00e4ckerei gesehen zu haben, und nicht als Schriftsteller. Hier wirst du entdecken, wie dieses Bekenntnis die Erwartungen von <strong>Brigitte Macron<\/strong> kreuzt und was diese m\u00f6gliche h\u00e4usliche Rolle im Herzen des <strong>\u00c9lys\u00e9e<\/strong> bedeutet.<\/p>\n\n<h2 class=\"wp-block-heading\">Emmanuel Macron: \u201eeher in der K\u00fcche\u201c und die Flucht eines Pr\u00e4sidenten<\/h2>\n\n<p>In einem Interview im Jahr 2022 erkannte <strong>der Pr\u00e4sident<\/strong> an, dass er sich einen handwerklicheren Lebensstil vorstellte und dabei <strong>K\u00fcche<\/strong> und B\u00e4ckerei eher als die Feder erw\u00e4hnte. Diese Aussage, die von der Presse verbreitet wurde, offenbart eine intime Facette eines Staatsoberhauptes, das oft als v\u00f6llig der <strong>Politik<\/strong> gewidmet wahrgenommen wird. Um mehr \u00fcber seine Vorlieben und Bekenntnisse zu erfahren, lies den Artikel \u00fcber <a href=\"https:\/\/www.mariefrance.fr\/culture\/emmanuel-macron-voici-son-plat-prefere-601821.html\">sein Lieblingsgericht<\/a>.<\/p>\n\n<h2 class=\"wp-block-heading\">Was Brigitte Macron f\u00fcr ihren Partner hoffte<\/h2>\n\n<p><strong>Brigitte Macron<\/strong> hat mehrfach angedeutet, dass sie sich ein k\u00fcnstlerisches Schicksal f\u00fcr ihren Mann vorgestellt hat, in der Annahme, dass er eher Schriftsteller oder K\u00fcnstler werde. Diese Erwartung zeigt die Diskrepanz zwischen dem Leben als Paar und dem Aufstieg zu nationalen Verantwortung. Der Platz der <strong>ersten Dame<\/strong> im Scheinwerferlicht illustriert, wie sehr die <strong>Pr\u00e4sidentenfamilie<\/strong> jede Wahl als \u00f6ffentliches Ereignis erlebt.<\/p>\n\n<h2 class=\"wp-block-heading\">Der Alltag im \u00c9lys\u00e9e: Rolle, Reden und Einfluss<\/h2>\n\n<p>Die Rolle der <strong>ersten Dame<\/strong> zu \u00fcbernehmen, war f\u00fcr Brigitte keine banale Entscheidung; sie gab zu, \u00fcberrascht gewesen zu sein von der medialen Intensit\u00e4t bei den beiden Ank\u00fcnften im <strong>\u00c9lys\u00e9e<\/strong> 2017 und 2022. Zwischen diskreten Ratschl\u00e4gen und Pr\u00e4senz bei den <strong>Reden<\/strong> verschiebt ihre Rolle die Grenzen zwischen Privatleben und \u00f6ffentlicher Mission und beeinflusst manchmal die Agenda der <strong>Regierung<\/strong>. Portr\u00e4ts in der Presse beschreiben diesen nuancierten Einfluss, insbesondere in der Boulevard- und Analysepresse.<\/p>\n\n<p>Du kannst einen Videoausschnitt sehen, der einen offiziellen Besuch und einige Hintergr\u00fcnde des Protokolls zeigt.<\/p>\n\n<h2 class=\"wp-block-heading\">Ger\u00fcchte, Justiz und externe Unterst\u00fctzung<\/h2>\n\n<p>Die <strong>Pr\u00e4sidentenfamilie<\/strong> hat hartn\u00e4ckigen, manchmal grotesken Ger\u00fcchten standgehalten, die Brigitte dazu brachten, die Justiz einzuschalten, um ihr Bild zu sch\u00fctzen. Der Fall hat sogar internationale Reaktionen ausgel\u00f6st, und externe Stimmen haben sich \u00f6ffentlich zu Wort gemeldet. Diese Episoden erinnern an die mediale Verwundbarkeit eines Paares an der Spitze des Staates und n\u00e4hren die Debatte \u00fcber den Respekt der Privatsph\u00e4re in Zeiten der <strong>Politik<\/strong>.<\/p>\n\n<p>Zur Erg\u00e4nzung erz\u00e4hlt ein Bericht von Anekdoten hinter den Kulissen, wie zum Beispiel dieser Moment, als der Koch improvisiert ein Gericht f\u00fcr das Pr\u00e4sidentenpaar zubereitete.<\/p>\n\n<p>Interessiert an mehr Informationen \u00fcber <strong>Brigitte Macron<\/strong>, ihren Stil und die Hintergr\u00fcnde der <strong>Pr\u00e4sidentenfamilie<\/strong>? Entdecke detaillierte Dossiers und Fotoberichte \u00fcber <a href=\"https:\/\/www.sebastien-auziere.fr\/blog\/brigitte-macron-robe-rouge\/\">ihre Garderobe<\/a> und das <a href=\"https:\/\/www.sebastien-auziere.fr\/blog\/brigitte-macron-villa-touquet\/\">Familienhaus in Touquet<\/a>, sowie weitere Artikel \u00fcber die \u00f6ffentliche Pr\u00e4senz der ersten Dame auf <a href=\"https:\/\/www.sebastien-auziere.fr\/blog\/brigitte-macron-73-ans\/\">sebastien-auziere.fr<\/a>. Dort findest du Portr\u00e4ts, wichtige Daten und Archive, um diese so besondere Rolle besser zu verstehen.<\/p>","protected":false},"excerpt":{"rendered":"<p>Welches \u00fcberraschende Bild: Im Jahr 2022 hat Emmanuel Macron zugegeben, sich \u201eeher in der K\u00fcche\u201c oder in der B\u00e4ckerei gesehen zu haben, und nicht als Schriftsteller. Hier wirst du entdecken, wie dieses Bekenntnis die Erwartungen von Brigitte Macron kreuzt und was diese m\u00f6gliche h\u00e4usliche Rolle im Herzen des \u00c9lys\u00e9e bedeutet. Emmanuel Macron: \u201eeher in der &#8230; <a title=\"Brigitte Macron : \u00ab Eher in der K\u00fcche&#8230; \u00bb diese Rolle, die der Pr\u00e4sident f\u00fcr sie in Betracht gezogen h\u00e4tte\" class=\"read-more\" href=\"https:\/\/www.sebastien-auziere.fr\/blog\/de\/brigitte-macron-eher-in-der-kuche-diese-rolle-die-der-prasident-fur-sie-in-betracht-gezogen-hatte\/\" aria-label=\"En savoir plus sur Brigitte Macron : \u00ab Eher in der K\u00fcche&#8230; \u00bb diese Rolle, die der Pr\u00e4sident f\u00fcr sie in Betracht gezogen h\u00e4tte\">Lire plus<\/a><\/p>\n","protected":false},"author":9,"featured_media":3256,"comment_status":"open","ping_status":"open","sticky":false,"template":"","format":"standard","meta":{"footnotes":""},"categories":[856],"tags":[929,4088,3180,4082,4085],"class_list":["post-3262","post","type-post","status-publish","format-standard","has-post-thumbnail","hentry","category-aktuelles-de","tag-brigitte-macron-de","tag-datenschutzrichtlinien-de","tag-ehepaarprasident-de","tag-prasident-emmanuel-macron-de","tag-role-in-der-kuche-de"],"yoast_head":"<!-- This site is optimized with the Yoast SEO plugin v27.5 - https:\/\/yoast.com\/product\/yoast-seo-wordpress\/ -->\n<title>Brigitte Macron : \u00ab Eher in der K\u00fcche... \u00bb diese Rolle, die der Pr\u00e4sident f\u00fcr sie in Betracht gezogen h\u00e4tte - Fan site S\u00e9bastien Auzi\u00e8re<\/title>\n<meta name=\"description\" content=\"Brigitte Macron : \u00ab Plut\u00f4t en cuisine... \u00bb D\u00e9couvrez le r\u00f4le inattendu que le pr\u00e9sident aurait envisag\u00e9 pour elle dans les coulisses du pouvoir.\" \/>\n<meta name=\"robots\" content=\"index, follow, max-snippet:-1, max-image-preview:large, max-video-preview:-1\" \/>\n<link rel=\"canonical\" href=\"https:\/\/www.sebastien-auziere.fr\/blog\/de\/brigitte-macron-eher-in-der-kuche-diese-rolle-die-der-prasident-fur-sie-in-betracht-gezogen-hatte\/\" \/>\n<meta property=\"og:locale\" content=\"fr_FR\" \/>\n<meta property=\"og:type\" content=\"article\" \/>\n<meta property=\"og:title\" content=\"Brigitte Macron : \u00ab Eher in der K\u00fcche... \u00bb diese Rolle, die der Pr\u00e4sident f\u00fcr sie in Betracht gezogen h\u00e4tte - Fan site S\u00e9bastien Auzi\u00e8re\" \/>\n<meta property=\"og:description\" content=\"Brigitte Macron : \u00ab Plut\u00f4t en cuisine... \u00bb D\u00e9couvrez le r\u00f4le inattendu que le pr\u00e9sident aurait envisag\u00e9 pour elle dans les coulisses du pouvoir.\" \/>\n<meta property=\"og:url\" content=\"https:\/\/www.sebastien-auziere.fr\/blog\/de\/brigitte-macron-eher-in-der-kuche-diese-rolle-die-der-prasident-fur-sie-in-betracht-gezogen-hatte\/\" \/>\n<meta property=\"og:site_name\" content=\"Fan site S\u00e9bastien Auzi\u00e8re\" \/>\n<meta property=\"article:published_time\" content=\"2026-04-23T07:06:57+00:00\" \/>\n<meta property=\"article:modified_time\" content=\"2026-04-23T07:07:26+00:00\" \/>\n<meta property=\"og:image\" content=\"https:\/\/www.sebastien-auziere.fr\/blog\/wp-content\/uploads\/2026\/04\/Brigitte-Macron-Plutot-en-cuisine.-ce-role-que-le-president-aurait-envisage-pour-elle.jpg\" \/>\n\t<meta property=\"og:image:width\" content=\"2560\" \/>\n\t<meta property=\"og:image:height\" content=\"1429\" \/>\n\t<meta property=\"og:image:type\" content=\"image\/jpeg\" \/>\n<meta name=\"author\" content=\"Chloe Gauthier\" \/>\n<meta name=\"twitter:card\" content=\"summary_large_image\" \/>\n<meta name=\"twitter:label1\" content=\"\u00c9crit par\" \/>\n\t<meta name=\"twitter:data1\" content=\"Chloe Gauthier\" \/>\n\t<meta name=\"twitter:label2\" content=\"Dur\u00e9e de lecture estim\u00e9e\" \/>\n\t<meta name=\"twitter:data2\" content=\"2 minutes\" \/>\n<script type=\"application\/ld+json\" class=\"yoast-schema-graph\">{\"@context\":\"https:\\\/\\\/schema.org\",\"@graph\":[{\"@type\":\"Article\",\"@id\":\"https:\\\/\\\/www.sebastien-auziere.fr\\\/blog\\\/de\\\/brigitte-macron-eher-in-der-kuche-diese-rolle-die-der-prasident-fur-sie-in-betracht-gezogen-hatte\\\/#article\",\"isPartOf\":{\"@id\":\"https:\\\/\\\/www.sebastien-auziere.fr\\\/blog\\\/de\\\/brigitte-macron-eher-in-der-kuche-diese-rolle-die-der-prasident-fur-sie-in-betracht-gezogen-hatte\\\/\"},\"author\":{\"name\":\"Chloe Gauthier\",\"@id\":\"https:\\\/\\\/www.sebastien-auziere.fr\\\/blog\\\/#\\\/schema\\\/person\\\/149f1acdbfd85149c6c3e59adeae2f4d\"},\"headline\":\"Brigitte Macron : \u00ab Eher in der K\u00fcche&#8230; \u00bb diese Rolle, die der Pr\u00e4sident f\u00fcr sie in Betracht gezogen h\u00e4tte\",\"datePublished\":\"2026-04-23T07:06:57+00:00\",\"dateModified\":\"2026-04-23T07:07:26+00:00\",\"mainEntityOfPage\":{\"@id\":\"https:\\\/\\\/www.sebastien-auziere.fr\\\/blog\\\/de\\\/brigitte-macron-eher-in-der-kuche-diese-rolle-die-der-prasident-fur-sie-in-betracht-gezogen-hatte\\\/\"},\"wordCount\":497,\"commentCount\":0,\"publisher\":{\"@id\":\"https:\\\/\\\/www.sebastien-auziere.fr\\\/blog\\\/#organization\"},\"image\":{\"@id\":\"https:\\\/\\\/www.sebastien-auziere.fr\\\/blog\\\/de\\\/brigitte-macron-eher-in-der-kuche-diese-rolle-die-der-prasident-fur-sie-in-betracht-gezogen-hatte\\\/#primaryimage\"},\"thumbnailUrl\":\"https:\\\/\\\/www.sebastien-auziere.fr\\\/blog\\\/wp-content\\\/uploads\\\/2026\\\/04\\\/Brigitte-Macron-Plutot-en-cuisine.-ce-role-que-le-president-aurait-envisage-pour-elle.jpg\",\"keywords\":[\"brigitte macron\",\"datenschutzrichtlinien\",\"Ehepaarpr\u00e4sident\",\"pr\u00e4sident emmanuel macron\",\"r\u00f4le in der K\u00fcche\"],\"articleSection\":[\"Aktuelles\"],\"inLanguage\":\"fr-FR\",\"potentialAction\":[{\"@type\":\"CommentAction\",\"name\":\"Comment\",\"target\":[\"https:\\\/\\\/www.sebastien-auziere.fr\\\/blog\\\/de\\\/brigitte-macron-eher-in-der-kuche-diese-rolle-die-der-prasident-fur-sie-in-betracht-gezogen-hatte\\\/#respond\"]}]},{\"@type\":\"WebPage\",\"@id\":\"https:\\\/\\\/www.sebastien-auziere.fr\\\/blog\\\/de\\\/brigitte-macron-eher-in-der-kuche-diese-rolle-die-der-prasident-fur-sie-in-betracht-gezogen-hatte\\\/\",\"url\":\"https:\\\/\\\/www.sebastien-auziere.fr\\\/blog\\\/de\\\/brigitte-macron-eher-in-der-kuche-diese-rolle-die-der-prasident-fur-sie-in-betracht-gezogen-hatte\\\/\",\"name\":\"Brigitte Macron : \u00ab Eher in der K\u00fcche... \u00bb diese Rolle, die der Pr\u00e4sident f\u00fcr sie in Betracht gezogen h\u00e4tte - Fan site S\u00e9bastien Auzi\u00e8re\",\"isPartOf\":{\"@id\":\"https:\\\/\\\/www.sebastien-auziere.fr\\\/blog\\\/#website\"},\"primaryImageOfPage\":{\"@id\":\"https:\\\/\\\/www.sebastien-auziere.fr\\\/blog\\\/de\\\/brigitte-macron-eher-in-der-kuche-diese-rolle-die-der-prasident-fur-sie-in-betracht-gezogen-hatte\\\/#primaryimage\"},\"image\":{\"@id\":\"https:\\\/\\\/www.sebastien-auziere.fr\\\/blog\\\/de\\\/brigitte-macron-eher-in-der-kuche-diese-rolle-die-der-prasident-fur-sie-in-betracht-gezogen-hatte\\\/#primaryimage\"},\"thumbnailUrl\":\"https:\\\/\\\/www.sebastien-auziere.fr\\\/blog\\\/wp-content\\\/uploads\\\/2026\\\/04\\\/Brigitte-Macron-Plutot-en-cuisine.-ce-role-que-le-president-aurait-envisage-pour-elle.jpg\",\"datePublished\":\"2026-04-23T07:06:57+00:00\",\"dateModified\":\"2026-04-23T07:07:26+00:00\",\"description\":\"Brigitte Macron : \u00ab Plut\u00f4t en cuisine... \u00bb D\u00e9couvrez le r\u00f4le inattendu que le pr\u00e9sident aurait envisag\u00e9 pour elle dans les coulisses du pouvoir.\",\"breadcrumb\":{\"@id\":\"https:\\\/\\\/www.sebastien-auziere.fr\\\/blog\\\/de\\\/brigitte-macron-eher-in-der-kuche-diese-rolle-die-der-prasident-fur-sie-in-betracht-gezogen-hatte\\\/#breadcrumb\"},\"inLanguage\":\"fr-FR\",\"potentialAction\":[{\"@type\":\"ReadAction\",\"target\":[\"https:\\\/\\\/www.sebastien-auziere.fr\\\/blog\\\/de\\\/brigitte-macron-eher-in-der-kuche-diese-rolle-die-der-prasident-fur-sie-in-betracht-gezogen-hatte\\\/\"]}]},{\"@type\":\"ImageObject\",\"inLanguage\":\"fr-FR\",\"@id\":\"https:\\\/\\\/www.sebastien-auziere.fr\\\/blog\\\/de\\\/brigitte-macron-eher-in-der-kuche-diese-rolle-die-der-prasident-fur-sie-in-betracht-gezogen-hatte\\\/#primaryimage\",\"url\":\"https:\\\/\\\/www.sebastien-auziere.fr\\\/blog\\\/wp-content\\\/uploads\\\/2026\\\/04\\\/Brigitte-Macron-Plutot-en-cuisine.-ce-role-que-le-president-aurait-envisage-pour-elle.jpg\",\"contentUrl\":\"https:\\\/\\\/www.sebastien-auziere.fr\\\/blog\\\/wp-content\\\/uploads\\\/2026\\\/04\\\/Brigitte-Macron-Plutot-en-cuisine.-ce-role-que-le-president-aurait-envisage-pour-elle.jpg\",\"width\":2560,\"height\":1429,\"caption\":\"d\u00e9couvrez le r\u00f4le que le pr\u00e9sident emmanuel macron aurait envisag\u00e9 pour brigitte macron, avec une touche d'humour autour de ses talents en cuisine.\"},{\"@type\":\"BreadcrumbList\",\"@id\":\"https:\\\/\\\/www.sebastien-auziere.fr\\\/blog\\\/de\\\/brigitte-macron-eher-in-der-kuche-diese-rolle-die-der-prasident-fur-sie-in-betracht-gezogen-hatte\\\/#breadcrumb\",\"itemListElement\":[{\"@type\":\"ListItem\",\"position\":1,\"name\":\"Home\",\"item\":\"https:\\\/\\\/www.sebastien-auziere.fr\\\/blog\\\/\"},{\"@type\":\"ListItem\",\"position\":2,\"name\":\"Brigitte Macron : \u00ab Eher in der K\u00fcche&#8230; \u00bb diese Rolle, die der Pr\u00e4sident f\u00fcr sie in Betracht gezogen h\u00e4tte\"}]},{\"@type\":\"WebSite\",\"@id\":\"https:\\\/\\\/www.sebastien-auziere.fr\\\/blog\\\/#website\",\"url\":\"https:\\\/\\\/www.sebastien-auziere.fr\\\/blog\\\/\",\"name\":\"Fan site S\u00e9bastien Auzi\u00e8re\",\"description\":\"M\u00e9dia g\u00e9n\u00e9raliste\",\"publisher\":{\"@id\":\"https:\\\/\\\/www.sebastien-auziere.fr\\\/blog\\\/#organization\"},\"potentialAction\":[{\"@type\":\"SearchAction\",\"target\":{\"@type\":\"EntryPoint\",\"urlTemplate\":\"https:\\\/\\\/www.sebastien-auziere.fr\\\/blog\\\/?s={search_term_string}\"},\"query-input\":{\"@type\":\"PropertyValueSpecification\",\"valueRequired\":true,\"valueName\":\"search_term_string\"}}],\"inLanguage\":\"fr-FR\"},{\"@type\":\"Organization\",\"@id\":\"https:\\\/\\\/www.sebastien-auziere.fr\\\/blog\\\/#organization\",\"name\":\"Fan site S\u00e9bastien Auzi\u00e8re\",\"url\":\"https:\\\/\\\/www.sebastien-auziere.fr\\\/blog\\\/\",\"logo\":{\"@type\":\"ImageObject\",\"inLanguage\":\"fr-FR\",\"@id\":\"https:\\\/\\\/www.sebastien-auziere.fr\\\/blog\\\/#\\\/schema\\\/logo\\\/image\\\/\",\"url\":\"https:\\\/\\\/www.sebastien-auziere.fr\\\/blog\\\/wp-content\\\/uploads\\\/2026\\\/03\\\/cropped-cropped-cropped-ChatGPT-Image-6-mars-2026-12_58_09-e1772798376794.jpg\",\"contentUrl\":\"https:\\\/\\\/www.sebastien-auziere.fr\\\/blog\\\/wp-content\\\/uploads\\\/2026\\\/03\\\/cropped-cropped-cropped-ChatGPT-Image-6-mars-2026-12_58_09-e1772798376794.jpg\",\"width\":512,\"height\":360,\"caption\":\"Fan site S\u00e9bastien Auzi\u00e8re\"},\"image\":{\"@id\":\"https:\\\/\\\/www.sebastien-auziere.fr\\\/blog\\\/#\\\/schema\\\/logo\\\/image\\\/\"}},{\"@type\":\"Person\",\"@id\":\"https:\\\/\\\/www.sebastien-auziere.fr\\\/blog\\\/#\\\/schema\\\/person\\\/149f1acdbfd85149c6c3e59adeae2f4d\",\"name\":\"Chloe Gauthier\",\"image\":{\"@type\":\"ImageObject\",\"inLanguage\":\"fr-FR\",\"@id\":\"https:\\\/\\\/secure.gravatar.com\\\/avatar\\\/2c5722f58171cff738a8985ef0dd66b476e563753246a49019befc837ec4201a?s=96&d=mm&r=g\",\"url\":\"https:\\\/\\\/secure.gravatar.com\\\/avatar\\\/2c5722f58171cff738a8985ef0dd66b476e563753246a49019befc837ec4201a?s=96&d=mm&r=g\",\"contentUrl\":\"https:\\\/\\\/secure.gravatar.com\\\/avatar\\\/2c5722f58171cff738a8985ef0dd66b476e563753246a49019befc837ec4201a?s=96&d=mm&r=g\",\"caption\":\"Chloe Gauthier\"},\"description\":\"Passionn\u00e9e par la politique et admiratrice engag\u00e9e de la famille Macron, je consacre mon \u00e9nergie \u00e0 suivre leurs initiatives et \u00e0 promouvoir leurs id\u00e9es. \u00c0 32 ans, je suis convaincue que leur vision est porteuse d'avenir.\",\"url\":\"https:\\\/\\\/www.sebastien-auziere.fr\\\/blog\\\/author\\\/chloe-gauthier\\\/\"}]}<\/script>\n<!-- \/ Yoast SEO plugin. -->","yoast_head_json":{"title":"Brigitte Macron : \u00ab Eher in der K\u00fcche... \u00bb diese Rolle, die der Pr\u00e4sident f\u00fcr sie in Betracht gezogen h\u00e4tte - Fan site S\u00e9bastien Auzi\u00e8re","description":"Brigitte Macron : \u00ab Plut\u00f4t en cuisine... \u00bb D\u00e9couvrez le r\u00f4le inattendu que le pr\u00e9sident aurait envisag\u00e9 pour elle dans les coulisses du pouvoir.","robots":{"index":"index","follow":"follow","max-snippet":"max-snippet:-1","max-image-preview":"max-image-preview:large","max-video-preview":"max-video-preview:-1"},"canonical":"https:\/\/www.sebastien-auziere.fr\/blog\/de\/brigitte-macron-eher-in-der-kuche-diese-rolle-die-der-prasident-fur-sie-in-betracht-gezogen-hatte\/","og_locale":"fr_FR","og_type":"article","og_title":"Brigitte Macron : \u00ab Eher in der K\u00fcche... \u00bb diese Rolle, die der Pr\u00e4sident f\u00fcr sie in Betracht gezogen h\u00e4tte - Fan site S\u00e9bastien Auzi\u00e8re","og_description":"Brigitte Macron : \u00ab Plut\u00f4t en cuisine... \u00bb D\u00e9couvrez le r\u00f4le inattendu que le pr\u00e9sident aurait envisag\u00e9 pour elle dans les coulisses du pouvoir.","og_url":"https:\/\/www.sebastien-auziere.fr\/blog\/de\/brigitte-macron-eher-in-der-kuche-diese-rolle-die-der-prasident-fur-sie-in-betracht-gezogen-hatte\/","og_site_name":"Fan site S\u00e9bastien Auzi\u00e8re","article_published_time":"2026-04-23T07:06:57+00:00","article_modified_time":"2026-04-23T07:07:26+00:00","og_image":[{"width":2560,"height":1429,"url":"https:\/\/www.sebastien-auziere.fr\/blog\/wp-content\/uploads\/2026\/04\/Brigitte-Macron-Plutot-en-cuisine.-ce-role-que-le-president-aurait-envisage-pour-elle.jpg","type":"image\/jpeg"}],"author":"Chloe Gauthier","twitter_card":"summary_large_image","twitter_misc":{"\u00c9crit par":"Chloe Gauthier","Dur\u00e9e de lecture estim\u00e9e":"2 minutes"},"schema":{"@context":"https:\/\/schema.org","@graph":[{"@type":"Article","@id":"https:\/\/www.sebastien-auziere.fr\/blog\/de\/brigitte-macron-eher-in-der-kuche-diese-rolle-die-der-prasident-fur-sie-in-betracht-gezogen-hatte\/#article","isPartOf":{"@id":"https:\/\/www.sebastien-auziere.fr\/blog\/de\/brigitte-macron-eher-in-der-kuche-diese-rolle-die-der-prasident-fur-sie-in-betracht-gezogen-hatte\/"},"author":{"name":"Chloe Gauthier","@id":"https:\/\/www.sebastien-auziere.fr\/blog\/#\/schema\/person\/149f1acdbfd85149c6c3e59adeae2f4d"},"headline":"Brigitte Macron : \u00ab Eher in der K\u00fcche&#8230; \u00bb diese Rolle, die der Pr\u00e4sident f\u00fcr sie in Betracht gezogen h\u00e4tte","datePublished":"2026-04-23T07:06:57+00:00","dateModified":"2026-04-23T07:07:26+00:00","mainEntityOfPage":{"@id":"https:\/\/www.sebastien-auziere.fr\/blog\/de\/brigitte-macron-eher-in-der-kuche-diese-rolle-die-der-prasident-fur-sie-in-betracht-gezogen-hatte\/"},"wordCount":497,"commentCount":0,"publisher":{"@id":"https:\/\/www.sebastien-auziere.fr\/blog\/#organization"},"image":{"@id":"https:\/\/www.sebastien-auziere.fr\/blog\/de\/brigitte-macron-eher-in-der-kuche-diese-rolle-die-der-prasident-fur-sie-in-betracht-gezogen-hatte\/#primaryimage"},"thumbnailUrl":"https:\/\/www.sebastien-auziere.fr\/blog\/wp-content\/uploads\/2026\/04\/Brigitte-Macron-Plutot-en-cuisine.-ce-role-que-le-president-aurait-envisage-pour-elle.jpg","keywords":["brigitte macron","datenschutzrichtlinien","Ehepaarpr\u00e4sident","pr\u00e4sident emmanuel macron","r\u00f4le in der K\u00fcche"],"articleSection":["Aktuelles"],"inLanguage":"fr-FR","potentialAction":[{"@type":"CommentAction","name":"Comment","target":["https:\/\/www.sebastien-auziere.fr\/blog\/de\/brigitte-macron-eher-in-der-kuche-diese-rolle-die-der-prasident-fur-sie-in-betracht-gezogen-hatte\/#respond"]}]},{"@type":"WebPage","@id":"https:\/\/www.sebastien-auziere.fr\/blog\/de\/brigitte-macron-eher-in-der-kuche-diese-rolle-die-der-prasident-fur-sie-in-betracht-gezogen-hatte\/","url":"https:\/\/www.sebastien-auziere.fr\/blog\/de\/brigitte-macron-eher-in-der-kuche-diese-rolle-die-der-prasident-fur-sie-in-betracht-gezogen-hatte\/","name":"Brigitte Macron : \u00ab Eher in der K\u00fcche... \u00bb diese Rolle, die der Pr\u00e4sident f\u00fcr sie in Betracht gezogen h\u00e4tte - Fan site S\u00e9bastien Auzi\u00e8re","isPartOf":{"@id":"https:\/\/www.sebastien-auziere.fr\/blog\/#website"},"primaryImageOfPage":{"@id":"https:\/\/www.sebastien-auziere.fr\/blog\/de\/brigitte-macron-eher-in-der-kuche-diese-rolle-die-der-prasident-fur-sie-in-betracht-gezogen-hatte\/#primaryimage"},"image":{"@id":"https:\/\/www.sebastien-auziere.fr\/blog\/de\/brigitte-macron-eher-in-der-kuche-diese-rolle-die-der-prasident-fur-sie-in-betracht-gezogen-hatte\/#primaryimage"},"thumbnailUrl":"https:\/\/www.sebastien-auziere.fr\/blog\/wp-content\/uploads\/2026\/04\/Brigitte-Macron-Plutot-en-cuisine.-ce-role-que-le-president-aurait-envisage-pour-elle.jpg","datePublished":"2026-04-23T07:06:57+00:00","dateModified":"2026-04-23T07:07:26+00:00","description":"Brigitte Macron : \u00ab Plut\u00f4t en cuisine... \u00bb D\u00e9couvrez le r\u00f4le inattendu que le pr\u00e9sident aurait envisag\u00e9 pour elle dans les coulisses du pouvoir.","breadcrumb":{"@id":"https:\/\/www.sebastien-auziere.fr\/blog\/de\/brigitte-macron-eher-in-der-kuche-diese-rolle-die-der-prasident-fur-sie-in-betracht-gezogen-hatte\/#breadcrumb"},"inLanguage":"fr-FR","potentialAction":[{"@type":"ReadAction","target":["https:\/\/www.sebastien-auziere.fr\/blog\/de\/brigitte-macron-eher-in-der-kuche-diese-rolle-die-der-prasident-fur-sie-in-betracht-gezogen-hatte\/"]}]},{"@type":"ImageObject","inLanguage":"fr-FR","@id":"https:\/\/www.sebastien-auziere.fr\/blog\/de\/brigitte-macron-eher-in-der-kuche-diese-rolle-die-der-prasident-fur-sie-in-betracht-gezogen-hatte\/#primaryimage","url":"https:\/\/www.sebastien-auziere.fr\/blog\/wp-content\/uploads\/2026\/04\/Brigitte-Macron-Plutot-en-cuisine.-ce-role-que-le-president-aurait-envisage-pour-elle.jpg","contentUrl":"https:\/\/www.sebastien-auziere.fr\/blog\/wp-content\/uploads\/2026\/04\/Brigitte-Macron-Plutot-en-cuisine.-ce-role-que-le-president-aurait-envisage-pour-elle.jpg","width":2560,"height":1429,"caption":"d\u00e9couvrez le r\u00f4le que le pr\u00e9sident emmanuel macron aurait envisag\u00e9 pour brigitte macron, avec une touche d'humour autour de ses talents en cuisine."},{"@type":"BreadcrumbList","@id":"https:\/\/www.sebastien-auziere.fr\/blog\/de\/brigitte-macron-eher-in-der-kuche-diese-rolle-die-der-prasident-fur-sie-in-betracht-gezogen-hatte\/#breadcrumb","itemListElement":[{"@type":"ListItem","position":1,"name":"Home","item":"https:\/\/www.sebastien-auziere.fr\/blog\/"},{"@type":"ListItem","position":2,"name":"Brigitte Macron : \u00ab Eher in der K\u00fcche&#8230; \u00bb diese Rolle, die der Pr\u00e4sident f\u00fcr sie in Betracht gezogen h\u00e4tte"}]},{"@type":"WebSite","@id":"https:\/\/www.sebastien-auziere.fr\/blog\/#website","url":"https:\/\/www.sebastien-auziere.fr\/blog\/","name":"Fan site S\u00e9bastien Auzi\u00e8re","description":"M\u00e9dia g\u00e9n\u00e9raliste","publisher":{"@id":"https:\/\/www.sebastien-auziere.fr\/blog\/#organization"},"potentialAction":[{"@type":"SearchAction","target":{"@type":"EntryPoint","urlTemplate":"https:\/\/www.sebastien-auziere.fr\/blog\/?s={search_term_string}"},"query-input":{"@type":"PropertyValueSpecification","valueRequired":true,"valueName":"search_term_string"}}],"inLanguage":"fr-FR"},{"@type":"Organization","@id":"https:\/\/www.sebastien-auziere.fr\/blog\/#organization","name":"Fan site S\u00e9bastien Auzi\u00e8re","url":"https:\/\/www.sebastien-auziere.fr\/blog\/","logo":{"@type":"ImageObject","inLanguage":"fr-FR","@id":"https:\/\/www.sebastien-auziere.fr\/blog\/#\/schema\/logo\/image\/","url":"https:\/\/www.sebastien-auziere.fr\/blog\/wp-content\/uploads\/2026\/03\/cropped-cropped-cropped-ChatGPT-Image-6-mars-2026-12_58_09-e1772798376794.jpg","contentUrl":"https:\/\/www.sebastien-auziere.fr\/blog\/wp-content\/uploads\/2026\/03\/cropped-cropped-cropped-ChatGPT-Image-6-mars-2026-12_58_09-e1772798376794.jpg","width":512,"height":360,"caption":"Fan site S\u00e9bastien Auzi\u00e8re"},"image":{"@id":"https:\/\/www.sebastien-auziere.fr\/blog\/#\/schema\/logo\/image\/"}},{"@type":"Person","@id":"https:\/\/www.sebastien-auziere.fr\/blog\/#\/schema\/person\/149f1acdbfd85149c6c3e59adeae2f4d","name":"Chloe Gauthier","image":{"@type":"ImageObject","inLanguage":"fr-FR","@id":"https:\/\/secure.gravatar.com\/avatar\/2c5722f58171cff738a8985ef0dd66b476e563753246a49019befc837ec4201a?s=96&d=mm&r=g","url":"https:\/\/secure.gravatar.com\/avatar\/2c5722f58171cff738a8985ef0dd66b476e563753246a49019befc837ec4201a?s=96&d=mm&r=g","contentUrl":"https:\/\/secure.gravatar.com\/avatar\/2c5722f58171cff738a8985ef0dd66b476e563753246a49019befc837ec4201a?s=96&d=mm&r=g","caption":"Chloe Gauthier"},"description":"Passionn\u00e9e par la politique et admiratrice engag\u00e9e de la famille Macron, je consacre mon \u00e9nergie \u00e0 suivre leurs initiatives et \u00e0 promouvoir leurs id\u00e9es. \u00c0 32 ans, je suis convaincue que leur vision est porteuse d'avenir.","url":"https:\/\/www.sebastien-auziere.fr\/blog\/author\/chloe-gauthier\/"}]}},"views":1,"_links":{"self":[{"href":"https:\/\/www.sebastien-auziere.fr\/blog\/wp-json\/wp\/v2\/posts\/3262","targetHints":{"allow":["GET"]}}],"collection":[{"href":"https:\/\/www.sebastien-auziere.fr\/blog\/wp-json\/wp\/v2\/posts"}],"about":[{"href":"https:\/\/www.sebastien-auziere.fr\/blog\/wp-json\/wp\/v2\/types\/post"}],"author":[{"embeddable":true,"href":"https:\/\/www.sebastien-auziere.fr\/blog\/wp-json\/wp\/v2\/users\/9"}],"replies":[{"embeddable":true,"href":"https:\/\/www.sebastien-auziere.fr\/blog\/wp-json\/wp\/v2\/comments?post=3262"}],"version-history":[{"count":1,"href":"https:\/\/www.sebastien-auziere.fr\/blog\/wp-json\/wp\/v2\/posts\/3262\/revisions"}],"predecessor-version":[{"id":3263,"href":"https:\/\/www.sebastien-auziere.fr\/blog\/wp-json\/wp\/v2\/posts\/3262\/revisions\/3263"}],"wp:featuredmedia":[{"embeddable":true,"href":"https:\/\/www.sebastien-auziere.fr\/blog\/wp-json\/wp\/v2\/media\/3256"}],"wp:attachment":[{"href":"https:\/\/www.sebastien-auziere.fr\/blog\/wp-json\/wp\/v2\/media?parent=3262"}],"wp:term":[{"taxonomy":"category","embeddable":true,"href":"https:\/\/www.sebastien-auziere.fr\/blog\/wp-json\/wp\/v2\/categories?post=3262"},{"taxonomy":"post_tag","embeddable":true,"href":"https:\/\/www.sebastien-auziere.fr\/blog\/wp-json\/wp\/v2\/tags?post=3262"}],"curies":[{"name":"wp","href":"https:\/\/api.w.org\/{rel}","templated":true}]}}