{"id":3260,"date":"2026-04-23T07:06:04","date_gmt":"2026-04-23T07:06:04","guid":{"rendered":"https:\/\/www.sebastien-auziere.fr\/blog\/?p=3260"},"modified":"2026-04-23T07:06:27","modified_gmt":"2026-04-23T07:06:27","slug":"brigitte-macron-mas-bien-en-la-cocina-este-papel-que-el-presidente-habria-contemplado-para-ella","status":"publish","type":"post","link":"https:\/\/www.sebastien-auziere.fr\/blog\/es\/brigitte-macron-mas-bien-en-la-cocina-este-papel-que-el-presidente-habria-contemplado-para-ella\/","title":{"rendered":"Brigitte Macron : \u00ab M\u00e1s bien en la cocina&#8230; \u00bb este papel que el presidente habr\u00eda contemplado para ella"},"content":{"rendered":"<p>Qu\u00e9 imagen sorprendente: en 2022 <strong>Emmanuel Macron<\/strong> confes\u00f3 haberse visto \u00ab <strong>m\u00e1s bien en la cocina<\/strong> \u00bb o en la panader\u00eda, y no como escritor. Aqu\u00ed descubrir\u00e1s c\u00f3mo esta confidencia se cruza con las expectativas de <strong>Brigitte Macron<\/strong> y lo que significa este posible rol dom\u00e9stico en el coraz\u00f3n del <strong>El\u00edseo<\/strong>.<\/p>\n\n<h2 class=\"wp-block-heading\">Emmanuel Macron: \u00ab m\u00e1s bien en la cocina \u00bb y la evasi\u00f3n de un presidente<\/h2>\n\n<p>Durante una entrevista en 2022, <strong>el presidente<\/strong> reconoci\u00f3 que se imaginaba un ritmo de vida m\u00e1s artesanal, mencionando la <strong>cocina<\/strong> y la panader\u00eda en lugar de la pluma. Esta declaraci\u00f3n, difundida por la prensa, revela un aspecto \u00edntimo de un jefe de Estado a menudo percibido como completamente dedicado a la <strong>pol\u00edtica<\/strong>. Para saber m\u00e1s sobre sus gustos y confidencias, consulta el art\u00edculo sobre <a href=\"https:\/\/www.mariefrance.fr\/culture\/emmanuel-macron-voici-son-plat-prefere-601821.html\">su plato favorito<\/a>.<\/p>\n\n<h2 class=\"wp-block-heading\">Lo que Brigitte Macron esperaba para su compa\u00f1ero<\/h2>\n\n<p><strong>Brigitte Macron<\/strong> ha dejado entrever en varias ocasiones que imaginaba un destino art\u00edstico para su marido, pensando que m\u00e1s bien ser\u00eda escritor o artista. Esta expectativa muestra la discrepancia entre la vida de pareja y la asunci\u00f3n de responsabilidades nacionales. El lugar de la <strong>primera dama<\/strong> frente a los focos ilustra cu\u00e1nto vive la <strong>familia presidencial<\/strong> cada elecci\u00f3n como un evento p\u00fablico.<\/p>\n\n<h2 class=\"wp-block-heading\">La vida cotidiana en el El\u00edseo: rol, discurso e influencia<\/h2>\n\n<p>Asumir el papel de <strong>primera dama<\/strong> no ha sido una elecci\u00f3n trivial para Brigitte; ella ha admitido estar sorprendida por la intensidad medi\u00e1tica durante las dos llegadas al <strong>El\u00edseo<\/strong> en 2017 y 2022. Entre consejos discretos y su presencia durante los <strong>discursos<\/strong>, su rol sacude las fronteras entre la vida privada y la misi\u00f3n p\u00fablica, y a veces influye en la agenda del <strong>gobierno<\/strong>. Retratos de la prensa describen esta influencia matizada, especialmente en la prensa del coraz\u00f3n y de an\u00e1lisis.<\/p>\n\n<p>Puedes ver un extracto en video que muestra una visita oficial y algunas entrel\u00edneas del protocolo.<\/p>\n\n<h2 class=\"wp-block-heading\">Rumores, justicia y apoyo externo<\/h2>\n\n<p>La <strong>familia presidencial<\/strong> ha enfrentado rumores persistentes, a veces grotescos, que llevaron a Brigitte a recurrir a la justicia para proteger su imagen. El asunto incluso suscit\u00f3 reacciones internacionales, y voces externas se manifestaron p\u00fablicamente. Estos episodios recuerdan la vulnerabilidad medi\u00e1tica de una pareja en la cima del Estado y alimentan el debate sobre el respeto a la privacidad en tiempos de <strong>pol\u00edtica<\/strong>.<\/p>\n\n<p>Para completar, un reportaje narra an\u00e9cdotas del tras c\u00e1mara, como aquella vez en que el chef improvis\u00f3 un plato para la pareja presidencial.<\/p>\n\n<p>\u00bfTienes ganas de saber m\u00e1s sobre <strong>Brigitte Macron<\/strong>, su estilo y los entresijos de la <strong>familia presidencial<\/strong>? Descubre informes detallados y galer\u00edas de fotos sobre <a href=\"https:\/\/www.sebastien-auziere.fr\/blog\/brigitte-macron-robe-rouge\/\">su guardarropa<\/a> y la <a href=\"https:\/\/www.sebastien-auziere.fr\/blog\/brigitte-macron-villa-touquet\/\">casa familiar en Touquet<\/a>, as\u00ed como otros art\u00edculos dedicados a la presencia p\u00fablica de la primera dama en <a href=\"https:\/\/www.sebastien-auziere.fr\/blog\/brigitte-macron-73-ans\/\">sebastien-auziere.fr<\/a>. All\u00ed encontrar\u00e1s retratos, fechas clave y archivos para comprender mejor este rol tan singular.<\/p>","protected":false},"excerpt":{"rendered":"<p>Qu\u00e9 imagen sorprendente: en 2022 Emmanuel Macron confes\u00f3 haberse visto \u00ab m\u00e1s bien en la cocina \u00bb o en la panader\u00eda, y no como escritor. Aqu\u00ed descubrir\u00e1s c\u00f3mo esta confidencia se cruza con las expectativas de Brigitte Macron y lo que significa este posible rol dom\u00e9stico en el coraz\u00f3n del El\u00edseo. Emmanuel Macron: \u00ab m\u00e1s &#8230; <a title=\"Brigitte Macron : \u00ab M\u00e1s bien en la cocina&#8230; \u00bb este papel que el presidente habr\u00eda contemplado para ella\" class=\"read-more\" href=\"https:\/\/www.sebastien-auziere.fr\/blog\/es\/brigitte-macron-mas-bien-en-la-cocina-este-papel-que-el-presidente-habria-contemplado-para-ella\/\" aria-label=\"En savoir plus sur Brigitte Macron : \u00ab M\u00e1s bien en la cocina&#8230; \u00bb este papel que el presidente habr\u00eda contemplado para ella\">Lire plus<\/a><\/p>\n","protected":false},"author":9,"featured_media":3256,"comment_status":"open","ping_status":"open","sticky":false,"template":"","format":"standard","meta":{"footnotes":""},"categories":[820],"tags":[914,3168,4079,4073,4076],"class_list":["post-3260","post","type-post","status-publish","format-standard","has-post-thumbnail","hentry","category-actualidades-es","tag-brigitte-macron-es","tag-pareja-presidencial-es","tag-politica-de-privacidad-es","tag-presidente-emmanuel-macron-es","tag-rol-en-cocina-es"],"yoast_head":"<!-- This site is optimized with the Yoast SEO plugin v27.5 - https:\/\/yoast.com\/product\/yoast-seo-wordpress\/ -->\n<title>Brigitte Macron : \u00ab M\u00e1s bien en la cocina... \u00bb este papel que el presidente habr\u00eda contemplado para ella - Fan site S\u00e9bastien Auzi\u00e8re<\/title>\n<meta name=\"description\" content=\"Brigitte Macron : \u00ab Plut\u00f4t en cuisine... \u00bb D\u00e9couvrez le r\u00f4le inattendu que le pr\u00e9sident aurait envisag\u00e9 pour elle dans les coulisses du pouvoir.\" \/>\n<meta name=\"robots\" content=\"index, follow, max-snippet:-1, max-image-preview:large, max-video-preview:-1\" \/>\n<link rel=\"canonical\" href=\"https:\/\/www.sebastien-auziere.fr\/blog\/es\/brigitte-macron-mas-bien-en-la-cocina-este-papel-que-el-presidente-habria-contemplado-para-ella\/\" \/>\n<meta property=\"og:locale\" content=\"fr_FR\" \/>\n<meta property=\"og:type\" content=\"article\" \/>\n<meta property=\"og:title\" content=\"Brigitte Macron : \u00ab M\u00e1s bien en la cocina... \u00bb este papel que el presidente habr\u00eda contemplado para ella - Fan site S\u00e9bastien Auzi\u00e8re\" \/>\n<meta property=\"og:description\" content=\"Brigitte Macron : \u00ab Plut\u00f4t en cuisine... \u00bb D\u00e9couvrez le r\u00f4le inattendu que le pr\u00e9sident aurait envisag\u00e9 pour elle dans les coulisses du pouvoir.\" \/>\n<meta property=\"og:url\" content=\"https:\/\/www.sebastien-auziere.fr\/blog\/es\/brigitte-macron-mas-bien-en-la-cocina-este-papel-que-el-presidente-habria-contemplado-para-ella\/\" \/>\n<meta property=\"og:site_name\" content=\"Fan site S\u00e9bastien Auzi\u00e8re\" \/>\n<meta property=\"article:published_time\" content=\"2026-04-23T07:06:04+00:00\" \/>\n<meta property=\"article:modified_time\" content=\"2026-04-23T07:06:27+00:00\" \/>\n<meta property=\"og:image\" content=\"https:\/\/www.sebastien-auziere.fr\/blog\/wp-content\/uploads\/2026\/04\/Brigitte-Macron-Plutot-en-cuisine.-ce-role-que-le-president-aurait-envisage-pour-elle.jpg\" \/>\n\t<meta property=\"og:image:width\" content=\"2560\" \/>\n\t<meta property=\"og:image:height\" content=\"1429\" \/>\n\t<meta property=\"og:image:type\" content=\"image\/jpeg\" \/>\n<meta name=\"author\" content=\"Chloe Gauthier\" \/>\n<meta name=\"twitter:card\" content=\"summary_large_image\" \/>\n<meta name=\"twitter:label1\" content=\"\u00c9crit par\" \/>\n\t<meta name=\"twitter:data1\" content=\"Chloe Gauthier\" \/>\n\t<meta name=\"twitter:label2\" content=\"Dur\u00e9e de lecture estim\u00e9e\" \/>\n\t<meta name=\"twitter:data2\" content=\"2 minutes\" \/>\n<script type=\"application\/ld+json\" class=\"yoast-schema-graph\">{\"@context\":\"https:\\\/\\\/schema.org\",\"@graph\":[{\"@type\":\"Article\",\"@id\":\"https:\\\/\\\/www.sebastien-auziere.fr\\\/blog\\\/es\\\/brigitte-macron-mas-bien-en-la-cocina-este-papel-que-el-presidente-habria-contemplado-para-ella\\\/#article\",\"isPartOf\":{\"@id\":\"https:\\\/\\\/www.sebastien-auziere.fr\\\/blog\\\/es\\\/brigitte-macron-mas-bien-en-la-cocina-este-papel-que-el-presidente-habria-contemplado-para-ella\\\/\"},\"author\":{\"name\":\"Chloe Gauthier\",\"@id\":\"https:\\\/\\\/www.sebastien-auziere.fr\\\/blog\\\/#\\\/schema\\\/person\\\/149f1acdbfd85149c6c3e59adeae2f4d\"},\"headline\":\"Brigitte Macron : \u00ab M\u00e1s bien en la cocina&#8230; \u00bb este papel que el presidente habr\u00eda contemplado para ella\",\"datePublished\":\"2026-04-23T07:06:04+00:00\",\"dateModified\":\"2026-04-23T07:06:27+00:00\",\"mainEntityOfPage\":{\"@id\":\"https:\\\/\\\/www.sebastien-auziere.fr\\\/blog\\\/es\\\/brigitte-macron-mas-bien-en-la-cocina-este-papel-que-el-presidente-habria-contemplado-para-ella\\\/\"},\"wordCount\":516,\"commentCount\":0,\"publisher\":{\"@id\":\"https:\\\/\\\/www.sebastien-auziere.fr\\\/blog\\\/#organization\"},\"image\":{\"@id\":\"https:\\\/\\\/www.sebastien-auziere.fr\\\/blog\\\/es\\\/brigitte-macron-mas-bien-en-la-cocina-este-papel-que-el-presidente-habria-contemplado-para-ella\\\/#primaryimage\"},\"thumbnailUrl\":\"https:\\\/\\\/www.sebastien-auziere.fr\\\/blog\\\/wp-content\\\/uploads\\\/2026\\\/04\\\/Brigitte-Macron-Plutot-en-cuisine.-ce-role-que-le-president-aurait-envisage-pour-elle.jpg\",\"keywords\":[\"brigitte macron\",\"pareja presidencial\",\"pol\u00edtica de privacidad\",\"presidente emmanuel macron\",\"rol en cocina\"],\"articleSection\":[\"Actualidades\"],\"inLanguage\":\"fr-FR\",\"potentialAction\":[{\"@type\":\"CommentAction\",\"name\":\"Comment\",\"target\":[\"https:\\\/\\\/www.sebastien-auziere.fr\\\/blog\\\/es\\\/brigitte-macron-mas-bien-en-la-cocina-este-papel-que-el-presidente-habria-contemplado-para-ella\\\/#respond\"]}]},{\"@type\":\"WebPage\",\"@id\":\"https:\\\/\\\/www.sebastien-auziere.fr\\\/blog\\\/es\\\/brigitte-macron-mas-bien-en-la-cocina-este-papel-que-el-presidente-habria-contemplado-para-ella\\\/\",\"url\":\"https:\\\/\\\/www.sebastien-auziere.fr\\\/blog\\\/es\\\/brigitte-macron-mas-bien-en-la-cocina-este-papel-que-el-presidente-habria-contemplado-para-ella\\\/\",\"name\":\"Brigitte Macron : \u00ab M\u00e1s bien en la cocina... \u00bb este papel que el presidente habr\u00eda contemplado para ella - Fan site S\u00e9bastien Auzi\u00e8re\",\"isPartOf\":{\"@id\":\"https:\\\/\\\/www.sebastien-auziere.fr\\\/blog\\\/#website\"},\"primaryImageOfPage\":{\"@id\":\"https:\\\/\\\/www.sebastien-auziere.fr\\\/blog\\\/es\\\/brigitte-macron-mas-bien-en-la-cocina-este-papel-que-el-presidente-habria-contemplado-para-ella\\\/#primaryimage\"},\"image\":{\"@id\":\"https:\\\/\\\/www.sebastien-auziere.fr\\\/blog\\\/es\\\/brigitte-macron-mas-bien-en-la-cocina-este-papel-que-el-presidente-habria-contemplado-para-ella\\\/#primaryimage\"},\"thumbnailUrl\":\"https:\\\/\\\/www.sebastien-auziere.fr\\\/blog\\\/wp-content\\\/uploads\\\/2026\\\/04\\\/Brigitte-Macron-Plutot-en-cuisine.-ce-role-que-le-president-aurait-envisage-pour-elle.jpg\",\"datePublished\":\"2026-04-23T07:06:04+00:00\",\"dateModified\":\"2026-04-23T07:06:27+00:00\",\"description\":\"Brigitte Macron : \u00ab Plut\u00f4t en cuisine... \u00bb D\u00e9couvrez le r\u00f4le inattendu que le pr\u00e9sident aurait envisag\u00e9 pour elle dans les coulisses du pouvoir.\",\"breadcrumb\":{\"@id\":\"https:\\\/\\\/www.sebastien-auziere.fr\\\/blog\\\/es\\\/brigitte-macron-mas-bien-en-la-cocina-este-papel-que-el-presidente-habria-contemplado-para-ella\\\/#breadcrumb\"},\"inLanguage\":\"fr-FR\",\"potentialAction\":[{\"@type\":\"ReadAction\",\"target\":[\"https:\\\/\\\/www.sebastien-auziere.fr\\\/blog\\\/es\\\/brigitte-macron-mas-bien-en-la-cocina-este-papel-que-el-presidente-habria-contemplado-para-ella\\\/\"]}]},{\"@type\":\"ImageObject\",\"inLanguage\":\"fr-FR\",\"@id\":\"https:\\\/\\\/www.sebastien-auziere.fr\\\/blog\\\/es\\\/brigitte-macron-mas-bien-en-la-cocina-este-papel-que-el-presidente-habria-contemplado-para-ella\\\/#primaryimage\",\"url\":\"https:\\\/\\\/www.sebastien-auziere.fr\\\/blog\\\/wp-content\\\/uploads\\\/2026\\\/04\\\/Brigitte-Macron-Plutot-en-cuisine.-ce-role-que-le-president-aurait-envisage-pour-elle.jpg\",\"contentUrl\":\"https:\\\/\\\/www.sebastien-auziere.fr\\\/blog\\\/wp-content\\\/uploads\\\/2026\\\/04\\\/Brigitte-Macron-Plutot-en-cuisine.-ce-role-que-le-president-aurait-envisage-pour-elle.jpg\",\"width\":2560,\"height\":1429,\"caption\":\"d\u00e9couvrez le r\u00f4le que le pr\u00e9sident emmanuel macron aurait envisag\u00e9 pour brigitte macron, avec une touche d'humour autour de ses talents en cuisine.\"},{\"@type\":\"BreadcrumbList\",\"@id\":\"https:\\\/\\\/www.sebastien-auziere.fr\\\/blog\\\/es\\\/brigitte-macron-mas-bien-en-la-cocina-este-papel-que-el-presidente-habria-contemplado-para-ella\\\/#breadcrumb\",\"itemListElement\":[{\"@type\":\"ListItem\",\"position\":1,\"name\":\"Home\",\"item\":\"https:\\\/\\\/www.sebastien-auziere.fr\\\/blog\\\/\"},{\"@type\":\"ListItem\",\"position\":2,\"name\":\"Brigitte Macron : \u00ab M\u00e1s bien en la cocina&#8230; \u00bb este papel que el presidente habr\u00eda contemplado para ella\"}]},{\"@type\":\"WebSite\",\"@id\":\"https:\\\/\\\/www.sebastien-auziere.fr\\\/blog\\\/#website\",\"url\":\"https:\\\/\\\/www.sebastien-auziere.fr\\\/blog\\\/\",\"name\":\"Fan site S\u00e9bastien Auzi\u00e8re\",\"description\":\"M\u00e9dia g\u00e9n\u00e9raliste\",\"publisher\":{\"@id\":\"https:\\\/\\\/www.sebastien-auziere.fr\\\/blog\\\/#organization\"},\"potentialAction\":[{\"@type\":\"SearchAction\",\"target\":{\"@type\":\"EntryPoint\",\"urlTemplate\":\"https:\\\/\\\/www.sebastien-auziere.fr\\\/blog\\\/?s={search_term_string}\"},\"query-input\":{\"@type\":\"PropertyValueSpecification\",\"valueRequired\":true,\"valueName\":\"search_term_string\"}}],\"inLanguage\":\"fr-FR\"},{\"@type\":\"Organization\",\"@id\":\"https:\\\/\\\/www.sebastien-auziere.fr\\\/blog\\\/#organization\",\"name\":\"Fan site S\u00e9bastien Auzi\u00e8re\",\"url\":\"https:\\\/\\\/www.sebastien-auziere.fr\\\/blog\\\/\",\"logo\":{\"@type\":\"ImageObject\",\"inLanguage\":\"fr-FR\",\"@id\":\"https:\\\/\\\/www.sebastien-auziere.fr\\\/blog\\\/#\\\/schema\\\/logo\\\/image\\\/\",\"url\":\"https:\\\/\\\/www.sebastien-auziere.fr\\\/blog\\\/wp-content\\\/uploads\\\/2026\\\/03\\\/cropped-cropped-cropped-ChatGPT-Image-6-mars-2026-12_58_09-e1772798376794.jpg\",\"contentUrl\":\"https:\\\/\\\/www.sebastien-auziere.fr\\\/blog\\\/wp-content\\\/uploads\\\/2026\\\/03\\\/cropped-cropped-cropped-ChatGPT-Image-6-mars-2026-12_58_09-e1772798376794.jpg\",\"width\":512,\"height\":360,\"caption\":\"Fan site S\u00e9bastien Auzi\u00e8re\"},\"image\":{\"@id\":\"https:\\\/\\\/www.sebastien-auziere.fr\\\/blog\\\/#\\\/schema\\\/logo\\\/image\\\/\"}},{\"@type\":\"Person\",\"@id\":\"https:\\\/\\\/www.sebastien-auziere.fr\\\/blog\\\/#\\\/schema\\\/person\\\/149f1acdbfd85149c6c3e59adeae2f4d\",\"name\":\"Chloe Gauthier\",\"image\":{\"@type\":\"ImageObject\",\"inLanguage\":\"fr-FR\",\"@id\":\"https:\\\/\\\/secure.gravatar.com\\\/avatar\\\/2c5722f58171cff738a8985ef0dd66b476e563753246a49019befc837ec4201a?s=96&d=mm&r=g\",\"url\":\"https:\\\/\\\/secure.gravatar.com\\\/avatar\\\/2c5722f58171cff738a8985ef0dd66b476e563753246a49019befc837ec4201a?s=96&d=mm&r=g\",\"contentUrl\":\"https:\\\/\\\/secure.gravatar.com\\\/avatar\\\/2c5722f58171cff738a8985ef0dd66b476e563753246a49019befc837ec4201a?s=96&d=mm&r=g\",\"caption\":\"Chloe Gauthier\"},\"description\":\"Passionn\u00e9e par la politique et admiratrice engag\u00e9e de la famille Macron, je consacre mon \u00e9nergie \u00e0 suivre leurs initiatives et \u00e0 promouvoir leurs id\u00e9es. \u00c0 32 ans, je suis convaincue que leur vision est porteuse d'avenir.\",\"url\":\"https:\\\/\\\/www.sebastien-auziere.fr\\\/blog\\\/author\\\/chloe-gauthier\\\/\"}]}<\/script>\n<!-- \/ Yoast SEO plugin. -->","yoast_head_json":{"title":"Brigitte Macron : \u00ab M\u00e1s bien en la cocina... \u00bb este papel que el presidente habr\u00eda contemplado para ella - Fan site S\u00e9bastien Auzi\u00e8re","description":"Brigitte Macron : \u00ab Plut\u00f4t en cuisine... \u00bb D\u00e9couvrez le r\u00f4le inattendu que le pr\u00e9sident aurait envisag\u00e9 pour elle dans les coulisses du pouvoir.","robots":{"index":"index","follow":"follow","max-snippet":"max-snippet:-1","max-image-preview":"max-image-preview:large","max-video-preview":"max-video-preview:-1"},"canonical":"https:\/\/www.sebastien-auziere.fr\/blog\/es\/brigitte-macron-mas-bien-en-la-cocina-este-papel-que-el-presidente-habria-contemplado-para-ella\/","og_locale":"fr_FR","og_type":"article","og_title":"Brigitte Macron : \u00ab M\u00e1s bien en la cocina... \u00bb este papel que el presidente habr\u00eda contemplado para ella - Fan site S\u00e9bastien Auzi\u00e8re","og_description":"Brigitte Macron : \u00ab Plut\u00f4t en cuisine... \u00bb D\u00e9couvrez le r\u00f4le inattendu que le pr\u00e9sident aurait envisag\u00e9 pour elle dans les coulisses du pouvoir.","og_url":"https:\/\/www.sebastien-auziere.fr\/blog\/es\/brigitte-macron-mas-bien-en-la-cocina-este-papel-que-el-presidente-habria-contemplado-para-ella\/","og_site_name":"Fan site S\u00e9bastien Auzi\u00e8re","article_published_time":"2026-04-23T07:06:04+00:00","article_modified_time":"2026-04-23T07:06:27+00:00","og_image":[{"width":2560,"height":1429,"url":"https:\/\/www.sebastien-auziere.fr\/blog\/wp-content\/uploads\/2026\/04\/Brigitte-Macron-Plutot-en-cuisine.-ce-role-que-le-president-aurait-envisage-pour-elle.jpg","type":"image\/jpeg"}],"author":"Chloe Gauthier","twitter_card":"summary_large_image","twitter_misc":{"\u00c9crit par":"Chloe Gauthier","Dur\u00e9e de lecture estim\u00e9e":"2 minutes"},"schema":{"@context":"https:\/\/schema.org","@graph":[{"@type":"Article","@id":"https:\/\/www.sebastien-auziere.fr\/blog\/es\/brigitte-macron-mas-bien-en-la-cocina-este-papel-que-el-presidente-habria-contemplado-para-ella\/#article","isPartOf":{"@id":"https:\/\/www.sebastien-auziere.fr\/blog\/es\/brigitte-macron-mas-bien-en-la-cocina-este-papel-que-el-presidente-habria-contemplado-para-ella\/"},"author":{"name":"Chloe Gauthier","@id":"https:\/\/www.sebastien-auziere.fr\/blog\/#\/schema\/person\/149f1acdbfd85149c6c3e59adeae2f4d"},"headline":"Brigitte Macron : \u00ab M\u00e1s bien en la cocina&#8230; \u00bb este papel que el presidente habr\u00eda contemplado para ella","datePublished":"2026-04-23T07:06:04+00:00","dateModified":"2026-04-23T07:06:27+00:00","mainEntityOfPage":{"@id":"https:\/\/www.sebastien-auziere.fr\/blog\/es\/brigitte-macron-mas-bien-en-la-cocina-este-papel-que-el-presidente-habria-contemplado-para-ella\/"},"wordCount":516,"commentCount":0,"publisher":{"@id":"https:\/\/www.sebastien-auziere.fr\/blog\/#organization"},"image":{"@id":"https:\/\/www.sebastien-auziere.fr\/blog\/es\/brigitte-macron-mas-bien-en-la-cocina-este-papel-que-el-presidente-habria-contemplado-para-ella\/#primaryimage"},"thumbnailUrl":"https:\/\/www.sebastien-auziere.fr\/blog\/wp-content\/uploads\/2026\/04\/Brigitte-Macron-Plutot-en-cuisine.-ce-role-que-le-president-aurait-envisage-pour-elle.jpg","keywords":["brigitte macron","pareja presidencial","pol\u00edtica de privacidad","presidente emmanuel macron","rol en cocina"],"articleSection":["Actualidades"],"inLanguage":"fr-FR","potentialAction":[{"@type":"CommentAction","name":"Comment","target":["https:\/\/www.sebastien-auziere.fr\/blog\/es\/brigitte-macron-mas-bien-en-la-cocina-este-papel-que-el-presidente-habria-contemplado-para-ella\/#respond"]}]},{"@type":"WebPage","@id":"https:\/\/www.sebastien-auziere.fr\/blog\/es\/brigitte-macron-mas-bien-en-la-cocina-este-papel-que-el-presidente-habria-contemplado-para-ella\/","url":"https:\/\/www.sebastien-auziere.fr\/blog\/es\/brigitte-macron-mas-bien-en-la-cocina-este-papel-que-el-presidente-habria-contemplado-para-ella\/","name":"Brigitte Macron : \u00ab M\u00e1s bien en la cocina... \u00bb este papel que el presidente habr\u00eda contemplado para ella - Fan site S\u00e9bastien Auzi\u00e8re","isPartOf":{"@id":"https:\/\/www.sebastien-auziere.fr\/blog\/#website"},"primaryImageOfPage":{"@id":"https:\/\/www.sebastien-auziere.fr\/blog\/es\/brigitte-macron-mas-bien-en-la-cocina-este-papel-que-el-presidente-habria-contemplado-para-ella\/#primaryimage"},"image":{"@id":"https:\/\/www.sebastien-auziere.fr\/blog\/es\/brigitte-macron-mas-bien-en-la-cocina-este-papel-que-el-presidente-habria-contemplado-para-ella\/#primaryimage"},"thumbnailUrl":"https:\/\/www.sebastien-auziere.fr\/blog\/wp-content\/uploads\/2026\/04\/Brigitte-Macron-Plutot-en-cuisine.-ce-role-que-le-president-aurait-envisage-pour-elle.jpg","datePublished":"2026-04-23T07:06:04+00:00","dateModified":"2026-04-23T07:06:27+00:00","description":"Brigitte Macron : \u00ab Plut\u00f4t en cuisine... \u00bb D\u00e9couvrez le r\u00f4le inattendu que le pr\u00e9sident aurait envisag\u00e9 pour elle dans les coulisses du pouvoir.","breadcrumb":{"@id":"https:\/\/www.sebastien-auziere.fr\/blog\/es\/brigitte-macron-mas-bien-en-la-cocina-este-papel-que-el-presidente-habria-contemplado-para-ella\/#breadcrumb"},"inLanguage":"fr-FR","potentialAction":[{"@type":"ReadAction","target":["https:\/\/www.sebastien-auziere.fr\/blog\/es\/brigitte-macron-mas-bien-en-la-cocina-este-papel-que-el-presidente-habria-contemplado-para-ella\/"]}]},{"@type":"ImageObject","inLanguage":"fr-FR","@id":"https:\/\/www.sebastien-auziere.fr\/blog\/es\/brigitte-macron-mas-bien-en-la-cocina-este-papel-que-el-presidente-habria-contemplado-para-ella\/#primaryimage","url":"https:\/\/www.sebastien-auziere.fr\/blog\/wp-content\/uploads\/2026\/04\/Brigitte-Macron-Plutot-en-cuisine.-ce-role-que-le-president-aurait-envisage-pour-elle.jpg","contentUrl":"https:\/\/www.sebastien-auziere.fr\/blog\/wp-content\/uploads\/2026\/04\/Brigitte-Macron-Plutot-en-cuisine.-ce-role-que-le-president-aurait-envisage-pour-elle.jpg","width":2560,"height":1429,"caption":"d\u00e9couvrez le r\u00f4le que le pr\u00e9sident emmanuel macron aurait envisag\u00e9 pour brigitte macron, avec une touche d'humour autour de ses talents en cuisine."},{"@type":"BreadcrumbList","@id":"https:\/\/www.sebastien-auziere.fr\/blog\/es\/brigitte-macron-mas-bien-en-la-cocina-este-papel-que-el-presidente-habria-contemplado-para-ella\/#breadcrumb","itemListElement":[{"@type":"ListItem","position":1,"name":"Home","item":"https:\/\/www.sebastien-auziere.fr\/blog\/"},{"@type":"ListItem","position":2,"name":"Brigitte Macron : \u00ab M\u00e1s bien en la cocina&#8230; \u00bb este papel que el presidente habr\u00eda contemplado para ella"}]},{"@type":"WebSite","@id":"https:\/\/www.sebastien-auziere.fr\/blog\/#website","url":"https:\/\/www.sebastien-auziere.fr\/blog\/","name":"Fan site S\u00e9bastien Auzi\u00e8re","description":"M\u00e9dia g\u00e9n\u00e9raliste","publisher":{"@id":"https:\/\/www.sebastien-auziere.fr\/blog\/#organization"},"potentialAction":[{"@type":"SearchAction","target":{"@type":"EntryPoint","urlTemplate":"https:\/\/www.sebastien-auziere.fr\/blog\/?s={search_term_string}"},"query-input":{"@type":"PropertyValueSpecification","valueRequired":true,"valueName":"search_term_string"}}],"inLanguage":"fr-FR"},{"@type":"Organization","@id":"https:\/\/www.sebastien-auziere.fr\/blog\/#organization","name":"Fan site S\u00e9bastien Auzi\u00e8re","url":"https:\/\/www.sebastien-auziere.fr\/blog\/","logo":{"@type":"ImageObject","inLanguage":"fr-FR","@id":"https:\/\/www.sebastien-auziere.fr\/blog\/#\/schema\/logo\/image\/","url":"https:\/\/www.sebastien-auziere.fr\/blog\/wp-content\/uploads\/2026\/03\/cropped-cropped-cropped-ChatGPT-Image-6-mars-2026-12_58_09-e1772798376794.jpg","contentUrl":"https:\/\/www.sebastien-auziere.fr\/blog\/wp-content\/uploads\/2026\/03\/cropped-cropped-cropped-ChatGPT-Image-6-mars-2026-12_58_09-e1772798376794.jpg","width":512,"height":360,"caption":"Fan site S\u00e9bastien Auzi\u00e8re"},"image":{"@id":"https:\/\/www.sebastien-auziere.fr\/blog\/#\/schema\/logo\/image\/"}},{"@type":"Person","@id":"https:\/\/www.sebastien-auziere.fr\/blog\/#\/schema\/person\/149f1acdbfd85149c6c3e59adeae2f4d","name":"Chloe Gauthier","image":{"@type":"ImageObject","inLanguage":"fr-FR","@id":"https:\/\/secure.gravatar.com\/avatar\/2c5722f58171cff738a8985ef0dd66b476e563753246a49019befc837ec4201a?s=96&d=mm&r=g","url":"https:\/\/secure.gravatar.com\/avatar\/2c5722f58171cff738a8985ef0dd66b476e563753246a49019befc837ec4201a?s=96&d=mm&r=g","contentUrl":"https:\/\/secure.gravatar.com\/avatar\/2c5722f58171cff738a8985ef0dd66b476e563753246a49019befc837ec4201a?s=96&d=mm&r=g","caption":"Chloe Gauthier"},"description":"Passionn\u00e9e par la politique et admiratrice engag\u00e9e de la famille Macron, je consacre mon \u00e9nergie \u00e0 suivre leurs initiatives et \u00e0 promouvoir leurs id\u00e9es. \u00c0 32 ans, je suis convaincue que leur vision est porteuse d'avenir.","url":"https:\/\/www.sebastien-auziere.fr\/blog\/author\/chloe-gauthier\/"}]}},"views":1,"_links":{"self":[{"href":"https:\/\/www.sebastien-auziere.fr\/blog\/wp-json\/wp\/v2\/posts\/3260","targetHints":{"allow":["GET"]}}],"collection":[{"href":"https:\/\/www.sebastien-auziere.fr\/blog\/wp-json\/wp\/v2\/posts"}],"about":[{"href":"https:\/\/www.sebastien-auziere.fr\/blog\/wp-json\/wp\/v2\/types\/post"}],"author":[{"embeddable":true,"href":"https:\/\/www.sebastien-auziere.fr\/blog\/wp-json\/wp\/v2\/users\/9"}],"replies":[{"embeddable":true,"href":"https:\/\/www.sebastien-auziere.fr\/blog\/wp-json\/wp\/v2\/comments?post=3260"}],"version-history":[{"count":1,"href":"https:\/\/www.sebastien-auziere.fr\/blog\/wp-json\/wp\/v2\/posts\/3260\/revisions"}],"predecessor-version":[{"id":3261,"href":"https:\/\/www.sebastien-auziere.fr\/blog\/wp-json\/wp\/v2\/posts\/3260\/revisions\/3261"}],"wp:featuredmedia":[{"embeddable":true,"href":"https:\/\/www.sebastien-auziere.fr\/blog\/wp-json\/wp\/v2\/media\/3256"}],"wp:attachment":[{"href":"https:\/\/www.sebastien-auziere.fr\/blog\/wp-json\/wp\/v2\/media?parent=3260"}],"wp:term":[{"taxonomy":"category","embeddable":true,"href":"https:\/\/www.sebastien-auziere.fr\/blog\/wp-json\/wp\/v2\/categories?post=3260"},{"taxonomy":"post_tag","embeddable":true,"href":"https:\/\/www.sebastien-auziere.fr\/blog\/wp-json\/wp\/v2\/tags?post=3260"}],"curies":[{"name":"wp","href":"https:\/\/api.w.org\/{rel}","templated":true}]}}