{"id":3258,"date":"2026-04-23T07:05:44","date_gmt":"2026-04-23T07:05:44","guid":{"rendered":"https:\/\/www.sebastien-auziere.fr\/blog\/?p=3258"},"modified":"2026-04-23T07:06:03","modified_gmt":"2026-04-23T07:06:03","slug":"brigitte-macron-rather-in-the-kitchen-this-role-that-the-president-would-have-considered-for-her","status":"publish","type":"post","link":"https:\/\/www.sebastien-auziere.fr\/blog\/en\/brigitte-macron-rather-in-the-kitchen-this-role-that-the-president-would-have-considered-for-her\/","title":{"rendered":"Brigitte Macron: \u00ab\u00a0Rather in the kitchen&#8230;\u00a0\u00bb this role that the president would have considered for her"},"content":{"rendered":"<p>What a surprising image: in 2022 <strong>Emmanuel Macron<\/strong> admitted to seeing himself \u00a0\u00bb <strong>rather in the kitchen<\/strong> \u201d or at the bakery, and not as a writer. Here you will discover how this confession intersects with the expectations of <strong>Brigitte Macron<\/strong> and what this possible domestic role means at the heart of the <strong>\u00c9lys\u00e9e<\/strong>.<\/p>\n\n<h2 class=\"wp-block-heading\">Emmanuel Macron: \u00ab\u00a0rather in the kitchen\u00a0\u00bb and the escape of a president<\/h2>\n\n<p>During an interview in 2022, <strong>the president<\/strong> acknowledged that he imagined a more artisanal lifestyle, mentioning <strong>cooking<\/strong> and the bakery rather than writing. This statement, relayed by the press, reveals an intimate facet of a head of state often perceived as entirely dedicated to <strong>politics<\/strong>. To learn more about his tastes and confessions, see the article on <a href=\"https:\/\/www.mariefrance.fr\/culture\/emmanuel-macron-voici-son-plat-prefere-601821.html\">his favorite dish<\/a>.<\/p>\n\n<h2 class=\"wp-block-heading\">What Brigitte Macron hoped for her partner<\/h2>\n\n<p><strong>Brigitte Macron<\/strong> has several times hinted that she envisioned an artistic destiny for her husband, thinking he would be rather a writer or an artist. This expectation highlights the gap between couple life and the rise to national responsibilities. The role of the <strong>first lady<\/strong> in the spotlight illustrates how the <strong>presidential family<\/strong> lives every choice as a public event.<\/p>\n\n<h2 class=\"wp-block-heading\">Daily life at the \u00c9lys\u00e9e: role, discourse, and influence<\/h2>\n\n<p>Taking on the mantle of <strong>first lady<\/strong> was not a trivial choice for Brigitte; she admitted to being surprised by the media intensity during the two arrivals at the <strong>\u00c9lys\u00e9e<\/strong> in 2017 and 2022. Between discreet advice and presence during <strong>speeches<\/strong>, her role blurs the boundaries between private life and public mission, and it sometimes influences the <strong>government<\/strong>&lsquo;s agenda. Portraits in the press describe this nuanced influence, particularly in celebrity and analytical media.<\/p>\n\n<p>You can watch a video clip showing an official visit and some behind-the-scenes protocol.<\/p>\n\n<h2 class=\"wp-block-heading\">Rumors, justice, and external support<\/h2>\n\n<p>The <strong>presidential family<\/strong> has faced persistent, sometimes grotesque rumors, which led Brigitte to seek justice to protect her image. The case even prompted international reactions, and outside voices have publicly manifested. These episodes remind us of the media vulnerability of a couple at the top of state and fuel the debate on the respect for privacy during <strong>politics<\/strong>.<\/p>\n\n<p>To complement this, a report traces anecdotes from behind the scenes, like the time the chef improvised a dish for the presidential couple.<\/p>\n\n<p>Want to learn more about <strong>Brigitte Macron<\/strong>, her style, and the behind-the-scenes of the <strong>presidential family<\/strong>? Discover detailed files and photo dossiers on <a href=\"https:\/\/www.sebastien-auziere.fr\/blog\/brigitte-macron-robe-rouge\/\">her wardrobe<\/a> and the <a href=\"https:\/\/www.sebastien-auziere.fr\/blog\/brigitte-macron-villa-touquet\/\">family home in Touquet<\/a>, as well as other articles dedicated to the public presence of the first lady on <a href=\"https:\/\/www.sebastien-auziere.fr\/blog\/brigitte-macron-73-ans\/\">sebastien-auziere.fr<\/a>. You will find portraits, key dates, and archives to better understand this unique role.<\/p>","protected":false},"excerpt":{"rendered":"<p>What a surprising image: in 2022 Emmanuel Macron admitted to seeing himself \u00a0\u00bb rather in the kitchen \u201d or at the bakery, and not as a writer. Here you will discover how this confession intersects with the expectations of Brigitte Macron and what this possible domestic role means at the heart of the \u00c9lys\u00e9e. Emmanuel &#8230; <a title=\"Brigitte Macron: \u00ab\u00a0Rather in the kitchen&#8230;\u00a0\u00bb this role that the president would have considered for her\" class=\"read-more\" href=\"https:\/\/www.sebastien-auziere.fr\/blog\/en\/brigitte-macron-rather-in-the-kitchen-this-role-that-the-president-would-have-considered-for-her\/\" aria-label=\"En savoir plus sur Brigitte Macron: \u00ab\u00a0Rather in the kitchen&#8230;\u00a0\u00bb this role that the president would have considered for her\">Lire plus<\/a><\/p>\n","protected":false},"author":9,"featured_media":3256,"comment_status":"open","ping_status":"open","sticky":false,"template":"","format":"standard","meta":{"footnotes":""},"categories":[816],"tags":[898,4063,3155,4069,4066],"class_list":["post-3258","post","type-post","status-publish","format-standard","has-post-thumbnail","hentry","category-news","tag-brigitte-macron-en","tag-president-emmanuel-macron-en","tag-presidential-couple-en","tag-privacy-policies-en","tag-role-in-the-kitchen-en"],"yoast_head":"<!-- This site is optimized with the Yoast SEO plugin v27.5 - https:\/\/yoast.com\/product\/yoast-seo-wordpress\/ -->\n<title>Brigitte Macron: &quot;Rather in the kitchen...&quot; this role that the president would have considered for her - Fan site S\u00e9bastien Auzi\u00e8re<\/title>\n<meta name=\"description\" content=\"Brigitte Macron : \u00ab Plut\u00f4t en cuisine... \u00bb D\u00e9couvrez le r\u00f4le inattendu que le pr\u00e9sident aurait envisag\u00e9 pour elle dans les coulisses du pouvoir.\" \/>\n<meta name=\"robots\" content=\"index, follow, max-snippet:-1, max-image-preview:large, max-video-preview:-1\" \/>\n<link rel=\"canonical\" href=\"https:\/\/www.sebastien-auziere.fr\/blog\/en\/brigitte-macron-rather-in-the-kitchen-this-role-that-the-president-would-have-considered-for-her\/\" \/>\n<meta property=\"og:locale\" content=\"fr_FR\" \/>\n<meta property=\"og:type\" content=\"article\" \/>\n<meta property=\"og:title\" content=\"Brigitte Macron: &quot;Rather in the kitchen...&quot; this role that the president would have considered for her - Fan site S\u00e9bastien Auzi\u00e8re\" \/>\n<meta property=\"og:description\" content=\"Brigitte Macron : \u00ab Plut\u00f4t en cuisine... \u00bb D\u00e9couvrez le r\u00f4le inattendu que le pr\u00e9sident aurait envisag\u00e9 pour elle dans les coulisses du pouvoir.\" \/>\n<meta property=\"og:url\" content=\"https:\/\/www.sebastien-auziere.fr\/blog\/en\/brigitte-macron-rather-in-the-kitchen-this-role-that-the-president-would-have-considered-for-her\/\" \/>\n<meta property=\"og:site_name\" content=\"Fan site S\u00e9bastien Auzi\u00e8re\" \/>\n<meta property=\"article:published_time\" content=\"2026-04-23T07:05:44+00:00\" \/>\n<meta property=\"article:modified_time\" content=\"2026-04-23T07:06:03+00:00\" \/>\n<meta property=\"og:image\" content=\"https:\/\/www.sebastien-auziere.fr\/blog\/wp-content\/uploads\/2026\/04\/Brigitte-Macron-Plutot-en-cuisine.-ce-role-que-le-president-aurait-envisage-pour-elle.jpg\" \/>\n\t<meta property=\"og:image:width\" content=\"2560\" \/>\n\t<meta property=\"og:image:height\" content=\"1429\" \/>\n\t<meta property=\"og:image:type\" content=\"image\/jpeg\" \/>\n<meta name=\"author\" content=\"Chloe Gauthier\" \/>\n<meta name=\"twitter:card\" content=\"summary_large_image\" \/>\n<meta name=\"twitter:label1\" content=\"\u00c9crit par\" \/>\n\t<meta name=\"twitter:data1\" content=\"Chloe Gauthier\" \/>\n\t<meta name=\"twitter:label2\" content=\"Dur\u00e9e de lecture estim\u00e9e\" \/>\n\t<meta name=\"twitter:data2\" content=\"2 minutes\" \/>\n<script type=\"application\/ld+json\" class=\"yoast-schema-graph\">{\"@context\":\"https:\\\/\\\/schema.org\",\"@graph\":[{\"@type\":\"Article\",\"@id\":\"https:\\\/\\\/www.sebastien-auziere.fr\\\/blog\\\/en\\\/brigitte-macron-rather-in-the-kitchen-this-role-that-the-president-would-have-considered-for-her\\\/#article\",\"isPartOf\":{\"@id\":\"https:\\\/\\\/www.sebastien-auziere.fr\\\/blog\\\/en\\\/brigitte-macron-rather-in-the-kitchen-this-role-that-the-president-would-have-considered-for-her\\\/\"},\"author\":{\"name\":\"Chloe Gauthier\",\"@id\":\"https:\\\/\\\/www.sebastien-auziere.fr\\\/blog\\\/#\\\/schema\\\/person\\\/149f1acdbfd85149c6c3e59adeae2f4d\"},\"headline\":\"Brigitte Macron: \u00ab\u00a0Rather in the kitchen&#8230;\u00a0\u00bb this role that the president would have considered for her\",\"datePublished\":\"2026-04-23T07:05:44+00:00\",\"dateModified\":\"2026-04-23T07:06:03+00:00\",\"mainEntityOfPage\":{\"@id\":\"https:\\\/\\\/www.sebastien-auziere.fr\\\/blog\\\/en\\\/brigitte-macron-rather-in-the-kitchen-this-role-that-the-president-would-have-considered-for-her\\\/\"},\"wordCount\":450,\"commentCount\":0,\"publisher\":{\"@id\":\"https:\\\/\\\/www.sebastien-auziere.fr\\\/blog\\\/#organization\"},\"image\":{\"@id\":\"https:\\\/\\\/www.sebastien-auziere.fr\\\/blog\\\/en\\\/brigitte-macron-rather-in-the-kitchen-this-role-that-the-president-would-have-considered-for-her\\\/#primaryimage\"},\"thumbnailUrl\":\"https:\\\/\\\/www.sebastien-auziere.fr\\\/blog\\\/wp-content\\\/uploads\\\/2026\\\/04\\\/Brigitte-Macron-Plutot-en-cuisine.-ce-role-que-le-president-aurait-envisage-pour-elle.jpg\",\"keywords\":[\"brigitte macron\",\"president emmanuel macron\",\"presidential couple\",\"privacy policies\",\"role in the kitchen\"],\"articleSection\":[\"News\"],\"inLanguage\":\"fr-FR\",\"potentialAction\":[{\"@type\":\"CommentAction\",\"name\":\"Comment\",\"target\":[\"https:\\\/\\\/www.sebastien-auziere.fr\\\/blog\\\/en\\\/brigitte-macron-rather-in-the-kitchen-this-role-that-the-president-would-have-considered-for-her\\\/#respond\"]}]},{\"@type\":\"WebPage\",\"@id\":\"https:\\\/\\\/www.sebastien-auziere.fr\\\/blog\\\/en\\\/brigitte-macron-rather-in-the-kitchen-this-role-that-the-president-would-have-considered-for-her\\\/\",\"url\":\"https:\\\/\\\/www.sebastien-auziere.fr\\\/blog\\\/en\\\/brigitte-macron-rather-in-the-kitchen-this-role-that-the-president-would-have-considered-for-her\\\/\",\"name\":\"Brigitte Macron: \\\"Rather in the kitchen...\\\" this role that the president would have considered for her - Fan site S\u00e9bastien Auzi\u00e8re\",\"isPartOf\":{\"@id\":\"https:\\\/\\\/www.sebastien-auziere.fr\\\/blog\\\/#website\"},\"primaryImageOfPage\":{\"@id\":\"https:\\\/\\\/www.sebastien-auziere.fr\\\/blog\\\/en\\\/brigitte-macron-rather-in-the-kitchen-this-role-that-the-president-would-have-considered-for-her\\\/#primaryimage\"},\"image\":{\"@id\":\"https:\\\/\\\/www.sebastien-auziere.fr\\\/blog\\\/en\\\/brigitte-macron-rather-in-the-kitchen-this-role-that-the-president-would-have-considered-for-her\\\/#primaryimage\"},\"thumbnailUrl\":\"https:\\\/\\\/www.sebastien-auziere.fr\\\/blog\\\/wp-content\\\/uploads\\\/2026\\\/04\\\/Brigitte-Macron-Plutot-en-cuisine.-ce-role-que-le-president-aurait-envisage-pour-elle.jpg\",\"datePublished\":\"2026-04-23T07:05:44+00:00\",\"dateModified\":\"2026-04-23T07:06:03+00:00\",\"description\":\"Brigitte Macron : \u00ab Plut\u00f4t en cuisine... \u00bb D\u00e9couvrez le r\u00f4le inattendu que le pr\u00e9sident aurait envisag\u00e9 pour elle dans les coulisses du pouvoir.\",\"breadcrumb\":{\"@id\":\"https:\\\/\\\/www.sebastien-auziere.fr\\\/blog\\\/en\\\/brigitte-macron-rather-in-the-kitchen-this-role-that-the-president-would-have-considered-for-her\\\/#breadcrumb\"},\"inLanguage\":\"fr-FR\",\"potentialAction\":[{\"@type\":\"ReadAction\",\"target\":[\"https:\\\/\\\/www.sebastien-auziere.fr\\\/blog\\\/en\\\/brigitte-macron-rather-in-the-kitchen-this-role-that-the-president-would-have-considered-for-her\\\/\"]}]},{\"@type\":\"ImageObject\",\"inLanguage\":\"fr-FR\",\"@id\":\"https:\\\/\\\/www.sebastien-auziere.fr\\\/blog\\\/en\\\/brigitte-macron-rather-in-the-kitchen-this-role-that-the-president-would-have-considered-for-her\\\/#primaryimage\",\"url\":\"https:\\\/\\\/www.sebastien-auziere.fr\\\/blog\\\/wp-content\\\/uploads\\\/2026\\\/04\\\/Brigitte-Macron-Plutot-en-cuisine.-ce-role-que-le-president-aurait-envisage-pour-elle.jpg\",\"contentUrl\":\"https:\\\/\\\/www.sebastien-auziere.fr\\\/blog\\\/wp-content\\\/uploads\\\/2026\\\/04\\\/Brigitte-Macron-Plutot-en-cuisine.-ce-role-que-le-president-aurait-envisage-pour-elle.jpg\",\"width\":2560,\"height\":1429,\"caption\":\"d\u00e9couvrez le r\u00f4le que le pr\u00e9sident emmanuel macron aurait envisag\u00e9 pour brigitte macron, avec une touche d'humour autour de ses talents en cuisine.\"},{\"@type\":\"BreadcrumbList\",\"@id\":\"https:\\\/\\\/www.sebastien-auziere.fr\\\/blog\\\/en\\\/brigitte-macron-rather-in-the-kitchen-this-role-that-the-president-would-have-considered-for-her\\\/#breadcrumb\",\"itemListElement\":[{\"@type\":\"ListItem\",\"position\":1,\"name\":\"Home\",\"item\":\"https:\\\/\\\/www.sebastien-auziere.fr\\\/blog\\\/\"},{\"@type\":\"ListItem\",\"position\":2,\"name\":\"Brigitte Macron: \u00ab\u00a0Rather in the kitchen&#8230;\u00a0\u00bb this role that the president would have considered for her\"}]},{\"@type\":\"WebSite\",\"@id\":\"https:\\\/\\\/www.sebastien-auziere.fr\\\/blog\\\/#website\",\"url\":\"https:\\\/\\\/www.sebastien-auziere.fr\\\/blog\\\/\",\"name\":\"Fan site S\u00e9bastien Auzi\u00e8re\",\"description\":\"M\u00e9dia g\u00e9n\u00e9raliste\",\"publisher\":{\"@id\":\"https:\\\/\\\/www.sebastien-auziere.fr\\\/blog\\\/#organization\"},\"potentialAction\":[{\"@type\":\"SearchAction\",\"target\":{\"@type\":\"EntryPoint\",\"urlTemplate\":\"https:\\\/\\\/www.sebastien-auziere.fr\\\/blog\\\/?s={search_term_string}\"},\"query-input\":{\"@type\":\"PropertyValueSpecification\",\"valueRequired\":true,\"valueName\":\"search_term_string\"}}],\"inLanguage\":\"fr-FR\"},{\"@type\":\"Organization\",\"@id\":\"https:\\\/\\\/www.sebastien-auziere.fr\\\/blog\\\/#organization\",\"name\":\"Fan site S\u00e9bastien Auzi\u00e8re\",\"url\":\"https:\\\/\\\/www.sebastien-auziere.fr\\\/blog\\\/\",\"logo\":{\"@type\":\"ImageObject\",\"inLanguage\":\"fr-FR\",\"@id\":\"https:\\\/\\\/www.sebastien-auziere.fr\\\/blog\\\/#\\\/schema\\\/logo\\\/image\\\/\",\"url\":\"https:\\\/\\\/www.sebastien-auziere.fr\\\/blog\\\/wp-content\\\/uploads\\\/2026\\\/03\\\/cropped-cropped-cropped-ChatGPT-Image-6-mars-2026-12_58_09-e1772798376794.jpg\",\"contentUrl\":\"https:\\\/\\\/www.sebastien-auziere.fr\\\/blog\\\/wp-content\\\/uploads\\\/2026\\\/03\\\/cropped-cropped-cropped-ChatGPT-Image-6-mars-2026-12_58_09-e1772798376794.jpg\",\"width\":512,\"height\":360,\"caption\":\"Fan site S\u00e9bastien Auzi\u00e8re\"},\"image\":{\"@id\":\"https:\\\/\\\/www.sebastien-auziere.fr\\\/blog\\\/#\\\/schema\\\/logo\\\/image\\\/\"}},{\"@type\":\"Person\",\"@id\":\"https:\\\/\\\/www.sebastien-auziere.fr\\\/blog\\\/#\\\/schema\\\/person\\\/149f1acdbfd85149c6c3e59adeae2f4d\",\"name\":\"Chloe Gauthier\",\"image\":{\"@type\":\"ImageObject\",\"inLanguage\":\"fr-FR\",\"@id\":\"https:\\\/\\\/secure.gravatar.com\\\/avatar\\\/2c5722f58171cff738a8985ef0dd66b476e563753246a49019befc837ec4201a?s=96&d=mm&r=g\",\"url\":\"https:\\\/\\\/secure.gravatar.com\\\/avatar\\\/2c5722f58171cff738a8985ef0dd66b476e563753246a49019befc837ec4201a?s=96&d=mm&r=g\",\"contentUrl\":\"https:\\\/\\\/secure.gravatar.com\\\/avatar\\\/2c5722f58171cff738a8985ef0dd66b476e563753246a49019befc837ec4201a?s=96&d=mm&r=g\",\"caption\":\"Chloe Gauthier\"},\"description\":\"Passionn\u00e9e par la politique et admiratrice engag\u00e9e de la famille Macron, je consacre mon \u00e9nergie \u00e0 suivre leurs initiatives et \u00e0 promouvoir leurs id\u00e9es. \u00c0 32 ans, je suis convaincue que leur vision est porteuse d'avenir.\",\"url\":\"https:\\\/\\\/www.sebastien-auziere.fr\\\/blog\\\/author\\\/chloe-gauthier\\\/\"}]}<\/script>\n<!-- \/ Yoast SEO plugin. -->","yoast_head_json":{"title":"Brigitte Macron: \"Rather in the kitchen...\" this role that the president would have considered for her - Fan site S\u00e9bastien Auzi\u00e8re","description":"Brigitte Macron : \u00ab Plut\u00f4t en cuisine... \u00bb D\u00e9couvrez le r\u00f4le inattendu que le pr\u00e9sident aurait envisag\u00e9 pour elle dans les coulisses du pouvoir.","robots":{"index":"index","follow":"follow","max-snippet":"max-snippet:-1","max-image-preview":"max-image-preview:large","max-video-preview":"max-video-preview:-1"},"canonical":"https:\/\/www.sebastien-auziere.fr\/blog\/en\/brigitte-macron-rather-in-the-kitchen-this-role-that-the-president-would-have-considered-for-her\/","og_locale":"fr_FR","og_type":"article","og_title":"Brigitte Macron: \"Rather in the kitchen...\" this role that the president would have considered for her - Fan site S\u00e9bastien Auzi\u00e8re","og_description":"Brigitte Macron : \u00ab Plut\u00f4t en cuisine... \u00bb D\u00e9couvrez le r\u00f4le inattendu que le pr\u00e9sident aurait envisag\u00e9 pour elle dans les coulisses du pouvoir.","og_url":"https:\/\/www.sebastien-auziere.fr\/blog\/en\/brigitte-macron-rather-in-the-kitchen-this-role-that-the-president-would-have-considered-for-her\/","og_site_name":"Fan site S\u00e9bastien Auzi\u00e8re","article_published_time":"2026-04-23T07:05:44+00:00","article_modified_time":"2026-04-23T07:06:03+00:00","og_image":[{"width":2560,"height":1429,"url":"https:\/\/www.sebastien-auziere.fr\/blog\/wp-content\/uploads\/2026\/04\/Brigitte-Macron-Plutot-en-cuisine.-ce-role-que-le-president-aurait-envisage-pour-elle.jpg","type":"image\/jpeg"}],"author":"Chloe Gauthier","twitter_card":"summary_large_image","twitter_misc":{"\u00c9crit par":"Chloe Gauthier","Dur\u00e9e de lecture estim\u00e9e":"2 minutes"},"schema":{"@context":"https:\/\/schema.org","@graph":[{"@type":"Article","@id":"https:\/\/www.sebastien-auziere.fr\/blog\/en\/brigitte-macron-rather-in-the-kitchen-this-role-that-the-president-would-have-considered-for-her\/#article","isPartOf":{"@id":"https:\/\/www.sebastien-auziere.fr\/blog\/en\/brigitte-macron-rather-in-the-kitchen-this-role-that-the-president-would-have-considered-for-her\/"},"author":{"name":"Chloe Gauthier","@id":"https:\/\/www.sebastien-auziere.fr\/blog\/#\/schema\/person\/149f1acdbfd85149c6c3e59adeae2f4d"},"headline":"Brigitte Macron: \u00ab\u00a0Rather in the kitchen&#8230;\u00a0\u00bb this role that the president would have considered for her","datePublished":"2026-04-23T07:05:44+00:00","dateModified":"2026-04-23T07:06:03+00:00","mainEntityOfPage":{"@id":"https:\/\/www.sebastien-auziere.fr\/blog\/en\/brigitte-macron-rather-in-the-kitchen-this-role-that-the-president-would-have-considered-for-her\/"},"wordCount":450,"commentCount":0,"publisher":{"@id":"https:\/\/www.sebastien-auziere.fr\/blog\/#organization"},"image":{"@id":"https:\/\/www.sebastien-auziere.fr\/blog\/en\/brigitte-macron-rather-in-the-kitchen-this-role-that-the-president-would-have-considered-for-her\/#primaryimage"},"thumbnailUrl":"https:\/\/www.sebastien-auziere.fr\/blog\/wp-content\/uploads\/2026\/04\/Brigitte-Macron-Plutot-en-cuisine.-ce-role-que-le-president-aurait-envisage-pour-elle.jpg","keywords":["brigitte macron","president emmanuel macron","presidential couple","privacy policies","role in the kitchen"],"articleSection":["News"],"inLanguage":"fr-FR","potentialAction":[{"@type":"CommentAction","name":"Comment","target":["https:\/\/www.sebastien-auziere.fr\/blog\/en\/brigitte-macron-rather-in-the-kitchen-this-role-that-the-president-would-have-considered-for-her\/#respond"]}]},{"@type":"WebPage","@id":"https:\/\/www.sebastien-auziere.fr\/blog\/en\/brigitte-macron-rather-in-the-kitchen-this-role-that-the-president-would-have-considered-for-her\/","url":"https:\/\/www.sebastien-auziere.fr\/blog\/en\/brigitte-macron-rather-in-the-kitchen-this-role-that-the-president-would-have-considered-for-her\/","name":"Brigitte Macron: \"Rather in the kitchen...\" this role that the president would have considered for her - Fan site S\u00e9bastien Auzi\u00e8re","isPartOf":{"@id":"https:\/\/www.sebastien-auziere.fr\/blog\/#website"},"primaryImageOfPage":{"@id":"https:\/\/www.sebastien-auziere.fr\/blog\/en\/brigitte-macron-rather-in-the-kitchen-this-role-that-the-president-would-have-considered-for-her\/#primaryimage"},"image":{"@id":"https:\/\/www.sebastien-auziere.fr\/blog\/en\/brigitte-macron-rather-in-the-kitchen-this-role-that-the-president-would-have-considered-for-her\/#primaryimage"},"thumbnailUrl":"https:\/\/www.sebastien-auziere.fr\/blog\/wp-content\/uploads\/2026\/04\/Brigitte-Macron-Plutot-en-cuisine.-ce-role-que-le-president-aurait-envisage-pour-elle.jpg","datePublished":"2026-04-23T07:05:44+00:00","dateModified":"2026-04-23T07:06:03+00:00","description":"Brigitte Macron : \u00ab Plut\u00f4t en cuisine... \u00bb D\u00e9couvrez le r\u00f4le inattendu que le pr\u00e9sident aurait envisag\u00e9 pour elle dans les coulisses du pouvoir.","breadcrumb":{"@id":"https:\/\/www.sebastien-auziere.fr\/blog\/en\/brigitte-macron-rather-in-the-kitchen-this-role-that-the-president-would-have-considered-for-her\/#breadcrumb"},"inLanguage":"fr-FR","potentialAction":[{"@type":"ReadAction","target":["https:\/\/www.sebastien-auziere.fr\/blog\/en\/brigitte-macron-rather-in-the-kitchen-this-role-that-the-president-would-have-considered-for-her\/"]}]},{"@type":"ImageObject","inLanguage":"fr-FR","@id":"https:\/\/www.sebastien-auziere.fr\/blog\/en\/brigitte-macron-rather-in-the-kitchen-this-role-that-the-president-would-have-considered-for-her\/#primaryimage","url":"https:\/\/www.sebastien-auziere.fr\/blog\/wp-content\/uploads\/2026\/04\/Brigitte-Macron-Plutot-en-cuisine.-ce-role-que-le-president-aurait-envisage-pour-elle.jpg","contentUrl":"https:\/\/www.sebastien-auziere.fr\/blog\/wp-content\/uploads\/2026\/04\/Brigitte-Macron-Plutot-en-cuisine.-ce-role-que-le-president-aurait-envisage-pour-elle.jpg","width":2560,"height":1429,"caption":"d\u00e9couvrez le r\u00f4le que le pr\u00e9sident emmanuel macron aurait envisag\u00e9 pour brigitte macron, avec une touche d'humour autour de ses talents en cuisine."},{"@type":"BreadcrumbList","@id":"https:\/\/www.sebastien-auziere.fr\/blog\/en\/brigitte-macron-rather-in-the-kitchen-this-role-that-the-president-would-have-considered-for-her\/#breadcrumb","itemListElement":[{"@type":"ListItem","position":1,"name":"Home","item":"https:\/\/www.sebastien-auziere.fr\/blog\/"},{"@type":"ListItem","position":2,"name":"Brigitte Macron: \u00ab\u00a0Rather in the kitchen&#8230;\u00a0\u00bb this role that the president would have considered for her"}]},{"@type":"WebSite","@id":"https:\/\/www.sebastien-auziere.fr\/blog\/#website","url":"https:\/\/www.sebastien-auziere.fr\/blog\/","name":"Fan site S\u00e9bastien Auzi\u00e8re","description":"M\u00e9dia g\u00e9n\u00e9raliste","publisher":{"@id":"https:\/\/www.sebastien-auziere.fr\/blog\/#organization"},"potentialAction":[{"@type":"SearchAction","target":{"@type":"EntryPoint","urlTemplate":"https:\/\/www.sebastien-auziere.fr\/blog\/?s={search_term_string}"},"query-input":{"@type":"PropertyValueSpecification","valueRequired":true,"valueName":"search_term_string"}}],"inLanguage":"fr-FR"},{"@type":"Organization","@id":"https:\/\/www.sebastien-auziere.fr\/blog\/#organization","name":"Fan site S\u00e9bastien Auzi\u00e8re","url":"https:\/\/www.sebastien-auziere.fr\/blog\/","logo":{"@type":"ImageObject","inLanguage":"fr-FR","@id":"https:\/\/www.sebastien-auziere.fr\/blog\/#\/schema\/logo\/image\/","url":"https:\/\/www.sebastien-auziere.fr\/blog\/wp-content\/uploads\/2026\/03\/cropped-cropped-cropped-ChatGPT-Image-6-mars-2026-12_58_09-e1772798376794.jpg","contentUrl":"https:\/\/www.sebastien-auziere.fr\/blog\/wp-content\/uploads\/2026\/03\/cropped-cropped-cropped-ChatGPT-Image-6-mars-2026-12_58_09-e1772798376794.jpg","width":512,"height":360,"caption":"Fan site S\u00e9bastien Auzi\u00e8re"},"image":{"@id":"https:\/\/www.sebastien-auziere.fr\/blog\/#\/schema\/logo\/image\/"}},{"@type":"Person","@id":"https:\/\/www.sebastien-auziere.fr\/blog\/#\/schema\/person\/149f1acdbfd85149c6c3e59adeae2f4d","name":"Chloe Gauthier","image":{"@type":"ImageObject","inLanguage":"fr-FR","@id":"https:\/\/secure.gravatar.com\/avatar\/2c5722f58171cff738a8985ef0dd66b476e563753246a49019befc837ec4201a?s=96&d=mm&r=g","url":"https:\/\/secure.gravatar.com\/avatar\/2c5722f58171cff738a8985ef0dd66b476e563753246a49019befc837ec4201a?s=96&d=mm&r=g","contentUrl":"https:\/\/secure.gravatar.com\/avatar\/2c5722f58171cff738a8985ef0dd66b476e563753246a49019befc837ec4201a?s=96&d=mm&r=g","caption":"Chloe Gauthier"},"description":"Passionn\u00e9e par la politique et admiratrice engag\u00e9e de la famille Macron, je consacre mon \u00e9nergie \u00e0 suivre leurs initiatives et \u00e0 promouvoir leurs id\u00e9es. \u00c0 32 ans, je suis convaincue que leur vision est porteuse d'avenir.","url":"https:\/\/www.sebastien-auziere.fr\/blog\/author\/chloe-gauthier\/"}]}},"views":1,"_links":{"self":[{"href":"https:\/\/www.sebastien-auziere.fr\/blog\/wp-json\/wp\/v2\/posts\/3258","targetHints":{"allow":["GET"]}}],"collection":[{"href":"https:\/\/www.sebastien-auziere.fr\/blog\/wp-json\/wp\/v2\/posts"}],"about":[{"href":"https:\/\/www.sebastien-auziere.fr\/blog\/wp-json\/wp\/v2\/types\/post"}],"author":[{"embeddable":true,"href":"https:\/\/www.sebastien-auziere.fr\/blog\/wp-json\/wp\/v2\/users\/9"}],"replies":[{"embeddable":true,"href":"https:\/\/www.sebastien-auziere.fr\/blog\/wp-json\/wp\/v2\/comments?post=3258"}],"version-history":[{"count":1,"href":"https:\/\/www.sebastien-auziere.fr\/blog\/wp-json\/wp\/v2\/posts\/3258\/revisions"}],"predecessor-version":[{"id":3259,"href":"https:\/\/www.sebastien-auziere.fr\/blog\/wp-json\/wp\/v2\/posts\/3258\/revisions\/3259"}],"wp:featuredmedia":[{"embeddable":true,"href":"https:\/\/www.sebastien-auziere.fr\/blog\/wp-json\/wp\/v2\/media\/3256"}],"wp:attachment":[{"href":"https:\/\/www.sebastien-auziere.fr\/blog\/wp-json\/wp\/v2\/media?parent=3258"}],"wp:term":[{"taxonomy":"category","embeddable":true,"href":"https:\/\/www.sebastien-auziere.fr\/blog\/wp-json\/wp\/v2\/categories?post=3258"},{"taxonomy":"post_tag","embeddable":true,"href":"https:\/\/www.sebastien-auziere.fr\/blog\/wp-json\/wp\/v2\/tags?post=3258"}],"curies":[{"name":"wp","href":"https:\/\/api.w.org\/{rel}","templated":true}]}}