{"id":3257,"date":"2026-04-23T07:05:42","date_gmt":"2026-04-23T07:05:42","guid":{"rendered":"https:\/\/www.sebastien-auziere.fr\/blog\/brigitte-macron-cuisine\/"},"modified":"2026-04-23T07:05:42","modified_gmt":"2026-04-23T07:05:42","slug":"brigitte-macron-cuisine","status":"publish","type":"post","link":"https:\/\/www.sebastien-auziere.fr\/blog\/brigitte-macron-cuisine\/","title":{"rendered":"Brigitte Macron : \u00ab Plut\u00f4t en cuisine&#8230; \u00bb ce r\u00f4le que le pr\u00e9sident aurait envisag\u00e9 pour elle"},"content":{"rendered":"<p>Quelle image surprenante: en 2022 <strong>Emmanuel Macron<\/strong> a avou\u00e9 s\u2019\u00eatre vu \u00ab <strong>plut\u00f4t \u00e0 la cuisine<\/strong> \u00bb ou \u00e0 la boulangerie, et non en \u00e9crivain. Tu d\u00e9couvriras ici comment cette confidence croise les attentes de <strong>Brigitte Macron<\/strong> et ce que signifie ce possible r\u00f4le domestique au c\u0153ur de l\u2019<strong>\u00c9lys\u00e9e<\/strong>.<\/p>\n\n<h2 class=\"wp-block-heading\">Emmanuel Macron: \u00ab plut\u00f4t en cuisine \u00bb et l\u2019\u00e9vasion d\u2019un pr\u00e9sident<\/h2>\n\n<p>Lors d\u2019un entretien en 2022, <strong>le pr\u00e9sident<\/strong> a reconnu qu\u2019il s\u2019imaginait un rythme de vie plus artisanal, \u00e9voquant la <strong>cuisine<\/strong> et la boulangerie plut\u00f4t que la plume. Cette d\u00e9claration, relay\u00e9e par la presse, r\u00e9v\u00e8le une facette intime d\u2019un chef d\u2019\u00c9tat souvent per\u00e7u comme enti\u00e8rement d\u00e9di\u00e9 \u00e0 la <strong>politique<\/strong>. Pour en savoir plus sur ses go\u00fbts et confidences, consulte l\u2019article sur <a href=\"https:\/\/www.mariefrance.fr\/culture\/emmanuel-macron-voici-son-plat-prefere-601821.html\">son plat pr\u00e9f\u00e9r\u00e9<\/a>.<\/p>\n\n<h2 class=\"wp-block-heading\">Ce que Brigitte Macron esp\u00e9rait pour son compagnon<\/h2>\n\n<p><strong>Brigitte Macron<\/strong> a plusieurs fois laiss\u00e9 entendre qu\u2019elle imaginait un destin artistique pour son mari, pensant qu\u2019il serait plut\u00f4t \u00e9crivain ou artiste. Cette attente montre le d\u00e9calage entre la vie de couple et la mont\u00e9e aux responsabilit\u00e9s nationales. La place de la <strong>premi\u00e8re dame<\/strong> face aux projecteurs illustre combien la <strong>famille pr\u00e9sidentielle<\/strong> vit chaque choix comme un \u00e9v\u00e9nement public.<\/p>\n\n<h2 class=\"wp-block-heading\">Le quotidien \u00e0 l\u2019\u00c9lys\u00e9e: r\u00f4le, discours et influence<\/h2>\n\n<p>Endosser le costume de <strong>premi\u00e8re dame<\/strong> n\u2019a pas \u00e9t\u00e9 un choix anodin pour Brigitte; elle a admis \u00eatre surprise par l\u2019intensit\u00e9 m\u00e9diatique lors des deux arriv\u00e9es \u00e0 l\u2019<strong>\u00c9lys\u00e9e<\/strong> en 2017 et 2022. Entre conseils discrets et pr\u00e9sence lors des <strong>discours<\/strong>, son r\u00f4le bouscule les fronti\u00e8res entre vie priv\u00e9e et mission publique, et il influe parfois sur l\u2019agenda du <strong>gouvernement<\/strong>. Des portraits de la presse d\u00e9crivent cette influence nuanc\u00e9e, notamment dans la presse people et d\u2019analyse.<\/p>\n\n<p>Tu peux voir un extrait vid\u00e9o montrant une visite officielle et quelques coulisses de protocole.<\/p>\n\n<h2 class=\"wp-block-heading\">Rumeurs, justice et soutien ext\u00e9rieur<\/h2>\n\n<p>La <strong>famille pr\u00e9sidentielle<\/strong> a affront\u00e9 des rumeurs persistantes, parfois grotesques, qui ont conduit Brigitte \u00e0 saisir la justice pour prot\u00e9ger son image. L\u2019affaire a m\u00eame suscit\u00e9 des r\u00e9actions internationales, et des voix ext\u00e9rieures se sont manifest\u00e9es publiquement. Ces \u00e9pisodes rappellent la vuln\u00e9rabilit\u00e9 m\u00e9diatique d\u2019un couple au sommet de l\u2019\u00c9tat et nourrissent le d\u00e9bat sur le respect de la vie priv\u00e9e en p\u00e9riode de <strong>politique<\/strong>.<\/p>\n\n<p>Pour compl\u00e9ter, un reportage retrace des anecdotes de coulisses, comme cette fois o\u00f9 le chef a improvis\u00e9 un plat pour le couple pr\u00e9sidentiel.<\/p>\n\n<p>Envie d\u2019en savoir plus sur <strong>Brigitte Macron<\/strong>, son style et les coulisses de la <strong>famille pr\u00e9sidentielle<\/strong> ? D\u00e9couvre des dossiers d\u00e9taill\u00e9s et des dossiers photo sur <a href=\"https:\/\/www.sebastien-auziere.fr\/blog\/brigitte-macron-robe-rouge\/\">sa garde-robe<\/a> et la <a href=\"https:\/\/www.sebastien-auziere.fr\/blog\/brigitte-macron-villa-touquet\/\">maison familiale au Touquet<\/a>, ainsi que d\u2019autres articles consacr\u00e9s \u00e0 la pr\u00e9sence publique de la premi\u00e8re dame sur <a href=\"https:\/\/www.sebastien-auziere.fr\/blog\/brigitte-macron-73-ans\/\">sebastien-auziere.fr<\/a>. Tu y trouveras des portraits, des dates cl\u00e9s et des archives pour mieux comprendre ce r\u00f4le si singulier.<\/p>\n\n","protected":false},"excerpt":{"rendered":"<p>Quelle image surprenante: en 2022 Emmanuel Macron a avou\u00e9 s\u2019\u00eatre vu \u00ab plut\u00f4t \u00e0 la cuisine \u00bb ou \u00e0 la boulangerie, et non en \u00e9crivain. Tu d\u00e9couvriras ici comment cette confidence croise les attentes de Brigitte Macron et ce que signifie ce possible r\u00f4le domestique au c\u0153ur de l\u2019\u00c9lys\u00e9e. Emmanuel Macron: \u00ab plut\u00f4t en cuisine &#8230; <a title=\"Brigitte Macron : \u00ab Plut\u00f4t en cuisine&#8230; \u00bb ce r\u00f4le que le pr\u00e9sident aurait envisag\u00e9 pour elle\" class=\"read-more\" href=\"https:\/\/www.sebastien-auziere.fr\/blog\/brigitte-macron-cuisine\/\" aria-label=\"En savoir plus sur Brigitte Macron : \u00ab Plut\u00f4t en cuisine&#8230; \u00bb ce r\u00f4le que le pr\u00e9sident aurait envisag\u00e9 pour elle\">Lire plus<\/a><\/p>\n","protected":false},"author":9,"featured_media":3256,"comment_status":"open","ping_status":"open","sticky":false,"template":"","format":"standard","meta":{"footnotes":""},"categories":[597],"tags":[892,3150,4057,4059,4061],"class_list":["post-3257","post","type-post","status-publish","format-standard","has-post-thumbnail","hentry","category-actualites","tag-brigitte-macron","tag-couple-presidentiel","tag-president-emmanuel-macron","tag-role-en-cuisine","tag-vie-privee-des-politiques"],"yoast_head":"<!-- This site is optimized with the Yoast SEO plugin v27.5 - https:\/\/yoast.com\/product\/yoast-seo-wordpress\/ -->\n<title>Brigitte Macron : \u00ab Plut\u00f4t en cuisine... \u00bb ce r\u00f4le que le pr\u00e9sident aurait envisag\u00e9 pour elle - Fan site S\u00e9bastien Auzi\u00e8re<\/title>\n<meta name=\"description\" content=\"Brigitte Macron : \u00ab Plut\u00f4t en cuisine... \u00bb D\u00e9couvrez le r\u00f4le inattendu que le pr\u00e9sident aurait envisag\u00e9 pour elle dans les coulisses du pouvoir.\" \/>\n<meta name=\"robots\" content=\"index, follow, max-snippet:-1, max-image-preview:large, max-video-preview:-1\" \/>\n<link rel=\"canonical\" href=\"https:\/\/www.sebastien-auziere.fr\/blog\/brigitte-macron-cuisine\/\" \/>\n<meta property=\"og:locale\" content=\"fr_FR\" \/>\n<meta property=\"og:type\" content=\"article\" \/>\n<meta property=\"og:title\" content=\"Brigitte Macron : \u00ab Plut\u00f4t en cuisine... \u00bb ce r\u00f4le que le pr\u00e9sident aurait envisag\u00e9 pour elle - Fan site S\u00e9bastien Auzi\u00e8re\" \/>\n<meta property=\"og:description\" content=\"Brigitte Macron : \u00ab Plut\u00f4t en cuisine... \u00bb D\u00e9couvrez le r\u00f4le inattendu que le pr\u00e9sident aurait envisag\u00e9 pour elle dans les coulisses du pouvoir.\" \/>\n<meta property=\"og:url\" content=\"https:\/\/www.sebastien-auziere.fr\/blog\/brigitte-macron-cuisine\/\" \/>\n<meta property=\"og:site_name\" content=\"Fan site S\u00e9bastien Auzi\u00e8re\" \/>\n<meta property=\"article:published_time\" content=\"2026-04-23T07:05:42+00:00\" \/>\n<meta property=\"og:image\" content=\"https:\/\/www.sebastien-auziere.fr\/blog\/wp-content\/uploads\/2026\/04\/Brigitte-Macron-Plutot-en-cuisine.-ce-role-que-le-president-aurait-envisage-pour-elle.jpg\" \/>\n\t<meta property=\"og:image:width\" content=\"2560\" \/>\n\t<meta property=\"og:image:height\" content=\"1429\" \/>\n\t<meta property=\"og:image:type\" content=\"image\/jpeg\" \/>\n<meta name=\"author\" content=\"Chloe Gauthier\" \/>\n<meta name=\"twitter:card\" content=\"summary_large_image\" \/>\n<meta name=\"twitter:label1\" content=\"\u00c9crit par\" \/>\n\t<meta name=\"twitter:data1\" content=\"Chloe Gauthier\" \/>\n\t<meta name=\"twitter:label2\" content=\"Dur\u00e9e de lecture estim\u00e9e\" \/>\n\t<meta name=\"twitter:data2\" content=\"3 minutes\" \/>\n<script type=\"application\/ld+json\" class=\"yoast-schema-graph\">{\"@context\":\"https:\\\/\\\/schema.org\",\"@graph\":[{\"@type\":\"Article\",\"@id\":\"https:\\\/\\\/www.sebastien-auziere.fr\\\/blog\\\/brigitte-macron-cuisine\\\/#article\",\"isPartOf\":{\"@id\":\"https:\\\/\\\/www.sebastien-auziere.fr\\\/blog\\\/brigitte-macron-cuisine\\\/\"},\"author\":{\"name\":\"Chloe Gauthier\",\"@id\":\"https:\\\/\\\/www.sebastien-auziere.fr\\\/blog\\\/#\\\/schema\\\/person\\\/149f1acdbfd85149c6c3e59adeae2f4d\"},\"headline\":\"Brigitte Macron : \u00ab Plut\u00f4t en cuisine&#8230; \u00bb ce r\u00f4le que le pr\u00e9sident aurait envisag\u00e9 pour elle\",\"datePublished\":\"2026-04-23T07:05:42+00:00\",\"mainEntityOfPage\":{\"@id\":\"https:\\\/\\\/www.sebastien-auziere.fr\\\/blog\\\/brigitte-macron-cuisine\\\/\"},\"wordCount\":535,\"commentCount\":0,\"publisher\":{\"@id\":\"https:\\\/\\\/www.sebastien-auziere.fr\\\/blog\\\/#organization\"},\"image\":{\"@id\":\"https:\\\/\\\/www.sebastien-auziere.fr\\\/blog\\\/brigitte-macron-cuisine\\\/#primaryimage\"},\"thumbnailUrl\":\"https:\\\/\\\/www.sebastien-auziere.fr\\\/blog\\\/wp-content\\\/uploads\\\/2026\\\/04\\\/Brigitte-Macron-Plutot-en-cuisine.-ce-role-que-le-president-aurait-envisage-pour-elle.jpg\",\"keywords\":[\"brigitte macron\",\"couple pr\u00e9sidentiel\",\"pr\u00e9sident emmanuel macron\",\"r\u00f4le en cuisine\",\"vie priv\u00e9e des politiques\"],\"articleSection\":[\"Actualit\u00e9s\"],\"inLanguage\":\"fr-FR\",\"potentialAction\":[{\"@type\":\"CommentAction\",\"name\":\"Comment\",\"target\":[\"https:\\\/\\\/www.sebastien-auziere.fr\\\/blog\\\/brigitte-macron-cuisine\\\/#respond\"]}]},{\"@type\":\"WebPage\",\"@id\":\"https:\\\/\\\/www.sebastien-auziere.fr\\\/blog\\\/brigitte-macron-cuisine\\\/\",\"url\":\"https:\\\/\\\/www.sebastien-auziere.fr\\\/blog\\\/brigitte-macron-cuisine\\\/\",\"name\":\"Brigitte Macron : \u00ab Plut\u00f4t en cuisine... \u00bb ce r\u00f4le que le pr\u00e9sident aurait envisag\u00e9 pour elle - Fan site S\u00e9bastien Auzi\u00e8re\",\"isPartOf\":{\"@id\":\"https:\\\/\\\/www.sebastien-auziere.fr\\\/blog\\\/#website\"},\"primaryImageOfPage\":{\"@id\":\"https:\\\/\\\/www.sebastien-auziere.fr\\\/blog\\\/brigitte-macron-cuisine\\\/#primaryimage\"},\"image\":{\"@id\":\"https:\\\/\\\/www.sebastien-auziere.fr\\\/blog\\\/brigitte-macron-cuisine\\\/#primaryimage\"},\"thumbnailUrl\":\"https:\\\/\\\/www.sebastien-auziere.fr\\\/blog\\\/wp-content\\\/uploads\\\/2026\\\/04\\\/Brigitte-Macron-Plutot-en-cuisine.-ce-role-que-le-president-aurait-envisage-pour-elle.jpg\",\"datePublished\":\"2026-04-23T07:05:42+00:00\",\"description\":\"Brigitte Macron : \u00ab Plut\u00f4t en cuisine... \u00bb D\u00e9couvrez le r\u00f4le inattendu que le pr\u00e9sident aurait envisag\u00e9 pour elle dans les coulisses du pouvoir.\",\"breadcrumb\":{\"@id\":\"https:\\\/\\\/www.sebastien-auziere.fr\\\/blog\\\/brigitte-macron-cuisine\\\/#breadcrumb\"},\"inLanguage\":\"fr-FR\",\"potentialAction\":[{\"@type\":\"ReadAction\",\"target\":[\"https:\\\/\\\/www.sebastien-auziere.fr\\\/blog\\\/brigitte-macron-cuisine\\\/\"]}]},{\"@type\":\"ImageObject\",\"inLanguage\":\"fr-FR\",\"@id\":\"https:\\\/\\\/www.sebastien-auziere.fr\\\/blog\\\/brigitte-macron-cuisine\\\/#primaryimage\",\"url\":\"https:\\\/\\\/www.sebastien-auziere.fr\\\/blog\\\/wp-content\\\/uploads\\\/2026\\\/04\\\/Brigitte-Macron-Plutot-en-cuisine.-ce-role-que-le-president-aurait-envisage-pour-elle.jpg\",\"contentUrl\":\"https:\\\/\\\/www.sebastien-auziere.fr\\\/blog\\\/wp-content\\\/uploads\\\/2026\\\/04\\\/Brigitte-Macron-Plutot-en-cuisine.-ce-role-que-le-president-aurait-envisage-pour-elle.jpg\",\"width\":2560,\"height\":1429,\"caption\":\"d\u00e9couvrez le r\u00f4le que le pr\u00e9sident emmanuel macron aurait envisag\u00e9 pour brigitte macron, avec une touche d'humour autour de ses talents en cuisine.\"},{\"@type\":\"BreadcrumbList\",\"@id\":\"https:\\\/\\\/www.sebastien-auziere.fr\\\/blog\\\/brigitte-macron-cuisine\\\/#breadcrumb\",\"itemListElement\":[{\"@type\":\"ListItem\",\"position\":1,\"name\":\"Home\",\"item\":\"https:\\\/\\\/www.sebastien-auziere.fr\\\/blog\\\/\"},{\"@type\":\"ListItem\",\"position\":2,\"name\":\"Brigitte Macron : \u00ab Plut\u00f4t en cuisine&#8230; \u00bb ce r\u00f4le que le pr\u00e9sident aurait envisag\u00e9 pour elle\"}]},{\"@type\":\"WebSite\",\"@id\":\"https:\\\/\\\/www.sebastien-auziere.fr\\\/blog\\\/#website\",\"url\":\"https:\\\/\\\/www.sebastien-auziere.fr\\\/blog\\\/\",\"name\":\"Fan site S\u00e9bastien Auzi\u00e8re\",\"description\":\"M\u00e9dia g\u00e9n\u00e9raliste\",\"publisher\":{\"@id\":\"https:\\\/\\\/www.sebastien-auziere.fr\\\/blog\\\/#organization\"},\"potentialAction\":[{\"@type\":\"SearchAction\",\"target\":{\"@type\":\"EntryPoint\",\"urlTemplate\":\"https:\\\/\\\/www.sebastien-auziere.fr\\\/blog\\\/?s={search_term_string}\"},\"query-input\":{\"@type\":\"PropertyValueSpecification\",\"valueRequired\":true,\"valueName\":\"search_term_string\"}}],\"inLanguage\":\"fr-FR\"},{\"@type\":\"Organization\",\"@id\":\"https:\\\/\\\/www.sebastien-auziere.fr\\\/blog\\\/#organization\",\"name\":\"Fan site S\u00e9bastien Auzi\u00e8re\",\"url\":\"https:\\\/\\\/www.sebastien-auziere.fr\\\/blog\\\/\",\"logo\":{\"@type\":\"ImageObject\",\"inLanguage\":\"fr-FR\",\"@id\":\"https:\\\/\\\/www.sebastien-auziere.fr\\\/blog\\\/#\\\/schema\\\/logo\\\/image\\\/\",\"url\":\"https:\\\/\\\/www.sebastien-auziere.fr\\\/blog\\\/wp-content\\\/uploads\\\/2026\\\/03\\\/cropped-cropped-cropped-ChatGPT-Image-6-mars-2026-12_58_09-e1772798376794.jpg\",\"contentUrl\":\"https:\\\/\\\/www.sebastien-auziere.fr\\\/blog\\\/wp-content\\\/uploads\\\/2026\\\/03\\\/cropped-cropped-cropped-ChatGPT-Image-6-mars-2026-12_58_09-e1772798376794.jpg\",\"width\":512,\"height\":360,\"caption\":\"Fan site S\u00e9bastien Auzi\u00e8re\"},\"image\":{\"@id\":\"https:\\\/\\\/www.sebastien-auziere.fr\\\/blog\\\/#\\\/schema\\\/logo\\\/image\\\/\"}},{\"@type\":\"Person\",\"@id\":\"https:\\\/\\\/www.sebastien-auziere.fr\\\/blog\\\/#\\\/schema\\\/person\\\/149f1acdbfd85149c6c3e59adeae2f4d\",\"name\":\"Chloe Gauthier\",\"image\":{\"@type\":\"ImageObject\",\"inLanguage\":\"fr-FR\",\"@id\":\"https:\\\/\\\/secure.gravatar.com\\\/avatar\\\/2c5722f58171cff738a8985ef0dd66b476e563753246a49019befc837ec4201a?s=96&d=mm&r=g\",\"url\":\"https:\\\/\\\/secure.gravatar.com\\\/avatar\\\/2c5722f58171cff738a8985ef0dd66b476e563753246a49019befc837ec4201a?s=96&d=mm&r=g\",\"contentUrl\":\"https:\\\/\\\/secure.gravatar.com\\\/avatar\\\/2c5722f58171cff738a8985ef0dd66b476e563753246a49019befc837ec4201a?s=96&d=mm&r=g\",\"caption\":\"Chloe Gauthier\"},\"description\":\"Passionn\u00e9e par la politique et admiratrice engag\u00e9e de la famille Macron, je consacre mon \u00e9nergie \u00e0 suivre leurs initiatives et \u00e0 promouvoir leurs id\u00e9es. \u00c0 32 ans, je suis convaincue que leur vision est porteuse d'avenir.\",\"url\":\"https:\\\/\\\/www.sebastien-auziere.fr\\\/blog\\\/author\\\/chloe-gauthier\\\/\"}]}<\/script>\n<!-- \/ Yoast SEO plugin. -->","yoast_head_json":{"title":"Brigitte Macron : \u00ab Plut\u00f4t en cuisine... \u00bb ce r\u00f4le que le pr\u00e9sident aurait envisag\u00e9 pour elle - Fan site S\u00e9bastien Auzi\u00e8re","description":"Brigitte Macron : \u00ab Plut\u00f4t en cuisine... \u00bb D\u00e9couvrez le r\u00f4le inattendu que le pr\u00e9sident aurait envisag\u00e9 pour elle dans les coulisses du pouvoir.","robots":{"index":"index","follow":"follow","max-snippet":"max-snippet:-1","max-image-preview":"max-image-preview:large","max-video-preview":"max-video-preview:-1"},"canonical":"https:\/\/www.sebastien-auziere.fr\/blog\/brigitte-macron-cuisine\/","og_locale":"fr_FR","og_type":"article","og_title":"Brigitte Macron : \u00ab Plut\u00f4t en cuisine... \u00bb ce r\u00f4le que le pr\u00e9sident aurait envisag\u00e9 pour elle - Fan site S\u00e9bastien Auzi\u00e8re","og_description":"Brigitte Macron : \u00ab Plut\u00f4t en cuisine... \u00bb D\u00e9couvrez le r\u00f4le inattendu que le pr\u00e9sident aurait envisag\u00e9 pour elle dans les coulisses du pouvoir.","og_url":"https:\/\/www.sebastien-auziere.fr\/blog\/brigitte-macron-cuisine\/","og_site_name":"Fan site S\u00e9bastien Auzi\u00e8re","article_published_time":"2026-04-23T07:05:42+00:00","og_image":[{"width":2560,"height":1429,"url":"https:\/\/www.sebastien-auziere.fr\/blog\/wp-content\/uploads\/2026\/04\/Brigitte-Macron-Plutot-en-cuisine.-ce-role-que-le-president-aurait-envisage-pour-elle.jpg","type":"image\/jpeg"}],"author":"Chloe Gauthier","twitter_card":"summary_large_image","twitter_misc":{"\u00c9crit par":"Chloe Gauthier","Dur\u00e9e de lecture estim\u00e9e":"3 minutes"},"schema":{"@context":"https:\/\/schema.org","@graph":[{"@type":"Article","@id":"https:\/\/www.sebastien-auziere.fr\/blog\/brigitte-macron-cuisine\/#article","isPartOf":{"@id":"https:\/\/www.sebastien-auziere.fr\/blog\/brigitte-macron-cuisine\/"},"author":{"name":"Chloe Gauthier","@id":"https:\/\/www.sebastien-auziere.fr\/blog\/#\/schema\/person\/149f1acdbfd85149c6c3e59adeae2f4d"},"headline":"Brigitte Macron : \u00ab Plut\u00f4t en cuisine&#8230; \u00bb ce r\u00f4le que le pr\u00e9sident aurait envisag\u00e9 pour elle","datePublished":"2026-04-23T07:05:42+00:00","mainEntityOfPage":{"@id":"https:\/\/www.sebastien-auziere.fr\/blog\/brigitte-macron-cuisine\/"},"wordCount":535,"commentCount":0,"publisher":{"@id":"https:\/\/www.sebastien-auziere.fr\/blog\/#organization"},"image":{"@id":"https:\/\/www.sebastien-auziere.fr\/blog\/brigitte-macron-cuisine\/#primaryimage"},"thumbnailUrl":"https:\/\/www.sebastien-auziere.fr\/blog\/wp-content\/uploads\/2026\/04\/Brigitte-Macron-Plutot-en-cuisine.-ce-role-que-le-president-aurait-envisage-pour-elle.jpg","keywords":["brigitte macron","couple pr\u00e9sidentiel","pr\u00e9sident emmanuel macron","r\u00f4le en cuisine","vie priv\u00e9e des politiques"],"articleSection":["Actualit\u00e9s"],"inLanguage":"fr-FR","potentialAction":[{"@type":"CommentAction","name":"Comment","target":["https:\/\/www.sebastien-auziere.fr\/blog\/brigitte-macron-cuisine\/#respond"]}]},{"@type":"WebPage","@id":"https:\/\/www.sebastien-auziere.fr\/blog\/brigitte-macron-cuisine\/","url":"https:\/\/www.sebastien-auziere.fr\/blog\/brigitte-macron-cuisine\/","name":"Brigitte Macron : \u00ab Plut\u00f4t en cuisine... \u00bb ce r\u00f4le que le pr\u00e9sident aurait envisag\u00e9 pour elle - Fan site S\u00e9bastien Auzi\u00e8re","isPartOf":{"@id":"https:\/\/www.sebastien-auziere.fr\/blog\/#website"},"primaryImageOfPage":{"@id":"https:\/\/www.sebastien-auziere.fr\/blog\/brigitte-macron-cuisine\/#primaryimage"},"image":{"@id":"https:\/\/www.sebastien-auziere.fr\/blog\/brigitte-macron-cuisine\/#primaryimage"},"thumbnailUrl":"https:\/\/www.sebastien-auziere.fr\/blog\/wp-content\/uploads\/2026\/04\/Brigitte-Macron-Plutot-en-cuisine.-ce-role-que-le-president-aurait-envisage-pour-elle.jpg","datePublished":"2026-04-23T07:05:42+00:00","description":"Brigitte Macron : \u00ab Plut\u00f4t en cuisine... \u00bb D\u00e9couvrez le r\u00f4le inattendu que le pr\u00e9sident aurait envisag\u00e9 pour elle dans les coulisses du pouvoir.","breadcrumb":{"@id":"https:\/\/www.sebastien-auziere.fr\/blog\/brigitte-macron-cuisine\/#breadcrumb"},"inLanguage":"fr-FR","potentialAction":[{"@type":"ReadAction","target":["https:\/\/www.sebastien-auziere.fr\/blog\/brigitte-macron-cuisine\/"]}]},{"@type":"ImageObject","inLanguage":"fr-FR","@id":"https:\/\/www.sebastien-auziere.fr\/blog\/brigitte-macron-cuisine\/#primaryimage","url":"https:\/\/www.sebastien-auziere.fr\/blog\/wp-content\/uploads\/2026\/04\/Brigitte-Macron-Plutot-en-cuisine.-ce-role-que-le-president-aurait-envisage-pour-elle.jpg","contentUrl":"https:\/\/www.sebastien-auziere.fr\/blog\/wp-content\/uploads\/2026\/04\/Brigitte-Macron-Plutot-en-cuisine.-ce-role-que-le-president-aurait-envisage-pour-elle.jpg","width":2560,"height":1429,"caption":"d\u00e9couvrez le r\u00f4le que le pr\u00e9sident emmanuel macron aurait envisag\u00e9 pour brigitte macron, avec une touche d'humour autour de ses talents en cuisine."},{"@type":"BreadcrumbList","@id":"https:\/\/www.sebastien-auziere.fr\/blog\/brigitte-macron-cuisine\/#breadcrumb","itemListElement":[{"@type":"ListItem","position":1,"name":"Home","item":"https:\/\/www.sebastien-auziere.fr\/blog\/"},{"@type":"ListItem","position":2,"name":"Brigitte Macron : \u00ab Plut\u00f4t en cuisine&#8230; \u00bb ce r\u00f4le que le pr\u00e9sident aurait envisag\u00e9 pour elle"}]},{"@type":"WebSite","@id":"https:\/\/www.sebastien-auziere.fr\/blog\/#website","url":"https:\/\/www.sebastien-auziere.fr\/blog\/","name":"Fan site S\u00e9bastien Auzi\u00e8re","description":"M\u00e9dia g\u00e9n\u00e9raliste","publisher":{"@id":"https:\/\/www.sebastien-auziere.fr\/blog\/#organization"},"potentialAction":[{"@type":"SearchAction","target":{"@type":"EntryPoint","urlTemplate":"https:\/\/www.sebastien-auziere.fr\/blog\/?s={search_term_string}"},"query-input":{"@type":"PropertyValueSpecification","valueRequired":true,"valueName":"search_term_string"}}],"inLanguage":"fr-FR"},{"@type":"Organization","@id":"https:\/\/www.sebastien-auziere.fr\/blog\/#organization","name":"Fan site S\u00e9bastien Auzi\u00e8re","url":"https:\/\/www.sebastien-auziere.fr\/blog\/","logo":{"@type":"ImageObject","inLanguage":"fr-FR","@id":"https:\/\/www.sebastien-auziere.fr\/blog\/#\/schema\/logo\/image\/","url":"https:\/\/www.sebastien-auziere.fr\/blog\/wp-content\/uploads\/2026\/03\/cropped-cropped-cropped-ChatGPT-Image-6-mars-2026-12_58_09-e1772798376794.jpg","contentUrl":"https:\/\/www.sebastien-auziere.fr\/blog\/wp-content\/uploads\/2026\/03\/cropped-cropped-cropped-ChatGPT-Image-6-mars-2026-12_58_09-e1772798376794.jpg","width":512,"height":360,"caption":"Fan site S\u00e9bastien Auzi\u00e8re"},"image":{"@id":"https:\/\/www.sebastien-auziere.fr\/blog\/#\/schema\/logo\/image\/"}},{"@type":"Person","@id":"https:\/\/www.sebastien-auziere.fr\/blog\/#\/schema\/person\/149f1acdbfd85149c6c3e59adeae2f4d","name":"Chloe Gauthier","image":{"@type":"ImageObject","inLanguage":"fr-FR","@id":"https:\/\/secure.gravatar.com\/avatar\/2c5722f58171cff738a8985ef0dd66b476e563753246a49019befc837ec4201a?s=96&d=mm&r=g","url":"https:\/\/secure.gravatar.com\/avatar\/2c5722f58171cff738a8985ef0dd66b476e563753246a49019befc837ec4201a?s=96&d=mm&r=g","contentUrl":"https:\/\/secure.gravatar.com\/avatar\/2c5722f58171cff738a8985ef0dd66b476e563753246a49019befc837ec4201a?s=96&d=mm&r=g","caption":"Chloe Gauthier"},"description":"Passionn\u00e9e par la politique et admiratrice engag\u00e9e de la famille Macron, je consacre mon \u00e9nergie \u00e0 suivre leurs initiatives et \u00e0 promouvoir leurs id\u00e9es. \u00c0 32 ans, je suis convaincue que leur vision est porteuse d'avenir.","url":"https:\/\/www.sebastien-auziere.fr\/blog\/author\/chloe-gauthier\/"}]}},"views":1104,"_links":{"self":[{"href":"https:\/\/www.sebastien-auziere.fr\/blog\/wp-json\/wp\/v2\/posts\/3257","targetHints":{"allow":["GET"]}}],"collection":[{"href":"https:\/\/www.sebastien-auziere.fr\/blog\/wp-json\/wp\/v2\/posts"}],"about":[{"href":"https:\/\/www.sebastien-auziere.fr\/blog\/wp-json\/wp\/v2\/types\/post"}],"author":[{"embeddable":true,"href":"https:\/\/www.sebastien-auziere.fr\/blog\/wp-json\/wp\/v2\/users\/9"}],"replies":[{"embeddable":true,"href":"https:\/\/www.sebastien-auziere.fr\/blog\/wp-json\/wp\/v2\/comments?post=3257"}],"version-history":[{"count":0,"href":"https:\/\/www.sebastien-auziere.fr\/blog\/wp-json\/wp\/v2\/posts\/3257\/revisions"}],"wp:featuredmedia":[{"embeddable":true,"href":"https:\/\/www.sebastien-auziere.fr\/blog\/wp-json\/wp\/v2\/media\/3256"}],"wp:attachment":[{"href":"https:\/\/www.sebastien-auziere.fr\/blog\/wp-json\/wp\/v2\/media?parent=3257"}],"wp:term":[{"taxonomy":"category","embeddable":true,"href":"https:\/\/www.sebastien-auziere.fr\/blog\/wp-json\/wp\/v2\/categories?post=3257"},{"taxonomy":"post_tag","embeddable":true,"href":"https:\/\/www.sebastien-auziere.fr\/blog\/wp-json\/wp\/v2\/tags?post=3257"}],"curies":[{"name":"wp","href":"https:\/\/api.w.org\/{rel}","templated":true}]}}