{"id":3250,"date":"2026-04-22T19:13:33","date_gmt":"2026-04-22T19:13:33","guid":{"rendered":"https:\/\/www.sebastien-auziere.fr\/blog\/?p=3250"},"modified":"2026-04-22T19:13:56","modified_gmt":"2026-04-22T19:13:56","slug":"brigitte-macron-in-marocco-le-ragioni-inedite-del-suo-viaggio-in-solitaria-senza-emmanuel-macron","status":"publish","type":"post","link":"https:\/\/www.sebastien-auziere.fr\/blog\/it\/brigitte-macron-in-marocco-le-ragioni-inedite-del-suo-viaggio-in-solitaria-senza-emmanuel-macron\/","title":{"rendered":"Brigitte Macron in Marocco: le ragioni inedite del suo viaggio in solitaria senza Emmanuel Macron"},"content":{"rendered":"<p><strong>Brigitte Macron<\/strong> \u00e8 partita da sola per il <strong>Marocco<\/strong> il <strong>22 aprile<\/strong>, un arrivo che ha sorpreso tanto quanto ha colpito gli osservatori: inaugurazione del <strong>Teatro Reale di Rabat<\/strong> e missione culturale nel cuore di un riavvicinamento diplomatico. Scoprirai qui perch\u00e9 questo <strong>spostamento in solitaria<\/strong> non \u00e8 irrilevante e come si inserisce in una strategia pi\u00f9 ampia attorno alla <strong>diplomazia<\/strong> culturale.<\/p>\n\n<p><strong>In breve<\/strong>: una quarta missione all&rsquo;estero in solitaria in quasi nove anni, una scelta di itinerario incentrata sulla cultura e sull&rsquo;istruzione, e un messaggio chiaro nelle relazioni franco-marocchine tramite una presenza simbolica al Teatro Reale.<\/p>\n\n<h2 class=\"wp-block-heading\">Un viaggio in solitaria raro e molto controllato<\/h2>\n\n<p>Questo <strong>spostamento in solitaria<\/strong> \u00e8 la quarta missione indipendente della Prima dama in quasi nove anni, secondo <strong>L\u2019Opinion<\/strong>, il che ne sottolinea la rarit\u00e0 e l&rsquo;importanza. In loco, Brigitte Macron ha inaugurato il <strong>Teatro Reale di Rabat<\/strong>, un progetto atteso da anni, scegliendo di viaggiare con Air France piuttosto che con l&rsquo;aereo presidenziale. Questa scelta logistica conferma un approccio pi\u00f9 personale e mirato alle missioni ufficiali.<\/p>\n\n<h2 class=\"wp-block-heading\">Una missione culturale al servizio delle relazioni franco-marocchine<\/h2>\n\n<p>La visita si inserisce in una sequenza diplomatica densa tra Parigi e Rabat: incontri precedenti con membri della famiglia reale nel 2024 e la visita di Stato di ottobre volta a \u00ab\u00a0scrivere un nuovo capitolo\u00a0\u00bb delle <strong>relazioni franco-marocchine<\/strong>. Intervenendo sulla cultura, Brigitte Macron invia un segnale di <strong>diplomazia<\/strong> dolce, incentrata sull&rsquo;istruzione e sugli scambi artistici, lontana dalle dichiarazioni politiche dirette.<\/p>\n\n<h2 class=\"wp-block-heading\">Impegno sociale e postura pubblica consapevole<\/h2>\n\n<p>Oltre all&rsquo;inaugurazione, questa missione riflette un impegno sociale rafforzato: lotta contro il cyberbullismo, difesa del <strong>Digital Services Act<\/strong> durante interventi recenti all&rsquo;estero, e coinvolgimento in progetti educativi. La sua presenza in Marocco rafforza l&rsquo;idea di una Prima dama attiva su grandi cause sociali, curando un&rsquo;immagine pubblica moderna, elegante e volitiva.<\/p>\n\n<h3 class=\"wp-block-heading\">Un ruolo di Prima dama sempre pi\u00f9 autonomo<\/h3>\n\n<p>Questa autonomia si manifesta nella frequenza crescente delle sue missioni e nella variet\u00e0 dei temi trattati: cultura, istruzione, cause sociali. Lo spostamento a Rabat appare come un gesto diplomatico misurato, complementare all&rsquo;azione del presidente <strong>Emmanuel Macron<\/strong>, e illustra la trasformazione del ruolo di Prima dama in una funzione pi\u00f9 strutturata e visibile sulla scena internazionale.<\/p>\n\n<p>Vuoi saperne di pi\u00f9 sui retroscena e sui legami familiari che circondano questi spostamenti? Scopri di pi\u00f9 su S\u00e9bastien Auzi\u00e8re e la famiglia Macron su <a href=\"https:\/\/www.sebastien-auziere.fr\/blog\/brigitte-macron-vatican\/\">i loro archivi e analisi<\/a> e leggi i ritratti dettagliati disponibili, in particolare la cronaca dedicata alle apparizioni e agli impegni di Brigitte su <a href=\"https:\/\/www.sebastien-auziere.fr\/blog\/brigitte-macron-robe-elegante\/\">sebastien-auziere.fr<\/a>. Per un panorama mediatico complementare su questo viaggio, consulta anche il reportage di <a href=\"https:\/\/www.gala.fr\/l_actu\/news_de_stars\/brigitte-macron-au-maroc-sans-emmanuel-macron-la-raison-de-son-rare-voyage-en-solo-20260422\">Gala<\/a> e il dossier speciale di <a href=\"https:\/\/www.msn.com\/fr-fr\/divertissement\/celebrites\/brigitte-macron-au-maroc-une-escapade-royale-et-en-solo-pour-la-premi%C3%A8re-dame\/ar-AA21uem3\">MSN<\/a> per completare il quadro.<\/p>","protected":false},"excerpt":{"rendered":"<p>Brigitte Macron \u00e8 partita da sola per il Marocco il 22 aprile, un arrivo che ha sorpreso tanto quanto ha colpito gli osservatori: inaugurazione del Teatro Reale di Rabat e missione culturale nel cuore di un riavvicinamento diplomatico. Scoprirai qui perch\u00e9 questo spostamento in solitaria non \u00e8 irrilevante e come si inserisce in una strategia &#8230; <a title=\"Brigitte Macron in Marocco: le ragioni inedite del suo viaggio in solitaria senza Emmanuel Macron\" class=\"read-more\" href=\"https:\/\/www.sebastien-auziere.fr\/blog\/it\/brigitte-macron-in-marocco-le-ragioni-inedite-del-suo-viaggio-in-solitaria-senza-emmanuel-macron\/\" aria-label=\"En savoir plus sur Brigitte Macron in Marocco: le ragioni inedite del suo viaggio in solitaria senza Emmanuel Macron\">Lire plus<\/a><\/p>\n","protected":false},"author":9,"featured_media":3242,"comment_status":"open","ping_status":"open","sticky":false,"template":"","format":"standard","meta":{"footnotes":""},"categories":[859],"tags":[944,4033,1987,4030,4036],"class_list":["post-3250","post","type-post","status-publish","format-standard","has-post-thumbnail","hentry","category-actualita-it","tag-brigitte-macron-it","tag-marocco-it","tag-politica-francese-it","tag-spostamento-diplomatico-it","tag-viaggio-ufficiale-it"],"yoast_head":"<!-- This site is optimized with the Yoast SEO plugin v27.5 - https:\/\/yoast.com\/product\/yoast-seo-wordpress\/ -->\n<title>Brigitte Macron in Marocco: le ragioni inedite del suo viaggio in solitaria senza Emmanuel Macron - Fan site S\u00e9bastien Auzi\u00e8re<\/title>\n<meta name=\"description\" content=\"D\u00e9couvrez pourquoi Brigitte Macron s&#039;est rendue seule au Maroc, r\u00e9v\u00e9lant les raisons in\u00e9dites de ce d\u00e9placement sans Emmanuel Macron.\" \/>\n<meta name=\"robots\" content=\"index, follow, max-snippet:-1, max-image-preview:large, max-video-preview:-1\" \/>\n<link rel=\"canonical\" href=\"https:\/\/www.sebastien-auziere.fr\/blog\/it\/brigitte-macron-in-marocco-le-ragioni-inedite-del-suo-viaggio-in-solitaria-senza-emmanuel-macron\/\" \/>\n<meta property=\"og:locale\" content=\"fr_FR\" \/>\n<meta property=\"og:type\" content=\"article\" \/>\n<meta property=\"og:title\" content=\"Brigitte Macron in Marocco: le ragioni inedite del suo viaggio in solitaria senza Emmanuel Macron - Fan site S\u00e9bastien Auzi\u00e8re\" \/>\n<meta property=\"og:description\" content=\"D\u00e9couvrez pourquoi Brigitte Macron s&#039;est rendue seule au Maroc, r\u00e9v\u00e9lant les raisons in\u00e9dites de ce d\u00e9placement sans Emmanuel Macron.\" \/>\n<meta property=\"og:url\" content=\"https:\/\/www.sebastien-auziere.fr\/blog\/it\/brigitte-macron-in-marocco-le-ragioni-inedite-del-suo-viaggio-in-solitaria-senza-emmanuel-macron\/\" \/>\n<meta property=\"og:site_name\" content=\"Fan site S\u00e9bastien Auzi\u00e8re\" \/>\n<meta property=\"article:published_time\" content=\"2026-04-22T19:13:33+00:00\" \/>\n<meta property=\"article:modified_time\" content=\"2026-04-22T19:13:56+00:00\" \/>\n<meta property=\"og:image\" content=\"https:\/\/www.sebastien-auziere.fr\/blog\/wp-content\/uploads\/2026\/04\/Brigitte-Macron-au-Maroc-les-raisons-inedites-de-son-deplacement-en-solo-sans-Emmanuel-Macron.jpg\" \/>\n\t<meta property=\"og:image:width\" content=\"2560\" \/>\n\t<meta property=\"og:image:height\" content=\"1429\" \/>\n\t<meta property=\"og:image:type\" content=\"image\/jpeg\" \/>\n<meta name=\"author\" content=\"Chloe Gauthier\" \/>\n<meta name=\"twitter:card\" content=\"summary_large_image\" \/>\n<meta name=\"twitter:label1\" content=\"\u00c9crit par\" \/>\n\t<meta name=\"twitter:data1\" content=\"Chloe Gauthier\" \/>\n\t<meta name=\"twitter:label2\" content=\"Dur\u00e9e de lecture estim\u00e9e\" \/>\n\t<meta name=\"twitter:data2\" content=\"2 minutes\" \/>\n<script type=\"application\/ld+json\" class=\"yoast-schema-graph\">{\"@context\":\"https:\\\/\\\/schema.org\",\"@graph\":[{\"@type\":\"Article\",\"@id\":\"https:\\\/\\\/www.sebastien-auziere.fr\\\/blog\\\/it\\\/brigitte-macron-in-marocco-le-ragioni-inedite-del-suo-viaggio-in-solitaria-senza-emmanuel-macron\\\/#article\",\"isPartOf\":{\"@id\":\"https:\\\/\\\/www.sebastien-auziere.fr\\\/blog\\\/it\\\/brigitte-macron-in-marocco-le-ragioni-inedite-del-suo-viaggio-in-solitaria-senza-emmanuel-macron\\\/\"},\"author\":{\"name\":\"Chloe Gauthier\",\"@id\":\"https:\\\/\\\/www.sebastien-auziere.fr\\\/blog\\\/#\\\/schema\\\/person\\\/149f1acdbfd85149c6c3e59adeae2f4d\"},\"headline\":\"Brigitte Macron in Marocco: le ragioni inedite del suo viaggio in solitaria senza Emmanuel Macron\",\"datePublished\":\"2026-04-22T19:13:33+00:00\",\"dateModified\":\"2026-04-22T19:13:56+00:00\",\"mainEntityOfPage\":{\"@id\":\"https:\\\/\\\/www.sebastien-auziere.fr\\\/blog\\\/it\\\/brigitte-macron-in-marocco-le-ragioni-inedite-del-suo-viaggio-in-solitaria-senza-emmanuel-macron\\\/\"},\"wordCount\":445,\"commentCount\":0,\"publisher\":{\"@id\":\"https:\\\/\\\/www.sebastien-auziere.fr\\\/blog\\\/#organization\"},\"image\":{\"@id\":\"https:\\\/\\\/www.sebastien-auziere.fr\\\/blog\\\/it\\\/brigitte-macron-in-marocco-le-ragioni-inedite-del-suo-viaggio-in-solitaria-senza-emmanuel-macron\\\/#primaryimage\"},\"thumbnailUrl\":\"https:\\\/\\\/www.sebastien-auziere.fr\\\/blog\\\/wp-content\\\/uploads\\\/2026\\\/04\\\/Brigitte-Macron-au-Maroc-les-raisons-inedites-de-son-deplacement-en-solo-sans-Emmanuel-Macron.jpg\",\"keywords\":[\"brigitte macron\",\"marocco\",\"politica francese\",\"spostamento diplomatico\",\"viaggio ufficiale\"],\"articleSection\":[\"Actualit\u00e0\"],\"inLanguage\":\"fr-FR\",\"potentialAction\":[{\"@type\":\"CommentAction\",\"name\":\"Comment\",\"target\":[\"https:\\\/\\\/www.sebastien-auziere.fr\\\/blog\\\/it\\\/brigitte-macron-in-marocco-le-ragioni-inedite-del-suo-viaggio-in-solitaria-senza-emmanuel-macron\\\/#respond\"]}]},{\"@type\":\"WebPage\",\"@id\":\"https:\\\/\\\/www.sebastien-auziere.fr\\\/blog\\\/it\\\/brigitte-macron-in-marocco-le-ragioni-inedite-del-suo-viaggio-in-solitaria-senza-emmanuel-macron\\\/\",\"url\":\"https:\\\/\\\/www.sebastien-auziere.fr\\\/blog\\\/it\\\/brigitte-macron-in-marocco-le-ragioni-inedite-del-suo-viaggio-in-solitaria-senza-emmanuel-macron\\\/\",\"name\":\"Brigitte Macron in Marocco: le ragioni inedite del suo viaggio in solitaria senza Emmanuel Macron - Fan site S\u00e9bastien Auzi\u00e8re\",\"isPartOf\":{\"@id\":\"https:\\\/\\\/www.sebastien-auziere.fr\\\/blog\\\/#website\"},\"primaryImageOfPage\":{\"@id\":\"https:\\\/\\\/www.sebastien-auziere.fr\\\/blog\\\/it\\\/brigitte-macron-in-marocco-le-ragioni-inedite-del-suo-viaggio-in-solitaria-senza-emmanuel-macron\\\/#primaryimage\"},\"image\":{\"@id\":\"https:\\\/\\\/www.sebastien-auziere.fr\\\/blog\\\/it\\\/brigitte-macron-in-marocco-le-ragioni-inedite-del-suo-viaggio-in-solitaria-senza-emmanuel-macron\\\/#primaryimage\"},\"thumbnailUrl\":\"https:\\\/\\\/www.sebastien-auziere.fr\\\/blog\\\/wp-content\\\/uploads\\\/2026\\\/04\\\/Brigitte-Macron-au-Maroc-les-raisons-inedites-de-son-deplacement-en-solo-sans-Emmanuel-Macron.jpg\",\"datePublished\":\"2026-04-22T19:13:33+00:00\",\"dateModified\":\"2026-04-22T19:13:56+00:00\",\"description\":\"D\u00e9couvrez pourquoi Brigitte Macron s'est rendue seule au Maroc, r\u00e9v\u00e9lant les raisons in\u00e9dites de ce d\u00e9placement sans Emmanuel Macron.\",\"breadcrumb\":{\"@id\":\"https:\\\/\\\/www.sebastien-auziere.fr\\\/blog\\\/it\\\/brigitte-macron-in-marocco-le-ragioni-inedite-del-suo-viaggio-in-solitaria-senza-emmanuel-macron\\\/#breadcrumb\"},\"inLanguage\":\"fr-FR\",\"potentialAction\":[{\"@type\":\"ReadAction\",\"target\":[\"https:\\\/\\\/www.sebastien-auziere.fr\\\/blog\\\/it\\\/brigitte-macron-in-marocco-le-ragioni-inedite-del-suo-viaggio-in-solitaria-senza-emmanuel-macron\\\/\"]}]},{\"@type\":\"ImageObject\",\"inLanguage\":\"fr-FR\",\"@id\":\"https:\\\/\\\/www.sebastien-auziere.fr\\\/blog\\\/it\\\/brigitte-macron-in-marocco-le-ragioni-inedite-del-suo-viaggio-in-solitaria-senza-emmanuel-macron\\\/#primaryimage\",\"url\":\"https:\\\/\\\/www.sebastien-auziere.fr\\\/blog\\\/wp-content\\\/uploads\\\/2026\\\/04\\\/Brigitte-Macron-au-Maroc-les-raisons-inedites-de-son-deplacement-en-solo-sans-Emmanuel-Macron.jpg\",\"contentUrl\":\"https:\\\/\\\/www.sebastien-auziere.fr\\\/blog\\\/wp-content\\\/uploads\\\/2026\\\/04\\\/Brigitte-Macron-au-Maroc-les-raisons-inedites-de-son-deplacement-en-solo-sans-Emmanuel-Macron.jpg\",\"width\":2560,\"height\":1429,\"caption\":\"d\u00e9couvrez les raisons in\u00e9dites du d\u00e9placement en solo de brigitte macron au maroc, sans la pr\u00e9sence d'emmanuel macron, et les objectifs de cette visite exceptionnelle.\"},{\"@type\":\"BreadcrumbList\",\"@id\":\"https:\\\/\\\/www.sebastien-auziere.fr\\\/blog\\\/it\\\/brigitte-macron-in-marocco-le-ragioni-inedite-del-suo-viaggio-in-solitaria-senza-emmanuel-macron\\\/#breadcrumb\",\"itemListElement\":[{\"@type\":\"ListItem\",\"position\":1,\"name\":\"Home\",\"item\":\"https:\\\/\\\/www.sebastien-auziere.fr\\\/blog\\\/\"},{\"@type\":\"ListItem\",\"position\":2,\"name\":\"Brigitte Macron in Marocco: le ragioni inedite del suo viaggio in solitaria senza Emmanuel Macron\"}]},{\"@type\":\"WebSite\",\"@id\":\"https:\\\/\\\/www.sebastien-auziere.fr\\\/blog\\\/#website\",\"url\":\"https:\\\/\\\/www.sebastien-auziere.fr\\\/blog\\\/\",\"name\":\"Fan site S\u00e9bastien Auzi\u00e8re\",\"description\":\"M\u00e9dia g\u00e9n\u00e9raliste\",\"publisher\":{\"@id\":\"https:\\\/\\\/www.sebastien-auziere.fr\\\/blog\\\/#organization\"},\"potentialAction\":[{\"@type\":\"SearchAction\",\"target\":{\"@type\":\"EntryPoint\",\"urlTemplate\":\"https:\\\/\\\/www.sebastien-auziere.fr\\\/blog\\\/?s={search_term_string}\"},\"query-input\":{\"@type\":\"PropertyValueSpecification\",\"valueRequired\":true,\"valueName\":\"search_term_string\"}}],\"inLanguage\":\"fr-FR\"},{\"@type\":\"Organization\",\"@id\":\"https:\\\/\\\/www.sebastien-auziere.fr\\\/blog\\\/#organization\",\"name\":\"Fan site S\u00e9bastien Auzi\u00e8re\",\"url\":\"https:\\\/\\\/www.sebastien-auziere.fr\\\/blog\\\/\",\"logo\":{\"@type\":\"ImageObject\",\"inLanguage\":\"fr-FR\",\"@id\":\"https:\\\/\\\/www.sebastien-auziere.fr\\\/blog\\\/#\\\/schema\\\/logo\\\/image\\\/\",\"url\":\"https:\\\/\\\/www.sebastien-auziere.fr\\\/blog\\\/wp-content\\\/uploads\\\/2026\\\/03\\\/cropped-cropped-cropped-ChatGPT-Image-6-mars-2026-12_58_09-e1772798376794.jpg\",\"contentUrl\":\"https:\\\/\\\/www.sebastien-auziere.fr\\\/blog\\\/wp-content\\\/uploads\\\/2026\\\/03\\\/cropped-cropped-cropped-ChatGPT-Image-6-mars-2026-12_58_09-e1772798376794.jpg\",\"width\":512,\"height\":360,\"caption\":\"Fan site S\u00e9bastien Auzi\u00e8re\"},\"image\":{\"@id\":\"https:\\\/\\\/www.sebastien-auziere.fr\\\/blog\\\/#\\\/schema\\\/logo\\\/image\\\/\"}},{\"@type\":\"Person\",\"@id\":\"https:\\\/\\\/www.sebastien-auziere.fr\\\/blog\\\/#\\\/schema\\\/person\\\/149f1acdbfd85149c6c3e59adeae2f4d\",\"name\":\"Chloe Gauthier\",\"image\":{\"@type\":\"ImageObject\",\"inLanguage\":\"fr-FR\",\"@id\":\"https:\\\/\\\/secure.gravatar.com\\\/avatar\\\/2c5722f58171cff738a8985ef0dd66b476e563753246a49019befc837ec4201a?s=96&d=mm&r=g\",\"url\":\"https:\\\/\\\/secure.gravatar.com\\\/avatar\\\/2c5722f58171cff738a8985ef0dd66b476e563753246a49019befc837ec4201a?s=96&d=mm&r=g\",\"contentUrl\":\"https:\\\/\\\/secure.gravatar.com\\\/avatar\\\/2c5722f58171cff738a8985ef0dd66b476e563753246a49019befc837ec4201a?s=96&d=mm&r=g\",\"caption\":\"Chloe Gauthier\"},\"description\":\"Passionn\u00e9e par la politique et admiratrice engag\u00e9e de la famille Macron, je consacre mon \u00e9nergie \u00e0 suivre leurs initiatives et \u00e0 promouvoir leurs id\u00e9es. \u00c0 32 ans, je suis convaincue que leur vision est porteuse d'avenir.\",\"url\":\"https:\\\/\\\/www.sebastien-auziere.fr\\\/blog\\\/author\\\/chloe-gauthier\\\/\"}]}<\/script>\n<!-- \/ Yoast SEO plugin. -->","yoast_head_json":{"title":"Brigitte Macron in Marocco: le ragioni inedite del suo viaggio in solitaria senza Emmanuel Macron - Fan site S\u00e9bastien Auzi\u00e8re","description":"D\u00e9couvrez pourquoi Brigitte Macron s'est rendue seule au Maroc, r\u00e9v\u00e9lant les raisons in\u00e9dites de ce d\u00e9placement sans Emmanuel Macron.","robots":{"index":"index","follow":"follow","max-snippet":"max-snippet:-1","max-image-preview":"max-image-preview:large","max-video-preview":"max-video-preview:-1"},"canonical":"https:\/\/www.sebastien-auziere.fr\/blog\/it\/brigitte-macron-in-marocco-le-ragioni-inedite-del-suo-viaggio-in-solitaria-senza-emmanuel-macron\/","og_locale":"fr_FR","og_type":"article","og_title":"Brigitte Macron in Marocco: le ragioni inedite del suo viaggio in solitaria senza Emmanuel Macron - Fan site S\u00e9bastien Auzi\u00e8re","og_description":"D\u00e9couvrez pourquoi Brigitte Macron s'est rendue seule au Maroc, r\u00e9v\u00e9lant les raisons in\u00e9dites de ce d\u00e9placement sans Emmanuel Macron.","og_url":"https:\/\/www.sebastien-auziere.fr\/blog\/it\/brigitte-macron-in-marocco-le-ragioni-inedite-del-suo-viaggio-in-solitaria-senza-emmanuel-macron\/","og_site_name":"Fan site S\u00e9bastien Auzi\u00e8re","article_published_time":"2026-04-22T19:13:33+00:00","article_modified_time":"2026-04-22T19:13:56+00:00","og_image":[{"width":2560,"height":1429,"url":"https:\/\/www.sebastien-auziere.fr\/blog\/wp-content\/uploads\/2026\/04\/Brigitte-Macron-au-Maroc-les-raisons-inedites-de-son-deplacement-en-solo-sans-Emmanuel-Macron.jpg","type":"image\/jpeg"}],"author":"Chloe Gauthier","twitter_card":"summary_large_image","twitter_misc":{"\u00c9crit par":"Chloe Gauthier","Dur\u00e9e de lecture estim\u00e9e":"2 minutes"},"schema":{"@context":"https:\/\/schema.org","@graph":[{"@type":"Article","@id":"https:\/\/www.sebastien-auziere.fr\/blog\/it\/brigitte-macron-in-marocco-le-ragioni-inedite-del-suo-viaggio-in-solitaria-senza-emmanuel-macron\/#article","isPartOf":{"@id":"https:\/\/www.sebastien-auziere.fr\/blog\/it\/brigitte-macron-in-marocco-le-ragioni-inedite-del-suo-viaggio-in-solitaria-senza-emmanuel-macron\/"},"author":{"name":"Chloe Gauthier","@id":"https:\/\/www.sebastien-auziere.fr\/blog\/#\/schema\/person\/149f1acdbfd85149c6c3e59adeae2f4d"},"headline":"Brigitte Macron in Marocco: le ragioni inedite del suo viaggio in solitaria senza Emmanuel Macron","datePublished":"2026-04-22T19:13:33+00:00","dateModified":"2026-04-22T19:13:56+00:00","mainEntityOfPage":{"@id":"https:\/\/www.sebastien-auziere.fr\/blog\/it\/brigitte-macron-in-marocco-le-ragioni-inedite-del-suo-viaggio-in-solitaria-senza-emmanuel-macron\/"},"wordCount":445,"commentCount":0,"publisher":{"@id":"https:\/\/www.sebastien-auziere.fr\/blog\/#organization"},"image":{"@id":"https:\/\/www.sebastien-auziere.fr\/blog\/it\/brigitte-macron-in-marocco-le-ragioni-inedite-del-suo-viaggio-in-solitaria-senza-emmanuel-macron\/#primaryimage"},"thumbnailUrl":"https:\/\/www.sebastien-auziere.fr\/blog\/wp-content\/uploads\/2026\/04\/Brigitte-Macron-au-Maroc-les-raisons-inedites-de-son-deplacement-en-solo-sans-Emmanuel-Macron.jpg","keywords":["brigitte macron","marocco","politica francese","spostamento diplomatico","viaggio ufficiale"],"articleSection":["Actualit\u00e0"],"inLanguage":"fr-FR","potentialAction":[{"@type":"CommentAction","name":"Comment","target":["https:\/\/www.sebastien-auziere.fr\/blog\/it\/brigitte-macron-in-marocco-le-ragioni-inedite-del-suo-viaggio-in-solitaria-senza-emmanuel-macron\/#respond"]}]},{"@type":"WebPage","@id":"https:\/\/www.sebastien-auziere.fr\/blog\/it\/brigitte-macron-in-marocco-le-ragioni-inedite-del-suo-viaggio-in-solitaria-senza-emmanuel-macron\/","url":"https:\/\/www.sebastien-auziere.fr\/blog\/it\/brigitte-macron-in-marocco-le-ragioni-inedite-del-suo-viaggio-in-solitaria-senza-emmanuel-macron\/","name":"Brigitte Macron in Marocco: le ragioni inedite del suo viaggio in solitaria senza Emmanuel Macron - Fan site S\u00e9bastien Auzi\u00e8re","isPartOf":{"@id":"https:\/\/www.sebastien-auziere.fr\/blog\/#website"},"primaryImageOfPage":{"@id":"https:\/\/www.sebastien-auziere.fr\/blog\/it\/brigitte-macron-in-marocco-le-ragioni-inedite-del-suo-viaggio-in-solitaria-senza-emmanuel-macron\/#primaryimage"},"image":{"@id":"https:\/\/www.sebastien-auziere.fr\/blog\/it\/brigitte-macron-in-marocco-le-ragioni-inedite-del-suo-viaggio-in-solitaria-senza-emmanuel-macron\/#primaryimage"},"thumbnailUrl":"https:\/\/www.sebastien-auziere.fr\/blog\/wp-content\/uploads\/2026\/04\/Brigitte-Macron-au-Maroc-les-raisons-inedites-de-son-deplacement-en-solo-sans-Emmanuel-Macron.jpg","datePublished":"2026-04-22T19:13:33+00:00","dateModified":"2026-04-22T19:13:56+00:00","description":"D\u00e9couvrez pourquoi Brigitte Macron s'est rendue seule au Maroc, r\u00e9v\u00e9lant les raisons in\u00e9dites de ce d\u00e9placement sans Emmanuel Macron.","breadcrumb":{"@id":"https:\/\/www.sebastien-auziere.fr\/blog\/it\/brigitte-macron-in-marocco-le-ragioni-inedite-del-suo-viaggio-in-solitaria-senza-emmanuel-macron\/#breadcrumb"},"inLanguage":"fr-FR","potentialAction":[{"@type":"ReadAction","target":["https:\/\/www.sebastien-auziere.fr\/blog\/it\/brigitte-macron-in-marocco-le-ragioni-inedite-del-suo-viaggio-in-solitaria-senza-emmanuel-macron\/"]}]},{"@type":"ImageObject","inLanguage":"fr-FR","@id":"https:\/\/www.sebastien-auziere.fr\/blog\/it\/brigitte-macron-in-marocco-le-ragioni-inedite-del-suo-viaggio-in-solitaria-senza-emmanuel-macron\/#primaryimage","url":"https:\/\/www.sebastien-auziere.fr\/blog\/wp-content\/uploads\/2026\/04\/Brigitte-Macron-au-Maroc-les-raisons-inedites-de-son-deplacement-en-solo-sans-Emmanuel-Macron.jpg","contentUrl":"https:\/\/www.sebastien-auziere.fr\/blog\/wp-content\/uploads\/2026\/04\/Brigitte-Macron-au-Maroc-les-raisons-inedites-de-son-deplacement-en-solo-sans-Emmanuel-Macron.jpg","width":2560,"height":1429,"caption":"d\u00e9couvrez les raisons in\u00e9dites du d\u00e9placement en solo de brigitte macron au maroc, sans la pr\u00e9sence d'emmanuel macron, et les objectifs de cette visite exceptionnelle."},{"@type":"BreadcrumbList","@id":"https:\/\/www.sebastien-auziere.fr\/blog\/it\/brigitte-macron-in-marocco-le-ragioni-inedite-del-suo-viaggio-in-solitaria-senza-emmanuel-macron\/#breadcrumb","itemListElement":[{"@type":"ListItem","position":1,"name":"Home","item":"https:\/\/www.sebastien-auziere.fr\/blog\/"},{"@type":"ListItem","position":2,"name":"Brigitte Macron in Marocco: le ragioni inedite del suo viaggio in solitaria senza Emmanuel Macron"}]},{"@type":"WebSite","@id":"https:\/\/www.sebastien-auziere.fr\/blog\/#website","url":"https:\/\/www.sebastien-auziere.fr\/blog\/","name":"Fan site S\u00e9bastien Auzi\u00e8re","description":"M\u00e9dia g\u00e9n\u00e9raliste","publisher":{"@id":"https:\/\/www.sebastien-auziere.fr\/blog\/#organization"},"potentialAction":[{"@type":"SearchAction","target":{"@type":"EntryPoint","urlTemplate":"https:\/\/www.sebastien-auziere.fr\/blog\/?s={search_term_string}"},"query-input":{"@type":"PropertyValueSpecification","valueRequired":true,"valueName":"search_term_string"}}],"inLanguage":"fr-FR"},{"@type":"Organization","@id":"https:\/\/www.sebastien-auziere.fr\/blog\/#organization","name":"Fan site S\u00e9bastien Auzi\u00e8re","url":"https:\/\/www.sebastien-auziere.fr\/blog\/","logo":{"@type":"ImageObject","inLanguage":"fr-FR","@id":"https:\/\/www.sebastien-auziere.fr\/blog\/#\/schema\/logo\/image\/","url":"https:\/\/www.sebastien-auziere.fr\/blog\/wp-content\/uploads\/2026\/03\/cropped-cropped-cropped-ChatGPT-Image-6-mars-2026-12_58_09-e1772798376794.jpg","contentUrl":"https:\/\/www.sebastien-auziere.fr\/blog\/wp-content\/uploads\/2026\/03\/cropped-cropped-cropped-ChatGPT-Image-6-mars-2026-12_58_09-e1772798376794.jpg","width":512,"height":360,"caption":"Fan site S\u00e9bastien Auzi\u00e8re"},"image":{"@id":"https:\/\/www.sebastien-auziere.fr\/blog\/#\/schema\/logo\/image\/"}},{"@type":"Person","@id":"https:\/\/www.sebastien-auziere.fr\/blog\/#\/schema\/person\/149f1acdbfd85149c6c3e59adeae2f4d","name":"Chloe Gauthier","image":{"@type":"ImageObject","inLanguage":"fr-FR","@id":"https:\/\/secure.gravatar.com\/avatar\/2c5722f58171cff738a8985ef0dd66b476e563753246a49019befc837ec4201a?s=96&d=mm&r=g","url":"https:\/\/secure.gravatar.com\/avatar\/2c5722f58171cff738a8985ef0dd66b476e563753246a49019befc837ec4201a?s=96&d=mm&r=g","contentUrl":"https:\/\/secure.gravatar.com\/avatar\/2c5722f58171cff738a8985ef0dd66b476e563753246a49019befc837ec4201a?s=96&d=mm&r=g","caption":"Chloe Gauthier"},"description":"Passionn\u00e9e par la politique et admiratrice engag\u00e9e de la famille Macron, je consacre mon \u00e9nergie \u00e0 suivre leurs initiatives et \u00e0 promouvoir leurs id\u00e9es. \u00c0 32 ans, je suis convaincue que leur vision est porteuse d'avenir.","url":"https:\/\/www.sebastien-auziere.fr\/blog\/author\/chloe-gauthier\/"}]}},"views":1,"_links":{"self":[{"href":"https:\/\/www.sebastien-auziere.fr\/blog\/wp-json\/wp\/v2\/posts\/3250","targetHints":{"allow":["GET"]}}],"collection":[{"href":"https:\/\/www.sebastien-auziere.fr\/blog\/wp-json\/wp\/v2\/posts"}],"about":[{"href":"https:\/\/www.sebastien-auziere.fr\/blog\/wp-json\/wp\/v2\/types\/post"}],"author":[{"embeddable":true,"href":"https:\/\/www.sebastien-auziere.fr\/blog\/wp-json\/wp\/v2\/users\/9"}],"replies":[{"embeddable":true,"href":"https:\/\/www.sebastien-auziere.fr\/blog\/wp-json\/wp\/v2\/comments?post=3250"}],"version-history":[{"count":1,"href":"https:\/\/www.sebastien-auziere.fr\/blog\/wp-json\/wp\/v2\/posts\/3250\/revisions"}],"predecessor-version":[{"id":3251,"href":"https:\/\/www.sebastien-auziere.fr\/blog\/wp-json\/wp\/v2\/posts\/3250\/revisions\/3251"}],"wp:featuredmedia":[{"embeddable":true,"href":"https:\/\/www.sebastien-auziere.fr\/blog\/wp-json\/wp\/v2\/media\/3242"}],"wp:attachment":[{"href":"https:\/\/www.sebastien-auziere.fr\/blog\/wp-json\/wp\/v2\/media?parent=3250"}],"wp:term":[{"taxonomy":"category","embeddable":true,"href":"https:\/\/www.sebastien-auziere.fr\/blog\/wp-json\/wp\/v2\/categories?post=3250"},{"taxonomy":"post_tag","embeddable":true,"href":"https:\/\/www.sebastien-auziere.fr\/blog\/wp-json\/wp\/v2\/tags?post=3250"}],"curies":[{"name":"wp","href":"https:\/\/api.w.org\/{rel}","templated":true}]}}