{"id":3248,"date":"2026-04-22T19:10:59","date_gmt":"2026-04-22T19:10:59","guid":{"rendered":"https:\/\/www.sebastien-auziere.fr\/blog\/?p=3248"},"modified":"2026-04-22T19:11:25","modified_gmt":"2026-04-22T19:11:25","slug":"brigitte-macron-in-marokko-die-bisher-unbekannten-grunde-fur-ihre-alleine-reise-ohne-emmanuel-macron","status":"publish","type":"post","link":"https:\/\/www.sebastien-auziere.fr\/blog\/de\/brigitte-macron-in-marokko-die-bisher-unbekannten-grunde-fur-ihre-alleine-reise-ohne-emmanuel-macron\/","title":{"rendered":"Brigitte Macron in Marokko: die bisher unbekannten Gr\u00fcnde f\u00fcr ihre alleine Reise ohne Emmanuel Macron"},"content":{"rendered":"<p><strong>Brigitte Macron<\/strong> hat sich am <strong>22. April<\/strong> allein nach <strong>Marokko<\/strong> begeben, eine Ankunft, die sowohl \u00fcberrascht als auch die Beobachter aufhorchen lie\u00df: Einweihung des <strong>K\u00f6niglichen Theaters in Rabat<\/strong> und kulturelle Mission im Zeichen einer diplomatischen Ann\u00e4herung. Hier erf\u00e4hrst du, warum dieser <strong>Solo-Trip<\/strong> nicht unbedeutend ist und wie er in eine breitere Strategie der <strong>Kultur<\/strong> diplomatie eingebettet ist.<\/p>\n\n<p><strong>Zusammenfassend<\/strong> l\u00e4sst sich sagen: eine vierte Mission im Ausland allein in fast neun Jahren, eine Reiseroute, die sich auf Kultur und Bildung konzentriert, und eine klare Botschaft an die franco-marokkanischen Beziehungen durch eine symbolische Pr\u00e4senz im K\u00f6niglichen Theater.<\/p>\n\n<h2 class=\"wp-block-heading\">Ein seltener und stark geregelter Solo-Trip<\/h2>\n\n<p>Dieser <strong>Solo-Trip<\/strong> ist die vierte unabh\u00e4ngige Mission der First Lady in fast neun Jahren, so <strong>L\u2019Opinion<\/strong>, was seine Seltenheit und Bedeutung unterstreicht. Vor Ort hat Brigitte Macron das <strong>K\u00f6nigliche Theater in Rabat<\/strong> eingeweiht, ein Projekt, das seit Jahren erwartet wird, und hat sich entschieden, mit Air France zu reisen, anstatt mit dem Pr\u00e4sidentenflugzeug. Diese logistische Wahl best\u00e4tigt einen pers\u00f6nlicheren und gezielteren Ansatz f\u00fcr offizielle Missionen.<\/p>\n\n<h2 class=\"wp-block-heading\">Eine kulturelle Mission im Dienst der franco-marokkanischen Beziehungen<\/h2>\n\n<p>Der Besuch ist Teil einer dichten diplomatischen Sequenz zwischen Paris und Rabat: fr\u00fchere Treffen mit Mitgliedern der K\u00f6nigsfamilie im Jahr 2024 und der Staatsbesuch im Oktober, um \u00ab\u00a0ein neues Kapitel\u00a0\u00bb der <strong>franco-marokkanischen Beziehungen<\/strong> zu schreiben. Indem Brigitte Macron sich mit Kultur besch\u00e4ftigt, sendet sie ein Signal der sanften <strong>Diplomatie<\/strong>, das auf Bildung und k\u00fcnstlerischen Austausch fokussiert ist, weit entfernt von direkten politischen Erkl\u00e4rungen.<\/p>\n\n<h2 class=\"wp-block-heading\">Soziale Engagement und selbstbewusste \u00f6ffentliche Haltung<\/h2>\n\n<p>\u00dcber die Einweihung hinaus spiegelt diese Mission ein verst\u00e4rktes gesellschaftliches Engagement wider: Bek\u00e4mpfung von Cybermobbing, Verteidigung des <strong>Digital Services Act<\/strong> bei letzten Eins\u00e4tzen im Ausland und Beteiligung an Bildungsprojekten. Ihre Pr\u00e4senz in Marokko st\u00e4rkt die Vorstellung von einer First Lady, die sich f\u00fcr gro\u00dfe gesellschaftliche Anliegen engagiert, w\u00e4hrend sie gleichzeitig ein modernes, elegantes und willensstarkes \u00f6ffentliches Image pflegt.<\/p>\n\n<h3 class=\"wp-block-heading\">Eine zunehmend autonome Rolle der First Lady<\/h3>\n\n<p>Diese Autonomie zeigt sich in der erh\u00f6hten H\u00e4ufigkeit ihrer Missionen und in der Vielfalt der behandelten Themen: Kultur, Bildung, soziale Anliegen. Der Aufenthalt in Rabat erscheint als ein ma\u00dfvoller diplomatischer Schritt, der die Aktivit\u00e4ten von Pr\u00e4sident <strong>Emmanuel Macron<\/strong> erg\u00e4nzt und verdeutlicht die Transformation der Rolle der First Lady hin zu einer strukturierten und sichtbaren Funktion auf der internationalen B\u00fchne.<\/p>\n\n<p>Willst du mehr \u00fcber die Hintergr\u00fcnde und famili\u00e4ren Verbindungen erfahren, die diese Reisen umgeben? Entdecke mehr \u00fcber S\u00e9bastien Auzi\u00e8re und die Familie Macron auf <a href=\"https:\/\/www.sebastien-auziere.fr\/blog\/brigitte-macron-vatican\/\">ihren Archiven und Analysen<\/a> und lies die verf\u00fcgbaren Detailportraits, insbesondere die Kolumne \u00fcber die Auftritte und Engagements von Brigitte auf <a href=\"https:\/\/www.sebastien-auziere.fr\/blog\/brigitte-macron-robe-elegante\/\">sebastien-auziere.fr<\/a>. F\u00fcr eine erg\u00e4nzende Medien\u00fcbersicht \u00fcber diese Reise konsultiere auch den Bericht von <a href=\"https:\/\/www.gala.fr\/l_actu\/news_de_stars\/brigitte-macron-au-maroc-sans-emmanuel-macron-la-raison-de-son-rare-voyage-en-solo-20260422\">Gala<\/a> und die Sonderausgabe von <a href=\"https:\/\/www.msn.com\/fr-fr\/divertissement\/celebrites\/brigitte-macron-au-maroc-une-escapade-royale-et-en-solo-pour-la-premi%C3%A8re-dame\/ar-AA21uem3\">MSN<\/a>, um das Bild zu vervollst\u00e4ndigen.<\/p>","protected":false},"excerpt":{"rendered":"<p>Brigitte Macron hat sich am 22. April allein nach Marokko begeben, eine Ankunft, die sowohl \u00fcberrascht als auch die Beobachter aufhorchen lie\u00df: Einweihung des K\u00f6niglichen Theaters in Rabat und kulturelle Mission im Zeichen einer diplomatischen Ann\u00e4herung. Hier erf\u00e4hrst du, warum dieser Solo-Trip nicht unbedeutend ist und wie er in eine breitere Strategie der Kultur diplomatie &#8230; <a title=\"Brigitte Macron in Marokko: die bisher unbekannten Gr\u00fcnde f\u00fcr ihre alleine Reise ohne Emmanuel Macron\" class=\"read-more\" href=\"https:\/\/www.sebastien-auziere.fr\/blog\/de\/brigitte-macron-in-marokko-die-bisher-unbekannten-grunde-fur-ihre-alleine-reise-ohne-emmanuel-macron\/\" aria-label=\"En savoir plus sur Brigitte Macron in Marokko: die bisher unbekannten Gr\u00fcnde f\u00fcr ihre alleine Reise ohne Emmanuel Macron\">Lire plus<\/a><\/p>\n","protected":false},"author":9,"featured_media":3242,"comment_status":"open","ping_status":"open","sticky":false,"template":"","format":"standard","meta":{"footnotes":""},"categories":[856],"tags":[929,4021,4024,4027,1978],"class_list":["post-3248","post","type-post","status-publish","format-standard","has-post-thumbnail","hentry","category-aktuelles-de","tag-brigitte-macron-de","tag-diplomatische-bewegung-de","tag-marokko-de","tag-offizieller-reise-de","tag-politische-franzosische-de"],"yoast_head":"<!-- This site is optimized with the Yoast SEO plugin v27.5 - https:\/\/yoast.com\/product\/yoast-seo-wordpress\/ -->\n<title>Brigitte Macron in Marokko: die bisher unbekannten Gr\u00fcnde f\u00fcr ihre alleine Reise ohne Emmanuel Macron - Fan site S\u00e9bastien Auzi\u00e8re<\/title>\n<meta name=\"description\" content=\"D\u00e9couvrez pourquoi Brigitte Macron s&#039;est rendue seule au Maroc, r\u00e9v\u00e9lant les raisons in\u00e9dites de ce d\u00e9placement sans Emmanuel Macron.\" \/>\n<meta name=\"robots\" content=\"index, follow, max-snippet:-1, max-image-preview:large, max-video-preview:-1\" \/>\n<link rel=\"canonical\" href=\"https:\/\/www.sebastien-auziere.fr\/blog\/de\/brigitte-macron-in-marokko-die-bisher-unbekannten-grunde-fur-ihre-alleine-reise-ohne-emmanuel-macron\/\" \/>\n<meta property=\"og:locale\" content=\"fr_FR\" \/>\n<meta property=\"og:type\" content=\"article\" \/>\n<meta property=\"og:title\" content=\"Brigitte Macron in Marokko: die bisher unbekannten Gr\u00fcnde f\u00fcr ihre alleine Reise ohne Emmanuel Macron - Fan site S\u00e9bastien Auzi\u00e8re\" \/>\n<meta property=\"og:description\" content=\"D\u00e9couvrez pourquoi Brigitte Macron s&#039;est rendue seule au Maroc, r\u00e9v\u00e9lant les raisons in\u00e9dites de ce d\u00e9placement sans Emmanuel Macron.\" \/>\n<meta property=\"og:url\" content=\"https:\/\/www.sebastien-auziere.fr\/blog\/de\/brigitte-macron-in-marokko-die-bisher-unbekannten-grunde-fur-ihre-alleine-reise-ohne-emmanuel-macron\/\" \/>\n<meta property=\"og:site_name\" content=\"Fan site S\u00e9bastien Auzi\u00e8re\" \/>\n<meta property=\"article:published_time\" content=\"2026-04-22T19:10:59+00:00\" \/>\n<meta property=\"article:modified_time\" content=\"2026-04-22T19:11:25+00:00\" \/>\n<meta property=\"og:image\" content=\"https:\/\/www.sebastien-auziere.fr\/blog\/wp-content\/uploads\/2026\/04\/Brigitte-Macron-au-Maroc-les-raisons-inedites-de-son-deplacement-en-solo-sans-Emmanuel-Macron.jpg\" \/>\n\t<meta property=\"og:image:width\" content=\"2560\" \/>\n\t<meta property=\"og:image:height\" content=\"1429\" \/>\n\t<meta property=\"og:image:type\" content=\"image\/jpeg\" \/>\n<meta name=\"author\" content=\"Chloe Gauthier\" \/>\n<meta name=\"twitter:card\" content=\"summary_large_image\" \/>\n<meta name=\"twitter:label1\" content=\"\u00c9crit par\" \/>\n\t<meta name=\"twitter:data1\" content=\"Chloe Gauthier\" \/>\n\t<meta name=\"twitter:label2\" content=\"Dur\u00e9e de lecture estim\u00e9e\" \/>\n\t<meta name=\"twitter:data2\" content=\"2 minutes\" \/>\n<script type=\"application\/ld+json\" class=\"yoast-schema-graph\">{\"@context\":\"https:\\\/\\\/schema.org\",\"@graph\":[{\"@type\":\"Article\",\"@id\":\"https:\\\/\\\/www.sebastien-auziere.fr\\\/blog\\\/de\\\/brigitte-macron-in-marokko-die-bisher-unbekannten-grunde-fur-ihre-alleine-reise-ohne-emmanuel-macron\\\/#article\",\"isPartOf\":{\"@id\":\"https:\\\/\\\/www.sebastien-auziere.fr\\\/blog\\\/de\\\/brigitte-macron-in-marokko-die-bisher-unbekannten-grunde-fur-ihre-alleine-reise-ohne-emmanuel-macron\\\/\"},\"author\":{\"name\":\"Chloe Gauthier\",\"@id\":\"https:\\\/\\\/www.sebastien-auziere.fr\\\/blog\\\/#\\\/schema\\\/person\\\/149f1acdbfd85149c6c3e59adeae2f4d\"},\"headline\":\"Brigitte Macron in Marokko: die bisher unbekannten Gr\u00fcnde f\u00fcr ihre alleine Reise ohne Emmanuel Macron\",\"datePublished\":\"2026-04-22T19:10:59+00:00\",\"dateModified\":\"2026-04-22T19:11:25+00:00\",\"mainEntityOfPage\":{\"@id\":\"https:\\\/\\\/www.sebastien-auziere.fr\\\/blog\\\/de\\\/brigitte-macron-in-marokko-die-bisher-unbekannten-grunde-fur-ihre-alleine-reise-ohne-emmanuel-macron\\\/\"},\"wordCount\":493,\"commentCount\":0,\"publisher\":{\"@id\":\"https:\\\/\\\/www.sebastien-auziere.fr\\\/blog\\\/#organization\"},\"image\":{\"@id\":\"https:\\\/\\\/www.sebastien-auziere.fr\\\/blog\\\/de\\\/brigitte-macron-in-marokko-die-bisher-unbekannten-grunde-fur-ihre-alleine-reise-ohne-emmanuel-macron\\\/#primaryimage\"},\"thumbnailUrl\":\"https:\\\/\\\/www.sebastien-auziere.fr\\\/blog\\\/wp-content\\\/uploads\\\/2026\\\/04\\\/Brigitte-Macron-au-Maroc-les-raisons-inedites-de-son-deplacement-en-solo-sans-Emmanuel-Macron.jpg\",\"keywords\":[\"brigitte macron\",\"diplomatische Bewegung\",\"marokko\",\"offizieller Reise\",\"politische franz\u00f6sische\"],\"articleSection\":[\"Aktuelles\"],\"inLanguage\":\"fr-FR\",\"potentialAction\":[{\"@type\":\"CommentAction\",\"name\":\"Comment\",\"target\":[\"https:\\\/\\\/www.sebastien-auziere.fr\\\/blog\\\/de\\\/brigitte-macron-in-marokko-die-bisher-unbekannten-grunde-fur-ihre-alleine-reise-ohne-emmanuel-macron\\\/#respond\"]}]},{\"@type\":\"WebPage\",\"@id\":\"https:\\\/\\\/www.sebastien-auziere.fr\\\/blog\\\/de\\\/brigitte-macron-in-marokko-die-bisher-unbekannten-grunde-fur-ihre-alleine-reise-ohne-emmanuel-macron\\\/\",\"url\":\"https:\\\/\\\/www.sebastien-auziere.fr\\\/blog\\\/de\\\/brigitte-macron-in-marokko-die-bisher-unbekannten-grunde-fur-ihre-alleine-reise-ohne-emmanuel-macron\\\/\",\"name\":\"Brigitte Macron in Marokko: die bisher unbekannten Gr\u00fcnde f\u00fcr ihre alleine Reise ohne Emmanuel Macron - Fan site S\u00e9bastien Auzi\u00e8re\",\"isPartOf\":{\"@id\":\"https:\\\/\\\/www.sebastien-auziere.fr\\\/blog\\\/#website\"},\"primaryImageOfPage\":{\"@id\":\"https:\\\/\\\/www.sebastien-auziere.fr\\\/blog\\\/de\\\/brigitte-macron-in-marokko-die-bisher-unbekannten-grunde-fur-ihre-alleine-reise-ohne-emmanuel-macron\\\/#primaryimage\"},\"image\":{\"@id\":\"https:\\\/\\\/www.sebastien-auziere.fr\\\/blog\\\/de\\\/brigitte-macron-in-marokko-die-bisher-unbekannten-grunde-fur-ihre-alleine-reise-ohne-emmanuel-macron\\\/#primaryimage\"},\"thumbnailUrl\":\"https:\\\/\\\/www.sebastien-auziere.fr\\\/blog\\\/wp-content\\\/uploads\\\/2026\\\/04\\\/Brigitte-Macron-au-Maroc-les-raisons-inedites-de-son-deplacement-en-solo-sans-Emmanuel-Macron.jpg\",\"datePublished\":\"2026-04-22T19:10:59+00:00\",\"dateModified\":\"2026-04-22T19:11:25+00:00\",\"description\":\"D\u00e9couvrez pourquoi Brigitte Macron s'est rendue seule au Maroc, r\u00e9v\u00e9lant les raisons in\u00e9dites de ce d\u00e9placement sans Emmanuel Macron.\",\"breadcrumb\":{\"@id\":\"https:\\\/\\\/www.sebastien-auziere.fr\\\/blog\\\/de\\\/brigitte-macron-in-marokko-die-bisher-unbekannten-grunde-fur-ihre-alleine-reise-ohne-emmanuel-macron\\\/#breadcrumb\"},\"inLanguage\":\"fr-FR\",\"potentialAction\":[{\"@type\":\"ReadAction\",\"target\":[\"https:\\\/\\\/www.sebastien-auziere.fr\\\/blog\\\/de\\\/brigitte-macron-in-marokko-die-bisher-unbekannten-grunde-fur-ihre-alleine-reise-ohne-emmanuel-macron\\\/\"]}]},{\"@type\":\"ImageObject\",\"inLanguage\":\"fr-FR\",\"@id\":\"https:\\\/\\\/www.sebastien-auziere.fr\\\/blog\\\/de\\\/brigitte-macron-in-marokko-die-bisher-unbekannten-grunde-fur-ihre-alleine-reise-ohne-emmanuel-macron\\\/#primaryimage\",\"url\":\"https:\\\/\\\/www.sebastien-auziere.fr\\\/blog\\\/wp-content\\\/uploads\\\/2026\\\/04\\\/Brigitte-Macron-au-Maroc-les-raisons-inedites-de-son-deplacement-en-solo-sans-Emmanuel-Macron.jpg\",\"contentUrl\":\"https:\\\/\\\/www.sebastien-auziere.fr\\\/blog\\\/wp-content\\\/uploads\\\/2026\\\/04\\\/Brigitte-Macron-au-Maroc-les-raisons-inedites-de-son-deplacement-en-solo-sans-Emmanuel-Macron.jpg\",\"width\":2560,\"height\":1429,\"caption\":\"d\u00e9couvrez les raisons in\u00e9dites du d\u00e9placement en solo de brigitte macron au maroc, sans la pr\u00e9sence d'emmanuel macron, et les objectifs de cette visite exceptionnelle.\"},{\"@type\":\"BreadcrumbList\",\"@id\":\"https:\\\/\\\/www.sebastien-auziere.fr\\\/blog\\\/de\\\/brigitte-macron-in-marokko-die-bisher-unbekannten-grunde-fur-ihre-alleine-reise-ohne-emmanuel-macron\\\/#breadcrumb\",\"itemListElement\":[{\"@type\":\"ListItem\",\"position\":1,\"name\":\"Home\",\"item\":\"https:\\\/\\\/www.sebastien-auziere.fr\\\/blog\\\/\"},{\"@type\":\"ListItem\",\"position\":2,\"name\":\"Brigitte Macron in Marokko: die bisher unbekannten Gr\u00fcnde f\u00fcr ihre alleine Reise ohne Emmanuel Macron\"}]},{\"@type\":\"WebSite\",\"@id\":\"https:\\\/\\\/www.sebastien-auziere.fr\\\/blog\\\/#website\",\"url\":\"https:\\\/\\\/www.sebastien-auziere.fr\\\/blog\\\/\",\"name\":\"Fan site S\u00e9bastien Auzi\u00e8re\",\"description\":\"M\u00e9dia g\u00e9n\u00e9raliste\",\"publisher\":{\"@id\":\"https:\\\/\\\/www.sebastien-auziere.fr\\\/blog\\\/#organization\"},\"potentialAction\":[{\"@type\":\"SearchAction\",\"target\":{\"@type\":\"EntryPoint\",\"urlTemplate\":\"https:\\\/\\\/www.sebastien-auziere.fr\\\/blog\\\/?s={search_term_string}\"},\"query-input\":{\"@type\":\"PropertyValueSpecification\",\"valueRequired\":true,\"valueName\":\"search_term_string\"}}],\"inLanguage\":\"fr-FR\"},{\"@type\":\"Organization\",\"@id\":\"https:\\\/\\\/www.sebastien-auziere.fr\\\/blog\\\/#organization\",\"name\":\"Fan site S\u00e9bastien Auzi\u00e8re\",\"url\":\"https:\\\/\\\/www.sebastien-auziere.fr\\\/blog\\\/\",\"logo\":{\"@type\":\"ImageObject\",\"inLanguage\":\"fr-FR\",\"@id\":\"https:\\\/\\\/www.sebastien-auziere.fr\\\/blog\\\/#\\\/schema\\\/logo\\\/image\\\/\",\"url\":\"https:\\\/\\\/www.sebastien-auziere.fr\\\/blog\\\/wp-content\\\/uploads\\\/2026\\\/03\\\/cropped-cropped-cropped-ChatGPT-Image-6-mars-2026-12_58_09-e1772798376794.jpg\",\"contentUrl\":\"https:\\\/\\\/www.sebastien-auziere.fr\\\/blog\\\/wp-content\\\/uploads\\\/2026\\\/03\\\/cropped-cropped-cropped-ChatGPT-Image-6-mars-2026-12_58_09-e1772798376794.jpg\",\"width\":512,\"height\":360,\"caption\":\"Fan site S\u00e9bastien Auzi\u00e8re\"},\"image\":{\"@id\":\"https:\\\/\\\/www.sebastien-auziere.fr\\\/blog\\\/#\\\/schema\\\/logo\\\/image\\\/\"}},{\"@type\":\"Person\",\"@id\":\"https:\\\/\\\/www.sebastien-auziere.fr\\\/blog\\\/#\\\/schema\\\/person\\\/149f1acdbfd85149c6c3e59adeae2f4d\",\"name\":\"Chloe Gauthier\",\"image\":{\"@type\":\"ImageObject\",\"inLanguage\":\"fr-FR\",\"@id\":\"https:\\\/\\\/secure.gravatar.com\\\/avatar\\\/2c5722f58171cff738a8985ef0dd66b476e563753246a49019befc837ec4201a?s=96&d=mm&r=g\",\"url\":\"https:\\\/\\\/secure.gravatar.com\\\/avatar\\\/2c5722f58171cff738a8985ef0dd66b476e563753246a49019befc837ec4201a?s=96&d=mm&r=g\",\"contentUrl\":\"https:\\\/\\\/secure.gravatar.com\\\/avatar\\\/2c5722f58171cff738a8985ef0dd66b476e563753246a49019befc837ec4201a?s=96&d=mm&r=g\",\"caption\":\"Chloe Gauthier\"},\"description\":\"Passionn\u00e9e par la politique et admiratrice engag\u00e9e de la famille Macron, je consacre mon \u00e9nergie \u00e0 suivre leurs initiatives et \u00e0 promouvoir leurs id\u00e9es. \u00c0 32 ans, je suis convaincue que leur vision est porteuse d'avenir.\",\"url\":\"https:\\\/\\\/www.sebastien-auziere.fr\\\/blog\\\/author\\\/chloe-gauthier\\\/\"}]}<\/script>\n<!-- \/ Yoast SEO plugin. -->","yoast_head_json":{"title":"Brigitte Macron in Marokko: die bisher unbekannten Gr\u00fcnde f\u00fcr ihre alleine Reise ohne Emmanuel Macron - Fan site S\u00e9bastien Auzi\u00e8re","description":"D\u00e9couvrez pourquoi Brigitte Macron s'est rendue seule au Maroc, r\u00e9v\u00e9lant les raisons in\u00e9dites de ce d\u00e9placement sans Emmanuel Macron.","robots":{"index":"index","follow":"follow","max-snippet":"max-snippet:-1","max-image-preview":"max-image-preview:large","max-video-preview":"max-video-preview:-1"},"canonical":"https:\/\/www.sebastien-auziere.fr\/blog\/de\/brigitte-macron-in-marokko-die-bisher-unbekannten-grunde-fur-ihre-alleine-reise-ohne-emmanuel-macron\/","og_locale":"fr_FR","og_type":"article","og_title":"Brigitte Macron in Marokko: die bisher unbekannten Gr\u00fcnde f\u00fcr ihre alleine Reise ohne Emmanuel Macron - Fan site S\u00e9bastien Auzi\u00e8re","og_description":"D\u00e9couvrez pourquoi Brigitte Macron s'est rendue seule au Maroc, r\u00e9v\u00e9lant les raisons in\u00e9dites de ce d\u00e9placement sans Emmanuel Macron.","og_url":"https:\/\/www.sebastien-auziere.fr\/blog\/de\/brigitte-macron-in-marokko-die-bisher-unbekannten-grunde-fur-ihre-alleine-reise-ohne-emmanuel-macron\/","og_site_name":"Fan site S\u00e9bastien Auzi\u00e8re","article_published_time":"2026-04-22T19:10:59+00:00","article_modified_time":"2026-04-22T19:11:25+00:00","og_image":[{"width":2560,"height":1429,"url":"https:\/\/www.sebastien-auziere.fr\/blog\/wp-content\/uploads\/2026\/04\/Brigitte-Macron-au-Maroc-les-raisons-inedites-de-son-deplacement-en-solo-sans-Emmanuel-Macron.jpg","type":"image\/jpeg"}],"author":"Chloe Gauthier","twitter_card":"summary_large_image","twitter_misc":{"\u00c9crit par":"Chloe Gauthier","Dur\u00e9e de lecture estim\u00e9e":"2 minutes"},"schema":{"@context":"https:\/\/schema.org","@graph":[{"@type":"Article","@id":"https:\/\/www.sebastien-auziere.fr\/blog\/de\/brigitte-macron-in-marokko-die-bisher-unbekannten-grunde-fur-ihre-alleine-reise-ohne-emmanuel-macron\/#article","isPartOf":{"@id":"https:\/\/www.sebastien-auziere.fr\/blog\/de\/brigitte-macron-in-marokko-die-bisher-unbekannten-grunde-fur-ihre-alleine-reise-ohne-emmanuel-macron\/"},"author":{"name":"Chloe Gauthier","@id":"https:\/\/www.sebastien-auziere.fr\/blog\/#\/schema\/person\/149f1acdbfd85149c6c3e59adeae2f4d"},"headline":"Brigitte Macron in Marokko: die bisher unbekannten Gr\u00fcnde f\u00fcr ihre alleine Reise ohne Emmanuel Macron","datePublished":"2026-04-22T19:10:59+00:00","dateModified":"2026-04-22T19:11:25+00:00","mainEntityOfPage":{"@id":"https:\/\/www.sebastien-auziere.fr\/blog\/de\/brigitte-macron-in-marokko-die-bisher-unbekannten-grunde-fur-ihre-alleine-reise-ohne-emmanuel-macron\/"},"wordCount":493,"commentCount":0,"publisher":{"@id":"https:\/\/www.sebastien-auziere.fr\/blog\/#organization"},"image":{"@id":"https:\/\/www.sebastien-auziere.fr\/blog\/de\/brigitte-macron-in-marokko-die-bisher-unbekannten-grunde-fur-ihre-alleine-reise-ohne-emmanuel-macron\/#primaryimage"},"thumbnailUrl":"https:\/\/www.sebastien-auziere.fr\/blog\/wp-content\/uploads\/2026\/04\/Brigitte-Macron-au-Maroc-les-raisons-inedites-de-son-deplacement-en-solo-sans-Emmanuel-Macron.jpg","keywords":["brigitte macron","diplomatische Bewegung","marokko","offizieller Reise","politische franz\u00f6sische"],"articleSection":["Aktuelles"],"inLanguage":"fr-FR","potentialAction":[{"@type":"CommentAction","name":"Comment","target":["https:\/\/www.sebastien-auziere.fr\/blog\/de\/brigitte-macron-in-marokko-die-bisher-unbekannten-grunde-fur-ihre-alleine-reise-ohne-emmanuel-macron\/#respond"]}]},{"@type":"WebPage","@id":"https:\/\/www.sebastien-auziere.fr\/blog\/de\/brigitte-macron-in-marokko-die-bisher-unbekannten-grunde-fur-ihre-alleine-reise-ohne-emmanuel-macron\/","url":"https:\/\/www.sebastien-auziere.fr\/blog\/de\/brigitte-macron-in-marokko-die-bisher-unbekannten-grunde-fur-ihre-alleine-reise-ohne-emmanuel-macron\/","name":"Brigitte Macron in Marokko: die bisher unbekannten Gr\u00fcnde f\u00fcr ihre alleine Reise ohne Emmanuel Macron - Fan site S\u00e9bastien Auzi\u00e8re","isPartOf":{"@id":"https:\/\/www.sebastien-auziere.fr\/blog\/#website"},"primaryImageOfPage":{"@id":"https:\/\/www.sebastien-auziere.fr\/blog\/de\/brigitte-macron-in-marokko-die-bisher-unbekannten-grunde-fur-ihre-alleine-reise-ohne-emmanuel-macron\/#primaryimage"},"image":{"@id":"https:\/\/www.sebastien-auziere.fr\/blog\/de\/brigitte-macron-in-marokko-die-bisher-unbekannten-grunde-fur-ihre-alleine-reise-ohne-emmanuel-macron\/#primaryimage"},"thumbnailUrl":"https:\/\/www.sebastien-auziere.fr\/blog\/wp-content\/uploads\/2026\/04\/Brigitte-Macron-au-Maroc-les-raisons-inedites-de-son-deplacement-en-solo-sans-Emmanuel-Macron.jpg","datePublished":"2026-04-22T19:10:59+00:00","dateModified":"2026-04-22T19:11:25+00:00","description":"D\u00e9couvrez pourquoi Brigitte Macron s'est rendue seule au Maroc, r\u00e9v\u00e9lant les raisons in\u00e9dites de ce d\u00e9placement sans Emmanuel Macron.","breadcrumb":{"@id":"https:\/\/www.sebastien-auziere.fr\/blog\/de\/brigitte-macron-in-marokko-die-bisher-unbekannten-grunde-fur-ihre-alleine-reise-ohne-emmanuel-macron\/#breadcrumb"},"inLanguage":"fr-FR","potentialAction":[{"@type":"ReadAction","target":["https:\/\/www.sebastien-auziere.fr\/blog\/de\/brigitte-macron-in-marokko-die-bisher-unbekannten-grunde-fur-ihre-alleine-reise-ohne-emmanuel-macron\/"]}]},{"@type":"ImageObject","inLanguage":"fr-FR","@id":"https:\/\/www.sebastien-auziere.fr\/blog\/de\/brigitte-macron-in-marokko-die-bisher-unbekannten-grunde-fur-ihre-alleine-reise-ohne-emmanuel-macron\/#primaryimage","url":"https:\/\/www.sebastien-auziere.fr\/blog\/wp-content\/uploads\/2026\/04\/Brigitte-Macron-au-Maroc-les-raisons-inedites-de-son-deplacement-en-solo-sans-Emmanuel-Macron.jpg","contentUrl":"https:\/\/www.sebastien-auziere.fr\/blog\/wp-content\/uploads\/2026\/04\/Brigitte-Macron-au-Maroc-les-raisons-inedites-de-son-deplacement-en-solo-sans-Emmanuel-Macron.jpg","width":2560,"height":1429,"caption":"d\u00e9couvrez les raisons in\u00e9dites du d\u00e9placement en solo de brigitte macron au maroc, sans la pr\u00e9sence d'emmanuel macron, et les objectifs de cette visite exceptionnelle."},{"@type":"BreadcrumbList","@id":"https:\/\/www.sebastien-auziere.fr\/blog\/de\/brigitte-macron-in-marokko-die-bisher-unbekannten-grunde-fur-ihre-alleine-reise-ohne-emmanuel-macron\/#breadcrumb","itemListElement":[{"@type":"ListItem","position":1,"name":"Home","item":"https:\/\/www.sebastien-auziere.fr\/blog\/"},{"@type":"ListItem","position":2,"name":"Brigitte Macron in Marokko: die bisher unbekannten Gr\u00fcnde f\u00fcr ihre alleine Reise ohne Emmanuel Macron"}]},{"@type":"WebSite","@id":"https:\/\/www.sebastien-auziere.fr\/blog\/#website","url":"https:\/\/www.sebastien-auziere.fr\/blog\/","name":"Fan site S\u00e9bastien Auzi\u00e8re","description":"M\u00e9dia g\u00e9n\u00e9raliste","publisher":{"@id":"https:\/\/www.sebastien-auziere.fr\/blog\/#organization"},"potentialAction":[{"@type":"SearchAction","target":{"@type":"EntryPoint","urlTemplate":"https:\/\/www.sebastien-auziere.fr\/blog\/?s={search_term_string}"},"query-input":{"@type":"PropertyValueSpecification","valueRequired":true,"valueName":"search_term_string"}}],"inLanguage":"fr-FR"},{"@type":"Organization","@id":"https:\/\/www.sebastien-auziere.fr\/blog\/#organization","name":"Fan site S\u00e9bastien Auzi\u00e8re","url":"https:\/\/www.sebastien-auziere.fr\/blog\/","logo":{"@type":"ImageObject","inLanguage":"fr-FR","@id":"https:\/\/www.sebastien-auziere.fr\/blog\/#\/schema\/logo\/image\/","url":"https:\/\/www.sebastien-auziere.fr\/blog\/wp-content\/uploads\/2026\/03\/cropped-cropped-cropped-ChatGPT-Image-6-mars-2026-12_58_09-e1772798376794.jpg","contentUrl":"https:\/\/www.sebastien-auziere.fr\/blog\/wp-content\/uploads\/2026\/03\/cropped-cropped-cropped-ChatGPT-Image-6-mars-2026-12_58_09-e1772798376794.jpg","width":512,"height":360,"caption":"Fan site S\u00e9bastien Auzi\u00e8re"},"image":{"@id":"https:\/\/www.sebastien-auziere.fr\/blog\/#\/schema\/logo\/image\/"}},{"@type":"Person","@id":"https:\/\/www.sebastien-auziere.fr\/blog\/#\/schema\/person\/149f1acdbfd85149c6c3e59adeae2f4d","name":"Chloe Gauthier","image":{"@type":"ImageObject","inLanguage":"fr-FR","@id":"https:\/\/secure.gravatar.com\/avatar\/2c5722f58171cff738a8985ef0dd66b476e563753246a49019befc837ec4201a?s=96&d=mm&r=g","url":"https:\/\/secure.gravatar.com\/avatar\/2c5722f58171cff738a8985ef0dd66b476e563753246a49019befc837ec4201a?s=96&d=mm&r=g","contentUrl":"https:\/\/secure.gravatar.com\/avatar\/2c5722f58171cff738a8985ef0dd66b476e563753246a49019befc837ec4201a?s=96&d=mm&r=g","caption":"Chloe Gauthier"},"description":"Passionn\u00e9e par la politique et admiratrice engag\u00e9e de la famille Macron, je consacre mon \u00e9nergie \u00e0 suivre leurs initiatives et \u00e0 promouvoir leurs id\u00e9es. \u00c0 32 ans, je suis convaincue que leur vision est porteuse d'avenir.","url":"https:\/\/www.sebastien-auziere.fr\/blog\/author\/chloe-gauthier\/"}]}},"views":0,"_links":{"self":[{"href":"https:\/\/www.sebastien-auziere.fr\/blog\/wp-json\/wp\/v2\/posts\/3248","targetHints":{"allow":["GET"]}}],"collection":[{"href":"https:\/\/www.sebastien-auziere.fr\/blog\/wp-json\/wp\/v2\/posts"}],"about":[{"href":"https:\/\/www.sebastien-auziere.fr\/blog\/wp-json\/wp\/v2\/types\/post"}],"author":[{"embeddable":true,"href":"https:\/\/www.sebastien-auziere.fr\/blog\/wp-json\/wp\/v2\/users\/9"}],"replies":[{"embeddable":true,"href":"https:\/\/www.sebastien-auziere.fr\/blog\/wp-json\/wp\/v2\/comments?post=3248"}],"version-history":[{"count":1,"href":"https:\/\/www.sebastien-auziere.fr\/blog\/wp-json\/wp\/v2\/posts\/3248\/revisions"}],"predecessor-version":[{"id":3249,"href":"https:\/\/www.sebastien-auziere.fr\/blog\/wp-json\/wp\/v2\/posts\/3248\/revisions\/3249"}],"wp:featuredmedia":[{"embeddable":true,"href":"https:\/\/www.sebastien-auziere.fr\/blog\/wp-json\/wp\/v2\/media\/3242"}],"wp:attachment":[{"href":"https:\/\/www.sebastien-auziere.fr\/blog\/wp-json\/wp\/v2\/media?parent=3248"}],"wp:term":[{"taxonomy":"category","embeddable":true,"href":"https:\/\/www.sebastien-auziere.fr\/blog\/wp-json\/wp\/v2\/categories?post=3248"},{"taxonomy":"post_tag","embeddable":true,"href":"https:\/\/www.sebastien-auziere.fr\/blog\/wp-json\/wp\/v2\/tags?post=3248"}],"curies":[{"name":"wp","href":"https:\/\/api.w.org\/{rel}","templated":true}]}}