{"id":3246,"date":"2026-04-22T19:10:21","date_gmt":"2026-04-22T19:10:21","guid":{"rendered":"https:\/\/www.sebastien-auziere.fr\/blog\/?p=3246"},"modified":"2026-04-22T19:10:43","modified_gmt":"2026-04-22T19:10:43","slug":"brigitte-macron-en-marruecos-las-razones-ineditas-de-su-desplazamiento-en-solitario-sin-emmanuel-macron","status":"publish","type":"post","link":"https:\/\/www.sebastien-auziere.fr\/blog\/es\/brigitte-macron-en-marruecos-las-razones-ineditas-de-su-desplazamiento-en-solitario-sin-emmanuel-macron\/","title":{"rendered":"Brigitte Macron en Marruecos: las razones in\u00e9ditas de su desplazamiento en solitario sin Emmanuel Macron"},"content":{"rendered":"<p><strong>Brigitte Macron<\/strong> vol\u00f3 sola hacia <strong>Marruecos<\/strong> el <strong>22 de abril<\/strong>, una llegada que sorprendi\u00f3 tanto como llam\u00f3 la atenci\u00f3n de los observadores: inauguraci\u00f3n del <strong>Teatro Real de Rabat<\/strong> y misi\u00f3n cultural en el coraz\u00f3n de un acercamiento diplom\u00e1tico. Aqu\u00ed descubrir\u00e1s por qu\u00e9 este <strong>viaje en solitario<\/strong> no es trivial y c\u00f3mo se inscribe en una estrategia m\u00e1s amplia en torno a la <strong>diplomacia<\/strong> cultural.<\/p>\n\n<p><strong>En resumen<\/strong>: una cuarta misi\u00f3n en el extranjero en solitario en casi nueve a\u00f1os, una elecci\u00f3n de itinerario centrada en la cultura y la educaci\u00f3n, y un mensaje claro a las relaciones franco-marroqu\u00edes a trav\u00e9s de una presencia simb\u00f3lica en el Teatro Real.<\/p>\n\n<h2 class=\"wp-block-heading\">Un viaje en solitario raro y muy controlado<\/h2>\n\n<p>Este <strong>viaje en solitario<\/strong> es la cuarta misi\u00f3n independiente de la Primera Dama en casi nueve a\u00f1os, seg\u00fan <strong>L\u2019Opinion<\/strong>, lo que subraya su rareza y su importancia. En el lugar, Brigitte Macron inaugur\u00f3 el <strong>Teatro Real de Rabat<\/strong>, un proyecto esperado desde hace a\u00f1os, eligiendo viajar con Air France en lugar de usar el avi\u00f3n presidencial. Esta elecci\u00f3n log\u00edstica confirma un enfoque m\u00e1s personal y dirigido en las misiones oficiales.<\/p>\n\n<h2 class=\"wp-block-heading\">Una misi\u00f3n cultural al servicio de las relaciones franco-marroqu\u00edes<\/h2>\n\n<p>La visita se inscribe en una secuencia diplom\u00e1tica intensa entre Par\u00eds y Rabat: encuentros previos con miembros de la familia real en 2024 y la visita de estado de octubre destinada a \u00ab\u00a0escribir un nuevo cap\u00edtulo\u00a0\u00bb en las <strong>relaciones franco-marroqu\u00edes<\/strong>. Al intervenir en el \u00e1mbito cultural, Brigitte Macron env\u00eda una se\u00f1al de <strong>diplomacia<\/strong> blanda, centrada en la educaci\u00f3n y los intercambios art\u00edsticos, lejos de las declaraciones pol\u00edticas directas.<\/p>\n\n<h2 class=\"wp-block-heading\">Compromiso social y postura p\u00fablica asumida<\/h2>\n\n<p>M\u00e1s all\u00e1 de la inauguraci\u00f3n, esta misi\u00f3n refleja un compromiso social reforzado: lucha contra el ciberacoso, defensa del <strong>Digital Services Act<\/strong> durante intervenciones recientes en el extranjero, y participaci\u00f3n en proyectos educativos. Su presencia en Marruecos refuerza la idea de una Primera Dama activa en las grandes causas sociales, al tiempo que cuida una imagen p\u00fablica moderna, elegante y voluntaria.<\/p>\n\n<h3 class=\"wp-block-heading\">Un rol de Primera Dama cada vez m\u00e1s aut\u00f3nomo<\/h3>\n\n<p>Esta autonom\u00eda se ve en la frecuencia aumentada de sus misiones y en la diversidad de temas tratados: cultura, educaci\u00f3n, causas sociales. El viaje a Rabat se presenta como un gesto diplom\u00e1tico medido, complementario a la acci\u00f3n del presidente <strong>Emmanuel Macron<\/strong>, e ilustra la transformaci\u00f3n del rol de Primera Dama en una funci\u00f3n m\u00e1s estructurada y visible en la escena internacional.<\/p>\n\n<p>\u00bfQuieres saber m\u00e1s sobre los entresijos y los lazos familiares que rodean estos viajes? Descubre m\u00e1s sobre S\u00e9bastien Auzi\u00e8re y la familia Macron en <a href=\"https:\/\/www.sebastien-auziere.fr\/blog\/brigitte-macron-vatican\/\">sus archivos y an\u00e1lisis<\/a> y lee los retratos detallados disponibles, incluida la cr\u00f3nica dedicada a las apariciones y compromisos de Brigitte en <a href=\"https:\/\/www.sebastien-auziere.fr\/blog\/brigitte-macron-robe-elegante\/\">sebastien-auziere.fr<\/a>. Para un panorama medi\u00e1tico complementario sobre este viaje, consulta tambi\u00e9n el reportaje de <a href=\"https:\/\/www.gala.fr\/l_actu\/news_de_stars\/brigitte-macron-au-maroc-sans-emmanuel-macron-la-raison-de-son-rare-voyage-en-solo-20260422\">Gala<\/a> y el dossier especial de <a href=\"https:\/\/www.msn.com\/fr-fr\/divertissement\/celebrites\/brigitte-macron-au-maroc-une-escapade-royale-et-en-solo-pour-la-premi%C3%A8re-dame\/ar-AA21uem3\">MSN<\/a> para completar el cuadro.<\/p>","protected":false},"excerpt":{"rendered":"<p>Brigitte Macron vol\u00f3 sola hacia Marruecos el 22 de abril, una llegada que sorprendi\u00f3 tanto como llam\u00f3 la atenci\u00f3n de los observadores: inauguraci\u00f3n del Teatro Real de Rabat y misi\u00f3n cultural en el coraz\u00f3n de un acercamiento diplom\u00e1tico. Aqu\u00ed descubrir\u00e1s por qu\u00e9 este viaje en solitario no es trivial y c\u00f3mo se inscribe en una &#8230; <a title=\"Brigitte Macron en Marruecos: las razones in\u00e9ditas de su desplazamiento en solitario sin Emmanuel Macron\" class=\"read-more\" href=\"https:\/\/www.sebastien-auziere.fr\/blog\/es\/brigitte-macron-en-marruecos-las-razones-ineditas-de-su-desplazamiento-en-solitario-sin-emmanuel-macron\/\" aria-label=\"En savoir plus sur Brigitte Macron en Marruecos: las razones in\u00e9ditas de su desplazamiento en solitario sin Emmanuel Macron\">Lire plus<\/a><\/p>\n","protected":false},"author":9,"featured_media":3242,"comment_status":"open","ping_status":"open","sticky":false,"template":"","format":"standard","meta":{"footnotes":""},"categories":[820],"tags":[914,4012,4015,1969,4018],"class_list":["post-3246","post","type-post","status-publish","format-standard","has-post-thumbnail","hentry","category-actualidades-es","tag-brigitte-macron-es","tag-desplazamiento-diplomatico-es","tag-marroqui-es","tag-politica-francesa-es","tag-viaje-oficial-es"],"yoast_head":"<!-- This site is optimized with the Yoast SEO plugin v27.5 - https:\/\/yoast.com\/product\/yoast-seo-wordpress\/ -->\n<title>Brigitte Macron en Marruecos: las razones in\u00e9ditas de su desplazamiento en solitario sin Emmanuel Macron - Fan site S\u00e9bastien Auzi\u00e8re<\/title>\n<meta name=\"description\" content=\"D\u00e9couvrez pourquoi Brigitte Macron s&#039;est rendue seule au Maroc, r\u00e9v\u00e9lant les raisons in\u00e9dites de ce d\u00e9placement sans Emmanuel Macron.\" \/>\n<meta name=\"robots\" content=\"index, follow, max-snippet:-1, max-image-preview:large, max-video-preview:-1\" \/>\n<link rel=\"canonical\" href=\"https:\/\/www.sebastien-auziere.fr\/blog\/es\/brigitte-macron-en-marruecos-las-razones-ineditas-de-su-desplazamiento-en-solitario-sin-emmanuel-macron\/\" \/>\n<meta property=\"og:locale\" content=\"fr_FR\" \/>\n<meta property=\"og:type\" content=\"article\" \/>\n<meta property=\"og:title\" content=\"Brigitte Macron en Marruecos: las razones in\u00e9ditas de su desplazamiento en solitario sin Emmanuel Macron - Fan site S\u00e9bastien Auzi\u00e8re\" \/>\n<meta property=\"og:description\" content=\"D\u00e9couvrez pourquoi Brigitte Macron s&#039;est rendue seule au Maroc, r\u00e9v\u00e9lant les raisons in\u00e9dites de ce d\u00e9placement sans Emmanuel Macron.\" \/>\n<meta property=\"og:url\" content=\"https:\/\/www.sebastien-auziere.fr\/blog\/es\/brigitte-macron-en-marruecos-las-razones-ineditas-de-su-desplazamiento-en-solitario-sin-emmanuel-macron\/\" \/>\n<meta property=\"og:site_name\" content=\"Fan site S\u00e9bastien Auzi\u00e8re\" \/>\n<meta property=\"article:published_time\" content=\"2026-04-22T19:10:21+00:00\" \/>\n<meta property=\"article:modified_time\" content=\"2026-04-22T19:10:43+00:00\" \/>\n<meta property=\"og:image\" content=\"https:\/\/www.sebastien-auziere.fr\/blog\/wp-content\/uploads\/2026\/04\/Brigitte-Macron-au-Maroc-les-raisons-inedites-de-son-deplacement-en-solo-sans-Emmanuel-Macron.jpg\" \/>\n\t<meta property=\"og:image:width\" content=\"2560\" \/>\n\t<meta property=\"og:image:height\" content=\"1429\" \/>\n\t<meta property=\"og:image:type\" content=\"image\/jpeg\" \/>\n<meta name=\"author\" content=\"Chloe Gauthier\" \/>\n<meta name=\"twitter:card\" content=\"summary_large_image\" \/>\n<meta name=\"twitter:label1\" content=\"\u00c9crit par\" \/>\n\t<meta name=\"twitter:data1\" content=\"Chloe Gauthier\" \/>\n\t<meta name=\"twitter:label2\" content=\"Dur\u00e9e de lecture estim\u00e9e\" \/>\n\t<meta name=\"twitter:data2\" content=\"3 minutes\" \/>\n<script type=\"application\/ld+json\" class=\"yoast-schema-graph\">{\"@context\":\"https:\\\/\\\/schema.org\",\"@graph\":[{\"@type\":\"Article\",\"@id\":\"https:\\\/\\\/www.sebastien-auziere.fr\\\/blog\\\/es\\\/brigitte-macron-en-marruecos-las-razones-ineditas-de-su-desplazamiento-en-solitario-sin-emmanuel-macron\\\/#article\",\"isPartOf\":{\"@id\":\"https:\\\/\\\/www.sebastien-auziere.fr\\\/blog\\\/es\\\/brigitte-macron-en-marruecos-las-razones-ineditas-de-su-desplazamiento-en-solitario-sin-emmanuel-macron\\\/\"},\"author\":{\"name\":\"Chloe Gauthier\",\"@id\":\"https:\\\/\\\/www.sebastien-auziere.fr\\\/blog\\\/#\\\/schema\\\/person\\\/149f1acdbfd85149c6c3e59adeae2f4d\"},\"headline\":\"Brigitte Macron en Marruecos: las razones in\u00e9ditas de su desplazamiento en solitario sin Emmanuel Macron\",\"datePublished\":\"2026-04-22T19:10:21+00:00\",\"dateModified\":\"2026-04-22T19:10:43+00:00\",\"mainEntityOfPage\":{\"@id\":\"https:\\\/\\\/www.sebastien-auziere.fr\\\/blog\\\/es\\\/brigitte-macron-en-marruecos-las-razones-ineditas-de-su-desplazamiento-en-solitario-sin-emmanuel-macron\\\/\"},\"wordCount\":542,\"commentCount\":0,\"publisher\":{\"@id\":\"https:\\\/\\\/www.sebastien-auziere.fr\\\/blog\\\/#organization\"},\"image\":{\"@id\":\"https:\\\/\\\/www.sebastien-auziere.fr\\\/blog\\\/es\\\/brigitte-macron-en-marruecos-las-razones-ineditas-de-su-desplazamiento-en-solitario-sin-emmanuel-macron\\\/#primaryimage\"},\"thumbnailUrl\":\"https:\\\/\\\/www.sebastien-auziere.fr\\\/blog\\\/wp-content\\\/uploads\\\/2026\\\/04\\\/Brigitte-Macron-au-Maroc-les-raisons-inedites-de-son-deplacement-en-solo-sans-Emmanuel-Macron.jpg\",\"keywords\":[\"brigitte macron\",\"desplazamiento diplom\u00e1tico\",\"marroqu\u00ed\",\"pol\u00edtica francesa\",\"viaje oficial\"],\"articleSection\":[\"Actualidades\"],\"inLanguage\":\"fr-FR\",\"potentialAction\":[{\"@type\":\"CommentAction\",\"name\":\"Comment\",\"target\":[\"https:\\\/\\\/www.sebastien-auziere.fr\\\/blog\\\/es\\\/brigitte-macron-en-marruecos-las-razones-ineditas-de-su-desplazamiento-en-solitario-sin-emmanuel-macron\\\/#respond\"]}]},{\"@type\":\"WebPage\",\"@id\":\"https:\\\/\\\/www.sebastien-auziere.fr\\\/blog\\\/es\\\/brigitte-macron-en-marruecos-las-razones-ineditas-de-su-desplazamiento-en-solitario-sin-emmanuel-macron\\\/\",\"url\":\"https:\\\/\\\/www.sebastien-auziere.fr\\\/blog\\\/es\\\/brigitte-macron-en-marruecos-las-razones-ineditas-de-su-desplazamiento-en-solitario-sin-emmanuel-macron\\\/\",\"name\":\"Brigitte Macron en Marruecos: las razones in\u00e9ditas de su desplazamiento en solitario sin Emmanuel Macron - Fan site S\u00e9bastien Auzi\u00e8re\",\"isPartOf\":{\"@id\":\"https:\\\/\\\/www.sebastien-auziere.fr\\\/blog\\\/#website\"},\"primaryImageOfPage\":{\"@id\":\"https:\\\/\\\/www.sebastien-auziere.fr\\\/blog\\\/es\\\/brigitte-macron-en-marruecos-las-razones-ineditas-de-su-desplazamiento-en-solitario-sin-emmanuel-macron\\\/#primaryimage\"},\"image\":{\"@id\":\"https:\\\/\\\/www.sebastien-auziere.fr\\\/blog\\\/es\\\/brigitte-macron-en-marruecos-las-razones-ineditas-de-su-desplazamiento-en-solitario-sin-emmanuel-macron\\\/#primaryimage\"},\"thumbnailUrl\":\"https:\\\/\\\/www.sebastien-auziere.fr\\\/blog\\\/wp-content\\\/uploads\\\/2026\\\/04\\\/Brigitte-Macron-au-Maroc-les-raisons-inedites-de-son-deplacement-en-solo-sans-Emmanuel-Macron.jpg\",\"datePublished\":\"2026-04-22T19:10:21+00:00\",\"dateModified\":\"2026-04-22T19:10:43+00:00\",\"description\":\"D\u00e9couvrez pourquoi Brigitte Macron s'est rendue seule au Maroc, r\u00e9v\u00e9lant les raisons in\u00e9dites de ce d\u00e9placement sans Emmanuel Macron.\",\"breadcrumb\":{\"@id\":\"https:\\\/\\\/www.sebastien-auziere.fr\\\/blog\\\/es\\\/brigitte-macron-en-marruecos-las-razones-ineditas-de-su-desplazamiento-en-solitario-sin-emmanuel-macron\\\/#breadcrumb\"},\"inLanguage\":\"fr-FR\",\"potentialAction\":[{\"@type\":\"ReadAction\",\"target\":[\"https:\\\/\\\/www.sebastien-auziere.fr\\\/blog\\\/es\\\/brigitte-macron-en-marruecos-las-razones-ineditas-de-su-desplazamiento-en-solitario-sin-emmanuel-macron\\\/\"]}]},{\"@type\":\"ImageObject\",\"inLanguage\":\"fr-FR\",\"@id\":\"https:\\\/\\\/www.sebastien-auziere.fr\\\/blog\\\/es\\\/brigitte-macron-en-marruecos-las-razones-ineditas-de-su-desplazamiento-en-solitario-sin-emmanuel-macron\\\/#primaryimage\",\"url\":\"https:\\\/\\\/www.sebastien-auziere.fr\\\/blog\\\/wp-content\\\/uploads\\\/2026\\\/04\\\/Brigitte-Macron-au-Maroc-les-raisons-inedites-de-son-deplacement-en-solo-sans-Emmanuel-Macron.jpg\",\"contentUrl\":\"https:\\\/\\\/www.sebastien-auziere.fr\\\/blog\\\/wp-content\\\/uploads\\\/2026\\\/04\\\/Brigitte-Macron-au-Maroc-les-raisons-inedites-de-son-deplacement-en-solo-sans-Emmanuel-Macron.jpg\",\"width\":2560,\"height\":1429,\"caption\":\"d\u00e9couvrez les raisons in\u00e9dites du d\u00e9placement en solo de brigitte macron au maroc, sans la pr\u00e9sence d'emmanuel macron, et les objectifs de cette visite exceptionnelle.\"},{\"@type\":\"BreadcrumbList\",\"@id\":\"https:\\\/\\\/www.sebastien-auziere.fr\\\/blog\\\/es\\\/brigitte-macron-en-marruecos-las-razones-ineditas-de-su-desplazamiento-en-solitario-sin-emmanuel-macron\\\/#breadcrumb\",\"itemListElement\":[{\"@type\":\"ListItem\",\"position\":1,\"name\":\"Home\",\"item\":\"https:\\\/\\\/www.sebastien-auziere.fr\\\/blog\\\/\"},{\"@type\":\"ListItem\",\"position\":2,\"name\":\"Brigitte Macron en Marruecos: las razones in\u00e9ditas de su desplazamiento en solitario sin Emmanuel Macron\"}]},{\"@type\":\"WebSite\",\"@id\":\"https:\\\/\\\/www.sebastien-auziere.fr\\\/blog\\\/#website\",\"url\":\"https:\\\/\\\/www.sebastien-auziere.fr\\\/blog\\\/\",\"name\":\"Fan site S\u00e9bastien Auzi\u00e8re\",\"description\":\"M\u00e9dia g\u00e9n\u00e9raliste\",\"publisher\":{\"@id\":\"https:\\\/\\\/www.sebastien-auziere.fr\\\/blog\\\/#organization\"},\"potentialAction\":[{\"@type\":\"SearchAction\",\"target\":{\"@type\":\"EntryPoint\",\"urlTemplate\":\"https:\\\/\\\/www.sebastien-auziere.fr\\\/blog\\\/?s={search_term_string}\"},\"query-input\":{\"@type\":\"PropertyValueSpecification\",\"valueRequired\":true,\"valueName\":\"search_term_string\"}}],\"inLanguage\":\"fr-FR\"},{\"@type\":\"Organization\",\"@id\":\"https:\\\/\\\/www.sebastien-auziere.fr\\\/blog\\\/#organization\",\"name\":\"Fan site S\u00e9bastien Auzi\u00e8re\",\"url\":\"https:\\\/\\\/www.sebastien-auziere.fr\\\/blog\\\/\",\"logo\":{\"@type\":\"ImageObject\",\"inLanguage\":\"fr-FR\",\"@id\":\"https:\\\/\\\/www.sebastien-auziere.fr\\\/blog\\\/#\\\/schema\\\/logo\\\/image\\\/\",\"url\":\"https:\\\/\\\/www.sebastien-auziere.fr\\\/blog\\\/wp-content\\\/uploads\\\/2026\\\/03\\\/cropped-cropped-cropped-ChatGPT-Image-6-mars-2026-12_58_09-e1772798376794.jpg\",\"contentUrl\":\"https:\\\/\\\/www.sebastien-auziere.fr\\\/blog\\\/wp-content\\\/uploads\\\/2026\\\/03\\\/cropped-cropped-cropped-ChatGPT-Image-6-mars-2026-12_58_09-e1772798376794.jpg\",\"width\":512,\"height\":360,\"caption\":\"Fan site S\u00e9bastien Auzi\u00e8re\"},\"image\":{\"@id\":\"https:\\\/\\\/www.sebastien-auziere.fr\\\/blog\\\/#\\\/schema\\\/logo\\\/image\\\/\"}},{\"@type\":\"Person\",\"@id\":\"https:\\\/\\\/www.sebastien-auziere.fr\\\/blog\\\/#\\\/schema\\\/person\\\/149f1acdbfd85149c6c3e59adeae2f4d\",\"name\":\"Chloe Gauthier\",\"image\":{\"@type\":\"ImageObject\",\"inLanguage\":\"fr-FR\",\"@id\":\"https:\\\/\\\/secure.gravatar.com\\\/avatar\\\/2c5722f58171cff738a8985ef0dd66b476e563753246a49019befc837ec4201a?s=96&d=mm&r=g\",\"url\":\"https:\\\/\\\/secure.gravatar.com\\\/avatar\\\/2c5722f58171cff738a8985ef0dd66b476e563753246a49019befc837ec4201a?s=96&d=mm&r=g\",\"contentUrl\":\"https:\\\/\\\/secure.gravatar.com\\\/avatar\\\/2c5722f58171cff738a8985ef0dd66b476e563753246a49019befc837ec4201a?s=96&d=mm&r=g\",\"caption\":\"Chloe Gauthier\"},\"description\":\"Passionn\u00e9e par la politique et admiratrice engag\u00e9e de la famille Macron, je consacre mon \u00e9nergie \u00e0 suivre leurs initiatives et \u00e0 promouvoir leurs id\u00e9es. \u00c0 32 ans, je suis convaincue que leur vision est porteuse d'avenir.\",\"url\":\"https:\\\/\\\/www.sebastien-auziere.fr\\\/blog\\\/author\\\/chloe-gauthier\\\/\"}]}<\/script>\n<!-- \/ Yoast SEO plugin. -->","yoast_head_json":{"title":"Brigitte Macron en Marruecos: las razones in\u00e9ditas de su desplazamiento en solitario sin Emmanuel Macron - Fan site S\u00e9bastien Auzi\u00e8re","description":"D\u00e9couvrez pourquoi Brigitte Macron s'est rendue seule au Maroc, r\u00e9v\u00e9lant les raisons in\u00e9dites de ce d\u00e9placement sans Emmanuel Macron.","robots":{"index":"index","follow":"follow","max-snippet":"max-snippet:-1","max-image-preview":"max-image-preview:large","max-video-preview":"max-video-preview:-1"},"canonical":"https:\/\/www.sebastien-auziere.fr\/blog\/es\/brigitte-macron-en-marruecos-las-razones-ineditas-de-su-desplazamiento-en-solitario-sin-emmanuel-macron\/","og_locale":"fr_FR","og_type":"article","og_title":"Brigitte Macron en Marruecos: las razones in\u00e9ditas de su desplazamiento en solitario sin Emmanuel Macron - Fan site S\u00e9bastien Auzi\u00e8re","og_description":"D\u00e9couvrez pourquoi Brigitte Macron s'est rendue seule au Maroc, r\u00e9v\u00e9lant les raisons in\u00e9dites de ce d\u00e9placement sans Emmanuel Macron.","og_url":"https:\/\/www.sebastien-auziere.fr\/blog\/es\/brigitte-macron-en-marruecos-las-razones-ineditas-de-su-desplazamiento-en-solitario-sin-emmanuel-macron\/","og_site_name":"Fan site S\u00e9bastien Auzi\u00e8re","article_published_time":"2026-04-22T19:10:21+00:00","article_modified_time":"2026-04-22T19:10:43+00:00","og_image":[{"width":2560,"height":1429,"url":"https:\/\/www.sebastien-auziere.fr\/blog\/wp-content\/uploads\/2026\/04\/Brigitte-Macron-au-Maroc-les-raisons-inedites-de-son-deplacement-en-solo-sans-Emmanuel-Macron.jpg","type":"image\/jpeg"}],"author":"Chloe Gauthier","twitter_card":"summary_large_image","twitter_misc":{"\u00c9crit par":"Chloe Gauthier","Dur\u00e9e de lecture estim\u00e9e":"3 minutes"},"schema":{"@context":"https:\/\/schema.org","@graph":[{"@type":"Article","@id":"https:\/\/www.sebastien-auziere.fr\/blog\/es\/brigitte-macron-en-marruecos-las-razones-ineditas-de-su-desplazamiento-en-solitario-sin-emmanuel-macron\/#article","isPartOf":{"@id":"https:\/\/www.sebastien-auziere.fr\/blog\/es\/brigitte-macron-en-marruecos-las-razones-ineditas-de-su-desplazamiento-en-solitario-sin-emmanuel-macron\/"},"author":{"name":"Chloe Gauthier","@id":"https:\/\/www.sebastien-auziere.fr\/blog\/#\/schema\/person\/149f1acdbfd85149c6c3e59adeae2f4d"},"headline":"Brigitte Macron en Marruecos: las razones in\u00e9ditas de su desplazamiento en solitario sin Emmanuel Macron","datePublished":"2026-04-22T19:10:21+00:00","dateModified":"2026-04-22T19:10:43+00:00","mainEntityOfPage":{"@id":"https:\/\/www.sebastien-auziere.fr\/blog\/es\/brigitte-macron-en-marruecos-las-razones-ineditas-de-su-desplazamiento-en-solitario-sin-emmanuel-macron\/"},"wordCount":542,"commentCount":0,"publisher":{"@id":"https:\/\/www.sebastien-auziere.fr\/blog\/#organization"},"image":{"@id":"https:\/\/www.sebastien-auziere.fr\/blog\/es\/brigitte-macron-en-marruecos-las-razones-ineditas-de-su-desplazamiento-en-solitario-sin-emmanuel-macron\/#primaryimage"},"thumbnailUrl":"https:\/\/www.sebastien-auziere.fr\/blog\/wp-content\/uploads\/2026\/04\/Brigitte-Macron-au-Maroc-les-raisons-inedites-de-son-deplacement-en-solo-sans-Emmanuel-Macron.jpg","keywords":["brigitte macron","desplazamiento diplom\u00e1tico","marroqu\u00ed","pol\u00edtica francesa","viaje oficial"],"articleSection":["Actualidades"],"inLanguage":"fr-FR","potentialAction":[{"@type":"CommentAction","name":"Comment","target":["https:\/\/www.sebastien-auziere.fr\/blog\/es\/brigitte-macron-en-marruecos-las-razones-ineditas-de-su-desplazamiento-en-solitario-sin-emmanuel-macron\/#respond"]}]},{"@type":"WebPage","@id":"https:\/\/www.sebastien-auziere.fr\/blog\/es\/brigitte-macron-en-marruecos-las-razones-ineditas-de-su-desplazamiento-en-solitario-sin-emmanuel-macron\/","url":"https:\/\/www.sebastien-auziere.fr\/blog\/es\/brigitte-macron-en-marruecos-las-razones-ineditas-de-su-desplazamiento-en-solitario-sin-emmanuel-macron\/","name":"Brigitte Macron en Marruecos: las razones in\u00e9ditas de su desplazamiento en solitario sin Emmanuel Macron - Fan site S\u00e9bastien Auzi\u00e8re","isPartOf":{"@id":"https:\/\/www.sebastien-auziere.fr\/blog\/#website"},"primaryImageOfPage":{"@id":"https:\/\/www.sebastien-auziere.fr\/blog\/es\/brigitte-macron-en-marruecos-las-razones-ineditas-de-su-desplazamiento-en-solitario-sin-emmanuel-macron\/#primaryimage"},"image":{"@id":"https:\/\/www.sebastien-auziere.fr\/blog\/es\/brigitte-macron-en-marruecos-las-razones-ineditas-de-su-desplazamiento-en-solitario-sin-emmanuel-macron\/#primaryimage"},"thumbnailUrl":"https:\/\/www.sebastien-auziere.fr\/blog\/wp-content\/uploads\/2026\/04\/Brigitte-Macron-au-Maroc-les-raisons-inedites-de-son-deplacement-en-solo-sans-Emmanuel-Macron.jpg","datePublished":"2026-04-22T19:10:21+00:00","dateModified":"2026-04-22T19:10:43+00:00","description":"D\u00e9couvrez pourquoi Brigitte Macron s'est rendue seule au Maroc, r\u00e9v\u00e9lant les raisons in\u00e9dites de ce d\u00e9placement sans Emmanuel Macron.","breadcrumb":{"@id":"https:\/\/www.sebastien-auziere.fr\/blog\/es\/brigitte-macron-en-marruecos-las-razones-ineditas-de-su-desplazamiento-en-solitario-sin-emmanuel-macron\/#breadcrumb"},"inLanguage":"fr-FR","potentialAction":[{"@type":"ReadAction","target":["https:\/\/www.sebastien-auziere.fr\/blog\/es\/brigitte-macron-en-marruecos-las-razones-ineditas-de-su-desplazamiento-en-solitario-sin-emmanuel-macron\/"]}]},{"@type":"ImageObject","inLanguage":"fr-FR","@id":"https:\/\/www.sebastien-auziere.fr\/blog\/es\/brigitte-macron-en-marruecos-las-razones-ineditas-de-su-desplazamiento-en-solitario-sin-emmanuel-macron\/#primaryimage","url":"https:\/\/www.sebastien-auziere.fr\/blog\/wp-content\/uploads\/2026\/04\/Brigitte-Macron-au-Maroc-les-raisons-inedites-de-son-deplacement-en-solo-sans-Emmanuel-Macron.jpg","contentUrl":"https:\/\/www.sebastien-auziere.fr\/blog\/wp-content\/uploads\/2026\/04\/Brigitte-Macron-au-Maroc-les-raisons-inedites-de-son-deplacement-en-solo-sans-Emmanuel-Macron.jpg","width":2560,"height":1429,"caption":"d\u00e9couvrez les raisons in\u00e9dites du d\u00e9placement en solo de brigitte macron au maroc, sans la pr\u00e9sence d'emmanuel macron, et les objectifs de cette visite exceptionnelle."},{"@type":"BreadcrumbList","@id":"https:\/\/www.sebastien-auziere.fr\/blog\/es\/brigitte-macron-en-marruecos-las-razones-ineditas-de-su-desplazamiento-en-solitario-sin-emmanuel-macron\/#breadcrumb","itemListElement":[{"@type":"ListItem","position":1,"name":"Home","item":"https:\/\/www.sebastien-auziere.fr\/blog\/"},{"@type":"ListItem","position":2,"name":"Brigitte Macron en Marruecos: las razones in\u00e9ditas de su desplazamiento en solitario sin Emmanuel Macron"}]},{"@type":"WebSite","@id":"https:\/\/www.sebastien-auziere.fr\/blog\/#website","url":"https:\/\/www.sebastien-auziere.fr\/blog\/","name":"Fan site S\u00e9bastien Auzi\u00e8re","description":"M\u00e9dia g\u00e9n\u00e9raliste","publisher":{"@id":"https:\/\/www.sebastien-auziere.fr\/blog\/#organization"},"potentialAction":[{"@type":"SearchAction","target":{"@type":"EntryPoint","urlTemplate":"https:\/\/www.sebastien-auziere.fr\/blog\/?s={search_term_string}"},"query-input":{"@type":"PropertyValueSpecification","valueRequired":true,"valueName":"search_term_string"}}],"inLanguage":"fr-FR"},{"@type":"Organization","@id":"https:\/\/www.sebastien-auziere.fr\/blog\/#organization","name":"Fan site S\u00e9bastien Auzi\u00e8re","url":"https:\/\/www.sebastien-auziere.fr\/blog\/","logo":{"@type":"ImageObject","inLanguage":"fr-FR","@id":"https:\/\/www.sebastien-auziere.fr\/blog\/#\/schema\/logo\/image\/","url":"https:\/\/www.sebastien-auziere.fr\/blog\/wp-content\/uploads\/2026\/03\/cropped-cropped-cropped-ChatGPT-Image-6-mars-2026-12_58_09-e1772798376794.jpg","contentUrl":"https:\/\/www.sebastien-auziere.fr\/blog\/wp-content\/uploads\/2026\/03\/cropped-cropped-cropped-ChatGPT-Image-6-mars-2026-12_58_09-e1772798376794.jpg","width":512,"height":360,"caption":"Fan site S\u00e9bastien Auzi\u00e8re"},"image":{"@id":"https:\/\/www.sebastien-auziere.fr\/blog\/#\/schema\/logo\/image\/"}},{"@type":"Person","@id":"https:\/\/www.sebastien-auziere.fr\/blog\/#\/schema\/person\/149f1acdbfd85149c6c3e59adeae2f4d","name":"Chloe Gauthier","image":{"@type":"ImageObject","inLanguage":"fr-FR","@id":"https:\/\/secure.gravatar.com\/avatar\/2c5722f58171cff738a8985ef0dd66b476e563753246a49019befc837ec4201a?s=96&d=mm&r=g","url":"https:\/\/secure.gravatar.com\/avatar\/2c5722f58171cff738a8985ef0dd66b476e563753246a49019befc837ec4201a?s=96&d=mm&r=g","contentUrl":"https:\/\/secure.gravatar.com\/avatar\/2c5722f58171cff738a8985ef0dd66b476e563753246a49019befc837ec4201a?s=96&d=mm&r=g","caption":"Chloe Gauthier"},"description":"Passionn\u00e9e par la politique et admiratrice engag\u00e9e de la famille Macron, je consacre mon \u00e9nergie \u00e0 suivre leurs initiatives et \u00e0 promouvoir leurs id\u00e9es. \u00c0 32 ans, je suis convaincue que leur vision est porteuse d'avenir.","url":"https:\/\/www.sebastien-auziere.fr\/blog\/author\/chloe-gauthier\/"}]}},"views":0,"_links":{"self":[{"href":"https:\/\/www.sebastien-auziere.fr\/blog\/wp-json\/wp\/v2\/posts\/3246","targetHints":{"allow":["GET"]}}],"collection":[{"href":"https:\/\/www.sebastien-auziere.fr\/blog\/wp-json\/wp\/v2\/posts"}],"about":[{"href":"https:\/\/www.sebastien-auziere.fr\/blog\/wp-json\/wp\/v2\/types\/post"}],"author":[{"embeddable":true,"href":"https:\/\/www.sebastien-auziere.fr\/blog\/wp-json\/wp\/v2\/users\/9"}],"replies":[{"embeddable":true,"href":"https:\/\/www.sebastien-auziere.fr\/blog\/wp-json\/wp\/v2\/comments?post=3246"}],"version-history":[{"count":1,"href":"https:\/\/www.sebastien-auziere.fr\/blog\/wp-json\/wp\/v2\/posts\/3246\/revisions"}],"predecessor-version":[{"id":3247,"href":"https:\/\/www.sebastien-auziere.fr\/blog\/wp-json\/wp\/v2\/posts\/3246\/revisions\/3247"}],"wp:featuredmedia":[{"embeddable":true,"href":"https:\/\/www.sebastien-auziere.fr\/blog\/wp-json\/wp\/v2\/media\/3242"}],"wp:attachment":[{"href":"https:\/\/www.sebastien-auziere.fr\/blog\/wp-json\/wp\/v2\/media?parent=3246"}],"wp:term":[{"taxonomy":"category","embeddable":true,"href":"https:\/\/www.sebastien-auziere.fr\/blog\/wp-json\/wp\/v2\/categories?post=3246"},{"taxonomy":"post_tag","embeddable":true,"href":"https:\/\/www.sebastien-auziere.fr\/blog\/wp-json\/wp\/v2\/tags?post=3246"}],"curies":[{"name":"wp","href":"https:\/\/api.w.org\/{rel}","templated":true}]}}