{"id":3244,"date":"2026-04-22T19:09:59","date_gmt":"2026-04-22T19:09:59","guid":{"rendered":"https:\/\/www.sebastien-auziere.fr\/blog\/?p=3244"},"modified":"2026-04-22T19:10:20","modified_gmt":"2026-04-22T19:10:20","slug":"brigitte-macron-in-morocco-the-unprecedented-reasons-for-her-solo-trip-without-emmanuel-macron","status":"publish","type":"post","link":"https:\/\/www.sebastien-auziere.fr\/blog\/en\/brigitte-macron-in-morocco-the-unprecedented-reasons-for-her-solo-trip-without-emmanuel-macron\/","title":{"rendered":"Brigitte Macron in Morocco: the unprecedented reasons for her solo trip without Emmanuel Macron"},"content":{"rendered":"<p><strong>Brigitte Macron<\/strong> flew solo to <strong>Morocco<\/strong> on <strong>April 22<\/strong>, an arrival that surprised as much as it intrigued observers: the inauguration of the <strong>Royal Theater of Rabat<\/strong> and a cultural mission at the heart of a diplomatic rapprochement. Here you will discover why this <strong>solo trip<\/strong> is not insignificant and how it fits into a broader strategy around <strong>cultural diplomacy<\/strong>.<\/p>\n\n<p><strong>In brief<\/strong>: a fourth solo mission abroad in nearly nine years, an itinerary focused on culture and education, and a clear message to Franco-Moroccan relations through a symbolic presence at the Royal Theater.<\/p>\n\n<h2 class=\"wp-block-heading\">A rare and very structured solo trip<\/h2>\n\n<p>This <strong>solo trip<\/strong> is the fourth independent mission of the First Lady in almost nine years, according to <strong>L\u2019Opinion<\/strong>, highlighting its rarity and importance. On site, Brigitte Macron inaugurated the <strong>Royal Theater of Rabat<\/strong>, a project awaited for years, choosing to travel with Air France rather than the presidential plane. This logistical choice confirms a more personal and targeted approach to official missions.<\/p>\n\n<h2 class=\"wp-block-heading\">A cultural mission in support of Franco-Moroccan relations<\/h2>\n\n<p>The visit is part of a dense diplomatic sequence between Paris and Rabat: previous meetings with members of the royal family in 2024 and the state visit in October aimed at \u00ab\u00a0writing a new chapter\u00a0\u00bb in Franco-Moroccan relations. By addressing culture, Brigitte Macron sends a signal of soft <strong>diplomacy<\/strong>, focused on education and artistic exchanges, far from direct political statements.<\/p>\n\n<h2 class=\"wp-block-heading\">Social commitment and assumed public posture<\/h2>\n\n<p>Beyond the inauguration, this mission reflects a strengthened social commitment: fighting against cyberbullying, advocating for the <strong>Digital Services Act<\/strong> during recent interventions abroad, and involvement in educational projects. Her presence in Morocco reinforces the idea of a First Lady active on major societal causes, while cultivating a modern, elegant, and determined public image.<\/p>\n\n<h3 class=\"wp-block-heading\">An increasingly autonomous role for the First Lady<\/h3>\n\n<p>This autonomy is evident in the increased frequency of her missions and in the diversity of topics addressed: culture, education, social causes. The trip to Rabat appears as a measured diplomatic gesture, complementary to the actions of President <strong>Emmanuel Macron<\/strong>, and illustrates the transformation of the role of First Lady into a more structured and visible function on the international stage.<\/p>\n\n<p>Want to know more about the background and family ties surrounding these trips? Discover more about S\u00e9bastien Auzi\u00e8re and the Macron family on <a href=\"https:\/\/www.sebastien-auziere.fr\/blog\/brigitte-macron-vatican\/\">their archives and analyses<\/a> and read the detailed portraits available, including the chronicle dedicated to Brigitte&rsquo;s appearances and engagements on <a href=\"https:\/\/www.sebastien-auziere.fr\/blog\/brigitte-macron-robe-elegante\/\">sebastien-auziere.fr<\/a>. For a complementary media overview of this trip, also check the report from <a href=\"https:\/\/www.gala.fr\/l_actu\/news_de_stars\/brigitte-macron-au-maroc-sans-emmanuel-macron-la-raison-de-son-rare-voyage-en-solo-20260422\">Gala<\/a> and the special dossier from <a href=\"https:\/\/www.msn.com\/fr-fr\/divertissement\/celebrites\/brigitte-macron-au-maroc-une-escapade-royale-et-en-solo-pour-la-premi%C3%A8re-dame\/ar-AA21uem3\">MSN<\/a> to complete the picture.<\/p>","protected":false},"excerpt":{"rendered":"<p>Brigitte Macron flew solo to Morocco on April 22, an arrival that surprised as much as it intrigued observers: the inauguration of the Royal Theater of Rabat and a cultural mission at the heart of a diplomatic rapprochement. Here you will discover why this solo trip is not insignificant and how it fits into a &#8230; <a title=\"Brigitte Macron in Morocco: the unprecedented reasons for her solo trip without Emmanuel Macron\" class=\"read-more\" href=\"https:\/\/www.sebastien-auziere.fr\/blog\/en\/brigitte-macron-in-morocco-the-unprecedented-reasons-for-her-solo-trip-without-emmanuel-macron\/\" aria-label=\"En savoir plus sur Brigitte Macron in Morocco: the unprecedented reasons for her solo trip without Emmanuel Macron\">Lire plus<\/a><\/p>\n","protected":false},"author":9,"featured_media":3242,"comment_status":"open","ping_status":"open","sticky":false,"template":"","format":"standard","meta":{"footnotes":""},"categories":[816],"tags":[898,4002,4005,4008,1959],"class_list":["post-3244","post","type-post","status-publish","format-standard","has-post-thumbnail","hentry","category-news","tag-brigitte-macron-en","tag-diplomatic-movement-en","tag-maroc-en","tag-official-voyage-en","tag-political-french-en"],"yoast_head":"<!-- This site is optimized with the Yoast SEO plugin v27.5 - https:\/\/yoast.com\/product\/yoast-seo-wordpress\/ -->\n<title>Brigitte Macron in Morocco: the unprecedented reasons for her solo trip without Emmanuel Macron - Fan site S\u00e9bastien Auzi\u00e8re<\/title>\n<meta name=\"description\" content=\"D\u00e9couvrez pourquoi Brigitte Macron s&#039;est rendue seule au Maroc, r\u00e9v\u00e9lant les raisons in\u00e9dites de ce d\u00e9placement sans Emmanuel Macron.\" \/>\n<meta name=\"robots\" content=\"index, follow, max-snippet:-1, max-image-preview:large, max-video-preview:-1\" \/>\n<link rel=\"canonical\" href=\"https:\/\/www.sebastien-auziere.fr\/blog\/en\/brigitte-macron-in-morocco-the-unprecedented-reasons-for-her-solo-trip-without-emmanuel-macron\/\" \/>\n<meta property=\"og:locale\" content=\"fr_FR\" \/>\n<meta property=\"og:type\" content=\"article\" \/>\n<meta property=\"og:title\" content=\"Brigitte Macron in Morocco: the unprecedented reasons for her solo trip without Emmanuel Macron - Fan site S\u00e9bastien Auzi\u00e8re\" \/>\n<meta property=\"og:description\" content=\"D\u00e9couvrez pourquoi Brigitte Macron s&#039;est rendue seule au Maroc, r\u00e9v\u00e9lant les raisons in\u00e9dites de ce d\u00e9placement sans Emmanuel Macron.\" \/>\n<meta property=\"og:url\" content=\"https:\/\/www.sebastien-auziere.fr\/blog\/en\/brigitte-macron-in-morocco-the-unprecedented-reasons-for-her-solo-trip-without-emmanuel-macron\/\" \/>\n<meta property=\"og:site_name\" content=\"Fan site S\u00e9bastien Auzi\u00e8re\" \/>\n<meta property=\"article:published_time\" content=\"2026-04-22T19:09:59+00:00\" \/>\n<meta property=\"article:modified_time\" content=\"2026-04-22T19:10:20+00:00\" \/>\n<meta property=\"og:image\" content=\"https:\/\/www.sebastien-auziere.fr\/blog\/wp-content\/uploads\/2026\/04\/Brigitte-Macron-au-Maroc-les-raisons-inedites-de-son-deplacement-en-solo-sans-Emmanuel-Macron.jpg\" \/>\n\t<meta property=\"og:image:width\" content=\"2560\" \/>\n\t<meta property=\"og:image:height\" content=\"1429\" \/>\n\t<meta property=\"og:image:type\" content=\"image\/jpeg\" \/>\n<meta name=\"author\" content=\"Chloe Gauthier\" \/>\n<meta name=\"twitter:card\" content=\"summary_large_image\" \/>\n<meta name=\"twitter:label1\" content=\"\u00c9crit par\" \/>\n\t<meta name=\"twitter:data1\" content=\"Chloe Gauthier\" \/>\n\t<meta name=\"twitter:label2\" content=\"Dur\u00e9e de lecture estim\u00e9e\" \/>\n\t<meta name=\"twitter:data2\" content=\"2 minutes\" \/>\n<script type=\"application\/ld+json\" class=\"yoast-schema-graph\">{\"@context\":\"https:\\\/\\\/schema.org\",\"@graph\":[{\"@type\":\"Article\",\"@id\":\"https:\\\/\\\/www.sebastien-auziere.fr\\\/blog\\\/en\\\/brigitte-macron-in-morocco-the-unprecedented-reasons-for-her-solo-trip-without-emmanuel-macron\\\/#article\",\"isPartOf\":{\"@id\":\"https:\\\/\\\/www.sebastien-auziere.fr\\\/blog\\\/en\\\/brigitte-macron-in-morocco-the-unprecedented-reasons-for-her-solo-trip-without-emmanuel-macron\\\/\"},\"author\":{\"name\":\"Chloe Gauthier\",\"@id\":\"https:\\\/\\\/www.sebastien-auziere.fr\\\/blog\\\/#\\\/schema\\\/person\\\/149f1acdbfd85149c6c3e59adeae2f4d\"},\"headline\":\"Brigitte Macron in Morocco: the unprecedented reasons for her solo trip without Emmanuel Macron\",\"datePublished\":\"2026-04-22T19:09:59+00:00\",\"dateModified\":\"2026-04-22T19:10:20+00:00\",\"mainEntityOfPage\":{\"@id\":\"https:\\\/\\\/www.sebastien-auziere.fr\\\/blog\\\/en\\\/brigitte-macron-in-morocco-the-unprecedented-reasons-for-her-solo-trip-without-emmanuel-macron\\\/\"},\"wordCount\":443,\"commentCount\":0,\"publisher\":{\"@id\":\"https:\\\/\\\/www.sebastien-auziere.fr\\\/blog\\\/#organization\"},\"image\":{\"@id\":\"https:\\\/\\\/www.sebastien-auziere.fr\\\/blog\\\/en\\\/brigitte-macron-in-morocco-the-unprecedented-reasons-for-her-solo-trip-without-emmanuel-macron\\\/#primaryimage\"},\"thumbnailUrl\":\"https:\\\/\\\/www.sebastien-auziere.fr\\\/blog\\\/wp-content\\\/uploads\\\/2026\\\/04\\\/Brigitte-Macron-au-Maroc-les-raisons-inedites-de-son-deplacement-en-solo-sans-Emmanuel-Macron.jpg\",\"keywords\":[\"brigitte macron\",\"diplomatic movement\",\"maroc\",\"official voyage\",\"political French\"],\"articleSection\":[\"News\"],\"inLanguage\":\"fr-FR\",\"potentialAction\":[{\"@type\":\"CommentAction\",\"name\":\"Comment\",\"target\":[\"https:\\\/\\\/www.sebastien-auziere.fr\\\/blog\\\/en\\\/brigitte-macron-in-morocco-the-unprecedented-reasons-for-her-solo-trip-without-emmanuel-macron\\\/#respond\"]}]},{\"@type\":\"WebPage\",\"@id\":\"https:\\\/\\\/www.sebastien-auziere.fr\\\/blog\\\/en\\\/brigitte-macron-in-morocco-the-unprecedented-reasons-for-her-solo-trip-without-emmanuel-macron\\\/\",\"url\":\"https:\\\/\\\/www.sebastien-auziere.fr\\\/blog\\\/en\\\/brigitte-macron-in-morocco-the-unprecedented-reasons-for-her-solo-trip-without-emmanuel-macron\\\/\",\"name\":\"Brigitte Macron in Morocco: the unprecedented reasons for her solo trip without Emmanuel Macron - Fan site S\u00e9bastien Auzi\u00e8re\",\"isPartOf\":{\"@id\":\"https:\\\/\\\/www.sebastien-auziere.fr\\\/blog\\\/#website\"},\"primaryImageOfPage\":{\"@id\":\"https:\\\/\\\/www.sebastien-auziere.fr\\\/blog\\\/en\\\/brigitte-macron-in-morocco-the-unprecedented-reasons-for-her-solo-trip-without-emmanuel-macron\\\/#primaryimage\"},\"image\":{\"@id\":\"https:\\\/\\\/www.sebastien-auziere.fr\\\/blog\\\/en\\\/brigitte-macron-in-morocco-the-unprecedented-reasons-for-her-solo-trip-without-emmanuel-macron\\\/#primaryimage\"},\"thumbnailUrl\":\"https:\\\/\\\/www.sebastien-auziere.fr\\\/blog\\\/wp-content\\\/uploads\\\/2026\\\/04\\\/Brigitte-Macron-au-Maroc-les-raisons-inedites-de-son-deplacement-en-solo-sans-Emmanuel-Macron.jpg\",\"datePublished\":\"2026-04-22T19:09:59+00:00\",\"dateModified\":\"2026-04-22T19:10:20+00:00\",\"description\":\"D\u00e9couvrez pourquoi Brigitte Macron s'est rendue seule au Maroc, r\u00e9v\u00e9lant les raisons in\u00e9dites de ce d\u00e9placement sans Emmanuel Macron.\",\"breadcrumb\":{\"@id\":\"https:\\\/\\\/www.sebastien-auziere.fr\\\/blog\\\/en\\\/brigitte-macron-in-morocco-the-unprecedented-reasons-for-her-solo-trip-without-emmanuel-macron\\\/#breadcrumb\"},\"inLanguage\":\"fr-FR\",\"potentialAction\":[{\"@type\":\"ReadAction\",\"target\":[\"https:\\\/\\\/www.sebastien-auziere.fr\\\/blog\\\/en\\\/brigitte-macron-in-morocco-the-unprecedented-reasons-for-her-solo-trip-without-emmanuel-macron\\\/\"]}]},{\"@type\":\"ImageObject\",\"inLanguage\":\"fr-FR\",\"@id\":\"https:\\\/\\\/www.sebastien-auziere.fr\\\/blog\\\/en\\\/brigitte-macron-in-morocco-the-unprecedented-reasons-for-her-solo-trip-without-emmanuel-macron\\\/#primaryimage\",\"url\":\"https:\\\/\\\/www.sebastien-auziere.fr\\\/blog\\\/wp-content\\\/uploads\\\/2026\\\/04\\\/Brigitte-Macron-au-Maroc-les-raisons-inedites-de-son-deplacement-en-solo-sans-Emmanuel-Macron.jpg\",\"contentUrl\":\"https:\\\/\\\/www.sebastien-auziere.fr\\\/blog\\\/wp-content\\\/uploads\\\/2026\\\/04\\\/Brigitte-Macron-au-Maroc-les-raisons-inedites-de-son-deplacement-en-solo-sans-Emmanuel-Macron.jpg\",\"width\":2560,\"height\":1429,\"caption\":\"d\u00e9couvrez les raisons in\u00e9dites du d\u00e9placement en solo de brigitte macron au maroc, sans la pr\u00e9sence d'emmanuel macron, et les objectifs de cette visite exceptionnelle.\"},{\"@type\":\"BreadcrumbList\",\"@id\":\"https:\\\/\\\/www.sebastien-auziere.fr\\\/blog\\\/en\\\/brigitte-macron-in-morocco-the-unprecedented-reasons-for-her-solo-trip-without-emmanuel-macron\\\/#breadcrumb\",\"itemListElement\":[{\"@type\":\"ListItem\",\"position\":1,\"name\":\"Home\",\"item\":\"https:\\\/\\\/www.sebastien-auziere.fr\\\/blog\\\/\"},{\"@type\":\"ListItem\",\"position\":2,\"name\":\"Brigitte Macron in Morocco: the unprecedented reasons for her solo trip without Emmanuel Macron\"}]},{\"@type\":\"WebSite\",\"@id\":\"https:\\\/\\\/www.sebastien-auziere.fr\\\/blog\\\/#website\",\"url\":\"https:\\\/\\\/www.sebastien-auziere.fr\\\/blog\\\/\",\"name\":\"Fan site S\u00e9bastien Auzi\u00e8re\",\"description\":\"M\u00e9dia g\u00e9n\u00e9raliste\",\"publisher\":{\"@id\":\"https:\\\/\\\/www.sebastien-auziere.fr\\\/blog\\\/#organization\"},\"potentialAction\":[{\"@type\":\"SearchAction\",\"target\":{\"@type\":\"EntryPoint\",\"urlTemplate\":\"https:\\\/\\\/www.sebastien-auziere.fr\\\/blog\\\/?s={search_term_string}\"},\"query-input\":{\"@type\":\"PropertyValueSpecification\",\"valueRequired\":true,\"valueName\":\"search_term_string\"}}],\"inLanguage\":\"fr-FR\"},{\"@type\":\"Organization\",\"@id\":\"https:\\\/\\\/www.sebastien-auziere.fr\\\/blog\\\/#organization\",\"name\":\"Fan site S\u00e9bastien Auzi\u00e8re\",\"url\":\"https:\\\/\\\/www.sebastien-auziere.fr\\\/blog\\\/\",\"logo\":{\"@type\":\"ImageObject\",\"inLanguage\":\"fr-FR\",\"@id\":\"https:\\\/\\\/www.sebastien-auziere.fr\\\/blog\\\/#\\\/schema\\\/logo\\\/image\\\/\",\"url\":\"https:\\\/\\\/www.sebastien-auziere.fr\\\/blog\\\/wp-content\\\/uploads\\\/2026\\\/03\\\/cropped-cropped-cropped-ChatGPT-Image-6-mars-2026-12_58_09-e1772798376794.jpg\",\"contentUrl\":\"https:\\\/\\\/www.sebastien-auziere.fr\\\/blog\\\/wp-content\\\/uploads\\\/2026\\\/03\\\/cropped-cropped-cropped-ChatGPT-Image-6-mars-2026-12_58_09-e1772798376794.jpg\",\"width\":512,\"height\":360,\"caption\":\"Fan site S\u00e9bastien Auzi\u00e8re\"},\"image\":{\"@id\":\"https:\\\/\\\/www.sebastien-auziere.fr\\\/blog\\\/#\\\/schema\\\/logo\\\/image\\\/\"}},{\"@type\":\"Person\",\"@id\":\"https:\\\/\\\/www.sebastien-auziere.fr\\\/blog\\\/#\\\/schema\\\/person\\\/149f1acdbfd85149c6c3e59adeae2f4d\",\"name\":\"Chloe Gauthier\",\"image\":{\"@type\":\"ImageObject\",\"inLanguage\":\"fr-FR\",\"@id\":\"https:\\\/\\\/secure.gravatar.com\\\/avatar\\\/2c5722f58171cff738a8985ef0dd66b476e563753246a49019befc837ec4201a?s=96&d=mm&r=g\",\"url\":\"https:\\\/\\\/secure.gravatar.com\\\/avatar\\\/2c5722f58171cff738a8985ef0dd66b476e563753246a49019befc837ec4201a?s=96&d=mm&r=g\",\"contentUrl\":\"https:\\\/\\\/secure.gravatar.com\\\/avatar\\\/2c5722f58171cff738a8985ef0dd66b476e563753246a49019befc837ec4201a?s=96&d=mm&r=g\",\"caption\":\"Chloe Gauthier\"},\"description\":\"Passionn\u00e9e par la politique et admiratrice engag\u00e9e de la famille Macron, je consacre mon \u00e9nergie \u00e0 suivre leurs initiatives et \u00e0 promouvoir leurs id\u00e9es. \u00c0 32 ans, je suis convaincue que leur vision est porteuse d'avenir.\",\"url\":\"https:\\\/\\\/www.sebastien-auziere.fr\\\/blog\\\/author\\\/chloe-gauthier\\\/\"}]}<\/script>\n<!-- \/ Yoast SEO plugin. -->","yoast_head_json":{"title":"Brigitte Macron in Morocco: the unprecedented reasons for her solo trip without Emmanuel Macron - Fan site S\u00e9bastien Auzi\u00e8re","description":"D\u00e9couvrez pourquoi Brigitte Macron s'est rendue seule au Maroc, r\u00e9v\u00e9lant les raisons in\u00e9dites de ce d\u00e9placement sans Emmanuel Macron.","robots":{"index":"index","follow":"follow","max-snippet":"max-snippet:-1","max-image-preview":"max-image-preview:large","max-video-preview":"max-video-preview:-1"},"canonical":"https:\/\/www.sebastien-auziere.fr\/blog\/en\/brigitte-macron-in-morocco-the-unprecedented-reasons-for-her-solo-trip-without-emmanuel-macron\/","og_locale":"fr_FR","og_type":"article","og_title":"Brigitte Macron in Morocco: the unprecedented reasons for her solo trip without Emmanuel Macron - Fan site S\u00e9bastien Auzi\u00e8re","og_description":"D\u00e9couvrez pourquoi Brigitte Macron s'est rendue seule au Maroc, r\u00e9v\u00e9lant les raisons in\u00e9dites de ce d\u00e9placement sans Emmanuel Macron.","og_url":"https:\/\/www.sebastien-auziere.fr\/blog\/en\/brigitte-macron-in-morocco-the-unprecedented-reasons-for-her-solo-trip-without-emmanuel-macron\/","og_site_name":"Fan site S\u00e9bastien Auzi\u00e8re","article_published_time":"2026-04-22T19:09:59+00:00","article_modified_time":"2026-04-22T19:10:20+00:00","og_image":[{"width":2560,"height":1429,"url":"https:\/\/www.sebastien-auziere.fr\/blog\/wp-content\/uploads\/2026\/04\/Brigitte-Macron-au-Maroc-les-raisons-inedites-de-son-deplacement-en-solo-sans-Emmanuel-Macron.jpg","type":"image\/jpeg"}],"author":"Chloe Gauthier","twitter_card":"summary_large_image","twitter_misc":{"\u00c9crit par":"Chloe Gauthier","Dur\u00e9e de lecture estim\u00e9e":"2 minutes"},"schema":{"@context":"https:\/\/schema.org","@graph":[{"@type":"Article","@id":"https:\/\/www.sebastien-auziere.fr\/blog\/en\/brigitte-macron-in-morocco-the-unprecedented-reasons-for-her-solo-trip-without-emmanuel-macron\/#article","isPartOf":{"@id":"https:\/\/www.sebastien-auziere.fr\/blog\/en\/brigitte-macron-in-morocco-the-unprecedented-reasons-for-her-solo-trip-without-emmanuel-macron\/"},"author":{"name":"Chloe Gauthier","@id":"https:\/\/www.sebastien-auziere.fr\/blog\/#\/schema\/person\/149f1acdbfd85149c6c3e59adeae2f4d"},"headline":"Brigitte Macron in Morocco: the unprecedented reasons for her solo trip without Emmanuel Macron","datePublished":"2026-04-22T19:09:59+00:00","dateModified":"2026-04-22T19:10:20+00:00","mainEntityOfPage":{"@id":"https:\/\/www.sebastien-auziere.fr\/blog\/en\/brigitte-macron-in-morocco-the-unprecedented-reasons-for-her-solo-trip-without-emmanuel-macron\/"},"wordCount":443,"commentCount":0,"publisher":{"@id":"https:\/\/www.sebastien-auziere.fr\/blog\/#organization"},"image":{"@id":"https:\/\/www.sebastien-auziere.fr\/blog\/en\/brigitte-macron-in-morocco-the-unprecedented-reasons-for-her-solo-trip-without-emmanuel-macron\/#primaryimage"},"thumbnailUrl":"https:\/\/www.sebastien-auziere.fr\/blog\/wp-content\/uploads\/2026\/04\/Brigitte-Macron-au-Maroc-les-raisons-inedites-de-son-deplacement-en-solo-sans-Emmanuel-Macron.jpg","keywords":["brigitte macron","diplomatic movement","maroc","official voyage","political French"],"articleSection":["News"],"inLanguage":"fr-FR","potentialAction":[{"@type":"CommentAction","name":"Comment","target":["https:\/\/www.sebastien-auziere.fr\/blog\/en\/brigitte-macron-in-morocco-the-unprecedented-reasons-for-her-solo-trip-without-emmanuel-macron\/#respond"]}]},{"@type":"WebPage","@id":"https:\/\/www.sebastien-auziere.fr\/blog\/en\/brigitte-macron-in-morocco-the-unprecedented-reasons-for-her-solo-trip-without-emmanuel-macron\/","url":"https:\/\/www.sebastien-auziere.fr\/blog\/en\/brigitte-macron-in-morocco-the-unprecedented-reasons-for-her-solo-trip-without-emmanuel-macron\/","name":"Brigitte Macron in Morocco: the unprecedented reasons for her solo trip without Emmanuel Macron - Fan site S\u00e9bastien Auzi\u00e8re","isPartOf":{"@id":"https:\/\/www.sebastien-auziere.fr\/blog\/#website"},"primaryImageOfPage":{"@id":"https:\/\/www.sebastien-auziere.fr\/blog\/en\/brigitte-macron-in-morocco-the-unprecedented-reasons-for-her-solo-trip-without-emmanuel-macron\/#primaryimage"},"image":{"@id":"https:\/\/www.sebastien-auziere.fr\/blog\/en\/brigitte-macron-in-morocco-the-unprecedented-reasons-for-her-solo-trip-without-emmanuel-macron\/#primaryimage"},"thumbnailUrl":"https:\/\/www.sebastien-auziere.fr\/blog\/wp-content\/uploads\/2026\/04\/Brigitte-Macron-au-Maroc-les-raisons-inedites-de-son-deplacement-en-solo-sans-Emmanuel-Macron.jpg","datePublished":"2026-04-22T19:09:59+00:00","dateModified":"2026-04-22T19:10:20+00:00","description":"D\u00e9couvrez pourquoi Brigitte Macron s'est rendue seule au Maroc, r\u00e9v\u00e9lant les raisons in\u00e9dites de ce d\u00e9placement sans Emmanuel Macron.","breadcrumb":{"@id":"https:\/\/www.sebastien-auziere.fr\/blog\/en\/brigitte-macron-in-morocco-the-unprecedented-reasons-for-her-solo-trip-without-emmanuel-macron\/#breadcrumb"},"inLanguage":"fr-FR","potentialAction":[{"@type":"ReadAction","target":["https:\/\/www.sebastien-auziere.fr\/blog\/en\/brigitte-macron-in-morocco-the-unprecedented-reasons-for-her-solo-trip-without-emmanuel-macron\/"]}]},{"@type":"ImageObject","inLanguage":"fr-FR","@id":"https:\/\/www.sebastien-auziere.fr\/blog\/en\/brigitte-macron-in-morocco-the-unprecedented-reasons-for-her-solo-trip-without-emmanuel-macron\/#primaryimage","url":"https:\/\/www.sebastien-auziere.fr\/blog\/wp-content\/uploads\/2026\/04\/Brigitte-Macron-au-Maroc-les-raisons-inedites-de-son-deplacement-en-solo-sans-Emmanuel-Macron.jpg","contentUrl":"https:\/\/www.sebastien-auziere.fr\/blog\/wp-content\/uploads\/2026\/04\/Brigitte-Macron-au-Maroc-les-raisons-inedites-de-son-deplacement-en-solo-sans-Emmanuel-Macron.jpg","width":2560,"height":1429,"caption":"d\u00e9couvrez les raisons in\u00e9dites du d\u00e9placement en solo de brigitte macron au maroc, sans la pr\u00e9sence d'emmanuel macron, et les objectifs de cette visite exceptionnelle."},{"@type":"BreadcrumbList","@id":"https:\/\/www.sebastien-auziere.fr\/blog\/en\/brigitte-macron-in-morocco-the-unprecedented-reasons-for-her-solo-trip-without-emmanuel-macron\/#breadcrumb","itemListElement":[{"@type":"ListItem","position":1,"name":"Home","item":"https:\/\/www.sebastien-auziere.fr\/blog\/"},{"@type":"ListItem","position":2,"name":"Brigitte Macron in Morocco: the unprecedented reasons for her solo trip without Emmanuel Macron"}]},{"@type":"WebSite","@id":"https:\/\/www.sebastien-auziere.fr\/blog\/#website","url":"https:\/\/www.sebastien-auziere.fr\/blog\/","name":"Fan site S\u00e9bastien Auzi\u00e8re","description":"M\u00e9dia g\u00e9n\u00e9raliste","publisher":{"@id":"https:\/\/www.sebastien-auziere.fr\/blog\/#organization"},"potentialAction":[{"@type":"SearchAction","target":{"@type":"EntryPoint","urlTemplate":"https:\/\/www.sebastien-auziere.fr\/blog\/?s={search_term_string}"},"query-input":{"@type":"PropertyValueSpecification","valueRequired":true,"valueName":"search_term_string"}}],"inLanguage":"fr-FR"},{"@type":"Organization","@id":"https:\/\/www.sebastien-auziere.fr\/blog\/#organization","name":"Fan site S\u00e9bastien Auzi\u00e8re","url":"https:\/\/www.sebastien-auziere.fr\/blog\/","logo":{"@type":"ImageObject","inLanguage":"fr-FR","@id":"https:\/\/www.sebastien-auziere.fr\/blog\/#\/schema\/logo\/image\/","url":"https:\/\/www.sebastien-auziere.fr\/blog\/wp-content\/uploads\/2026\/03\/cropped-cropped-cropped-ChatGPT-Image-6-mars-2026-12_58_09-e1772798376794.jpg","contentUrl":"https:\/\/www.sebastien-auziere.fr\/blog\/wp-content\/uploads\/2026\/03\/cropped-cropped-cropped-ChatGPT-Image-6-mars-2026-12_58_09-e1772798376794.jpg","width":512,"height":360,"caption":"Fan site S\u00e9bastien Auzi\u00e8re"},"image":{"@id":"https:\/\/www.sebastien-auziere.fr\/blog\/#\/schema\/logo\/image\/"}},{"@type":"Person","@id":"https:\/\/www.sebastien-auziere.fr\/blog\/#\/schema\/person\/149f1acdbfd85149c6c3e59adeae2f4d","name":"Chloe Gauthier","image":{"@type":"ImageObject","inLanguage":"fr-FR","@id":"https:\/\/secure.gravatar.com\/avatar\/2c5722f58171cff738a8985ef0dd66b476e563753246a49019befc837ec4201a?s=96&d=mm&r=g","url":"https:\/\/secure.gravatar.com\/avatar\/2c5722f58171cff738a8985ef0dd66b476e563753246a49019befc837ec4201a?s=96&d=mm&r=g","contentUrl":"https:\/\/secure.gravatar.com\/avatar\/2c5722f58171cff738a8985ef0dd66b476e563753246a49019befc837ec4201a?s=96&d=mm&r=g","caption":"Chloe Gauthier"},"description":"Passionn\u00e9e par la politique et admiratrice engag\u00e9e de la famille Macron, je consacre mon \u00e9nergie \u00e0 suivre leurs initiatives et \u00e0 promouvoir leurs id\u00e9es. \u00c0 32 ans, je suis convaincue que leur vision est porteuse d'avenir.","url":"https:\/\/www.sebastien-auziere.fr\/blog\/author\/chloe-gauthier\/"}]}},"views":2,"_links":{"self":[{"href":"https:\/\/www.sebastien-auziere.fr\/blog\/wp-json\/wp\/v2\/posts\/3244","targetHints":{"allow":["GET"]}}],"collection":[{"href":"https:\/\/www.sebastien-auziere.fr\/blog\/wp-json\/wp\/v2\/posts"}],"about":[{"href":"https:\/\/www.sebastien-auziere.fr\/blog\/wp-json\/wp\/v2\/types\/post"}],"author":[{"embeddable":true,"href":"https:\/\/www.sebastien-auziere.fr\/blog\/wp-json\/wp\/v2\/users\/9"}],"replies":[{"embeddable":true,"href":"https:\/\/www.sebastien-auziere.fr\/blog\/wp-json\/wp\/v2\/comments?post=3244"}],"version-history":[{"count":1,"href":"https:\/\/www.sebastien-auziere.fr\/blog\/wp-json\/wp\/v2\/posts\/3244\/revisions"}],"predecessor-version":[{"id":3245,"href":"https:\/\/www.sebastien-auziere.fr\/blog\/wp-json\/wp\/v2\/posts\/3244\/revisions\/3245"}],"wp:featuredmedia":[{"embeddable":true,"href":"https:\/\/www.sebastien-auziere.fr\/blog\/wp-json\/wp\/v2\/media\/3242"}],"wp:attachment":[{"href":"https:\/\/www.sebastien-auziere.fr\/blog\/wp-json\/wp\/v2\/media?parent=3244"}],"wp:term":[{"taxonomy":"category","embeddable":true,"href":"https:\/\/www.sebastien-auziere.fr\/blog\/wp-json\/wp\/v2\/categories?post=3244"},{"taxonomy":"post_tag","embeddable":true,"href":"https:\/\/www.sebastien-auziere.fr\/blog\/wp-json\/wp\/v2\/tags?post=3244"}],"curies":[{"name":"wp","href":"https:\/\/api.w.org\/{rel}","templated":true}]}}