{"id":3243,"date":"2026-04-22T19:09:57","date_gmt":"2026-04-22T19:09:57","guid":{"rendered":"https:\/\/www.sebastien-auziere.fr\/blog\/brigitte-macron-maroc-solo\/"},"modified":"2026-04-22T19:09:57","modified_gmt":"2026-04-22T19:09:57","slug":"brigitte-macron-maroc-solo","status":"publish","type":"post","link":"https:\/\/www.sebastien-auziere.fr\/blog\/brigitte-macron-maroc-solo\/","title":{"rendered":"Brigitte Macron au Maroc : les raisons in\u00e9dites de son d\u00e9placement en solo sans Emmanuel Macron"},"content":{"rendered":"<p><strong>Brigitte Macron<\/strong> s\u2019est envol\u00e9e seule pour le <strong>Maroc<\/strong> le <strong>22 avril<\/strong>, une arriv\u00e9e qui a surpris autant qu\u2019elle a interpell\u00e9 les observateurs : inauguration du <strong>Th\u00e9\u00e2tre royal de Rabat<\/strong> et mission culturelle au c\u0153ur d\u2019un rapprochement diplomatique. Tu d\u00e9couvriras ici pourquoi ce <strong>d\u00e9placement solo<\/strong> n\u2019est pas anodin et comment il s\u2019inscrit dans une strat\u00e9gie plus large autour de la <strong>diplomatie<\/strong> culturelle.<\/p>\n\n<p><strong>En bref<\/strong> : une quatri\u00e8me mission \u00e0 l\u2019\u00e9tranger en solo en pr\u00e8s de neuf ans, un choix d\u2019itin\u00e9raire centr\u00e9 sur la culture et l\u2019\u00e9ducation, et un message clair aux relations franco-marocaines via une pr\u00e9sence symbolique au Th\u00e9\u00e2tre royal.<\/p>\n\n<h2 class=\"wp-block-heading\">Un d\u00e9placement solo rare et tr\u00e8s encadr\u00e9<\/h2>\n\n<p>Ce <strong>d\u00e9placement solo<\/strong> est la quatri\u00e8me mission ind\u00e9pendante de la Premi\u00e8re dame en presque neuf ans, selon <strong>L\u2019Opinion<\/strong>, ce qui souligne sa raret\u00e9 et son importance. Sur place, Brigitte Macron a inaugur\u00e9 le <strong>Th\u00e9\u00e2tre royal de Rabat<\/strong>, projet attendu depuis des ann\u00e9es, en choisissant de voyager avec Air France plut\u00f4t qu\u2019avec l\u2019avion pr\u00e9sidentiel. Ce choix logistique confirme une approche plus personnelle et cibl\u00e9e des missions officielles.<\/p>\n\n<h2 class=\"wp-block-heading\">Une mission culturelle au service des relations franco-marocaines<\/h2>\n\n<p>La visite s\u2019inscrit dans une s\u00e9quence diplomatique dense entre Paris et Rabat : rencontres pr\u00e9c\u00e9dentes avec des membres de la famille royale en 2024 et la visite d\u2019\u00c9tat d\u2019octobre visant \u00e0 \u00ab \u00e9crire un nouveau chapitre \u00bb des <strong>relations franco-marocaines<\/strong>. En intervenant sur la culture, Brigitte Macron envoie un signal de <strong>diplomatie<\/strong> doux, centr\u00e9 sur l\u2019\u00e9ducation et les \u00e9changes artistiques, loin des d\u00e9clarations politiques directes.<\/p>\n\n<h2 class=\"wp-block-heading\">Engagement social et posture publique assum\u00e9e<\/h2>\n\n<p>Au-del\u00e0 de l\u2019inauguration, cette mission refl\u00e8te un engagement social renforc\u00e9 : lutte contre le cyberharc\u00e8lement, d\u00e9fense du <strong>Digital Services Act<\/strong> lors d\u2019interventions r\u00e9centes \u00e0 l\u2019\u00e9tranger, et implication dans des projets \u00e9ducatifs. Sa pr\u00e9sence au Maroc renforce l\u2019id\u00e9e d\u2019une Premi\u00e8re dame active sur les grandes causes soci\u00e9tales, tout en soignant une image publique moderne, \u00e9l\u00e9gante et volontaire.<\/p>\n\n<h3 class=\"wp-block-heading\">Un r\u00f4le de Premi\u00e8re dame de plus en plus autonome<\/h3>\n\n<p>Cette autonomie se voit dans la fr\u00e9quence accrue de ses missions et dans la diversit\u00e9 des sujets trait\u00e9s : culture, \u00e9ducation, causes sociales. Le d\u00e9placement \u00e0 Rabat appara\u00eet comme un geste diplomatique mesur\u00e9, compl\u00e9mentaire \u00e0 l\u2019action du pr\u00e9sident <strong>Emmanuel Macron<\/strong>, et illustre la transformation du r\u00f4le de Premi\u00e8re dame en une fonction plus structur\u00e9e et visible sur la sc\u00e8ne internationale.<\/p>\n\n<p>Tu veux en savoir plus sur les coulisses et les liens familiaux qui entourent ces d\u00e9placements ? D\u00e9couvre davantage sur S\u00e9bastien Auzi\u00e8re et la famille Macron sur <a href=\"https:\/\/www.sebastien-auziere.fr\/blog\/brigitte-macron-vatican\/\">leurs archives et analyses<\/a> et lis les portraits d\u00e9taill\u00e9s disponibles, notamment la chronique d\u00e9di\u00e9e aux apparitions et engagements de Brigitte sur <a href=\"https:\/\/www.sebastien-auziere.fr\/blog\/brigitte-macron-robe-elegante\/\">sebastien-auziere.fr<\/a>. Pour un panorama m\u00e9diatique compl\u00e9mentaire sur ce voyage, consulte aussi le reportage de <a href=\"https:\/\/www.gala.fr\/l_actu\/news_de_stars\/brigitte-macron-au-maroc-sans-emmanuel-macron-la-raison-de-son-rare-voyage-en-solo-20260422\">Gala<\/a> et le dossier sp\u00e9cial de <a href=\"https:\/\/www.msn.com\/fr-fr\/divertissement\/celebrites\/brigitte-macron-au-maroc-une-escapade-royale-et-en-solo-pour-la-premi%C3%A8re-dame\/ar-AA21uem3\">MSN<\/a> pour compl\u00e9ter le tableau.<\/p>\n\n","protected":false},"excerpt":{"rendered":"<p>Brigitte Macron s\u2019est envol\u00e9e seule pour le Maroc le 22 avril, une arriv\u00e9e qui a surpris autant qu\u2019elle a interpell\u00e9 les observateurs : inauguration du Th\u00e9\u00e2tre royal de Rabat et mission culturelle au c\u0153ur d\u2019un rapprochement diplomatique. Tu d\u00e9couvriras ici pourquoi ce d\u00e9placement solo n\u2019est pas anodin et comment il s\u2019inscrit dans une strat\u00e9gie plus &#8230; <a title=\"Brigitte Macron au Maroc : les raisons in\u00e9dites de son d\u00e9placement en solo sans Emmanuel Macron\" class=\"read-more\" href=\"https:\/\/www.sebastien-auziere.fr\/blog\/brigitte-macron-maroc-solo\/\" aria-label=\"En savoir plus sur Brigitte Macron au Maroc : les raisons in\u00e9dites de son d\u00e9placement en solo sans Emmanuel Macron\">Lire plus<\/a><\/p>\n","protected":false},"author":9,"featured_media":3242,"comment_status":"open","ping_status":"open","sticky":false,"template":"","format":"standard","meta":{"footnotes":""},"categories":[597],"tags":[892,4000,3996,1954,3998],"class_list":["post-3243","post","type-post","status-publish","format-standard","has-post-thumbnail","hentry","category-actualites","tag-brigitte-macron","tag-deplacement-diplomatique","tag-maroc","tag-politique-francaise","tag-voyage-officiel"],"yoast_head":"<!-- This site is optimized with the Yoast SEO plugin v27.5 - https:\/\/yoast.com\/product\/yoast-seo-wordpress\/ -->\n<title>Brigitte Macron au Maroc : les raisons in\u00e9dites de son d\u00e9placement en solo sans Emmanuel Macron - Fan site S\u00e9bastien Auzi\u00e8re<\/title>\n<meta name=\"description\" content=\"D\u00e9couvrez pourquoi Brigitte Macron s&#039;est rendue seule au Maroc, r\u00e9v\u00e9lant les raisons in\u00e9dites de ce d\u00e9placement sans Emmanuel Macron.\" \/>\n<meta name=\"robots\" content=\"index, follow, max-snippet:-1, max-image-preview:large, max-video-preview:-1\" \/>\n<link rel=\"canonical\" href=\"https:\/\/www.sebastien-auziere.fr\/blog\/brigitte-macron-maroc-solo\/\" \/>\n<meta property=\"og:locale\" content=\"fr_FR\" \/>\n<meta property=\"og:type\" content=\"article\" \/>\n<meta property=\"og:title\" content=\"Brigitte Macron au Maroc : les raisons in\u00e9dites de son d\u00e9placement en solo sans Emmanuel Macron - Fan site S\u00e9bastien Auzi\u00e8re\" \/>\n<meta property=\"og:description\" content=\"D\u00e9couvrez pourquoi Brigitte Macron s&#039;est rendue seule au Maroc, r\u00e9v\u00e9lant les raisons in\u00e9dites de ce d\u00e9placement sans Emmanuel Macron.\" \/>\n<meta property=\"og:url\" content=\"https:\/\/www.sebastien-auziere.fr\/blog\/brigitte-macron-maroc-solo\/\" \/>\n<meta property=\"og:site_name\" content=\"Fan site S\u00e9bastien Auzi\u00e8re\" \/>\n<meta property=\"article:published_time\" content=\"2026-04-22T19:09:57+00:00\" \/>\n<meta property=\"og:image\" content=\"https:\/\/www.sebastien-auziere.fr\/blog\/wp-content\/uploads\/2026\/04\/Brigitte-Macron-au-Maroc-les-raisons-inedites-de-son-deplacement-en-solo-sans-Emmanuel-Macron.jpg\" \/>\n\t<meta property=\"og:image:width\" content=\"2560\" \/>\n\t<meta property=\"og:image:height\" content=\"1429\" \/>\n\t<meta property=\"og:image:type\" content=\"image\/jpeg\" \/>\n<meta name=\"author\" content=\"Chloe Gauthier\" \/>\n<meta name=\"twitter:card\" content=\"summary_large_image\" \/>\n<meta name=\"twitter:label1\" content=\"\u00c9crit par\" \/>\n\t<meta name=\"twitter:data1\" content=\"Chloe Gauthier\" \/>\n\t<meta name=\"twitter:label2\" content=\"Dur\u00e9e de lecture estim\u00e9e\" \/>\n\t<meta name=\"twitter:data2\" content=\"3 minutes\" \/>\n<script type=\"application\/ld+json\" class=\"yoast-schema-graph\">{\"@context\":\"https:\\\/\\\/schema.org\",\"@graph\":[{\"@type\":\"Article\",\"@id\":\"https:\\\/\\\/www.sebastien-auziere.fr\\\/blog\\\/brigitte-macron-maroc-solo\\\/#article\",\"isPartOf\":{\"@id\":\"https:\\\/\\\/www.sebastien-auziere.fr\\\/blog\\\/brigitte-macron-maroc-solo\\\/\"},\"author\":{\"name\":\"Chloe Gauthier\",\"@id\":\"https:\\\/\\\/www.sebastien-auziere.fr\\\/blog\\\/#\\\/schema\\\/person\\\/149f1acdbfd85149c6c3e59adeae2f4d\"},\"headline\":\"Brigitte Macron au Maroc : les raisons in\u00e9dites de son d\u00e9placement en solo sans Emmanuel Macron\",\"datePublished\":\"2026-04-22T19:09:57+00:00\",\"mainEntityOfPage\":{\"@id\":\"https:\\\/\\\/www.sebastien-auziere.fr\\\/blog\\\/brigitte-macron-maroc-solo\\\/\"},\"wordCount\":535,\"commentCount\":0,\"publisher\":{\"@id\":\"https:\\\/\\\/www.sebastien-auziere.fr\\\/blog\\\/#organization\"},\"image\":{\"@id\":\"https:\\\/\\\/www.sebastien-auziere.fr\\\/blog\\\/brigitte-macron-maroc-solo\\\/#primaryimage\"},\"thumbnailUrl\":\"https:\\\/\\\/www.sebastien-auziere.fr\\\/blog\\\/wp-content\\\/uploads\\\/2026\\\/04\\\/Brigitte-Macron-au-Maroc-les-raisons-inedites-de-son-deplacement-en-solo-sans-Emmanuel-Macron.jpg\",\"keywords\":[\"brigitte macron\",\"d\u00e9placement diplomatique\",\"maroc\",\"politique fran\u00e7aise\",\"voyage officiel\"],\"articleSection\":[\"Actualit\u00e9s\"],\"inLanguage\":\"fr-FR\",\"potentialAction\":[{\"@type\":\"CommentAction\",\"name\":\"Comment\",\"target\":[\"https:\\\/\\\/www.sebastien-auziere.fr\\\/blog\\\/brigitte-macron-maroc-solo\\\/#respond\"]}]},{\"@type\":\"WebPage\",\"@id\":\"https:\\\/\\\/www.sebastien-auziere.fr\\\/blog\\\/brigitte-macron-maroc-solo\\\/\",\"url\":\"https:\\\/\\\/www.sebastien-auziere.fr\\\/blog\\\/brigitte-macron-maroc-solo\\\/\",\"name\":\"Brigitte Macron au Maroc : les raisons in\u00e9dites de son d\u00e9placement en solo sans Emmanuel Macron - Fan site S\u00e9bastien Auzi\u00e8re\",\"isPartOf\":{\"@id\":\"https:\\\/\\\/www.sebastien-auziere.fr\\\/blog\\\/#website\"},\"primaryImageOfPage\":{\"@id\":\"https:\\\/\\\/www.sebastien-auziere.fr\\\/blog\\\/brigitte-macron-maroc-solo\\\/#primaryimage\"},\"image\":{\"@id\":\"https:\\\/\\\/www.sebastien-auziere.fr\\\/blog\\\/brigitte-macron-maroc-solo\\\/#primaryimage\"},\"thumbnailUrl\":\"https:\\\/\\\/www.sebastien-auziere.fr\\\/blog\\\/wp-content\\\/uploads\\\/2026\\\/04\\\/Brigitte-Macron-au-Maroc-les-raisons-inedites-de-son-deplacement-en-solo-sans-Emmanuel-Macron.jpg\",\"datePublished\":\"2026-04-22T19:09:57+00:00\",\"description\":\"D\u00e9couvrez pourquoi Brigitte Macron s'est rendue seule au Maroc, r\u00e9v\u00e9lant les raisons in\u00e9dites de ce d\u00e9placement sans Emmanuel Macron.\",\"breadcrumb\":{\"@id\":\"https:\\\/\\\/www.sebastien-auziere.fr\\\/blog\\\/brigitte-macron-maroc-solo\\\/#breadcrumb\"},\"inLanguage\":\"fr-FR\",\"potentialAction\":[{\"@type\":\"ReadAction\",\"target\":[\"https:\\\/\\\/www.sebastien-auziere.fr\\\/blog\\\/brigitte-macron-maroc-solo\\\/\"]}]},{\"@type\":\"ImageObject\",\"inLanguage\":\"fr-FR\",\"@id\":\"https:\\\/\\\/www.sebastien-auziere.fr\\\/blog\\\/brigitte-macron-maroc-solo\\\/#primaryimage\",\"url\":\"https:\\\/\\\/www.sebastien-auziere.fr\\\/blog\\\/wp-content\\\/uploads\\\/2026\\\/04\\\/Brigitte-Macron-au-Maroc-les-raisons-inedites-de-son-deplacement-en-solo-sans-Emmanuel-Macron.jpg\",\"contentUrl\":\"https:\\\/\\\/www.sebastien-auziere.fr\\\/blog\\\/wp-content\\\/uploads\\\/2026\\\/04\\\/Brigitte-Macron-au-Maroc-les-raisons-inedites-de-son-deplacement-en-solo-sans-Emmanuel-Macron.jpg\",\"width\":2560,\"height\":1429,\"caption\":\"d\u00e9couvrez les raisons in\u00e9dites du d\u00e9placement en solo de brigitte macron au maroc, sans la pr\u00e9sence d'emmanuel macron, et les objectifs de cette visite exceptionnelle.\"},{\"@type\":\"BreadcrumbList\",\"@id\":\"https:\\\/\\\/www.sebastien-auziere.fr\\\/blog\\\/brigitte-macron-maroc-solo\\\/#breadcrumb\",\"itemListElement\":[{\"@type\":\"ListItem\",\"position\":1,\"name\":\"Home\",\"item\":\"https:\\\/\\\/www.sebastien-auziere.fr\\\/blog\\\/\"},{\"@type\":\"ListItem\",\"position\":2,\"name\":\"Brigitte Macron au Maroc : les raisons in\u00e9dites de son d\u00e9placement en solo sans Emmanuel Macron\"}]},{\"@type\":\"WebSite\",\"@id\":\"https:\\\/\\\/www.sebastien-auziere.fr\\\/blog\\\/#website\",\"url\":\"https:\\\/\\\/www.sebastien-auziere.fr\\\/blog\\\/\",\"name\":\"Fan site S\u00e9bastien Auzi\u00e8re\",\"description\":\"M\u00e9dia g\u00e9n\u00e9raliste\",\"publisher\":{\"@id\":\"https:\\\/\\\/www.sebastien-auziere.fr\\\/blog\\\/#organization\"},\"potentialAction\":[{\"@type\":\"SearchAction\",\"target\":{\"@type\":\"EntryPoint\",\"urlTemplate\":\"https:\\\/\\\/www.sebastien-auziere.fr\\\/blog\\\/?s={search_term_string}\"},\"query-input\":{\"@type\":\"PropertyValueSpecification\",\"valueRequired\":true,\"valueName\":\"search_term_string\"}}],\"inLanguage\":\"fr-FR\"},{\"@type\":\"Organization\",\"@id\":\"https:\\\/\\\/www.sebastien-auziere.fr\\\/blog\\\/#organization\",\"name\":\"Fan site S\u00e9bastien Auzi\u00e8re\",\"url\":\"https:\\\/\\\/www.sebastien-auziere.fr\\\/blog\\\/\",\"logo\":{\"@type\":\"ImageObject\",\"inLanguage\":\"fr-FR\",\"@id\":\"https:\\\/\\\/www.sebastien-auziere.fr\\\/blog\\\/#\\\/schema\\\/logo\\\/image\\\/\",\"url\":\"https:\\\/\\\/www.sebastien-auziere.fr\\\/blog\\\/wp-content\\\/uploads\\\/2026\\\/03\\\/cropped-cropped-cropped-ChatGPT-Image-6-mars-2026-12_58_09-e1772798376794.jpg\",\"contentUrl\":\"https:\\\/\\\/www.sebastien-auziere.fr\\\/blog\\\/wp-content\\\/uploads\\\/2026\\\/03\\\/cropped-cropped-cropped-ChatGPT-Image-6-mars-2026-12_58_09-e1772798376794.jpg\",\"width\":512,\"height\":360,\"caption\":\"Fan site S\u00e9bastien Auzi\u00e8re\"},\"image\":{\"@id\":\"https:\\\/\\\/www.sebastien-auziere.fr\\\/blog\\\/#\\\/schema\\\/logo\\\/image\\\/\"}},{\"@type\":\"Person\",\"@id\":\"https:\\\/\\\/www.sebastien-auziere.fr\\\/blog\\\/#\\\/schema\\\/person\\\/149f1acdbfd85149c6c3e59adeae2f4d\",\"name\":\"Chloe Gauthier\",\"image\":{\"@type\":\"ImageObject\",\"inLanguage\":\"fr-FR\",\"@id\":\"https:\\\/\\\/secure.gravatar.com\\\/avatar\\\/2c5722f58171cff738a8985ef0dd66b476e563753246a49019befc837ec4201a?s=96&d=mm&r=g\",\"url\":\"https:\\\/\\\/secure.gravatar.com\\\/avatar\\\/2c5722f58171cff738a8985ef0dd66b476e563753246a49019befc837ec4201a?s=96&d=mm&r=g\",\"contentUrl\":\"https:\\\/\\\/secure.gravatar.com\\\/avatar\\\/2c5722f58171cff738a8985ef0dd66b476e563753246a49019befc837ec4201a?s=96&d=mm&r=g\",\"caption\":\"Chloe Gauthier\"},\"description\":\"Passionn\u00e9e par la politique et admiratrice engag\u00e9e de la famille Macron, je consacre mon \u00e9nergie \u00e0 suivre leurs initiatives et \u00e0 promouvoir leurs id\u00e9es. \u00c0 32 ans, je suis convaincue que leur vision est porteuse d'avenir.\",\"url\":\"https:\\\/\\\/www.sebastien-auziere.fr\\\/blog\\\/author\\\/chloe-gauthier\\\/\"}]}<\/script>\n<!-- \/ Yoast SEO plugin. -->","yoast_head_json":{"title":"Brigitte Macron au Maroc : les raisons in\u00e9dites de son d\u00e9placement en solo sans Emmanuel Macron - Fan site S\u00e9bastien Auzi\u00e8re","description":"D\u00e9couvrez pourquoi Brigitte Macron s'est rendue seule au Maroc, r\u00e9v\u00e9lant les raisons in\u00e9dites de ce d\u00e9placement sans Emmanuel Macron.","robots":{"index":"index","follow":"follow","max-snippet":"max-snippet:-1","max-image-preview":"max-image-preview:large","max-video-preview":"max-video-preview:-1"},"canonical":"https:\/\/www.sebastien-auziere.fr\/blog\/brigitte-macron-maroc-solo\/","og_locale":"fr_FR","og_type":"article","og_title":"Brigitte Macron au Maroc : les raisons in\u00e9dites de son d\u00e9placement en solo sans Emmanuel Macron - Fan site S\u00e9bastien Auzi\u00e8re","og_description":"D\u00e9couvrez pourquoi Brigitte Macron s'est rendue seule au Maroc, r\u00e9v\u00e9lant les raisons in\u00e9dites de ce d\u00e9placement sans Emmanuel Macron.","og_url":"https:\/\/www.sebastien-auziere.fr\/blog\/brigitte-macron-maroc-solo\/","og_site_name":"Fan site S\u00e9bastien Auzi\u00e8re","article_published_time":"2026-04-22T19:09:57+00:00","og_image":[{"width":2560,"height":1429,"url":"https:\/\/www.sebastien-auziere.fr\/blog\/wp-content\/uploads\/2026\/04\/Brigitte-Macron-au-Maroc-les-raisons-inedites-de-son-deplacement-en-solo-sans-Emmanuel-Macron.jpg","type":"image\/jpeg"}],"author":"Chloe Gauthier","twitter_card":"summary_large_image","twitter_misc":{"\u00c9crit par":"Chloe Gauthier","Dur\u00e9e de lecture estim\u00e9e":"3 minutes"},"schema":{"@context":"https:\/\/schema.org","@graph":[{"@type":"Article","@id":"https:\/\/www.sebastien-auziere.fr\/blog\/brigitte-macron-maroc-solo\/#article","isPartOf":{"@id":"https:\/\/www.sebastien-auziere.fr\/blog\/brigitte-macron-maroc-solo\/"},"author":{"name":"Chloe Gauthier","@id":"https:\/\/www.sebastien-auziere.fr\/blog\/#\/schema\/person\/149f1acdbfd85149c6c3e59adeae2f4d"},"headline":"Brigitte Macron au Maroc : les raisons in\u00e9dites de son d\u00e9placement en solo sans Emmanuel Macron","datePublished":"2026-04-22T19:09:57+00:00","mainEntityOfPage":{"@id":"https:\/\/www.sebastien-auziere.fr\/blog\/brigitte-macron-maroc-solo\/"},"wordCount":535,"commentCount":0,"publisher":{"@id":"https:\/\/www.sebastien-auziere.fr\/blog\/#organization"},"image":{"@id":"https:\/\/www.sebastien-auziere.fr\/blog\/brigitte-macron-maroc-solo\/#primaryimage"},"thumbnailUrl":"https:\/\/www.sebastien-auziere.fr\/blog\/wp-content\/uploads\/2026\/04\/Brigitte-Macron-au-Maroc-les-raisons-inedites-de-son-deplacement-en-solo-sans-Emmanuel-Macron.jpg","keywords":["brigitte macron","d\u00e9placement diplomatique","maroc","politique fran\u00e7aise","voyage officiel"],"articleSection":["Actualit\u00e9s"],"inLanguage":"fr-FR","potentialAction":[{"@type":"CommentAction","name":"Comment","target":["https:\/\/www.sebastien-auziere.fr\/blog\/brigitte-macron-maroc-solo\/#respond"]}]},{"@type":"WebPage","@id":"https:\/\/www.sebastien-auziere.fr\/blog\/brigitte-macron-maroc-solo\/","url":"https:\/\/www.sebastien-auziere.fr\/blog\/brigitte-macron-maroc-solo\/","name":"Brigitte Macron au Maroc : les raisons in\u00e9dites de son d\u00e9placement en solo sans Emmanuel Macron - Fan site S\u00e9bastien Auzi\u00e8re","isPartOf":{"@id":"https:\/\/www.sebastien-auziere.fr\/blog\/#website"},"primaryImageOfPage":{"@id":"https:\/\/www.sebastien-auziere.fr\/blog\/brigitte-macron-maroc-solo\/#primaryimage"},"image":{"@id":"https:\/\/www.sebastien-auziere.fr\/blog\/brigitte-macron-maroc-solo\/#primaryimage"},"thumbnailUrl":"https:\/\/www.sebastien-auziere.fr\/blog\/wp-content\/uploads\/2026\/04\/Brigitte-Macron-au-Maroc-les-raisons-inedites-de-son-deplacement-en-solo-sans-Emmanuel-Macron.jpg","datePublished":"2026-04-22T19:09:57+00:00","description":"D\u00e9couvrez pourquoi Brigitte Macron s'est rendue seule au Maroc, r\u00e9v\u00e9lant les raisons in\u00e9dites de ce d\u00e9placement sans Emmanuel Macron.","breadcrumb":{"@id":"https:\/\/www.sebastien-auziere.fr\/blog\/brigitte-macron-maroc-solo\/#breadcrumb"},"inLanguage":"fr-FR","potentialAction":[{"@type":"ReadAction","target":["https:\/\/www.sebastien-auziere.fr\/blog\/brigitte-macron-maroc-solo\/"]}]},{"@type":"ImageObject","inLanguage":"fr-FR","@id":"https:\/\/www.sebastien-auziere.fr\/blog\/brigitte-macron-maroc-solo\/#primaryimage","url":"https:\/\/www.sebastien-auziere.fr\/blog\/wp-content\/uploads\/2026\/04\/Brigitte-Macron-au-Maroc-les-raisons-inedites-de-son-deplacement-en-solo-sans-Emmanuel-Macron.jpg","contentUrl":"https:\/\/www.sebastien-auziere.fr\/blog\/wp-content\/uploads\/2026\/04\/Brigitte-Macron-au-Maroc-les-raisons-inedites-de-son-deplacement-en-solo-sans-Emmanuel-Macron.jpg","width":2560,"height":1429,"caption":"d\u00e9couvrez les raisons in\u00e9dites du d\u00e9placement en solo de brigitte macron au maroc, sans la pr\u00e9sence d'emmanuel macron, et les objectifs de cette visite exceptionnelle."},{"@type":"BreadcrumbList","@id":"https:\/\/www.sebastien-auziere.fr\/blog\/brigitte-macron-maroc-solo\/#breadcrumb","itemListElement":[{"@type":"ListItem","position":1,"name":"Home","item":"https:\/\/www.sebastien-auziere.fr\/blog\/"},{"@type":"ListItem","position":2,"name":"Brigitte Macron au Maroc : les raisons in\u00e9dites de son d\u00e9placement en solo sans Emmanuel Macron"}]},{"@type":"WebSite","@id":"https:\/\/www.sebastien-auziere.fr\/blog\/#website","url":"https:\/\/www.sebastien-auziere.fr\/blog\/","name":"Fan site S\u00e9bastien Auzi\u00e8re","description":"M\u00e9dia g\u00e9n\u00e9raliste","publisher":{"@id":"https:\/\/www.sebastien-auziere.fr\/blog\/#organization"},"potentialAction":[{"@type":"SearchAction","target":{"@type":"EntryPoint","urlTemplate":"https:\/\/www.sebastien-auziere.fr\/blog\/?s={search_term_string}"},"query-input":{"@type":"PropertyValueSpecification","valueRequired":true,"valueName":"search_term_string"}}],"inLanguage":"fr-FR"},{"@type":"Organization","@id":"https:\/\/www.sebastien-auziere.fr\/blog\/#organization","name":"Fan site S\u00e9bastien Auzi\u00e8re","url":"https:\/\/www.sebastien-auziere.fr\/blog\/","logo":{"@type":"ImageObject","inLanguage":"fr-FR","@id":"https:\/\/www.sebastien-auziere.fr\/blog\/#\/schema\/logo\/image\/","url":"https:\/\/www.sebastien-auziere.fr\/blog\/wp-content\/uploads\/2026\/03\/cropped-cropped-cropped-ChatGPT-Image-6-mars-2026-12_58_09-e1772798376794.jpg","contentUrl":"https:\/\/www.sebastien-auziere.fr\/blog\/wp-content\/uploads\/2026\/03\/cropped-cropped-cropped-ChatGPT-Image-6-mars-2026-12_58_09-e1772798376794.jpg","width":512,"height":360,"caption":"Fan site S\u00e9bastien Auzi\u00e8re"},"image":{"@id":"https:\/\/www.sebastien-auziere.fr\/blog\/#\/schema\/logo\/image\/"}},{"@type":"Person","@id":"https:\/\/www.sebastien-auziere.fr\/blog\/#\/schema\/person\/149f1acdbfd85149c6c3e59adeae2f4d","name":"Chloe Gauthier","image":{"@type":"ImageObject","inLanguage":"fr-FR","@id":"https:\/\/secure.gravatar.com\/avatar\/2c5722f58171cff738a8985ef0dd66b476e563753246a49019befc837ec4201a?s=96&d=mm&r=g","url":"https:\/\/secure.gravatar.com\/avatar\/2c5722f58171cff738a8985ef0dd66b476e563753246a49019befc837ec4201a?s=96&d=mm&r=g","contentUrl":"https:\/\/secure.gravatar.com\/avatar\/2c5722f58171cff738a8985ef0dd66b476e563753246a49019befc837ec4201a?s=96&d=mm&r=g","caption":"Chloe Gauthier"},"description":"Passionn\u00e9e par la politique et admiratrice engag\u00e9e de la famille Macron, je consacre mon \u00e9nergie \u00e0 suivre leurs initiatives et \u00e0 promouvoir leurs id\u00e9es. \u00c0 32 ans, je suis convaincue que leur vision est porteuse d'avenir.","url":"https:\/\/www.sebastien-auziere.fr\/blog\/author\/chloe-gauthier\/"}]}},"views":47,"_links":{"self":[{"href":"https:\/\/www.sebastien-auziere.fr\/blog\/wp-json\/wp\/v2\/posts\/3243","targetHints":{"allow":["GET"]}}],"collection":[{"href":"https:\/\/www.sebastien-auziere.fr\/blog\/wp-json\/wp\/v2\/posts"}],"about":[{"href":"https:\/\/www.sebastien-auziere.fr\/blog\/wp-json\/wp\/v2\/types\/post"}],"author":[{"embeddable":true,"href":"https:\/\/www.sebastien-auziere.fr\/blog\/wp-json\/wp\/v2\/users\/9"}],"replies":[{"embeddable":true,"href":"https:\/\/www.sebastien-auziere.fr\/blog\/wp-json\/wp\/v2\/comments?post=3243"}],"version-history":[{"count":0,"href":"https:\/\/www.sebastien-auziere.fr\/blog\/wp-json\/wp\/v2\/posts\/3243\/revisions"}],"wp:featuredmedia":[{"embeddable":true,"href":"https:\/\/www.sebastien-auziere.fr\/blog\/wp-json\/wp\/v2\/media\/3242"}],"wp:attachment":[{"href":"https:\/\/www.sebastien-auziere.fr\/blog\/wp-json\/wp\/v2\/media?parent=3243"}],"wp:term":[{"taxonomy":"category","embeddable":true,"href":"https:\/\/www.sebastien-auziere.fr\/blog\/wp-json\/wp\/v2\/categories?post=3243"},{"taxonomy":"post_tag","embeddable":true,"href":"https:\/\/www.sebastien-auziere.fr\/blog\/wp-json\/wp\/v2\/tags?post=3243"}],"curies":[{"name":"wp","href":"https:\/\/api.w.org\/{rel}","templated":true}]}}