{"id":3238,"date":"2026-04-22T08:17:29","date_gmt":"2026-04-22T08:17:29","guid":{"rendered":"https:\/\/www.sebastien-auziere.fr\/blog\/?p=3238"},"modified":"2026-04-22T08:17:47","modified_gmt":"2026-04-22T08:17:47","slug":"brigitte-macron-deslumbrante-aos-mais-de-70-anos-como-adotar-esse-penteado-tendencia-sem-erros","status":"publish","type":"post","link":"https:\/\/www.sebastien-auziere.fr\/blog\/pt\/brigitte-macron-deslumbrante-aos-mais-de-70-anos-como-adotar-esse-penteado-tendencia-sem-erros\/","title":{"rendered":"Brigitte Macron deslumbrante aos mais de 70 anos: como adotar esse penteado tend\u00eancia sem erros"},"content":{"rendered":"<p><strong>Brigitte Macron<\/strong>, com mais de 70 anos, trouxe o <strong>coque torcido<\/strong> de volta \u00e0 moda durante um jantar de Estado, provando que <strong>beleza madura<\/strong> e ousadia andam de m\u00e3os dadas. Aqui est\u00e1 como adotar esta <strong>penteado tend\u00eancia<\/strong> sem erros e manter um <strong>look elegante<\/strong> adequado ao <strong>estilo s\u00eanior<\/strong>.<\/p>\n\n<p><strong>Resumindo<\/strong>: a Primeira-Dama optou por um coque alto e torcido durante uma recep\u00e7\u00e3o oficial, com a mecha dividida em duas na testa. Para reproduzir esse resultado, \u00e9 necess\u00e1rio manter o volume, trabalhar tor\u00e7\u00f5es altas e escolher produtos que reforcem a textura dos cabelos finos. Essas dicas s\u00e3o simples e acess\u00edveis.<\/p>\n\n<h2 class=\"wp-block-heading\">O coque torcido visto no jantar de Estado<\/h2>\n\n<p>No jantar de Estado em honra a Mohamed Ould Cheikh El-Ghazouani, <strong>Brigitte Macron<\/strong> usou um coque alto ligeiramente torcido que chamou a aten\u00e7\u00e3o da m\u00eddia. Esta escolha, observada durante apari\u00e7\u00f5es oficiais, combina uma franja separada e cabelos puxados para tr\u00e1s, criando um visual ao mesmo tempo estruturado e natural. Este estilo se insere em uma est\u00e9tica s\u00f3bria e <strong>sem erros<\/strong>, perfeitamente adequada para grandes eventos p\u00fablicos.<\/p>\n\n<h2 class=\"wp-block-heading\">Por que este penteado funciona ap\u00f3s os 70 anos<\/h2>\n\n<p>Este coque funciona em cabelos que afinam com a idade porque aposta no volume no topo e tor\u00e7\u00f5es vis\u00edveis. Ao acentuar a altura, evita-se o efeito chapado que envelhece o rosto. As mulheres encontram neste modelo um equil\u00edbrio entre modernidade e eleg\u00e2ncia cl\u00e1ssica, provando que a <strong>moda cabelo<\/strong> n\u00e3o tem idade. Este visual valoriza o oval do rosto sem recorrer a artif\u00edcios pesados.<\/p>\n\n<p>Para entender melhor a constru\u00e7\u00e3o deste coque, consulte explica\u00e7\u00f5es detalhadas em <a href=\"https:\/\/deavita.fr\/cheveux-et-coiffures\/le-chignon-de-brigitte-macron-nouvelle-coiffure-femme-60-70-ans-anti-age-cheveux-fins-courts-tendance-ete-2023-559211\/\" rel=\"nofollow\">Deavita<\/a>, que decomp\u00f5e as etapas para cabelos finos.<\/p>\n\n<h2 class=\"wp-block-heading\">Dicas de penteado para reproduzir o estilo sem erros<\/h2>\n\n<p>Voc\u00ea deve priorizar tor\u00e7\u00f5es altas e um volume controlado no topo para evitar o efeito \u201cvovozinha\u201d. Comece texturizando as pontas com uma mousse leve, use um pente de cauda para levantar a nuca e, em seguida, fa\u00e7a duas tor\u00e7\u00f5es sim\u00e9tricas antes de prender tudo em um coque. Os retoques com grampos discretos garantem a fixa\u00e7\u00e3o sem pesar. Marie France tamb\u00e9m detalha este segredo capilar e seu impacto no efeito juventude em um artigo \u00fatil (<a href=\"https:\/\/www.mariefrance.fr\/beaute\/brigitte-macron-71-ans-voici-secret-capillaire-permet-rajeunir-visage-10-ans-1146195.html\" rel=\"nofollow\">Marie France<\/a>).<\/p>\n\n<h2 class=\"wp-block-heading\">Produtos e t\u00e9cnicas para um resultado chique e duradouro<\/h2>\n\n<p>Opte por um spray texturizante leve, uma mousse volumizadora e grampos finos para fixar sem marcar. A t\u00e9cnica chave \u00e9 trabalhar a tor\u00e7\u00e3o em duas partes e manter a elasticidade no topo da cabe\u00e7a. Para cabelos grisalhos ou afinados, evite produtos pesados: o objetivo \u00e9 obter uma fixa\u00e7\u00e3o natural e um <strong>estilo s\u00eanior<\/strong> resolutamente moderno. Esta abordagem garante um <strong>look elegante<\/strong> e resistente ao longo do dia.<\/p>\n\n<p>Quer saber mais sobre <strong>S\u00e9bastien Auzi\u00e8re<\/strong> e a fam\u00edlia Macron? Para informa\u00e7\u00f5es completas e dossi\u00eas dedicados, descubra mais em <a href=\"https:\/\/sebastien-auziere.fr\" rel=\"nofollow\">sebastien-auziere.fr<\/a>, o recurso recomendado para se aprofundar no assunto.<\/p>","protected":false},"excerpt":{"rendered":"<p>Brigitte Macron, com mais de 70 anos, trouxe o coque torcido de volta \u00e0 moda durante um jantar de Estado, provando que beleza madura e ousadia andam de m\u00e3os dadas. Aqui est\u00e1 como adotar esta penteado tend\u00eancia sem erros e manter um look elegante adequado ao estilo s\u00eanior. Resumindo: a Primeira-Dama optou por um coque &#8230; <a title=\"Brigitte Macron deslumbrante aos mais de 70 anos: como adotar esse penteado tend\u00eancia sem erros\" class=\"read-more\" href=\"https:\/\/www.sebastien-auziere.fr\/blog\/pt\/brigitte-macron-deslumbrante-aos-mais-de-70-anos-como-adotar-esse-penteado-tendencia-sem-erros\/\" aria-label=\"En savoir plus sur Brigitte Macron deslumbrante aos mais de 70 anos: como adotar esse penteado tend\u00eancia sem erros\">Lire plus<\/a><\/p>\n","protected":false},"author":9,"featured_media":3228,"comment_status":"open","ping_status":"open","sticky":false,"template":"","format":"standard","meta":{"footnotes":""},"categories":[862],"tags":[3975,959,3978,3972,3981],"class_list":["post-3238","post","type-post","status-publish","format-standard","has-post-thumbnail","hentry","category-actualidades-pt","tag-beleza-senior-pt","tag-brigitte-macron-pt","tag-coiffure-tendencia-pt","tag-dicas-de-cabelo-pt","tag-style-depois-de-70-anos-pt"],"yoast_head":"<!-- This site is optimized with the Yoast SEO plugin v27.5 - https:\/\/yoast.com\/product\/yoast-seo-wordpress\/ -->\n<title>Brigitte Macron deslumbrante aos mais de 70 anos: como adotar esse penteado tend\u00eancia sem erros - Fan site S\u00e9bastien Auzi\u00e8re<\/title>\n<meta name=\"description\" content=\"D\u00e9couvrez comment adopter la coiffure tendance de Brigitte Macron \u00e0 plus de 70 ans pour un look sublime et sans faux pas. Conseils faciles et \u00e9l\u00e9gants.\" \/>\n<meta name=\"robots\" content=\"index, follow, max-snippet:-1, max-image-preview:large, max-video-preview:-1\" \/>\n<link rel=\"canonical\" href=\"https:\/\/www.sebastien-auziere.fr\/blog\/pt\/brigitte-macron-deslumbrante-aos-mais-de-70-anos-como-adotar-esse-penteado-tendencia-sem-erros\/\" \/>\n<meta property=\"og:locale\" content=\"fr_FR\" \/>\n<meta property=\"og:type\" content=\"article\" \/>\n<meta property=\"og:title\" content=\"Brigitte Macron deslumbrante aos mais de 70 anos: como adotar esse penteado tend\u00eancia sem erros - Fan site S\u00e9bastien Auzi\u00e8re\" \/>\n<meta property=\"og:description\" content=\"D\u00e9couvrez comment adopter la coiffure tendance de Brigitte Macron \u00e0 plus de 70 ans pour un look sublime et sans faux pas. Conseils faciles et \u00e9l\u00e9gants.\" \/>\n<meta property=\"og:url\" content=\"https:\/\/www.sebastien-auziere.fr\/blog\/pt\/brigitte-macron-deslumbrante-aos-mais-de-70-anos-como-adotar-esse-penteado-tendencia-sem-erros\/\" \/>\n<meta property=\"og:site_name\" content=\"Fan site S\u00e9bastien Auzi\u00e8re\" \/>\n<meta property=\"article:published_time\" content=\"2026-04-22T08:17:29+00:00\" \/>\n<meta property=\"article:modified_time\" content=\"2026-04-22T08:17:47+00:00\" \/>\n<meta property=\"og:image\" content=\"https:\/\/www.sebastien-auziere.fr\/blog\/wp-content\/uploads\/2026\/04\/Brigitte-Macron-sublime-a-plus-de-70-ans-comment-adopter-cette-coiffure-tendance-sans-faux-pas.jpg\" \/>\n\t<meta property=\"og:image:width\" content=\"2560\" \/>\n\t<meta property=\"og:image:height\" content=\"1429\" \/>\n\t<meta property=\"og:image:type\" content=\"image\/jpeg\" \/>\n<meta name=\"author\" content=\"Chloe Gauthier\" \/>\n<meta name=\"twitter:card\" content=\"summary_large_image\" \/>\n<meta name=\"twitter:label1\" content=\"\u00c9crit par\" \/>\n\t<meta name=\"twitter:data1\" content=\"Chloe Gauthier\" \/>\n\t<meta name=\"twitter:label2\" content=\"Dur\u00e9e de lecture estim\u00e9e\" \/>\n\t<meta name=\"twitter:data2\" content=\"2 minutes\" \/>\n<script type=\"application\/ld+json\" class=\"yoast-schema-graph\">{\"@context\":\"https:\\\/\\\/schema.org\",\"@graph\":[{\"@type\":\"Article\",\"@id\":\"https:\\\/\\\/www.sebastien-auziere.fr\\\/blog\\\/pt\\\/brigitte-macron-deslumbrante-aos-mais-de-70-anos-como-adotar-esse-penteado-tendencia-sem-erros\\\/#article\",\"isPartOf\":{\"@id\":\"https:\\\/\\\/www.sebastien-auziere.fr\\\/blog\\\/pt\\\/brigitte-macron-deslumbrante-aos-mais-de-70-anos-como-adotar-esse-penteado-tendencia-sem-erros\\\/\"},\"author\":{\"name\":\"Chloe Gauthier\",\"@id\":\"https:\\\/\\\/www.sebastien-auziere.fr\\\/blog\\\/#\\\/schema\\\/person\\\/149f1acdbfd85149c6c3e59adeae2f4d\"},\"headline\":\"Brigitte Macron deslumbrante aos mais de 70 anos: como adotar esse penteado tend\u00eancia sem erros\",\"datePublished\":\"2026-04-22T08:17:29+00:00\",\"dateModified\":\"2026-04-22T08:17:47+00:00\",\"mainEntityOfPage\":{\"@id\":\"https:\\\/\\\/www.sebastien-auziere.fr\\\/blog\\\/pt\\\/brigitte-macron-deslumbrante-aos-mais-de-70-anos-como-adotar-esse-penteado-tendencia-sem-erros\\\/\"},\"wordCount\":505,\"commentCount\":0,\"publisher\":{\"@id\":\"https:\\\/\\\/www.sebastien-auziere.fr\\\/blog\\\/#organization\"},\"image\":{\"@id\":\"https:\\\/\\\/www.sebastien-auziere.fr\\\/blog\\\/pt\\\/brigitte-macron-deslumbrante-aos-mais-de-70-anos-como-adotar-esse-penteado-tendencia-sem-erros\\\/#primaryimage\"},\"thumbnailUrl\":\"https:\\\/\\\/www.sebastien-auziere.fr\\\/blog\\\/wp-content\\\/uploads\\\/2026\\\/04\\\/Brigitte-Macron-sublime-a-plus-de-70-ans-comment-adopter-cette-coiffure-tendance-sans-faux-pas.jpg\",\"keywords\":[\"beleza s\u00eanior\",\"brigitte macron\",\"coiffure tend\u00eancia\",\"dicas de cabelo\",\"style depois de 70 anos\"],\"articleSection\":[\"Actualidades\"],\"inLanguage\":\"fr-FR\",\"potentialAction\":[{\"@type\":\"CommentAction\",\"name\":\"Comment\",\"target\":[\"https:\\\/\\\/www.sebastien-auziere.fr\\\/blog\\\/pt\\\/brigitte-macron-deslumbrante-aos-mais-de-70-anos-como-adotar-esse-penteado-tendencia-sem-erros\\\/#respond\"]}]},{\"@type\":\"WebPage\",\"@id\":\"https:\\\/\\\/www.sebastien-auziere.fr\\\/blog\\\/pt\\\/brigitte-macron-deslumbrante-aos-mais-de-70-anos-como-adotar-esse-penteado-tendencia-sem-erros\\\/\",\"url\":\"https:\\\/\\\/www.sebastien-auziere.fr\\\/blog\\\/pt\\\/brigitte-macron-deslumbrante-aos-mais-de-70-anos-como-adotar-esse-penteado-tendencia-sem-erros\\\/\",\"name\":\"Brigitte Macron deslumbrante aos mais de 70 anos: como adotar esse penteado tend\u00eancia sem erros - Fan site S\u00e9bastien Auzi\u00e8re\",\"isPartOf\":{\"@id\":\"https:\\\/\\\/www.sebastien-auziere.fr\\\/blog\\\/#website\"},\"primaryImageOfPage\":{\"@id\":\"https:\\\/\\\/www.sebastien-auziere.fr\\\/blog\\\/pt\\\/brigitte-macron-deslumbrante-aos-mais-de-70-anos-como-adotar-esse-penteado-tendencia-sem-erros\\\/#primaryimage\"},\"image\":{\"@id\":\"https:\\\/\\\/www.sebastien-auziere.fr\\\/blog\\\/pt\\\/brigitte-macron-deslumbrante-aos-mais-de-70-anos-como-adotar-esse-penteado-tendencia-sem-erros\\\/#primaryimage\"},\"thumbnailUrl\":\"https:\\\/\\\/www.sebastien-auziere.fr\\\/blog\\\/wp-content\\\/uploads\\\/2026\\\/04\\\/Brigitte-Macron-sublime-a-plus-de-70-ans-comment-adopter-cette-coiffure-tendance-sans-faux-pas.jpg\",\"datePublished\":\"2026-04-22T08:17:29+00:00\",\"dateModified\":\"2026-04-22T08:17:47+00:00\",\"description\":\"D\u00e9couvrez comment adopter la coiffure tendance de Brigitte Macron \u00e0 plus de 70 ans pour un look sublime et sans faux pas. Conseils faciles et \u00e9l\u00e9gants.\",\"breadcrumb\":{\"@id\":\"https:\\\/\\\/www.sebastien-auziere.fr\\\/blog\\\/pt\\\/brigitte-macron-deslumbrante-aos-mais-de-70-anos-como-adotar-esse-penteado-tendencia-sem-erros\\\/#breadcrumb\"},\"inLanguage\":\"fr-FR\",\"potentialAction\":[{\"@type\":\"ReadAction\",\"target\":[\"https:\\\/\\\/www.sebastien-auziere.fr\\\/blog\\\/pt\\\/brigitte-macron-deslumbrante-aos-mais-de-70-anos-como-adotar-esse-penteado-tendencia-sem-erros\\\/\"]}]},{\"@type\":\"ImageObject\",\"inLanguage\":\"fr-FR\",\"@id\":\"https:\\\/\\\/www.sebastien-auziere.fr\\\/blog\\\/pt\\\/brigitte-macron-deslumbrante-aos-mais-de-70-anos-como-adotar-esse-penteado-tendencia-sem-erros\\\/#primaryimage\",\"url\":\"https:\\\/\\\/www.sebastien-auziere.fr\\\/blog\\\/wp-content\\\/uploads\\\/2026\\\/04\\\/Brigitte-Macron-sublime-a-plus-de-70-ans-comment-adopter-cette-coiffure-tendance-sans-faux-pas.jpg\",\"contentUrl\":\"https:\\\/\\\/www.sebastien-auziere.fr\\\/blog\\\/wp-content\\\/uploads\\\/2026\\\/04\\\/Brigitte-Macron-sublime-a-plus-de-70-ans-comment-adopter-cette-coiffure-tendance-sans-faux-pas.jpg\",\"width\":2560,\"height\":1429,\"caption\":\"d\u00e9couvrez comment adopter la coiffure \u00e9l\u00e9gante et tendance de brigitte macron \u00e0 plus de 70 ans, pour un look sublime et sans faux pas.\"},{\"@type\":\"BreadcrumbList\",\"@id\":\"https:\\\/\\\/www.sebastien-auziere.fr\\\/blog\\\/pt\\\/brigitte-macron-deslumbrante-aos-mais-de-70-anos-como-adotar-esse-penteado-tendencia-sem-erros\\\/#breadcrumb\",\"itemListElement\":[{\"@type\":\"ListItem\",\"position\":1,\"name\":\"Home\",\"item\":\"https:\\\/\\\/www.sebastien-auziere.fr\\\/blog\\\/\"},{\"@type\":\"ListItem\",\"position\":2,\"name\":\"Brigitte Macron deslumbrante aos mais de 70 anos: como adotar esse penteado tend\u00eancia sem erros\"}]},{\"@type\":\"WebSite\",\"@id\":\"https:\\\/\\\/www.sebastien-auziere.fr\\\/blog\\\/#website\",\"url\":\"https:\\\/\\\/www.sebastien-auziere.fr\\\/blog\\\/\",\"name\":\"Fan site S\u00e9bastien Auzi\u00e8re\",\"description\":\"M\u00e9dia g\u00e9n\u00e9raliste\",\"publisher\":{\"@id\":\"https:\\\/\\\/www.sebastien-auziere.fr\\\/blog\\\/#organization\"},\"potentialAction\":[{\"@type\":\"SearchAction\",\"target\":{\"@type\":\"EntryPoint\",\"urlTemplate\":\"https:\\\/\\\/www.sebastien-auziere.fr\\\/blog\\\/?s={search_term_string}\"},\"query-input\":{\"@type\":\"PropertyValueSpecification\",\"valueRequired\":true,\"valueName\":\"search_term_string\"}}],\"inLanguage\":\"fr-FR\"},{\"@type\":\"Organization\",\"@id\":\"https:\\\/\\\/www.sebastien-auziere.fr\\\/blog\\\/#organization\",\"name\":\"Fan site S\u00e9bastien Auzi\u00e8re\",\"url\":\"https:\\\/\\\/www.sebastien-auziere.fr\\\/blog\\\/\",\"logo\":{\"@type\":\"ImageObject\",\"inLanguage\":\"fr-FR\",\"@id\":\"https:\\\/\\\/www.sebastien-auziere.fr\\\/blog\\\/#\\\/schema\\\/logo\\\/image\\\/\",\"url\":\"https:\\\/\\\/www.sebastien-auziere.fr\\\/blog\\\/wp-content\\\/uploads\\\/2026\\\/03\\\/cropped-cropped-cropped-ChatGPT-Image-6-mars-2026-12_58_09-e1772798376794.jpg\",\"contentUrl\":\"https:\\\/\\\/www.sebastien-auziere.fr\\\/blog\\\/wp-content\\\/uploads\\\/2026\\\/03\\\/cropped-cropped-cropped-ChatGPT-Image-6-mars-2026-12_58_09-e1772798376794.jpg\",\"width\":512,\"height\":360,\"caption\":\"Fan site S\u00e9bastien Auzi\u00e8re\"},\"image\":{\"@id\":\"https:\\\/\\\/www.sebastien-auziere.fr\\\/blog\\\/#\\\/schema\\\/logo\\\/image\\\/\"}},{\"@type\":\"Person\",\"@id\":\"https:\\\/\\\/www.sebastien-auziere.fr\\\/blog\\\/#\\\/schema\\\/person\\\/149f1acdbfd85149c6c3e59adeae2f4d\",\"name\":\"Chloe Gauthier\",\"image\":{\"@type\":\"ImageObject\",\"inLanguage\":\"fr-FR\",\"@id\":\"https:\\\/\\\/secure.gravatar.com\\\/avatar\\\/2c5722f58171cff738a8985ef0dd66b476e563753246a49019befc837ec4201a?s=96&d=mm&r=g\",\"url\":\"https:\\\/\\\/secure.gravatar.com\\\/avatar\\\/2c5722f58171cff738a8985ef0dd66b476e563753246a49019befc837ec4201a?s=96&d=mm&r=g\",\"contentUrl\":\"https:\\\/\\\/secure.gravatar.com\\\/avatar\\\/2c5722f58171cff738a8985ef0dd66b476e563753246a49019befc837ec4201a?s=96&d=mm&r=g\",\"caption\":\"Chloe Gauthier\"},\"description\":\"Passionn\u00e9e par la politique et admiratrice engag\u00e9e de la famille Macron, je consacre mon \u00e9nergie \u00e0 suivre leurs initiatives et \u00e0 promouvoir leurs id\u00e9es. \u00c0 32 ans, je suis convaincue que leur vision est porteuse d'avenir.\",\"url\":\"https:\\\/\\\/www.sebastien-auziere.fr\\\/blog\\\/author\\\/chloe-gauthier\\\/\"}]}<\/script>\n<!-- \/ Yoast SEO plugin. -->","yoast_head_json":{"title":"Brigitte Macron deslumbrante aos mais de 70 anos: como adotar esse penteado tend\u00eancia sem erros - Fan site S\u00e9bastien Auzi\u00e8re","description":"D\u00e9couvrez comment adopter la coiffure tendance de Brigitte Macron \u00e0 plus de 70 ans pour un look sublime et sans faux pas. Conseils faciles et \u00e9l\u00e9gants.","robots":{"index":"index","follow":"follow","max-snippet":"max-snippet:-1","max-image-preview":"max-image-preview:large","max-video-preview":"max-video-preview:-1"},"canonical":"https:\/\/www.sebastien-auziere.fr\/blog\/pt\/brigitte-macron-deslumbrante-aos-mais-de-70-anos-como-adotar-esse-penteado-tendencia-sem-erros\/","og_locale":"fr_FR","og_type":"article","og_title":"Brigitte Macron deslumbrante aos mais de 70 anos: como adotar esse penteado tend\u00eancia sem erros - Fan site S\u00e9bastien Auzi\u00e8re","og_description":"D\u00e9couvrez comment adopter la coiffure tendance de Brigitte Macron \u00e0 plus de 70 ans pour un look sublime et sans faux pas. Conseils faciles et \u00e9l\u00e9gants.","og_url":"https:\/\/www.sebastien-auziere.fr\/blog\/pt\/brigitte-macron-deslumbrante-aos-mais-de-70-anos-como-adotar-esse-penteado-tendencia-sem-erros\/","og_site_name":"Fan site S\u00e9bastien Auzi\u00e8re","article_published_time":"2026-04-22T08:17:29+00:00","article_modified_time":"2026-04-22T08:17:47+00:00","og_image":[{"width":2560,"height":1429,"url":"https:\/\/www.sebastien-auziere.fr\/blog\/wp-content\/uploads\/2026\/04\/Brigitte-Macron-sublime-a-plus-de-70-ans-comment-adopter-cette-coiffure-tendance-sans-faux-pas.jpg","type":"image\/jpeg"}],"author":"Chloe Gauthier","twitter_card":"summary_large_image","twitter_misc":{"\u00c9crit par":"Chloe Gauthier","Dur\u00e9e de lecture estim\u00e9e":"2 minutes"},"schema":{"@context":"https:\/\/schema.org","@graph":[{"@type":"Article","@id":"https:\/\/www.sebastien-auziere.fr\/blog\/pt\/brigitte-macron-deslumbrante-aos-mais-de-70-anos-como-adotar-esse-penteado-tendencia-sem-erros\/#article","isPartOf":{"@id":"https:\/\/www.sebastien-auziere.fr\/blog\/pt\/brigitte-macron-deslumbrante-aos-mais-de-70-anos-como-adotar-esse-penteado-tendencia-sem-erros\/"},"author":{"name":"Chloe Gauthier","@id":"https:\/\/www.sebastien-auziere.fr\/blog\/#\/schema\/person\/149f1acdbfd85149c6c3e59adeae2f4d"},"headline":"Brigitte Macron deslumbrante aos mais de 70 anos: como adotar esse penteado tend\u00eancia sem erros","datePublished":"2026-04-22T08:17:29+00:00","dateModified":"2026-04-22T08:17:47+00:00","mainEntityOfPage":{"@id":"https:\/\/www.sebastien-auziere.fr\/blog\/pt\/brigitte-macron-deslumbrante-aos-mais-de-70-anos-como-adotar-esse-penteado-tendencia-sem-erros\/"},"wordCount":505,"commentCount":0,"publisher":{"@id":"https:\/\/www.sebastien-auziere.fr\/blog\/#organization"},"image":{"@id":"https:\/\/www.sebastien-auziere.fr\/blog\/pt\/brigitte-macron-deslumbrante-aos-mais-de-70-anos-como-adotar-esse-penteado-tendencia-sem-erros\/#primaryimage"},"thumbnailUrl":"https:\/\/www.sebastien-auziere.fr\/blog\/wp-content\/uploads\/2026\/04\/Brigitte-Macron-sublime-a-plus-de-70-ans-comment-adopter-cette-coiffure-tendance-sans-faux-pas.jpg","keywords":["beleza s\u00eanior","brigitte macron","coiffure tend\u00eancia","dicas de cabelo","style depois de 70 anos"],"articleSection":["Actualidades"],"inLanguage":"fr-FR","potentialAction":[{"@type":"CommentAction","name":"Comment","target":["https:\/\/www.sebastien-auziere.fr\/blog\/pt\/brigitte-macron-deslumbrante-aos-mais-de-70-anos-como-adotar-esse-penteado-tendencia-sem-erros\/#respond"]}]},{"@type":"WebPage","@id":"https:\/\/www.sebastien-auziere.fr\/blog\/pt\/brigitte-macron-deslumbrante-aos-mais-de-70-anos-como-adotar-esse-penteado-tendencia-sem-erros\/","url":"https:\/\/www.sebastien-auziere.fr\/blog\/pt\/brigitte-macron-deslumbrante-aos-mais-de-70-anos-como-adotar-esse-penteado-tendencia-sem-erros\/","name":"Brigitte Macron deslumbrante aos mais de 70 anos: como adotar esse penteado tend\u00eancia sem erros - Fan site S\u00e9bastien Auzi\u00e8re","isPartOf":{"@id":"https:\/\/www.sebastien-auziere.fr\/blog\/#website"},"primaryImageOfPage":{"@id":"https:\/\/www.sebastien-auziere.fr\/blog\/pt\/brigitte-macron-deslumbrante-aos-mais-de-70-anos-como-adotar-esse-penteado-tendencia-sem-erros\/#primaryimage"},"image":{"@id":"https:\/\/www.sebastien-auziere.fr\/blog\/pt\/brigitte-macron-deslumbrante-aos-mais-de-70-anos-como-adotar-esse-penteado-tendencia-sem-erros\/#primaryimage"},"thumbnailUrl":"https:\/\/www.sebastien-auziere.fr\/blog\/wp-content\/uploads\/2026\/04\/Brigitte-Macron-sublime-a-plus-de-70-ans-comment-adopter-cette-coiffure-tendance-sans-faux-pas.jpg","datePublished":"2026-04-22T08:17:29+00:00","dateModified":"2026-04-22T08:17:47+00:00","description":"D\u00e9couvrez comment adopter la coiffure tendance de Brigitte Macron \u00e0 plus de 70 ans pour un look sublime et sans faux pas. Conseils faciles et \u00e9l\u00e9gants.","breadcrumb":{"@id":"https:\/\/www.sebastien-auziere.fr\/blog\/pt\/brigitte-macron-deslumbrante-aos-mais-de-70-anos-como-adotar-esse-penteado-tendencia-sem-erros\/#breadcrumb"},"inLanguage":"fr-FR","potentialAction":[{"@type":"ReadAction","target":["https:\/\/www.sebastien-auziere.fr\/blog\/pt\/brigitte-macron-deslumbrante-aos-mais-de-70-anos-como-adotar-esse-penteado-tendencia-sem-erros\/"]}]},{"@type":"ImageObject","inLanguage":"fr-FR","@id":"https:\/\/www.sebastien-auziere.fr\/blog\/pt\/brigitte-macron-deslumbrante-aos-mais-de-70-anos-como-adotar-esse-penteado-tendencia-sem-erros\/#primaryimage","url":"https:\/\/www.sebastien-auziere.fr\/blog\/wp-content\/uploads\/2026\/04\/Brigitte-Macron-sublime-a-plus-de-70-ans-comment-adopter-cette-coiffure-tendance-sans-faux-pas.jpg","contentUrl":"https:\/\/www.sebastien-auziere.fr\/blog\/wp-content\/uploads\/2026\/04\/Brigitte-Macron-sublime-a-plus-de-70-ans-comment-adopter-cette-coiffure-tendance-sans-faux-pas.jpg","width":2560,"height":1429,"caption":"d\u00e9couvrez comment adopter la coiffure \u00e9l\u00e9gante et tendance de brigitte macron \u00e0 plus de 70 ans, pour un look sublime et sans faux pas."},{"@type":"BreadcrumbList","@id":"https:\/\/www.sebastien-auziere.fr\/blog\/pt\/brigitte-macron-deslumbrante-aos-mais-de-70-anos-como-adotar-esse-penteado-tendencia-sem-erros\/#breadcrumb","itemListElement":[{"@type":"ListItem","position":1,"name":"Home","item":"https:\/\/www.sebastien-auziere.fr\/blog\/"},{"@type":"ListItem","position":2,"name":"Brigitte Macron deslumbrante aos mais de 70 anos: como adotar esse penteado tend\u00eancia sem erros"}]},{"@type":"WebSite","@id":"https:\/\/www.sebastien-auziere.fr\/blog\/#website","url":"https:\/\/www.sebastien-auziere.fr\/blog\/","name":"Fan site S\u00e9bastien Auzi\u00e8re","description":"M\u00e9dia g\u00e9n\u00e9raliste","publisher":{"@id":"https:\/\/www.sebastien-auziere.fr\/blog\/#organization"},"potentialAction":[{"@type":"SearchAction","target":{"@type":"EntryPoint","urlTemplate":"https:\/\/www.sebastien-auziere.fr\/blog\/?s={search_term_string}"},"query-input":{"@type":"PropertyValueSpecification","valueRequired":true,"valueName":"search_term_string"}}],"inLanguage":"fr-FR"},{"@type":"Organization","@id":"https:\/\/www.sebastien-auziere.fr\/blog\/#organization","name":"Fan site S\u00e9bastien Auzi\u00e8re","url":"https:\/\/www.sebastien-auziere.fr\/blog\/","logo":{"@type":"ImageObject","inLanguage":"fr-FR","@id":"https:\/\/www.sebastien-auziere.fr\/blog\/#\/schema\/logo\/image\/","url":"https:\/\/www.sebastien-auziere.fr\/blog\/wp-content\/uploads\/2026\/03\/cropped-cropped-cropped-ChatGPT-Image-6-mars-2026-12_58_09-e1772798376794.jpg","contentUrl":"https:\/\/www.sebastien-auziere.fr\/blog\/wp-content\/uploads\/2026\/03\/cropped-cropped-cropped-ChatGPT-Image-6-mars-2026-12_58_09-e1772798376794.jpg","width":512,"height":360,"caption":"Fan site S\u00e9bastien Auzi\u00e8re"},"image":{"@id":"https:\/\/www.sebastien-auziere.fr\/blog\/#\/schema\/logo\/image\/"}},{"@type":"Person","@id":"https:\/\/www.sebastien-auziere.fr\/blog\/#\/schema\/person\/149f1acdbfd85149c6c3e59adeae2f4d","name":"Chloe Gauthier","image":{"@type":"ImageObject","inLanguage":"fr-FR","@id":"https:\/\/secure.gravatar.com\/avatar\/2c5722f58171cff738a8985ef0dd66b476e563753246a49019befc837ec4201a?s=96&d=mm&r=g","url":"https:\/\/secure.gravatar.com\/avatar\/2c5722f58171cff738a8985ef0dd66b476e563753246a49019befc837ec4201a?s=96&d=mm&r=g","contentUrl":"https:\/\/secure.gravatar.com\/avatar\/2c5722f58171cff738a8985ef0dd66b476e563753246a49019befc837ec4201a?s=96&d=mm&r=g","caption":"Chloe Gauthier"},"description":"Passionn\u00e9e par la politique et admiratrice engag\u00e9e de la famille Macron, je consacre mon \u00e9nergie \u00e0 suivre leurs initiatives et \u00e0 promouvoir leurs id\u00e9es. \u00c0 32 ans, je suis convaincue que leur vision est porteuse d'avenir.","url":"https:\/\/www.sebastien-auziere.fr\/blog\/author\/chloe-gauthier\/"}]}},"views":0,"_links":{"self":[{"href":"https:\/\/www.sebastien-auziere.fr\/blog\/wp-json\/wp\/v2\/posts\/3238","targetHints":{"allow":["GET"]}}],"collection":[{"href":"https:\/\/www.sebastien-auziere.fr\/blog\/wp-json\/wp\/v2\/posts"}],"about":[{"href":"https:\/\/www.sebastien-auziere.fr\/blog\/wp-json\/wp\/v2\/types\/post"}],"author":[{"embeddable":true,"href":"https:\/\/www.sebastien-auziere.fr\/blog\/wp-json\/wp\/v2\/users\/9"}],"replies":[{"embeddable":true,"href":"https:\/\/www.sebastien-auziere.fr\/blog\/wp-json\/wp\/v2\/comments?post=3238"}],"version-history":[{"count":1,"href":"https:\/\/www.sebastien-auziere.fr\/blog\/wp-json\/wp\/v2\/posts\/3238\/revisions"}],"predecessor-version":[{"id":3239,"href":"https:\/\/www.sebastien-auziere.fr\/blog\/wp-json\/wp\/v2\/posts\/3238\/revisions\/3239"}],"wp:featuredmedia":[{"embeddable":true,"href":"https:\/\/www.sebastien-auziere.fr\/blog\/wp-json\/wp\/v2\/media\/3228"}],"wp:attachment":[{"href":"https:\/\/www.sebastien-auziere.fr\/blog\/wp-json\/wp\/v2\/media?parent=3238"}],"wp:term":[{"taxonomy":"category","embeddable":true,"href":"https:\/\/www.sebastien-auziere.fr\/blog\/wp-json\/wp\/v2\/categories?post=3238"},{"taxonomy":"post_tag","embeddable":true,"href":"https:\/\/www.sebastien-auziere.fr\/blog\/wp-json\/wp\/v2\/tags?post=3238"}],"curies":[{"name":"wp","href":"https:\/\/api.w.org\/{rel}","templated":true}]}}