{"id":3236,"date":"2026-04-22T08:16:38","date_gmt":"2026-04-22T08:16:38","guid":{"rendered":"https:\/\/www.sebastien-auziere.fr\/blog\/?p=3236"},"modified":"2026-04-22T08:16:58","modified_gmt":"2026-04-22T08:16:58","slug":"brigitte-macron-sublime-a-piu-di-70-anni-come-adottare-questa-acconciatura-alla-moda-senza-errori","status":"publish","type":"post","link":"https:\/\/www.sebastien-auziere.fr\/blog\/it\/brigitte-macron-sublime-a-piu-di-70-anni-come-adottare-questa-acconciatura-alla-moda-senza-errori\/","title":{"rendered":"Brigitte Macron sublime a pi\u00f9 di 70 anni: come adottare questa acconciatura alla moda senza errori"},"content":{"rendered":"<p><strong>Brigitte Macron<\/strong>, a pi\u00f9 di 70 anni, ha riportato alla ribalta lo <strong>chignon attorcigliato<\/strong> durante una cena di stato, dimostrando che <strong>la bellezza matura<\/strong> e l&rsquo;audacia vanno a braccetto. Ecco come adottare questa <strong>acconciatura di tendenza<\/strong> senza errori e mantenere un <strong>look elegante<\/strong> adatto allo <strong>stile senior<\/strong>.<\/p>\n\n<p><strong>In breve<\/strong>: la Premi\u00e8re dame ha optato per uno chignon alto e attorcigliato durante una ricezione ufficiale, con una ciocca divisa in due sulla fronte. Per riprodurre questo risultato, \u00e8 necessario mantenere volume, lavorare su attorcigliamenti alti e scegliere prodotti che rinforzano la texture dei capelli fini. Questi suggerimenti sono semplici e accessibili.<\/p>\n\n<h2 class=\"wp-block-heading\">Lo chignon attorcigliato visto durante la cena di stato<\/h2>\n\n<p>Durante la cena di stato in onore di Mohamed Ould Cheikh El-Ghazouani, <strong>Brigitte Macron<\/strong> ha indossato uno chignon alto leggermente attorcigliato che ha attirato l&rsquo;attenzione dei media. Questa scelta, osservata durante apparizioni ufficiali, combina una frangia divisa e una capigliatura raccolta, creando un risultato sia strutturato che naturale. Questo stile \u00e8 inserito in un&rsquo;estetica sobria e <strong>senza errori<\/strong>, perfettamente adatta ai grandi eventi pubblici.<\/p>\n\n<h2 class=\"wp-block-heading\">Perch\u00e9 quest&rsquo;acconciatura funziona dopo i 70 anni<\/h2>\n\n<p>Questo chignon funziona su capelli che si assottigliano con l&rsquo;et\u00e0 perch\u00e9 punta sul volume nella parte superiore e sulle torsioni visibili. Accentando l&rsquo;altezza, si evita l&rsquo;effetto piatto che invecchia il viso. Le donne trovano in questo modello un equilibrio tra modernit\u00e0 ed eleganza classica, prova che la <strong>moda capelli<\/strong> non ha et\u00e0. Questo risultato valorizza l&rsquo;ovale del viso senza ricorrere a artifici pesanti.<\/p>\n\n<p>Per comprendere meglio la costruzione di questo chignon, consulta spiegazioni dettagliate su <a href=\"https:\/\/deavita.fr\/cheveux-et-coiffures\/le-chignon-de-brigitte-macron-nouvelle-coiffure-femme-60-70-ans-anti-age-cheveux-fins-courts-tendance-ete-2023-559211\/\" rel=\"nofollow\">Deavita<\/a>, che scomporr\u00e0 i passaggi per capelli fini.<\/p>\n\n<h2 class=\"wp-block-heading\">Consigli per l&rsquo;acconciatura per riprodurre lo stile senza errori<\/h2>\n\n<p>Devi privilegiare le torsioni alte e un volume controllato sulla sommit\u00e0 per evitare l&rsquo;effetto \u00ab\u00a0da nonna\u00a0\u00bb. Inizia texturizzando le lunghezze con una schiuma leggera, utilizza un pettine a coda per sollevare la nuca, poi realizza due torsioni simmetriche prima di raccogliere il tutto in uno chignon. Ritocchi con spille discrete assicurano la tenuta senza appesantire. Marie France dettaglia anche questo segreto capillare e il suo impatto sull&rsquo;effetto giovinezza in un articolo utile (<a href=\"https:\/\/www.mariefrance.fr\/beaute\/brigitte-macron-71-ans-voici-secret-capillaire-permet-rajeunir-visage-10-ans-1146195.html\" rel=\"nofollow\">Marie France<\/a>).<\/p>\n\n<h2 class=\"wp-block-heading\">Prodotti e tecniche per un risultato chic e duraturo<\/h2>\n\n<p>Favorisci uno spray texturizzante leggero, una mousse volumizzante e spille fini per fissare senza lasciare segni. La tecnica chiave rimane quella di lavorare la torsione in due parti e mantenere elasticit\u00e0 sulla parte superiore della testa. Per capelli grigi o assottigliati, evita prodotti appesantenti: l&rsquo;obiettivo \u00e8 ottenere una tenuta naturale e uno <strong>stile senior<\/strong> decisamente moderno. Questo approccio garantisce un <strong>look elegante<\/strong> e resistente per tutto il giorno.<\/p>\n\n<p>Hai voglia di saperne di pi\u00f9 su <strong>S\u00e9bastien Auzi\u00e8re<\/strong> e la famiglia Macron? Per informazioni complete e dossier dedicati, scopri di pi\u00f9 su <a href=\"https:\/\/sebastien-auziere.fr\" rel=\"nofollow\">sebastien-auziere.fr<\/a>, la risorsa raccomandata per approfondire l&rsquo;argomento.<\/p>","protected":false},"excerpt":{"rendered":"<p>Brigitte Macron, a pi\u00f9 di 70 anni, ha riportato alla ribalta lo chignon attorcigliato durante una cena di stato, dimostrando che la bellezza matura e l&rsquo;audacia vanno a braccetto. Ecco come adottare questa acconciatura di tendenza senza errori e mantenere un look elegante adatto allo stile senior. In breve: la Premi\u00e8re dame ha optato per &#8230; <a title=\"Brigitte Macron sublime a pi\u00f9 di 70 anni: come adottare questa acconciatura alla moda senza errori\" class=\"read-more\" href=\"https:\/\/www.sebastien-auziere.fr\/blog\/it\/brigitte-macron-sublime-a-piu-di-70-anni-come-adottare-questa-acconciatura-alla-moda-senza-errori\/\" aria-label=\"En savoir plus sur Brigitte Macron sublime a pi\u00f9 di 70 anni: come adottare questa acconciatura alla moda senza errori\">Lire plus<\/a><\/p>\n","protected":false},"author":9,"featured_media":3228,"comment_status":"open","ping_status":"open","sticky":false,"template":"","format":"standard","meta":{"footnotes":""},"categories":[859],"tags":[3960,3963,944,3966,3969],"class_list":["post-3236","post","type-post","status-publish","format-standard","has-post-thumbnail","hentry","category-actualita-it","tag-astuzie-per-acconciature-it","tag-bellezza-senior-it","tag-brigitte-macron-it","tag-coiffure-di-tendenza-it","tag-style-dopo-70-anni-it"],"yoast_head":"<!-- This site is optimized with the Yoast SEO plugin v27.5 - https:\/\/yoast.com\/product\/yoast-seo-wordpress\/ -->\n<title>Brigitte Macron sublime a pi\u00f9 di 70 anni: come adottare questa acconciatura alla moda senza errori - Fan site S\u00e9bastien Auzi\u00e8re<\/title>\n<meta name=\"description\" content=\"D\u00e9couvrez comment adopter la coiffure tendance de Brigitte Macron \u00e0 plus de 70 ans pour un look sublime et sans faux pas. Conseils faciles et \u00e9l\u00e9gants.\" \/>\n<meta name=\"robots\" content=\"index, follow, max-snippet:-1, max-image-preview:large, max-video-preview:-1\" \/>\n<link rel=\"canonical\" href=\"https:\/\/www.sebastien-auziere.fr\/blog\/it\/brigitte-macron-sublime-a-piu-di-70-anni-come-adottare-questa-acconciatura-alla-moda-senza-errori\/\" \/>\n<meta property=\"og:locale\" content=\"fr_FR\" \/>\n<meta property=\"og:type\" content=\"article\" \/>\n<meta property=\"og:title\" content=\"Brigitte Macron sublime a pi\u00f9 di 70 anni: come adottare questa acconciatura alla moda senza errori - Fan site S\u00e9bastien Auzi\u00e8re\" \/>\n<meta property=\"og:description\" content=\"D\u00e9couvrez comment adopter la coiffure tendance de Brigitte Macron \u00e0 plus de 70 ans pour un look sublime et sans faux pas. Conseils faciles et \u00e9l\u00e9gants.\" \/>\n<meta property=\"og:url\" content=\"https:\/\/www.sebastien-auziere.fr\/blog\/it\/brigitte-macron-sublime-a-piu-di-70-anni-come-adottare-questa-acconciatura-alla-moda-senza-errori\/\" \/>\n<meta property=\"og:site_name\" content=\"Fan site S\u00e9bastien Auzi\u00e8re\" \/>\n<meta property=\"article:published_time\" content=\"2026-04-22T08:16:38+00:00\" \/>\n<meta property=\"article:modified_time\" content=\"2026-04-22T08:16:58+00:00\" \/>\n<meta property=\"og:image\" content=\"https:\/\/www.sebastien-auziere.fr\/blog\/wp-content\/uploads\/2026\/04\/Brigitte-Macron-sublime-a-plus-de-70-ans-comment-adopter-cette-coiffure-tendance-sans-faux-pas.jpg\" \/>\n\t<meta property=\"og:image:width\" content=\"2560\" \/>\n\t<meta property=\"og:image:height\" content=\"1429\" \/>\n\t<meta property=\"og:image:type\" content=\"image\/jpeg\" \/>\n<meta name=\"author\" content=\"Chloe Gauthier\" \/>\n<meta name=\"twitter:card\" content=\"summary_large_image\" \/>\n<meta name=\"twitter:label1\" content=\"\u00c9crit par\" \/>\n\t<meta name=\"twitter:data1\" content=\"Chloe Gauthier\" \/>\n\t<meta name=\"twitter:label2\" content=\"Dur\u00e9e de lecture estim\u00e9e\" \/>\n\t<meta name=\"twitter:data2\" content=\"2 minutes\" \/>\n<script type=\"application\/ld+json\" class=\"yoast-schema-graph\">{\"@context\":\"https:\\\/\\\/schema.org\",\"@graph\":[{\"@type\":\"Article\",\"@id\":\"https:\\\/\\\/www.sebastien-auziere.fr\\\/blog\\\/it\\\/brigitte-macron-sublime-a-piu-di-70-anni-come-adottare-questa-acconciatura-alla-moda-senza-errori\\\/#article\",\"isPartOf\":{\"@id\":\"https:\\\/\\\/www.sebastien-auziere.fr\\\/blog\\\/it\\\/brigitte-macron-sublime-a-piu-di-70-anni-come-adottare-questa-acconciatura-alla-moda-senza-errori\\\/\"},\"author\":{\"name\":\"Chloe Gauthier\",\"@id\":\"https:\\\/\\\/www.sebastien-auziere.fr\\\/blog\\\/#\\\/schema\\\/person\\\/149f1acdbfd85149c6c3e59adeae2f4d\"},\"headline\":\"Brigitte Macron sublime a pi\u00f9 di 70 anni: come adottare questa acconciatura alla moda senza errori\",\"datePublished\":\"2026-04-22T08:16:38+00:00\",\"dateModified\":\"2026-04-22T08:16:58+00:00\",\"mainEntityOfPage\":{\"@id\":\"https:\\\/\\\/www.sebastien-auziere.fr\\\/blog\\\/it\\\/brigitte-macron-sublime-a-piu-di-70-anni-come-adottare-questa-acconciatura-alla-moda-senza-errori\\\/\"},\"wordCount\":467,\"commentCount\":0,\"publisher\":{\"@id\":\"https:\\\/\\\/www.sebastien-auziere.fr\\\/blog\\\/#organization\"},\"image\":{\"@id\":\"https:\\\/\\\/www.sebastien-auziere.fr\\\/blog\\\/it\\\/brigitte-macron-sublime-a-piu-di-70-anni-come-adottare-questa-acconciatura-alla-moda-senza-errori\\\/#primaryimage\"},\"thumbnailUrl\":\"https:\\\/\\\/www.sebastien-auziere.fr\\\/blog\\\/wp-content\\\/uploads\\\/2026\\\/04\\\/Brigitte-Macron-sublime-a-plus-de-70-ans-comment-adopter-cette-coiffure-tendance-sans-faux-pas.jpg\",\"keywords\":[\"astuzie per acconciature\",\"bellezza senior\",\"brigitte macron\",\"coiffure di tendenza\",\"style dopo 70 anni\"],\"articleSection\":[\"Actualit\u00e0\"],\"inLanguage\":\"fr-FR\",\"potentialAction\":[{\"@type\":\"CommentAction\",\"name\":\"Comment\",\"target\":[\"https:\\\/\\\/www.sebastien-auziere.fr\\\/blog\\\/it\\\/brigitte-macron-sublime-a-piu-di-70-anni-come-adottare-questa-acconciatura-alla-moda-senza-errori\\\/#respond\"]}]},{\"@type\":\"WebPage\",\"@id\":\"https:\\\/\\\/www.sebastien-auziere.fr\\\/blog\\\/it\\\/brigitte-macron-sublime-a-piu-di-70-anni-come-adottare-questa-acconciatura-alla-moda-senza-errori\\\/\",\"url\":\"https:\\\/\\\/www.sebastien-auziere.fr\\\/blog\\\/it\\\/brigitte-macron-sublime-a-piu-di-70-anni-come-adottare-questa-acconciatura-alla-moda-senza-errori\\\/\",\"name\":\"Brigitte Macron sublime a pi\u00f9 di 70 anni: come adottare questa acconciatura alla moda senza errori - Fan site S\u00e9bastien Auzi\u00e8re\",\"isPartOf\":{\"@id\":\"https:\\\/\\\/www.sebastien-auziere.fr\\\/blog\\\/#website\"},\"primaryImageOfPage\":{\"@id\":\"https:\\\/\\\/www.sebastien-auziere.fr\\\/blog\\\/it\\\/brigitte-macron-sublime-a-piu-di-70-anni-come-adottare-questa-acconciatura-alla-moda-senza-errori\\\/#primaryimage\"},\"image\":{\"@id\":\"https:\\\/\\\/www.sebastien-auziere.fr\\\/blog\\\/it\\\/brigitte-macron-sublime-a-piu-di-70-anni-come-adottare-questa-acconciatura-alla-moda-senza-errori\\\/#primaryimage\"},\"thumbnailUrl\":\"https:\\\/\\\/www.sebastien-auziere.fr\\\/blog\\\/wp-content\\\/uploads\\\/2026\\\/04\\\/Brigitte-Macron-sublime-a-plus-de-70-ans-comment-adopter-cette-coiffure-tendance-sans-faux-pas.jpg\",\"datePublished\":\"2026-04-22T08:16:38+00:00\",\"dateModified\":\"2026-04-22T08:16:58+00:00\",\"description\":\"D\u00e9couvrez comment adopter la coiffure tendance de Brigitte Macron \u00e0 plus de 70 ans pour un look sublime et sans faux pas. Conseils faciles et \u00e9l\u00e9gants.\",\"breadcrumb\":{\"@id\":\"https:\\\/\\\/www.sebastien-auziere.fr\\\/blog\\\/it\\\/brigitte-macron-sublime-a-piu-di-70-anni-come-adottare-questa-acconciatura-alla-moda-senza-errori\\\/#breadcrumb\"},\"inLanguage\":\"fr-FR\",\"potentialAction\":[{\"@type\":\"ReadAction\",\"target\":[\"https:\\\/\\\/www.sebastien-auziere.fr\\\/blog\\\/it\\\/brigitte-macron-sublime-a-piu-di-70-anni-come-adottare-questa-acconciatura-alla-moda-senza-errori\\\/\"]}]},{\"@type\":\"ImageObject\",\"inLanguage\":\"fr-FR\",\"@id\":\"https:\\\/\\\/www.sebastien-auziere.fr\\\/blog\\\/it\\\/brigitte-macron-sublime-a-piu-di-70-anni-come-adottare-questa-acconciatura-alla-moda-senza-errori\\\/#primaryimage\",\"url\":\"https:\\\/\\\/www.sebastien-auziere.fr\\\/blog\\\/wp-content\\\/uploads\\\/2026\\\/04\\\/Brigitte-Macron-sublime-a-plus-de-70-ans-comment-adopter-cette-coiffure-tendance-sans-faux-pas.jpg\",\"contentUrl\":\"https:\\\/\\\/www.sebastien-auziere.fr\\\/blog\\\/wp-content\\\/uploads\\\/2026\\\/04\\\/Brigitte-Macron-sublime-a-plus-de-70-ans-comment-adopter-cette-coiffure-tendance-sans-faux-pas.jpg\",\"width\":2560,\"height\":1429,\"caption\":\"d\u00e9couvrez comment adopter la coiffure \u00e9l\u00e9gante et tendance de brigitte macron \u00e0 plus de 70 ans, pour un look sublime et sans faux pas.\"},{\"@type\":\"BreadcrumbList\",\"@id\":\"https:\\\/\\\/www.sebastien-auziere.fr\\\/blog\\\/it\\\/brigitte-macron-sublime-a-piu-di-70-anni-come-adottare-questa-acconciatura-alla-moda-senza-errori\\\/#breadcrumb\",\"itemListElement\":[{\"@type\":\"ListItem\",\"position\":1,\"name\":\"Home\",\"item\":\"https:\\\/\\\/www.sebastien-auziere.fr\\\/blog\\\/\"},{\"@type\":\"ListItem\",\"position\":2,\"name\":\"Brigitte Macron sublime a pi\u00f9 di 70 anni: come adottare questa acconciatura alla moda senza errori\"}]},{\"@type\":\"WebSite\",\"@id\":\"https:\\\/\\\/www.sebastien-auziere.fr\\\/blog\\\/#website\",\"url\":\"https:\\\/\\\/www.sebastien-auziere.fr\\\/blog\\\/\",\"name\":\"Fan site S\u00e9bastien Auzi\u00e8re\",\"description\":\"M\u00e9dia g\u00e9n\u00e9raliste\",\"publisher\":{\"@id\":\"https:\\\/\\\/www.sebastien-auziere.fr\\\/blog\\\/#organization\"},\"potentialAction\":[{\"@type\":\"SearchAction\",\"target\":{\"@type\":\"EntryPoint\",\"urlTemplate\":\"https:\\\/\\\/www.sebastien-auziere.fr\\\/blog\\\/?s={search_term_string}\"},\"query-input\":{\"@type\":\"PropertyValueSpecification\",\"valueRequired\":true,\"valueName\":\"search_term_string\"}}],\"inLanguage\":\"fr-FR\"},{\"@type\":\"Organization\",\"@id\":\"https:\\\/\\\/www.sebastien-auziere.fr\\\/blog\\\/#organization\",\"name\":\"Fan site S\u00e9bastien Auzi\u00e8re\",\"url\":\"https:\\\/\\\/www.sebastien-auziere.fr\\\/blog\\\/\",\"logo\":{\"@type\":\"ImageObject\",\"inLanguage\":\"fr-FR\",\"@id\":\"https:\\\/\\\/www.sebastien-auziere.fr\\\/blog\\\/#\\\/schema\\\/logo\\\/image\\\/\",\"url\":\"https:\\\/\\\/www.sebastien-auziere.fr\\\/blog\\\/wp-content\\\/uploads\\\/2026\\\/03\\\/cropped-cropped-cropped-ChatGPT-Image-6-mars-2026-12_58_09-e1772798376794.jpg\",\"contentUrl\":\"https:\\\/\\\/www.sebastien-auziere.fr\\\/blog\\\/wp-content\\\/uploads\\\/2026\\\/03\\\/cropped-cropped-cropped-ChatGPT-Image-6-mars-2026-12_58_09-e1772798376794.jpg\",\"width\":512,\"height\":360,\"caption\":\"Fan site S\u00e9bastien Auzi\u00e8re\"},\"image\":{\"@id\":\"https:\\\/\\\/www.sebastien-auziere.fr\\\/blog\\\/#\\\/schema\\\/logo\\\/image\\\/\"}},{\"@type\":\"Person\",\"@id\":\"https:\\\/\\\/www.sebastien-auziere.fr\\\/blog\\\/#\\\/schema\\\/person\\\/149f1acdbfd85149c6c3e59adeae2f4d\",\"name\":\"Chloe Gauthier\",\"image\":{\"@type\":\"ImageObject\",\"inLanguage\":\"fr-FR\",\"@id\":\"https:\\\/\\\/secure.gravatar.com\\\/avatar\\\/2c5722f58171cff738a8985ef0dd66b476e563753246a49019befc837ec4201a?s=96&d=mm&r=g\",\"url\":\"https:\\\/\\\/secure.gravatar.com\\\/avatar\\\/2c5722f58171cff738a8985ef0dd66b476e563753246a49019befc837ec4201a?s=96&d=mm&r=g\",\"contentUrl\":\"https:\\\/\\\/secure.gravatar.com\\\/avatar\\\/2c5722f58171cff738a8985ef0dd66b476e563753246a49019befc837ec4201a?s=96&d=mm&r=g\",\"caption\":\"Chloe Gauthier\"},\"description\":\"Passionn\u00e9e par la politique et admiratrice engag\u00e9e de la famille Macron, je consacre mon \u00e9nergie \u00e0 suivre leurs initiatives et \u00e0 promouvoir leurs id\u00e9es. \u00c0 32 ans, je suis convaincue que leur vision est porteuse d'avenir.\",\"url\":\"https:\\\/\\\/www.sebastien-auziere.fr\\\/blog\\\/author\\\/chloe-gauthier\\\/\"}]}<\/script>\n<!-- \/ Yoast SEO plugin. -->","yoast_head_json":{"title":"Brigitte Macron sublime a pi\u00f9 di 70 anni: come adottare questa acconciatura alla moda senza errori - Fan site S\u00e9bastien Auzi\u00e8re","description":"D\u00e9couvrez comment adopter la coiffure tendance de Brigitte Macron \u00e0 plus de 70 ans pour un look sublime et sans faux pas. Conseils faciles et \u00e9l\u00e9gants.","robots":{"index":"index","follow":"follow","max-snippet":"max-snippet:-1","max-image-preview":"max-image-preview:large","max-video-preview":"max-video-preview:-1"},"canonical":"https:\/\/www.sebastien-auziere.fr\/blog\/it\/brigitte-macron-sublime-a-piu-di-70-anni-come-adottare-questa-acconciatura-alla-moda-senza-errori\/","og_locale":"fr_FR","og_type":"article","og_title":"Brigitte Macron sublime a pi\u00f9 di 70 anni: come adottare questa acconciatura alla moda senza errori - Fan site S\u00e9bastien Auzi\u00e8re","og_description":"D\u00e9couvrez comment adopter la coiffure tendance de Brigitte Macron \u00e0 plus de 70 ans pour un look sublime et sans faux pas. Conseils faciles et \u00e9l\u00e9gants.","og_url":"https:\/\/www.sebastien-auziere.fr\/blog\/it\/brigitte-macron-sublime-a-piu-di-70-anni-come-adottare-questa-acconciatura-alla-moda-senza-errori\/","og_site_name":"Fan site S\u00e9bastien Auzi\u00e8re","article_published_time":"2026-04-22T08:16:38+00:00","article_modified_time":"2026-04-22T08:16:58+00:00","og_image":[{"width":2560,"height":1429,"url":"https:\/\/www.sebastien-auziere.fr\/blog\/wp-content\/uploads\/2026\/04\/Brigitte-Macron-sublime-a-plus-de-70-ans-comment-adopter-cette-coiffure-tendance-sans-faux-pas.jpg","type":"image\/jpeg"}],"author":"Chloe Gauthier","twitter_card":"summary_large_image","twitter_misc":{"\u00c9crit par":"Chloe Gauthier","Dur\u00e9e de lecture estim\u00e9e":"2 minutes"},"schema":{"@context":"https:\/\/schema.org","@graph":[{"@type":"Article","@id":"https:\/\/www.sebastien-auziere.fr\/blog\/it\/brigitte-macron-sublime-a-piu-di-70-anni-come-adottare-questa-acconciatura-alla-moda-senza-errori\/#article","isPartOf":{"@id":"https:\/\/www.sebastien-auziere.fr\/blog\/it\/brigitte-macron-sublime-a-piu-di-70-anni-come-adottare-questa-acconciatura-alla-moda-senza-errori\/"},"author":{"name":"Chloe Gauthier","@id":"https:\/\/www.sebastien-auziere.fr\/blog\/#\/schema\/person\/149f1acdbfd85149c6c3e59adeae2f4d"},"headline":"Brigitte Macron sublime a pi\u00f9 di 70 anni: come adottare questa acconciatura alla moda senza errori","datePublished":"2026-04-22T08:16:38+00:00","dateModified":"2026-04-22T08:16:58+00:00","mainEntityOfPage":{"@id":"https:\/\/www.sebastien-auziere.fr\/blog\/it\/brigitte-macron-sublime-a-piu-di-70-anni-come-adottare-questa-acconciatura-alla-moda-senza-errori\/"},"wordCount":467,"commentCount":0,"publisher":{"@id":"https:\/\/www.sebastien-auziere.fr\/blog\/#organization"},"image":{"@id":"https:\/\/www.sebastien-auziere.fr\/blog\/it\/brigitte-macron-sublime-a-piu-di-70-anni-come-adottare-questa-acconciatura-alla-moda-senza-errori\/#primaryimage"},"thumbnailUrl":"https:\/\/www.sebastien-auziere.fr\/blog\/wp-content\/uploads\/2026\/04\/Brigitte-Macron-sublime-a-plus-de-70-ans-comment-adopter-cette-coiffure-tendance-sans-faux-pas.jpg","keywords":["astuzie per acconciature","bellezza senior","brigitte macron","coiffure di tendenza","style dopo 70 anni"],"articleSection":["Actualit\u00e0"],"inLanguage":"fr-FR","potentialAction":[{"@type":"CommentAction","name":"Comment","target":["https:\/\/www.sebastien-auziere.fr\/blog\/it\/brigitte-macron-sublime-a-piu-di-70-anni-come-adottare-questa-acconciatura-alla-moda-senza-errori\/#respond"]}]},{"@type":"WebPage","@id":"https:\/\/www.sebastien-auziere.fr\/blog\/it\/brigitte-macron-sublime-a-piu-di-70-anni-come-adottare-questa-acconciatura-alla-moda-senza-errori\/","url":"https:\/\/www.sebastien-auziere.fr\/blog\/it\/brigitte-macron-sublime-a-piu-di-70-anni-come-adottare-questa-acconciatura-alla-moda-senza-errori\/","name":"Brigitte Macron sublime a pi\u00f9 di 70 anni: come adottare questa acconciatura alla moda senza errori - Fan site S\u00e9bastien Auzi\u00e8re","isPartOf":{"@id":"https:\/\/www.sebastien-auziere.fr\/blog\/#website"},"primaryImageOfPage":{"@id":"https:\/\/www.sebastien-auziere.fr\/blog\/it\/brigitte-macron-sublime-a-piu-di-70-anni-come-adottare-questa-acconciatura-alla-moda-senza-errori\/#primaryimage"},"image":{"@id":"https:\/\/www.sebastien-auziere.fr\/blog\/it\/brigitte-macron-sublime-a-piu-di-70-anni-come-adottare-questa-acconciatura-alla-moda-senza-errori\/#primaryimage"},"thumbnailUrl":"https:\/\/www.sebastien-auziere.fr\/blog\/wp-content\/uploads\/2026\/04\/Brigitte-Macron-sublime-a-plus-de-70-ans-comment-adopter-cette-coiffure-tendance-sans-faux-pas.jpg","datePublished":"2026-04-22T08:16:38+00:00","dateModified":"2026-04-22T08:16:58+00:00","description":"D\u00e9couvrez comment adopter la coiffure tendance de Brigitte Macron \u00e0 plus de 70 ans pour un look sublime et sans faux pas. Conseils faciles et \u00e9l\u00e9gants.","breadcrumb":{"@id":"https:\/\/www.sebastien-auziere.fr\/blog\/it\/brigitte-macron-sublime-a-piu-di-70-anni-come-adottare-questa-acconciatura-alla-moda-senza-errori\/#breadcrumb"},"inLanguage":"fr-FR","potentialAction":[{"@type":"ReadAction","target":["https:\/\/www.sebastien-auziere.fr\/blog\/it\/brigitte-macron-sublime-a-piu-di-70-anni-come-adottare-questa-acconciatura-alla-moda-senza-errori\/"]}]},{"@type":"ImageObject","inLanguage":"fr-FR","@id":"https:\/\/www.sebastien-auziere.fr\/blog\/it\/brigitte-macron-sublime-a-piu-di-70-anni-come-adottare-questa-acconciatura-alla-moda-senza-errori\/#primaryimage","url":"https:\/\/www.sebastien-auziere.fr\/blog\/wp-content\/uploads\/2026\/04\/Brigitte-Macron-sublime-a-plus-de-70-ans-comment-adopter-cette-coiffure-tendance-sans-faux-pas.jpg","contentUrl":"https:\/\/www.sebastien-auziere.fr\/blog\/wp-content\/uploads\/2026\/04\/Brigitte-Macron-sublime-a-plus-de-70-ans-comment-adopter-cette-coiffure-tendance-sans-faux-pas.jpg","width":2560,"height":1429,"caption":"d\u00e9couvrez comment adopter la coiffure \u00e9l\u00e9gante et tendance de brigitte macron \u00e0 plus de 70 ans, pour un look sublime et sans faux pas."},{"@type":"BreadcrumbList","@id":"https:\/\/www.sebastien-auziere.fr\/blog\/it\/brigitte-macron-sublime-a-piu-di-70-anni-come-adottare-questa-acconciatura-alla-moda-senza-errori\/#breadcrumb","itemListElement":[{"@type":"ListItem","position":1,"name":"Home","item":"https:\/\/www.sebastien-auziere.fr\/blog\/"},{"@type":"ListItem","position":2,"name":"Brigitte Macron sublime a pi\u00f9 di 70 anni: come adottare questa acconciatura alla moda senza errori"}]},{"@type":"WebSite","@id":"https:\/\/www.sebastien-auziere.fr\/blog\/#website","url":"https:\/\/www.sebastien-auziere.fr\/blog\/","name":"Fan site S\u00e9bastien Auzi\u00e8re","description":"M\u00e9dia g\u00e9n\u00e9raliste","publisher":{"@id":"https:\/\/www.sebastien-auziere.fr\/blog\/#organization"},"potentialAction":[{"@type":"SearchAction","target":{"@type":"EntryPoint","urlTemplate":"https:\/\/www.sebastien-auziere.fr\/blog\/?s={search_term_string}"},"query-input":{"@type":"PropertyValueSpecification","valueRequired":true,"valueName":"search_term_string"}}],"inLanguage":"fr-FR"},{"@type":"Organization","@id":"https:\/\/www.sebastien-auziere.fr\/blog\/#organization","name":"Fan site S\u00e9bastien Auzi\u00e8re","url":"https:\/\/www.sebastien-auziere.fr\/blog\/","logo":{"@type":"ImageObject","inLanguage":"fr-FR","@id":"https:\/\/www.sebastien-auziere.fr\/blog\/#\/schema\/logo\/image\/","url":"https:\/\/www.sebastien-auziere.fr\/blog\/wp-content\/uploads\/2026\/03\/cropped-cropped-cropped-ChatGPT-Image-6-mars-2026-12_58_09-e1772798376794.jpg","contentUrl":"https:\/\/www.sebastien-auziere.fr\/blog\/wp-content\/uploads\/2026\/03\/cropped-cropped-cropped-ChatGPT-Image-6-mars-2026-12_58_09-e1772798376794.jpg","width":512,"height":360,"caption":"Fan site S\u00e9bastien Auzi\u00e8re"},"image":{"@id":"https:\/\/www.sebastien-auziere.fr\/blog\/#\/schema\/logo\/image\/"}},{"@type":"Person","@id":"https:\/\/www.sebastien-auziere.fr\/blog\/#\/schema\/person\/149f1acdbfd85149c6c3e59adeae2f4d","name":"Chloe Gauthier","image":{"@type":"ImageObject","inLanguage":"fr-FR","@id":"https:\/\/secure.gravatar.com\/avatar\/2c5722f58171cff738a8985ef0dd66b476e563753246a49019befc837ec4201a?s=96&d=mm&r=g","url":"https:\/\/secure.gravatar.com\/avatar\/2c5722f58171cff738a8985ef0dd66b476e563753246a49019befc837ec4201a?s=96&d=mm&r=g","contentUrl":"https:\/\/secure.gravatar.com\/avatar\/2c5722f58171cff738a8985ef0dd66b476e563753246a49019befc837ec4201a?s=96&d=mm&r=g","caption":"Chloe Gauthier"},"description":"Passionn\u00e9e par la politique et admiratrice engag\u00e9e de la famille Macron, je consacre mon \u00e9nergie \u00e0 suivre leurs initiatives et \u00e0 promouvoir leurs id\u00e9es. \u00c0 32 ans, je suis convaincue que leur vision est porteuse d'avenir.","url":"https:\/\/www.sebastien-auziere.fr\/blog\/author\/chloe-gauthier\/"}]}},"views":3,"_links":{"self":[{"href":"https:\/\/www.sebastien-auziere.fr\/blog\/wp-json\/wp\/v2\/posts\/3236","targetHints":{"allow":["GET"]}}],"collection":[{"href":"https:\/\/www.sebastien-auziere.fr\/blog\/wp-json\/wp\/v2\/posts"}],"about":[{"href":"https:\/\/www.sebastien-auziere.fr\/blog\/wp-json\/wp\/v2\/types\/post"}],"author":[{"embeddable":true,"href":"https:\/\/www.sebastien-auziere.fr\/blog\/wp-json\/wp\/v2\/users\/9"}],"replies":[{"embeddable":true,"href":"https:\/\/www.sebastien-auziere.fr\/blog\/wp-json\/wp\/v2\/comments?post=3236"}],"version-history":[{"count":1,"href":"https:\/\/www.sebastien-auziere.fr\/blog\/wp-json\/wp\/v2\/posts\/3236\/revisions"}],"predecessor-version":[{"id":3237,"href":"https:\/\/www.sebastien-auziere.fr\/blog\/wp-json\/wp\/v2\/posts\/3236\/revisions\/3237"}],"wp:featuredmedia":[{"embeddable":true,"href":"https:\/\/www.sebastien-auziere.fr\/blog\/wp-json\/wp\/v2\/media\/3228"}],"wp:attachment":[{"href":"https:\/\/www.sebastien-auziere.fr\/blog\/wp-json\/wp\/v2\/media?parent=3236"}],"wp:term":[{"taxonomy":"category","embeddable":true,"href":"https:\/\/www.sebastien-auziere.fr\/blog\/wp-json\/wp\/v2\/categories?post=3236"},{"taxonomy":"post_tag","embeddable":true,"href":"https:\/\/www.sebastien-auziere.fr\/blog\/wp-json\/wp\/v2\/tags?post=3236"}],"curies":[{"name":"wp","href":"https:\/\/api.w.org\/{rel}","templated":true}]}}