{"id":3234,"date":"2026-04-22T08:15:53","date_gmt":"2026-04-22T08:15:53","guid":{"rendered":"https:\/\/www.sebastien-auziere.fr\/blog\/?p=3234"},"modified":"2026-04-22T08:16:13","modified_gmt":"2026-04-22T08:16:13","slug":"brigitte-macron-beeindruckend-uber-70-jahre-alt-wie-man-diesen-trendigen-haarschnitt-ohne-fauxpas-annimmt","status":"publish","type":"post","link":"https:\/\/www.sebastien-auziere.fr\/blog\/de\/brigitte-macron-beeindruckend-uber-70-jahre-alt-wie-man-diesen-trendigen-haarschnitt-ohne-fauxpas-annimmt\/","title":{"rendered":"Brigitte Macron beeindruckend \u00fcber 70 Jahre alt: wie man diesen trendigen Haarschnitt ohne Fauxpas annimmt"},"content":{"rendered":"<p><strong>Brigitte Macron<\/strong>, \u00fcber 70 Jahre alt, hat das <strong>verdrehte Dutt<\/strong> bei einem Staatsdinner wieder in Mode gebracht und bewiesen, dass <strong>reife Sch\u00f6nheit<\/strong> und K\u00fchnheit gut zusammenpassen. Hier ist, wie Sie diese <strong>trendige Frisur<\/strong> ohne Fehltritte annehmen und einen <strong>eleganten Look<\/strong> f\u00fcr den <strong>Seniorenstil<\/strong> bewahren k\u00f6nnen.<\/p>\n\n<p><strong>Kurz gesagt<\/strong>: Die First Lady w\u00e4hlte einen hohen, verdrehten Dutt bei einer offiziellen Empfang, mit einem Scheitel, der in zwei Teile auf der Stirn getrennt wurde. Um dieses Ergebnis zu reproduzieren, muss man das Volumen erhalten, hohe Zwists arbeiten und Produkte w\u00e4hlen, die die Textur von feinem Haar st\u00e4rken. Diese Tipps sind einfach und zug\u00e4nglich.<\/p>\n\n<h2 class=\"wp-block-heading\">Der verdrehte Dutt beim Staatsdinner<\/h2>\n\n<p>Beim Staatsdinner zu Ehren von Mohamed Ould Cheikh El-Ghazouani trug <strong>Brigitte Macron<\/strong> einen leicht verdrehten hohen Dutt, der die Aufmerksamkeit der Medien auf sich zog. Diese Wahl, die bei offiziellen Auftritten zu beobachten ist, kombiniert einen seitlich getrennten Pony und nach hinten gek\u00e4mmtes Haar und schafft ein gleichzeitig strukturiertes und nat\u00fcrliches Ergebnis. Dieser Stil passt perfekt zu einer schlichten und <strong>fehlerfreien<\/strong> \u00c4sthetik, die f\u00fcr gro\u00dfe \u00f6ffentliche Auftritte geeignet ist.<\/p>\n\n<h2 class=\"wp-block-heading\">Warum diese Frisur nach 70 Jahren funktioniert<\/h2>\n\n<p>Dieser Dutt funktioniert bei Haaren, die mit dem Alter d\u00fcnner werden, weil er auf das Volumen oben und sichtbare Zwists setzt. Durch die Betonung der H\u00f6he wird der platte Effekt vermieden, der das Gesicht \u00e4lter erscheinen l\u00e4sst. Frauen finden in diesem Modell ein Gleichgewicht zwischen Modernit\u00e4t und klassischer Eleganz, ein Beweis daf\u00fcr, dass <strong>Haarmode<\/strong> kein Alter hat. Dieses Ergebnis hebt die Gesichtsform hervor, ohne auf schwere Ma\u00dfnahmen zur\u00fcckzugreifen.<\/p>\n\n<p>Um die Konstruktion dieses Dutt besser zu verstehen, schau dir detaillierte Erkl\u00e4rungen auf <a href=\"https:\/\/deavita.fr\/cheveux-et-coiffures\/le-chignon-de-brigitte-macron-nouvelle-coiffure-femme-60-70-ans-anti-age-cheveux-fins-courts-tendance-ete-2023-559211\/\" rel=\"nofollow\">Deavita<\/a> an, die die Schritte f\u00fcr feines Haar zerlegt.<\/p>\n\n<h2 class=\"wp-block-heading\">Frisurtipps, um den Stil fehlerfrei nachzuahmen<\/h2>\n\n<p>Du solltest hohe Zwists und ein kontrolliertes Volumen oben bevorzugen, um den \u00abOma\u00bb-Effekt zu vermeiden. Beginne damit, die L\u00e4ngen mit einem leichten Schaumtexturierer zu texturieren, benutze einen Kamm, um den Nacken anzuheben, und forme dann zwei symmetrische Zwists, bevor du alles in einen Dutt einrollst. Nachbesserungen mit diskreten Haarnadeln sorgen f\u00fcr Halt, ohne zu beschweren. Marie France beschreibt auch dieses Haargeheimnis und dessen Einfluss auf den Jugendlichkeits-Effekt in einem n\u00fctzlichen Artikel (<a href=\"https:\/\/www.mariefrance.fr\/beaute\/brigitte-macron-71-ans-voici-secret-capillaire-permet-rajeunir-visage-10-ans-1146195.html\" rel=\"nofollow\">Marie France<\/a>).<\/p>\n\n<h2 class=\"wp-block-heading\">Produkte und Techniken f\u00fcr ein schickes und dauerhaftes Ergebnis<\/h2>\n\n<p>Bevorzuge ein leichtes Texturisierungsspray, ein voluminisierendes Mousse und feine Haarnadeln, um fixieren zu k\u00f6nnen, ohne Abdr\u00fccke zu hinterlassen. Die Schl\u00fcsseltechnik bleibt, die Str\u00e4hne in zwei Teile zu arbeiten und einen Feder Effekt oben auf dem Kopf beizubehalten. F\u00fcr graues oder d\u00fcnner werdendes Haar vermeide schwere Produkte: Das Ziel ist, einen nat\u00fcrlichen Halt und einen <strong>Seniorenstil<\/strong> zu erreichen, der resolut modern ist. Dieser Ansatz garantiert einen <strong>eleganten Look<\/strong>, der den ganzen Tag \u00fcber h\u00e4lt.<\/p>\n\n<p>Interessiert an weiteren Informationen \u00fcber <strong>S\u00e9bastien Auzi\u00e8re<\/strong> und die Familie Macron? F\u00fcr umfassende Informationen und thematische Dossiers entdecke mehr auf <a href=\"https:\/\/sebastien-auziere.fr\" rel=\"nofollow\">sebastien-auziere.fr<\/a>, die empfohlene Ressource f\u00fcr eine vertiefte Auseinandersetzung mit dem Thema.<\/p>","protected":false},"excerpt":{"rendered":"<p>Brigitte Macron, \u00fcber 70 Jahre alt, hat das verdrehte Dutt bei einem Staatsdinner wieder in Mode gebracht und bewiesen, dass reife Sch\u00f6nheit und K\u00fchnheit gut zusammenpassen. Hier ist, wie Sie diese trendige Frisur ohne Fehltritte annehmen und einen eleganten Look f\u00fcr den Seniorenstil bewahren k\u00f6nnen. Kurz gesagt: Die First Lady w\u00e4hlte einen hohen, verdrehten Dutt &#8230; <a title=\"Brigitte Macron beeindruckend \u00fcber 70 Jahre alt: wie man diesen trendigen Haarschnitt ohne Fauxpas annimmt\" class=\"read-more\" href=\"https:\/\/www.sebastien-auziere.fr\/blog\/de\/brigitte-macron-beeindruckend-uber-70-jahre-alt-wie-man-diesen-trendigen-haarschnitt-ohne-fauxpas-annimmt\/\" aria-label=\"En savoir plus sur Brigitte Macron beeindruckend \u00fcber 70 Jahre alt: wie man diesen trendigen Haarschnitt ohne Fauxpas annimmt\">Lire plus<\/a><\/p>\n","protected":false},"author":9,"featured_media":3228,"comment_status":"open","ping_status":"open","sticky":false,"template":"","format":"standard","meta":{"footnotes":""},"categories":[856],"tags":[929,3954,3951,3957,3948],"class_list":["post-3234","post","type-post","status-publish","format-standard","has-post-thumbnail","hentry","category-aktuelles-de","tag-brigitte-macron-de","tag-coiffure-trend-de","tag-schone-senioren-de","tag-style-nach-70-jahren-de","tag-tipps-frisur-de"],"yoast_head":"<!-- This site is optimized with the Yoast SEO plugin v27.5 - https:\/\/yoast.com\/product\/yoast-seo-wordpress\/ -->\n<title>Brigitte Macron beeindruckend \u00fcber 70 Jahre alt: wie man diesen trendigen Haarschnitt ohne Fauxpas annimmt - Fan site S\u00e9bastien Auzi\u00e8re<\/title>\n<meta name=\"description\" content=\"D\u00e9couvrez comment adopter la coiffure tendance de Brigitte Macron \u00e0 plus de 70 ans pour un look sublime et sans faux pas. Conseils faciles et \u00e9l\u00e9gants.\" \/>\n<meta name=\"robots\" content=\"index, follow, max-snippet:-1, max-image-preview:large, max-video-preview:-1\" \/>\n<link rel=\"canonical\" href=\"https:\/\/www.sebastien-auziere.fr\/blog\/de\/brigitte-macron-beeindruckend-uber-70-jahre-alt-wie-man-diesen-trendigen-haarschnitt-ohne-fauxpas-annimmt\/\" \/>\n<meta property=\"og:locale\" content=\"fr_FR\" \/>\n<meta property=\"og:type\" content=\"article\" \/>\n<meta property=\"og:title\" content=\"Brigitte Macron beeindruckend \u00fcber 70 Jahre alt: wie man diesen trendigen Haarschnitt ohne Fauxpas annimmt - Fan site S\u00e9bastien Auzi\u00e8re\" \/>\n<meta property=\"og:description\" content=\"D\u00e9couvrez comment adopter la coiffure tendance de Brigitte Macron \u00e0 plus de 70 ans pour un look sublime et sans faux pas. Conseils faciles et \u00e9l\u00e9gants.\" \/>\n<meta property=\"og:url\" content=\"https:\/\/www.sebastien-auziere.fr\/blog\/de\/brigitte-macron-beeindruckend-uber-70-jahre-alt-wie-man-diesen-trendigen-haarschnitt-ohne-fauxpas-annimmt\/\" \/>\n<meta property=\"og:site_name\" content=\"Fan site S\u00e9bastien Auzi\u00e8re\" \/>\n<meta property=\"article:published_time\" content=\"2026-04-22T08:15:53+00:00\" \/>\n<meta property=\"article:modified_time\" content=\"2026-04-22T08:16:13+00:00\" \/>\n<meta property=\"og:image\" content=\"https:\/\/www.sebastien-auziere.fr\/blog\/wp-content\/uploads\/2026\/04\/Brigitte-Macron-sublime-a-plus-de-70-ans-comment-adopter-cette-coiffure-tendance-sans-faux-pas.jpg\" \/>\n\t<meta property=\"og:image:width\" content=\"2560\" \/>\n\t<meta property=\"og:image:height\" content=\"1429\" \/>\n\t<meta property=\"og:image:type\" content=\"image\/jpeg\" \/>\n<meta name=\"author\" content=\"Chloe Gauthier\" \/>\n<meta name=\"twitter:card\" content=\"summary_large_image\" \/>\n<meta name=\"twitter:label1\" content=\"\u00c9crit par\" \/>\n\t<meta name=\"twitter:data1\" content=\"Chloe Gauthier\" \/>\n\t<meta name=\"twitter:label2\" content=\"Dur\u00e9e de lecture estim\u00e9e\" \/>\n\t<meta name=\"twitter:data2\" content=\"3 minutes\" \/>\n<script type=\"application\/ld+json\" class=\"yoast-schema-graph\">{\"@context\":\"https:\\\/\\\/schema.org\",\"@graph\":[{\"@type\":\"Article\",\"@id\":\"https:\\\/\\\/www.sebastien-auziere.fr\\\/blog\\\/de\\\/brigitte-macron-beeindruckend-uber-70-jahre-alt-wie-man-diesen-trendigen-haarschnitt-ohne-fauxpas-annimmt\\\/#article\",\"isPartOf\":{\"@id\":\"https:\\\/\\\/www.sebastien-auziere.fr\\\/blog\\\/de\\\/brigitte-macron-beeindruckend-uber-70-jahre-alt-wie-man-diesen-trendigen-haarschnitt-ohne-fauxpas-annimmt\\\/\"},\"author\":{\"name\":\"Chloe Gauthier\",\"@id\":\"https:\\\/\\\/www.sebastien-auziere.fr\\\/blog\\\/#\\\/schema\\\/person\\\/149f1acdbfd85149c6c3e59adeae2f4d\"},\"headline\":\"Brigitte Macron beeindruckend \u00fcber 70 Jahre alt: wie man diesen trendigen Haarschnitt ohne Fauxpas annimmt\",\"datePublished\":\"2026-04-22T08:15:53+00:00\",\"dateModified\":\"2026-04-22T08:16:13+00:00\",\"mainEntityOfPage\":{\"@id\":\"https:\\\/\\\/www.sebastien-auziere.fr\\\/blog\\\/de\\\/brigitte-macron-beeindruckend-uber-70-jahre-alt-wie-man-diesen-trendigen-haarschnitt-ohne-fauxpas-annimmt\\\/\"},\"wordCount\":514,\"commentCount\":0,\"publisher\":{\"@id\":\"https:\\\/\\\/www.sebastien-auziere.fr\\\/blog\\\/#organization\"},\"image\":{\"@id\":\"https:\\\/\\\/www.sebastien-auziere.fr\\\/blog\\\/de\\\/brigitte-macron-beeindruckend-uber-70-jahre-alt-wie-man-diesen-trendigen-haarschnitt-ohne-fauxpas-annimmt\\\/#primaryimage\"},\"thumbnailUrl\":\"https:\\\/\\\/www.sebastien-auziere.fr\\\/blog\\\/wp-content\\\/uploads\\\/2026\\\/04\\\/Brigitte-Macron-sublime-a-plus-de-70-ans-comment-adopter-cette-coiffure-tendance-sans-faux-pas.jpg\",\"keywords\":[\"brigitte macron\",\"coiffure trend\",\"sch\u00f6ne Senioren\",\"style nach 70 Jahren\",\"tipps frisur\"],\"articleSection\":[\"Aktuelles\"],\"inLanguage\":\"fr-FR\",\"potentialAction\":[{\"@type\":\"CommentAction\",\"name\":\"Comment\",\"target\":[\"https:\\\/\\\/www.sebastien-auziere.fr\\\/blog\\\/de\\\/brigitte-macron-beeindruckend-uber-70-jahre-alt-wie-man-diesen-trendigen-haarschnitt-ohne-fauxpas-annimmt\\\/#respond\"]}]},{\"@type\":\"WebPage\",\"@id\":\"https:\\\/\\\/www.sebastien-auziere.fr\\\/blog\\\/de\\\/brigitte-macron-beeindruckend-uber-70-jahre-alt-wie-man-diesen-trendigen-haarschnitt-ohne-fauxpas-annimmt\\\/\",\"url\":\"https:\\\/\\\/www.sebastien-auziere.fr\\\/blog\\\/de\\\/brigitte-macron-beeindruckend-uber-70-jahre-alt-wie-man-diesen-trendigen-haarschnitt-ohne-fauxpas-annimmt\\\/\",\"name\":\"Brigitte Macron beeindruckend \u00fcber 70 Jahre alt: wie man diesen trendigen Haarschnitt ohne Fauxpas annimmt - Fan site S\u00e9bastien Auzi\u00e8re\",\"isPartOf\":{\"@id\":\"https:\\\/\\\/www.sebastien-auziere.fr\\\/blog\\\/#website\"},\"primaryImageOfPage\":{\"@id\":\"https:\\\/\\\/www.sebastien-auziere.fr\\\/blog\\\/de\\\/brigitte-macron-beeindruckend-uber-70-jahre-alt-wie-man-diesen-trendigen-haarschnitt-ohne-fauxpas-annimmt\\\/#primaryimage\"},\"image\":{\"@id\":\"https:\\\/\\\/www.sebastien-auziere.fr\\\/blog\\\/de\\\/brigitte-macron-beeindruckend-uber-70-jahre-alt-wie-man-diesen-trendigen-haarschnitt-ohne-fauxpas-annimmt\\\/#primaryimage\"},\"thumbnailUrl\":\"https:\\\/\\\/www.sebastien-auziere.fr\\\/blog\\\/wp-content\\\/uploads\\\/2026\\\/04\\\/Brigitte-Macron-sublime-a-plus-de-70-ans-comment-adopter-cette-coiffure-tendance-sans-faux-pas.jpg\",\"datePublished\":\"2026-04-22T08:15:53+00:00\",\"dateModified\":\"2026-04-22T08:16:13+00:00\",\"description\":\"D\u00e9couvrez comment adopter la coiffure tendance de Brigitte Macron \u00e0 plus de 70 ans pour un look sublime et sans faux pas. Conseils faciles et \u00e9l\u00e9gants.\",\"breadcrumb\":{\"@id\":\"https:\\\/\\\/www.sebastien-auziere.fr\\\/blog\\\/de\\\/brigitte-macron-beeindruckend-uber-70-jahre-alt-wie-man-diesen-trendigen-haarschnitt-ohne-fauxpas-annimmt\\\/#breadcrumb\"},\"inLanguage\":\"fr-FR\",\"potentialAction\":[{\"@type\":\"ReadAction\",\"target\":[\"https:\\\/\\\/www.sebastien-auziere.fr\\\/blog\\\/de\\\/brigitte-macron-beeindruckend-uber-70-jahre-alt-wie-man-diesen-trendigen-haarschnitt-ohne-fauxpas-annimmt\\\/\"]}]},{\"@type\":\"ImageObject\",\"inLanguage\":\"fr-FR\",\"@id\":\"https:\\\/\\\/www.sebastien-auziere.fr\\\/blog\\\/de\\\/brigitte-macron-beeindruckend-uber-70-jahre-alt-wie-man-diesen-trendigen-haarschnitt-ohne-fauxpas-annimmt\\\/#primaryimage\",\"url\":\"https:\\\/\\\/www.sebastien-auziere.fr\\\/blog\\\/wp-content\\\/uploads\\\/2026\\\/04\\\/Brigitte-Macron-sublime-a-plus-de-70-ans-comment-adopter-cette-coiffure-tendance-sans-faux-pas.jpg\",\"contentUrl\":\"https:\\\/\\\/www.sebastien-auziere.fr\\\/blog\\\/wp-content\\\/uploads\\\/2026\\\/04\\\/Brigitte-Macron-sublime-a-plus-de-70-ans-comment-adopter-cette-coiffure-tendance-sans-faux-pas.jpg\",\"width\":2560,\"height\":1429,\"caption\":\"d\u00e9couvrez comment adopter la coiffure \u00e9l\u00e9gante et tendance de brigitte macron \u00e0 plus de 70 ans, pour un look sublime et sans faux pas.\"},{\"@type\":\"BreadcrumbList\",\"@id\":\"https:\\\/\\\/www.sebastien-auziere.fr\\\/blog\\\/de\\\/brigitte-macron-beeindruckend-uber-70-jahre-alt-wie-man-diesen-trendigen-haarschnitt-ohne-fauxpas-annimmt\\\/#breadcrumb\",\"itemListElement\":[{\"@type\":\"ListItem\",\"position\":1,\"name\":\"Home\",\"item\":\"https:\\\/\\\/www.sebastien-auziere.fr\\\/blog\\\/\"},{\"@type\":\"ListItem\",\"position\":2,\"name\":\"Brigitte Macron beeindruckend \u00fcber 70 Jahre alt: wie man diesen trendigen Haarschnitt ohne Fauxpas annimmt\"}]},{\"@type\":\"WebSite\",\"@id\":\"https:\\\/\\\/www.sebastien-auziere.fr\\\/blog\\\/#website\",\"url\":\"https:\\\/\\\/www.sebastien-auziere.fr\\\/blog\\\/\",\"name\":\"Fan site S\u00e9bastien Auzi\u00e8re\",\"description\":\"M\u00e9dia g\u00e9n\u00e9raliste\",\"publisher\":{\"@id\":\"https:\\\/\\\/www.sebastien-auziere.fr\\\/blog\\\/#organization\"},\"potentialAction\":[{\"@type\":\"SearchAction\",\"target\":{\"@type\":\"EntryPoint\",\"urlTemplate\":\"https:\\\/\\\/www.sebastien-auziere.fr\\\/blog\\\/?s={search_term_string}\"},\"query-input\":{\"@type\":\"PropertyValueSpecification\",\"valueRequired\":true,\"valueName\":\"search_term_string\"}}],\"inLanguage\":\"fr-FR\"},{\"@type\":\"Organization\",\"@id\":\"https:\\\/\\\/www.sebastien-auziere.fr\\\/blog\\\/#organization\",\"name\":\"Fan site S\u00e9bastien Auzi\u00e8re\",\"url\":\"https:\\\/\\\/www.sebastien-auziere.fr\\\/blog\\\/\",\"logo\":{\"@type\":\"ImageObject\",\"inLanguage\":\"fr-FR\",\"@id\":\"https:\\\/\\\/www.sebastien-auziere.fr\\\/blog\\\/#\\\/schema\\\/logo\\\/image\\\/\",\"url\":\"https:\\\/\\\/www.sebastien-auziere.fr\\\/blog\\\/wp-content\\\/uploads\\\/2026\\\/03\\\/cropped-cropped-cropped-ChatGPT-Image-6-mars-2026-12_58_09-e1772798376794.jpg\",\"contentUrl\":\"https:\\\/\\\/www.sebastien-auziere.fr\\\/blog\\\/wp-content\\\/uploads\\\/2026\\\/03\\\/cropped-cropped-cropped-ChatGPT-Image-6-mars-2026-12_58_09-e1772798376794.jpg\",\"width\":512,\"height\":360,\"caption\":\"Fan site S\u00e9bastien Auzi\u00e8re\"},\"image\":{\"@id\":\"https:\\\/\\\/www.sebastien-auziere.fr\\\/blog\\\/#\\\/schema\\\/logo\\\/image\\\/\"}},{\"@type\":\"Person\",\"@id\":\"https:\\\/\\\/www.sebastien-auziere.fr\\\/blog\\\/#\\\/schema\\\/person\\\/149f1acdbfd85149c6c3e59adeae2f4d\",\"name\":\"Chloe Gauthier\",\"image\":{\"@type\":\"ImageObject\",\"inLanguage\":\"fr-FR\",\"@id\":\"https:\\\/\\\/secure.gravatar.com\\\/avatar\\\/2c5722f58171cff738a8985ef0dd66b476e563753246a49019befc837ec4201a?s=96&d=mm&r=g\",\"url\":\"https:\\\/\\\/secure.gravatar.com\\\/avatar\\\/2c5722f58171cff738a8985ef0dd66b476e563753246a49019befc837ec4201a?s=96&d=mm&r=g\",\"contentUrl\":\"https:\\\/\\\/secure.gravatar.com\\\/avatar\\\/2c5722f58171cff738a8985ef0dd66b476e563753246a49019befc837ec4201a?s=96&d=mm&r=g\",\"caption\":\"Chloe Gauthier\"},\"description\":\"Passionn\u00e9e par la politique et admiratrice engag\u00e9e de la famille Macron, je consacre mon \u00e9nergie \u00e0 suivre leurs initiatives et \u00e0 promouvoir leurs id\u00e9es. \u00c0 32 ans, je suis convaincue que leur vision est porteuse d'avenir.\",\"url\":\"https:\\\/\\\/www.sebastien-auziere.fr\\\/blog\\\/author\\\/chloe-gauthier\\\/\"}]}<\/script>\n<!-- \/ Yoast SEO plugin. -->","yoast_head_json":{"title":"Brigitte Macron beeindruckend \u00fcber 70 Jahre alt: wie man diesen trendigen Haarschnitt ohne Fauxpas annimmt - Fan site S\u00e9bastien Auzi\u00e8re","description":"D\u00e9couvrez comment adopter la coiffure tendance de Brigitte Macron \u00e0 plus de 70 ans pour un look sublime et sans faux pas. Conseils faciles et \u00e9l\u00e9gants.","robots":{"index":"index","follow":"follow","max-snippet":"max-snippet:-1","max-image-preview":"max-image-preview:large","max-video-preview":"max-video-preview:-1"},"canonical":"https:\/\/www.sebastien-auziere.fr\/blog\/de\/brigitte-macron-beeindruckend-uber-70-jahre-alt-wie-man-diesen-trendigen-haarschnitt-ohne-fauxpas-annimmt\/","og_locale":"fr_FR","og_type":"article","og_title":"Brigitte Macron beeindruckend \u00fcber 70 Jahre alt: wie man diesen trendigen Haarschnitt ohne Fauxpas annimmt - Fan site S\u00e9bastien Auzi\u00e8re","og_description":"D\u00e9couvrez comment adopter la coiffure tendance de Brigitte Macron \u00e0 plus de 70 ans pour un look sublime et sans faux pas. Conseils faciles et \u00e9l\u00e9gants.","og_url":"https:\/\/www.sebastien-auziere.fr\/blog\/de\/brigitte-macron-beeindruckend-uber-70-jahre-alt-wie-man-diesen-trendigen-haarschnitt-ohne-fauxpas-annimmt\/","og_site_name":"Fan site S\u00e9bastien Auzi\u00e8re","article_published_time":"2026-04-22T08:15:53+00:00","article_modified_time":"2026-04-22T08:16:13+00:00","og_image":[{"width":2560,"height":1429,"url":"https:\/\/www.sebastien-auziere.fr\/blog\/wp-content\/uploads\/2026\/04\/Brigitte-Macron-sublime-a-plus-de-70-ans-comment-adopter-cette-coiffure-tendance-sans-faux-pas.jpg","type":"image\/jpeg"}],"author":"Chloe Gauthier","twitter_card":"summary_large_image","twitter_misc":{"\u00c9crit par":"Chloe Gauthier","Dur\u00e9e de lecture estim\u00e9e":"3 minutes"},"schema":{"@context":"https:\/\/schema.org","@graph":[{"@type":"Article","@id":"https:\/\/www.sebastien-auziere.fr\/blog\/de\/brigitte-macron-beeindruckend-uber-70-jahre-alt-wie-man-diesen-trendigen-haarschnitt-ohne-fauxpas-annimmt\/#article","isPartOf":{"@id":"https:\/\/www.sebastien-auziere.fr\/blog\/de\/brigitte-macron-beeindruckend-uber-70-jahre-alt-wie-man-diesen-trendigen-haarschnitt-ohne-fauxpas-annimmt\/"},"author":{"name":"Chloe Gauthier","@id":"https:\/\/www.sebastien-auziere.fr\/blog\/#\/schema\/person\/149f1acdbfd85149c6c3e59adeae2f4d"},"headline":"Brigitte Macron beeindruckend \u00fcber 70 Jahre alt: wie man diesen trendigen Haarschnitt ohne Fauxpas annimmt","datePublished":"2026-04-22T08:15:53+00:00","dateModified":"2026-04-22T08:16:13+00:00","mainEntityOfPage":{"@id":"https:\/\/www.sebastien-auziere.fr\/blog\/de\/brigitte-macron-beeindruckend-uber-70-jahre-alt-wie-man-diesen-trendigen-haarschnitt-ohne-fauxpas-annimmt\/"},"wordCount":514,"commentCount":0,"publisher":{"@id":"https:\/\/www.sebastien-auziere.fr\/blog\/#organization"},"image":{"@id":"https:\/\/www.sebastien-auziere.fr\/blog\/de\/brigitte-macron-beeindruckend-uber-70-jahre-alt-wie-man-diesen-trendigen-haarschnitt-ohne-fauxpas-annimmt\/#primaryimage"},"thumbnailUrl":"https:\/\/www.sebastien-auziere.fr\/blog\/wp-content\/uploads\/2026\/04\/Brigitte-Macron-sublime-a-plus-de-70-ans-comment-adopter-cette-coiffure-tendance-sans-faux-pas.jpg","keywords":["brigitte macron","coiffure trend","sch\u00f6ne Senioren","style nach 70 Jahren","tipps frisur"],"articleSection":["Aktuelles"],"inLanguage":"fr-FR","potentialAction":[{"@type":"CommentAction","name":"Comment","target":["https:\/\/www.sebastien-auziere.fr\/blog\/de\/brigitte-macron-beeindruckend-uber-70-jahre-alt-wie-man-diesen-trendigen-haarschnitt-ohne-fauxpas-annimmt\/#respond"]}]},{"@type":"WebPage","@id":"https:\/\/www.sebastien-auziere.fr\/blog\/de\/brigitte-macron-beeindruckend-uber-70-jahre-alt-wie-man-diesen-trendigen-haarschnitt-ohne-fauxpas-annimmt\/","url":"https:\/\/www.sebastien-auziere.fr\/blog\/de\/brigitte-macron-beeindruckend-uber-70-jahre-alt-wie-man-diesen-trendigen-haarschnitt-ohne-fauxpas-annimmt\/","name":"Brigitte Macron beeindruckend \u00fcber 70 Jahre alt: wie man diesen trendigen Haarschnitt ohne Fauxpas annimmt - Fan site S\u00e9bastien Auzi\u00e8re","isPartOf":{"@id":"https:\/\/www.sebastien-auziere.fr\/blog\/#website"},"primaryImageOfPage":{"@id":"https:\/\/www.sebastien-auziere.fr\/blog\/de\/brigitte-macron-beeindruckend-uber-70-jahre-alt-wie-man-diesen-trendigen-haarschnitt-ohne-fauxpas-annimmt\/#primaryimage"},"image":{"@id":"https:\/\/www.sebastien-auziere.fr\/blog\/de\/brigitte-macron-beeindruckend-uber-70-jahre-alt-wie-man-diesen-trendigen-haarschnitt-ohne-fauxpas-annimmt\/#primaryimage"},"thumbnailUrl":"https:\/\/www.sebastien-auziere.fr\/blog\/wp-content\/uploads\/2026\/04\/Brigitte-Macron-sublime-a-plus-de-70-ans-comment-adopter-cette-coiffure-tendance-sans-faux-pas.jpg","datePublished":"2026-04-22T08:15:53+00:00","dateModified":"2026-04-22T08:16:13+00:00","description":"D\u00e9couvrez comment adopter la coiffure tendance de Brigitte Macron \u00e0 plus de 70 ans pour un look sublime et sans faux pas. Conseils faciles et \u00e9l\u00e9gants.","breadcrumb":{"@id":"https:\/\/www.sebastien-auziere.fr\/blog\/de\/brigitte-macron-beeindruckend-uber-70-jahre-alt-wie-man-diesen-trendigen-haarschnitt-ohne-fauxpas-annimmt\/#breadcrumb"},"inLanguage":"fr-FR","potentialAction":[{"@type":"ReadAction","target":["https:\/\/www.sebastien-auziere.fr\/blog\/de\/brigitte-macron-beeindruckend-uber-70-jahre-alt-wie-man-diesen-trendigen-haarschnitt-ohne-fauxpas-annimmt\/"]}]},{"@type":"ImageObject","inLanguage":"fr-FR","@id":"https:\/\/www.sebastien-auziere.fr\/blog\/de\/brigitte-macron-beeindruckend-uber-70-jahre-alt-wie-man-diesen-trendigen-haarschnitt-ohne-fauxpas-annimmt\/#primaryimage","url":"https:\/\/www.sebastien-auziere.fr\/blog\/wp-content\/uploads\/2026\/04\/Brigitte-Macron-sublime-a-plus-de-70-ans-comment-adopter-cette-coiffure-tendance-sans-faux-pas.jpg","contentUrl":"https:\/\/www.sebastien-auziere.fr\/blog\/wp-content\/uploads\/2026\/04\/Brigitte-Macron-sublime-a-plus-de-70-ans-comment-adopter-cette-coiffure-tendance-sans-faux-pas.jpg","width":2560,"height":1429,"caption":"d\u00e9couvrez comment adopter la coiffure \u00e9l\u00e9gante et tendance de brigitte macron \u00e0 plus de 70 ans, pour un look sublime et sans faux pas."},{"@type":"BreadcrumbList","@id":"https:\/\/www.sebastien-auziere.fr\/blog\/de\/brigitte-macron-beeindruckend-uber-70-jahre-alt-wie-man-diesen-trendigen-haarschnitt-ohne-fauxpas-annimmt\/#breadcrumb","itemListElement":[{"@type":"ListItem","position":1,"name":"Home","item":"https:\/\/www.sebastien-auziere.fr\/blog\/"},{"@type":"ListItem","position":2,"name":"Brigitte Macron beeindruckend \u00fcber 70 Jahre alt: wie man diesen trendigen Haarschnitt ohne Fauxpas annimmt"}]},{"@type":"WebSite","@id":"https:\/\/www.sebastien-auziere.fr\/blog\/#website","url":"https:\/\/www.sebastien-auziere.fr\/blog\/","name":"Fan site S\u00e9bastien Auzi\u00e8re","description":"M\u00e9dia g\u00e9n\u00e9raliste","publisher":{"@id":"https:\/\/www.sebastien-auziere.fr\/blog\/#organization"},"potentialAction":[{"@type":"SearchAction","target":{"@type":"EntryPoint","urlTemplate":"https:\/\/www.sebastien-auziere.fr\/blog\/?s={search_term_string}"},"query-input":{"@type":"PropertyValueSpecification","valueRequired":true,"valueName":"search_term_string"}}],"inLanguage":"fr-FR"},{"@type":"Organization","@id":"https:\/\/www.sebastien-auziere.fr\/blog\/#organization","name":"Fan site S\u00e9bastien Auzi\u00e8re","url":"https:\/\/www.sebastien-auziere.fr\/blog\/","logo":{"@type":"ImageObject","inLanguage":"fr-FR","@id":"https:\/\/www.sebastien-auziere.fr\/blog\/#\/schema\/logo\/image\/","url":"https:\/\/www.sebastien-auziere.fr\/blog\/wp-content\/uploads\/2026\/03\/cropped-cropped-cropped-ChatGPT-Image-6-mars-2026-12_58_09-e1772798376794.jpg","contentUrl":"https:\/\/www.sebastien-auziere.fr\/blog\/wp-content\/uploads\/2026\/03\/cropped-cropped-cropped-ChatGPT-Image-6-mars-2026-12_58_09-e1772798376794.jpg","width":512,"height":360,"caption":"Fan site S\u00e9bastien Auzi\u00e8re"},"image":{"@id":"https:\/\/www.sebastien-auziere.fr\/blog\/#\/schema\/logo\/image\/"}},{"@type":"Person","@id":"https:\/\/www.sebastien-auziere.fr\/blog\/#\/schema\/person\/149f1acdbfd85149c6c3e59adeae2f4d","name":"Chloe Gauthier","image":{"@type":"ImageObject","inLanguage":"fr-FR","@id":"https:\/\/secure.gravatar.com\/avatar\/2c5722f58171cff738a8985ef0dd66b476e563753246a49019befc837ec4201a?s=96&d=mm&r=g","url":"https:\/\/secure.gravatar.com\/avatar\/2c5722f58171cff738a8985ef0dd66b476e563753246a49019befc837ec4201a?s=96&d=mm&r=g","contentUrl":"https:\/\/secure.gravatar.com\/avatar\/2c5722f58171cff738a8985ef0dd66b476e563753246a49019befc837ec4201a?s=96&d=mm&r=g","caption":"Chloe Gauthier"},"description":"Passionn\u00e9e par la politique et admiratrice engag\u00e9e de la famille Macron, je consacre mon \u00e9nergie \u00e0 suivre leurs initiatives et \u00e0 promouvoir leurs id\u00e9es. \u00c0 32 ans, je suis convaincue que leur vision est porteuse d'avenir.","url":"https:\/\/www.sebastien-auziere.fr\/blog\/author\/chloe-gauthier\/"}]}},"views":1,"_links":{"self":[{"href":"https:\/\/www.sebastien-auziere.fr\/blog\/wp-json\/wp\/v2\/posts\/3234","targetHints":{"allow":["GET"]}}],"collection":[{"href":"https:\/\/www.sebastien-auziere.fr\/blog\/wp-json\/wp\/v2\/posts"}],"about":[{"href":"https:\/\/www.sebastien-auziere.fr\/blog\/wp-json\/wp\/v2\/types\/post"}],"author":[{"embeddable":true,"href":"https:\/\/www.sebastien-auziere.fr\/blog\/wp-json\/wp\/v2\/users\/9"}],"replies":[{"embeddable":true,"href":"https:\/\/www.sebastien-auziere.fr\/blog\/wp-json\/wp\/v2\/comments?post=3234"}],"version-history":[{"count":1,"href":"https:\/\/www.sebastien-auziere.fr\/blog\/wp-json\/wp\/v2\/posts\/3234\/revisions"}],"predecessor-version":[{"id":3235,"href":"https:\/\/www.sebastien-auziere.fr\/blog\/wp-json\/wp\/v2\/posts\/3234\/revisions\/3235"}],"wp:featuredmedia":[{"embeddable":true,"href":"https:\/\/www.sebastien-auziere.fr\/blog\/wp-json\/wp\/v2\/media\/3228"}],"wp:attachment":[{"href":"https:\/\/www.sebastien-auziere.fr\/blog\/wp-json\/wp\/v2\/media?parent=3234"}],"wp:term":[{"taxonomy":"category","embeddable":true,"href":"https:\/\/www.sebastien-auziere.fr\/blog\/wp-json\/wp\/v2\/categories?post=3234"},{"taxonomy":"post_tag","embeddable":true,"href":"https:\/\/www.sebastien-auziere.fr\/blog\/wp-json\/wp\/v2\/tags?post=3234"}],"curies":[{"name":"wp","href":"https:\/\/api.w.org\/{rel}","templated":true}]}}