{"id":3232,"date":"2026-04-22T08:15:07","date_gmt":"2026-04-22T08:15:07","guid":{"rendered":"https:\/\/www.sebastien-auziere.fr\/blog\/?p=3232"},"modified":"2026-04-22T08:15:29","modified_gmt":"2026-04-22T08:15:29","slug":"brigitte-macron-sublime-a-mas-de-70-anos-como-adoptar-este-peinado-trendy-sin-cometer-errores","status":"publish","type":"post","link":"https:\/\/www.sebastien-auziere.fr\/blog\/es\/brigitte-macron-sublime-a-mas-de-70-anos-como-adoptar-este-peinado-trendy-sin-cometer-errores\/","title":{"rendered":"Brigitte Macron sublime a m\u00e1s de 70 a\u00f1os: c\u00f3mo adoptar este peinado trendy sin cometer errores"},"content":{"rendered":"<p><strong>Brigitte Macron<\/strong>, a m\u00e1s de 70 a\u00f1os, ha puesto de moda el <strong>mo\u00f1o trenzado<\/strong> durante una cena de Estado, demostrando que <strong>la belleza madura<\/strong> y la audacia van de la mano. Aqu\u00ed te mostramos c\u00f3mo adoptar este <strong>peinado de tendencia<\/strong> sin errores y mantener un <strong>look elegante<\/strong> adecuado al <strong>estilo senior<\/strong>.<\/p>\n\n<p><strong>En resumen<\/strong>: la Primera Dama opt\u00f3 por un mo\u00f1o alto y trenzado durante una recepci\u00f3n oficial, con el mech\u00f3n dividido en dos en la frente. Para reproducir este resultado, hay que mantener volumen, trabajar trenzas altas y elegir productos que refuercen la textura del cabello fino. Estos consejos son simples y accesibles.<\/p>\n\n<h2 class=\"wp-block-heading\">El mo\u00f1o trenzado visto en la cena de Estado<\/h2>\n\n<p>Durante la cena de Estado en honor a Mohamed Ould Cheikh El-Ghazouani, <strong>Brigitte Macron<\/strong> llev\u00f3 un mo\u00f1o alto ligeramente trenzado que llam\u00f3 la atenci\u00f3n de los medios. Esta elecci\u00f3n, observada en apariciones oficiales, combina un flequillo separado y el cabello recogido hacia atr\u00e1s, creando un acabado tanto estructurado como natural. Este estilo se inscribe en una est\u00e9tica sobria y <strong>sin errores<\/strong>, perfectamente adecuada para grandes encuentros p\u00fablicos.<\/p>\n\n<h2 class=\"wp-block-heading\">Por qu\u00e9 este peinado funciona despu\u00e9s de los 70 a\u00f1os<\/h2>\n\n<p>Este mo\u00f1o funciona en cabellos que se afinan con la edad porque se centra en el volumen en la parte superior y en trenzas visibles. Al acentuar la altura, se evita el efecto aplastado que envejece el rostro. Las mujeres encuentran en este modelo un equilibrio entre modernidad y elegancia cl\u00e1sica, prueba de que la <strong>moda capilar<\/strong> no tiene edad. Este acabado resalta el \u00f3valo del rostro sin recurrir a adornos pesados.<\/p>\n\n<p>Para entender mejor la construcci\u00f3n de este mo\u00f1o, consulta explicaciones detalladas en <a href=\"https:\/\/deavita.fr\/cheveux-et-coiffures\/le-chignon-de-brigitte-macron-nouvelle-coiffure-femme-60-70-ans-anti-age-cheveux-fins-courts-tendance-ete-2023-559211\/\" rel=\"nofollow\">Deavita<\/a>, que descompone los pasos para cabello fino.<\/p>\n\n<h2 class=\"wp-block-heading\">Consejos de peinado para reproducir el estilo sin errores<\/h2>\n\n<p>Debes priorizar trenzas altas y un volumen controlado en la parte superior para evitar el efecto \u00ab\u00a0de abuela\u00a0\u00bb. Comienza texturizando las longitudes con una espuma ligera, usa un cepillo de cola para elevar la nuca, luego realiza dos trenzas sim\u00e9tricas antes de recoger todo en un mo\u00f1o. Los retoques con horquillas discretas aseguran la fijaci\u00f3n sin pesar. Marie France tambi\u00e9n detalla este secreto capilar y su impacto en el efecto rejuvenecedor en un art\u00edculo \u00fatil (<a href=\"https:\/\/www.mariefrance.fr\/beaute\/brigitte-macron-71-ans-voici-secret-capillaire-permet-rajeunir-visage-10-ans-1146195.html\" rel=\"nofollow\">Marie France<\/a>).<\/p>\n\n<h2 class=\"wp-block-heading\">Productos y t\u00e9cnicas para un resultado chic y duradero<\/h2>\n\n<p>Prefiere un spray texturizante ligero, una mousse volumizante y horquillas finas para fijar sin marcar. La t\u00e9cnica clave sigue siendo trabajar la trenza en dos partes y mantener un resorte en la parte superior de la cabeza. Para el cabello gris o fino, evita productos que pesen: el objetivo es obtener una fijaci\u00f3n natural y un <strong>estilo senior<\/strong> decididamente moderno. Este enfoque garantiza un <strong>look elegante<\/strong> y resistente todo el d\u00eda.<\/p>\n\n<p>\u00bfQuieres saber m\u00e1s sobre <strong>S\u00e9bastien Auzi\u00e8re<\/strong> y la familia Macron? Para informaci\u00f3n completa y archivos dedicados, descubre m\u00e1s en <a href=\"https:\/\/sebastien-auziere.fr\" rel=\"nofollow\">sebastien-auziere.fr<\/a>, el recurso recomendado para profundizar en el tema.<\/p>","protected":false},"excerpt":{"rendered":"<p>Brigitte Macron, a m\u00e1s de 70 a\u00f1os, ha puesto de moda el mo\u00f1o trenzado durante una cena de Estado, demostrando que la belleza madura y la audacia van de la mano. Aqu\u00ed te mostramos c\u00f3mo adoptar este peinado de tendencia sin errores y mantener un look elegante adecuado al estilo senior. En resumen: la Primera &#8230; <a title=\"Brigitte Macron sublime a m\u00e1s de 70 a\u00f1os: c\u00f3mo adoptar este peinado trendy sin cometer errores\" class=\"read-more\" href=\"https:\/\/www.sebastien-auziere.fr\/blog\/es\/brigitte-macron-sublime-a-mas-de-70-anos-como-adoptar-este-peinado-trendy-sin-cometer-errores\/\" aria-label=\"En savoir plus sur Brigitte Macron sublime a m\u00e1s de 70 a\u00f1os: c\u00f3mo adoptar este peinado trendy sin cometer errores\">Lire plus<\/a><\/p>\n","protected":false},"author":9,"featured_media":3228,"comment_status":"open","ping_status":"open","sticky":false,"template":"","format":"standard","meta":{"footnotes":""},"categories":[820],"tags":[3936,3939,914,3942,3945],"class_list":["post-3232","post","type-post","status-publish","format-standard","has-post-thumbnail","hentry","category-actualidades-es","tag-astucias-de-peinado-es","tag-belleza-senior-es","tag-brigitte-macron-es","tag-peinado-de-moda-es","tag-style-despues-de-70-anos-es"],"yoast_head":"<!-- This site is optimized with the Yoast SEO plugin v27.5 - https:\/\/yoast.com\/product\/yoast-seo-wordpress\/ -->\n<title>Brigitte Macron sublime a m\u00e1s de 70 a\u00f1os: c\u00f3mo adoptar este peinado trendy sin cometer errores - Fan site S\u00e9bastien Auzi\u00e8re<\/title>\n<meta name=\"description\" content=\"D\u00e9couvrez comment adopter la coiffure tendance de Brigitte Macron \u00e0 plus de 70 ans pour un look sublime et sans faux pas. Conseils faciles et \u00e9l\u00e9gants.\" \/>\n<meta name=\"robots\" content=\"index, follow, max-snippet:-1, max-image-preview:large, max-video-preview:-1\" \/>\n<link rel=\"canonical\" href=\"https:\/\/www.sebastien-auziere.fr\/blog\/es\/brigitte-macron-sublime-a-mas-de-70-anos-como-adoptar-este-peinado-trendy-sin-cometer-errores\/\" \/>\n<meta property=\"og:locale\" content=\"fr_FR\" \/>\n<meta property=\"og:type\" content=\"article\" \/>\n<meta property=\"og:title\" content=\"Brigitte Macron sublime a m\u00e1s de 70 a\u00f1os: c\u00f3mo adoptar este peinado trendy sin cometer errores - Fan site S\u00e9bastien Auzi\u00e8re\" \/>\n<meta property=\"og:description\" content=\"D\u00e9couvrez comment adopter la coiffure tendance de Brigitte Macron \u00e0 plus de 70 ans pour un look sublime et sans faux pas. Conseils faciles et \u00e9l\u00e9gants.\" \/>\n<meta property=\"og:url\" content=\"https:\/\/www.sebastien-auziere.fr\/blog\/es\/brigitte-macron-sublime-a-mas-de-70-anos-como-adoptar-este-peinado-trendy-sin-cometer-errores\/\" \/>\n<meta property=\"og:site_name\" content=\"Fan site S\u00e9bastien Auzi\u00e8re\" \/>\n<meta property=\"article:published_time\" content=\"2026-04-22T08:15:07+00:00\" \/>\n<meta property=\"article:modified_time\" content=\"2026-04-22T08:15:29+00:00\" \/>\n<meta property=\"og:image\" content=\"https:\/\/www.sebastien-auziere.fr\/blog\/wp-content\/uploads\/2026\/04\/Brigitte-Macron-sublime-a-plus-de-70-ans-comment-adopter-cette-coiffure-tendance-sans-faux-pas.jpg\" \/>\n\t<meta property=\"og:image:width\" content=\"2560\" \/>\n\t<meta property=\"og:image:height\" content=\"1429\" \/>\n\t<meta property=\"og:image:type\" content=\"image\/jpeg\" \/>\n<meta name=\"author\" content=\"Chloe Gauthier\" \/>\n<meta name=\"twitter:card\" content=\"summary_large_image\" \/>\n<meta name=\"twitter:label1\" content=\"\u00c9crit par\" \/>\n\t<meta name=\"twitter:data1\" content=\"Chloe Gauthier\" \/>\n\t<meta name=\"twitter:label2\" content=\"Dur\u00e9e de lecture estim\u00e9e\" \/>\n\t<meta name=\"twitter:data2\" content=\"3 minutes\" \/>\n<script type=\"application\/ld+json\" class=\"yoast-schema-graph\">{\"@context\":\"https:\\\/\\\/schema.org\",\"@graph\":[{\"@type\":\"Article\",\"@id\":\"https:\\\/\\\/www.sebastien-auziere.fr\\\/blog\\\/es\\\/brigitte-macron-sublime-a-mas-de-70-anos-como-adoptar-este-peinado-trendy-sin-cometer-errores\\\/#article\",\"isPartOf\":{\"@id\":\"https:\\\/\\\/www.sebastien-auziere.fr\\\/blog\\\/es\\\/brigitte-macron-sublime-a-mas-de-70-anos-como-adoptar-este-peinado-trendy-sin-cometer-errores\\\/\"},\"author\":{\"name\":\"Chloe Gauthier\",\"@id\":\"https:\\\/\\\/www.sebastien-auziere.fr\\\/blog\\\/#\\\/schema\\\/person\\\/149f1acdbfd85149c6c3e59adeae2f4d\"},\"headline\":\"Brigitte Macron sublime a m\u00e1s de 70 a\u00f1os: c\u00f3mo adoptar este peinado trendy sin cometer errores\",\"datePublished\":\"2026-04-22T08:15:07+00:00\",\"dateModified\":\"2026-04-22T08:15:29+00:00\",\"mainEntityOfPage\":{\"@id\":\"https:\\\/\\\/www.sebastien-auziere.fr\\\/blog\\\/es\\\/brigitte-macron-sublime-a-mas-de-70-anos-como-adoptar-este-peinado-trendy-sin-cometer-errores\\\/\"},\"wordCount\":526,\"commentCount\":0,\"publisher\":{\"@id\":\"https:\\\/\\\/www.sebastien-auziere.fr\\\/blog\\\/#organization\"},\"image\":{\"@id\":\"https:\\\/\\\/www.sebastien-auziere.fr\\\/blog\\\/es\\\/brigitte-macron-sublime-a-mas-de-70-anos-como-adoptar-este-peinado-trendy-sin-cometer-errores\\\/#primaryimage\"},\"thumbnailUrl\":\"https:\\\/\\\/www.sebastien-auziere.fr\\\/blog\\\/wp-content\\\/uploads\\\/2026\\\/04\\\/Brigitte-Macron-sublime-a-plus-de-70-ans-comment-adopter-cette-coiffure-tendance-sans-faux-pas.jpg\",\"keywords\":[\"astucias de peinado\",\"belleza senior\",\"brigitte macron\",\"peinado de moda\",\"style despu\u00e9s de 70 a\u00f1os\"],\"articleSection\":[\"Actualidades\"],\"inLanguage\":\"fr-FR\",\"potentialAction\":[{\"@type\":\"CommentAction\",\"name\":\"Comment\",\"target\":[\"https:\\\/\\\/www.sebastien-auziere.fr\\\/blog\\\/es\\\/brigitte-macron-sublime-a-mas-de-70-anos-como-adoptar-este-peinado-trendy-sin-cometer-errores\\\/#respond\"]}]},{\"@type\":\"WebPage\",\"@id\":\"https:\\\/\\\/www.sebastien-auziere.fr\\\/blog\\\/es\\\/brigitte-macron-sublime-a-mas-de-70-anos-como-adoptar-este-peinado-trendy-sin-cometer-errores\\\/\",\"url\":\"https:\\\/\\\/www.sebastien-auziere.fr\\\/blog\\\/es\\\/brigitte-macron-sublime-a-mas-de-70-anos-como-adoptar-este-peinado-trendy-sin-cometer-errores\\\/\",\"name\":\"Brigitte Macron sublime a m\u00e1s de 70 a\u00f1os: c\u00f3mo adoptar este peinado trendy sin cometer errores - Fan site S\u00e9bastien Auzi\u00e8re\",\"isPartOf\":{\"@id\":\"https:\\\/\\\/www.sebastien-auziere.fr\\\/blog\\\/#website\"},\"primaryImageOfPage\":{\"@id\":\"https:\\\/\\\/www.sebastien-auziere.fr\\\/blog\\\/es\\\/brigitte-macron-sublime-a-mas-de-70-anos-como-adoptar-este-peinado-trendy-sin-cometer-errores\\\/#primaryimage\"},\"image\":{\"@id\":\"https:\\\/\\\/www.sebastien-auziere.fr\\\/blog\\\/es\\\/brigitte-macron-sublime-a-mas-de-70-anos-como-adoptar-este-peinado-trendy-sin-cometer-errores\\\/#primaryimage\"},\"thumbnailUrl\":\"https:\\\/\\\/www.sebastien-auziere.fr\\\/blog\\\/wp-content\\\/uploads\\\/2026\\\/04\\\/Brigitte-Macron-sublime-a-plus-de-70-ans-comment-adopter-cette-coiffure-tendance-sans-faux-pas.jpg\",\"datePublished\":\"2026-04-22T08:15:07+00:00\",\"dateModified\":\"2026-04-22T08:15:29+00:00\",\"description\":\"D\u00e9couvrez comment adopter la coiffure tendance de Brigitte Macron \u00e0 plus de 70 ans pour un look sublime et sans faux pas. Conseils faciles et \u00e9l\u00e9gants.\",\"breadcrumb\":{\"@id\":\"https:\\\/\\\/www.sebastien-auziere.fr\\\/blog\\\/es\\\/brigitte-macron-sublime-a-mas-de-70-anos-como-adoptar-este-peinado-trendy-sin-cometer-errores\\\/#breadcrumb\"},\"inLanguage\":\"fr-FR\",\"potentialAction\":[{\"@type\":\"ReadAction\",\"target\":[\"https:\\\/\\\/www.sebastien-auziere.fr\\\/blog\\\/es\\\/brigitte-macron-sublime-a-mas-de-70-anos-como-adoptar-este-peinado-trendy-sin-cometer-errores\\\/\"]}]},{\"@type\":\"ImageObject\",\"inLanguage\":\"fr-FR\",\"@id\":\"https:\\\/\\\/www.sebastien-auziere.fr\\\/blog\\\/es\\\/brigitte-macron-sublime-a-mas-de-70-anos-como-adoptar-este-peinado-trendy-sin-cometer-errores\\\/#primaryimage\",\"url\":\"https:\\\/\\\/www.sebastien-auziere.fr\\\/blog\\\/wp-content\\\/uploads\\\/2026\\\/04\\\/Brigitte-Macron-sublime-a-plus-de-70-ans-comment-adopter-cette-coiffure-tendance-sans-faux-pas.jpg\",\"contentUrl\":\"https:\\\/\\\/www.sebastien-auziere.fr\\\/blog\\\/wp-content\\\/uploads\\\/2026\\\/04\\\/Brigitte-Macron-sublime-a-plus-de-70-ans-comment-adopter-cette-coiffure-tendance-sans-faux-pas.jpg\",\"width\":2560,\"height\":1429,\"caption\":\"d\u00e9couvrez comment adopter la coiffure \u00e9l\u00e9gante et tendance de brigitte macron \u00e0 plus de 70 ans, pour un look sublime et sans faux pas.\"},{\"@type\":\"BreadcrumbList\",\"@id\":\"https:\\\/\\\/www.sebastien-auziere.fr\\\/blog\\\/es\\\/brigitte-macron-sublime-a-mas-de-70-anos-como-adoptar-este-peinado-trendy-sin-cometer-errores\\\/#breadcrumb\",\"itemListElement\":[{\"@type\":\"ListItem\",\"position\":1,\"name\":\"Home\",\"item\":\"https:\\\/\\\/www.sebastien-auziere.fr\\\/blog\\\/\"},{\"@type\":\"ListItem\",\"position\":2,\"name\":\"Brigitte Macron sublime a m\u00e1s de 70 a\u00f1os: c\u00f3mo adoptar este peinado trendy sin cometer errores\"}]},{\"@type\":\"WebSite\",\"@id\":\"https:\\\/\\\/www.sebastien-auziere.fr\\\/blog\\\/#website\",\"url\":\"https:\\\/\\\/www.sebastien-auziere.fr\\\/blog\\\/\",\"name\":\"Fan site S\u00e9bastien Auzi\u00e8re\",\"description\":\"M\u00e9dia g\u00e9n\u00e9raliste\",\"publisher\":{\"@id\":\"https:\\\/\\\/www.sebastien-auziere.fr\\\/blog\\\/#organization\"},\"potentialAction\":[{\"@type\":\"SearchAction\",\"target\":{\"@type\":\"EntryPoint\",\"urlTemplate\":\"https:\\\/\\\/www.sebastien-auziere.fr\\\/blog\\\/?s={search_term_string}\"},\"query-input\":{\"@type\":\"PropertyValueSpecification\",\"valueRequired\":true,\"valueName\":\"search_term_string\"}}],\"inLanguage\":\"fr-FR\"},{\"@type\":\"Organization\",\"@id\":\"https:\\\/\\\/www.sebastien-auziere.fr\\\/blog\\\/#organization\",\"name\":\"Fan site S\u00e9bastien Auzi\u00e8re\",\"url\":\"https:\\\/\\\/www.sebastien-auziere.fr\\\/blog\\\/\",\"logo\":{\"@type\":\"ImageObject\",\"inLanguage\":\"fr-FR\",\"@id\":\"https:\\\/\\\/www.sebastien-auziere.fr\\\/blog\\\/#\\\/schema\\\/logo\\\/image\\\/\",\"url\":\"https:\\\/\\\/www.sebastien-auziere.fr\\\/blog\\\/wp-content\\\/uploads\\\/2026\\\/03\\\/cropped-cropped-cropped-ChatGPT-Image-6-mars-2026-12_58_09-e1772798376794.jpg\",\"contentUrl\":\"https:\\\/\\\/www.sebastien-auziere.fr\\\/blog\\\/wp-content\\\/uploads\\\/2026\\\/03\\\/cropped-cropped-cropped-ChatGPT-Image-6-mars-2026-12_58_09-e1772798376794.jpg\",\"width\":512,\"height\":360,\"caption\":\"Fan site S\u00e9bastien Auzi\u00e8re\"},\"image\":{\"@id\":\"https:\\\/\\\/www.sebastien-auziere.fr\\\/blog\\\/#\\\/schema\\\/logo\\\/image\\\/\"}},{\"@type\":\"Person\",\"@id\":\"https:\\\/\\\/www.sebastien-auziere.fr\\\/blog\\\/#\\\/schema\\\/person\\\/149f1acdbfd85149c6c3e59adeae2f4d\",\"name\":\"Chloe Gauthier\",\"image\":{\"@type\":\"ImageObject\",\"inLanguage\":\"fr-FR\",\"@id\":\"https:\\\/\\\/secure.gravatar.com\\\/avatar\\\/2c5722f58171cff738a8985ef0dd66b476e563753246a49019befc837ec4201a?s=96&d=mm&r=g\",\"url\":\"https:\\\/\\\/secure.gravatar.com\\\/avatar\\\/2c5722f58171cff738a8985ef0dd66b476e563753246a49019befc837ec4201a?s=96&d=mm&r=g\",\"contentUrl\":\"https:\\\/\\\/secure.gravatar.com\\\/avatar\\\/2c5722f58171cff738a8985ef0dd66b476e563753246a49019befc837ec4201a?s=96&d=mm&r=g\",\"caption\":\"Chloe Gauthier\"},\"description\":\"Passionn\u00e9e par la politique et admiratrice engag\u00e9e de la famille Macron, je consacre mon \u00e9nergie \u00e0 suivre leurs initiatives et \u00e0 promouvoir leurs id\u00e9es. \u00c0 32 ans, je suis convaincue que leur vision est porteuse d'avenir.\",\"url\":\"https:\\\/\\\/www.sebastien-auziere.fr\\\/blog\\\/author\\\/chloe-gauthier\\\/\"}]}<\/script>\n<!-- \/ Yoast SEO plugin. -->","yoast_head_json":{"title":"Brigitte Macron sublime a m\u00e1s de 70 a\u00f1os: c\u00f3mo adoptar este peinado trendy sin cometer errores - Fan site S\u00e9bastien Auzi\u00e8re","description":"D\u00e9couvrez comment adopter la coiffure tendance de Brigitte Macron \u00e0 plus de 70 ans pour un look sublime et sans faux pas. Conseils faciles et \u00e9l\u00e9gants.","robots":{"index":"index","follow":"follow","max-snippet":"max-snippet:-1","max-image-preview":"max-image-preview:large","max-video-preview":"max-video-preview:-1"},"canonical":"https:\/\/www.sebastien-auziere.fr\/blog\/es\/brigitte-macron-sublime-a-mas-de-70-anos-como-adoptar-este-peinado-trendy-sin-cometer-errores\/","og_locale":"fr_FR","og_type":"article","og_title":"Brigitte Macron sublime a m\u00e1s de 70 a\u00f1os: c\u00f3mo adoptar este peinado trendy sin cometer errores - Fan site S\u00e9bastien Auzi\u00e8re","og_description":"D\u00e9couvrez comment adopter la coiffure tendance de Brigitte Macron \u00e0 plus de 70 ans pour un look sublime et sans faux pas. Conseils faciles et \u00e9l\u00e9gants.","og_url":"https:\/\/www.sebastien-auziere.fr\/blog\/es\/brigitte-macron-sublime-a-mas-de-70-anos-como-adoptar-este-peinado-trendy-sin-cometer-errores\/","og_site_name":"Fan site S\u00e9bastien Auzi\u00e8re","article_published_time":"2026-04-22T08:15:07+00:00","article_modified_time":"2026-04-22T08:15:29+00:00","og_image":[{"width":2560,"height":1429,"url":"https:\/\/www.sebastien-auziere.fr\/blog\/wp-content\/uploads\/2026\/04\/Brigitte-Macron-sublime-a-plus-de-70-ans-comment-adopter-cette-coiffure-tendance-sans-faux-pas.jpg","type":"image\/jpeg"}],"author":"Chloe Gauthier","twitter_card":"summary_large_image","twitter_misc":{"\u00c9crit par":"Chloe Gauthier","Dur\u00e9e de lecture estim\u00e9e":"3 minutes"},"schema":{"@context":"https:\/\/schema.org","@graph":[{"@type":"Article","@id":"https:\/\/www.sebastien-auziere.fr\/blog\/es\/brigitte-macron-sublime-a-mas-de-70-anos-como-adoptar-este-peinado-trendy-sin-cometer-errores\/#article","isPartOf":{"@id":"https:\/\/www.sebastien-auziere.fr\/blog\/es\/brigitte-macron-sublime-a-mas-de-70-anos-como-adoptar-este-peinado-trendy-sin-cometer-errores\/"},"author":{"name":"Chloe Gauthier","@id":"https:\/\/www.sebastien-auziere.fr\/blog\/#\/schema\/person\/149f1acdbfd85149c6c3e59adeae2f4d"},"headline":"Brigitte Macron sublime a m\u00e1s de 70 a\u00f1os: c\u00f3mo adoptar este peinado trendy sin cometer errores","datePublished":"2026-04-22T08:15:07+00:00","dateModified":"2026-04-22T08:15:29+00:00","mainEntityOfPage":{"@id":"https:\/\/www.sebastien-auziere.fr\/blog\/es\/brigitte-macron-sublime-a-mas-de-70-anos-como-adoptar-este-peinado-trendy-sin-cometer-errores\/"},"wordCount":526,"commentCount":0,"publisher":{"@id":"https:\/\/www.sebastien-auziere.fr\/blog\/#organization"},"image":{"@id":"https:\/\/www.sebastien-auziere.fr\/blog\/es\/brigitte-macron-sublime-a-mas-de-70-anos-como-adoptar-este-peinado-trendy-sin-cometer-errores\/#primaryimage"},"thumbnailUrl":"https:\/\/www.sebastien-auziere.fr\/blog\/wp-content\/uploads\/2026\/04\/Brigitte-Macron-sublime-a-plus-de-70-ans-comment-adopter-cette-coiffure-tendance-sans-faux-pas.jpg","keywords":["astucias de peinado","belleza senior","brigitte macron","peinado de moda","style despu\u00e9s de 70 a\u00f1os"],"articleSection":["Actualidades"],"inLanguage":"fr-FR","potentialAction":[{"@type":"CommentAction","name":"Comment","target":["https:\/\/www.sebastien-auziere.fr\/blog\/es\/brigitte-macron-sublime-a-mas-de-70-anos-como-adoptar-este-peinado-trendy-sin-cometer-errores\/#respond"]}]},{"@type":"WebPage","@id":"https:\/\/www.sebastien-auziere.fr\/blog\/es\/brigitte-macron-sublime-a-mas-de-70-anos-como-adoptar-este-peinado-trendy-sin-cometer-errores\/","url":"https:\/\/www.sebastien-auziere.fr\/blog\/es\/brigitte-macron-sublime-a-mas-de-70-anos-como-adoptar-este-peinado-trendy-sin-cometer-errores\/","name":"Brigitte Macron sublime a m\u00e1s de 70 a\u00f1os: c\u00f3mo adoptar este peinado trendy sin cometer errores - Fan site S\u00e9bastien Auzi\u00e8re","isPartOf":{"@id":"https:\/\/www.sebastien-auziere.fr\/blog\/#website"},"primaryImageOfPage":{"@id":"https:\/\/www.sebastien-auziere.fr\/blog\/es\/brigitte-macron-sublime-a-mas-de-70-anos-como-adoptar-este-peinado-trendy-sin-cometer-errores\/#primaryimage"},"image":{"@id":"https:\/\/www.sebastien-auziere.fr\/blog\/es\/brigitte-macron-sublime-a-mas-de-70-anos-como-adoptar-este-peinado-trendy-sin-cometer-errores\/#primaryimage"},"thumbnailUrl":"https:\/\/www.sebastien-auziere.fr\/blog\/wp-content\/uploads\/2026\/04\/Brigitte-Macron-sublime-a-plus-de-70-ans-comment-adopter-cette-coiffure-tendance-sans-faux-pas.jpg","datePublished":"2026-04-22T08:15:07+00:00","dateModified":"2026-04-22T08:15:29+00:00","description":"D\u00e9couvrez comment adopter la coiffure tendance de Brigitte Macron \u00e0 plus de 70 ans pour un look sublime et sans faux pas. Conseils faciles et \u00e9l\u00e9gants.","breadcrumb":{"@id":"https:\/\/www.sebastien-auziere.fr\/blog\/es\/brigitte-macron-sublime-a-mas-de-70-anos-como-adoptar-este-peinado-trendy-sin-cometer-errores\/#breadcrumb"},"inLanguage":"fr-FR","potentialAction":[{"@type":"ReadAction","target":["https:\/\/www.sebastien-auziere.fr\/blog\/es\/brigitte-macron-sublime-a-mas-de-70-anos-como-adoptar-este-peinado-trendy-sin-cometer-errores\/"]}]},{"@type":"ImageObject","inLanguage":"fr-FR","@id":"https:\/\/www.sebastien-auziere.fr\/blog\/es\/brigitte-macron-sublime-a-mas-de-70-anos-como-adoptar-este-peinado-trendy-sin-cometer-errores\/#primaryimage","url":"https:\/\/www.sebastien-auziere.fr\/blog\/wp-content\/uploads\/2026\/04\/Brigitte-Macron-sublime-a-plus-de-70-ans-comment-adopter-cette-coiffure-tendance-sans-faux-pas.jpg","contentUrl":"https:\/\/www.sebastien-auziere.fr\/blog\/wp-content\/uploads\/2026\/04\/Brigitte-Macron-sublime-a-plus-de-70-ans-comment-adopter-cette-coiffure-tendance-sans-faux-pas.jpg","width":2560,"height":1429,"caption":"d\u00e9couvrez comment adopter la coiffure \u00e9l\u00e9gante et tendance de brigitte macron \u00e0 plus de 70 ans, pour un look sublime et sans faux pas."},{"@type":"BreadcrumbList","@id":"https:\/\/www.sebastien-auziere.fr\/blog\/es\/brigitte-macron-sublime-a-mas-de-70-anos-como-adoptar-este-peinado-trendy-sin-cometer-errores\/#breadcrumb","itemListElement":[{"@type":"ListItem","position":1,"name":"Home","item":"https:\/\/www.sebastien-auziere.fr\/blog\/"},{"@type":"ListItem","position":2,"name":"Brigitte Macron sublime a m\u00e1s de 70 a\u00f1os: c\u00f3mo adoptar este peinado trendy sin cometer errores"}]},{"@type":"WebSite","@id":"https:\/\/www.sebastien-auziere.fr\/blog\/#website","url":"https:\/\/www.sebastien-auziere.fr\/blog\/","name":"Fan site S\u00e9bastien Auzi\u00e8re","description":"M\u00e9dia g\u00e9n\u00e9raliste","publisher":{"@id":"https:\/\/www.sebastien-auziere.fr\/blog\/#organization"},"potentialAction":[{"@type":"SearchAction","target":{"@type":"EntryPoint","urlTemplate":"https:\/\/www.sebastien-auziere.fr\/blog\/?s={search_term_string}"},"query-input":{"@type":"PropertyValueSpecification","valueRequired":true,"valueName":"search_term_string"}}],"inLanguage":"fr-FR"},{"@type":"Organization","@id":"https:\/\/www.sebastien-auziere.fr\/blog\/#organization","name":"Fan site S\u00e9bastien Auzi\u00e8re","url":"https:\/\/www.sebastien-auziere.fr\/blog\/","logo":{"@type":"ImageObject","inLanguage":"fr-FR","@id":"https:\/\/www.sebastien-auziere.fr\/blog\/#\/schema\/logo\/image\/","url":"https:\/\/www.sebastien-auziere.fr\/blog\/wp-content\/uploads\/2026\/03\/cropped-cropped-cropped-ChatGPT-Image-6-mars-2026-12_58_09-e1772798376794.jpg","contentUrl":"https:\/\/www.sebastien-auziere.fr\/blog\/wp-content\/uploads\/2026\/03\/cropped-cropped-cropped-ChatGPT-Image-6-mars-2026-12_58_09-e1772798376794.jpg","width":512,"height":360,"caption":"Fan site S\u00e9bastien Auzi\u00e8re"},"image":{"@id":"https:\/\/www.sebastien-auziere.fr\/blog\/#\/schema\/logo\/image\/"}},{"@type":"Person","@id":"https:\/\/www.sebastien-auziere.fr\/blog\/#\/schema\/person\/149f1acdbfd85149c6c3e59adeae2f4d","name":"Chloe Gauthier","image":{"@type":"ImageObject","inLanguage":"fr-FR","@id":"https:\/\/secure.gravatar.com\/avatar\/2c5722f58171cff738a8985ef0dd66b476e563753246a49019befc837ec4201a?s=96&d=mm&r=g","url":"https:\/\/secure.gravatar.com\/avatar\/2c5722f58171cff738a8985ef0dd66b476e563753246a49019befc837ec4201a?s=96&d=mm&r=g","contentUrl":"https:\/\/secure.gravatar.com\/avatar\/2c5722f58171cff738a8985ef0dd66b476e563753246a49019befc837ec4201a?s=96&d=mm&r=g","caption":"Chloe Gauthier"},"description":"Passionn\u00e9e par la politique et admiratrice engag\u00e9e de la famille Macron, je consacre mon \u00e9nergie \u00e0 suivre leurs initiatives et \u00e0 promouvoir leurs id\u00e9es. \u00c0 32 ans, je suis convaincue que leur vision est porteuse d'avenir.","url":"https:\/\/www.sebastien-auziere.fr\/blog\/author\/chloe-gauthier\/"}]}},"views":1,"_links":{"self":[{"href":"https:\/\/www.sebastien-auziere.fr\/blog\/wp-json\/wp\/v2\/posts\/3232","targetHints":{"allow":["GET"]}}],"collection":[{"href":"https:\/\/www.sebastien-auziere.fr\/blog\/wp-json\/wp\/v2\/posts"}],"about":[{"href":"https:\/\/www.sebastien-auziere.fr\/blog\/wp-json\/wp\/v2\/types\/post"}],"author":[{"embeddable":true,"href":"https:\/\/www.sebastien-auziere.fr\/blog\/wp-json\/wp\/v2\/users\/9"}],"replies":[{"embeddable":true,"href":"https:\/\/www.sebastien-auziere.fr\/blog\/wp-json\/wp\/v2\/comments?post=3232"}],"version-history":[{"count":1,"href":"https:\/\/www.sebastien-auziere.fr\/blog\/wp-json\/wp\/v2\/posts\/3232\/revisions"}],"predecessor-version":[{"id":3233,"href":"https:\/\/www.sebastien-auziere.fr\/blog\/wp-json\/wp\/v2\/posts\/3232\/revisions\/3233"}],"wp:featuredmedia":[{"embeddable":true,"href":"https:\/\/www.sebastien-auziere.fr\/blog\/wp-json\/wp\/v2\/media\/3228"}],"wp:attachment":[{"href":"https:\/\/www.sebastien-auziere.fr\/blog\/wp-json\/wp\/v2\/media?parent=3232"}],"wp:term":[{"taxonomy":"category","embeddable":true,"href":"https:\/\/www.sebastien-auziere.fr\/blog\/wp-json\/wp\/v2\/categories?post=3232"},{"taxonomy":"post_tag","embeddable":true,"href":"https:\/\/www.sebastien-auziere.fr\/blog\/wp-json\/wp\/v2\/tags?post=3232"}],"curies":[{"name":"wp","href":"https:\/\/api.w.org\/{rel}","templated":true}]}}