{"id":3230,"date":"2026-04-22T08:14:41","date_gmt":"2026-04-22T08:14:41","guid":{"rendered":"https:\/\/www.sebastien-auziere.fr\/blog\/?p=3230"},"modified":"2026-04-22T08:15:07","modified_gmt":"2026-04-22T08:15:07","slug":"brigitte-macron-stunning-at-over-70-how-to-adopt-this-trendy-hairstyle-without-any-missteps","status":"publish","type":"post","link":"https:\/\/www.sebastien-auziere.fr\/blog\/en\/brigitte-macron-stunning-at-over-70-how-to-adopt-this-trendy-hairstyle-without-any-missteps\/","title":{"rendered":"Brigitte Macron stunning at over 70: how to adopt this trendy hairstyle without any missteps"},"content":{"rendered":"<p><strong>Brigitte Macron<\/strong>, over 70 years old, has made the <strong>twisted bun<\/strong> fashionable again at a state dinner, proving that <strong>mature beauty<\/strong> and boldness go hand in hand. Here\u2019s how to adopt this <strong>trendy hairstyle<\/strong> without a misstep and maintain an <strong>elegant look<\/strong> suited to <strong>senior style<\/strong>.<\/p>\n\n<p><strong>In brief<\/strong>: the First Lady opted for a high twisted bun during an official reception, with the fringe parted in two on her forehead. To recreate this result, it&rsquo;s essential to maintain volume, work on high twists, and choose products that enhance the texture of fine hair. These tips are simple and accessible.<\/p>\n\n<h2 class=\"wp-block-heading\">The twisted bun seen at the state dinner<\/h2>\n\n<p>At the state dinner in honor of Mohamed Ould Cheikh El-Ghazouani, <strong>Brigitte Macron<\/strong> wore a slightly twisted high bun that caught the media&rsquo;s attention. This choice, observed during official appearances, combines a parted fringe and hair swept back, creating a look that is both structured and natural. This style fits into a sober aesthetic and is <strong>foolproof<\/strong>, perfectly suited to major public engagements.<\/p>\n\n<h2 class=\"wp-block-heading\">Why this hairstyle works after 70<\/h2>\n\n<p>This bun works on hair that thins with age because it focuses on volume at the top and visible twists. By emphasizing height, you avoid the flat effect that ages the face. Women find in this style a balance between modernity and classic elegance, proving that <strong>hair fashion<\/strong> knows no age. This look highlights the oval of the face without resorting to heavy artifices.<\/p>\n\n<p>To better understand the construction of this bun, consult detailed explanations on <a href=\"https:\/\/deavita.fr\/cheveux-et-coiffures\/le-chignon-de-brigitte-macron-nouvelle-coiffure-femme-60-70-ans-anti-age-cheveux-fins-courts-tendance-ete-2023-559211\/\" rel=\"nofollow\">Deavita<\/a>, which breaks down the steps for fine hair.<\/p>\n\n<h2 class=\"wp-block-heading\">Hairstyling tips to recreate the style without a misstep<\/h2>\n\n<p>You should prioritize high twists and controlled volume at the top to avoid a \u00ab\u00a0granny\u00a0\u00bb effect. Start by texturizing the lengths with a light mousse, use a tail comb to lift the nape of the neck, then create two symmetrical twists before securing everything into a bun. Touch-ups with discreet pins ensure hold without weighing down the style. Marie France also details this hair secret and its impact on the youthful effect in a helpful article (<a href=\"https:\/\/www.mariefrance.fr\/beaute\/brigitte-macron-71-ans-voici-secret-capillaire-permet-rajeunir-visage-10-ans-1146195.html\" rel=\"nofollow\">Marie France<\/a>).<\/p>\n\n<h2 class=\"wp-block-heading\">Products and techniques for a chic and long-lasting result<\/h2>\n\n<p>Favor a light texturizing spray, a volumizing mousse, and fine pins to secure without marking. The key technique remains to work the twist in two parts and maintain spring on the top of the head. For gray or thinning hair, avoid heavy products: the goal is to achieve a natural hold and a decidedly modern <strong>senior style<\/strong>. This approach ensures an <strong>elegant look<\/strong> that lasts all day.<\/p>\n\n<p>Want to know more about <strong>S\u00e9bastien Auzi\u00e8re<\/strong> and the Macron family? For complete information and dedicated files, learn more at <a href=\"https:\/\/sebastien-auziere.fr\" rel=\"nofollow\">sebastien-auziere.fr<\/a>, the recommended resource to explore the topic further.<\/p>","protected":false},"excerpt":{"rendered":"<p>Brigitte Macron, over 70 years old, has made the twisted bun fashionable again at a state dinner, proving that mature beauty and boldness go hand in hand. Here\u2019s how to adopt this trendy hairstyle without a misstep and maintain an elegant look suited to senior style. In brief: the First Lady opted for a high &#8230; <a title=\"Brigitte Macron stunning at over 70: how to adopt this trendy hairstyle without any missteps\" class=\"read-more\" href=\"https:\/\/www.sebastien-auziere.fr\/blog\/en\/brigitte-macron-stunning-at-over-70-how-to-adopt-this-trendy-hairstyle-without-any-missteps\/\" aria-label=\"En savoir plus sur Brigitte Macron stunning at over 70: how to adopt this trendy hairstyle without any missteps\">Lire plus<\/a><\/p>\n","protected":false},"author":9,"featured_media":3228,"comment_status":"open","ping_status":"open","sticky":false,"template":"","format":"standard","meta":{"footnotes":""},"categories":[816],"tags":[3926,898,3929,3932,3923],"class_list":["post-3230","post","type-post","status-publish","format-standard","has-post-thumbnail","hentry","category-news","tag-beaute-senior-en","tag-brigitte-macron-en","tag-coiffure-trend-en","tag-style-after-70-years-en","tag-tips-hairdressing-en"],"yoast_head":"<!-- This site is optimized with the Yoast SEO plugin v27.5 - https:\/\/yoast.com\/product\/yoast-seo-wordpress\/ -->\n<title>Brigitte Macron stunning at over 70: how to adopt this trendy hairstyle without any missteps - Fan site S\u00e9bastien Auzi\u00e8re<\/title>\n<meta name=\"description\" content=\"D\u00e9couvrez comment adopter la coiffure tendance de Brigitte Macron \u00e0 plus de 70 ans pour un look sublime et sans faux pas. Conseils faciles et \u00e9l\u00e9gants.\" \/>\n<meta name=\"robots\" content=\"index, follow, max-snippet:-1, max-image-preview:large, max-video-preview:-1\" \/>\n<link rel=\"canonical\" href=\"https:\/\/www.sebastien-auziere.fr\/blog\/en\/brigitte-macron-stunning-at-over-70-how-to-adopt-this-trendy-hairstyle-without-any-missteps\/\" \/>\n<meta property=\"og:locale\" content=\"fr_FR\" \/>\n<meta property=\"og:type\" content=\"article\" \/>\n<meta property=\"og:title\" content=\"Brigitte Macron stunning at over 70: how to adopt this trendy hairstyle without any missteps - Fan site S\u00e9bastien Auzi\u00e8re\" \/>\n<meta property=\"og:description\" content=\"D\u00e9couvrez comment adopter la coiffure tendance de Brigitte Macron \u00e0 plus de 70 ans pour un look sublime et sans faux pas. Conseils faciles et \u00e9l\u00e9gants.\" \/>\n<meta property=\"og:url\" content=\"https:\/\/www.sebastien-auziere.fr\/blog\/en\/brigitte-macron-stunning-at-over-70-how-to-adopt-this-trendy-hairstyle-without-any-missteps\/\" \/>\n<meta property=\"og:site_name\" content=\"Fan site S\u00e9bastien Auzi\u00e8re\" \/>\n<meta property=\"article:published_time\" content=\"2026-04-22T08:14:41+00:00\" \/>\n<meta property=\"article:modified_time\" content=\"2026-04-22T08:15:07+00:00\" \/>\n<meta property=\"og:image\" content=\"https:\/\/www.sebastien-auziere.fr\/blog\/wp-content\/uploads\/2026\/04\/Brigitte-Macron-sublime-a-plus-de-70-ans-comment-adopter-cette-coiffure-tendance-sans-faux-pas.jpg\" \/>\n\t<meta property=\"og:image:width\" content=\"2560\" \/>\n\t<meta property=\"og:image:height\" content=\"1429\" \/>\n\t<meta property=\"og:image:type\" content=\"image\/jpeg\" \/>\n<meta name=\"author\" content=\"Chloe Gauthier\" \/>\n<meta name=\"twitter:card\" content=\"summary_large_image\" \/>\n<meta name=\"twitter:label1\" content=\"\u00c9crit par\" \/>\n\t<meta name=\"twitter:data1\" content=\"Chloe Gauthier\" \/>\n\t<meta name=\"twitter:label2\" content=\"Dur\u00e9e de lecture estim\u00e9e\" \/>\n\t<meta name=\"twitter:data2\" content=\"2 minutes\" \/>\n<script type=\"application\/ld+json\" class=\"yoast-schema-graph\">{\"@context\":\"https:\\\/\\\/schema.org\",\"@graph\":[{\"@type\":\"Article\",\"@id\":\"https:\\\/\\\/www.sebastien-auziere.fr\\\/blog\\\/en\\\/brigitte-macron-stunning-at-over-70-how-to-adopt-this-trendy-hairstyle-without-any-missteps\\\/#article\",\"isPartOf\":{\"@id\":\"https:\\\/\\\/www.sebastien-auziere.fr\\\/blog\\\/en\\\/brigitte-macron-stunning-at-over-70-how-to-adopt-this-trendy-hairstyle-without-any-missteps\\\/\"},\"author\":{\"name\":\"Chloe Gauthier\",\"@id\":\"https:\\\/\\\/www.sebastien-auziere.fr\\\/blog\\\/#\\\/schema\\\/person\\\/149f1acdbfd85149c6c3e59adeae2f4d\"},\"headline\":\"Brigitte Macron stunning at over 70: how to adopt this trendy hairstyle without any missteps\",\"datePublished\":\"2026-04-22T08:14:41+00:00\",\"dateModified\":\"2026-04-22T08:15:07+00:00\",\"mainEntityOfPage\":{\"@id\":\"https:\\\/\\\/www.sebastien-auziere.fr\\\/blog\\\/en\\\/brigitte-macron-stunning-at-over-70-how-to-adopt-this-trendy-hairstyle-without-any-missteps\\\/\"},\"wordCount\":469,\"commentCount\":0,\"publisher\":{\"@id\":\"https:\\\/\\\/www.sebastien-auziere.fr\\\/blog\\\/#organization\"},\"image\":{\"@id\":\"https:\\\/\\\/www.sebastien-auziere.fr\\\/blog\\\/en\\\/brigitte-macron-stunning-at-over-70-how-to-adopt-this-trendy-hairstyle-without-any-missteps\\\/#primaryimage\"},\"thumbnailUrl\":\"https:\\\/\\\/www.sebastien-auziere.fr\\\/blog\\\/wp-content\\\/uploads\\\/2026\\\/04\\\/Brigitte-Macron-sublime-a-plus-de-70-ans-comment-adopter-cette-coiffure-tendance-sans-faux-pas.jpg\",\"keywords\":[\"beaut\u00e9 senior\",\"brigitte macron\",\"coiffure trend\",\"style after 70 years\",\"tips hairdressing\"],\"articleSection\":[\"News\"],\"inLanguage\":\"fr-FR\",\"potentialAction\":[{\"@type\":\"CommentAction\",\"name\":\"Comment\",\"target\":[\"https:\\\/\\\/www.sebastien-auziere.fr\\\/blog\\\/en\\\/brigitte-macron-stunning-at-over-70-how-to-adopt-this-trendy-hairstyle-without-any-missteps\\\/#respond\"]}]},{\"@type\":\"WebPage\",\"@id\":\"https:\\\/\\\/www.sebastien-auziere.fr\\\/blog\\\/en\\\/brigitte-macron-stunning-at-over-70-how-to-adopt-this-trendy-hairstyle-without-any-missteps\\\/\",\"url\":\"https:\\\/\\\/www.sebastien-auziere.fr\\\/blog\\\/en\\\/brigitte-macron-stunning-at-over-70-how-to-adopt-this-trendy-hairstyle-without-any-missteps\\\/\",\"name\":\"Brigitte Macron stunning at over 70: how to adopt this trendy hairstyle without any missteps - Fan site S\u00e9bastien Auzi\u00e8re\",\"isPartOf\":{\"@id\":\"https:\\\/\\\/www.sebastien-auziere.fr\\\/blog\\\/#website\"},\"primaryImageOfPage\":{\"@id\":\"https:\\\/\\\/www.sebastien-auziere.fr\\\/blog\\\/en\\\/brigitte-macron-stunning-at-over-70-how-to-adopt-this-trendy-hairstyle-without-any-missteps\\\/#primaryimage\"},\"image\":{\"@id\":\"https:\\\/\\\/www.sebastien-auziere.fr\\\/blog\\\/en\\\/brigitte-macron-stunning-at-over-70-how-to-adopt-this-trendy-hairstyle-without-any-missteps\\\/#primaryimage\"},\"thumbnailUrl\":\"https:\\\/\\\/www.sebastien-auziere.fr\\\/blog\\\/wp-content\\\/uploads\\\/2026\\\/04\\\/Brigitte-Macron-sublime-a-plus-de-70-ans-comment-adopter-cette-coiffure-tendance-sans-faux-pas.jpg\",\"datePublished\":\"2026-04-22T08:14:41+00:00\",\"dateModified\":\"2026-04-22T08:15:07+00:00\",\"description\":\"D\u00e9couvrez comment adopter la coiffure tendance de Brigitte Macron \u00e0 plus de 70 ans pour un look sublime et sans faux pas. Conseils faciles et \u00e9l\u00e9gants.\",\"breadcrumb\":{\"@id\":\"https:\\\/\\\/www.sebastien-auziere.fr\\\/blog\\\/en\\\/brigitte-macron-stunning-at-over-70-how-to-adopt-this-trendy-hairstyle-without-any-missteps\\\/#breadcrumb\"},\"inLanguage\":\"fr-FR\",\"potentialAction\":[{\"@type\":\"ReadAction\",\"target\":[\"https:\\\/\\\/www.sebastien-auziere.fr\\\/blog\\\/en\\\/brigitte-macron-stunning-at-over-70-how-to-adopt-this-trendy-hairstyle-without-any-missteps\\\/\"]}]},{\"@type\":\"ImageObject\",\"inLanguage\":\"fr-FR\",\"@id\":\"https:\\\/\\\/www.sebastien-auziere.fr\\\/blog\\\/en\\\/brigitte-macron-stunning-at-over-70-how-to-adopt-this-trendy-hairstyle-without-any-missteps\\\/#primaryimage\",\"url\":\"https:\\\/\\\/www.sebastien-auziere.fr\\\/blog\\\/wp-content\\\/uploads\\\/2026\\\/04\\\/Brigitte-Macron-sublime-a-plus-de-70-ans-comment-adopter-cette-coiffure-tendance-sans-faux-pas.jpg\",\"contentUrl\":\"https:\\\/\\\/www.sebastien-auziere.fr\\\/blog\\\/wp-content\\\/uploads\\\/2026\\\/04\\\/Brigitte-Macron-sublime-a-plus-de-70-ans-comment-adopter-cette-coiffure-tendance-sans-faux-pas.jpg\",\"width\":2560,\"height\":1429,\"caption\":\"d\u00e9couvrez comment adopter la coiffure \u00e9l\u00e9gante et tendance de brigitte macron \u00e0 plus de 70 ans, pour un look sublime et sans faux pas.\"},{\"@type\":\"BreadcrumbList\",\"@id\":\"https:\\\/\\\/www.sebastien-auziere.fr\\\/blog\\\/en\\\/brigitte-macron-stunning-at-over-70-how-to-adopt-this-trendy-hairstyle-without-any-missteps\\\/#breadcrumb\",\"itemListElement\":[{\"@type\":\"ListItem\",\"position\":1,\"name\":\"Home\",\"item\":\"https:\\\/\\\/www.sebastien-auziere.fr\\\/blog\\\/\"},{\"@type\":\"ListItem\",\"position\":2,\"name\":\"Brigitte Macron stunning at over 70: how to adopt this trendy hairstyle without any missteps\"}]},{\"@type\":\"WebSite\",\"@id\":\"https:\\\/\\\/www.sebastien-auziere.fr\\\/blog\\\/#website\",\"url\":\"https:\\\/\\\/www.sebastien-auziere.fr\\\/blog\\\/\",\"name\":\"Fan site S\u00e9bastien Auzi\u00e8re\",\"description\":\"M\u00e9dia g\u00e9n\u00e9raliste\",\"publisher\":{\"@id\":\"https:\\\/\\\/www.sebastien-auziere.fr\\\/blog\\\/#organization\"},\"potentialAction\":[{\"@type\":\"SearchAction\",\"target\":{\"@type\":\"EntryPoint\",\"urlTemplate\":\"https:\\\/\\\/www.sebastien-auziere.fr\\\/blog\\\/?s={search_term_string}\"},\"query-input\":{\"@type\":\"PropertyValueSpecification\",\"valueRequired\":true,\"valueName\":\"search_term_string\"}}],\"inLanguage\":\"fr-FR\"},{\"@type\":\"Organization\",\"@id\":\"https:\\\/\\\/www.sebastien-auziere.fr\\\/blog\\\/#organization\",\"name\":\"Fan site S\u00e9bastien Auzi\u00e8re\",\"url\":\"https:\\\/\\\/www.sebastien-auziere.fr\\\/blog\\\/\",\"logo\":{\"@type\":\"ImageObject\",\"inLanguage\":\"fr-FR\",\"@id\":\"https:\\\/\\\/www.sebastien-auziere.fr\\\/blog\\\/#\\\/schema\\\/logo\\\/image\\\/\",\"url\":\"https:\\\/\\\/www.sebastien-auziere.fr\\\/blog\\\/wp-content\\\/uploads\\\/2026\\\/03\\\/cropped-cropped-cropped-ChatGPT-Image-6-mars-2026-12_58_09-e1772798376794.jpg\",\"contentUrl\":\"https:\\\/\\\/www.sebastien-auziere.fr\\\/blog\\\/wp-content\\\/uploads\\\/2026\\\/03\\\/cropped-cropped-cropped-ChatGPT-Image-6-mars-2026-12_58_09-e1772798376794.jpg\",\"width\":512,\"height\":360,\"caption\":\"Fan site S\u00e9bastien Auzi\u00e8re\"},\"image\":{\"@id\":\"https:\\\/\\\/www.sebastien-auziere.fr\\\/blog\\\/#\\\/schema\\\/logo\\\/image\\\/\"}},{\"@type\":\"Person\",\"@id\":\"https:\\\/\\\/www.sebastien-auziere.fr\\\/blog\\\/#\\\/schema\\\/person\\\/149f1acdbfd85149c6c3e59adeae2f4d\",\"name\":\"Chloe Gauthier\",\"image\":{\"@type\":\"ImageObject\",\"inLanguage\":\"fr-FR\",\"@id\":\"https:\\\/\\\/secure.gravatar.com\\\/avatar\\\/2c5722f58171cff738a8985ef0dd66b476e563753246a49019befc837ec4201a?s=96&d=mm&r=g\",\"url\":\"https:\\\/\\\/secure.gravatar.com\\\/avatar\\\/2c5722f58171cff738a8985ef0dd66b476e563753246a49019befc837ec4201a?s=96&d=mm&r=g\",\"contentUrl\":\"https:\\\/\\\/secure.gravatar.com\\\/avatar\\\/2c5722f58171cff738a8985ef0dd66b476e563753246a49019befc837ec4201a?s=96&d=mm&r=g\",\"caption\":\"Chloe Gauthier\"},\"description\":\"Passionn\u00e9e par la politique et admiratrice engag\u00e9e de la famille Macron, je consacre mon \u00e9nergie \u00e0 suivre leurs initiatives et \u00e0 promouvoir leurs id\u00e9es. \u00c0 32 ans, je suis convaincue que leur vision est porteuse d'avenir.\",\"url\":\"https:\\\/\\\/www.sebastien-auziere.fr\\\/blog\\\/author\\\/chloe-gauthier\\\/\"}]}<\/script>\n<!-- \/ Yoast SEO plugin. -->","yoast_head_json":{"title":"Brigitte Macron stunning at over 70: how to adopt this trendy hairstyle without any missteps - Fan site S\u00e9bastien Auzi\u00e8re","description":"D\u00e9couvrez comment adopter la coiffure tendance de Brigitte Macron \u00e0 plus de 70 ans pour un look sublime et sans faux pas. Conseils faciles et \u00e9l\u00e9gants.","robots":{"index":"index","follow":"follow","max-snippet":"max-snippet:-1","max-image-preview":"max-image-preview:large","max-video-preview":"max-video-preview:-1"},"canonical":"https:\/\/www.sebastien-auziere.fr\/blog\/en\/brigitte-macron-stunning-at-over-70-how-to-adopt-this-trendy-hairstyle-without-any-missteps\/","og_locale":"fr_FR","og_type":"article","og_title":"Brigitte Macron stunning at over 70: how to adopt this trendy hairstyle without any missteps - Fan site S\u00e9bastien Auzi\u00e8re","og_description":"D\u00e9couvrez comment adopter la coiffure tendance de Brigitte Macron \u00e0 plus de 70 ans pour un look sublime et sans faux pas. Conseils faciles et \u00e9l\u00e9gants.","og_url":"https:\/\/www.sebastien-auziere.fr\/blog\/en\/brigitte-macron-stunning-at-over-70-how-to-adopt-this-trendy-hairstyle-without-any-missteps\/","og_site_name":"Fan site S\u00e9bastien Auzi\u00e8re","article_published_time":"2026-04-22T08:14:41+00:00","article_modified_time":"2026-04-22T08:15:07+00:00","og_image":[{"width":2560,"height":1429,"url":"https:\/\/www.sebastien-auziere.fr\/blog\/wp-content\/uploads\/2026\/04\/Brigitte-Macron-sublime-a-plus-de-70-ans-comment-adopter-cette-coiffure-tendance-sans-faux-pas.jpg","type":"image\/jpeg"}],"author":"Chloe Gauthier","twitter_card":"summary_large_image","twitter_misc":{"\u00c9crit par":"Chloe Gauthier","Dur\u00e9e de lecture estim\u00e9e":"2 minutes"},"schema":{"@context":"https:\/\/schema.org","@graph":[{"@type":"Article","@id":"https:\/\/www.sebastien-auziere.fr\/blog\/en\/brigitte-macron-stunning-at-over-70-how-to-adopt-this-trendy-hairstyle-without-any-missteps\/#article","isPartOf":{"@id":"https:\/\/www.sebastien-auziere.fr\/blog\/en\/brigitte-macron-stunning-at-over-70-how-to-adopt-this-trendy-hairstyle-without-any-missteps\/"},"author":{"name":"Chloe Gauthier","@id":"https:\/\/www.sebastien-auziere.fr\/blog\/#\/schema\/person\/149f1acdbfd85149c6c3e59adeae2f4d"},"headline":"Brigitte Macron stunning at over 70: how to adopt this trendy hairstyle without any missteps","datePublished":"2026-04-22T08:14:41+00:00","dateModified":"2026-04-22T08:15:07+00:00","mainEntityOfPage":{"@id":"https:\/\/www.sebastien-auziere.fr\/blog\/en\/brigitte-macron-stunning-at-over-70-how-to-adopt-this-trendy-hairstyle-without-any-missteps\/"},"wordCount":469,"commentCount":0,"publisher":{"@id":"https:\/\/www.sebastien-auziere.fr\/blog\/#organization"},"image":{"@id":"https:\/\/www.sebastien-auziere.fr\/blog\/en\/brigitte-macron-stunning-at-over-70-how-to-adopt-this-trendy-hairstyle-without-any-missteps\/#primaryimage"},"thumbnailUrl":"https:\/\/www.sebastien-auziere.fr\/blog\/wp-content\/uploads\/2026\/04\/Brigitte-Macron-sublime-a-plus-de-70-ans-comment-adopter-cette-coiffure-tendance-sans-faux-pas.jpg","keywords":["beaut\u00e9 senior","brigitte macron","coiffure trend","style after 70 years","tips hairdressing"],"articleSection":["News"],"inLanguage":"fr-FR","potentialAction":[{"@type":"CommentAction","name":"Comment","target":["https:\/\/www.sebastien-auziere.fr\/blog\/en\/brigitte-macron-stunning-at-over-70-how-to-adopt-this-trendy-hairstyle-without-any-missteps\/#respond"]}]},{"@type":"WebPage","@id":"https:\/\/www.sebastien-auziere.fr\/blog\/en\/brigitte-macron-stunning-at-over-70-how-to-adopt-this-trendy-hairstyle-without-any-missteps\/","url":"https:\/\/www.sebastien-auziere.fr\/blog\/en\/brigitte-macron-stunning-at-over-70-how-to-adopt-this-trendy-hairstyle-without-any-missteps\/","name":"Brigitte Macron stunning at over 70: how to adopt this trendy hairstyle without any missteps - Fan site S\u00e9bastien Auzi\u00e8re","isPartOf":{"@id":"https:\/\/www.sebastien-auziere.fr\/blog\/#website"},"primaryImageOfPage":{"@id":"https:\/\/www.sebastien-auziere.fr\/blog\/en\/brigitte-macron-stunning-at-over-70-how-to-adopt-this-trendy-hairstyle-without-any-missteps\/#primaryimage"},"image":{"@id":"https:\/\/www.sebastien-auziere.fr\/blog\/en\/brigitte-macron-stunning-at-over-70-how-to-adopt-this-trendy-hairstyle-without-any-missteps\/#primaryimage"},"thumbnailUrl":"https:\/\/www.sebastien-auziere.fr\/blog\/wp-content\/uploads\/2026\/04\/Brigitte-Macron-sublime-a-plus-de-70-ans-comment-adopter-cette-coiffure-tendance-sans-faux-pas.jpg","datePublished":"2026-04-22T08:14:41+00:00","dateModified":"2026-04-22T08:15:07+00:00","description":"D\u00e9couvrez comment adopter la coiffure tendance de Brigitte Macron \u00e0 plus de 70 ans pour un look sublime et sans faux pas. Conseils faciles et \u00e9l\u00e9gants.","breadcrumb":{"@id":"https:\/\/www.sebastien-auziere.fr\/blog\/en\/brigitte-macron-stunning-at-over-70-how-to-adopt-this-trendy-hairstyle-without-any-missteps\/#breadcrumb"},"inLanguage":"fr-FR","potentialAction":[{"@type":"ReadAction","target":["https:\/\/www.sebastien-auziere.fr\/blog\/en\/brigitte-macron-stunning-at-over-70-how-to-adopt-this-trendy-hairstyle-without-any-missteps\/"]}]},{"@type":"ImageObject","inLanguage":"fr-FR","@id":"https:\/\/www.sebastien-auziere.fr\/blog\/en\/brigitte-macron-stunning-at-over-70-how-to-adopt-this-trendy-hairstyle-without-any-missteps\/#primaryimage","url":"https:\/\/www.sebastien-auziere.fr\/blog\/wp-content\/uploads\/2026\/04\/Brigitte-Macron-sublime-a-plus-de-70-ans-comment-adopter-cette-coiffure-tendance-sans-faux-pas.jpg","contentUrl":"https:\/\/www.sebastien-auziere.fr\/blog\/wp-content\/uploads\/2026\/04\/Brigitte-Macron-sublime-a-plus-de-70-ans-comment-adopter-cette-coiffure-tendance-sans-faux-pas.jpg","width":2560,"height":1429,"caption":"d\u00e9couvrez comment adopter la coiffure \u00e9l\u00e9gante et tendance de brigitte macron \u00e0 plus de 70 ans, pour un look sublime et sans faux pas."},{"@type":"BreadcrumbList","@id":"https:\/\/www.sebastien-auziere.fr\/blog\/en\/brigitte-macron-stunning-at-over-70-how-to-adopt-this-trendy-hairstyle-without-any-missteps\/#breadcrumb","itemListElement":[{"@type":"ListItem","position":1,"name":"Home","item":"https:\/\/www.sebastien-auziere.fr\/blog\/"},{"@type":"ListItem","position":2,"name":"Brigitte Macron stunning at over 70: how to adopt this trendy hairstyle without any missteps"}]},{"@type":"WebSite","@id":"https:\/\/www.sebastien-auziere.fr\/blog\/#website","url":"https:\/\/www.sebastien-auziere.fr\/blog\/","name":"Fan site S\u00e9bastien Auzi\u00e8re","description":"M\u00e9dia g\u00e9n\u00e9raliste","publisher":{"@id":"https:\/\/www.sebastien-auziere.fr\/blog\/#organization"},"potentialAction":[{"@type":"SearchAction","target":{"@type":"EntryPoint","urlTemplate":"https:\/\/www.sebastien-auziere.fr\/blog\/?s={search_term_string}"},"query-input":{"@type":"PropertyValueSpecification","valueRequired":true,"valueName":"search_term_string"}}],"inLanguage":"fr-FR"},{"@type":"Organization","@id":"https:\/\/www.sebastien-auziere.fr\/blog\/#organization","name":"Fan site S\u00e9bastien Auzi\u00e8re","url":"https:\/\/www.sebastien-auziere.fr\/blog\/","logo":{"@type":"ImageObject","inLanguage":"fr-FR","@id":"https:\/\/www.sebastien-auziere.fr\/blog\/#\/schema\/logo\/image\/","url":"https:\/\/www.sebastien-auziere.fr\/blog\/wp-content\/uploads\/2026\/03\/cropped-cropped-cropped-ChatGPT-Image-6-mars-2026-12_58_09-e1772798376794.jpg","contentUrl":"https:\/\/www.sebastien-auziere.fr\/blog\/wp-content\/uploads\/2026\/03\/cropped-cropped-cropped-ChatGPT-Image-6-mars-2026-12_58_09-e1772798376794.jpg","width":512,"height":360,"caption":"Fan site S\u00e9bastien Auzi\u00e8re"},"image":{"@id":"https:\/\/www.sebastien-auziere.fr\/blog\/#\/schema\/logo\/image\/"}},{"@type":"Person","@id":"https:\/\/www.sebastien-auziere.fr\/blog\/#\/schema\/person\/149f1acdbfd85149c6c3e59adeae2f4d","name":"Chloe Gauthier","image":{"@type":"ImageObject","inLanguage":"fr-FR","@id":"https:\/\/secure.gravatar.com\/avatar\/2c5722f58171cff738a8985ef0dd66b476e563753246a49019befc837ec4201a?s=96&d=mm&r=g","url":"https:\/\/secure.gravatar.com\/avatar\/2c5722f58171cff738a8985ef0dd66b476e563753246a49019befc837ec4201a?s=96&d=mm&r=g","contentUrl":"https:\/\/secure.gravatar.com\/avatar\/2c5722f58171cff738a8985ef0dd66b476e563753246a49019befc837ec4201a?s=96&d=mm&r=g","caption":"Chloe Gauthier"},"description":"Passionn\u00e9e par la politique et admiratrice engag\u00e9e de la famille Macron, je consacre mon \u00e9nergie \u00e0 suivre leurs initiatives et \u00e0 promouvoir leurs id\u00e9es. \u00c0 32 ans, je suis convaincue que leur vision est porteuse d'avenir.","url":"https:\/\/www.sebastien-auziere.fr\/blog\/author\/chloe-gauthier\/"}]}},"views":2,"_links":{"self":[{"href":"https:\/\/www.sebastien-auziere.fr\/blog\/wp-json\/wp\/v2\/posts\/3230","targetHints":{"allow":["GET"]}}],"collection":[{"href":"https:\/\/www.sebastien-auziere.fr\/blog\/wp-json\/wp\/v2\/posts"}],"about":[{"href":"https:\/\/www.sebastien-auziere.fr\/blog\/wp-json\/wp\/v2\/types\/post"}],"author":[{"embeddable":true,"href":"https:\/\/www.sebastien-auziere.fr\/blog\/wp-json\/wp\/v2\/users\/9"}],"replies":[{"embeddable":true,"href":"https:\/\/www.sebastien-auziere.fr\/blog\/wp-json\/wp\/v2\/comments?post=3230"}],"version-history":[{"count":1,"href":"https:\/\/www.sebastien-auziere.fr\/blog\/wp-json\/wp\/v2\/posts\/3230\/revisions"}],"predecessor-version":[{"id":3231,"href":"https:\/\/www.sebastien-auziere.fr\/blog\/wp-json\/wp\/v2\/posts\/3230\/revisions\/3231"}],"wp:featuredmedia":[{"embeddable":true,"href":"https:\/\/www.sebastien-auziere.fr\/blog\/wp-json\/wp\/v2\/media\/3228"}],"wp:attachment":[{"href":"https:\/\/www.sebastien-auziere.fr\/blog\/wp-json\/wp\/v2\/media?parent=3230"}],"wp:term":[{"taxonomy":"category","embeddable":true,"href":"https:\/\/www.sebastien-auziere.fr\/blog\/wp-json\/wp\/v2\/categories?post=3230"},{"taxonomy":"post_tag","embeddable":true,"href":"https:\/\/www.sebastien-auziere.fr\/blog\/wp-json\/wp\/v2\/tags?post=3230"}],"curies":[{"name":"wp","href":"https:\/\/api.w.org\/{rel}","templated":true}]}}