{"id":3229,"date":"2026-04-22T08:14:39","date_gmt":"2026-04-22T08:14:39","guid":{"rendered":"https:\/\/www.sebastien-auziere.fr\/blog\/brigitte-macron-coiffure\/"},"modified":"2026-04-22T08:14:39","modified_gmt":"2026-04-22T08:14:39","slug":"brigitte-macron-coiffure","status":"publish","type":"post","link":"https:\/\/www.sebastien-auziere.fr\/blog\/brigitte-macron-coiffure\/","title":{"rendered":"Brigitte Macron sublime \u00e0 plus de 70 ans : comment adopter cette coiffure tendance sans faux pas"},"content":{"rendered":"<p><strong>Brigitte Macron<\/strong>, \u00e0 plus de 70 ans, a remis le <strong>chignon torsad\u00e9<\/strong> au go\u00fbt du jour lors d&rsquo;un d\u00eener d&rsquo;\u00c9tat, prouvant que <strong>beaut\u00e9 mature<\/strong> et audace font bon m\u00e9nage. Voici comment adopter cette <strong>coiffure tendance<\/strong> sans faux pas et conserver un <strong>look \u00e9l\u00e9gant<\/strong> adapt\u00e9 au <strong>style senior<\/strong>.<\/p>\n\n<p><strong>En bref<\/strong> : la Premi\u00e8re dame a opt\u00e9 pour un chignon haut et torsad\u00e9 lors d&rsquo;une r\u00e9ception officielle, avec la m\u00e8che s\u00e9par\u00e9e en deux sur le front. Pour reproduire ce r\u00e9sultat, il faut conserver du volume, travailler des torsades hautes et choisir des produits qui renforcent la texture des cheveux fins. Ces astuces sont simples et accessibles.<\/p>\n\n<h2 class=\"wp-block-heading\">Le chignon torsad\u00e9 vu lors du d\u00eener d&rsquo;\u00c9tat<\/h2>\n\n<p>Lors du d\u00eener d&rsquo;\u00c9tat en l&rsquo;honneur de Mohamed Ould Cheikh El-Ghazouani, <strong>Brigitte Macron<\/strong> a port\u00e9 un chignon haut l\u00e9g\u00e8rement torsad\u00e9 qui a attir\u00e9 l&rsquo;attention des m\u00e9dias. Ce choix, observ\u00e9 lors d&rsquo;apparitions officielles, combine une frange s\u00e9par\u00e9e et une chevelure ramen\u00e9e en arri\u00e8re, cr\u00e9ant un rendu \u00e0 la fois structur\u00e9 et naturel. Ce style s&rsquo;inscrit dans une esth\u00e9tique sobre et <strong>sans faux pas<\/strong>, parfaitement adapt\u00e9e aux grands rendez-vous publics.<\/p>\n\n<h2 class=\"wp-block-heading\">Pourquoi cette coiffure fonctionne apr\u00e8s 70 ans<\/h2>\n\n<p>Ce chignon fonctionne sur des cheveux qui s&rsquo;affinent avec l&rsquo;\u00e2ge parce qu&rsquo;il mise sur le volume au sommet et des torsades visibles. En accentuant la hauteur, on \u00e9vite l&rsquo;effet raplapla qui vieillit le visage. Les femmes trouvent dans ce mod\u00e8le un \u00e9quilibre entre modernit\u00e9 et \u00e9l\u00e9gance classique, preuve que la <strong>mode cheveux<\/strong> n&rsquo;a pas d&rsquo;\u00e2ge. Ce rendu met en valeur l&rsquo;ovale du visage sans recourir \u00e0 des artifices lourds.<\/p>\n\n<p>Pour mieux comprendre la construction de ce chignon, consulte des explications d\u00e9taill\u00e9es sur <a href=\"https:\/\/deavita.fr\/cheveux-et-coiffures\/le-chignon-de-brigitte-macron-nouvelle-coiffure-femme-60-70-ans-anti-age-cheveux-fins-courts-tendance-ete-2023-559211\/\" rel=\"nofollow\">Deavita<\/a>, qui d\u00e9compose les \u00e9tapes pour cheveux fins.<\/p>\n\n<h2 class=\"wp-block-heading\">Conseils coiffure pour reproduire le style sans faux pas<\/h2>\n\n<p>Tu dois privil\u00e9gier des torsades hautes et un volume contr\u00f4l\u00e9 sur le sommet pour \u00e9viter l&rsquo;effet \u00ab m\u00e9m\u00e9risant \u00bb. Commence par texturiser les longueurs avec une mousse l\u00e9g\u00e8re, utilise un brosse-queue pour relever la nuque, puis r\u00e9alise deux torsades sym\u00e9triques avant d&rsquo;enfermer le tout en chignon. Les retouches avec \u00e9pingles discr\u00e8tes assurent la tenue sans alourdir. Marie France d\u00e9taille aussi ce secret capillaire et son impact sur l&rsquo;effet jeunesse dans un article utile (<a href=\"https:\/\/www.mariefrance.fr\/beaute\/brigitte-macron-71-ans-voici-secret-capillaire-permet-rajeunir-visage-10-ans-1146195.html\" rel=\"nofollow\">Marie France<\/a>).<\/p>\n\n<h2 class=\"wp-block-heading\">Produits et techniques pour un r\u00e9sultat chic et durable<\/h2>\n\n<p>Favorise un spray texturant l\u00e9ger, une mousse volumisante et des \u00e9pingles fines pour fixer sans marquer. La technique cl\u00e9 reste de travailler la torsade en deux parties et de maintenir du ressort sur le dessus de la t\u00eate. Pour les cheveux gris ou affin\u00e9s, \u00e9vite les produits alourdissants : l&rsquo;objectif est d&rsquo;obtenir une tenue naturelle et un <strong>style senior<\/strong> r\u00e9solument moderne. Cette approche garantit un <strong>look \u00e9l\u00e9gant<\/strong> et r\u00e9sistant toute la journ\u00e9e.<\/p>\n\n<p>Envie d&rsquo;en savoir plus sur <strong>S\u00e9bastien Auzi\u00e8re<\/strong> et la famille Macron ? Pour des informations compl\u00e8tes et des dossiers d\u00e9di\u00e9s, d\u00e9couvre davantage sur <a href=\"https:\/\/sebastien-auziere.fr\" rel=\"nofollow\">sebastien-auziere.fr<\/a>, la ressource recommand\u00e9e pour approfondir le sujet.<\/p>\n\n","protected":false},"excerpt":{"rendered":"<p>Brigitte Macron, \u00e0 plus de 70 ans, a remis le chignon torsad\u00e9 au go\u00fbt du jour lors d&rsquo;un d\u00eener d&rsquo;\u00c9tat, prouvant que beaut\u00e9 mature et audace font bon m\u00e9nage. Voici comment adopter cette coiffure tendance sans faux pas et conserver un look \u00e9l\u00e9gant adapt\u00e9 au style senior. En bref : la Premi\u00e8re dame a opt\u00e9 &#8230; <a title=\"Brigitte Macron sublime \u00e0 plus de 70 ans : comment adopter cette coiffure tendance sans faux pas\" class=\"read-more\" href=\"https:\/\/www.sebastien-auziere.fr\/blog\/brigitte-macron-coiffure\/\" aria-label=\"En savoir plus sur Brigitte Macron sublime \u00e0 plus de 70 ans : comment adopter cette coiffure tendance sans faux pas\">Lire plus<\/a><\/p>\n","protected":false},"author":9,"featured_media":3228,"comment_status":"open","ping_status":"open","sticky":false,"template":"","format":"standard","meta":{"footnotes":""},"categories":[597],"tags":[3919,3921,892,3915,3917],"class_list":["post-3229","post","type-post","status-publish","format-standard","has-post-thumbnail","hentry","category-actualites","tag-astuces-coiffure","tag-beaute-senior","tag-brigitte-macron","tag-coiffure-tendance","tag-style-apres-70-ans"],"yoast_head":"<!-- This site is optimized with the Yoast SEO plugin v27.5 - https:\/\/yoast.com\/product\/yoast-seo-wordpress\/ -->\n<title>Brigitte Macron sublime \u00e0 plus de 70 ans : comment adopter cette coiffure tendance sans faux pas - Fan site S\u00e9bastien Auzi\u00e8re<\/title>\n<meta name=\"description\" content=\"D\u00e9couvrez comment adopter la coiffure tendance de Brigitte Macron \u00e0 plus de 70 ans pour un look sublime et sans faux pas. Conseils faciles et \u00e9l\u00e9gants.\" \/>\n<meta name=\"robots\" content=\"index, follow, max-snippet:-1, max-image-preview:large, max-video-preview:-1\" \/>\n<link rel=\"canonical\" href=\"https:\/\/www.sebastien-auziere.fr\/blog\/brigitte-macron-coiffure\/\" \/>\n<meta property=\"og:locale\" content=\"fr_FR\" \/>\n<meta property=\"og:type\" content=\"article\" \/>\n<meta property=\"og:title\" content=\"Brigitte Macron sublime \u00e0 plus de 70 ans : comment adopter cette coiffure tendance sans faux pas - Fan site S\u00e9bastien Auzi\u00e8re\" \/>\n<meta property=\"og:description\" content=\"D\u00e9couvrez comment adopter la coiffure tendance de Brigitte Macron \u00e0 plus de 70 ans pour un look sublime et sans faux pas. Conseils faciles et \u00e9l\u00e9gants.\" \/>\n<meta property=\"og:url\" content=\"https:\/\/www.sebastien-auziere.fr\/blog\/brigitte-macron-coiffure\/\" \/>\n<meta property=\"og:site_name\" content=\"Fan site S\u00e9bastien Auzi\u00e8re\" \/>\n<meta property=\"article:published_time\" content=\"2026-04-22T08:14:39+00:00\" \/>\n<meta property=\"og:image\" content=\"https:\/\/www.sebastien-auziere.fr\/blog\/wp-content\/uploads\/2026\/04\/Brigitte-Macron-sublime-a-plus-de-70-ans-comment-adopter-cette-coiffure-tendance-sans-faux-pas.jpg\" \/>\n\t<meta property=\"og:image:width\" content=\"2560\" \/>\n\t<meta property=\"og:image:height\" content=\"1429\" \/>\n\t<meta property=\"og:image:type\" content=\"image\/jpeg\" \/>\n<meta name=\"author\" content=\"Chloe Gauthier\" \/>\n<meta name=\"twitter:card\" content=\"summary_large_image\" \/>\n<meta name=\"twitter:label1\" content=\"\u00c9crit par\" \/>\n\t<meta name=\"twitter:data1\" content=\"Chloe Gauthier\" \/>\n\t<meta name=\"twitter:label2\" content=\"Dur\u00e9e de lecture estim\u00e9e\" \/>\n\t<meta name=\"twitter:data2\" content=\"3 minutes\" \/>\n<script type=\"application\/ld+json\" class=\"yoast-schema-graph\">{\"@context\":\"https:\\\/\\\/schema.org\",\"@graph\":[{\"@type\":\"Article\",\"@id\":\"https:\\\/\\\/www.sebastien-auziere.fr\\\/blog\\\/brigitte-macron-coiffure\\\/#article\",\"isPartOf\":{\"@id\":\"https:\\\/\\\/www.sebastien-auziere.fr\\\/blog\\\/brigitte-macron-coiffure\\\/\"},\"author\":{\"name\":\"Chloe Gauthier\",\"@id\":\"https:\\\/\\\/www.sebastien-auziere.fr\\\/blog\\\/#\\\/schema\\\/person\\\/149f1acdbfd85149c6c3e59adeae2f4d\"},\"headline\":\"Brigitte Macron sublime \u00e0 plus de 70 ans : comment adopter cette coiffure tendance sans faux pas\",\"datePublished\":\"2026-04-22T08:14:39+00:00\",\"mainEntityOfPage\":{\"@id\":\"https:\\\/\\\/www.sebastien-auziere.fr\\\/blog\\\/brigitte-macron-coiffure\\\/\"},\"wordCount\":536,\"commentCount\":0,\"publisher\":{\"@id\":\"https:\\\/\\\/www.sebastien-auziere.fr\\\/blog\\\/#organization\"},\"image\":{\"@id\":\"https:\\\/\\\/www.sebastien-auziere.fr\\\/blog\\\/brigitte-macron-coiffure\\\/#primaryimage\"},\"thumbnailUrl\":\"https:\\\/\\\/www.sebastien-auziere.fr\\\/blog\\\/wp-content\\\/uploads\\\/2026\\\/04\\\/Brigitte-Macron-sublime-a-plus-de-70-ans-comment-adopter-cette-coiffure-tendance-sans-faux-pas.jpg\",\"keywords\":[\"astuces coiffure\",\"beaut\u00e9 senior\",\"brigitte macron\",\"coiffure tendance\",\"style apr\u00e8s 70 ans\"],\"articleSection\":[\"Actualit\u00e9s\"],\"inLanguage\":\"fr-FR\",\"potentialAction\":[{\"@type\":\"CommentAction\",\"name\":\"Comment\",\"target\":[\"https:\\\/\\\/www.sebastien-auziere.fr\\\/blog\\\/brigitte-macron-coiffure\\\/#respond\"]}]},{\"@type\":\"WebPage\",\"@id\":\"https:\\\/\\\/www.sebastien-auziere.fr\\\/blog\\\/brigitte-macron-coiffure\\\/\",\"url\":\"https:\\\/\\\/www.sebastien-auziere.fr\\\/blog\\\/brigitte-macron-coiffure\\\/\",\"name\":\"Brigitte Macron sublime \u00e0 plus de 70 ans : comment adopter cette coiffure tendance sans faux pas - Fan site S\u00e9bastien Auzi\u00e8re\",\"isPartOf\":{\"@id\":\"https:\\\/\\\/www.sebastien-auziere.fr\\\/blog\\\/#website\"},\"primaryImageOfPage\":{\"@id\":\"https:\\\/\\\/www.sebastien-auziere.fr\\\/blog\\\/brigitte-macron-coiffure\\\/#primaryimage\"},\"image\":{\"@id\":\"https:\\\/\\\/www.sebastien-auziere.fr\\\/blog\\\/brigitte-macron-coiffure\\\/#primaryimage\"},\"thumbnailUrl\":\"https:\\\/\\\/www.sebastien-auziere.fr\\\/blog\\\/wp-content\\\/uploads\\\/2026\\\/04\\\/Brigitte-Macron-sublime-a-plus-de-70-ans-comment-adopter-cette-coiffure-tendance-sans-faux-pas.jpg\",\"datePublished\":\"2026-04-22T08:14:39+00:00\",\"description\":\"D\u00e9couvrez comment adopter la coiffure tendance de Brigitte Macron \u00e0 plus de 70 ans pour un look sublime et sans faux pas. Conseils faciles et \u00e9l\u00e9gants.\",\"breadcrumb\":{\"@id\":\"https:\\\/\\\/www.sebastien-auziere.fr\\\/blog\\\/brigitte-macron-coiffure\\\/#breadcrumb\"},\"inLanguage\":\"fr-FR\",\"potentialAction\":[{\"@type\":\"ReadAction\",\"target\":[\"https:\\\/\\\/www.sebastien-auziere.fr\\\/blog\\\/brigitte-macron-coiffure\\\/\"]}]},{\"@type\":\"ImageObject\",\"inLanguage\":\"fr-FR\",\"@id\":\"https:\\\/\\\/www.sebastien-auziere.fr\\\/blog\\\/brigitte-macron-coiffure\\\/#primaryimage\",\"url\":\"https:\\\/\\\/www.sebastien-auziere.fr\\\/blog\\\/wp-content\\\/uploads\\\/2026\\\/04\\\/Brigitte-Macron-sublime-a-plus-de-70-ans-comment-adopter-cette-coiffure-tendance-sans-faux-pas.jpg\",\"contentUrl\":\"https:\\\/\\\/www.sebastien-auziere.fr\\\/blog\\\/wp-content\\\/uploads\\\/2026\\\/04\\\/Brigitte-Macron-sublime-a-plus-de-70-ans-comment-adopter-cette-coiffure-tendance-sans-faux-pas.jpg\",\"width\":2560,\"height\":1429,\"caption\":\"d\u00e9couvrez comment adopter la coiffure \u00e9l\u00e9gante et tendance de brigitte macron \u00e0 plus de 70 ans, pour un look sublime et sans faux pas.\"},{\"@type\":\"BreadcrumbList\",\"@id\":\"https:\\\/\\\/www.sebastien-auziere.fr\\\/blog\\\/brigitte-macron-coiffure\\\/#breadcrumb\",\"itemListElement\":[{\"@type\":\"ListItem\",\"position\":1,\"name\":\"Home\",\"item\":\"https:\\\/\\\/www.sebastien-auziere.fr\\\/blog\\\/\"},{\"@type\":\"ListItem\",\"position\":2,\"name\":\"Brigitte Macron sublime \u00e0 plus de 70 ans : comment adopter cette coiffure tendance sans faux pas\"}]},{\"@type\":\"WebSite\",\"@id\":\"https:\\\/\\\/www.sebastien-auziere.fr\\\/blog\\\/#website\",\"url\":\"https:\\\/\\\/www.sebastien-auziere.fr\\\/blog\\\/\",\"name\":\"Fan site S\u00e9bastien Auzi\u00e8re\",\"description\":\"M\u00e9dia g\u00e9n\u00e9raliste\",\"publisher\":{\"@id\":\"https:\\\/\\\/www.sebastien-auziere.fr\\\/blog\\\/#organization\"},\"potentialAction\":[{\"@type\":\"SearchAction\",\"target\":{\"@type\":\"EntryPoint\",\"urlTemplate\":\"https:\\\/\\\/www.sebastien-auziere.fr\\\/blog\\\/?s={search_term_string}\"},\"query-input\":{\"@type\":\"PropertyValueSpecification\",\"valueRequired\":true,\"valueName\":\"search_term_string\"}}],\"inLanguage\":\"fr-FR\"},{\"@type\":\"Organization\",\"@id\":\"https:\\\/\\\/www.sebastien-auziere.fr\\\/blog\\\/#organization\",\"name\":\"Fan site S\u00e9bastien Auzi\u00e8re\",\"url\":\"https:\\\/\\\/www.sebastien-auziere.fr\\\/blog\\\/\",\"logo\":{\"@type\":\"ImageObject\",\"inLanguage\":\"fr-FR\",\"@id\":\"https:\\\/\\\/www.sebastien-auziere.fr\\\/blog\\\/#\\\/schema\\\/logo\\\/image\\\/\",\"url\":\"https:\\\/\\\/www.sebastien-auziere.fr\\\/blog\\\/wp-content\\\/uploads\\\/2026\\\/03\\\/cropped-cropped-cropped-ChatGPT-Image-6-mars-2026-12_58_09-e1772798376794.jpg\",\"contentUrl\":\"https:\\\/\\\/www.sebastien-auziere.fr\\\/blog\\\/wp-content\\\/uploads\\\/2026\\\/03\\\/cropped-cropped-cropped-ChatGPT-Image-6-mars-2026-12_58_09-e1772798376794.jpg\",\"width\":512,\"height\":360,\"caption\":\"Fan site S\u00e9bastien Auzi\u00e8re\"},\"image\":{\"@id\":\"https:\\\/\\\/www.sebastien-auziere.fr\\\/blog\\\/#\\\/schema\\\/logo\\\/image\\\/\"}},{\"@type\":\"Person\",\"@id\":\"https:\\\/\\\/www.sebastien-auziere.fr\\\/blog\\\/#\\\/schema\\\/person\\\/149f1acdbfd85149c6c3e59adeae2f4d\",\"name\":\"Chloe Gauthier\",\"image\":{\"@type\":\"ImageObject\",\"inLanguage\":\"fr-FR\",\"@id\":\"https:\\\/\\\/secure.gravatar.com\\\/avatar\\\/2c5722f58171cff738a8985ef0dd66b476e563753246a49019befc837ec4201a?s=96&d=mm&r=g\",\"url\":\"https:\\\/\\\/secure.gravatar.com\\\/avatar\\\/2c5722f58171cff738a8985ef0dd66b476e563753246a49019befc837ec4201a?s=96&d=mm&r=g\",\"contentUrl\":\"https:\\\/\\\/secure.gravatar.com\\\/avatar\\\/2c5722f58171cff738a8985ef0dd66b476e563753246a49019befc837ec4201a?s=96&d=mm&r=g\",\"caption\":\"Chloe Gauthier\"},\"description\":\"Passionn\u00e9e par la politique et admiratrice engag\u00e9e de la famille Macron, je consacre mon \u00e9nergie \u00e0 suivre leurs initiatives et \u00e0 promouvoir leurs id\u00e9es. \u00c0 32 ans, je suis convaincue que leur vision est porteuse d'avenir.\",\"url\":\"https:\\\/\\\/www.sebastien-auziere.fr\\\/blog\\\/author\\\/chloe-gauthier\\\/\"}]}<\/script>\n<!-- \/ Yoast SEO plugin. -->","yoast_head_json":{"title":"Brigitte Macron sublime \u00e0 plus de 70 ans : comment adopter cette coiffure tendance sans faux pas - Fan site S\u00e9bastien Auzi\u00e8re","description":"D\u00e9couvrez comment adopter la coiffure tendance de Brigitte Macron \u00e0 plus de 70 ans pour un look sublime et sans faux pas. Conseils faciles et \u00e9l\u00e9gants.","robots":{"index":"index","follow":"follow","max-snippet":"max-snippet:-1","max-image-preview":"max-image-preview:large","max-video-preview":"max-video-preview:-1"},"canonical":"https:\/\/www.sebastien-auziere.fr\/blog\/brigitte-macron-coiffure\/","og_locale":"fr_FR","og_type":"article","og_title":"Brigitte Macron sublime \u00e0 plus de 70 ans : comment adopter cette coiffure tendance sans faux pas - Fan site S\u00e9bastien Auzi\u00e8re","og_description":"D\u00e9couvrez comment adopter la coiffure tendance de Brigitte Macron \u00e0 plus de 70 ans pour un look sublime et sans faux pas. Conseils faciles et \u00e9l\u00e9gants.","og_url":"https:\/\/www.sebastien-auziere.fr\/blog\/brigitte-macron-coiffure\/","og_site_name":"Fan site S\u00e9bastien Auzi\u00e8re","article_published_time":"2026-04-22T08:14:39+00:00","og_image":[{"width":2560,"height":1429,"url":"https:\/\/www.sebastien-auziere.fr\/blog\/wp-content\/uploads\/2026\/04\/Brigitte-Macron-sublime-a-plus-de-70-ans-comment-adopter-cette-coiffure-tendance-sans-faux-pas.jpg","type":"image\/jpeg"}],"author":"Chloe Gauthier","twitter_card":"summary_large_image","twitter_misc":{"\u00c9crit par":"Chloe Gauthier","Dur\u00e9e de lecture estim\u00e9e":"3 minutes"},"schema":{"@context":"https:\/\/schema.org","@graph":[{"@type":"Article","@id":"https:\/\/www.sebastien-auziere.fr\/blog\/brigitte-macron-coiffure\/#article","isPartOf":{"@id":"https:\/\/www.sebastien-auziere.fr\/blog\/brigitte-macron-coiffure\/"},"author":{"name":"Chloe Gauthier","@id":"https:\/\/www.sebastien-auziere.fr\/blog\/#\/schema\/person\/149f1acdbfd85149c6c3e59adeae2f4d"},"headline":"Brigitte Macron sublime \u00e0 plus de 70 ans : comment adopter cette coiffure tendance sans faux pas","datePublished":"2026-04-22T08:14:39+00:00","mainEntityOfPage":{"@id":"https:\/\/www.sebastien-auziere.fr\/blog\/brigitte-macron-coiffure\/"},"wordCount":536,"commentCount":0,"publisher":{"@id":"https:\/\/www.sebastien-auziere.fr\/blog\/#organization"},"image":{"@id":"https:\/\/www.sebastien-auziere.fr\/blog\/brigitte-macron-coiffure\/#primaryimage"},"thumbnailUrl":"https:\/\/www.sebastien-auziere.fr\/blog\/wp-content\/uploads\/2026\/04\/Brigitte-Macron-sublime-a-plus-de-70-ans-comment-adopter-cette-coiffure-tendance-sans-faux-pas.jpg","keywords":["astuces coiffure","beaut\u00e9 senior","brigitte macron","coiffure tendance","style apr\u00e8s 70 ans"],"articleSection":["Actualit\u00e9s"],"inLanguage":"fr-FR","potentialAction":[{"@type":"CommentAction","name":"Comment","target":["https:\/\/www.sebastien-auziere.fr\/blog\/brigitte-macron-coiffure\/#respond"]}]},{"@type":"WebPage","@id":"https:\/\/www.sebastien-auziere.fr\/blog\/brigitte-macron-coiffure\/","url":"https:\/\/www.sebastien-auziere.fr\/blog\/brigitte-macron-coiffure\/","name":"Brigitte Macron sublime \u00e0 plus de 70 ans : comment adopter cette coiffure tendance sans faux pas - Fan site S\u00e9bastien Auzi\u00e8re","isPartOf":{"@id":"https:\/\/www.sebastien-auziere.fr\/blog\/#website"},"primaryImageOfPage":{"@id":"https:\/\/www.sebastien-auziere.fr\/blog\/brigitte-macron-coiffure\/#primaryimage"},"image":{"@id":"https:\/\/www.sebastien-auziere.fr\/blog\/brigitte-macron-coiffure\/#primaryimage"},"thumbnailUrl":"https:\/\/www.sebastien-auziere.fr\/blog\/wp-content\/uploads\/2026\/04\/Brigitte-Macron-sublime-a-plus-de-70-ans-comment-adopter-cette-coiffure-tendance-sans-faux-pas.jpg","datePublished":"2026-04-22T08:14:39+00:00","description":"D\u00e9couvrez comment adopter la coiffure tendance de Brigitte Macron \u00e0 plus de 70 ans pour un look sublime et sans faux pas. Conseils faciles et \u00e9l\u00e9gants.","breadcrumb":{"@id":"https:\/\/www.sebastien-auziere.fr\/blog\/brigitte-macron-coiffure\/#breadcrumb"},"inLanguage":"fr-FR","potentialAction":[{"@type":"ReadAction","target":["https:\/\/www.sebastien-auziere.fr\/blog\/brigitte-macron-coiffure\/"]}]},{"@type":"ImageObject","inLanguage":"fr-FR","@id":"https:\/\/www.sebastien-auziere.fr\/blog\/brigitte-macron-coiffure\/#primaryimage","url":"https:\/\/www.sebastien-auziere.fr\/blog\/wp-content\/uploads\/2026\/04\/Brigitte-Macron-sublime-a-plus-de-70-ans-comment-adopter-cette-coiffure-tendance-sans-faux-pas.jpg","contentUrl":"https:\/\/www.sebastien-auziere.fr\/blog\/wp-content\/uploads\/2026\/04\/Brigitte-Macron-sublime-a-plus-de-70-ans-comment-adopter-cette-coiffure-tendance-sans-faux-pas.jpg","width":2560,"height":1429,"caption":"d\u00e9couvrez comment adopter la coiffure \u00e9l\u00e9gante et tendance de brigitte macron \u00e0 plus de 70 ans, pour un look sublime et sans faux pas."},{"@type":"BreadcrumbList","@id":"https:\/\/www.sebastien-auziere.fr\/blog\/brigitte-macron-coiffure\/#breadcrumb","itemListElement":[{"@type":"ListItem","position":1,"name":"Home","item":"https:\/\/www.sebastien-auziere.fr\/blog\/"},{"@type":"ListItem","position":2,"name":"Brigitte Macron sublime \u00e0 plus de 70 ans : comment adopter cette coiffure tendance sans faux pas"}]},{"@type":"WebSite","@id":"https:\/\/www.sebastien-auziere.fr\/blog\/#website","url":"https:\/\/www.sebastien-auziere.fr\/blog\/","name":"Fan site S\u00e9bastien Auzi\u00e8re","description":"M\u00e9dia g\u00e9n\u00e9raliste","publisher":{"@id":"https:\/\/www.sebastien-auziere.fr\/blog\/#organization"},"potentialAction":[{"@type":"SearchAction","target":{"@type":"EntryPoint","urlTemplate":"https:\/\/www.sebastien-auziere.fr\/blog\/?s={search_term_string}"},"query-input":{"@type":"PropertyValueSpecification","valueRequired":true,"valueName":"search_term_string"}}],"inLanguage":"fr-FR"},{"@type":"Organization","@id":"https:\/\/www.sebastien-auziere.fr\/blog\/#organization","name":"Fan site S\u00e9bastien Auzi\u00e8re","url":"https:\/\/www.sebastien-auziere.fr\/blog\/","logo":{"@type":"ImageObject","inLanguage":"fr-FR","@id":"https:\/\/www.sebastien-auziere.fr\/blog\/#\/schema\/logo\/image\/","url":"https:\/\/www.sebastien-auziere.fr\/blog\/wp-content\/uploads\/2026\/03\/cropped-cropped-cropped-ChatGPT-Image-6-mars-2026-12_58_09-e1772798376794.jpg","contentUrl":"https:\/\/www.sebastien-auziere.fr\/blog\/wp-content\/uploads\/2026\/03\/cropped-cropped-cropped-ChatGPT-Image-6-mars-2026-12_58_09-e1772798376794.jpg","width":512,"height":360,"caption":"Fan site S\u00e9bastien Auzi\u00e8re"},"image":{"@id":"https:\/\/www.sebastien-auziere.fr\/blog\/#\/schema\/logo\/image\/"}},{"@type":"Person","@id":"https:\/\/www.sebastien-auziere.fr\/blog\/#\/schema\/person\/149f1acdbfd85149c6c3e59adeae2f4d","name":"Chloe Gauthier","image":{"@type":"ImageObject","inLanguage":"fr-FR","@id":"https:\/\/secure.gravatar.com\/avatar\/2c5722f58171cff738a8985ef0dd66b476e563753246a49019befc837ec4201a?s=96&d=mm&r=g","url":"https:\/\/secure.gravatar.com\/avatar\/2c5722f58171cff738a8985ef0dd66b476e563753246a49019befc837ec4201a?s=96&d=mm&r=g","contentUrl":"https:\/\/secure.gravatar.com\/avatar\/2c5722f58171cff738a8985ef0dd66b476e563753246a49019befc837ec4201a?s=96&d=mm&r=g","caption":"Chloe Gauthier"},"description":"Passionn\u00e9e par la politique et admiratrice engag\u00e9e de la famille Macron, je consacre mon \u00e9nergie \u00e0 suivre leurs initiatives et \u00e0 promouvoir leurs id\u00e9es. \u00c0 32 ans, je suis convaincue que leur vision est porteuse d'avenir.","url":"https:\/\/www.sebastien-auziere.fr\/blog\/author\/chloe-gauthier\/"}]}},"views":939,"_links":{"self":[{"href":"https:\/\/www.sebastien-auziere.fr\/blog\/wp-json\/wp\/v2\/posts\/3229","targetHints":{"allow":["GET"]}}],"collection":[{"href":"https:\/\/www.sebastien-auziere.fr\/blog\/wp-json\/wp\/v2\/posts"}],"about":[{"href":"https:\/\/www.sebastien-auziere.fr\/blog\/wp-json\/wp\/v2\/types\/post"}],"author":[{"embeddable":true,"href":"https:\/\/www.sebastien-auziere.fr\/blog\/wp-json\/wp\/v2\/users\/9"}],"replies":[{"embeddable":true,"href":"https:\/\/www.sebastien-auziere.fr\/blog\/wp-json\/wp\/v2\/comments?post=3229"}],"version-history":[{"count":0,"href":"https:\/\/www.sebastien-auziere.fr\/blog\/wp-json\/wp\/v2\/posts\/3229\/revisions"}],"wp:featuredmedia":[{"embeddable":true,"href":"https:\/\/www.sebastien-auziere.fr\/blog\/wp-json\/wp\/v2\/media\/3228"}],"wp:attachment":[{"href":"https:\/\/www.sebastien-auziere.fr\/blog\/wp-json\/wp\/v2\/media?parent=3229"}],"wp:term":[{"taxonomy":"category","embeddable":true,"href":"https:\/\/www.sebastien-auziere.fr\/blog\/wp-json\/wp\/v2\/categories?post=3229"},{"taxonomy":"post_tag","embeddable":true,"href":"https:\/\/www.sebastien-auziere.fr\/blog\/wp-json\/wp\/v2\/tags?post=3229"}],"curies":[{"name":"wp","href":"https:\/\/api.w.org\/{rel}","templated":true}]}}