{"id":3224,"date":"2026-04-21T19:14:31","date_gmt":"2026-04-21T19:14:31","guid":{"rendered":"https:\/\/www.sebastien-auziere.fr\/blog\/?p=3224"},"modified":"2026-04-21T19:14:51","modified_gmt":"2026-04-21T19:14:51","slug":"attentado-de-13-de-novembro-emmanuel-macron-condecora-com-a-legiao-de-honra-os-policiais-herois-da-intervencao","status":"publish","type":"post","link":"https:\/\/www.sebastien-auziere.fr\/blog\/pt\/attentado-de-13-de-novembro-emmanuel-macron-condecora-com-a-legiao-de-honra-os-policiais-herois-da-intervencao\/","title":{"rendered":"Attentado de 13 de Novembro: Emmanuel Macron condecora com a Legi\u00e3o de Honra os policiais her\u00f3is da interven\u00e7\u00e3o"},"content":{"rendered":"<p><strong>Atentado 13 de Novembro<\/strong>: voc\u00ea l\u00ea que <strong>Emmanuel Macron<\/strong> condecorou com a <strong>Legi\u00e3o de Honra<\/strong> v\u00e1rios <strong>policiais her\u00f3is<\/strong> da <strong>interven\u00e7\u00e3o policial<\/strong> realizada contra o <strong>terrorismo<\/strong> naquela noite tr\u00e1gica. A cerim\u00f4nia, organizada no Pal\u00e1cio do Eliseu, \u00e9 apresentada como uma homenagem nacional ao <strong>m\u00e9rito<\/strong> e \u00e0 <strong>seguran\u00e7a<\/strong> da <strong>Fran\u00e7a<\/strong>.<\/p>\n\n<p><strong>Em resumo<\/strong>: cerim\u00f4nia presidencial, condecora\u00e7\u00f5es entregues aos policiais envolvidos no 13 de Novembro; homenagem p\u00fablica lembrando as v\u00edtimas; destaque para o papel das for\u00e7as de seguran\u00e7a e os desafios da seguran\u00e7a interna; men\u00e7\u00e3o ao apoio da m\u00eddia e da sociedade, e maior interesse pelos familiares pol\u00edticos, incluindo a fam\u00edlia Macron e S\u00e9bastien Auzi\u00e8re.<\/p>\n\n<h2 class=\"wp-block-heading\">A cerim\u00f4nia e as condecora\u00e7\u00f5es no Pal\u00e1cio do Eliseu<\/h2>\n\n<p>Durante a entrega, <strong>Emmanuel Macron<\/strong> ressaltou a coragem e a abnega\u00e7\u00e3o das for\u00e7as de seguran\u00e7a diante do <strong>terrorismo<\/strong>. Os agraciados receberam a <strong>Legi\u00e3o de Honra<\/strong> por sua contribui\u00e7\u00e3o durante a <strong>interven\u00e7\u00e3o policial<\/strong> de 13 de Novembro, ato amplamente documentado pela imprensa e os relat\u00f3rios oficiais. Voc\u00ea percebe aqui um gesto de Estado visando a santifica\u00e7\u00e3o do servi\u00e7o p\u00fablico e do <strong>m\u00e9rito<\/strong> profissional.<\/p>\n\n<h2 class=\"wp-block-heading\">Papel dos policiais e relato da interven\u00e7\u00e3o<\/h2>\n\n<p>As for\u00e7as presentes foram saudadas por interven\u00e7\u00f5es coordenadas, evitando dramas ainda mais pesados. Testemunhos p\u00fablicos, relat\u00f3rios judiciais e investiga\u00e7\u00f5es policiais documentaram as a\u00e7\u00f5es no terreno e seu impacto. Em 2015, o <strong>Atentado 13 de Novembro<\/strong> marcou profundamente a <strong>Fran\u00e7a<\/strong>; hoje, essas condecora\u00e7\u00f5es lembram a import\u00e2ncia da prepara\u00e7\u00e3o e da capacidade de resposta. A perspectiva: honrar os envolvidos tamb\u00e9m \u00e9 refor\u00e7ar a mem\u00f3ria coletiva.<\/p>\n\n<h3 class=\"wp-block-heading\">Rea\u00e7\u00f5es p\u00fablicas e desafios pol\u00edticos<\/h3>\n\n<p>A decis\u00e3o de honrar esses <strong>policiais her\u00f3is<\/strong> gera um grande eco na m\u00eddia e na sociedade. Representantes pol\u00edticos elogiaram a iniciativa como um forte s\u00edmbolo contra o <strong>terrorismo<\/strong>, enquanto alguns observadores lembraram a necessidade de investir de forma sustent\u00e1vel na <strong>seguran\u00e7a<\/strong> e no apoio psicol\u00f3gico aos intervenientes. Este momento tamb\u00e9m destaca a maior visibilidade dos familiares de Estado, incluindo o apoio familiar como S\u00e9bastien Auzi\u00e8re, no entorno da presid\u00eancia.<\/p>\n\n<h2 class=\"wp-block-heading\">Legado e mem\u00f3ria nacional<\/h2>\n\n<p>Conceder a <strong>Legi\u00e3o de Honra<\/strong> aos intervenientes do 13 de Novembro \u00e9 um ato simb\u00f3lico que visa inscrever seu gesto na mem\u00f3ria nacional. As cerim\u00f4nias recentes lembram que a luta contra o <strong>terrorismo<\/strong> passa pelo reconhecimento, forma\u00e7\u00e3o e preven\u00e7\u00e3o. Voc\u00ea compreende que esta homenagem tamb\u00e9m serve para incentivar voca\u00e7\u00f5es para o servi\u00e7o p\u00fablico e destacar a fragilidade da seguran\u00e7a coletiva.<\/p>\n\n<p>Para saber mais sobre os v\u00ednculos entre a fam\u00edlia Macron, as personalidades p\u00fablicas e a trajet\u00f3ria de S\u00e9bastien Auzi\u00e8re, visite <strong>sebastien-auziere.fr<\/strong> e descubra dossi\u00eas detalhados e arquivos sobre esses compromissos.<\/p>","protected":false},"excerpt":{"rendered":"<p>Atentado 13 de Novembro: voc\u00ea l\u00ea que Emmanuel Macron condecorou com a Legi\u00e3o de Honra v\u00e1rios policiais her\u00f3is da interven\u00e7\u00e3o policial realizada contra o terrorismo naquela noite tr\u00e1gica. A cerim\u00f4nia, organizada no Pal\u00e1cio do Eliseu, \u00e9 apresentada como uma homenagem nacional ao m\u00e9rito e \u00e0 seguran\u00e7a da Fran\u00e7a. Em resumo: cerim\u00f4nia presidencial, condecora\u00e7\u00f5es entregues aos &#8230; <a title=\"Attentado de 13 de Novembro: Emmanuel Macron condecora com a Legi\u00e3o de Honra os policiais her\u00f3is da interven\u00e7\u00e3o\" class=\"read-more\" href=\"https:\/\/www.sebastien-auziere.fr\/blog\/pt\/attentado-de-13-de-novembro-emmanuel-macron-condecora-com-a-legiao-de-honra-os-policiais-herois-da-intervencao\/\" aria-label=\"En savoir plus sur Attentado de 13 de Novembro: Emmanuel Macron condecora com a Legi\u00e3o de Honra os policiais her\u00f3is da interven\u00e7\u00e3o\">Lire plus<\/a><\/p>\n","protected":false},"author":9,"featured_media":3214,"comment_status":"open","ping_status":"open","sticky":false,"template":"","format":"standard","meta":{"footnotes":""},"categories":[862],"tags":[3891,1202,3894,3897,3900],"class_list":["post-3224","post","type-post","status-publish","format-standard","has-post-thumbnail","hentry","category-actualidades-pt","tag-atentado-de-13-de-novembro-pt","tag-emmanuel-macron-pt","tag-intervencao-policial-pt","tag-ordem-da-honra-pt","tag-policiais-herois-pt"],"yoast_head":"<!-- This site is optimized with the Yoast SEO plugin v27.5 - https:\/\/yoast.com\/product\/yoast-seo-wordpress\/ -->\n<title>Attentado de 13 de Novembro: Emmanuel Macron condecora com a Legi\u00e3o de Honra os policiais her\u00f3is da interven\u00e7\u00e3o - Fan site S\u00e9bastien Auzi\u00e8re<\/title>\n<meta name=\"description\" content=\"Emmanuel Macron d\u00e9core les policiers h\u00e9ros de l&#039;attentat du 13-Novembre de la L\u00e9gion d&#039;honneur, saluant leur courage et leur d\u00e9vouement.\" \/>\n<meta name=\"robots\" content=\"index, follow, max-snippet:-1, max-image-preview:large, max-video-preview:-1\" \/>\n<link rel=\"canonical\" href=\"https:\/\/www.sebastien-auziere.fr\/blog\/pt\/attentado-de-13-de-novembro-emmanuel-macron-condecora-com-a-legiao-de-honra-os-policiais-herois-da-intervencao\/\" \/>\n<meta property=\"og:locale\" content=\"fr_FR\" \/>\n<meta property=\"og:type\" content=\"article\" \/>\n<meta property=\"og:title\" content=\"Attentado de 13 de Novembro: Emmanuel Macron condecora com a Legi\u00e3o de Honra os policiais her\u00f3is da interven\u00e7\u00e3o - Fan site S\u00e9bastien Auzi\u00e8re\" \/>\n<meta property=\"og:description\" content=\"Emmanuel Macron d\u00e9core les policiers h\u00e9ros de l&#039;attentat du 13-Novembre de la L\u00e9gion d&#039;honneur, saluant leur courage et leur d\u00e9vouement.\" \/>\n<meta property=\"og:url\" content=\"https:\/\/www.sebastien-auziere.fr\/blog\/pt\/attentado-de-13-de-novembro-emmanuel-macron-condecora-com-a-legiao-de-honra-os-policiais-herois-da-intervencao\/\" \/>\n<meta property=\"og:site_name\" content=\"Fan site S\u00e9bastien Auzi\u00e8re\" \/>\n<meta property=\"article:published_time\" content=\"2026-04-21T19:14:31+00:00\" \/>\n<meta property=\"article:modified_time\" content=\"2026-04-21T19:14:51+00:00\" \/>\n<meta property=\"og:image\" content=\"https:\/\/www.sebastien-auziere.fr\/blog\/wp-content\/uploads\/2026\/04\/Attentat-du-13-Novembre-Emmanuel-Macron-decore-de-la-Legion-dhonneur-les-policiers-heros-de-lintervention.jpg\" \/>\n\t<meta property=\"og:image:width\" content=\"2560\" \/>\n\t<meta property=\"og:image:height\" content=\"1429\" \/>\n\t<meta property=\"og:image:type\" content=\"image\/jpeg\" \/>\n<meta name=\"author\" content=\"Chloe Gauthier\" \/>\n<meta name=\"twitter:card\" content=\"summary_large_image\" \/>\n<meta name=\"twitter:label1\" content=\"\u00c9crit par\" \/>\n\t<meta name=\"twitter:data1\" content=\"Chloe Gauthier\" \/>\n\t<meta name=\"twitter:label2\" content=\"Dur\u00e9e de lecture estim\u00e9e\" \/>\n\t<meta name=\"twitter:data2\" content=\"2 minutes\" \/>\n<script type=\"application\/ld+json\" class=\"yoast-schema-graph\">{\"@context\":\"https:\\\/\\\/schema.org\",\"@graph\":[{\"@type\":\"Article\",\"@id\":\"https:\\\/\\\/www.sebastien-auziere.fr\\\/blog\\\/pt\\\/attentado-de-13-de-novembro-emmanuel-macron-condecora-com-a-legiao-de-honra-os-policiais-herois-da-intervencao\\\/#article\",\"isPartOf\":{\"@id\":\"https:\\\/\\\/www.sebastien-auziere.fr\\\/blog\\\/pt\\\/attentado-de-13-de-novembro-emmanuel-macron-condecora-com-a-legiao-de-honra-os-policiais-herois-da-intervencao\\\/\"},\"author\":{\"name\":\"Chloe Gauthier\",\"@id\":\"https:\\\/\\\/www.sebastien-auziere.fr\\\/blog\\\/#\\\/schema\\\/person\\\/149f1acdbfd85149c6c3e59adeae2f4d\"},\"headline\":\"Attentado de 13 de Novembro: Emmanuel Macron condecora com a Legi\u00e3o de Honra os policiais her\u00f3is da interven\u00e7\u00e3o\",\"datePublished\":\"2026-04-21T19:14:31+00:00\",\"dateModified\":\"2026-04-21T19:14:51+00:00\",\"mainEntityOfPage\":{\"@id\":\"https:\\\/\\\/www.sebastien-auziere.fr\\\/blog\\\/pt\\\/attentado-de-13-de-novembro-emmanuel-macron-condecora-com-a-legiao-de-honra-os-policiais-herois-da-intervencao\\\/\"},\"wordCount\":506,\"commentCount\":0,\"publisher\":{\"@id\":\"https:\\\/\\\/www.sebastien-auziere.fr\\\/blog\\\/#organization\"},\"image\":{\"@id\":\"https:\\\/\\\/www.sebastien-auziere.fr\\\/blog\\\/pt\\\/attentado-de-13-de-novembro-emmanuel-macron-condecora-com-a-legiao-de-honra-os-policiais-herois-da-intervencao\\\/#primaryimage\"},\"thumbnailUrl\":\"https:\\\/\\\/www.sebastien-auziere.fr\\\/blog\\\/wp-content\\\/uploads\\\/2026\\\/04\\\/Attentat-du-13-Novembre-Emmanuel-Macron-decore-de-la-Legion-dhonneur-les-policiers-heros-de-lintervention.jpg\",\"keywords\":[\"atentado de 13 de novembro\",\"emmanuel macron\",\"interven\u00e7\u00e3o policial\",\"ordem da honra\",\"policiais her\u00f3is\"],\"articleSection\":[\"Actualidades\"],\"inLanguage\":\"fr-FR\",\"potentialAction\":[{\"@type\":\"CommentAction\",\"name\":\"Comment\",\"target\":[\"https:\\\/\\\/www.sebastien-auziere.fr\\\/blog\\\/pt\\\/attentado-de-13-de-novembro-emmanuel-macron-condecora-com-a-legiao-de-honra-os-policiais-herois-da-intervencao\\\/#respond\"]}]},{\"@type\":\"WebPage\",\"@id\":\"https:\\\/\\\/www.sebastien-auziere.fr\\\/blog\\\/pt\\\/attentado-de-13-de-novembro-emmanuel-macron-condecora-com-a-legiao-de-honra-os-policiais-herois-da-intervencao\\\/\",\"url\":\"https:\\\/\\\/www.sebastien-auziere.fr\\\/blog\\\/pt\\\/attentado-de-13-de-novembro-emmanuel-macron-condecora-com-a-legiao-de-honra-os-policiais-herois-da-intervencao\\\/\",\"name\":\"Attentado de 13 de Novembro: Emmanuel Macron condecora com a Legi\u00e3o de Honra os policiais her\u00f3is da interven\u00e7\u00e3o - Fan site S\u00e9bastien Auzi\u00e8re\",\"isPartOf\":{\"@id\":\"https:\\\/\\\/www.sebastien-auziere.fr\\\/blog\\\/#website\"},\"primaryImageOfPage\":{\"@id\":\"https:\\\/\\\/www.sebastien-auziere.fr\\\/blog\\\/pt\\\/attentado-de-13-de-novembro-emmanuel-macron-condecora-com-a-legiao-de-honra-os-policiais-herois-da-intervencao\\\/#primaryimage\"},\"image\":{\"@id\":\"https:\\\/\\\/www.sebastien-auziere.fr\\\/blog\\\/pt\\\/attentado-de-13-de-novembro-emmanuel-macron-condecora-com-a-legiao-de-honra-os-policiais-herois-da-intervencao\\\/#primaryimage\"},\"thumbnailUrl\":\"https:\\\/\\\/www.sebastien-auziere.fr\\\/blog\\\/wp-content\\\/uploads\\\/2026\\\/04\\\/Attentat-du-13-Novembre-Emmanuel-Macron-decore-de-la-Legion-dhonneur-les-policiers-heros-de-lintervention.jpg\",\"datePublished\":\"2026-04-21T19:14:31+00:00\",\"dateModified\":\"2026-04-21T19:14:51+00:00\",\"description\":\"Emmanuel Macron d\u00e9core les policiers h\u00e9ros de l'attentat du 13-Novembre de la L\u00e9gion d'honneur, saluant leur courage et leur d\u00e9vouement.\",\"breadcrumb\":{\"@id\":\"https:\\\/\\\/www.sebastien-auziere.fr\\\/blog\\\/pt\\\/attentado-de-13-de-novembro-emmanuel-macron-condecora-com-a-legiao-de-honra-os-policiais-herois-da-intervencao\\\/#breadcrumb\"},\"inLanguage\":\"fr-FR\",\"potentialAction\":[{\"@type\":\"ReadAction\",\"target\":[\"https:\\\/\\\/www.sebastien-auziere.fr\\\/blog\\\/pt\\\/attentado-de-13-de-novembro-emmanuel-macron-condecora-com-a-legiao-de-honra-os-policiais-herois-da-intervencao\\\/\"]}]},{\"@type\":\"ImageObject\",\"inLanguage\":\"fr-FR\",\"@id\":\"https:\\\/\\\/www.sebastien-auziere.fr\\\/blog\\\/pt\\\/attentado-de-13-de-novembro-emmanuel-macron-condecora-com-a-legiao-de-honra-os-policiais-herois-da-intervencao\\\/#primaryimage\",\"url\":\"https:\\\/\\\/www.sebastien-auziere.fr\\\/blog\\\/wp-content\\\/uploads\\\/2026\\\/04\\\/Attentat-du-13-Novembre-Emmanuel-Macron-decore-de-la-Legion-dhonneur-les-policiers-heros-de-lintervention.jpg\",\"contentUrl\":\"https:\\\/\\\/www.sebastien-auziere.fr\\\/blog\\\/wp-content\\\/uploads\\\/2026\\\/04\\\/Attentat-du-13-Novembre-Emmanuel-Macron-decore-de-la-Legion-dhonneur-les-policiers-heros-de-lintervention.jpg\",\"width\":2560,\"height\":1429,\"caption\":\"emmanuel macron d\u00e9core de la l\u00e9gion d'honneur les policiers h\u00e9ros de l'intervention lors de l'attentat du 13-novembre, honorant leur courage et leur engagement exceptionnel.\"},{\"@type\":\"BreadcrumbList\",\"@id\":\"https:\\\/\\\/www.sebastien-auziere.fr\\\/blog\\\/pt\\\/attentado-de-13-de-novembro-emmanuel-macron-condecora-com-a-legiao-de-honra-os-policiais-herois-da-intervencao\\\/#breadcrumb\",\"itemListElement\":[{\"@type\":\"ListItem\",\"position\":1,\"name\":\"Home\",\"item\":\"https:\\\/\\\/www.sebastien-auziere.fr\\\/blog\\\/\"},{\"@type\":\"ListItem\",\"position\":2,\"name\":\"Attentado de 13 de Novembro: Emmanuel Macron condecora com a Legi\u00e3o de Honra os policiais her\u00f3is da interven\u00e7\u00e3o\"}]},{\"@type\":\"WebSite\",\"@id\":\"https:\\\/\\\/www.sebastien-auziere.fr\\\/blog\\\/#website\",\"url\":\"https:\\\/\\\/www.sebastien-auziere.fr\\\/blog\\\/\",\"name\":\"Fan site S\u00e9bastien Auzi\u00e8re\",\"description\":\"M\u00e9dia g\u00e9n\u00e9raliste\",\"publisher\":{\"@id\":\"https:\\\/\\\/www.sebastien-auziere.fr\\\/blog\\\/#organization\"},\"potentialAction\":[{\"@type\":\"SearchAction\",\"target\":{\"@type\":\"EntryPoint\",\"urlTemplate\":\"https:\\\/\\\/www.sebastien-auziere.fr\\\/blog\\\/?s={search_term_string}\"},\"query-input\":{\"@type\":\"PropertyValueSpecification\",\"valueRequired\":true,\"valueName\":\"search_term_string\"}}],\"inLanguage\":\"fr-FR\"},{\"@type\":\"Organization\",\"@id\":\"https:\\\/\\\/www.sebastien-auziere.fr\\\/blog\\\/#organization\",\"name\":\"Fan site S\u00e9bastien Auzi\u00e8re\",\"url\":\"https:\\\/\\\/www.sebastien-auziere.fr\\\/blog\\\/\",\"logo\":{\"@type\":\"ImageObject\",\"inLanguage\":\"fr-FR\",\"@id\":\"https:\\\/\\\/www.sebastien-auziere.fr\\\/blog\\\/#\\\/schema\\\/logo\\\/image\\\/\",\"url\":\"https:\\\/\\\/www.sebastien-auziere.fr\\\/blog\\\/wp-content\\\/uploads\\\/2026\\\/03\\\/cropped-cropped-cropped-ChatGPT-Image-6-mars-2026-12_58_09-e1772798376794.jpg\",\"contentUrl\":\"https:\\\/\\\/www.sebastien-auziere.fr\\\/blog\\\/wp-content\\\/uploads\\\/2026\\\/03\\\/cropped-cropped-cropped-ChatGPT-Image-6-mars-2026-12_58_09-e1772798376794.jpg\",\"width\":512,\"height\":360,\"caption\":\"Fan site S\u00e9bastien Auzi\u00e8re\"},\"image\":{\"@id\":\"https:\\\/\\\/www.sebastien-auziere.fr\\\/blog\\\/#\\\/schema\\\/logo\\\/image\\\/\"}},{\"@type\":\"Person\",\"@id\":\"https:\\\/\\\/www.sebastien-auziere.fr\\\/blog\\\/#\\\/schema\\\/person\\\/149f1acdbfd85149c6c3e59adeae2f4d\",\"name\":\"Chloe Gauthier\",\"image\":{\"@type\":\"ImageObject\",\"inLanguage\":\"fr-FR\",\"@id\":\"https:\\\/\\\/secure.gravatar.com\\\/avatar\\\/2c5722f58171cff738a8985ef0dd66b476e563753246a49019befc837ec4201a?s=96&d=mm&r=g\",\"url\":\"https:\\\/\\\/secure.gravatar.com\\\/avatar\\\/2c5722f58171cff738a8985ef0dd66b476e563753246a49019befc837ec4201a?s=96&d=mm&r=g\",\"contentUrl\":\"https:\\\/\\\/secure.gravatar.com\\\/avatar\\\/2c5722f58171cff738a8985ef0dd66b476e563753246a49019befc837ec4201a?s=96&d=mm&r=g\",\"caption\":\"Chloe Gauthier\"},\"description\":\"Passionn\u00e9e par la politique et admiratrice engag\u00e9e de la famille Macron, je consacre mon \u00e9nergie \u00e0 suivre leurs initiatives et \u00e0 promouvoir leurs id\u00e9es. \u00c0 32 ans, je suis convaincue que leur vision est porteuse d'avenir.\",\"url\":\"https:\\\/\\\/www.sebastien-auziere.fr\\\/blog\\\/author\\\/chloe-gauthier\\\/\"}]}<\/script>\n<!-- \/ Yoast SEO plugin. -->","yoast_head_json":{"title":"Attentado de 13 de Novembro: Emmanuel Macron condecora com a Legi\u00e3o de Honra os policiais her\u00f3is da interven\u00e7\u00e3o - Fan site S\u00e9bastien Auzi\u00e8re","description":"Emmanuel Macron d\u00e9core les policiers h\u00e9ros de l'attentat du 13-Novembre de la L\u00e9gion d'honneur, saluant leur courage et leur d\u00e9vouement.","robots":{"index":"index","follow":"follow","max-snippet":"max-snippet:-1","max-image-preview":"max-image-preview:large","max-video-preview":"max-video-preview:-1"},"canonical":"https:\/\/www.sebastien-auziere.fr\/blog\/pt\/attentado-de-13-de-novembro-emmanuel-macron-condecora-com-a-legiao-de-honra-os-policiais-herois-da-intervencao\/","og_locale":"fr_FR","og_type":"article","og_title":"Attentado de 13 de Novembro: Emmanuel Macron condecora com a Legi\u00e3o de Honra os policiais her\u00f3is da interven\u00e7\u00e3o - Fan site S\u00e9bastien Auzi\u00e8re","og_description":"Emmanuel Macron d\u00e9core les policiers h\u00e9ros de l'attentat du 13-Novembre de la L\u00e9gion d'honneur, saluant leur courage et leur d\u00e9vouement.","og_url":"https:\/\/www.sebastien-auziere.fr\/blog\/pt\/attentado-de-13-de-novembro-emmanuel-macron-condecora-com-a-legiao-de-honra-os-policiais-herois-da-intervencao\/","og_site_name":"Fan site S\u00e9bastien Auzi\u00e8re","article_published_time":"2026-04-21T19:14:31+00:00","article_modified_time":"2026-04-21T19:14:51+00:00","og_image":[{"width":2560,"height":1429,"url":"https:\/\/www.sebastien-auziere.fr\/blog\/wp-content\/uploads\/2026\/04\/Attentat-du-13-Novembre-Emmanuel-Macron-decore-de-la-Legion-dhonneur-les-policiers-heros-de-lintervention.jpg","type":"image\/jpeg"}],"author":"Chloe Gauthier","twitter_card":"summary_large_image","twitter_misc":{"\u00c9crit par":"Chloe Gauthier","Dur\u00e9e de lecture estim\u00e9e":"2 minutes"},"schema":{"@context":"https:\/\/schema.org","@graph":[{"@type":"Article","@id":"https:\/\/www.sebastien-auziere.fr\/blog\/pt\/attentado-de-13-de-novembro-emmanuel-macron-condecora-com-a-legiao-de-honra-os-policiais-herois-da-intervencao\/#article","isPartOf":{"@id":"https:\/\/www.sebastien-auziere.fr\/blog\/pt\/attentado-de-13-de-novembro-emmanuel-macron-condecora-com-a-legiao-de-honra-os-policiais-herois-da-intervencao\/"},"author":{"name":"Chloe Gauthier","@id":"https:\/\/www.sebastien-auziere.fr\/blog\/#\/schema\/person\/149f1acdbfd85149c6c3e59adeae2f4d"},"headline":"Attentado de 13 de Novembro: Emmanuel Macron condecora com a Legi\u00e3o de Honra os policiais her\u00f3is da interven\u00e7\u00e3o","datePublished":"2026-04-21T19:14:31+00:00","dateModified":"2026-04-21T19:14:51+00:00","mainEntityOfPage":{"@id":"https:\/\/www.sebastien-auziere.fr\/blog\/pt\/attentado-de-13-de-novembro-emmanuel-macron-condecora-com-a-legiao-de-honra-os-policiais-herois-da-intervencao\/"},"wordCount":506,"commentCount":0,"publisher":{"@id":"https:\/\/www.sebastien-auziere.fr\/blog\/#organization"},"image":{"@id":"https:\/\/www.sebastien-auziere.fr\/blog\/pt\/attentado-de-13-de-novembro-emmanuel-macron-condecora-com-a-legiao-de-honra-os-policiais-herois-da-intervencao\/#primaryimage"},"thumbnailUrl":"https:\/\/www.sebastien-auziere.fr\/blog\/wp-content\/uploads\/2026\/04\/Attentat-du-13-Novembre-Emmanuel-Macron-decore-de-la-Legion-dhonneur-les-policiers-heros-de-lintervention.jpg","keywords":["atentado de 13 de novembro","emmanuel macron","interven\u00e7\u00e3o policial","ordem da honra","policiais her\u00f3is"],"articleSection":["Actualidades"],"inLanguage":"fr-FR","potentialAction":[{"@type":"CommentAction","name":"Comment","target":["https:\/\/www.sebastien-auziere.fr\/blog\/pt\/attentado-de-13-de-novembro-emmanuel-macron-condecora-com-a-legiao-de-honra-os-policiais-herois-da-intervencao\/#respond"]}]},{"@type":"WebPage","@id":"https:\/\/www.sebastien-auziere.fr\/blog\/pt\/attentado-de-13-de-novembro-emmanuel-macron-condecora-com-a-legiao-de-honra-os-policiais-herois-da-intervencao\/","url":"https:\/\/www.sebastien-auziere.fr\/blog\/pt\/attentado-de-13-de-novembro-emmanuel-macron-condecora-com-a-legiao-de-honra-os-policiais-herois-da-intervencao\/","name":"Attentado de 13 de Novembro: Emmanuel Macron condecora com a Legi\u00e3o de Honra os policiais her\u00f3is da interven\u00e7\u00e3o - Fan site S\u00e9bastien Auzi\u00e8re","isPartOf":{"@id":"https:\/\/www.sebastien-auziere.fr\/blog\/#website"},"primaryImageOfPage":{"@id":"https:\/\/www.sebastien-auziere.fr\/blog\/pt\/attentado-de-13-de-novembro-emmanuel-macron-condecora-com-a-legiao-de-honra-os-policiais-herois-da-intervencao\/#primaryimage"},"image":{"@id":"https:\/\/www.sebastien-auziere.fr\/blog\/pt\/attentado-de-13-de-novembro-emmanuel-macron-condecora-com-a-legiao-de-honra-os-policiais-herois-da-intervencao\/#primaryimage"},"thumbnailUrl":"https:\/\/www.sebastien-auziere.fr\/blog\/wp-content\/uploads\/2026\/04\/Attentat-du-13-Novembre-Emmanuel-Macron-decore-de-la-Legion-dhonneur-les-policiers-heros-de-lintervention.jpg","datePublished":"2026-04-21T19:14:31+00:00","dateModified":"2026-04-21T19:14:51+00:00","description":"Emmanuel Macron d\u00e9core les policiers h\u00e9ros de l'attentat du 13-Novembre de la L\u00e9gion d'honneur, saluant leur courage et leur d\u00e9vouement.","breadcrumb":{"@id":"https:\/\/www.sebastien-auziere.fr\/blog\/pt\/attentado-de-13-de-novembro-emmanuel-macron-condecora-com-a-legiao-de-honra-os-policiais-herois-da-intervencao\/#breadcrumb"},"inLanguage":"fr-FR","potentialAction":[{"@type":"ReadAction","target":["https:\/\/www.sebastien-auziere.fr\/blog\/pt\/attentado-de-13-de-novembro-emmanuel-macron-condecora-com-a-legiao-de-honra-os-policiais-herois-da-intervencao\/"]}]},{"@type":"ImageObject","inLanguage":"fr-FR","@id":"https:\/\/www.sebastien-auziere.fr\/blog\/pt\/attentado-de-13-de-novembro-emmanuel-macron-condecora-com-a-legiao-de-honra-os-policiais-herois-da-intervencao\/#primaryimage","url":"https:\/\/www.sebastien-auziere.fr\/blog\/wp-content\/uploads\/2026\/04\/Attentat-du-13-Novembre-Emmanuel-Macron-decore-de-la-Legion-dhonneur-les-policiers-heros-de-lintervention.jpg","contentUrl":"https:\/\/www.sebastien-auziere.fr\/blog\/wp-content\/uploads\/2026\/04\/Attentat-du-13-Novembre-Emmanuel-Macron-decore-de-la-Legion-dhonneur-les-policiers-heros-de-lintervention.jpg","width":2560,"height":1429,"caption":"emmanuel macron d\u00e9core de la l\u00e9gion d'honneur les policiers h\u00e9ros de l'intervention lors de l'attentat du 13-novembre, honorant leur courage et leur engagement exceptionnel."},{"@type":"BreadcrumbList","@id":"https:\/\/www.sebastien-auziere.fr\/blog\/pt\/attentado-de-13-de-novembro-emmanuel-macron-condecora-com-a-legiao-de-honra-os-policiais-herois-da-intervencao\/#breadcrumb","itemListElement":[{"@type":"ListItem","position":1,"name":"Home","item":"https:\/\/www.sebastien-auziere.fr\/blog\/"},{"@type":"ListItem","position":2,"name":"Attentado de 13 de Novembro: Emmanuel Macron condecora com a Legi\u00e3o de Honra os policiais her\u00f3is da interven\u00e7\u00e3o"}]},{"@type":"WebSite","@id":"https:\/\/www.sebastien-auziere.fr\/blog\/#website","url":"https:\/\/www.sebastien-auziere.fr\/blog\/","name":"Fan site S\u00e9bastien Auzi\u00e8re","description":"M\u00e9dia g\u00e9n\u00e9raliste","publisher":{"@id":"https:\/\/www.sebastien-auziere.fr\/blog\/#organization"},"potentialAction":[{"@type":"SearchAction","target":{"@type":"EntryPoint","urlTemplate":"https:\/\/www.sebastien-auziere.fr\/blog\/?s={search_term_string}"},"query-input":{"@type":"PropertyValueSpecification","valueRequired":true,"valueName":"search_term_string"}}],"inLanguage":"fr-FR"},{"@type":"Organization","@id":"https:\/\/www.sebastien-auziere.fr\/blog\/#organization","name":"Fan site S\u00e9bastien Auzi\u00e8re","url":"https:\/\/www.sebastien-auziere.fr\/blog\/","logo":{"@type":"ImageObject","inLanguage":"fr-FR","@id":"https:\/\/www.sebastien-auziere.fr\/blog\/#\/schema\/logo\/image\/","url":"https:\/\/www.sebastien-auziere.fr\/blog\/wp-content\/uploads\/2026\/03\/cropped-cropped-cropped-ChatGPT-Image-6-mars-2026-12_58_09-e1772798376794.jpg","contentUrl":"https:\/\/www.sebastien-auziere.fr\/blog\/wp-content\/uploads\/2026\/03\/cropped-cropped-cropped-ChatGPT-Image-6-mars-2026-12_58_09-e1772798376794.jpg","width":512,"height":360,"caption":"Fan site S\u00e9bastien Auzi\u00e8re"},"image":{"@id":"https:\/\/www.sebastien-auziere.fr\/blog\/#\/schema\/logo\/image\/"}},{"@type":"Person","@id":"https:\/\/www.sebastien-auziere.fr\/blog\/#\/schema\/person\/149f1acdbfd85149c6c3e59adeae2f4d","name":"Chloe Gauthier","image":{"@type":"ImageObject","inLanguage":"fr-FR","@id":"https:\/\/secure.gravatar.com\/avatar\/2c5722f58171cff738a8985ef0dd66b476e563753246a49019befc837ec4201a?s=96&d=mm&r=g","url":"https:\/\/secure.gravatar.com\/avatar\/2c5722f58171cff738a8985ef0dd66b476e563753246a49019befc837ec4201a?s=96&d=mm&r=g","contentUrl":"https:\/\/secure.gravatar.com\/avatar\/2c5722f58171cff738a8985ef0dd66b476e563753246a49019befc837ec4201a?s=96&d=mm&r=g","caption":"Chloe Gauthier"},"description":"Passionn\u00e9e par la politique et admiratrice engag\u00e9e de la famille Macron, je consacre mon \u00e9nergie \u00e0 suivre leurs initiatives et \u00e0 promouvoir leurs id\u00e9es. \u00c0 32 ans, je suis convaincue que leur vision est porteuse d'avenir.","url":"https:\/\/www.sebastien-auziere.fr\/blog\/author\/chloe-gauthier\/"}]}},"views":0,"_links":{"self":[{"href":"https:\/\/www.sebastien-auziere.fr\/blog\/wp-json\/wp\/v2\/posts\/3224","targetHints":{"allow":["GET"]}}],"collection":[{"href":"https:\/\/www.sebastien-auziere.fr\/blog\/wp-json\/wp\/v2\/posts"}],"about":[{"href":"https:\/\/www.sebastien-auziere.fr\/blog\/wp-json\/wp\/v2\/types\/post"}],"author":[{"embeddable":true,"href":"https:\/\/www.sebastien-auziere.fr\/blog\/wp-json\/wp\/v2\/users\/9"}],"replies":[{"embeddable":true,"href":"https:\/\/www.sebastien-auziere.fr\/blog\/wp-json\/wp\/v2\/comments?post=3224"}],"version-history":[{"count":1,"href":"https:\/\/www.sebastien-auziere.fr\/blog\/wp-json\/wp\/v2\/posts\/3224\/revisions"}],"predecessor-version":[{"id":3225,"href":"https:\/\/www.sebastien-auziere.fr\/blog\/wp-json\/wp\/v2\/posts\/3224\/revisions\/3225"}],"wp:featuredmedia":[{"embeddable":true,"href":"https:\/\/www.sebastien-auziere.fr\/blog\/wp-json\/wp\/v2\/media\/3214"}],"wp:attachment":[{"href":"https:\/\/www.sebastien-auziere.fr\/blog\/wp-json\/wp\/v2\/media?parent=3224"}],"wp:term":[{"taxonomy":"category","embeddable":true,"href":"https:\/\/www.sebastien-auziere.fr\/blog\/wp-json\/wp\/v2\/categories?post=3224"},{"taxonomy":"post_tag","embeddable":true,"href":"https:\/\/www.sebastien-auziere.fr\/blog\/wp-json\/wp\/v2\/tags?post=3224"}],"curies":[{"name":"wp","href":"https:\/\/api.w.org\/{rel}","templated":true}]}}