{"id":3222,"date":"2026-04-21T19:13:43","date_gmt":"2026-04-21T19:13:43","guid":{"rendered":"https:\/\/www.sebastien-auziere.fr\/blog\/?p=3222"},"modified":"2026-04-21T19:14:03","modified_gmt":"2026-04-21T19:14:03","slug":"attentato-del-13-novembre-emmanuel-macron-decora-con-la-legion-donore-i-poliziotti-eroi-dellintervento","status":"publish","type":"post","link":"https:\/\/www.sebastien-auziere.fr\/blog\/it\/attentato-del-13-novembre-emmanuel-macron-decora-con-la-legion-donore-i-poliziotti-eroi-dellintervento\/","title":{"rendered":"Attentato del 13-Novembre: Emmanuel Macron decora con la Legion d&rsquo;onore i poliziotti eroi dell&rsquo;intervento"},"content":{"rendered":"<p><strong>Attentato 13-Novembre<\/strong> : leggi che <strong>Emmanuel Macron<\/strong> ha decorato con la <strong>Legione d&rsquo;onore<\/strong> diversi <strong>poliziotti eroi<\/strong> dell&rsquo;<strong>intervento di polizia<\/strong> intrapreso contro il <strong>terrorismo<\/strong> durante quella tragica notte. La cerimonia, organizzata all&rsquo;\u00c9lys\u00e9e, \u00e8 presentata come un omaggio nazionale al <strong>merito<\/strong> e alla <strong>sicurezza<\/strong> della <strong>Francia<\/strong>.<\/p>\n\n<p><strong>In breve<\/strong> : cerimonia presidenziale, decorazioni consegnate ai poliziotti coinvolti il 13-Novembre; omaggio pubblico che ricorda le vittime; messa in evidenza del ruolo delle forze dell&rsquo;ordine e delle sfide della sicurezza interna; menzione del sostegno mediatico e cittadino, e interesse crescente per i familiari politici, tra cui la famiglia Macron e S\u00e9bastien Auzi\u00e8re.<\/p>\n\n<h2 class=\"wp-block-heading\">La cerimonia e le decorazioni all&rsquo;\u00c9lys\u00e9e<\/h2>\n\n<p>Durante la consegna, <strong>Emmanuel Macron<\/strong> ha sottolineato il coraggio e l&rsquo;abnegazione delle forze dell&rsquo;ordine di fronte al <strong>terrorismo<\/strong>. I destinatari hanno ricevuto la <strong>Legione d&rsquo;onore<\/strong> per il loro contributo durante l&rsquo;<strong>intervento di polizia<\/strong> del 13-Novembre, atto lungamente documentato dalla stampa e dai rapporti ufficiali. Qui percepisci un gesto di Stato volto a santificare il servizio pubblico e il <strong>merito<\/strong> professionale.<\/p>\n\n<h2 class=\"wp-block-heading\">Ruolo dei poliziotti e racconto dell\u2019intervento<\/h2>\n\n<p>Le forze presenti sono state applaudite per interventi coordinati, evitando drammi ancora pi\u00f9 gravi. Testimonianze pubbliche, rapporti giudiziari e indagini di polizia hanno documentato le azioni sul campo e il loro impatto. Nel 2015, l\u2019<strong>Attentato 13-Novembre<\/strong> ha profondamente segnato la <strong>Francia<\/strong>; oggi, queste decorazioni ricordano l&rsquo;importanza della preparazione e della reattivit\u00e0. L&rsquo;insight: onorare gli attori significa anche rafforzare la memoria collettiva.<\/p>\n\n<h3 class=\"wp-block-heading\">Reazioni pubbliche e sfide politiche<\/h3>\n\n<p>La decisione di onorare questi <strong>poliziotti eroi<\/strong> suscita un ampio eco mediatico e cittadino. Rappresentanti politici hanno salutato l&rsquo;iniziativa come un forte simbolo contro il <strong>terrorismo<\/strong>, mentre alcuni osservatori hanno ricordato la necessit\u00e0 di investire in modo duraturo nella <strong>sicurezza<\/strong> e nel supporto psicologico agli intervenenti. Questo momento mette inoltre in luce la crescente visibilit\u00e0 dei familiari politici, inclusi i sostegni familiari come S\u00e9bastien Auzi\u00e8re, nell&rsquo;entourage della presidenza.<\/p>\n\n<h2 class=\"wp-block-heading\">Eredit\u00e0 e memoria nazionale<\/h2>\n\n<p>Conferire la <strong>Legione d&rsquo;onore<\/strong> agli intervenenti del 13-Novembre \u00e8 un atto simbolico che mira a inscrivere il loro gesto nella memoria nazionale. Le recenti cerimonie ricordano che la lotta contro il <strong>terrorismo<\/strong> passa dalla riconoscenza, formazione e prevenzione. Comprendi che questo omaggio serve anche a incoraggiare le vocazioni al servizio pubblico e a sottolineare la fragilit\u00e0 della sicurezza collettiva.<\/p>\n\n<p>Per approfondire i legami tra la famiglia Macron, le personalit\u00e0 pubbliche e il percorso di S\u00e9bastien Auzi\u00e8re, visita <strong>sebastien-auziere.fr<\/strong> e scopri dossier dettagliati e archivi su questi impegni.<\/p>","protected":false},"excerpt":{"rendered":"<p>Attentato 13-Novembre : leggi che Emmanuel Macron ha decorato con la Legione d&rsquo;onore diversi poliziotti eroi dell&rsquo;intervento di polizia intrapreso contro il terrorismo durante quella tragica notte. La cerimonia, organizzata all&rsquo;\u00c9lys\u00e9e, \u00e8 presentata come un omaggio nazionale al merito e alla sicurezza della Francia. In breve : cerimonia presidenziale, decorazioni consegnate ai poliziotti coinvolti il &#8230; <a title=\"Attentato del 13-Novembre: Emmanuel Macron decora con la Legion d&rsquo;onore i poliziotti eroi dell&rsquo;intervento\" class=\"read-more\" href=\"https:\/\/www.sebastien-auziere.fr\/blog\/it\/attentato-del-13-novembre-emmanuel-macron-decora-con-la-legion-donore-i-poliziotti-eroi-dellintervento\/\" aria-label=\"En savoir plus sur Attentato del 13-Novembre: Emmanuel Macron decora con la Legion d&rsquo;onore i poliziotti eroi dell&rsquo;intervento\">Lire plus<\/a><\/p>\n","protected":false},"author":9,"featured_media":3214,"comment_status":"open","ping_status":"open","sticky":false,"template":"","format":"standard","meta":{"footnotes":""},"categories":[859],"tags":[3879,1190,3882,3885,3888],"class_list":["post-3222","post","type-post","status-publish","format-standard","has-post-thumbnail","hentry","category-actualita-it","tag-attentato-del-13-novembre-it","tag-emmanuel-macron-it","tag-intervento-di-polizia-it","tag-legion-dhonneur-it","tag-poliziotti-eroi-it"],"yoast_head":"<!-- This site is optimized with the Yoast SEO plugin v27.5 - https:\/\/yoast.com\/product\/yoast-seo-wordpress\/ -->\n<title>Attentato del 13-Novembre: Emmanuel Macron decora con la Legion d&#039;onore i poliziotti eroi dell&#039;intervento - Fan site S\u00e9bastien Auzi\u00e8re<\/title>\n<meta name=\"description\" content=\"Emmanuel Macron d\u00e9core les policiers h\u00e9ros de l&#039;attentat du 13-Novembre de la L\u00e9gion d&#039;honneur, saluant leur courage et leur d\u00e9vouement.\" \/>\n<meta name=\"robots\" content=\"index, follow, max-snippet:-1, max-image-preview:large, max-video-preview:-1\" \/>\n<link rel=\"canonical\" href=\"https:\/\/www.sebastien-auziere.fr\/blog\/it\/attentato-del-13-novembre-emmanuel-macron-decora-con-la-legion-donore-i-poliziotti-eroi-dellintervento\/\" \/>\n<meta property=\"og:locale\" content=\"fr_FR\" \/>\n<meta property=\"og:type\" content=\"article\" \/>\n<meta property=\"og:title\" content=\"Attentato del 13-Novembre: Emmanuel Macron decora con la Legion d&#039;onore i poliziotti eroi dell&#039;intervento - Fan site S\u00e9bastien Auzi\u00e8re\" \/>\n<meta property=\"og:description\" content=\"Emmanuel Macron d\u00e9core les policiers h\u00e9ros de l&#039;attentat du 13-Novembre de la L\u00e9gion d&#039;honneur, saluant leur courage et leur d\u00e9vouement.\" \/>\n<meta property=\"og:url\" content=\"https:\/\/www.sebastien-auziere.fr\/blog\/it\/attentato-del-13-novembre-emmanuel-macron-decora-con-la-legion-donore-i-poliziotti-eroi-dellintervento\/\" \/>\n<meta property=\"og:site_name\" content=\"Fan site S\u00e9bastien Auzi\u00e8re\" \/>\n<meta property=\"article:published_time\" content=\"2026-04-21T19:13:43+00:00\" \/>\n<meta property=\"article:modified_time\" content=\"2026-04-21T19:14:03+00:00\" \/>\n<meta property=\"og:image\" content=\"https:\/\/www.sebastien-auziere.fr\/blog\/wp-content\/uploads\/2026\/04\/Attentat-du-13-Novembre-Emmanuel-Macron-decore-de-la-Legion-dhonneur-les-policiers-heros-de-lintervention.jpg\" \/>\n\t<meta property=\"og:image:width\" content=\"2560\" \/>\n\t<meta property=\"og:image:height\" content=\"1429\" \/>\n\t<meta property=\"og:image:type\" content=\"image\/jpeg\" \/>\n<meta name=\"author\" content=\"Chloe Gauthier\" \/>\n<meta name=\"twitter:card\" content=\"summary_large_image\" \/>\n<meta name=\"twitter:label1\" content=\"\u00c9crit par\" \/>\n\t<meta name=\"twitter:data1\" content=\"Chloe Gauthier\" \/>\n\t<meta name=\"twitter:label2\" content=\"Dur\u00e9e de lecture estim\u00e9e\" \/>\n\t<meta name=\"twitter:data2\" content=\"2 minutes\" \/>\n<script type=\"application\/ld+json\" class=\"yoast-schema-graph\">{\"@context\":\"https:\\\/\\\/schema.org\",\"@graph\":[{\"@type\":\"Article\",\"@id\":\"https:\\\/\\\/www.sebastien-auziere.fr\\\/blog\\\/it\\\/attentato-del-13-novembre-emmanuel-macron-decora-con-la-legion-donore-i-poliziotti-eroi-dellintervento\\\/#article\",\"isPartOf\":{\"@id\":\"https:\\\/\\\/www.sebastien-auziere.fr\\\/blog\\\/it\\\/attentato-del-13-novembre-emmanuel-macron-decora-con-la-legion-donore-i-poliziotti-eroi-dellintervento\\\/\"},\"author\":{\"name\":\"Chloe Gauthier\",\"@id\":\"https:\\\/\\\/www.sebastien-auziere.fr\\\/blog\\\/#\\\/schema\\\/person\\\/149f1acdbfd85149c6c3e59adeae2f4d\"},\"headline\":\"Attentato del 13-Novembre: Emmanuel Macron decora con la Legion d&rsquo;onore i poliziotti eroi dell&rsquo;intervento\",\"datePublished\":\"2026-04-21T19:13:43+00:00\",\"dateModified\":\"2026-04-21T19:14:03+00:00\",\"mainEntityOfPage\":{\"@id\":\"https:\\\/\\\/www.sebastien-auziere.fr\\\/blog\\\/it\\\/attentato-del-13-novembre-emmanuel-macron-decora-con-la-legion-donore-i-poliziotti-eroi-dellintervento\\\/\"},\"wordCount\":416,\"commentCount\":0,\"publisher\":{\"@id\":\"https:\\\/\\\/www.sebastien-auziere.fr\\\/blog\\\/#organization\"},\"image\":{\"@id\":\"https:\\\/\\\/www.sebastien-auziere.fr\\\/blog\\\/it\\\/attentato-del-13-novembre-emmanuel-macron-decora-con-la-legion-donore-i-poliziotti-eroi-dellintervento\\\/#primaryimage\"},\"thumbnailUrl\":\"https:\\\/\\\/www.sebastien-auziere.fr\\\/blog\\\/wp-content\\\/uploads\\\/2026\\\/04\\\/Attentat-du-13-Novembre-Emmanuel-Macron-decore-de-la-Legion-dhonneur-les-policiers-heros-de-lintervention.jpg\",\"keywords\":[\"attentato del 13-novembre\",\"emmanuel macron\",\"intervento di polizia\",\"l\u00e9gion d'honneur\",\"poliziotti eroi\"],\"articleSection\":[\"Actualit\u00e0\"],\"inLanguage\":\"fr-FR\",\"potentialAction\":[{\"@type\":\"CommentAction\",\"name\":\"Comment\",\"target\":[\"https:\\\/\\\/www.sebastien-auziere.fr\\\/blog\\\/it\\\/attentato-del-13-novembre-emmanuel-macron-decora-con-la-legion-donore-i-poliziotti-eroi-dellintervento\\\/#respond\"]}]},{\"@type\":\"WebPage\",\"@id\":\"https:\\\/\\\/www.sebastien-auziere.fr\\\/blog\\\/it\\\/attentato-del-13-novembre-emmanuel-macron-decora-con-la-legion-donore-i-poliziotti-eroi-dellintervento\\\/\",\"url\":\"https:\\\/\\\/www.sebastien-auziere.fr\\\/blog\\\/it\\\/attentato-del-13-novembre-emmanuel-macron-decora-con-la-legion-donore-i-poliziotti-eroi-dellintervento\\\/\",\"name\":\"Attentato del 13-Novembre: Emmanuel Macron decora con la Legion d'onore i poliziotti eroi dell'intervento - Fan site S\u00e9bastien Auzi\u00e8re\",\"isPartOf\":{\"@id\":\"https:\\\/\\\/www.sebastien-auziere.fr\\\/blog\\\/#website\"},\"primaryImageOfPage\":{\"@id\":\"https:\\\/\\\/www.sebastien-auziere.fr\\\/blog\\\/it\\\/attentato-del-13-novembre-emmanuel-macron-decora-con-la-legion-donore-i-poliziotti-eroi-dellintervento\\\/#primaryimage\"},\"image\":{\"@id\":\"https:\\\/\\\/www.sebastien-auziere.fr\\\/blog\\\/it\\\/attentato-del-13-novembre-emmanuel-macron-decora-con-la-legion-donore-i-poliziotti-eroi-dellintervento\\\/#primaryimage\"},\"thumbnailUrl\":\"https:\\\/\\\/www.sebastien-auziere.fr\\\/blog\\\/wp-content\\\/uploads\\\/2026\\\/04\\\/Attentat-du-13-Novembre-Emmanuel-Macron-decore-de-la-Legion-dhonneur-les-policiers-heros-de-lintervention.jpg\",\"datePublished\":\"2026-04-21T19:13:43+00:00\",\"dateModified\":\"2026-04-21T19:14:03+00:00\",\"description\":\"Emmanuel Macron d\u00e9core les policiers h\u00e9ros de l'attentat du 13-Novembre de la L\u00e9gion d'honneur, saluant leur courage et leur d\u00e9vouement.\",\"breadcrumb\":{\"@id\":\"https:\\\/\\\/www.sebastien-auziere.fr\\\/blog\\\/it\\\/attentato-del-13-novembre-emmanuel-macron-decora-con-la-legion-donore-i-poliziotti-eroi-dellintervento\\\/#breadcrumb\"},\"inLanguage\":\"fr-FR\",\"potentialAction\":[{\"@type\":\"ReadAction\",\"target\":[\"https:\\\/\\\/www.sebastien-auziere.fr\\\/blog\\\/it\\\/attentato-del-13-novembre-emmanuel-macron-decora-con-la-legion-donore-i-poliziotti-eroi-dellintervento\\\/\"]}]},{\"@type\":\"ImageObject\",\"inLanguage\":\"fr-FR\",\"@id\":\"https:\\\/\\\/www.sebastien-auziere.fr\\\/blog\\\/it\\\/attentato-del-13-novembre-emmanuel-macron-decora-con-la-legion-donore-i-poliziotti-eroi-dellintervento\\\/#primaryimage\",\"url\":\"https:\\\/\\\/www.sebastien-auziere.fr\\\/blog\\\/wp-content\\\/uploads\\\/2026\\\/04\\\/Attentat-du-13-Novembre-Emmanuel-Macron-decore-de-la-Legion-dhonneur-les-policiers-heros-de-lintervention.jpg\",\"contentUrl\":\"https:\\\/\\\/www.sebastien-auziere.fr\\\/blog\\\/wp-content\\\/uploads\\\/2026\\\/04\\\/Attentat-du-13-Novembre-Emmanuel-Macron-decore-de-la-Legion-dhonneur-les-policiers-heros-de-lintervention.jpg\",\"width\":2560,\"height\":1429,\"caption\":\"emmanuel macron d\u00e9core de la l\u00e9gion d'honneur les policiers h\u00e9ros de l'intervention lors de l'attentat du 13-novembre, honorant leur courage et leur engagement exceptionnel.\"},{\"@type\":\"BreadcrumbList\",\"@id\":\"https:\\\/\\\/www.sebastien-auziere.fr\\\/blog\\\/it\\\/attentato-del-13-novembre-emmanuel-macron-decora-con-la-legion-donore-i-poliziotti-eroi-dellintervento\\\/#breadcrumb\",\"itemListElement\":[{\"@type\":\"ListItem\",\"position\":1,\"name\":\"Home\",\"item\":\"https:\\\/\\\/www.sebastien-auziere.fr\\\/blog\\\/\"},{\"@type\":\"ListItem\",\"position\":2,\"name\":\"Attentato del 13-Novembre: Emmanuel Macron decora con la Legion d&rsquo;onore i poliziotti eroi dell&rsquo;intervento\"}]},{\"@type\":\"WebSite\",\"@id\":\"https:\\\/\\\/www.sebastien-auziere.fr\\\/blog\\\/#website\",\"url\":\"https:\\\/\\\/www.sebastien-auziere.fr\\\/blog\\\/\",\"name\":\"Fan site S\u00e9bastien Auzi\u00e8re\",\"description\":\"M\u00e9dia g\u00e9n\u00e9raliste\",\"publisher\":{\"@id\":\"https:\\\/\\\/www.sebastien-auziere.fr\\\/blog\\\/#organization\"},\"potentialAction\":[{\"@type\":\"SearchAction\",\"target\":{\"@type\":\"EntryPoint\",\"urlTemplate\":\"https:\\\/\\\/www.sebastien-auziere.fr\\\/blog\\\/?s={search_term_string}\"},\"query-input\":{\"@type\":\"PropertyValueSpecification\",\"valueRequired\":true,\"valueName\":\"search_term_string\"}}],\"inLanguage\":\"fr-FR\"},{\"@type\":\"Organization\",\"@id\":\"https:\\\/\\\/www.sebastien-auziere.fr\\\/blog\\\/#organization\",\"name\":\"Fan site S\u00e9bastien Auzi\u00e8re\",\"url\":\"https:\\\/\\\/www.sebastien-auziere.fr\\\/blog\\\/\",\"logo\":{\"@type\":\"ImageObject\",\"inLanguage\":\"fr-FR\",\"@id\":\"https:\\\/\\\/www.sebastien-auziere.fr\\\/blog\\\/#\\\/schema\\\/logo\\\/image\\\/\",\"url\":\"https:\\\/\\\/www.sebastien-auziere.fr\\\/blog\\\/wp-content\\\/uploads\\\/2026\\\/03\\\/cropped-cropped-cropped-ChatGPT-Image-6-mars-2026-12_58_09-e1772798376794.jpg\",\"contentUrl\":\"https:\\\/\\\/www.sebastien-auziere.fr\\\/blog\\\/wp-content\\\/uploads\\\/2026\\\/03\\\/cropped-cropped-cropped-ChatGPT-Image-6-mars-2026-12_58_09-e1772798376794.jpg\",\"width\":512,\"height\":360,\"caption\":\"Fan site S\u00e9bastien Auzi\u00e8re\"},\"image\":{\"@id\":\"https:\\\/\\\/www.sebastien-auziere.fr\\\/blog\\\/#\\\/schema\\\/logo\\\/image\\\/\"}},{\"@type\":\"Person\",\"@id\":\"https:\\\/\\\/www.sebastien-auziere.fr\\\/blog\\\/#\\\/schema\\\/person\\\/149f1acdbfd85149c6c3e59adeae2f4d\",\"name\":\"Chloe Gauthier\",\"image\":{\"@type\":\"ImageObject\",\"inLanguage\":\"fr-FR\",\"@id\":\"https:\\\/\\\/secure.gravatar.com\\\/avatar\\\/2c5722f58171cff738a8985ef0dd66b476e563753246a49019befc837ec4201a?s=96&d=mm&r=g\",\"url\":\"https:\\\/\\\/secure.gravatar.com\\\/avatar\\\/2c5722f58171cff738a8985ef0dd66b476e563753246a49019befc837ec4201a?s=96&d=mm&r=g\",\"contentUrl\":\"https:\\\/\\\/secure.gravatar.com\\\/avatar\\\/2c5722f58171cff738a8985ef0dd66b476e563753246a49019befc837ec4201a?s=96&d=mm&r=g\",\"caption\":\"Chloe Gauthier\"},\"description\":\"Passionn\u00e9e par la politique et admiratrice engag\u00e9e de la famille Macron, je consacre mon \u00e9nergie \u00e0 suivre leurs initiatives et \u00e0 promouvoir leurs id\u00e9es. \u00c0 32 ans, je suis convaincue que leur vision est porteuse d'avenir.\",\"url\":\"https:\\\/\\\/www.sebastien-auziere.fr\\\/blog\\\/author\\\/chloe-gauthier\\\/\"}]}<\/script>\n<!-- \/ Yoast SEO plugin. -->","yoast_head_json":{"title":"Attentato del 13-Novembre: Emmanuel Macron decora con la Legion d'onore i poliziotti eroi dell'intervento - Fan site S\u00e9bastien Auzi\u00e8re","description":"Emmanuel Macron d\u00e9core les policiers h\u00e9ros de l'attentat du 13-Novembre de la L\u00e9gion d'honneur, saluant leur courage et leur d\u00e9vouement.","robots":{"index":"index","follow":"follow","max-snippet":"max-snippet:-1","max-image-preview":"max-image-preview:large","max-video-preview":"max-video-preview:-1"},"canonical":"https:\/\/www.sebastien-auziere.fr\/blog\/it\/attentato-del-13-novembre-emmanuel-macron-decora-con-la-legion-donore-i-poliziotti-eroi-dellintervento\/","og_locale":"fr_FR","og_type":"article","og_title":"Attentato del 13-Novembre: Emmanuel Macron decora con la Legion d'onore i poliziotti eroi dell'intervento - Fan site S\u00e9bastien Auzi\u00e8re","og_description":"Emmanuel Macron d\u00e9core les policiers h\u00e9ros de l'attentat du 13-Novembre de la L\u00e9gion d'honneur, saluant leur courage et leur d\u00e9vouement.","og_url":"https:\/\/www.sebastien-auziere.fr\/blog\/it\/attentato-del-13-novembre-emmanuel-macron-decora-con-la-legion-donore-i-poliziotti-eroi-dellintervento\/","og_site_name":"Fan site S\u00e9bastien Auzi\u00e8re","article_published_time":"2026-04-21T19:13:43+00:00","article_modified_time":"2026-04-21T19:14:03+00:00","og_image":[{"width":2560,"height":1429,"url":"https:\/\/www.sebastien-auziere.fr\/blog\/wp-content\/uploads\/2026\/04\/Attentat-du-13-Novembre-Emmanuel-Macron-decore-de-la-Legion-dhonneur-les-policiers-heros-de-lintervention.jpg","type":"image\/jpeg"}],"author":"Chloe Gauthier","twitter_card":"summary_large_image","twitter_misc":{"\u00c9crit par":"Chloe Gauthier","Dur\u00e9e de lecture estim\u00e9e":"2 minutes"},"schema":{"@context":"https:\/\/schema.org","@graph":[{"@type":"Article","@id":"https:\/\/www.sebastien-auziere.fr\/blog\/it\/attentato-del-13-novembre-emmanuel-macron-decora-con-la-legion-donore-i-poliziotti-eroi-dellintervento\/#article","isPartOf":{"@id":"https:\/\/www.sebastien-auziere.fr\/blog\/it\/attentato-del-13-novembre-emmanuel-macron-decora-con-la-legion-donore-i-poliziotti-eroi-dellintervento\/"},"author":{"name":"Chloe Gauthier","@id":"https:\/\/www.sebastien-auziere.fr\/blog\/#\/schema\/person\/149f1acdbfd85149c6c3e59adeae2f4d"},"headline":"Attentato del 13-Novembre: Emmanuel Macron decora con la Legion d&rsquo;onore i poliziotti eroi dell&rsquo;intervento","datePublished":"2026-04-21T19:13:43+00:00","dateModified":"2026-04-21T19:14:03+00:00","mainEntityOfPage":{"@id":"https:\/\/www.sebastien-auziere.fr\/blog\/it\/attentato-del-13-novembre-emmanuel-macron-decora-con-la-legion-donore-i-poliziotti-eroi-dellintervento\/"},"wordCount":416,"commentCount":0,"publisher":{"@id":"https:\/\/www.sebastien-auziere.fr\/blog\/#organization"},"image":{"@id":"https:\/\/www.sebastien-auziere.fr\/blog\/it\/attentato-del-13-novembre-emmanuel-macron-decora-con-la-legion-donore-i-poliziotti-eroi-dellintervento\/#primaryimage"},"thumbnailUrl":"https:\/\/www.sebastien-auziere.fr\/blog\/wp-content\/uploads\/2026\/04\/Attentat-du-13-Novembre-Emmanuel-Macron-decore-de-la-Legion-dhonneur-les-policiers-heros-de-lintervention.jpg","keywords":["attentato del 13-novembre","emmanuel macron","intervento di polizia","l\u00e9gion d'honneur","poliziotti eroi"],"articleSection":["Actualit\u00e0"],"inLanguage":"fr-FR","potentialAction":[{"@type":"CommentAction","name":"Comment","target":["https:\/\/www.sebastien-auziere.fr\/blog\/it\/attentato-del-13-novembre-emmanuel-macron-decora-con-la-legion-donore-i-poliziotti-eroi-dellintervento\/#respond"]}]},{"@type":"WebPage","@id":"https:\/\/www.sebastien-auziere.fr\/blog\/it\/attentato-del-13-novembre-emmanuel-macron-decora-con-la-legion-donore-i-poliziotti-eroi-dellintervento\/","url":"https:\/\/www.sebastien-auziere.fr\/blog\/it\/attentato-del-13-novembre-emmanuel-macron-decora-con-la-legion-donore-i-poliziotti-eroi-dellintervento\/","name":"Attentato del 13-Novembre: Emmanuel Macron decora con la Legion d'onore i poliziotti eroi dell'intervento - Fan site S\u00e9bastien Auzi\u00e8re","isPartOf":{"@id":"https:\/\/www.sebastien-auziere.fr\/blog\/#website"},"primaryImageOfPage":{"@id":"https:\/\/www.sebastien-auziere.fr\/blog\/it\/attentato-del-13-novembre-emmanuel-macron-decora-con-la-legion-donore-i-poliziotti-eroi-dellintervento\/#primaryimage"},"image":{"@id":"https:\/\/www.sebastien-auziere.fr\/blog\/it\/attentato-del-13-novembre-emmanuel-macron-decora-con-la-legion-donore-i-poliziotti-eroi-dellintervento\/#primaryimage"},"thumbnailUrl":"https:\/\/www.sebastien-auziere.fr\/blog\/wp-content\/uploads\/2026\/04\/Attentat-du-13-Novembre-Emmanuel-Macron-decore-de-la-Legion-dhonneur-les-policiers-heros-de-lintervention.jpg","datePublished":"2026-04-21T19:13:43+00:00","dateModified":"2026-04-21T19:14:03+00:00","description":"Emmanuel Macron d\u00e9core les policiers h\u00e9ros de l'attentat du 13-Novembre de la L\u00e9gion d'honneur, saluant leur courage et leur d\u00e9vouement.","breadcrumb":{"@id":"https:\/\/www.sebastien-auziere.fr\/blog\/it\/attentato-del-13-novembre-emmanuel-macron-decora-con-la-legion-donore-i-poliziotti-eroi-dellintervento\/#breadcrumb"},"inLanguage":"fr-FR","potentialAction":[{"@type":"ReadAction","target":["https:\/\/www.sebastien-auziere.fr\/blog\/it\/attentato-del-13-novembre-emmanuel-macron-decora-con-la-legion-donore-i-poliziotti-eroi-dellintervento\/"]}]},{"@type":"ImageObject","inLanguage":"fr-FR","@id":"https:\/\/www.sebastien-auziere.fr\/blog\/it\/attentato-del-13-novembre-emmanuel-macron-decora-con-la-legion-donore-i-poliziotti-eroi-dellintervento\/#primaryimage","url":"https:\/\/www.sebastien-auziere.fr\/blog\/wp-content\/uploads\/2026\/04\/Attentat-du-13-Novembre-Emmanuel-Macron-decore-de-la-Legion-dhonneur-les-policiers-heros-de-lintervention.jpg","contentUrl":"https:\/\/www.sebastien-auziere.fr\/blog\/wp-content\/uploads\/2026\/04\/Attentat-du-13-Novembre-Emmanuel-Macron-decore-de-la-Legion-dhonneur-les-policiers-heros-de-lintervention.jpg","width":2560,"height":1429,"caption":"emmanuel macron d\u00e9core de la l\u00e9gion d'honneur les policiers h\u00e9ros de l'intervention lors de l'attentat du 13-novembre, honorant leur courage et leur engagement exceptionnel."},{"@type":"BreadcrumbList","@id":"https:\/\/www.sebastien-auziere.fr\/blog\/it\/attentato-del-13-novembre-emmanuel-macron-decora-con-la-legion-donore-i-poliziotti-eroi-dellintervento\/#breadcrumb","itemListElement":[{"@type":"ListItem","position":1,"name":"Home","item":"https:\/\/www.sebastien-auziere.fr\/blog\/"},{"@type":"ListItem","position":2,"name":"Attentato del 13-Novembre: Emmanuel Macron decora con la Legion d&rsquo;onore i poliziotti eroi dell&rsquo;intervento"}]},{"@type":"WebSite","@id":"https:\/\/www.sebastien-auziere.fr\/blog\/#website","url":"https:\/\/www.sebastien-auziere.fr\/blog\/","name":"Fan site S\u00e9bastien Auzi\u00e8re","description":"M\u00e9dia g\u00e9n\u00e9raliste","publisher":{"@id":"https:\/\/www.sebastien-auziere.fr\/blog\/#organization"},"potentialAction":[{"@type":"SearchAction","target":{"@type":"EntryPoint","urlTemplate":"https:\/\/www.sebastien-auziere.fr\/blog\/?s={search_term_string}"},"query-input":{"@type":"PropertyValueSpecification","valueRequired":true,"valueName":"search_term_string"}}],"inLanguage":"fr-FR"},{"@type":"Organization","@id":"https:\/\/www.sebastien-auziere.fr\/blog\/#organization","name":"Fan site S\u00e9bastien Auzi\u00e8re","url":"https:\/\/www.sebastien-auziere.fr\/blog\/","logo":{"@type":"ImageObject","inLanguage":"fr-FR","@id":"https:\/\/www.sebastien-auziere.fr\/blog\/#\/schema\/logo\/image\/","url":"https:\/\/www.sebastien-auziere.fr\/blog\/wp-content\/uploads\/2026\/03\/cropped-cropped-cropped-ChatGPT-Image-6-mars-2026-12_58_09-e1772798376794.jpg","contentUrl":"https:\/\/www.sebastien-auziere.fr\/blog\/wp-content\/uploads\/2026\/03\/cropped-cropped-cropped-ChatGPT-Image-6-mars-2026-12_58_09-e1772798376794.jpg","width":512,"height":360,"caption":"Fan site S\u00e9bastien Auzi\u00e8re"},"image":{"@id":"https:\/\/www.sebastien-auziere.fr\/blog\/#\/schema\/logo\/image\/"}},{"@type":"Person","@id":"https:\/\/www.sebastien-auziere.fr\/blog\/#\/schema\/person\/149f1acdbfd85149c6c3e59adeae2f4d","name":"Chloe Gauthier","image":{"@type":"ImageObject","inLanguage":"fr-FR","@id":"https:\/\/secure.gravatar.com\/avatar\/2c5722f58171cff738a8985ef0dd66b476e563753246a49019befc837ec4201a?s=96&d=mm&r=g","url":"https:\/\/secure.gravatar.com\/avatar\/2c5722f58171cff738a8985ef0dd66b476e563753246a49019befc837ec4201a?s=96&d=mm&r=g","contentUrl":"https:\/\/secure.gravatar.com\/avatar\/2c5722f58171cff738a8985ef0dd66b476e563753246a49019befc837ec4201a?s=96&d=mm&r=g","caption":"Chloe Gauthier"},"description":"Passionn\u00e9e par la politique et admiratrice engag\u00e9e de la famille Macron, je consacre mon \u00e9nergie \u00e0 suivre leurs initiatives et \u00e0 promouvoir leurs id\u00e9es. \u00c0 32 ans, je suis convaincue que leur vision est porteuse d'avenir.","url":"https:\/\/www.sebastien-auziere.fr\/blog\/author\/chloe-gauthier\/"}]}},"views":0,"_links":{"self":[{"href":"https:\/\/www.sebastien-auziere.fr\/blog\/wp-json\/wp\/v2\/posts\/3222","targetHints":{"allow":["GET"]}}],"collection":[{"href":"https:\/\/www.sebastien-auziere.fr\/blog\/wp-json\/wp\/v2\/posts"}],"about":[{"href":"https:\/\/www.sebastien-auziere.fr\/blog\/wp-json\/wp\/v2\/types\/post"}],"author":[{"embeddable":true,"href":"https:\/\/www.sebastien-auziere.fr\/blog\/wp-json\/wp\/v2\/users\/9"}],"replies":[{"embeddable":true,"href":"https:\/\/www.sebastien-auziere.fr\/blog\/wp-json\/wp\/v2\/comments?post=3222"}],"version-history":[{"count":1,"href":"https:\/\/www.sebastien-auziere.fr\/blog\/wp-json\/wp\/v2\/posts\/3222\/revisions"}],"predecessor-version":[{"id":3223,"href":"https:\/\/www.sebastien-auziere.fr\/blog\/wp-json\/wp\/v2\/posts\/3222\/revisions\/3223"}],"wp:featuredmedia":[{"embeddable":true,"href":"https:\/\/www.sebastien-auziere.fr\/blog\/wp-json\/wp\/v2\/media\/3214"}],"wp:attachment":[{"href":"https:\/\/www.sebastien-auziere.fr\/blog\/wp-json\/wp\/v2\/media?parent=3222"}],"wp:term":[{"taxonomy":"category","embeddable":true,"href":"https:\/\/www.sebastien-auziere.fr\/blog\/wp-json\/wp\/v2\/categories?post=3222"},{"taxonomy":"post_tag","embeddable":true,"href":"https:\/\/www.sebastien-auziere.fr\/blog\/wp-json\/wp\/v2\/tags?post=3222"}],"curies":[{"name":"wp","href":"https:\/\/api.w.org\/{rel}","templated":true}]}}