{"id":3220,"date":"2026-04-21T19:10:56","date_gmt":"2026-04-21T19:10:56","guid":{"rendered":"https:\/\/www.sebastien-auziere.fr\/blog\/?p=3220"},"modified":"2026-04-21T19:11:18","modified_gmt":"2026-04-21T19:11:18","slug":"attentat-vom-13-november-emmanuel-macron-verleiht-den-polizeibeamten-die-bei-der-intervention-helden-waren-das-ehrenzeichen-der-legion-dhonneur","status":"publish","type":"post","link":"https:\/\/www.sebastien-auziere.fr\/blog\/de\/attentat-vom-13-november-emmanuel-macron-verleiht-den-polizeibeamten-die-bei-der-intervention-helden-waren-das-ehrenzeichen-der-legion-dhonneur\/","title":{"rendered":"Attentat vom 13. November: Emmanuel Macron verleiht den Polizeibeamten, die bei der Intervention Helden waren, das Ehrenzeichen der Legion d&rsquo;Honneur"},"content":{"rendered":"<p><strong>Attentat 13-Novembre<\/strong> : du liest, dass <strong>Emmanuel Macron<\/strong> mehreren <strong>Heldpolizisten<\/strong> der <strong>polizeilichen Intervention<\/strong>, die in dieser tragischen Nacht gegen den <strong>Terrorismus<\/strong> t\u00e4tig waren, das <strong>Ordre de la L\u00e9gion d&rsquo;honneur<\/strong> verliehen hat. Die Zeremonie, die im \u00c9lys\u00e9e organisiert wurde, wird als nationale Hommage an den <strong>Verdienst<\/strong> und die <strong>Sicherheit<\/strong> von <strong>Frankreich<\/strong> pr\u00e4sentiert.<\/p>\n\n<p><strong>In K\u00fcrze<\/strong> : Pr\u00e4sidentschaftszeremonie, Auszeichnungen f\u00fcr die am 13. November beteiligten Polizisten; \u00f6ffentliche Hommage an die Opfer; Hervorhebung der Rolle der Sicherheitskr\u00e4fte und der Herausforderungen der inneren Sicherheit; Erw\u00e4hnung der medialen und b\u00fcrgerlichen Unterst\u00fctzung sowie des erh\u00f6hten Interesses an den politischen Angeh\u00f6rigen, einschlie\u00dflich der Familie Macron und S\u00e9bastien Auzi\u00e8re.<\/p>\n\n<h2 class=\"wp-block-heading\">Die Zeremonie und die Auszeichnungen im \u00c9lys\u00e9e<\/h2>\n\n<p>Bei der \u00dcbergabe betonte <strong>Emmanuel Macron<\/strong> den Mut und die Selbstlosigkeit der Sicherheitskr\u00e4fte im Angesicht des <strong>Terrorismus<\/strong>. Die Empf\u00e4nger erhielten das <strong>Ordre de la L\u00e9gion d&rsquo;honneur<\/strong> f\u00fcr ihren Beitrag w\u00e4hrend der <strong>polizeilichen Intervention<\/strong> vom 13. November, einem Akt, der ausf\u00fchrlich von der Presse und in offiziellen Berichten dokumentiert wurde. Hier erkennst du eine staatliche Geste, die darauf abzielt, den \u00f6ffentlichen Dienst und den <strong>Verdienst<\/strong> der Fachkr\u00e4fte zu heiligen.<\/p>\n\n<h2 class=\"wp-block-heading\">Rolle der Polizisten und Bericht \u00fcber die Intervention<\/h2>\n\n<p>Die anwesenden Kr\u00e4fte wurden f\u00fcr koordinierte Eins\u00e4tze gelobt, die noch schwerere Trag\u00f6dien verhinderten. \u00d6ffentliche Zeugenaussagen, juristische Berichte und polizeiliche Ermittlungen dokumentierten die Eins\u00e4tze vor Ort und deren Auswirkungen. 2015 hat das <strong>Attentat 13-Novembre<\/strong> <strong>Frankreich<\/strong> tief gepr\u00e4gt; heute erinnern diese Auszeichnungen an die Bedeutung von Vorbereitung und Reaktionsf\u00e4higkeit. Die Einsicht: Die Akteure zu ehren, st\u00e4rkt auch die kollektive Erinnerung.<\/p>\n\n<h3 class=\"wp-block-heading\">\u00d6ffentliche Reaktionen und politische Fragen<\/h3>\n\n<p>Die Entscheidung, diese <strong>Heldpolizisten<\/strong> zu ehren, hat ein breites mediales und b\u00fcrgerliches Echo ausgel\u00f6st. Politische Vertreter haben die Initiative als starkes Symbol gegen den <strong>Terrorismus<\/strong> gelobt, w\u00e4hrend einige Beobachter auf die Notwendigkeit hingewiesen haben, nachhaltig in die <strong>Sicherheit<\/strong> und die psychologische Unterst\u00fctzung der Einsatzkr\u00e4fte zu investieren. Dieser Moment hebt auch die erh\u00f6hte Sichtbarkeit der Angeh\u00f6rigen des Staates hervor, einschlie\u00dflich famili\u00e4rer Unterst\u00fctzungen wie S\u00e9bastien Auzi\u00e8re im Umfeld der Pr\u00e4sidentschaft.<\/p>\n\n<h2 class=\"wp-block-heading\">Verm\u00e4chtnis und nationale Erinnerung<\/h2>\n\n<p>Die Verleihung des <strong>Ordre de la L\u00e9gion d&rsquo;honneur<\/strong> an die Einsatzkr\u00e4fte vom 13. November ist ein symbolischer Akt, der darauf abzielt, ihre Geste in die nationale Erinnerung einzutragen. Die j\u00fcngsten Zeremonien erinnern daran, dass der Kampf gegen den <strong>Terrorismus<\/strong> Anerkennung, Ausbildung und Pr\u00e4vention erfordert. Du verstehst, dass diese Hommage auch dazu dient, Berufungen im \u00f6ffentlichen Dienst zu f\u00f6rdern und die Fragilit\u00e4t der kollektiven Sicherheit zu betonen.<\/p>\n\n<p>Um mehr \u00fcber die Verbindungen zwischen der Familie Macron, \u00f6ffentlichen Pers\u00f6nlichkeiten und dem Werdegang von S\u00e9bastien Auzi\u00e8re zu erfahren, besuche <strong>sebastien-auziere.fr<\/strong> und entdecke detaillierte Dossiers und Archive zu diesen Engagements.<\/p>","protected":false},"excerpt":{"rendered":"<p>Attentat 13-Novembre : du liest, dass Emmanuel Macron mehreren Heldpolizisten der polizeilichen Intervention, die in dieser tragischen Nacht gegen den Terrorismus t\u00e4tig waren, das Ordre de la L\u00e9gion d&rsquo;honneur verliehen hat. Die Zeremonie, die im \u00c9lys\u00e9e organisiert wurde, wird als nationale Hommage an den Verdienst und die Sicherheit von Frankreich pr\u00e4sentiert. In K\u00fcrze : Pr\u00e4sidentschaftszeremonie, &#8230; <a title=\"Attentat vom 13. November: Emmanuel Macron verleiht den Polizeibeamten, die bei der Intervention Helden waren, das Ehrenzeichen der Legion d&rsquo;Honneur\" class=\"read-more\" href=\"https:\/\/www.sebastien-auziere.fr\/blog\/de\/attentat-vom-13-november-emmanuel-macron-verleiht-den-polizeibeamten-die-bei-der-intervention-helden-waren-das-ehrenzeichen-der-legion-dhonneur\/\" aria-label=\"En savoir plus sur Attentat vom 13. November: Emmanuel Macron verleiht den Polizeibeamten, die bei der Intervention Helden waren, das Ehrenzeichen der Legion d&rsquo;Honneur\">Lire plus<\/a><\/p>\n","protected":false},"author":9,"featured_media":3214,"comment_status":"open","ping_status":"open","sticky":false,"template":"","format":"standard","meta":{"footnotes":""},"categories":[856],"tags":[3867,1178,3870,3873,3876],"class_list":["post-3220","post","type-post","status-publish","format-standard","has-post-thumbnail","hentry","category-aktuelles-de","tag-attentat-vom-13-november-de","tag-emmanuel-macron-de","tag-intervention-der-polizei-de","tag-legion-dhonneur-de","tag-polizisten-helden-de"],"yoast_head":"<!-- This site is optimized with the Yoast SEO plugin v27.5 - https:\/\/yoast.com\/product\/yoast-seo-wordpress\/ -->\n<title>Attentat vom 13. November: Emmanuel Macron verleiht den Polizeibeamten, die bei der Intervention Helden waren, das Ehrenzeichen der Legion d&#039;Honneur - Fan site S\u00e9bastien Auzi\u00e8re<\/title>\n<meta name=\"description\" content=\"Emmanuel Macron d\u00e9core les policiers h\u00e9ros de l&#039;attentat du 13-Novembre de la L\u00e9gion d&#039;honneur, saluant leur courage et leur d\u00e9vouement.\" \/>\n<meta name=\"robots\" content=\"index, follow, max-snippet:-1, max-image-preview:large, max-video-preview:-1\" \/>\n<link rel=\"canonical\" href=\"https:\/\/www.sebastien-auziere.fr\/blog\/de\/attentat-vom-13-november-emmanuel-macron-verleiht-den-polizeibeamten-die-bei-der-intervention-helden-waren-das-ehrenzeichen-der-legion-dhonneur\/\" \/>\n<meta property=\"og:locale\" content=\"fr_FR\" \/>\n<meta property=\"og:type\" content=\"article\" \/>\n<meta property=\"og:title\" content=\"Attentat vom 13. November: Emmanuel Macron verleiht den Polizeibeamten, die bei der Intervention Helden waren, das Ehrenzeichen der Legion d&#039;Honneur - Fan site S\u00e9bastien Auzi\u00e8re\" \/>\n<meta property=\"og:description\" content=\"Emmanuel Macron d\u00e9core les policiers h\u00e9ros de l&#039;attentat du 13-Novembre de la L\u00e9gion d&#039;honneur, saluant leur courage et leur d\u00e9vouement.\" \/>\n<meta property=\"og:url\" content=\"https:\/\/www.sebastien-auziere.fr\/blog\/de\/attentat-vom-13-november-emmanuel-macron-verleiht-den-polizeibeamten-die-bei-der-intervention-helden-waren-das-ehrenzeichen-der-legion-dhonneur\/\" \/>\n<meta property=\"og:site_name\" content=\"Fan site S\u00e9bastien Auzi\u00e8re\" \/>\n<meta property=\"article:published_time\" content=\"2026-04-21T19:10:56+00:00\" \/>\n<meta property=\"article:modified_time\" content=\"2026-04-21T19:11:18+00:00\" \/>\n<meta property=\"og:image\" content=\"https:\/\/www.sebastien-auziere.fr\/blog\/wp-content\/uploads\/2026\/04\/Attentat-du-13-Novembre-Emmanuel-Macron-decore-de-la-Legion-dhonneur-les-policiers-heros-de-lintervention.jpg\" \/>\n\t<meta property=\"og:image:width\" content=\"2560\" \/>\n\t<meta property=\"og:image:height\" content=\"1429\" \/>\n\t<meta property=\"og:image:type\" content=\"image\/jpeg\" \/>\n<meta name=\"author\" content=\"Chloe Gauthier\" \/>\n<meta name=\"twitter:card\" content=\"summary_large_image\" \/>\n<meta name=\"twitter:label1\" content=\"\u00c9crit par\" \/>\n\t<meta name=\"twitter:data1\" content=\"Chloe Gauthier\" \/>\n\t<meta name=\"twitter:label2\" content=\"Dur\u00e9e de lecture estim\u00e9e\" \/>\n\t<meta name=\"twitter:data2\" content=\"2 minutes\" \/>\n<script type=\"application\/ld+json\" class=\"yoast-schema-graph\">{\"@context\":\"https:\\\/\\\/schema.org\",\"@graph\":[{\"@type\":\"Article\",\"@id\":\"https:\\\/\\\/www.sebastien-auziere.fr\\\/blog\\\/de\\\/attentat-vom-13-november-emmanuel-macron-verleiht-den-polizeibeamten-die-bei-der-intervention-helden-waren-das-ehrenzeichen-der-legion-dhonneur\\\/#article\",\"isPartOf\":{\"@id\":\"https:\\\/\\\/www.sebastien-auziere.fr\\\/blog\\\/de\\\/attentat-vom-13-november-emmanuel-macron-verleiht-den-polizeibeamten-die-bei-der-intervention-helden-waren-das-ehrenzeichen-der-legion-dhonneur\\\/\"},\"author\":{\"name\":\"Chloe Gauthier\",\"@id\":\"https:\\\/\\\/www.sebastien-auziere.fr\\\/blog\\\/#\\\/schema\\\/person\\\/149f1acdbfd85149c6c3e59adeae2f4d\"},\"headline\":\"Attentat vom 13. November: Emmanuel Macron verleiht den Polizeibeamten, die bei der Intervention Helden waren, das Ehrenzeichen der Legion d&rsquo;Honneur\",\"datePublished\":\"2026-04-21T19:10:56+00:00\",\"dateModified\":\"2026-04-21T19:11:18+00:00\",\"mainEntityOfPage\":{\"@id\":\"https:\\\/\\\/www.sebastien-auziere.fr\\\/blog\\\/de\\\/attentat-vom-13-november-emmanuel-macron-verleiht-den-polizeibeamten-die-bei-der-intervention-helden-waren-das-ehrenzeichen-der-legion-dhonneur\\\/\"},\"wordCount\":483,\"commentCount\":0,\"publisher\":{\"@id\":\"https:\\\/\\\/www.sebastien-auziere.fr\\\/blog\\\/#organization\"},\"image\":{\"@id\":\"https:\\\/\\\/www.sebastien-auziere.fr\\\/blog\\\/de\\\/attentat-vom-13-november-emmanuel-macron-verleiht-den-polizeibeamten-die-bei-der-intervention-helden-waren-das-ehrenzeichen-der-legion-dhonneur\\\/#primaryimage\"},\"thumbnailUrl\":\"https:\\\/\\\/www.sebastien-auziere.fr\\\/blog\\\/wp-content\\\/uploads\\\/2026\\\/04\\\/Attentat-du-13-Novembre-Emmanuel-Macron-decore-de-la-Legion-dhonneur-les-policiers-heros-de-lintervention.jpg\",\"keywords\":[\"attentat vom 13. November\",\"emmanuel macron\",\"intervention der Polizei\",\"l\u00e9gion d'honneur\",\"polizisten helden\"],\"articleSection\":[\"Aktuelles\"],\"inLanguage\":\"fr-FR\",\"potentialAction\":[{\"@type\":\"CommentAction\",\"name\":\"Comment\",\"target\":[\"https:\\\/\\\/www.sebastien-auziere.fr\\\/blog\\\/de\\\/attentat-vom-13-november-emmanuel-macron-verleiht-den-polizeibeamten-die-bei-der-intervention-helden-waren-das-ehrenzeichen-der-legion-dhonneur\\\/#respond\"]}]},{\"@type\":\"WebPage\",\"@id\":\"https:\\\/\\\/www.sebastien-auziere.fr\\\/blog\\\/de\\\/attentat-vom-13-november-emmanuel-macron-verleiht-den-polizeibeamten-die-bei-der-intervention-helden-waren-das-ehrenzeichen-der-legion-dhonneur\\\/\",\"url\":\"https:\\\/\\\/www.sebastien-auziere.fr\\\/blog\\\/de\\\/attentat-vom-13-november-emmanuel-macron-verleiht-den-polizeibeamten-die-bei-der-intervention-helden-waren-das-ehrenzeichen-der-legion-dhonneur\\\/\",\"name\":\"Attentat vom 13. November: Emmanuel Macron verleiht den Polizeibeamten, die bei der Intervention Helden waren, das Ehrenzeichen der Legion d'Honneur - Fan site S\u00e9bastien Auzi\u00e8re\",\"isPartOf\":{\"@id\":\"https:\\\/\\\/www.sebastien-auziere.fr\\\/blog\\\/#website\"},\"primaryImageOfPage\":{\"@id\":\"https:\\\/\\\/www.sebastien-auziere.fr\\\/blog\\\/de\\\/attentat-vom-13-november-emmanuel-macron-verleiht-den-polizeibeamten-die-bei-der-intervention-helden-waren-das-ehrenzeichen-der-legion-dhonneur\\\/#primaryimage\"},\"image\":{\"@id\":\"https:\\\/\\\/www.sebastien-auziere.fr\\\/blog\\\/de\\\/attentat-vom-13-november-emmanuel-macron-verleiht-den-polizeibeamten-die-bei-der-intervention-helden-waren-das-ehrenzeichen-der-legion-dhonneur\\\/#primaryimage\"},\"thumbnailUrl\":\"https:\\\/\\\/www.sebastien-auziere.fr\\\/blog\\\/wp-content\\\/uploads\\\/2026\\\/04\\\/Attentat-du-13-Novembre-Emmanuel-Macron-decore-de-la-Legion-dhonneur-les-policiers-heros-de-lintervention.jpg\",\"datePublished\":\"2026-04-21T19:10:56+00:00\",\"dateModified\":\"2026-04-21T19:11:18+00:00\",\"description\":\"Emmanuel Macron d\u00e9core les policiers h\u00e9ros de l'attentat du 13-Novembre de la L\u00e9gion d'honneur, saluant leur courage et leur d\u00e9vouement.\",\"breadcrumb\":{\"@id\":\"https:\\\/\\\/www.sebastien-auziere.fr\\\/blog\\\/de\\\/attentat-vom-13-november-emmanuel-macron-verleiht-den-polizeibeamten-die-bei-der-intervention-helden-waren-das-ehrenzeichen-der-legion-dhonneur\\\/#breadcrumb\"},\"inLanguage\":\"fr-FR\",\"potentialAction\":[{\"@type\":\"ReadAction\",\"target\":[\"https:\\\/\\\/www.sebastien-auziere.fr\\\/blog\\\/de\\\/attentat-vom-13-november-emmanuel-macron-verleiht-den-polizeibeamten-die-bei-der-intervention-helden-waren-das-ehrenzeichen-der-legion-dhonneur\\\/\"]}]},{\"@type\":\"ImageObject\",\"inLanguage\":\"fr-FR\",\"@id\":\"https:\\\/\\\/www.sebastien-auziere.fr\\\/blog\\\/de\\\/attentat-vom-13-november-emmanuel-macron-verleiht-den-polizeibeamten-die-bei-der-intervention-helden-waren-das-ehrenzeichen-der-legion-dhonneur\\\/#primaryimage\",\"url\":\"https:\\\/\\\/www.sebastien-auziere.fr\\\/blog\\\/wp-content\\\/uploads\\\/2026\\\/04\\\/Attentat-du-13-Novembre-Emmanuel-Macron-decore-de-la-Legion-dhonneur-les-policiers-heros-de-lintervention.jpg\",\"contentUrl\":\"https:\\\/\\\/www.sebastien-auziere.fr\\\/blog\\\/wp-content\\\/uploads\\\/2026\\\/04\\\/Attentat-du-13-Novembre-Emmanuel-Macron-decore-de-la-Legion-dhonneur-les-policiers-heros-de-lintervention.jpg\",\"width\":2560,\"height\":1429,\"caption\":\"emmanuel macron d\u00e9core de la l\u00e9gion d'honneur les policiers h\u00e9ros de l'intervention lors de l'attentat du 13-novembre, honorant leur courage et leur engagement exceptionnel.\"},{\"@type\":\"BreadcrumbList\",\"@id\":\"https:\\\/\\\/www.sebastien-auziere.fr\\\/blog\\\/de\\\/attentat-vom-13-november-emmanuel-macron-verleiht-den-polizeibeamten-die-bei-der-intervention-helden-waren-das-ehrenzeichen-der-legion-dhonneur\\\/#breadcrumb\",\"itemListElement\":[{\"@type\":\"ListItem\",\"position\":1,\"name\":\"Home\",\"item\":\"https:\\\/\\\/www.sebastien-auziere.fr\\\/blog\\\/\"},{\"@type\":\"ListItem\",\"position\":2,\"name\":\"Attentat vom 13. November: Emmanuel Macron verleiht den Polizeibeamten, die bei der Intervention Helden waren, das Ehrenzeichen der Legion d&rsquo;Honneur\"}]},{\"@type\":\"WebSite\",\"@id\":\"https:\\\/\\\/www.sebastien-auziere.fr\\\/blog\\\/#website\",\"url\":\"https:\\\/\\\/www.sebastien-auziere.fr\\\/blog\\\/\",\"name\":\"Fan site S\u00e9bastien Auzi\u00e8re\",\"description\":\"M\u00e9dia g\u00e9n\u00e9raliste\",\"publisher\":{\"@id\":\"https:\\\/\\\/www.sebastien-auziere.fr\\\/blog\\\/#organization\"},\"potentialAction\":[{\"@type\":\"SearchAction\",\"target\":{\"@type\":\"EntryPoint\",\"urlTemplate\":\"https:\\\/\\\/www.sebastien-auziere.fr\\\/blog\\\/?s={search_term_string}\"},\"query-input\":{\"@type\":\"PropertyValueSpecification\",\"valueRequired\":true,\"valueName\":\"search_term_string\"}}],\"inLanguage\":\"fr-FR\"},{\"@type\":\"Organization\",\"@id\":\"https:\\\/\\\/www.sebastien-auziere.fr\\\/blog\\\/#organization\",\"name\":\"Fan site S\u00e9bastien Auzi\u00e8re\",\"url\":\"https:\\\/\\\/www.sebastien-auziere.fr\\\/blog\\\/\",\"logo\":{\"@type\":\"ImageObject\",\"inLanguage\":\"fr-FR\",\"@id\":\"https:\\\/\\\/www.sebastien-auziere.fr\\\/blog\\\/#\\\/schema\\\/logo\\\/image\\\/\",\"url\":\"https:\\\/\\\/www.sebastien-auziere.fr\\\/blog\\\/wp-content\\\/uploads\\\/2026\\\/03\\\/cropped-cropped-cropped-ChatGPT-Image-6-mars-2026-12_58_09-e1772798376794.jpg\",\"contentUrl\":\"https:\\\/\\\/www.sebastien-auziere.fr\\\/blog\\\/wp-content\\\/uploads\\\/2026\\\/03\\\/cropped-cropped-cropped-ChatGPT-Image-6-mars-2026-12_58_09-e1772798376794.jpg\",\"width\":512,\"height\":360,\"caption\":\"Fan site S\u00e9bastien Auzi\u00e8re\"},\"image\":{\"@id\":\"https:\\\/\\\/www.sebastien-auziere.fr\\\/blog\\\/#\\\/schema\\\/logo\\\/image\\\/\"}},{\"@type\":\"Person\",\"@id\":\"https:\\\/\\\/www.sebastien-auziere.fr\\\/blog\\\/#\\\/schema\\\/person\\\/149f1acdbfd85149c6c3e59adeae2f4d\",\"name\":\"Chloe Gauthier\",\"image\":{\"@type\":\"ImageObject\",\"inLanguage\":\"fr-FR\",\"@id\":\"https:\\\/\\\/secure.gravatar.com\\\/avatar\\\/2c5722f58171cff738a8985ef0dd66b476e563753246a49019befc837ec4201a?s=96&d=mm&r=g\",\"url\":\"https:\\\/\\\/secure.gravatar.com\\\/avatar\\\/2c5722f58171cff738a8985ef0dd66b476e563753246a49019befc837ec4201a?s=96&d=mm&r=g\",\"contentUrl\":\"https:\\\/\\\/secure.gravatar.com\\\/avatar\\\/2c5722f58171cff738a8985ef0dd66b476e563753246a49019befc837ec4201a?s=96&d=mm&r=g\",\"caption\":\"Chloe Gauthier\"},\"description\":\"Passionn\u00e9e par la politique et admiratrice engag\u00e9e de la famille Macron, je consacre mon \u00e9nergie \u00e0 suivre leurs initiatives et \u00e0 promouvoir leurs id\u00e9es. \u00c0 32 ans, je suis convaincue que leur vision est porteuse d'avenir.\",\"url\":\"https:\\\/\\\/www.sebastien-auziere.fr\\\/blog\\\/author\\\/chloe-gauthier\\\/\"}]}<\/script>\n<!-- \/ Yoast SEO plugin. -->","yoast_head_json":{"title":"Attentat vom 13. November: Emmanuel Macron verleiht den Polizeibeamten, die bei der Intervention Helden waren, das Ehrenzeichen der Legion d'Honneur - Fan site S\u00e9bastien Auzi\u00e8re","description":"Emmanuel Macron d\u00e9core les policiers h\u00e9ros de l'attentat du 13-Novembre de la L\u00e9gion d'honneur, saluant leur courage et leur d\u00e9vouement.","robots":{"index":"index","follow":"follow","max-snippet":"max-snippet:-1","max-image-preview":"max-image-preview:large","max-video-preview":"max-video-preview:-1"},"canonical":"https:\/\/www.sebastien-auziere.fr\/blog\/de\/attentat-vom-13-november-emmanuel-macron-verleiht-den-polizeibeamten-die-bei-der-intervention-helden-waren-das-ehrenzeichen-der-legion-dhonneur\/","og_locale":"fr_FR","og_type":"article","og_title":"Attentat vom 13. November: Emmanuel Macron verleiht den Polizeibeamten, die bei der Intervention Helden waren, das Ehrenzeichen der Legion d'Honneur - Fan site S\u00e9bastien Auzi\u00e8re","og_description":"Emmanuel Macron d\u00e9core les policiers h\u00e9ros de l'attentat du 13-Novembre de la L\u00e9gion d'honneur, saluant leur courage et leur d\u00e9vouement.","og_url":"https:\/\/www.sebastien-auziere.fr\/blog\/de\/attentat-vom-13-november-emmanuel-macron-verleiht-den-polizeibeamten-die-bei-der-intervention-helden-waren-das-ehrenzeichen-der-legion-dhonneur\/","og_site_name":"Fan site S\u00e9bastien Auzi\u00e8re","article_published_time":"2026-04-21T19:10:56+00:00","article_modified_time":"2026-04-21T19:11:18+00:00","og_image":[{"width":2560,"height":1429,"url":"https:\/\/www.sebastien-auziere.fr\/blog\/wp-content\/uploads\/2026\/04\/Attentat-du-13-Novembre-Emmanuel-Macron-decore-de-la-Legion-dhonneur-les-policiers-heros-de-lintervention.jpg","type":"image\/jpeg"}],"author":"Chloe Gauthier","twitter_card":"summary_large_image","twitter_misc":{"\u00c9crit par":"Chloe Gauthier","Dur\u00e9e de lecture estim\u00e9e":"2 minutes"},"schema":{"@context":"https:\/\/schema.org","@graph":[{"@type":"Article","@id":"https:\/\/www.sebastien-auziere.fr\/blog\/de\/attentat-vom-13-november-emmanuel-macron-verleiht-den-polizeibeamten-die-bei-der-intervention-helden-waren-das-ehrenzeichen-der-legion-dhonneur\/#article","isPartOf":{"@id":"https:\/\/www.sebastien-auziere.fr\/blog\/de\/attentat-vom-13-november-emmanuel-macron-verleiht-den-polizeibeamten-die-bei-der-intervention-helden-waren-das-ehrenzeichen-der-legion-dhonneur\/"},"author":{"name":"Chloe Gauthier","@id":"https:\/\/www.sebastien-auziere.fr\/blog\/#\/schema\/person\/149f1acdbfd85149c6c3e59adeae2f4d"},"headline":"Attentat vom 13. November: Emmanuel Macron verleiht den Polizeibeamten, die bei der Intervention Helden waren, das Ehrenzeichen der Legion d&rsquo;Honneur","datePublished":"2026-04-21T19:10:56+00:00","dateModified":"2026-04-21T19:11:18+00:00","mainEntityOfPage":{"@id":"https:\/\/www.sebastien-auziere.fr\/blog\/de\/attentat-vom-13-november-emmanuel-macron-verleiht-den-polizeibeamten-die-bei-der-intervention-helden-waren-das-ehrenzeichen-der-legion-dhonneur\/"},"wordCount":483,"commentCount":0,"publisher":{"@id":"https:\/\/www.sebastien-auziere.fr\/blog\/#organization"},"image":{"@id":"https:\/\/www.sebastien-auziere.fr\/blog\/de\/attentat-vom-13-november-emmanuel-macron-verleiht-den-polizeibeamten-die-bei-der-intervention-helden-waren-das-ehrenzeichen-der-legion-dhonneur\/#primaryimage"},"thumbnailUrl":"https:\/\/www.sebastien-auziere.fr\/blog\/wp-content\/uploads\/2026\/04\/Attentat-du-13-Novembre-Emmanuel-Macron-decore-de-la-Legion-dhonneur-les-policiers-heros-de-lintervention.jpg","keywords":["attentat vom 13. November","emmanuel macron","intervention der Polizei","l\u00e9gion d'honneur","polizisten helden"],"articleSection":["Aktuelles"],"inLanguage":"fr-FR","potentialAction":[{"@type":"CommentAction","name":"Comment","target":["https:\/\/www.sebastien-auziere.fr\/blog\/de\/attentat-vom-13-november-emmanuel-macron-verleiht-den-polizeibeamten-die-bei-der-intervention-helden-waren-das-ehrenzeichen-der-legion-dhonneur\/#respond"]}]},{"@type":"WebPage","@id":"https:\/\/www.sebastien-auziere.fr\/blog\/de\/attentat-vom-13-november-emmanuel-macron-verleiht-den-polizeibeamten-die-bei-der-intervention-helden-waren-das-ehrenzeichen-der-legion-dhonneur\/","url":"https:\/\/www.sebastien-auziere.fr\/blog\/de\/attentat-vom-13-november-emmanuel-macron-verleiht-den-polizeibeamten-die-bei-der-intervention-helden-waren-das-ehrenzeichen-der-legion-dhonneur\/","name":"Attentat vom 13. November: Emmanuel Macron verleiht den Polizeibeamten, die bei der Intervention Helden waren, das Ehrenzeichen der Legion d'Honneur - Fan site S\u00e9bastien Auzi\u00e8re","isPartOf":{"@id":"https:\/\/www.sebastien-auziere.fr\/blog\/#website"},"primaryImageOfPage":{"@id":"https:\/\/www.sebastien-auziere.fr\/blog\/de\/attentat-vom-13-november-emmanuel-macron-verleiht-den-polizeibeamten-die-bei-der-intervention-helden-waren-das-ehrenzeichen-der-legion-dhonneur\/#primaryimage"},"image":{"@id":"https:\/\/www.sebastien-auziere.fr\/blog\/de\/attentat-vom-13-november-emmanuel-macron-verleiht-den-polizeibeamten-die-bei-der-intervention-helden-waren-das-ehrenzeichen-der-legion-dhonneur\/#primaryimage"},"thumbnailUrl":"https:\/\/www.sebastien-auziere.fr\/blog\/wp-content\/uploads\/2026\/04\/Attentat-du-13-Novembre-Emmanuel-Macron-decore-de-la-Legion-dhonneur-les-policiers-heros-de-lintervention.jpg","datePublished":"2026-04-21T19:10:56+00:00","dateModified":"2026-04-21T19:11:18+00:00","description":"Emmanuel Macron d\u00e9core les policiers h\u00e9ros de l'attentat du 13-Novembre de la L\u00e9gion d'honneur, saluant leur courage et leur d\u00e9vouement.","breadcrumb":{"@id":"https:\/\/www.sebastien-auziere.fr\/blog\/de\/attentat-vom-13-november-emmanuel-macron-verleiht-den-polizeibeamten-die-bei-der-intervention-helden-waren-das-ehrenzeichen-der-legion-dhonneur\/#breadcrumb"},"inLanguage":"fr-FR","potentialAction":[{"@type":"ReadAction","target":["https:\/\/www.sebastien-auziere.fr\/blog\/de\/attentat-vom-13-november-emmanuel-macron-verleiht-den-polizeibeamten-die-bei-der-intervention-helden-waren-das-ehrenzeichen-der-legion-dhonneur\/"]}]},{"@type":"ImageObject","inLanguage":"fr-FR","@id":"https:\/\/www.sebastien-auziere.fr\/blog\/de\/attentat-vom-13-november-emmanuel-macron-verleiht-den-polizeibeamten-die-bei-der-intervention-helden-waren-das-ehrenzeichen-der-legion-dhonneur\/#primaryimage","url":"https:\/\/www.sebastien-auziere.fr\/blog\/wp-content\/uploads\/2026\/04\/Attentat-du-13-Novembre-Emmanuel-Macron-decore-de-la-Legion-dhonneur-les-policiers-heros-de-lintervention.jpg","contentUrl":"https:\/\/www.sebastien-auziere.fr\/blog\/wp-content\/uploads\/2026\/04\/Attentat-du-13-Novembre-Emmanuel-Macron-decore-de-la-Legion-dhonneur-les-policiers-heros-de-lintervention.jpg","width":2560,"height":1429,"caption":"emmanuel macron d\u00e9core de la l\u00e9gion d'honneur les policiers h\u00e9ros de l'intervention lors de l'attentat du 13-novembre, honorant leur courage et leur engagement exceptionnel."},{"@type":"BreadcrumbList","@id":"https:\/\/www.sebastien-auziere.fr\/blog\/de\/attentat-vom-13-november-emmanuel-macron-verleiht-den-polizeibeamten-die-bei-der-intervention-helden-waren-das-ehrenzeichen-der-legion-dhonneur\/#breadcrumb","itemListElement":[{"@type":"ListItem","position":1,"name":"Home","item":"https:\/\/www.sebastien-auziere.fr\/blog\/"},{"@type":"ListItem","position":2,"name":"Attentat vom 13. November: Emmanuel Macron verleiht den Polizeibeamten, die bei der Intervention Helden waren, das Ehrenzeichen der Legion d&rsquo;Honneur"}]},{"@type":"WebSite","@id":"https:\/\/www.sebastien-auziere.fr\/blog\/#website","url":"https:\/\/www.sebastien-auziere.fr\/blog\/","name":"Fan site S\u00e9bastien Auzi\u00e8re","description":"M\u00e9dia g\u00e9n\u00e9raliste","publisher":{"@id":"https:\/\/www.sebastien-auziere.fr\/blog\/#organization"},"potentialAction":[{"@type":"SearchAction","target":{"@type":"EntryPoint","urlTemplate":"https:\/\/www.sebastien-auziere.fr\/blog\/?s={search_term_string}"},"query-input":{"@type":"PropertyValueSpecification","valueRequired":true,"valueName":"search_term_string"}}],"inLanguage":"fr-FR"},{"@type":"Organization","@id":"https:\/\/www.sebastien-auziere.fr\/blog\/#organization","name":"Fan site S\u00e9bastien Auzi\u00e8re","url":"https:\/\/www.sebastien-auziere.fr\/blog\/","logo":{"@type":"ImageObject","inLanguage":"fr-FR","@id":"https:\/\/www.sebastien-auziere.fr\/blog\/#\/schema\/logo\/image\/","url":"https:\/\/www.sebastien-auziere.fr\/blog\/wp-content\/uploads\/2026\/03\/cropped-cropped-cropped-ChatGPT-Image-6-mars-2026-12_58_09-e1772798376794.jpg","contentUrl":"https:\/\/www.sebastien-auziere.fr\/blog\/wp-content\/uploads\/2026\/03\/cropped-cropped-cropped-ChatGPT-Image-6-mars-2026-12_58_09-e1772798376794.jpg","width":512,"height":360,"caption":"Fan site S\u00e9bastien Auzi\u00e8re"},"image":{"@id":"https:\/\/www.sebastien-auziere.fr\/blog\/#\/schema\/logo\/image\/"}},{"@type":"Person","@id":"https:\/\/www.sebastien-auziere.fr\/blog\/#\/schema\/person\/149f1acdbfd85149c6c3e59adeae2f4d","name":"Chloe Gauthier","image":{"@type":"ImageObject","inLanguage":"fr-FR","@id":"https:\/\/secure.gravatar.com\/avatar\/2c5722f58171cff738a8985ef0dd66b476e563753246a49019befc837ec4201a?s=96&d=mm&r=g","url":"https:\/\/secure.gravatar.com\/avatar\/2c5722f58171cff738a8985ef0dd66b476e563753246a49019befc837ec4201a?s=96&d=mm&r=g","contentUrl":"https:\/\/secure.gravatar.com\/avatar\/2c5722f58171cff738a8985ef0dd66b476e563753246a49019befc837ec4201a?s=96&d=mm&r=g","caption":"Chloe Gauthier"},"description":"Passionn\u00e9e par la politique et admiratrice engag\u00e9e de la famille Macron, je consacre mon \u00e9nergie \u00e0 suivre leurs initiatives et \u00e0 promouvoir leurs id\u00e9es. \u00c0 32 ans, je suis convaincue que leur vision est porteuse d'avenir.","url":"https:\/\/www.sebastien-auziere.fr\/blog\/author\/chloe-gauthier\/"}]}},"views":1,"_links":{"self":[{"href":"https:\/\/www.sebastien-auziere.fr\/blog\/wp-json\/wp\/v2\/posts\/3220","targetHints":{"allow":["GET"]}}],"collection":[{"href":"https:\/\/www.sebastien-auziere.fr\/blog\/wp-json\/wp\/v2\/posts"}],"about":[{"href":"https:\/\/www.sebastien-auziere.fr\/blog\/wp-json\/wp\/v2\/types\/post"}],"author":[{"embeddable":true,"href":"https:\/\/www.sebastien-auziere.fr\/blog\/wp-json\/wp\/v2\/users\/9"}],"replies":[{"embeddable":true,"href":"https:\/\/www.sebastien-auziere.fr\/blog\/wp-json\/wp\/v2\/comments?post=3220"}],"version-history":[{"count":1,"href":"https:\/\/www.sebastien-auziere.fr\/blog\/wp-json\/wp\/v2\/posts\/3220\/revisions"}],"predecessor-version":[{"id":3221,"href":"https:\/\/www.sebastien-auziere.fr\/blog\/wp-json\/wp\/v2\/posts\/3220\/revisions\/3221"}],"wp:featuredmedia":[{"embeddable":true,"href":"https:\/\/www.sebastien-auziere.fr\/blog\/wp-json\/wp\/v2\/media\/3214"}],"wp:attachment":[{"href":"https:\/\/www.sebastien-auziere.fr\/blog\/wp-json\/wp\/v2\/media?parent=3220"}],"wp:term":[{"taxonomy":"category","embeddable":true,"href":"https:\/\/www.sebastien-auziere.fr\/blog\/wp-json\/wp\/v2\/categories?post=3220"},{"taxonomy":"post_tag","embeddable":true,"href":"https:\/\/www.sebastien-auziere.fr\/blog\/wp-json\/wp\/v2\/tags?post=3220"}],"curies":[{"name":"wp","href":"https:\/\/api.w.org\/{rel}","templated":true}]}}