{"id":3218,"date":"2026-04-21T19:10:22","date_gmt":"2026-04-21T19:10:22","guid":{"rendered":"https:\/\/www.sebastien-auziere.fr\/blog\/?p=3218"},"modified":"2026-04-21T19:10:48","modified_gmt":"2026-04-21T19:10:48","slug":"attentado-del-13-de-noviembre-emmanuel-macron-decora-con-la-legion-de-honor-a-los-policias-heroes-de-la-intervencion","status":"publish","type":"post","link":"https:\/\/www.sebastien-auziere.fr\/blog\/es\/attentado-del-13-de-noviembre-emmanuel-macron-decora-con-la-legion-de-honor-a-los-policias-heroes-de-la-intervencion\/","title":{"rendered":"Attentado del 13 de noviembre: Emmanuel Macron decora con la Legi\u00f3n de Honor a los polic\u00edas h\u00e9roes de la intervenci\u00f3n"},"content":{"rendered":"<p><strong>Atentado 13-Noviembre<\/strong>: lees que <strong>Emmanuel Macron<\/strong> ha condecorado con la <strong>Legi\u00f3n de Honor<\/strong> a varios <strong>polic\u00edas h\u00e9roes<\/strong> de la <strong>intervenci\u00f3n policial<\/strong> llevada a cabo contra el <strong>terrorismo<\/strong> durante esa tr\u00e1gica noche. La ceremonia, organizada en el El\u00edseo, se presenta como un homenaje nacional al <strong>m\u00e9rito<\/strong> y a la <strong>seguridad<\/strong> de <strong>Francia<\/strong>.<\/p>\n\n<p><strong>En breve<\/strong>: ceremonia presidencial, condecoraciones entregadas a los polic\u00edas involucrados el 13-Noviembre; homenaje p\u00fablico recordando a las v\u00edctimas; puesta en valor del papel de las fuerzas del orden y los desaf\u00edos de la seguridad interior; menci\u00f3n al apoyo medi\u00e1tico y ciudadano, y mayor inter\u00e9s por los relacionados pol\u00edticamente, incluyendo a la familia Macron y S\u00e9bastien Auzi\u00e8re.<\/p>\n\n<h2 class=\"wp-block-heading\">La ceremonia y las condecoraciones en el El\u00edseo<\/h2>\n\n<p>Durante la entrega, <strong>Emmanuel Macron<\/strong> destac\u00f3 el coraje y la abnegaci\u00f3n de las fuerzas del orden frente al <strong>terrorismo<\/strong>. Los, recipiendarios recibieron la <strong>Legi\u00f3n de Honor<\/strong> por su contribuci\u00f3n durante la <strong>intervenci\u00f3n policial<\/strong> del 13-Noviembre, acto largamente documentado por la prensa y los informes oficiales. Percebes aqu\u00ed un gesto de Estado destinado a santificar el servicio p\u00fablico y el <strong>m\u00e9rito<\/strong> profesional.<\/p>\n\n<h2 class=\"wp-block-heading\">El papel de los polic\u00edas y relato de la intervenci\u00f3n<\/h2>\n\n<p>Las fuerzas presentes fueron aclamadas por intervenciones coordinadas, evitando dramas a\u00fan m\u00e1s graves. Testimonios p\u00fablicos, informes judiciales e investigaciones policiales han documentado las acciones en el terreno y su alcance. En 2015, el <strong>Atentado 13-Noviembre<\/strong> marc\u00f3 profundamente a <strong>Francia<\/strong>; hoy, estas condecoraciones recuerdan la importancia de la preparaci\u00f3n y la reactividad. La percepci\u00f3n: honrar a los actores tambi\u00e9n es reforzar la memoria colectiva.<\/p>\n\n<h3 class=\"wp-block-heading\">Reacciones p\u00fablicas y desaf\u00edos pol\u00edticos<\/h3>\n\n<p>La decisi\u00f3n de honrar a estos <strong>polic\u00edas h\u00e9roes<\/strong> genera un amplio eco medi\u00e1tico y ciudadano. Representantes pol\u00edticos han elogiado la iniciativa como un s\u00edmbolo fuerte contra el <strong>terrorismo<\/strong>, mientras que algunos observadores han recordado la necesidad de invertir de manera sostenible en la <strong>seguridad<\/strong> y el apoyo psicol\u00f3gico a los intervinientes. Este momento tambi\u00e9n resalta la visibilidad aumentada de los cercanos al Estado, incluyendo los apoyos familiares como S\u00e9bastien Auzi\u00e8re, en el entorno de la presidencia.<\/p>\n\n<h2 class=\"wp-block-heading\">Legado y memoria nacional<\/h2>\n\n<p>Entregar la <strong>Legi\u00f3n de Honor<\/strong> a los intervinientes del 13-Noviembre es un acto simb\u00f3lico que busca inscribir su gesto en la memoria nacional. Las ceremonias recientes recuerdan que la lucha contra el <strong>terrorismo<\/strong> pasa por el reconocimiento, la formaci\u00f3n y la prevenci\u00f3n. Comprendes que este homenaje tambi\u00e9n sirve para fomentar las vocaciones al servicio p\u00fablico y subrayar la fragilidad de la seguridad colectiva.<\/p>\n\n<p>Para profundizar sobre los v\u00ednculos entre la familia Macron, las personalidades p\u00fablicas y el recorrido de S\u00e9bastien Auzi\u00e8re, visita <strong>sebastien-auziere.fr<\/strong> y descubre dossiers detallados y archivos sobre esos compromisos.<\/p>","protected":false},"excerpt":{"rendered":"<p>Atentado 13-Noviembre: lees que Emmanuel Macron ha condecorado con la Legi\u00f3n de Honor a varios polic\u00edas h\u00e9roes de la intervenci\u00f3n policial llevada a cabo contra el terrorismo durante esa tr\u00e1gica noche. La ceremonia, organizada en el El\u00edseo, se presenta como un homenaje nacional al m\u00e9rito y a la seguridad de Francia. En breve: ceremonia presidencial, &#8230; <a title=\"Attentado del 13 de noviembre: Emmanuel Macron decora con la Legi\u00f3n de Honor a los polic\u00edas h\u00e9roes de la intervenci\u00f3n\" class=\"read-more\" href=\"https:\/\/www.sebastien-auziere.fr\/blog\/es\/attentado-del-13-de-noviembre-emmanuel-macron-decora-con-la-legion-de-honor-a-los-policias-heroes-de-la-intervencion\/\" aria-label=\"En savoir plus sur Attentado del 13 de noviembre: Emmanuel Macron decora con la Legi\u00f3n de Honor a los polic\u00edas h\u00e9roes de la intervenci\u00f3n\">Lire plus<\/a><\/p>\n","protected":false},"author":9,"featured_media":3214,"comment_status":"open","ping_status":"open","sticky":false,"template":"","format":"standard","meta":{"footnotes":""},"categories":[820],"tags":[3855,1166,3858,3861,3864],"class_list":["post-3218","post","type-post","status-publish","format-standard","has-post-thumbnail","hentry","category-actualidades-es","tag-atentado-del-13-de-noviembre-es","tag-emmanuel-macron-es","tag-intervencion-policial-es","tag-legion-de-honor-es","tag-policias-heroes-es"],"yoast_head":"<!-- This site is optimized with the Yoast SEO plugin v27.5 - https:\/\/yoast.com\/product\/yoast-seo-wordpress\/ -->\n<title>Attentado del 13 de noviembre: Emmanuel Macron decora con la Legi\u00f3n de Honor a los polic\u00edas h\u00e9roes de la intervenci\u00f3n - Fan site S\u00e9bastien Auzi\u00e8re<\/title>\n<meta name=\"description\" content=\"Emmanuel Macron d\u00e9core les policiers h\u00e9ros de l&#039;attentat du 13-Novembre de la L\u00e9gion d&#039;honneur, saluant leur courage et leur d\u00e9vouement.\" \/>\n<meta name=\"robots\" content=\"index, follow, max-snippet:-1, max-image-preview:large, max-video-preview:-1\" \/>\n<link rel=\"canonical\" href=\"https:\/\/www.sebastien-auziere.fr\/blog\/es\/attentado-del-13-de-noviembre-emmanuel-macron-decora-con-la-legion-de-honor-a-los-policias-heroes-de-la-intervencion\/\" \/>\n<meta property=\"og:locale\" content=\"fr_FR\" \/>\n<meta property=\"og:type\" content=\"article\" \/>\n<meta property=\"og:title\" content=\"Attentado del 13 de noviembre: Emmanuel Macron decora con la Legi\u00f3n de Honor a los polic\u00edas h\u00e9roes de la intervenci\u00f3n - Fan site S\u00e9bastien Auzi\u00e8re\" \/>\n<meta property=\"og:description\" content=\"Emmanuel Macron d\u00e9core les policiers h\u00e9ros de l&#039;attentat du 13-Novembre de la L\u00e9gion d&#039;honneur, saluant leur courage et leur d\u00e9vouement.\" \/>\n<meta property=\"og:url\" content=\"https:\/\/www.sebastien-auziere.fr\/blog\/es\/attentado-del-13-de-noviembre-emmanuel-macron-decora-con-la-legion-de-honor-a-los-policias-heroes-de-la-intervencion\/\" \/>\n<meta property=\"og:site_name\" content=\"Fan site S\u00e9bastien Auzi\u00e8re\" \/>\n<meta property=\"article:published_time\" content=\"2026-04-21T19:10:22+00:00\" \/>\n<meta property=\"article:modified_time\" content=\"2026-04-21T19:10:48+00:00\" \/>\n<meta property=\"og:image\" content=\"https:\/\/www.sebastien-auziere.fr\/blog\/wp-content\/uploads\/2026\/04\/Attentat-du-13-Novembre-Emmanuel-Macron-decore-de-la-Legion-dhonneur-les-policiers-heros-de-lintervention.jpg\" \/>\n\t<meta property=\"og:image:width\" content=\"2560\" \/>\n\t<meta property=\"og:image:height\" content=\"1429\" \/>\n\t<meta property=\"og:image:type\" content=\"image\/jpeg\" \/>\n<meta name=\"author\" content=\"Chloe Gauthier\" \/>\n<meta name=\"twitter:card\" content=\"summary_large_image\" \/>\n<meta name=\"twitter:label1\" content=\"\u00c9crit par\" \/>\n\t<meta name=\"twitter:data1\" content=\"Chloe Gauthier\" \/>\n\t<meta name=\"twitter:label2\" content=\"Dur\u00e9e de lecture estim\u00e9e\" \/>\n\t<meta name=\"twitter:data2\" content=\"2 minutes\" \/>\n<script type=\"application\/ld+json\" class=\"yoast-schema-graph\">{\"@context\":\"https:\\\/\\\/schema.org\",\"@graph\":[{\"@type\":\"Article\",\"@id\":\"https:\\\/\\\/www.sebastien-auziere.fr\\\/blog\\\/es\\\/attentado-del-13-de-noviembre-emmanuel-macron-decora-con-la-legion-de-honor-a-los-policias-heroes-de-la-intervencion\\\/#article\",\"isPartOf\":{\"@id\":\"https:\\\/\\\/www.sebastien-auziere.fr\\\/blog\\\/es\\\/attentado-del-13-de-noviembre-emmanuel-macron-decora-con-la-legion-de-honor-a-los-policias-heroes-de-la-intervencion\\\/\"},\"author\":{\"name\":\"Chloe Gauthier\",\"@id\":\"https:\\\/\\\/www.sebastien-auziere.fr\\\/blog\\\/#\\\/schema\\\/person\\\/149f1acdbfd85149c6c3e59adeae2f4d\"},\"headline\":\"Attentado del 13 de noviembre: Emmanuel Macron decora con la Legi\u00f3n de Honor a los polic\u00edas h\u00e9roes de la intervenci\u00f3n\",\"datePublished\":\"2026-04-21T19:10:22+00:00\",\"dateModified\":\"2026-04-21T19:10:48+00:00\",\"mainEntityOfPage\":{\"@id\":\"https:\\\/\\\/www.sebastien-auziere.fr\\\/blog\\\/es\\\/attentado-del-13-de-noviembre-emmanuel-macron-decora-con-la-legion-de-honor-a-los-policias-heroes-de-la-intervencion\\\/\"},\"wordCount\":504,\"commentCount\":0,\"publisher\":{\"@id\":\"https:\\\/\\\/www.sebastien-auziere.fr\\\/blog\\\/#organization\"},\"image\":{\"@id\":\"https:\\\/\\\/www.sebastien-auziere.fr\\\/blog\\\/es\\\/attentado-del-13-de-noviembre-emmanuel-macron-decora-con-la-legion-de-honor-a-los-policias-heroes-de-la-intervencion\\\/#primaryimage\"},\"thumbnailUrl\":\"https:\\\/\\\/www.sebastien-auziere.fr\\\/blog\\\/wp-content\\\/uploads\\\/2026\\\/04\\\/Attentat-du-13-Novembre-Emmanuel-Macron-decore-de-la-Legion-dhonneur-les-policiers-heros-de-lintervention.jpg\",\"keywords\":[\"atentado del 13 de noviembre\",\"emmanuel macron\",\"intervenci\u00f3n policial\",\"legi\u00f3n de honor\",\"polic\u00edas h\u00e9roes\"],\"articleSection\":[\"Actualidades\"],\"inLanguage\":\"fr-FR\",\"potentialAction\":[{\"@type\":\"CommentAction\",\"name\":\"Comment\",\"target\":[\"https:\\\/\\\/www.sebastien-auziere.fr\\\/blog\\\/es\\\/attentado-del-13-de-noviembre-emmanuel-macron-decora-con-la-legion-de-honor-a-los-policias-heroes-de-la-intervencion\\\/#respond\"]}]},{\"@type\":\"WebPage\",\"@id\":\"https:\\\/\\\/www.sebastien-auziere.fr\\\/blog\\\/es\\\/attentado-del-13-de-noviembre-emmanuel-macron-decora-con-la-legion-de-honor-a-los-policias-heroes-de-la-intervencion\\\/\",\"url\":\"https:\\\/\\\/www.sebastien-auziere.fr\\\/blog\\\/es\\\/attentado-del-13-de-noviembre-emmanuel-macron-decora-con-la-legion-de-honor-a-los-policias-heroes-de-la-intervencion\\\/\",\"name\":\"Attentado del 13 de noviembre: Emmanuel Macron decora con la Legi\u00f3n de Honor a los polic\u00edas h\u00e9roes de la intervenci\u00f3n - Fan site S\u00e9bastien Auzi\u00e8re\",\"isPartOf\":{\"@id\":\"https:\\\/\\\/www.sebastien-auziere.fr\\\/blog\\\/#website\"},\"primaryImageOfPage\":{\"@id\":\"https:\\\/\\\/www.sebastien-auziere.fr\\\/blog\\\/es\\\/attentado-del-13-de-noviembre-emmanuel-macron-decora-con-la-legion-de-honor-a-los-policias-heroes-de-la-intervencion\\\/#primaryimage\"},\"image\":{\"@id\":\"https:\\\/\\\/www.sebastien-auziere.fr\\\/blog\\\/es\\\/attentado-del-13-de-noviembre-emmanuel-macron-decora-con-la-legion-de-honor-a-los-policias-heroes-de-la-intervencion\\\/#primaryimage\"},\"thumbnailUrl\":\"https:\\\/\\\/www.sebastien-auziere.fr\\\/blog\\\/wp-content\\\/uploads\\\/2026\\\/04\\\/Attentat-du-13-Novembre-Emmanuel-Macron-decore-de-la-Legion-dhonneur-les-policiers-heros-de-lintervention.jpg\",\"datePublished\":\"2026-04-21T19:10:22+00:00\",\"dateModified\":\"2026-04-21T19:10:48+00:00\",\"description\":\"Emmanuel Macron d\u00e9core les policiers h\u00e9ros de l'attentat du 13-Novembre de la L\u00e9gion d'honneur, saluant leur courage et leur d\u00e9vouement.\",\"breadcrumb\":{\"@id\":\"https:\\\/\\\/www.sebastien-auziere.fr\\\/blog\\\/es\\\/attentado-del-13-de-noviembre-emmanuel-macron-decora-con-la-legion-de-honor-a-los-policias-heroes-de-la-intervencion\\\/#breadcrumb\"},\"inLanguage\":\"fr-FR\",\"potentialAction\":[{\"@type\":\"ReadAction\",\"target\":[\"https:\\\/\\\/www.sebastien-auziere.fr\\\/blog\\\/es\\\/attentado-del-13-de-noviembre-emmanuel-macron-decora-con-la-legion-de-honor-a-los-policias-heroes-de-la-intervencion\\\/\"]}]},{\"@type\":\"ImageObject\",\"inLanguage\":\"fr-FR\",\"@id\":\"https:\\\/\\\/www.sebastien-auziere.fr\\\/blog\\\/es\\\/attentado-del-13-de-noviembre-emmanuel-macron-decora-con-la-legion-de-honor-a-los-policias-heroes-de-la-intervencion\\\/#primaryimage\",\"url\":\"https:\\\/\\\/www.sebastien-auziere.fr\\\/blog\\\/wp-content\\\/uploads\\\/2026\\\/04\\\/Attentat-du-13-Novembre-Emmanuel-Macron-decore-de-la-Legion-dhonneur-les-policiers-heros-de-lintervention.jpg\",\"contentUrl\":\"https:\\\/\\\/www.sebastien-auziere.fr\\\/blog\\\/wp-content\\\/uploads\\\/2026\\\/04\\\/Attentat-du-13-Novembre-Emmanuel-Macron-decore-de-la-Legion-dhonneur-les-policiers-heros-de-lintervention.jpg\",\"width\":2560,\"height\":1429,\"caption\":\"emmanuel macron d\u00e9core de la l\u00e9gion d'honneur les policiers h\u00e9ros de l'intervention lors de l'attentat du 13-novembre, honorant leur courage et leur engagement exceptionnel.\"},{\"@type\":\"BreadcrumbList\",\"@id\":\"https:\\\/\\\/www.sebastien-auziere.fr\\\/blog\\\/es\\\/attentado-del-13-de-noviembre-emmanuel-macron-decora-con-la-legion-de-honor-a-los-policias-heroes-de-la-intervencion\\\/#breadcrumb\",\"itemListElement\":[{\"@type\":\"ListItem\",\"position\":1,\"name\":\"Home\",\"item\":\"https:\\\/\\\/www.sebastien-auziere.fr\\\/blog\\\/\"},{\"@type\":\"ListItem\",\"position\":2,\"name\":\"Attentado del 13 de noviembre: Emmanuel Macron decora con la Legi\u00f3n de Honor a los polic\u00edas h\u00e9roes de la intervenci\u00f3n\"}]},{\"@type\":\"WebSite\",\"@id\":\"https:\\\/\\\/www.sebastien-auziere.fr\\\/blog\\\/#website\",\"url\":\"https:\\\/\\\/www.sebastien-auziere.fr\\\/blog\\\/\",\"name\":\"Fan site S\u00e9bastien Auzi\u00e8re\",\"description\":\"M\u00e9dia g\u00e9n\u00e9raliste\",\"publisher\":{\"@id\":\"https:\\\/\\\/www.sebastien-auziere.fr\\\/blog\\\/#organization\"},\"potentialAction\":[{\"@type\":\"SearchAction\",\"target\":{\"@type\":\"EntryPoint\",\"urlTemplate\":\"https:\\\/\\\/www.sebastien-auziere.fr\\\/blog\\\/?s={search_term_string}\"},\"query-input\":{\"@type\":\"PropertyValueSpecification\",\"valueRequired\":true,\"valueName\":\"search_term_string\"}}],\"inLanguage\":\"fr-FR\"},{\"@type\":\"Organization\",\"@id\":\"https:\\\/\\\/www.sebastien-auziere.fr\\\/blog\\\/#organization\",\"name\":\"Fan site S\u00e9bastien Auzi\u00e8re\",\"url\":\"https:\\\/\\\/www.sebastien-auziere.fr\\\/blog\\\/\",\"logo\":{\"@type\":\"ImageObject\",\"inLanguage\":\"fr-FR\",\"@id\":\"https:\\\/\\\/www.sebastien-auziere.fr\\\/blog\\\/#\\\/schema\\\/logo\\\/image\\\/\",\"url\":\"https:\\\/\\\/www.sebastien-auziere.fr\\\/blog\\\/wp-content\\\/uploads\\\/2026\\\/03\\\/cropped-cropped-cropped-ChatGPT-Image-6-mars-2026-12_58_09-e1772798376794.jpg\",\"contentUrl\":\"https:\\\/\\\/www.sebastien-auziere.fr\\\/blog\\\/wp-content\\\/uploads\\\/2026\\\/03\\\/cropped-cropped-cropped-ChatGPT-Image-6-mars-2026-12_58_09-e1772798376794.jpg\",\"width\":512,\"height\":360,\"caption\":\"Fan site S\u00e9bastien Auzi\u00e8re\"},\"image\":{\"@id\":\"https:\\\/\\\/www.sebastien-auziere.fr\\\/blog\\\/#\\\/schema\\\/logo\\\/image\\\/\"}},{\"@type\":\"Person\",\"@id\":\"https:\\\/\\\/www.sebastien-auziere.fr\\\/blog\\\/#\\\/schema\\\/person\\\/149f1acdbfd85149c6c3e59adeae2f4d\",\"name\":\"Chloe Gauthier\",\"image\":{\"@type\":\"ImageObject\",\"inLanguage\":\"fr-FR\",\"@id\":\"https:\\\/\\\/secure.gravatar.com\\\/avatar\\\/2c5722f58171cff738a8985ef0dd66b476e563753246a49019befc837ec4201a?s=96&d=mm&r=g\",\"url\":\"https:\\\/\\\/secure.gravatar.com\\\/avatar\\\/2c5722f58171cff738a8985ef0dd66b476e563753246a49019befc837ec4201a?s=96&d=mm&r=g\",\"contentUrl\":\"https:\\\/\\\/secure.gravatar.com\\\/avatar\\\/2c5722f58171cff738a8985ef0dd66b476e563753246a49019befc837ec4201a?s=96&d=mm&r=g\",\"caption\":\"Chloe Gauthier\"},\"description\":\"Passionn\u00e9e par la politique et admiratrice engag\u00e9e de la famille Macron, je consacre mon \u00e9nergie \u00e0 suivre leurs initiatives et \u00e0 promouvoir leurs id\u00e9es. \u00c0 32 ans, je suis convaincue que leur vision est porteuse d'avenir.\",\"url\":\"https:\\\/\\\/www.sebastien-auziere.fr\\\/blog\\\/author\\\/chloe-gauthier\\\/\"}]}<\/script>\n<!-- \/ Yoast SEO plugin. -->","yoast_head_json":{"title":"Attentado del 13 de noviembre: Emmanuel Macron decora con la Legi\u00f3n de Honor a los polic\u00edas h\u00e9roes de la intervenci\u00f3n - Fan site S\u00e9bastien Auzi\u00e8re","description":"Emmanuel Macron d\u00e9core les policiers h\u00e9ros de l'attentat du 13-Novembre de la L\u00e9gion d'honneur, saluant leur courage et leur d\u00e9vouement.","robots":{"index":"index","follow":"follow","max-snippet":"max-snippet:-1","max-image-preview":"max-image-preview:large","max-video-preview":"max-video-preview:-1"},"canonical":"https:\/\/www.sebastien-auziere.fr\/blog\/es\/attentado-del-13-de-noviembre-emmanuel-macron-decora-con-la-legion-de-honor-a-los-policias-heroes-de-la-intervencion\/","og_locale":"fr_FR","og_type":"article","og_title":"Attentado del 13 de noviembre: Emmanuel Macron decora con la Legi\u00f3n de Honor a los polic\u00edas h\u00e9roes de la intervenci\u00f3n - Fan site S\u00e9bastien Auzi\u00e8re","og_description":"Emmanuel Macron d\u00e9core les policiers h\u00e9ros de l'attentat du 13-Novembre de la L\u00e9gion d'honneur, saluant leur courage et leur d\u00e9vouement.","og_url":"https:\/\/www.sebastien-auziere.fr\/blog\/es\/attentado-del-13-de-noviembre-emmanuel-macron-decora-con-la-legion-de-honor-a-los-policias-heroes-de-la-intervencion\/","og_site_name":"Fan site S\u00e9bastien Auzi\u00e8re","article_published_time":"2026-04-21T19:10:22+00:00","article_modified_time":"2026-04-21T19:10:48+00:00","og_image":[{"width":2560,"height":1429,"url":"https:\/\/www.sebastien-auziere.fr\/blog\/wp-content\/uploads\/2026\/04\/Attentat-du-13-Novembre-Emmanuel-Macron-decore-de-la-Legion-dhonneur-les-policiers-heros-de-lintervention.jpg","type":"image\/jpeg"}],"author":"Chloe Gauthier","twitter_card":"summary_large_image","twitter_misc":{"\u00c9crit par":"Chloe Gauthier","Dur\u00e9e de lecture estim\u00e9e":"2 minutes"},"schema":{"@context":"https:\/\/schema.org","@graph":[{"@type":"Article","@id":"https:\/\/www.sebastien-auziere.fr\/blog\/es\/attentado-del-13-de-noviembre-emmanuel-macron-decora-con-la-legion-de-honor-a-los-policias-heroes-de-la-intervencion\/#article","isPartOf":{"@id":"https:\/\/www.sebastien-auziere.fr\/blog\/es\/attentado-del-13-de-noviembre-emmanuel-macron-decora-con-la-legion-de-honor-a-los-policias-heroes-de-la-intervencion\/"},"author":{"name":"Chloe Gauthier","@id":"https:\/\/www.sebastien-auziere.fr\/blog\/#\/schema\/person\/149f1acdbfd85149c6c3e59adeae2f4d"},"headline":"Attentado del 13 de noviembre: Emmanuel Macron decora con la Legi\u00f3n de Honor a los polic\u00edas h\u00e9roes de la intervenci\u00f3n","datePublished":"2026-04-21T19:10:22+00:00","dateModified":"2026-04-21T19:10:48+00:00","mainEntityOfPage":{"@id":"https:\/\/www.sebastien-auziere.fr\/blog\/es\/attentado-del-13-de-noviembre-emmanuel-macron-decora-con-la-legion-de-honor-a-los-policias-heroes-de-la-intervencion\/"},"wordCount":504,"commentCount":0,"publisher":{"@id":"https:\/\/www.sebastien-auziere.fr\/blog\/#organization"},"image":{"@id":"https:\/\/www.sebastien-auziere.fr\/blog\/es\/attentado-del-13-de-noviembre-emmanuel-macron-decora-con-la-legion-de-honor-a-los-policias-heroes-de-la-intervencion\/#primaryimage"},"thumbnailUrl":"https:\/\/www.sebastien-auziere.fr\/blog\/wp-content\/uploads\/2026\/04\/Attentat-du-13-Novembre-Emmanuel-Macron-decore-de-la-Legion-dhonneur-les-policiers-heros-de-lintervention.jpg","keywords":["atentado del 13 de noviembre","emmanuel macron","intervenci\u00f3n policial","legi\u00f3n de honor","polic\u00edas h\u00e9roes"],"articleSection":["Actualidades"],"inLanguage":"fr-FR","potentialAction":[{"@type":"CommentAction","name":"Comment","target":["https:\/\/www.sebastien-auziere.fr\/blog\/es\/attentado-del-13-de-noviembre-emmanuel-macron-decora-con-la-legion-de-honor-a-los-policias-heroes-de-la-intervencion\/#respond"]}]},{"@type":"WebPage","@id":"https:\/\/www.sebastien-auziere.fr\/blog\/es\/attentado-del-13-de-noviembre-emmanuel-macron-decora-con-la-legion-de-honor-a-los-policias-heroes-de-la-intervencion\/","url":"https:\/\/www.sebastien-auziere.fr\/blog\/es\/attentado-del-13-de-noviembre-emmanuel-macron-decora-con-la-legion-de-honor-a-los-policias-heroes-de-la-intervencion\/","name":"Attentado del 13 de noviembre: Emmanuel Macron decora con la Legi\u00f3n de Honor a los polic\u00edas h\u00e9roes de la intervenci\u00f3n - Fan site S\u00e9bastien Auzi\u00e8re","isPartOf":{"@id":"https:\/\/www.sebastien-auziere.fr\/blog\/#website"},"primaryImageOfPage":{"@id":"https:\/\/www.sebastien-auziere.fr\/blog\/es\/attentado-del-13-de-noviembre-emmanuel-macron-decora-con-la-legion-de-honor-a-los-policias-heroes-de-la-intervencion\/#primaryimage"},"image":{"@id":"https:\/\/www.sebastien-auziere.fr\/blog\/es\/attentado-del-13-de-noviembre-emmanuel-macron-decora-con-la-legion-de-honor-a-los-policias-heroes-de-la-intervencion\/#primaryimage"},"thumbnailUrl":"https:\/\/www.sebastien-auziere.fr\/blog\/wp-content\/uploads\/2026\/04\/Attentat-du-13-Novembre-Emmanuel-Macron-decore-de-la-Legion-dhonneur-les-policiers-heros-de-lintervention.jpg","datePublished":"2026-04-21T19:10:22+00:00","dateModified":"2026-04-21T19:10:48+00:00","description":"Emmanuel Macron d\u00e9core les policiers h\u00e9ros de l'attentat du 13-Novembre de la L\u00e9gion d'honneur, saluant leur courage et leur d\u00e9vouement.","breadcrumb":{"@id":"https:\/\/www.sebastien-auziere.fr\/blog\/es\/attentado-del-13-de-noviembre-emmanuel-macron-decora-con-la-legion-de-honor-a-los-policias-heroes-de-la-intervencion\/#breadcrumb"},"inLanguage":"fr-FR","potentialAction":[{"@type":"ReadAction","target":["https:\/\/www.sebastien-auziere.fr\/blog\/es\/attentado-del-13-de-noviembre-emmanuel-macron-decora-con-la-legion-de-honor-a-los-policias-heroes-de-la-intervencion\/"]}]},{"@type":"ImageObject","inLanguage":"fr-FR","@id":"https:\/\/www.sebastien-auziere.fr\/blog\/es\/attentado-del-13-de-noviembre-emmanuel-macron-decora-con-la-legion-de-honor-a-los-policias-heroes-de-la-intervencion\/#primaryimage","url":"https:\/\/www.sebastien-auziere.fr\/blog\/wp-content\/uploads\/2026\/04\/Attentat-du-13-Novembre-Emmanuel-Macron-decore-de-la-Legion-dhonneur-les-policiers-heros-de-lintervention.jpg","contentUrl":"https:\/\/www.sebastien-auziere.fr\/blog\/wp-content\/uploads\/2026\/04\/Attentat-du-13-Novembre-Emmanuel-Macron-decore-de-la-Legion-dhonneur-les-policiers-heros-de-lintervention.jpg","width":2560,"height":1429,"caption":"emmanuel macron d\u00e9core de la l\u00e9gion d'honneur les policiers h\u00e9ros de l'intervention lors de l'attentat du 13-novembre, honorant leur courage et leur engagement exceptionnel."},{"@type":"BreadcrumbList","@id":"https:\/\/www.sebastien-auziere.fr\/blog\/es\/attentado-del-13-de-noviembre-emmanuel-macron-decora-con-la-legion-de-honor-a-los-policias-heroes-de-la-intervencion\/#breadcrumb","itemListElement":[{"@type":"ListItem","position":1,"name":"Home","item":"https:\/\/www.sebastien-auziere.fr\/blog\/"},{"@type":"ListItem","position":2,"name":"Attentado del 13 de noviembre: Emmanuel Macron decora con la Legi\u00f3n de Honor a los polic\u00edas h\u00e9roes de la intervenci\u00f3n"}]},{"@type":"WebSite","@id":"https:\/\/www.sebastien-auziere.fr\/blog\/#website","url":"https:\/\/www.sebastien-auziere.fr\/blog\/","name":"Fan site S\u00e9bastien Auzi\u00e8re","description":"M\u00e9dia g\u00e9n\u00e9raliste","publisher":{"@id":"https:\/\/www.sebastien-auziere.fr\/blog\/#organization"},"potentialAction":[{"@type":"SearchAction","target":{"@type":"EntryPoint","urlTemplate":"https:\/\/www.sebastien-auziere.fr\/blog\/?s={search_term_string}"},"query-input":{"@type":"PropertyValueSpecification","valueRequired":true,"valueName":"search_term_string"}}],"inLanguage":"fr-FR"},{"@type":"Organization","@id":"https:\/\/www.sebastien-auziere.fr\/blog\/#organization","name":"Fan site S\u00e9bastien Auzi\u00e8re","url":"https:\/\/www.sebastien-auziere.fr\/blog\/","logo":{"@type":"ImageObject","inLanguage":"fr-FR","@id":"https:\/\/www.sebastien-auziere.fr\/blog\/#\/schema\/logo\/image\/","url":"https:\/\/www.sebastien-auziere.fr\/blog\/wp-content\/uploads\/2026\/03\/cropped-cropped-cropped-ChatGPT-Image-6-mars-2026-12_58_09-e1772798376794.jpg","contentUrl":"https:\/\/www.sebastien-auziere.fr\/blog\/wp-content\/uploads\/2026\/03\/cropped-cropped-cropped-ChatGPT-Image-6-mars-2026-12_58_09-e1772798376794.jpg","width":512,"height":360,"caption":"Fan site S\u00e9bastien Auzi\u00e8re"},"image":{"@id":"https:\/\/www.sebastien-auziere.fr\/blog\/#\/schema\/logo\/image\/"}},{"@type":"Person","@id":"https:\/\/www.sebastien-auziere.fr\/blog\/#\/schema\/person\/149f1acdbfd85149c6c3e59adeae2f4d","name":"Chloe Gauthier","image":{"@type":"ImageObject","inLanguage":"fr-FR","@id":"https:\/\/secure.gravatar.com\/avatar\/2c5722f58171cff738a8985ef0dd66b476e563753246a49019befc837ec4201a?s=96&d=mm&r=g","url":"https:\/\/secure.gravatar.com\/avatar\/2c5722f58171cff738a8985ef0dd66b476e563753246a49019befc837ec4201a?s=96&d=mm&r=g","contentUrl":"https:\/\/secure.gravatar.com\/avatar\/2c5722f58171cff738a8985ef0dd66b476e563753246a49019befc837ec4201a?s=96&d=mm&r=g","caption":"Chloe Gauthier"},"description":"Passionn\u00e9e par la politique et admiratrice engag\u00e9e de la famille Macron, je consacre mon \u00e9nergie \u00e0 suivre leurs initiatives et \u00e0 promouvoir leurs id\u00e9es. \u00c0 32 ans, je suis convaincue que leur vision est porteuse d'avenir.","url":"https:\/\/www.sebastien-auziere.fr\/blog\/author\/chloe-gauthier\/"}]}},"views":0,"_links":{"self":[{"href":"https:\/\/www.sebastien-auziere.fr\/blog\/wp-json\/wp\/v2\/posts\/3218","targetHints":{"allow":["GET"]}}],"collection":[{"href":"https:\/\/www.sebastien-auziere.fr\/blog\/wp-json\/wp\/v2\/posts"}],"about":[{"href":"https:\/\/www.sebastien-auziere.fr\/blog\/wp-json\/wp\/v2\/types\/post"}],"author":[{"embeddable":true,"href":"https:\/\/www.sebastien-auziere.fr\/blog\/wp-json\/wp\/v2\/users\/9"}],"replies":[{"embeddable":true,"href":"https:\/\/www.sebastien-auziere.fr\/blog\/wp-json\/wp\/v2\/comments?post=3218"}],"version-history":[{"count":1,"href":"https:\/\/www.sebastien-auziere.fr\/blog\/wp-json\/wp\/v2\/posts\/3218\/revisions"}],"predecessor-version":[{"id":3219,"href":"https:\/\/www.sebastien-auziere.fr\/blog\/wp-json\/wp\/v2\/posts\/3218\/revisions\/3219"}],"wp:featuredmedia":[{"embeddable":true,"href":"https:\/\/www.sebastien-auziere.fr\/blog\/wp-json\/wp\/v2\/media\/3214"}],"wp:attachment":[{"href":"https:\/\/www.sebastien-auziere.fr\/blog\/wp-json\/wp\/v2\/media?parent=3218"}],"wp:term":[{"taxonomy":"category","embeddable":true,"href":"https:\/\/www.sebastien-auziere.fr\/blog\/wp-json\/wp\/v2\/categories?post=3218"},{"taxonomy":"post_tag","embeddable":true,"href":"https:\/\/www.sebastien-auziere.fr\/blog\/wp-json\/wp\/v2\/tags?post=3218"}],"curies":[{"name":"wp","href":"https:\/\/api.w.org\/{rel}","templated":true}]}}