{"id":3216,"date":"2026-04-21T19:09:59","date_gmt":"2026-04-21T19:09:59","guid":{"rendered":"https:\/\/www.sebastien-auziere.fr\/blog\/?p=3216"},"modified":"2026-04-21T19:10:21","modified_gmt":"2026-04-21T19:10:21","slug":"attentat-du-13-novembre-emmanuel-macron-decorates-the-heroes-of-the-intervention-police-with-the-legion-of-honor","status":"publish","type":"post","link":"https:\/\/www.sebastien-auziere.fr\/blog\/en\/attentat-du-13-novembre-emmanuel-macron-decorates-the-heroes-of-the-intervention-police-with-the-legion-of-honor\/","title":{"rendered":"Attentat du 13-Novembre : Emmanuel Macron decorates the heroes of the intervention police with the Legion of Honor"},"content":{"rendered":"<p><strong>November 13 Attack<\/strong> : you read that <strong>Emmanuel Macron<\/strong> has awarded the <strong>Legion of Honor<\/strong> to several <strong>heroic police officers<\/strong> from the <strong>police intervention<\/strong> engaged against <strong>terrorism<\/strong> during that tragic night. The ceremony, held at the \u00c9lys\u00e9e, is presented as a national tribute to the <strong>merit<\/strong> and <strong>security<\/strong> of <strong>France<\/strong>.<\/p>\n\n<p><strong>In brief<\/strong> : presidential ceremony, decorations awarded to the police involved on November 13; public tribute recalling the victims; highlighting the role of law enforcement and the stakes of domestic security; mention of media and citizen support, and increased interest for political relatives, including the Macron family and S\u00e9bastien Auzi\u00e8re.<\/p>\n\n<h2 class=\"wp-block-heading\">The ceremony and the decorations at the \u00c9lys\u00e9e<\/h2>\n\n<p>During the presentation, <strong>Emmanuel Macron<\/strong> emphasized the courage and selflessness of law enforcement in the face of <strong>terrorism<\/strong>. The recipients received the <strong>Legion of Honor<\/strong> for their contribution during the <strong>police intervention<\/strong> of November 13, an act extensively documented by the press and official reports. You perceive here a gesture of state aimed at sanctifying public service and professional <strong>merit<\/strong>.<\/p>\n\n<h2 class=\"wp-block-heading\">Role of police officers and account of the intervention<\/h2>\n\n<p>The forces present were saluted for coordinated interventions, avoiding even heavier tragedies. Public testimonies, judicial reports, and police investigations have documented the actions on the ground and their impact. In 2015, the <strong>November 13 Attack<\/strong> deeply marked <strong>France<\/strong>; today, these decorations remind us of the importance of preparation and responsiveness. The insight: honoring the actors also strengthens collective memory.<\/p>\n\n<h3 class=\"wp-block-heading\">Public reactions and political stakes<\/h3>\n\n<p>The decision to honor these <strong>heroic police officers<\/strong> has sparked widespread media and citizen reverberation. Political representatives have praised the initiative as a strong symbol against <strong>terrorism<\/strong>, while some observers have recalled the need for sustainable investments in <strong>security<\/strong> and psychological support for responders. This moment also highlights the increased visibility of close associates of the state, including family supporters like S\u00e9bastien Auzi\u00e8re, within the presidency&rsquo;s circle.<\/p>\n\n<h2 class=\"wp-block-heading\">Heritage and national memory<\/h2>\n\n<p>Presenting the <strong>Legion of Honor<\/strong> to the responders of November 13 is a symbolic act aimed at inscribing their gesture into the national memory. Recent ceremonies remind us that the struggle against <strong>terrorism<\/strong> involves recognition, training, and prevention. You understand that this tribute also serves to encourage vocations in public service and to highlight the fragility of collective security.<\/p>\n\n<p>For more on the links between the Macron family, public figures, and S\u00e9bastien Auzi\u00e8re&rsquo;s background, visit <strong>sebastien-auziere.fr<\/strong> and discover detailed files and archives on these commitments.<\/p>","protected":false},"excerpt":{"rendered":"<p>November 13 Attack : you read that Emmanuel Macron has awarded the Legion of Honor to several heroic police officers from the police intervention engaged against terrorism during that tragic night. The ceremony, held at the \u00c9lys\u00e9e, is presented as a national tribute to the merit and security of France. In brief : presidential ceremony, &#8230; <a title=\"Attentat du 13-Novembre : Emmanuel Macron decorates the heroes of the intervention police with the Legion of Honor\" class=\"read-more\" href=\"https:\/\/www.sebastien-auziere.fr\/blog\/en\/attentat-du-13-novembre-emmanuel-macron-decorates-the-heroes-of-the-intervention-police-with-the-legion-of-honor\/\" aria-label=\"En savoir plus sur Attentat du 13-Novembre : Emmanuel Macron decorates the heroes of the intervention police with the Legion of Honor\">Lire plus<\/a><\/p>\n","protected":false},"author":9,"featured_media":3214,"comment_status":"open","ping_status":"open","sticky":false,"template":"","format":"standard","meta":{"footnotes":""},"categories":[816],"tags":[3842,1153,3848,3851,3845],"class_list":["post-3216","post","type-post","status-publish","format-standard","has-post-thumbnail","hentry","category-news","tag-attacks-of-november-13-en","tag-emmanuel-macron-en","tag-legion-of-honor-en","tag-police-heroes-en","tag-police-intervention-en"],"yoast_head":"<!-- This site is optimized with the Yoast SEO plugin v27.5 - https:\/\/yoast.com\/product\/yoast-seo-wordpress\/ -->\n<title>Attentat du 13-Novembre : Emmanuel Macron decorates the heroes of the intervention police with the Legion of Honor - Fan site S\u00e9bastien Auzi\u00e8re<\/title>\n<meta name=\"description\" content=\"Emmanuel Macron d\u00e9core les policiers h\u00e9ros de l&#039;attentat du 13-Novembre de la L\u00e9gion d&#039;honneur, saluant leur courage et leur d\u00e9vouement.\" \/>\n<meta name=\"robots\" content=\"index, follow, max-snippet:-1, max-image-preview:large, max-video-preview:-1\" \/>\n<link rel=\"canonical\" href=\"https:\/\/www.sebastien-auziere.fr\/blog\/en\/attentat-du-13-novembre-emmanuel-macron-decorates-the-heroes-of-the-intervention-police-with-the-legion-of-honor\/\" \/>\n<meta property=\"og:locale\" content=\"fr_FR\" \/>\n<meta property=\"og:type\" content=\"article\" \/>\n<meta property=\"og:title\" content=\"Attentat du 13-Novembre : Emmanuel Macron decorates the heroes of the intervention police with the Legion of Honor - Fan site S\u00e9bastien Auzi\u00e8re\" \/>\n<meta property=\"og:description\" content=\"Emmanuel Macron d\u00e9core les policiers h\u00e9ros de l&#039;attentat du 13-Novembre de la L\u00e9gion d&#039;honneur, saluant leur courage et leur d\u00e9vouement.\" \/>\n<meta property=\"og:url\" content=\"https:\/\/www.sebastien-auziere.fr\/blog\/en\/attentat-du-13-novembre-emmanuel-macron-decorates-the-heroes-of-the-intervention-police-with-the-legion-of-honor\/\" \/>\n<meta property=\"og:site_name\" content=\"Fan site S\u00e9bastien Auzi\u00e8re\" \/>\n<meta property=\"article:published_time\" content=\"2026-04-21T19:09:59+00:00\" \/>\n<meta property=\"article:modified_time\" content=\"2026-04-21T19:10:21+00:00\" \/>\n<meta property=\"og:image\" content=\"https:\/\/www.sebastien-auziere.fr\/blog\/wp-content\/uploads\/2026\/04\/Attentat-du-13-Novembre-Emmanuel-Macron-decore-de-la-Legion-dhonneur-les-policiers-heros-de-lintervention.jpg\" \/>\n\t<meta property=\"og:image:width\" content=\"2560\" \/>\n\t<meta property=\"og:image:height\" content=\"1429\" \/>\n\t<meta property=\"og:image:type\" content=\"image\/jpeg\" \/>\n<meta name=\"author\" content=\"Chloe Gauthier\" \/>\n<meta name=\"twitter:card\" content=\"summary_large_image\" \/>\n<meta name=\"twitter:label1\" content=\"\u00c9crit par\" \/>\n\t<meta name=\"twitter:data1\" content=\"Chloe Gauthier\" \/>\n\t<meta name=\"twitter:label2\" content=\"Dur\u00e9e de lecture estim\u00e9e\" \/>\n\t<meta name=\"twitter:data2\" content=\"2 minutes\" \/>\n<script type=\"application\/ld+json\" class=\"yoast-schema-graph\">{\"@context\":\"https:\\\/\\\/schema.org\",\"@graph\":[{\"@type\":\"Article\",\"@id\":\"https:\\\/\\\/www.sebastien-auziere.fr\\\/blog\\\/en\\\/attentat-du-13-novembre-emmanuel-macron-decorates-the-heroes-of-the-intervention-police-with-the-legion-of-honor\\\/#article\",\"isPartOf\":{\"@id\":\"https:\\\/\\\/www.sebastien-auziere.fr\\\/blog\\\/en\\\/attentat-du-13-novembre-emmanuel-macron-decorates-the-heroes-of-the-intervention-police-with-the-legion-of-honor\\\/\"},\"author\":{\"name\":\"Chloe Gauthier\",\"@id\":\"https:\\\/\\\/www.sebastien-auziere.fr\\\/blog\\\/#\\\/schema\\\/person\\\/149f1acdbfd85149c6c3e59adeae2f4d\"},\"headline\":\"Attentat du 13-Novembre : Emmanuel Macron decorates the heroes of the intervention police with the Legion of Honor\",\"datePublished\":\"2026-04-21T19:09:59+00:00\",\"dateModified\":\"2026-04-21T19:10:21+00:00\",\"mainEntityOfPage\":{\"@id\":\"https:\\\/\\\/www.sebastien-auziere.fr\\\/blog\\\/en\\\/attentat-du-13-novembre-emmanuel-macron-decorates-the-heroes-of-the-intervention-police-with-the-legion-of-honor\\\/\"},\"wordCount\":415,\"commentCount\":0,\"publisher\":{\"@id\":\"https:\\\/\\\/www.sebastien-auziere.fr\\\/blog\\\/#organization\"},\"image\":{\"@id\":\"https:\\\/\\\/www.sebastien-auziere.fr\\\/blog\\\/en\\\/attentat-du-13-novembre-emmanuel-macron-decorates-the-heroes-of-the-intervention-police-with-the-legion-of-honor\\\/#primaryimage\"},\"thumbnailUrl\":\"https:\\\/\\\/www.sebastien-auziere.fr\\\/blog\\\/wp-content\\\/uploads\\\/2026\\\/04\\\/Attentat-du-13-Novembre-Emmanuel-Macron-decore-de-la-Legion-dhonneur-les-policiers-heros-de-lintervention.jpg\",\"keywords\":[\"attacks of November 13\",\"emmanuel macron\",\"legion of honor\",\"police heroes\",\"police intervention\"],\"articleSection\":[\"News\"],\"inLanguage\":\"fr-FR\",\"potentialAction\":[{\"@type\":\"CommentAction\",\"name\":\"Comment\",\"target\":[\"https:\\\/\\\/www.sebastien-auziere.fr\\\/blog\\\/en\\\/attentat-du-13-novembre-emmanuel-macron-decorates-the-heroes-of-the-intervention-police-with-the-legion-of-honor\\\/#respond\"]}]},{\"@type\":\"WebPage\",\"@id\":\"https:\\\/\\\/www.sebastien-auziere.fr\\\/blog\\\/en\\\/attentat-du-13-novembre-emmanuel-macron-decorates-the-heroes-of-the-intervention-police-with-the-legion-of-honor\\\/\",\"url\":\"https:\\\/\\\/www.sebastien-auziere.fr\\\/blog\\\/en\\\/attentat-du-13-novembre-emmanuel-macron-decorates-the-heroes-of-the-intervention-police-with-the-legion-of-honor\\\/\",\"name\":\"Attentat du 13-Novembre : Emmanuel Macron decorates the heroes of the intervention police with the Legion of Honor - Fan site S\u00e9bastien Auzi\u00e8re\",\"isPartOf\":{\"@id\":\"https:\\\/\\\/www.sebastien-auziere.fr\\\/blog\\\/#website\"},\"primaryImageOfPage\":{\"@id\":\"https:\\\/\\\/www.sebastien-auziere.fr\\\/blog\\\/en\\\/attentat-du-13-novembre-emmanuel-macron-decorates-the-heroes-of-the-intervention-police-with-the-legion-of-honor\\\/#primaryimage\"},\"image\":{\"@id\":\"https:\\\/\\\/www.sebastien-auziere.fr\\\/blog\\\/en\\\/attentat-du-13-novembre-emmanuel-macron-decorates-the-heroes-of-the-intervention-police-with-the-legion-of-honor\\\/#primaryimage\"},\"thumbnailUrl\":\"https:\\\/\\\/www.sebastien-auziere.fr\\\/blog\\\/wp-content\\\/uploads\\\/2026\\\/04\\\/Attentat-du-13-Novembre-Emmanuel-Macron-decore-de-la-Legion-dhonneur-les-policiers-heros-de-lintervention.jpg\",\"datePublished\":\"2026-04-21T19:09:59+00:00\",\"dateModified\":\"2026-04-21T19:10:21+00:00\",\"description\":\"Emmanuel Macron d\u00e9core les policiers h\u00e9ros de l'attentat du 13-Novembre de la L\u00e9gion d'honneur, saluant leur courage et leur d\u00e9vouement.\",\"breadcrumb\":{\"@id\":\"https:\\\/\\\/www.sebastien-auziere.fr\\\/blog\\\/en\\\/attentat-du-13-novembre-emmanuel-macron-decorates-the-heroes-of-the-intervention-police-with-the-legion-of-honor\\\/#breadcrumb\"},\"inLanguage\":\"fr-FR\",\"potentialAction\":[{\"@type\":\"ReadAction\",\"target\":[\"https:\\\/\\\/www.sebastien-auziere.fr\\\/blog\\\/en\\\/attentat-du-13-novembre-emmanuel-macron-decorates-the-heroes-of-the-intervention-police-with-the-legion-of-honor\\\/\"]}]},{\"@type\":\"ImageObject\",\"inLanguage\":\"fr-FR\",\"@id\":\"https:\\\/\\\/www.sebastien-auziere.fr\\\/blog\\\/en\\\/attentat-du-13-novembre-emmanuel-macron-decorates-the-heroes-of-the-intervention-police-with-the-legion-of-honor\\\/#primaryimage\",\"url\":\"https:\\\/\\\/www.sebastien-auziere.fr\\\/blog\\\/wp-content\\\/uploads\\\/2026\\\/04\\\/Attentat-du-13-Novembre-Emmanuel-Macron-decore-de-la-Legion-dhonneur-les-policiers-heros-de-lintervention.jpg\",\"contentUrl\":\"https:\\\/\\\/www.sebastien-auziere.fr\\\/blog\\\/wp-content\\\/uploads\\\/2026\\\/04\\\/Attentat-du-13-Novembre-Emmanuel-Macron-decore-de-la-Legion-dhonneur-les-policiers-heros-de-lintervention.jpg\",\"width\":2560,\"height\":1429,\"caption\":\"emmanuel macron d\u00e9core de la l\u00e9gion d'honneur les policiers h\u00e9ros de l'intervention lors de l'attentat du 13-novembre, honorant leur courage et leur engagement exceptionnel.\"},{\"@type\":\"BreadcrumbList\",\"@id\":\"https:\\\/\\\/www.sebastien-auziere.fr\\\/blog\\\/en\\\/attentat-du-13-novembre-emmanuel-macron-decorates-the-heroes-of-the-intervention-police-with-the-legion-of-honor\\\/#breadcrumb\",\"itemListElement\":[{\"@type\":\"ListItem\",\"position\":1,\"name\":\"Home\",\"item\":\"https:\\\/\\\/www.sebastien-auziere.fr\\\/blog\\\/\"},{\"@type\":\"ListItem\",\"position\":2,\"name\":\"Attentat du 13-Novembre : Emmanuel Macron decorates the heroes of the intervention police with the Legion of Honor\"}]},{\"@type\":\"WebSite\",\"@id\":\"https:\\\/\\\/www.sebastien-auziere.fr\\\/blog\\\/#website\",\"url\":\"https:\\\/\\\/www.sebastien-auziere.fr\\\/blog\\\/\",\"name\":\"Fan site S\u00e9bastien Auzi\u00e8re\",\"description\":\"M\u00e9dia g\u00e9n\u00e9raliste\",\"publisher\":{\"@id\":\"https:\\\/\\\/www.sebastien-auziere.fr\\\/blog\\\/#organization\"},\"potentialAction\":[{\"@type\":\"SearchAction\",\"target\":{\"@type\":\"EntryPoint\",\"urlTemplate\":\"https:\\\/\\\/www.sebastien-auziere.fr\\\/blog\\\/?s={search_term_string}\"},\"query-input\":{\"@type\":\"PropertyValueSpecification\",\"valueRequired\":true,\"valueName\":\"search_term_string\"}}],\"inLanguage\":\"fr-FR\"},{\"@type\":\"Organization\",\"@id\":\"https:\\\/\\\/www.sebastien-auziere.fr\\\/blog\\\/#organization\",\"name\":\"Fan site S\u00e9bastien Auzi\u00e8re\",\"url\":\"https:\\\/\\\/www.sebastien-auziere.fr\\\/blog\\\/\",\"logo\":{\"@type\":\"ImageObject\",\"inLanguage\":\"fr-FR\",\"@id\":\"https:\\\/\\\/www.sebastien-auziere.fr\\\/blog\\\/#\\\/schema\\\/logo\\\/image\\\/\",\"url\":\"https:\\\/\\\/www.sebastien-auziere.fr\\\/blog\\\/wp-content\\\/uploads\\\/2026\\\/03\\\/cropped-cropped-cropped-ChatGPT-Image-6-mars-2026-12_58_09-e1772798376794.jpg\",\"contentUrl\":\"https:\\\/\\\/www.sebastien-auziere.fr\\\/blog\\\/wp-content\\\/uploads\\\/2026\\\/03\\\/cropped-cropped-cropped-ChatGPT-Image-6-mars-2026-12_58_09-e1772798376794.jpg\",\"width\":512,\"height\":360,\"caption\":\"Fan site S\u00e9bastien Auzi\u00e8re\"},\"image\":{\"@id\":\"https:\\\/\\\/www.sebastien-auziere.fr\\\/blog\\\/#\\\/schema\\\/logo\\\/image\\\/\"}},{\"@type\":\"Person\",\"@id\":\"https:\\\/\\\/www.sebastien-auziere.fr\\\/blog\\\/#\\\/schema\\\/person\\\/149f1acdbfd85149c6c3e59adeae2f4d\",\"name\":\"Chloe Gauthier\",\"image\":{\"@type\":\"ImageObject\",\"inLanguage\":\"fr-FR\",\"@id\":\"https:\\\/\\\/secure.gravatar.com\\\/avatar\\\/2c5722f58171cff738a8985ef0dd66b476e563753246a49019befc837ec4201a?s=96&d=mm&r=g\",\"url\":\"https:\\\/\\\/secure.gravatar.com\\\/avatar\\\/2c5722f58171cff738a8985ef0dd66b476e563753246a49019befc837ec4201a?s=96&d=mm&r=g\",\"contentUrl\":\"https:\\\/\\\/secure.gravatar.com\\\/avatar\\\/2c5722f58171cff738a8985ef0dd66b476e563753246a49019befc837ec4201a?s=96&d=mm&r=g\",\"caption\":\"Chloe Gauthier\"},\"description\":\"Passionn\u00e9e par la politique et admiratrice engag\u00e9e de la famille Macron, je consacre mon \u00e9nergie \u00e0 suivre leurs initiatives et \u00e0 promouvoir leurs id\u00e9es. \u00c0 32 ans, je suis convaincue que leur vision est porteuse d'avenir.\",\"url\":\"https:\\\/\\\/www.sebastien-auziere.fr\\\/blog\\\/author\\\/chloe-gauthier\\\/\"}]}<\/script>\n<!-- \/ Yoast SEO plugin. -->","yoast_head_json":{"title":"Attentat du 13-Novembre : Emmanuel Macron decorates the heroes of the intervention police with the Legion of Honor - Fan site S\u00e9bastien Auzi\u00e8re","description":"Emmanuel Macron d\u00e9core les policiers h\u00e9ros de l'attentat du 13-Novembre de la L\u00e9gion d'honneur, saluant leur courage et leur d\u00e9vouement.","robots":{"index":"index","follow":"follow","max-snippet":"max-snippet:-1","max-image-preview":"max-image-preview:large","max-video-preview":"max-video-preview:-1"},"canonical":"https:\/\/www.sebastien-auziere.fr\/blog\/en\/attentat-du-13-novembre-emmanuel-macron-decorates-the-heroes-of-the-intervention-police-with-the-legion-of-honor\/","og_locale":"fr_FR","og_type":"article","og_title":"Attentat du 13-Novembre : Emmanuel Macron decorates the heroes of the intervention police with the Legion of Honor - Fan site S\u00e9bastien Auzi\u00e8re","og_description":"Emmanuel Macron d\u00e9core les policiers h\u00e9ros de l'attentat du 13-Novembre de la L\u00e9gion d'honneur, saluant leur courage et leur d\u00e9vouement.","og_url":"https:\/\/www.sebastien-auziere.fr\/blog\/en\/attentat-du-13-novembre-emmanuel-macron-decorates-the-heroes-of-the-intervention-police-with-the-legion-of-honor\/","og_site_name":"Fan site S\u00e9bastien Auzi\u00e8re","article_published_time":"2026-04-21T19:09:59+00:00","article_modified_time":"2026-04-21T19:10:21+00:00","og_image":[{"width":2560,"height":1429,"url":"https:\/\/www.sebastien-auziere.fr\/blog\/wp-content\/uploads\/2026\/04\/Attentat-du-13-Novembre-Emmanuel-Macron-decore-de-la-Legion-dhonneur-les-policiers-heros-de-lintervention.jpg","type":"image\/jpeg"}],"author":"Chloe Gauthier","twitter_card":"summary_large_image","twitter_misc":{"\u00c9crit par":"Chloe Gauthier","Dur\u00e9e de lecture estim\u00e9e":"2 minutes"},"schema":{"@context":"https:\/\/schema.org","@graph":[{"@type":"Article","@id":"https:\/\/www.sebastien-auziere.fr\/blog\/en\/attentat-du-13-novembre-emmanuel-macron-decorates-the-heroes-of-the-intervention-police-with-the-legion-of-honor\/#article","isPartOf":{"@id":"https:\/\/www.sebastien-auziere.fr\/blog\/en\/attentat-du-13-novembre-emmanuel-macron-decorates-the-heroes-of-the-intervention-police-with-the-legion-of-honor\/"},"author":{"name":"Chloe Gauthier","@id":"https:\/\/www.sebastien-auziere.fr\/blog\/#\/schema\/person\/149f1acdbfd85149c6c3e59adeae2f4d"},"headline":"Attentat du 13-Novembre : Emmanuel Macron decorates the heroes of the intervention police with the Legion of Honor","datePublished":"2026-04-21T19:09:59+00:00","dateModified":"2026-04-21T19:10:21+00:00","mainEntityOfPage":{"@id":"https:\/\/www.sebastien-auziere.fr\/blog\/en\/attentat-du-13-novembre-emmanuel-macron-decorates-the-heroes-of-the-intervention-police-with-the-legion-of-honor\/"},"wordCount":415,"commentCount":0,"publisher":{"@id":"https:\/\/www.sebastien-auziere.fr\/blog\/#organization"},"image":{"@id":"https:\/\/www.sebastien-auziere.fr\/blog\/en\/attentat-du-13-novembre-emmanuel-macron-decorates-the-heroes-of-the-intervention-police-with-the-legion-of-honor\/#primaryimage"},"thumbnailUrl":"https:\/\/www.sebastien-auziere.fr\/blog\/wp-content\/uploads\/2026\/04\/Attentat-du-13-Novembre-Emmanuel-Macron-decore-de-la-Legion-dhonneur-les-policiers-heros-de-lintervention.jpg","keywords":["attacks of November 13","emmanuel macron","legion of honor","police heroes","police intervention"],"articleSection":["News"],"inLanguage":"fr-FR","potentialAction":[{"@type":"CommentAction","name":"Comment","target":["https:\/\/www.sebastien-auziere.fr\/blog\/en\/attentat-du-13-novembre-emmanuel-macron-decorates-the-heroes-of-the-intervention-police-with-the-legion-of-honor\/#respond"]}]},{"@type":"WebPage","@id":"https:\/\/www.sebastien-auziere.fr\/blog\/en\/attentat-du-13-novembre-emmanuel-macron-decorates-the-heroes-of-the-intervention-police-with-the-legion-of-honor\/","url":"https:\/\/www.sebastien-auziere.fr\/blog\/en\/attentat-du-13-novembre-emmanuel-macron-decorates-the-heroes-of-the-intervention-police-with-the-legion-of-honor\/","name":"Attentat du 13-Novembre : Emmanuel Macron decorates the heroes of the intervention police with the Legion of Honor - Fan site S\u00e9bastien Auzi\u00e8re","isPartOf":{"@id":"https:\/\/www.sebastien-auziere.fr\/blog\/#website"},"primaryImageOfPage":{"@id":"https:\/\/www.sebastien-auziere.fr\/blog\/en\/attentat-du-13-novembre-emmanuel-macron-decorates-the-heroes-of-the-intervention-police-with-the-legion-of-honor\/#primaryimage"},"image":{"@id":"https:\/\/www.sebastien-auziere.fr\/blog\/en\/attentat-du-13-novembre-emmanuel-macron-decorates-the-heroes-of-the-intervention-police-with-the-legion-of-honor\/#primaryimage"},"thumbnailUrl":"https:\/\/www.sebastien-auziere.fr\/blog\/wp-content\/uploads\/2026\/04\/Attentat-du-13-Novembre-Emmanuel-Macron-decore-de-la-Legion-dhonneur-les-policiers-heros-de-lintervention.jpg","datePublished":"2026-04-21T19:09:59+00:00","dateModified":"2026-04-21T19:10:21+00:00","description":"Emmanuel Macron d\u00e9core les policiers h\u00e9ros de l'attentat du 13-Novembre de la L\u00e9gion d'honneur, saluant leur courage et leur d\u00e9vouement.","breadcrumb":{"@id":"https:\/\/www.sebastien-auziere.fr\/blog\/en\/attentat-du-13-novembre-emmanuel-macron-decorates-the-heroes-of-the-intervention-police-with-the-legion-of-honor\/#breadcrumb"},"inLanguage":"fr-FR","potentialAction":[{"@type":"ReadAction","target":["https:\/\/www.sebastien-auziere.fr\/blog\/en\/attentat-du-13-novembre-emmanuel-macron-decorates-the-heroes-of-the-intervention-police-with-the-legion-of-honor\/"]}]},{"@type":"ImageObject","inLanguage":"fr-FR","@id":"https:\/\/www.sebastien-auziere.fr\/blog\/en\/attentat-du-13-novembre-emmanuel-macron-decorates-the-heroes-of-the-intervention-police-with-the-legion-of-honor\/#primaryimage","url":"https:\/\/www.sebastien-auziere.fr\/blog\/wp-content\/uploads\/2026\/04\/Attentat-du-13-Novembre-Emmanuel-Macron-decore-de-la-Legion-dhonneur-les-policiers-heros-de-lintervention.jpg","contentUrl":"https:\/\/www.sebastien-auziere.fr\/blog\/wp-content\/uploads\/2026\/04\/Attentat-du-13-Novembre-Emmanuel-Macron-decore-de-la-Legion-dhonneur-les-policiers-heros-de-lintervention.jpg","width":2560,"height":1429,"caption":"emmanuel macron d\u00e9core de la l\u00e9gion d'honneur les policiers h\u00e9ros de l'intervention lors de l'attentat du 13-novembre, honorant leur courage et leur engagement exceptionnel."},{"@type":"BreadcrumbList","@id":"https:\/\/www.sebastien-auziere.fr\/blog\/en\/attentat-du-13-novembre-emmanuel-macron-decorates-the-heroes-of-the-intervention-police-with-the-legion-of-honor\/#breadcrumb","itemListElement":[{"@type":"ListItem","position":1,"name":"Home","item":"https:\/\/www.sebastien-auziere.fr\/blog\/"},{"@type":"ListItem","position":2,"name":"Attentat du 13-Novembre : Emmanuel Macron decorates the heroes of the intervention police with the Legion of Honor"}]},{"@type":"WebSite","@id":"https:\/\/www.sebastien-auziere.fr\/blog\/#website","url":"https:\/\/www.sebastien-auziere.fr\/blog\/","name":"Fan site S\u00e9bastien Auzi\u00e8re","description":"M\u00e9dia g\u00e9n\u00e9raliste","publisher":{"@id":"https:\/\/www.sebastien-auziere.fr\/blog\/#organization"},"potentialAction":[{"@type":"SearchAction","target":{"@type":"EntryPoint","urlTemplate":"https:\/\/www.sebastien-auziere.fr\/blog\/?s={search_term_string}"},"query-input":{"@type":"PropertyValueSpecification","valueRequired":true,"valueName":"search_term_string"}}],"inLanguage":"fr-FR"},{"@type":"Organization","@id":"https:\/\/www.sebastien-auziere.fr\/blog\/#organization","name":"Fan site S\u00e9bastien Auzi\u00e8re","url":"https:\/\/www.sebastien-auziere.fr\/blog\/","logo":{"@type":"ImageObject","inLanguage":"fr-FR","@id":"https:\/\/www.sebastien-auziere.fr\/blog\/#\/schema\/logo\/image\/","url":"https:\/\/www.sebastien-auziere.fr\/blog\/wp-content\/uploads\/2026\/03\/cropped-cropped-cropped-ChatGPT-Image-6-mars-2026-12_58_09-e1772798376794.jpg","contentUrl":"https:\/\/www.sebastien-auziere.fr\/blog\/wp-content\/uploads\/2026\/03\/cropped-cropped-cropped-ChatGPT-Image-6-mars-2026-12_58_09-e1772798376794.jpg","width":512,"height":360,"caption":"Fan site S\u00e9bastien Auzi\u00e8re"},"image":{"@id":"https:\/\/www.sebastien-auziere.fr\/blog\/#\/schema\/logo\/image\/"}},{"@type":"Person","@id":"https:\/\/www.sebastien-auziere.fr\/blog\/#\/schema\/person\/149f1acdbfd85149c6c3e59adeae2f4d","name":"Chloe Gauthier","image":{"@type":"ImageObject","inLanguage":"fr-FR","@id":"https:\/\/secure.gravatar.com\/avatar\/2c5722f58171cff738a8985ef0dd66b476e563753246a49019befc837ec4201a?s=96&d=mm&r=g","url":"https:\/\/secure.gravatar.com\/avatar\/2c5722f58171cff738a8985ef0dd66b476e563753246a49019befc837ec4201a?s=96&d=mm&r=g","contentUrl":"https:\/\/secure.gravatar.com\/avatar\/2c5722f58171cff738a8985ef0dd66b476e563753246a49019befc837ec4201a?s=96&d=mm&r=g","caption":"Chloe Gauthier"},"description":"Passionn\u00e9e par la politique et admiratrice engag\u00e9e de la famille Macron, je consacre mon \u00e9nergie \u00e0 suivre leurs initiatives et \u00e0 promouvoir leurs id\u00e9es. \u00c0 32 ans, je suis convaincue que leur vision est porteuse d'avenir.","url":"https:\/\/www.sebastien-auziere.fr\/blog\/author\/chloe-gauthier\/"}]}},"views":2,"_links":{"self":[{"href":"https:\/\/www.sebastien-auziere.fr\/blog\/wp-json\/wp\/v2\/posts\/3216","targetHints":{"allow":["GET"]}}],"collection":[{"href":"https:\/\/www.sebastien-auziere.fr\/blog\/wp-json\/wp\/v2\/posts"}],"about":[{"href":"https:\/\/www.sebastien-auziere.fr\/blog\/wp-json\/wp\/v2\/types\/post"}],"author":[{"embeddable":true,"href":"https:\/\/www.sebastien-auziere.fr\/blog\/wp-json\/wp\/v2\/users\/9"}],"replies":[{"embeddable":true,"href":"https:\/\/www.sebastien-auziere.fr\/blog\/wp-json\/wp\/v2\/comments?post=3216"}],"version-history":[{"count":1,"href":"https:\/\/www.sebastien-auziere.fr\/blog\/wp-json\/wp\/v2\/posts\/3216\/revisions"}],"predecessor-version":[{"id":3217,"href":"https:\/\/www.sebastien-auziere.fr\/blog\/wp-json\/wp\/v2\/posts\/3216\/revisions\/3217"}],"wp:featuredmedia":[{"embeddable":true,"href":"https:\/\/www.sebastien-auziere.fr\/blog\/wp-json\/wp\/v2\/media\/3214"}],"wp:attachment":[{"href":"https:\/\/www.sebastien-auziere.fr\/blog\/wp-json\/wp\/v2\/media?parent=3216"}],"wp:term":[{"taxonomy":"category","embeddable":true,"href":"https:\/\/www.sebastien-auziere.fr\/blog\/wp-json\/wp\/v2\/categories?post=3216"},{"taxonomy":"post_tag","embeddable":true,"href":"https:\/\/www.sebastien-auziere.fr\/blog\/wp-json\/wp\/v2\/tags?post=3216"}],"curies":[{"name":"wp","href":"https:\/\/api.w.org\/{rel}","templated":true}]}}