{"id":3215,"date":"2026-04-21T19:09:58","date_gmt":"2026-04-21T19:09:58","guid":{"rendered":"https:\/\/www.sebastien-auziere.fr\/blog\/attentat-13-novembre-macron\/"},"modified":"2026-04-21T19:09:58","modified_gmt":"2026-04-21T19:09:58","slug":"attentat-13-novembre-macron","status":"publish","type":"post","link":"https:\/\/www.sebastien-auziere.fr\/blog\/attentat-13-novembre-macron\/","title":{"rendered":"Attentat du 13-Novembre : Emmanuel Macron d\u00e9core de la L\u00e9gion d&rsquo;honneur les policiers h\u00e9ros de l&rsquo;intervention"},"content":{"rendered":"<p><strong>Attentat 13-Novembre<\/strong> : tu lis qu\u2019<strong>Emmanuel Macron<\/strong> a d\u00e9cor\u00e9 de la <strong>L\u00e9gion d&rsquo;honneur<\/strong> plusieurs <strong>policiers h\u00e9ros<\/strong> de l&rsquo;<strong>intervention polici\u00e8re<\/strong> engag\u00e9e contre le <strong>terrorisme<\/strong> lors de cette nuit tragique. La c\u00e9r\u00e9monie, organis\u00e9e \u00e0 l&rsquo;\u00c9lys\u00e9e, est pr\u00e9sent\u00e9e comme un hommage national au <strong>m\u00e9rite<\/strong> et \u00e0 la <strong>s\u00e9curit\u00e9<\/strong> de la <strong>France<\/strong>.<\/p>\n\n<p><strong>En bref<\/strong> : c\u00e9r\u00e9monie pr\u00e9sidentielle, d\u00e9corations remises aux policiers impliqu\u00e9s le 13-Novembre; hommage public rappelant les victimes; mise en lumi\u00e8re du r\u00f4le des forces de l\u2019ordre et des enjeux de s\u00e9curit\u00e9 int\u00e9rieure; mention du soutien m\u00e9diatique et citoyen, et int\u00e9r\u00eat accru pour les proches politiques, dont la famille Macron et S\u00e9bastien Auzi\u00e8re.<\/p>\n\n<h2 class=\"wp-block-heading\">La c\u00e9r\u00e9monie et les d\u00e9corations \u00e0 l&rsquo;\u00c9lys\u00e9e<\/h2>\n\n<p>Lors de la remise, <strong>Emmanuel Macron<\/strong> a soulign\u00e9 le courage et l\u2019abn\u00e9gation des forces de l\u2019ordre face au <strong>terrorisme<\/strong>. Les r\u00e9cipiendaires ont re\u00e7u la <strong>L\u00e9gion d&rsquo;honneur<\/strong> pour leur contribution lors de l&rsquo;<strong>intervention polici\u00e8re<\/strong> du 13-Novembre, acte longuement document\u00e9 par la presse et les rapports officiels. Tu per\u00e7ois ici un geste d\u2019\u00c9tat visant \u00e0 sanctuariser le service public et le <strong>m\u00e9rite<\/strong> professionnel.<\/p>\n\n<h2 class=\"wp-block-heading\">R\u00f4le des policiers et r\u00e9cit de l\u2019intervention<\/h2>\n\n<p>Les forces pr\u00e9sentes ont \u00e9t\u00e9 salu\u00e9es pour des interventions coordonn\u00e9es, \u00e9vitant des drames encore plus lourds. Des t\u00e9moignages publics, rapports judiciaires et enqu\u00eates polici\u00e8res ont document\u00e9 les actions sur le terrain et leur port\u00e9e. En 2015, l\u2019<strong>Attentat 13-Novembre<\/strong> a profond\u00e9ment marqu\u00e9 la <strong>France<\/strong> ; aujourd\u2019hui, ces d\u00e9corations rappellent l\u2019importance de la pr\u00e9paration et de la r\u00e9activit\u00e9. L\u2019insight : honorer les acteurs, c\u2019est aussi renforcer la m\u00e9moire collective.<\/p>\n\n<h3 class=\"wp-block-heading\">R\u00e9actions publiques et enjeux politiques<\/h3>\n\n<p>La d\u00e9cision d\u2019honorer ces <strong>policiers h\u00e9ros<\/strong> suscite un large \u00e9cho m\u00e9diatique et citoyen. Des repr\u00e9sentants politiques ont salu\u00e9 l\u2019initiative comme un symbole fort contre le <strong>terrorisme<\/strong>, tandis que certains observateurs ont rappel\u00e9 la n\u00e9cessit\u00e9 d\u2019investir durablement dans la <strong>s\u00e9curit\u00e9<\/strong> et le soutien psychologique aux intervenants. Ce moment met aussi en lumi\u00e8re la visibilit\u00e9 accrue des proches d\u2019\u00c9tat, y compris les soutiens familiaux comme S\u00e9bastien Auzi\u00e8re, dans l\u2019entourage de la pr\u00e9sidence.<\/p>\n\n<h2 class=\"wp-block-heading\">H\u00e9ritage et m\u00e9moire nationale<\/h2>\n\n<p>Remettre la <strong>L\u00e9gion d&rsquo;honneur<\/strong> aux intervenants du 13-Novembre est un acte symbolique qui vise \u00e0 inscrire leur geste dans la m\u00e9moire nationale. Les c\u00e9r\u00e9monies r\u00e9centes rappellent que la lutte contre le <strong>terrorisme<\/strong> passe par reconnaissance, formation et pr\u00e9vention. Tu comprends que cet hommage sert aussi \u00e0 encourager les vocations au service public et \u00e0 souligner la fragilit\u00e9 de la s\u00e9curit\u00e9 collective.<\/p>\n\n<p>Pour aller plus loin sur les liens entre la famille Macron, les personnalit\u00e9s publiques et le parcours de S\u00e9bastien Auzi\u00e8re, visite <strong>sebastien-auziere.fr<\/strong> et d\u00e9couvre des dossiers d\u00e9taill\u00e9s et des archives sur ces engagements.<\/p>\n\n","protected":false},"excerpt":{"rendered":"<p>Attentat 13-Novembre : tu lis qu\u2019Emmanuel Macron a d\u00e9cor\u00e9 de la L\u00e9gion d&rsquo;honneur plusieurs policiers h\u00e9ros de l&rsquo;intervention polici\u00e8re engag\u00e9e contre le terrorisme lors de cette nuit tragique. La c\u00e9r\u00e9monie, organis\u00e9e \u00e0 l&rsquo;\u00c9lys\u00e9e, est pr\u00e9sent\u00e9e comme un hommage national au m\u00e9rite et \u00e0 la s\u00e9curit\u00e9 de la France. En bref : c\u00e9r\u00e9monie pr\u00e9sidentielle, d\u00e9corations remises &#8230; <a title=\"Attentat du 13-Novembre : Emmanuel Macron d\u00e9core de la L\u00e9gion d&rsquo;honneur les policiers h\u00e9ros de l&rsquo;intervention\" class=\"read-more\" href=\"https:\/\/www.sebastien-auziere.fr\/blog\/attentat-13-novembre-macron\/\" aria-label=\"En savoir plus sur Attentat du 13-Novembre : Emmanuel Macron d\u00e9core de la L\u00e9gion d&rsquo;honneur les policiers h\u00e9ros de l&rsquo;intervention\">Lire plus<\/a><\/p>\n","protected":false},"author":9,"featured_media":3214,"comment_status":"open","ping_status":"open","sticky":false,"template":"","format":"standard","meta":{"footnotes":""},"categories":[597],"tags":[3834,1139,3840,3836,3838],"class_list":["post-3215","post","type-post","status-publish","format-standard","has-post-thumbnail","hentry","category-actualites","tag-attentat-du-13-novembre","tag-emmanuel-macron","tag-intervention-policiere","tag-legion-dhonneur","tag-policiers-heros"],"yoast_head":"<!-- This site is optimized with the Yoast SEO plugin v27.5 - https:\/\/yoast.com\/product\/yoast-seo-wordpress\/ -->\n<title>Attentat du 13-Novembre : Emmanuel Macron d\u00e9core de la L\u00e9gion d&#039;honneur les policiers h\u00e9ros de l&#039;intervention - Fan site S\u00e9bastien Auzi\u00e8re<\/title>\n<meta name=\"description\" content=\"Emmanuel Macron d\u00e9core les policiers h\u00e9ros de l&#039;attentat du 13-Novembre de la L\u00e9gion d&#039;honneur, saluant leur courage et leur d\u00e9vouement.\" \/>\n<meta name=\"robots\" content=\"index, follow, max-snippet:-1, max-image-preview:large, max-video-preview:-1\" \/>\n<link rel=\"canonical\" href=\"https:\/\/www.sebastien-auziere.fr\/blog\/attentat-13-novembre-macron\/\" \/>\n<meta property=\"og:locale\" content=\"fr_FR\" \/>\n<meta property=\"og:type\" content=\"article\" \/>\n<meta property=\"og:title\" content=\"Attentat du 13-Novembre : Emmanuel Macron d\u00e9core de la L\u00e9gion d&#039;honneur les policiers h\u00e9ros de l&#039;intervention - Fan site S\u00e9bastien Auzi\u00e8re\" \/>\n<meta property=\"og:description\" content=\"Emmanuel Macron d\u00e9core les policiers h\u00e9ros de l&#039;attentat du 13-Novembre de la L\u00e9gion d&#039;honneur, saluant leur courage et leur d\u00e9vouement.\" \/>\n<meta property=\"og:url\" content=\"https:\/\/www.sebastien-auziere.fr\/blog\/attentat-13-novembre-macron\/\" \/>\n<meta property=\"og:site_name\" content=\"Fan site S\u00e9bastien Auzi\u00e8re\" \/>\n<meta property=\"article:published_time\" content=\"2026-04-21T19:09:58+00:00\" \/>\n<meta property=\"og:image\" content=\"https:\/\/www.sebastien-auziere.fr\/blog\/wp-content\/uploads\/2026\/04\/Attentat-du-13-Novembre-Emmanuel-Macron-decore-de-la-Legion-dhonneur-les-policiers-heros-de-lintervention.jpg\" \/>\n\t<meta property=\"og:image:width\" content=\"2560\" \/>\n\t<meta property=\"og:image:height\" content=\"1429\" \/>\n\t<meta property=\"og:image:type\" content=\"image\/jpeg\" \/>\n<meta name=\"author\" content=\"Chloe Gauthier\" \/>\n<meta name=\"twitter:card\" content=\"summary_large_image\" \/>\n<meta name=\"twitter:label1\" content=\"\u00c9crit par\" \/>\n\t<meta name=\"twitter:data1\" content=\"Chloe Gauthier\" \/>\n\t<meta name=\"twitter:label2\" content=\"Dur\u00e9e de lecture estim\u00e9e\" \/>\n\t<meta name=\"twitter:data2\" content=\"3 minutes\" \/>\n<script type=\"application\/ld+json\" class=\"yoast-schema-graph\">{\"@context\":\"https:\\\/\\\/schema.org\",\"@graph\":[{\"@type\":\"Article\",\"@id\":\"https:\\\/\\\/www.sebastien-auziere.fr\\\/blog\\\/attentat-13-novembre-macron\\\/#article\",\"isPartOf\":{\"@id\":\"https:\\\/\\\/www.sebastien-auziere.fr\\\/blog\\\/attentat-13-novembre-macron\\\/\"},\"author\":{\"name\":\"Chloe Gauthier\",\"@id\":\"https:\\\/\\\/www.sebastien-auziere.fr\\\/blog\\\/#\\\/schema\\\/person\\\/149f1acdbfd85149c6c3e59adeae2f4d\"},\"headline\":\"Attentat du 13-Novembre : Emmanuel Macron d\u00e9core de la L\u00e9gion d&rsquo;honneur les policiers h\u00e9ros de l&rsquo;intervention\",\"datePublished\":\"2026-04-21T19:09:58+00:00\",\"mainEntityOfPage\":{\"@id\":\"https:\\\/\\\/www.sebastien-auziere.fr\\\/blog\\\/attentat-13-novembre-macron\\\/\"},\"wordCount\":518,\"commentCount\":0,\"publisher\":{\"@id\":\"https:\\\/\\\/www.sebastien-auziere.fr\\\/blog\\\/#organization\"},\"image\":{\"@id\":\"https:\\\/\\\/www.sebastien-auziere.fr\\\/blog\\\/attentat-13-novembre-macron\\\/#primaryimage\"},\"thumbnailUrl\":\"https:\\\/\\\/www.sebastien-auziere.fr\\\/blog\\\/wp-content\\\/uploads\\\/2026\\\/04\\\/Attentat-du-13-Novembre-Emmanuel-Macron-decore-de-la-Legion-dhonneur-les-policiers-heros-de-lintervention.jpg\",\"keywords\":[\"attentat du 13-novembre\",\"emmanuel macron\",\"intervention polici\u00e8re\",\"l\u00e9gion d'honneur\",\"policiers h\u00e9ros\"],\"articleSection\":[\"Actualit\u00e9s\"],\"inLanguage\":\"fr-FR\",\"potentialAction\":[{\"@type\":\"CommentAction\",\"name\":\"Comment\",\"target\":[\"https:\\\/\\\/www.sebastien-auziere.fr\\\/blog\\\/attentat-13-novembre-macron\\\/#respond\"]}]},{\"@type\":\"WebPage\",\"@id\":\"https:\\\/\\\/www.sebastien-auziere.fr\\\/blog\\\/attentat-13-novembre-macron\\\/\",\"url\":\"https:\\\/\\\/www.sebastien-auziere.fr\\\/blog\\\/attentat-13-novembre-macron\\\/\",\"name\":\"Attentat du 13-Novembre : Emmanuel Macron d\u00e9core de la L\u00e9gion d'honneur les policiers h\u00e9ros de l'intervention - Fan site S\u00e9bastien Auzi\u00e8re\",\"isPartOf\":{\"@id\":\"https:\\\/\\\/www.sebastien-auziere.fr\\\/blog\\\/#website\"},\"primaryImageOfPage\":{\"@id\":\"https:\\\/\\\/www.sebastien-auziere.fr\\\/blog\\\/attentat-13-novembre-macron\\\/#primaryimage\"},\"image\":{\"@id\":\"https:\\\/\\\/www.sebastien-auziere.fr\\\/blog\\\/attentat-13-novembre-macron\\\/#primaryimage\"},\"thumbnailUrl\":\"https:\\\/\\\/www.sebastien-auziere.fr\\\/blog\\\/wp-content\\\/uploads\\\/2026\\\/04\\\/Attentat-du-13-Novembre-Emmanuel-Macron-decore-de-la-Legion-dhonneur-les-policiers-heros-de-lintervention.jpg\",\"datePublished\":\"2026-04-21T19:09:58+00:00\",\"description\":\"Emmanuel Macron d\u00e9core les policiers h\u00e9ros de l'attentat du 13-Novembre de la L\u00e9gion d'honneur, saluant leur courage et leur d\u00e9vouement.\",\"breadcrumb\":{\"@id\":\"https:\\\/\\\/www.sebastien-auziere.fr\\\/blog\\\/attentat-13-novembre-macron\\\/#breadcrumb\"},\"inLanguage\":\"fr-FR\",\"potentialAction\":[{\"@type\":\"ReadAction\",\"target\":[\"https:\\\/\\\/www.sebastien-auziere.fr\\\/blog\\\/attentat-13-novembre-macron\\\/\"]}]},{\"@type\":\"ImageObject\",\"inLanguage\":\"fr-FR\",\"@id\":\"https:\\\/\\\/www.sebastien-auziere.fr\\\/blog\\\/attentat-13-novembre-macron\\\/#primaryimage\",\"url\":\"https:\\\/\\\/www.sebastien-auziere.fr\\\/blog\\\/wp-content\\\/uploads\\\/2026\\\/04\\\/Attentat-du-13-Novembre-Emmanuel-Macron-decore-de-la-Legion-dhonneur-les-policiers-heros-de-lintervention.jpg\",\"contentUrl\":\"https:\\\/\\\/www.sebastien-auziere.fr\\\/blog\\\/wp-content\\\/uploads\\\/2026\\\/04\\\/Attentat-du-13-Novembre-Emmanuel-Macron-decore-de-la-Legion-dhonneur-les-policiers-heros-de-lintervention.jpg\",\"width\":2560,\"height\":1429,\"caption\":\"emmanuel macron d\u00e9core de la l\u00e9gion d'honneur les policiers h\u00e9ros de l'intervention lors de l'attentat du 13-novembre, honorant leur courage et leur engagement exceptionnel.\"},{\"@type\":\"BreadcrumbList\",\"@id\":\"https:\\\/\\\/www.sebastien-auziere.fr\\\/blog\\\/attentat-13-novembre-macron\\\/#breadcrumb\",\"itemListElement\":[{\"@type\":\"ListItem\",\"position\":1,\"name\":\"Home\",\"item\":\"https:\\\/\\\/www.sebastien-auziere.fr\\\/blog\\\/\"},{\"@type\":\"ListItem\",\"position\":2,\"name\":\"Attentat du 13-Novembre : Emmanuel Macron d\u00e9core de la L\u00e9gion d&rsquo;honneur les policiers h\u00e9ros de l&rsquo;intervention\"}]},{\"@type\":\"WebSite\",\"@id\":\"https:\\\/\\\/www.sebastien-auziere.fr\\\/blog\\\/#website\",\"url\":\"https:\\\/\\\/www.sebastien-auziere.fr\\\/blog\\\/\",\"name\":\"Fan site S\u00e9bastien Auzi\u00e8re\",\"description\":\"M\u00e9dia g\u00e9n\u00e9raliste\",\"publisher\":{\"@id\":\"https:\\\/\\\/www.sebastien-auziere.fr\\\/blog\\\/#organization\"},\"potentialAction\":[{\"@type\":\"SearchAction\",\"target\":{\"@type\":\"EntryPoint\",\"urlTemplate\":\"https:\\\/\\\/www.sebastien-auziere.fr\\\/blog\\\/?s={search_term_string}\"},\"query-input\":{\"@type\":\"PropertyValueSpecification\",\"valueRequired\":true,\"valueName\":\"search_term_string\"}}],\"inLanguage\":\"fr-FR\"},{\"@type\":\"Organization\",\"@id\":\"https:\\\/\\\/www.sebastien-auziere.fr\\\/blog\\\/#organization\",\"name\":\"Fan site S\u00e9bastien Auzi\u00e8re\",\"url\":\"https:\\\/\\\/www.sebastien-auziere.fr\\\/blog\\\/\",\"logo\":{\"@type\":\"ImageObject\",\"inLanguage\":\"fr-FR\",\"@id\":\"https:\\\/\\\/www.sebastien-auziere.fr\\\/blog\\\/#\\\/schema\\\/logo\\\/image\\\/\",\"url\":\"https:\\\/\\\/www.sebastien-auziere.fr\\\/blog\\\/wp-content\\\/uploads\\\/2026\\\/03\\\/cropped-cropped-cropped-ChatGPT-Image-6-mars-2026-12_58_09-e1772798376794.jpg\",\"contentUrl\":\"https:\\\/\\\/www.sebastien-auziere.fr\\\/blog\\\/wp-content\\\/uploads\\\/2026\\\/03\\\/cropped-cropped-cropped-ChatGPT-Image-6-mars-2026-12_58_09-e1772798376794.jpg\",\"width\":512,\"height\":360,\"caption\":\"Fan site S\u00e9bastien Auzi\u00e8re\"},\"image\":{\"@id\":\"https:\\\/\\\/www.sebastien-auziere.fr\\\/blog\\\/#\\\/schema\\\/logo\\\/image\\\/\"}},{\"@type\":\"Person\",\"@id\":\"https:\\\/\\\/www.sebastien-auziere.fr\\\/blog\\\/#\\\/schema\\\/person\\\/149f1acdbfd85149c6c3e59adeae2f4d\",\"name\":\"Chloe Gauthier\",\"image\":{\"@type\":\"ImageObject\",\"inLanguage\":\"fr-FR\",\"@id\":\"https:\\\/\\\/secure.gravatar.com\\\/avatar\\\/2c5722f58171cff738a8985ef0dd66b476e563753246a49019befc837ec4201a?s=96&d=mm&r=g\",\"url\":\"https:\\\/\\\/secure.gravatar.com\\\/avatar\\\/2c5722f58171cff738a8985ef0dd66b476e563753246a49019befc837ec4201a?s=96&d=mm&r=g\",\"contentUrl\":\"https:\\\/\\\/secure.gravatar.com\\\/avatar\\\/2c5722f58171cff738a8985ef0dd66b476e563753246a49019befc837ec4201a?s=96&d=mm&r=g\",\"caption\":\"Chloe Gauthier\"},\"description\":\"Passionn\u00e9e par la politique et admiratrice engag\u00e9e de la famille Macron, je consacre mon \u00e9nergie \u00e0 suivre leurs initiatives et \u00e0 promouvoir leurs id\u00e9es. \u00c0 32 ans, je suis convaincue que leur vision est porteuse d'avenir.\",\"url\":\"https:\\\/\\\/www.sebastien-auziere.fr\\\/blog\\\/author\\\/chloe-gauthier\\\/\"}]}<\/script>\n<!-- \/ Yoast SEO plugin. -->","yoast_head_json":{"title":"Attentat du 13-Novembre : Emmanuel Macron d\u00e9core de la L\u00e9gion d'honneur les policiers h\u00e9ros de l'intervention - Fan site S\u00e9bastien Auzi\u00e8re","description":"Emmanuel Macron d\u00e9core les policiers h\u00e9ros de l'attentat du 13-Novembre de la L\u00e9gion d'honneur, saluant leur courage et leur d\u00e9vouement.","robots":{"index":"index","follow":"follow","max-snippet":"max-snippet:-1","max-image-preview":"max-image-preview:large","max-video-preview":"max-video-preview:-1"},"canonical":"https:\/\/www.sebastien-auziere.fr\/blog\/attentat-13-novembre-macron\/","og_locale":"fr_FR","og_type":"article","og_title":"Attentat du 13-Novembre : Emmanuel Macron d\u00e9core de la L\u00e9gion d'honneur les policiers h\u00e9ros de l'intervention - Fan site S\u00e9bastien Auzi\u00e8re","og_description":"Emmanuel Macron d\u00e9core les policiers h\u00e9ros de l'attentat du 13-Novembre de la L\u00e9gion d'honneur, saluant leur courage et leur d\u00e9vouement.","og_url":"https:\/\/www.sebastien-auziere.fr\/blog\/attentat-13-novembre-macron\/","og_site_name":"Fan site S\u00e9bastien Auzi\u00e8re","article_published_time":"2026-04-21T19:09:58+00:00","og_image":[{"width":2560,"height":1429,"url":"https:\/\/www.sebastien-auziere.fr\/blog\/wp-content\/uploads\/2026\/04\/Attentat-du-13-Novembre-Emmanuel-Macron-decore-de-la-Legion-dhonneur-les-policiers-heros-de-lintervention.jpg","type":"image\/jpeg"}],"author":"Chloe Gauthier","twitter_card":"summary_large_image","twitter_misc":{"\u00c9crit par":"Chloe Gauthier","Dur\u00e9e de lecture estim\u00e9e":"3 minutes"},"schema":{"@context":"https:\/\/schema.org","@graph":[{"@type":"Article","@id":"https:\/\/www.sebastien-auziere.fr\/blog\/attentat-13-novembre-macron\/#article","isPartOf":{"@id":"https:\/\/www.sebastien-auziere.fr\/blog\/attentat-13-novembre-macron\/"},"author":{"name":"Chloe Gauthier","@id":"https:\/\/www.sebastien-auziere.fr\/blog\/#\/schema\/person\/149f1acdbfd85149c6c3e59adeae2f4d"},"headline":"Attentat du 13-Novembre : Emmanuel Macron d\u00e9core de la L\u00e9gion d&rsquo;honneur les policiers h\u00e9ros de l&rsquo;intervention","datePublished":"2026-04-21T19:09:58+00:00","mainEntityOfPage":{"@id":"https:\/\/www.sebastien-auziere.fr\/blog\/attentat-13-novembre-macron\/"},"wordCount":518,"commentCount":0,"publisher":{"@id":"https:\/\/www.sebastien-auziere.fr\/blog\/#organization"},"image":{"@id":"https:\/\/www.sebastien-auziere.fr\/blog\/attentat-13-novembre-macron\/#primaryimage"},"thumbnailUrl":"https:\/\/www.sebastien-auziere.fr\/blog\/wp-content\/uploads\/2026\/04\/Attentat-du-13-Novembre-Emmanuel-Macron-decore-de-la-Legion-dhonneur-les-policiers-heros-de-lintervention.jpg","keywords":["attentat du 13-novembre","emmanuel macron","intervention polici\u00e8re","l\u00e9gion d'honneur","policiers h\u00e9ros"],"articleSection":["Actualit\u00e9s"],"inLanguage":"fr-FR","potentialAction":[{"@type":"CommentAction","name":"Comment","target":["https:\/\/www.sebastien-auziere.fr\/blog\/attentat-13-novembre-macron\/#respond"]}]},{"@type":"WebPage","@id":"https:\/\/www.sebastien-auziere.fr\/blog\/attentat-13-novembre-macron\/","url":"https:\/\/www.sebastien-auziere.fr\/blog\/attentat-13-novembre-macron\/","name":"Attentat du 13-Novembre : Emmanuel Macron d\u00e9core de la L\u00e9gion d'honneur les policiers h\u00e9ros de l'intervention - Fan site S\u00e9bastien Auzi\u00e8re","isPartOf":{"@id":"https:\/\/www.sebastien-auziere.fr\/blog\/#website"},"primaryImageOfPage":{"@id":"https:\/\/www.sebastien-auziere.fr\/blog\/attentat-13-novembre-macron\/#primaryimage"},"image":{"@id":"https:\/\/www.sebastien-auziere.fr\/blog\/attentat-13-novembre-macron\/#primaryimage"},"thumbnailUrl":"https:\/\/www.sebastien-auziere.fr\/blog\/wp-content\/uploads\/2026\/04\/Attentat-du-13-Novembre-Emmanuel-Macron-decore-de-la-Legion-dhonneur-les-policiers-heros-de-lintervention.jpg","datePublished":"2026-04-21T19:09:58+00:00","description":"Emmanuel Macron d\u00e9core les policiers h\u00e9ros de l'attentat du 13-Novembre de la L\u00e9gion d'honneur, saluant leur courage et leur d\u00e9vouement.","breadcrumb":{"@id":"https:\/\/www.sebastien-auziere.fr\/blog\/attentat-13-novembre-macron\/#breadcrumb"},"inLanguage":"fr-FR","potentialAction":[{"@type":"ReadAction","target":["https:\/\/www.sebastien-auziere.fr\/blog\/attentat-13-novembre-macron\/"]}]},{"@type":"ImageObject","inLanguage":"fr-FR","@id":"https:\/\/www.sebastien-auziere.fr\/blog\/attentat-13-novembre-macron\/#primaryimage","url":"https:\/\/www.sebastien-auziere.fr\/blog\/wp-content\/uploads\/2026\/04\/Attentat-du-13-Novembre-Emmanuel-Macron-decore-de-la-Legion-dhonneur-les-policiers-heros-de-lintervention.jpg","contentUrl":"https:\/\/www.sebastien-auziere.fr\/blog\/wp-content\/uploads\/2026\/04\/Attentat-du-13-Novembre-Emmanuel-Macron-decore-de-la-Legion-dhonneur-les-policiers-heros-de-lintervention.jpg","width":2560,"height":1429,"caption":"emmanuel macron d\u00e9core de la l\u00e9gion d'honneur les policiers h\u00e9ros de l'intervention lors de l'attentat du 13-novembre, honorant leur courage et leur engagement exceptionnel."},{"@type":"BreadcrumbList","@id":"https:\/\/www.sebastien-auziere.fr\/blog\/attentat-13-novembre-macron\/#breadcrumb","itemListElement":[{"@type":"ListItem","position":1,"name":"Home","item":"https:\/\/www.sebastien-auziere.fr\/blog\/"},{"@type":"ListItem","position":2,"name":"Attentat du 13-Novembre : Emmanuel Macron d\u00e9core de la L\u00e9gion d&rsquo;honneur les policiers h\u00e9ros de l&rsquo;intervention"}]},{"@type":"WebSite","@id":"https:\/\/www.sebastien-auziere.fr\/blog\/#website","url":"https:\/\/www.sebastien-auziere.fr\/blog\/","name":"Fan site S\u00e9bastien Auzi\u00e8re","description":"M\u00e9dia g\u00e9n\u00e9raliste","publisher":{"@id":"https:\/\/www.sebastien-auziere.fr\/blog\/#organization"},"potentialAction":[{"@type":"SearchAction","target":{"@type":"EntryPoint","urlTemplate":"https:\/\/www.sebastien-auziere.fr\/blog\/?s={search_term_string}"},"query-input":{"@type":"PropertyValueSpecification","valueRequired":true,"valueName":"search_term_string"}}],"inLanguage":"fr-FR"},{"@type":"Organization","@id":"https:\/\/www.sebastien-auziere.fr\/blog\/#organization","name":"Fan site S\u00e9bastien Auzi\u00e8re","url":"https:\/\/www.sebastien-auziere.fr\/blog\/","logo":{"@type":"ImageObject","inLanguage":"fr-FR","@id":"https:\/\/www.sebastien-auziere.fr\/blog\/#\/schema\/logo\/image\/","url":"https:\/\/www.sebastien-auziere.fr\/blog\/wp-content\/uploads\/2026\/03\/cropped-cropped-cropped-ChatGPT-Image-6-mars-2026-12_58_09-e1772798376794.jpg","contentUrl":"https:\/\/www.sebastien-auziere.fr\/blog\/wp-content\/uploads\/2026\/03\/cropped-cropped-cropped-ChatGPT-Image-6-mars-2026-12_58_09-e1772798376794.jpg","width":512,"height":360,"caption":"Fan site S\u00e9bastien Auzi\u00e8re"},"image":{"@id":"https:\/\/www.sebastien-auziere.fr\/blog\/#\/schema\/logo\/image\/"}},{"@type":"Person","@id":"https:\/\/www.sebastien-auziere.fr\/blog\/#\/schema\/person\/149f1acdbfd85149c6c3e59adeae2f4d","name":"Chloe Gauthier","image":{"@type":"ImageObject","inLanguage":"fr-FR","@id":"https:\/\/secure.gravatar.com\/avatar\/2c5722f58171cff738a8985ef0dd66b476e563753246a49019befc837ec4201a?s=96&d=mm&r=g","url":"https:\/\/secure.gravatar.com\/avatar\/2c5722f58171cff738a8985ef0dd66b476e563753246a49019befc837ec4201a?s=96&d=mm&r=g","contentUrl":"https:\/\/secure.gravatar.com\/avatar\/2c5722f58171cff738a8985ef0dd66b476e563753246a49019befc837ec4201a?s=96&d=mm&r=g","caption":"Chloe Gauthier"},"description":"Passionn\u00e9e par la politique et admiratrice engag\u00e9e de la famille Macron, je consacre mon \u00e9nergie \u00e0 suivre leurs initiatives et \u00e0 promouvoir leurs id\u00e9es. \u00c0 32 ans, je suis convaincue que leur vision est porteuse d'avenir.","url":"https:\/\/www.sebastien-auziere.fr\/blog\/author\/chloe-gauthier\/"}]}},"views":234,"_links":{"self":[{"href":"https:\/\/www.sebastien-auziere.fr\/blog\/wp-json\/wp\/v2\/posts\/3215","targetHints":{"allow":["GET"]}}],"collection":[{"href":"https:\/\/www.sebastien-auziere.fr\/blog\/wp-json\/wp\/v2\/posts"}],"about":[{"href":"https:\/\/www.sebastien-auziere.fr\/blog\/wp-json\/wp\/v2\/types\/post"}],"author":[{"embeddable":true,"href":"https:\/\/www.sebastien-auziere.fr\/blog\/wp-json\/wp\/v2\/users\/9"}],"replies":[{"embeddable":true,"href":"https:\/\/www.sebastien-auziere.fr\/blog\/wp-json\/wp\/v2\/comments?post=3215"}],"version-history":[{"count":0,"href":"https:\/\/www.sebastien-auziere.fr\/blog\/wp-json\/wp\/v2\/posts\/3215\/revisions"}],"wp:featuredmedia":[{"embeddable":true,"href":"https:\/\/www.sebastien-auziere.fr\/blog\/wp-json\/wp\/v2\/media\/3214"}],"wp:attachment":[{"href":"https:\/\/www.sebastien-auziere.fr\/blog\/wp-json\/wp\/v2\/media?parent=3215"}],"wp:term":[{"taxonomy":"category","embeddable":true,"href":"https:\/\/www.sebastien-auziere.fr\/blog\/wp-json\/wp\/v2\/categories?post=3215"},{"taxonomy":"post_tag","embeddable":true,"href":"https:\/\/www.sebastien-auziere.fr\/blog\/wp-json\/wp\/v2\/tags?post=3215"}],"curies":[{"name":"wp","href":"https:\/\/api.w.org\/{rel}","templated":true}]}}