{"id":3210,"date":"2026-04-21T07:15:10","date_gmt":"2026-04-21T07:15:10","guid":{"rendered":"https:\/\/www.sebastien-auziere.fr\/blog\/?p=3210"},"modified":"2026-04-21T07:15:32","modified_gmt":"2026-04-21T07:15:32","slug":"jordan-bardella-em-um-relacionamento-os-bourbon-das-duas-sicilias-preocupados-com-sua-filha-maria-carolina","status":"publish","type":"post","link":"https:\/\/www.sebastien-auziere.fr\/blog\/pt\/jordan-bardella-em-um-relacionamento-os-bourbon-das-duas-sicilias-preocupados-com-sua-filha-maria-carolina\/","title":{"rendered":"Jordan Bardella em um relacionamento: Os Bourbon das Duas Sic\u00edlias preocupados com sua filha Maria Carolina"},"content":{"rendered":"<p><strong>Jordan Bardella<\/strong> confirmou seu relacionamento com a princesa <strong>Maria Carolina<\/strong> em <strong>15 de abril de 2026<\/strong>, e j\u00e1 a <strong>fam\u00edlia Bourbon das Duas Sic\u00edlias<\/strong> expressa fortes <strong>preocupa\u00e7\u00f5es<\/strong> por sua <strong>filha<\/strong>. Voc\u00ea vai descobrir por que essa oficializa\u00e7\u00e3o, divulgada pelos meios de comunica\u00e7\u00e3o nacionais, suscita preocupa\u00e7\u00e3o entre os entes queridos e qual impacto isso pode ter na <strong>atualidade pol\u00edtica<\/strong>.<\/p>\n\n<p><strong>Em resumo<\/strong>: confirma\u00e7\u00e3o p\u00fablica em 15 de abril, fotos avistadas em janeiro durante uma festa do Figaro, receio parental de uma superexposi\u00e7\u00e3o caso Jordan Bardella se tornasse uma escolha central da direita visando 2027. Esses elementos levantam a quest\u00e3o do papel da <strong>fam\u00edlia real<\/strong> em um <strong>relacionamento amoroso<\/strong> exposto \u00e0 luz p\u00fablica.<\/p>\n\n<h2 class=\"wp-block-heading\">Por que os Bourbon das Duas Sic\u00edlias est\u00e3o preocupados<\/h2>\n\n<p>Segundo Point de Vue e v\u00e1rios meios de comunica\u00e7\u00e3o, os pais de Maria Carolina, identificados como Charles e Camilla, temem um aumento da cobertura midi\u00e1tica se o per\u00edodo eleitoral se intensificar. Artigos como o de <a href=\"https:\/\/www.bfmtv.com\/people\/je-suis-tres-heureux-jordan-bardella-officialise-sa-relation-avec-maria-carolina-de-bourbon-des-deux-siciles_AN-202604150890.html\" rel=\"nofollow\">BFMTV<\/a> divulgaram a oficializa\u00e7\u00e3o, amplificando o debate. O medo: ver a jovem princesa transformada em um tema pol\u00edtico ao inv\u00e9s de ser apenas uma companheira. \u00c9 um risco concreto.<\/p>\n\n<h2 class=\"wp-block-heading\">O que a atualidade diz sobre o relacionamento amoroso<\/h2>\n\n<p>As fotos de janeiro, tiradas na festa dos 200 anos do Figaro, j\u00e1 haviam alimentado as especula\u00e7\u00f5es; a recente entrevista e a confirma\u00e7\u00e3o p\u00fablica puseram fim aos rumores. Meios de comunica\u00e7\u00e3o como <a href=\"https:\/\/www.gala.fr\/l_actu\/news_de_stars\/jordan-bardella-leve-le-voile-sur-son-couple-avec-maria-carolina-de-bourbon-des-deux-siciles-nous-avons-pris-la-decision-de-ne-plus-nous-cacher-20260415\" rel=\"nofollow\">Gala<\/a> e <a href=\"https:\/\/www.20minutes.fr\/arts-stars\/people\/4218746-20260416-jordan-bardella-couple-bourbon-deux-siciles-inquiets-fille-maria-carolina\" rel=\"nofollow\">20 Minutes<\/a> detalharam os eventos. Essa exposi\u00e7\u00e3o transforma o romance em um assunto p\u00fablico, com todas as suas implica\u00e7\u00f5es para a <strong>dina<\/strong>.<\/p>\n\n<h2 class=\"wp-block-heading\">Impacto hist\u00f3rico e compara\u00e7\u00f5es pol\u00edticas<\/h2>\n\n<p>Na Fran\u00e7a, a hist\u00f3ria mostra que as companheiras de candidatos ao \u00c9lys\u00e9e costumam ser alvo de uma aten\u00e7\u00e3o muito crua: C\u00e9cilia Sarkozy, Val\u00e9rie Trierweiler e Brigitte Macron atestam isso. Esses precedentes ilustram o que a press\u00e3o midi\u00e1tica pode desencadear para uma <strong>fam\u00edlia real<\/strong> envolvida involuntariamente. Se Bardella ganhar visibilidade, Maria Carolina corre o risco de estar no centro de um debate onde o privado e o p\u00fablico se confundem. \u00c9 uma quest\u00e3o de longo prazo.<\/p>\n\n<p>Para saber mais sobre <strong>S\u00e9bastien Auzi\u00e8re<\/strong> e os la\u00e7os familiares que cercam a atualidade pol\u00edtica francesa, descubra dossi\u00eas completos e retratos em <a href=\"https:\/\/sebastien-auziere.fr\" rel=\"nofollow\">sebastien-auziere.fr<\/a>. Voc\u00ea encontrar\u00e1 contextos, datas e an\u00e1lises para entender melhor a onda de choque que pode provocar um relacionamento amoroso no topo da arena pol\u00edtica.<\/p>","protected":false},"excerpt":{"rendered":"<p>Jordan Bardella confirmou seu relacionamento com a princesa Maria Carolina em 15 de abril de 2026, e j\u00e1 a fam\u00edlia Bourbon das Duas Sic\u00edlias expressa fortes preocupa\u00e7\u00f5es por sua filha. Voc\u00ea vai descobrir por que essa oficializa\u00e7\u00e3o, divulgada pelos meios de comunica\u00e7\u00e3o nacionais, suscita preocupa\u00e7\u00e3o entre os entes queridos e qual impacto isso pode ter &#8230; <a title=\"Jordan Bardella em um relacionamento: Os Bourbon das Duas Sic\u00edlias preocupados com sua filha Maria Carolina\" class=\"read-more\" href=\"https:\/\/www.sebastien-auziere.fr\/blog\/pt\/jordan-bardella-em-um-relacionamento-os-bourbon-das-duas-sicilias-preocupados-com-sua-filha-maria-carolina\/\" aria-label=\"En savoir plus sur Jordan Bardella em um relacionamento: Os Bourbon das Duas Sic\u00edlias preocupados com sua filha Maria Carolina\">Lire plus<\/a><\/p>\n","protected":false},"author":9,"featured_media":3200,"comment_status":"open","ping_status":"open","sticky":false,"template":"","format":"standard","meta":{"footnotes":""},"categories":[862],"tags":[3804,3807,3810,3813,3816],"class_list":["post-3210","post","type-post","status-publish","format-standard","has-post-thumbnail","hentry","category-actualidades-pt","tag-bourbon-dos-dois-sicilianos-pt","tag-casal-pt","tag-familia-real-pt","tag-jordan-bardella-pt","tag-maria-carolina-pt"],"yoast_head":"<!-- This site is optimized with the Yoast SEO plugin v27.5 - https:\/\/yoast.com\/product\/yoast-seo-wordpress\/ -->\n<title>Jordan Bardella em um relacionamento: Os Bourbon das Duas Sic\u00edlias preocupados com sua filha Maria Carolina - Fan site S\u00e9bastien Auzi\u00e8re<\/title>\n<meta name=\"description\" content=\"Jordan Bardella en couple : Les Bourbon des Deux-Siciles s&#039;inqui\u00e8tent pour leur fille Maria Carolina, entre amour et pr\u00e9occupations familiales.\" \/>\n<meta name=\"robots\" content=\"index, follow, max-snippet:-1, max-image-preview:large, max-video-preview:-1\" \/>\n<link rel=\"canonical\" href=\"https:\/\/www.sebastien-auziere.fr\/blog\/pt\/jordan-bardella-em-um-relacionamento-os-bourbon-das-duas-sicilias-preocupados-com-sua-filha-maria-carolina\/\" \/>\n<meta property=\"og:locale\" content=\"fr_FR\" \/>\n<meta property=\"og:type\" content=\"article\" \/>\n<meta property=\"og:title\" content=\"Jordan Bardella em um relacionamento: Os Bourbon das Duas Sic\u00edlias preocupados com sua filha Maria Carolina - Fan site S\u00e9bastien Auzi\u00e8re\" \/>\n<meta property=\"og:description\" content=\"Jordan Bardella en couple : Les Bourbon des Deux-Siciles s&#039;inqui\u00e8tent pour leur fille Maria Carolina, entre amour et pr\u00e9occupations familiales.\" \/>\n<meta property=\"og:url\" content=\"https:\/\/www.sebastien-auziere.fr\/blog\/pt\/jordan-bardella-em-um-relacionamento-os-bourbon-das-duas-sicilias-preocupados-com-sua-filha-maria-carolina\/\" \/>\n<meta property=\"og:site_name\" content=\"Fan site S\u00e9bastien Auzi\u00e8re\" \/>\n<meta property=\"article:published_time\" content=\"2026-04-21T07:15:10+00:00\" \/>\n<meta property=\"article:modified_time\" content=\"2026-04-21T07:15:32+00:00\" \/>\n<meta property=\"og:image\" content=\"https:\/\/www.sebastien-auziere.fr\/blog\/wp-content\/uploads\/2026\/04\/Jordan-Bardella-en-couple-Les-Bourbon-des-Deux-Siciles-preoccupes-pour-leur-fille-Maria-Carolina.jpg\" \/>\n\t<meta property=\"og:image:width\" content=\"2560\" \/>\n\t<meta property=\"og:image:height\" content=\"1429\" \/>\n\t<meta property=\"og:image:type\" content=\"image\/jpeg\" \/>\n<meta name=\"author\" content=\"Chloe Gauthier\" \/>\n<meta name=\"twitter:card\" content=\"summary_large_image\" \/>\n<meta name=\"twitter:label1\" content=\"\u00c9crit par\" \/>\n\t<meta name=\"twitter:data1\" content=\"Chloe Gauthier\" \/>\n\t<meta name=\"twitter:label2\" content=\"Dur\u00e9e de lecture estim\u00e9e\" \/>\n\t<meta name=\"twitter:data2\" content=\"2 minutes\" \/>\n<script type=\"application\/ld+json\" class=\"yoast-schema-graph\">{\"@context\":\"https:\\\/\\\/schema.org\",\"@graph\":[{\"@type\":\"Article\",\"@id\":\"https:\\\/\\\/www.sebastien-auziere.fr\\\/blog\\\/pt\\\/jordan-bardella-em-um-relacionamento-os-bourbon-das-duas-sicilias-preocupados-com-sua-filha-maria-carolina\\\/#article\",\"isPartOf\":{\"@id\":\"https:\\\/\\\/www.sebastien-auziere.fr\\\/blog\\\/pt\\\/jordan-bardella-em-um-relacionamento-os-bourbon-das-duas-sicilias-preocupados-com-sua-filha-maria-carolina\\\/\"},\"author\":{\"name\":\"Chloe Gauthier\",\"@id\":\"https:\\\/\\\/www.sebastien-auziere.fr\\\/blog\\\/#\\\/schema\\\/person\\\/149f1acdbfd85149c6c3e59adeae2f4d\"},\"headline\":\"Jordan Bardella em um relacionamento: Os Bourbon das Duas Sic\u00edlias preocupados com sua filha Maria Carolina\",\"datePublished\":\"2026-04-21T07:15:10+00:00\",\"dateModified\":\"2026-04-21T07:15:32+00:00\",\"mainEntityOfPage\":{\"@id\":\"https:\\\/\\\/www.sebastien-auziere.fr\\\/blog\\\/pt\\\/jordan-bardella-em-um-relacionamento-os-bourbon-das-duas-sicilias-preocupados-com-sua-filha-maria-carolina\\\/\"},\"wordCount\":434,\"commentCount\":0,\"publisher\":{\"@id\":\"https:\\\/\\\/www.sebastien-auziere.fr\\\/blog\\\/#organization\"},\"image\":{\"@id\":\"https:\\\/\\\/www.sebastien-auziere.fr\\\/blog\\\/pt\\\/jordan-bardella-em-um-relacionamento-os-bourbon-das-duas-sicilias-preocupados-com-sua-filha-maria-carolina\\\/#primaryimage\"},\"thumbnailUrl\":\"https:\\\/\\\/www.sebastien-auziere.fr\\\/blog\\\/wp-content\\\/uploads\\\/2026\\\/04\\\/Jordan-Bardella-en-couple-Les-Bourbon-des-Deux-Siciles-preoccupes-pour-leur-fille-Maria-Carolina.jpg\",\"keywords\":[\"bourbon dos dois-sicilianos\",\"casal\",\"fam\u00edlia real\",\"jordan bardella\",\"maria carolina\"],\"articleSection\":[\"Actualidades\"],\"inLanguage\":\"fr-FR\",\"potentialAction\":[{\"@type\":\"CommentAction\",\"name\":\"Comment\",\"target\":[\"https:\\\/\\\/www.sebastien-auziere.fr\\\/blog\\\/pt\\\/jordan-bardella-em-um-relacionamento-os-bourbon-das-duas-sicilias-preocupados-com-sua-filha-maria-carolina\\\/#respond\"]}]},{\"@type\":\"WebPage\",\"@id\":\"https:\\\/\\\/www.sebastien-auziere.fr\\\/blog\\\/pt\\\/jordan-bardella-em-um-relacionamento-os-bourbon-das-duas-sicilias-preocupados-com-sua-filha-maria-carolina\\\/\",\"url\":\"https:\\\/\\\/www.sebastien-auziere.fr\\\/blog\\\/pt\\\/jordan-bardella-em-um-relacionamento-os-bourbon-das-duas-sicilias-preocupados-com-sua-filha-maria-carolina\\\/\",\"name\":\"Jordan Bardella em um relacionamento: Os Bourbon das Duas Sic\u00edlias preocupados com sua filha Maria Carolina - Fan site S\u00e9bastien Auzi\u00e8re\",\"isPartOf\":{\"@id\":\"https:\\\/\\\/www.sebastien-auziere.fr\\\/blog\\\/#website\"},\"primaryImageOfPage\":{\"@id\":\"https:\\\/\\\/www.sebastien-auziere.fr\\\/blog\\\/pt\\\/jordan-bardella-em-um-relacionamento-os-bourbon-das-duas-sicilias-preocupados-com-sua-filha-maria-carolina\\\/#primaryimage\"},\"image\":{\"@id\":\"https:\\\/\\\/www.sebastien-auziere.fr\\\/blog\\\/pt\\\/jordan-bardella-em-um-relacionamento-os-bourbon-das-duas-sicilias-preocupados-com-sua-filha-maria-carolina\\\/#primaryimage\"},\"thumbnailUrl\":\"https:\\\/\\\/www.sebastien-auziere.fr\\\/blog\\\/wp-content\\\/uploads\\\/2026\\\/04\\\/Jordan-Bardella-en-couple-Les-Bourbon-des-Deux-Siciles-preoccupes-pour-leur-fille-Maria-Carolina.jpg\",\"datePublished\":\"2026-04-21T07:15:10+00:00\",\"dateModified\":\"2026-04-21T07:15:32+00:00\",\"description\":\"Jordan Bardella en couple : Les Bourbon des Deux-Siciles s'inqui\u00e8tent pour leur fille Maria Carolina, entre amour et pr\u00e9occupations familiales.\",\"breadcrumb\":{\"@id\":\"https:\\\/\\\/www.sebastien-auziere.fr\\\/blog\\\/pt\\\/jordan-bardella-em-um-relacionamento-os-bourbon-das-duas-sicilias-preocupados-com-sua-filha-maria-carolina\\\/#breadcrumb\"},\"inLanguage\":\"fr-FR\",\"potentialAction\":[{\"@type\":\"ReadAction\",\"target\":[\"https:\\\/\\\/www.sebastien-auziere.fr\\\/blog\\\/pt\\\/jordan-bardella-em-um-relacionamento-os-bourbon-das-duas-sicilias-preocupados-com-sua-filha-maria-carolina\\\/\"]}]},{\"@type\":\"ImageObject\",\"inLanguage\":\"fr-FR\",\"@id\":\"https:\\\/\\\/www.sebastien-auziere.fr\\\/blog\\\/pt\\\/jordan-bardella-em-um-relacionamento-os-bourbon-das-duas-sicilias-preocupados-com-sua-filha-maria-carolina\\\/#primaryimage\",\"url\":\"https:\\\/\\\/www.sebastien-auziere.fr\\\/blog\\\/wp-content\\\/uploads\\\/2026\\\/04\\\/Jordan-Bardella-en-couple-Les-Bourbon-des-Deux-Siciles-preoccupes-pour-leur-fille-Maria-Carolina.jpg\",\"contentUrl\":\"https:\\\/\\\/www.sebastien-auziere.fr\\\/blog\\\/wp-content\\\/uploads\\\/2026\\\/04\\\/Jordan-Bardella-en-couple-Les-Bourbon-des-Deux-Siciles-preoccupes-pour-leur-fille-Maria-Carolina.jpg\",\"width\":2560,\"height\":1429,\"caption\":\"d\u00e9couvrez les inqui\u00e9tudes des bourbon des deux-siciles pour leur fille maria carolina, en couple avec jordan bardella. une histoire m\u00ealant h\u00e9ritage et amour moderne.\"},{\"@type\":\"BreadcrumbList\",\"@id\":\"https:\\\/\\\/www.sebastien-auziere.fr\\\/blog\\\/pt\\\/jordan-bardella-em-um-relacionamento-os-bourbon-das-duas-sicilias-preocupados-com-sua-filha-maria-carolina\\\/#breadcrumb\",\"itemListElement\":[{\"@type\":\"ListItem\",\"position\":1,\"name\":\"Home\",\"item\":\"https:\\\/\\\/www.sebastien-auziere.fr\\\/blog\\\/\"},{\"@type\":\"ListItem\",\"position\":2,\"name\":\"Jordan Bardella em um relacionamento: Os Bourbon das Duas Sic\u00edlias preocupados com sua filha Maria Carolina\"}]},{\"@type\":\"WebSite\",\"@id\":\"https:\\\/\\\/www.sebastien-auziere.fr\\\/blog\\\/#website\",\"url\":\"https:\\\/\\\/www.sebastien-auziere.fr\\\/blog\\\/\",\"name\":\"Fan site S\u00e9bastien Auzi\u00e8re\",\"description\":\"M\u00e9dia g\u00e9n\u00e9raliste\",\"publisher\":{\"@id\":\"https:\\\/\\\/www.sebastien-auziere.fr\\\/blog\\\/#organization\"},\"potentialAction\":[{\"@type\":\"SearchAction\",\"target\":{\"@type\":\"EntryPoint\",\"urlTemplate\":\"https:\\\/\\\/www.sebastien-auziere.fr\\\/blog\\\/?s={search_term_string}\"},\"query-input\":{\"@type\":\"PropertyValueSpecification\",\"valueRequired\":true,\"valueName\":\"search_term_string\"}}],\"inLanguage\":\"fr-FR\"},{\"@type\":\"Organization\",\"@id\":\"https:\\\/\\\/www.sebastien-auziere.fr\\\/blog\\\/#organization\",\"name\":\"Fan site S\u00e9bastien Auzi\u00e8re\",\"url\":\"https:\\\/\\\/www.sebastien-auziere.fr\\\/blog\\\/\",\"logo\":{\"@type\":\"ImageObject\",\"inLanguage\":\"fr-FR\",\"@id\":\"https:\\\/\\\/www.sebastien-auziere.fr\\\/blog\\\/#\\\/schema\\\/logo\\\/image\\\/\",\"url\":\"https:\\\/\\\/www.sebastien-auziere.fr\\\/blog\\\/wp-content\\\/uploads\\\/2026\\\/03\\\/cropped-cropped-cropped-ChatGPT-Image-6-mars-2026-12_58_09-e1772798376794.jpg\",\"contentUrl\":\"https:\\\/\\\/www.sebastien-auziere.fr\\\/blog\\\/wp-content\\\/uploads\\\/2026\\\/03\\\/cropped-cropped-cropped-ChatGPT-Image-6-mars-2026-12_58_09-e1772798376794.jpg\",\"width\":512,\"height\":360,\"caption\":\"Fan site S\u00e9bastien Auzi\u00e8re\"},\"image\":{\"@id\":\"https:\\\/\\\/www.sebastien-auziere.fr\\\/blog\\\/#\\\/schema\\\/logo\\\/image\\\/\"}},{\"@type\":\"Person\",\"@id\":\"https:\\\/\\\/www.sebastien-auziere.fr\\\/blog\\\/#\\\/schema\\\/person\\\/149f1acdbfd85149c6c3e59adeae2f4d\",\"name\":\"Chloe Gauthier\",\"image\":{\"@type\":\"ImageObject\",\"inLanguage\":\"fr-FR\",\"@id\":\"https:\\\/\\\/secure.gravatar.com\\\/avatar\\\/2c5722f58171cff738a8985ef0dd66b476e563753246a49019befc837ec4201a?s=96&d=mm&r=g\",\"url\":\"https:\\\/\\\/secure.gravatar.com\\\/avatar\\\/2c5722f58171cff738a8985ef0dd66b476e563753246a49019befc837ec4201a?s=96&d=mm&r=g\",\"contentUrl\":\"https:\\\/\\\/secure.gravatar.com\\\/avatar\\\/2c5722f58171cff738a8985ef0dd66b476e563753246a49019befc837ec4201a?s=96&d=mm&r=g\",\"caption\":\"Chloe Gauthier\"},\"description\":\"Passionn\u00e9e par la politique et admiratrice engag\u00e9e de la famille Macron, je consacre mon \u00e9nergie \u00e0 suivre leurs initiatives et \u00e0 promouvoir leurs id\u00e9es. \u00c0 32 ans, je suis convaincue que leur vision est porteuse d'avenir.\",\"url\":\"https:\\\/\\\/www.sebastien-auziere.fr\\\/blog\\\/author\\\/chloe-gauthier\\\/\"}]}<\/script>\n<!-- \/ Yoast SEO plugin. -->","yoast_head_json":{"title":"Jordan Bardella em um relacionamento: Os Bourbon das Duas Sic\u00edlias preocupados com sua filha Maria Carolina - Fan site S\u00e9bastien Auzi\u00e8re","description":"Jordan Bardella en couple : Les Bourbon des Deux-Siciles s'inqui\u00e8tent pour leur fille Maria Carolina, entre amour et pr\u00e9occupations familiales.","robots":{"index":"index","follow":"follow","max-snippet":"max-snippet:-1","max-image-preview":"max-image-preview:large","max-video-preview":"max-video-preview:-1"},"canonical":"https:\/\/www.sebastien-auziere.fr\/blog\/pt\/jordan-bardella-em-um-relacionamento-os-bourbon-das-duas-sicilias-preocupados-com-sua-filha-maria-carolina\/","og_locale":"fr_FR","og_type":"article","og_title":"Jordan Bardella em um relacionamento: Os Bourbon das Duas Sic\u00edlias preocupados com sua filha Maria Carolina - Fan site S\u00e9bastien Auzi\u00e8re","og_description":"Jordan Bardella en couple : Les Bourbon des Deux-Siciles s'inqui\u00e8tent pour leur fille Maria Carolina, entre amour et pr\u00e9occupations familiales.","og_url":"https:\/\/www.sebastien-auziere.fr\/blog\/pt\/jordan-bardella-em-um-relacionamento-os-bourbon-das-duas-sicilias-preocupados-com-sua-filha-maria-carolina\/","og_site_name":"Fan site S\u00e9bastien Auzi\u00e8re","article_published_time":"2026-04-21T07:15:10+00:00","article_modified_time":"2026-04-21T07:15:32+00:00","og_image":[{"width":2560,"height":1429,"url":"https:\/\/www.sebastien-auziere.fr\/blog\/wp-content\/uploads\/2026\/04\/Jordan-Bardella-en-couple-Les-Bourbon-des-Deux-Siciles-preoccupes-pour-leur-fille-Maria-Carolina.jpg","type":"image\/jpeg"}],"author":"Chloe Gauthier","twitter_card":"summary_large_image","twitter_misc":{"\u00c9crit par":"Chloe Gauthier","Dur\u00e9e de lecture estim\u00e9e":"2 minutes"},"schema":{"@context":"https:\/\/schema.org","@graph":[{"@type":"Article","@id":"https:\/\/www.sebastien-auziere.fr\/blog\/pt\/jordan-bardella-em-um-relacionamento-os-bourbon-das-duas-sicilias-preocupados-com-sua-filha-maria-carolina\/#article","isPartOf":{"@id":"https:\/\/www.sebastien-auziere.fr\/blog\/pt\/jordan-bardella-em-um-relacionamento-os-bourbon-das-duas-sicilias-preocupados-com-sua-filha-maria-carolina\/"},"author":{"name":"Chloe Gauthier","@id":"https:\/\/www.sebastien-auziere.fr\/blog\/#\/schema\/person\/149f1acdbfd85149c6c3e59adeae2f4d"},"headline":"Jordan Bardella em um relacionamento: Os Bourbon das Duas Sic\u00edlias preocupados com sua filha Maria Carolina","datePublished":"2026-04-21T07:15:10+00:00","dateModified":"2026-04-21T07:15:32+00:00","mainEntityOfPage":{"@id":"https:\/\/www.sebastien-auziere.fr\/blog\/pt\/jordan-bardella-em-um-relacionamento-os-bourbon-das-duas-sicilias-preocupados-com-sua-filha-maria-carolina\/"},"wordCount":434,"commentCount":0,"publisher":{"@id":"https:\/\/www.sebastien-auziere.fr\/blog\/#organization"},"image":{"@id":"https:\/\/www.sebastien-auziere.fr\/blog\/pt\/jordan-bardella-em-um-relacionamento-os-bourbon-das-duas-sicilias-preocupados-com-sua-filha-maria-carolina\/#primaryimage"},"thumbnailUrl":"https:\/\/www.sebastien-auziere.fr\/blog\/wp-content\/uploads\/2026\/04\/Jordan-Bardella-en-couple-Les-Bourbon-des-Deux-Siciles-preoccupes-pour-leur-fille-Maria-Carolina.jpg","keywords":["bourbon dos dois-sicilianos","casal","fam\u00edlia real","jordan bardella","maria carolina"],"articleSection":["Actualidades"],"inLanguage":"fr-FR","potentialAction":[{"@type":"CommentAction","name":"Comment","target":["https:\/\/www.sebastien-auziere.fr\/blog\/pt\/jordan-bardella-em-um-relacionamento-os-bourbon-das-duas-sicilias-preocupados-com-sua-filha-maria-carolina\/#respond"]}]},{"@type":"WebPage","@id":"https:\/\/www.sebastien-auziere.fr\/blog\/pt\/jordan-bardella-em-um-relacionamento-os-bourbon-das-duas-sicilias-preocupados-com-sua-filha-maria-carolina\/","url":"https:\/\/www.sebastien-auziere.fr\/blog\/pt\/jordan-bardella-em-um-relacionamento-os-bourbon-das-duas-sicilias-preocupados-com-sua-filha-maria-carolina\/","name":"Jordan Bardella em um relacionamento: Os Bourbon das Duas Sic\u00edlias preocupados com sua filha Maria Carolina - Fan site S\u00e9bastien Auzi\u00e8re","isPartOf":{"@id":"https:\/\/www.sebastien-auziere.fr\/blog\/#website"},"primaryImageOfPage":{"@id":"https:\/\/www.sebastien-auziere.fr\/blog\/pt\/jordan-bardella-em-um-relacionamento-os-bourbon-das-duas-sicilias-preocupados-com-sua-filha-maria-carolina\/#primaryimage"},"image":{"@id":"https:\/\/www.sebastien-auziere.fr\/blog\/pt\/jordan-bardella-em-um-relacionamento-os-bourbon-das-duas-sicilias-preocupados-com-sua-filha-maria-carolina\/#primaryimage"},"thumbnailUrl":"https:\/\/www.sebastien-auziere.fr\/blog\/wp-content\/uploads\/2026\/04\/Jordan-Bardella-en-couple-Les-Bourbon-des-Deux-Siciles-preoccupes-pour-leur-fille-Maria-Carolina.jpg","datePublished":"2026-04-21T07:15:10+00:00","dateModified":"2026-04-21T07:15:32+00:00","description":"Jordan Bardella en couple : Les Bourbon des Deux-Siciles s'inqui\u00e8tent pour leur fille Maria Carolina, entre amour et pr\u00e9occupations familiales.","breadcrumb":{"@id":"https:\/\/www.sebastien-auziere.fr\/blog\/pt\/jordan-bardella-em-um-relacionamento-os-bourbon-das-duas-sicilias-preocupados-com-sua-filha-maria-carolina\/#breadcrumb"},"inLanguage":"fr-FR","potentialAction":[{"@type":"ReadAction","target":["https:\/\/www.sebastien-auziere.fr\/blog\/pt\/jordan-bardella-em-um-relacionamento-os-bourbon-das-duas-sicilias-preocupados-com-sua-filha-maria-carolina\/"]}]},{"@type":"ImageObject","inLanguage":"fr-FR","@id":"https:\/\/www.sebastien-auziere.fr\/blog\/pt\/jordan-bardella-em-um-relacionamento-os-bourbon-das-duas-sicilias-preocupados-com-sua-filha-maria-carolina\/#primaryimage","url":"https:\/\/www.sebastien-auziere.fr\/blog\/wp-content\/uploads\/2026\/04\/Jordan-Bardella-en-couple-Les-Bourbon-des-Deux-Siciles-preoccupes-pour-leur-fille-Maria-Carolina.jpg","contentUrl":"https:\/\/www.sebastien-auziere.fr\/blog\/wp-content\/uploads\/2026\/04\/Jordan-Bardella-en-couple-Les-Bourbon-des-Deux-Siciles-preoccupes-pour-leur-fille-Maria-Carolina.jpg","width":2560,"height":1429,"caption":"d\u00e9couvrez les inqui\u00e9tudes des bourbon des deux-siciles pour leur fille maria carolina, en couple avec jordan bardella. une histoire m\u00ealant h\u00e9ritage et amour moderne."},{"@type":"BreadcrumbList","@id":"https:\/\/www.sebastien-auziere.fr\/blog\/pt\/jordan-bardella-em-um-relacionamento-os-bourbon-das-duas-sicilias-preocupados-com-sua-filha-maria-carolina\/#breadcrumb","itemListElement":[{"@type":"ListItem","position":1,"name":"Home","item":"https:\/\/www.sebastien-auziere.fr\/blog\/"},{"@type":"ListItem","position":2,"name":"Jordan Bardella em um relacionamento: Os Bourbon das Duas Sic\u00edlias preocupados com sua filha Maria Carolina"}]},{"@type":"WebSite","@id":"https:\/\/www.sebastien-auziere.fr\/blog\/#website","url":"https:\/\/www.sebastien-auziere.fr\/blog\/","name":"Fan site S\u00e9bastien Auzi\u00e8re","description":"M\u00e9dia g\u00e9n\u00e9raliste","publisher":{"@id":"https:\/\/www.sebastien-auziere.fr\/blog\/#organization"},"potentialAction":[{"@type":"SearchAction","target":{"@type":"EntryPoint","urlTemplate":"https:\/\/www.sebastien-auziere.fr\/blog\/?s={search_term_string}"},"query-input":{"@type":"PropertyValueSpecification","valueRequired":true,"valueName":"search_term_string"}}],"inLanguage":"fr-FR"},{"@type":"Organization","@id":"https:\/\/www.sebastien-auziere.fr\/blog\/#organization","name":"Fan site S\u00e9bastien Auzi\u00e8re","url":"https:\/\/www.sebastien-auziere.fr\/blog\/","logo":{"@type":"ImageObject","inLanguage":"fr-FR","@id":"https:\/\/www.sebastien-auziere.fr\/blog\/#\/schema\/logo\/image\/","url":"https:\/\/www.sebastien-auziere.fr\/blog\/wp-content\/uploads\/2026\/03\/cropped-cropped-cropped-ChatGPT-Image-6-mars-2026-12_58_09-e1772798376794.jpg","contentUrl":"https:\/\/www.sebastien-auziere.fr\/blog\/wp-content\/uploads\/2026\/03\/cropped-cropped-cropped-ChatGPT-Image-6-mars-2026-12_58_09-e1772798376794.jpg","width":512,"height":360,"caption":"Fan site S\u00e9bastien Auzi\u00e8re"},"image":{"@id":"https:\/\/www.sebastien-auziere.fr\/blog\/#\/schema\/logo\/image\/"}},{"@type":"Person","@id":"https:\/\/www.sebastien-auziere.fr\/blog\/#\/schema\/person\/149f1acdbfd85149c6c3e59adeae2f4d","name":"Chloe Gauthier","image":{"@type":"ImageObject","inLanguage":"fr-FR","@id":"https:\/\/secure.gravatar.com\/avatar\/2c5722f58171cff738a8985ef0dd66b476e563753246a49019befc837ec4201a?s=96&d=mm&r=g","url":"https:\/\/secure.gravatar.com\/avatar\/2c5722f58171cff738a8985ef0dd66b476e563753246a49019befc837ec4201a?s=96&d=mm&r=g","contentUrl":"https:\/\/secure.gravatar.com\/avatar\/2c5722f58171cff738a8985ef0dd66b476e563753246a49019befc837ec4201a?s=96&d=mm&r=g","caption":"Chloe Gauthier"},"description":"Passionn\u00e9e par la politique et admiratrice engag\u00e9e de la famille Macron, je consacre mon \u00e9nergie \u00e0 suivre leurs initiatives et \u00e0 promouvoir leurs id\u00e9es. \u00c0 32 ans, je suis convaincue que leur vision est porteuse d'avenir.","url":"https:\/\/www.sebastien-auziere.fr\/blog\/author\/chloe-gauthier\/"}]}},"views":0,"_links":{"self":[{"href":"https:\/\/www.sebastien-auziere.fr\/blog\/wp-json\/wp\/v2\/posts\/3210","targetHints":{"allow":["GET"]}}],"collection":[{"href":"https:\/\/www.sebastien-auziere.fr\/blog\/wp-json\/wp\/v2\/posts"}],"about":[{"href":"https:\/\/www.sebastien-auziere.fr\/blog\/wp-json\/wp\/v2\/types\/post"}],"author":[{"embeddable":true,"href":"https:\/\/www.sebastien-auziere.fr\/blog\/wp-json\/wp\/v2\/users\/9"}],"replies":[{"embeddable":true,"href":"https:\/\/www.sebastien-auziere.fr\/blog\/wp-json\/wp\/v2\/comments?post=3210"}],"version-history":[{"count":1,"href":"https:\/\/www.sebastien-auziere.fr\/blog\/wp-json\/wp\/v2\/posts\/3210\/revisions"}],"predecessor-version":[{"id":3211,"href":"https:\/\/www.sebastien-auziere.fr\/blog\/wp-json\/wp\/v2\/posts\/3210\/revisions\/3211"}],"wp:featuredmedia":[{"embeddable":true,"href":"https:\/\/www.sebastien-auziere.fr\/blog\/wp-json\/wp\/v2\/media\/3200"}],"wp:attachment":[{"href":"https:\/\/www.sebastien-auziere.fr\/blog\/wp-json\/wp\/v2\/media?parent=3210"}],"wp:term":[{"taxonomy":"category","embeddable":true,"href":"https:\/\/www.sebastien-auziere.fr\/blog\/wp-json\/wp\/v2\/categories?post=3210"},{"taxonomy":"post_tag","embeddable":true,"href":"https:\/\/www.sebastien-auziere.fr\/blog\/wp-json\/wp\/v2\/tags?post=3210"}],"curies":[{"name":"wp","href":"https:\/\/api.w.org\/{rel}","templated":true}]}}