{"id":3208,"date":"2026-04-21T07:13:59","date_gmt":"2026-04-21T07:13:59","guid":{"rendered":"https:\/\/www.sebastien-auziere.fr\/blog\/?p=3208"},"modified":"2026-04-21T07:14:24","modified_gmt":"2026-04-21T07:14:24","slug":"jordan-bardella-in-coppia-i-bourbon-delle-due-sicilie-preoccupati-per-loro-figlia-maria-carolina","status":"publish","type":"post","link":"https:\/\/www.sebastien-auziere.fr\/blog\/it\/jordan-bardella-in-coppia-i-bourbon-delle-due-sicilie-preoccupati-per-loro-figlia-maria-carolina\/","title":{"rendered":"Jordan Bardella in coppia: I Bourbon delle Due Sicilie preoccupati per loro figlia Maria Carolina"},"content":{"rendered":"<p><strong>Jordan Bardella<\/strong> ha confermato la sua relazione con la principessa <strong>Maria Carolina<\/strong> il <strong>15 aprile 2026<\/strong>, e gi\u00e0 la <strong>famiglia Bourbon delle Due Sicilie<\/strong> esprime vive <strong>preoccupazioni<\/strong> per la loro <strong>figlia<\/strong>. Scoprirai perch\u00e9 questa ufficializzazione, riportata dai titoli nazionali, suscita preoccupazione tra i familiari e quale impatto possa avere sull\u2019<strong>attualit\u00e0 politica<\/strong>.<\/p>\n\n<p><strong>In breve<\/strong>: conferma pubblica il 15 aprile, foto avvistate a gennaio durante una serata del Figaro, paura genitoriale di una sovraesposizione se Jordan Bardella diventasse una scelta centrale della destra in vista del 2027. Questi elementi pongono la questione del ruolo della <strong>famiglia reale<\/strong> in una <strong>relazione amorosa<\/strong> esposta alla luce del giorno.<\/p>\n\n<h2 class=\"wp-block-heading\">Perch\u00e9 i Bourbon delle Due Sicilie sono preoccupati<\/h2>\n\n<p>Secondo Point de Vue e diversi media, i genitori di Maria Carolina, identificati come Charles e Camilla, temono un aumento della visibilit\u00e0 mediatica se il periodo elettorale dovesse intensificarsi. Articoli come quello di <a href=\"https:\/\/www.bfmtv.com\/people\/je-suis-tres-heureux-jordan-bardella-officialise-sa-relation-avec-maria-carolina-de-bourbon-des-deux-siciles_AN-202604150890.html\" rel=\"nofollow\">BFMTV<\/a> hanno riportato l\u2019ufficializzazione, amplificando il dibattito. La paura: vedere la giovane principessa trasformata in un argomento politico piuttosto che in una semplice compagna. \u00c8 un rischio concreto.<\/p>\n\n<h2 class=\"wp-block-heading\">Ci\u00f2 che dice l\u2019attualit\u00e0 sulla relazione amorosa<\/h2>\n\n<p>Le foto di gennaio, scattate alla serata dei 200 anni del Figaro, avevano gi\u00e0 alimentato le speculazioni; la recente intervista e la conferma pubblica hanno posto fine alle voci. Media come <a href=\"https:\/\/www.gala.fr\/l_actu\/news_de_stars\/jordan-bardella-leve-le-voile-sur-son-couple-avec-maria-carolina-de-bourbon-des-deux-siciles-nous-avons-pris-la-decision-de-ne-plus-nous-cacher-20260415\" rel=\"nofollow\">Gala<\/a> e <a href=\"https:\/\/www.20minutes.fr\/arts-stars\/people\/4218746-20260416-jordan-bardella-couple-bourbon-deux-siciles-inquiets-fille-maria-carolina\" rel=\"nofollow\">20 Minutes<\/a> hanno dettagliato gli eventi. Questa messa in luce trasforma la storia d\u2019amore in un argomento pubblico, con tutte le sue implicazioni per la <strong>dinastia<\/strong>.<\/p>\n\n<h2 class=\"wp-block-heading\">Impatto storico e confronti politici<\/h2>\n\n<p>In Francia, la storia mostra che le compagne dei pretendenti all\u2019\u00c9lys\u00e9e sono spesso soggette a un\u2019attenzione molto cruda: C\u00e9cilia Sarkozy, Val\u00e9rie Trierweiler e Brigitte Macron lo attestano. Questi precedenti illustrano ci\u00f2 che la pressione mediatica pu\u00f2 scatenare per una <strong>famiglia reale<\/strong> coinvolta contro la propria volont\u00e0. Se Bardella guadagna visibilit\u00e0, Maria Carolina rischia di trovarsi al centro di un dibattito in cui privato e pubblico si confondono. \u00c8 una questione a lungo termine.<\/p>\n\n<p>Per saperne di pi\u00f9 su <strong>S\u00e9bastien Auzi\u00e8re<\/strong> e i legami familiari che circondano l\u2019attualit\u00e0 politica francese, scopri cartelle complete e ritratti su <a href=\"https:\/\/sebastien-auziere.fr\" rel=\"nofollow\">sebastien-auziere.fr<\/a>. Qui troverai contesti, date e analisi per comprendere meglio l\u2019onda d\u2019urto che pu\u00f2 provocare una relazione amorosa al vertice dell&rsquo;arena politica.<\/p>","protected":false},"excerpt":{"rendered":"<p>Jordan Bardella ha confermato la sua relazione con la principessa Maria Carolina il 15 aprile 2026, e gi\u00e0 la famiglia Bourbon delle Due Sicilie esprime vive preoccupazioni per la loro figlia. Scoprirai perch\u00e9 questa ufficializzazione, riportata dai titoli nazionali, suscita preoccupazione tra i familiari e quale impatto possa avere sull\u2019attualit\u00e0 politica. In breve: conferma pubblica &#8230; <a title=\"Jordan Bardella in coppia: I Bourbon delle Due Sicilie preoccupati per loro figlia Maria Carolina\" class=\"read-more\" href=\"https:\/\/www.sebastien-auziere.fr\/blog\/it\/jordan-bardella-in-coppia-i-bourbon-delle-due-sicilie-preoccupati-per-loro-figlia-maria-carolina\/\" aria-label=\"En savoir plus sur Jordan Bardella in coppia: I Bourbon delle Due Sicilie preoccupati per loro figlia Maria Carolina\">Lire plus<\/a><\/p>\n","protected":false},"author":9,"featured_media":3200,"comment_status":"open","ping_status":"open","sticky":false,"template":"","format":"standard","meta":{"footnotes":""},"categories":[859],"tags":[3789,3792,3795,3798,3801],"class_list":["post-3208","post","type-post","status-publish","format-standard","has-post-thumbnail","hentry","category-actualita-it","tag-bourbon-delle-due-sicilie-it","tag-coppia-it","tag-famiglia-reale-it","tag-jordan-bardella-it","tag-maria-carolina-it"],"yoast_head":"<!-- This site is optimized with the Yoast SEO plugin v27.5 - https:\/\/yoast.com\/product\/yoast-seo-wordpress\/ -->\n<title>Jordan Bardella in coppia: I Bourbon delle Due Sicilie preoccupati per loro figlia Maria Carolina - Fan site S\u00e9bastien Auzi\u00e8re<\/title>\n<meta name=\"description\" content=\"Jordan Bardella en couple : Les Bourbon des Deux-Siciles s&#039;inqui\u00e8tent pour leur fille Maria Carolina, entre amour et pr\u00e9occupations familiales.\" \/>\n<meta name=\"robots\" content=\"index, follow, max-snippet:-1, max-image-preview:large, max-video-preview:-1\" \/>\n<link rel=\"canonical\" href=\"https:\/\/www.sebastien-auziere.fr\/blog\/it\/jordan-bardella-in-coppia-i-bourbon-delle-due-sicilie-preoccupati-per-loro-figlia-maria-carolina\/\" \/>\n<meta property=\"og:locale\" content=\"fr_FR\" \/>\n<meta property=\"og:type\" content=\"article\" \/>\n<meta property=\"og:title\" content=\"Jordan Bardella in coppia: I Bourbon delle Due Sicilie preoccupati per loro figlia Maria Carolina - Fan site S\u00e9bastien Auzi\u00e8re\" \/>\n<meta property=\"og:description\" content=\"Jordan Bardella en couple : Les Bourbon des Deux-Siciles s&#039;inqui\u00e8tent pour leur fille Maria Carolina, entre amour et pr\u00e9occupations familiales.\" \/>\n<meta property=\"og:url\" content=\"https:\/\/www.sebastien-auziere.fr\/blog\/it\/jordan-bardella-in-coppia-i-bourbon-delle-due-sicilie-preoccupati-per-loro-figlia-maria-carolina\/\" \/>\n<meta property=\"og:site_name\" content=\"Fan site S\u00e9bastien Auzi\u00e8re\" \/>\n<meta property=\"article:published_time\" content=\"2026-04-21T07:13:59+00:00\" \/>\n<meta property=\"article:modified_time\" content=\"2026-04-21T07:14:24+00:00\" \/>\n<meta property=\"og:image\" content=\"https:\/\/www.sebastien-auziere.fr\/blog\/wp-content\/uploads\/2026\/04\/Jordan-Bardella-en-couple-Les-Bourbon-des-Deux-Siciles-preoccupes-pour-leur-fille-Maria-Carolina.jpg\" \/>\n\t<meta property=\"og:image:width\" content=\"2560\" \/>\n\t<meta property=\"og:image:height\" content=\"1429\" \/>\n\t<meta property=\"og:image:type\" content=\"image\/jpeg\" \/>\n<meta name=\"author\" content=\"Chloe Gauthier\" \/>\n<meta name=\"twitter:card\" content=\"summary_large_image\" \/>\n<meta name=\"twitter:label1\" content=\"\u00c9crit par\" \/>\n\t<meta name=\"twitter:data1\" content=\"Chloe Gauthier\" \/>\n\t<meta name=\"twitter:label2\" content=\"Dur\u00e9e de lecture estim\u00e9e\" \/>\n\t<meta name=\"twitter:data2\" content=\"2 minutes\" \/>\n<script type=\"application\/ld+json\" class=\"yoast-schema-graph\">{\"@context\":\"https:\\\/\\\/schema.org\",\"@graph\":[{\"@type\":\"Article\",\"@id\":\"https:\\\/\\\/www.sebastien-auziere.fr\\\/blog\\\/it\\\/jordan-bardella-in-coppia-i-bourbon-delle-due-sicilie-preoccupati-per-loro-figlia-maria-carolina\\\/#article\",\"isPartOf\":{\"@id\":\"https:\\\/\\\/www.sebastien-auziere.fr\\\/blog\\\/it\\\/jordan-bardella-in-coppia-i-bourbon-delle-due-sicilie-preoccupati-per-loro-figlia-maria-carolina\\\/\"},\"author\":{\"name\":\"Chloe Gauthier\",\"@id\":\"https:\\\/\\\/www.sebastien-auziere.fr\\\/blog\\\/#\\\/schema\\\/person\\\/149f1acdbfd85149c6c3e59adeae2f4d\"},\"headline\":\"Jordan Bardella in coppia: I Bourbon delle Due Sicilie preoccupati per loro figlia Maria Carolina\",\"datePublished\":\"2026-04-21T07:13:59+00:00\",\"dateModified\":\"2026-04-21T07:14:24+00:00\",\"mainEntityOfPage\":{\"@id\":\"https:\\\/\\\/www.sebastien-auziere.fr\\\/blog\\\/it\\\/jordan-bardella-in-coppia-i-bourbon-delle-due-sicilie-preoccupati-per-loro-figlia-maria-carolina\\\/\"},\"wordCount\":383,\"commentCount\":0,\"publisher\":{\"@id\":\"https:\\\/\\\/www.sebastien-auziere.fr\\\/blog\\\/#organization\"},\"image\":{\"@id\":\"https:\\\/\\\/www.sebastien-auziere.fr\\\/blog\\\/it\\\/jordan-bardella-in-coppia-i-bourbon-delle-due-sicilie-preoccupati-per-loro-figlia-maria-carolina\\\/#primaryimage\"},\"thumbnailUrl\":\"https:\\\/\\\/www.sebastien-auziere.fr\\\/blog\\\/wp-content\\\/uploads\\\/2026\\\/04\\\/Jordan-Bardella-en-couple-Les-Bourbon-des-Deux-Siciles-preoccupes-pour-leur-fille-Maria-Carolina.jpg\",\"keywords\":[\"bourbon delle due sicilie\",\"coppia\",\"famiglia reale\",\"jordan bardella\",\"maria carolina\"],\"articleSection\":[\"Actualit\u00e0\"],\"inLanguage\":\"fr-FR\",\"potentialAction\":[{\"@type\":\"CommentAction\",\"name\":\"Comment\",\"target\":[\"https:\\\/\\\/www.sebastien-auziere.fr\\\/blog\\\/it\\\/jordan-bardella-in-coppia-i-bourbon-delle-due-sicilie-preoccupati-per-loro-figlia-maria-carolina\\\/#respond\"]}]},{\"@type\":\"WebPage\",\"@id\":\"https:\\\/\\\/www.sebastien-auziere.fr\\\/blog\\\/it\\\/jordan-bardella-in-coppia-i-bourbon-delle-due-sicilie-preoccupati-per-loro-figlia-maria-carolina\\\/\",\"url\":\"https:\\\/\\\/www.sebastien-auziere.fr\\\/blog\\\/it\\\/jordan-bardella-in-coppia-i-bourbon-delle-due-sicilie-preoccupati-per-loro-figlia-maria-carolina\\\/\",\"name\":\"Jordan Bardella in coppia: I Bourbon delle Due Sicilie preoccupati per loro figlia Maria Carolina - Fan site S\u00e9bastien Auzi\u00e8re\",\"isPartOf\":{\"@id\":\"https:\\\/\\\/www.sebastien-auziere.fr\\\/blog\\\/#website\"},\"primaryImageOfPage\":{\"@id\":\"https:\\\/\\\/www.sebastien-auziere.fr\\\/blog\\\/it\\\/jordan-bardella-in-coppia-i-bourbon-delle-due-sicilie-preoccupati-per-loro-figlia-maria-carolina\\\/#primaryimage\"},\"image\":{\"@id\":\"https:\\\/\\\/www.sebastien-auziere.fr\\\/blog\\\/it\\\/jordan-bardella-in-coppia-i-bourbon-delle-due-sicilie-preoccupati-per-loro-figlia-maria-carolina\\\/#primaryimage\"},\"thumbnailUrl\":\"https:\\\/\\\/www.sebastien-auziere.fr\\\/blog\\\/wp-content\\\/uploads\\\/2026\\\/04\\\/Jordan-Bardella-en-couple-Les-Bourbon-des-Deux-Siciles-preoccupes-pour-leur-fille-Maria-Carolina.jpg\",\"datePublished\":\"2026-04-21T07:13:59+00:00\",\"dateModified\":\"2026-04-21T07:14:24+00:00\",\"description\":\"Jordan Bardella en couple : Les Bourbon des Deux-Siciles s'inqui\u00e8tent pour leur fille Maria Carolina, entre amour et pr\u00e9occupations familiales.\",\"breadcrumb\":{\"@id\":\"https:\\\/\\\/www.sebastien-auziere.fr\\\/blog\\\/it\\\/jordan-bardella-in-coppia-i-bourbon-delle-due-sicilie-preoccupati-per-loro-figlia-maria-carolina\\\/#breadcrumb\"},\"inLanguage\":\"fr-FR\",\"potentialAction\":[{\"@type\":\"ReadAction\",\"target\":[\"https:\\\/\\\/www.sebastien-auziere.fr\\\/blog\\\/it\\\/jordan-bardella-in-coppia-i-bourbon-delle-due-sicilie-preoccupati-per-loro-figlia-maria-carolina\\\/\"]}]},{\"@type\":\"ImageObject\",\"inLanguage\":\"fr-FR\",\"@id\":\"https:\\\/\\\/www.sebastien-auziere.fr\\\/blog\\\/it\\\/jordan-bardella-in-coppia-i-bourbon-delle-due-sicilie-preoccupati-per-loro-figlia-maria-carolina\\\/#primaryimage\",\"url\":\"https:\\\/\\\/www.sebastien-auziere.fr\\\/blog\\\/wp-content\\\/uploads\\\/2026\\\/04\\\/Jordan-Bardella-en-couple-Les-Bourbon-des-Deux-Siciles-preoccupes-pour-leur-fille-Maria-Carolina.jpg\",\"contentUrl\":\"https:\\\/\\\/www.sebastien-auziere.fr\\\/blog\\\/wp-content\\\/uploads\\\/2026\\\/04\\\/Jordan-Bardella-en-couple-Les-Bourbon-des-Deux-Siciles-preoccupes-pour-leur-fille-Maria-Carolina.jpg\",\"width\":2560,\"height\":1429,\"caption\":\"d\u00e9couvrez les inqui\u00e9tudes des bourbon des deux-siciles pour leur fille maria carolina, en couple avec jordan bardella. une histoire m\u00ealant h\u00e9ritage et amour moderne.\"},{\"@type\":\"BreadcrumbList\",\"@id\":\"https:\\\/\\\/www.sebastien-auziere.fr\\\/blog\\\/it\\\/jordan-bardella-in-coppia-i-bourbon-delle-due-sicilie-preoccupati-per-loro-figlia-maria-carolina\\\/#breadcrumb\",\"itemListElement\":[{\"@type\":\"ListItem\",\"position\":1,\"name\":\"Home\",\"item\":\"https:\\\/\\\/www.sebastien-auziere.fr\\\/blog\\\/\"},{\"@type\":\"ListItem\",\"position\":2,\"name\":\"Jordan Bardella in coppia: I Bourbon delle Due Sicilie preoccupati per loro figlia Maria Carolina\"}]},{\"@type\":\"WebSite\",\"@id\":\"https:\\\/\\\/www.sebastien-auziere.fr\\\/blog\\\/#website\",\"url\":\"https:\\\/\\\/www.sebastien-auziere.fr\\\/blog\\\/\",\"name\":\"Fan site S\u00e9bastien Auzi\u00e8re\",\"description\":\"M\u00e9dia g\u00e9n\u00e9raliste\",\"publisher\":{\"@id\":\"https:\\\/\\\/www.sebastien-auziere.fr\\\/blog\\\/#organization\"},\"potentialAction\":[{\"@type\":\"SearchAction\",\"target\":{\"@type\":\"EntryPoint\",\"urlTemplate\":\"https:\\\/\\\/www.sebastien-auziere.fr\\\/blog\\\/?s={search_term_string}\"},\"query-input\":{\"@type\":\"PropertyValueSpecification\",\"valueRequired\":true,\"valueName\":\"search_term_string\"}}],\"inLanguage\":\"fr-FR\"},{\"@type\":\"Organization\",\"@id\":\"https:\\\/\\\/www.sebastien-auziere.fr\\\/blog\\\/#organization\",\"name\":\"Fan site S\u00e9bastien Auzi\u00e8re\",\"url\":\"https:\\\/\\\/www.sebastien-auziere.fr\\\/blog\\\/\",\"logo\":{\"@type\":\"ImageObject\",\"inLanguage\":\"fr-FR\",\"@id\":\"https:\\\/\\\/www.sebastien-auziere.fr\\\/blog\\\/#\\\/schema\\\/logo\\\/image\\\/\",\"url\":\"https:\\\/\\\/www.sebastien-auziere.fr\\\/blog\\\/wp-content\\\/uploads\\\/2026\\\/03\\\/cropped-cropped-cropped-ChatGPT-Image-6-mars-2026-12_58_09-e1772798376794.jpg\",\"contentUrl\":\"https:\\\/\\\/www.sebastien-auziere.fr\\\/blog\\\/wp-content\\\/uploads\\\/2026\\\/03\\\/cropped-cropped-cropped-ChatGPT-Image-6-mars-2026-12_58_09-e1772798376794.jpg\",\"width\":512,\"height\":360,\"caption\":\"Fan site S\u00e9bastien Auzi\u00e8re\"},\"image\":{\"@id\":\"https:\\\/\\\/www.sebastien-auziere.fr\\\/blog\\\/#\\\/schema\\\/logo\\\/image\\\/\"}},{\"@type\":\"Person\",\"@id\":\"https:\\\/\\\/www.sebastien-auziere.fr\\\/blog\\\/#\\\/schema\\\/person\\\/149f1acdbfd85149c6c3e59adeae2f4d\",\"name\":\"Chloe Gauthier\",\"image\":{\"@type\":\"ImageObject\",\"inLanguage\":\"fr-FR\",\"@id\":\"https:\\\/\\\/secure.gravatar.com\\\/avatar\\\/2c5722f58171cff738a8985ef0dd66b476e563753246a49019befc837ec4201a?s=96&d=mm&r=g\",\"url\":\"https:\\\/\\\/secure.gravatar.com\\\/avatar\\\/2c5722f58171cff738a8985ef0dd66b476e563753246a49019befc837ec4201a?s=96&d=mm&r=g\",\"contentUrl\":\"https:\\\/\\\/secure.gravatar.com\\\/avatar\\\/2c5722f58171cff738a8985ef0dd66b476e563753246a49019befc837ec4201a?s=96&d=mm&r=g\",\"caption\":\"Chloe Gauthier\"},\"description\":\"Passionn\u00e9e par la politique et admiratrice engag\u00e9e de la famille Macron, je consacre mon \u00e9nergie \u00e0 suivre leurs initiatives et \u00e0 promouvoir leurs id\u00e9es. \u00c0 32 ans, je suis convaincue que leur vision est porteuse d'avenir.\",\"url\":\"https:\\\/\\\/www.sebastien-auziere.fr\\\/blog\\\/author\\\/chloe-gauthier\\\/\"}]}<\/script>\n<!-- \/ Yoast SEO plugin. -->","yoast_head_json":{"title":"Jordan Bardella in coppia: I Bourbon delle Due Sicilie preoccupati per loro figlia Maria Carolina - Fan site S\u00e9bastien Auzi\u00e8re","description":"Jordan Bardella en couple : Les Bourbon des Deux-Siciles s'inqui\u00e8tent pour leur fille Maria Carolina, entre amour et pr\u00e9occupations familiales.","robots":{"index":"index","follow":"follow","max-snippet":"max-snippet:-1","max-image-preview":"max-image-preview:large","max-video-preview":"max-video-preview:-1"},"canonical":"https:\/\/www.sebastien-auziere.fr\/blog\/it\/jordan-bardella-in-coppia-i-bourbon-delle-due-sicilie-preoccupati-per-loro-figlia-maria-carolina\/","og_locale":"fr_FR","og_type":"article","og_title":"Jordan Bardella in coppia: I Bourbon delle Due Sicilie preoccupati per loro figlia Maria Carolina - Fan site S\u00e9bastien Auzi\u00e8re","og_description":"Jordan Bardella en couple : Les Bourbon des Deux-Siciles s'inqui\u00e8tent pour leur fille Maria Carolina, entre amour et pr\u00e9occupations familiales.","og_url":"https:\/\/www.sebastien-auziere.fr\/blog\/it\/jordan-bardella-in-coppia-i-bourbon-delle-due-sicilie-preoccupati-per-loro-figlia-maria-carolina\/","og_site_name":"Fan site S\u00e9bastien Auzi\u00e8re","article_published_time":"2026-04-21T07:13:59+00:00","article_modified_time":"2026-04-21T07:14:24+00:00","og_image":[{"width":2560,"height":1429,"url":"https:\/\/www.sebastien-auziere.fr\/blog\/wp-content\/uploads\/2026\/04\/Jordan-Bardella-en-couple-Les-Bourbon-des-Deux-Siciles-preoccupes-pour-leur-fille-Maria-Carolina.jpg","type":"image\/jpeg"}],"author":"Chloe Gauthier","twitter_card":"summary_large_image","twitter_misc":{"\u00c9crit par":"Chloe Gauthier","Dur\u00e9e de lecture estim\u00e9e":"2 minutes"},"schema":{"@context":"https:\/\/schema.org","@graph":[{"@type":"Article","@id":"https:\/\/www.sebastien-auziere.fr\/blog\/it\/jordan-bardella-in-coppia-i-bourbon-delle-due-sicilie-preoccupati-per-loro-figlia-maria-carolina\/#article","isPartOf":{"@id":"https:\/\/www.sebastien-auziere.fr\/blog\/it\/jordan-bardella-in-coppia-i-bourbon-delle-due-sicilie-preoccupati-per-loro-figlia-maria-carolina\/"},"author":{"name":"Chloe Gauthier","@id":"https:\/\/www.sebastien-auziere.fr\/blog\/#\/schema\/person\/149f1acdbfd85149c6c3e59adeae2f4d"},"headline":"Jordan Bardella in coppia: I Bourbon delle Due Sicilie preoccupati per loro figlia Maria Carolina","datePublished":"2026-04-21T07:13:59+00:00","dateModified":"2026-04-21T07:14:24+00:00","mainEntityOfPage":{"@id":"https:\/\/www.sebastien-auziere.fr\/blog\/it\/jordan-bardella-in-coppia-i-bourbon-delle-due-sicilie-preoccupati-per-loro-figlia-maria-carolina\/"},"wordCount":383,"commentCount":0,"publisher":{"@id":"https:\/\/www.sebastien-auziere.fr\/blog\/#organization"},"image":{"@id":"https:\/\/www.sebastien-auziere.fr\/blog\/it\/jordan-bardella-in-coppia-i-bourbon-delle-due-sicilie-preoccupati-per-loro-figlia-maria-carolina\/#primaryimage"},"thumbnailUrl":"https:\/\/www.sebastien-auziere.fr\/blog\/wp-content\/uploads\/2026\/04\/Jordan-Bardella-en-couple-Les-Bourbon-des-Deux-Siciles-preoccupes-pour-leur-fille-Maria-Carolina.jpg","keywords":["bourbon delle due sicilie","coppia","famiglia reale","jordan bardella","maria carolina"],"articleSection":["Actualit\u00e0"],"inLanguage":"fr-FR","potentialAction":[{"@type":"CommentAction","name":"Comment","target":["https:\/\/www.sebastien-auziere.fr\/blog\/it\/jordan-bardella-in-coppia-i-bourbon-delle-due-sicilie-preoccupati-per-loro-figlia-maria-carolina\/#respond"]}]},{"@type":"WebPage","@id":"https:\/\/www.sebastien-auziere.fr\/blog\/it\/jordan-bardella-in-coppia-i-bourbon-delle-due-sicilie-preoccupati-per-loro-figlia-maria-carolina\/","url":"https:\/\/www.sebastien-auziere.fr\/blog\/it\/jordan-bardella-in-coppia-i-bourbon-delle-due-sicilie-preoccupati-per-loro-figlia-maria-carolina\/","name":"Jordan Bardella in coppia: I Bourbon delle Due Sicilie preoccupati per loro figlia Maria Carolina - Fan site S\u00e9bastien Auzi\u00e8re","isPartOf":{"@id":"https:\/\/www.sebastien-auziere.fr\/blog\/#website"},"primaryImageOfPage":{"@id":"https:\/\/www.sebastien-auziere.fr\/blog\/it\/jordan-bardella-in-coppia-i-bourbon-delle-due-sicilie-preoccupati-per-loro-figlia-maria-carolina\/#primaryimage"},"image":{"@id":"https:\/\/www.sebastien-auziere.fr\/blog\/it\/jordan-bardella-in-coppia-i-bourbon-delle-due-sicilie-preoccupati-per-loro-figlia-maria-carolina\/#primaryimage"},"thumbnailUrl":"https:\/\/www.sebastien-auziere.fr\/blog\/wp-content\/uploads\/2026\/04\/Jordan-Bardella-en-couple-Les-Bourbon-des-Deux-Siciles-preoccupes-pour-leur-fille-Maria-Carolina.jpg","datePublished":"2026-04-21T07:13:59+00:00","dateModified":"2026-04-21T07:14:24+00:00","description":"Jordan Bardella en couple : Les Bourbon des Deux-Siciles s'inqui\u00e8tent pour leur fille Maria Carolina, entre amour et pr\u00e9occupations familiales.","breadcrumb":{"@id":"https:\/\/www.sebastien-auziere.fr\/blog\/it\/jordan-bardella-in-coppia-i-bourbon-delle-due-sicilie-preoccupati-per-loro-figlia-maria-carolina\/#breadcrumb"},"inLanguage":"fr-FR","potentialAction":[{"@type":"ReadAction","target":["https:\/\/www.sebastien-auziere.fr\/blog\/it\/jordan-bardella-in-coppia-i-bourbon-delle-due-sicilie-preoccupati-per-loro-figlia-maria-carolina\/"]}]},{"@type":"ImageObject","inLanguage":"fr-FR","@id":"https:\/\/www.sebastien-auziere.fr\/blog\/it\/jordan-bardella-in-coppia-i-bourbon-delle-due-sicilie-preoccupati-per-loro-figlia-maria-carolina\/#primaryimage","url":"https:\/\/www.sebastien-auziere.fr\/blog\/wp-content\/uploads\/2026\/04\/Jordan-Bardella-en-couple-Les-Bourbon-des-Deux-Siciles-preoccupes-pour-leur-fille-Maria-Carolina.jpg","contentUrl":"https:\/\/www.sebastien-auziere.fr\/blog\/wp-content\/uploads\/2026\/04\/Jordan-Bardella-en-couple-Les-Bourbon-des-Deux-Siciles-preoccupes-pour-leur-fille-Maria-Carolina.jpg","width":2560,"height":1429,"caption":"d\u00e9couvrez les inqui\u00e9tudes des bourbon des deux-siciles pour leur fille maria carolina, en couple avec jordan bardella. une histoire m\u00ealant h\u00e9ritage et amour moderne."},{"@type":"BreadcrumbList","@id":"https:\/\/www.sebastien-auziere.fr\/blog\/it\/jordan-bardella-in-coppia-i-bourbon-delle-due-sicilie-preoccupati-per-loro-figlia-maria-carolina\/#breadcrumb","itemListElement":[{"@type":"ListItem","position":1,"name":"Home","item":"https:\/\/www.sebastien-auziere.fr\/blog\/"},{"@type":"ListItem","position":2,"name":"Jordan Bardella in coppia: I Bourbon delle Due Sicilie preoccupati per loro figlia Maria Carolina"}]},{"@type":"WebSite","@id":"https:\/\/www.sebastien-auziere.fr\/blog\/#website","url":"https:\/\/www.sebastien-auziere.fr\/blog\/","name":"Fan site S\u00e9bastien Auzi\u00e8re","description":"M\u00e9dia g\u00e9n\u00e9raliste","publisher":{"@id":"https:\/\/www.sebastien-auziere.fr\/blog\/#organization"},"potentialAction":[{"@type":"SearchAction","target":{"@type":"EntryPoint","urlTemplate":"https:\/\/www.sebastien-auziere.fr\/blog\/?s={search_term_string}"},"query-input":{"@type":"PropertyValueSpecification","valueRequired":true,"valueName":"search_term_string"}}],"inLanguage":"fr-FR"},{"@type":"Organization","@id":"https:\/\/www.sebastien-auziere.fr\/blog\/#organization","name":"Fan site S\u00e9bastien Auzi\u00e8re","url":"https:\/\/www.sebastien-auziere.fr\/blog\/","logo":{"@type":"ImageObject","inLanguage":"fr-FR","@id":"https:\/\/www.sebastien-auziere.fr\/blog\/#\/schema\/logo\/image\/","url":"https:\/\/www.sebastien-auziere.fr\/blog\/wp-content\/uploads\/2026\/03\/cropped-cropped-cropped-ChatGPT-Image-6-mars-2026-12_58_09-e1772798376794.jpg","contentUrl":"https:\/\/www.sebastien-auziere.fr\/blog\/wp-content\/uploads\/2026\/03\/cropped-cropped-cropped-ChatGPT-Image-6-mars-2026-12_58_09-e1772798376794.jpg","width":512,"height":360,"caption":"Fan site S\u00e9bastien Auzi\u00e8re"},"image":{"@id":"https:\/\/www.sebastien-auziere.fr\/blog\/#\/schema\/logo\/image\/"}},{"@type":"Person","@id":"https:\/\/www.sebastien-auziere.fr\/blog\/#\/schema\/person\/149f1acdbfd85149c6c3e59adeae2f4d","name":"Chloe Gauthier","image":{"@type":"ImageObject","inLanguage":"fr-FR","@id":"https:\/\/secure.gravatar.com\/avatar\/2c5722f58171cff738a8985ef0dd66b476e563753246a49019befc837ec4201a?s=96&d=mm&r=g","url":"https:\/\/secure.gravatar.com\/avatar\/2c5722f58171cff738a8985ef0dd66b476e563753246a49019befc837ec4201a?s=96&d=mm&r=g","contentUrl":"https:\/\/secure.gravatar.com\/avatar\/2c5722f58171cff738a8985ef0dd66b476e563753246a49019befc837ec4201a?s=96&d=mm&r=g","caption":"Chloe Gauthier"},"description":"Passionn\u00e9e par la politique et admiratrice engag\u00e9e de la famille Macron, je consacre mon \u00e9nergie \u00e0 suivre leurs initiatives et \u00e0 promouvoir leurs id\u00e9es. \u00c0 32 ans, je suis convaincue que leur vision est porteuse d'avenir.","url":"https:\/\/www.sebastien-auziere.fr\/blog\/author\/chloe-gauthier\/"}]}},"views":0,"_links":{"self":[{"href":"https:\/\/www.sebastien-auziere.fr\/blog\/wp-json\/wp\/v2\/posts\/3208","targetHints":{"allow":["GET"]}}],"collection":[{"href":"https:\/\/www.sebastien-auziere.fr\/blog\/wp-json\/wp\/v2\/posts"}],"about":[{"href":"https:\/\/www.sebastien-auziere.fr\/blog\/wp-json\/wp\/v2\/types\/post"}],"author":[{"embeddable":true,"href":"https:\/\/www.sebastien-auziere.fr\/blog\/wp-json\/wp\/v2\/users\/9"}],"replies":[{"embeddable":true,"href":"https:\/\/www.sebastien-auziere.fr\/blog\/wp-json\/wp\/v2\/comments?post=3208"}],"version-history":[{"count":1,"href":"https:\/\/www.sebastien-auziere.fr\/blog\/wp-json\/wp\/v2\/posts\/3208\/revisions"}],"predecessor-version":[{"id":3209,"href":"https:\/\/www.sebastien-auziere.fr\/blog\/wp-json\/wp\/v2\/posts\/3208\/revisions\/3209"}],"wp:featuredmedia":[{"embeddable":true,"href":"https:\/\/www.sebastien-auziere.fr\/blog\/wp-json\/wp\/v2\/media\/3200"}],"wp:attachment":[{"href":"https:\/\/www.sebastien-auziere.fr\/blog\/wp-json\/wp\/v2\/media?parent=3208"}],"wp:term":[{"taxonomy":"category","embeddable":true,"href":"https:\/\/www.sebastien-auziere.fr\/blog\/wp-json\/wp\/v2\/categories?post=3208"},{"taxonomy":"post_tag","embeddable":true,"href":"https:\/\/www.sebastien-auziere.fr\/blog\/wp-json\/wp\/v2\/tags?post=3208"}],"curies":[{"name":"wp","href":"https:\/\/api.w.org\/{rel}","templated":true}]}}