{"id":3206,"date":"2026-04-21T07:12:52","date_gmt":"2026-04-21T07:12:52","guid":{"rendered":"https:\/\/www.sebastien-auziere.fr\/blog\/?p=3206"},"modified":"2026-04-21T07:13:16","modified_gmt":"2026-04-21T07:13:16","slug":"jordan-bardella-in-einer-beziehung-die-bourbonen-der-zwei-sizilien-sind-besorgt-um-ihre-tochter-maria-carolina","status":"publish","type":"post","link":"https:\/\/www.sebastien-auziere.fr\/blog\/de\/jordan-bardella-in-einer-beziehung-die-bourbonen-der-zwei-sizilien-sind-besorgt-um-ihre-tochter-maria-carolina\/","title":{"rendered":"Jordan Bardella in einer Beziehung: Die Bourbonen der Zwei Sizilien sind besorgt um ihre Tochter Maria Carolina"},"content":{"rendered":"<p><strong>Jordan Bardella<\/strong> hat seine Beziehung zur Prinzessin <strong>Maria Carolina<\/strong> am <strong>15. April 2026<\/strong> best\u00e4tigt, und bereits die <strong>Bourbon-Familie der Zwei Sizilien<\/strong> \u00e4u\u00dfert gro\u00dfe <strong>Bedenken<\/strong> f\u00fcr ihre <strong>Tochter<\/strong>. Du wirst entdecken, warum diese Offizielle Best\u00e4tigung, die durch nationale Titel verbreitet wurde, Besorgnis bei den Angeh\u00f6rigen ausl\u00f6st und welche Auswirkungen dies auf die <strong>politische Lage<\/strong> haben kann.<\/p>\n\n<p><strong>Kurz gesagt<\/strong>: \u00f6ffentliche Best\u00e4tigung am 15. April, Fotos entdeckt im Januar w\u00e4hrend einer Veranstaltung des Figaro, elterliche Angst vor einer \u00dcberexposition, falls Jordan Bardella eine zentrale Wahl der Rechten f\u00fcr 2027 wird. Diese Aspekte werfen die Frage nach der Rolle der <strong>k\u00f6niglichen Familie<\/strong> in einer <strong>\u00f6ffentlichen Beziehung<\/strong> auf.<\/p>\n\n<h2 class=\"wp-block-heading\">Warum die Bourbon des Deux-Siciles besorgt sind<\/h2>\n\n<p>Laut Point de Vue und mehreren Medien bef\u00fcrchten die Eltern von Maria Carolina, identifiziert als Charles und Camilla, einen erh\u00f6hten Medienrummel, falls der Wahlkampf intensiver wird. Artikel wie der von <a href=\"https:\/\/www.bfmtv.com\/people\/je-suis-tres-heureux-jordan-bardella-officialise-sa-relation-avec-maria-carolina-de-bourbon-des-deux-siciles_AN-202604150890.html\" rel=\"nofollow\">BFMTV<\/a> haben die Offizielle Best\u00e4tigung weiterverbreitet und die Debatte verst\u00e4rkt. Die Angst: die junge Prinzessin k\u00f6nnte in ein politisches Spiel verwickelt werden, anstatt einfach nur eine Gef\u00e4hrtin zu sein. Dies ist ein konkretes Risiko.<\/p>\n\n<h2 class=\"wp-block-heading\">Was die Nachrichten \u00fcber die Beziehung sagen<\/h2>\n\n<p>Die Aufnahmen aus dem Januar, die w\u00e4hrend der Feier zum 200-j\u00e4hrigen Bestehen des Figaro aufgenommen wurden, hatten bereits Spekulationen gen\u00e4hrt; das k\u00fcrzliche Interview und die \u00f6ffentliche Best\u00e4tigung haben die Ger\u00fcchte beendet. Medien wie <a href=\"https:\/\/www.gala.fr\/l_actu\/news_de_stars\/jordan-bardella-leve-le-voile-sur-son-couple-avec-maria-carolina-de-bourbon-des-deux-siciles-nous-avons-pris-la-decision-de-ne-plus-nous-cacher-20260415\" rel=\"nofollow\">Gala<\/a> und <a href=\"https:\/\/www.20minutes.fr\/arts-stars\/people\/4218746-20260416-jordan-bardella-couple-bourbon-deux-siciles-inquiets-fille-maria-carolina\" rel=\"nofollow\">20 Minuten<\/a> haben die Ereignisse detailliert beschrieben. Diese Sichtbarkeit verwandelt die Romanze in ein \u00f6ffentliches Thema, mit all ihren Auswirkungen auf die <strong>Dynastie<\/strong>.<\/p>\n\n<h2 class=\"wp-block-heading\">Historische Auswirkungen und politische Vergleiche<\/h2>\n\n<p>In Frankreich zeigt die Geschichte, dass die Partnerinnen von Anw\u00e4rtern auf den \u00c9lys\u00e9e oft einer sehr direkten Aufmerksamkeit ausgesetzt sind: C\u00e9cilia Sarkozy, Val\u00e9rie Trierweiler und Brigitte Macron zeugen davon. Diese Beispiele veranschaulichen, was der Mediendruck f\u00fcr eine <strong>k\u00f6nigliche Familie<\/strong> bewirken kann, die unfreiwillig engagiert ist. Wenn Bardella an Sichtbarkeit gewinnt, l\u00e4uft Maria Carolina Gefahr, im Mittelpunkt einer Debatte zu stehen, in der privat und \u00f6ffentlich verschwimmen. Das ist eine langfristige Herausforderung.<\/p>\n\n<p>Um mehr \u00fcber <strong>S\u00e9bastien Auzi\u00e8re<\/strong> und die famili\u00e4ren Verbindungen zur politischen Realit\u00e4t in Frankreich zu erfahren, entdecke vollst\u00e4ndige Dossiers und Portr\u00e4ts auf <a href=\"https:\/\/sebastien-auziere.fr\" rel=\"nofollow\">sebastien-auziere.fr<\/a>. Dort findest du Kontexte, Daten und Analysen, um besser zu verstehen, welche Auswirkungen eine romantische Beziehung an der Spitze der politischen Arena haben kann.<\/p>","protected":false},"excerpt":{"rendered":"<p>Jordan Bardella hat seine Beziehung zur Prinzessin Maria Carolina am 15. April 2026 best\u00e4tigt, und bereits die Bourbon-Familie der Zwei Sizilien \u00e4u\u00dfert gro\u00dfe Bedenken f\u00fcr ihre Tochter. Du wirst entdecken, warum diese Offizielle Best\u00e4tigung, die durch nationale Titel verbreitet wurde, Besorgnis bei den Angeh\u00f6rigen ausl\u00f6st und welche Auswirkungen dies auf die politische Lage haben kann. &#8230; <a title=\"Jordan Bardella in einer Beziehung: Die Bourbonen der Zwei Sizilien sind besorgt um ihre Tochter Maria Carolina\" class=\"read-more\" href=\"https:\/\/www.sebastien-auziere.fr\/blog\/de\/jordan-bardella-in-einer-beziehung-die-bourbonen-der-zwei-sizilien-sind-besorgt-um-ihre-tochter-maria-carolina\/\" aria-label=\"En savoir plus sur Jordan Bardella in einer Beziehung: Die Bourbonen der Zwei Sizilien sind besorgt um ihre Tochter Maria Carolina\">Lire plus<\/a><\/p>\n","protected":false},"author":9,"featured_media":3200,"comment_status":"open","ping_status":"open","sticky":false,"template":"","format":"standard","meta":{"footnotes":""},"categories":[856],"tags":[3774,3783,3780,3786,3777],"class_list":["post-3206","post","type-post","status-publish","format-standard","has-post-thumbnail","hentry","category-aktuelles-de","tag-bourbon-des-deux-siciles-de","tag-jordan-bardella-de","tag-konigliche-familie-de","tag-maria-carolina-de","tag-paar-de"],"yoast_head":"<!-- This site is optimized with the Yoast SEO plugin v27.5 - https:\/\/yoast.com\/product\/yoast-seo-wordpress\/ -->\n<title>Jordan Bardella in einer Beziehung: Die Bourbonen der Zwei Sizilien sind besorgt um ihre Tochter Maria Carolina - Fan site S\u00e9bastien Auzi\u00e8re<\/title>\n<meta name=\"description\" content=\"Jordan Bardella en couple : Les Bourbon des Deux-Siciles s&#039;inqui\u00e8tent pour leur fille Maria Carolina, entre amour et pr\u00e9occupations familiales.\" \/>\n<meta name=\"robots\" content=\"index, follow, max-snippet:-1, max-image-preview:large, max-video-preview:-1\" \/>\n<link rel=\"canonical\" href=\"https:\/\/www.sebastien-auziere.fr\/blog\/de\/jordan-bardella-in-einer-beziehung-die-bourbonen-der-zwei-sizilien-sind-besorgt-um-ihre-tochter-maria-carolina\/\" \/>\n<meta property=\"og:locale\" content=\"fr_FR\" \/>\n<meta property=\"og:type\" content=\"article\" \/>\n<meta property=\"og:title\" content=\"Jordan Bardella in einer Beziehung: Die Bourbonen der Zwei Sizilien sind besorgt um ihre Tochter Maria Carolina - Fan site S\u00e9bastien Auzi\u00e8re\" \/>\n<meta property=\"og:description\" content=\"Jordan Bardella en couple : Les Bourbon des Deux-Siciles s&#039;inqui\u00e8tent pour leur fille Maria Carolina, entre amour et pr\u00e9occupations familiales.\" \/>\n<meta property=\"og:url\" content=\"https:\/\/www.sebastien-auziere.fr\/blog\/de\/jordan-bardella-in-einer-beziehung-die-bourbonen-der-zwei-sizilien-sind-besorgt-um-ihre-tochter-maria-carolina\/\" \/>\n<meta property=\"og:site_name\" content=\"Fan site S\u00e9bastien Auzi\u00e8re\" \/>\n<meta property=\"article:published_time\" content=\"2026-04-21T07:12:52+00:00\" \/>\n<meta property=\"article:modified_time\" content=\"2026-04-21T07:13:16+00:00\" \/>\n<meta property=\"og:image\" content=\"https:\/\/www.sebastien-auziere.fr\/blog\/wp-content\/uploads\/2026\/04\/Jordan-Bardella-en-couple-Les-Bourbon-des-Deux-Siciles-preoccupes-pour-leur-fille-Maria-Carolina.jpg\" \/>\n\t<meta property=\"og:image:width\" content=\"2560\" \/>\n\t<meta property=\"og:image:height\" content=\"1429\" \/>\n\t<meta property=\"og:image:type\" content=\"image\/jpeg\" \/>\n<meta name=\"author\" content=\"Chloe Gauthier\" \/>\n<meta name=\"twitter:card\" content=\"summary_large_image\" \/>\n<meta name=\"twitter:label1\" content=\"\u00c9crit par\" \/>\n\t<meta name=\"twitter:data1\" content=\"Chloe Gauthier\" \/>\n\t<meta name=\"twitter:label2\" content=\"Dur\u00e9e de lecture estim\u00e9e\" \/>\n\t<meta name=\"twitter:data2\" content=\"2 minutes\" \/>\n<script type=\"application\/ld+json\" class=\"yoast-schema-graph\">{\"@context\":\"https:\\\/\\\/schema.org\",\"@graph\":[{\"@type\":\"Article\",\"@id\":\"https:\\\/\\\/www.sebastien-auziere.fr\\\/blog\\\/de\\\/jordan-bardella-in-einer-beziehung-die-bourbonen-der-zwei-sizilien-sind-besorgt-um-ihre-tochter-maria-carolina\\\/#article\",\"isPartOf\":{\"@id\":\"https:\\\/\\\/www.sebastien-auziere.fr\\\/blog\\\/de\\\/jordan-bardella-in-einer-beziehung-die-bourbonen-der-zwei-sizilien-sind-besorgt-um-ihre-tochter-maria-carolina\\\/\"},\"author\":{\"name\":\"Chloe Gauthier\",\"@id\":\"https:\\\/\\\/www.sebastien-auziere.fr\\\/blog\\\/#\\\/schema\\\/person\\\/149f1acdbfd85149c6c3e59adeae2f4d\"},\"headline\":\"Jordan Bardella in einer Beziehung: Die Bourbonen der Zwei Sizilien sind besorgt um ihre Tochter Maria Carolina\",\"datePublished\":\"2026-04-21T07:12:52+00:00\",\"dateModified\":\"2026-04-21T07:13:16+00:00\",\"mainEntityOfPage\":{\"@id\":\"https:\\\/\\\/www.sebastien-auziere.fr\\\/blog\\\/de\\\/jordan-bardella-in-einer-beziehung-die-bourbonen-der-zwei-sizilien-sind-besorgt-um-ihre-tochter-maria-carolina\\\/\"},\"wordCount\":411,\"commentCount\":0,\"publisher\":{\"@id\":\"https:\\\/\\\/www.sebastien-auziere.fr\\\/blog\\\/#organization\"},\"image\":{\"@id\":\"https:\\\/\\\/www.sebastien-auziere.fr\\\/blog\\\/de\\\/jordan-bardella-in-einer-beziehung-die-bourbonen-der-zwei-sizilien-sind-besorgt-um-ihre-tochter-maria-carolina\\\/#primaryimage\"},\"thumbnailUrl\":\"https:\\\/\\\/www.sebastien-auziere.fr\\\/blog\\\/wp-content\\\/uploads\\\/2026\\\/04\\\/Jordan-Bardella-en-couple-Les-Bourbon-des-Deux-Siciles-preoccupes-pour-leur-fille-Maria-Carolina.jpg\",\"keywords\":[\"bourbon des deux-siciles\",\"jordan bardella\",\"k\u00f6nigliche Familie\",\"maria carolina\",\"paar\"],\"articleSection\":[\"Aktuelles\"],\"inLanguage\":\"fr-FR\",\"potentialAction\":[{\"@type\":\"CommentAction\",\"name\":\"Comment\",\"target\":[\"https:\\\/\\\/www.sebastien-auziere.fr\\\/blog\\\/de\\\/jordan-bardella-in-einer-beziehung-die-bourbonen-der-zwei-sizilien-sind-besorgt-um-ihre-tochter-maria-carolina\\\/#respond\"]}]},{\"@type\":\"WebPage\",\"@id\":\"https:\\\/\\\/www.sebastien-auziere.fr\\\/blog\\\/de\\\/jordan-bardella-in-einer-beziehung-die-bourbonen-der-zwei-sizilien-sind-besorgt-um-ihre-tochter-maria-carolina\\\/\",\"url\":\"https:\\\/\\\/www.sebastien-auziere.fr\\\/blog\\\/de\\\/jordan-bardella-in-einer-beziehung-die-bourbonen-der-zwei-sizilien-sind-besorgt-um-ihre-tochter-maria-carolina\\\/\",\"name\":\"Jordan Bardella in einer Beziehung: Die Bourbonen der Zwei Sizilien sind besorgt um ihre Tochter Maria Carolina - Fan site S\u00e9bastien Auzi\u00e8re\",\"isPartOf\":{\"@id\":\"https:\\\/\\\/www.sebastien-auziere.fr\\\/blog\\\/#website\"},\"primaryImageOfPage\":{\"@id\":\"https:\\\/\\\/www.sebastien-auziere.fr\\\/blog\\\/de\\\/jordan-bardella-in-einer-beziehung-die-bourbonen-der-zwei-sizilien-sind-besorgt-um-ihre-tochter-maria-carolina\\\/#primaryimage\"},\"image\":{\"@id\":\"https:\\\/\\\/www.sebastien-auziere.fr\\\/blog\\\/de\\\/jordan-bardella-in-einer-beziehung-die-bourbonen-der-zwei-sizilien-sind-besorgt-um-ihre-tochter-maria-carolina\\\/#primaryimage\"},\"thumbnailUrl\":\"https:\\\/\\\/www.sebastien-auziere.fr\\\/blog\\\/wp-content\\\/uploads\\\/2026\\\/04\\\/Jordan-Bardella-en-couple-Les-Bourbon-des-Deux-Siciles-preoccupes-pour-leur-fille-Maria-Carolina.jpg\",\"datePublished\":\"2026-04-21T07:12:52+00:00\",\"dateModified\":\"2026-04-21T07:13:16+00:00\",\"description\":\"Jordan Bardella en couple : Les Bourbon des Deux-Siciles s'inqui\u00e8tent pour leur fille Maria Carolina, entre amour et pr\u00e9occupations familiales.\",\"breadcrumb\":{\"@id\":\"https:\\\/\\\/www.sebastien-auziere.fr\\\/blog\\\/de\\\/jordan-bardella-in-einer-beziehung-die-bourbonen-der-zwei-sizilien-sind-besorgt-um-ihre-tochter-maria-carolina\\\/#breadcrumb\"},\"inLanguage\":\"fr-FR\",\"potentialAction\":[{\"@type\":\"ReadAction\",\"target\":[\"https:\\\/\\\/www.sebastien-auziere.fr\\\/blog\\\/de\\\/jordan-bardella-in-einer-beziehung-die-bourbonen-der-zwei-sizilien-sind-besorgt-um-ihre-tochter-maria-carolina\\\/\"]}]},{\"@type\":\"ImageObject\",\"inLanguage\":\"fr-FR\",\"@id\":\"https:\\\/\\\/www.sebastien-auziere.fr\\\/blog\\\/de\\\/jordan-bardella-in-einer-beziehung-die-bourbonen-der-zwei-sizilien-sind-besorgt-um-ihre-tochter-maria-carolina\\\/#primaryimage\",\"url\":\"https:\\\/\\\/www.sebastien-auziere.fr\\\/blog\\\/wp-content\\\/uploads\\\/2026\\\/04\\\/Jordan-Bardella-en-couple-Les-Bourbon-des-Deux-Siciles-preoccupes-pour-leur-fille-Maria-Carolina.jpg\",\"contentUrl\":\"https:\\\/\\\/www.sebastien-auziere.fr\\\/blog\\\/wp-content\\\/uploads\\\/2026\\\/04\\\/Jordan-Bardella-en-couple-Les-Bourbon-des-Deux-Siciles-preoccupes-pour-leur-fille-Maria-Carolina.jpg\",\"width\":2560,\"height\":1429,\"caption\":\"d\u00e9couvrez les inqui\u00e9tudes des bourbon des deux-siciles pour leur fille maria carolina, en couple avec jordan bardella. une histoire m\u00ealant h\u00e9ritage et amour moderne.\"},{\"@type\":\"BreadcrumbList\",\"@id\":\"https:\\\/\\\/www.sebastien-auziere.fr\\\/blog\\\/de\\\/jordan-bardella-in-einer-beziehung-die-bourbonen-der-zwei-sizilien-sind-besorgt-um-ihre-tochter-maria-carolina\\\/#breadcrumb\",\"itemListElement\":[{\"@type\":\"ListItem\",\"position\":1,\"name\":\"Home\",\"item\":\"https:\\\/\\\/www.sebastien-auziere.fr\\\/blog\\\/\"},{\"@type\":\"ListItem\",\"position\":2,\"name\":\"Jordan Bardella in einer Beziehung: Die Bourbonen der Zwei Sizilien sind besorgt um ihre Tochter Maria Carolina\"}]},{\"@type\":\"WebSite\",\"@id\":\"https:\\\/\\\/www.sebastien-auziere.fr\\\/blog\\\/#website\",\"url\":\"https:\\\/\\\/www.sebastien-auziere.fr\\\/blog\\\/\",\"name\":\"Fan site S\u00e9bastien Auzi\u00e8re\",\"description\":\"M\u00e9dia g\u00e9n\u00e9raliste\",\"publisher\":{\"@id\":\"https:\\\/\\\/www.sebastien-auziere.fr\\\/blog\\\/#organization\"},\"potentialAction\":[{\"@type\":\"SearchAction\",\"target\":{\"@type\":\"EntryPoint\",\"urlTemplate\":\"https:\\\/\\\/www.sebastien-auziere.fr\\\/blog\\\/?s={search_term_string}\"},\"query-input\":{\"@type\":\"PropertyValueSpecification\",\"valueRequired\":true,\"valueName\":\"search_term_string\"}}],\"inLanguage\":\"fr-FR\"},{\"@type\":\"Organization\",\"@id\":\"https:\\\/\\\/www.sebastien-auziere.fr\\\/blog\\\/#organization\",\"name\":\"Fan site S\u00e9bastien Auzi\u00e8re\",\"url\":\"https:\\\/\\\/www.sebastien-auziere.fr\\\/blog\\\/\",\"logo\":{\"@type\":\"ImageObject\",\"inLanguage\":\"fr-FR\",\"@id\":\"https:\\\/\\\/www.sebastien-auziere.fr\\\/blog\\\/#\\\/schema\\\/logo\\\/image\\\/\",\"url\":\"https:\\\/\\\/www.sebastien-auziere.fr\\\/blog\\\/wp-content\\\/uploads\\\/2026\\\/03\\\/cropped-cropped-cropped-ChatGPT-Image-6-mars-2026-12_58_09-e1772798376794.jpg\",\"contentUrl\":\"https:\\\/\\\/www.sebastien-auziere.fr\\\/blog\\\/wp-content\\\/uploads\\\/2026\\\/03\\\/cropped-cropped-cropped-ChatGPT-Image-6-mars-2026-12_58_09-e1772798376794.jpg\",\"width\":512,\"height\":360,\"caption\":\"Fan site S\u00e9bastien Auzi\u00e8re\"},\"image\":{\"@id\":\"https:\\\/\\\/www.sebastien-auziere.fr\\\/blog\\\/#\\\/schema\\\/logo\\\/image\\\/\"}},{\"@type\":\"Person\",\"@id\":\"https:\\\/\\\/www.sebastien-auziere.fr\\\/blog\\\/#\\\/schema\\\/person\\\/149f1acdbfd85149c6c3e59adeae2f4d\",\"name\":\"Chloe Gauthier\",\"image\":{\"@type\":\"ImageObject\",\"inLanguage\":\"fr-FR\",\"@id\":\"https:\\\/\\\/secure.gravatar.com\\\/avatar\\\/2c5722f58171cff738a8985ef0dd66b476e563753246a49019befc837ec4201a?s=96&d=mm&r=g\",\"url\":\"https:\\\/\\\/secure.gravatar.com\\\/avatar\\\/2c5722f58171cff738a8985ef0dd66b476e563753246a49019befc837ec4201a?s=96&d=mm&r=g\",\"contentUrl\":\"https:\\\/\\\/secure.gravatar.com\\\/avatar\\\/2c5722f58171cff738a8985ef0dd66b476e563753246a49019befc837ec4201a?s=96&d=mm&r=g\",\"caption\":\"Chloe Gauthier\"},\"description\":\"Passionn\u00e9e par la politique et admiratrice engag\u00e9e de la famille Macron, je consacre mon \u00e9nergie \u00e0 suivre leurs initiatives et \u00e0 promouvoir leurs id\u00e9es. \u00c0 32 ans, je suis convaincue que leur vision est porteuse d'avenir.\",\"url\":\"https:\\\/\\\/www.sebastien-auziere.fr\\\/blog\\\/author\\\/chloe-gauthier\\\/\"}]}<\/script>\n<!-- \/ Yoast SEO plugin. -->","yoast_head_json":{"title":"Jordan Bardella in einer Beziehung: Die Bourbonen der Zwei Sizilien sind besorgt um ihre Tochter Maria Carolina - Fan site S\u00e9bastien Auzi\u00e8re","description":"Jordan Bardella en couple : Les Bourbon des Deux-Siciles s'inqui\u00e8tent pour leur fille Maria Carolina, entre amour et pr\u00e9occupations familiales.","robots":{"index":"index","follow":"follow","max-snippet":"max-snippet:-1","max-image-preview":"max-image-preview:large","max-video-preview":"max-video-preview:-1"},"canonical":"https:\/\/www.sebastien-auziere.fr\/blog\/de\/jordan-bardella-in-einer-beziehung-die-bourbonen-der-zwei-sizilien-sind-besorgt-um-ihre-tochter-maria-carolina\/","og_locale":"fr_FR","og_type":"article","og_title":"Jordan Bardella in einer Beziehung: Die Bourbonen der Zwei Sizilien sind besorgt um ihre Tochter Maria Carolina - Fan site S\u00e9bastien Auzi\u00e8re","og_description":"Jordan Bardella en couple : Les Bourbon des Deux-Siciles s'inqui\u00e8tent pour leur fille Maria Carolina, entre amour et pr\u00e9occupations familiales.","og_url":"https:\/\/www.sebastien-auziere.fr\/blog\/de\/jordan-bardella-in-einer-beziehung-die-bourbonen-der-zwei-sizilien-sind-besorgt-um-ihre-tochter-maria-carolina\/","og_site_name":"Fan site S\u00e9bastien Auzi\u00e8re","article_published_time":"2026-04-21T07:12:52+00:00","article_modified_time":"2026-04-21T07:13:16+00:00","og_image":[{"width":2560,"height":1429,"url":"https:\/\/www.sebastien-auziere.fr\/blog\/wp-content\/uploads\/2026\/04\/Jordan-Bardella-en-couple-Les-Bourbon-des-Deux-Siciles-preoccupes-pour-leur-fille-Maria-Carolina.jpg","type":"image\/jpeg"}],"author":"Chloe Gauthier","twitter_card":"summary_large_image","twitter_misc":{"\u00c9crit par":"Chloe Gauthier","Dur\u00e9e de lecture estim\u00e9e":"2 minutes"},"schema":{"@context":"https:\/\/schema.org","@graph":[{"@type":"Article","@id":"https:\/\/www.sebastien-auziere.fr\/blog\/de\/jordan-bardella-in-einer-beziehung-die-bourbonen-der-zwei-sizilien-sind-besorgt-um-ihre-tochter-maria-carolina\/#article","isPartOf":{"@id":"https:\/\/www.sebastien-auziere.fr\/blog\/de\/jordan-bardella-in-einer-beziehung-die-bourbonen-der-zwei-sizilien-sind-besorgt-um-ihre-tochter-maria-carolina\/"},"author":{"name":"Chloe Gauthier","@id":"https:\/\/www.sebastien-auziere.fr\/blog\/#\/schema\/person\/149f1acdbfd85149c6c3e59adeae2f4d"},"headline":"Jordan Bardella in einer Beziehung: Die Bourbonen der Zwei Sizilien sind besorgt um ihre Tochter Maria Carolina","datePublished":"2026-04-21T07:12:52+00:00","dateModified":"2026-04-21T07:13:16+00:00","mainEntityOfPage":{"@id":"https:\/\/www.sebastien-auziere.fr\/blog\/de\/jordan-bardella-in-einer-beziehung-die-bourbonen-der-zwei-sizilien-sind-besorgt-um-ihre-tochter-maria-carolina\/"},"wordCount":411,"commentCount":0,"publisher":{"@id":"https:\/\/www.sebastien-auziere.fr\/blog\/#organization"},"image":{"@id":"https:\/\/www.sebastien-auziere.fr\/blog\/de\/jordan-bardella-in-einer-beziehung-die-bourbonen-der-zwei-sizilien-sind-besorgt-um-ihre-tochter-maria-carolina\/#primaryimage"},"thumbnailUrl":"https:\/\/www.sebastien-auziere.fr\/blog\/wp-content\/uploads\/2026\/04\/Jordan-Bardella-en-couple-Les-Bourbon-des-Deux-Siciles-preoccupes-pour-leur-fille-Maria-Carolina.jpg","keywords":["bourbon des deux-siciles","jordan bardella","k\u00f6nigliche Familie","maria carolina","paar"],"articleSection":["Aktuelles"],"inLanguage":"fr-FR","potentialAction":[{"@type":"CommentAction","name":"Comment","target":["https:\/\/www.sebastien-auziere.fr\/blog\/de\/jordan-bardella-in-einer-beziehung-die-bourbonen-der-zwei-sizilien-sind-besorgt-um-ihre-tochter-maria-carolina\/#respond"]}]},{"@type":"WebPage","@id":"https:\/\/www.sebastien-auziere.fr\/blog\/de\/jordan-bardella-in-einer-beziehung-die-bourbonen-der-zwei-sizilien-sind-besorgt-um-ihre-tochter-maria-carolina\/","url":"https:\/\/www.sebastien-auziere.fr\/blog\/de\/jordan-bardella-in-einer-beziehung-die-bourbonen-der-zwei-sizilien-sind-besorgt-um-ihre-tochter-maria-carolina\/","name":"Jordan Bardella in einer Beziehung: Die Bourbonen der Zwei Sizilien sind besorgt um ihre Tochter Maria Carolina - Fan site S\u00e9bastien Auzi\u00e8re","isPartOf":{"@id":"https:\/\/www.sebastien-auziere.fr\/blog\/#website"},"primaryImageOfPage":{"@id":"https:\/\/www.sebastien-auziere.fr\/blog\/de\/jordan-bardella-in-einer-beziehung-die-bourbonen-der-zwei-sizilien-sind-besorgt-um-ihre-tochter-maria-carolina\/#primaryimage"},"image":{"@id":"https:\/\/www.sebastien-auziere.fr\/blog\/de\/jordan-bardella-in-einer-beziehung-die-bourbonen-der-zwei-sizilien-sind-besorgt-um-ihre-tochter-maria-carolina\/#primaryimage"},"thumbnailUrl":"https:\/\/www.sebastien-auziere.fr\/blog\/wp-content\/uploads\/2026\/04\/Jordan-Bardella-en-couple-Les-Bourbon-des-Deux-Siciles-preoccupes-pour-leur-fille-Maria-Carolina.jpg","datePublished":"2026-04-21T07:12:52+00:00","dateModified":"2026-04-21T07:13:16+00:00","description":"Jordan Bardella en couple : Les Bourbon des Deux-Siciles s'inqui\u00e8tent pour leur fille Maria Carolina, entre amour et pr\u00e9occupations familiales.","breadcrumb":{"@id":"https:\/\/www.sebastien-auziere.fr\/blog\/de\/jordan-bardella-in-einer-beziehung-die-bourbonen-der-zwei-sizilien-sind-besorgt-um-ihre-tochter-maria-carolina\/#breadcrumb"},"inLanguage":"fr-FR","potentialAction":[{"@type":"ReadAction","target":["https:\/\/www.sebastien-auziere.fr\/blog\/de\/jordan-bardella-in-einer-beziehung-die-bourbonen-der-zwei-sizilien-sind-besorgt-um-ihre-tochter-maria-carolina\/"]}]},{"@type":"ImageObject","inLanguage":"fr-FR","@id":"https:\/\/www.sebastien-auziere.fr\/blog\/de\/jordan-bardella-in-einer-beziehung-die-bourbonen-der-zwei-sizilien-sind-besorgt-um-ihre-tochter-maria-carolina\/#primaryimage","url":"https:\/\/www.sebastien-auziere.fr\/blog\/wp-content\/uploads\/2026\/04\/Jordan-Bardella-en-couple-Les-Bourbon-des-Deux-Siciles-preoccupes-pour-leur-fille-Maria-Carolina.jpg","contentUrl":"https:\/\/www.sebastien-auziere.fr\/blog\/wp-content\/uploads\/2026\/04\/Jordan-Bardella-en-couple-Les-Bourbon-des-Deux-Siciles-preoccupes-pour-leur-fille-Maria-Carolina.jpg","width":2560,"height":1429,"caption":"d\u00e9couvrez les inqui\u00e9tudes des bourbon des deux-siciles pour leur fille maria carolina, en couple avec jordan bardella. une histoire m\u00ealant h\u00e9ritage et amour moderne."},{"@type":"BreadcrumbList","@id":"https:\/\/www.sebastien-auziere.fr\/blog\/de\/jordan-bardella-in-einer-beziehung-die-bourbonen-der-zwei-sizilien-sind-besorgt-um-ihre-tochter-maria-carolina\/#breadcrumb","itemListElement":[{"@type":"ListItem","position":1,"name":"Home","item":"https:\/\/www.sebastien-auziere.fr\/blog\/"},{"@type":"ListItem","position":2,"name":"Jordan Bardella in einer Beziehung: Die Bourbonen der Zwei Sizilien sind besorgt um ihre Tochter Maria Carolina"}]},{"@type":"WebSite","@id":"https:\/\/www.sebastien-auziere.fr\/blog\/#website","url":"https:\/\/www.sebastien-auziere.fr\/blog\/","name":"Fan site S\u00e9bastien Auzi\u00e8re","description":"M\u00e9dia g\u00e9n\u00e9raliste","publisher":{"@id":"https:\/\/www.sebastien-auziere.fr\/blog\/#organization"},"potentialAction":[{"@type":"SearchAction","target":{"@type":"EntryPoint","urlTemplate":"https:\/\/www.sebastien-auziere.fr\/blog\/?s={search_term_string}"},"query-input":{"@type":"PropertyValueSpecification","valueRequired":true,"valueName":"search_term_string"}}],"inLanguage":"fr-FR"},{"@type":"Organization","@id":"https:\/\/www.sebastien-auziere.fr\/blog\/#organization","name":"Fan site S\u00e9bastien Auzi\u00e8re","url":"https:\/\/www.sebastien-auziere.fr\/blog\/","logo":{"@type":"ImageObject","inLanguage":"fr-FR","@id":"https:\/\/www.sebastien-auziere.fr\/blog\/#\/schema\/logo\/image\/","url":"https:\/\/www.sebastien-auziere.fr\/blog\/wp-content\/uploads\/2026\/03\/cropped-cropped-cropped-ChatGPT-Image-6-mars-2026-12_58_09-e1772798376794.jpg","contentUrl":"https:\/\/www.sebastien-auziere.fr\/blog\/wp-content\/uploads\/2026\/03\/cropped-cropped-cropped-ChatGPT-Image-6-mars-2026-12_58_09-e1772798376794.jpg","width":512,"height":360,"caption":"Fan site S\u00e9bastien Auzi\u00e8re"},"image":{"@id":"https:\/\/www.sebastien-auziere.fr\/blog\/#\/schema\/logo\/image\/"}},{"@type":"Person","@id":"https:\/\/www.sebastien-auziere.fr\/blog\/#\/schema\/person\/149f1acdbfd85149c6c3e59adeae2f4d","name":"Chloe Gauthier","image":{"@type":"ImageObject","inLanguage":"fr-FR","@id":"https:\/\/secure.gravatar.com\/avatar\/2c5722f58171cff738a8985ef0dd66b476e563753246a49019befc837ec4201a?s=96&d=mm&r=g","url":"https:\/\/secure.gravatar.com\/avatar\/2c5722f58171cff738a8985ef0dd66b476e563753246a49019befc837ec4201a?s=96&d=mm&r=g","contentUrl":"https:\/\/secure.gravatar.com\/avatar\/2c5722f58171cff738a8985ef0dd66b476e563753246a49019befc837ec4201a?s=96&d=mm&r=g","caption":"Chloe Gauthier"},"description":"Passionn\u00e9e par la politique et admiratrice engag\u00e9e de la famille Macron, je consacre mon \u00e9nergie \u00e0 suivre leurs initiatives et \u00e0 promouvoir leurs id\u00e9es. \u00c0 32 ans, je suis convaincue que leur vision est porteuse d'avenir.","url":"https:\/\/www.sebastien-auziere.fr\/blog\/author\/chloe-gauthier\/"}]}},"views":0,"_links":{"self":[{"href":"https:\/\/www.sebastien-auziere.fr\/blog\/wp-json\/wp\/v2\/posts\/3206","targetHints":{"allow":["GET"]}}],"collection":[{"href":"https:\/\/www.sebastien-auziere.fr\/blog\/wp-json\/wp\/v2\/posts"}],"about":[{"href":"https:\/\/www.sebastien-auziere.fr\/blog\/wp-json\/wp\/v2\/types\/post"}],"author":[{"embeddable":true,"href":"https:\/\/www.sebastien-auziere.fr\/blog\/wp-json\/wp\/v2\/users\/9"}],"replies":[{"embeddable":true,"href":"https:\/\/www.sebastien-auziere.fr\/blog\/wp-json\/wp\/v2\/comments?post=3206"}],"version-history":[{"count":1,"href":"https:\/\/www.sebastien-auziere.fr\/blog\/wp-json\/wp\/v2\/posts\/3206\/revisions"}],"predecessor-version":[{"id":3207,"href":"https:\/\/www.sebastien-auziere.fr\/blog\/wp-json\/wp\/v2\/posts\/3206\/revisions\/3207"}],"wp:featuredmedia":[{"embeddable":true,"href":"https:\/\/www.sebastien-auziere.fr\/blog\/wp-json\/wp\/v2\/media\/3200"}],"wp:attachment":[{"href":"https:\/\/www.sebastien-auziere.fr\/blog\/wp-json\/wp\/v2\/media?parent=3206"}],"wp:term":[{"taxonomy":"category","embeddable":true,"href":"https:\/\/www.sebastien-auziere.fr\/blog\/wp-json\/wp\/v2\/categories?post=3206"},{"taxonomy":"post_tag","embeddable":true,"href":"https:\/\/www.sebastien-auziere.fr\/blog\/wp-json\/wp\/v2\/tags?post=3206"}],"curies":[{"name":"wp","href":"https:\/\/api.w.org\/{rel}","templated":true}]}}