{"id":3204,"date":"2026-04-21T07:12:12","date_gmt":"2026-04-21T07:12:12","guid":{"rendered":"https:\/\/www.sebastien-auziere.fr\/blog\/?p=3204"},"modified":"2026-04-21T07:12:38","modified_gmt":"2026-04-21T07:12:38","slug":"jordan-bardella-en-pareja-los-bourbon-de-las-dos-sicilias-preocupados-por-su-hija-maria-carolina","status":"publish","type":"post","link":"https:\/\/www.sebastien-auziere.fr\/blog\/es\/jordan-bardella-en-pareja-los-bourbon-de-las-dos-sicilias-preocupados-por-su-hija-maria-carolina\/","title":{"rendered":"Jordan Bardella en pareja: Los Bourbon de las Dos Sicilias preocupados por su hija Maria Carolina"},"content":{"rendered":"<p><strong>Jordan Bardella<\/strong> confirm\u00f3 su relaci\u00f3n con la princesa <strong>Maria Carolina<\/strong> el <strong>15 de abril de 2026<\/strong>, y ya la <strong>familia Bourbon de las Dos Sicilias<\/strong> expresa serias <strong>preocupaciones<\/strong> por su <strong>hija<\/strong>. Descubrir\u00e1s por qu\u00e9 esta oficializaci\u00f3n, relayada por los medios nacionales, suscita preocupaci\u00f3n entre los allegados y qu\u00e9 impacto puede tener en la <strong>actualidad pol\u00edtica<\/strong>.<\/p>\n\n<p><strong>En resumen<\/strong>: confirmaci\u00f3n p\u00fablica el 15 de abril, fotos detectadas en enero durante una velada del Figaro, temor parental a una sobreexposici\u00f3n si Jordan Bardella se convirtiera en una opci\u00f3n central de la derecha de cara a 2027. Estos elementos plantean la cuesti\u00f3n del papel de la <strong>familia real<\/strong> en una <strong>relaci\u00f3n amorosa<\/strong> expuesta a la vista p\u00fablica.<\/p>\n\n<h2 class=\"wp-block-heading\">Por qu\u00e9 los Bourbon de las Dos Sicilias est\u00e1n preocupados<\/h2>\n\n<p>Seg\u00fan Point de Vue y varios medios, los padres de Maria Carolina, identificados como Charles y Camilla, temen un aumento de la atenci\u00f3n medi\u00e1tica si la temporada electoral se intensifica. Art\u00edculos como el de <a href=\"https:\/\/www.bfmtv.com\/people\/je-suis-tres-heureux-jordan-bardella-officialise-sa-relation-avec-maria-carolina-de-bourbon-des-deux-siciles_AN-202604150890.html\" rel=\"nofollow\">BFMTV<\/a> han difundido la oficializaci\u00f3n, amplificando el debate. El miedo: ver a la joven princesa convertida en un objeto pol\u00edtico en lugar de ser simplemente una compa\u00f1era. Es un riesgo concreto.<\/p>\n\n<h2 class=\"wp-block-heading\">Lo que dice la actualidad sobre la relaci\u00f3n amorosa<\/h2>\n\n<p>Las im\u00e1genes de enero, tomadas en la celebraci\u00f3n de los 200 a\u00f1os del Figaro, ya hab\u00edan alimentado las especulaciones; la reciente entrevista y la confirmaci\u00f3n p\u00fablica han puesto fin a los rumores. Medios como <a href=\"https:\/\/www.gala.fr\/l_actu\/news_de_stars\/jordan-bardella-leve-le-voile-sur-son-couple-avec-maria-carolina-de-bourbon-des-deux-siciles-nous-avons-pris-la-decision-de-ne-plus-nous-cacher-20260415\" rel=\"nofollow\">Gala<\/a> y <a href=\"https:\/\/www.20minutes.fr\/arts-stars\/people\/4218746-20260416-jordan-bardella-couple-bourbon-deux-siciles-inquiets-fille-maria-carolina\" rel=\"nofollow\">20 Minutes<\/a> han detallado los eventos. Esta iluminaci\u00f3n transforma el romance en un tema p\u00fablico, con todas sus implicaciones para la <strong>dinast\u00eda<\/strong>.<\/p>\n\n<h2 class=\"wp-block-heading\">Impacto hist\u00f3rico y comparaciones pol\u00edticas<\/h2>\n\n<p>En Francia, la historia muestra que las compa\u00f1eras de aspirantes al El\u00edseo a menudo est\u00e1n sometidas a una atenci\u00f3n muy brutal: C\u00e9cilia Sarkozy, Val\u00e9rie Trierweiler y Brigitte Macron lo atestiguan. Estos precedentes ilustran lo que la presi\u00f3n medi\u00e1tica puede desencadenar para una <strong>familia real<\/strong> involucrada involuntariamente. Si Bardella gana visibilidad, Maria Carolina corre el riesgo de estar en el centro de un debate donde lo privado y lo p\u00fablico se confunden. Es un problema a largo plazo.<\/p>\n\n<p>Para saber m\u00e1s sobre <strong>S\u00e9bastien Auzi\u00e8re<\/strong> y los lazos familiares que rodean la actualidad pol\u00edtica francesa, descubre dossiers completos y retratos en <a href=\"https:\/\/sebastien-auziere.fr\" rel=\"nofollow\">sebastien-auziere.fr<\/a>. All\u00ed encontrar\u00e1s contextos, fechas y an\u00e1lisis para comprender mejor la onda de choque que puede provocar una relaci\u00f3n amorosa en la c\u00faspide de la arena pol\u00edtica.<\/p>","protected":false},"excerpt":{"rendered":"<p>Jordan Bardella confirm\u00f3 su relaci\u00f3n con la princesa Maria Carolina el 15 de abril de 2026, y ya la familia Bourbon de las Dos Sicilias expresa serias preocupaciones por su hija. Descubrir\u00e1s por qu\u00e9 esta oficializaci\u00f3n, relayada por los medios nacionales, suscita preocupaci\u00f3n entre los allegados y qu\u00e9 impacto puede tener en la actualidad pol\u00edtica. &#8230; <a title=\"Jordan Bardella en pareja: Los Bourbon de las Dos Sicilias preocupados por su hija Maria Carolina\" class=\"read-more\" href=\"https:\/\/www.sebastien-auziere.fr\/blog\/es\/jordan-bardella-en-pareja-los-bourbon-de-las-dos-sicilias-preocupados-por-su-hija-maria-carolina\/\" aria-label=\"En savoir plus sur Jordan Bardella en pareja: Los Bourbon de las Dos Sicilias preocupados por su hija Maria Carolina\">Lire plus<\/a><\/p>\n","protected":false},"author":9,"featured_media":3200,"comment_status":"open","ping_status":"open","sticky":false,"template":"","format":"standard","meta":{"footnotes":""},"categories":[820],"tags":[3759,3762,3765,3768,3771],"class_list":["post-3204","post","type-post","status-publish","format-standard","has-post-thumbnail","hentry","category-actualidades-es","tag-bourbon-de-las-dos-sicilias-es","tag-couple-es","tag-familia-real-es","tag-jordan-bardella-es","tag-maria-carolina-es"],"yoast_head":"<!-- This site is optimized with the Yoast SEO plugin v27.5 - https:\/\/yoast.com\/product\/yoast-seo-wordpress\/ -->\n<title>Jordan Bardella en pareja: Los Bourbon de las Dos Sicilias preocupados por su hija Maria Carolina - Fan site S\u00e9bastien Auzi\u00e8re<\/title>\n<meta name=\"description\" content=\"Jordan Bardella en couple : Les Bourbon des Deux-Siciles s&#039;inqui\u00e8tent pour leur fille Maria Carolina, entre amour et pr\u00e9occupations familiales.\" \/>\n<meta name=\"robots\" content=\"index, follow, max-snippet:-1, max-image-preview:large, max-video-preview:-1\" \/>\n<link rel=\"canonical\" href=\"https:\/\/www.sebastien-auziere.fr\/blog\/es\/jordan-bardella-en-pareja-los-bourbon-de-las-dos-sicilias-preocupados-por-su-hija-maria-carolina\/\" \/>\n<meta property=\"og:locale\" content=\"fr_FR\" \/>\n<meta property=\"og:type\" content=\"article\" \/>\n<meta property=\"og:title\" content=\"Jordan Bardella en pareja: Los Bourbon de las Dos Sicilias preocupados por su hija Maria Carolina - Fan site S\u00e9bastien Auzi\u00e8re\" \/>\n<meta property=\"og:description\" content=\"Jordan Bardella en couple : Les Bourbon des Deux-Siciles s&#039;inqui\u00e8tent pour leur fille Maria Carolina, entre amour et pr\u00e9occupations familiales.\" \/>\n<meta property=\"og:url\" content=\"https:\/\/www.sebastien-auziere.fr\/blog\/es\/jordan-bardella-en-pareja-los-bourbon-de-las-dos-sicilias-preocupados-por-su-hija-maria-carolina\/\" \/>\n<meta property=\"og:site_name\" content=\"Fan site S\u00e9bastien Auzi\u00e8re\" \/>\n<meta property=\"article:published_time\" content=\"2026-04-21T07:12:12+00:00\" \/>\n<meta property=\"article:modified_time\" content=\"2026-04-21T07:12:38+00:00\" \/>\n<meta property=\"og:image\" content=\"https:\/\/www.sebastien-auziere.fr\/blog\/wp-content\/uploads\/2026\/04\/Jordan-Bardella-en-couple-Les-Bourbon-des-Deux-Siciles-preoccupes-pour-leur-fille-Maria-Carolina.jpg\" \/>\n\t<meta property=\"og:image:width\" content=\"2560\" \/>\n\t<meta property=\"og:image:height\" content=\"1429\" \/>\n\t<meta property=\"og:image:type\" content=\"image\/jpeg\" \/>\n<meta name=\"author\" content=\"Chloe Gauthier\" \/>\n<meta name=\"twitter:card\" content=\"summary_large_image\" \/>\n<meta name=\"twitter:label1\" content=\"\u00c9crit par\" \/>\n\t<meta name=\"twitter:data1\" content=\"Chloe Gauthier\" \/>\n\t<meta name=\"twitter:label2\" content=\"Dur\u00e9e de lecture estim\u00e9e\" \/>\n\t<meta name=\"twitter:data2\" content=\"2 minutes\" \/>\n<script type=\"application\/ld+json\" class=\"yoast-schema-graph\">{\"@context\":\"https:\\\/\\\/schema.org\",\"@graph\":[{\"@type\":\"Article\",\"@id\":\"https:\\\/\\\/www.sebastien-auziere.fr\\\/blog\\\/es\\\/jordan-bardella-en-pareja-los-bourbon-de-las-dos-sicilias-preocupados-por-su-hija-maria-carolina\\\/#article\",\"isPartOf\":{\"@id\":\"https:\\\/\\\/www.sebastien-auziere.fr\\\/blog\\\/es\\\/jordan-bardella-en-pareja-los-bourbon-de-las-dos-sicilias-preocupados-por-su-hija-maria-carolina\\\/\"},\"author\":{\"name\":\"Chloe Gauthier\",\"@id\":\"https:\\\/\\\/www.sebastien-auziere.fr\\\/blog\\\/#\\\/schema\\\/person\\\/149f1acdbfd85149c6c3e59adeae2f4d\"},\"headline\":\"Jordan Bardella en pareja: Los Bourbon de las Dos Sicilias preocupados por su hija Maria Carolina\",\"datePublished\":\"2026-04-21T07:12:12+00:00\",\"dateModified\":\"2026-04-21T07:12:38+00:00\",\"mainEntityOfPage\":{\"@id\":\"https:\\\/\\\/www.sebastien-auziere.fr\\\/blog\\\/es\\\/jordan-bardella-en-pareja-los-bourbon-de-las-dos-sicilias-preocupados-por-su-hija-maria-carolina\\\/\"},\"wordCount\":447,\"commentCount\":0,\"publisher\":{\"@id\":\"https:\\\/\\\/www.sebastien-auziere.fr\\\/blog\\\/#organization\"},\"image\":{\"@id\":\"https:\\\/\\\/www.sebastien-auziere.fr\\\/blog\\\/es\\\/jordan-bardella-en-pareja-los-bourbon-de-las-dos-sicilias-preocupados-por-su-hija-maria-carolina\\\/#primaryimage\"},\"thumbnailUrl\":\"https:\\\/\\\/www.sebastien-auziere.fr\\\/blog\\\/wp-content\\\/uploads\\\/2026\\\/04\\\/Jordan-Bardella-en-couple-Les-Bourbon-des-Deux-Siciles-preoccupes-pour-leur-fille-Maria-Carolina.jpg\",\"keywords\":[\"bourbon de las Dos Sicilias\",\"couple\",\"familia real\",\"jordan bardella\",\"maria carolina\"],\"articleSection\":[\"Actualidades\"],\"inLanguage\":\"fr-FR\",\"potentialAction\":[{\"@type\":\"CommentAction\",\"name\":\"Comment\",\"target\":[\"https:\\\/\\\/www.sebastien-auziere.fr\\\/blog\\\/es\\\/jordan-bardella-en-pareja-los-bourbon-de-las-dos-sicilias-preocupados-por-su-hija-maria-carolina\\\/#respond\"]}]},{\"@type\":\"WebPage\",\"@id\":\"https:\\\/\\\/www.sebastien-auziere.fr\\\/blog\\\/es\\\/jordan-bardella-en-pareja-los-bourbon-de-las-dos-sicilias-preocupados-por-su-hija-maria-carolina\\\/\",\"url\":\"https:\\\/\\\/www.sebastien-auziere.fr\\\/blog\\\/es\\\/jordan-bardella-en-pareja-los-bourbon-de-las-dos-sicilias-preocupados-por-su-hija-maria-carolina\\\/\",\"name\":\"Jordan Bardella en pareja: Los Bourbon de las Dos Sicilias preocupados por su hija Maria Carolina - Fan site S\u00e9bastien Auzi\u00e8re\",\"isPartOf\":{\"@id\":\"https:\\\/\\\/www.sebastien-auziere.fr\\\/blog\\\/#website\"},\"primaryImageOfPage\":{\"@id\":\"https:\\\/\\\/www.sebastien-auziere.fr\\\/blog\\\/es\\\/jordan-bardella-en-pareja-los-bourbon-de-las-dos-sicilias-preocupados-por-su-hija-maria-carolina\\\/#primaryimage\"},\"image\":{\"@id\":\"https:\\\/\\\/www.sebastien-auziere.fr\\\/blog\\\/es\\\/jordan-bardella-en-pareja-los-bourbon-de-las-dos-sicilias-preocupados-por-su-hija-maria-carolina\\\/#primaryimage\"},\"thumbnailUrl\":\"https:\\\/\\\/www.sebastien-auziere.fr\\\/blog\\\/wp-content\\\/uploads\\\/2026\\\/04\\\/Jordan-Bardella-en-couple-Les-Bourbon-des-Deux-Siciles-preoccupes-pour-leur-fille-Maria-Carolina.jpg\",\"datePublished\":\"2026-04-21T07:12:12+00:00\",\"dateModified\":\"2026-04-21T07:12:38+00:00\",\"description\":\"Jordan Bardella en couple : Les Bourbon des Deux-Siciles s'inqui\u00e8tent pour leur fille Maria Carolina, entre amour et pr\u00e9occupations familiales.\",\"breadcrumb\":{\"@id\":\"https:\\\/\\\/www.sebastien-auziere.fr\\\/blog\\\/es\\\/jordan-bardella-en-pareja-los-bourbon-de-las-dos-sicilias-preocupados-por-su-hija-maria-carolina\\\/#breadcrumb\"},\"inLanguage\":\"fr-FR\",\"potentialAction\":[{\"@type\":\"ReadAction\",\"target\":[\"https:\\\/\\\/www.sebastien-auziere.fr\\\/blog\\\/es\\\/jordan-bardella-en-pareja-los-bourbon-de-las-dos-sicilias-preocupados-por-su-hija-maria-carolina\\\/\"]}]},{\"@type\":\"ImageObject\",\"inLanguage\":\"fr-FR\",\"@id\":\"https:\\\/\\\/www.sebastien-auziere.fr\\\/blog\\\/es\\\/jordan-bardella-en-pareja-los-bourbon-de-las-dos-sicilias-preocupados-por-su-hija-maria-carolina\\\/#primaryimage\",\"url\":\"https:\\\/\\\/www.sebastien-auziere.fr\\\/blog\\\/wp-content\\\/uploads\\\/2026\\\/04\\\/Jordan-Bardella-en-couple-Les-Bourbon-des-Deux-Siciles-preoccupes-pour-leur-fille-Maria-Carolina.jpg\",\"contentUrl\":\"https:\\\/\\\/www.sebastien-auziere.fr\\\/blog\\\/wp-content\\\/uploads\\\/2026\\\/04\\\/Jordan-Bardella-en-couple-Les-Bourbon-des-Deux-Siciles-preoccupes-pour-leur-fille-Maria-Carolina.jpg\",\"width\":2560,\"height\":1429,\"caption\":\"d\u00e9couvrez les inqui\u00e9tudes des bourbon des deux-siciles pour leur fille maria carolina, en couple avec jordan bardella. une histoire m\u00ealant h\u00e9ritage et amour moderne.\"},{\"@type\":\"BreadcrumbList\",\"@id\":\"https:\\\/\\\/www.sebastien-auziere.fr\\\/blog\\\/es\\\/jordan-bardella-en-pareja-los-bourbon-de-las-dos-sicilias-preocupados-por-su-hija-maria-carolina\\\/#breadcrumb\",\"itemListElement\":[{\"@type\":\"ListItem\",\"position\":1,\"name\":\"Home\",\"item\":\"https:\\\/\\\/www.sebastien-auziere.fr\\\/blog\\\/\"},{\"@type\":\"ListItem\",\"position\":2,\"name\":\"Jordan Bardella en pareja: Los Bourbon de las Dos Sicilias preocupados por su hija Maria Carolina\"}]},{\"@type\":\"WebSite\",\"@id\":\"https:\\\/\\\/www.sebastien-auziere.fr\\\/blog\\\/#website\",\"url\":\"https:\\\/\\\/www.sebastien-auziere.fr\\\/blog\\\/\",\"name\":\"Fan site S\u00e9bastien Auzi\u00e8re\",\"description\":\"M\u00e9dia g\u00e9n\u00e9raliste\",\"publisher\":{\"@id\":\"https:\\\/\\\/www.sebastien-auziere.fr\\\/blog\\\/#organization\"},\"potentialAction\":[{\"@type\":\"SearchAction\",\"target\":{\"@type\":\"EntryPoint\",\"urlTemplate\":\"https:\\\/\\\/www.sebastien-auziere.fr\\\/blog\\\/?s={search_term_string}\"},\"query-input\":{\"@type\":\"PropertyValueSpecification\",\"valueRequired\":true,\"valueName\":\"search_term_string\"}}],\"inLanguage\":\"fr-FR\"},{\"@type\":\"Organization\",\"@id\":\"https:\\\/\\\/www.sebastien-auziere.fr\\\/blog\\\/#organization\",\"name\":\"Fan site S\u00e9bastien Auzi\u00e8re\",\"url\":\"https:\\\/\\\/www.sebastien-auziere.fr\\\/blog\\\/\",\"logo\":{\"@type\":\"ImageObject\",\"inLanguage\":\"fr-FR\",\"@id\":\"https:\\\/\\\/www.sebastien-auziere.fr\\\/blog\\\/#\\\/schema\\\/logo\\\/image\\\/\",\"url\":\"https:\\\/\\\/www.sebastien-auziere.fr\\\/blog\\\/wp-content\\\/uploads\\\/2026\\\/03\\\/cropped-cropped-cropped-ChatGPT-Image-6-mars-2026-12_58_09-e1772798376794.jpg\",\"contentUrl\":\"https:\\\/\\\/www.sebastien-auziere.fr\\\/blog\\\/wp-content\\\/uploads\\\/2026\\\/03\\\/cropped-cropped-cropped-ChatGPT-Image-6-mars-2026-12_58_09-e1772798376794.jpg\",\"width\":512,\"height\":360,\"caption\":\"Fan site S\u00e9bastien Auzi\u00e8re\"},\"image\":{\"@id\":\"https:\\\/\\\/www.sebastien-auziere.fr\\\/blog\\\/#\\\/schema\\\/logo\\\/image\\\/\"}},{\"@type\":\"Person\",\"@id\":\"https:\\\/\\\/www.sebastien-auziere.fr\\\/blog\\\/#\\\/schema\\\/person\\\/149f1acdbfd85149c6c3e59adeae2f4d\",\"name\":\"Chloe Gauthier\",\"image\":{\"@type\":\"ImageObject\",\"inLanguage\":\"fr-FR\",\"@id\":\"https:\\\/\\\/secure.gravatar.com\\\/avatar\\\/2c5722f58171cff738a8985ef0dd66b476e563753246a49019befc837ec4201a?s=96&d=mm&r=g\",\"url\":\"https:\\\/\\\/secure.gravatar.com\\\/avatar\\\/2c5722f58171cff738a8985ef0dd66b476e563753246a49019befc837ec4201a?s=96&d=mm&r=g\",\"contentUrl\":\"https:\\\/\\\/secure.gravatar.com\\\/avatar\\\/2c5722f58171cff738a8985ef0dd66b476e563753246a49019befc837ec4201a?s=96&d=mm&r=g\",\"caption\":\"Chloe Gauthier\"},\"description\":\"Passionn\u00e9e par la politique et admiratrice engag\u00e9e de la famille Macron, je consacre mon \u00e9nergie \u00e0 suivre leurs initiatives et \u00e0 promouvoir leurs id\u00e9es. \u00c0 32 ans, je suis convaincue que leur vision est porteuse d'avenir.\",\"url\":\"https:\\\/\\\/www.sebastien-auziere.fr\\\/blog\\\/author\\\/chloe-gauthier\\\/\"}]}<\/script>\n<!-- \/ Yoast SEO plugin. -->","yoast_head_json":{"title":"Jordan Bardella en pareja: Los Bourbon de las Dos Sicilias preocupados por su hija Maria Carolina - Fan site S\u00e9bastien Auzi\u00e8re","description":"Jordan Bardella en couple : Les Bourbon des Deux-Siciles s'inqui\u00e8tent pour leur fille Maria Carolina, entre amour et pr\u00e9occupations familiales.","robots":{"index":"index","follow":"follow","max-snippet":"max-snippet:-1","max-image-preview":"max-image-preview:large","max-video-preview":"max-video-preview:-1"},"canonical":"https:\/\/www.sebastien-auziere.fr\/blog\/es\/jordan-bardella-en-pareja-los-bourbon-de-las-dos-sicilias-preocupados-por-su-hija-maria-carolina\/","og_locale":"fr_FR","og_type":"article","og_title":"Jordan Bardella en pareja: Los Bourbon de las Dos Sicilias preocupados por su hija Maria Carolina - Fan site S\u00e9bastien Auzi\u00e8re","og_description":"Jordan Bardella en couple : Les Bourbon des Deux-Siciles s'inqui\u00e8tent pour leur fille Maria Carolina, entre amour et pr\u00e9occupations familiales.","og_url":"https:\/\/www.sebastien-auziere.fr\/blog\/es\/jordan-bardella-en-pareja-los-bourbon-de-las-dos-sicilias-preocupados-por-su-hija-maria-carolina\/","og_site_name":"Fan site S\u00e9bastien Auzi\u00e8re","article_published_time":"2026-04-21T07:12:12+00:00","article_modified_time":"2026-04-21T07:12:38+00:00","og_image":[{"width":2560,"height":1429,"url":"https:\/\/www.sebastien-auziere.fr\/blog\/wp-content\/uploads\/2026\/04\/Jordan-Bardella-en-couple-Les-Bourbon-des-Deux-Siciles-preoccupes-pour-leur-fille-Maria-Carolina.jpg","type":"image\/jpeg"}],"author":"Chloe Gauthier","twitter_card":"summary_large_image","twitter_misc":{"\u00c9crit par":"Chloe Gauthier","Dur\u00e9e de lecture estim\u00e9e":"2 minutes"},"schema":{"@context":"https:\/\/schema.org","@graph":[{"@type":"Article","@id":"https:\/\/www.sebastien-auziere.fr\/blog\/es\/jordan-bardella-en-pareja-los-bourbon-de-las-dos-sicilias-preocupados-por-su-hija-maria-carolina\/#article","isPartOf":{"@id":"https:\/\/www.sebastien-auziere.fr\/blog\/es\/jordan-bardella-en-pareja-los-bourbon-de-las-dos-sicilias-preocupados-por-su-hija-maria-carolina\/"},"author":{"name":"Chloe Gauthier","@id":"https:\/\/www.sebastien-auziere.fr\/blog\/#\/schema\/person\/149f1acdbfd85149c6c3e59adeae2f4d"},"headline":"Jordan Bardella en pareja: Los Bourbon de las Dos Sicilias preocupados por su hija Maria Carolina","datePublished":"2026-04-21T07:12:12+00:00","dateModified":"2026-04-21T07:12:38+00:00","mainEntityOfPage":{"@id":"https:\/\/www.sebastien-auziere.fr\/blog\/es\/jordan-bardella-en-pareja-los-bourbon-de-las-dos-sicilias-preocupados-por-su-hija-maria-carolina\/"},"wordCount":447,"commentCount":0,"publisher":{"@id":"https:\/\/www.sebastien-auziere.fr\/blog\/#organization"},"image":{"@id":"https:\/\/www.sebastien-auziere.fr\/blog\/es\/jordan-bardella-en-pareja-los-bourbon-de-las-dos-sicilias-preocupados-por-su-hija-maria-carolina\/#primaryimage"},"thumbnailUrl":"https:\/\/www.sebastien-auziere.fr\/blog\/wp-content\/uploads\/2026\/04\/Jordan-Bardella-en-couple-Les-Bourbon-des-Deux-Siciles-preoccupes-pour-leur-fille-Maria-Carolina.jpg","keywords":["bourbon de las Dos Sicilias","couple","familia real","jordan bardella","maria carolina"],"articleSection":["Actualidades"],"inLanguage":"fr-FR","potentialAction":[{"@type":"CommentAction","name":"Comment","target":["https:\/\/www.sebastien-auziere.fr\/blog\/es\/jordan-bardella-en-pareja-los-bourbon-de-las-dos-sicilias-preocupados-por-su-hija-maria-carolina\/#respond"]}]},{"@type":"WebPage","@id":"https:\/\/www.sebastien-auziere.fr\/blog\/es\/jordan-bardella-en-pareja-los-bourbon-de-las-dos-sicilias-preocupados-por-su-hija-maria-carolina\/","url":"https:\/\/www.sebastien-auziere.fr\/blog\/es\/jordan-bardella-en-pareja-los-bourbon-de-las-dos-sicilias-preocupados-por-su-hija-maria-carolina\/","name":"Jordan Bardella en pareja: Los Bourbon de las Dos Sicilias preocupados por su hija Maria Carolina - Fan site S\u00e9bastien Auzi\u00e8re","isPartOf":{"@id":"https:\/\/www.sebastien-auziere.fr\/blog\/#website"},"primaryImageOfPage":{"@id":"https:\/\/www.sebastien-auziere.fr\/blog\/es\/jordan-bardella-en-pareja-los-bourbon-de-las-dos-sicilias-preocupados-por-su-hija-maria-carolina\/#primaryimage"},"image":{"@id":"https:\/\/www.sebastien-auziere.fr\/blog\/es\/jordan-bardella-en-pareja-los-bourbon-de-las-dos-sicilias-preocupados-por-su-hija-maria-carolina\/#primaryimage"},"thumbnailUrl":"https:\/\/www.sebastien-auziere.fr\/blog\/wp-content\/uploads\/2026\/04\/Jordan-Bardella-en-couple-Les-Bourbon-des-Deux-Siciles-preoccupes-pour-leur-fille-Maria-Carolina.jpg","datePublished":"2026-04-21T07:12:12+00:00","dateModified":"2026-04-21T07:12:38+00:00","description":"Jordan Bardella en couple : Les Bourbon des Deux-Siciles s'inqui\u00e8tent pour leur fille Maria Carolina, entre amour et pr\u00e9occupations familiales.","breadcrumb":{"@id":"https:\/\/www.sebastien-auziere.fr\/blog\/es\/jordan-bardella-en-pareja-los-bourbon-de-las-dos-sicilias-preocupados-por-su-hija-maria-carolina\/#breadcrumb"},"inLanguage":"fr-FR","potentialAction":[{"@type":"ReadAction","target":["https:\/\/www.sebastien-auziere.fr\/blog\/es\/jordan-bardella-en-pareja-los-bourbon-de-las-dos-sicilias-preocupados-por-su-hija-maria-carolina\/"]}]},{"@type":"ImageObject","inLanguage":"fr-FR","@id":"https:\/\/www.sebastien-auziere.fr\/blog\/es\/jordan-bardella-en-pareja-los-bourbon-de-las-dos-sicilias-preocupados-por-su-hija-maria-carolina\/#primaryimage","url":"https:\/\/www.sebastien-auziere.fr\/blog\/wp-content\/uploads\/2026\/04\/Jordan-Bardella-en-couple-Les-Bourbon-des-Deux-Siciles-preoccupes-pour-leur-fille-Maria-Carolina.jpg","contentUrl":"https:\/\/www.sebastien-auziere.fr\/blog\/wp-content\/uploads\/2026\/04\/Jordan-Bardella-en-couple-Les-Bourbon-des-Deux-Siciles-preoccupes-pour-leur-fille-Maria-Carolina.jpg","width":2560,"height":1429,"caption":"d\u00e9couvrez les inqui\u00e9tudes des bourbon des deux-siciles pour leur fille maria carolina, en couple avec jordan bardella. une histoire m\u00ealant h\u00e9ritage et amour moderne."},{"@type":"BreadcrumbList","@id":"https:\/\/www.sebastien-auziere.fr\/blog\/es\/jordan-bardella-en-pareja-los-bourbon-de-las-dos-sicilias-preocupados-por-su-hija-maria-carolina\/#breadcrumb","itemListElement":[{"@type":"ListItem","position":1,"name":"Home","item":"https:\/\/www.sebastien-auziere.fr\/blog\/"},{"@type":"ListItem","position":2,"name":"Jordan Bardella en pareja: Los Bourbon de las Dos Sicilias preocupados por su hija Maria Carolina"}]},{"@type":"WebSite","@id":"https:\/\/www.sebastien-auziere.fr\/blog\/#website","url":"https:\/\/www.sebastien-auziere.fr\/blog\/","name":"Fan site S\u00e9bastien Auzi\u00e8re","description":"M\u00e9dia g\u00e9n\u00e9raliste","publisher":{"@id":"https:\/\/www.sebastien-auziere.fr\/blog\/#organization"},"potentialAction":[{"@type":"SearchAction","target":{"@type":"EntryPoint","urlTemplate":"https:\/\/www.sebastien-auziere.fr\/blog\/?s={search_term_string}"},"query-input":{"@type":"PropertyValueSpecification","valueRequired":true,"valueName":"search_term_string"}}],"inLanguage":"fr-FR"},{"@type":"Organization","@id":"https:\/\/www.sebastien-auziere.fr\/blog\/#organization","name":"Fan site S\u00e9bastien Auzi\u00e8re","url":"https:\/\/www.sebastien-auziere.fr\/blog\/","logo":{"@type":"ImageObject","inLanguage":"fr-FR","@id":"https:\/\/www.sebastien-auziere.fr\/blog\/#\/schema\/logo\/image\/","url":"https:\/\/www.sebastien-auziere.fr\/blog\/wp-content\/uploads\/2026\/03\/cropped-cropped-cropped-ChatGPT-Image-6-mars-2026-12_58_09-e1772798376794.jpg","contentUrl":"https:\/\/www.sebastien-auziere.fr\/blog\/wp-content\/uploads\/2026\/03\/cropped-cropped-cropped-ChatGPT-Image-6-mars-2026-12_58_09-e1772798376794.jpg","width":512,"height":360,"caption":"Fan site S\u00e9bastien Auzi\u00e8re"},"image":{"@id":"https:\/\/www.sebastien-auziere.fr\/blog\/#\/schema\/logo\/image\/"}},{"@type":"Person","@id":"https:\/\/www.sebastien-auziere.fr\/blog\/#\/schema\/person\/149f1acdbfd85149c6c3e59adeae2f4d","name":"Chloe Gauthier","image":{"@type":"ImageObject","inLanguage":"fr-FR","@id":"https:\/\/secure.gravatar.com\/avatar\/2c5722f58171cff738a8985ef0dd66b476e563753246a49019befc837ec4201a?s=96&d=mm&r=g","url":"https:\/\/secure.gravatar.com\/avatar\/2c5722f58171cff738a8985ef0dd66b476e563753246a49019befc837ec4201a?s=96&d=mm&r=g","contentUrl":"https:\/\/secure.gravatar.com\/avatar\/2c5722f58171cff738a8985ef0dd66b476e563753246a49019befc837ec4201a?s=96&d=mm&r=g","caption":"Chloe Gauthier"},"description":"Passionn\u00e9e par la politique et admiratrice engag\u00e9e de la famille Macron, je consacre mon \u00e9nergie \u00e0 suivre leurs initiatives et \u00e0 promouvoir leurs id\u00e9es. \u00c0 32 ans, je suis convaincue que leur vision est porteuse d'avenir.","url":"https:\/\/www.sebastien-auziere.fr\/blog\/author\/chloe-gauthier\/"}]}},"views":0,"_links":{"self":[{"href":"https:\/\/www.sebastien-auziere.fr\/blog\/wp-json\/wp\/v2\/posts\/3204","targetHints":{"allow":["GET"]}}],"collection":[{"href":"https:\/\/www.sebastien-auziere.fr\/blog\/wp-json\/wp\/v2\/posts"}],"about":[{"href":"https:\/\/www.sebastien-auziere.fr\/blog\/wp-json\/wp\/v2\/types\/post"}],"author":[{"embeddable":true,"href":"https:\/\/www.sebastien-auziere.fr\/blog\/wp-json\/wp\/v2\/users\/9"}],"replies":[{"embeddable":true,"href":"https:\/\/www.sebastien-auziere.fr\/blog\/wp-json\/wp\/v2\/comments?post=3204"}],"version-history":[{"count":1,"href":"https:\/\/www.sebastien-auziere.fr\/blog\/wp-json\/wp\/v2\/posts\/3204\/revisions"}],"predecessor-version":[{"id":3205,"href":"https:\/\/www.sebastien-auziere.fr\/blog\/wp-json\/wp\/v2\/posts\/3204\/revisions\/3205"}],"wp:featuredmedia":[{"embeddable":true,"href":"https:\/\/www.sebastien-auziere.fr\/blog\/wp-json\/wp\/v2\/media\/3200"}],"wp:attachment":[{"href":"https:\/\/www.sebastien-auziere.fr\/blog\/wp-json\/wp\/v2\/media?parent=3204"}],"wp:term":[{"taxonomy":"category","embeddable":true,"href":"https:\/\/www.sebastien-auziere.fr\/blog\/wp-json\/wp\/v2\/categories?post=3204"},{"taxonomy":"post_tag","embeddable":true,"href":"https:\/\/www.sebastien-auziere.fr\/blog\/wp-json\/wp\/v2\/tags?post=3204"}],"curies":[{"name":"wp","href":"https:\/\/api.w.org\/{rel}","templated":true}]}}