{"id":3201,"date":"2026-04-21T07:11:44","date_gmt":"2026-04-21T07:11:44","guid":{"rendered":"https:\/\/www.sebastien-auziere.fr\/blog\/jordan-bardella-bourbon-siciles\/"},"modified":"2026-04-21T07:11:44","modified_gmt":"2026-04-21T07:11:44","slug":"jordan-bardella-bourbon-siciles","status":"publish","type":"post","link":"https:\/\/www.sebastien-auziere.fr\/blog\/jordan-bardella-bourbon-siciles\/","title":{"rendered":"Jordan Bardella en couple : Les Bourbon des Deux-Siciles pr\u00e9occup\u00e9s pour leur fille Maria Carolina"},"content":{"rendered":"<p><strong>Jordan Bardella<\/strong> a confirm\u00e9 sa relation avec la princesse <strong>Maria Carolina<\/strong> le <strong>15 avril 2026<\/strong>, et d\u00e9j\u00e0 la <strong>famille Bourbon des Deux-Siciles<\/strong> exprime de vives <strong>pr\u00e9occupations<\/strong> pour leur <strong>fille<\/strong>. Tu vas d\u00e9couvrir pourquoi cette officialisation, relay\u00e9e par les titres nationaux, suscite inqui\u00e9tude chez les proches et quel impact cela peut avoir sur l\u2019<strong>actualit\u00e9 politique<\/strong>.<\/p>\n\n<p><strong>En bref<\/strong> : confirmation publique le 15 avril, photos rep\u00e9r\u00e9es en janvier lors d\u2019une soir\u00e9e du Figaro, crainte parentale d\u2019une surexposition si Jordan Bardella devenait un choix central de la droite en vue de 2027. Ces \u00e9l\u00e9ments posent la question du r\u00f4le de la <strong>famille royale<\/strong> dans une <strong>relation amoureuse<\/strong> expos\u00e9e au grand jour.<\/p>\n\n<h2 class=\"wp-block-heading\">Pourquoi les Bourbon des Deux-Siciles sont inquiets<\/h2>\n\n<p>Selon Point de Vue et plusieurs m\u00e9dias, les parents de Maria Carolina, identifi\u00e9s comme Charles et Camilla, redoutent un battage m\u00e9diatique accru si la p\u00e9riode \u00e9lectorale s\u2019intensifie. Des articles comme celui de <a href=\"https:\/\/www.bfmtv.com\/people\/je-suis-tres-heureux-jordan-bardella-officialise-sa-relation-avec-maria-carolina-de-bourbon-des-deux-siciles_AN-202604150890.html\" rel=\"nofollow\">BFMTV<\/a> ont relay\u00e9 l\u2019officialisation, amplifiant le d\u00e9bat. La peur : voir la jeune princesse transform\u00e9e en enjeu politique plut\u00f4t qu\u2019en simple compagne. C\u2019est un risque concret.<\/p>\n\n<h2 class=\"wp-block-heading\">Ce que dit l\u2019actualit\u00e9 sur la relation amoureuse<\/h2>\n\n<p>Les clich\u00e9s de janvier, pris \u00e0 la soir\u00e9e des 200 ans du Figaro, avaient d\u00e9j\u00e0 aliment\u00e9 les sp\u00e9culations; la r\u00e9cente interview et la confirmation publique ont mis fin aux rumeurs. Des m\u00e9dias comme <a href=\"https:\/\/www.gala.fr\/l_actu\/news_de_stars\/jordan-bardella-leve-le-voile-sur-son-couple-avec-maria-carolina-de-bourbon-des-deux-siciles-nous-avons-pris-la-decision-de-ne-plus-nous-cacher-20260415\" rel=\"nofollow\">Gala<\/a> et <a href=\"https:\/\/www.20minutes.fr\/arts-stars\/people\/4218746-20260416-jordan-bardella-couple-bourbon-deux-siciles-inquiets-fille-maria-carolina\" rel=\"nofollow\">20 Minutes<\/a> ont d\u00e9taill\u00e9 les \u00e9v\u00e9nements. Cette mise en lumi\u00e8re transforme la romance en sujet public, avec toutes ses implications pour la <strong>dynastie<\/strong>.<\/p>\n\n<h2 class=\"wp-block-heading\">Impact historique et comparaisons politiques<\/h2>\n\n<p>En France, l\u2019histoire montre que les compagnes de pr\u00e9tendants \u00e0 l\u2019\u00c9lys\u00e9e sont souvent soumises \u00e0 une attention tr\u00e8s crue: C\u00e9cilia Sarkozy, Val\u00e9rie Trierweiler et Brigitte Macron en attestent. Ces pr\u00e9c\u00e9dents illustrent ce que la pression m\u00e9diatique peut d\u00e9clencher pour une <strong>famille royale<\/strong> engag\u00e9e malgr\u00e9 elle. Si Bardella gagne en visibilit\u00e9, Maria Carolina risque d\u2019\u00eatre au c\u0153ur d\u2019un d\u00e9bat o\u00f9 priv\u00e9 et public se confondent. C\u2019est un enjeu de long terme.<\/p>\n\n<p>Pour en savoir plus sur <strong>S\u00e9bastien Auzi\u00e8re<\/strong> et les liens familiaux qui entourent l\u2019actu politique fran\u00e7aise, d\u00e9couvre des dossiers complets et des portraits sur <a href=\"https:\/\/sebastien-auziere.fr\" rel=\"nofollow\">sebastien-auziere.fr<\/a>. Tu y trouveras contextes, dates et analyses pour mieux comprendre l\u2019onde de choc que peut provoquer une relation amoureuse au sommet de l\u2019ar\u00e8ne politique.<\/p>\n\n","protected":false},"excerpt":{"rendered":"<p>Jordan Bardella a confirm\u00e9 sa relation avec la princesse Maria Carolina le 15 avril 2026, et d\u00e9j\u00e0 la famille Bourbon des Deux-Siciles exprime de vives pr\u00e9occupations pour leur fille. Tu vas d\u00e9couvrir pourquoi cette officialisation, relay\u00e9e par les titres nationaux, suscite inqui\u00e9tude chez les proches et quel impact cela peut avoir sur l\u2019actualit\u00e9 politique. En &#8230; <a title=\"Jordan Bardella en couple : Les Bourbon des Deux-Siciles pr\u00e9occup\u00e9s pour leur fille Maria Carolina\" class=\"read-more\" href=\"https:\/\/www.sebastien-auziere.fr\/blog\/jordan-bardella-bourbon-siciles\/\" aria-label=\"En savoir plus sur Jordan Bardella en couple : Les Bourbon des Deux-Siciles pr\u00e9occup\u00e9s pour leur fille Maria Carolina\">Lire plus<\/a><\/p>\n","protected":false},"author":9,"featured_media":3200,"comment_status":"open","ping_status":"open","sticky":false,"template":"","format":"standard","meta":{"footnotes":""},"categories":[597],"tags":[3737,3735,3741,3733,3739],"class_list":["post-3201","post","type-post","status-publish","format-standard","has-post-thumbnail","hentry","category-actualites","tag-bourbon-des-deux-siciles","tag-couple","tag-famille-royale","tag-jordan-bardella","tag-maria-carolina"],"yoast_head":"<!-- This site is optimized with the Yoast SEO plugin v27.5 - https:\/\/yoast.com\/product\/yoast-seo-wordpress\/ -->\n<title>Jordan Bardella en couple : Les Bourbon des Deux-Siciles pr\u00e9occup\u00e9s pour leur fille Maria Carolina - Fan site S\u00e9bastien Auzi\u00e8re<\/title>\n<meta name=\"description\" content=\"Jordan Bardella en couple : Les Bourbon des Deux-Siciles s&#039;inqui\u00e8tent pour leur fille Maria Carolina, entre amour et pr\u00e9occupations familiales.\" \/>\n<meta name=\"robots\" content=\"index, follow, max-snippet:-1, max-image-preview:large, max-video-preview:-1\" \/>\n<link rel=\"canonical\" href=\"https:\/\/www.sebastien-auziere.fr\/blog\/jordan-bardella-bourbon-siciles\/\" \/>\n<meta property=\"og:locale\" content=\"fr_FR\" \/>\n<meta property=\"og:type\" content=\"article\" \/>\n<meta property=\"og:title\" content=\"Jordan Bardella en couple : Les Bourbon des Deux-Siciles pr\u00e9occup\u00e9s pour leur fille Maria Carolina - Fan site S\u00e9bastien Auzi\u00e8re\" \/>\n<meta property=\"og:description\" content=\"Jordan Bardella en couple : Les Bourbon des Deux-Siciles s&#039;inqui\u00e8tent pour leur fille Maria Carolina, entre amour et pr\u00e9occupations familiales.\" \/>\n<meta property=\"og:url\" content=\"https:\/\/www.sebastien-auziere.fr\/blog\/jordan-bardella-bourbon-siciles\/\" \/>\n<meta property=\"og:site_name\" content=\"Fan site S\u00e9bastien Auzi\u00e8re\" \/>\n<meta property=\"article:published_time\" content=\"2026-04-21T07:11:44+00:00\" \/>\n<meta property=\"og:image\" content=\"https:\/\/www.sebastien-auziere.fr\/blog\/wp-content\/uploads\/2026\/04\/Jordan-Bardella-en-couple-Les-Bourbon-des-Deux-Siciles-preoccupes-pour-leur-fille-Maria-Carolina.jpg\" \/>\n\t<meta property=\"og:image:width\" content=\"2560\" \/>\n\t<meta property=\"og:image:height\" content=\"1429\" \/>\n\t<meta property=\"og:image:type\" content=\"image\/jpeg\" \/>\n<meta name=\"author\" content=\"Chloe Gauthier\" \/>\n<meta name=\"twitter:card\" content=\"summary_large_image\" \/>\n<meta name=\"twitter:label1\" content=\"\u00c9crit par\" \/>\n\t<meta name=\"twitter:data1\" content=\"Chloe Gauthier\" \/>\n\t<meta name=\"twitter:label2\" content=\"Dur\u00e9e de lecture estim\u00e9e\" \/>\n\t<meta name=\"twitter:data2\" content=\"2 minutes\" \/>\n<script type=\"application\/ld+json\" class=\"yoast-schema-graph\">{\"@context\":\"https:\\\/\\\/schema.org\",\"@graph\":[{\"@type\":\"Article\",\"@id\":\"https:\\\/\\\/www.sebastien-auziere.fr\\\/blog\\\/jordan-bardella-bourbon-siciles\\\/#article\",\"isPartOf\":{\"@id\":\"https:\\\/\\\/www.sebastien-auziere.fr\\\/blog\\\/jordan-bardella-bourbon-siciles\\\/\"},\"author\":{\"name\":\"Chloe Gauthier\",\"@id\":\"https:\\\/\\\/www.sebastien-auziere.fr\\\/blog\\\/#\\\/schema\\\/person\\\/149f1acdbfd85149c6c3e59adeae2f4d\"},\"headline\":\"Jordan Bardella en couple : Les Bourbon des Deux-Siciles pr\u00e9occup\u00e9s pour leur fille Maria Carolina\",\"datePublished\":\"2026-04-21T07:11:44+00:00\",\"mainEntityOfPage\":{\"@id\":\"https:\\\/\\\/www.sebastien-auziere.fr\\\/blog\\\/jordan-bardella-bourbon-siciles\\\/\"},\"wordCount\":429,\"commentCount\":0,\"publisher\":{\"@id\":\"https:\\\/\\\/www.sebastien-auziere.fr\\\/blog\\\/#organization\"},\"image\":{\"@id\":\"https:\\\/\\\/www.sebastien-auziere.fr\\\/blog\\\/jordan-bardella-bourbon-siciles\\\/#primaryimage\"},\"thumbnailUrl\":\"https:\\\/\\\/www.sebastien-auziere.fr\\\/blog\\\/wp-content\\\/uploads\\\/2026\\\/04\\\/Jordan-Bardella-en-couple-Les-Bourbon-des-Deux-Siciles-preoccupes-pour-leur-fille-Maria-Carolina.jpg\",\"keywords\":[\"bourbon des deux-siciles\",\"couple\",\"famille royale\",\"jordan bardella\",\"maria carolina\"],\"articleSection\":[\"Actualit\u00e9s\"],\"inLanguage\":\"fr-FR\",\"potentialAction\":[{\"@type\":\"CommentAction\",\"name\":\"Comment\",\"target\":[\"https:\\\/\\\/www.sebastien-auziere.fr\\\/blog\\\/jordan-bardella-bourbon-siciles\\\/#respond\"]}]},{\"@type\":\"WebPage\",\"@id\":\"https:\\\/\\\/www.sebastien-auziere.fr\\\/blog\\\/jordan-bardella-bourbon-siciles\\\/\",\"url\":\"https:\\\/\\\/www.sebastien-auziere.fr\\\/blog\\\/jordan-bardella-bourbon-siciles\\\/\",\"name\":\"Jordan Bardella en couple : Les Bourbon des Deux-Siciles pr\u00e9occup\u00e9s pour leur fille Maria Carolina - Fan site S\u00e9bastien Auzi\u00e8re\",\"isPartOf\":{\"@id\":\"https:\\\/\\\/www.sebastien-auziere.fr\\\/blog\\\/#website\"},\"primaryImageOfPage\":{\"@id\":\"https:\\\/\\\/www.sebastien-auziere.fr\\\/blog\\\/jordan-bardella-bourbon-siciles\\\/#primaryimage\"},\"image\":{\"@id\":\"https:\\\/\\\/www.sebastien-auziere.fr\\\/blog\\\/jordan-bardella-bourbon-siciles\\\/#primaryimage\"},\"thumbnailUrl\":\"https:\\\/\\\/www.sebastien-auziere.fr\\\/blog\\\/wp-content\\\/uploads\\\/2026\\\/04\\\/Jordan-Bardella-en-couple-Les-Bourbon-des-Deux-Siciles-preoccupes-pour-leur-fille-Maria-Carolina.jpg\",\"datePublished\":\"2026-04-21T07:11:44+00:00\",\"description\":\"Jordan Bardella en couple : Les Bourbon des Deux-Siciles s'inqui\u00e8tent pour leur fille Maria Carolina, entre amour et pr\u00e9occupations familiales.\",\"breadcrumb\":{\"@id\":\"https:\\\/\\\/www.sebastien-auziere.fr\\\/blog\\\/jordan-bardella-bourbon-siciles\\\/#breadcrumb\"},\"inLanguage\":\"fr-FR\",\"potentialAction\":[{\"@type\":\"ReadAction\",\"target\":[\"https:\\\/\\\/www.sebastien-auziere.fr\\\/blog\\\/jordan-bardella-bourbon-siciles\\\/\"]}]},{\"@type\":\"ImageObject\",\"inLanguage\":\"fr-FR\",\"@id\":\"https:\\\/\\\/www.sebastien-auziere.fr\\\/blog\\\/jordan-bardella-bourbon-siciles\\\/#primaryimage\",\"url\":\"https:\\\/\\\/www.sebastien-auziere.fr\\\/blog\\\/wp-content\\\/uploads\\\/2026\\\/04\\\/Jordan-Bardella-en-couple-Les-Bourbon-des-Deux-Siciles-preoccupes-pour-leur-fille-Maria-Carolina.jpg\",\"contentUrl\":\"https:\\\/\\\/www.sebastien-auziere.fr\\\/blog\\\/wp-content\\\/uploads\\\/2026\\\/04\\\/Jordan-Bardella-en-couple-Les-Bourbon-des-Deux-Siciles-preoccupes-pour-leur-fille-Maria-Carolina.jpg\",\"width\":2560,\"height\":1429,\"caption\":\"d\u00e9couvrez les inqui\u00e9tudes des bourbon des deux-siciles pour leur fille maria carolina, en couple avec jordan bardella. une histoire m\u00ealant h\u00e9ritage et amour moderne.\"},{\"@type\":\"BreadcrumbList\",\"@id\":\"https:\\\/\\\/www.sebastien-auziere.fr\\\/blog\\\/jordan-bardella-bourbon-siciles\\\/#breadcrumb\",\"itemListElement\":[{\"@type\":\"ListItem\",\"position\":1,\"name\":\"Home\",\"item\":\"https:\\\/\\\/www.sebastien-auziere.fr\\\/blog\\\/\"},{\"@type\":\"ListItem\",\"position\":2,\"name\":\"Jordan Bardella en couple : Les Bourbon des Deux-Siciles pr\u00e9occup\u00e9s pour leur fille Maria Carolina\"}]},{\"@type\":\"WebSite\",\"@id\":\"https:\\\/\\\/www.sebastien-auziere.fr\\\/blog\\\/#website\",\"url\":\"https:\\\/\\\/www.sebastien-auziere.fr\\\/blog\\\/\",\"name\":\"Fan site S\u00e9bastien Auzi\u00e8re\",\"description\":\"M\u00e9dia g\u00e9n\u00e9raliste\",\"publisher\":{\"@id\":\"https:\\\/\\\/www.sebastien-auziere.fr\\\/blog\\\/#organization\"},\"potentialAction\":[{\"@type\":\"SearchAction\",\"target\":{\"@type\":\"EntryPoint\",\"urlTemplate\":\"https:\\\/\\\/www.sebastien-auziere.fr\\\/blog\\\/?s={search_term_string}\"},\"query-input\":{\"@type\":\"PropertyValueSpecification\",\"valueRequired\":true,\"valueName\":\"search_term_string\"}}],\"inLanguage\":\"fr-FR\"},{\"@type\":\"Organization\",\"@id\":\"https:\\\/\\\/www.sebastien-auziere.fr\\\/blog\\\/#organization\",\"name\":\"Fan site S\u00e9bastien Auzi\u00e8re\",\"url\":\"https:\\\/\\\/www.sebastien-auziere.fr\\\/blog\\\/\",\"logo\":{\"@type\":\"ImageObject\",\"inLanguage\":\"fr-FR\",\"@id\":\"https:\\\/\\\/www.sebastien-auziere.fr\\\/blog\\\/#\\\/schema\\\/logo\\\/image\\\/\",\"url\":\"https:\\\/\\\/www.sebastien-auziere.fr\\\/blog\\\/wp-content\\\/uploads\\\/2026\\\/03\\\/cropped-cropped-cropped-ChatGPT-Image-6-mars-2026-12_58_09-e1772798376794.jpg\",\"contentUrl\":\"https:\\\/\\\/www.sebastien-auziere.fr\\\/blog\\\/wp-content\\\/uploads\\\/2026\\\/03\\\/cropped-cropped-cropped-ChatGPT-Image-6-mars-2026-12_58_09-e1772798376794.jpg\",\"width\":512,\"height\":360,\"caption\":\"Fan site S\u00e9bastien Auzi\u00e8re\"},\"image\":{\"@id\":\"https:\\\/\\\/www.sebastien-auziere.fr\\\/blog\\\/#\\\/schema\\\/logo\\\/image\\\/\"}},{\"@type\":\"Person\",\"@id\":\"https:\\\/\\\/www.sebastien-auziere.fr\\\/blog\\\/#\\\/schema\\\/person\\\/149f1acdbfd85149c6c3e59adeae2f4d\",\"name\":\"Chloe Gauthier\",\"image\":{\"@type\":\"ImageObject\",\"inLanguage\":\"fr-FR\",\"@id\":\"https:\\\/\\\/secure.gravatar.com\\\/avatar\\\/2c5722f58171cff738a8985ef0dd66b476e563753246a49019befc837ec4201a?s=96&d=mm&r=g\",\"url\":\"https:\\\/\\\/secure.gravatar.com\\\/avatar\\\/2c5722f58171cff738a8985ef0dd66b476e563753246a49019befc837ec4201a?s=96&d=mm&r=g\",\"contentUrl\":\"https:\\\/\\\/secure.gravatar.com\\\/avatar\\\/2c5722f58171cff738a8985ef0dd66b476e563753246a49019befc837ec4201a?s=96&d=mm&r=g\",\"caption\":\"Chloe Gauthier\"},\"description\":\"Passionn\u00e9e par la politique et admiratrice engag\u00e9e de la famille Macron, je consacre mon \u00e9nergie \u00e0 suivre leurs initiatives et \u00e0 promouvoir leurs id\u00e9es. \u00c0 32 ans, je suis convaincue que leur vision est porteuse d'avenir.\",\"url\":\"https:\\\/\\\/www.sebastien-auziere.fr\\\/blog\\\/author\\\/chloe-gauthier\\\/\"}]}<\/script>\n<!-- \/ Yoast SEO plugin. -->","yoast_head_json":{"title":"Jordan Bardella en couple : Les Bourbon des Deux-Siciles pr\u00e9occup\u00e9s pour leur fille Maria Carolina - Fan site S\u00e9bastien Auzi\u00e8re","description":"Jordan Bardella en couple : Les Bourbon des Deux-Siciles s'inqui\u00e8tent pour leur fille Maria Carolina, entre amour et pr\u00e9occupations familiales.","robots":{"index":"index","follow":"follow","max-snippet":"max-snippet:-1","max-image-preview":"max-image-preview:large","max-video-preview":"max-video-preview:-1"},"canonical":"https:\/\/www.sebastien-auziere.fr\/blog\/jordan-bardella-bourbon-siciles\/","og_locale":"fr_FR","og_type":"article","og_title":"Jordan Bardella en couple : Les Bourbon des Deux-Siciles pr\u00e9occup\u00e9s pour leur fille Maria Carolina - Fan site S\u00e9bastien Auzi\u00e8re","og_description":"Jordan Bardella en couple : Les Bourbon des Deux-Siciles s'inqui\u00e8tent pour leur fille Maria Carolina, entre amour et pr\u00e9occupations familiales.","og_url":"https:\/\/www.sebastien-auziere.fr\/blog\/jordan-bardella-bourbon-siciles\/","og_site_name":"Fan site S\u00e9bastien Auzi\u00e8re","article_published_time":"2026-04-21T07:11:44+00:00","og_image":[{"width":2560,"height":1429,"url":"https:\/\/www.sebastien-auziere.fr\/blog\/wp-content\/uploads\/2026\/04\/Jordan-Bardella-en-couple-Les-Bourbon-des-Deux-Siciles-preoccupes-pour-leur-fille-Maria-Carolina.jpg","type":"image\/jpeg"}],"author":"Chloe Gauthier","twitter_card":"summary_large_image","twitter_misc":{"\u00c9crit par":"Chloe Gauthier","Dur\u00e9e de lecture estim\u00e9e":"2 minutes"},"schema":{"@context":"https:\/\/schema.org","@graph":[{"@type":"Article","@id":"https:\/\/www.sebastien-auziere.fr\/blog\/jordan-bardella-bourbon-siciles\/#article","isPartOf":{"@id":"https:\/\/www.sebastien-auziere.fr\/blog\/jordan-bardella-bourbon-siciles\/"},"author":{"name":"Chloe Gauthier","@id":"https:\/\/www.sebastien-auziere.fr\/blog\/#\/schema\/person\/149f1acdbfd85149c6c3e59adeae2f4d"},"headline":"Jordan Bardella en couple : Les Bourbon des Deux-Siciles pr\u00e9occup\u00e9s pour leur fille Maria Carolina","datePublished":"2026-04-21T07:11:44+00:00","mainEntityOfPage":{"@id":"https:\/\/www.sebastien-auziere.fr\/blog\/jordan-bardella-bourbon-siciles\/"},"wordCount":429,"commentCount":0,"publisher":{"@id":"https:\/\/www.sebastien-auziere.fr\/blog\/#organization"},"image":{"@id":"https:\/\/www.sebastien-auziere.fr\/blog\/jordan-bardella-bourbon-siciles\/#primaryimage"},"thumbnailUrl":"https:\/\/www.sebastien-auziere.fr\/blog\/wp-content\/uploads\/2026\/04\/Jordan-Bardella-en-couple-Les-Bourbon-des-Deux-Siciles-preoccupes-pour-leur-fille-Maria-Carolina.jpg","keywords":["bourbon des deux-siciles","couple","famille royale","jordan bardella","maria carolina"],"articleSection":["Actualit\u00e9s"],"inLanguage":"fr-FR","potentialAction":[{"@type":"CommentAction","name":"Comment","target":["https:\/\/www.sebastien-auziere.fr\/blog\/jordan-bardella-bourbon-siciles\/#respond"]}]},{"@type":"WebPage","@id":"https:\/\/www.sebastien-auziere.fr\/blog\/jordan-bardella-bourbon-siciles\/","url":"https:\/\/www.sebastien-auziere.fr\/blog\/jordan-bardella-bourbon-siciles\/","name":"Jordan Bardella en couple : Les Bourbon des Deux-Siciles pr\u00e9occup\u00e9s pour leur fille Maria Carolina - Fan site S\u00e9bastien Auzi\u00e8re","isPartOf":{"@id":"https:\/\/www.sebastien-auziere.fr\/blog\/#website"},"primaryImageOfPage":{"@id":"https:\/\/www.sebastien-auziere.fr\/blog\/jordan-bardella-bourbon-siciles\/#primaryimage"},"image":{"@id":"https:\/\/www.sebastien-auziere.fr\/blog\/jordan-bardella-bourbon-siciles\/#primaryimage"},"thumbnailUrl":"https:\/\/www.sebastien-auziere.fr\/blog\/wp-content\/uploads\/2026\/04\/Jordan-Bardella-en-couple-Les-Bourbon-des-Deux-Siciles-preoccupes-pour-leur-fille-Maria-Carolina.jpg","datePublished":"2026-04-21T07:11:44+00:00","description":"Jordan Bardella en couple : Les Bourbon des Deux-Siciles s'inqui\u00e8tent pour leur fille Maria Carolina, entre amour et pr\u00e9occupations familiales.","breadcrumb":{"@id":"https:\/\/www.sebastien-auziere.fr\/blog\/jordan-bardella-bourbon-siciles\/#breadcrumb"},"inLanguage":"fr-FR","potentialAction":[{"@type":"ReadAction","target":["https:\/\/www.sebastien-auziere.fr\/blog\/jordan-bardella-bourbon-siciles\/"]}]},{"@type":"ImageObject","inLanguage":"fr-FR","@id":"https:\/\/www.sebastien-auziere.fr\/blog\/jordan-bardella-bourbon-siciles\/#primaryimage","url":"https:\/\/www.sebastien-auziere.fr\/blog\/wp-content\/uploads\/2026\/04\/Jordan-Bardella-en-couple-Les-Bourbon-des-Deux-Siciles-preoccupes-pour-leur-fille-Maria-Carolina.jpg","contentUrl":"https:\/\/www.sebastien-auziere.fr\/blog\/wp-content\/uploads\/2026\/04\/Jordan-Bardella-en-couple-Les-Bourbon-des-Deux-Siciles-preoccupes-pour-leur-fille-Maria-Carolina.jpg","width":2560,"height":1429,"caption":"d\u00e9couvrez les inqui\u00e9tudes des bourbon des deux-siciles pour leur fille maria carolina, en couple avec jordan bardella. une histoire m\u00ealant h\u00e9ritage et amour moderne."},{"@type":"BreadcrumbList","@id":"https:\/\/www.sebastien-auziere.fr\/blog\/jordan-bardella-bourbon-siciles\/#breadcrumb","itemListElement":[{"@type":"ListItem","position":1,"name":"Home","item":"https:\/\/www.sebastien-auziere.fr\/blog\/"},{"@type":"ListItem","position":2,"name":"Jordan Bardella en couple : Les Bourbon des Deux-Siciles pr\u00e9occup\u00e9s pour leur fille Maria Carolina"}]},{"@type":"WebSite","@id":"https:\/\/www.sebastien-auziere.fr\/blog\/#website","url":"https:\/\/www.sebastien-auziere.fr\/blog\/","name":"Fan site S\u00e9bastien Auzi\u00e8re","description":"M\u00e9dia g\u00e9n\u00e9raliste","publisher":{"@id":"https:\/\/www.sebastien-auziere.fr\/blog\/#organization"},"potentialAction":[{"@type":"SearchAction","target":{"@type":"EntryPoint","urlTemplate":"https:\/\/www.sebastien-auziere.fr\/blog\/?s={search_term_string}"},"query-input":{"@type":"PropertyValueSpecification","valueRequired":true,"valueName":"search_term_string"}}],"inLanguage":"fr-FR"},{"@type":"Organization","@id":"https:\/\/www.sebastien-auziere.fr\/blog\/#organization","name":"Fan site S\u00e9bastien Auzi\u00e8re","url":"https:\/\/www.sebastien-auziere.fr\/blog\/","logo":{"@type":"ImageObject","inLanguage":"fr-FR","@id":"https:\/\/www.sebastien-auziere.fr\/blog\/#\/schema\/logo\/image\/","url":"https:\/\/www.sebastien-auziere.fr\/blog\/wp-content\/uploads\/2026\/03\/cropped-cropped-cropped-ChatGPT-Image-6-mars-2026-12_58_09-e1772798376794.jpg","contentUrl":"https:\/\/www.sebastien-auziere.fr\/blog\/wp-content\/uploads\/2026\/03\/cropped-cropped-cropped-ChatGPT-Image-6-mars-2026-12_58_09-e1772798376794.jpg","width":512,"height":360,"caption":"Fan site S\u00e9bastien Auzi\u00e8re"},"image":{"@id":"https:\/\/www.sebastien-auziere.fr\/blog\/#\/schema\/logo\/image\/"}},{"@type":"Person","@id":"https:\/\/www.sebastien-auziere.fr\/blog\/#\/schema\/person\/149f1acdbfd85149c6c3e59adeae2f4d","name":"Chloe Gauthier","image":{"@type":"ImageObject","inLanguage":"fr-FR","@id":"https:\/\/secure.gravatar.com\/avatar\/2c5722f58171cff738a8985ef0dd66b476e563753246a49019befc837ec4201a?s=96&d=mm&r=g","url":"https:\/\/secure.gravatar.com\/avatar\/2c5722f58171cff738a8985ef0dd66b476e563753246a49019befc837ec4201a?s=96&d=mm&r=g","contentUrl":"https:\/\/secure.gravatar.com\/avatar\/2c5722f58171cff738a8985ef0dd66b476e563753246a49019befc837ec4201a?s=96&d=mm&r=g","caption":"Chloe Gauthier"},"description":"Passionn\u00e9e par la politique et admiratrice engag\u00e9e de la famille Macron, je consacre mon \u00e9nergie \u00e0 suivre leurs initiatives et \u00e0 promouvoir leurs id\u00e9es. \u00c0 32 ans, je suis convaincue que leur vision est porteuse d'avenir.","url":"https:\/\/www.sebastien-auziere.fr\/blog\/author\/chloe-gauthier\/"}]}},"views":1013,"_links":{"self":[{"href":"https:\/\/www.sebastien-auziere.fr\/blog\/wp-json\/wp\/v2\/posts\/3201","targetHints":{"allow":["GET"]}}],"collection":[{"href":"https:\/\/www.sebastien-auziere.fr\/blog\/wp-json\/wp\/v2\/posts"}],"about":[{"href":"https:\/\/www.sebastien-auziere.fr\/blog\/wp-json\/wp\/v2\/types\/post"}],"author":[{"embeddable":true,"href":"https:\/\/www.sebastien-auziere.fr\/blog\/wp-json\/wp\/v2\/users\/9"}],"replies":[{"embeddable":true,"href":"https:\/\/www.sebastien-auziere.fr\/blog\/wp-json\/wp\/v2\/comments?post=3201"}],"version-history":[{"count":0,"href":"https:\/\/www.sebastien-auziere.fr\/blog\/wp-json\/wp\/v2\/posts\/3201\/revisions"}],"wp:featuredmedia":[{"embeddable":true,"href":"https:\/\/www.sebastien-auziere.fr\/blog\/wp-json\/wp\/v2\/media\/3200"}],"wp:attachment":[{"href":"https:\/\/www.sebastien-auziere.fr\/blog\/wp-json\/wp\/v2\/media?parent=3201"}],"wp:term":[{"taxonomy":"category","embeddable":true,"href":"https:\/\/www.sebastien-auziere.fr\/blog\/wp-json\/wp\/v2\/categories?post=3201"},{"taxonomy":"post_tag","embeddable":true,"href":"https:\/\/www.sebastien-auziere.fr\/blog\/wp-json\/wp\/v2\/tags?post=3201"}],"curies":[{"name":"wp","href":"https:\/\/api.w.org\/{rel}","templated":true}]}}