{"id":3196,"date":"2026-04-20T20:20:20","date_gmt":"2026-04-20T20:20:20","guid":{"rendered":"https:\/\/www.sebastien-auziere.fr\/blog\/?p=3196"},"modified":"2026-04-20T20:20:44","modified_gmt":"2026-04-20T20:20:44","slug":"emmanuel-e-brigitte-macron-desafiam-as-convencoes-sua-saida-noturna-de-tenis-gera-alvoroco","status":"publish","type":"post","link":"https:\/\/www.sebastien-auziere.fr\/blog\/pt\/emmanuel-e-brigitte-macron-desafiam-as-convencoes-sua-saida-noturna-de-tenis-gera-alvoroco\/","title":{"rendered":"Emmanuel e Brigitte Macron desafiam as conven\u00e7\u00f5es: sua sa\u00edda noturna de t\u00eanis gera alvoro\u00e7o"},"content":{"rendered":"<p><strong>Emmanuel Macron<\/strong> e <strong>Brigitte Macron<\/strong> surpreenderam Paris durante uma <strong>sa\u00edda noturna<\/strong> nos <strong>Champs-\u00c9lys\u00e9es<\/strong>, onde a Primeira-dama optou por <strong>t\u00eanis<\/strong> e uma apar\u00eancia decididamente <strong>casual<\/strong>. Esta apari\u00e7\u00e3o informal imediatamente <strong>quebrou conven\u00e7\u00f5es<\/strong> e gerou um forte <strong>alvoro\u00e7o<\/strong> nas redes sociais.<\/p>\n\n<p><strong>Em resumo<\/strong>: um passeio \u00e0 luz da lua, um terno presidencial ao lado de um traje casual, fotos compartilhadas em poucas horas e coment\u00e1rios sobre a <strong>mudan\u00e7a de estilo<\/strong> do <strong>casal presidencial<\/strong>, enquanto sua <strong>vida p\u00fablica<\/strong> continua sob forte aten\u00e7\u00e3o.<\/p>\n\n<h2 class=\"wp-block-heading\">Uma sa\u00edda inesperada que afirma uma mudan\u00e7a de estilo<\/h2>\n\n<p>A cena ocorreu no <strong>20 de abril<\/strong>, antes de um deslocamento oficial para a Pol\u00f4nia, quando o presidente ofereceu um momento c\u00famplice \u00e0 sua esposa. Enquanto <strong>Emmanuel Macron<\/strong> usava um terno, <strong>Brigitte Macron<\/strong> escolheu um jeans e <strong>t\u00eanis<\/strong>, relaxando instantaneamente a atmosfera.<\/p>\n\n<p>Esse contraste ilustra uma verdadeira <strong>mudan\u00e7a de estilo<\/strong> assumida pelo <strong>casal presidencial<\/strong>, que sabe jogar com a simplicidade sem renunciar ao seu papel p\u00fablico. Insight: o descontra\u00eddo torna-se um instrumento de proximidade.<\/p>\n\n<h3 class=\"wp-block-heading\">Rea\u00e7\u00f5es p\u00fablicas e da m\u00eddia: entre admira\u00e7\u00e3o e interroga\u00e7\u00e3o<\/h3>\n\n<p>A <strong>sa\u00edda noturna<\/strong> gerou numerosos coment\u00e1rios, oscilando entre ternura e interroga\u00e7\u00e3o diante da exposi\u00e7\u00e3o constante do casal. As imagens lembraram outras sequ\u00eancias midi\u00e1ticas, notadamente o v\u00eddeo viral de Han\u00f3i no final de maio de 2025, que havia reaberto os debates.<\/p>\n\n<p>Para situar os fatos, veja a an\u00e1lise da sequ\u00eancia viral publicada pela <a href=\"https:\/\/www.france24.com\/fr\/france\/20250526-apr%C3%A8s-vid%C3%A9o-virale-emmanuel-macron-balaie-rumeurs-de-dispute-avec-son-%C3%A9pouse-brigitte-vietnam-gifle\" rel=\"nofollow\">France 24<\/a>. Insight: a vida p\u00fablica transforma cada gesto em s\u00edmbolo.<\/p>\n\n<h2 class=\"wp-block-heading\">Complicidade vis\u00edvel e papel p\u00fablico de Brigitte Macron<\/h2>\n\n<p>Desde a entrada no \u00c9lys\u00e9e em 2017, <strong>Brigitte Macron<\/strong> \u00e9 percebida como uma presen\u00e7a discreta, mas central. Seu traje <strong>casual<\/strong> durante esta <strong>sa\u00edda noturna<\/strong> refor\u00e7a a imagem de um par capaz de alinhar modernidade e solenidade.<\/p>\n\n<p>Um gesto afetuoso do presidente, selfies oferecidos aos transeuntes e o recebimento de uma carta assinada recentemente lembraram a proximidade do casal com alguns franceses. Insight: a simplicidade refor\u00e7a a conex\u00e3o popular.<\/p>\n\n<h3 class=\"wp-block-heading\">Impacto pol\u00edtico e simb\u00f3lico de um passeio de t\u00eanis<\/h3>\n\n<p>Esta <strong>sa\u00edda noturna<\/strong> ocorre em um contexto pol\u00edtico sens\u00edvel, alguns dias antes de encontros diplom\u00e1ticos importantes. A escolha dos <strong>t\u00eanis<\/strong> para uma Primeira-dama em plena visibilidade n\u00e3o \u00e9 acidental: questiona a moderniza\u00e7\u00e3o dos c\u00f3digos republicanos.<\/p>\n\n<p>A m\u00eddia rapidamente relacionou o evento a outras coberturas, incluindo a nega\u00e7\u00e3o oficial do \u00c9lys\u00e9e ap\u00f3s um v\u00eddeo controverso, analisado pelo <a href=\"https:\/\/www.lefigaro.fr\/politique\/video-du-couple-macron-dans-l-avion-l-elysee-dement-le-coup-au-visage-et-evoque-un-moment-de-complicite-20250526\" rel=\"nofollow\">Le Figaro<\/a>. Insight: a simbologia \u00e0s vezes prevalece sobre o conte\u00fado.<\/p>\n\n<p>Voc\u00ea quer saber mais sobre <strong>S\u00e9bastien Auzi\u00e8re<\/strong> e os bastidores familiares que giram em torno do <strong>casal presidencial<\/strong>? Para dossi\u00eas completos e retratos documentados, acesse <a href=\"https:\/\/sebastien-auziere.fr\" rel=\"nofollow\">sebastien-auziere.fr<\/a> e descubra mais sobre a fam\u00edlia Macron.<\/p>","protected":false},"excerpt":{"rendered":"<p>Emmanuel Macron e Brigitte Macron surpreenderam Paris durante uma sa\u00edda noturna nos Champs-\u00c9lys\u00e9es, onde a Primeira-dama optou por t\u00eanis e uma apar\u00eancia decididamente casual. Esta apari\u00e7\u00e3o informal imediatamente quebrou conven\u00e7\u00f5es e gerou um forte alvoro\u00e7o nas redes sociais. Em resumo: um passeio \u00e0 luz da lua, um terno presidencial ao lado de um traje casual, &#8230; <a title=\"Emmanuel e Brigitte Macron desafiam as conven\u00e7\u00f5es: sua sa\u00edda noturna de t\u00eanis gera alvoro\u00e7o\" class=\"read-more\" href=\"https:\/\/www.sebastien-auziere.fr\/blog\/pt\/emmanuel-e-brigitte-macron-desafiam-as-convencoes-sua-saida-noturna-de-tenis-gera-alvoroco\/\" aria-label=\"En savoir plus sur Emmanuel e Brigitte Macron desafiam as conven\u00e7\u00f5es: sua sa\u00edda noturna de t\u00eanis gera alvoro\u00e7o\">Lire plus<\/a><\/p>\n","protected":false},"author":9,"featured_media":3186,"comment_status":"open","ping_status":"open","sticky":false,"template":"","format":"standard","meta":{"footnotes":""},"categories":[862],"tags":[959,3715,1202,3721,3718],"class_list":["post-3196","post","type-post","status-publish","format-standard","has-post-thumbnail","hentry","category-actualidades-pt","tag-brigitte-macron-pt","tag-cestos-pt","tag-emmanuel-macron-pt","tag-roupa-casual-pt","tag-saida-noturna-pt"],"yoast_head":"<!-- This site is optimized with the Yoast SEO plugin v27.5 - https:\/\/yoast.com\/product\/yoast-seo-wordpress\/ -->\n<title>Emmanuel e Brigitte Macron desafiam as conven\u00e7\u00f5es: sua sa\u00edda noturna de t\u00eanis gera alvoro\u00e7o - Fan site S\u00e9bastien Auzi\u00e8re<\/title>\n<meta name=\"description\" content=\"Emmanuel et Brigitte Macron surprennent en sortie nocturne en baskets, bousculant les codes et suscitant l&#039;\u00e9moi.\" \/>\n<meta name=\"robots\" content=\"index, follow, max-snippet:-1, max-image-preview:large, max-video-preview:-1\" \/>\n<link rel=\"canonical\" href=\"https:\/\/www.sebastien-auziere.fr\/blog\/pt\/emmanuel-e-brigitte-macron-desafiam-as-convencoes-sua-saida-noturna-de-tenis-gera-alvoroco\/\" \/>\n<meta property=\"og:locale\" content=\"fr_FR\" \/>\n<meta property=\"og:type\" content=\"article\" \/>\n<meta property=\"og:title\" content=\"Emmanuel e Brigitte Macron desafiam as conven\u00e7\u00f5es: sua sa\u00edda noturna de t\u00eanis gera alvoro\u00e7o - Fan site S\u00e9bastien Auzi\u00e8re\" \/>\n<meta property=\"og:description\" content=\"Emmanuel et Brigitte Macron surprennent en sortie nocturne en baskets, bousculant les codes et suscitant l&#039;\u00e9moi.\" \/>\n<meta property=\"og:url\" content=\"https:\/\/www.sebastien-auziere.fr\/blog\/pt\/emmanuel-e-brigitte-macron-desafiam-as-convencoes-sua-saida-noturna-de-tenis-gera-alvoroco\/\" \/>\n<meta property=\"og:site_name\" content=\"Fan site S\u00e9bastien Auzi\u00e8re\" \/>\n<meta property=\"article:published_time\" content=\"2026-04-20T20:20:20+00:00\" \/>\n<meta property=\"article:modified_time\" content=\"2026-04-20T20:20:44+00:00\" \/>\n<meta property=\"og:image\" content=\"https:\/\/www.sebastien-auziere.fr\/blog\/wp-content\/uploads\/2026\/04\/Emmanuel-et-Brigitte-Macron-bousculent-les-conventions-leur-sortie-nocturne-en-baskets-suscite-lemoi.jpg\" \/>\n\t<meta property=\"og:image:width\" content=\"2560\" \/>\n\t<meta property=\"og:image:height\" content=\"1429\" \/>\n\t<meta property=\"og:image:type\" content=\"image\/jpeg\" \/>\n<meta name=\"author\" content=\"Chloe Gauthier\" \/>\n<meta name=\"twitter:card\" content=\"summary_large_image\" \/>\n<meta name=\"twitter:label1\" content=\"\u00c9crit par\" \/>\n\t<meta name=\"twitter:data1\" content=\"Chloe Gauthier\" \/>\n\t<meta name=\"twitter:label2\" content=\"Dur\u00e9e de lecture estim\u00e9e\" \/>\n\t<meta name=\"twitter:data2\" content=\"2 minutes\" \/>\n<script type=\"application\/ld+json\" class=\"yoast-schema-graph\">{\"@context\":\"https:\\\/\\\/schema.org\",\"@graph\":[{\"@type\":\"Article\",\"@id\":\"https:\\\/\\\/www.sebastien-auziere.fr\\\/blog\\\/pt\\\/emmanuel-e-brigitte-macron-desafiam-as-convencoes-sua-saida-noturna-de-tenis-gera-alvoroco\\\/#article\",\"isPartOf\":{\"@id\":\"https:\\\/\\\/www.sebastien-auziere.fr\\\/blog\\\/pt\\\/emmanuel-e-brigitte-macron-desafiam-as-convencoes-sua-saida-noturna-de-tenis-gera-alvoroco\\\/\"},\"author\":{\"name\":\"Chloe Gauthier\",\"@id\":\"https:\\\/\\\/www.sebastien-auziere.fr\\\/blog\\\/#\\\/schema\\\/person\\\/149f1acdbfd85149c6c3e59adeae2f4d\"},\"headline\":\"Emmanuel e Brigitte Macron desafiam as conven\u00e7\u00f5es: sua sa\u00edda noturna de t\u00eanis gera alvoro\u00e7o\",\"datePublished\":\"2026-04-20T20:20:20+00:00\",\"dateModified\":\"2026-04-20T20:20:44+00:00\",\"mainEntityOfPage\":{\"@id\":\"https:\\\/\\\/www.sebastien-auziere.fr\\\/blog\\\/pt\\\/emmanuel-e-brigitte-macron-desafiam-as-convencoes-sua-saida-noturna-de-tenis-gera-alvoroco\\\/\"},\"wordCount\":495,\"commentCount\":0,\"publisher\":{\"@id\":\"https:\\\/\\\/www.sebastien-auziere.fr\\\/blog\\\/#organization\"},\"image\":{\"@id\":\"https:\\\/\\\/www.sebastien-auziere.fr\\\/blog\\\/pt\\\/emmanuel-e-brigitte-macron-desafiam-as-convencoes-sua-saida-noturna-de-tenis-gera-alvoroco\\\/#primaryimage\"},\"thumbnailUrl\":\"https:\\\/\\\/www.sebastien-auziere.fr\\\/blog\\\/wp-content\\\/uploads\\\/2026\\\/04\\\/Emmanuel-et-Brigitte-Macron-bousculent-les-conventions-leur-sortie-nocturne-en-baskets-suscite-lemoi.jpg\",\"keywords\":[\"brigitte macron\",\"cestos\",\"emmanuel macron\",\"roupa casual\",\"sa\u00edda noturna\"],\"articleSection\":[\"Actualidades\"],\"inLanguage\":\"fr-FR\",\"potentialAction\":[{\"@type\":\"CommentAction\",\"name\":\"Comment\",\"target\":[\"https:\\\/\\\/www.sebastien-auziere.fr\\\/blog\\\/pt\\\/emmanuel-e-brigitte-macron-desafiam-as-convencoes-sua-saida-noturna-de-tenis-gera-alvoroco\\\/#respond\"]}]},{\"@type\":\"WebPage\",\"@id\":\"https:\\\/\\\/www.sebastien-auziere.fr\\\/blog\\\/pt\\\/emmanuel-e-brigitte-macron-desafiam-as-convencoes-sua-saida-noturna-de-tenis-gera-alvoroco\\\/\",\"url\":\"https:\\\/\\\/www.sebastien-auziere.fr\\\/blog\\\/pt\\\/emmanuel-e-brigitte-macron-desafiam-as-convencoes-sua-saida-noturna-de-tenis-gera-alvoroco\\\/\",\"name\":\"Emmanuel e Brigitte Macron desafiam as conven\u00e7\u00f5es: sua sa\u00edda noturna de t\u00eanis gera alvoro\u00e7o - Fan site S\u00e9bastien Auzi\u00e8re\",\"isPartOf\":{\"@id\":\"https:\\\/\\\/www.sebastien-auziere.fr\\\/blog\\\/#website\"},\"primaryImageOfPage\":{\"@id\":\"https:\\\/\\\/www.sebastien-auziere.fr\\\/blog\\\/pt\\\/emmanuel-e-brigitte-macron-desafiam-as-convencoes-sua-saida-noturna-de-tenis-gera-alvoroco\\\/#primaryimage\"},\"image\":{\"@id\":\"https:\\\/\\\/www.sebastien-auziere.fr\\\/blog\\\/pt\\\/emmanuel-e-brigitte-macron-desafiam-as-convencoes-sua-saida-noturna-de-tenis-gera-alvoroco\\\/#primaryimage\"},\"thumbnailUrl\":\"https:\\\/\\\/www.sebastien-auziere.fr\\\/blog\\\/wp-content\\\/uploads\\\/2026\\\/04\\\/Emmanuel-et-Brigitte-Macron-bousculent-les-conventions-leur-sortie-nocturne-en-baskets-suscite-lemoi.jpg\",\"datePublished\":\"2026-04-20T20:20:20+00:00\",\"dateModified\":\"2026-04-20T20:20:44+00:00\",\"description\":\"Emmanuel et Brigitte Macron surprennent en sortie nocturne en baskets, bousculant les codes et suscitant l'\u00e9moi.\",\"breadcrumb\":{\"@id\":\"https:\\\/\\\/www.sebastien-auziere.fr\\\/blog\\\/pt\\\/emmanuel-e-brigitte-macron-desafiam-as-convencoes-sua-saida-noturna-de-tenis-gera-alvoroco\\\/#breadcrumb\"},\"inLanguage\":\"fr-FR\",\"potentialAction\":[{\"@type\":\"ReadAction\",\"target\":[\"https:\\\/\\\/www.sebastien-auziere.fr\\\/blog\\\/pt\\\/emmanuel-e-brigitte-macron-desafiam-as-convencoes-sua-saida-noturna-de-tenis-gera-alvoroco\\\/\"]}]},{\"@type\":\"ImageObject\",\"inLanguage\":\"fr-FR\",\"@id\":\"https:\\\/\\\/www.sebastien-auziere.fr\\\/blog\\\/pt\\\/emmanuel-e-brigitte-macron-desafiam-as-convencoes-sua-saida-noturna-de-tenis-gera-alvoroco\\\/#primaryimage\",\"url\":\"https:\\\/\\\/www.sebastien-auziere.fr\\\/blog\\\/wp-content\\\/uploads\\\/2026\\\/04\\\/Emmanuel-et-Brigitte-Macron-bousculent-les-conventions-leur-sortie-nocturne-en-baskets-suscite-lemoi.jpg\",\"contentUrl\":\"https:\\\/\\\/www.sebastien-auziere.fr\\\/blog\\\/wp-content\\\/uploads\\\/2026\\\/04\\\/Emmanuel-et-Brigitte-Macron-bousculent-les-conventions-leur-sortie-nocturne-en-baskets-suscite-lemoi.jpg\",\"width\":2560,\"height\":1429,\"caption\":\"emmanuel et brigitte macron surprennent en portant des baskets lors d'une sortie nocturne, d\u00e9fiant les conventions et suscitant de vives r\u00e9actions.\"},{\"@type\":\"BreadcrumbList\",\"@id\":\"https:\\\/\\\/www.sebastien-auziere.fr\\\/blog\\\/pt\\\/emmanuel-e-brigitte-macron-desafiam-as-convencoes-sua-saida-noturna-de-tenis-gera-alvoroco\\\/#breadcrumb\",\"itemListElement\":[{\"@type\":\"ListItem\",\"position\":1,\"name\":\"Home\",\"item\":\"https:\\\/\\\/www.sebastien-auziere.fr\\\/blog\\\/\"},{\"@type\":\"ListItem\",\"position\":2,\"name\":\"Emmanuel e Brigitte Macron desafiam as conven\u00e7\u00f5es: sua sa\u00edda noturna de t\u00eanis gera alvoro\u00e7o\"}]},{\"@type\":\"WebSite\",\"@id\":\"https:\\\/\\\/www.sebastien-auziere.fr\\\/blog\\\/#website\",\"url\":\"https:\\\/\\\/www.sebastien-auziere.fr\\\/blog\\\/\",\"name\":\"Fan site S\u00e9bastien Auzi\u00e8re\",\"description\":\"M\u00e9dia g\u00e9n\u00e9raliste\",\"publisher\":{\"@id\":\"https:\\\/\\\/www.sebastien-auziere.fr\\\/blog\\\/#organization\"},\"potentialAction\":[{\"@type\":\"SearchAction\",\"target\":{\"@type\":\"EntryPoint\",\"urlTemplate\":\"https:\\\/\\\/www.sebastien-auziere.fr\\\/blog\\\/?s={search_term_string}\"},\"query-input\":{\"@type\":\"PropertyValueSpecification\",\"valueRequired\":true,\"valueName\":\"search_term_string\"}}],\"inLanguage\":\"fr-FR\"},{\"@type\":\"Organization\",\"@id\":\"https:\\\/\\\/www.sebastien-auziere.fr\\\/blog\\\/#organization\",\"name\":\"Fan site S\u00e9bastien Auzi\u00e8re\",\"url\":\"https:\\\/\\\/www.sebastien-auziere.fr\\\/blog\\\/\",\"logo\":{\"@type\":\"ImageObject\",\"inLanguage\":\"fr-FR\",\"@id\":\"https:\\\/\\\/www.sebastien-auziere.fr\\\/blog\\\/#\\\/schema\\\/logo\\\/image\\\/\",\"url\":\"https:\\\/\\\/www.sebastien-auziere.fr\\\/blog\\\/wp-content\\\/uploads\\\/2026\\\/03\\\/cropped-cropped-cropped-ChatGPT-Image-6-mars-2026-12_58_09-e1772798376794.jpg\",\"contentUrl\":\"https:\\\/\\\/www.sebastien-auziere.fr\\\/blog\\\/wp-content\\\/uploads\\\/2026\\\/03\\\/cropped-cropped-cropped-ChatGPT-Image-6-mars-2026-12_58_09-e1772798376794.jpg\",\"width\":512,\"height\":360,\"caption\":\"Fan site S\u00e9bastien Auzi\u00e8re\"},\"image\":{\"@id\":\"https:\\\/\\\/www.sebastien-auziere.fr\\\/blog\\\/#\\\/schema\\\/logo\\\/image\\\/\"}},{\"@type\":\"Person\",\"@id\":\"https:\\\/\\\/www.sebastien-auziere.fr\\\/blog\\\/#\\\/schema\\\/person\\\/149f1acdbfd85149c6c3e59adeae2f4d\",\"name\":\"Chloe Gauthier\",\"image\":{\"@type\":\"ImageObject\",\"inLanguage\":\"fr-FR\",\"@id\":\"https:\\\/\\\/secure.gravatar.com\\\/avatar\\\/2c5722f58171cff738a8985ef0dd66b476e563753246a49019befc837ec4201a?s=96&d=mm&r=g\",\"url\":\"https:\\\/\\\/secure.gravatar.com\\\/avatar\\\/2c5722f58171cff738a8985ef0dd66b476e563753246a49019befc837ec4201a?s=96&d=mm&r=g\",\"contentUrl\":\"https:\\\/\\\/secure.gravatar.com\\\/avatar\\\/2c5722f58171cff738a8985ef0dd66b476e563753246a49019befc837ec4201a?s=96&d=mm&r=g\",\"caption\":\"Chloe Gauthier\"},\"description\":\"Passionn\u00e9e par la politique et admiratrice engag\u00e9e de la famille Macron, je consacre mon \u00e9nergie \u00e0 suivre leurs initiatives et \u00e0 promouvoir leurs id\u00e9es. \u00c0 32 ans, je suis convaincue que leur vision est porteuse d'avenir.\",\"url\":\"https:\\\/\\\/www.sebastien-auziere.fr\\\/blog\\\/author\\\/chloe-gauthier\\\/\"}]}<\/script>\n<!-- \/ Yoast SEO plugin. -->","yoast_head_json":{"title":"Emmanuel e Brigitte Macron desafiam as conven\u00e7\u00f5es: sua sa\u00edda noturna de t\u00eanis gera alvoro\u00e7o - Fan site S\u00e9bastien Auzi\u00e8re","description":"Emmanuel et Brigitte Macron surprennent en sortie nocturne en baskets, bousculant les codes et suscitant l'\u00e9moi.","robots":{"index":"index","follow":"follow","max-snippet":"max-snippet:-1","max-image-preview":"max-image-preview:large","max-video-preview":"max-video-preview:-1"},"canonical":"https:\/\/www.sebastien-auziere.fr\/blog\/pt\/emmanuel-e-brigitte-macron-desafiam-as-convencoes-sua-saida-noturna-de-tenis-gera-alvoroco\/","og_locale":"fr_FR","og_type":"article","og_title":"Emmanuel e Brigitte Macron desafiam as conven\u00e7\u00f5es: sua sa\u00edda noturna de t\u00eanis gera alvoro\u00e7o - Fan site S\u00e9bastien Auzi\u00e8re","og_description":"Emmanuel et Brigitte Macron surprennent en sortie nocturne en baskets, bousculant les codes et suscitant l'\u00e9moi.","og_url":"https:\/\/www.sebastien-auziere.fr\/blog\/pt\/emmanuel-e-brigitte-macron-desafiam-as-convencoes-sua-saida-noturna-de-tenis-gera-alvoroco\/","og_site_name":"Fan site S\u00e9bastien Auzi\u00e8re","article_published_time":"2026-04-20T20:20:20+00:00","article_modified_time":"2026-04-20T20:20:44+00:00","og_image":[{"width":2560,"height":1429,"url":"https:\/\/www.sebastien-auziere.fr\/blog\/wp-content\/uploads\/2026\/04\/Emmanuel-et-Brigitte-Macron-bousculent-les-conventions-leur-sortie-nocturne-en-baskets-suscite-lemoi.jpg","type":"image\/jpeg"}],"author":"Chloe Gauthier","twitter_card":"summary_large_image","twitter_misc":{"\u00c9crit par":"Chloe Gauthier","Dur\u00e9e de lecture estim\u00e9e":"2 minutes"},"schema":{"@context":"https:\/\/schema.org","@graph":[{"@type":"Article","@id":"https:\/\/www.sebastien-auziere.fr\/blog\/pt\/emmanuel-e-brigitte-macron-desafiam-as-convencoes-sua-saida-noturna-de-tenis-gera-alvoroco\/#article","isPartOf":{"@id":"https:\/\/www.sebastien-auziere.fr\/blog\/pt\/emmanuel-e-brigitte-macron-desafiam-as-convencoes-sua-saida-noturna-de-tenis-gera-alvoroco\/"},"author":{"name":"Chloe Gauthier","@id":"https:\/\/www.sebastien-auziere.fr\/blog\/#\/schema\/person\/149f1acdbfd85149c6c3e59adeae2f4d"},"headline":"Emmanuel e Brigitte Macron desafiam as conven\u00e7\u00f5es: sua sa\u00edda noturna de t\u00eanis gera alvoro\u00e7o","datePublished":"2026-04-20T20:20:20+00:00","dateModified":"2026-04-20T20:20:44+00:00","mainEntityOfPage":{"@id":"https:\/\/www.sebastien-auziere.fr\/blog\/pt\/emmanuel-e-brigitte-macron-desafiam-as-convencoes-sua-saida-noturna-de-tenis-gera-alvoroco\/"},"wordCount":495,"commentCount":0,"publisher":{"@id":"https:\/\/www.sebastien-auziere.fr\/blog\/#organization"},"image":{"@id":"https:\/\/www.sebastien-auziere.fr\/blog\/pt\/emmanuel-e-brigitte-macron-desafiam-as-convencoes-sua-saida-noturna-de-tenis-gera-alvoroco\/#primaryimage"},"thumbnailUrl":"https:\/\/www.sebastien-auziere.fr\/blog\/wp-content\/uploads\/2026\/04\/Emmanuel-et-Brigitte-Macron-bousculent-les-conventions-leur-sortie-nocturne-en-baskets-suscite-lemoi.jpg","keywords":["brigitte macron","cestos","emmanuel macron","roupa casual","sa\u00edda noturna"],"articleSection":["Actualidades"],"inLanguage":"fr-FR","potentialAction":[{"@type":"CommentAction","name":"Comment","target":["https:\/\/www.sebastien-auziere.fr\/blog\/pt\/emmanuel-e-brigitte-macron-desafiam-as-convencoes-sua-saida-noturna-de-tenis-gera-alvoroco\/#respond"]}]},{"@type":"WebPage","@id":"https:\/\/www.sebastien-auziere.fr\/blog\/pt\/emmanuel-e-brigitte-macron-desafiam-as-convencoes-sua-saida-noturna-de-tenis-gera-alvoroco\/","url":"https:\/\/www.sebastien-auziere.fr\/blog\/pt\/emmanuel-e-brigitte-macron-desafiam-as-convencoes-sua-saida-noturna-de-tenis-gera-alvoroco\/","name":"Emmanuel e Brigitte Macron desafiam as conven\u00e7\u00f5es: sua sa\u00edda noturna de t\u00eanis gera alvoro\u00e7o - Fan site S\u00e9bastien Auzi\u00e8re","isPartOf":{"@id":"https:\/\/www.sebastien-auziere.fr\/blog\/#website"},"primaryImageOfPage":{"@id":"https:\/\/www.sebastien-auziere.fr\/blog\/pt\/emmanuel-e-brigitte-macron-desafiam-as-convencoes-sua-saida-noturna-de-tenis-gera-alvoroco\/#primaryimage"},"image":{"@id":"https:\/\/www.sebastien-auziere.fr\/blog\/pt\/emmanuel-e-brigitte-macron-desafiam-as-convencoes-sua-saida-noturna-de-tenis-gera-alvoroco\/#primaryimage"},"thumbnailUrl":"https:\/\/www.sebastien-auziere.fr\/blog\/wp-content\/uploads\/2026\/04\/Emmanuel-et-Brigitte-Macron-bousculent-les-conventions-leur-sortie-nocturne-en-baskets-suscite-lemoi.jpg","datePublished":"2026-04-20T20:20:20+00:00","dateModified":"2026-04-20T20:20:44+00:00","description":"Emmanuel et Brigitte Macron surprennent en sortie nocturne en baskets, bousculant les codes et suscitant l'\u00e9moi.","breadcrumb":{"@id":"https:\/\/www.sebastien-auziere.fr\/blog\/pt\/emmanuel-e-brigitte-macron-desafiam-as-convencoes-sua-saida-noturna-de-tenis-gera-alvoroco\/#breadcrumb"},"inLanguage":"fr-FR","potentialAction":[{"@type":"ReadAction","target":["https:\/\/www.sebastien-auziere.fr\/blog\/pt\/emmanuel-e-brigitte-macron-desafiam-as-convencoes-sua-saida-noturna-de-tenis-gera-alvoroco\/"]}]},{"@type":"ImageObject","inLanguage":"fr-FR","@id":"https:\/\/www.sebastien-auziere.fr\/blog\/pt\/emmanuel-e-brigitte-macron-desafiam-as-convencoes-sua-saida-noturna-de-tenis-gera-alvoroco\/#primaryimage","url":"https:\/\/www.sebastien-auziere.fr\/blog\/wp-content\/uploads\/2026\/04\/Emmanuel-et-Brigitte-Macron-bousculent-les-conventions-leur-sortie-nocturne-en-baskets-suscite-lemoi.jpg","contentUrl":"https:\/\/www.sebastien-auziere.fr\/blog\/wp-content\/uploads\/2026\/04\/Emmanuel-et-Brigitte-Macron-bousculent-les-conventions-leur-sortie-nocturne-en-baskets-suscite-lemoi.jpg","width":2560,"height":1429,"caption":"emmanuel et brigitte macron surprennent en portant des baskets lors d'une sortie nocturne, d\u00e9fiant les conventions et suscitant de vives r\u00e9actions."},{"@type":"BreadcrumbList","@id":"https:\/\/www.sebastien-auziere.fr\/blog\/pt\/emmanuel-e-brigitte-macron-desafiam-as-convencoes-sua-saida-noturna-de-tenis-gera-alvoroco\/#breadcrumb","itemListElement":[{"@type":"ListItem","position":1,"name":"Home","item":"https:\/\/www.sebastien-auziere.fr\/blog\/"},{"@type":"ListItem","position":2,"name":"Emmanuel e Brigitte Macron desafiam as conven\u00e7\u00f5es: sua sa\u00edda noturna de t\u00eanis gera alvoro\u00e7o"}]},{"@type":"WebSite","@id":"https:\/\/www.sebastien-auziere.fr\/blog\/#website","url":"https:\/\/www.sebastien-auziere.fr\/blog\/","name":"Fan site S\u00e9bastien Auzi\u00e8re","description":"M\u00e9dia g\u00e9n\u00e9raliste","publisher":{"@id":"https:\/\/www.sebastien-auziere.fr\/blog\/#organization"},"potentialAction":[{"@type":"SearchAction","target":{"@type":"EntryPoint","urlTemplate":"https:\/\/www.sebastien-auziere.fr\/blog\/?s={search_term_string}"},"query-input":{"@type":"PropertyValueSpecification","valueRequired":true,"valueName":"search_term_string"}}],"inLanguage":"fr-FR"},{"@type":"Organization","@id":"https:\/\/www.sebastien-auziere.fr\/blog\/#organization","name":"Fan site S\u00e9bastien Auzi\u00e8re","url":"https:\/\/www.sebastien-auziere.fr\/blog\/","logo":{"@type":"ImageObject","inLanguage":"fr-FR","@id":"https:\/\/www.sebastien-auziere.fr\/blog\/#\/schema\/logo\/image\/","url":"https:\/\/www.sebastien-auziere.fr\/blog\/wp-content\/uploads\/2026\/03\/cropped-cropped-cropped-ChatGPT-Image-6-mars-2026-12_58_09-e1772798376794.jpg","contentUrl":"https:\/\/www.sebastien-auziere.fr\/blog\/wp-content\/uploads\/2026\/03\/cropped-cropped-cropped-ChatGPT-Image-6-mars-2026-12_58_09-e1772798376794.jpg","width":512,"height":360,"caption":"Fan site S\u00e9bastien Auzi\u00e8re"},"image":{"@id":"https:\/\/www.sebastien-auziere.fr\/blog\/#\/schema\/logo\/image\/"}},{"@type":"Person","@id":"https:\/\/www.sebastien-auziere.fr\/blog\/#\/schema\/person\/149f1acdbfd85149c6c3e59adeae2f4d","name":"Chloe Gauthier","image":{"@type":"ImageObject","inLanguage":"fr-FR","@id":"https:\/\/secure.gravatar.com\/avatar\/2c5722f58171cff738a8985ef0dd66b476e563753246a49019befc837ec4201a?s=96&d=mm&r=g","url":"https:\/\/secure.gravatar.com\/avatar\/2c5722f58171cff738a8985ef0dd66b476e563753246a49019befc837ec4201a?s=96&d=mm&r=g","contentUrl":"https:\/\/secure.gravatar.com\/avatar\/2c5722f58171cff738a8985ef0dd66b476e563753246a49019befc837ec4201a?s=96&d=mm&r=g","caption":"Chloe Gauthier"},"description":"Passionn\u00e9e par la politique et admiratrice engag\u00e9e de la famille Macron, je consacre mon \u00e9nergie \u00e0 suivre leurs initiatives et \u00e0 promouvoir leurs id\u00e9es. \u00c0 32 ans, je suis convaincue que leur vision est porteuse d'avenir.","url":"https:\/\/www.sebastien-auziere.fr\/blog\/author\/chloe-gauthier\/"}]}},"views":0,"_links":{"self":[{"href":"https:\/\/www.sebastien-auziere.fr\/blog\/wp-json\/wp\/v2\/posts\/3196","targetHints":{"allow":["GET"]}}],"collection":[{"href":"https:\/\/www.sebastien-auziere.fr\/blog\/wp-json\/wp\/v2\/posts"}],"about":[{"href":"https:\/\/www.sebastien-auziere.fr\/blog\/wp-json\/wp\/v2\/types\/post"}],"author":[{"embeddable":true,"href":"https:\/\/www.sebastien-auziere.fr\/blog\/wp-json\/wp\/v2\/users\/9"}],"replies":[{"embeddable":true,"href":"https:\/\/www.sebastien-auziere.fr\/blog\/wp-json\/wp\/v2\/comments?post=3196"}],"version-history":[{"count":1,"href":"https:\/\/www.sebastien-auziere.fr\/blog\/wp-json\/wp\/v2\/posts\/3196\/revisions"}],"predecessor-version":[{"id":3197,"href":"https:\/\/www.sebastien-auziere.fr\/blog\/wp-json\/wp\/v2\/posts\/3196\/revisions\/3197"}],"wp:featuredmedia":[{"embeddable":true,"href":"https:\/\/www.sebastien-auziere.fr\/blog\/wp-json\/wp\/v2\/media\/3186"}],"wp:attachment":[{"href":"https:\/\/www.sebastien-auziere.fr\/blog\/wp-json\/wp\/v2\/media?parent=3196"}],"wp:term":[{"taxonomy":"category","embeddable":true,"href":"https:\/\/www.sebastien-auziere.fr\/blog\/wp-json\/wp\/v2\/categories?post=3196"},{"taxonomy":"post_tag","embeddable":true,"href":"https:\/\/www.sebastien-auziere.fr\/blog\/wp-json\/wp\/v2\/tags?post=3196"}],"curies":[{"name":"wp","href":"https:\/\/api.w.org\/{rel}","templated":true}]}}