{"id":3194,"date":"2026-04-20T20:18:10","date_gmt":"2026-04-20T20:18:10","guid":{"rendered":"https:\/\/www.sebastien-auziere.fr\/blog\/?p=3194"},"modified":"2026-04-20T20:18:37","modified_gmt":"2026-04-20T20:18:37","slug":"emmanuel-e-brigitte-macron-sconvolgono-le-convenzioni-la-loro-uscita-notturna-in-sneakers-suscita-scalpore","status":"publish","type":"post","link":"https:\/\/www.sebastien-auziere.fr\/blog\/it\/emmanuel-e-brigitte-macron-sconvolgono-le-convenzioni-la-loro-uscita-notturna-in-sneakers-suscita-scalpore\/","title":{"rendered":"Emmanuel e Brigitte Macron sconvolgono le convenzioni: la loro uscita notturna in sneakers suscita scalpore"},"content":{"rendered":"<p><strong>Emmanuel Macron<\/strong> e <strong>Brigitte Macron<\/strong> hanno sorpreso Parigi durante un <strong>uscita notturna<\/strong> sugli <strong>Champs-\u00c9lys\u00e9es<\/strong> dove la First Lady ha optato per delle <strong>scarpe da ginnastica<\/strong> e un look decisamente <strong>moda casual<\/strong>. Questa apparizione informale ha subito <strong>scosso le convenzioni<\/strong> e provocato un vivace <strong>clamore<\/strong> sui social.<\/p>\n\n<p><strong>In breve<\/strong>: una passeggiata al chiaro di luna, un abito presidenziale accanto a un look casual, foto diffuse in poche ore e commenti sul <strong>cambiamento di stile<\/strong> della <strong>coppia presidenziale<\/strong>, mentre la loro <strong>vita pubblica<\/strong> rimane sotto forte attenzione.<\/p>\n\n<h2 class=\"wp-block-heading\">Una gita inaspettata che afferma un cambiamento di stile<\/h2>\n\n<p>La scena si \u00e8 svolta il <strong>20 aprile<\/strong>, prima di un viaggio ufficiale in Polonia, quando il presidente ha offerto una parentesi complice a sua moglie. Mentre <strong>Emmanuel Macron<\/strong> indossava un abito, <strong>Brigitte Macron<\/strong> ha scelto dei jeans e delle <strong>scarpe da ginnastica<\/strong>, distendendo immediatamente l&rsquo;atmosfera.<\/p>\n\n<p>Questo contrasto illustra un vero <strong>cambiamento di stile<\/strong> assunto dalla <strong>coppia presidenziale<\/strong>, che sa giocare la semplicit\u00e0 senza rinunciare al suo ruolo pubblico. Insight: la disinvoltura diventa strumento di prossimit\u00e0.<\/p>\n\n<h3 class=\"wp-block-heading\">Reazioni pubbliche e media: tra ammirazione e interrogativo<\/h3>\n\n<p>La <strong>uscita notturna<\/strong> ha generato numerosi commenti, oscillando tra tenerezza e interrogativo di fronte all&rsquo;esposizione costante della coppia. Le immagini hanno ricordato altre sequenze mediatiche, in particolare il video virale di Hanoi a fine maggio 2025 che aveva rilanciato i dibattiti.<\/p>\n\n<p>Per inquadrare i fatti, vedere il decriptaggio della sequenza virale pubblicato da <a href=\"https:\/\/www.france24.com\/fr\/france\/20250526-apr%C3%A8s-vid%C3%A9o-virale-emmanuel-macron-balaie-rumeurs-de-dispute-avec-son-%C3%A9pouse-brigitte-vietnam-gifle\" rel=\"nofollow\">France 24<\/a>. Insight: la vita pubblica trasforma ogni gesto in simbolo.<\/p>\n\n<h2 class=\"wp-block-heading\">Complicit\u00e0 esibita e ruolo pubblico di Brigitte Macron<\/h2>\n\n<p>Da quando \u00e8 entrata all&rsquo;\u00c9lys\u00e9e nel 2017, <strong>Brigitte Macron<\/strong> \u00e8 vista come una presenza discreta ma centrale. Il suo outfit <strong>moda casual<\/strong> durante questo <strong>uscita notturna<\/strong> rafforza l\u2019immagine di un tandem capace di unire modernit\u00e0 e solennit\u00e0.<\/p>\n\n<p>Un gesto affettuoso del presidente, selfie offerti ai passanti e la ricezione di una lettera firmata di recente hanno richiamato la prossimit\u00e0 della coppia con alcuni francesi. Insight: la semplicit\u00e0 rafforza la connessione popolare.<\/p>\n\n<h3 class=\"wp-block-heading\">Impatto politico e simbolico di una passeggiata in scarpe da ginnastica<\/h3>\n\n<p>Questa <strong>uscita notturna<\/strong> avviene in un contesto politico sensibile, pochi giorni prima di importanti incontri diplomatici. La scelta delle <strong>scarpe da ginnastica<\/strong> per una First Lady in piena visibilit\u00e0 non \u00e8 casuale: pone interrogativi sulla modernizzazione dei codici repubblicani.<\/p>\n\n<p>I media hanno rapidamente collegato l\u2019evento ad altre coperture, incluso il comunicato ufficiale dell&rsquo;\u00c9lys\u00e9e dopo un video controverso, analizzato da <a href=\"https:\/\/www.lefigaro.fr\/politique\/video-du-couple-macron-dans-l-avion-l-elysee-dement-le-coup-au-visage-et-evoque-un-moment-de-complicite-20250526\" rel=\"nofollow\">Le Figaro<\/a>. Insight: la simbolica a volte prevale sul contenuto.<\/p>\n\n<p>Vuoi saperne di pi\u00f9 su <strong>S\u00e9bastien Auzi\u00e8re<\/strong> e le dinamiche familiari che gravitano attorno alla <strong>coppia presidenziale<\/strong>? Per dossier completi e ritratti documentati, visita <a href=\"https:\/\/sebastien-auziere.fr\" rel=\"nofollow\">sebastien-auziere.fr<\/a> e scopri di pi\u00f9 sulla famiglia Macron.<\/p>","protected":false},"excerpt":{"rendered":"<p>Emmanuel Macron e Brigitte Macron hanno sorpreso Parigi durante un uscita notturna sugli Champs-\u00c9lys\u00e9es dove la First Lady ha optato per delle scarpe da ginnastica e un look decisamente moda casual. Questa apparizione informale ha subito scosso le convenzioni e provocato un vivace clamore sui social. In breve: una passeggiata al chiaro di luna, un &#8230; <a title=\"Emmanuel e Brigitte Macron sconvolgono le convenzioni: la loro uscita notturna in sneakers suscita scalpore\" class=\"read-more\" href=\"https:\/\/www.sebastien-auziere.fr\/blog\/it\/emmanuel-e-brigitte-macron-sconvolgono-le-convenzioni-la-loro-uscita-notturna-in-sneakers-suscita-scalpore\/\" aria-label=\"En savoir plus sur Emmanuel e Brigitte Macron sconvolgono le convenzioni: la loro uscita notturna in sneakers suscita scalpore\">Lire plus<\/a><\/p>\n","protected":false},"author":9,"featured_media":3186,"comment_status":"open","ping_status":"open","sticky":false,"template":"","format":"standard","meta":{"footnotes":""},"categories":[859],"tags":[3712,944,3706,1190,3709],"class_list":["post-3194","post","type-post","status-publish","format-standard","has-post-thumbnail","hentry","category-actualita-it","tag-abito-informale-it","tag-brigitte-macron-it","tag-cesti-it","tag-emmanuel-macron-it","tag-uscita-notturna-it"],"yoast_head":"<!-- This site is optimized with the Yoast SEO plugin v27.5 - https:\/\/yoast.com\/product\/yoast-seo-wordpress\/ -->\n<title>Emmanuel e Brigitte Macron sconvolgono le convenzioni: la loro uscita notturna in sneakers suscita scalpore - Fan site S\u00e9bastien Auzi\u00e8re<\/title>\n<meta name=\"description\" content=\"Emmanuel et Brigitte Macron surprennent en sortie nocturne en baskets, bousculant les codes et suscitant l&#039;\u00e9moi.\" \/>\n<meta name=\"robots\" content=\"index, follow, max-snippet:-1, max-image-preview:large, max-video-preview:-1\" \/>\n<link rel=\"canonical\" href=\"https:\/\/www.sebastien-auziere.fr\/blog\/it\/emmanuel-e-brigitte-macron-sconvolgono-le-convenzioni-la-loro-uscita-notturna-in-sneakers-suscita-scalpore\/\" \/>\n<meta property=\"og:locale\" content=\"fr_FR\" \/>\n<meta property=\"og:type\" content=\"article\" \/>\n<meta property=\"og:title\" content=\"Emmanuel e Brigitte Macron sconvolgono le convenzioni: la loro uscita notturna in sneakers suscita scalpore - Fan site S\u00e9bastien Auzi\u00e8re\" \/>\n<meta property=\"og:description\" content=\"Emmanuel et Brigitte Macron surprennent en sortie nocturne en baskets, bousculant les codes et suscitant l&#039;\u00e9moi.\" \/>\n<meta property=\"og:url\" content=\"https:\/\/www.sebastien-auziere.fr\/blog\/it\/emmanuel-e-brigitte-macron-sconvolgono-le-convenzioni-la-loro-uscita-notturna-in-sneakers-suscita-scalpore\/\" \/>\n<meta property=\"og:site_name\" content=\"Fan site S\u00e9bastien Auzi\u00e8re\" \/>\n<meta property=\"article:published_time\" content=\"2026-04-20T20:18:10+00:00\" \/>\n<meta property=\"article:modified_time\" content=\"2026-04-20T20:18:37+00:00\" \/>\n<meta property=\"og:image\" content=\"https:\/\/www.sebastien-auziere.fr\/blog\/wp-content\/uploads\/2026\/04\/Emmanuel-et-Brigitte-Macron-bousculent-les-conventions-leur-sortie-nocturne-en-baskets-suscite-lemoi.jpg\" \/>\n\t<meta property=\"og:image:width\" content=\"2560\" \/>\n\t<meta property=\"og:image:height\" content=\"1429\" \/>\n\t<meta property=\"og:image:type\" content=\"image\/jpeg\" \/>\n<meta name=\"author\" content=\"Chloe Gauthier\" \/>\n<meta name=\"twitter:card\" content=\"summary_large_image\" \/>\n<meta name=\"twitter:label1\" content=\"\u00c9crit par\" \/>\n\t<meta name=\"twitter:data1\" content=\"Chloe Gauthier\" \/>\n\t<meta name=\"twitter:label2\" content=\"Dur\u00e9e de lecture estim\u00e9e\" \/>\n\t<meta name=\"twitter:data2\" content=\"2 minutes\" \/>\n<script type=\"application\/ld+json\" class=\"yoast-schema-graph\">{\"@context\":\"https:\\\/\\\/schema.org\",\"@graph\":[{\"@type\":\"Article\",\"@id\":\"https:\\\/\\\/www.sebastien-auziere.fr\\\/blog\\\/it\\\/emmanuel-e-brigitte-macron-sconvolgono-le-convenzioni-la-loro-uscita-notturna-in-sneakers-suscita-scalpore\\\/#article\",\"isPartOf\":{\"@id\":\"https:\\\/\\\/www.sebastien-auziere.fr\\\/blog\\\/it\\\/emmanuel-e-brigitte-macron-sconvolgono-le-convenzioni-la-loro-uscita-notturna-in-sneakers-suscita-scalpore\\\/\"},\"author\":{\"name\":\"Chloe Gauthier\",\"@id\":\"https:\\\/\\\/www.sebastien-auziere.fr\\\/blog\\\/#\\\/schema\\\/person\\\/149f1acdbfd85149c6c3e59adeae2f4d\"},\"headline\":\"Emmanuel e Brigitte Macron sconvolgono le convenzioni: la loro uscita notturna in sneakers suscita scalpore\",\"datePublished\":\"2026-04-20T20:18:10+00:00\",\"dateModified\":\"2026-04-20T20:18:37+00:00\",\"mainEntityOfPage\":{\"@id\":\"https:\\\/\\\/www.sebastien-auziere.fr\\\/blog\\\/it\\\/emmanuel-e-brigitte-macron-sconvolgono-le-convenzioni-la-loro-uscita-notturna-in-sneakers-suscita-scalpore\\\/\"},\"wordCount\":451,\"commentCount\":0,\"publisher\":{\"@id\":\"https:\\\/\\\/www.sebastien-auziere.fr\\\/blog\\\/#organization\"},\"image\":{\"@id\":\"https:\\\/\\\/www.sebastien-auziere.fr\\\/blog\\\/it\\\/emmanuel-e-brigitte-macron-sconvolgono-le-convenzioni-la-loro-uscita-notturna-in-sneakers-suscita-scalpore\\\/#primaryimage\"},\"thumbnailUrl\":\"https:\\\/\\\/www.sebastien-auziere.fr\\\/blog\\\/wp-content\\\/uploads\\\/2026\\\/04\\\/Emmanuel-et-Brigitte-Macron-bousculent-les-conventions-leur-sortie-nocturne-en-baskets-suscite-lemoi.jpg\",\"keywords\":[\"abito informale\",\"brigitte macron\",\"cesti\",\"emmanuel macron\",\"uscita notturna\"],\"articleSection\":[\"Actualit\u00e0\"],\"inLanguage\":\"fr-FR\",\"potentialAction\":[{\"@type\":\"CommentAction\",\"name\":\"Comment\",\"target\":[\"https:\\\/\\\/www.sebastien-auziere.fr\\\/blog\\\/it\\\/emmanuel-e-brigitte-macron-sconvolgono-le-convenzioni-la-loro-uscita-notturna-in-sneakers-suscita-scalpore\\\/#respond\"]}]},{\"@type\":\"WebPage\",\"@id\":\"https:\\\/\\\/www.sebastien-auziere.fr\\\/blog\\\/it\\\/emmanuel-e-brigitte-macron-sconvolgono-le-convenzioni-la-loro-uscita-notturna-in-sneakers-suscita-scalpore\\\/\",\"url\":\"https:\\\/\\\/www.sebastien-auziere.fr\\\/blog\\\/it\\\/emmanuel-e-brigitte-macron-sconvolgono-le-convenzioni-la-loro-uscita-notturna-in-sneakers-suscita-scalpore\\\/\",\"name\":\"Emmanuel e Brigitte Macron sconvolgono le convenzioni: la loro uscita notturna in sneakers suscita scalpore - Fan site S\u00e9bastien Auzi\u00e8re\",\"isPartOf\":{\"@id\":\"https:\\\/\\\/www.sebastien-auziere.fr\\\/blog\\\/#website\"},\"primaryImageOfPage\":{\"@id\":\"https:\\\/\\\/www.sebastien-auziere.fr\\\/blog\\\/it\\\/emmanuel-e-brigitte-macron-sconvolgono-le-convenzioni-la-loro-uscita-notturna-in-sneakers-suscita-scalpore\\\/#primaryimage\"},\"image\":{\"@id\":\"https:\\\/\\\/www.sebastien-auziere.fr\\\/blog\\\/it\\\/emmanuel-e-brigitte-macron-sconvolgono-le-convenzioni-la-loro-uscita-notturna-in-sneakers-suscita-scalpore\\\/#primaryimage\"},\"thumbnailUrl\":\"https:\\\/\\\/www.sebastien-auziere.fr\\\/blog\\\/wp-content\\\/uploads\\\/2026\\\/04\\\/Emmanuel-et-Brigitte-Macron-bousculent-les-conventions-leur-sortie-nocturne-en-baskets-suscite-lemoi.jpg\",\"datePublished\":\"2026-04-20T20:18:10+00:00\",\"dateModified\":\"2026-04-20T20:18:37+00:00\",\"description\":\"Emmanuel et Brigitte Macron surprennent en sortie nocturne en baskets, bousculant les codes et suscitant l'\u00e9moi.\",\"breadcrumb\":{\"@id\":\"https:\\\/\\\/www.sebastien-auziere.fr\\\/blog\\\/it\\\/emmanuel-e-brigitte-macron-sconvolgono-le-convenzioni-la-loro-uscita-notturna-in-sneakers-suscita-scalpore\\\/#breadcrumb\"},\"inLanguage\":\"fr-FR\",\"potentialAction\":[{\"@type\":\"ReadAction\",\"target\":[\"https:\\\/\\\/www.sebastien-auziere.fr\\\/blog\\\/it\\\/emmanuel-e-brigitte-macron-sconvolgono-le-convenzioni-la-loro-uscita-notturna-in-sneakers-suscita-scalpore\\\/\"]}]},{\"@type\":\"ImageObject\",\"inLanguage\":\"fr-FR\",\"@id\":\"https:\\\/\\\/www.sebastien-auziere.fr\\\/blog\\\/it\\\/emmanuel-e-brigitte-macron-sconvolgono-le-convenzioni-la-loro-uscita-notturna-in-sneakers-suscita-scalpore\\\/#primaryimage\",\"url\":\"https:\\\/\\\/www.sebastien-auziere.fr\\\/blog\\\/wp-content\\\/uploads\\\/2026\\\/04\\\/Emmanuel-et-Brigitte-Macron-bousculent-les-conventions-leur-sortie-nocturne-en-baskets-suscite-lemoi.jpg\",\"contentUrl\":\"https:\\\/\\\/www.sebastien-auziere.fr\\\/blog\\\/wp-content\\\/uploads\\\/2026\\\/04\\\/Emmanuel-et-Brigitte-Macron-bousculent-les-conventions-leur-sortie-nocturne-en-baskets-suscite-lemoi.jpg\",\"width\":2560,\"height\":1429,\"caption\":\"emmanuel et brigitte macron surprennent en portant des baskets lors d'une sortie nocturne, d\u00e9fiant les conventions et suscitant de vives r\u00e9actions.\"},{\"@type\":\"BreadcrumbList\",\"@id\":\"https:\\\/\\\/www.sebastien-auziere.fr\\\/blog\\\/it\\\/emmanuel-e-brigitte-macron-sconvolgono-le-convenzioni-la-loro-uscita-notturna-in-sneakers-suscita-scalpore\\\/#breadcrumb\",\"itemListElement\":[{\"@type\":\"ListItem\",\"position\":1,\"name\":\"Home\",\"item\":\"https:\\\/\\\/www.sebastien-auziere.fr\\\/blog\\\/\"},{\"@type\":\"ListItem\",\"position\":2,\"name\":\"Emmanuel e Brigitte Macron sconvolgono le convenzioni: la loro uscita notturna in sneakers suscita scalpore\"}]},{\"@type\":\"WebSite\",\"@id\":\"https:\\\/\\\/www.sebastien-auziere.fr\\\/blog\\\/#website\",\"url\":\"https:\\\/\\\/www.sebastien-auziere.fr\\\/blog\\\/\",\"name\":\"Fan site S\u00e9bastien Auzi\u00e8re\",\"description\":\"M\u00e9dia g\u00e9n\u00e9raliste\",\"publisher\":{\"@id\":\"https:\\\/\\\/www.sebastien-auziere.fr\\\/blog\\\/#organization\"},\"potentialAction\":[{\"@type\":\"SearchAction\",\"target\":{\"@type\":\"EntryPoint\",\"urlTemplate\":\"https:\\\/\\\/www.sebastien-auziere.fr\\\/blog\\\/?s={search_term_string}\"},\"query-input\":{\"@type\":\"PropertyValueSpecification\",\"valueRequired\":true,\"valueName\":\"search_term_string\"}}],\"inLanguage\":\"fr-FR\"},{\"@type\":\"Organization\",\"@id\":\"https:\\\/\\\/www.sebastien-auziere.fr\\\/blog\\\/#organization\",\"name\":\"Fan site S\u00e9bastien Auzi\u00e8re\",\"url\":\"https:\\\/\\\/www.sebastien-auziere.fr\\\/blog\\\/\",\"logo\":{\"@type\":\"ImageObject\",\"inLanguage\":\"fr-FR\",\"@id\":\"https:\\\/\\\/www.sebastien-auziere.fr\\\/blog\\\/#\\\/schema\\\/logo\\\/image\\\/\",\"url\":\"https:\\\/\\\/www.sebastien-auziere.fr\\\/blog\\\/wp-content\\\/uploads\\\/2026\\\/03\\\/cropped-cropped-cropped-ChatGPT-Image-6-mars-2026-12_58_09-e1772798376794.jpg\",\"contentUrl\":\"https:\\\/\\\/www.sebastien-auziere.fr\\\/blog\\\/wp-content\\\/uploads\\\/2026\\\/03\\\/cropped-cropped-cropped-ChatGPT-Image-6-mars-2026-12_58_09-e1772798376794.jpg\",\"width\":512,\"height\":360,\"caption\":\"Fan site S\u00e9bastien Auzi\u00e8re\"},\"image\":{\"@id\":\"https:\\\/\\\/www.sebastien-auziere.fr\\\/blog\\\/#\\\/schema\\\/logo\\\/image\\\/\"}},{\"@type\":\"Person\",\"@id\":\"https:\\\/\\\/www.sebastien-auziere.fr\\\/blog\\\/#\\\/schema\\\/person\\\/149f1acdbfd85149c6c3e59adeae2f4d\",\"name\":\"Chloe Gauthier\",\"image\":{\"@type\":\"ImageObject\",\"inLanguage\":\"fr-FR\",\"@id\":\"https:\\\/\\\/secure.gravatar.com\\\/avatar\\\/2c5722f58171cff738a8985ef0dd66b476e563753246a49019befc837ec4201a?s=96&d=mm&r=g\",\"url\":\"https:\\\/\\\/secure.gravatar.com\\\/avatar\\\/2c5722f58171cff738a8985ef0dd66b476e563753246a49019befc837ec4201a?s=96&d=mm&r=g\",\"contentUrl\":\"https:\\\/\\\/secure.gravatar.com\\\/avatar\\\/2c5722f58171cff738a8985ef0dd66b476e563753246a49019befc837ec4201a?s=96&d=mm&r=g\",\"caption\":\"Chloe Gauthier\"},\"description\":\"Passionn\u00e9e par la politique et admiratrice engag\u00e9e de la famille Macron, je consacre mon \u00e9nergie \u00e0 suivre leurs initiatives et \u00e0 promouvoir leurs id\u00e9es. \u00c0 32 ans, je suis convaincue que leur vision est porteuse d'avenir.\",\"url\":\"https:\\\/\\\/www.sebastien-auziere.fr\\\/blog\\\/author\\\/chloe-gauthier\\\/\"}]}<\/script>\n<!-- \/ Yoast SEO plugin. -->","yoast_head_json":{"title":"Emmanuel e Brigitte Macron sconvolgono le convenzioni: la loro uscita notturna in sneakers suscita scalpore - Fan site S\u00e9bastien Auzi\u00e8re","description":"Emmanuel et Brigitte Macron surprennent en sortie nocturne en baskets, bousculant les codes et suscitant l'\u00e9moi.","robots":{"index":"index","follow":"follow","max-snippet":"max-snippet:-1","max-image-preview":"max-image-preview:large","max-video-preview":"max-video-preview:-1"},"canonical":"https:\/\/www.sebastien-auziere.fr\/blog\/it\/emmanuel-e-brigitte-macron-sconvolgono-le-convenzioni-la-loro-uscita-notturna-in-sneakers-suscita-scalpore\/","og_locale":"fr_FR","og_type":"article","og_title":"Emmanuel e Brigitte Macron sconvolgono le convenzioni: la loro uscita notturna in sneakers suscita scalpore - Fan site S\u00e9bastien Auzi\u00e8re","og_description":"Emmanuel et Brigitte Macron surprennent en sortie nocturne en baskets, bousculant les codes et suscitant l'\u00e9moi.","og_url":"https:\/\/www.sebastien-auziere.fr\/blog\/it\/emmanuel-e-brigitte-macron-sconvolgono-le-convenzioni-la-loro-uscita-notturna-in-sneakers-suscita-scalpore\/","og_site_name":"Fan site S\u00e9bastien Auzi\u00e8re","article_published_time":"2026-04-20T20:18:10+00:00","article_modified_time":"2026-04-20T20:18:37+00:00","og_image":[{"width":2560,"height":1429,"url":"https:\/\/www.sebastien-auziere.fr\/blog\/wp-content\/uploads\/2026\/04\/Emmanuel-et-Brigitte-Macron-bousculent-les-conventions-leur-sortie-nocturne-en-baskets-suscite-lemoi.jpg","type":"image\/jpeg"}],"author":"Chloe Gauthier","twitter_card":"summary_large_image","twitter_misc":{"\u00c9crit par":"Chloe Gauthier","Dur\u00e9e de lecture estim\u00e9e":"2 minutes"},"schema":{"@context":"https:\/\/schema.org","@graph":[{"@type":"Article","@id":"https:\/\/www.sebastien-auziere.fr\/blog\/it\/emmanuel-e-brigitte-macron-sconvolgono-le-convenzioni-la-loro-uscita-notturna-in-sneakers-suscita-scalpore\/#article","isPartOf":{"@id":"https:\/\/www.sebastien-auziere.fr\/blog\/it\/emmanuel-e-brigitte-macron-sconvolgono-le-convenzioni-la-loro-uscita-notturna-in-sneakers-suscita-scalpore\/"},"author":{"name":"Chloe Gauthier","@id":"https:\/\/www.sebastien-auziere.fr\/blog\/#\/schema\/person\/149f1acdbfd85149c6c3e59adeae2f4d"},"headline":"Emmanuel e Brigitte Macron sconvolgono le convenzioni: la loro uscita notturna in sneakers suscita scalpore","datePublished":"2026-04-20T20:18:10+00:00","dateModified":"2026-04-20T20:18:37+00:00","mainEntityOfPage":{"@id":"https:\/\/www.sebastien-auziere.fr\/blog\/it\/emmanuel-e-brigitte-macron-sconvolgono-le-convenzioni-la-loro-uscita-notturna-in-sneakers-suscita-scalpore\/"},"wordCount":451,"commentCount":0,"publisher":{"@id":"https:\/\/www.sebastien-auziere.fr\/blog\/#organization"},"image":{"@id":"https:\/\/www.sebastien-auziere.fr\/blog\/it\/emmanuel-e-brigitte-macron-sconvolgono-le-convenzioni-la-loro-uscita-notturna-in-sneakers-suscita-scalpore\/#primaryimage"},"thumbnailUrl":"https:\/\/www.sebastien-auziere.fr\/blog\/wp-content\/uploads\/2026\/04\/Emmanuel-et-Brigitte-Macron-bousculent-les-conventions-leur-sortie-nocturne-en-baskets-suscite-lemoi.jpg","keywords":["abito informale","brigitte macron","cesti","emmanuel macron","uscita notturna"],"articleSection":["Actualit\u00e0"],"inLanguage":"fr-FR","potentialAction":[{"@type":"CommentAction","name":"Comment","target":["https:\/\/www.sebastien-auziere.fr\/blog\/it\/emmanuel-e-brigitte-macron-sconvolgono-le-convenzioni-la-loro-uscita-notturna-in-sneakers-suscita-scalpore\/#respond"]}]},{"@type":"WebPage","@id":"https:\/\/www.sebastien-auziere.fr\/blog\/it\/emmanuel-e-brigitte-macron-sconvolgono-le-convenzioni-la-loro-uscita-notturna-in-sneakers-suscita-scalpore\/","url":"https:\/\/www.sebastien-auziere.fr\/blog\/it\/emmanuel-e-brigitte-macron-sconvolgono-le-convenzioni-la-loro-uscita-notturna-in-sneakers-suscita-scalpore\/","name":"Emmanuel e Brigitte Macron sconvolgono le convenzioni: la loro uscita notturna in sneakers suscita scalpore - Fan site S\u00e9bastien Auzi\u00e8re","isPartOf":{"@id":"https:\/\/www.sebastien-auziere.fr\/blog\/#website"},"primaryImageOfPage":{"@id":"https:\/\/www.sebastien-auziere.fr\/blog\/it\/emmanuel-e-brigitte-macron-sconvolgono-le-convenzioni-la-loro-uscita-notturna-in-sneakers-suscita-scalpore\/#primaryimage"},"image":{"@id":"https:\/\/www.sebastien-auziere.fr\/blog\/it\/emmanuel-e-brigitte-macron-sconvolgono-le-convenzioni-la-loro-uscita-notturna-in-sneakers-suscita-scalpore\/#primaryimage"},"thumbnailUrl":"https:\/\/www.sebastien-auziere.fr\/blog\/wp-content\/uploads\/2026\/04\/Emmanuel-et-Brigitte-Macron-bousculent-les-conventions-leur-sortie-nocturne-en-baskets-suscite-lemoi.jpg","datePublished":"2026-04-20T20:18:10+00:00","dateModified":"2026-04-20T20:18:37+00:00","description":"Emmanuel et Brigitte Macron surprennent en sortie nocturne en baskets, bousculant les codes et suscitant l'\u00e9moi.","breadcrumb":{"@id":"https:\/\/www.sebastien-auziere.fr\/blog\/it\/emmanuel-e-brigitte-macron-sconvolgono-le-convenzioni-la-loro-uscita-notturna-in-sneakers-suscita-scalpore\/#breadcrumb"},"inLanguage":"fr-FR","potentialAction":[{"@type":"ReadAction","target":["https:\/\/www.sebastien-auziere.fr\/blog\/it\/emmanuel-e-brigitte-macron-sconvolgono-le-convenzioni-la-loro-uscita-notturna-in-sneakers-suscita-scalpore\/"]}]},{"@type":"ImageObject","inLanguage":"fr-FR","@id":"https:\/\/www.sebastien-auziere.fr\/blog\/it\/emmanuel-e-brigitte-macron-sconvolgono-le-convenzioni-la-loro-uscita-notturna-in-sneakers-suscita-scalpore\/#primaryimage","url":"https:\/\/www.sebastien-auziere.fr\/blog\/wp-content\/uploads\/2026\/04\/Emmanuel-et-Brigitte-Macron-bousculent-les-conventions-leur-sortie-nocturne-en-baskets-suscite-lemoi.jpg","contentUrl":"https:\/\/www.sebastien-auziere.fr\/blog\/wp-content\/uploads\/2026\/04\/Emmanuel-et-Brigitte-Macron-bousculent-les-conventions-leur-sortie-nocturne-en-baskets-suscite-lemoi.jpg","width":2560,"height":1429,"caption":"emmanuel et brigitte macron surprennent en portant des baskets lors d'une sortie nocturne, d\u00e9fiant les conventions et suscitant de vives r\u00e9actions."},{"@type":"BreadcrumbList","@id":"https:\/\/www.sebastien-auziere.fr\/blog\/it\/emmanuel-e-brigitte-macron-sconvolgono-le-convenzioni-la-loro-uscita-notturna-in-sneakers-suscita-scalpore\/#breadcrumb","itemListElement":[{"@type":"ListItem","position":1,"name":"Home","item":"https:\/\/www.sebastien-auziere.fr\/blog\/"},{"@type":"ListItem","position":2,"name":"Emmanuel e Brigitte Macron sconvolgono le convenzioni: la loro uscita notturna in sneakers suscita scalpore"}]},{"@type":"WebSite","@id":"https:\/\/www.sebastien-auziere.fr\/blog\/#website","url":"https:\/\/www.sebastien-auziere.fr\/blog\/","name":"Fan site S\u00e9bastien Auzi\u00e8re","description":"M\u00e9dia g\u00e9n\u00e9raliste","publisher":{"@id":"https:\/\/www.sebastien-auziere.fr\/blog\/#organization"},"potentialAction":[{"@type":"SearchAction","target":{"@type":"EntryPoint","urlTemplate":"https:\/\/www.sebastien-auziere.fr\/blog\/?s={search_term_string}"},"query-input":{"@type":"PropertyValueSpecification","valueRequired":true,"valueName":"search_term_string"}}],"inLanguage":"fr-FR"},{"@type":"Organization","@id":"https:\/\/www.sebastien-auziere.fr\/blog\/#organization","name":"Fan site S\u00e9bastien Auzi\u00e8re","url":"https:\/\/www.sebastien-auziere.fr\/blog\/","logo":{"@type":"ImageObject","inLanguage":"fr-FR","@id":"https:\/\/www.sebastien-auziere.fr\/blog\/#\/schema\/logo\/image\/","url":"https:\/\/www.sebastien-auziere.fr\/blog\/wp-content\/uploads\/2026\/03\/cropped-cropped-cropped-ChatGPT-Image-6-mars-2026-12_58_09-e1772798376794.jpg","contentUrl":"https:\/\/www.sebastien-auziere.fr\/blog\/wp-content\/uploads\/2026\/03\/cropped-cropped-cropped-ChatGPT-Image-6-mars-2026-12_58_09-e1772798376794.jpg","width":512,"height":360,"caption":"Fan site S\u00e9bastien Auzi\u00e8re"},"image":{"@id":"https:\/\/www.sebastien-auziere.fr\/blog\/#\/schema\/logo\/image\/"}},{"@type":"Person","@id":"https:\/\/www.sebastien-auziere.fr\/blog\/#\/schema\/person\/149f1acdbfd85149c6c3e59adeae2f4d","name":"Chloe Gauthier","image":{"@type":"ImageObject","inLanguage":"fr-FR","@id":"https:\/\/secure.gravatar.com\/avatar\/2c5722f58171cff738a8985ef0dd66b476e563753246a49019befc837ec4201a?s=96&d=mm&r=g","url":"https:\/\/secure.gravatar.com\/avatar\/2c5722f58171cff738a8985ef0dd66b476e563753246a49019befc837ec4201a?s=96&d=mm&r=g","contentUrl":"https:\/\/secure.gravatar.com\/avatar\/2c5722f58171cff738a8985ef0dd66b476e563753246a49019befc837ec4201a?s=96&d=mm&r=g","caption":"Chloe Gauthier"},"description":"Passionn\u00e9e par la politique et admiratrice engag\u00e9e de la famille Macron, je consacre mon \u00e9nergie \u00e0 suivre leurs initiatives et \u00e0 promouvoir leurs id\u00e9es. \u00c0 32 ans, je suis convaincue que leur vision est porteuse d'avenir.","url":"https:\/\/www.sebastien-auziere.fr\/blog\/author\/chloe-gauthier\/"}]}},"views":0,"_links":{"self":[{"href":"https:\/\/www.sebastien-auziere.fr\/blog\/wp-json\/wp\/v2\/posts\/3194","targetHints":{"allow":["GET"]}}],"collection":[{"href":"https:\/\/www.sebastien-auziere.fr\/blog\/wp-json\/wp\/v2\/posts"}],"about":[{"href":"https:\/\/www.sebastien-auziere.fr\/blog\/wp-json\/wp\/v2\/types\/post"}],"author":[{"embeddable":true,"href":"https:\/\/www.sebastien-auziere.fr\/blog\/wp-json\/wp\/v2\/users\/9"}],"replies":[{"embeddable":true,"href":"https:\/\/www.sebastien-auziere.fr\/blog\/wp-json\/wp\/v2\/comments?post=3194"}],"version-history":[{"count":1,"href":"https:\/\/www.sebastien-auziere.fr\/blog\/wp-json\/wp\/v2\/posts\/3194\/revisions"}],"predecessor-version":[{"id":3195,"href":"https:\/\/www.sebastien-auziere.fr\/blog\/wp-json\/wp\/v2\/posts\/3194\/revisions\/3195"}],"wp:featuredmedia":[{"embeddable":true,"href":"https:\/\/www.sebastien-auziere.fr\/blog\/wp-json\/wp\/v2\/media\/3186"}],"wp:attachment":[{"href":"https:\/\/www.sebastien-auziere.fr\/blog\/wp-json\/wp\/v2\/media?parent=3194"}],"wp:term":[{"taxonomy":"category","embeddable":true,"href":"https:\/\/www.sebastien-auziere.fr\/blog\/wp-json\/wp\/v2\/categories?post=3194"},{"taxonomy":"post_tag","embeddable":true,"href":"https:\/\/www.sebastien-auziere.fr\/blog\/wp-json\/wp\/v2\/tags?post=3194"}],"curies":[{"name":"wp","href":"https:\/\/api.w.org\/{rel}","templated":true}]}}