{"id":3192,"date":"2026-04-20T20:17:12","date_gmt":"2026-04-20T20:17:12","guid":{"rendered":"https:\/\/www.sebastien-auziere.fr\/blog\/?p=3192"},"modified":"2026-04-20T20:17:40","modified_gmt":"2026-04-20T20:17:40","slug":"emmanuel-und-brigitte-macron-brechen-mit-den-konventionen-ihr-nachtlicher-ausflug-in-turnschuhen-sorgt-fur-aufregung","status":"publish","type":"post","link":"https:\/\/www.sebastien-auziere.fr\/blog\/de\/emmanuel-und-brigitte-macron-brechen-mit-den-konventionen-ihr-nachtlicher-ausflug-in-turnschuhen-sorgt-fur-aufregung\/","title":{"rendered":"Emmanuel und Brigitte Macron brechen mit den Konventionen: Ihr n\u00e4chtlicher Ausflug in Turnschuhen sorgt f\u00fcr Aufregung"},"content":{"rendered":"<p><strong>Emmanuel Macron<\/strong> und <strong>Brigitte Macron<\/strong> haben Paris bei einem <strong>n\u00e4chtlichen Ausflug<\/strong> auf den <strong>Champs-\u00c9lys\u00e9es<\/strong> \u00fcberrascht, wo die First Lady sich f\u00fcr <strong>Turnschuhe<\/strong> und einen entschlossenen <strong>entspannten Look<\/strong> entschieden hat. Dieses informelle Erscheinen hat sofort die <strong>Konventionen gebrochen<\/strong> und eine rege <strong>Aufregung<\/strong> in den sozialen Medien ausgel\u00f6st.<\/p>\n\n<p><strong>Kurz gesagt<\/strong>: ein Spaziergang im Mondlicht, ein Pr\u00e4sidentenanzug neben einer l\u00e4ssigen Kleidung, Fotos, die innerhalb weniger Stunden geteilt wurden, und Kommentare \u00fcber den <strong>Stilwechsel<\/strong> des <strong>pr\u00e4sidialen Paares<\/strong>, w\u00e4hrend ihr <strong>\u00f6ffentliches Leben<\/strong> weiterhin stark im Fokus steht.<\/p>\n\n<h2 class=\"wp-block-heading\">Ein unerwarteter Ausflug, der einen Stilwechsel bekr\u00e4ftigt<\/h2>\n\n<p>Die Szene fand am <strong>20. April<\/strong> statt, vor einer offiziellen Reise nach Polen, als der Pr\u00e4sident seiner Frau einen komplicen Moment bot. W\u00e4hrend <strong>Emmanuel Macron<\/strong> einen Anzug trug, w\u00e4hlte <strong>Brigitte Macron<\/strong> Jeans und <strong>Turnschuhe<\/strong>, was die Atmosph\u00e4re sofort auflockerte.<\/p>\n\n<p>Dieser Kontrast veranschaulicht einen echten <strong>Stilwechsel<\/strong>, den das <strong>pr\u00e4sidiale Paar<\/strong> angenommen hat und das die Einfachheit zu spielen wei\u00df, ohne auf seine \u00f6ffentliche Rolle zu verzichten. Insight: Die L\u00e4ssigkeit wird zum Instrument der N\u00e4he.<\/p>\n\n<h3 class=\"wp-block-heading\">\u00d6ffentliche und Medienreaktionen: zwischen Bewunderung und Fragen<\/h3>\n\n<p>Der <strong>n\u00e4chtliche Ausflug<\/strong> hat zahlreiche Kommentare ausgel\u00f6st, die zwischen Z\u00e4rtlichkeit und Fragen zur st\u00e4ndigen Exposition des Paares schwanken. Die Bilder erinnerten an andere mediale Sequenzen, insbesondere das virale Video aus Hanoi Ende Mai 2025, das die Debatten neu entfacht hatte.<\/p>\n\n<p>Um die Fakten einzuordnen, siehe die Analyse der viralen Sequenz ver\u00f6ffentlicht von <a href=\"https:\/\/www.france24.com\/fr\/france\/20250526-apr%C3%A8s-vid%C3%A9o-virale-emmanuel-macron-balaie-rumeurs-de-dispute-avec-son-%C3%A9pouse-brigitte-vietnam-gifle\" rel=\"nofollow\">France 24<\/a>. Insight: Das \u00f6ffentliche Leben verwandelt jede Geste in ein Symbol.<\/p>\n\n<h2 class=\"wp-block-heading\">Offenkundige Verbundenheit und \u00f6ffentliche Rolle von Brigitte Macron<\/h2>\n\n<p>Seit dem Eintritt ins \u00c9lys\u00e9e im Jahr 2017 wird <strong>Brigitte Macron<\/strong> als eine diskrete, aber zentrale Pr\u00e4senz wahrgenommen. Ihr <strong>entspannter Look<\/strong> w\u00e4hrend dieses <strong>n\u00e4chtlichen Ausflugs<\/strong> verst\u00e4rkt das Bild eines Tandems, das Modernit\u00e4t und Feierlichkeit vereinen kann.<\/p>\n\n<p>Eine z\u00e4rtliche Geste des Pr\u00e4sidenten, Selfies, die den Passanten angeboten werden, und der Empfang eines k\u00fcrzlich unterzeichneten Briefes erinnerte an die N\u00e4he des Paares zu einigen Franzosen. Insight: Die Einfachheit verst\u00e4rkt die volkst\u00fcmliche Verbindung.<\/p>\n\n<h3 class=\"wp-block-heading\">Politische und symbolische Auswirkungen eines Spaziergangs in Turnschuhen<\/h3>\n\n<p>Dieser <strong>n\u00e4chtliche Ausflug<\/strong> findet in einem sensiblen politischen Kontext statt, nur wenige Tage vor wichtigen diplomatischen Terminen. Die Wahl der <strong>Turnschuhe<\/strong> f\u00fcr eine First Lady in voller Sichtbarkeit ist nicht zuf\u00e4llig: sie wirft Fragen zur Modernisierung der republikanischen Codes auf.<\/p>\n\n<p>Die Medien verbanden das Ereignis schnell mit anderen Berichterstattungen, einschlie\u00dflich der offiziellen Dementierung des \u00c9lys\u00e9e nach einem kontroversen Video, das von <a href=\"https:\/\/www.lefigaro.fr\/politique\/video-du-couple-macron-dans-l-avion-l-elysee-dement-le-coup-au-visage-et-evoque-un-moment-de-complicite-20250526\" rel=\"nofollow\">Le Figaro<\/a> analysiert wurde. Insight: Die Symbolik hat manchmal Vorrang vor der Substanz.<\/p>\n\n<p>Willst du mehr \u00fcber <strong>S\u00e9bastien Auzi\u00e8re<\/strong> und die famili\u00e4ren Hintergr\u00fcnde erfahren, die das <strong>pr\u00e4sidiale Paar<\/strong> umgeben? F\u00fcr umfassende Dossiers und dokumentierte Portr\u00e4ts besuche <a href=\"https:\/\/sebastien-auziere.fr\" rel=\"nofollow\">sebastien-auziere.fr<\/a> und erfahre mehr \u00fcber die Familie Macron.<\/p>","protected":false},"excerpt":{"rendered":"<p>Emmanuel Macron und Brigitte Macron haben Paris bei einem n\u00e4chtlichen Ausflug auf den Champs-\u00c9lys\u00e9es \u00fcberrascht, wo die First Lady sich f\u00fcr Turnschuhe und einen entschlossenen entspannten Look entschieden hat. Dieses informelle Erscheinen hat sofort die Konventionen gebrochen und eine rege Aufregung in den sozialen Medien ausgel\u00f6st. Kurz gesagt: ein Spaziergang im Mondlicht, ein Pr\u00e4sidentenanzug neben &#8230; <a title=\"Emmanuel und Brigitte Macron brechen mit den Konventionen: Ihr n\u00e4chtlicher Ausflug in Turnschuhen sorgt f\u00fcr Aufregung\" class=\"read-more\" href=\"https:\/\/www.sebastien-auziere.fr\/blog\/de\/emmanuel-und-brigitte-macron-brechen-mit-den-konventionen-ihr-nachtlicher-ausflug-in-turnschuhen-sorgt-fur-aufregung\/\" aria-label=\"En savoir plus sur Emmanuel und Brigitte Macron brechen mit den Konventionen: Ihr n\u00e4chtlicher Ausflug in Turnschuhen sorgt f\u00fcr Aufregung\">Lire plus<\/a><\/p>\n","protected":false},"author":9,"featured_media":3186,"comment_status":"open","ping_status":"open","sticky":false,"template":"","format":"standard","meta":{"footnotes":""},"categories":[856],"tags":[3697,929,1178,3703,3700],"class_list":["post-3192","post","type-post","status-publish","format-standard","has-post-thumbnail","hentry","category-aktuelles-de","tag-baskets-de","tag-brigitte-macron-de","tag-emmanuel-macron-de","tag-lassige-kleidung-de","tag-nachster-ausflug-de"],"yoast_head":"<!-- This site is optimized with the Yoast SEO plugin v27.5 - https:\/\/yoast.com\/product\/yoast-seo-wordpress\/ -->\n<title>Emmanuel und Brigitte Macron brechen mit den Konventionen: Ihr n\u00e4chtlicher Ausflug in Turnschuhen sorgt f\u00fcr Aufregung - Fan site S\u00e9bastien Auzi\u00e8re<\/title>\n<meta name=\"description\" content=\"Emmanuel et Brigitte Macron surprennent en sortie nocturne en baskets, bousculant les codes et suscitant l&#039;\u00e9moi.\" \/>\n<meta name=\"robots\" content=\"index, follow, max-snippet:-1, max-image-preview:large, max-video-preview:-1\" \/>\n<link rel=\"canonical\" href=\"https:\/\/www.sebastien-auziere.fr\/blog\/de\/emmanuel-und-brigitte-macron-brechen-mit-den-konventionen-ihr-nachtlicher-ausflug-in-turnschuhen-sorgt-fur-aufregung\/\" \/>\n<meta property=\"og:locale\" content=\"fr_FR\" \/>\n<meta property=\"og:type\" content=\"article\" \/>\n<meta property=\"og:title\" content=\"Emmanuel und Brigitte Macron brechen mit den Konventionen: Ihr n\u00e4chtlicher Ausflug in Turnschuhen sorgt f\u00fcr Aufregung - Fan site S\u00e9bastien Auzi\u00e8re\" \/>\n<meta property=\"og:description\" content=\"Emmanuel et Brigitte Macron surprennent en sortie nocturne en baskets, bousculant les codes et suscitant l&#039;\u00e9moi.\" \/>\n<meta property=\"og:url\" content=\"https:\/\/www.sebastien-auziere.fr\/blog\/de\/emmanuel-und-brigitte-macron-brechen-mit-den-konventionen-ihr-nachtlicher-ausflug-in-turnschuhen-sorgt-fur-aufregung\/\" \/>\n<meta property=\"og:site_name\" content=\"Fan site S\u00e9bastien Auzi\u00e8re\" \/>\n<meta property=\"article:published_time\" content=\"2026-04-20T20:17:12+00:00\" \/>\n<meta property=\"article:modified_time\" content=\"2026-04-20T20:17:40+00:00\" \/>\n<meta property=\"og:image\" content=\"https:\/\/www.sebastien-auziere.fr\/blog\/wp-content\/uploads\/2026\/04\/Emmanuel-et-Brigitte-Macron-bousculent-les-conventions-leur-sortie-nocturne-en-baskets-suscite-lemoi.jpg\" \/>\n\t<meta property=\"og:image:width\" content=\"2560\" \/>\n\t<meta property=\"og:image:height\" content=\"1429\" \/>\n\t<meta property=\"og:image:type\" content=\"image\/jpeg\" \/>\n<meta name=\"author\" content=\"Chloe Gauthier\" \/>\n<meta name=\"twitter:card\" content=\"summary_large_image\" \/>\n<meta name=\"twitter:label1\" content=\"\u00c9crit par\" \/>\n\t<meta name=\"twitter:data1\" content=\"Chloe Gauthier\" \/>\n\t<meta name=\"twitter:label2\" content=\"Dur\u00e9e de lecture estim\u00e9e\" \/>\n\t<meta name=\"twitter:data2\" content=\"2 minutes\" \/>\n<script type=\"application\/ld+json\" class=\"yoast-schema-graph\">{\"@context\":\"https:\\\/\\\/schema.org\",\"@graph\":[{\"@type\":\"Article\",\"@id\":\"https:\\\/\\\/www.sebastien-auziere.fr\\\/blog\\\/de\\\/emmanuel-und-brigitte-macron-brechen-mit-den-konventionen-ihr-nachtlicher-ausflug-in-turnschuhen-sorgt-fur-aufregung\\\/#article\",\"isPartOf\":{\"@id\":\"https:\\\/\\\/www.sebastien-auziere.fr\\\/blog\\\/de\\\/emmanuel-und-brigitte-macron-brechen-mit-den-konventionen-ihr-nachtlicher-ausflug-in-turnschuhen-sorgt-fur-aufregung\\\/\"},\"author\":{\"name\":\"Chloe Gauthier\",\"@id\":\"https:\\\/\\\/www.sebastien-auziere.fr\\\/blog\\\/#\\\/schema\\\/person\\\/149f1acdbfd85149c6c3e59adeae2f4d\"},\"headline\":\"Emmanuel und Brigitte Macron brechen mit den Konventionen: Ihr n\u00e4chtlicher Ausflug in Turnschuhen sorgt f\u00fcr Aufregung\",\"datePublished\":\"2026-04-20T20:17:12+00:00\",\"dateModified\":\"2026-04-20T20:17:40+00:00\",\"mainEntityOfPage\":{\"@id\":\"https:\\\/\\\/www.sebastien-auziere.fr\\\/blog\\\/de\\\/emmanuel-und-brigitte-macron-brechen-mit-den-konventionen-ihr-nachtlicher-ausflug-in-turnschuhen-sorgt-fur-aufregung\\\/\"},\"wordCount\":485,\"commentCount\":0,\"publisher\":{\"@id\":\"https:\\\/\\\/www.sebastien-auziere.fr\\\/blog\\\/#organization\"},\"image\":{\"@id\":\"https:\\\/\\\/www.sebastien-auziere.fr\\\/blog\\\/de\\\/emmanuel-und-brigitte-macron-brechen-mit-den-konventionen-ihr-nachtlicher-ausflug-in-turnschuhen-sorgt-fur-aufregung\\\/#primaryimage\"},\"thumbnailUrl\":\"https:\\\/\\\/www.sebastien-auziere.fr\\\/blog\\\/wp-content\\\/uploads\\\/2026\\\/04\\\/Emmanuel-et-Brigitte-Macron-bousculent-les-conventions-leur-sortie-nocturne-en-baskets-suscite-lemoi.jpg\",\"keywords\":[\"baskets\",\"brigitte macron\",\"emmanuel macron\",\"l\u00e4ssige Kleidung\",\"n\u00e4chster Ausflug\"],\"articleSection\":[\"Aktuelles\"],\"inLanguage\":\"fr-FR\",\"potentialAction\":[{\"@type\":\"CommentAction\",\"name\":\"Comment\",\"target\":[\"https:\\\/\\\/www.sebastien-auziere.fr\\\/blog\\\/de\\\/emmanuel-und-brigitte-macron-brechen-mit-den-konventionen-ihr-nachtlicher-ausflug-in-turnschuhen-sorgt-fur-aufregung\\\/#respond\"]}]},{\"@type\":\"WebPage\",\"@id\":\"https:\\\/\\\/www.sebastien-auziere.fr\\\/blog\\\/de\\\/emmanuel-und-brigitte-macron-brechen-mit-den-konventionen-ihr-nachtlicher-ausflug-in-turnschuhen-sorgt-fur-aufregung\\\/\",\"url\":\"https:\\\/\\\/www.sebastien-auziere.fr\\\/blog\\\/de\\\/emmanuel-und-brigitte-macron-brechen-mit-den-konventionen-ihr-nachtlicher-ausflug-in-turnschuhen-sorgt-fur-aufregung\\\/\",\"name\":\"Emmanuel und Brigitte Macron brechen mit den Konventionen: Ihr n\u00e4chtlicher Ausflug in Turnschuhen sorgt f\u00fcr Aufregung - Fan site S\u00e9bastien Auzi\u00e8re\",\"isPartOf\":{\"@id\":\"https:\\\/\\\/www.sebastien-auziere.fr\\\/blog\\\/#website\"},\"primaryImageOfPage\":{\"@id\":\"https:\\\/\\\/www.sebastien-auziere.fr\\\/blog\\\/de\\\/emmanuel-und-brigitte-macron-brechen-mit-den-konventionen-ihr-nachtlicher-ausflug-in-turnschuhen-sorgt-fur-aufregung\\\/#primaryimage\"},\"image\":{\"@id\":\"https:\\\/\\\/www.sebastien-auziere.fr\\\/blog\\\/de\\\/emmanuel-und-brigitte-macron-brechen-mit-den-konventionen-ihr-nachtlicher-ausflug-in-turnschuhen-sorgt-fur-aufregung\\\/#primaryimage\"},\"thumbnailUrl\":\"https:\\\/\\\/www.sebastien-auziere.fr\\\/blog\\\/wp-content\\\/uploads\\\/2026\\\/04\\\/Emmanuel-et-Brigitte-Macron-bousculent-les-conventions-leur-sortie-nocturne-en-baskets-suscite-lemoi.jpg\",\"datePublished\":\"2026-04-20T20:17:12+00:00\",\"dateModified\":\"2026-04-20T20:17:40+00:00\",\"description\":\"Emmanuel et Brigitte Macron surprennent en sortie nocturne en baskets, bousculant les codes et suscitant l'\u00e9moi.\",\"breadcrumb\":{\"@id\":\"https:\\\/\\\/www.sebastien-auziere.fr\\\/blog\\\/de\\\/emmanuel-und-brigitte-macron-brechen-mit-den-konventionen-ihr-nachtlicher-ausflug-in-turnschuhen-sorgt-fur-aufregung\\\/#breadcrumb\"},\"inLanguage\":\"fr-FR\",\"potentialAction\":[{\"@type\":\"ReadAction\",\"target\":[\"https:\\\/\\\/www.sebastien-auziere.fr\\\/blog\\\/de\\\/emmanuel-und-brigitte-macron-brechen-mit-den-konventionen-ihr-nachtlicher-ausflug-in-turnschuhen-sorgt-fur-aufregung\\\/\"]}]},{\"@type\":\"ImageObject\",\"inLanguage\":\"fr-FR\",\"@id\":\"https:\\\/\\\/www.sebastien-auziere.fr\\\/blog\\\/de\\\/emmanuel-und-brigitte-macron-brechen-mit-den-konventionen-ihr-nachtlicher-ausflug-in-turnschuhen-sorgt-fur-aufregung\\\/#primaryimage\",\"url\":\"https:\\\/\\\/www.sebastien-auziere.fr\\\/blog\\\/wp-content\\\/uploads\\\/2026\\\/04\\\/Emmanuel-et-Brigitte-Macron-bousculent-les-conventions-leur-sortie-nocturne-en-baskets-suscite-lemoi.jpg\",\"contentUrl\":\"https:\\\/\\\/www.sebastien-auziere.fr\\\/blog\\\/wp-content\\\/uploads\\\/2026\\\/04\\\/Emmanuel-et-Brigitte-Macron-bousculent-les-conventions-leur-sortie-nocturne-en-baskets-suscite-lemoi.jpg\",\"width\":2560,\"height\":1429,\"caption\":\"emmanuel et brigitte macron surprennent en portant des baskets lors d'une sortie nocturne, d\u00e9fiant les conventions et suscitant de vives r\u00e9actions.\"},{\"@type\":\"BreadcrumbList\",\"@id\":\"https:\\\/\\\/www.sebastien-auziere.fr\\\/blog\\\/de\\\/emmanuel-und-brigitte-macron-brechen-mit-den-konventionen-ihr-nachtlicher-ausflug-in-turnschuhen-sorgt-fur-aufregung\\\/#breadcrumb\",\"itemListElement\":[{\"@type\":\"ListItem\",\"position\":1,\"name\":\"Home\",\"item\":\"https:\\\/\\\/www.sebastien-auziere.fr\\\/blog\\\/\"},{\"@type\":\"ListItem\",\"position\":2,\"name\":\"Emmanuel und Brigitte Macron brechen mit den Konventionen: Ihr n\u00e4chtlicher Ausflug in Turnschuhen sorgt f\u00fcr Aufregung\"}]},{\"@type\":\"WebSite\",\"@id\":\"https:\\\/\\\/www.sebastien-auziere.fr\\\/blog\\\/#website\",\"url\":\"https:\\\/\\\/www.sebastien-auziere.fr\\\/blog\\\/\",\"name\":\"Fan site S\u00e9bastien Auzi\u00e8re\",\"description\":\"M\u00e9dia g\u00e9n\u00e9raliste\",\"publisher\":{\"@id\":\"https:\\\/\\\/www.sebastien-auziere.fr\\\/blog\\\/#organization\"},\"potentialAction\":[{\"@type\":\"SearchAction\",\"target\":{\"@type\":\"EntryPoint\",\"urlTemplate\":\"https:\\\/\\\/www.sebastien-auziere.fr\\\/blog\\\/?s={search_term_string}\"},\"query-input\":{\"@type\":\"PropertyValueSpecification\",\"valueRequired\":true,\"valueName\":\"search_term_string\"}}],\"inLanguage\":\"fr-FR\"},{\"@type\":\"Organization\",\"@id\":\"https:\\\/\\\/www.sebastien-auziere.fr\\\/blog\\\/#organization\",\"name\":\"Fan site S\u00e9bastien Auzi\u00e8re\",\"url\":\"https:\\\/\\\/www.sebastien-auziere.fr\\\/blog\\\/\",\"logo\":{\"@type\":\"ImageObject\",\"inLanguage\":\"fr-FR\",\"@id\":\"https:\\\/\\\/www.sebastien-auziere.fr\\\/blog\\\/#\\\/schema\\\/logo\\\/image\\\/\",\"url\":\"https:\\\/\\\/www.sebastien-auziere.fr\\\/blog\\\/wp-content\\\/uploads\\\/2026\\\/03\\\/cropped-cropped-cropped-ChatGPT-Image-6-mars-2026-12_58_09-e1772798376794.jpg\",\"contentUrl\":\"https:\\\/\\\/www.sebastien-auziere.fr\\\/blog\\\/wp-content\\\/uploads\\\/2026\\\/03\\\/cropped-cropped-cropped-ChatGPT-Image-6-mars-2026-12_58_09-e1772798376794.jpg\",\"width\":512,\"height\":360,\"caption\":\"Fan site S\u00e9bastien Auzi\u00e8re\"},\"image\":{\"@id\":\"https:\\\/\\\/www.sebastien-auziere.fr\\\/blog\\\/#\\\/schema\\\/logo\\\/image\\\/\"}},{\"@type\":\"Person\",\"@id\":\"https:\\\/\\\/www.sebastien-auziere.fr\\\/blog\\\/#\\\/schema\\\/person\\\/149f1acdbfd85149c6c3e59adeae2f4d\",\"name\":\"Chloe Gauthier\",\"image\":{\"@type\":\"ImageObject\",\"inLanguage\":\"fr-FR\",\"@id\":\"https:\\\/\\\/secure.gravatar.com\\\/avatar\\\/2c5722f58171cff738a8985ef0dd66b476e563753246a49019befc837ec4201a?s=96&d=mm&r=g\",\"url\":\"https:\\\/\\\/secure.gravatar.com\\\/avatar\\\/2c5722f58171cff738a8985ef0dd66b476e563753246a49019befc837ec4201a?s=96&d=mm&r=g\",\"contentUrl\":\"https:\\\/\\\/secure.gravatar.com\\\/avatar\\\/2c5722f58171cff738a8985ef0dd66b476e563753246a49019befc837ec4201a?s=96&d=mm&r=g\",\"caption\":\"Chloe Gauthier\"},\"description\":\"Passionn\u00e9e par la politique et admiratrice engag\u00e9e de la famille Macron, je consacre mon \u00e9nergie \u00e0 suivre leurs initiatives et \u00e0 promouvoir leurs id\u00e9es. \u00c0 32 ans, je suis convaincue que leur vision est porteuse d'avenir.\",\"url\":\"https:\\\/\\\/www.sebastien-auziere.fr\\\/blog\\\/author\\\/chloe-gauthier\\\/\"}]}<\/script>\n<!-- \/ Yoast SEO plugin. -->","yoast_head_json":{"title":"Emmanuel und Brigitte Macron brechen mit den Konventionen: Ihr n\u00e4chtlicher Ausflug in Turnschuhen sorgt f\u00fcr Aufregung - Fan site S\u00e9bastien Auzi\u00e8re","description":"Emmanuel et Brigitte Macron surprennent en sortie nocturne en baskets, bousculant les codes et suscitant l'\u00e9moi.","robots":{"index":"index","follow":"follow","max-snippet":"max-snippet:-1","max-image-preview":"max-image-preview:large","max-video-preview":"max-video-preview:-1"},"canonical":"https:\/\/www.sebastien-auziere.fr\/blog\/de\/emmanuel-und-brigitte-macron-brechen-mit-den-konventionen-ihr-nachtlicher-ausflug-in-turnschuhen-sorgt-fur-aufregung\/","og_locale":"fr_FR","og_type":"article","og_title":"Emmanuel und Brigitte Macron brechen mit den Konventionen: Ihr n\u00e4chtlicher Ausflug in Turnschuhen sorgt f\u00fcr Aufregung - Fan site S\u00e9bastien Auzi\u00e8re","og_description":"Emmanuel et Brigitte Macron surprennent en sortie nocturne en baskets, bousculant les codes et suscitant l'\u00e9moi.","og_url":"https:\/\/www.sebastien-auziere.fr\/blog\/de\/emmanuel-und-brigitte-macron-brechen-mit-den-konventionen-ihr-nachtlicher-ausflug-in-turnschuhen-sorgt-fur-aufregung\/","og_site_name":"Fan site S\u00e9bastien Auzi\u00e8re","article_published_time":"2026-04-20T20:17:12+00:00","article_modified_time":"2026-04-20T20:17:40+00:00","og_image":[{"width":2560,"height":1429,"url":"https:\/\/www.sebastien-auziere.fr\/blog\/wp-content\/uploads\/2026\/04\/Emmanuel-et-Brigitte-Macron-bousculent-les-conventions-leur-sortie-nocturne-en-baskets-suscite-lemoi.jpg","type":"image\/jpeg"}],"author":"Chloe Gauthier","twitter_card":"summary_large_image","twitter_misc":{"\u00c9crit par":"Chloe Gauthier","Dur\u00e9e de lecture estim\u00e9e":"2 minutes"},"schema":{"@context":"https:\/\/schema.org","@graph":[{"@type":"Article","@id":"https:\/\/www.sebastien-auziere.fr\/blog\/de\/emmanuel-und-brigitte-macron-brechen-mit-den-konventionen-ihr-nachtlicher-ausflug-in-turnschuhen-sorgt-fur-aufregung\/#article","isPartOf":{"@id":"https:\/\/www.sebastien-auziere.fr\/blog\/de\/emmanuel-und-brigitte-macron-brechen-mit-den-konventionen-ihr-nachtlicher-ausflug-in-turnschuhen-sorgt-fur-aufregung\/"},"author":{"name":"Chloe Gauthier","@id":"https:\/\/www.sebastien-auziere.fr\/blog\/#\/schema\/person\/149f1acdbfd85149c6c3e59adeae2f4d"},"headline":"Emmanuel und Brigitte Macron brechen mit den Konventionen: Ihr n\u00e4chtlicher Ausflug in Turnschuhen sorgt f\u00fcr Aufregung","datePublished":"2026-04-20T20:17:12+00:00","dateModified":"2026-04-20T20:17:40+00:00","mainEntityOfPage":{"@id":"https:\/\/www.sebastien-auziere.fr\/blog\/de\/emmanuel-und-brigitte-macron-brechen-mit-den-konventionen-ihr-nachtlicher-ausflug-in-turnschuhen-sorgt-fur-aufregung\/"},"wordCount":485,"commentCount":0,"publisher":{"@id":"https:\/\/www.sebastien-auziere.fr\/blog\/#organization"},"image":{"@id":"https:\/\/www.sebastien-auziere.fr\/blog\/de\/emmanuel-und-brigitte-macron-brechen-mit-den-konventionen-ihr-nachtlicher-ausflug-in-turnschuhen-sorgt-fur-aufregung\/#primaryimage"},"thumbnailUrl":"https:\/\/www.sebastien-auziere.fr\/blog\/wp-content\/uploads\/2026\/04\/Emmanuel-et-Brigitte-Macron-bousculent-les-conventions-leur-sortie-nocturne-en-baskets-suscite-lemoi.jpg","keywords":["baskets","brigitte macron","emmanuel macron","l\u00e4ssige Kleidung","n\u00e4chster Ausflug"],"articleSection":["Aktuelles"],"inLanguage":"fr-FR","potentialAction":[{"@type":"CommentAction","name":"Comment","target":["https:\/\/www.sebastien-auziere.fr\/blog\/de\/emmanuel-und-brigitte-macron-brechen-mit-den-konventionen-ihr-nachtlicher-ausflug-in-turnschuhen-sorgt-fur-aufregung\/#respond"]}]},{"@type":"WebPage","@id":"https:\/\/www.sebastien-auziere.fr\/blog\/de\/emmanuel-und-brigitte-macron-brechen-mit-den-konventionen-ihr-nachtlicher-ausflug-in-turnschuhen-sorgt-fur-aufregung\/","url":"https:\/\/www.sebastien-auziere.fr\/blog\/de\/emmanuel-und-brigitte-macron-brechen-mit-den-konventionen-ihr-nachtlicher-ausflug-in-turnschuhen-sorgt-fur-aufregung\/","name":"Emmanuel und Brigitte Macron brechen mit den Konventionen: Ihr n\u00e4chtlicher Ausflug in Turnschuhen sorgt f\u00fcr Aufregung - Fan site S\u00e9bastien Auzi\u00e8re","isPartOf":{"@id":"https:\/\/www.sebastien-auziere.fr\/blog\/#website"},"primaryImageOfPage":{"@id":"https:\/\/www.sebastien-auziere.fr\/blog\/de\/emmanuel-und-brigitte-macron-brechen-mit-den-konventionen-ihr-nachtlicher-ausflug-in-turnschuhen-sorgt-fur-aufregung\/#primaryimage"},"image":{"@id":"https:\/\/www.sebastien-auziere.fr\/blog\/de\/emmanuel-und-brigitte-macron-brechen-mit-den-konventionen-ihr-nachtlicher-ausflug-in-turnschuhen-sorgt-fur-aufregung\/#primaryimage"},"thumbnailUrl":"https:\/\/www.sebastien-auziere.fr\/blog\/wp-content\/uploads\/2026\/04\/Emmanuel-et-Brigitte-Macron-bousculent-les-conventions-leur-sortie-nocturne-en-baskets-suscite-lemoi.jpg","datePublished":"2026-04-20T20:17:12+00:00","dateModified":"2026-04-20T20:17:40+00:00","description":"Emmanuel et Brigitte Macron surprennent en sortie nocturne en baskets, bousculant les codes et suscitant l'\u00e9moi.","breadcrumb":{"@id":"https:\/\/www.sebastien-auziere.fr\/blog\/de\/emmanuel-und-brigitte-macron-brechen-mit-den-konventionen-ihr-nachtlicher-ausflug-in-turnschuhen-sorgt-fur-aufregung\/#breadcrumb"},"inLanguage":"fr-FR","potentialAction":[{"@type":"ReadAction","target":["https:\/\/www.sebastien-auziere.fr\/blog\/de\/emmanuel-und-brigitte-macron-brechen-mit-den-konventionen-ihr-nachtlicher-ausflug-in-turnschuhen-sorgt-fur-aufregung\/"]}]},{"@type":"ImageObject","inLanguage":"fr-FR","@id":"https:\/\/www.sebastien-auziere.fr\/blog\/de\/emmanuel-und-brigitte-macron-brechen-mit-den-konventionen-ihr-nachtlicher-ausflug-in-turnschuhen-sorgt-fur-aufregung\/#primaryimage","url":"https:\/\/www.sebastien-auziere.fr\/blog\/wp-content\/uploads\/2026\/04\/Emmanuel-et-Brigitte-Macron-bousculent-les-conventions-leur-sortie-nocturne-en-baskets-suscite-lemoi.jpg","contentUrl":"https:\/\/www.sebastien-auziere.fr\/blog\/wp-content\/uploads\/2026\/04\/Emmanuel-et-Brigitte-Macron-bousculent-les-conventions-leur-sortie-nocturne-en-baskets-suscite-lemoi.jpg","width":2560,"height":1429,"caption":"emmanuel et brigitte macron surprennent en portant des baskets lors d'une sortie nocturne, d\u00e9fiant les conventions et suscitant de vives r\u00e9actions."},{"@type":"BreadcrumbList","@id":"https:\/\/www.sebastien-auziere.fr\/blog\/de\/emmanuel-und-brigitte-macron-brechen-mit-den-konventionen-ihr-nachtlicher-ausflug-in-turnschuhen-sorgt-fur-aufregung\/#breadcrumb","itemListElement":[{"@type":"ListItem","position":1,"name":"Home","item":"https:\/\/www.sebastien-auziere.fr\/blog\/"},{"@type":"ListItem","position":2,"name":"Emmanuel und Brigitte Macron brechen mit den Konventionen: Ihr n\u00e4chtlicher Ausflug in Turnschuhen sorgt f\u00fcr Aufregung"}]},{"@type":"WebSite","@id":"https:\/\/www.sebastien-auziere.fr\/blog\/#website","url":"https:\/\/www.sebastien-auziere.fr\/blog\/","name":"Fan site S\u00e9bastien Auzi\u00e8re","description":"M\u00e9dia g\u00e9n\u00e9raliste","publisher":{"@id":"https:\/\/www.sebastien-auziere.fr\/blog\/#organization"},"potentialAction":[{"@type":"SearchAction","target":{"@type":"EntryPoint","urlTemplate":"https:\/\/www.sebastien-auziere.fr\/blog\/?s={search_term_string}"},"query-input":{"@type":"PropertyValueSpecification","valueRequired":true,"valueName":"search_term_string"}}],"inLanguage":"fr-FR"},{"@type":"Organization","@id":"https:\/\/www.sebastien-auziere.fr\/blog\/#organization","name":"Fan site S\u00e9bastien Auzi\u00e8re","url":"https:\/\/www.sebastien-auziere.fr\/blog\/","logo":{"@type":"ImageObject","inLanguage":"fr-FR","@id":"https:\/\/www.sebastien-auziere.fr\/blog\/#\/schema\/logo\/image\/","url":"https:\/\/www.sebastien-auziere.fr\/blog\/wp-content\/uploads\/2026\/03\/cropped-cropped-cropped-ChatGPT-Image-6-mars-2026-12_58_09-e1772798376794.jpg","contentUrl":"https:\/\/www.sebastien-auziere.fr\/blog\/wp-content\/uploads\/2026\/03\/cropped-cropped-cropped-ChatGPT-Image-6-mars-2026-12_58_09-e1772798376794.jpg","width":512,"height":360,"caption":"Fan site S\u00e9bastien Auzi\u00e8re"},"image":{"@id":"https:\/\/www.sebastien-auziere.fr\/blog\/#\/schema\/logo\/image\/"}},{"@type":"Person","@id":"https:\/\/www.sebastien-auziere.fr\/blog\/#\/schema\/person\/149f1acdbfd85149c6c3e59adeae2f4d","name":"Chloe Gauthier","image":{"@type":"ImageObject","inLanguage":"fr-FR","@id":"https:\/\/secure.gravatar.com\/avatar\/2c5722f58171cff738a8985ef0dd66b476e563753246a49019befc837ec4201a?s=96&d=mm&r=g","url":"https:\/\/secure.gravatar.com\/avatar\/2c5722f58171cff738a8985ef0dd66b476e563753246a49019befc837ec4201a?s=96&d=mm&r=g","contentUrl":"https:\/\/secure.gravatar.com\/avatar\/2c5722f58171cff738a8985ef0dd66b476e563753246a49019befc837ec4201a?s=96&d=mm&r=g","caption":"Chloe Gauthier"},"description":"Passionn\u00e9e par la politique et admiratrice engag\u00e9e de la famille Macron, je consacre mon \u00e9nergie \u00e0 suivre leurs initiatives et \u00e0 promouvoir leurs id\u00e9es. \u00c0 32 ans, je suis convaincue que leur vision est porteuse d'avenir.","url":"https:\/\/www.sebastien-auziere.fr\/blog\/author\/chloe-gauthier\/"}]}},"views":0,"_links":{"self":[{"href":"https:\/\/www.sebastien-auziere.fr\/blog\/wp-json\/wp\/v2\/posts\/3192","targetHints":{"allow":["GET"]}}],"collection":[{"href":"https:\/\/www.sebastien-auziere.fr\/blog\/wp-json\/wp\/v2\/posts"}],"about":[{"href":"https:\/\/www.sebastien-auziere.fr\/blog\/wp-json\/wp\/v2\/types\/post"}],"author":[{"embeddable":true,"href":"https:\/\/www.sebastien-auziere.fr\/blog\/wp-json\/wp\/v2\/users\/9"}],"replies":[{"embeddable":true,"href":"https:\/\/www.sebastien-auziere.fr\/blog\/wp-json\/wp\/v2\/comments?post=3192"}],"version-history":[{"count":1,"href":"https:\/\/www.sebastien-auziere.fr\/blog\/wp-json\/wp\/v2\/posts\/3192\/revisions"}],"predecessor-version":[{"id":3193,"href":"https:\/\/www.sebastien-auziere.fr\/blog\/wp-json\/wp\/v2\/posts\/3192\/revisions\/3193"}],"wp:featuredmedia":[{"embeddable":true,"href":"https:\/\/www.sebastien-auziere.fr\/blog\/wp-json\/wp\/v2\/media\/3186"}],"wp:attachment":[{"href":"https:\/\/www.sebastien-auziere.fr\/blog\/wp-json\/wp\/v2\/media?parent=3192"}],"wp:term":[{"taxonomy":"category","embeddable":true,"href":"https:\/\/www.sebastien-auziere.fr\/blog\/wp-json\/wp\/v2\/categories?post=3192"},{"taxonomy":"post_tag","embeddable":true,"href":"https:\/\/www.sebastien-auziere.fr\/blog\/wp-json\/wp\/v2\/tags?post=3192"}],"curies":[{"name":"wp","href":"https:\/\/api.w.org\/{rel}","templated":true}]}}