{"id":3190,"date":"2026-04-20T20:16:27","date_gmt":"2026-04-20T20:16:27","guid":{"rendered":"https:\/\/www.sebastien-auziere.fr\/blog\/?p=3190"},"modified":"2026-04-20T20:16:47","modified_gmt":"2026-04-20T20:16:47","slug":"emmanuel-y-brigitte-macron-rompen-las-convenciones-su-salida-nocturna-en-zapatillas-suscita-el-asombro","status":"publish","type":"post","link":"https:\/\/www.sebastien-auziere.fr\/blog\/es\/emmanuel-y-brigitte-macron-rompen-las-convenciones-su-salida-nocturna-en-zapatillas-suscita-el-asombro\/","title":{"rendered":"Emmanuel y Brigitte Macron rompen las convenciones: su salida nocturna en zapatillas suscita el asombro"},"content":{"rendered":"<p><strong>Emmanuel Macron<\/strong> y <strong>Brigitte Macron<\/strong> sorprendieron a Par\u00eds durante una <strong>salida nocturna<\/strong> en los <strong>Champs-\u00c9lys\u00e9es<\/strong> donde la Primera dama opt\u00f3 por <strong>zapatillas<\/strong> y un estilo decididamente <strong>casual de moda<\/strong>. Esta aparici\u00f3n informal de inmediato <strong>rompi\u00f3 las convenciones<\/strong> y provoc\u00f3 un intenso <strong>revuelo<\/strong> en las redes.<\/p>\n\n<p><strong>En breve<\/strong>: un paseo a la luz de la luna, un traje presidencial junto a una vestimenta casual, fotos compartidas en pocas horas y comentarios sobre el <strong>cambio de estilo<\/strong> de la <strong>pareja presidencial<\/strong>, mientras su <strong>vida p\u00fablica<\/strong> sigue bajo gran atenci\u00f3n.<\/p>\n\n<h2 class=\"wp-block-heading\">Una salida inesperada que afirma un cambio de estilo<\/h2>\n\n<p>La escena tuvo lugar el <strong>20 de abril<\/strong>, antes de un viaje oficial a Polonia, cuando el presidente ofreci\u00f3 un momento c\u00f3mplice a su esposa. Mientras <strong>Emmanuel Macron<\/strong> llevaba un traje, <strong>Brigitte Macron<\/strong> eligi\u00f3 unos jeans y <strong>zapatillas<\/strong>, relajando instant\u00e1neamente la atm\u00f3sfera.<\/p>\n\n<p>Este contraste ilustra un verdadero <strong>cambio de estilo<\/strong> asumido por la <strong>pareja presidencial<\/strong>, que sabe jugar con la simplicidad sin renunciar a su papel p\u00fablico. Insight: la relajaci\u00f3n se convierte en un instrumento de cercan\u00eda.<\/p>\n\n<h3 class=\"wp-block-heading\">Reacciones p\u00fablicas y medios: entre admiraci\u00f3n e interrogaci\u00f3n<\/h3>\n\n<p>La <strong>salida nocturna<\/strong> gener\u00f3 numerosos comentarios, oscilando entre ternura e interrogaci\u00f3n ante la exposici\u00f3n constante de la pareja. Las im\u00e1genes recordaron otras secuencias medi\u00e1ticas, incluyendo el video viral de Hanoi a finales de mayo de 2025 que hab\u00eda reavivado el debate.<\/p>\n\n<p>Para contextualizar los hechos, ver el an\u00e1lisis de la secuencia viral publicado por <a href=\"https:\/\/www.france24.com\/fr\/france\/20250526-apr%C3%A8s-vid%C3%A9o-virale-emmanuel-macron-balaie-rumeurs-de-dispute-avec-son-%C3%A9pouse-brigitte-vietnam-gifle\" rel=\"nofollow\">France 24<\/a>. Insight: la vida p\u00fablica transforma cada gesto en s\u00edmbolo.<\/p>\n\n<h2 class=\"wp-block-heading\">Complicidad mostrada y rol p\u00fablico de Brigitte Macron<\/h2>\n\n<p>Desde la entrada al El\u00edseo en 2017, <strong>Brigitte Macron<\/strong> es percibida como una presencia discreta pero central. Su atuendo <strong>casual de moda<\/strong> durante esta <strong>salida nocturna<\/strong> refuerza la imagen de un t\u00e1ndem capaz de combinar modernidad y solemnidad.<\/p>\n\n<p>Un gesto tierno del presidente, selfies ofrecidos a los transe\u00fantes y la recepci\u00f3n de una carta firmada recientemente recordaron la cercan\u00eda de la pareja con algunos franceses. Insight: la simplicidad fortalece la conexi\u00f3n popular.<\/p>\n\n<h3 class=\"wp-block-heading\">Impacto pol\u00edtico y simb\u00f3lico de un paseo en zapatillas<\/h3>\n\n<p>Esta <strong>salida nocturna<\/strong> se produce en un contexto pol\u00edtico sensible, pocos d\u00edas antes de compromisos diplom\u00e1ticos importantes. La elecci\u00f3n de <strong>zapatillas<\/strong> para una Primera dama en plena visibilidad no es casual: plantea interrogantes sobre la modernizaci\u00f3n de los c\u00f3digos republicanos.<\/p>\n\n<p>Los medios r\u00e1pidamente relacionaron el evento con otras coberturas, incluyendo el desmentido oficial del El\u00edseo tras un video controvertido, analizado por <a href=\"https:\/\/www.lefigaro.fr\/politique\/video-du-couple-macron-dans-l-avion-l-elysee-dement-le-coup-au-visage-et-evoque-un-moment-de-complicite-20250526\" rel=\"nofollow\">Le Figaro<\/a>. Insight: la simbolog\u00eda a veces priman sobre el contenido.<\/p>\n\n<p>\u00bfQuieres saber m\u00e1s sobre <strong>S\u00e9bastien Auzi\u00e8re<\/strong> y los entresijos familiares que giran alrededor de la <strong>pareja presidencial<\/strong>? Para informes completos y retratos documentados, visita <a href=\"https:\/\/sebastien-auziere.fr\" rel=\"nofollow\">sebastien-auziere.fr<\/a> y descubre m\u00e1s sobre la familia Macron.<\/p>","protected":false},"excerpt":{"rendered":"<p>Emmanuel Macron y Brigitte Macron sorprendieron a Par\u00eds durante una salida nocturna en los Champs-\u00c9lys\u00e9es donde la Primera dama opt\u00f3 por zapatillas y un estilo decididamente casual de moda. Esta aparici\u00f3n informal de inmediato rompi\u00f3 las convenciones y provoc\u00f3 un intenso revuelo en las redes. En breve: un paseo a la luz de la luna, &#8230; <a title=\"Emmanuel y Brigitte Macron rompen las convenciones: su salida nocturna en zapatillas suscita el asombro\" class=\"read-more\" href=\"https:\/\/www.sebastien-auziere.fr\/blog\/es\/emmanuel-y-brigitte-macron-rompen-las-convenciones-su-salida-nocturna-en-zapatillas-suscita-el-asombro\/\" aria-label=\"En savoir plus sur Emmanuel y Brigitte Macron rompen las convenciones: su salida nocturna en zapatillas suscita el asombro\">Lire plus<\/a><\/p>\n","protected":false},"author":9,"featured_media":3186,"comment_status":"open","ping_status":"open","sticky":false,"template":"","format":"standard","meta":{"footnotes":""},"categories":[820],"tags":[914,3694,3688,1166,3691],"class_list":["post-3190","post","type-post","status-publish","format-standard","has-post-thumbnail","hentry","category-actualidades-es","tag-brigitte-macron-es","tag-casual-outfit-es","tag-cestas-es","tag-emmanuel-macron-es","tag-salida-nocturna-es"],"yoast_head":"<!-- This site is optimized with the Yoast SEO plugin v27.5 - https:\/\/yoast.com\/product\/yoast-seo-wordpress\/ -->\n<title>Emmanuel y Brigitte Macron rompen las convenciones: su salida nocturna en zapatillas suscita el asombro - Fan site S\u00e9bastien Auzi\u00e8re<\/title>\n<meta name=\"description\" content=\"Emmanuel et Brigitte Macron surprennent en sortie nocturne en baskets, bousculant les codes et suscitant l&#039;\u00e9moi.\" \/>\n<meta name=\"robots\" content=\"index, follow, max-snippet:-1, max-image-preview:large, max-video-preview:-1\" \/>\n<link rel=\"canonical\" href=\"https:\/\/www.sebastien-auziere.fr\/blog\/es\/emmanuel-y-brigitte-macron-rompen-las-convenciones-su-salida-nocturna-en-zapatillas-suscita-el-asombro\/\" \/>\n<meta property=\"og:locale\" content=\"fr_FR\" \/>\n<meta property=\"og:type\" content=\"article\" \/>\n<meta property=\"og:title\" content=\"Emmanuel y Brigitte Macron rompen las convenciones: su salida nocturna en zapatillas suscita el asombro - Fan site S\u00e9bastien Auzi\u00e8re\" \/>\n<meta property=\"og:description\" content=\"Emmanuel et Brigitte Macron surprennent en sortie nocturne en baskets, bousculant les codes et suscitant l&#039;\u00e9moi.\" \/>\n<meta property=\"og:url\" content=\"https:\/\/www.sebastien-auziere.fr\/blog\/es\/emmanuel-y-brigitte-macron-rompen-las-convenciones-su-salida-nocturna-en-zapatillas-suscita-el-asombro\/\" \/>\n<meta property=\"og:site_name\" content=\"Fan site S\u00e9bastien Auzi\u00e8re\" \/>\n<meta property=\"article:published_time\" content=\"2026-04-20T20:16:27+00:00\" \/>\n<meta property=\"article:modified_time\" content=\"2026-04-20T20:16:47+00:00\" \/>\n<meta property=\"og:image\" content=\"https:\/\/www.sebastien-auziere.fr\/blog\/wp-content\/uploads\/2026\/04\/Emmanuel-et-Brigitte-Macron-bousculent-les-conventions-leur-sortie-nocturne-en-baskets-suscite-lemoi.jpg\" \/>\n\t<meta property=\"og:image:width\" content=\"2560\" \/>\n\t<meta property=\"og:image:height\" content=\"1429\" \/>\n\t<meta property=\"og:image:type\" content=\"image\/jpeg\" \/>\n<meta name=\"author\" content=\"Chloe Gauthier\" \/>\n<meta name=\"twitter:card\" content=\"summary_large_image\" \/>\n<meta name=\"twitter:label1\" content=\"\u00c9crit par\" \/>\n\t<meta name=\"twitter:data1\" content=\"Chloe Gauthier\" \/>\n\t<meta name=\"twitter:label2\" content=\"Dur\u00e9e de lecture estim\u00e9e\" \/>\n\t<meta name=\"twitter:data2\" content=\"2 minutes\" \/>\n<script type=\"application\/ld+json\" class=\"yoast-schema-graph\">{\"@context\":\"https:\\\/\\\/schema.org\",\"@graph\":[{\"@type\":\"Article\",\"@id\":\"https:\\\/\\\/www.sebastien-auziere.fr\\\/blog\\\/es\\\/emmanuel-y-brigitte-macron-rompen-las-convenciones-su-salida-nocturna-en-zapatillas-suscita-el-asombro\\\/#article\",\"isPartOf\":{\"@id\":\"https:\\\/\\\/www.sebastien-auziere.fr\\\/blog\\\/es\\\/emmanuel-y-brigitte-macron-rompen-las-convenciones-su-salida-nocturna-en-zapatillas-suscita-el-asombro\\\/\"},\"author\":{\"name\":\"Chloe Gauthier\",\"@id\":\"https:\\\/\\\/www.sebastien-auziere.fr\\\/blog\\\/#\\\/schema\\\/person\\\/149f1acdbfd85149c6c3e59adeae2f4d\"},\"headline\":\"Emmanuel y Brigitte Macron rompen las convenciones: su salida nocturna en zapatillas suscita el asombro\",\"datePublished\":\"2026-04-20T20:16:27+00:00\",\"dateModified\":\"2026-04-20T20:16:47+00:00\",\"mainEntityOfPage\":{\"@id\":\"https:\\\/\\\/www.sebastien-auziere.fr\\\/blog\\\/es\\\/emmanuel-y-brigitte-macron-rompen-las-convenciones-su-salida-nocturna-en-zapatillas-suscita-el-asombro\\\/\"},\"wordCount\":496,\"commentCount\":0,\"publisher\":{\"@id\":\"https:\\\/\\\/www.sebastien-auziere.fr\\\/blog\\\/#organization\"},\"image\":{\"@id\":\"https:\\\/\\\/www.sebastien-auziere.fr\\\/blog\\\/es\\\/emmanuel-y-brigitte-macron-rompen-las-convenciones-su-salida-nocturna-en-zapatillas-suscita-el-asombro\\\/#primaryimage\"},\"thumbnailUrl\":\"https:\\\/\\\/www.sebastien-auziere.fr\\\/blog\\\/wp-content\\\/uploads\\\/2026\\\/04\\\/Emmanuel-et-Brigitte-Macron-bousculent-les-conventions-leur-sortie-nocturne-en-baskets-suscite-lemoi.jpg\",\"keywords\":[\"brigitte macron\",\"casual outfit\",\"cestas\",\"emmanuel macron\",\"salida nocturna\"],\"articleSection\":[\"Actualidades\"],\"inLanguage\":\"fr-FR\",\"potentialAction\":[{\"@type\":\"CommentAction\",\"name\":\"Comment\",\"target\":[\"https:\\\/\\\/www.sebastien-auziere.fr\\\/blog\\\/es\\\/emmanuel-y-brigitte-macron-rompen-las-convenciones-su-salida-nocturna-en-zapatillas-suscita-el-asombro\\\/#respond\"]}]},{\"@type\":\"WebPage\",\"@id\":\"https:\\\/\\\/www.sebastien-auziere.fr\\\/blog\\\/es\\\/emmanuel-y-brigitte-macron-rompen-las-convenciones-su-salida-nocturna-en-zapatillas-suscita-el-asombro\\\/\",\"url\":\"https:\\\/\\\/www.sebastien-auziere.fr\\\/blog\\\/es\\\/emmanuel-y-brigitte-macron-rompen-las-convenciones-su-salida-nocturna-en-zapatillas-suscita-el-asombro\\\/\",\"name\":\"Emmanuel y Brigitte Macron rompen las convenciones: su salida nocturna en zapatillas suscita el asombro - Fan site S\u00e9bastien Auzi\u00e8re\",\"isPartOf\":{\"@id\":\"https:\\\/\\\/www.sebastien-auziere.fr\\\/blog\\\/#website\"},\"primaryImageOfPage\":{\"@id\":\"https:\\\/\\\/www.sebastien-auziere.fr\\\/blog\\\/es\\\/emmanuel-y-brigitte-macron-rompen-las-convenciones-su-salida-nocturna-en-zapatillas-suscita-el-asombro\\\/#primaryimage\"},\"image\":{\"@id\":\"https:\\\/\\\/www.sebastien-auziere.fr\\\/blog\\\/es\\\/emmanuel-y-brigitte-macron-rompen-las-convenciones-su-salida-nocturna-en-zapatillas-suscita-el-asombro\\\/#primaryimage\"},\"thumbnailUrl\":\"https:\\\/\\\/www.sebastien-auziere.fr\\\/blog\\\/wp-content\\\/uploads\\\/2026\\\/04\\\/Emmanuel-et-Brigitte-Macron-bousculent-les-conventions-leur-sortie-nocturne-en-baskets-suscite-lemoi.jpg\",\"datePublished\":\"2026-04-20T20:16:27+00:00\",\"dateModified\":\"2026-04-20T20:16:47+00:00\",\"description\":\"Emmanuel et Brigitte Macron surprennent en sortie nocturne en baskets, bousculant les codes et suscitant l'\u00e9moi.\",\"breadcrumb\":{\"@id\":\"https:\\\/\\\/www.sebastien-auziere.fr\\\/blog\\\/es\\\/emmanuel-y-brigitte-macron-rompen-las-convenciones-su-salida-nocturna-en-zapatillas-suscita-el-asombro\\\/#breadcrumb\"},\"inLanguage\":\"fr-FR\",\"potentialAction\":[{\"@type\":\"ReadAction\",\"target\":[\"https:\\\/\\\/www.sebastien-auziere.fr\\\/blog\\\/es\\\/emmanuel-y-brigitte-macron-rompen-las-convenciones-su-salida-nocturna-en-zapatillas-suscita-el-asombro\\\/\"]}]},{\"@type\":\"ImageObject\",\"inLanguage\":\"fr-FR\",\"@id\":\"https:\\\/\\\/www.sebastien-auziere.fr\\\/blog\\\/es\\\/emmanuel-y-brigitte-macron-rompen-las-convenciones-su-salida-nocturna-en-zapatillas-suscita-el-asombro\\\/#primaryimage\",\"url\":\"https:\\\/\\\/www.sebastien-auziere.fr\\\/blog\\\/wp-content\\\/uploads\\\/2026\\\/04\\\/Emmanuel-et-Brigitte-Macron-bousculent-les-conventions-leur-sortie-nocturne-en-baskets-suscite-lemoi.jpg\",\"contentUrl\":\"https:\\\/\\\/www.sebastien-auziere.fr\\\/blog\\\/wp-content\\\/uploads\\\/2026\\\/04\\\/Emmanuel-et-Brigitte-Macron-bousculent-les-conventions-leur-sortie-nocturne-en-baskets-suscite-lemoi.jpg\",\"width\":2560,\"height\":1429,\"caption\":\"emmanuel et brigitte macron surprennent en portant des baskets lors d'une sortie nocturne, d\u00e9fiant les conventions et suscitant de vives r\u00e9actions.\"},{\"@type\":\"BreadcrumbList\",\"@id\":\"https:\\\/\\\/www.sebastien-auziere.fr\\\/blog\\\/es\\\/emmanuel-y-brigitte-macron-rompen-las-convenciones-su-salida-nocturna-en-zapatillas-suscita-el-asombro\\\/#breadcrumb\",\"itemListElement\":[{\"@type\":\"ListItem\",\"position\":1,\"name\":\"Home\",\"item\":\"https:\\\/\\\/www.sebastien-auziere.fr\\\/blog\\\/\"},{\"@type\":\"ListItem\",\"position\":2,\"name\":\"Emmanuel y Brigitte Macron rompen las convenciones: su salida nocturna en zapatillas suscita el asombro\"}]},{\"@type\":\"WebSite\",\"@id\":\"https:\\\/\\\/www.sebastien-auziere.fr\\\/blog\\\/#website\",\"url\":\"https:\\\/\\\/www.sebastien-auziere.fr\\\/blog\\\/\",\"name\":\"Fan site S\u00e9bastien Auzi\u00e8re\",\"description\":\"M\u00e9dia g\u00e9n\u00e9raliste\",\"publisher\":{\"@id\":\"https:\\\/\\\/www.sebastien-auziere.fr\\\/blog\\\/#organization\"},\"potentialAction\":[{\"@type\":\"SearchAction\",\"target\":{\"@type\":\"EntryPoint\",\"urlTemplate\":\"https:\\\/\\\/www.sebastien-auziere.fr\\\/blog\\\/?s={search_term_string}\"},\"query-input\":{\"@type\":\"PropertyValueSpecification\",\"valueRequired\":true,\"valueName\":\"search_term_string\"}}],\"inLanguage\":\"fr-FR\"},{\"@type\":\"Organization\",\"@id\":\"https:\\\/\\\/www.sebastien-auziere.fr\\\/blog\\\/#organization\",\"name\":\"Fan site S\u00e9bastien Auzi\u00e8re\",\"url\":\"https:\\\/\\\/www.sebastien-auziere.fr\\\/blog\\\/\",\"logo\":{\"@type\":\"ImageObject\",\"inLanguage\":\"fr-FR\",\"@id\":\"https:\\\/\\\/www.sebastien-auziere.fr\\\/blog\\\/#\\\/schema\\\/logo\\\/image\\\/\",\"url\":\"https:\\\/\\\/www.sebastien-auziere.fr\\\/blog\\\/wp-content\\\/uploads\\\/2026\\\/03\\\/cropped-cropped-cropped-ChatGPT-Image-6-mars-2026-12_58_09-e1772798376794.jpg\",\"contentUrl\":\"https:\\\/\\\/www.sebastien-auziere.fr\\\/blog\\\/wp-content\\\/uploads\\\/2026\\\/03\\\/cropped-cropped-cropped-ChatGPT-Image-6-mars-2026-12_58_09-e1772798376794.jpg\",\"width\":512,\"height\":360,\"caption\":\"Fan site S\u00e9bastien Auzi\u00e8re\"},\"image\":{\"@id\":\"https:\\\/\\\/www.sebastien-auziere.fr\\\/blog\\\/#\\\/schema\\\/logo\\\/image\\\/\"}},{\"@type\":\"Person\",\"@id\":\"https:\\\/\\\/www.sebastien-auziere.fr\\\/blog\\\/#\\\/schema\\\/person\\\/149f1acdbfd85149c6c3e59adeae2f4d\",\"name\":\"Chloe Gauthier\",\"image\":{\"@type\":\"ImageObject\",\"inLanguage\":\"fr-FR\",\"@id\":\"https:\\\/\\\/secure.gravatar.com\\\/avatar\\\/2c5722f58171cff738a8985ef0dd66b476e563753246a49019befc837ec4201a?s=96&d=mm&r=g\",\"url\":\"https:\\\/\\\/secure.gravatar.com\\\/avatar\\\/2c5722f58171cff738a8985ef0dd66b476e563753246a49019befc837ec4201a?s=96&d=mm&r=g\",\"contentUrl\":\"https:\\\/\\\/secure.gravatar.com\\\/avatar\\\/2c5722f58171cff738a8985ef0dd66b476e563753246a49019befc837ec4201a?s=96&d=mm&r=g\",\"caption\":\"Chloe Gauthier\"},\"description\":\"Passionn\u00e9e par la politique et admiratrice engag\u00e9e de la famille Macron, je consacre mon \u00e9nergie \u00e0 suivre leurs initiatives et \u00e0 promouvoir leurs id\u00e9es. \u00c0 32 ans, je suis convaincue que leur vision est porteuse d'avenir.\",\"url\":\"https:\\\/\\\/www.sebastien-auziere.fr\\\/blog\\\/author\\\/chloe-gauthier\\\/\"}]}<\/script>\n<!-- \/ Yoast SEO plugin. -->","yoast_head_json":{"title":"Emmanuel y Brigitte Macron rompen las convenciones: su salida nocturna en zapatillas suscita el asombro - Fan site S\u00e9bastien Auzi\u00e8re","description":"Emmanuel et Brigitte Macron surprennent en sortie nocturne en baskets, bousculant les codes et suscitant l'\u00e9moi.","robots":{"index":"index","follow":"follow","max-snippet":"max-snippet:-1","max-image-preview":"max-image-preview:large","max-video-preview":"max-video-preview:-1"},"canonical":"https:\/\/www.sebastien-auziere.fr\/blog\/es\/emmanuel-y-brigitte-macron-rompen-las-convenciones-su-salida-nocturna-en-zapatillas-suscita-el-asombro\/","og_locale":"fr_FR","og_type":"article","og_title":"Emmanuel y Brigitte Macron rompen las convenciones: su salida nocturna en zapatillas suscita el asombro - Fan site S\u00e9bastien Auzi\u00e8re","og_description":"Emmanuel et Brigitte Macron surprennent en sortie nocturne en baskets, bousculant les codes et suscitant l'\u00e9moi.","og_url":"https:\/\/www.sebastien-auziere.fr\/blog\/es\/emmanuel-y-brigitte-macron-rompen-las-convenciones-su-salida-nocturna-en-zapatillas-suscita-el-asombro\/","og_site_name":"Fan site S\u00e9bastien Auzi\u00e8re","article_published_time":"2026-04-20T20:16:27+00:00","article_modified_time":"2026-04-20T20:16:47+00:00","og_image":[{"width":2560,"height":1429,"url":"https:\/\/www.sebastien-auziere.fr\/blog\/wp-content\/uploads\/2026\/04\/Emmanuel-et-Brigitte-Macron-bousculent-les-conventions-leur-sortie-nocturne-en-baskets-suscite-lemoi.jpg","type":"image\/jpeg"}],"author":"Chloe Gauthier","twitter_card":"summary_large_image","twitter_misc":{"\u00c9crit par":"Chloe Gauthier","Dur\u00e9e de lecture estim\u00e9e":"2 minutes"},"schema":{"@context":"https:\/\/schema.org","@graph":[{"@type":"Article","@id":"https:\/\/www.sebastien-auziere.fr\/blog\/es\/emmanuel-y-brigitte-macron-rompen-las-convenciones-su-salida-nocturna-en-zapatillas-suscita-el-asombro\/#article","isPartOf":{"@id":"https:\/\/www.sebastien-auziere.fr\/blog\/es\/emmanuel-y-brigitte-macron-rompen-las-convenciones-su-salida-nocturna-en-zapatillas-suscita-el-asombro\/"},"author":{"name":"Chloe Gauthier","@id":"https:\/\/www.sebastien-auziere.fr\/blog\/#\/schema\/person\/149f1acdbfd85149c6c3e59adeae2f4d"},"headline":"Emmanuel y Brigitte Macron rompen las convenciones: su salida nocturna en zapatillas suscita el asombro","datePublished":"2026-04-20T20:16:27+00:00","dateModified":"2026-04-20T20:16:47+00:00","mainEntityOfPage":{"@id":"https:\/\/www.sebastien-auziere.fr\/blog\/es\/emmanuel-y-brigitte-macron-rompen-las-convenciones-su-salida-nocturna-en-zapatillas-suscita-el-asombro\/"},"wordCount":496,"commentCount":0,"publisher":{"@id":"https:\/\/www.sebastien-auziere.fr\/blog\/#organization"},"image":{"@id":"https:\/\/www.sebastien-auziere.fr\/blog\/es\/emmanuel-y-brigitte-macron-rompen-las-convenciones-su-salida-nocturna-en-zapatillas-suscita-el-asombro\/#primaryimage"},"thumbnailUrl":"https:\/\/www.sebastien-auziere.fr\/blog\/wp-content\/uploads\/2026\/04\/Emmanuel-et-Brigitte-Macron-bousculent-les-conventions-leur-sortie-nocturne-en-baskets-suscite-lemoi.jpg","keywords":["brigitte macron","casual outfit","cestas","emmanuel macron","salida nocturna"],"articleSection":["Actualidades"],"inLanguage":"fr-FR","potentialAction":[{"@type":"CommentAction","name":"Comment","target":["https:\/\/www.sebastien-auziere.fr\/blog\/es\/emmanuel-y-brigitte-macron-rompen-las-convenciones-su-salida-nocturna-en-zapatillas-suscita-el-asombro\/#respond"]}]},{"@type":"WebPage","@id":"https:\/\/www.sebastien-auziere.fr\/blog\/es\/emmanuel-y-brigitte-macron-rompen-las-convenciones-su-salida-nocturna-en-zapatillas-suscita-el-asombro\/","url":"https:\/\/www.sebastien-auziere.fr\/blog\/es\/emmanuel-y-brigitte-macron-rompen-las-convenciones-su-salida-nocturna-en-zapatillas-suscita-el-asombro\/","name":"Emmanuel y Brigitte Macron rompen las convenciones: su salida nocturna en zapatillas suscita el asombro - Fan site S\u00e9bastien Auzi\u00e8re","isPartOf":{"@id":"https:\/\/www.sebastien-auziere.fr\/blog\/#website"},"primaryImageOfPage":{"@id":"https:\/\/www.sebastien-auziere.fr\/blog\/es\/emmanuel-y-brigitte-macron-rompen-las-convenciones-su-salida-nocturna-en-zapatillas-suscita-el-asombro\/#primaryimage"},"image":{"@id":"https:\/\/www.sebastien-auziere.fr\/blog\/es\/emmanuel-y-brigitte-macron-rompen-las-convenciones-su-salida-nocturna-en-zapatillas-suscita-el-asombro\/#primaryimage"},"thumbnailUrl":"https:\/\/www.sebastien-auziere.fr\/blog\/wp-content\/uploads\/2026\/04\/Emmanuel-et-Brigitte-Macron-bousculent-les-conventions-leur-sortie-nocturne-en-baskets-suscite-lemoi.jpg","datePublished":"2026-04-20T20:16:27+00:00","dateModified":"2026-04-20T20:16:47+00:00","description":"Emmanuel et Brigitte Macron surprennent en sortie nocturne en baskets, bousculant les codes et suscitant l'\u00e9moi.","breadcrumb":{"@id":"https:\/\/www.sebastien-auziere.fr\/blog\/es\/emmanuel-y-brigitte-macron-rompen-las-convenciones-su-salida-nocturna-en-zapatillas-suscita-el-asombro\/#breadcrumb"},"inLanguage":"fr-FR","potentialAction":[{"@type":"ReadAction","target":["https:\/\/www.sebastien-auziere.fr\/blog\/es\/emmanuel-y-brigitte-macron-rompen-las-convenciones-su-salida-nocturna-en-zapatillas-suscita-el-asombro\/"]}]},{"@type":"ImageObject","inLanguage":"fr-FR","@id":"https:\/\/www.sebastien-auziere.fr\/blog\/es\/emmanuel-y-brigitte-macron-rompen-las-convenciones-su-salida-nocturna-en-zapatillas-suscita-el-asombro\/#primaryimage","url":"https:\/\/www.sebastien-auziere.fr\/blog\/wp-content\/uploads\/2026\/04\/Emmanuel-et-Brigitte-Macron-bousculent-les-conventions-leur-sortie-nocturne-en-baskets-suscite-lemoi.jpg","contentUrl":"https:\/\/www.sebastien-auziere.fr\/blog\/wp-content\/uploads\/2026\/04\/Emmanuel-et-Brigitte-Macron-bousculent-les-conventions-leur-sortie-nocturne-en-baskets-suscite-lemoi.jpg","width":2560,"height":1429,"caption":"emmanuel et brigitte macron surprennent en portant des baskets lors d'une sortie nocturne, d\u00e9fiant les conventions et suscitant de vives r\u00e9actions."},{"@type":"BreadcrumbList","@id":"https:\/\/www.sebastien-auziere.fr\/blog\/es\/emmanuel-y-brigitte-macron-rompen-las-convenciones-su-salida-nocturna-en-zapatillas-suscita-el-asombro\/#breadcrumb","itemListElement":[{"@type":"ListItem","position":1,"name":"Home","item":"https:\/\/www.sebastien-auziere.fr\/blog\/"},{"@type":"ListItem","position":2,"name":"Emmanuel y Brigitte Macron rompen las convenciones: su salida nocturna en zapatillas suscita el asombro"}]},{"@type":"WebSite","@id":"https:\/\/www.sebastien-auziere.fr\/blog\/#website","url":"https:\/\/www.sebastien-auziere.fr\/blog\/","name":"Fan site S\u00e9bastien Auzi\u00e8re","description":"M\u00e9dia g\u00e9n\u00e9raliste","publisher":{"@id":"https:\/\/www.sebastien-auziere.fr\/blog\/#organization"},"potentialAction":[{"@type":"SearchAction","target":{"@type":"EntryPoint","urlTemplate":"https:\/\/www.sebastien-auziere.fr\/blog\/?s={search_term_string}"},"query-input":{"@type":"PropertyValueSpecification","valueRequired":true,"valueName":"search_term_string"}}],"inLanguage":"fr-FR"},{"@type":"Organization","@id":"https:\/\/www.sebastien-auziere.fr\/blog\/#organization","name":"Fan site S\u00e9bastien Auzi\u00e8re","url":"https:\/\/www.sebastien-auziere.fr\/blog\/","logo":{"@type":"ImageObject","inLanguage":"fr-FR","@id":"https:\/\/www.sebastien-auziere.fr\/blog\/#\/schema\/logo\/image\/","url":"https:\/\/www.sebastien-auziere.fr\/blog\/wp-content\/uploads\/2026\/03\/cropped-cropped-cropped-ChatGPT-Image-6-mars-2026-12_58_09-e1772798376794.jpg","contentUrl":"https:\/\/www.sebastien-auziere.fr\/blog\/wp-content\/uploads\/2026\/03\/cropped-cropped-cropped-ChatGPT-Image-6-mars-2026-12_58_09-e1772798376794.jpg","width":512,"height":360,"caption":"Fan site S\u00e9bastien Auzi\u00e8re"},"image":{"@id":"https:\/\/www.sebastien-auziere.fr\/blog\/#\/schema\/logo\/image\/"}},{"@type":"Person","@id":"https:\/\/www.sebastien-auziere.fr\/blog\/#\/schema\/person\/149f1acdbfd85149c6c3e59adeae2f4d","name":"Chloe Gauthier","image":{"@type":"ImageObject","inLanguage":"fr-FR","@id":"https:\/\/secure.gravatar.com\/avatar\/2c5722f58171cff738a8985ef0dd66b476e563753246a49019befc837ec4201a?s=96&d=mm&r=g","url":"https:\/\/secure.gravatar.com\/avatar\/2c5722f58171cff738a8985ef0dd66b476e563753246a49019befc837ec4201a?s=96&d=mm&r=g","contentUrl":"https:\/\/secure.gravatar.com\/avatar\/2c5722f58171cff738a8985ef0dd66b476e563753246a49019befc837ec4201a?s=96&d=mm&r=g","caption":"Chloe Gauthier"},"description":"Passionn\u00e9e par la politique et admiratrice engag\u00e9e de la famille Macron, je consacre mon \u00e9nergie \u00e0 suivre leurs initiatives et \u00e0 promouvoir leurs id\u00e9es. \u00c0 32 ans, je suis convaincue que leur vision est porteuse d'avenir.","url":"https:\/\/www.sebastien-auziere.fr\/blog\/author\/chloe-gauthier\/"}]}},"views":1,"_links":{"self":[{"href":"https:\/\/www.sebastien-auziere.fr\/blog\/wp-json\/wp\/v2\/posts\/3190","targetHints":{"allow":["GET"]}}],"collection":[{"href":"https:\/\/www.sebastien-auziere.fr\/blog\/wp-json\/wp\/v2\/posts"}],"about":[{"href":"https:\/\/www.sebastien-auziere.fr\/blog\/wp-json\/wp\/v2\/types\/post"}],"author":[{"embeddable":true,"href":"https:\/\/www.sebastien-auziere.fr\/blog\/wp-json\/wp\/v2\/users\/9"}],"replies":[{"embeddable":true,"href":"https:\/\/www.sebastien-auziere.fr\/blog\/wp-json\/wp\/v2\/comments?post=3190"}],"version-history":[{"count":1,"href":"https:\/\/www.sebastien-auziere.fr\/blog\/wp-json\/wp\/v2\/posts\/3190\/revisions"}],"predecessor-version":[{"id":3191,"href":"https:\/\/www.sebastien-auziere.fr\/blog\/wp-json\/wp\/v2\/posts\/3190\/revisions\/3191"}],"wp:featuredmedia":[{"embeddable":true,"href":"https:\/\/www.sebastien-auziere.fr\/blog\/wp-json\/wp\/v2\/media\/3186"}],"wp:attachment":[{"href":"https:\/\/www.sebastien-auziere.fr\/blog\/wp-json\/wp\/v2\/media?parent=3190"}],"wp:term":[{"taxonomy":"category","embeddable":true,"href":"https:\/\/www.sebastien-auziere.fr\/blog\/wp-json\/wp\/v2\/categories?post=3190"},{"taxonomy":"post_tag","embeddable":true,"href":"https:\/\/www.sebastien-auziere.fr\/blog\/wp-json\/wp\/v2\/tags?post=3190"}],"curies":[{"name":"wp","href":"https:\/\/api.w.org\/{rel}","templated":true}]}}