{"id":3187,"date":"2026-04-20T20:16:02","date_gmt":"2026-04-20T20:16:02","guid":{"rendered":"https:\/\/www.sebastien-auziere.fr\/blog\/macron-sortie-baskets\/"},"modified":"2026-04-20T20:16:02","modified_gmt":"2026-04-20T20:16:02","slug":"macron-sortie-baskets","status":"publish","type":"post","link":"https:\/\/www.sebastien-auziere.fr\/blog\/macron-sortie-baskets\/","title":{"rendered":"Emmanuel et Brigitte Macron bousculent les conventions : leur sortie nocturne en baskets suscite l&rsquo;\u00e9moi"},"content":{"rendered":"<p><strong>Emmanuel Macron<\/strong> et <strong>Brigitte Macron<\/strong> ont surpris Paris lors d&rsquo;une <strong>sortie nocturne<\/strong> sur les <strong>Champs-\u00c9lys\u00e9es<\/strong> o\u00f9 la Premi\u00e8re dame a opt\u00e9 pour des <strong>baskets<\/strong> et une allure r\u00e9solument <strong>mode d\u00e9contract\u00e9e<\/strong>. Cette apparition informelle a imm\u00e9diatement <strong>bouscul\u00e9 les conventions<\/strong> et provoqu\u00e9 un vif <strong>\u00e9moi<\/strong> sur les r\u00e9seaux.<\/p>\n\n<p><strong>En bref<\/strong> : une balade au clair de lune, un costume pr\u00e9sidentiel \u00e0 c\u00f4t\u00e9 d\u2019une tenue casual, des photos relay\u00e9es en quelques heures et des commentaires sur le <strong>changement de style<\/strong> du <strong>couple pr\u00e9sidentiel<\/strong>, alors que leur <strong>vie publique<\/strong> reste sous forte attention.<\/p>\n\n<h2 class=\"wp-block-heading\">Une vir\u00e9e inattendue qui affirme un changement de style<\/h2>\n\n<p>La sc\u00e8ne s\u2019est d\u00e9roul\u00e9e le <strong>20 avril<\/strong>, avant un d\u00e9placement officiel vers la Pologne, quand le pr\u00e9sident a offert une parenth\u00e8se complice \u00e0 son \u00e9pouse. Tandis qu\u2019<strong>Emmanuel Macron<\/strong> portait un costume, <strong>Brigitte Macron<\/strong> a choisi un jean et des <strong>baskets<\/strong>, d\u00e9tendant instantan\u00e9ment l\u2019atmosph\u00e8re.<\/p>\n\n<p>Ce contraste illustre un vrai <strong>changement de style<\/strong> assum\u00e9 par le <strong>couple pr\u00e9sidentiel<\/strong>, qui sait jouer la simplicit\u00e9 sans renoncer \u00e0 son r\u00f4le public. Insight : la d\u00e9contraction devient instrument de proximit\u00e9.<\/p>\n\n<h3 class=\"wp-block-heading\">R\u00e9actions publiques et m\u00e9dias : entre admiration et interrogation<\/h3>\n\n<p>La <strong>sortie nocturne<\/strong> a g\u00e9n\u00e9r\u00e9 de nombreux commentaires, oscillant entre tendresse et interrogation face \u00e0 l\u2019exposition constante du couple. Les images ont rappel\u00e9 d&rsquo;autres s\u00e9quences m\u00e9diatiques, notamment la vid\u00e9o virale d&rsquo;Hano\u00ef \u00e0 la fin mai 2025 qui avait relanc\u00e9 les d\u00e9bats.<\/p>\n\n<p>Pour replacer les faits, voir le d\u00e9cryptage de la s\u00e9quence virale publi\u00e9 par <a href=\"https:\/\/www.france24.com\/fr\/france\/20250526-apr%C3%A8s-vid%C3%A9o-virale-emmanuel-macron-balaie-rumeurs-de-dispute-avec-son-%C3%A9pouse-brigitte-vietnam-gifle\" rel=\"nofollow\">France 24<\/a>. Insight : la vie publique transforme chaque geste en symbole.<\/p>\n\n<h2 class=\"wp-block-heading\">Complicit\u00e9 affich\u00e9e et r\u00f4le public de Brigitte Macron<\/h2>\n\n<p>Depuis l&rsquo;entr\u00e9e \u00e0 l&rsquo;\u00c9lys\u00e9e en 2017, <strong>Brigitte Macron<\/strong> est per\u00e7ue comme une pr\u00e9sence discr\u00e8te mais centrale. Sa tenue <strong>mode d\u00e9contract\u00e9e<\/strong> lors de cette <strong>sortie nocturne<\/strong> renforce l\u2019image d\u2019un tandem capable d\u2019allier modernit\u00e9 et solennit\u00e9.<\/p>\n\n<p>Un geste tendre du pr\u00e9sident, des selfies offerts aux passants et la r\u00e9ception d\u2019une lettre sign\u00e9e r\u00e9cemment ont rappel\u00e9 la proximit\u00e9 du couple avec certains Fran\u00e7ais. Insight : la simplicit\u00e9 renforce la connexion populaire.<\/p>\n\n<h3 class=\"wp-block-heading\">Impact politique et symbolique d\u2019une balade en baskets<\/h3>\n\n<p>Cette <strong>sortie nocturne<\/strong> intervient dans un contexte politique sensible, quelques jours avant des rendez-vous diplomatiques importants. Le choix des <strong>baskets<\/strong> pour une Premi\u00e8re dame en pleine visibilit\u00e9 n&rsquo;est pas anodin : il interroge sur la modernisation des codes r\u00e9publicains.<\/p>\n\n<p>Les m\u00e9dias ont rapidement reli\u00e9 l\u2019\u00e9v\u00e9nement \u00e0 d\u2019autres couvertures, dont le d\u00e9menti officiel de l\u2019\u00c9lys\u00e9e apr\u00e8s une vid\u00e9o controvers\u00e9e, analys\u00e9 par <a href=\"https:\/\/www.lefigaro.fr\/politique\/video-du-couple-macron-dans-l-avion-l-elysee-dement-le-coup-au-visage-et-evoque-un-moment-de-complicite-20250526\" rel=\"nofollow\">Le Figaro<\/a>. Insight : la symbolique prime parfois sur le fond.<\/p>\n\n<p>Tu veux en savoir plus sur <strong>S\u00e9bastien Auzi\u00e8re<\/strong> et les coulisses familiales qui gravitent autour du <strong>couple pr\u00e9sidentiel<\/strong> ? Pour des dossiers complets et des portraits document\u00e9s, rendez-vous sur <a href=\"https:\/\/sebastien-auziere.fr\" rel=\"nofollow\">sebastien-auziere.fr<\/a> et d\u00e9couvre davantage sur la famille Macron.<\/p>\n\n","protected":false},"excerpt":{"rendered":"<p>Emmanuel Macron et Brigitte Macron ont surpris Paris lors d&rsquo;une sortie nocturne sur les Champs-\u00c9lys\u00e9es o\u00f9 la Premi\u00e8re dame a opt\u00e9 pour des baskets et une allure r\u00e9solument mode d\u00e9contract\u00e9e. Cette apparition informelle a imm\u00e9diatement bouscul\u00e9 les conventions et provoqu\u00e9 un vif \u00e9moi sur les r\u00e9seaux. En bref : une balade au clair de lune, &#8230; <a title=\"Emmanuel et Brigitte Macron bousculent les conventions : leur sortie nocturne en baskets suscite l&rsquo;\u00e9moi\" class=\"read-more\" href=\"https:\/\/www.sebastien-auziere.fr\/blog\/macron-sortie-baskets\/\" aria-label=\"En savoir plus sur Emmanuel et Brigitte Macron bousculent les conventions : leur sortie nocturne en baskets suscite l&rsquo;\u00e9moi\">Lire plus<\/a><\/p>\n","protected":false},"author":9,"featured_media":3186,"comment_status":"open","ping_status":"open","sticky":false,"template":"","format":"standard","meta":{"footnotes":""},"categories":[597],"tags":[3674,892,1139,3672,3676],"class_list":["post-3187","post","type-post","status-publish","format-standard","has-post-thumbnail","hentry","category-actualites","tag-baskets","tag-brigitte-macron","tag-emmanuel-macron","tag-sortie-nocturne","tag-tenue-decontractee"],"yoast_head":"<!-- This site is optimized with the Yoast SEO plugin v27.5 - https:\/\/yoast.com\/product\/yoast-seo-wordpress\/ -->\n<title>Emmanuel et Brigitte Macron bousculent les conventions : leur sortie nocturne en baskets suscite l&#039;\u00e9moi - Fan site S\u00e9bastien Auzi\u00e8re<\/title>\n<meta name=\"description\" content=\"Emmanuel et Brigitte Macron surprennent en sortie nocturne en baskets, bousculant les codes et suscitant l&#039;\u00e9moi.\" \/>\n<meta name=\"robots\" content=\"index, follow, max-snippet:-1, max-image-preview:large, max-video-preview:-1\" \/>\n<link rel=\"canonical\" href=\"https:\/\/www.sebastien-auziere.fr\/blog\/macron-sortie-baskets\/\" \/>\n<meta property=\"og:locale\" content=\"fr_FR\" \/>\n<meta property=\"og:type\" content=\"article\" \/>\n<meta property=\"og:title\" content=\"Emmanuel et Brigitte Macron bousculent les conventions : leur sortie nocturne en baskets suscite l&#039;\u00e9moi - Fan site S\u00e9bastien Auzi\u00e8re\" \/>\n<meta property=\"og:description\" content=\"Emmanuel et Brigitte Macron surprennent en sortie nocturne en baskets, bousculant les codes et suscitant l&#039;\u00e9moi.\" \/>\n<meta property=\"og:url\" content=\"https:\/\/www.sebastien-auziere.fr\/blog\/macron-sortie-baskets\/\" \/>\n<meta property=\"og:site_name\" content=\"Fan site S\u00e9bastien Auzi\u00e8re\" \/>\n<meta property=\"article:published_time\" content=\"2026-04-20T20:16:02+00:00\" \/>\n<meta property=\"og:image\" content=\"https:\/\/www.sebastien-auziere.fr\/blog\/wp-content\/uploads\/2026\/04\/Emmanuel-et-Brigitte-Macron-bousculent-les-conventions-leur-sortie-nocturne-en-baskets-suscite-lemoi.jpg\" \/>\n\t<meta property=\"og:image:width\" content=\"2560\" \/>\n\t<meta property=\"og:image:height\" content=\"1429\" \/>\n\t<meta property=\"og:image:type\" content=\"image\/jpeg\" \/>\n<meta name=\"author\" content=\"Chloe Gauthier\" \/>\n<meta name=\"twitter:card\" content=\"summary_large_image\" \/>\n<meta name=\"twitter:label1\" content=\"\u00c9crit par\" \/>\n\t<meta name=\"twitter:data1\" content=\"Chloe Gauthier\" \/>\n\t<meta name=\"twitter:label2\" content=\"Dur\u00e9e de lecture estim\u00e9e\" \/>\n\t<meta name=\"twitter:data2\" content=\"2 minutes\" \/>\n<script type=\"application\/ld+json\" class=\"yoast-schema-graph\">{\"@context\":\"https:\\\/\\\/schema.org\",\"@graph\":[{\"@type\":\"Article\",\"@id\":\"https:\\\/\\\/www.sebastien-auziere.fr\\\/blog\\\/macron-sortie-baskets\\\/#article\",\"isPartOf\":{\"@id\":\"https:\\\/\\\/www.sebastien-auziere.fr\\\/blog\\\/macron-sortie-baskets\\\/\"},\"author\":{\"name\":\"Chloe Gauthier\",\"@id\":\"https:\\\/\\\/www.sebastien-auziere.fr\\\/blog\\\/#\\\/schema\\\/person\\\/149f1acdbfd85149c6c3e59adeae2f4d\"},\"headline\":\"Emmanuel et Brigitte Macron bousculent les conventions : leur sortie nocturne en baskets suscite l&rsquo;\u00e9moi\",\"datePublished\":\"2026-04-20T20:16:02+00:00\",\"mainEntityOfPage\":{\"@id\":\"https:\\\/\\\/www.sebastien-auziere.fr\\\/blog\\\/macron-sortie-baskets\\\/\"},\"wordCount\":514,\"commentCount\":0,\"publisher\":{\"@id\":\"https:\\\/\\\/www.sebastien-auziere.fr\\\/blog\\\/#organization\"},\"image\":{\"@id\":\"https:\\\/\\\/www.sebastien-auziere.fr\\\/blog\\\/macron-sortie-baskets\\\/#primaryimage\"},\"thumbnailUrl\":\"https:\\\/\\\/www.sebastien-auziere.fr\\\/blog\\\/wp-content\\\/uploads\\\/2026\\\/04\\\/Emmanuel-et-Brigitte-Macron-bousculent-les-conventions-leur-sortie-nocturne-en-baskets-suscite-lemoi.jpg\",\"keywords\":[\"baskets\",\"brigitte macron\",\"emmanuel macron\",\"sortie nocturne\",\"tenue d\u00e9contract\u00e9e\"],\"articleSection\":[\"Actualit\u00e9s\"],\"inLanguage\":\"fr-FR\",\"potentialAction\":[{\"@type\":\"CommentAction\",\"name\":\"Comment\",\"target\":[\"https:\\\/\\\/www.sebastien-auziere.fr\\\/blog\\\/macron-sortie-baskets\\\/#respond\"]}]},{\"@type\":\"WebPage\",\"@id\":\"https:\\\/\\\/www.sebastien-auziere.fr\\\/blog\\\/macron-sortie-baskets\\\/\",\"url\":\"https:\\\/\\\/www.sebastien-auziere.fr\\\/blog\\\/macron-sortie-baskets\\\/\",\"name\":\"Emmanuel et Brigitte Macron bousculent les conventions : leur sortie nocturne en baskets suscite l'\u00e9moi - Fan site S\u00e9bastien Auzi\u00e8re\",\"isPartOf\":{\"@id\":\"https:\\\/\\\/www.sebastien-auziere.fr\\\/blog\\\/#website\"},\"primaryImageOfPage\":{\"@id\":\"https:\\\/\\\/www.sebastien-auziere.fr\\\/blog\\\/macron-sortie-baskets\\\/#primaryimage\"},\"image\":{\"@id\":\"https:\\\/\\\/www.sebastien-auziere.fr\\\/blog\\\/macron-sortie-baskets\\\/#primaryimage\"},\"thumbnailUrl\":\"https:\\\/\\\/www.sebastien-auziere.fr\\\/blog\\\/wp-content\\\/uploads\\\/2026\\\/04\\\/Emmanuel-et-Brigitte-Macron-bousculent-les-conventions-leur-sortie-nocturne-en-baskets-suscite-lemoi.jpg\",\"datePublished\":\"2026-04-20T20:16:02+00:00\",\"description\":\"Emmanuel et Brigitte Macron surprennent en sortie nocturne en baskets, bousculant les codes et suscitant l'\u00e9moi.\",\"breadcrumb\":{\"@id\":\"https:\\\/\\\/www.sebastien-auziere.fr\\\/blog\\\/macron-sortie-baskets\\\/#breadcrumb\"},\"inLanguage\":\"fr-FR\",\"potentialAction\":[{\"@type\":\"ReadAction\",\"target\":[\"https:\\\/\\\/www.sebastien-auziere.fr\\\/blog\\\/macron-sortie-baskets\\\/\"]}]},{\"@type\":\"ImageObject\",\"inLanguage\":\"fr-FR\",\"@id\":\"https:\\\/\\\/www.sebastien-auziere.fr\\\/blog\\\/macron-sortie-baskets\\\/#primaryimage\",\"url\":\"https:\\\/\\\/www.sebastien-auziere.fr\\\/blog\\\/wp-content\\\/uploads\\\/2026\\\/04\\\/Emmanuel-et-Brigitte-Macron-bousculent-les-conventions-leur-sortie-nocturne-en-baskets-suscite-lemoi.jpg\",\"contentUrl\":\"https:\\\/\\\/www.sebastien-auziere.fr\\\/blog\\\/wp-content\\\/uploads\\\/2026\\\/04\\\/Emmanuel-et-Brigitte-Macron-bousculent-les-conventions-leur-sortie-nocturne-en-baskets-suscite-lemoi.jpg\",\"width\":2560,\"height\":1429,\"caption\":\"emmanuel et brigitte macron surprennent en portant des baskets lors d'une sortie nocturne, d\u00e9fiant les conventions et suscitant de vives r\u00e9actions.\"},{\"@type\":\"BreadcrumbList\",\"@id\":\"https:\\\/\\\/www.sebastien-auziere.fr\\\/blog\\\/macron-sortie-baskets\\\/#breadcrumb\",\"itemListElement\":[{\"@type\":\"ListItem\",\"position\":1,\"name\":\"Home\",\"item\":\"https:\\\/\\\/www.sebastien-auziere.fr\\\/blog\\\/\"},{\"@type\":\"ListItem\",\"position\":2,\"name\":\"Emmanuel et Brigitte Macron bousculent les conventions : leur sortie nocturne en baskets suscite l&rsquo;\u00e9moi\"}]},{\"@type\":\"WebSite\",\"@id\":\"https:\\\/\\\/www.sebastien-auziere.fr\\\/blog\\\/#website\",\"url\":\"https:\\\/\\\/www.sebastien-auziere.fr\\\/blog\\\/\",\"name\":\"Fan site S\u00e9bastien Auzi\u00e8re\",\"description\":\"M\u00e9dia g\u00e9n\u00e9raliste\",\"publisher\":{\"@id\":\"https:\\\/\\\/www.sebastien-auziere.fr\\\/blog\\\/#organization\"},\"potentialAction\":[{\"@type\":\"SearchAction\",\"target\":{\"@type\":\"EntryPoint\",\"urlTemplate\":\"https:\\\/\\\/www.sebastien-auziere.fr\\\/blog\\\/?s={search_term_string}\"},\"query-input\":{\"@type\":\"PropertyValueSpecification\",\"valueRequired\":true,\"valueName\":\"search_term_string\"}}],\"inLanguage\":\"fr-FR\"},{\"@type\":\"Organization\",\"@id\":\"https:\\\/\\\/www.sebastien-auziere.fr\\\/blog\\\/#organization\",\"name\":\"Fan site S\u00e9bastien Auzi\u00e8re\",\"url\":\"https:\\\/\\\/www.sebastien-auziere.fr\\\/blog\\\/\",\"logo\":{\"@type\":\"ImageObject\",\"inLanguage\":\"fr-FR\",\"@id\":\"https:\\\/\\\/www.sebastien-auziere.fr\\\/blog\\\/#\\\/schema\\\/logo\\\/image\\\/\",\"url\":\"https:\\\/\\\/www.sebastien-auziere.fr\\\/blog\\\/wp-content\\\/uploads\\\/2026\\\/03\\\/cropped-cropped-cropped-ChatGPT-Image-6-mars-2026-12_58_09-e1772798376794.jpg\",\"contentUrl\":\"https:\\\/\\\/www.sebastien-auziere.fr\\\/blog\\\/wp-content\\\/uploads\\\/2026\\\/03\\\/cropped-cropped-cropped-ChatGPT-Image-6-mars-2026-12_58_09-e1772798376794.jpg\",\"width\":512,\"height\":360,\"caption\":\"Fan site S\u00e9bastien Auzi\u00e8re\"},\"image\":{\"@id\":\"https:\\\/\\\/www.sebastien-auziere.fr\\\/blog\\\/#\\\/schema\\\/logo\\\/image\\\/\"}},{\"@type\":\"Person\",\"@id\":\"https:\\\/\\\/www.sebastien-auziere.fr\\\/blog\\\/#\\\/schema\\\/person\\\/149f1acdbfd85149c6c3e59adeae2f4d\",\"name\":\"Chloe Gauthier\",\"image\":{\"@type\":\"ImageObject\",\"inLanguage\":\"fr-FR\",\"@id\":\"https:\\\/\\\/secure.gravatar.com\\\/avatar\\\/2c5722f58171cff738a8985ef0dd66b476e563753246a49019befc837ec4201a?s=96&d=mm&r=g\",\"url\":\"https:\\\/\\\/secure.gravatar.com\\\/avatar\\\/2c5722f58171cff738a8985ef0dd66b476e563753246a49019befc837ec4201a?s=96&d=mm&r=g\",\"contentUrl\":\"https:\\\/\\\/secure.gravatar.com\\\/avatar\\\/2c5722f58171cff738a8985ef0dd66b476e563753246a49019befc837ec4201a?s=96&d=mm&r=g\",\"caption\":\"Chloe Gauthier\"},\"description\":\"Passionn\u00e9e par la politique et admiratrice engag\u00e9e de la famille Macron, je consacre mon \u00e9nergie \u00e0 suivre leurs initiatives et \u00e0 promouvoir leurs id\u00e9es. \u00c0 32 ans, je suis convaincue que leur vision est porteuse d'avenir.\",\"url\":\"https:\\\/\\\/www.sebastien-auziere.fr\\\/blog\\\/author\\\/chloe-gauthier\\\/\"}]}<\/script>\n<!-- \/ Yoast SEO plugin. -->","yoast_head_json":{"title":"Emmanuel et Brigitte Macron bousculent les conventions : leur sortie nocturne en baskets suscite l'\u00e9moi - Fan site S\u00e9bastien Auzi\u00e8re","description":"Emmanuel et Brigitte Macron surprennent en sortie nocturne en baskets, bousculant les codes et suscitant l'\u00e9moi.","robots":{"index":"index","follow":"follow","max-snippet":"max-snippet:-1","max-image-preview":"max-image-preview:large","max-video-preview":"max-video-preview:-1"},"canonical":"https:\/\/www.sebastien-auziere.fr\/blog\/macron-sortie-baskets\/","og_locale":"fr_FR","og_type":"article","og_title":"Emmanuel et Brigitte Macron bousculent les conventions : leur sortie nocturne en baskets suscite l'\u00e9moi - Fan site S\u00e9bastien Auzi\u00e8re","og_description":"Emmanuel et Brigitte Macron surprennent en sortie nocturne en baskets, bousculant les codes et suscitant l'\u00e9moi.","og_url":"https:\/\/www.sebastien-auziere.fr\/blog\/macron-sortie-baskets\/","og_site_name":"Fan site S\u00e9bastien Auzi\u00e8re","article_published_time":"2026-04-20T20:16:02+00:00","og_image":[{"width":2560,"height":1429,"url":"https:\/\/www.sebastien-auziere.fr\/blog\/wp-content\/uploads\/2026\/04\/Emmanuel-et-Brigitte-Macron-bousculent-les-conventions-leur-sortie-nocturne-en-baskets-suscite-lemoi.jpg","type":"image\/jpeg"}],"author":"Chloe Gauthier","twitter_card":"summary_large_image","twitter_misc":{"\u00c9crit par":"Chloe Gauthier","Dur\u00e9e de lecture estim\u00e9e":"2 minutes"},"schema":{"@context":"https:\/\/schema.org","@graph":[{"@type":"Article","@id":"https:\/\/www.sebastien-auziere.fr\/blog\/macron-sortie-baskets\/#article","isPartOf":{"@id":"https:\/\/www.sebastien-auziere.fr\/blog\/macron-sortie-baskets\/"},"author":{"name":"Chloe Gauthier","@id":"https:\/\/www.sebastien-auziere.fr\/blog\/#\/schema\/person\/149f1acdbfd85149c6c3e59adeae2f4d"},"headline":"Emmanuel et Brigitte Macron bousculent les conventions : leur sortie nocturne en baskets suscite l&rsquo;\u00e9moi","datePublished":"2026-04-20T20:16:02+00:00","mainEntityOfPage":{"@id":"https:\/\/www.sebastien-auziere.fr\/blog\/macron-sortie-baskets\/"},"wordCount":514,"commentCount":0,"publisher":{"@id":"https:\/\/www.sebastien-auziere.fr\/blog\/#organization"},"image":{"@id":"https:\/\/www.sebastien-auziere.fr\/blog\/macron-sortie-baskets\/#primaryimage"},"thumbnailUrl":"https:\/\/www.sebastien-auziere.fr\/blog\/wp-content\/uploads\/2026\/04\/Emmanuel-et-Brigitte-Macron-bousculent-les-conventions-leur-sortie-nocturne-en-baskets-suscite-lemoi.jpg","keywords":["baskets","brigitte macron","emmanuel macron","sortie nocturne","tenue d\u00e9contract\u00e9e"],"articleSection":["Actualit\u00e9s"],"inLanguage":"fr-FR","potentialAction":[{"@type":"CommentAction","name":"Comment","target":["https:\/\/www.sebastien-auziere.fr\/blog\/macron-sortie-baskets\/#respond"]}]},{"@type":"WebPage","@id":"https:\/\/www.sebastien-auziere.fr\/blog\/macron-sortie-baskets\/","url":"https:\/\/www.sebastien-auziere.fr\/blog\/macron-sortie-baskets\/","name":"Emmanuel et Brigitte Macron bousculent les conventions : leur sortie nocturne en baskets suscite l'\u00e9moi - Fan site S\u00e9bastien Auzi\u00e8re","isPartOf":{"@id":"https:\/\/www.sebastien-auziere.fr\/blog\/#website"},"primaryImageOfPage":{"@id":"https:\/\/www.sebastien-auziere.fr\/blog\/macron-sortie-baskets\/#primaryimage"},"image":{"@id":"https:\/\/www.sebastien-auziere.fr\/blog\/macron-sortie-baskets\/#primaryimage"},"thumbnailUrl":"https:\/\/www.sebastien-auziere.fr\/blog\/wp-content\/uploads\/2026\/04\/Emmanuel-et-Brigitte-Macron-bousculent-les-conventions-leur-sortie-nocturne-en-baskets-suscite-lemoi.jpg","datePublished":"2026-04-20T20:16:02+00:00","description":"Emmanuel et Brigitte Macron surprennent en sortie nocturne en baskets, bousculant les codes et suscitant l'\u00e9moi.","breadcrumb":{"@id":"https:\/\/www.sebastien-auziere.fr\/blog\/macron-sortie-baskets\/#breadcrumb"},"inLanguage":"fr-FR","potentialAction":[{"@type":"ReadAction","target":["https:\/\/www.sebastien-auziere.fr\/blog\/macron-sortie-baskets\/"]}]},{"@type":"ImageObject","inLanguage":"fr-FR","@id":"https:\/\/www.sebastien-auziere.fr\/blog\/macron-sortie-baskets\/#primaryimage","url":"https:\/\/www.sebastien-auziere.fr\/blog\/wp-content\/uploads\/2026\/04\/Emmanuel-et-Brigitte-Macron-bousculent-les-conventions-leur-sortie-nocturne-en-baskets-suscite-lemoi.jpg","contentUrl":"https:\/\/www.sebastien-auziere.fr\/blog\/wp-content\/uploads\/2026\/04\/Emmanuel-et-Brigitte-Macron-bousculent-les-conventions-leur-sortie-nocturne-en-baskets-suscite-lemoi.jpg","width":2560,"height":1429,"caption":"emmanuel et brigitte macron surprennent en portant des baskets lors d'une sortie nocturne, d\u00e9fiant les conventions et suscitant de vives r\u00e9actions."},{"@type":"BreadcrumbList","@id":"https:\/\/www.sebastien-auziere.fr\/blog\/macron-sortie-baskets\/#breadcrumb","itemListElement":[{"@type":"ListItem","position":1,"name":"Home","item":"https:\/\/www.sebastien-auziere.fr\/blog\/"},{"@type":"ListItem","position":2,"name":"Emmanuel et Brigitte Macron bousculent les conventions : leur sortie nocturne en baskets suscite l&rsquo;\u00e9moi"}]},{"@type":"WebSite","@id":"https:\/\/www.sebastien-auziere.fr\/blog\/#website","url":"https:\/\/www.sebastien-auziere.fr\/blog\/","name":"Fan site S\u00e9bastien Auzi\u00e8re","description":"M\u00e9dia g\u00e9n\u00e9raliste","publisher":{"@id":"https:\/\/www.sebastien-auziere.fr\/blog\/#organization"},"potentialAction":[{"@type":"SearchAction","target":{"@type":"EntryPoint","urlTemplate":"https:\/\/www.sebastien-auziere.fr\/blog\/?s={search_term_string}"},"query-input":{"@type":"PropertyValueSpecification","valueRequired":true,"valueName":"search_term_string"}}],"inLanguage":"fr-FR"},{"@type":"Organization","@id":"https:\/\/www.sebastien-auziere.fr\/blog\/#organization","name":"Fan site S\u00e9bastien Auzi\u00e8re","url":"https:\/\/www.sebastien-auziere.fr\/blog\/","logo":{"@type":"ImageObject","inLanguage":"fr-FR","@id":"https:\/\/www.sebastien-auziere.fr\/blog\/#\/schema\/logo\/image\/","url":"https:\/\/www.sebastien-auziere.fr\/blog\/wp-content\/uploads\/2026\/03\/cropped-cropped-cropped-ChatGPT-Image-6-mars-2026-12_58_09-e1772798376794.jpg","contentUrl":"https:\/\/www.sebastien-auziere.fr\/blog\/wp-content\/uploads\/2026\/03\/cropped-cropped-cropped-ChatGPT-Image-6-mars-2026-12_58_09-e1772798376794.jpg","width":512,"height":360,"caption":"Fan site S\u00e9bastien Auzi\u00e8re"},"image":{"@id":"https:\/\/www.sebastien-auziere.fr\/blog\/#\/schema\/logo\/image\/"}},{"@type":"Person","@id":"https:\/\/www.sebastien-auziere.fr\/blog\/#\/schema\/person\/149f1acdbfd85149c6c3e59adeae2f4d","name":"Chloe Gauthier","image":{"@type":"ImageObject","inLanguage":"fr-FR","@id":"https:\/\/secure.gravatar.com\/avatar\/2c5722f58171cff738a8985ef0dd66b476e563753246a49019befc837ec4201a?s=96&d=mm&r=g","url":"https:\/\/secure.gravatar.com\/avatar\/2c5722f58171cff738a8985ef0dd66b476e563753246a49019befc837ec4201a?s=96&d=mm&r=g","contentUrl":"https:\/\/secure.gravatar.com\/avatar\/2c5722f58171cff738a8985ef0dd66b476e563753246a49019befc837ec4201a?s=96&d=mm&r=g","caption":"Chloe Gauthier"},"description":"Passionn\u00e9e par la politique et admiratrice engag\u00e9e de la famille Macron, je consacre mon \u00e9nergie \u00e0 suivre leurs initiatives et \u00e0 promouvoir leurs id\u00e9es. \u00c0 32 ans, je suis convaincue que leur vision est porteuse d'avenir.","url":"https:\/\/www.sebastien-auziere.fr\/blog\/author\/chloe-gauthier\/"}]}},"views":56,"_links":{"self":[{"href":"https:\/\/www.sebastien-auziere.fr\/blog\/wp-json\/wp\/v2\/posts\/3187","targetHints":{"allow":["GET"]}}],"collection":[{"href":"https:\/\/www.sebastien-auziere.fr\/blog\/wp-json\/wp\/v2\/posts"}],"about":[{"href":"https:\/\/www.sebastien-auziere.fr\/blog\/wp-json\/wp\/v2\/types\/post"}],"author":[{"embeddable":true,"href":"https:\/\/www.sebastien-auziere.fr\/blog\/wp-json\/wp\/v2\/users\/9"}],"replies":[{"embeddable":true,"href":"https:\/\/www.sebastien-auziere.fr\/blog\/wp-json\/wp\/v2\/comments?post=3187"}],"version-history":[{"count":0,"href":"https:\/\/www.sebastien-auziere.fr\/blog\/wp-json\/wp\/v2\/posts\/3187\/revisions"}],"wp:featuredmedia":[{"embeddable":true,"href":"https:\/\/www.sebastien-auziere.fr\/blog\/wp-json\/wp\/v2\/media\/3186"}],"wp:attachment":[{"href":"https:\/\/www.sebastien-auziere.fr\/blog\/wp-json\/wp\/v2\/media?parent=3187"}],"wp:term":[{"taxonomy":"category","embeddable":true,"href":"https:\/\/www.sebastien-auziere.fr\/blog\/wp-json\/wp\/v2\/categories?post=3187"},{"taxonomy":"post_tag","embeddable":true,"href":"https:\/\/www.sebastien-auziere.fr\/blog\/wp-json\/wp\/v2\/tags?post=3187"}],"curies":[{"name":"wp","href":"https:\/\/api.w.org\/{rel}","templated":true}]}}