{"id":3182,"date":"2026-04-20T07:17:58","date_gmt":"2026-04-20T07:17:58","guid":{"rendered":"https:\/\/www.sebastien-auziere.fr\/blog\/?p=3182"},"modified":"2026-04-20T07:18:15","modified_gmt":"2026-04-20T07:18:15","slug":"brigitte-macron-embeleza-o-palacio-do-eliseu-com-um-vestido-vermelho-italiano-e-joias-da-louis-vuitton","status":"publish","type":"post","link":"https:\/\/www.sebastien-auziere.fr\/blog\/pt\/brigitte-macron-embeleza-o-palacio-do-eliseu-com-um-vestido-vermelho-italiano-e-joias-da-louis-vuitton\/","title":{"rendered":"Brigitte Macron embeleza o Pal\u00e1cio do Eliseu com um vestido vermelho italiano e joias da Louis Vuitton"},"content":{"rendered":"<p><strong>Brigitte Macron<\/strong>\u00c9lys\u00e9e em 15 de abril ao receber o presidente mauritano com um <strong>vestido vermelho<\/strong> italiano e um conjunto assinado <strong>Louis Vuitton<\/strong>. Seu olhar \u00e9 imediatamente atra\u00eddo por este vestido minimalista e pelo brilho discreto das joias, um combo que gerou coment\u00e1rios na <strong>moda<\/strong> e no protocolo.<\/p>\n\n<p><strong>Em resumo:<\/strong> vestido longo vermelho italiano, decote redondo e mangas longas; bolsa Balmain e sapatos de salto; conjunto Flower Comet <strong>Louis Vuitton<\/strong>; recep\u00e7\u00e3o de Estado para Mohamed Ould Ghazouani em 15 de abril de 2026; uma mensagem de <strong>estilo<\/strong> e <strong>alta costura<\/strong> perfeitamente dominada.<\/p>\n\n<h2 class=\"wp-block-heading\">O vestido italiano: sobriedade e impacto no topo do Estado<\/h2>\n\n<p>A Primeira-dama usava um longo vestido vermelha Bismarck com mangas longas e decote redondo, uma pe\u00e7a de ateli\u00ea italiano que se ajusta \u00e0 silhueta sem ornamentos sup\u00e9rfluos. A cor, fazendo uma refer\u00eancia discreta \u00e0 bandeira, valoriza o tom de pele e afirma uma presen\u00e7a diplom\u00e1tica. A bolsa Balmain em couro texturizado e sapatos de salto completavam o visual, lembrando suas escolhas sucessivas durante viagens oficiais a T\u00f3quio e Pequim. Um look pensado para durar.<\/p>\n\n<h3 class=\"wp-block-heading\">As joias Louis Vuitton: finesse e simbolismo<\/h3>\n\n<p>A joia chave era o colar <strong>Flower Comet<\/strong> em metal dourado e strass, acompanhado de uma pulseira combinando e um anel grosso, assinaturas vis\u00edveis de <strong>Louis Vuitton<\/strong>. Essas pe\u00e7as, pensadas para capturar a luz sem ostenta\u00e7\u00e3o, foram notadas pela imprensa especializada e descritas como um equil\u00edbrio perfeito entre brilho e discri\u00e7\u00e3o. Para uma descri\u00e7\u00e3o detalhada do conjunto, consulte as imagens e a an\u00e1lise na imprensa. \u00c9 uma demonstra\u00e7\u00e3o de eleg\u00e2ncia dominada.<\/p>\n\n<h2 class=\"wp-block-heading\">Estilo e diplomacia: o vermelho como linguagem<\/h2>\n\n<p>Ao escolher o vermelho italiano, <strong>Brigitte Macron<\/strong> usou a <strong>moda<\/strong> como vetor diplom\u00e1tico, j\u00e1 vis\u00edvel em seus looks totais garance no Jap\u00e3o ou escarlates em Pequim. Aos 73 anos, ela imp\u00f5e um <strong>estilo<\/strong> que combina tradi\u00e7\u00e3o e modernidade, privilegiando linhas limpas e casas de alta costura reconhecidas. Os observadores notaram a coer\u00eancia de sua mensagem visual, entre respeito ao protocolo e assinatura pessoal.<\/p>\n\n<h2 class=\"wp-block-heading\">Um look comentado pela imprensa e especialistas<\/h2>\n\n<p>A m\u00eddia amplamente divulgou esta apari\u00e7\u00e3o, da cobertura detalhada do <a href=\"https:\/\/madame.lefigaro.fr\/style\/news\/brigitte-macron-en-robe-rouge-et-chignon-dore-pour-le-diner-d-etat-mauritanien-20260416\">Figaro<\/a> ao panorama de moda de <a href=\"https:\/\/www.vogue.fr\/article\/brigitte-macron-chic-francais-style-looks\">Vogue<\/a>. Para um dossi\u00ea completo sobre a roupa e seus acess\u00f3rios, tamb\u00e9m encontramos um relat\u00f3rio detalhado no blog dedicado \u00e0 fam\u00edlia Macron. Isso confirma que a apar\u00eancia pode ser uma estrat\u00e9gia sutil de comunica\u00e7\u00e3o p\u00fablica.<\/p>\n\n<p>Quer saber mais sobre os bastidores desta noite e os la\u00e7os familiares e estil\u00edsticos em torno da Presid\u00eancia? Descubra mais an\u00e1lises e fotos em <a href=\"https:\/\/www.sebastien-auziere.fr\/blog\/brigitte-macron-robe-rouge-3\/\">o dossi\u00ea completo<\/a> e explore os arquivos e artigos dedicados \u00e0 fam\u00edlia Macron em <a href=\"https:\/\/www.sebastien-auziere.fr\/blog\/brigitte-macron-robe-elegante\/\">sebastien-auziere.fr<\/a>.<\/p>","protected":false},"excerpt":{"rendered":"<p>Brigitte Macron\u00c9lys\u00e9e em 15 de abril ao receber o presidente mauritano com um vestido vermelho italiano e um conjunto assinado Louis Vuitton. Seu olhar \u00e9 imediatamente atra\u00eddo por este vestido minimalista e pelo brilho discreto das joias, um combo que gerou coment\u00e1rios na moda e no protocolo. Em resumo: vestido longo vermelho italiano, decote redondo &#8230; <a title=\"Brigitte Macron embeleza o Pal\u00e1cio do Eliseu com um vestido vermelho italiano e joias da Louis Vuitton\" class=\"read-more\" href=\"https:\/\/www.sebastien-auziere.fr\/blog\/pt\/brigitte-macron-embeleza-o-palacio-do-eliseu-com-um-vestido-vermelho-italiano-e-joias-da-louis-vuitton\/\" aria-label=\"En savoir plus sur Brigitte Macron embeleza o Pal\u00e1cio do Eliseu com um vestido vermelho italiano e joias da Louis Vuitton\">Lire plus<\/a><\/p>\n","protected":false},"author":9,"featured_media":3172,"comment_status":"open","ping_status":"open","sticky":false,"template":"","format":"standard","meta":{"footnotes":""},"categories":[862],"tags":[959,3384,3660,3663,3210],"class_list":["post-3182","post","type-post","status-publish","format-standard","has-post-thumbnail","hentry","category-actualidades-pt","tag-brigitte-macron-pt","tag-elysee-pt","tag-louis-vuitton-pt","tag-modo-italiano-pt","tag-robe-vermelha-pt"],"yoast_head":"<!-- This site is optimized with the Yoast SEO plugin v27.5 - https:\/\/yoast.com\/product\/yoast-seo-wordpress\/ -->\n<title>Brigitte Macron embeleza o Pal\u00e1cio do Eliseu com um vestido vermelho italiano e joias da Louis Vuitton - Fan site S\u00e9bastien Auzi\u00e8re<\/title>\n<meta name=\"description\" content=\"Brigitte Macron \u00e9blouit l\u2019\u00c9lys\u00e9e en robe rouge italienne et bijoux Louis Vuitton, alliant \u00e9l\u00e9gance et raffinement pour une apparition m\u00e9morable.\" \/>\n<meta name=\"robots\" content=\"index, follow, max-snippet:-1, max-image-preview:large, max-video-preview:-1\" \/>\n<link rel=\"canonical\" href=\"https:\/\/www.sebastien-auziere.fr\/blog\/pt\/brigitte-macron-embeleza-o-palacio-do-eliseu-com-um-vestido-vermelho-italiano-e-joias-da-louis-vuitton\/\" \/>\n<meta property=\"og:locale\" content=\"fr_FR\" \/>\n<meta property=\"og:type\" content=\"article\" \/>\n<meta property=\"og:title\" content=\"Brigitte Macron embeleza o Pal\u00e1cio do Eliseu com um vestido vermelho italiano e joias da Louis Vuitton - Fan site S\u00e9bastien Auzi\u00e8re\" \/>\n<meta property=\"og:description\" content=\"Brigitte Macron \u00e9blouit l\u2019\u00c9lys\u00e9e en robe rouge italienne et bijoux Louis Vuitton, alliant \u00e9l\u00e9gance et raffinement pour une apparition m\u00e9morable.\" \/>\n<meta property=\"og:url\" content=\"https:\/\/www.sebastien-auziere.fr\/blog\/pt\/brigitte-macron-embeleza-o-palacio-do-eliseu-com-um-vestido-vermelho-italiano-e-joias-da-louis-vuitton\/\" \/>\n<meta property=\"og:site_name\" content=\"Fan site S\u00e9bastien Auzi\u00e8re\" \/>\n<meta property=\"article:published_time\" content=\"2026-04-20T07:17:58+00:00\" \/>\n<meta property=\"article:modified_time\" content=\"2026-04-20T07:18:15+00:00\" \/>\n<meta property=\"og:image\" content=\"https:\/\/www.sebastien-auziere.fr\/blog\/wp-content\/uploads\/2026\/04\/Brigitte-Macron-sublime-lElysee-dans-une-robe-rouge-italienne-et-des-bijoux-signes-Louis-Vuitton.jpg\" \/>\n\t<meta property=\"og:image:width\" content=\"2560\" \/>\n\t<meta property=\"og:image:height\" content=\"1429\" \/>\n\t<meta property=\"og:image:type\" content=\"image\/jpeg\" \/>\n<meta name=\"author\" content=\"Chloe Gauthier\" \/>\n<meta name=\"twitter:card\" content=\"summary_large_image\" \/>\n<meta name=\"twitter:label1\" content=\"\u00c9crit par\" \/>\n\t<meta name=\"twitter:data1\" content=\"Chloe Gauthier\" \/>\n\t<meta name=\"twitter:label2\" content=\"Dur\u00e9e de lecture estim\u00e9e\" \/>\n\t<meta name=\"twitter:data2\" content=\"2 minutes\" \/>\n<script type=\"application\/ld+json\" class=\"yoast-schema-graph\">{\"@context\":\"https:\\\/\\\/schema.org\",\"@graph\":[{\"@type\":\"Article\",\"@id\":\"https:\\\/\\\/www.sebastien-auziere.fr\\\/blog\\\/pt\\\/brigitte-macron-embeleza-o-palacio-do-eliseu-com-um-vestido-vermelho-italiano-e-joias-da-louis-vuitton\\\/#article\",\"isPartOf\":{\"@id\":\"https:\\\/\\\/www.sebastien-auziere.fr\\\/blog\\\/pt\\\/brigitte-macron-embeleza-o-palacio-do-eliseu-com-um-vestido-vermelho-italiano-e-joias-da-louis-vuitton\\\/\"},\"author\":{\"name\":\"Chloe Gauthier\",\"@id\":\"https:\\\/\\\/www.sebastien-auziere.fr\\\/blog\\\/#\\\/schema\\\/person\\\/149f1acdbfd85149c6c3e59adeae2f4d\"},\"headline\":\"Brigitte Macron embeleza o Pal\u00e1cio do Eliseu com um vestido vermelho italiano e joias da Louis Vuitton\",\"datePublished\":\"2026-04-20T07:17:58+00:00\",\"dateModified\":\"2026-04-20T07:18:15+00:00\",\"mainEntityOfPage\":{\"@id\":\"https:\\\/\\\/www.sebastien-auziere.fr\\\/blog\\\/pt\\\/brigitte-macron-embeleza-o-palacio-do-eliseu-com-um-vestido-vermelho-italiano-e-joias-da-louis-vuitton\\\/\"},\"wordCount\":470,\"commentCount\":0,\"publisher\":{\"@id\":\"https:\\\/\\\/www.sebastien-auziere.fr\\\/blog\\\/#organization\"},\"image\":{\"@id\":\"https:\\\/\\\/www.sebastien-auziere.fr\\\/blog\\\/pt\\\/brigitte-macron-embeleza-o-palacio-do-eliseu-com-um-vestido-vermelho-italiano-e-joias-da-louis-vuitton\\\/#primaryimage\"},\"thumbnailUrl\":\"https:\\\/\\\/www.sebastien-auziere.fr\\\/blog\\\/wp-content\\\/uploads\\\/2026\\\/04\\\/Brigitte-Macron-sublime-lElysee-dans-une-robe-rouge-italienne-et-des-bijoux-signes-Louis-Vuitton.jpg\",\"keywords\":[\"brigitte macron\",\"\u00e9lys\u00e9e\",\"louis vuitton\",\"modo italiano\",\"robe vermelha\"],\"articleSection\":[\"Actualidades\"],\"inLanguage\":\"fr-FR\",\"potentialAction\":[{\"@type\":\"CommentAction\",\"name\":\"Comment\",\"target\":[\"https:\\\/\\\/www.sebastien-auziere.fr\\\/blog\\\/pt\\\/brigitte-macron-embeleza-o-palacio-do-eliseu-com-um-vestido-vermelho-italiano-e-joias-da-louis-vuitton\\\/#respond\"]}]},{\"@type\":\"WebPage\",\"@id\":\"https:\\\/\\\/www.sebastien-auziere.fr\\\/blog\\\/pt\\\/brigitte-macron-embeleza-o-palacio-do-eliseu-com-um-vestido-vermelho-italiano-e-joias-da-louis-vuitton\\\/\",\"url\":\"https:\\\/\\\/www.sebastien-auziere.fr\\\/blog\\\/pt\\\/brigitte-macron-embeleza-o-palacio-do-eliseu-com-um-vestido-vermelho-italiano-e-joias-da-louis-vuitton\\\/\",\"name\":\"Brigitte Macron embeleza o Pal\u00e1cio do Eliseu com um vestido vermelho italiano e joias da Louis Vuitton - Fan site S\u00e9bastien Auzi\u00e8re\",\"isPartOf\":{\"@id\":\"https:\\\/\\\/www.sebastien-auziere.fr\\\/blog\\\/#website\"},\"primaryImageOfPage\":{\"@id\":\"https:\\\/\\\/www.sebastien-auziere.fr\\\/blog\\\/pt\\\/brigitte-macron-embeleza-o-palacio-do-eliseu-com-um-vestido-vermelho-italiano-e-joias-da-louis-vuitton\\\/#primaryimage\"},\"image\":{\"@id\":\"https:\\\/\\\/www.sebastien-auziere.fr\\\/blog\\\/pt\\\/brigitte-macron-embeleza-o-palacio-do-eliseu-com-um-vestido-vermelho-italiano-e-joias-da-louis-vuitton\\\/#primaryimage\"},\"thumbnailUrl\":\"https:\\\/\\\/www.sebastien-auziere.fr\\\/blog\\\/wp-content\\\/uploads\\\/2026\\\/04\\\/Brigitte-Macron-sublime-lElysee-dans-une-robe-rouge-italienne-et-des-bijoux-signes-Louis-Vuitton.jpg\",\"datePublished\":\"2026-04-20T07:17:58+00:00\",\"dateModified\":\"2026-04-20T07:18:15+00:00\",\"description\":\"Brigitte Macron \u00e9blouit l\u2019\u00c9lys\u00e9e en robe rouge italienne et bijoux Louis Vuitton, alliant \u00e9l\u00e9gance et raffinement pour une apparition m\u00e9morable.\",\"breadcrumb\":{\"@id\":\"https:\\\/\\\/www.sebastien-auziere.fr\\\/blog\\\/pt\\\/brigitte-macron-embeleza-o-palacio-do-eliseu-com-um-vestido-vermelho-italiano-e-joias-da-louis-vuitton\\\/#breadcrumb\"},\"inLanguage\":\"fr-FR\",\"potentialAction\":[{\"@type\":\"ReadAction\",\"target\":[\"https:\\\/\\\/www.sebastien-auziere.fr\\\/blog\\\/pt\\\/brigitte-macron-embeleza-o-palacio-do-eliseu-com-um-vestido-vermelho-italiano-e-joias-da-louis-vuitton\\\/\"]}]},{\"@type\":\"ImageObject\",\"inLanguage\":\"fr-FR\",\"@id\":\"https:\\\/\\\/www.sebastien-auziere.fr\\\/blog\\\/pt\\\/brigitte-macron-embeleza-o-palacio-do-eliseu-com-um-vestido-vermelho-italiano-e-joias-da-louis-vuitton\\\/#primaryimage\",\"url\":\"https:\\\/\\\/www.sebastien-auziere.fr\\\/blog\\\/wp-content\\\/uploads\\\/2026\\\/04\\\/Brigitte-Macron-sublime-lElysee-dans-une-robe-rouge-italienne-et-des-bijoux-signes-Louis-Vuitton.jpg\",\"contentUrl\":\"https:\\\/\\\/www.sebastien-auziere.fr\\\/blog\\\/wp-content\\\/uploads\\\/2026\\\/04\\\/Brigitte-Macron-sublime-lElysee-dans-une-robe-rouge-italienne-et-des-bijoux-signes-Louis-Vuitton.jpg\",\"width\":2560,\"height\":1429,\"caption\":\"d\u00e9couvrez comment brigitte macron illumine l\u2019\u00e9lys\u00e9e en portant une \u00e9l\u00e9gante robe rouge italienne accompagn\u00e9e de bijoux exclusifs sign\u00e9s louis vuitton, alliant style et raffinement.\"},{\"@type\":\"BreadcrumbList\",\"@id\":\"https:\\\/\\\/www.sebastien-auziere.fr\\\/blog\\\/pt\\\/brigitte-macron-embeleza-o-palacio-do-eliseu-com-um-vestido-vermelho-italiano-e-joias-da-louis-vuitton\\\/#breadcrumb\",\"itemListElement\":[{\"@type\":\"ListItem\",\"position\":1,\"name\":\"Home\",\"item\":\"https:\\\/\\\/www.sebastien-auziere.fr\\\/blog\\\/\"},{\"@type\":\"ListItem\",\"position\":2,\"name\":\"Brigitte Macron embeleza o Pal\u00e1cio do Eliseu com um vestido vermelho italiano e joias da Louis Vuitton\"}]},{\"@type\":\"WebSite\",\"@id\":\"https:\\\/\\\/www.sebastien-auziere.fr\\\/blog\\\/#website\",\"url\":\"https:\\\/\\\/www.sebastien-auziere.fr\\\/blog\\\/\",\"name\":\"Fan site S\u00e9bastien Auzi\u00e8re\",\"description\":\"M\u00e9dia g\u00e9n\u00e9raliste\",\"publisher\":{\"@id\":\"https:\\\/\\\/www.sebastien-auziere.fr\\\/blog\\\/#organization\"},\"potentialAction\":[{\"@type\":\"SearchAction\",\"target\":{\"@type\":\"EntryPoint\",\"urlTemplate\":\"https:\\\/\\\/www.sebastien-auziere.fr\\\/blog\\\/?s={search_term_string}\"},\"query-input\":{\"@type\":\"PropertyValueSpecification\",\"valueRequired\":true,\"valueName\":\"search_term_string\"}}],\"inLanguage\":\"fr-FR\"},{\"@type\":\"Organization\",\"@id\":\"https:\\\/\\\/www.sebastien-auziere.fr\\\/blog\\\/#organization\",\"name\":\"Fan site S\u00e9bastien Auzi\u00e8re\",\"url\":\"https:\\\/\\\/www.sebastien-auziere.fr\\\/blog\\\/\",\"logo\":{\"@type\":\"ImageObject\",\"inLanguage\":\"fr-FR\",\"@id\":\"https:\\\/\\\/www.sebastien-auziere.fr\\\/blog\\\/#\\\/schema\\\/logo\\\/image\\\/\",\"url\":\"https:\\\/\\\/www.sebastien-auziere.fr\\\/blog\\\/wp-content\\\/uploads\\\/2026\\\/03\\\/cropped-cropped-cropped-ChatGPT-Image-6-mars-2026-12_58_09-e1772798376794.jpg\",\"contentUrl\":\"https:\\\/\\\/www.sebastien-auziere.fr\\\/blog\\\/wp-content\\\/uploads\\\/2026\\\/03\\\/cropped-cropped-cropped-ChatGPT-Image-6-mars-2026-12_58_09-e1772798376794.jpg\",\"width\":512,\"height\":360,\"caption\":\"Fan site S\u00e9bastien Auzi\u00e8re\"},\"image\":{\"@id\":\"https:\\\/\\\/www.sebastien-auziere.fr\\\/blog\\\/#\\\/schema\\\/logo\\\/image\\\/\"}},{\"@type\":\"Person\",\"@id\":\"https:\\\/\\\/www.sebastien-auziere.fr\\\/blog\\\/#\\\/schema\\\/person\\\/149f1acdbfd85149c6c3e59adeae2f4d\",\"name\":\"Chloe Gauthier\",\"image\":{\"@type\":\"ImageObject\",\"inLanguage\":\"fr-FR\",\"@id\":\"https:\\\/\\\/secure.gravatar.com\\\/avatar\\\/2c5722f58171cff738a8985ef0dd66b476e563753246a49019befc837ec4201a?s=96&d=mm&r=g\",\"url\":\"https:\\\/\\\/secure.gravatar.com\\\/avatar\\\/2c5722f58171cff738a8985ef0dd66b476e563753246a49019befc837ec4201a?s=96&d=mm&r=g\",\"contentUrl\":\"https:\\\/\\\/secure.gravatar.com\\\/avatar\\\/2c5722f58171cff738a8985ef0dd66b476e563753246a49019befc837ec4201a?s=96&d=mm&r=g\",\"caption\":\"Chloe Gauthier\"},\"description\":\"Passionn\u00e9e par la politique et admiratrice engag\u00e9e de la famille Macron, je consacre mon \u00e9nergie \u00e0 suivre leurs initiatives et \u00e0 promouvoir leurs id\u00e9es. \u00c0 32 ans, je suis convaincue que leur vision est porteuse d'avenir.\",\"url\":\"https:\\\/\\\/www.sebastien-auziere.fr\\\/blog\\\/author\\\/chloe-gauthier\\\/\"}]}<\/script>\n<!-- \/ Yoast SEO plugin. -->","yoast_head_json":{"title":"Brigitte Macron embeleza o Pal\u00e1cio do Eliseu com um vestido vermelho italiano e joias da Louis Vuitton - Fan site S\u00e9bastien Auzi\u00e8re","description":"Brigitte Macron \u00e9blouit l\u2019\u00c9lys\u00e9e en robe rouge italienne et bijoux Louis Vuitton, alliant \u00e9l\u00e9gance et raffinement pour une apparition m\u00e9morable.","robots":{"index":"index","follow":"follow","max-snippet":"max-snippet:-1","max-image-preview":"max-image-preview:large","max-video-preview":"max-video-preview:-1"},"canonical":"https:\/\/www.sebastien-auziere.fr\/blog\/pt\/brigitte-macron-embeleza-o-palacio-do-eliseu-com-um-vestido-vermelho-italiano-e-joias-da-louis-vuitton\/","og_locale":"fr_FR","og_type":"article","og_title":"Brigitte Macron embeleza o Pal\u00e1cio do Eliseu com um vestido vermelho italiano e joias da Louis Vuitton - Fan site S\u00e9bastien Auzi\u00e8re","og_description":"Brigitte Macron \u00e9blouit l\u2019\u00c9lys\u00e9e en robe rouge italienne et bijoux Louis Vuitton, alliant \u00e9l\u00e9gance et raffinement pour une apparition m\u00e9morable.","og_url":"https:\/\/www.sebastien-auziere.fr\/blog\/pt\/brigitte-macron-embeleza-o-palacio-do-eliseu-com-um-vestido-vermelho-italiano-e-joias-da-louis-vuitton\/","og_site_name":"Fan site S\u00e9bastien Auzi\u00e8re","article_published_time":"2026-04-20T07:17:58+00:00","article_modified_time":"2026-04-20T07:18:15+00:00","og_image":[{"width":2560,"height":1429,"url":"https:\/\/www.sebastien-auziere.fr\/blog\/wp-content\/uploads\/2026\/04\/Brigitte-Macron-sublime-lElysee-dans-une-robe-rouge-italienne-et-des-bijoux-signes-Louis-Vuitton.jpg","type":"image\/jpeg"}],"author":"Chloe Gauthier","twitter_card":"summary_large_image","twitter_misc":{"\u00c9crit par":"Chloe Gauthier","Dur\u00e9e de lecture estim\u00e9e":"2 minutes"},"schema":{"@context":"https:\/\/schema.org","@graph":[{"@type":"Article","@id":"https:\/\/www.sebastien-auziere.fr\/blog\/pt\/brigitte-macron-embeleza-o-palacio-do-eliseu-com-um-vestido-vermelho-italiano-e-joias-da-louis-vuitton\/#article","isPartOf":{"@id":"https:\/\/www.sebastien-auziere.fr\/blog\/pt\/brigitte-macron-embeleza-o-palacio-do-eliseu-com-um-vestido-vermelho-italiano-e-joias-da-louis-vuitton\/"},"author":{"name":"Chloe Gauthier","@id":"https:\/\/www.sebastien-auziere.fr\/blog\/#\/schema\/person\/149f1acdbfd85149c6c3e59adeae2f4d"},"headline":"Brigitte Macron embeleza o Pal\u00e1cio do Eliseu com um vestido vermelho italiano e joias da Louis Vuitton","datePublished":"2026-04-20T07:17:58+00:00","dateModified":"2026-04-20T07:18:15+00:00","mainEntityOfPage":{"@id":"https:\/\/www.sebastien-auziere.fr\/blog\/pt\/brigitte-macron-embeleza-o-palacio-do-eliseu-com-um-vestido-vermelho-italiano-e-joias-da-louis-vuitton\/"},"wordCount":470,"commentCount":0,"publisher":{"@id":"https:\/\/www.sebastien-auziere.fr\/blog\/#organization"},"image":{"@id":"https:\/\/www.sebastien-auziere.fr\/blog\/pt\/brigitte-macron-embeleza-o-palacio-do-eliseu-com-um-vestido-vermelho-italiano-e-joias-da-louis-vuitton\/#primaryimage"},"thumbnailUrl":"https:\/\/www.sebastien-auziere.fr\/blog\/wp-content\/uploads\/2026\/04\/Brigitte-Macron-sublime-lElysee-dans-une-robe-rouge-italienne-et-des-bijoux-signes-Louis-Vuitton.jpg","keywords":["brigitte macron","\u00e9lys\u00e9e","louis vuitton","modo italiano","robe vermelha"],"articleSection":["Actualidades"],"inLanguage":"fr-FR","potentialAction":[{"@type":"CommentAction","name":"Comment","target":["https:\/\/www.sebastien-auziere.fr\/blog\/pt\/brigitte-macron-embeleza-o-palacio-do-eliseu-com-um-vestido-vermelho-italiano-e-joias-da-louis-vuitton\/#respond"]}]},{"@type":"WebPage","@id":"https:\/\/www.sebastien-auziere.fr\/blog\/pt\/brigitte-macron-embeleza-o-palacio-do-eliseu-com-um-vestido-vermelho-italiano-e-joias-da-louis-vuitton\/","url":"https:\/\/www.sebastien-auziere.fr\/blog\/pt\/brigitte-macron-embeleza-o-palacio-do-eliseu-com-um-vestido-vermelho-italiano-e-joias-da-louis-vuitton\/","name":"Brigitte Macron embeleza o Pal\u00e1cio do Eliseu com um vestido vermelho italiano e joias da Louis Vuitton - Fan site S\u00e9bastien Auzi\u00e8re","isPartOf":{"@id":"https:\/\/www.sebastien-auziere.fr\/blog\/#website"},"primaryImageOfPage":{"@id":"https:\/\/www.sebastien-auziere.fr\/blog\/pt\/brigitte-macron-embeleza-o-palacio-do-eliseu-com-um-vestido-vermelho-italiano-e-joias-da-louis-vuitton\/#primaryimage"},"image":{"@id":"https:\/\/www.sebastien-auziere.fr\/blog\/pt\/brigitte-macron-embeleza-o-palacio-do-eliseu-com-um-vestido-vermelho-italiano-e-joias-da-louis-vuitton\/#primaryimage"},"thumbnailUrl":"https:\/\/www.sebastien-auziere.fr\/blog\/wp-content\/uploads\/2026\/04\/Brigitte-Macron-sublime-lElysee-dans-une-robe-rouge-italienne-et-des-bijoux-signes-Louis-Vuitton.jpg","datePublished":"2026-04-20T07:17:58+00:00","dateModified":"2026-04-20T07:18:15+00:00","description":"Brigitte Macron \u00e9blouit l\u2019\u00c9lys\u00e9e en robe rouge italienne et bijoux Louis Vuitton, alliant \u00e9l\u00e9gance et raffinement pour une apparition m\u00e9morable.","breadcrumb":{"@id":"https:\/\/www.sebastien-auziere.fr\/blog\/pt\/brigitte-macron-embeleza-o-palacio-do-eliseu-com-um-vestido-vermelho-italiano-e-joias-da-louis-vuitton\/#breadcrumb"},"inLanguage":"fr-FR","potentialAction":[{"@type":"ReadAction","target":["https:\/\/www.sebastien-auziere.fr\/blog\/pt\/brigitte-macron-embeleza-o-palacio-do-eliseu-com-um-vestido-vermelho-italiano-e-joias-da-louis-vuitton\/"]}]},{"@type":"ImageObject","inLanguage":"fr-FR","@id":"https:\/\/www.sebastien-auziere.fr\/blog\/pt\/brigitte-macron-embeleza-o-palacio-do-eliseu-com-um-vestido-vermelho-italiano-e-joias-da-louis-vuitton\/#primaryimage","url":"https:\/\/www.sebastien-auziere.fr\/blog\/wp-content\/uploads\/2026\/04\/Brigitte-Macron-sublime-lElysee-dans-une-robe-rouge-italienne-et-des-bijoux-signes-Louis-Vuitton.jpg","contentUrl":"https:\/\/www.sebastien-auziere.fr\/blog\/wp-content\/uploads\/2026\/04\/Brigitte-Macron-sublime-lElysee-dans-une-robe-rouge-italienne-et-des-bijoux-signes-Louis-Vuitton.jpg","width":2560,"height":1429,"caption":"d\u00e9couvrez comment brigitte macron illumine l\u2019\u00e9lys\u00e9e en portant une \u00e9l\u00e9gante robe rouge italienne accompagn\u00e9e de bijoux exclusifs sign\u00e9s louis vuitton, alliant style et raffinement."},{"@type":"BreadcrumbList","@id":"https:\/\/www.sebastien-auziere.fr\/blog\/pt\/brigitte-macron-embeleza-o-palacio-do-eliseu-com-um-vestido-vermelho-italiano-e-joias-da-louis-vuitton\/#breadcrumb","itemListElement":[{"@type":"ListItem","position":1,"name":"Home","item":"https:\/\/www.sebastien-auziere.fr\/blog\/"},{"@type":"ListItem","position":2,"name":"Brigitte Macron embeleza o Pal\u00e1cio do Eliseu com um vestido vermelho italiano e joias da Louis Vuitton"}]},{"@type":"WebSite","@id":"https:\/\/www.sebastien-auziere.fr\/blog\/#website","url":"https:\/\/www.sebastien-auziere.fr\/blog\/","name":"Fan site S\u00e9bastien Auzi\u00e8re","description":"M\u00e9dia g\u00e9n\u00e9raliste","publisher":{"@id":"https:\/\/www.sebastien-auziere.fr\/blog\/#organization"},"potentialAction":[{"@type":"SearchAction","target":{"@type":"EntryPoint","urlTemplate":"https:\/\/www.sebastien-auziere.fr\/blog\/?s={search_term_string}"},"query-input":{"@type":"PropertyValueSpecification","valueRequired":true,"valueName":"search_term_string"}}],"inLanguage":"fr-FR"},{"@type":"Organization","@id":"https:\/\/www.sebastien-auziere.fr\/blog\/#organization","name":"Fan site S\u00e9bastien Auzi\u00e8re","url":"https:\/\/www.sebastien-auziere.fr\/blog\/","logo":{"@type":"ImageObject","inLanguage":"fr-FR","@id":"https:\/\/www.sebastien-auziere.fr\/blog\/#\/schema\/logo\/image\/","url":"https:\/\/www.sebastien-auziere.fr\/blog\/wp-content\/uploads\/2026\/03\/cropped-cropped-cropped-ChatGPT-Image-6-mars-2026-12_58_09-e1772798376794.jpg","contentUrl":"https:\/\/www.sebastien-auziere.fr\/blog\/wp-content\/uploads\/2026\/03\/cropped-cropped-cropped-ChatGPT-Image-6-mars-2026-12_58_09-e1772798376794.jpg","width":512,"height":360,"caption":"Fan site S\u00e9bastien Auzi\u00e8re"},"image":{"@id":"https:\/\/www.sebastien-auziere.fr\/blog\/#\/schema\/logo\/image\/"}},{"@type":"Person","@id":"https:\/\/www.sebastien-auziere.fr\/blog\/#\/schema\/person\/149f1acdbfd85149c6c3e59adeae2f4d","name":"Chloe Gauthier","image":{"@type":"ImageObject","inLanguage":"fr-FR","@id":"https:\/\/secure.gravatar.com\/avatar\/2c5722f58171cff738a8985ef0dd66b476e563753246a49019befc837ec4201a?s=96&d=mm&r=g","url":"https:\/\/secure.gravatar.com\/avatar\/2c5722f58171cff738a8985ef0dd66b476e563753246a49019befc837ec4201a?s=96&d=mm&r=g","contentUrl":"https:\/\/secure.gravatar.com\/avatar\/2c5722f58171cff738a8985ef0dd66b476e563753246a49019befc837ec4201a?s=96&d=mm&r=g","caption":"Chloe Gauthier"},"description":"Passionn\u00e9e par la politique et admiratrice engag\u00e9e de la famille Macron, je consacre mon \u00e9nergie \u00e0 suivre leurs initiatives et \u00e0 promouvoir leurs id\u00e9es. \u00c0 32 ans, je suis convaincue que leur vision est porteuse d'avenir.","url":"https:\/\/www.sebastien-auziere.fr\/blog\/author\/chloe-gauthier\/"}]}},"views":1,"_links":{"self":[{"href":"https:\/\/www.sebastien-auziere.fr\/blog\/wp-json\/wp\/v2\/posts\/3182","targetHints":{"allow":["GET"]}}],"collection":[{"href":"https:\/\/www.sebastien-auziere.fr\/blog\/wp-json\/wp\/v2\/posts"}],"about":[{"href":"https:\/\/www.sebastien-auziere.fr\/blog\/wp-json\/wp\/v2\/types\/post"}],"author":[{"embeddable":true,"href":"https:\/\/www.sebastien-auziere.fr\/blog\/wp-json\/wp\/v2\/users\/9"}],"replies":[{"embeddable":true,"href":"https:\/\/www.sebastien-auziere.fr\/blog\/wp-json\/wp\/v2\/comments?post=3182"}],"version-history":[{"count":1,"href":"https:\/\/www.sebastien-auziere.fr\/blog\/wp-json\/wp\/v2\/posts\/3182\/revisions"}],"predecessor-version":[{"id":3183,"href":"https:\/\/www.sebastien-auziere.fr\/blog\/wp-json\/wp\/v2\/posts\/3182\/revisions\/3183"}],"wp:featuredmedia":[{"embeddable":true,"href":"https:\/\/www.sebastien-auziere.fr\/blog\/wp-json\/wp\/v2\/media\/3172"}],"wp:attachment":[{"href":"https:\/\/www.sebastien-auziere.fr\/blog\/wp-json\/wp\/v2\/media?parent=3182"}],"wp:term":[{"taxonomy":"category","embeddable":true,"href":"https:\/\/www.sebastien-auziere.fr\/blog\/wp-json\/wp\/v2\/categories?post=3182"},{"taxonomy":"post_tag","embeddable":true,"href":"https:\/\/www.sebastien-auziere.fr\/blog\/wp-json\/wp\/v2\/tags?post=3182"}],"curies":[{"name":"wp","href":"https:\/\/api.w.org\/{rel}","templated":true}]}}