{"id":3180,"date":"2026-04-20T07:17:04","date_gmt":"2026-04-20T07:17:04","guid":{"rendered":"https:\/\/www.sebastien-auziere.fr\/blog\/?p=3180"},"modified":"2026-04-20T07:17:25","modified_gmt":"2026-04-20T07:17:25","slug":"brigitte-macron-sublime-lelysee-in-un-abito-rosso-italiano-e-gioielli-firmati-louis-vuitton","status":"publish","type":"post","link":"https:\/\/www.sebastien-auziere.fr\/blog\/it\/brigitte-macron-sublime-lelysee-in-un-abito-rosso-italiano-e-gioielli-firmati-louis-vuitton\/","title":{"rendered":"Brigitte Macron sublime l\u2019\u00c9lys\u00e9e in un abito rosso italiano e gioielli firmati Louis Vuitton"},"content":{"rendered":"<p><strong>Brigitte Macron<\/strong> all&rsquo;\u00c9lys\u00e9e il 15 aprile accogliendo il presidente mauritano con un <strong>abito rosso<\/strong> italiano e un gioiello firmato <strong>Louis Vuitton<\/strong>. Il tuo sguardo \u00e8 immediatamente catturato da questo abito minimalista e dall&rsquo;eleganza discreta dei gioielli, un abbinamento che ha fatto parlare di <strong>moda<\/strong> e protocollo.<\/p>\n\n<p><strong>In breve:<\/strong> abito lungo rosso italiano, scollo rotondo e maniche lunghe; pochette Balmain e d\u00e9collet\u00e9; gioiello Flower Comet <strong>Louis Vuitton<\/strong>; ricevimento di Stato per Mohamed Ould Ghazouani il 15 aprile 2026; un messaggio di <strong>stile<\/strong> e <strong>alta moda<\/strong> perfettamente padroneggiato.<\/p>\n\n<h2 class=\"wp-block-heading\">L&rsquo;abito italiano: sobriet\u00e0 e impatto al vertice dello Stato<\/h2>\n\n<p>La Premi\u00e8re dame indossava un lungo abito rosso Bismarck con maniche lunghe e scollo rotondo, un pezzo di atelier italiano che si adatta alla silhouette senza ornamenti superflui. Il colore, tutto in un richiamo discreto alla bandiera, esalta l&rsquo;incarnato e afferma una presenza diplomatica. La pochette Balmain in pelle martellata e le d\u00e9collet\u00e9 con tacco completavano il look, ricordando le sue scelte successive durante viaggi ufficiali a Tokyo e Pechino. Un look pensato per durare.<\/p>\n\n<h3 class=\"wp-block-heading\">I gioielli Louis Vuitton: finezza e simbolo<\/h3>\n\n<p>Il gioiello chiave era il collier <strong>Flower Comet<\/strong> in metallo dorato e strass, accompagnato da un bracciale coordinato e da un anello spesso, firme visibili di <strong>Louis Vuitton<\/strong>. Questi pezzi, pensati per catturare la luce senza ostentazione, sono stati notati dalla stampa specializzata e descritti come un equilibrio perfetto tra brillantezza e discrezione. Per una descrizione dettagliata del gioiello, consulta le immagini e l&rsquo;analisi nella stampa. \u00c8 una dimostrazione di eleganza controllata.<\/p>\n\n<h2 class=\"wp-block-heading\">Stile e diplomazia: il rosso come linguaggio<\/h2>\n\n<p>Scelgendo il rosso italiano, <strong>Brigitte Macron<\/strong> ha utilizzato la <strong>moda<\/strong> come vettore diplomatico, gi\u00e0 visibile durante i suoi total look garance in Giappone o scarlatti a Pechino. A 73 anni, impone un <strong>stile<\/strong> che coniuga tradizione e modernit\u00e0, privilegiando linee pulite e case di alta moda riconosciute. Gli osservatori hanno notato la coerenza del suo messaggio visivo, tra rispetto del protocollo e firma personale.<\/p>\n\n<h2 class=\"wp-block-heading\">Un look commentato dalla stampa e dagli esperti<\/h2>\n\n<p>I media hanno ampiamente riportato questa apparizione, dalla copertura dettagliata del <a href=\"https:\/\/madame.lefigaro.fr\/style\/news\/brigitte-macron-en-robe-rouge-et-chignon-dore-pour-le-diner-d-etat-mauritanien-20260416\">Figaro<\/a> al panorama moda di <a href=\"https:\/\/www.vogue.fr\/article\/brigitte-macron-chic-francais-style-looks\">Vogue<\/a>. Per un dossier completo sull&rsquo;abito e i suoi accessori, si trova anche un resoconto dettagliato sul blog dedicato alla famiglia Macron. Questo conferma che l&rsquo;aspetto pu\u00f2 essere una strategia sottile di comunicazione pubblica.<\/p>\n\n<p>Vuoi saperne di pi\u00f9 sui retroscena di questa serata e sui legami familiari e stilistici intorno alla Presidenza? Scopri ulteriori analisi e foto su <a href=\"https:\/\/www.sebastien-auziere.fr\/blog\/brigitte-macron-robe-rouge-3\/\">il dossier completo<\/a> ed esplora gli archivi e gli articoli dedicati alla famiglia Macron su <a href=\"https:\/\/www.sebastien-auziere.fr\/blog\/brigitte-macron-robe-elegante\/\">sebastien-auziere.fr<\/a>.<\/p>","protected":false},"excerpt":{"rendered":"<p>Brigitte Macron all&rsquo;\u00c9lys\u00e9e il 15 aprile accogliendo il presidente mauritano con un abito rosso italiano e un gioiello firmato Louis Vuitton. Il tuo sguardo \u00e8 immediatamente catturato da questo abito minimalista e dall&rsquo;eleganza discreta dei gioielli, un abbinamento che ha fatto parlare di moda e protocollo. In breve: abito lungo rosso italiano, scollo rotondo e &#8230; <a title=\"Brigitte Macron sublime l\u2019\u00c9lys\u00e9e in un abito rosso italiano e gioielli firmati Louis Vuitton\" class=\"read-more\" href=\"https:\/\/www.sebastien-auziere.fr\/blog\/it\/brigitte-macron-sublime-lelysee-in-un-abito-rosso-italiano-e-gioielli-firmati-louis-vuitton\/\" aria-label=\"En savoir plus sur Brigitte Macron sublime l\u2019\u00c9lys\u00e9e in un abito rosso italiano e gioielli firmati Louis Vuitton\">Lire plus<\/a><\/p>\n","protected":false},"author":9,"featured_media":3172,"comment_status":"open","ping_status":"open","sticky":false,"template":"","format":"standard","meta":{"footnotes":""},"categories":[859],"tags":[944,3372,3654,3657,3198],"class_list":["post-3180","post","type-post","status-publish","format-standard","has-post-thumbnail","hentry","category-actualita-it","tag-brigitte-macron-it","tag-elysee-it","tag-louis-vuitton-it","tag-modalita-italiana-it","tag-robe-rossa-it"],"yoast_head":"<!-- This site is optimized with the Yoast SEO plugin v27.5 - https:\/\/yoast.com\/product\/yoast-seo-wordpress\/ -->\n<title>Brigitte Macron sublime l\u2019\u00c9lys\u00e9e in un abito rosso italiano e gioielli firmati Louis Vuitton - Fan site S\u00e9bastien Auzi\u00e8re<\/title>\n<meta name=\"description\" content=\"Brigitte Macron \u00e9blouit l\u2019\u00c9lys\u00e9e en robe rouge italienne et bijoux Louis Vuitton, alliant \u00e9l\u00e9gance et raffinement pour une apparition m\u00e9morable.\" \/>\n<meta name=\"robots\" content=\"index, follow, max-snippet:-1, max-image-preview:large, max-video-preview:-1\" \/>\n<link rel=\"canonical\" href=\"https:\/\/www.sebastien-auziere.fr\/blog\/it\/brigitte-macron-sublime-lelysee-in-un-abito-rosso-italiano-e-gioielli-firmati-louis-vuitton\/\" \/>\n<meta property=\"og:locale\" content=\"fr_FR\" \/>\n<meta property=\"og:type\" content=\"article\" \/>\n<meta property=\"og:title\" content=\"Brigitte Macron sublime l\u2019\u00c9lys\u00e9e in un abito rosso italiano e gioielli firmati Louis Vuitton - Fan site S\u00e9bastien Auzi\u00e8re\" \/>\n<meta property=\"og:description\" content=\"Brigitte Macron \u00e9blouit l\u2019\u00c9lys\u00e9e en robe rouge italienne et bijoux Louis Vuitton, alliant \u00e9l\u00e9gance et raffinement pour une apparition m\u00e9morable.\" \/>\n<meta property=\"og:url\" content=\"https:\/\/www.sebastien-auziere.fr\/blog\/it\/brigitte-macron-sublime-lelysee-in-un-abito-rosso-italiano-e-gioielli-firmati-louis-vuitton\/\" \/>\n<meta property=\"og:site_name\" content=\"Fan site S\u00e9bastien Auzi\u00e8re\" \/>\n<meta property=\"article:published_time\" content=\"2026-04-20T07:17:04+00:00\" \/>\n<meta property=\"article:modified_time\" content=\"2026-04-20T07:17:25+00:00\" \/>\n<meta property=\"og:image\" content=\"https:\/\/www.sebastien-auziere.fr\/blog\/wp-content\/uploads\/2026\/04\/Brigitte-Macron-sublime-lElysee-dans-une-robe-rouge-italienne-et-des-bijoux-signes-Louis-Vuitton.jpg\" \/>\n\t<meta property=\"og:image:width\" content=\"2560\" \/>\n\t<meta property=\"og:image:height\" content=\"1429\" \/>\n\t<meta property=\"og:image:type\" content=\"image\/jpeg\" \/>\n<meta name=\"author\" content=\"Chloe Gauthier\" \/>\n<meta name=\"twitter:card\" content=\"summary_large_image\" \/>\n<meta name=\"twitter:label1\" content=\"\u00c9crit par\" \/>\n\t<meta name=\"twitter:data1\" content=\"Chloe Gauthier\" \/>\n\t<meta name=\"twitter:label2\" content=\"Dur\u00e9e de lecture estim\u00e9e\" \/>\n\t<meta name=\"twitter:data2\" content=\"2 minutes\" \/>\n<script type=\"application\/ld+json\" class=\"yoast-schema-graph\">{\"@context\":\"https:\\\/\\\/schema.org\",\"@graph\":[{\"@type\":\"Article\",\"@id\":\"https:\\\/\\\/www.sebastien-auziere.fr\\\/blog\\\/it\\\/brigitte-macron-sublime-lelysee-in-un-abito-rosso-italiano-e-gioielli-firmati-louis-vuitton\\\/#article\",\"isPartOf\":{\"@id\":\"https:\\\/\\\/www.sebastien-auziere.fr\\\/blog\\\/it\\\/brigitte-macron-sublime-lelysee-in-un-abito-rosso-italiano-e-gioielli-firmati-louis-vuitton\\\/\"},\"author\":{\"name\":\"Chloe Gauthier\",\"@id\":\"https:\\\/\\\/www.sebastien-auziere.fr\\\/blog\\\/#\\\/schema\\\/person\\\/149f1acdbfd85149c6c3e59adeae2f4d\"},\"headline\":\"Brigitte Macron sublime l\u2019\u00c9lys\u00e9e in un abito rosso italiano e gioielli firmati Louis Vuitton\",\"datePublished\":\"2026-04-20T07:17:04+00:00\",\"dateModified\":\"2026-04-20T07:17:25+00:00\",\"mainEntityOfPage\":{\"@id\":\"https:\\\/\\\/www.sebastien-auziere.fr\\\/blog\\\/it\\\/brigitte-macron-sublime-lelysee-in-un-abito-rosso-italiano-e-gioielli-firmati-louis-vuitton\\\/\"},\"wordCount\":434,\"commentCount\":0,\"publisher\":{\"@id\":\"https:\\\/\\\/www.sebastien-auziere.fr\\\/blog\\\/#organization\"},\"image\":{\"@id\":\"https:\\\/\\\/www.sebastien-auziere.fr\\\/blog\\\/it\\\/brigitte-macron-sublime-lelysee-in-un-abito-rosso-italiano-e-gioielli-firmati-louis-vuitton\\\/#primaryimage\"},\"thumbnailUrl\":\"https:\\\/\\\/www.sebastien-auziere.fr\\\/blog\\\/wp-content\\\/uploads\\\/2026\\\/04\\\/Brigitte-Macron-sublime-lElysee-dans-une-robe-rouge-italienne-et-des-bijoux-signes-Louis-Vuitton.jpg\",\"keywords\":[\"brigitte macron\",\"\u00e9lys\u00e9e\",\"louis vuitton\",\"modalit\u00e0 italiana\",\"robe rossa\"],\"articleSection\":[\"Actualit\u00e0\"],\"inLanguage\":\"fr-FR\",\"potentialAction\":[{\"@type\":\"CommentAction\",\"name\":\"Comment\",\"target\":[\"https:\\\/\\\/www.sebastien-auziere.fr\\\/blog\\\/it\\\/brigitte-macron-sublime-lelysee-in-un-abito-rosso-italiano-e-gioielli-firmati-louis-vuitton\\\/#respond\"]}]},{\"@type\":\"WebPage\",\"@id\":\"https:\\\/\\\/www.sebastien-auziere.fr\\\/blog\\\/it\\\/brigitte-macron-sublime-lelysee-in-un-abito-rosso-italiano-e-gioielli-firmati-louis-vuitton\\\/\",\"url\":\"https:\\\/\\\/www.sebastien-auziere.fr\\\/blog\\\/it\\\/brigitte-macron-sublime-lelysee-in-un-abito-rosso-italiano-e-gioielli-firmati-louis-vuitton\\\/\",\"name\":\"Brigitte Macron sublime l\u2019\u00c9lys\u00e9e in un abito rosso italiano e gioielli firmati Louis Vuitton - Fan site S\u00e9bastien Auzi\u00e8re\",\"isPartOf\":{\"@id\":\"https:\\\/\\\/www.sebastien-auziere.fr\\\/blog\\\/#website\"},\"primaryImageOfPage\":{\"@id\":\"https:\\\/\\\/www.sebastien-auziere.fr\\\/blog\\\/it\\\/brigitte-macron-sublime-lelysee-in-un-abito-rosso-italiano-e-gioielli-firmati-louis-vuitton\\\/#primaryimage\"},\"image\":{\"@id\":\"https:\\\/\\\/www.sebastien-auziere.fr\\\/blog\\\/it\\\/brigitte-macron-sublime-lelysee-in-un-abito-rosso-italiano-e-gioielli-firmati-louis-vuitton\\\/#primaryimage\"},\"thumbnailUrl\":\"https:\\\/\\\/www.sebastien-auziere.fr\\\/blog\\\/wp-content\\\/uploads\\\/2026\\\/04\\\/Brigitte-Macron-sublime-lElysee-dans-une-robe-rouge-italienne-et-des-bijoux-signes-Louis-Vuitton.jpg\",\"datePublished\":\"2026-04-20T07:17:04+00:00\",\"dateModified\":\"2026-04-20T07:17:25+00:00\",\"description\":\"Brigitte Macron \u00e9blouit l\u2019\u00c9lys\u00e9e en robe rouge italienne et bijoux Louis Vuitton, alliant \u00e9l\u00e9gance et raffinement pour une apparition m\u00e9morable.\",\"breadcrumb\":{\"@id\":\"https:\\\/\\\/www.sebastien-auziere.fr\\\/blog\\\/it\\\/brigitte-macron-sublime-lelysee-in-un-abito-rosso-italiano-e-gioielli-firmati-louis-vuitton\\\/#breadcrumb\"},\"inLanguage\":\"fr-FR\",\"potentialAction\":[{\"@type\":\"ReadAction\",\"target\":[\"https:\\\/\\\/www.sebastien-auziere.fr\\\/blog\\\/it\\\/brigitte-macron-sublime-lelysee-in-un-abito-rosso-italiano-e-gioielli-firmati-louis-vuitton\\\/\"]}]},{\"@type\":\"ImageObject\",\"inLanguage\":\"fr-FR\",\"@id\":\"https:\\\/\\\/www.sebastien-auziere.fr\\\/blog\\\/it\\\/brigitte-macron-sublime-lelysee-in-un-abito-rosso-italiano-e-gioielli-firmati-louis-vuitton\\\/#primaryimage\",\"url\":\"https:\\\/\\\/www.sebastien-auziere.fr\\\/blog\\\/wp-content\\\/uploads\\\/2026\\\/04\\\/Brigitte-Macron-sublime-lElysee-dans-une-robe-rouge-italienne-et-des-bijoux-signes-Louis-Vuitton.jpg\",\"contentUrl\":\"https:\\\/\\\/www.sebastien-auziere.fr\\\/blog\\\/wp-content\\\/uploads\\\/2026\\\/04\\\/Brigitte-Macron-sublime-lElysee-dans-une-robe-rouge-italienne-et-des-bijoux-signes-Louis-Vuitton.jpg\",\"width\":2560,\"height\":1429,\"caption\":\"d\u00e9couvrez comment brigitte macron illumine l\u2019\u00e9lys\u00e9e en portant une \u00e9l\u00e9gante robe rouge italienne accompagn\u00e9e de bijoux exclusifs sign\u00e9s louis vuitton, alliant style et raffinement.\"},{\"@type\":\"BreadcrumbList\",\"@id\":\"https:\\\/\\\/www.sebastien-auziere.fr\\\/blog\\\/it\\\/brigitte-macron-sublime-lelysee-in-un-abito-rosso-italiano-e-gioielli-firmati-louis-vuitton\\\/#breadcrumb\",\"itemListElement\":[{\"@type\":\"ListItem\",\"position\":1,\"name\":\"Home\",\"item\":\"https:\\\/\\\/www.sebastien-auziere.fr\\\/blog\\\/\"},{\"@type\":\"ListItem\",\"position\":2,\"name\":\"Brigitte Macron sublime l\u2019\u00c9lys\u00e9e in un abito rosso italiano e gioielli firmati Louis Vuitton\"}]},{\"@type\":\"WebSite\",\"@id\":\"https:\\\/\\\/www.sebastien-auziere.fr\\\/blog\\\/#website\",\"url\":\"https:\\\/\\\/www.sebastien-auziere.fr\\\/blog\\\/\",\"name\":\"Fan site S\u00e9bastien Auzi\u00e8re\",\"description\":\"M\u00e9dia g\u00e9n\u00e9raliste\",\"publisher\":{\"@id\":\"https:\\\/\\\/www.sebastien-auziere.fr\\\/blog\\\/#organization\"},\"potentialAction\":[{\"@type\":\"SearchAction\",\"target\":{\"@type\":\"EntryPoint\",\"urlTemplate\":\"https:\\\/\\\/www.sebastien-auziere.fr\\\/blog\\\/?s={search_term_string}\"},\"query-input\":{\"@type\":\"PropertyValueSpecification\",\"valueRequired\":true,\"valueName\":\"search_term_string\"}}],\"inLanguage\":\"fr-FR\"},{\"@type\":\"Organization\",\"@id\":\"https:\\\/\\\/www.sebastien-auziere.fr\\\/blog\\\/#organization\",\"name\":\"Fan site S\u00e9bastien Auzi\u00e8re\",\"url\":\"https:\\\/\\\/www.sebastien-auziere.fr\\\/blog\\\/\",\"logo\":{\"@type\":\"ImageObject\",\"inLanguage\":\"fr-FR\",\"@id\":\"https:\\\/\\\/www.sebastien-auziere.fr\\\/blog\\\/#\\\/schema\\\/logo\\\/image\\\/\",\"url\":\"https:\\\/\\\/www.sebastien-auziere.fr\\\/blog\\\/wp-content\\\/uploads\\\/2026\\\/03\\\/cropped-cropped-cropped-ChatGPT-Image-6-mars-2026-12_58_09-e1772798376794.jpg\",\"contentUrl\":\"https:\\\/\\\/www.sebastien-auziere.fr\\\/blog\\\/wp-content\\\/uploads\\\/2026\\\/03\\\/cropped-cropped-cropped-ChatGPT-Image-6-mars-2026-12_58_09-e1772798376794.jpg\",\"width\":512,\"height\":360,\"caption\":\"Fan site S\u00e9bastien Auzi\u00e8re\"},\"image\":{\"@id\":\"https:\\\/\\\/www.sebastien-auziere.fr\\\/blog\\\/#\\\/schema\\\/logo\\\/image\\\/\"}},{\"@type\":\"Person\",\"@id\":\"https:\\\/\\\/www.sebastien-auziere.fr\\\/blog\\\/#\\\/schema\\\/person\\\/149f1acdbfd85149c6c3e59adeae2f4d\",\"name\":\"Chloe Gauthier\",\"image\":{\"@type\":\"ImageObject\",\"inLanguage\":\"fr-FR\",\"@id\":\"https:\\\/\\\/secure.gravatar.com\\\/avatar\\\/2c5722f58171cff738a8985ef0dd66b476e563753246a49019befc837ec4201a?s=96&d=mm&r=g\",\"url\":\"https:\\\/\\\/secure.gravatar.com\\\/avatar\\\/2c5722f58171cff738a8985ef0dd66b476e563753246a49019befc837ec4201a?s=96&d=mm&r=g\",\"contentUrl\":\"https:\\\/\\\/secure.gravatar.com\\\/avatar\\\/2c5722f58171cff738a8985ef0dd66b476e563753246a49019befc837ec4201a?s=96&d=mm&r=g\",\"caption\":\"Chloe Gauthier\"},\"description\":\"Passionn\u00e9e par la politique et admiratrice engag\u00e9e de la famille Macron, je consacre mon \u00e9nergie \u00e0 suivre leurs initiatives et \u00e0 promouvoir leurs id\u00e9es. \u00c0 32 ans, je suis convaincue que leur vision est porteuse d'avenir.\",\"url\":\"https:\\\/\\\/www.sebastien-auziere.fr\\\/blog\\\/author\\\/chloe-gauthier\\\/\"}]}<\/script>\n<!-- \/ Yoast SEO plugin. -->","yoast_head_json":{"title":"Brigitte Macron sublime l\u2019\u00c9lys\u00e9e in un abito rosso italiano e gioielli firmati Louis Vuitton - Fan site S\u00e9bastien Auzi\u00e8re","description":"Brigitte Macron \u00e9blouit l\u2019\u00c9lys\u00e9e en robe rouge italienne et bijoux Louis Vuitton, alliant \u00e9l\u00e9gance et raffinement pour une apparition m\u00e9morable.","robots":{"index":"index","follow":"follow","max-snippet":"max-snippet:-1","max-image-preview":"max-image-preview:large","max-video-preview":"max-video-preview:-1"},"canonical":"https:\/\/www.sebastien-auziere.fr\/blog\/it\/brigitte-macron-sublime-lelysee-in-un-abito-rosso-italiano-e-gioielli-firmati-louis-vuitton\/","og_locale":"fr_FR","og_type":"article","og_title":"Brigitte Macron sublime l\u2019\u00c9lys\u00e9e in un abito rosso italiano e gioielli firmati Louis Vuitton - Fan site S\u00e9bastien Auzi\u00e8re","og_description":"Brigitte Macron \u00e9blouit l\u2019\u00c9lys\u00e9e en robe rouge italienne et bijoux Louis Vuitton, alliant \u00e9l\u00e9gance et raffinement pour une apparition m\u00e9morable.","og_url":"https:\/\/www.sebastien-auziere.fr\/blog\/it\/brigitte-macron-sublime-lelysee-in-un-abito-rosso-italiano-e-gioielli-firmati-louis-vuitton\/","og_site_name":"Fan site S\u00e9bastien Auzi\u00e8re","article_published_time":"2026-04-20T07:17:04+00:00","article_modified_time":"2026-04-20T07:17:25+00:00","og_image":[{"width":2560,"height":1429,"url":"https:\/\/www.sebastien-auziere.fr\/blog\/wp-content\/uploads\/2026\/04\/Brigitte-Macron-sublime-lElysee-dans-une-robe-rouge-italienne-et-des-bijoux-signes-Louis-Vuitton.jpg","type":"image\/jpeg"}],"author":"Chloe Gauthier","twitter_card":"summary_large_image","twitter_misc":{"\u00c9crit par":"Chloe Gauthier","Dur\u00e9e de lecture estim\u00e9e":"2 minutes"},"schema":{"@context":"https:\/\/schema.org","@graph":[{"@type":"Article","@id":"https:\/\/www.sebastien-auziere.fr\/blog\/it\/brigitte-macron-sublime-lelysee-in-un-abito-rosso-italiano-e-gioielli-firmati-louis-vuitton\/#article","isPartOf":{"@id":"https:\/\/www.sebastien-auziere.fr\/blog\/it\/brigitte-macron-sublime-lelysee-in-un-abito-rosso-italiano-e-gioielli-firmati-louis-vuitton\/"},"author":{"name":"Chloe Gauthier","@id":"https:\/\/www.sebastien-auziere.fr\/blog\/#\/schema\/person\/149f1acdbfd85149c6c3e59adeae2f4d"},"headline":"Brigitte Macron sublime l\u2019\u00c9lys\u00e9e in un abito rosso italiano e gioielli firmati Louis Vuitton","datePublished":"2026-04-20T07:17:04+00:00","dateModified":"2026-04-20T07:17:25+00:00","mainEntityOfPage":{"@id":"https:\/\/www.sebastien-auziere.fr\/blog\/it\/brigitte-macron-sublime-lelysee-in-un-abito-rosso-italiano-e-gioielli-firmati-louis-vuitton\/"},"wordCount":434,"commentCount":0,"publisher":{"@id":"https:\/\/www.sebastien-auziere.fr\/blog\/#organization"},"image":{"@id":"https:\/\/www.sebastien-auziere.fr\/blog\/it\/brigitte-macron-sublime-lelysee-in-un-abito-rosso-italiano-e-gioielli-firmati-louis-vuitton\/#primaryimage"},"thumbnailUrl":"https:\/\/www.sebastien-auziere.fr\/blog\/wp-content\/uploads\/2026\/04\/Brigitte-Macron-sublime-lElysee-dans-une-robe-rouge-italienne-et-des-bijoux-signes-Louis-Vuitton.jpg","keywords":["brigitte macron","\u00e9lys\u00e9e","louis vuitton","modalit\u00e0 italiana","robe rossa"],"articleSection":["Actualit\u00e0"],"inLanguage":"fr-FR","potentialAction":[{"@type":"CommentAction","name":"Comment","target":["https:\/\/www.sebastien-auziere.fr\/blog\/it\/brigitte-macron-sublime-lelysee-in-un-abito-rosso-italiano-e-gioielli-firmati-louis-vuitton\/#respond"]}]},{"@type":"WebPage","@id":"https:\/\/www.sebastien-auziere.fr\/blog\/it\/brigitte-macron-sublime-lelysee-in-un-abito-rosso-italiano-e-gioielli-firmati-louis-vuitton\/","url":"https:\/\/www.sebastien-auziere.fr\/blog\/it\/brigitte-macron-sublime-lelysee-in-un-abito-rosso-italiano-e-gioielli-firmati-louis-vuitton\/","name":"Brigitte Macron sublime l\u2019\u00c9lys\u00e9e in un abito rosso italiano e gioielli firmati Louis Vuitton - Fan site S\u00e9bastien Auzi\u00e8re","isPartOf":{"@id":"https:\/\/www.sebastien-auziere.fr\/blog\/#website"},"primaryImageOfPage":{"@id":"https:\/\/www.sebastien-auziere.fr\/blog\/it\/brigitte-macron-sublime-lelysee-in-un-abito-rosso-italiano-e-gioielli-firmati-louis-vuitton\/#primaryimage"},"image":{"@id":"https:\/\/www.sebastien-auziere.fr\/blog\/it\/brigitte-macron-sublime-lelysee-in-un-abito-rosso-italiano-e-gioielli-firmati-louis-vuitton\/#primaryimage"},"thumbnailUrl":"https:\/\/www.sebastien-auziere.fr\/blog\/wp-content\/uploads\/2026\/04\/Brigitte-Macron-sublime-lElysee-dans-une-robe-rouge-italienne-et-des-bijoux-signes-Louis-Vuitton.jpg","datePublished":"2026-04-20T07:17:04+00:00","dateModified":"2026-04-20T07:17:25+00:00","description":"Brigitte Macron \u00e9blouit l\u2019\u00c9lys\u00e9e en robe rouge italienne et bijoux Louis Vuitton, alliant \u00e9l\u00e9gance et raffinement pour une apparition m\u00e9morable.","breadcrumb":{"@id":"https:\/\/www.sebastien-auziere.fr\/blog\/it\/brigitte-macron-sublime-lelysee-in-un-abito-rosso-italiano-e-gioielli-firmati-louis-vuitton\/#breadcrumb"},"inLanguage":"fr-FR","potentialAction":[{"@type":"ReadAction","target":["https:\/\/www.sebastien-auziere.fr\/blog\/it\/brigitte-macron-sublime-lelysee-in-un-abito-rosso-italiano-e-gioielli-firmati-louis-vuitton\/"]}]},{"@type":"ImageObject","inLanguage":"fr-FR","@id":"https:\/\/www.sebastien-auziere.fr\/blog\/it\/brigitte-macron-sublime-lelysee-in-un-abito-rosso-italiano-e-gioielli-firmati-louis-vuitton\/#primaryimage","url":"https:\/\/www.sebastien-auziere.fr\/blog\/wp-content\/uploads\/2026\/04\/Brigitte-Macron-sublime-lElysee-dans-une-robe-rouge-italienne-et-des-bijoux-signes-Louis-Vuitton.jpg","contentUrl":"https:\/\/www.sebastien-auziere.fr\/blog\/wp-content\/uploads\/2026\/04\/Brigitte-Macron-sublime-lElysee-dans-une-robe-rouge-italienne-et-des-bijoux-signes-Louis-Vuitton.jpg","width":2560,"height":1429,"caption":"d\u00e9couvrez comment brigitte macron illumine l\u2019\u00e9lys\u00e9e en portant une \u00e9l\u00e9gante robe rouge italienne accompagn\u00e9e de bijoux exclusifs sign\u00e9s louis vuitton, alliant style et raffinement."},{"@type":"BreadcrumbList","@id":"https:\/\/www.sebastien-auziere.fr\/blog\/it\/brigitte-macron-sublime-lelysee-in-un-abito-rosso-italiano-e-gioielli-firmati-louis-vuitton\/#breadcrumb","itemListElement":[{"@type":"ListItem","position":1,"name":"Home","item":"https:\/\/www.sebastien-auziere.fr\/blog\/"},{"@type":"ListItem","position":2,"name":"Brigitte Macron sublime l\u2019\u00c9lys\u00e9e in un abito rosso italiano e gioielli firmati Louis Vuitton"}]},{"@type":"WebSite","@id":"https:\/\/www.sebastien-auziere.fr\/blog\/#website","url":"https:\/\/www.sebastien-auziere.fr\/blog\/","name":"Fan site S\u00e9bastien Auzi\u00e8re","description":"M\u00e9dia g\u00e9n\u00e9raliste","publisher":{"@id":"https:\/\/www.sebastien-auziere.fr\/blog\/#organization"},"potentialAction":[{"@type":"SearchAction","target":{"@type":"EntryPoint","urlTemplate":"https:\/\/www.sebastien-auziere.fr\/blog\/?s={search_term_string}"},"query-input":{"@type":"PropertyValueSpecification","valueRequired":true,"valueName":"search_term_string"}}],"inLanguage":"fr-FR"},{"@type":"Organization","@id":"https:\/\/www.sebastien-auziere.fr\/blog\/#organization","name":"Fan site S\u00e9bastien Auzi\u00e8re","url":"https:\/\/www.sebastien-auziere.fr\/blog\/","logo":{"@type":"ImageObject","inLanguage":"fr-FR","@id":"https:\/\/www.sebastien-auziere.fr\/blog\/#\/schema\/logo\/image\/","url":"https:\/\/www.sebastien-auziere.fr\/blog\/wp-content\/uploads\/2026\/03\/cropped-cropped-cropped-ChatGPT-Image-6-mars-2026-12_58_09-e1772798376794.jpg","contentUrl":"https:\/\/www.sebastien-auziere.fr\/blog\/wp-content\/uploads\/2026\/03\/cropped-cropped-cropped-ChatGPT-Image-6-mars-2026-12_58_09-e1772798376794.jpg","width":512,"height":360,"caption":"Fan site S\u00e9bastien Auzi\u00e8re"},"image":{"@id":"https:\/\/www.sebastien-auziere.fr\/blog\/#\/schema\/logo\/image\/"}},{"@type":"Person","@id":"https:\/\/www.sebastien-auziere.fr\/blog\/#\/schema\/person\/149f1acdbfd85149c6c3e59adeae2f4d","name":"Chloe Gauthier","image":{"@type":"ImageObject","inLanguage":"fr-FR","@id":"https:\/\/secure.gravatar.com\/avatar\/2c5722f58171cff738a8985ef0dd66b476e563753246a49019befc837ec4201a?s=96&d=mm&r=g","url":"https:\/\/secure.gravatar.com\/avatar\/2c5722f58171cff738a8985ef0dd66b476e563753246a49019befc837ec4201a?s=96&d=mm&r=g","contentUrl":"https:\/\/secure.gravatar.com\/avatar\/2c5722f58171cff738a8985ef0dd66b476e563753246a49019befc837ec4201a?s=96&d=mm&r=g","caption":"Chloe Gauthier"},"description":"Passionn\u00e9e par la politique et admiratrice engag\u00e9e de la famille Macron, je consacre mon \u00e9nergie \u00e0 suivre leurs initiatives et \u00e0 promouvoir leurs id\u00e9es. \u00c0 32 ans, je suis convaincue que leur vision est porteuse d'avenir.","url":"https:\/\/www.sebastien-auziere.fr\/blog\/author\/chloe-gauthier\/"}]}},"views":2,"_links":{"self":[{"href":"https:\/\/www.sebastien-auziere.fr\/blog\/wp-json\/wp\/v2\/posts\/3180","targetHints":{"allow":["GET"]}}],"collection":[{"href":"https:\/\/www.sebastien-auziere.fr\/blog\/wp-json\/wp\/v2\/posts"}],"about":[{"href":"https:\/\/www.sebastien-auziere.fr\/blog\/wp-json\/wp\/v2\/types\/post"}],"author":[{"embeddable":true,"href":"https:\/\/www.sebastien-auziere.fr\/blog\/wp-json\/wp\/v2\/users\/9"}],"replies":[{"embeddable":true,"href":"https:\/\/www.sebastien-auziere.fr\/blog\/wp-json\/wp\/v2\/comments?post=3180"}],"version-history":[{"count":1,"href":"https:\/\/www.sebastien-auziere.fr\/blog\/wp-json\/wp\/v2\/posts\/3180\/revisions"}],"predecessor-version":[{"id":3181,"href":"https:\/\/www.sebastien-auziere.fr\/blog\/wp-json\/wp\/v2\/posts\/3180\/revisions\/3181"}],"wp:featuredmedia":[{"embeddable":true,"href":"https:\/\/www.sebastien-auziere.fr\/blog\/wp-json\/wp\/v2\/media\/3172"}],"wp:attachment":[{"href":"https:\/\/www.sebastien-auziere.fr\/blog\/wp-json\/wp\/v2\/media?parent=3180"}],"wp:term":[{"taxonomy":"category","embeddable":true,"href":"https:\/\/www.sebastien-auziere.fr\/blog\/wp-json\/wp\/v2\/categories?post=3180"},{"taxonomy":"post_tag","embeddable":true,"href":"https:\/\/www.sebastien-auziere.fr\/blog\/wp-json\/wp\/v2\/tags?post=3180"}],"curies":[{"name":"wp","href":"https:\/\/api.w.org\/{rel}","templated":true}]}}