{"id":3178,"date":"2026-04-20T07:14:58","date_gmt":"2026-04-20T07:14:58","guid":{"rendered":"https:\/\/www.sebastien-auziere.fr\/blog\/?p=3178"},"modified":"2026-04-20T07:15:18","modified_gmt":"2026-04-20T07:15:18","slug":"brigitte-macron-verzaubert-das-elysee-in-einem-italienischen-roten-kleid-und-schmuck-von-louis-vuitton","status":"publish","type":"post","link":"https:\/\/www.sebastien-auziere.fr\/blog\/de\/brigitte-macron-verzaubert-das-elysee-in-einem-italienischen-roten-kleid-und-schmuck-von-louis-vuitton\/","title":{"rendered":"Brigitte Macron verzaubert das \u00c9lys\u00e9e in einem italienischen roten Kleid und Schmuck von Louis Vuitton"},"content":{"rendered":"<p><strong>Brigitte Macron<\/strong>\u00c9lys\u00e9e am 15. April, als sie den mauretanischen Pr\u00e4sidenten mit einem <strong>roten Kleid<\/strong> aus Italien und einem Schmuckset von <strong>Louis Vuitton<\/strong> empfing. Dein Blick wird sofort von diesem minimalistischen Kleid und dem diskreten Glanz des Schmucks angezogen, eine Kombination, die die <strong>Mode<\/strong> und das Protokoll in den Fokus r\u00fcckte.<\/p>\n\n<p><strong>Kurz gesagt:<\/strong> langes italienisches rotes Kleid, runder Ausschnitt und lange \u00c4rmel; Balmain Clutch und Pumps; Schmuckset Flower Comet <strong>Louis Vuitton<\/strong>; Staatsempfang f\u00fcr Mohamed Ould Ghazouani am 15. April 2026; eine Botschaft von <strong>Stil<\/strong> und <strong>Haute Couture<\/strong>, die perfekt beherrscht wird.<\/p>\n\n<h2 class=\"wp-block-heading\">Das italienische Kleid: Schlichtheit und Wirkung an der Staatsspitze<\/h2>\n\n<p>Die First Lady trug ein langes rotes Bismarck-Kleid mit langen \u00c4rmeln und rundem Ausschnitt, ein italienisches Atelierst\u00fcck, das die Silhouette ohne \u00fcberfl\u00fcssige Verzierungen umschmeichelt. Die Farbe, die dezent an die Flagge erinnert, schmeichelt dem Teint und betont eine diplomatische Pr\u00e4senz. Die Balmain Clutch aus genarbtem Leder und Pumps rundeten das Ensemble ab und erinnerten an ihre aufeinanderfolgende Auswahl w\u00e4hrend offizieller Reisen nach Tokio und Peking. Ein Look, der f\u00fcr Langlebigkeit gedacht ist.<\/p>\n\n<h3 class=\"wp-block-heading\">Der Schmuck von Louis Vuitton: Feinheit und Symbolik<\/h3>\n\n<p>Das Schl\u00fcsselst\u00fcck war das Halsband <strong>Flower Comet<\/strong> aus goldenem Metall und Strass, erg\u00e4nzt durch ein passendes Armband und einen dicken Ring, sichtbare Signaturen von <strong>Louis Vuitton<\/strong>. Diese St\u00fccke, die geschaffen wurden, um das Licht ohne Prunks zu fangen, wurden von der Fachpresse bemerkt und als perfektes Gleichgewicht zwischen Glanz und Zur\u00fcckhaltung beschrieben. F\u00fcr eine detaillierte Beschreibung des Schmucks, konsultiere die Bilder und die Analyse in der Presse. Es ist eine Demonstration kontrollierter Eleganz.<\/p>\n\n<h2 class=\"wp-block-heading\">Stil und Diplomatie: Rot als Sprache<\/h2>\n\n<p>Mit der Wahl des italienischen Rot hat <strong>Brigitte Macron<\/strong> die <strong>Mode<\/strong> als diplomatischen Vektor genutzt, bereits sichtbar bei ihren totalen Garance-Looks in Japan oder scharlachroten in Peking. Mit 73 Jahren setzt sie einen <strong>Stil<\/strong>, der Tradition und Moderne vereint, wobei sie klare Linien und anerkannte Haute-Couture-H\u00e4user bevorzugt. Die Beobachter haben die Koh\u00e4renz ihrer visuellen Botschaft bemerkt, zwischen der Einhaltung des Protokolls und ihrer pers\u00f6nlichen Signatur.<\/p>\n\n<h2 class=\"wp-block-heading\">Ein Look, der von Presse und Experten kommentiert wurde<\/h2>\n\n<p>Die Medien haben diese Erscheinung umfassend verbreitet, von der detaillierten Berichterstattung im <a href=\"https:\/\/madame.lefigaro.fr\/style\/news\/brigitte-macron-en-robe-rouge-et-chignon-dore-pour-le-diner-d-etat-mauritanien-20260416\">Figaro<\/a> bis hin zu den Modepanoramen von <a href=\"https:\/\/www.vogue.fr\/article\/brigitte-macron-chic-francais-style-looks\">Vogue<\/a>. F\u00fcr eine umfassende Dossier \u00fcber das Outfit und seine Accessoires gibt es auch einen detaillierten Bericht auf dem Blog, der der Familie Macron gewidmet ist. Dies best\u00e4tigt, dass das Erscheinungsbild eine sanfte Strategie f\u00fcr \u00f6ffentliche Kommunikation sein kann.<\/p>\n\n<p>Willst du mehr \u00fcber die Hintergr\u00fcnde dieses Abends und die famili\u00e4ren und stilistischen Verbindungen rund um die Pr\u00e4sidentschaft erfahren? Entdecke tiefere Analysen und Fotos im <a href=\"https:\/\/www.sebastien-auziere.fr\/blog\/brigitte-macron-robe-rouge-3\/\">kompletten Dossier<\/a> und erkunde die Archive und Artikel, die der Familie Macron auf <a href=\"https:\/\/www.sebastien-auziere.fr\/blog\/brigitte-macron-robe-elegante\/\">sebastien-auziere.fr<\/a> gewidmet sind.<\/p>","protected":false},"excerpt":{"rendered":"<p>Brigitte Macron\u00c9lys\u00e9e am 15. April, als sie den mauretanischen Pr\u00e4sidenten mit einem roten Kleid aus Italien und einem Schmuckset von Louis Vuitton empfing. Dein Blick wird sofort von diesem minimalistischen Kleid und dem diskreten Glanz des Schmucks angezogen, eine Kombination, die die Mode und das Protokoll in den Fokus r\u00fcckte. Kurz gesagt: langes italienisches rotes &#8230; <a title=\"Brigitte Macron verzaubert das \u00c9lys\u00e9e in einem italienischen roten Kleid und Schmuck von Louis Vuitton\" class=\"read-more\" href=\"https:\/\/www.sebastien-auziere.fr\/blog\/de\/brigitte-macron-verzaubert-das-elysee-in-einem-italienischen-roten-kleid-und-schmuck-von-louis-vuitton\/\" aria-label=\"En savoir plus sur Brigitte Macron verzaubert das \u00c9lys\u00e9e in einem italienischen roten Kleid und Schmuck von Louis Vuitton\">Lire plus<\/a><\/p>\n","protected":false},"author":9,"featured_media":3172,"comment_status":"open","ping_status":"open","sticky":false,"template":"","format":"standard","meta":{"footnotes":""},"categories":[856],"tags":[929,3360,3648,3651,3186],"class_list":["post-3178","post","type-post","status-publish","format-standard","has-post-thumbnail","hentry","category-aktuelles-de","tag-brigitte-macron-de","tag-elysee-de","tag-louis-vuitton-de","tag-mode-italienische-de","tag-robe-rot-de"],"yoast_head":"<!-- This site is optimized with the Yoast SEO plugin v27.5 - https:\/\/yoast.com\/product\/yoast-seo-wordpress\/ -->\n<title>Brigitte Macron verzaubert das \u00c9lys\u00e9e in einem italienischen roten Kleid und Schmuck von Louis Vuitton - Fan site S\u00e9bastien Auzi\u00e8re<\/title>\n<meta name=\"description\" content=\"Brigitte Macron \u00e9blouit l\u2019\u00c9lys\u00e9e en robe rouge italienne et bijoux Louis Vuitton, alliant \u00e9l\u00e9gance et raffinement pour une apparition m\u00e9morable.\" \/>\n<meta name=\"robots\" content=\"index, follow, max-snippet:-1, max-image-preview:large, max-video-preview:-1\" \/>\n<link rel=\"canonical\" href=\"https:\/\/www.sebastien-auziere.fr\/blog\/de\/brigitte-macron-verzaubert-das-elysee-in-einem-italienischen-roten-kleid-und-schmuck-von-louis-vuitton\/\" \/>\n<meta property=\"og:locale\" content=\"fr_FR\" \/>\n<meta property=\"og:type\" content=\"article\" \/>\n<meta property=\"og:title\" content=\"Brigitte Macron verzaubert das \u00c9lys\u00e9e in einem italienischen roten Kleid und Schmuck von Louis Vuitton - Fan site S\u00e9bastien Auzi\u00e8re\" \/>\n<meta property=\"og:description\" content=\"Brigitte Macron \u00e9blouit l\u2019\u00c9lys\u00e9e en robe rouge italienne et bijoux Louis Vuitton, alliant \u00e9l\u00e9gance et raffinement pour une apparition m\u00e9morable.\" \/>\n<meta property=\"og:url\" content=\"https:\/\/www.sebastien-auziere.fr\/blog\/de\/brigitte-macron-verzaubert-das-elysee-in-einem-italienischen-roten-kleid-und-schmuck-von-louis-vuitton\/\" \/>\n<meta property=\"og:site_name\" content=\"Fan site S\u00e9bastien Auzi\u00e8re\" \/>\n<meta property=\"article:published_time\" content=\"2026-04-20T07:14:58+00:00\" \/>\n<meta property=\"article:modified_time\" content=\"2026-04-20T07:15:18+00:00\" \/>\n<meta property=\"og:image\" content=\"https:\/\/www.sebastien-auziere.fr\/blog\/wp-content\/uploads\/2026\/04\/Brigitte-Macron-sublime-lElysee-dans-une-robe-rouge-italienne-et-des-bijoux-signes-Louis-Vuitton.jpg\" \/>\n\t<meta property=\"og:image:width\" content=\"2560\" \/>\n\t<meta property=\"og:image:height\" content=\"1429\" \/>\n\t<meta property=\"og:image:type\" content=\"image\/jpeg\" \/>\n<meta name=\"author\" content=\"Chloe Gauthier\" \/>\n<meta name=\"twitter:card\" content=\"summary_large_image\" \/>\n<meta name=\"twitter:label1\" content=\"\u00c9crit par\" \/>\n\t<meta name=\"twitter:data1\" content=\"Chloe Gauthier\" \/>\n\t<meta name=\"twitter:label2\" content=\"Dur\u00e9e de lecture estim\u00e9e\" \/>\n\t<meta name=\"twitter:data2\" content=\"2 minutes\" \/>\n<script type=\"application\/ld+json\" class=\"yoast-schema-graph\">{\"@context\":\"https:\\\/\\\/schema.org\",\"@graph\":[{\"@type\":\"Article\",\"@id\":\"https:\\\/\\\/www.sebastien-auziere.fr\\\/blog\\\/de\\\/brigitte-macron-verzaubert-das-elysee-in-einem-italienischen-roten-kleid-und-schmuck-von-louis-vuitton\\\/#article\",\"isPartOf\":{\"@id\":\"https:\\\/\\\/www.sebastien-auziere.fr\\\/blog\\\/de\\\/brigitte-macron-verzaubert-das-elysee-in-einem-italienischen-roten-kleid-und-schmuck-von-louis-vuitton\\\/\"},\"author\":{\"name\":\"Chloe Gauthier\",\"@id\":\"https:\\\/\\\/www.sebastien-auziere.fr\\\/blog\\\/#\\\/schema\\\/person\\\/149f1acdbfd85149c6c3e59adeae2f4d\"},\"headline\":\"Brigitte Macron verzaubert das \u00c9lys\u00e9e in einem italienischen roten Kleid und Schmuck von Louis Vuitton\",\"datePublished\":\"2026-04-20T07:14:58+00:00\",\"dateModified\":\"2026-04-20T07:15:18+00:00\",\"mainEntityOfPage\":{\"@id\":\"https:\\\/\\\/www.sebastien-auziere.fr\\\/blog\\\/de\\\/brigitte-macron-verzaubert-das-elysee-in-einem-italienischen-roten-kleid-und-schmuck-von-louis-vuitton\\\/\"},\"wordCount\":469,\"commentCount\":0,\"publisher\":{\"@id\":\"https:\\\/\\\/www.sebastien-auziere.fr\\\/blog\\\/#organization\"},\"image\":{\"@id\":\"https:\\\/\\\/www.sebastien-auziere.fr\\\/blog\\\/de\\\/brigitte-macron-verzaubert-das-elysee-in-einem-italienischen-roten-kleid-und-schmuck-von-louis-vuitton\\\/#primaryimage\"},\"thumbnailUrl\":\"https:\\\/\\\/www.sebastien-auziere.fr\\\/blog\\\/wp-content\\\/uploads\\\/2026\\\/04\\\/Brigitte-Macron-sublime-lElysee-dans-une-robe-rouge-italienne-et-des-bijoux-signes-Louis-Vuitton.jpg\",\"keywords\":[\"brigitte macron\",\"\u00e9lys\u00e9e\",\"louis vuitton\",\"mode italienische\",\"robe rot\"],\"articleSection\":[\"Aktuelles\"],\"inLanguage\":\"fr-FR\",\"potentialAction\":[{\"@type\":\"CommentAction\",\"name\":\"Comment\",\"target\":[\"https:\\\/\\\/www.sebastien-auziere.fr\\\/blog\\\/de\\\/brigitte-macron-verzaubert-das-elysee-in-einem-italienischen-roten-kleid-und-schmuck-von-louis-vuitton\\\/#respond\"]}]},{\"@type\":\"WebPage\",\"@id\":\"https:\\\/\\\/www.sebastien-auziere.fr\\\/blog\\\/de\\\/brigitte-macron-verzaubert-das-elysee-in-einem-italienischen-roten-kleid-und-schmuck-von-louis-vuitton\\\/\",\"url\":\"https:\\\/\\\/www.sebastien-auziere.fr\\\/blog\\\/de\\\/brigitte-macron-verzaubert-das-elysee-in-einem-italienischen-roten-kleid-und-schmuck-von-louis-vuitton\\\/\",\"name\":\"Brigitte Macron verzaubert das \u00c9lys\u00e9e in einem italienischen roten Kleid und Schmuck von Louis Vuitton - Fan site S\u00e9bastien Auzi\u00e8re\",\"isPartOf\":{\"@id\":\"https:\\\/\\\/www.sebastien-auziere.fr\\\/blog\\\/#website\"},\"primaryImageOfPage\":{\"@id\":\"https:\\\/\\\/www.sebastien-auziere.fr\\\/blog\\\/de\\\/brigitte-macron-verzaubert-das-elysee-in-einem-italienischen-roten-kleid-und-schmuck-von-louis-vuitton\\\/#primaryimage\"},\"image\":{\"@id\":\"https:\\\/\\\/www.sebastien-auziere.fr\\\/blog\\\/de\\\/brigitte-macron-verzaubert-das-elysee-in-einem-italienischen-roten-kleid-und-schmuck-von-louis-vuitton\\\/#primaryimage\"},\"thumbnailUrl\":\"https:\\\/\\\/www.sebastien-auziere.fr\\\/blog\\\/wp-content\\\/uploads\\\/2026\\\/04\\\/Brigitte-Macron-sublime-lElysee-dans-une-robe-rouge-italienne-et-des-bijoux-signes-Louis-Vuitton.jpg\",\"datePublished\":\"2026-04-20T07:14:58+00:00\",\"dateModified\":\"2026-04-20T07:15:18+00:00\",\"description\":\"Brigitte Macron \u00e9blouit l\u2019\u00c9lys\u00e9e en robe rouge italienne et bijoux Louis Vuitton, alliant \u00e9l\u00e9gance et raffinement pour une apparition m\u00e9morable.\",\"breadcrumb\":{\"@id\":\"https:\\\/\\\/www.sebastien-auziere.fr\\\/blog\\\/de\\\/brigitte-macron-verzaubert-das-elysee-in-einem-italienischen-roten-kleid-und-schmuck-von-louis-vuitton\\\/#breadcrumb\"},\"inLanguage\":\"fr-FR\",\"potentialAction\":[{\"@type\":\"ReadAction\",\"target\":[\"https:\\\/\\\/www.sebastien-auziere.fr\\\/blog\\\/de\\\/brigitte-macron-verzaubert-das-elysee-in-einem-italienischen-roten-kleid-und-schmuck-von-louis-vuitton\\\/\"]}]},{\"@type\":\"ImageObject\",\"inLanguage\":\"fr-FR\",\"@id\":\"https:\\\/\\\/www.sebastien-auziere.fr\\\/blog\\\/de\\\/brigitte-macron-verzaubert-das-elysee-in-einem-italienischen-roten-kleid-und-schmuck-von-louis-vuitton\\\/#primaryimage\",\"url\":\"https:\\\/\\\/www.sebastien-auziere.fr\\\/blog\\\/wp-content\\\/uploads\\\/2026\\\/04\\\/Brigitte-Macron-sublime-lElysee-dans-une-robe-rouge-italienne-et-des-bijoux-signes-Louis-Vuitton.jpg\",\"contentUrl\":\"https:\\\/\\\/www.sebastien-auziere.fr\\\/blog\\\/wp-content\\\/uploads\\\/2026\\\/04\\\/Brigitte-Macron-sublime-lElysee-dans-une-robe-rouge-italienne-et-des-bijoux-signes-Louis-Vuitton.jpg\",\"width\":2560,\"height\":1429,\"caption\":\"d\u00e9couvrez comment brigitte macron illumine l\u2019\u00e9lys\u00e9e en portant une \u00e9l\u00e9gante robe rouge italienne accompagn\u00e9e de bijoux exclusifs sign\u00e9s louis vuitton, alliant style et raffinement.\"},{\"@type\":\"BreadcrumbList\",\"@id\":\"https:\\\/\\\/www.sebastien-auziere.fr\\\/blog\\\/de\\\/brigitte-macron-verzaubert-das-elysee-in-einem-italienischen-roten-kleid-und-schmuck-von-louis-vuitton\\\/#breadcrumb\",\"itemListElement\":[{\"@type\":\"ListItem\",\"position\":1,\"name\":\"Home\",\"item\":\"https:\\\/\\\/www.sebastien-auziere.fr\\\/blog\\\/\"},{\"@type\":\"ListItem\",\"position\":2,\"name\":\"Brigitte Macron verzaubert das \u00c9lys\u00e9e in einem italienischen roten Kleid und Schmuck von Louis Vuitton\"}]},{\"@type\":\"WebSite\",\"@id\":\"https:\\\/\\\/www.sebastien-auziere.fr\\\/blog\\\/#website\",\"url\":\"https:\\\/\\\/www.sebastien-auziere.fr\\\/blog\\\/\",\"name\":\"Fan site S\u00e9bastien Auzi\u00e8re\",\"description\":\"M\u00e9dia g\u00e9n\u00e9raliste\",\"publisher\":{\"@id\":\"https:\\\/\\\/www.sebastien-auziere.fr\\\/blog\\\/#organization\"},\"potentialAction\":[{\"@type\":\"SearchAction\",\"target\":{\"@type\":\"EntryPoint\",\"urlTemplate\":\"https:\\\/\\\/www.sebastien-auziere.fr\\\/blog\\\/?s={search_term_string}\"},\"query-input\":{\"@type\":\"PropertyValueSpecification\",\"valueRequired\":true,\"valueName\":\"search_term_string\"}}],\"inLanguage\":\"fr-FR\"},{\"@type\":\"Organization\",\"@id\":\"https:\\\/\\\/www.sebastien-auziere.fr\\\/blog\\\/#organization\",\"name\":\"Fan site S\u00e9bastien Auzi\u00e8re\",\"url\":\"https:\\\/\\\/www.sebastien-auziere.fr\\\/blog\\\/\",\"logo\":{\"@type\":\"ImageObject\",\"inLanguage\":\"fr-FR\",\"@id\":\"https:\\\/\\\/www.sebastien-auziere.fr\\\/blog\\\/#\\\/schema\\\/logo\\\/image\\\/\",\"url\":\"https:\\\/\\\/www.sebastien-auziere.fr\\\/blog\\\/wp-content\\\/uploads\\\/2026\\\/03\\\/cropped-cropped-cropped-ChatGPT-Image-6-mars-2026-12_58_09-e1772798376794.jpg\",\"contentUrl\":\"https:\\\/\\\/www.sebastien-auziere.fr\\\/blog\\\/wp-content\\\/uploads\\\/2026\\\/03\\\/cropped-cropped-cropped-ChatGPT-Image-6-mars-2026-12_58_09-e1772798376794.jpg\",\"width\":512,\"height\":360,\"caption\":\"Fan site S\u00e9bastien Auzi\u00e8re\"},\"image\":{\"@id\":\"https:\\\/\\\/www.sebastien-auziere.fr\\\/blog\\\/#\\\/schema\\\/logo\\\/image\\\/\"}},{\"@type\":\"Person\",\"@id\":\"https:\\\/\\\/www.sebastien-auziere.fr\\\/blog\\\/#\\\/schema\\\/person\\\/149f1acdbfd85149c6c3e59adeae2f4d\",\"name\":\"Chloe Gauthier\",\"image\":{\"@type\":\"ImageObject\",\"inLanguage\":\"fr-FR\",\"@id\":\"https:\\\/\\\/secure.gravatar.com\\\/avatar\\\/2c5722f58171cff738a8985ef0dd66b476e563753246a49019befc837ec4201a?s=96&d=mm&r=g\",\"url\":\"https:\\\/\\\/secure.gravatar.com\\\/avatar\\\/2c5722f58171cff738a8985ef0dd66b476e563753246a49019befc837ec4201a?s=96&d=mm&r=g\",\"contentUrl\":\"https:\\\/\\\/secure.gravatar.com\\\/avatar\\\/2c5722f58171cff738a8985ef0dd66b476e563753246a49019befc837ec4201a?s=96&d=mm&r=g\",\"caption\":\"Chloe Gauthier\"},\"description\":\"Passionn\u00e9e par la politique et admiratrice engag\u00e9e de la famille Macron, je consacre mon \u00e9nergie \u00e0 suivre leurs initiatives et \u00e0 promouvoir leurs id\u00e9es. \u00c0 32 ans, je suis convaincue que leur vision est porteuse d'avenir.\",\"url\":\"https:\\\/\\\/www.sebastien-auziere.fr\\\/blog\\\/author\\\/chloe-gauthier\\\/\"}]}<\/script>\n<!-- \/ Yoast SEO plugin. -->","yoast_head_json":{"title":"Brigitte Macron verzaubert das \u00c9lys\u00e9e in einem italienischen roten Kleid und Schmuck von Louis Vuitton - Fan site S\u00e9bastien Auzi\u00e8re","description":"Brigitte Macron \u00e9blouit l\u2019\u00c9lys\u00e9e en robe rouge italienne et bijoux Louis Vuitton, alliant \u00e9l\u00e9gance et raffinement pour une apparition m\u00e9morable.","robots":{"index":"index","follow":"follow","max-snippet":"max-snippet:-1","max-image-preview":"max-image-preview:large","max-video-preview":"max-video-preview:-1"},"canonical":"https:\/\/www.sebastien-auziere.fr\/blog\/de\/brigitte-macron-verzaubert-das-elysee-in-einem-italienischen-roten-kleid-und-schmuck-von-louis-vuitton\/","og_locale":"fr_FR","og_type":"article","og_title":"Brigitte Macron verzaubert das \u00c9lys\u00e9e in einem italienischen roten Kleid und Schmuck von Louis Vuitton - Fan site S\u00e9bastien Auzi\u00e8re","og_description":"Brigitte Macron \u00e9blouit l\u2019\u00c9lys\u00e9e en robe rouge italienne et bijoux Louis Vuitton, alliant \u00e9l\u00e9gance et raffinement pour une apparition m\u00e9morable.","og_url":"https:\/\/www.sebastien-auziere.fr\/blog\/de\/brigitte-macron-verzaubert-das-elysee-in-einem-italienischen-roten-kleid-und-schmuck-von-louis-vuitton\/","og_site_name":"Fan site S\u00e9bastien Auzi\u00e8re","article_published_time":"2026-04-20T07:14:58+00:00","article_modified_time":"2026-04-20T07:15:18+00:00","og_image":[{"width":2560,"height":1429,"url":"https:\/\/www.sebastien-auziere.fr\/blog\/wp-content\/uploads\/2026\/04\/Brigitte-Macron-sublime-lElysee-dans-une-robe-rouge-italienne-et-des-bijoux-signes-Louis-Vuitton.jpg","type":"image\/jpeg"}],"author":"Chloe Gauthier","twitter_card":"summary_large_image","twitter_misc":{"\u00c9crit par":"Chloe Gauthier","Dur\u00e9e de lecture estim\u00e9e":"2 minutes"},"schema":{"@context":"https:\/\/schema.org","@graph":[{"@type":"Article","@id":"https:\/\/www.sebastien-auziere.fr\/blog\/de\/brigitte-macron-verzaubert-das-elysee-in-einem-italienischen-roten-kleid-und-schmuck-von-louis-vuitton\/#article","isPartOf":{"@id":"https:\/\/www.sebastien-auziere.fr\/blog\/de\/brigitte-macron-verzaubert-das-elysee-in-einem-italienischen-roten-kleid-und-schmuck-von-louis-vuitton\/"},"author":{"name":"Chloe Gauthier","@id":"https:\/\/www.sebastien-auziere.fr\/blog\/#\/schema\/person\/149f1acdbfd85149c6c3e59adeae2f4d"},"headline":"Brigitte Macron verzaubert das \u00c9lys\u00e9e in einem italienischen roten Kleid und Schmuck von Louis Vuitton","datePublished":"2026-04-20T07:14:58+00:00","dateModified":"2026-04-20T07:15:18+00:00","mainEntityOfPage":{"@id":"https:\/\/www.sebastien-auziere.fr\/blog\/de\/brigitte-macron-verzaubert-das-elysee-in-einem-italienischen-roten-kleid-und-schmuck-von-louis-vuitton\/"},"wordCount":469,"commentCount":0,"publisher":{"@id":"https:\/\/www.sebastien-auziere.fr\/blog\/#organization"},"image":{"@id":"https:\/\/www.sebastien-auziere.fr\/blog\/de\/brigitte-macron-verzaubert-das-elysee-in-einem-italienischen-roten-kleid-und-schmuck-von-louis-vuitton\/#primaryimage"},"thumbnailUrl":"https:\/\/www.sebastien-auziere.fr\/blog\/wp-content\/uploads\/2026\/04\/Brigitte-Macron-sublime-lElysee-dans-une-robe-rouge-italienne-et-des-bijoux-signes-Louis-Vuitton.jpg","keywords":["brigitte macron","\u00e9lys\u00e9e","louis vuitton","mode italienische","robe rot"],"articleSection":["Aktuelles"],"inLanguage":"fr-FR","potentialAction":[{"@type":"CommentAction","name":"Comment","target":["https:\/\/www.sebastien-auziere.fr\/blog\/de\/brigitte-macron-verzaubert-das-elysee-in-einem-italienischen-roten-kleid-und-schmuck-von-louis-vuitton\/#respond"]}]},{"@type":"WebPage","@id":"https:\/\/www.sebastien-auziere.fr\/blog\/de\/brigitte-macron-verzaubert-das-elysee-in-einem-italienischen-roten-kleid-und-schmuck-von-louis-vuitton\/","url":"https:\/\/www.sebastien-auziere.fr\/blog\/de\/brigitte-macron-verzaubert-das-elysee-in-einem-italienischen-roten-kleid-und-schmuck-von-louis-vuitton\/","name":"Brigitte Macron verzaubert das \u00c9lys\u00e9e in einem italienischen roten Kleid und Schmuck von Louis Vuitton - Fan site S\u00e9bastien Auzi\u00e8re","isPartOf":{"@id":"https:\/\/www.sebastien-auziere.fr\/blog\/#website"},"primaryImageOfPage":{"@id":"https:\/\/www.sebastien-auziere.fr\/blog\/de\/brigitte-macron-verzaubert-das-elysee-in-einem-italienischen-roten-kleid-und-schmuck-von-louis-vuitton\/#primaryimage"},"image":{"@id":"https:\/\/www.sebastien-auziere.fr\/blog\/de\/brigitte-macron-verzaubert-das-elysee-in-einem-italienischen-roten-kleid-und-schmuck-von-louis-vuitton\/#primaryimage"},"thumbnailUrl":"https:\/\/www.sebastien-auziere.fr\/blog\/wp-content\/uploads\/2026\/04\/Brigitte-Macron-sublime-lElysee-dans-une-robe-rouge-italienne-et-des-bijoux-signes-Louis-Vuitton.jpg","datePublished":"2026-04-20T07:14:58+00:00","dateModified":"2026-04-20T07:15:18+00:00","description":"Brigitte Macron \u00e9blouit l\u2019\u00c9lys\u00e9e en robe rouge italienne et bijoux Louis Vuitton, alliant \u00e9l\u00e9gance et raffinement pour une apparition m\u00e9morable.","breadcrumb":{"@id":"https:\/\/www.sebastien-auziere.fr\/blog\/de\/brigitte-macron-verzaubert-das-elysee-in-einem-italienischen-roten-kleid-und-schmuck-von-louis-vuitton\/#breadcrumb"},"inLanguage":"fr-FR","potentialAction":[{"@type":"ReadAction","target":["https:\/\/www.sebastien-auziere.fr\/blog\/de\/brigitte-macron-verzaubert-das-elysee-in-einem-italienischen-roten-kleid-und-schmuck-von-louis-vuitton\/"]}]},{"@type":"ImageObject","inLanguage":"fr-FR","@id":"https:\/\/www.sebastien-auziere.fr\/blog\/de\/brigitte-macron-verzaubert-das-elysee-in-einem-italienischen-roten-kleid-und-schmuck-von-louis-vuitton\/#primaryimage","url":"https:\/\/www.sebastien-auziere.fr\/blog\/wp-content\/uploads\/2026\/04\/Brigitte-Macron-sublime-lElysee-dans-une-robe-rouge-italienne-et-des-bijoux-signes-Louis-Vuitton.jpg","contentUrl":"https:\/\/www.sebastien-auziere.fr\/blog\/wp-content\/uploads\/2026\/04\/Brigitte-Macron-sublime-lElysee-dans-une-robe-rouge-italienne-et-des-bijoux-signes-Louis-Vuitton.jpg","width":2560,"height":1429,"caption":"d\u00e9couvrez comment brigitte macron illumine l\u2019\u00e9lys\u00e9e en portant une \u00e9l\u00e9gante robe rouge italienne accompagn\u00e9e de bijoux exclusifs sign\u00e9s louis vuitton, alliant style et raffinement."},{"@type":"BreadcrumbList","@id":"https:\/\/www.sebastien-auziere.fr\/blog\/de\/brigitte-macron-verzaubert-das-elysee-in-einem-italienischen-roten-kleid-und-schmuck-von-louis-vuitton\/#breadcrumb","itemListElement":[{"@type":"ListItem","position":1,"name":"Home","item":"https:\/\/www.sebastien-auziere.fr\/blog\/"},{"@type":"ListItem","position":2,"name":"Brigitte Macron verzaubert das \u00c9lys\u00e9e in einem italienischen roten Kleid und Schmuck von Louis Vuitton"}]},{"@type":"WebSite","@id":"https:\/\/www.sebastien-auziere.fr\/blog\/#website","url":"https:\/\/www.sebastien-auziere.fr\/blog\/","name":"Fan site S\u00e9bastien Auzi\u00e8re","description":"M\u00e9dia g\u00e9n\u00e9raliste","publisher":{"@id":"https:\/\/www.sebastien-auziere.fr\/blog\/#organization"},"potentialAction":[{"@type":"SearchAction","target":{"@type":"EntryPoint","urlTemplate":"https:\/\/www.sebastien-auziere.fr\/blog\/?s={search_term_string}"},"query-input":{"@type":"PropertyValueSpecification","valueRequired":true,"valueName":"search_term_string"}}],"inLanguage":"fr-FR"},{"@type":"Organization","@id":"https:\/\/www.sebastien-auziere.fr\/blog\/#organization","name":"Fan site S\u00e9bastien Auzi\u00e8re","url":"https:\/\/www.sebastien-auziere.fr\/blog\/","logo":{"@type":"ImageObject","inLanguage":"fr-FR","@id":"https:\/\/www.sebastien-auziere.fr\/blog\/#\/schema\/logo\/image\/","url":"https:\/\/www.sebastien-auziere.fr\/blog\/wp-content\/uploads\/2026\/03\/cropped-cropped-cropped-ChatGPT-Image-6-mars-2026-12_58_09-e1772798376794.jpg","contentUrl":"https:\/\/www.sebastien-auziere.fr\/blog\/wp-content\/uploads\/2026\/03\/cropped-cropped-cropped-ChatGPT-Image-6-mars-2026-12_58_09-e1772798376794.jpg","width":512,"height":360,"caption":"Fan site S\u00e9bastien Auzi\u00e8re"},"image":{"@id":"https:\/\/www.sebastien-auziere.fr\/blog\/#\/schema\/logo\/image\/"}},{"@type":"Person","@id":"https:\/\/www.sebastien-auziere.fr\/blog\/#\/schema\/person\/149f1acdbfd85149c6c3e59adeae2f4d","name":"Chloe Gauthier","image":{"@type":"ImageObject","inLanguage":"fr-FR","@id":"https:\/\/secure.gravatar.com\/avatar\/2c5722f58171cff738a8985ef0dd66b476e563753246a49019befc837ec4201a?s=96&d=mm&r=g","url":"https:\/\/secure.gravatar.com\/avatar\/2c5722f58171cff738a8985ef0dd66b476e563753246a49019befc837ec4201a?s=96&d=mm&r=g","contentUrl":"https:\/\/secure.gravatar.com\/avatar\/2c5722f58171cff738a8985ef0dd66b476e563753246a49019befc837ec4201a?s=96&d=mm&r=g","caption":"Chloe Gauthier"},"description":"Passionn\u00e9e par la politique et admiratrice engag\u00e9e de la famille Macron, je consacre mon \u00e9nergie \u00e0 suivre leurs initiatives et \u00e0 promouvoir leurs id\u00e9es. \u00c0 32 ans, je suis convaincue que leur vision est porteuse d'avenir.","url":"https:\/\/www.sebastien-auziere.fr\/blog\/author\/chloe-gauthier\/"}]}},"views":3,"_links":{"self":[{"href":"https:\/\/www.sebastien-auziere.fr\/blog\/wp-json\/wp\/v2\/posts\/3178","targetHints":{"allow":["GET"]}}],"collection":[{"href":"https:\/\/www.sebastien-auziere.fr\/blog\/wp-json\/wp\/v2\/posts"}],"about":[{"href":"https:\/\/www.sebastien-auziere.fr\/blog\/wp-json\/wp\/v2\/types\/post"}],"author":[{"embeddable":true,"href":"https:\/\/www.sebastien-auziere.fr\/blog\/wp-json\/wp\/v2\/users\/9"}],"replies":[{"embeddable":true,"href":"https:\/\/www.sebastien-auziere.fr\/blog\/wp-json\/wp\/v2\/comments?post=3178"}],"version-history":[{"count":1,"href":"https:\/\/www.sebastien-auziere.fr\/blog\/wp-json\/wp\/v2\/posts\/3178\/revisions"}],"predecessor-version":[{"id":3179,"href":"https:\/\/www.sebastien-auziere.fr\/blog\/wp-json\/wp\/v2\/posts\/3178\/revisions\/3179"}],"wp:featuredmedia":[{"embeddable":true,"href":"https:\/\/www.sebastien-auziere.fr\/blog\/wp-json\/wp\/v2\/media\/3172"}],"wp:attachment":[{"href":"https:\/\/www.sebastien-auziere.fr\/blog\/wp-json\/wp\/v2\/media?parent=3178"}],"wp:term":[{"taxonomy":"category","embeddable":true,"href":"https:\/\/www.sebastien-auziere.fr\/blog\/wp-json\/wp\/v2\/categories?post=3178"},{"taxonomy":"post_tag","embeddable":true,"href":"https:\/\/www.sebastien-auziere.fr\/blog\/wp-json\/wp\/v2\/tags?post=3178"}],"curies":[{"name":"wp","href":"https:\/\/api.w.org\/{rel}","templated":true}]}}