{"id":3176,"date":"2026-04-20T07:14:19","date_gmt":"2026-04-20T07:14:19","guid":{"rendered":"https:\/\/www.sebastien-auziere.fr\/blog\/?p=3176"},"modified":"2026-04-20T07:14:36","modified_gmt":"2026-04-20T07:14:36","slug":"brigitte-macron-realza-el-eliseo-con-un-vestido-rojo-italiano-y-joyas-firmadas-por-louis-vuitton","status":"publish","type":"post","link":"https:\/\/www.sebastien-auziere.fr\/blog\/es\/brigitte-macron-realza-el-eliseo-con-un-vestido-rojo-italiano-y-joyas-firmadas-por-louis-vuitton\/","title":{"rendered":"Brigitte Macron realza el El\u00edseo con un vestido rojo italiano y joyas firmadas por Louis Vuitton"},"content":{"rendered":"<p><strong>Brigitte Macron<\/strong>El El\u00edseo el 15 de abril al recibir al presidente mauritano con un <strong>vestido rojo<\/strong> italiano y una joyer\u00eda firmada por <strong>Louis Vuitton<\/strong>. Tu mirada se siente inmediatamente atra\u00edda por este vestido minimalista y por el brillo discreto de las joyas, una combinaci\u00f3n que ha dado de qu\u00e9 hablar en la <strong>moda<\/strong> y el protocolo.<\/p>\n\n<p><strong>En resumen:<\/strong> vestido largo rojo italiano, cuello redondo y mangas largas; cartera Balmain y tacones; joyer\u00eda Flower Comet <strong>Louis Vuitton<\/strong>; recepci\u00f3n de Estado para Mohamed Ould Ghazouani el 15 de abril de 2026; un mensaje de <strong>estilo<\/strong> y <strong>alta costura<\/strong> perfectamente dominado.<\/p>\n\n<h2 class=\"wp-block-heading\">El vestido italiano: sobriedad e impacto en la cima del Estado<\/h2>\n\n<p>La Primera dama llevaba un largo vestido rojo Bismarck de mangas largas y cuello redondo, una pieza de taller italiano que se ajusta a la figura sin ornamentos superfluos. El color, recordando de manera sutil la bandera, realza el tono de piel y afirma una presencia diplom\u00e1tica. La cartera Balmain de cuero texturizado y los tacones completaban el conjunto, recordando sus elecciones sucesivas durante viajes oficiales a Tokio y Pek\u00edn. Un look pensado para perdurar.<\/p>\n\n<h3 class=\"wp-block-heading\">Las joyas Louis Vuitton: finura y s\u00edmbolo<\/h3>\n\n<p>La joya clave era el collar <strong>Flower Comet<\/strong> de metal dorado y strass, acompa\u00f1ado de una pulsera a juego y un anillo grueso, firmas visibles de <strong>Louis Vuitton<\/strong>. Estas piezas, pensadas para capturar la luz sin ostentaci\u00f3n, fueron notadas por la prensa especializada y descritas como un equilibrio perfecto entre brillo y discreci\u00f3n. Para una descripci\u00f3n detallada de la joyer\u00eda, consulta las im\u00e1genes y el an\u00e1lisis en la prensa. Es una demostraci\u00f3n de elegancia controlada.<\/p>\n\n<h2 class=\"wp-block-heading\">Estilo y diplomacia: el rojo como lenguaje<\/h2>\n\n<p>Al elegir el rojo italiano, <strong>Brigitte Macron<\/strong> ha utilizado la <strong>moda<\/strong> como vector diplom\u00e1tico, ya visible en sus looks total garance en Jap\u00f3n o escarlatas en Pek\u00edn. A sus 73 a\u00f1os, impone un <strong>estilo<\/strong> que combina tradici\u00f3n y modernidad, privilegiando l\u00edneas limpias y casas de alta costura reconocidas. Los observadores han notado la coherencia de su mensaje visual, entre respeto al protocolo y firma personal.<\/p>\n\n<h2 class=\"wp-block-heading\">Un look comentado por la prensa y los expertos<\/h2>\n\n<p>Los medios han difundido ampliamente esta aparici\u00f3n, desde la cobertura detallada de <a href=\"https:\/\/madame.lefigaro.fr\/style\/news\/brigitte-macron-en-robe-rouge-et-chignon-dore-pour-le-diner-d-etat-mauritanien-20260416\">Figaro<\/a> hasta el panorama de moda de <a href=\"https:\/\/www.vogue.fr\/article\/brigitte-macron-chic-francais-style-looks\">Vogue<\/a>. Para un dossier completo sobre el atuendo y sus accesorios, tambi\u00e9n hay un informe detallado en el blog dedicado a la familia Macron. Esto confirma que la apariencia puede ser una estrategia sutil de comunicaci\u00f3n p\u00fablica.<\/p>\n\n<p>\u00bfQuieres saber m\u00e1s sobre los entresijos de esta noche y los lazos familiares y estil\u00edsticos alrededor de la Presidencia? Descubre m\u00e1s an\u00e1lisis y fotos en <a href=\"https:\/\/www.sebastien-auziere.fr\/blog\/brigitte-macron-robe-rouge-3\/\">el dossier completo<\/a> y explora los archivos y art\u00edculos dedicados a la familia Macron en <a href=\"https:\/\/www.sebastien-auziere.fr\/blog\/brigitte-macron-robe-elegante\/\">sebastien-auziere.fr<\/a>.<\/p>","protected":false},"excerpt":{"rendered":"<p>Brigitte MacronEl El\u00edseo el 15 de abril al recibir al presidente mauritano con un vestido rojo italiano y una joyer\u00eda firmada por Louis Vuitton. Tu mirada se siente inmediatamente atra\u00edda por este vestido minimalista y por el brillo discreto de las joyas, una combinaci\u00f3n que ha dado de qu\u00e9 hablar en la moda y el &#8230; <a title=\"Brigitte Macron realza el El\u00edseo con un vestido rojo italiano y joyas firmadas por Louis Vuitton\" class=\"read-more\" href=\"https:\/\/www.sebastien-auziere.fr\/blog\/es\/brigitte-macron-realza-el-eliseo-con-un-vestido-rojo-italiano-y-joyas-firmadas-por-louis-vuitton\/\" aria-label=\"En savoir plus sur Brigitte Macron realza el El\u00edseo con un vestido rojo italiano y joyas firmadas por Louis Vuitton\">Lire plus<\/a><\/p>\n","protected":false},"author":9,"featured_media":3172,"comment_status":"open","ping_status":"open","sticky":false,"template":"","format":"standard","meta":{"footnotes":""},"categories":[820],"tags":[914,3348,3642,3645,3174],"class_list":["post-3176","post","type-post","status-publish","format-standard","has-post-thumbnail","hentry","category-actualidades-es","tag-brigitte-macron-es","tag-elysee-es","tag-louis-vuitton-es","tag-modo-italiano-es","tag-robe-roja-es"],"yoast_head":"<!-- This site is optimized with the Yoast SEO plugin v27.5 - https:\/\/yoast.com\/product\/yoast-seo-wordpress\/ -->\n<title>Brigitte Macron realza el El\u00edseo con un vestido rojo italiano y joyas firmadas por Louis Vuitton - Fan site S\u00e9bastien Auzi\u00e8re<\/title>\n<meta name=\"description\" content=\"Brigitte Macron \u00e9blouit l\u2019\u00c9lys\u00e9e en robe rouge italienne et bijoux Louis Vuitton, alliant \u00e9l\u00e9gance et raffinement pour une apparition m\u00e9morable.\" \/>\n<meta name=\"robots\" content=\"index, follow, max-snippet:-1, max-image-preview:large, max-video-preview:-1\" \/>\n<link rel=\"canonical\" href=\"https:\/\/www.sebastien-auziere.fr\/blog\/es\/brigitte-macron-realza-el-eliseo-con-un-vestido-rojo-italiano-y-joyas-firmadas-por-louis-vuitton\/\" \/>\n<meta property=\"og:locale\" content=\"fr_FR\" \/>\n<meta property=\"og:type\" content=\"article\" \/>\n<meta property=\"og:title\" content=\"Brigitte Macron realza el El\u00edseo con un vestido rojo italiano y joyas firmadas por Louis Vuitton - Fan site S\u00e9bastien Auzi\u00e8re\" \/>\n<meta property=\"og:description\" content=\"Brigitte Macron \u00e9blouit l\u2019\u00c9lys\u00e9e en robe rouge italienne et bijoux Louis Vuitton, alliant \u00e9l\u00e9gance et raffinement pour une apparition m\u00e9morable.\" \/>\n<meta property=\"og:url\" content=\"https:\/\/www.sebastien-auziere.fr\/blog\/es\/brigitte-macron-realza-el-eliseo-con-un-vestido-rojo-italiano-y-joyas-firmadas-por-louis-vuitton\/\" \/>\n<meta property=\"og:site_name\" content=\"Fan site S\u00e9bastien Auzi\u00e8re\" \/>\n<meta property=\"article:published_time\" content=\"2026-04-20T07:14:19+00:00\" \/>\n<meta property=\"article:modified_time\" content=\"2026-04-20T07:14:36+00:00\" \/>\n<meta property=\"og:image\" content=\"https:\/\/www.sebastien-auziere.fr\/blog\/wp-content\/uploads\/2026\/04\/Brigitte-Macron-sublime-lElysee-dans-une-robe-rouge-italienne-et-des-bijoux-signes-Louis-Vuitton.jpg\" \/>\n\t<meta property=\"og:image:width\" content=\"2560\" \/>\n\t<meta property=\"og:image:height\" content=\"1429\" \/>\n\t<meta property=\"og:image:type\" content=\"image\/jpeg\" \/>\n<meta name=\"author\" content=\"Chloe Gauthier\" \/>\n<meta name=\"twitter:card\" content=\"summary_large_image\" \/>\n<meta name=\"twitter:label1\" content=\"\u00c9crit par\" \/>\n\t<meta name=\"twitter:data1\" content=\"Chloe Gauthier\" \/>\n\t<meta name=\"twitter:label2\" content=\"Dur\u00e9e de lecture estim\u00e9e\" \/>\n\t<meta name=\"twitter:data2\" content=\"2 minutes\" \/>\n<script type=\"application\/ld+json\" class=\"yoast-schema-graph\">{\"@context\":\"https:\\\/\\\/schema.org\",\"@graph\":[{\"@type\":\"Article\",\"@id\":\"https:\\\/\\\/www.sebastien-auziere.fr\\\/blog\\\/es\\\/brigitte-macron-realza-el-eliseo-con-un-vestido-rojo-italiano-y-joyas-firmadas-por-louis-vuitton\\\/#article\",\"isPartOf\":{\"@id\":\"https:\\\/\\\/www.sebastien-auziere.fr\\\/blog\\\/es\\\/brigitte-macron-realza-el-eliseo-con-un-vestido-rojo-italiano-y-joyas-firmadas-por-louis-vuitton\\\/\"},\"author\":{\"name\":\"Chloe Gauthier\",\"@id\":\"https:\\\/\\\/www.sebastien-auziere.fr\\\/blog\\\/#\\\/schema\\\/person\\\/149f1acdbfd85149c6c3e59adeae2f4d\"},\"headline\":\"Brigitte Macron realza el El\u00edseo con un vestido rojo italiano y joyas firmadas por Louis Vuitton\",\"datePublished\":\"2026-04-20T07:14:19+00:00\",\"dateModified\":\"2026-04-20T07:14:36+00:00\",\"mainEntityOfPage\":{\"@id\":\"https:\\\/\\\/www.sebastien-auziere.fr\\\/blog\\\/es\\\/brigitte-macron-realza-el-eliseo-con-un-vestido-rojo-italiano-y-joyas-firmadas-por-louis-vuitton\\\/\"},\"wordCount\":490,\"commentCount\":0,\"publisher\":{\"@id\":\"https:\\\/\\\/www.sebastien-auziere.fr\\\/blog\\\/#organization\"},\"image\":{\"@id\":\"https:\\\/\\\/www.sebastien-auziere.fr\\\/blog\\\/es\\\/brigitte-macron-realza-el-eliseo-con-un-vestido-rojo-italiano-y-joyas-firmadas-por-louis-vuitton\\\/#primaryimage\"},\"thumbnailUrl\":\"https:\\\/\\\/www.sebastien-auziere.fr\\\/blog\\\/wp-content\\\/uploads\\\/2026\\\/04\\\/Brigitte-Macron-sublime-lElysee-dans-une-robe-rouge-italienne-et-des-bijoux-signes-Louis-Vuitton.jpg\",\"keywords\":[\"brigitte macron\",\"\u00e9lys\u00e9e\",\"louis vuitton\",\"modo italiano\",\"robe roja\"],\"articleSection\":[\"Actualidades\"],\"inLanguage\":\"fr-FR\",\"potentialAction\":[{\"@type\":\"CommentAction\",\"name\":\"Comment\",\"target\":[\"https:\\\/\\\/www.sebastien-auziere.fr\\\/blog\\\/es\\\/brigitte-macron-realza-el-eliseo-con-un-vestido-rojo-italiano-y-joyas-firmadas-por-louis-vuitton\\\/#respond\"]}]},{\"@type\":\"WebPage\",\"@id\":\"https:\\\/\\\/www.sebastien-auziere.fr\\\/blog\\\/es\\\/brigitte-macron-realza-el-eliseo-con-un-vestido-rojo-italiano-y-joyas-firmadas-por-louis-vuitton\\\/\",\"url\":\"https:\\\/\\\/www.sebastien-auziere.fr\\\/blog\\\/es\\\/brigitte-macron-realza-el-eliseo-con-un-vestido-rojo-italiano-y-joyas-firmadas-por-louis-vuitton\\\/\",\"name\":\"Brigitte Macron realza el El\u00edseo con un vestido rojo italiano y joyas firmadas por Louis Vuitton - Fan site S\u00e9bastien Auzi\u00e8re\",\"isPartOf\":{\"@id\":\"https:\\\/\\\/www.sebastien-auziere.fr\\\/blog\\\/#website\"},\"primaryImageOfPage\":{\"@id\":\"https:\\\/\\\/www.sebastien-auziere.fr\\\/blog\\\/es\\\/brigitte-macron-realza-el-eliseo-con-un-vestido-rojo-italiano-y-joyas-firmadas-por-louis-vuitton\\\/#primaryimage\"},\"image\":{\"@id\":\"https:\\\/\\\/www.sebastien-auziere.fr\\\/blog\\\/es\\\/brigitte-macron-realza-el-eliseo-con-un-vestido-rojo-italiano-y-joyas-firmadas-por-louis-vuitton\\\/#primaryimage\"},\"thumbnailUrl\":\"https:\\\/\\\/www.sebastien-auziere.fr\\\/blog\\\/wp-content\\\/uploads\\\/2026\\\/04\\\/Brigitte-Macron-sublime-lElysee-dans-une-robe-rouge-italienne-et-des-bijoux-signes-Louis-Vuitton.jpg\",\"datePublished\":\"2026-04-20T07:14:19+00:00\",\"dateModified\":\"2026-04-20T07:14:36+00:00\",\"description\":\"Brigitte Macron \u00e9blouit l\u2019\u00c9lys\u00e9e en robe rouge italienne et bijoux Louis Vuitton, alliant \u00e9l\u00e9gance et raffinement pour une apparition m\u00e9morable.\",\"breadcrumb\":{\"@id\":\"https:\\\/\\\/www.sebastien-auziere.fr\\\/blog\\\/es\\\/brigitte-macron-realza-el-eliseo-con-un-vestido-rojo-italiano-y-joyas-firmadas-por-louis-vuitton\\\/#breadcrumb\"},\"inLanguage\":\"fr-FR\",\"potentialAction\":[{\"@type\":\"ReadAction\",\"target\":[\"https:\\\/\\\/www.sebastien-auziere.fr\\\/blog\\\/es\\\/brigitte-macron-realza-el-eliseo-con-un-vestido-rojo-italiano-y-joyas-firmadas-por-louis-vuitton\\\/\"]}]},{\"@type\":\"ImageObject\",\"inLanguage\":\"fr-FR\",\"@id\":\"https:\\\/\\\/www.sebastien-auziere.fr\\\/blog\\\/es\\\/brigitte-macron-realza-el-eliseo-con-un-vestido-rojo-italiano-y-joyas-firmadas-por-louis-vuitton\\\/#primaryimage\",\"url\":\"https:\\\/\\\/www.sebastien-auziere.fr\\\/blog\\\/wp-content\\\/uploads\\\/2026\\\/04\\\/Brigitte-Macron-sublime-lElysee-dans-une-robe-rouge-italienne-et-des-bijoux-signes-Louis-Vuitton.jpg\",\"contentUrl\":\"https:\\\/\\\/www.sebastien-auziere.fr\\\/blog\\\/wp-content\\\/uploads\\\/2026\\\/04\\\/Brigitte-Macron-sublime-lElysee-dans-une-robe-rouge-italienne-et-des-bijoux-signes-Louis-Vuitton.jpg\",\"width\":2560,\"height\":1429,\"caption\":\"d\u00e9couvrez comment brigitte macron illumine l\u2019\u00e9lys\u00e9e en portant une \u00e9l\u00e9gante robe rouge italienne accompagn\u00e9e de bijoux exclusifs sign\u00e9s louis vuitton, alliant style et raffinement.\"},{\"@type\":\"BreadcrumbList\",\"@id\":\"https:\\\/\\\/www.sebastien-auziere.fr\\\/blog\\\/es\\\/brigitte-macron-realza-el-eliseo-con-un-vestido-rojo-italiano-y-joyas-firmadas-por-louis-vuitton\\\/#breadcrumb\",\"itemListElement\":[{\"@type\":\"ListItem\",\"position\":1,\"name\":\"Home\",\"item\":\"https:\\\/\\\/www.sebastien-auziere.fr\\\/blog\\\/\"},{\"@type\":\"ListItem\",\"position\":2,\"name\":\"Brigitte Macron realza el El\u00edseo con un vestido rojo italiano y joyas firmadas por Louis Vuitton\"}]},{\"@type\":\"WebSite\",\"@id\":\"https:\\\/\\\/www.sebastien-auziere.fr\\\/blog\\\/#website\",\"url\":\"https:\\\/\\\/www.sebastien-auziere.fr\\\/blog\\\/\",\"name\":\"Fan site S\u00e9bastien Auzi\u00e8re\",\"description\":\"M\u00e9dia g\u00e9n\u00e9raliste\",\"publisher\":{\"@id\":\"https:\\\/\\\/www.sebastien-auziere.fr\\\/blog\\\/#organization\"},\"potentialAction\":[{\"@type\":\"SearchAction\",\"target\":{\"@type\":\"EntryPoint\",\"urlTemplate\":\"https:\\\/\\\/www.sebastien-auziere.fr\\\/blog\\\/?s={search_term_string}\"},\"query-input\":{\"@type\":\"PropertyValueSpecification\",\"valueRequired\":true,\"valueName\":\"search_term_string\"}}],\"inLanguage\":\"fr-FR\"},{\"@type\":\"Organization\",\"@id\":\"https:\\\/\\\/www.sebastien-auziere.fr\\\/blog\\\/#organization\",\"name\":\"Fan site S\u00e9bastien Auzi\u00e8re\",\"url\":\"https:\\\/\\\/www.sebastien-auziere.fr\\\/blog\\\/\",\"logo\":{\"@type\":\"ImageObject\",\"inLanguage\":\"fr-FR\",\"@id\":\"https:\\\/\\\/www.sebastien-auziere.fr\\\/blog\\\/#\\\/schema\\\/logo\\\/image\\\/\",\"url\":\"https:\\\/\\\/www.sebastien-auziere.fr\\\/blog\\\/wp-content\\\/uploads\\\/2026\\\/03\\\/cropped-cropped-cropped-ChatGPT-Image-6-mars-2026-12_58_09-e1772798376794.jpg\",\"contentUrl\":\"https:\\\/\\\/www.sebastien-auziere.fr\\\/blog\\\/wp-content\\\/uploads\\\/2026\\\/03\\\/cropped-cropped-cropped-ChatGPT-Image-6-mars-2026-12_58_09-e1772798376794.jpg\",\"width\":512,\"height\":360,\"caption\":\"Fan site S\u00e9bastien Auzi\u00e8re\"},\"image\":{\"@id\":\"https:\\\/\\\/www.sebastien-auziere.fr\\\/blog\\\/#\\\/schema\\\/logo\\\/image\\\/\"}},{\"@type\":\"Person\",\"@id\":\"https:\\\/\\\/www.sebastien-auziere.fr\\\/blog\\\/#\\\/schema\\\/person\\\/149f1acdbfd85149c6c3e59adeae2f4d\",\"name\":\"Chloe Gauthier\",\"image\":{\"@type\":\"ImageObject\",\"inLanguage\":\"fr-FR\",\"@id\":\"https:\\\/\\\/secure.gravatar.com\\\/avatar\\\/2c5722f58171cff738a8985ef0dd66b476e563753246a49019befc837ec4201a?s=96&d=mm&r=g\",\"url\":\"https:\\\/\\\/secure.gravatar.com\\\/avatar\\\/2c5722f58171cff738a8985ef0dd66b476e563753246a49019befc837ec4201a?s=96&d=mm&r=g\",\"contentUrl\":\"https:\\\/\\\/secure.gravatar.com\\\/avatar\\\/2c5722f58171cff738a8985ef0dd66b476e563753246a49019befc837ec4201a?s=96&d=mm&r=g\",\"caption\":\"Chloe Gauthier\"},\"description\":\"Passionn\u00e9e par la politique et admiratrice engag\u00e9e de la famille Macron, je consacre mon \u00e9nergie \u00e0 suivre leurs initiatives et \u00e0 promouvoir leurs id\u00e9es. \u00c0 32 ans, je suis convaincue que leur vision est porteuse d'avenir.\",\"url\":\"https:\\\/\\\/www.sebastien-auziere.fr\\\/blog\\\/author\\\/chloe-gauthier\\\/\"}]}<\/script>\n<!-- \/ Yoast SEO plugin. -->","yoast_head_json":{"title":"Brigitte Macron realza el El\u00edseo con un vestido rojo italiano y joyas firmadas por Louis Vuitton - Fan site S\u00e9bastien Auzi\u00e8re","description":"Brigitte Macron \u00e9blouit l\u2019\u00c9lys\u00e9e en robe rouge italienne et bijoux Louis Vuitton, alliant \u00e9l\u00e9gance et raffinement pour une apparition m\u00e9morable.","robots":{"index":"index","follow":"follow","max-snippet":"max-snippet:-1","max-image-preview":"max-image-preview:large","max-video-preview":"max-video-preview:-1"},"canonical":"https:\/\/www.sebastien-auziere.fr\/blog\/es\/brigitte-macron-realza-el-eliseo-con-un-vestido-rojo-italiano-y-joyas-firmadas-por-louis-vuitton\/","og_locale":"fr_FR","og_type":"article","og_title":"Brigitte Macron realza el El\u00edseo con un vestido rojo italiano y joyas firmadas por Louis Vuitton - Fan site S\u00e9bastien Auzi\u00e8re","og_description":"Brigitte Macron \u00e9blouit l\u2019\u00c9lys\u00e9e en robe rouge italienne et bijoux Louis Vuitton, alliant \u00e9l\u00e9gance et raffinement pour une apparition m\u00e9morable.","og_url":"https:\/\/www.sebastien-auziere.fr\/blog\/es\/brigitte-macron-realza-el-eliseo-con-un-vestido-rojo-italiano-y-joyas-firmadas-por-louis-vuitton\/","og_site_name":"Fan site S\u00e9bastien Auzi\u00e8re","article_published_time":"2026-04-20T07:14:19+00:00","article_modified_time":"2026-04-20T07:14:36+00:00","og_image":[{"width":2560,"height":1429,"url":"https:\/\/www.sebastien-auziere.fr\/blog\/wp-content\/uploads\/2026\/04\/Brigitte-Macron-sublime-lElysee-dans-une-robe-rouge-italienne-et-des-bijoux-signes-Louis-Vuitton.jpg","type":"image\/jpeg"}],"author":"Chloe Gauthier","twitter_card":"summary_large_image","twitter_misc":{"\u00c9crit par":"Chloe Gauthier","Dur\u00e9e de lecture estim\u00e9e":"2 minutes"},"schema":{"@context":"https:\/\/schema.org","@graph":[{"@type":"Article","@id":"https:\/\/www.sebastien-auziere.fr\/blog\/es\/brigitte-macron-realza-el-eliseo-con-un-vestido-rojo-italiano-y-joyas-firmadas-por-louis-vuitton\/#article","isPartOf":{"@id":"https:\/\/www.sebastien-auziere.fr\/blog\/es\/brigitte-macron-realza-el-eliseo-con-un-vestido-rojo-italiano-y-joyas-firmadas-por-louis-vuitton\/"},"author":{"name":"Chloe Gauthier","@id":"https:\/\/www.sebastien-auziere.fr\/blog\/#\/schema\/person\/149f1acdbfd85149c6c3e59adeae2f4d"},"headline":"Brigitte Macron realza el El\u00edseo con un vestido rojo italiano y joyas firmadas por Louis Vuitton","datePublished":"2026-04-20T07:14:19+00:00","dateModified":"2026-04-20T07:14:36+00:00","mainEntityOfPage":{"@id":"https:\/\/www.sebastien-auziere.fr\/blog\/es\/brigitte-macron-realza-el-eliseo-con-un-vestido-rojo-italiano-y-joyas-firmadas-por-louis-vuitton\/"},"wordCount":490,"commentCount":0,"publisher":{"@id":"https:\/\/www.sebastien-auziere.fr\/blog\/#organization"},"image":{"@id":"https:\/\/www.sebastien-auziere.fr\/blog\/es\/brigitte-macron-realza-el-eliseo-con-un-vestido-rojo-italiano-y-joyas-firmadas-por-louis-vuitton\/#primaryimage"},"thumbnailUrl":"https:\/\/www.sebastien-auziere.fr\/blog\/wp-content\/uploads\/2026\/04\/Brigitte-Macron-sublime-lElysee-dans-une-robe-rouge-italienne-et-des-bijoux-signes-Louis-Vuitton.jpg","keywords":["brigitte macron","\u00e9lys\u00e9e","louis vuitton","modo italiano","robe roja"],"articleSection":["Actualidades"],"inLanguage":"fr-FR","potentialAction":[{"@type":"CommentAction","name":"Comment","target":["https:\/\/www.sebastien-auziere.fr\/blog\/es\/brigitte-macron-realza-el-eliseo-con-un-vestido-rojo-italiano-y-joyas-firmadas-por-louis-vuitton\/#respond"]}]},{"@type":"WebPage","@id":"https:\/\/www.sebastien-auziere.fr\/blog\/es\/brigitte-macron-realza-el-eliseo-con-un-vestido-rojo-italiano-y-joyas-firmadas-por-louis-vuitton\/","url":"https:\/\/www.sebastien-auziere.fr\/blog\/es\/brigitte-macron-realza-el-eliseo-con-un-vestido-rojo-italiano-y-joyas-firmadas-por-louis-vuitton\/","name":"Brigitte Macron realza el El\u00edseo con un vestido rojo italiano y joyas firmadas por Louis Vuitton - Fan site S\u00e9bastien Auzi\u00e8re","isPartOf":{"@id":"https:\/\/www.sebastien-auziere.fr\/blog\/#website"},"primaryImageOfPage":{"@id":"https:\/\/www.sebastien-auziere.fr\/blog\/es\/brigitte-macron-realza-el-eliseo-con-un-vestido-rojo-italiano-y-joyas-firmadas-por-louis-vuitton\/#primaryimage"},"image":{"@id":"https:\/\/www.sebastien-auziere.fr\/blog\/es\/brigitte-macron-realza-el-eliseo-con-un-vestido-rojo-italiano-y-joyas-firmadas-por-louis-vuitton\/#primaryimage"},"thumbnailUrl":"https:\/\/www.sebastien-auziere.fr\/blog\/wp-content\/uploads\/2026\/04\/Brigitte-Macron-sublime-lElysee-dans-une-robe-rouge-italienne-et-des-bijoux-signes-Louis-Vuitton.jpg","datePublished":"2026-04-20T07:14:19+00:00","dateModified":"2026-04-20T07:14:36+00:00","description":"Brigitte Macron \u00e9blouit l\u2019\u00c9lys\u00e9e en robe rouge italienne et bijoux Louis Vuitton, alliant \u00e9l\u00e9gance et raffinement pour une apparition m\u00e9morable.","breadcrumb":{"@id":"https:\/\/www.sebastien-auziere.fr\/blog\/es\/brigitte-macron-realza-el-eliseo-con-un-vestido-rojo-italiano-y-joyas-firmadas-por-louis-vuitton\/#breadcrumb"},"inLanguage":"fr-FR","potentialAction":[{"@type":"ReadAction","target":["https:\/\/www.sebastien-auziere.fr\/blog\/es\/brigitte-macron-realza-el-eliseo-con-un-vestido-rojo-italiano-y-joyas-firmadas-por-louis-vuitton\/"]}]},{"@type":"ImageObject","inLanguage":"fr-FR","@id":"https:\/\/www.sebastien-auziere.fr\/blog\/es\/brigitte-macron-realza-el-eliseo-con-un-vestido-rojo-italiano-y-joyas-firmadas-por-louis-vuitton\/#primaryimage","url":"https:\/\/www.sebastien-auziere.fr\/blog\/wp-content\/uploads\/2026\/04\/Brigitte-Macron-sublime-lElysee-dans-une-robe-rouge-italienne-et-des-bijoux-signes-Louis-Vuitton.jpg","contentUrl":"https:\/\/www.sebastien-auziere.fr\/blog\/wp-content\/uploads\/2026\/04\/Brigitte-Macron-sublime-lElysee-dans-une-robe-rouge-italienne-et-des-bijoux-signes-Louis-Vuitton.jpg","width":2560,"height":1429,"caption":"d\u00e9couvrez comment brigitte macron illumine l\u2019\u00e9lys\u00e9e en portant une \u00e9l\u00e9gante robe rouge italienne accompagn\u00e9e de bijoux exclusifs sign\u00e9s louis vuitton, alliant style et raffinement."},{"@type":"BreadcrumbList","@id":"https:\/\/www.sebastien-auziere.fr\/blog\/es\/brigitte-macron-realza-el-eliseo-con-un-vestido-rojo-italiano-y-joyas-firmadas-por-louis-vuitton\/#breadcrumb","itemListElement":[{"@type":"ListItem","position":1,"name":"Home","item":"https:\/\/www.sebastien-auziere.fr\/blog\/"},{"@type":"ListItem","position":2,"name":"Brigitte Macron realza el El\u00edseo con un vestido rojo italiano y joyas firmadas por Louis Vuitton"}]},{"@type":"WebSite","@id":"https:\/\/www.sebastien-auziere.fr\/blog\/#website","url":"https:\/\/www.sebastien-auziere.fr\/blog\/","name":"Fan site S\u00e9bastien Auzi\u00e8re","description":"M\u00e9dia g\u00e9n\u00e9raliste","publisher":{"@id":"https:\/\/www.sebastien-auziere.fr\/blog\/#organization"},"potentialAction":[{"@type":"SearchAction","target":{"@type":"EntryPoint","urlTemplate":"https:\/\/www.sebastien-auziere.fr\/blog\/?s={search_term_string}"},"query-input":{"@type":"PropertyValueSpecification","valueRequired":true,"valueName":"search_term_string"}}],"inLanguage":"fr-FR"},{"@type":"Organization","@id":"https:\/\/www.sebastien-auziere.fr\/blog\/#organization","name":"Fan site S\u00e9bastien Auzi\u00e8re","url":"https:\/\/www.sebastien-auziere.fr\/blog\/","logo":{"@type":"ImageObject","inLanguage":"fr-FR","@id":"https:\/\/www.sebastien-auziere.fr\/blog\/#\/schema\/logo\/image\/","url":"https:\/\/www.sebastien-auziere.fr\/blog\/wp-content\/uploads\/2026\/03\/cropped-cropped-cropped-ChatGPT-Image-6-mars-2026-12_58_09-e1772798376794.jpg","contentUrl":"https:\/\/www.sebastien-auziere.fr\/blog\/wp-content\/uploads\/2026\/03\/cropped-cropped-cropped-ChatGPT-Image-6-mars-2026-12_58_09-e1772798376794.jpg","width":512,"height":360,"caption":"Fan site S\u00e9bastien Auzi\u00e8re"},"image":{"@id":"https:\/\/www.sebastien-auziere.fr\/blog\/#\/schema\/logo\/image\/"}},{"@type":"Person","@id":"https:\/\/www.sebastien-auziere.fr\/blog\/#\/schema\/person\/149f1acdbfd85149c6c3e59adeae2f4d","name":"Chloe Gauthier","image":{"@type":"ImageObject","inLanguage":"fr-FR","@id":"https:\/\/secure.gravatar.com\/avatar\/2c5722f58171cff738a8985ef0dd66b476e563753246a49019befc837ec4201a?s=96&d=mm&r=g","url":"https:\/\/secure.gravatar.com\/avatar\/2c5722f58171cff738a8985ef0dd66b476e563753246a49019befc837ec4201a?s=96&d=mm&r=g","contentUrl":"https:\/\/secure.gravatar.com\/avatar\/2c5722f58171cff738a8985ef0dd66b476e563753246a49019befc837ec4201a?s=96&d=mm&r=g","caption":"Chloe Gauthier"},"description":"Passionn\u00e9e par la politique et admiratrice engag\u00e9e de la famille Macron, je consacre mon \u00e9nergie \u00e0 suivre leurs initiatives et \u00e0 promouvoir leurs id\u00e9es. \u00c0 32 ans, je suis convaincue que leur vision est porteuse d'avenir.","url":"https:\/\/www.sebastien-auziere.fr\/blog\/author\/chloe-gauthier\/"}]}},"views":1,"_links":{"self":[{"href":"https:\/\/www.sebastien-auziere.fr\/blog\/wp-json\/wp\/v2\/posts\/3176","targetHints":{"allow":["GET"]}}],"collection":[{"href":"https:\/\/www.sebastien-auziere.fr\/blog\/wp-json\/wp\/v2\/posts"}],"about":[{"href":"https:\/\/www.sebastien-auziere.fr\/blog\/wp-json\/wp\/v2\/types\/post"}],"author":[{"embeddable":true,"href":"https:\/\/www.sebastien-auziere.fr\/blog\/wp-json\/wp\/v2\/users\/9"}],"replies":[{"embeddable":true,"href":"https:\/\/www.sebastien-auziere.fr\/blog\/wp-json\/wp\/v2\/comments?post=3176"}],"version-history":[{"count":1,"href":"https:\/\/www.sebastien-auziere.fr\/blog\/wp-json\/wp\/v2\/posts\/3176\/revisions"}],"predecessor-version":[{"id":3177,"href":"https:\/\/www.sebastien-auziere.fr\/blog\/wp-json\/wp\/v2\/posts\/3176\/revisions\/3177"}],"wp:featuredmedia":[{"embeddable":true,"href":"https:\/\/www.sebastien-auziere.fr\/blog\/wp-json\/wp\/v2\/media\/3172"}],"wp:attachment":[{"href":"https:\/\/www.sebastien-auziere.fr\/blog\/wp-json\/wp\/v2\/media?parent=3176"}],"wp:term":[{"taxonomy":"category","embeddable":true,"href":"https:\/\/www.sebastien-auziere.fr\/blog\/wp-json\/wp\/v2\/categories?post=3176"},{"taxonomy":"post_tag","embeddable":true,"href":"https:\/\/www.sebastien-auziere.fr\/blog\/wp-json\/wp\/v2\/tags?post=3176"}],"curies":[{"name":"wp","href":"https:\/\/api.w.org\/{rel}","templated":true}]}}