{"id":3173,"date":"2026-04-20T07:13:55","date_gmt":"2026-04-20T07:13:55","guid":{"rendered":"https:\/\/www.sebastien-auziere.fr\/blog\/brigitte-macron-robe-louis-vuitton\/"},"modified":"2026-04-20T07:13:55","modified_gmt":"2026-04-20T07:13:55","slug":"brigitte-macron-robe-louis-vuitton","status":"publish","type":"post","link":"https:\/\/www.sebastien-auziere.fr\/blog\/brigitte-macron-robe-louis-vuitton\/","title":{"rendered":"Brigitte Macron sublime l\u2019\u00c9lys\u00e9e dans une robe rouge italienne et des bijoux sign\u00e9s Louis Vuitton"},"content":{"rendered":"<p><strong>Brigitte Macron<\/strong>\u00c9lys\u00e9e le 15 avril en accueillant le pr\u00e9sident mauritanien avec une <strong>robe rouge<\/strong> italienne et une parure sign\u00e9e <strong>Louis Vuitton<\/strong>. Ton regard est imm\u00e9diatement attir\u00e9 par ce fourreau minimaliste et par l\u2019\u00e9clat discret des bijoux, un combo qui a fait parler la <strong>mode<\/strong> et le protocole.<\/p>\n\n<p><strong>En bref :<\/strong> tenue longue rouge italienne, col rond et manches longues; pochette Balmain et escarpins; parure Flower Comet <strong>Louis Vuitton<\/strong>; r\u00e9ception d\u2019\u00c9tat pour Mohamed Ould Ghazouani le 15 avril 2026; un message de <strong>style<\/strong> et <strong>haute couture<\/strong> parfaitement ma\u00eetris\u00e9.<\/p>\n\n<h2 class=\"wp-block-heading\">La robe italienne : sobri\u00e9t\u00e9 et impact au sommet de l\u2019\u00c9tat<\/h2>\n\n<p>La Premi\u00e8re dame portait un long fourreau rouge Bismarck \u00e0 manches longues et col rond, une pi\u00e8ce d\u2019atelier italien qui \u00e9pouse la silhouette sans ornement superflu. La couleur, tout en rappel discret au drapeau, flatte le teint et affirme une pr\u00e9sence diplomatique. La pochette Balmain en cuir grain\u00e9 et des escarpins \u00e0 talons compl\u00e9taient l\u2019ensemble, rappelant ses choix successifs lors de voyages officiels \u00e0 Tokyo et P\u00e9kin. Un look pens\u00e9 pour durer.<\/p>\n\n<h3 class=\"wp-block-heading\">Les bijoux Louis Vuitton : finesse et symbole<\/h3>\n\n<p>Le bijou cl\u00e9 \u00e9tait le ras-de-cou <strong>Flower Comet<\/strong> en m\u00e9tal dor\u00e9 et strass, accompagn\u00e9 d\u2019un bracelet assorti et d\u2019un anneau \u00e9pais, signatures visibles de <strong>Louis Vuitton<\/strong>. Ces pi\u00e8ces, pens\u00e9es pour capturer la lumi\u00e8re sans ostentation, ont \u00e9t\u00e9 remarqu\u00e9es par la presse sp\u00e9cialis\u00e9e et d\u00e9crites comme un \u00e9quilibre parfait entre \u00e9clat et discr\u00e9tion. Pour une description d\u00e9taill\u00e9e de la parure, consulte les images et le d\u00e9cryptage dans la presse. C\u2019est une d\u00e9monstration d\u2019\u00e9l\u00e9gance ma\u00eetris\u00e9e.<\/p>\n\n<h2 class=\"wp-block-heading\">Style et diplomatie : le rouge comme langage<\/h2>\n\n<p>En choisissant le rouge italien, <strong>Brigitte Macron<\/strong> a utilis\u00e9 la <strong>mode<\/strong> comme vecteur diplomatique, d\u00e9j\u00e0 visible lors de ses total looks garance au Japon ou \u00e9carlates \u00e0 P\u00e9kin. \u00c0 73 ans, elle impose un <strong>style<\/strong> qui conjugue tradition et modernit\u00e9, privil\u00e9giant des lignes \u00e9pur\u00e9es et des maisons de haute couture reconnues. Les observateurs ont not\u00e9 la coh\u00e9rence de son message visuel, entre respect du protocole et signature personnelle.<\/p>\n\n<h2 class=\"wp-block-heading\">Un look comment\u00e9 par la presse et les experts<\/h2>\n\n<p>Les m\u00e9dias ont largement relay\u00e9 cette apparition, de la couverture d\u00e9taill\u00e9e du <a href=\"https:\/\/madame.lefigaro.fr\/style\/news\/brigitte-macron-en-robe-rouge-et-chignon-dore-pour-le-diner-d-etat-mauritanien-20260416\">Figaro<\/a> au panorama mode de <a href=\"https:\/\/www.vogue.fr\/article\/brigitte-macron-chic-francais-style-looks\">Vogue<\/a>. Pour un dossier complet sur la tenue et ses accessoires, on retrouve aussi un compte-rendu d\u00e9taill\u00e9 sur le blog consacr\u00e9 \u00e0 la famille Macron. Cela confirme que l\u2019apparence peut \u00eatre une strat\u00e9gie douce de communication publique.<\/p>\n\n<p>Tu veux en savoir plus sur les coulisses de cette soir\u00e9e et les liens familiaux et stylistiques autour de la Pr\u00e9sidence ? D\u00e9couvre davantage d\u2019analyses et de photos sur <a href=\"https:\/\/www.sebastien-auziere.fr\/blog\/brigitte-macron-robe-rouge-3\/\">le dossier complet<\/a> et explore les archives et articles d\u00e9di\u00e9s \u00e0 la famille Macron sur <a href=\"https:\/\/www.sebastien-auziere.fr\/blog\/brigitte-macron-robe-elegante\/\">sebastien-auziere.fr<\/a>.<\/p>\n\n","protected":false},"excerpt":{"rendered":"<p>Brigitte Macron\u00c9lys\u00e9e le 15 avril en accueillant le pr\u00e9sident mauritanien avec une robe rouge italienne et une parure sign\u00e9e Louis Vuitton. Ton regard est imm\u00e9diatement attir\u00e9 par ce fourreau minimaliste et par l\u2019\u00e9clat discret des bijoux, un combo qui a fait parler la mode et le protocole. En bref : tenue longue rouge italienne, col &#8230; <a title=\"Brigitte Macron sublime l\u2019\u00c9lys\u00e9e dans une robe rouge italienne et des bijoux sign\u00e9s Louis Vuitton\" class=\"read-more\" href=\"https:\/\/www.sebastien-auziere.fr\/blog\/brigitte-macron-robe-louis-vuitton\/\" aria-label=\"En savoir plus sur Brigitte Macron sublime l\u2019\u00c9lys\u00e9e dans une robe rouge italienne et des bijoux sign\u00e9s Louis Vuitton\">Lire plus<\/a><\/p>\n","protected":false},"author":9,"featured_media":3172,"comment_status":"open","ping_status":"open","sticky":false,"template":"","format":"standard","meta":{"footnotes":""},"categories":[597],"tags":[892,3329,3633,3631,3144],"class_list":["post-3173","post","type-post","status-publish","format-standard","has-post-thumbnail","hentry","category-actualites","tag-brigitte-macron","tag-elysee","tag-louis-vuitton","tag-mode-italienne","tag-robe-rouge"],"yoast_head":"<!-- This site is optimized with the Yoast SEO plugin v27.5 - https:\/\/yoast.com\/product\/yoast-seo-wordpress\/ -->\n<title>Brigitte Macron sublime l\u2019\u00c9lys\u00e9e dans une robe rouge italienne et des bijoux sign\u00e9s Louis Vuitton - Fan site S\u00e9bastien Auzi\u00e8re<\/title>\n<meta name=\"description\" content=\"Brigitte Macron \u00e9blouit l\u2019\u00c9lys\u00e9e en robe rouge italienne et bijoux Louis Vuitton, alliant \u00e9l\u00e9gance et raffinement pour une apparition m\u00e9morable.\" \/>\n<meta name=\"robots\" content=\"index, follow, max-snippet:-1, max-image-preview:large, max-video-preview:-1\" \/>\n<link rel=\"canonical\" href=\"https:\/\/www.sebastien-auziere.fr\/blog\/brigitte-macron-robe-louis-vuitton\/\" \/>\n<meta property=\"og:locale\" content=\"fr_FR\" \/>\n<meta property=\"og:type\" content=\"article\" \/>\n<meta property=\"og:title\" content=\"Brigitte Macron sublime l\u2019\u00c9lys\u00e9e dans une robe rouge italienne et des bijoux sign\u00e9s Louis Vuitton - Fan site S\u00e9bastien Auzi\u00e8re\" \/>\n<meta property=\"og:description\" content=\"Brigitte Macron \u00e9blouit l\u2019\u00c9lys\u00e9e en robe rouge italienne et bijoux Louis Vuitton, alliant \u00e9l\u00e9gance et raffinement pour une apparition m\u00e9morable.\" \/>\n<meta property=\"og:url\" content=\"https:\/\/www.sebastien-auziere.fr\/blog\/brigitte-macron-robe-louis-vuitton\/\" \/>\n<meta property=\"og:site_name\" content=\"Fan site S\u00e9bastien Auzi\u00e8re\" \/>\n<meta property=\"article:published_time\" content=\"2026-04-20T07:13:55+00:00\" \/>\n<meta property=\"og:image\" content=\"https:\/\/www.sebastien-auziere.fr\/blog\/wp-content\/uploads\/2026\/04\/Brigitte-Macron-sublime-lElysee-dans-une-robe-rouge-italienne-et-des-bijoux-signes-Louis-Vuitton.jpg\" \/>\n\t<meta property=\"og:image:width\" content=\"2560\" \/>\n\t<meta property=\"og:image:height\" content=\"1429\" \/>\n\t<meta property=\"og:image:type\" content=\"image\/jpeg\" \/>\n<meta name=\"author\" content=\"Chloe Gauthier\" \/>\n<meta name=\"twitter:card\" content=\"summary_large_image\" \/>\n<meta name=\"twitter:label1\" content=\"\u00c9crit par\" \/>\n\t<meta name=\"twitter:data1\" content=\"Chloe Gauthier\" \/>\n\t<meta name=\"twitter:label2\" content=\"Dur\u00e9e de lecture estim\u00e9e\" \/>\n\t<meta name=\"twitter:data2\" content=\"2 minutes\" \/>\n<script type=\"application\/ld+json\" class=\"yoast-schema-graph\">{\"@context\":\"https:\\\/\\\/schema.org\",\"@graph\":[{\"@type\":\"Article\",\"@id\":\"https:\\\/\\\/www.sebastien-auziere.fr\\\/blog\\\/brigitte-macron-robe-louis-vuitton\\\/#article\",\"isPartOf\":{\"@id\":\"https:\\\/\\\/www.sebastien-auziere.fr\\\/blog\\\/brigitte-macron-robe-louis-vuitton\\\/\"},\"author\":{\"name\":\"Chloe Gauthier\",\"@id\":\"https:\\\/\\\/www.sebastien-auziere.fr\\\/blog\\\/#\\\/schema\\\/person\\\/149f1acdbfd85149c6c3e59adeae2f4d\"},\"headline\":\"Brigitte Macron sublime l\u2019\u00c9lys\u00e9e dans une robe rouge italienne et des bijoux sign\u00e9s Louis Vuitton\",\"datePublished\":\"2026-04-20T07:13:55+00:00\",\"mainEntityOfPage\":{\"@id\":\"https:\\\/\\\/www.sebastien-auziere.fr\\\/blog\\\/brigitte-macron-robe-louis-vuitton\\\/\"},\"wordCount\":493,\"commentCount\":0,\"publisher\":{\"@id\":\"https:\\\/\\\/www.sebastien-auziere.fr\\\/blog\\\/#organization\"},\"image\":{\"@id\":\"https:\\\/\\\/www.sebastien-auziere.fr\\\/blog\\\/brigitte-macron-robe-louis-vuitton\\\/#primaryimage\"},\"thumbnailUrl\":\"https:\\\/\\\/www.sebastien-auziere.fr\\\/blog\\\/wp-content\\\/uploads\\\/2026\\\/04\\\/Brigitte-Macron-sublime-lElysee-dans-une-robe-rouge-italienne-et-des-bijoux-signes-Louis-Vuitton.jpg\",\"keywords\":[\"brigitte macron\",\"\u00e9lys\u00e9e\",\"louis vuitton\",\"mode italienne\",\"robe rouge\"],\"articleSection\":[\"Actualit\u00e9s\"],\"inLanguage\":\"fr-FR\",\"potentialAction\":[{\"@type\":\"CommentAction\",\"name\":\"Comment\",\"target\":[\"https:\\\/\\\/www.sebastien-auziere.fr\\\/blog\\\/brigitte-macron-robe-louis-vuitton\\\/#respond\"]}]},{\"@type\":\"WebPage\",\"@id\":\"https:\\\/\\\/www.sebastien-auziere.fr\\\/blog\\\/brigitte-macron-robe-louis-vuitton\\\/\",\"url\":\"https:\\\/\\\/www.sebastien-auziere.fr\\\/blog\\\/brigitte-macron-robe-louis-vuitton\\\/\",\"name\":\"Brigitte Macron sublime l\u2019\u00c9lys\u00e9e dans une robe rouge italienne et des bijoux sign\u00e9s Louis Vuitton - Fan site S\u00e9bastien Auzi\u00e8re\",\"isPartOf\":{\"@id\":\"https:\\\/\\\/www.sebastien-auziere.fr\\\/blog\\\/#website\"},\"primaryImageOfPage\":{\"@id\":\"https:\\\/\\\/www.sebastien-auziere.fr\\\/blog\\\/brigitte-macron-robe-louis-vuitton\\\/#primaryimage\"},\"image\":{\"@id\":\"https:\\\/\\\/www.sebastien-auziere.fr\\\/blog\\\/brigitte-macron-robe-louis-vuitton\\\/#primaryimage\"},\"thumbnailUrl\":\"https:\\\/\\\/www.sebastien-auziere.fr\\\/blog\\\/wp-content\\\/uploads\\\/2026\\\/04\\\/Brigitte-Macron-sublime-lElysee-dans-une-robe-rouge-italienne-et-des-bijoux-signes-Louis-Vuitton.jpg\",\"datePublished\":\"2026-04-20T07:13:55+00:00\",\"description\":\"Brigitte Macron \u00e9blouit l\u2019\u00c9lys\u00e9e en robe rouge italienne et bijoux Louis Vuitton, alliant \u00e9l\u00e9gance et raffinement pour une apparition m\u00e9morable.\",\"breadcrumb\":{\"@id\":\"https:\\\/\\\/www.sebastien-auziere.fr\\\/blog\\\/brigitte-macron-robe-louis-vuitton\\\/#breadcrumb\"},\"inLanguage\":\"fr-FR\",\"potentialAction\":[{\"@type\":\"ReadAction\",\"target\":[\"https:\\\/\\\/www.sebastien-auziere.fr\\\/blog\\\/brigitte-macron-robe-louis-vuitton\\\/\"]}]},{\"@type\":\"ImageObject\",\"inLanguage\":\"fr-FR\",\"@id\":\"https:\\\/\\\/www.sebastien-auziere.fr\\\/blog\\\/brigitte-macron-robe-louis-vuitton\\\/#primaryimage\",\"url\":\"https:\\\/\\\/www.sebastien-auziere.fr\\\/blog\\\/wp-content\\\/uploads\\\/2026\\\/04\\\/Brigitte-Macron-sublime-lElysee-dans-une-robe-rouge-italienne-et-des-bijoux-signes-Louis-Vuitton.jpg\",\"contentUrl\":\"https:\\\/\\\/www.sebastien-auziere.fr\\\/blog\\\/wp-content\\\/uploads\\\/2026\\\/04\\\/Brigitte-Macron-sublime-lElysee-dans-une-robe-rouge-italienne-et-des-bijoux-signes-Louis-Vuitton.jpg\",\"width\":2560,\"height\":1429,\"caption\":\"d\u00e9couvrez comment brigitte macron illumine l\u2019\u00e9lys\u00e9e en portant une \u00e9l\u00e9gante robe rouge italienne accompagn\u00e9e de bijoux exclusifs sign\u00e9s louis vuitton, alliant style et raffinement.\"},{\"@type\":\"BreadcrumbList\",\"@id\":\"https:\\\/\\\/www.sebastien-auziere.fr\\\/blog\\\/brigitte-macron-robe-louis-vuitton\\\/#breadcrumb\",\"itemListElement\":[{\"@type\":\"ListItem\",\"position\":1,\"name\":\"Home\",\"item\":\"https:\\\/\\\/www.sebastien-auziere.fr\\\/blog\\\/\"},{\"@type\":\"ListItem\",\"position\":2,\"name\":\"Brigitte Macron sublime l\u2019\u00c9lys\u00e9e dans une robe rouge italienne et des bijoux sign\u00e9s Louis Vuitton\"}]},{\"@type\":\"WebSite\",\"@id\":\"https:\\\/\\\/www.sebastien-auziere.fr\\\/blog\\\/#website\",\"url\":\"https:\\\/\\\/www.sebastien-auziere.fr\\\/blog\\\/\",\"name\":\"Fan site S\u00e9bastien Auzi\u00e8re\",\"description\":\"M\u00e9dia g\u00e9n\u00e9raliste\",\"publisher\":{\"@id\":\"https:\\\/\\\/www.sebastien-auziere.fr\\\/blog\\\/#organization\"},\"potentialAction\":[{\"@type\":\"SearchAction\",\"target\":{\"@type\":\"EntryPoint\",\"urlTemplate\":\"https:\\\/\\\/www.sebastien-auziere.fr\\\/blog\\\/?s={search_term_string}\"},\"query-input\":{\"@type\":\"PropertyValueSpecification\",\"valueRequired\":true,\"valueName\":\"search_term_string\"}}],\"inLanguage\":\"fr-FR\"},{\"@type\":\"Organization\",\"@id\":\"https:\\\/\\\/www.sebastien-auziere.fr\\\/blog\\\/#organization\",\"name\":\"Fan site S\u00e9bastien Auzi\u00e8re\",\"url\":\"https:\\\/\\\/www.sebastien-auziere.fr\\\/blog\\\/\",\"logo\":{\"@type\":\"ImageObject\",\"inLanguage\":\"fr-FR\",\"@id\":\"https:\\\/\\\/www.sebastien-auziere.fr\\\/blog\\\/#\\\/schema\\\/logo\\\/image\\\/\",\"url\":\"https:\\\/\\\/www.sebastien-auziere.fr\\\/blog\\\/wp-content\\\/uploads\\\/2026\\\/03\\\/cropped-cropped-cropped-ChatGPT-Image-6-mars-2026-12_58_09-e1772798376794.jpg\",\"contentUrl\":\"https:\\\/\\\/www.sebastien-auziere.fr\\\/blog\\\/wp-content\\\/uploads\\\/2026\\\/03\\\/cropped-cropped-cropped-ChatGPT-Image-6-mars-2026-12_58_09-e1772798376794.jpg\",\"width\":512,\"height\":360,\"caption\":\"Fan site S\u00e9bastien Auzi\u00e8re\"},\"image\":{\"@id\":\"https:\\\/\\\/www.sebastien-auziere.fr\\\/blog\\\/#\\\/schema\\\/logo\\\/image\\\/\"}},{\"@type\":\"Person\",\"@id\":\"https:\\\/\\\/www.sebastien-auziere.fr\\\/blog\\\/#\\\/schema\\\/person\\\/149f1acdbfd85149c6c3e59adeae2f4d\",\"name\":\"Chloe Gauthier\",\"image\":{\"@type\":\"ImageObject\",\"inLanguage\":\"fr-FR\",\"@id\":\"https:\\\/\\\/secure.gravatar.com\\\/avatar\\\/2c5722f58171cff738a8985ef0dd66b476e563753246a49019befc837ec4201a?s=96&d=mm&r=g\",\"url\":\"https:\\\/\\\/secure.gravatar.com\\\/avatar\\\/2c5722f58171cff738a8985ef0dd66b476e563753246a49019befc837ec4201a?s=96&d=mm&r=g\",\"contentUrl\":\"https:\\\/\\\/secure.gravatar.com\\\/avatar\\\/2c5722f58171cff738a8985ef0dd66b476e563753246a49019befc837ec4201a?s=96&d=mm&r=g\",\"caption\":\"Chloe Gauthier\"},\"description\":\"Passionn\u00e9e par la politique et admiratrice engag\u00e9e de la famille Macron, je consacre mon \u00e9nergie \u00e0 suivre leurs initiatives et \u00e0 promouvoir leurs id\u00e9es. \u00c0 32 ans, je suis convaincue que leur vision est porteuse d'avenir.\",\"url\":\"https:\\\/\\\/www.sebastien-auziere.fr\\\/blog\\\/author\\\/chloe-gauthier\\\/\"}]}<\/script>\n<!-- \/ Yoast SEO plugin. -->","yoast_head_json":{"title":"Brigitte Macron sublime l\u2019\u00c9lys\u00e9e dans une robe rouge italienne et des bijoux sign\u00e9s Louis Vuitton - Fan site S\u00e9bastien Auzi\u00e8re","description":"Brigitte Macron \u00e9blouit l\u2019\u00c9lys\u00e9e en robe rouge italienne et bijoux Louis Vuitton, alliant \u00e9l\u00e9gance et raffinement pour une apparition m\u00e9morable.","robots":{"index":"index","follow":"follow","max-snippet":"max-snippet:-1","max-image-preview":"max-image-preview:large","max-video-preview":"max-video-preview:-1"},"canonical":"https:\/\/www.sebastien-auziere.fr\/blog\/brigitte-macron-robe-louis-vuitton\/","og_locale":"fr_FR","og_type":"article","og_title":"Brigitte Macron sublime l\u2019\u00c9lys\u00e9e dans une robe rouge italienne et des bijoux sign\u00e9s Louis Vuitton - Fan site S\u00e9bastien Auzi\u00e8re","og_description":"Brigitte Macron \u00e9blouit l\u2019\u00c9lys\u00e9e en robe rouge italienne et bijoux Louis Vuitton, alliant \u00e9l\u00e9gance et raffinement pour une apparition m\u00e9morable.","og_url":"https:\/\/www.sebastien-auziere.fr\/blog\/brigitte-macron-robe-louis-vuitton\/","og_site_name":"Fan site S\u00e9bastien Auzi\u00e8re","article_published_time":"2026-04-20T07:13:55+00:00","og_image":[{"width":2560,"height":1429,"url":"https:\/\/www.sebastien-auziere.fr\/blog\/wp-content\/uploads\/2026\/04\/Brigitte-Macron-sublime-lElysee-dans-une-robe-rouge-italienne-et-des-bijoux-signes-Louis-Vuitton.jpg","type":"image\/jpeg"}],"author":"Chloe Gauthier","twitter_card":"summary_large_image","twitter_misc":{"\u00c9crit par":"Chloe Gauthier","Dur\u00e9e de lecture estim\u00e9e":"2 minutes"},"schema":{"@context":"https:\/\/schema.org","@graph":[{"@type":"Article","@id":"https:\/\/www.sebastien-auziere.fr\/blog\/brigitte-macron-robe-louis-vuitton\/#article","isPartOf":{"@id":"https:\/\/www.sebastien-auziere.fr\/blog\/brigitte-macron-robe-louis-vuitton\/"},"author":{"name":"Chloe Gauthier","@id":"https:\/\/www.sebastien-auziere.fr\/blog\/#\/schema\/person\/149f1acdbfd85149c6c3e59adeae2f4d"},"headline":"Brigitte Macron sublime l\u2019\u00c9lys\u00e9e dans une robe rouge italienne et des bijoux sign\u00e9s Louis Vuitton","datePublished":"2026-04-20T07:13:55+00:00","mainEntityOfPage":{"@id":"https:\/\/www.sebastien-auziere.fr\/blog\/brigitte-macron-robe-louis-vuitton\/"},"wordCount":493,"commentCount":0,"publisher":{"@id":"https:\/\/www.sebastien-auziere.fr\/blog\/#organization"},"image":{"@id":"https:\/\/www.sebastien-auziere.fr\/blog\/brigitte-macron-robe-louis-vuitton\/#primaryimage"},"thumbnailUrl":"https:\/\/www.sebastien-auziere.fr\/blog\/wp-content\/uploads\/2026\/04\/Brigitte-Macron-sublime-lElysee-dans-une-robe-rouge-italienne-et-des-bijoux-signes-Louis-Vuitton.jpg","keywords":["brigitte macron","\u00e9lys\u00e9e","louis vuitton","mode italienne","robe rouge"],"articleSection":["Actualit\u00e9s"],"inLanguage":"fr-FR","potentialAction":[{"@type":"CommentAction","name":"Comment","target":["https:\/\/www.sebastien-auziere.fr\/blog\/brigitte-macron-robe-louis-vuitton\/#respond"]}]},{"@type":"WebPage","@id":"https:\/\/www.sebastien-auziere.fr\/blog\/brigitte-macron-robe-louis-vuitton\/","url":"https:\/\/www.sebastien-auziere.fr\/blog\/brigitte-macron-robe-louis-vuitton\/","name":"Brigitte Macron sublime l\u2019\u00c9lys\u00e9e dans une robe rouge italienne et des bijoux sign\u00e9s Louis Vuitton - Fan site S\u00e9bastien Auzi\u00e8re","isPartOf":{"@id":"https:\/\/www.sebastien-auziere.fr\/blog\/#website"},"primaryImageOfPage":{"@id":"https:\/\/www.sebastien-auziere.fr\/blog\/brigitte-macron-robe-louis-vuitton\/#primaryimage"},"image":{"@id":"https:\/\/www.sebastien-auziere.fr\/blog\/brigitte-macron-robe-louis-vuitton\/#primaryimage"},"thumbnailUrl":"https:\/\/www.sebastien-auziere.fr\/blog\/wp-content\/uploads\/2026\/04\/Brigitte-Macron-sublime-lElysee-dans-une-robe-rouge-italienne-et-des-bijoux-signes-Louis-Vuitton.jpg","datePublished":"2026-04-20T07:13:55+00:00","description":"Brigitte Macron \u00e9blouit l\u2019\u00c9lys\u00e9e en robe rouge italienne et bijoux Louis Vuitton, alliant \u00e9l\u00e9gance et raffinement pour une apparition m\u00e9morable.","breadcrumb":{"@id":"https:\/\/www.sebastien-auziere.fr\/blog\/brigitte-macron-robe-louis-vuitton\/#breadcrumb"},"inLanguage":"fr-FR","potentialAction":[{"@type":"ReadAction","target":["https:\/\/www.sebastien-auziere.fr\/blog\/brigitte-macron-robe-louis-vuitton\/"]}]},{"@type":"ImageObject","inLanguage":"fr-FR","@id":"https:\/\/www.sebastien-auziere.fr\/blog\/brigitte-macron-robe-louis-vuitton\/#primaryimage","url":"https:\/\/www.sebastien-auziere.fr\/blog\/wp-content\/uploads\/2026\/04\/Brigitte-Macron-sublime-lElysee-dans-une-robe-rouge-italienne-et-des-bijoux-signes-Louis-Vuitton.jpg","contentUrl":"https:\/\/www.sebastien-auziere.fr\/blog\/wp-content\/uploads\/2026\/04\/Brigitte-Macron-sublime-lElysee-dans-une-robe-rouge-italienne-et-des-bijoux-signes-Louis-Vuitton.jpg","width":2560,"height":1429,"caption":"d\u00e9couvrez comment brigitte macron illumine l\u2019\u00e9lys\u00e9e en portant une \u00e9l\u00e9gante robe rouge italienne accompagn\u00e9e de bijoux exclusifs sign\u00e9s louis vuitton, alliant style et raffinement."},{"@type":"BreadcrumbList","@id":"https:\/\/www.sebastien-auziere.fr\/blog\/brigitte-macron-robe-louis-vuitton\/#breadcrumb","itemListElement":[{"@type":"ListItem","position":1,"name":"Home","item":"https:\/\/www.sebastien-auziere.fr\/blog\/"},{"@type":"ListItem","position":2,"name":"Brigitte Macron sublime l\u2019\u00c9lys\u00e9e dans une robe rouge italienne et des bijoux sign\u00e9s Louis Vuitton"}]},{"@type":"WebSite","@id":"https:\/\/www.sebastien-auziere.fr\/blog\/#website","url":"https:\/\/www.sebastien-auziere.fr\/blog\/","name":"Fan site S\u00e9bastien Auzi\u00e8re","description":"M\u00e9dia g\u00e9n\u00e9raliste","publisher":{"@id":"https:\/\/www.sebastien-auziere.fr\/blog\/#organization"},"potentialAction":[{"@type":"SearchAction","target":{"@type":"EntryPoint","urlTemplate":"https:\/\/www.sebastien-auziere.fr\/blog\/?s={search_term_string}"},"query-input":{"@type":"PropertyValueSpecification","valueRequired":true,"valueName":"search_term_string"}}],"inLanguage":"fr-FR"},{"@type":"Organization","@id":"https:\/\/www.sebastien-auziere.fr\/blog\/#organization","name":"Fan site S\u00e9bastien Auzi\u00e8re","url":"https:\/\/www.sebastien-auziere.fr\/blog\/","logo":{"@type":"ImageObject","inLanguage":"fr-FR","@id":"https:\/\/www.sebastien-auziere.fr\/blog\/#\/schema\/logo\/image\/","url":"https:\/\/www.sebastien-auziere.fr\/blog\/wp-content\/uploads\/2026\/03\/cropped-cropped-cropped-ChatGPT-Image-6-mars-2026-12_58_09-e1772798376794.jpg","contentUrl":"https:\/\/www.sebastien-auziere.fr\/blog\/wp-content\/uploads\/2026\/03\/cropped-cropped-cropped-ChatGPT-Image-6-mars-2026-12_58_09-e1772798376794.jpg","width":512,"height":360,"caption":"Fan site S\u00e9bastien Auzi\u00e8re"},"image":{"@id":"https:\/\/www.sebastien-auziere.fr\/blog\/#\/schema\/logo\/image\/"}},{"@type":"Person","@id":"https:\/\/www.sebastien-auziere.fr\/blog\/#\/schema\/person\/149f1acdbfd85149c6c3e59adeae2f4d","name":"Chloe Gauthier","image":{"@type":"ImageObject","inLanguage":"fr-FR","@id":"https:\/\/secure.gravatar.com\/avatar\/2c5722f58171cff738a8985ef0dd66b476e563753246a49019befc837ec4201a?s=96&d=mm&r=g","url":"https:\/\/secure.gravatar.com\/avatar\/2c5722f58171cff738a8985ef0dd66b476e563753246a49019befc837ec4201a?s=96&d=mm&r=g","contentUrl":"https:\/\/secure.gravatar.com\/avatar\/2c5722f58171cff738a8985ef0dd66b476e563753246a49019befc837ec4201a?s=96&d=mm&r=g","caption":"Chloe Gauthier"},"description":"Passionn\u00e9e par la politique et admiratrice engag\u00e9e de la famille Macron, je consacre mon \u00e9nergie \u00e0 suivre leurs initiatives et \u00e0 promouvoir leurs id\u00e9es. \u00c0 32 ans, je suis convaincue que leur vision est porteuse d'avenir.","url":"https:\/\/www.sebastien-auziere.fr\/blog\/author\/chloe-gauthier\/"}]}},"views":1111,"_links":{"self":[{"href":"https:\/\/www.sebastien-auziere.fr\/blog\/wp-json\/wp\/v2\/posts\/3173","targetHints":{"allow":["GET"]}}],"collection":[{"href":"https:\/\/www.sebastien-auziere.fr\/blog\/wp-json\/wp\/v2\/posts"}],"about":[{"href":"https:\/\/www.sebastien-auziere.fr\/blog\/wp-json\/wp\/v2\/types\/post"}],"author":[{"embeddable":true,"href":"https:\/\/www.sebastien-auziere.fr\/blog\/wp-json\/wp\/v2\/users\/9"}],"replies":[{"embeddable":true,"href":"https:\/\/www.sebastien-auziere.fr\/blog\/wp-json\/wp\/v2\/comments?post=3173"}],"version-history":[{"count":0,"href":"https:\/\/www.sebastien-auziere.fr\/blog\/wp-json\/wp\/v2\/posts\/3173\/revisions"}],"wp:featuredmedia":[{"embeddable":true,"href":"https:\/\/www.sebastien-auziere.fr\/blog\/wp-json\/wp\/v2\/media\/3172"}],"wp:attachment":[{"href":"https:\/\/www.sebastien-auziere.fr\/blog\/wp-json\/wp\/v2\/media?parent=3173"}],"wp:term":[{"taxonomy":"category","embeddable":true,"href":"https:\/\/www.sebastien-auziere.fr\/blog\/wp-json\/wp\/v2\/categories?post=3173"},{"taxonomy":"post_tag","embeddable":true,"href":"https:\/\/www.sebastien-auziere.fr\/blog\/wp-json\/wp\/v2\/tags?post=3173"}],"curies":[{"name":"wp","href":"https:\/\/api.w.org\/{rel}","templated":true}]}}