{"id":3168,"date":"2026-04-19T19:16:45","date_gmt":"2026-04-19T19:16:45","guid":{"rendered":"https:\/\/www.sebastien-auziere.fr\/blog\/?p=3168"},"modified":"2026-04-19T19:17:12","modified_gmt":"2026-04-19T19:17:12","slug":"brigitte-macron-brilha-em-um-terno-de-veludo-preto-durante-uma-cerimonia-de-excecao-no-elysee","status":"publish","type":"post","link":"https:\/\/www.sebastien-auziere.fr\/blog\/pt\/brigitte-macron-brilha-em-um-terno-de-veludo-preto-durante-uma-cerimonia-de-excecao-no-elysee\/","title":{"rendered":"Brigitte Macron brilha em um terno de veludo preto durante uma cerim\u00f4nia de exce\u00e7\u00e3o no \u00c9lys\u00e9e"},"content":{"rendered":"<p><strong>Brigitte Macron<\/strong> iluminou a entrada do <strong>Eliseu<\/strong> em <strong>17 de abril de 2026<\/strong>, escolhendo um <strong>terno de veludo preto<\/strong> de uma sobriedade perfeita para uma <strong>cerim\u00f4nia excepcional<\/strong>. Desde a entrada, a <strong>primeira-dama<\/strong> cativou os olhares com uma jaqueta estruturada e uma cal\u00e7a cigarrete, confirmando um senso de <strong>estilo chique<\/strong> \u00e0 francesa.<\/p>\n\n<p><strong>Em resumo:<\/strong> traje s\u00f3brio, mas refinado, convidados prestigiados presentes para a entrega da <strong>ordem nacional do M\u00e9rito<\/strong>, e uma foto compartilhada por <strong>Bruno Le Maire<\/strong> em 18 de abril que circulou nas redes sociais.<\/p>\n\n<h2 class=\"wp-block-heading\">Um look estudado para um <strong>evento oficial<\/strong> no Eliseu<\/h2>\n\n<p>Durante a cerim\u00f4nia em que Emmanuel Macron decorou personalidades como <strong>Jean-Pierre Papin<\/strong> e o compositor <strong>Philippe Sarde<\/strong>, a <strong>primeira-dama<\/strong> optou por um <strong>traje sofisticado<\/strong> em veludo. O corte impecavelmente ajustado destacou uma silhueta cl\u00e1ssica e contempor\u00e2nea, acentuada por sapatos de salto pretos e uma maquiagem natural. Esta apari\u00e7\u00e3o confirma sua influ\u00eancia na <strong>moda feminina<\/strong> institucional. Para um retorno em imagens, veja o portf\u00f3lio de <a href=\"https:\/\/www.gala.fr\/mode\/les_stars_et_la_mode\/brigitte-macron-tres-chic-en-costume-de-velours-noir-pour-une-prestigieuse-ceremonie-a-l-elysee-20260419\" rel=\"nofollow\">Gala<\/a>.<\/p>\n\n<h3 class=\"wp-block-heading\">Os convidados e a atmosfera da noite<\/h3>\n\n<p>A lista dos convidados inclu\u00eda figuras do cinema e do esporte como <strong>Muriel Robin<\/strong>, <strong>Fanny Ardant<\/strong>, <strong>Fran\u00e7ois Berl\u00e9and<\/strong>, bem como personalidades pol\u00edticas, incluindo <strong>Bruno Le Maire<\/strong>. O diretor do Mont-Saint-Michel, <strong>Thomas Velter<\/strong>, fazia parte dos homenageados. Uma foto publicada em 18 de abril por <strong>Bruno Le Maire<\/strong> no Instagram destacou a cenografia s\u00f3bria e protocolar do <strong>Eliseu<\/strong>, onde o <strong>terno de veludo preto<\/strong> se destacou como a escolha ideal para a solenidade do momento.<\/p>\n\n<h2 class=\"wp-block-heading\">Eleg\u00e2ncia e c\u00f3digos da <strong>moda feminina<\/strong><br>\n<\/h2>\n\n<p>A Primeira-dama jogou a carta da discri\u00e7\u00e3o medida: um veludo profundo, linhas limpas, acess\u00f3rios m\u00ednimos. Seu penteado levemente volumoso e sua maquiagem sutilmente trabalhada refor\u00e7aram a ideia de uma <strong>eleg\u00e2ncia<\/strong> sem ostenta\u00e7\u00e3o. Esta escolha ecoa outras apari\u00e7\u00f5es not\u00e1veis este ano, como seu vestido vermelho durante um jantar de Estado e suas joias Louis Vuitton, amplamente comentadas pela imprensa especializada <a href=\"https:\/\/www.marieclaire.fr\/brigitte-macron-style-looks-mode-evolution,1135900.asp\" rel=\"nofollow\">Marie Claire<\/a>.<\/p>\n\n<h2 class=\"wp-block-heading\">Uma apari\u00e7\u00e3o que confirma um estilo<\/h2>\n\n<p>Esta vinda ao <strong>Eliseu<\/strong> ilustra a capacidade da Primeira-dama de unir protocolo e modernidade. O <strong>terno de veludo preto<\/strong> ressoa como uma resposta contempor\u00e2nea aos c\u00f3digos tradicionais das cerim\u00f4nias oficiais, ressaltando uma silhueta longa e afirmativa. O momento tamb\u00e9m lembra colabora\u00e7\u00f5es de moda anteriores e retornos medi\u00e1ticos constantes sobre suas escolhas de vestu\u00e1rio.<\/p>\n\n<p>Para saber mais sobre a vida p\u00fablica e as apari\u00e7\u00f5es da fam\u00edlia Macron, bem como sobre os la\u00e7os familiares e os bastidores, descubra retratos e an\u00e1lises detalhadas em <a href=\"https:\/\/www.sebastien-auziere.fr\/blog\/brigitte-macron-73-ans\/\" rel=\"nofollow\">o site dedicado<\/a> e prolongue a leitura com outra cr\u00f4nica sobre seu traje no Vaticano <a href=\"https:\/\/www.sebastien-auziere.fr\/blog\/brigitte-macron-vatican-noir\/\" rel=\"nofollow\">aqui<\/a>. Visite <a href=\"https:\/\/www.sebastien-auziere.fr\/blog\/brigitte-macron-73-ans\/\" rel=\"nofollow\">sebastien-auziere.fr<\/a> para descobrir mais sobre <strong>S\u00e9bastien Auzi\u00e8re<\/strong> e a <strong>fam\u00edlia Macron<\/strong>.<\/p>","protected":false},"excerpt":{"rendered":"<p>Brigitte Macron iluminou a entrada do Eliseu em 17 de abril de 2026, escolhendo um terno de veludo preto de uma sobriedade perfeita para uma cerim\u00f4nia excepcional. Desde a entrada, a primeira-dama cativou os olhares com uma jaqueta estruturada e uma cal\u00e7a cigarrete, confirmando um senso de estilo chique \u00e0 francesa. Em resumo: traje s\u00f3brio, &#8230; <a title=\"Brigitte Macron brilha em um terno de veludo preto durante uma cerim\u00f4nia de exce\u00e7\u00e3o no \u00c9lys\u00e9e\" class=\"read-more\" href=\"https:\/\/www.sebastien-auziere.fr\/blog\/pt\/brigitte-macron-brilha-em-um-terno-de-veludo-preto-durante-uma-cerimonia-de-excecao-no-elysee\/\" aria-label=\"En savoir plus sur Brigitte Macron brilha em um terno de veludo preto durante uma cerim\u00f4nia de exce\u00e7\u00e3o no \u00c9lys\u00e9e\">Lire plus<\/a><\/p>\n","protected":false},"author":9,"featured_media":3158,"comment_status":"open","ping_status":"open","sticky":false,"template":"","format":"standard","meta":{"footnotes":""},"categories":[862],"tags":[959,3613,3616,3384,3619],"class_list":["post-3168","post","type-post","status-publish","format-standard","has-post-thumbnail","hentry","category-actualidades-pt","tag-brigitte-macron-pt","tag-cerimonia-de-excecao-pt","tag-costume-de-veludo-pt","tag-elysee-pt","tag-roupa-elegante-pt"],"yoast_head":"<!-- This site is optimized with the Yoast SEO plugin v27.5 - https:\/\/yoast.com\/product\/yoast-seo-wordpress\/ -->\n<title>Brigitte Macron brilha em um terno de veludo preto durante uma cerim\u00f4nia de exce\u00e7\u00e3o no \u00c9lys\u00e9e - Fan site S\u00e9bastien Auzi\u00e8re<\/title>\n<meta name=\"description\" content=\"Brigitte Macron \u00e9blouit en costume de velours noir lors d\u2019une c\u00e9r\u00e9monie d\u2019exception \u00e0 l\u2019\u00c9lys\u00e9e, alliant \u00e9l\u00e9gance et raffinement.\" \/>\n<meta name=\"robots\" content=\"index, follow, max-snippet:-1, max-image-preview:large, max-video-preview:-1\" \/>\n<link rel=\"canonical\" href=\"https:\/\/www.sebastien-auziere.fr\/blog\/pt\/brigitte-macron-brilha-em-um-terno-de-veludo-preto-durante-uma-cerimonia-de-excecao-no-elysee\/\" \/>\n<meta property=\"og:locale\" content=\"fr_FR\" \/>\n<meta property=\"og:type\" content=\"article\" \/>\n<meta property=\"og:title\" content=\"Brigitte Macron brilha em um terno de veludo preto durante uma cerim\u00f4nia de exce\u00e7\u00e3o no \u00c9lys\u00e9e - Fan site S\u00e9bastien Auzi\u00e8re\" \/>\n<meta property=\"og:description\" content=\"Brigitte Macron \u00e9blouit en costume de velours noir lors d\u2019une c\u00e9r\u00e9monie d\u2019exception \u00e0 l\u2019\u00c9lys\u00e9e, alliant \u00e9l\u00e9gance et raffinement.\" \/>\n<meta property=\"og:url\" content=\"https:\/\/www.sebastien-auziere.fr\/blog\/pt\/brigitte-macron-brilha-em-um-terno-de-veludo-preto-durante-uma-cerimonia-de-excecao-no-elysee\/\" \/>\n<meta property=\"og:site_name\" content=\"Fan site S\u00e9bastien Auzi\u00e8re\" \/>\n<meta property=\"article:published_time\" content=\"2026-04-19T19:16:45+00:00\" \/>\n<meta property=\"article:modified_time\" content=\"2026-04-19T19:17:12+00:00\" \/>\n<meta property=\"og:image\" content=\"https:\/\/www.sebastien-auziere.fr\/blog\/wp-content\/uploads\/2026\/04\/Brigitte-Macron-eblouit-en-costume-de-velours-noir-lors-dune-ceremonie-dexception-a-lElysee.jpg\" \/>\n\t<meta property=\"og:image:width\" content=\"2560\" \/>\n\t<meta property=\"og:image:height\" content=\"1429\" \/>\n\t<meta property=\"og:image:type\" content=\"image\/jpeg\" \/>\n<meta name=\"author\" content=\"Chloe Gauthier\" \/>\n<meta name=\"twitter:card\" content=\"summary_large_image\" \/>\n<meta name=\"twitter:label1\" content=\"\u00c9crit par\" \/>\n\t<meta name=\"twitter:data1\" content=\"Chloe Gauthier\" \/>\n\t<meta name=\"twitter:label2\" content=\"Dur\u00e9e de lecture estim\u00e9e\" \/>\n\t<meta name=\"twitter:data2\" content=\"2 minutes\" \/>\n<script type=\"application\/ld+json\" class=\"yoast-schema-graph\">{\"@context\":\"https:\\\/\\\/schema.org\",\"@graph\":[{\"@type\":\"Article\",\"@id\":\"https:\\\/\\\/www.sebastien-auziere.fr\\\/blog\\\/pt\\\/brigitte-macron-brilha-em-um-terno-de-veludo-preto-durante-uma-cerimonia-de-excecao-no-elysee\\\/#article\",\"isPartOf\":{\"@id\":\"https:\\\/\\\/www.sebastien-auziere.fr\\\/blog\\\/pt\\\/brigitte-macron-brilha-em-um-terno-de-veludo-preto-durante-uma-cerimonia-de-excecao-no-elysee\\\/\"},\"author\":{\"name\":\"Chloe Gauthier\",\"@id\":\"https:\\\/\\\/www.sebastien-auziere.fr\\\/blog\\\/#\\\/schema\\\/person\\\/149f1acdbfd85149c6c3e59adeae2f4d\"},\"headline\":\"Brigitte Macron brilha em um terno de veludo preto durante uma cerim\u00f4nia de exce\u00e7\u00e3o no \u00c9lys\u00e9e\",\"datePublished\":\"2026-04-19T19:16:45+00:00\",\"dateModified\":\"2026-04-19T19:17:12+00:00\",\"mainEntityOfPage\":{\"@id\":\"https:\\\/\\\/www.sebastien-auziere.fr\\\/blog\\\/pt\\\/brigitte-macron-brilha-em-um-terno-de-veludo-preto-durante-uma-cerimonia-de-excecao-no-elysee\\\/\"},\"wordCount\":479,\"commentCount\":0,\"publisher\":{\"@id\":\"https:\\\/\\\/www.sebastien-auziere.fr\\\/blog\\\/#organization\"},\"image\":{\"@id\":\"https:\\\/\\\/www.sebastien-auziere.fr\\\/blog\\\/pt\\\/brigitte-macron-brilha-em-um-terno-de-veludo-preto-durante-uma-cerimonia-de-excecao-no-elysee\\\/#primaryimage\"},\"thumbnailUrl\":\"https:\\\/\\\/www.sebastien-auziere.fr\\\/blog\\\/wp-content\\\/uploads\\\/2026\\\/04\\\/Brigitte-Macron-eblouit-en-costume-de-velours-noir-lors-dune-ceremonie-dexception-a-lElysee.jpg\",\"keywords\":[\"brigitte macron\",\"cerim\u00f4nia de exce\u00e7\u00e3o\",\"costume de veludo\",\"\u00e9lys\u00e9e\",\"roupa elegante\"],\"articleSection\":[\"Actualidades\"],\"inLanguage\":\"fr-FR\",\"potentialAction\":[{\"@type\":\"CommentAction\",\"name\":\"Comment\",\"target\":[\"https:\\\/\\\/www.sebastien-auziere.fr\\\/blog\\\/pt\\\/brigitte-macron-brilha-em-um-terno-de-veludo-preto-durante-uma-cerimonia-de-excecao-no-elysee\\\/#respond\"]}]},{\"@type\":\"WebPage\",\"@id\":\"https:\\\/\\\/www.sebastien-auziere.fr\\\/blog\\\/pt\\\/brigitte-macron-brilha-em-um-terno-de-veludo-preto-durante-uma-cerimonia-de-excecao-no-elysee\\\/\",\"url\":\"https:\\\/\\\/www.sebastien-auziere.fr\\\/blog\\\/pt\\\/brigitte-macron-brilha-em-um-terno-de-veludo-preto-durante-uma-cerimonia-de-excecao-no-elysee\\\/\",\"name\":\"Brigitte Macron brilha em um terno de veludo preto durante uma cerim\u00f4nia de exce\u00e7\u00e3o no \u00c9lys\u00e9e - Fan site S\u00e9bastien Auzi\u00e8re\",\"isPartOf\":{\"@id\":\"https:\\\/\\\/www.sebastien-auziere.fr\\\/blog\\\/#website\"},\"primaryImageOfPage\":{\"@id\":\"https:\\\/\\\/www.sebastien-auziere.fr\\\/blog\\\/pt\\\/brigitte-macron-brilha-em-um-terno-de-veludo-preto-durante-uma-cerimonia-de-excecao-no-elysee\\\/#primaryimage\"},\"image\":{\"@id\":\"https:\\\/\\\/www.sebastien-auziere.fr\\\/blog\\\/pt\\\/brigitte-macron-brilha-em-um-terno-de-veludo-preto-durante-uma-cerimonia-de-excecao-no-elysee\\\/#primaryimage\"},\"thumbnailUrl\":\"https:\\\/\\\/www.sebastien-auziere.fr\\\/blog\\\/wp-content\\\/uploads\\\/2026\\\/04\\\/Brigitte-Macron-eblouit-en-costume-de-velours-noir-lors-dune-ceremonie-dexception-a-lElysee.jpg\",\"datePublished\":\"2026-04-19T19:16:45+00:00\",\"dateModified\":\"2026-04-19T19:17:12+00:00\",\"description\":\"Brigitte Macron \u00e9blouit en costume de velours noir lors d\u2019une c\u00e9r\u00e9monie d\u2019exception \u00e0 l\u2019\u00c9lys\u00e9e, alliant \u00e9l\u00e9gance et raffinement.\",\"breadcrumb\":{\"@id\":\"https:\\\/\\\/www.sebastien-auziere.fr\\\/blog\\\/pt\\\/brigitte-macron-brilha-em-um-terno-de-veludo-preto-durante-uma-cerimonia-de-excecao-no-elysee\\\/#breadcrumb\"},\"inLanguage\":\"fr-FR\",\"potentialAction\":[{\"@type\":\"ReadAction\",\"target\":[\"https:\\\/\\\/www.sebastien-auziere.fr\\\/blog\\\/pt\\\/brigitte-macron-brilha-em-um-terno-de-veludo-preto-durante-uma-cerimonia-de-excecao-no-elysee\\\/\"]}]},{\"@type\":\"ImageObject\",\"inLanguage\":\"fr-FR\",\"@id\":\"https:\\\/\\\/www.sebastien-auziere.fr\\\/blog\\\/pt\\\/brigitte-macron-brilha-em-um-terno-de-veludo-preto-durante-uma-cerimonia-de-excecao-no-elysee\\\/#primaryimage\",\"url\":\"https:\\\/\\\/www.sebastien-auziere.fr\\\/blog\\\/wp-content\\\/uploads\\\/2026\\\/04\\\/Brigitte-Macron-eblouit-en-costume-de-velours-noir-lors-dune-ceremonie-dexception-a-lElysee.jpg\",\"contentUrl\":\"https:\\\/\\\/www.sebastien-auziere.fr\\\/blog\\\/wp-content\\\/uploads\\\/2026\\\/04\\\/Brigitte-Macron-eblouit-en-costume-de-velours-noir-lors-dune-ceremonie-dexception-a-lElysee.jpg\",\"width\":2560,\"height\":1429,\"caption\":\"d\u00e9couvrez brigitte macron rayonnante en costume de velours noir lors d'une c\u00e9r\u00e9monie exceptionnelle \u00e0 l\u2019\u00e9lys\u00e9e, alliant \u00e9l\u00e9gance et raffinement.\"},{\"@type\":\"BreadcrumbList\",\"@id\":\"https:\\\/\\\/www.sebastien-auziere.fr\\\/blog\\\/pt\\\/brigitte-macron-brilha-em-um-terno-de-veludo-preto-durante-uma-cerimonia-de-excecao-no-elysee\\\/#breadcrumb\",\"itemListElement\":[{\"@type\":\"ListItem\",\"position\":1,\"name\":\"Home\",\"item\":\"https:\\\/\\\/www.sebastien-auziere.fr\\\/blog\\\/\"},{\"@type\":\"ListItem\",\"position\":2,\"name\":\"Brigitte Macron brilha em um terno de veludo preto durante uma cerim\u00f4nia de exce\u00e7\u00e3o no \u00c9lys\u00e9e\"}]},{\"@type\":\"WebSite\",\"@id\":\"https:\\\/\\\/www.sebastien-auziere.fr\\\/blog\\\/#website\",\"url\":\"https:\\\/\\\/www.sebastien-auziere.fr\\\/blog\\\/\",\"name\":\"Fan site S\u00e9bastien Auzi\u00e8re\",\"description\":\"M\u00e9dia g\u00e9n\u00e9raliste\",\"publisher\":{\"@id\":\"https:\\\/\\\/www.sebastien-auziere.fr\\\/blog\\\/#organization\"},\"potentialAction\":[{\"@type\":\"SearchAction\",\"target\":{\"@type\":\"EntryPoint\",\"urlTemplate\":\"https:\\\/\\\/www.sebastien-auziere.fr\\\/blog\\\/?s={search_term_string}\"},\"query-input\":{\"@type\":\"PropertyValueSpecification\",\"valueRequired\":true,\"valueName\":\"search_term_string\"}}],\"inLanguage\":\"fr-FR\"},{\"@type\":\"Organization\",\"@id\":\"https:\\\/\\\/www.sebastien-auziere.fr\\\/blog\\\/#organization\",\"name\":\"Fan site S\u00e9bastien Auzi\u00e8re\",\"url\":\"https:\\\/\\\/www.sebastien-auziere.fr\\\/blog\\\/\",\"logo\":{\"@type\":\"ImageObject\",\"inLanguage\":\"fr-FR\",\"@id\":\"https:\\\/\\\/www.sebastien-auziere.fr\\\/blog\\\/#\\\/schema\\\/logo\\\/image\\\/\",\"url\":\"https:\\\/\\\/www.sebastien-auziere.fr\\\/blog\\\/wp-content\\\/uploads\\\/2026\\\/03\\\/cropped-cropped-cropped-ChatGPT-Image-6-mars-2026-12_58_09-e1772798376794.jpg\",\"contentUrl\":\"https:\\\/\\\/www.sebastien-auziere.fr\\\/blog\\\/wp-content\\\/uploads\\\/2026\\\/03\\\/cropped-cropped-cropped-ChatGPT-Image-6-mars-2026-12_58_09-e1772798376794.jpg\",\"width\":512,\"height\":360,\"caption\":\"Fan site S\u00e9bastien Auzi\u00e8re\"},\"image\":{\"@id\":\"https:\\\/\\\/www.sebastien-auziere.fr\\\/blog\\\/#\\\/schema\\\/logo\\\/image\\\/\"}},{\"@type\":\"Person\",\"@id\":\"https:\\\/\\\/www.sebastien-auziere.fr\\\/blog\\\/#\\\/schema\\\/person\\\/149f1acdbfd85149c6c3e59adeae2f4d\",\"name\":\"Chloe Gauthier\",\"image\":{\"@type\":\"ImageObject\",\"inLanguage\":\"fr-FR\",\"@id\":\"https:\\\/\\\/secure.gravatar.com\\\/avatar\\\/2c5722f58171cff738a8985ef0dd66b476e563753246a49019befc837ec4201a?s=96&d=mm&r=g\",\"url\":\"https:\\\/\\\/secure.gravatar.com\\\/avatar\\\/2c5722f58171cff738a8985ef0dd66b476e563753246a49019befc837ec4201a?s=96&d=mm&r=g\",\"contentUrl\":\"https:\\\/\\\/secure.gravatar.com\\\/avatar\\\/2c5722f58171cff738a8985ef0dd66b476e563753246a49019befc837ec4201a?s=96&d=mm&r=g\",\"caption\":\"Chloe Gauthier\"},\"description\":\"Passionn\u00e9e par la politique et admiratrice engag\u00e9e de la famille Macron, je consacre mon \u00e9nergie \u00e0 suivre leurs initiatives et \u00e0 promouvoir leurs id\u00e9es. \u00c0 32 ans, je suis convaincue que leur vision est porteuse d'avenir.\",\"url\":\"https:\\\/\\\/www.sebastien-auziere.fr\\\/blog\\\/author\\\/chloe-gauthier\\\/\"}]}<\/script>\n<!-- \/ Yoast SEO plugin. -->","yoast_head_json":{"title":"Brigitte Macron brilha em um terno de veludo preto durante uma cerim\u00f4nia de exce\u00e7\u00e3o no \u00c9lys\u00e9e - Fan site S\u00e9bastien Auzi\u00e8re","description":"Brigitte Macron \u00e9blouit en costume de velours noir lors d\u2019une c\u00e9r\u00e9monie d\u2019exception \u00e0 l\u2019\u00c9lys\u00e9e, alliant \u00e9l\u00e9gance et raffinement.","robots":{"index":"index","follow":"follow","max-snippet":"max-snippet:-1","max-image-preview":"max-image-preview:large","max-video-preview":"max-video-preview:-1"},"canonical":"https:\/\/www.sebastien-auziere.fr\/blog\/pt\/brigitte-macron-brilha-em-um-terno-de-veludo-preto-durante-uma-cerimonia-de-excecao-no-elysee\/","og_locale":"fr_FR","og_type":"article","og_title":"Brigitte Macron brilha em um terno de veludo preto durante uma cerim\u00f4nia de exce\u00e7\u00e3o no \u00c9lys\u00e9e - Fan site S\u00e9bastien Auzi\u00e8re","og_description":"Brigitte Macron \u00e9blouit en costume de velours noir lors d\u2019une c\u00e9r\u00e9monie d\u2019exception \u00e0 l\u2019\u00c9lys\u00e9e, alliant \u00e9l\u00e9gance et raffinement.","og_url":"https:\/\/www.sebastien-auziere.fr\/blog\/pt\/brigitte-macron-brilha-em-um-terno-de-veludo-preto-durante-uma-cerimonia-de-excecao-no-elysee\/","og_site_name":"Fan site S\u00e9bastien Auzi\u00e8re","article_published_time":"2026-04-19T19:16:45+00:00","article_modified_time":"2026-04-19T19:17:12+00:00","og_image":[{"width":2560,"height":1429,"url":"https:\/\/www.sebastien-auziere.fr\/blog\/wp-content\/uploads\/2026\/04\/Brigitte-Macron-eblouit-en-costume-de-velours-noir-lors-dune-ceremonie-dexception-a-lElysee.jpg","type":"image\/jpeg"}],"author":"Chloe Gauthier","twitter_card":"summary_large_image","twitter_misc":{"\u00c9crit par":"Chloe Gauthier","Dur\u00e9e de lecture estim\u00e9e":"2 minutes"},"schema":{"@context":"https:\/\/schema.org","@graph":[{"@type":"Article","@id":"https:\/\/www.sebastien-auziere.fr\/blog\/pt\/brigitte-macron-brilha-em-um-terno-de-veludo-preto-durante-uma-cerimonia-de-excecao-no-elysee\/#article","isPartOf":{"@id":"https:\/\/www.sebastien-auziere.fr\/blog\/pt\/brigitte-macron-brilha-em-um-terno-de-veludo-preto-durante-uma-cerimonia-de-excecao-no-elysee\/"},"author":{"name":"Chloe Gauthier","@id":"https:\/\/www.sebastien-auziere.fr\/blog\/#\/schema\/person\/149f1acdbfd85149c6c3e59adeae2f4d"},"headline":"Brigitte Macron brilha em um terno de veludo preto durante uma cerim\u00f4nia de exce\u00e7\u00e3o no \u00c9lys\u00e9e","datePublished":"2026-04-19T19:16:45+00:00","dateModified":"2026-04-19T19:17:12+00:00","mainEntityOfPage":{"@id":"https:\/\/www.sebastien-auziere.fr\/blog\/pt\/brigitte-macron-brilha-em-um-terno-de-veludo-preto-durante-uma-cerimonia-de-excecao-no-elysee\/"},"wordCount":479,"commentCount":0,"publisher":{"@id":"https:\/\/www.sebastien-auziere.fr\/blog\/#organization"},"image":{"@id":"https:\/\/www.sebastien-auziere.fr\/blog\/pt\/brigitte-macron-brilha-em-um-terno-de-veludo-preto-durante-uma-cerimonia-de-excecao-no-elysee\/#primaryimage"},"thumbnailUrl":"https:\/\/www.sebastien-auziere.fr\/blog\/wp-content\/uploads\/2026\/04\/Brigitte-Macron-eblouit-en-costume-de-velours-noir-lors-dune-ceremonie-dexception-a-lElysee.jpg","keywords":["brigitte macron","cerim\u00f4nia de exce\u00e7\u00e3o","costume de veludo","\u00e9lys\u00e9e","roupa elegante"],"articleSection":["Actualidades"],"inLanguage":"fr-FR","potentialAction":[{"@type":"CommentAction","name":"Comment","target":["https:\/\/www.sebastien-auziere.fr\/blog\/pt\/brigitte-macron-brilha-em-um-terno-de-veludo-preto-durante-uma-cerimonia-de-excecao-no-elysee\/#respond"]}]},{"@type":"WebPage","@id":"https:\/\/www.sebastien-auziere.fr\/blog\/pt\/brigitte-macron-brilha-em-um-terno-de-veludo-preto-durante-uma-cerimonia-de-excecao-no-elysee\/","url":"https:\/\/www.sebastien-auziere.fr\/blog\/pt\/brigitte-macron-brilha-em-um-terno-de-veludo-preto-durante-uma-cerimonia-de-excecao-no-elysee\/","name":"Brigitte Macron brilha em um terno de veludo preto durante uma cerim\u00f4nia de exce\u00e7\u00e3o no \u00c9lys\u00e9e - Fan site S\u00e9bastien Auzi\u00e8re","isPartOf":{"@id":"https:\/\/www.sebastien-auziere.fr\/blog\/#website"},"primaryImageOfPage":{"@id":"https:\/\/www.sebastien-auziere.fr\/blog\/pt\/brigitte-macron-brilha-em-um-terno-de-veludo-preto-durante-uma-cerimonia-de-excecao-no-elysee\/#primaryimage"},"image":{"@id":"https:\/\/www.sebastien-auziere.fr\/blog\/pt\/brigitte-macron-brilha-em-um-terno-de-veludo-preto-durante-uma-cerimonia-de-excecao-no-elysee\/#primaryimage"},"thumbnailUrl":"https:\/\/www.sebastien-auziere.fr\/blog\/wp-content\/uploads\/2026\/04\/Brigitte-Macron-eblouit-en-costume-de-velours-noir-lors-dune-ceremonie-dexception-a-lElysee.jpg","datePublished":"2026-04-19T19:16:45+00:00","dateModified":"2026-04-19T19:17:12+00:00","description":"Brigitte Macron \u00e9blouit en costume de velours noir lors d\u2019une c\u00e9r\u00e9monie d\u2019exception \u00e0 l\u2019\u00c9lys\u00e9e, alliant \u00e9l\u00e9gance et raffinement.","breadcrumb":{"@id":"https:\/\/www.sebastien-auziere.fr\/blog\/pt\/brigitte-macron-brilha-em-um-terno-de-veludo-preto-durante-uma-cerimonia-de-excecao-no-elysee\/#breadcrumb"},"inLanguage":"fr-FR","potentialAction":[{"@type":"ReadAction","target":["https:\/\/www.sebastien-auziere.fr\/blog\/pt\/brigitte-macron-brilha-em-um-terno-de-veludo-preto-durante-uma-cerimonia-de-excecao-no-elysee\/"]}]},{"@type":"ImageObject","inLanguage":"fr-FR","@id":"https:\/\/www.sebastien-auziere.fr\/blog\/pt\/brigitte-macron-brilha-em-um-terno-de-veludo-preto-durante-uma-cerimonia-de-excecao-no-elysee\/#primaryimage","url":"https:\/\/www.sebastien-auziere.fr\/blog\/wp-content\/uploads\/2026\/04\/Brigitte-Macron-eblouit-en-costume-de-velours-noir-lors-dune-ceremonie-dexception-a-lElysee.jpg","contentUrl":"https:\/\/www.sebastien-auziere.fr\/blog\/wp-content\/uploads\/2026\/04\/Brigitte-Macron-eblouit-en-costume-de-velours-noir-lors-dune-ceremonie-dexception-a-lElysee.jpg","width":2560,"height":1429,"caption":"d\u00e9couvrez brigitte macron rayonnante en costume de velours noir lors d'une c\u00e9r\u00e9monie exceptionnelle \u00e0 l\u2019\u00e9lys\u00e9e, alliant \u00e9l\u00e9gance et raffinement."},{"@type":"BreadcrumbList","@id":"https:\/\/www.sebastien-auziere.fr\/blog\/pt\/brigitte-macron-brilha-em-um-terno-de-veludo-preto-durante-uma-cerimonia-de-excecao-no-elysee\/#breadcrumb","itemListElement":[{"@type":"ListItem","position":1,"name":"Home","item":"https:\/\/www.sebastien-auziere.fr\/blog\/"},{"@type":"ListItem","position":2,"name":"Brigitte Macron brilha em um terno de veludo preto durante uma cerim\u00f4nia de exce\u00e7\u00e3o no \u00c9lys\u00e9e"}]},{"@type":"WebSite","@id":"https:\/\/www.sebastien-auziere.fr\/blog\/#website","url":"https:\/\/www.sebastien-auziere.fr\/blog\/","name":"Fan site S\u00e9bastien Auzi\u00e8re","description":"M\u00e9dia g\u00e9n\u00e9raliste","publisher":{"@id":"https:\/\/www.sebastien-auziere.fr\/blog\/#organization"},"potentialAction":[{"@type":"SearchAction","target":{"@type":"EntryPoint","urlTemplate":"https:\/\/www.sebastien-auziere.fr\/blog\/?s={search_term_string}"},"query-input":{"@type":"PropertyValueSpecification","valueRequired":true,"valueName":"search_term_string"}}],"inLanguage":"fr-FR"},{"@type":"Organization","@id":"https:\/\/www.sebastien-auziere.fr\/blog\/#organization","name":"Fan site S\u00e9bastien Auzi\u00e8re","url":"https:\/\/www.sebastien-auziere.fr\/blog\/","logo":{"@type":"ImageObject","inLanguage":"fr-FR","@id":"https:\/\/www.sebastien-auziere.fr\/blog\/#\/schema\/logo\/image\/","url":"https:\/\/www.sebastien-auziere.fr\/blog\/wp-content\/uploads\/2026\/03\/cropped-cropped-cropped-ChatGPT-Image-6-mars-2026-12_58_09-e1772798376794.jpg","contentUrl":"https:\/\/www.sebastien-auziere.fr\/blog\/wp-content\/uploads\/2026\/03\/cropped-cropped-cropped-ChatGPT-Image-6-mars-2026-12_58_09-e1772798376794.jpg","width":512,"height":360,"caption":"Fan site S\u00e9bastien Auzi\u00e8re"},"image":{"@id":"https:\/\/www.sebastien-auziere.fr\/blog\/#\/schema\/logo\/image\/"}},{"@type":"Person","@id":"https:\/\/www.sebastien-auziere.fr\/blog\/#\/schema\/person\/149f1acdbfd85149c6c3e59adeae2f4d","name":"Chloe Gauthier","image":{"@type":"ImageObject","inLanguage":"fr-FR","@id":"https:\/\/secure.gravatar.com\/avatar\/2c5722f58171cff738a8985ef0dd66b476e563753246a49019befc837ec4201a?s=96&d=mm&r=g","url":"https:\/\/secure.gravatar.com\/avatar\/2c5722f58171cff738a8985ef0dd66b476e563753246a49019befc837ec4201a?s=96&d=mm&r=g","contentUrl":"https:\/\/secure.gravatar.com\/avatar\/2c5722f58171cff738a8985ef0dd66b476e563753246a49019befc837ec4201a?s=96&d=mm&r=g","caption":"Chloe Gauthier"},"description":"Passionn\u00e9e par la politique et admiratrice engag\u00e9e de la famille Macron, je consacre mon \u00e9nergie \u00e0 suivre leurs initiatives et \u00e0 promouvoir leurs id\u00e9es. \u00c0 32 ans, je suis convaincue que leur vision est porteuse d'avenir.","url":"https:\/\/www.sebastien-auziere.fr\/blog\/author\/chloe-gauthier\/"}]}},"views":1,"_links":{"self":[{"href":"https:\/\/www.sebastien-auziere.fr\/blog\/wp-json\/wp\/v2\/posts\/3168","targetHints":{"allow":["GET"]}}],"collection":[{"href":"https:\/\/www.sebastien-auziere.fr\/blog\/wp-json\/wp\/v2\/posts"}],"about":[{"href":"https:\/\/www.sebastien-auziere.fr\/blog\/wp-json\/wp\/v2\/types\/post"}],"author":[{"embeddable":true,"href":"https:\/\/www.sebastien-auziere.fr\/blog\/wp-json\/wp\/v2\/users\/9"}],"replies":[{"embeddable":true,"href":"https:\/\/www.sebastien-auziere.fr\/blog\/wp-json\/wp\/v2\/comments?post=3168"}],"version-history":[{"count":1,"href":"https:\/\/www.sebastien-auziere.fr\/blog\/wp-json\/wp\/v2\/posts\/3168\/revisions"}],"predecessor-version":[{"id":3169,"href":"https:\/\/www.sebastien-auziere.fr\/blog\/wp-json\/wp\/v2\/posts\/3168\/revisions\/3169"}],"wp:featuredmedia":[{"embeddable":true,"href":"https:\/\/www.sebastien-auziere.fr\/blog\/wp-json\/wp\/v2\/media\/3158"}],"wp:attachment":[{"href":"https:\/\/www.sebastien-auziere.fr\/blog\/wp-json\/wp\/v2\/media?parent=3168"}],"wp:term":[{"taxonomy":"category","embeddable":true,"href":"https:\/\/www.sebastien-auziere.fr\/blog\/wp-json\/wp\/v2\/categories?post=3168"},{"taxonomy":"post_tag","embeddable":true,"href":"https:\/\/www.sebastien-auziere.fr\/blog\/wp-json\/wp\/v2\/tags?post=3168"}],"curies":[{"name":"wp","href":"https:\/\/api.w.org\/{rel}","templated":true}]}}