{"id":3166,"date":"2026-04-19T19:15:42","date_gmt":"2026-04-19T19:15:42","guid":{"rendered":"https:\/\/www.sebastien-auziere.fr\/blog\/?p=3166"},"modified":"2026-04-19T19:16:10","modified_gmt":"2026-04-19T19:16:10","slug":"brigitte-macron-brilla-in-un-completo-di-velluto-nero-durante-una-cerimonia-eccezionale-allelysee","status":"publish","type":"post","link":"https:\/\/www.sebastien-auziere.fr\/blog\/it\/brigitte-macron-brilla-in-un-completo-di-velluto-nero-durante-una-cerimonia-eccezionale-allelysee\/","title":{"rendered":"Brigitte Macron brilla in un completo di velluto nero durante una cerimonia eccezionale all&rsquo;\u00c9lys\u00e9e"},"content":{"rendered":"<p><strong>Brigitte Macron<\/strong> ha illuminato il portico dell&rsquo;<strong>\u00c9lys\u00e9e<\/strong> il <strong>17 aprile 2026<\/strong>, scegliendo un <strong>completo di velluto nero<\/strong> di sobria perfezione per una <strong>cerimonia eccezionale<\/strong>. Sin dall&rsquo;ingresso, la <strong>prima donna<\/strong> ha catturato gli sguardi con una giacca strutturata e un pantalone a sigaretta, confermando un senso di <strong>stile chic<\/strong> alla francese.<\/p>\n\n<p><strong>In breve:<\/strong> abbigliamento sobrio ma raffinato, ospiti prestigiosi presenti per la consegna dell&rsquo;<strong>ordine nazionale del Merito<\/strong>, e una foto condivisa da <strong>Bruno Le Maire<\/strong> il 18 aprile che ha fatto il giro dei social.<\/p>\n\n<h2 class=\"wp-block-heading\">Un look studiato per un <strong>evento ufficiale<\/strong> all\u2019\u00c9lys\u00e9e<\/h2>\n\n<p>Durante la cerimonia in cui Emmanuel Macron ha decorato personalit\u00e0 come <strong>Jean-Pierre Papin<\/strong> e il compositore <strong>Philippe Sarde<\/strong>, la <strong>prima donna<\/strong> ha optato per un <strong>outfit sofisticato<\/strong> in velluto. Il taglio impeccabilmente aderente ha messo in risalto una silhouette classica e contemporanea, accentuata da d\u00e9collet\u00e9 nere e un trucco naturale. Questa apparizione conferma la sua influenza sulla <strong>moda femminile<\/strong> istituzionale. Per un ritorno in immagini, vedi il portfolio di <a href=\"https:\/\/www.gala.fr\/mode\/les_stars_et_la_mode\/brigitte-macron-tres-chic-en-costume-de-velours-noir-pour-une-prestigieuse-ceremonie-a-l-elysee-20260419\" rel=\"nofollow\">Gala<\/a>.<\/p>\n\n<h3 class=\"wp-block-heading\">Gli ospiti e l&rsquo;atmosfera della serata<\/h3>\n\n<p>La lista degli invitati comprendeva figure del cinema e dello sport come <strong>Muriel Robin<\/strong>, <strong>Fanny Ardant<\/strong>, <strong>Fran\u00e7ois Berl\u00e9and<\/strong>, oltre a personalit\u00e0 politiche come <strong>Bruno Le Maire<\/strong>. Il direttore del Mont-Saint-Michel, <strong>Thomas Velter<\/strong>, era tra i decorati. Una foto pubblicata il 18 aprile da <strong>Bruno Le Maire<\/strong> su Instagram ha messo in luce l&rsquo;allestimento sobrio e protocollare dell&rsquo;<strong>\u00c9lys\u00e9e<\/strong>, dove il <strong>completo di velluto nero<\/strong> si \u00e8 imposto come scelta ideale per la solennit\u00e0 del momento.<\/p>\n\n<h2 class=\"wp-block-heading\">Eleganza e codici della <strong>moda femminile<\/strong><br>\n<\/h2>\n\n<p>La Prima donna ha giocato la carta della discrezione misurata: un velluto profondo, linee nette, accessori minimi. La sua acconciatura leggermente voluminosa e il trucco sottilmente curato hanno rafforzato l&rsquo;idea di un&rsquo;<strong>eleganza<\/strong> senza ostentazione. Questa scelta riecheggia altre apparizioni notevoli di quest&rsquo;anno, come il suo vestito rosso durante una cena di Stato e i suoi gioielli Louis Vuitton, ampiamente commentati dalla stampa specializzata <a href=\"https:\/\/www.marieclaire.fr\/brigitte-macron-style-looks-mode-evolution,1135900.asp\" rel=\"nofollow\">Marie Claire<\/a>.<\/p>\n\n<h2 class=\"wp-block-heading\">Un&rsquo;apparizione che conferma uno stile<\/h2>\n\n<p>Questa visita all&rsquo;<strong>\u00c9lys\u00e9e<\/strong> illustra la capacit\u00e0 della Prima donna di coniugare protocollo e modernit\u00e0. Il <strong>completo di velluto nero<\/strong> risuona come una risposta contemporanea ai codici tradizionali delle cerimonie ufficiali, sottolineando una silhouette longilinea e assertiva. Il momento ricorda anche collaborazioni precedenti nel campo della moda e il costante ritorno mediatico sui suoi scelte di abbigliamento.<\/p>\n\n<p>Per saperne di pi\u00f9 sulla vita pubblica e sulle apparizioni della famiglia Macron, cos\u00ec come sui legami familiari e le dietro le quinte, scopri ritratti e analisi dettagliate su <a href=\"https:\/\/www.sebastien-auziere.fr\/blog\/brigitte-macron-73-ans\/\" rel=\"nofollow\">il sito dedicato<\/a> e prosegui la lettura con un&rsquo;altra cronaca sul suo abbigliamento in Vaticano <a href=\"https:\/\/www.sebastien-auziere.fr\/blog\/brigitte-macron-vatican-noir\/\" rel=\"nofollow\">qui<\/a>. Visita <a href=\"https:\/\/www.sebastien-auziere.fr\/blog\/brigitte-macron-73-ans\/\" rel=\"nofollow\">sebastien-auziere.fr<\/a> per scoprire di pi\u00f9 su <strong>S\u00e9bastien Auzi\u00e8re<\/strong> e la <strong>famiglia Macron<\/strong>.<\/p>","protected":false},"excerpt":{"rendered":"<p>Brigitte Macron ha illuminato il portico dell&rsquo;\u00c9lys\u00e9e il 17 aprile 2026, scegliendo un completo di velluto nero di sobria perfezione per una cerimonia eccezionale. Sin dall&rsquo;ingresso, la prima donna ha catturato gli sguardi con una giacca strutturata e un pantalone a sigaretta, confermando un senso di stile chic alla francese. In breve: abbigliamento sobrio ma &#8230; <a title=\"Brigitte Macron brilla in un completo di velluto nero durante una cerimonia eccezionale all&rsquo;\u00c9lys\u00e9e\" class=\"read-more\" href=\"https:\/\/www.sebastien-auziere.fr\/blog\/it\/brigitte-macron-brilla-in-un-completo-di-velluto-nero-durante-una-cerimonia-eccezionale-allelysee\/\" aria-label=\"En savoir plus sur Brigitte Macron brilla in un completo di velluto nero durante una cerimonia eccezionale all&rsquo;\u00c9lys\u00e9e\">Lire plus<\/a><\/p>\n","protected":false},"author":9,"featured_media":3158,"comment_status":"open","ping_status":"open","sticky":false,"template":"","format":"standard","meta":{"footnotes":""},"categories":[859],"tags":[944,3604,3607,3372,3610],"class_list":["post-3166","post","type-post","status-publish","format-standard","has-post-thumbnail","hentry","category-actualita-it","tag-brigitte-macron-it","tag-cerimonia-deccezione-it","tag-costume-di-velluto-it","tag-elysee-it","tag-tenuta-elegante-it"],"yoast_head":"<!-- This site is optimized with the Yoast SEO plugin v27.5 - https:\/\/yoast.com\/product\/yoast-seo-wordpress\/ -->\n<title>Brigitte Macron brilla in un completo di velluto nero durante una cerimonia eccezionale all&#039;\u00c9lys\u00e9e - Fan site S\u00e9bastien Auzi\u00e8re<\/title>\n<meta name=\"description\" content=\"Brigitte Macron \u00e9blouit en costume de velours noir lors d\u2019une c\u00e9r\u00e9monie d\u2019exception \u00e0 l\u2019\u00c9lys\u00e9e, alliant \u00e9l\u00e9gance et raffinement.\" \/>\n<meta name=\"robots\" content=\"index, follow, max-snippet:-1, max-image-preview:large, max-video-preview:-1\" \/>\n<link rel=\"canonical\" href=\"https:\/\/www.sebastien-auziere.fr\/blog\/it\/brigitte-macron-brilla-in-un-completo-di-velluto-nero-durante-una-cerimonia-eccezionale-allelysee\/\" \/>\n<meta property=\"og:locale\" content=\"fr_FR\" \/>\n<meta property=\"og:type\" content=\"article\" \/>\n<meta property=\"og:title\" content=\"Brigitte Macron brilla in un completo di velluto nero durante una cerimonia eccezionale all&#039;\u00c9lys\u00e9e - Fan site S\u00e9bastien Auzi\u00e8re\" \/>\n<meta property=\"og:description\" content=\"Brigitte Macron \u00e9blouit en costume de velours noir lors d\u2019une c\u00e9r\u00e9monie d\u2019exception \u00e0 l\u2019\u00c9lys\u00e9e, alliant \u00e9l\u00e9gance et raffinement.\" \/>\n<meta property=\"og:url\" content=\"https:\/\/www.sebastien-auziere.fr\/blog\/it\/brigitte-macron-brilla-in-un-completo-di-velluto-nero-durante-una-cerimonia-eccezionale-allelysee\/\" \/>\n<meta property=\"og:site_name\" content=\"Fan site S\u00e9bastien Auzi\u00e8re\" \/>\n<meta property=\"article:published_time\" content=\"2026-04-19T19:15:42+00:00\" \/>\n<meta property=\"article:modified_time\" content=\"2026-04-19T19:16:10+00:00\" \/>\n<meta property=\"og:image\" content=\"https:\/\/www.sebastien-auziere.fr\/blog\/wp-content\/uploads\/2026\/04\/Brigitte-Macron-eblouit-en-costume-de-velours-noir-lors-dune-ceremonie-dexception-a-lElysee.jpg\" \/>\n\t<meta property=\"og:image:width\" content=\"2560\" \/>\n\t<meta property=\"og:image:height\" content=\"1429\" \/>\n\t<meta property=\"og:image:type\" content=\"image\/jpeg\" \/>\n<meta name=\"author\" content=\"Chloe Gauthier\" \/>\n<meta name=\"twitter:card\" content=\"summary_large_image\" \/>\n<meta name=\"twitter:label1\" content=\"\u00c9crit par\" \/>\n\t<meta name=\"twitter:data1\" content=\"Chloe Gauthier\" \/>\n\t<meta name=\"twitter:label2\" content=\"Dur\u00e9e de lecture estim\u00e9e\" \/>\n\t<meta name=\"twitter:data2\" content=\"2 minutes\" \/>\n<script type=\"application\/ld+json\" class=\"yoast-schema-graph\">{\"@context\":\"https:\\\/\\\/schema.org\",\"@graph\":[{\"@type\":\"Article\",\"@id\":\"https:\\\/\\\/www.sebastien-auziere.fr\\\/blog\\\/it\\\/brigitte-macron-brilla-in-un-completo-di-velluto-nero-durante-una-cerimonia-eccezionale-allelysee\\\/#article\",\"isPartOf\":{\"@id\":\"https:\\\/\\\/www.sebastien-auziere.fr\\\/blog\\\/it\\\/brigitte-macron-brilla-in-un-completo-di-velluto-nero-durante-una-cerimonia-eccezionale-allelysee\\\/\"},\"author\":{\"name\":\"Chloe Gauthier\",\"@id\":\"https:\\\/\\\/www.sebastien-auziere.fr\\\/blog\\\/#\\\/schema\\\/person\\\/149f1acdbfd85149c6c3e59adeae2f4d\"},\"headline\":\"Brigitte Macron brilla in un completo di velluto nero durante una cerimonia eccezionale all&rsquo;\u00c9lys\u00e9e\",\"datePublished\":\"2026-04-19T19:15:42+00:00\",\"dateModified\":\"2026-04-19T19:16:10+00:00\",\"mainEntityOfPage\":{\"@id\":\"https:\\\/\\\/www.sebastien-auziere.fr\\\/blog\\\/it\\\/brigitte-macron-brilla-in-un-completo-di-velluto-nero-durante-una-cerimonia-eccezionale-allelysee\\\/\"},\"wordCount\":457,\"commentCount\":0,\"publisher\":{\"@id\":\"https:\\\/\\\/www.sebastien-auziere.fr\\\/blog\\\/#organization\"},\"image\":{\"@id\":\"https:\\\/\\\/www.sebastien-auziere.fr\\\/blog\\\/it\\\/brigitte-macron-brilla-in-un-completo-di-velluto-nero-durante-una-cerimonia-eccezionale-allelysee\\\/#primaryimage\"},\"thumbnailUrl\":\"https:\\\/\\\/www.sebastien-auziere.fr\\\/blog\\\/wp-content\\\/uploads\\\/2026\\\/04\\\/Brigitte-Macron-eblouit-en-costume-de-velours-noir-lors-dune-ceremonie-dexception-a-lElysee.jpg\",\"keywords\":[\"brigitte macron\",\"cerimonia d'eccezione\",\"costume di velluto\",\"\u00e9lys\u00e9e\",\"tenuta elegante\"],\"articleSection\":[\"Actualit\u00e0\"],\"inLanguage\":\"fr-FR\",\"potentialAction\":[{\"@type\":\"CommentAction\",\"name\":\"Comment\",\"target\":[\"https:\\\/\\\/www.sebastien-auziere.fr\\\/blog\\\/it\\\/brigitte-macron-brilla-in-un-completo-di-velluto-nero-durante-una-cerimonia-eccezionale-allelysee\\\/#respond\"]}]},{\"@type\":\"WebPage\",\"@id\":\"https:\\\/\\\/www.sebastien-auziere.fr\\\/blog\\\/it\\\/brigitte-macron-brilla-in-un-completo-di-velluto-nero-durante-una-cerimonia-eccezionale-allelysee\\\/\",\"url\":\"https:\\\/\\\/www.sebastien-auziere.fr\\\/blog\\\/it\\\/brigitte-macron-brilla-in-un-completo-di-velluto-nero-durante-una-cerimonia-eccezionale-allelysee\\\/\",\"name\":\"Brigitte Macron brilla in un completo di velluto nero durante una cerimonia eccezionale all'\u00c9lys\u00e9e - Fan site S\u00e9bastien Auzi\u00e8re\",\"isPartOf\":{\"@id\":\"https:\\\/\\\/www.sebastien-auziere.fr\\\/blog\\\/#website\"},\"primaryImageOfPage\":{\"@id\":\"https:\\\/\\\/www.sebastien-auziere.fr\\\/blog\\\/it\\\/brigitte-macron-brilla-in-un-completo-di-velluto-nero-durante-una-cerimonia-eccezionale-allelysee\\\/#primaryimage\"},\"image\":{\"@id\":\"https:\\\/\\\/www.sebastien-auziere.fr\\\/blog\\\/it\\\/brigitte-macron-brilla-in-un-completo-di-velluto-nero-durante-una-cerimonia-eccezionale-allelysee\\\/#primaryimage\"},\"thumbnailUrl\":\"https:\\\/\\\/www.sebastien-auziere.fr\\\/blog\\\/wp-content\\\/uploads\\\/2026\\\/04\\\/Brigitte-Macron-eblouit-en-costume-de-velours-noir-lors-dune-ceremonie-dexception-a-lElysee.jpg\",\"datePublished\":\"2026-04-19T19:15:42+00:00\",\"dateModified\":\"2026-04-19T19:16:10+00:00\",\"description\":\"Brigitte Macron \u00e9blouit en costume de velours noir lors d\u2019une c\u00e9r\u00e9monie d\u2019exception \u00e0 l\u2019\u00c9lys\u00e9e, alliant \u00e9l\u00e9gance et raffinement.\",\"breadcrumb\":{\"@id\":\"https:\\\/\\\/www.sebastien-auziere.fr\\\/blog\\\/it\\\/brigitte-macron-brilla-in-un-completo-di-velluto-nero-durante-una-cerimonia-eccezionale-allelysee\\\/#breadcrumb\"},\"inLanguage\":\"fr-FR\",\"potentialAction\":[{\"@type\":\"ReadAction\",\"target\":[\"https:\\\/\\\/www.sebastien-auziere.fr\\\/blog\\\/it\\\/brigitte-macron-brilla-in-un-completo-di-velluto-nero-durante-una-cerimonia-eccezionale-allelysee\\\/\"]}]},{\"@type\":\"ImageObject\",\"inLanguage\":\"fr-FR\",\"@id\":\"https:\\\/\\\/www.sebastien-auziere.fr\\\/blog\\\/it\\\/brigitte-macron-brilla-in-un-completo-di-velluto-nero-durante-una-cerimonia-eccezionale-allelysee\\\/#primaryimage\",\"url\":\"https:\\\/\\\/www.sebastien-auziere.fr\\\/blog\\\/wp-content\\\/uploads\\\/2026\\\/04\\\/Brigitte-Macron-eblouit-en-costume-de-velours-noir-lors-dune-ceremonie-dexception-a-lElysee.jpg\",\"contentUrl\":\"https:\\\/\\\/www.sebastien-auziere.fr\\\/blog\\\/wp-content\\\/uploads\\\/2026\\\/04\\\/Brigitte-Macron-eblouit-en-costume-de-velours-noir-lors-dune-ceremonie-dexception-a-lElysee.jpg\",\"width\":2560,\"height\":1429,\"caption\":\"d\u00e9couvrez brigitte macron rayonnante en costume de velours noir lors d'une c\u00e9r\u00e9monie exceptionnelle \u00e0 l\u2019\u00e9lys\u00e9e, alliant \u00e9l\u00e9gance et raffinement.\"},{\"@type\":\"BreadcrumbList\",\"@id\":\"https:\\\/\\\/www.sebastien-auziere.fr\\\/blog\\\/it\\\/brigitte-macron-brilla-in-un-completo-di-velluto-nero-durante-una-cerimonia-eccezionale-allelysee\\\/#breadcrumb\",\"itemListElement\":[{\"@type\":\"ListItem\",\"position\":1,\"name\":\"Home\",\"item\":\"https:\\\/\\\/www.sebastien-auziere.fr\\\/blog\\\/\"},{\"@type\":\"ListItem\",\"position\":2,\"name\":\"Brigitte Macron brilla in un completo di velluto nero durante una cerimonia eccezionale all&rsquo;\u00c9lys\u00e9e\"}]},{\"@type\":\"WebSite\",\"@id\":\"https:\\\/\\\/www.sebastien-auziere.fr\\\/blog\\\/#website\",\"url\":\"https:\\\/\\\/www.sebastien-auziere.fr\\\/blog\\\/\",\"name\":\"Fan site S\u00e9bastien Auzi\u00e8re\",\"description\":\"M\u00e9dia g\u00e9n\u00e9raliste\",\"publisher\":{\"@id\":\"https:\\\/\\\/www.sebastien-auziere.fr\\\/blog\\\/#organization\"},\"potentialAction\":[{\"@type\":\"SearchAction\",\"target\":{\"@type\":\"EntryPoint\",\"urlTemplate\":\"https:\\\/\\\/www.sebastien-auziere.fr\\\/blog\\\/?s={search_term_string}\"},\"query-input\":{\"@type\":\"PropertyValueSpecification\",\"valueRequired\":true,\"valueName\":\"search_term_string\"}}],\"inLanguage\":\"fr-FR\"},{\"@type\":\"Organization\",\"@id\":\"https:\\\/\\\/www.sebastien-auziere.fr\\\/blog\\\/#organization\",\"name\":\"Fan site S\u00e9bastien Auzi\u00e8re\",\"url\":\"https:\\\/\\\/www.sebastien-auziere.fr\\\/blog\\\/\",\"logo\":{\"@type\":\"ImageObject\",\"inLanguage\":\"fr-FR\",\"@id\":\"https:\\\/\\\/www.sebastien-auziere.fr\\\/blog\\\/#\\\/schema\\\/logo\\\/image\\\/\",\"url\":\"https:\\\/\\\/www.sebastien-auziere.fr\\\/blog\\\/wp-content\\\/uploads\\\/2026\\\/03\\\/cropped-cropped-cropped-ChatGPT-Image-6-mars-2026-12_58_09-e1772798376794.jpg\",\"contentUrl\":\"https:\\\/\\\/www.sebastien-auziere.fr\\\/blog\\\/wp-content\\\/uploads\\\/2026\\\/03\\\/cropped-cropped-cropped-ChatGPT-Image-6-mars-2026-12_58_09-e1772798376794.jpg\",\"width\":512,\"height\":360,\"caption\":\"Fan site S\u00e9bastien Auzi\u00e8re\"},\"image\":{\"@id\":\"https:\\\/\\\/www.sebastien-auziere.fr\\\/blog\\\/#\\\/schema\\\/logo\\\/image\\\/\"}},{\"@type\":\"Person\",\"@id\":\"https:\\\/\\\/www.sebastien-auziere.fr\\\/blog\\\/#\\\/schema\\\/person\\\/149f1acdbfd85149c6c3e59adeae2f4d\",\"name\":\"Chloe Gauthier\",\"image\":{\"@type\":\"ImageObject\",\"inLanguage\":\"fr-FR\",\"@id\":\"https:\\\/\\\/secure.gravatar.com\\\/avatar\\\/2c5722f58171cff738a8985ef0dd66b476e563753246a49019befc837ec4201a?s=96&d=mm&r=g\",\"url\":\"https:\\\/\\\/secure.gravatar.com\\\/avatar\\\/2c5722f58171cff738a8985ef0dd66b476e563753246a49019befc837ec4201a?s=96&d=mm&r=g\",\"contentUrl\":\"https:\\\/\\\/secure.gravatar.com\\\/avatar\\\/2c5722f58171cff738a8985ef0dd66b476e563753246a49019befc837ec4201a?s=96&d=mm&r=g\",\"caption\":\"Chloe Gauthier\"},\"description\":\"Passionn\u00e9e par la politique et admiratrice engag\u00e9e de la famille Macron, je consacre mon \u00e9nergie \u00e0 suivre leurs initiatives et \u00e0 promouvoir leurs id\u00e9es. \u00c0 32 ans, je suis convaincue que leur vision est porteuse d'avenir.\",\"url\":\"https:\\\/\\\/www.sebastien-auziere.fr\\\/blog\\\/author\\\/chloe-gauthier\\\/\"}]}<\/script>\n<!-- \/ Yoast SEO plugin. -->","yoast_head_json":{"title":"Brigitte Macron brilla in un completo di velluto nero durante una cerimonia eccezionale all'\u00c9lys\u00e9e - Fan site S\u00e9bastien Auzi\u00e8re","description":"Brigitte Macron \u00e9blouit en costume de velours noir lors d\u2019une c\u00e9r\u00e9monie d\u2019exception \u00e0 l\u2019\u00c9lys\u00e9e, alliant \u00e9l\u00e9gance et raffinement.","robots":{"index":"index","follow":"follow","max-snippet":"max-snippet:-1","max-image-preview":"max-image-preview:large","max-video-preview":"max-video-preview:-1"},"canonical":"https:\/\/www.sebastien-auziere.fr\/blog\/it\/brigitte-macron-brilla-in-un-completo-di-velluto-nero-durante-una-cerimonia-eccezionale-allelysee\/","og_locale":"fr_FR","og_type":"article","og_title":"Brigitte Macron brilla in un completo di velluto nero durante una cerimonia eccezionale all'\u00c9lys\u00e9e - Fan site S\u00e9bastien Auzi\u00e8re","og_description":"Brigitte Macron \u00e9blouit en costume de velours noir lors d\u2019une c\u00e9r\u00e9monie d\u2019exception \u00e0 l\u2019\u00c9lys\u00e9e, alliant \u00e9l\u00e9gance et raffinement.","og_url":"https:\/\/www.sebastien-auziere.fr\/blog\/it\/brigitte-macron-brilla-in-un-completo-di-velluto-nero-durante-una-cerimonia-eccezionale-allelysee\/","og_site_name":"Fan site S\u00e9bastien Auzi\u00e8re","article_published_time":"2026-04-19T19:15:42+00:00","article_modified_time":"2026-04-19T19:16:10+00:00","og_image":[{"width":2560,"height":1429,"url":"https:\/\/www.sebastien-auziere.fr\/blog\/wp-content\/uploads\/2026\/04\/Brigitte-Macron-eblouit-en-costume-de-velours-noir-lors-dune-ceremonie-dexception-a-lElysee.jpg","type":"image\/jpeg"}],"author":"Chloe Gauthier","twitter_card":"summary_large_image","twitter_misc":{"\u00c9crit par":"Chloe Gauthier","Dur\u00e9e de lecture estim\u00e9e":"2 minutes"},"schema":{"@context":"https:\/\/schema.org","@graph":[{"@type":"Article","@id":"https:\/\/www.sebastien-auziere.fr\/blog\/it\/brigitte-macron-brilla-in-un-completo-di-velluto-nero-durante-una-cerimonia-eccezionale-allelysee\/#article","isPartOf":{"@id":"https:\/\/www.sebastien-auziere.fr\/blog\/it\/brigitte-macron-brilla-in-un-completo-di-velluto-nero-durante-una-cerimonia-eccezionale-allelysee\/"},"author":{"name":"Chloe Gauthier","@id":"https:\/\/www.sebastien-auziere.fr\/blog\/#\/schema\/person\/149f1acdbfd85149c6c3e59adeae2f4d"},"headline":"Brigitte Macron brilla in un completo di velluto nero durante una cerimonia eccezionale all&rsquo;\u00c9lys\u00e9e","datePublished":"2026-04-19T19:15:42+00:00","dateModified":"2026-04-19T19:16:10+00:00","mainEntityOfPage":{"@id":"https:\/\/www.sebastien-auziere.fr\/blog\/it\/brigitte-macron-brilla-in-un-completo-di-velluto-nero-durante-una-cerimonia-eccezionale-allelysee\/"},"wordCount":457,"commentCount":0,"publisher":{"@id":"https:\/\/www.sebastien-auziere.fr\/blog\/#organization"},"image":{"@id":"https:\/\/www.sebastien-auziere.fr\/blog\/it\/brigitte-macron-brilla-in-un-completo-di-velluto-nero-durante-una-cerimonia-eccezionale-allelysee\/#primaryimage"},"thumbnailUrl":"https:\/\/www.sebastien-auziere.fr\/blog\/wp-content\/uploads\/2026\/04\/Brigitte-Macron-eblouit-en-costume-de-velours-noir-lors-dune-ceremonie-dexception-a-lElysee.jpg","keywords":["brigitte macron","cerimonia d'eccezione","costume di velluto","\u00e9lys\u00e9e","tenuta elegante"],"articleSection":["Actualit\u00e0"],"inLanguage":"fr-FR","potentialAction":[{"@type":"CommentAction","name":"Comment","target":["https:\/\/www.sebastien-auziere.fr\/blog\/it\/brigitte-macron-brilla-in-un-completo-di-velluto-nero-durante-una-cerimonia-eccezionale-allelysee\/#respond"]}]},{"@type":"WebPage","@id":"https:\/\/www.sebastien-auziere.fr\/blog\/it\/brigitte-macron-brilla-in-un-completo-di-velluto-nero-durante-una-cerimonia-eccezionale-allelysee\/","url":"https:\/\/www.sebastien-auziere.fr\/blog\/it\/brigitte-macron-brilla-in-un-completo-di-velluto-nero-durante-una-cerimonia-eccezionale-allelysee\/","name":"Brigitte Macron brilla in un completo di velluto nero durante una cerimonia eccezionale all'\u00c9lys\u00e9e - Fan site S\u00e9bastien Auzi\u00e8re","isPartOf":{"@id":"https:\/\/www.sebastien-auziere.fr\/blog\/#website"},"primaryImageOfPage":{"@id":"https:\/\/www.sebastien-auziere.fr\/blog\/it\/brigitte-macron-brilla-in-un-completo-di-velluto-nero-durante-una-cerimonia-eccezionale-allelysee\/#primaryimage"},"image":{"@id":"https:\/\/www.sebastien-auziere.fr\/blog\/it\/brigitte-macron-brilla-in-un-completo-di-velluto-nero-durante-una-cerimonia-eccezionale-allelysee\/#primaryimage"},"thumbnailUrl":"https:\/\/www.sebastien-auziere.fr\/blog\/wp-content\/uploads\/2026\/04\/Brigitte-Macron-eblouit-en-costume-de-velours-noir-lors-dune-ceremonie-dexception-a-lElysee.jpg","datePublished":"2026-04-19T19:15:42+00:00","dateModified":"2026-04-19T19:16:10+00:00","description":"Brigitte Macron \u00e9blouit en costume de velours noir lors d\u2019une c\u00e9r\u00e9monie d\u2019exception \u00e0 l\u2019\u00c9lys\u00e9e, alliant \u00e9l\u00e9gance et raffinement.","breadcrumb":{"@id":"https:\/\/www.sebastien-auziere.fr\/blog\/it\/brigitte-macron-brilla-in-un-completo-di-velluto-nero-durante-una-cerimonia-eccezionale-allelysee\/#breadcrumb"},"inLanguage":"fr-FR","potentialAction":[{"@type":"ReadAction","target":["https:\/\/www.sebastien-auziere.fr\/blog\/it\/brigitte-macron-brilla-in-un-completo-di-velluto-nero-durante-una-cerimonia-eccezionale-allelysee\/"]}]},{"@type":"ImageObject","inLanguage":"fr-FR","@id":"https:\/\/www.sebastien-auziere.fr\/blog\/it\/brigitte-macron-brilla-in-un-completo-di-velluto-nero-durante-una-cerimonia-eccezionale-allelysee\/#primaryimage","url":"https:\/\/www.sebastien-auziere.fr\/blog\/wp-content\/uploads\/2026\/04\/Brigitte-Macron-eblouit-en-costume-de-velours-noir-lors-dune-ceremonie-dexception-a-lElysee.jpg","contentUrl":"https:\/\/www.sebastien-auziere.fr\/blog\/wp-content\/uploads\/2026\/04\/Brigitte-Macron-eblouit-en-costume-de-velours-noir-lors-dune-ceremonie-dexception-a-lElysee.jpg","width":2560,"height":1429,"caption":"d\u00e9couvrez brigitte macron rayonnante en costume de velours noir lors d'une c\u00e9r\u00e9monie exceptionnelle \u00e0 l\u2019\u00e9lys\u00e9e, alliant \u00e9l\u00e9gance et raffinement."},{"@type":"BreadcrumbList","@id":"https:\/\/www.sebastien-auziere.fr\/blog\/it\/brigitte-macron-brilla-in-un-completo-di-velluto-nero-durante-una-cerimonia-eccezionale-allelysee\/#breadcrumb","itemListElement":[{"@type":"ListItem","position":1,"name":"Home","item":"https:\/\/www.sebastien-auziere.fr\/blog\/"},{"@type":"ListItem","position":2,"name":"Brigitte Macron brilla in un completo di velluto nero durante una cerimonia eccezionale all&rsquo;\u00c9lys\u00e9e"}]},{"@type":"WebSite","@id":"https:\/\/www.sebastien-auziere.fr\/blog\/#website","url":"https:\/\/www.sebastien-auziere.fr\/blog\/","name":"Fan site S\u00e9bastien Auzi\u00e8re","description":"M\u00e9dia g\u00e9n\u00e9raliste","publisher":{"@id":"https:\/\/www.sebastien-auziere.fr\/blog\/#organization"},"potentialAction":[{"@type":"SearchAction","target":{"@type":"EntryPoint","urlTemplate":"https:\/\/www.sebastien-auziere.fr\/blog\/?s={search_term_string}"},"query-input":{"@type":"PropertyValueSpecification","valueRequired":true,"valueName":"search_term_string"}}],"inLanguage":"fr-FR"},{"@type":"Organization","@id":"https:\/\/www.sebastien-auziere.fr\/blog\/#organization","name":"Fan site S\u00e9bastien Auzi\u00e8re","url":"https:\/\/www.sebastien-auziere.fr\/blog\/","logo":{"@type":"ImageObject","inLanguage":"fr-FR","@id":"https:\/\/www.sebastien-auziere.fr\/blog\/#\/schema\/logo\/image\/","url":"https:\/\/www.sebastien-auziere.fr\/blog\/wp-content\/uploads\/2026\/03\/cropped-cropped-cropped-ChatGPT-Image-6-mars-2026-12_58_09-e1772798376794.jpg","contentUrl":"https:\/\/www.sebastien-auziere.fr\/blog\/wp-content\/uploads\/2026\/03\/cropped-cropped-cropped-ChatGPT-Image-6-mars-2026-12_58_09-e1772798376794.jpg","width":512,"height":360,"caption":"Fan site S\u00e9bastien Auzi\u00e8re"},"image":{"@id":"https:\/\/www.sebastien-auziere.fr\/blog\/#\/schema\/logo\/image\/"}},{"@type":"Person","@id":"https:\/\/www.sebastien-auziere.fr\/blog\/#\/schema\/person\/149f1acdbfd85149c6c3e59adeae2f4d","name":"Chloe Gauthier","image":{"@type":"ImageObject","inLanguage":"fr-FR","@id":"https:\/\/secure.gravatar.com\/avatar\/2c5722f58171cff738a8985ef0dd66b476e563753246a49019befc837ec4201a?s=96&d=mm&r=g","url":"https:\/\/secure.gravatar.com\/avatar\/2c5722f58171cff738a8985ef0dd66b476e563753246a49019befc837ec4201a?s=96&d=mm&r=g","contentUrl":"https:\/\/secure.gravatar.com\/avatar\/2c5722f58171cff738a8985ef0dd66b476e563753246a49019befc837ec4201a?s=96&d=mm&r=g","caption":"Chloe Gauthier"},"description":"Passionn\u00e9e par la politique et admiratrice engag\u00e9e de la famille Macron, je consacre mon \u00e9nergie \u00e0 suivre leurs initiatives et \u00e0 promouvoir leurs id\u00e9es. \u00c0 32 ans, je suis convaincue que leur vision est porteuse d'avenir.","url":"https:\/\/www.sebastien-auziere.fr\/blog\/author\/chloe-gauthier\/"}]}},"views":2,"_links":{"self":[{"href":"https:\/\/www.sebastien-auziere.fr\/blog\/wp-json\/wp\/v2\/posts\/3166","targetHints":{"allow":["GET"]}}],"collection":[{"href":"https:\/\/www.sebastien-auziere.fr\/blog\/wp-json\/wp\/v2\/posts"}],"about":[{"href":"https:\/\/www.sebastien-auziere.fr\/blog\/wp-json\/wp\/v2\/types\/post"}],"author":[{"embeddable":true,"href":"https:\/\/www.sebastien-auziere.fr\/blog\/wp-json\/wp\/v2\/users\/9"}],"replies":[{"embeddable":true,"href":"https:\/\/www.sebastien-auziere.fr\/blog\/wp-json\/wp\/v2\/comments?post=3166"}],"version-history":[{"count":1,"href":"https:\/\/www.sebastien-auziere.fr\/blog\/wp-json\/wp\/v2\/posts\/3166\/revisions"}],"predecessor-version":[{"id":3167,"href":"https:\/\/www.sebastien-auziere.fr\/blog\/wp-json\/wp\/v2\/posts\/3166\/revisions\/3167"}],"wp:featuredmedia":[{"embeddable":true,"href":"https:\/\/www.sebastien-auziere.fr\/blog\/wp-json\/wp\/v2\/media\/3158"}],"wp:attachment":[{"href":"https:\/\/www.sebastien-auziere.fr\/blog\/wp-json\/wp\/v2\/media?parent=3166"}],"wp:term":[{"taxonomy":"category","embeddable":true,"href":"https:\/\/www.sebastien-auziere.fr\/blog\/wp-json\/wp\/v2\/categories?post=3166"},{"taxonomy":"post_tag","embeddable":true,"href":"https:\/\/www.sebastien-auziere.fr\/blog\/wp-json\/wp\/v2\/tags?post=3166"}],"curies":[{"name":"wp","href":"https:\/\/api.w.org\/{rel}","templated":true}]}}