{"id":3164,"date":"2026-04-19T19:11:29","date_gmt":"2026-04-19T19:11:29","guid":{"rendered":"https:\/\/www.sebastien-auziere.fr\/blog\/?p=3164"},"modified":"2026-04-19T19:11:58","modified_gmt":"2026-04-19T19:11:58","slug":"brigitte-macron-begeistert-in-einem-schwarzen-samtanzug-bei-einer-ausergewohnlichen-zeremonie-im-elysee","status":"publish","type":"post","link":"https:\/\/www.sebastien-auziere.fr\/blog\/de\/brigitte-macron-begeistert-in-einem-schwarzen-samtanzug-bei-einer-ausergewohnlichen-zeremonie-im-elysee\/","title":{"rendered":"Brigitte Macron begeistert in einem schwarzen Samtanzug bei einer au\u00dfergew\u00f6hnlichen Zeremonie im \u00c9lys\u00e9e"},"content":{"rendered":"<p><strong>Brigitte Macron<\/strong> erhellte die Treppe des <strong>\u00c9lys\u00e9e<\/strong> am <strong>17. April 2026<\/strong> und w\u00e4hlte einen <strong>schwarzen Samtanzug<\/strong>, der perfekt zur\u00fcckhaltend f\u00fcr eine <strong>au\u00dfergew\u00f6hnliche Zeremonie<\/strong> war. Schon beim Eintritt zog die <strong>erste Dame<\/strong> mit einer strukturierten Jacke und einer Zigarettenhose alle Blicke auf sich und best\u00e4tigte ihren Sinn f\u00fcr <strong>chicen Stil<\/strong> \u00e0 la fran\u00e7aise.<\/p>\n\n<p><strong>Kurz gesagt:<\/strong> zur\u00fcckhaltende, aber raffinierte Kleidung, prestigetr\u00e4chtige G\u00e4ste bei der Verleihung des <strong>Nationalverdienstordens<\/strong> und ein Bild, das am 18. April von <strong>Bruno Le Maire<\/strong> geteilt wurde und in den sozialen Medien die Runde machte.<\/p>\n\n<h2 class=\"wp-block-heading\">Ein durchdachtes Erscheinungsbild f\u00fcr ein <strong>offizielles Event<\/strong> im \u00c9lys\u00e9e<\/h2>\n\n<p>Bei der Zeremonie, bei der Emmanuel Macron Pers\u00f6nlichkeiten wie <strong>Jean\u2011Pierre Papin<\/strong> und den Komponisten <strong>Philippe Sarde<\/strong> auszeichnete, entschied sich die <strong>erste Dame<\/strong> f\u00fcr ein <strong>elegantes<\/strong> Samtensemble. Der perfekt sitzende Schnitt betonte eine klassische und moderne Silhouette, unterstrichen durch schwarze Pumps und ein nat\u00fcrliches Make-up. Dieses Erscheinen best\u00e4tigt ihren Einfluss auf die <strong>weibliche Mode<\/strong> im \u00f6ffentlichen Leben. F\u00fcr einen R\u00fcckblick in Bildern, siehe das Portfolio von <a href=\"https:\/\/www.gala.fr\/mode\/les_stars_et_la_mode\/brigitte-macron-tres-chic-en-costume-de-velours-noir-pour-une-prestigieuse-ceremonie-a-l-elysee-20260419\" rel=\"nofollow\">Gala<\/a>.<\/p>\n\n<h3 class=\"wp-block-heading\">Die G\u00e4ste und die Atmosph\u00e4re des Abends<\/h3>\n\n<p>Die G\u00e4steliste umfasste Pers\u00f6nlichkeiten aus Film und Sport wie <strong>Muriel Robin<\/strong>, <strong>Fanny Ardant<\/strong>, <strong>Fran\u00e7ois Berl\u00e9and<\/strong> sowie politische Pers\u00f6nlichkeiten, darunter <strong>Bruno Le Maire<\/strong>. Der Direktor des Mont\u2011Saint\u2011Michel, <strong>Thomas Velter<\/strong>, geh\u00f6rte zu den Ausgezeichneten. Ein Foto, das am 18. April von <strong>Bruno Le Maire<\/strong> auf Instagram ver\u00f6ffentlicht wurde, beleuchtete die schlichte und protokollarische Inszenierung im <strong>\u00c9lys\u00e9e<\/strong>, wo der <strong>schwarze Samtanzug<\/strong> als ideale Wahl f\u00fcr die Feierlichkeit des Moments erschien.<\/p>\n\n<h2 class=\"wp-block-heading\">Eleganz und Codes der <strong>weiblichen Mode<\/strong><br>\n<\/h2>\n\n<p>Die erste Dame setzte auf ein Ma\u00df an Diskretion: ein tiefes Samt, klare Linien, minimale Accessoires. Ihre leicht volumin\u00f6se Frisur und das subtil gestaltete Make-up verst\u00e4rkten den Eindruck einer <strong>Eleganz<\/strong> ohne Aufdringlichkeit. Diese Wahl spiegelt fr\u00fchere bemerkenswerte Auftritte in diesem Jahr wider, wie ihr rotes Kleid bei einem Staatsdinner und ihre Louis Vuitton-Outfits, die von der Fachpresse ausf\u00fchrlich kommentiert wurden <a href=\"https:\/\/www.marieclaire.fr\/brigitte-macron-style-looks-mode-evolution,1135900.asp\" rel=\"nofollow\">Marie Claire<\/a>.<\/p>\n\n<h2 class=\"wp-block-heading\">Ein Auftritt, der einen Stil best\u00e4tigt<\/h2>\n\n<p>Ihr Besuch im <strong>\u00c9lys\u00e9e<\/strong> illustriert die F\u00e4higkeit der ersten Dame, Protokoll und Modernit\u00e4t zu verbinden. Der <strong>schwarze Samtanzug<\/strong> klingt als zeitgen\u00f6ssische Antwort auf die traditionellen Codes offizieller Zeremonien und betont eine schlanke und selbstbewusste Silhouette. Der Moment erinnert auch an fr\u00fchere Modekooperationen und die st\u00e4ndigen Medienreaktionen auf ihre Modentscheidungen.<\/p>\n\n<p>Um mehr \u00fcber das \u00f6ffentliche Leben und die Auftritte der Familie Macron sowie \u00fcber die famili\u00e4ren Beziehungen und Hintergr\u00fcnde zu erfahren, entdecke detaillierte Portr\u00e4ts und Analysen auf <a href=\"https:\/\/www.sebastien-auziere.fr\/blog\/brigitte-macron-73-ans\/\" rel=\"nofollow\">der speziellen Seite<\/a> und vertiefe die Lekt\u00fcre mit einem weiteren Artikel \u00fcber ihr Outfit im Vatikan <a href=\"https:\/\/www.sebastien-auziere.fr\/blog\/brigitte-macron-vatican-noir\/\" rel=\"nofollow\">hier<\/a>. Besuche <a href=\"https:\/\/www.sebastien-auziere.fr\/blog\/brigitte-macron-73-ans\/\" rel=\"nofollow\">sebastien-auziere.fr<\/a>, um mehr \u00fcber <strong>S\u00e9bastien Auzi\u00e8re<\/strong> und die <strong>Familie Macron<\/strong> zu erfahren.<\/p>","protected":false},"excerpt":{"rendered":"<p>Brigitte Macron erhellte die Treppe des \u00c9lys\u00e9e am 17. April 2026 und w\u00e4hlte einen schwarzen Samtanzug, der perfekt zur\u00fcckhaltend f\u00fcr eine au\u00dfergew\u00f6hnliche Zeremonie war. Schon beim Eintritt zog die erste Dame mit einer strukturierten Jacke und einer Zigarettenhose alle Blicke auf sich und best\u00e4tigte ihren Sinn f\u00fcr chicen Stil \u00e0 la fran\u00e7aise. Kurz gesagt: zur\u00fcckhaltende, &#8230; <a title=\"Brigitte Macron begeistert in einem schwarzen Samtanzug bei einer au\u00dfergew\u00f6hnlichen Zeremonie im \u00c9lys\u00e9e\" class=\"read-more\" href=\"https:\/\/www.sebastien-auziere.fr\/blog\/de\/brigitte-macron-begeistert-in-einem-schwarzen-samtanzug-bei-einer-ausergewohnlichen-zeremonie-im-elysee\/\" aria-label=\"En savoir plus sur Brigitte Macron begeistert in einem schwarzen Samtanzug bei einer au\u00dfergew\u00f6hnlichen Zeremonie im \u00c9lys\u00e9e\">Lire plus<\/a><\/p>\n","protected":false},"author":9,"featured_media":3158,"comment_status":"open","ping_status":"open","sticky":false,"template":"","format":"standard","meta":{"footnotes":""},"categories":[856],"tags":[929,3601,3360,3595,3598],"class_list":["post-3164","post","type-post","status-publish","format-standard","has-post-thumbnail","hentry","category-aktuelles-de","tag-brigitte-macron-de","tag-elegante-kleidung-de","tag-elysee-de","tag-feierliche-zeremonie-de","tag-kostum-aus-samt-de"],"yoast_head":"<!-- This site is optimized with the Yoast SEO plugin v27.5 - https:\/\/yoast.com\/product\/yoast-seo-wordpress\/ -->\n<title>Brigitte Macron begeistert in einem schwarzen Samtanzug bei einer au\u00dfergew\u00f6hnlichen Zeremonie im \u00c9lys\u00e9e - Fan site S\u00e9bastien Auzi\u00e8re<\/title>\n<meta name=\"description\" content=\"Brigitte Macron \u00e9blouit en costume de velours noir lors d\u2019une c\u00e9r\u00e9monie d\u2019exception \u00e0 l\u2019\u00c9lys\u00e9e, alliant \u00e9l\u00e9gance et raffinement.\" \/>\n<meta name=\"robots\" content=\"index, follow, max-snippet:-1, max-image-preview:large, max-video-preview:-1\" \/>\n<link rel=\"canonical\" href=\"https:\/\/www.sebastien-auziere.fr\/blog\/de\/brigitte-macron-begeistert-in-einem-schwarzen-samtanzug-bei-einer-ausergewohnlichen-zeremonie-im-elysee\/\" \/>\n<meta property=\"og:locale\" content=\"fr_FR\" \/>\n<meta property=\"og:type\" content=\"article\" \/>\n<meta property=\"og:title\" content=\"Brigitte Macron begeistert in einem schwarzen Samtanzug bei einer au\u00dfergew\u00f6hnlichen Zeremonie im \u00c9lys\u00e9e - Fan site S\u00e9bastien Auzi\u00e8re\" \/>\n<meta property=\"og:description\" content=\"Brigitte Macron \u00e9blouit en costume de velours noir lors d\u2019une c\u00e9r\u00e9monie d\u2019exception \u00e0 l\u2019\u00c9lys\u00e9e, alliant \u00e9l\u00e9gance et raffinement.\" \/>\n<meta property=\"og:url\" content=\"https:\/\/www.sebastien-auziere.fr\/blog\/de\/brigitte-macron-begeistert-in-einem-schwarzen-samtanzug-bei-einer-ausergewohnlichen-zeremonie-im-elysee\/\" \/>\n<meta property=\"og:site_name\" content=\"Fan site S\u00e9bastien Auzi\u00e8re\" \/>\n<meta property=\"article:published_time\" content=\"2026-04-19T19:11:29+00:00\" \/>\n<meta property=\"article:modified_time\" content=\"2026-04-19T19:11:58+00:00\" \/>\n<meta property=\"og:image\" content=\"https:\/\/www.sebastien-auziere.fr\/blog\/wp-content\/uploads\/2026\/04\/Brigitte-Macron-eblouit-en-costume-de-velours-noir-lors-dune-ceremonie-dexception-a-lElysee.jpg\" \/>\n\t<meta property=\"og:image:width\" content=\"2560\" \/>\n\t<meta property=\"og:image:height\" content=\"1429\" \/>\n\t<meta property=\"og:image:type\" content=\"image\/jpeg\" \/>\n<meta name=\"author\" content=\"Chloe Gauthier\" \/>\n<meta name=\"twitter:card\" content=\"summary_large_image\" \/>\n<meta name=\"twitter:label1\" content=\"\u00c9crit par\" \/>\n\t<meta name=\"twitter:data1\" content=\"Chloe Gauthier\" \/>\n\t<meta name=\"twitter:label2\" content=\"Dur\u00e9e de lecture estim\u00e9e\" \/>\n\t<meta name=\"twitter:data2\" content=\"2 minutes\" \/>\n<script type=\"application\/ld+json\" class=\"yoast-schema-graph\">{\"@context\":\"https:\\\/\\\/schema.org\",\"@graph\":[{\"@type\":\"Article\",\"@id\":\"https:\\\/\\\/www.sebastien-auziere.fr\\\/blog\\\/de\\\/brigitte-macron-begeistert-in-einem-schwarzen-samtanzug-bei-einer-ausergewohnlichen-zeremonie-im-elysee\\\/#article\",\"isPartOf\":{\"@id\":\"https:\\\/\\\/www.sebastien-auziere.fr\\\/blog\\\/de\\\/brigitte-macron-begeistert-in-einem-schwarzen-samtanzug-bei-einer-ausergewohnlichen-zeremonie-im-elysee\\\/\"},\"author\":{\"name\":\"Chloe Gauthier\",\"@id\":\"https:\\\/\\\/www.sebastien-auziere.fr\\\/blog\\\/#\\\/schema\\\/person\\\/149f1acdbfd85149c6c3e59adeae2f4d\"},\"headline\":\"Brigitte Macron begeistert in einem schwarzen Samtanzug bei einer au\u00dfergew\u00f6hnlichen Zeremonie im \u00c9lys\u00e9e\",\"datePublished\":\"2026-04-19T19:11:29+00:00\",\"dateModified\":\"2026-04-19T19:11:58+00:00\",\"mainEntityOfPage\":{\"@id\":\"https:\\\/\\\/www.sebastien-auziere.fr\\\/blog\\\/de\\\/brigitte-macron-begeistert-in-einem-schwarzen-samtanzug-bei-einer-ausergewohnlichen-zeremonie-im-elysee\\\/\"},\"wordCount\":478,\"commentCount\":0,\"publisher\":{\"@id\":\"https:\\\/\\\/www.sebastien-auziere.fr\\\/blog\\\/#organization\"},\"image\":{\"@id\":\"https:\\\/\\\/www.sebastien-auziere.fr\\\/blog\\\/de\\\/brigitte-macron-begeistert-in-einem-schwarzen-samtanzug-bei-einer-ausergewohnlichen-zeremonie-im-elysee\\\/#primaryimage\"},\"thumbnailUrl\":\"https:\\\/\\\/www.sebastien-auziere.fr\\\/blog\\\/wp-content\\\/uploads\\\/2026\\\/04\\\/Brigitte-Macron-eblouit-en-costume-de-velours-noir-lors-dune-ceremonie-dexception-a-lElysee.jpg\",\"keywords\":[\"brigitte macron\",\"elegante Kleidung\",\"\u00e9lys\u00e9e\",\"feierliche Zeremonie\",\"kost\u00fcm aus samt\"],\"articleSection\":[\"Aktuelles\"],\"inLanguage\":\"fr-FR\",\"potentialAction\":[{\"@type\":\"CommentAction\",\"name\":\"Comment\",\"target\":[\"https:\\\/\\\/www.sebastien-auziere.fr\\\/blog\\\/de\\\/brigitte-macron-begeistert-in-einem-schwarzen-samtanzug-bei-einer-ausergewohnlichen-zeremonie-im-elysee\\\/#respond\"]}]},{\"@type\":\"WebPage\",\"@id\":\"https:\\\/\\\/www.sebastien-auziere.fr\\\/blog\\\/de\\\/brigitte-macron-begeistert-in-einem-schwarzen-samtanzug-bei-einer-ausergewohnlichen-zeremonie-im-elysee\\\/\",\"url\":\"https:\\\/\\\/www.sebastien-auziere.fr\\\/blog\\\/de\\\/brigitte-macron-begeistert-in-einem-schwarzen-samtanzug-bei-einer-ausergewohnlichen-zeremonie-im-elysee\\\/\",\"name\":\"Brigitte Macron begeistert in einem schwarzen Samtanzug bei einer au\u00dfergew\u00f6hnlichen Zeremonie im \u00c9lys\u00e9e - Fan site S\u00e9bastien Auzi\u00e8re\",\"isPartOf\":{\"@id\":\"https:\\\/\\\/www.sebastien-auziere.fr\\\/blog\\\/#website\"},\"primaryImageOfPage\":{\"@id\":\"https:\\\/\\\/www.sebastien-auziere.fr\\\/blog\\\/de\\\/brigitte-macron-begeistert-in-einem-schwarzen-samtanzug-bei-einer-ausergewohnlichen-zeremonie-im-elysee\\\/#primaryimage\"},\"image\":{\"@id\":\"https:\\\/\\\/www.sebastien-auziere.fr\\\/blog\\\/de\\\/brigitte-macron-begeistert-in-einem-schwarzen-samtanzug-bei-einer-ausergewohnlichen-zeremonie-im-elysee\\\/#primaryimage\"},\"thumbnailUrl\":\"https:\\\/\\\/www.sebastien-auziere.fr\\\/blog\\\/wp-content\\\/uploads\\\/2026\\\/04\\\/Brigitte-Macron-eblouit-en-costume-de-velours-noir-lors-dune-ceremonie-dexception-a-lElysee.jpg\",\"datePublished\":\"2026-04-19T19:11:29+00:00\",\"dateModified\":\"2026-04-19T19:11:58+00:00\",\"description\":\"Brigitte Macron \u00e9blouit en costume de velours noir lors d\u2019une c\u00e9r\u00e9monie d\u2019exception \u00e0 l\u2019\u00c9lys\u00e9e, alliant \u00e9l\u00e9gance et raffinement.\",\"breadcrumb\":{\"@id\":\"https:\\\/\\\/www.sebastien-auziere.fr\\\/blog\\\/de\\\/brigitte-macron-begeistert-in-einem-schwarzen-samtanzug-bei-einer-ausergewohnlichen-zeremonie-im-elysee\\\/#breadcrumb\"},\"inLanguage\":\"fr-FR\",\"potentialAction\":[{\"@type\":\"ReadAction\",\"target\":[\"https:\\\/\\\/www.sebastien-auziere.fr\\\/blog\\\/de\\\/brigitte-macron-begeistert-in-einem-schwarzen-samtanzug-bei-einer-ausergewohnlichen-zeremonie-im-elysee\\\/\"]}]},{\"@type\":\"ImageObject\",\"inLanguage\":\"fr-FR\",\"@id\":\"https:\\\/\\\/www.sebastien-auziere.fr\\\/blog\\\/de\\\/brigitte-macron-begeistert-in-einem-schwarzen-samtanzug-bei-einer-ausergewohnlichen-zeremonie-im-elysee\\\/#primaryimage\",\"url\":\"https:\\\/\\\/www.sebastien-auziere.fr\\\/blog\\\/wp-content\\\/uploads\\\/2026\\\/04\\\/Brigitte-Macron-eblouit-en-costume-de-velours-noir-lors-dune-ceremonie-dexception-a-lElysee.jpg\",\"contentUrl\":\"https:\\\/\\\/www.sebastien-auziere.fr\\\/blog\\\/wp-content\\\/uploads\\\/2026\\\/04\\\/Brigitte-Macron-eblouit-en-costume-de-velours-noir-lors-dune-ceremonie-dexception-a-lElysee.jpg\",\"width\":2560,\"height\":1429,\"caption\":\"d\u00e9couvrez brigitte macron rayonnante en costume de velours noir lors d'une c\u00e9r\u00e9monie exceptionnelle \u00e0 l\u2019\u00e9lys\u00e9e, alliant \u00e9l\u00e9gance et raffinement.\"},{\"@type\":\"BreadcrumbList\",\"@id\":\"https:\\\/\\\/www.sebastien-auziere.fr\\\/blog\\\/de\\\/brigitte-macron-begeistert-in-einem-schwarzen-samtanzug-bei-einer-ausergewohnlichen-zeremonie-im-elysee\\\/#breadcrumb\",\"itemListElement\":[{\"@type\":\"ListItem\",\"position\":1,\"name\":\"Home\",\"item\":\"https:\\\/\\\/www.sebastien-auziere.fr\\\/blog\\\/\"},{\"@type\":\"ListItem\",\"position\":2,\"name\":\"Brigitte Macron begeistert in einem schwarzen Samtanzug bei einer au\u00dfergew\u00f6hnlichen Zeremonie im \u00c9lys\u00e9e\"}]},{\"@type\":\"WebSite\",\"@id\":\"https:\\\/\\\/www.sebastien-auziere.fr\\\/blog\\\/#website\",\"url\":\"https:\\\/\\\/www.sebastien-auziere.fr\\\/blog\\\/\",\"name\":\"Fan site S\u00e9bastien Auzi\u00e8re\",\"description\":\"M\u00e9dia g\u00e9n\u00e9raliste\",\"publisher\":{\"@id\":\"https:\\\/\\\/www.sebastien-auziere.fr\\\/blog\\\/#organization\"},\"potentialAction\":[{\"@type\":\"SearchAction\",\"target\":{\"@type\":\"EntryPoint\",\"urlTemplate\":\"https:\\\/\\\/www.sebastien-auziere.fr\\\/blog\\\/?s={search_term_string}\"},\"query-input\":{\"@type\":\"PropertyValueSpecification\",\"valueRequired\":true,\"valueName\":\"search_term_string\"}}],\"inLanguage\":\"fr-FR\"},{\"@type\":\"Organization\",\"@id\":\"https:\\\/\\\/www.sebastien-auziere.fr\\\/blog\\\/#organization\",\"name\":\"Fan site S\u00e9bastien Auzi\u00e8re\",\"url\":\"https:\\\/\\\/www.sebastien-auziere.fr\\\/blog\\\/\",\"logo\":{\"@type\":\"ImageObject\",\"inLanguage\":\"fr-FR\",\"@id\":\"https:\\\/\\\/www.sebastien-auziere.fr\\\/blog\\\/#\\\/schema\\\/logo\\\/image\\\/\",\"url\":\"https:\\\/\\\/www.sebastien-auziere.fr\\\/blog\\\/wp-content\\\/uploads\\\/2026\\\/03\\\/cropped-cropped-cropped-ChatGPT-Image-6-mars-2026-12_58_09-e1772798376794.jpg\",\"contentUrl\":\"https:\\\/\\\/www.sebastien-auziere.fr\\\/blog\\\/wp-content\\\/uploads\\\/2026\\\/03\\\/cropped-cropped-cropped-ChatGPT-Image-6-mars-2026-12_58_09-e1772798376794.jpg\",\"width\":512,\"height\":360,\"caption\":\"Fan site S\u00e9bastien Auzi\u00e8re\"},\"image\":{\"@id\":\"https:\\\/\\\/www.sebastien-auziere.fr\\\/blog\\\/#\\\/schema\\\/logo\\\/image\\\/\"}},{\"@type\":\"Person\",\"@id\":\"https:\\\/\\\/www.sebastien-auziere.fr\\\/blog\\\/#\\\/schema\\\/person\\\/149f1acdbfd85149c6c3e59adeae2f4d\",\"name\":\"Chloe Gauthier\",\"image\":{\"@type\":\"ImageObject\",\"inLanguage\":\"fr-FR\",\"@id\":\"https:\\\/\\\/secure.gravatar.com\\\/avatar\\\/2c5722f58171cff738a8985ef0dd66b476e563753246a49019befc837ec4201a?s=96&d=mm&r=g\",\"url\":\"https:\\\/\\\/secure.gravatar.com\\\/avatar\\\/2c5722f58171cff738a8985ef0dd66b476e563753246a49019befc837ec4201a?s=96&d=mm&r=g\",\"contentUrl\":\"https:\\\/\\\/secure.gravatar.com\\\/avatar\\\/2c5722f58171cff738a8985ef0dd66b476e563753246a49019befc837ec4201a?s=96&d=mm&r=g\",\"caption\":\"Chloe Gauthier\"},\"description\":\"Passionn\u00e9e par la politique et admiratrice engag\u00e9e de la famille Macron, je consacre mon \u00e9nergie \u00e0 suivre leurs initiatives et \u00e0 promouvoir leurs id\u00e9es. \u00c0 32 ans, je suis convaincue que leur vision est porteuse d'avenir.\",\"url\":\"https:\\\/\\\/www.sebastien-auziere.fr\\\/blog\\\/author\\\/chloe-gauthier\\\/\"}]}<\/script>\n<!-- \/ Yoast SEO plugin. -->","yoast_head_json":{"title":"Brigitte Macron begeistert in einem schwarzen Samtanzug bei einer au\u00dfergew\u00f6hnlichen Zeremonie im \u00c9lys\u00e9e - Fan site S\u00e9bastien Auzi\u00e8re","description":"Brigitte Macron \u00e9blouit en costume de velours noir lors d\u2019une c\u00e9r\u00e9monie d\u2019exception \u00e0 l\u2019\u00c9lys\u00e9e, alliant \u00e9l\u00e9gance et raffinement.","robots":{"index":"index","follow":"follow","max-snippet":"max-snippet:-1","max-image-preview":"max-image-preview:large","max-video-preview":"max-video-preview:-1"},"canonical":"https:\/\/www.sebastien-auziere.fr\/blog\/de\/brigitte-macron-begeistert-in-einem-schwarzen-samtanzug-bei-einer-ausergewohnlichen-zeremonie-im-elysee\/","og_locale":"fr_FR","og_type":"article","og_title":"Brigitte Macron begeistert in einem schwarzen Samtanzug bei einer au\u00dfergew\u00f6hnlichen Zeremonie im \u00c9lys\u00e9e - Fan site S\u00e9bastien Auzi\u00e8re","og_description":"Brigitte Macron \u00e9blouit en costume de velours noir lors d\u2019une c\u00e9r\u00e9monie d\u2019exception \u00e0 l\u2019\u00c9lys\u00e9e, alliant \u00e9l\u00e9gance et raffinement.","og_url":"https:\/\/www.sebastien-auziere.fr\/blog\/de\/brigitte-macron-begeistert-in-einem-schwarzen-samtanzug-bei-einer-ausergewohnlichen-zeremonie-im-elysee\/","og_site_name":"Fan site S\u00e9bastien Auzi\u00e8re","article_published_time":"2026-04-19T19:11:29+00:00","article_modified_time":"2026-04-19T19:11:58+00:00","og_image":[{"width":2560,"height":1429,"url":"https:\/\/www.sebastien-auziere.fr\/blog\/wp-content\/uploads\/2026\/04\/Brigitte-Macron-eblouit-en-costume-de-velours-noir-lors-dune-ceremonie-dexception-a-lElysee.jpg","type":"image\/jpeg"}],"author":"Chloe Gauthier","twitter_card":"summary_large_image","twitter_misc":{"\u00c9crit par":"Chloe Gauthier","Dur\u00e9e de lecture estim\u00e9e":"2 minutes"},"schema":{"@context":"https:\/\/schema.org","@graph":[{"@type":"Article","@id":"https:\/\/www.sebastien-auziere.fr\/blog\/de\/brigitte-macron-begeistert-in-einem-schwarzen-samtanzug-bei-einer-ausergewohnlichen-zeremonie-im-elysee\/#article","isPartOf":{"@id":"https:\/\/www.sebastien-auziere.fr\/blog\/de\/brigitte-macron-begeistert-in-einem-schwarzen-samtanzug-bei-einer-ausergewohnlichen-zeremonie-im-elysee\/"},"author":{"name":"Chloe Gauthier","@id":"https:\/\/www.sebastien-auziere.fr\/blog\/#\/schema\/person\/149f1acdbfd85149c6c3e59adeae2f4d"},"headline":"Brigitte Macron begeistert in einem schwarzen Samtanzug bei einer au\u00dfergew\u00f6hnlichen Zeremonie im \u00c9lys\u00e9e","datePublished":"2026-04-19T19:11:29+00:00","dateModified":"2026-04-19T19:11:58+00:00","mainEntityOfPage":{"@id":"https:\/\/www.sebastien-auziere.fr\/blog\/de\/brigitte-macron-begeistert-in-einem-schwarzen-samtanzug-bei-einer-ausergewohnlichen-zeremonie-im-elysee\/"},"wordCount":478,"commentCount":0,"publisher":{"@id":"https:\/\/www.sebastien-auziere.fr\/blog\/#organization"},"image":{"@id":"https:\/\/www.sebastien-auziere.fr\/blog\/de\/brigitte-macron-begeistert-in-einem-schwarzen-samtanzug-bei-einer-ausergewohnlichen-zeremonie-im-elysee\/#primaryimage"},"thumbnailUrl":"https:\/\/www.sebastien-auziere.fr\/blog\/wp-content\/uploads\/2026\/04\/Brigitte-Macron-eblouit-en-costume-de-velours-noir-lors-dune-ceremonie-dexception-a-lElysee.jpg","keywords":["brigitte macron","elegante Kleidung","\u00e9lys\u00e9e","feierliche Zeremonie","kost\u00fcm aus samt"],"articleSection":["Aktuelles"],"inLanguage":"fr-FR","potentialAction":[{"@type":"CommentAction","name":"Comment","target":["https:\/\/www.sebastien-auziere.fr\/blog\/de\/brigitte-macron-begeistert-in-einem-schwarzen-samtanzug-bei-einer-ausergewohnlichen-zeremonie-im-elysee\/#respond"]}]},{"@type":"WebPage","@id":"https:\/\/www.sebastien-auziere.fr\/blog\/de\/brigitte-macron-begeistert-in-einem-schwarzen-samtanzug-bei-einer-ausergewohnlichen-zeremonie-im-elysee\/","url":"https:\/\/www.sebastien-auziere.fr\/blog\/de\/brigitte-macron-begeistert-in-einem-schwarzen-samtanzug-bei-einer-ausergewohnlichen-zeremonie-im-elysee\/","name":"Brigitte Macron begeistert in einem schwarzen Samtanzug bei einer au\u00dfergew\u00f6hnlichen Zeremonie im \u00c9lys\u00e9e - Fan site S\u00e9bastien Auzi\u00e8re","isPartOf":{"@id":"https:\/\/www.sebastien-auziere.fr\/blog\/#website"},"primaryImageOfPage":{"@id":"https:\/\/www.sebastien-auziere.fr\/blog\/de\/brigitte-macron-begeistert-in-einem-schwarzen-samtanzug-bei-einer-ausergewohnlichen-zeremonie-im-elysee\/#primaryimage"},"image":{"@id":"https:\/\/www.sebastien-auziere.fr\/blog\/de\/brigitte-macron-begeistert-in-einem-schwarzen-samtanzug-bei-einer-ausergewohnlichen-zeremonie-im-elysee\/#primaryimage"},"thumbnailUrl":"https:\/\/www.sebastien-auziere.fr\/blog\/wp-content\/uploads\/2026\/04\/Brigitte-Macron-eblouit-en-costume-de-velours-noir-lors-dune-ceremonie-dexception-a-lElysee.jpg","datePublished":"2026-04-19T19:11:29+00:00","dateModified":"2026-04-19T19:11:58+00:00","description":"Brigitte Macron \u00e9blouit en costume de velours noir lors d\u2019une c\u00e9r\u00e9monie d\u2019exception \u00e0 l\u2019\u00c9lys\u00e9e, alliant \u00e9l\u00e9gance et raffinement.","breadcrumb":{"@id":"https:\/\/www.sebastien-auziere.fr\/blog\/de\/brigitte-macron-begeistert-in-einem-schwarzen-samtanzug-bei-einer-ausergewohnlichen-zeremonie-im-elysee\/#breadcrumb"},"inLanguage":"fr-FR","potentialAction":[{"@type":"ReadAction","target":["https:\/\/www.sebastien-auziere.fr\/blog\/de\/brigitte-macron-begeistert-in-einem-schwarzen-samtanzug-bei-einer-ausergewohnlichen-zeremonie-im-elysee\/"]}]},{"@type":"ImageObject","inLanguage":"fr-FR","@id":"https:\/\/www.sebastien-auziere.fr\/blog\/de\/brigitte-macron-begeistert-in-einem-schwarzen-samtanzug-bei-einer-ausergewohnlichen-zeremonie-im-elysee\/#primaryimage","url":"https:\/\/www.sebastien-auziere.fr\/blog\/wp-content\/uploads\/2026\/04\/Brigitte-Macron-eblouit-en-costume-de-velours-noir-lors-dune-ceremonie-dexception-a-lElysee.jpg","contentUrl":"https:\/\/www.sebastien-auziere.fr\/blog\/wp-content\/uploads\/2026\/04\/Brigitte-Macron-eblouit-en-costume-de-velours-noir-lors-dune-ceremonie-dexception-a-lElysee.jpg","width":2560,"height":1429,"caption":"d\u00e9couvrez brigitte macron rayonnante en costume de velours noir lors d'une c\u00e9r\u00e9monie exceptionnelle \u00e0 l\u2019\u00e9lys\u00e9e, alliant \u00e9l\u00e9gance et raffinement."},{"@type":"BreadcrumbList","@id":"https:\/\/www.sebastien-auziere.fr\/blog\/de\/brigitte-macron-begeistert-in-einem-schwarzen-samtanzug-bei-einer-ausergewohnlichen-zeremonie-im-elysee\/#breadcrumb","itemListElement":[{"@type":"ListItem","position":1,"name":"Home","item":"https:\/\/www.sebastien-auziere.fr\/blog\/"},{"@type":"ListItem","position":2,"name":"Brigitte Macron begeistert in einem schwarzen Samtanzug bei einer au\u00dfergew\u00f6hnlichen Zeremonie im \u00c9lys\u00e9e"}]},{"@type":"WebSite","@id":"https:\/\/www.sebastien-auziere.fr\/blog\/#website","url":"https:\/\/www.sebastien-auziere.fr\/blog\/","name":"Fan site S\u00e9bastien Auzi\u00e8re","description":"M\u00e9dia g\u00e9n\u00e9raliste","publisher":{"@id":"https:\/\/www.sebastien-auziere.fr\/blog\/#organization"},"potentialAction":[{"@type":"SearchAction","target":{"@type":"EntryPoint","urlTemplate":"https:\/\/www.sebastien-auziere.fr\/blog\/?s={search_term_string}"},"query-input":{"@type":"PropertyValueSpecification","valueRequired":true,"valueName":"search_term_string"}}],"inLanguage":"fr-FR"},{"@type":"Organization","@id":"https:\/\/www.sebastien-auziere.fr\/blog\/#organization","name":"Fan site S\u00e9bastien Auzi\u00e8re","url":"https:\/\/www.sebastien-auziere.fr\/blog\/","logo":{"@type":"ImageObject","inLanguage":"fr-FR","@id":"https:\/\/www.sebastien-auziere.fr\/blog\/#\/schema\/logo\/image\/","url":"https:\/\/www.sebastien-auziere.fr\/blog\/wp-content\/uploads\/2026\/03\/cropped-cropped-cropped-ChatGPT-Image-6-mars-2026-12_58_09-e1772798376794.jpg","contentUrl":"https:\/\/www.sebastien-auziere.fr\/blog\/wp-content\/uploads\/2026\/03\/cropped-cropped-cropped-ChatGPT-Image-6-mars-2026-12_58_09-e1772798376794.jpg","width":512,"height":360,"caption":"Fan site S\u00e9bastien Auzi\u00e8re"},"image":{"@id":"https:\/\/www.sebastien-auziere.fr\/blog\/#\/schema\/logo\/image\/"}},{"@type":"Person","@id":"https:\/\/www.sebastien-auziere.fr\/blog\/#\/schema\/person\/149f1acdbfd85149c6c3e59adeae2f4d","name":"Chloe Gauthier","image":{"@type":"ImageObject","inLanguage":"fr-FR","@id":"https:\/\/secure.gravatar.com\/avatar\/2c5722f58171cff738a8985ef0dd66b476e563753246a49019befc837ec4201a?s=96&d=mm&r=g","url":"https:\/\/secure.gravatar.com\/avatar\/2c5722f58171cff738a8985ef0dd66b476e563753246a49019befc837ec4201a?s=96&d=mm&r=g","contentUrl":"https:\/\/secure.gravatar.com\/avatar\/2c5722f58171cff738a8985ef0dd66b476e563753246a49019befc837ec4201a?s=96&d=mm&r=g","caption":"Chloe Gauthier"},"description":"Passionn\u00e9e par la politique et admiratrice engag\u00e9e de la famille Macron, je consacre mon \u00e9nergie \u00e0 suivre leurs initiatives et \u00e0 promouvoir leurs id\u00e9es. \u00c0 32 ans, je suis convaincue que leur vision est porteuse d'avenir.","url":"https:\/\/www.sebastien-auziere.fr\/blog\/author\/chloe-gauthier\/"}]}},"views":2,"_links":{"self":[{"href":"https:\/\/www.sebastien-auziere.fr\/blog\/wp-json\/wp\/v2\/posts\/3164","targetHints":{"allow":["GET"]}}],"collection":[{"href":"https:\/\/www.sebastien-auziere.fr\/blog\/wp-json\/wp\/v2\/posts"}],"about":[{"href":"https:\/\/www.sebastien-auziere.fr\/blog\/wp-json\/wp\/v2\/types\/post"}],"author":[{"embeddable":true,"href":"https:\/\/www.sebastien-auziere.fr\/blog\/wp-json\/wp\/v2\/users\/9"}],"replies":[{"embeddable":true,"href":"https:\/\/www.sebastien-auziere.fr\/blog\/wp-json\/wp\/v2\/comments?post=3164"}],"version-history":[{"count":1,"href":"https:\/\/www.sebastien-auziere.fr\/blog\/wp-json\/wp\/v2\/posts\/3164\/revisions"}],"predecessor-version":[{"id":3165,"href":"https:\/\/www.sebastien-auziere.fr\/blog\/wp-json\/wp\/v2\/posts\/3164\/revisions\/3165"}],"wp:featuredmedia":[{"embeddable":true,"href":"https:\/\/www.sebastien-auziere.fr\/blog\/wp-json\/wp\/v2\/media\/3158"}],"wp:attachment":[{"href":"https:\/\/www.sebastien-auziere.fr\/blog\/wp-json\/wp\/v2\/media?parent=3164"}],"wp:term":[{"taxonomy":"category","embeddable":true,"href":"https:\/\/www.sebastien-auziere.fr\/blog\/wp-json\/wp\/v2\/categories?post=3164"},{"taxonomy":"post_tag","embeddable":true,"href":"https:\/\/www.sebastien-auziere.fr\/blog\/wp-json\/wp\/v2\/tags?post=3164"}],"curies":[{"name":"wp","href":"https:\/\/api.w.org\/{rel}","templated":true}]}}