{"id":3162,"date":"2026-04-19T19:10:31","date_gmt":"2026-04-19T19:10:31","guid":{"rendered":"https:\/\/www.sebastien-auziere.fr\/blog\/?p=3162"},"modified":"2026-04-19T19:11:15","modified_gmt":"2026-04-19T19:11:15","slug":"brigitte-macron-deslumbra-en-un-traje-de-terciopelo-negro-durante-una-ceremonia-excepcional-en-el-eliseo","status":"publish","type":"post","link":"https:\/\/www.sebastien-auziere.fr\/blog\/es\/brigitte-macron-deslumbra-en-un-traje-de-terciopelo-negro-durante-una-ceremonia-excepcional-en-el-eliseo\/","title":{"rendered":"Brigitte Macron deslumbra en un traje de terciopelo negro durante una ceremonia excepcional en el El\u00edseo"},"content":{"rendered":"<p><strong>Brigitte Macron<\/strong> ilumin\u00f3 el umbral del <strong>El\u00edseo<\/strong> el <strong>17 de abril de 2026<\/strong>, eligiendo un <strong>traje de terciopelo negro<\/strong> de una sobriedad perfecta para una <strong>ceremonia excepcional<\/strong>. Desde su entrada, la <strong>primera dama<\/strong> cautiv\u00f3 las miradas con una chaqueta estructurada y un pantal\u00f3n de pitillo, confirmando un sentido del <strong>estilo chic<\/strong> a la francesa.<\/p>\n\n<p><strong>En resumen:<\/strong> atuendo sobrio pero refinado, invitados prestigiosos presentes para la entrega de la <strong>orden nacional del M\u00e9rito<\/strong>, y una foto compartida por <strong>Bruno Le Maire<\/strong> el 18 de abril que recorri\u00f3 las redes.<\/p>\n\n<h2 class=\"wp-block-heading\">Un look estudiado para un <strong>evento oficial<\/strong> en el El\u00edseo<\/h2>\n\n<p>Durante la ceremonia en la que Emmanuel Macron condecor\u00f3 a personalidades como <strong>Jean\u2011Pierre Papin<\/strong> y el compositor <strong>Philippe Sarde<\/strong>, la <strong>primera dama<\/strong> opt\u00f3 por un <strong>atuendo sofisticado<\/strong> en terciopelo. El corte impecablemente ajustado destac\u00f3 una silueta cl\u00e1sica y contempor\u00e1nea, subrayada por unos tacones negros y un maquillaje natural. Esta aparici\u00f3n confirma su influencia en la <strong>moda femenina<\/strong> institucional. Para un regreso en im\u00e1genes, consulta el portafolio de <a href=\"https:\/\/www.gala.fr\/mode\/les_stars_et_la_mode\/brigitte-macron-tres-chic-en-costume-de-velours-noir-pour-une-prestigieuse-ceremonie-a-l-elysee-20260419\" rel=\"nofollow\">Gala<\/a>.<\/p>\n\n<h3 class=\"wp-block-heading\">Los invitados y la atm\u00f3sfera de la noche<\/h3>\n\n<p>La lista de los asistentes inclu\u00eda figuras del cine y el deporte como <strong>Muriel Robin<\/strong>, <strong>Fanny Ardant<\/strong>, <strong>Fran\u00e7ois Berl\u00e9and<\/strong>, as\u00ed como personalidades pol\u00edticas, incluyendo a <strong>Bruno Le Maire<\/strong>. El director del Mont\u2011Saint\u2011Michel, <strong>Thomas Velter<\/strong>, formaba parte de los condecorados. Una foto publicada el 18 de abril por <strong>Bruno Le Maire<\/strong> en Instagram resalt\u00f3 la ambientaci\u00f3n sobria y protocolaria del <strong>El\u00edseo<\/strong>, donde el <strong>traje de terciopelo negro<\/strong> se impuso como la elecci\u00f3n ideal para la solemnidad del momento.<\/p>\n\n<h2 class=\"wp-block-heading\">Elegancia y c\u00f3digos de la <strong>moda femenina<\/strong><br>\n<\/h2>\n\n<p>La primera dama jug\u00f3 la carta de la discreci\u00f3n medida: un terciopelo profundo, l\u00edneas n\u00edtidas, accesorios m\u00ednimos. Su peinado ligeramente voluminoso y su maquillaje sutilmente trabajado reforzaron la idea de una <strong>elegancia<\/strong> sin ostentaci\u00f3n. Esta elecci\u00f3n resuena con otras apariciones notables de este a\u00f1o, como su vestido rojo durante una cena de estado y sus joyas de Louis Vuitton, ampliamente comentadas por la prensa especializada <a href=\"https:\/\/www.marieclaire.fr\/brigitte-macron-style-looks-mode-evolution,1135900.asp\" rel=\"nofollow\">Marie Claire<\/a>.<\/p>\n\n<h2 class=\"wp-block-heading\">Una aparici\u00f3n que confirma un estilo<\/h2>\n\n<p>Esta visita al <strong>El\u00edseo<\/strong> ilustra la capacidad de la primera dama para fusionar protocolo y modernidad. El <strong>traje de terciopelo negro<\/strong> resuena como una respuesta contempor\u00e1nea a los c\u00f3digos tradicionales de las ceremonias oficiales, subrayando una silueta esbelta y afirmativa. El momento tambi\u00e9n recuerda colaboraciones de moda anteriores y constantes comentarios en los medios sobre sus elecciones de vestuario.<\/p>\n\n<p>Para saber m\u00e1s sobre la vida p\u00fablica y las apariciones de la familia Macron, as\u00ed como sobre los v\u00ednculos familiares y los bastidores, descubre retratos y an\u00e1lisis detallados en <a href=\"https:\/\/www.sebastien-auziere.fr\/blog\/brigitte-macron-73-ans\/\" rel=\"nofollow\">el sitio dedicado<\/a> y contin\u00faa la lectura con otra cr\u00f3nica sobre su atuendo en el Vaticano <a href=\"https:\/\/www.sebastien-auziere.fr\/blog\/brigitte-macron-vatican-noir\/\" rel=\"nofollow\">aqu\u00ed<\/a>. Visita <a href=\"https:\/\/www.sebastien-auziere.fr\/blog\/brigitte-macron-73-ans\/\" rel=\"nofollow\">sebastien-auziere.fr<\/a> para descubrir m\u00e1s sobre <strong>S\u00e9bastien Auzi\u00e8re<\/strong> y la <strong>familia Macron<\/strong>.<\/p>","protected":false},"excerpt":{"rendered":"<p>Brigitte Macron ilumin\u00f3 el umbral del El\u00edseo el 17 de abril de 2026, eligiendo un traje de terciopelo negro de una sobriedad perfecta para una ceremonia excepcional. Desde su entrada, la primera dama cautiv\u00f3 las miradas con una chaqueta estructurada y un pantal\u00f3n de pitillo, confirmando un sentido del estilo chic a la francesa. En &#8230; <a title=\"Brigitte Macron deslumbra en un traje de terciopelo negro durante una ceremonia excepcional en el El\u00edseo\" class=\"read-more\" href=\"https:\/\/www.sebastien-auziere.fr\/blog\/es\/brigitte-macron-deslumbra-en-un-traje-de-terciopelo-negro-durante-una-ceremonia-excepcional-en-el-eliseo\/\" aria-label=\"En savoir plus sur Brigitte Macron deslumbra en un traje de terciopelo negro durante una ceremonia excepcional en el El\u00edseo\">Lire plus<\/a><\/p>\n","protected":false},"author":9,"featured_media":3158,"comment_status":"open","ping_status":"open","sticky":false,"template":"","format":"standard","meta":{"footnotes":""},"categories":[820],"tags":[914,3586,3589,3348,3592],"class_list":["post-3162","post","type-post","status-publish","format-standard","has-post-thumbnail","hentry","category-actualidades-es","tag-brigitte-macron-es","tag-ceremonia-excepcional-es","tag-costo-de-terciopelo-es","tag-elysee-es","tag-tenida-elegante-es"],"yoast_head":"<!-- This site is optimized with the Yoast SEO plugin v27.5 - https:\/\/yoast.com\/product\/yoast-seo-wordpress\/ -->\n<title>Brigitte Macron deslumbra en un traje de terciopelo negro durante una ceremonia excepcional en el El\u00edseo - Fan site S\u00e9bastien Auzi\u00e8re<\/title>\n<meta name=\"description\" content=\"Brigitte Macron \u00e9blouit en costume de velours noir lors d\u2019une c\u00e9r\u00e9monie d\u2019exception \u00e0 l\u2019\u00c9lys\u00e9e, alliant \u00e9l\u00e9gance et raffinement.\" \/>\n<meta name=\"robots\" content=\"index, follow, max-snippet:-1, max-image-preview:large, max-video-preview:-1\" \/>\n<link rel=\"canonical\" href=\"https:\/\/www.sebastien-auziere.fr\/blog\/es\/brigitte-macron-deslumbra-en-un-traje-de-terciopelo-negro-durante-una-ceremonia-excepcional-en-el-eliseo\/\" \/>\n<meta property=\"og:locale\" content=\"fr_FR\" \/>\n<meta property=\"og:type\" content=\"article\" \/>\n<meta property=\"og:title\" content=\"Brigitte Macron deslumbra en un traje de terciopelo negro durante una ceremonia excepcional en el El\u00edseo - Fan site S\u00e9bastien Auzi\u00e8re\" \/>\n<meta property=\"og:description\" content=\"Brigitte Macron \u00e9blouit en costume de velours noir lors d\u2019une c\u00e9r\u00e9monie d\u2019exception \u00e0 l\u2019\u00c9lys\u00e9e, alliant \u00e9l\u00e9gance et raffinement.\" \/>\n<meta property=\"og:url\" content=\"https:\/\/www.sebastien-auziere.fr\/blog\/es\/brigitte-macron-deslumbra-en-un-traje-de-terciopelo-negro-durante-una-ceremonia-excepcional-en-el-eliseo\/\" \/>\n<meta property=\"og:site_name\" content=\"Fan site S\u00e9bastien Auzi\u00e8re\" \/>\n<meta property=\"article:published_time\" content=\"2026-04-19T19:10:31+00:00\" \/>\n<meta property=\"article:modified_time\" content=\"2026-04-19T19:11:15+00:00\" \/>\n<meta property=\"og:image\" content=\"https:\/\/www.sebastien-auziere.fr\/blog\/wp-content\/uploads\/2026\/04\/Brigitte-Macron-eblouit-en-costume-de-velours-noir-lors-dune-ceremonie-dexception-a-lElysee.jpg\" \/>\n\t<meta property=\"og:image:width\" content=\"2560\" \/>\n\t<meta property=\"og:image:height\" content=\"1429\" \/>\n\t<meta property=\"og:image:type\" content=\"image\/jpeg\" \/>\n<meta name=\"author\" content=\"Chloe Gauthier\" \/>\n<meta name=\"twitter:card\" content=\"summary_large_image\" \/>\n<meta name=\"twitter:label1\" content=\"\u00c9crit par\" \/>\n\t<meta name=\"twitter:data1\" content=\"Chloe Gauthier\" \/>\n\t<meta name=\"twitter:label2\" content=\"Dur\u00e9e de lecture estim\u00e9e\" \/>\n\t<meta name=\"twitter:data2\" content=\"2 minutes\" \/>\n<script type=\"application\/ld+json\" class=\"yoast-schema-graph\">{\"@context\":\"https:\\\/\\\/schema.org\",\"@graph\":[{\"@type\":\"Article\",\"@id\":\"https:\\\/\\\/www.sebastien-auziere.fr\\\/blog\\\/es\\\/brigitte-macron-deslumbra-en-un-traje-de-terciopelo-negro-durante-una-ceremonia-excepcional-en-el-eliseo\\\/#article\",\"isPartOf\":{\"@id\":\"https:\\\/\\\/www.sebastien-auziere.fr\\\/blog\\\/es\\\/brigitte-macron-deslumbra-en-un-traje-de-terciopelo-negro-durante-una-ceremonia-excepcional-en-el-eliseo\\\/\"},\"author\":{\"name\":\"Chloe Gauthier\",\"@id\":\"https:\\\/\\\/www.sebastien-auziere.fr\\\/blog\\\/#\\\/schema\\\/person\\\/149f1acdbfd85149c6c3e59adeae2f4d\"},\"headline\":\"Brigitte Macron deslumbra en un traje de terciopelo negro durante una ceremonia excepcional en el El\u00edseo\",\"datePublished\":\"2026-04-19T19:10:31+00:00\",\"dateModified\":\"2026-04-19T19:11:15+00:00\",\"mainEntityOfPage\":{\"@id\":\"https:\\\/\\\/www.sebastien-auziere.fr\\\/blog\\\/es\\\/brigitte-macron-deslumbra-en-un-traje-de-terciopelo-negro-durante-una-ceremonia-excepcional-en-el-eliseo\\\/\"},\"wordCount\":503,\"commentCount\":0,\"publisher\":{\"@id\":\"https:\\\/\\\/www.sebastien-auziere.fr\\\/blog\\\/#organization\"},\"image\":{\"@id\":\"https:\\\/\\\/www.sebastien-auziere.fr\\\/blog\\\/es\\\/brigitte-macron-deslumbra-en-un-traje-de-terciopelo-negro-durante-una-ceremonia-excepcional-en-el-eliseo\\\/#primaryimage\"},\"thumbnailUrl\":\"https:\\\/\\\/www.sebastien-auziere.fr\\\/blog\\\/wp-content\\\/uploads\\\/2026\\\/04\\\/Brigitte-Macron-eblouit-en-costume-de-velours-noir-lors-dune-ceremonie-dexception-a-lElysee.jpg\",\"keywords\":[\"brigitte macron\",\"ceremonia excepcional\",\"costo de terciopelo\",\"\u00e9lys\u00e9e\",\"tenida elegante\"],\"articleSection\":[\"Actualidades\"],\"inLanguage\":\"fr-FR\",\"potentialAction\":[{\"@type\":\"CommentAction\",\"name\":\"Comment\",\"target\":[\"https:\\\/\\\/www.sebastien-auziere.fr\\\/blog\\\/es\\\/brigitte-macron-deslumbra-en-un-traje-de-terciopelo-negro-durante-una-ceremonia-excepcional-en-el-eliseo\\\/#respond\"]}]},{\"@type\":\"WebPage\",\"@id\":\"https:\\\/\\\/www.sebastien-auziere.fr\\\/blog\\\/es\\\/brigitte-macron-deslumbra-en-un-traje-de-terciopelo-negro-durante-una-ceremonia-excepcional-en-el-eliseo\\\/\",\"url\":\"https:\\\/\\\/www.sebastien-auziere.fr\\\/blog\\\/es\\\/brigitte-macron-deslumbra-en-un-traje-de-terciopelo-negro-durante-una-ceremonia-excepcional-en-el-eliseo\\\/\",\"name\":\"Brigitte Macron deslumbra en un traje de terciopelo negro durante una ceremonia excepcional en el El\u00edseo - Fan site S\u00e9bastien Auzi\u00e8re\",\"isPartOf\":{\"@id\":\"https:\\\/\\\/www.sebastien-auziere.fr\\\/blog\\\/#website\"},\"primaryImageOfPage\":{\"@id\":\"https:\\\/\\\/www.sebastien-auziere.fr\\\/blog\\\/es\\\/brigitte-macron-deslumbra-en-un-traje-de-terciopelo-negro-durante-una-ceremonia-excepcional-en-el-eliseo\\\/#primaryimage\"},\"image\":{\"@id\":\"https:\\\/\\\/www.sebastien-auziere.fr\\\/blog\\\/es\\\/brigitte-macron-deslumbra-en-un-traje-de-terciopelo-negro-durante-una-ceremonia-excepcional-en-el-eliseo\\\/#primaryimage\"},\"thumbnailUrl\":\"https:\\\/\\\/www.sebastien-auziere.fr\\\/blog\\\/wp-content\\\/uploads\\\/2026\\\/04\\\/Brigitte-Macron-eblouit-en-costume-de-velours-noir-lors-dune-ceremonie-dexception-a-lElysee.jpg\",\"datePublished\":\"2026-04-19T19:10:31+00:00\",\"dateModified\":\"2026-04-19T19:11:15+00:00\",\"description\":\"Brigitte Macron \u00e9blouit en costume de velours noir lors d\u2019une c\u00e9r\u00e9monie d\u2019exception \u00e0 l\u2019\u00c9lys\u00e9e, alliant \u00e9l\u00e9gance et raffinement.\",\"breadcrumb\":{\"@id\":\"https:\\\/\\\/www.sebastien-auziere.fr\\\/blog\\\/es\\\/brigitte-macron-deslumbra-en-un-traje-de-terciopelo-negro-durante-una-ceremonia-excepcional-en-el-eliseo\\\/#breadcrumb\"},\"inLanguage\":\"fr-FR\",\"potentialAction\":[{\"@type\":\"ReadAction\",\"target\":[\"https:\\\/\\\/www.sebastien-auziere.fr\\\/blog\\\/es\\\/brigitte-macron-deslumbra-en-un-traje-de-terciopelo-negro-durante-una-ceremonia-excepcional-en-el-eliseo\\\/\"]}]},{\"@type\":\"ImageObject\",\"inLanguage\":\"fr-FR\",\"@id\":\"https:\\\/\\\/www.sebastien-auziere.fr\\\/blog\\\/es\\\/brigitte-macron-deslumbra-en-un-traje-de-terciopelo-negro-durante-una-ceremonia-excepcional-en-el-eliseo\\\/#primaryimage\",\"url\":\"https:\\\/\\\/www.sebastien-auziere.fr\\\/blog\\\/wp-content\\\/uploads\\\/2026\\\/04\\\/Brigitte-Macron-eblouit-en-costume-de-velours-noir-lors-dune-ceremonie-dexception-a-lElysee.jpg\",\"contentUrl\":\"https:\\\/\\\/www.sebastien-auziere.fr\\\/blog\\\/wp-content\\\/uploads\\\/2026\\\/04\\\/Brigitte-Macron-eblouit-en-costume-de-velours-noir-lors-dune-ceremonie-dexception-a-lElysee.jpg\",\"width\":2560,\"height\":1429,\"caption\":\"d\u00e9couvrez brigitte macron rayonnante en costume de velours noir lors d'une c\u00e9r\u00e9monie exceptionnelle \u00e0 l\u2019\u00e9lys\u00e9e, alliant \u00e9l\u00e9gance et raffinement.\"},{\"@type\":\"BreadcrumbList\",\"@id\":\"https:\\\/\\\/www.sebastien-auziere.fr\\\/blog\\\/es\\\/brigitte-macron-deslumbra-en-un-traje-de-terciopelo-negro-durante-una-ceremonia-excepcional-en-el-eliseo\\\/#breadcrumb\",\"itemListElement\":[{\"@type\":\"ListItem\",\"position\":1,\"name\":\"Home\",\"item\":\"https:\\\/\\\/www.sebastien-auziere.fr\\\/blog\\\/\"},{\"@type\":\"ListItem\",\"position\":2,\"name\":\"Brigitte Macron deslumbra en un traje de terciopelo negro durante una ceremonia excepcional en el El\u00edseo\"}]},{\"@type\":\"WebSite\",\"@id\":\"https:\\\/\\\/www.sebastien-auziere.fr\\\/blog\\\/#website\",\"url\":\"https:\\\/\\\/www.sebastien-auziere.fr\\\/blog\\\/\",\"name\":\"Fan site S\u00e9bastien Auzi\u00e8re\",\"description\":\"M\u00e9dia g\u00e9n\u00e9raliste\",\"publisher\":{\"@id\":\"https:\\\/\\\/www.sebastien-auziere.fr\\\/blog\\\/#organization\"},\"potentialAction\":[{\"@type\":\"SearchAction\",\"target\":{\"@type\":\"EntryPoint\",\"urlTemplate\":\"https:\\\/\\\/www.sebastien-auziere.fr\\\/blog\\\/?s={search_term_string}\"},\"query-input\":{\"@type\":\"PropertyValueSpecification\",\"valueRequired\":true,\"valueName\":\"search_term_string\"}}],\"inLanguage\":\"fr-FR\"},{\"@type\":\"Organization\",\"@id\":\"https:\\\/\\\/www.sebastien-auziere.fr\\\/blog\\\/#organization\",\"name\":\"Fan site S\u00e9bastien Auzi\u00e8re\",\"url\":\"https:\\\/\\\/www.sebastien-auziere.fr\\\/blog\\\/\",\"logo\":{\"@type\":\"ImageObject\",\"inLanguage\":\"fr-FR\",\"@id\":\"https:\\\/\\\/www.sebastien-auziere.fr\\\/blog\\\/#\\\/schema\\\/logo\\\/image\\\/\",\"url\":\"https:\\\/\\\/www.sebastien-auziere.fr\\\/blog\\\/wp-content\\\/uploads\\\/2026\\\/03\\\/cropped-cropped-cropped-ChatGPT-Image-6-mars-2026-12_58_09-e1772798376794.jpg\",\"contentUrl\":\"https:\\\/\\\/www.sebastien-auziere.fr\\\/blog\\\/wp-content\\\/uploads\\\/2026\\\/03\\\/cropped-cropped-cropped-ChatGPT-Image-6-mars-2026-12_58_09-e1772798376794.jpg\",\"width\":512,\"height\":360,\"caption\":\"Fan site S\u00e9bastien Auzi\u00e8re\"},\"image\":{\"@id\":\"https:\\\/\\\/www.sebastien-auziere.fr\\\/blog\\\/#\\\/schema\\\/logo\\\/image\\\/\"}},{\"@type\":\"Person\",\"@id\":\"https:\\\/\\\/www.sebastien-auziere.fr\\\/blog\\\/#\\\/schema\\\/person\\\/149f1acdbfd85149c6c3e59adeae2f4d\",\"name\":\"Chloe Gauthier\",\"image\":{\"@type\":\"ImageObject\",\"inLanguage\":\"fr-FR\",\"@id\":\"https:\\\/\\\/secure.gravatar.com\\\/avatar\\\/2c5722f58171cff738a8985ef0dd66b476e563753246a49019befc837ec4201a?s=96&d=mm&r=g\",\"url\":\"https:\\\/\\\/secure.gravatar.com\\\/avatar\\\/2c5722f58171cff738a8985ef0dd66b476e563753246a49019befc837ec4201a?s=96&d=mm&r=g\",\"contentUrl\":\"https:\\\/\\\/secure.gravatar.com\\\/avatar\\\/2c5722f58171cff738a8985ef0dd66b476e563753246a49019befc837ec4201a?s=96&d=mm&r=g\",\"caption\":\"Chloe Gauthier\"},\"description\":\"Passionn\u00e9e par la politique et admiratrice engag\u00e9e de la famille Macron, je consacre mon \u00e9nergie \u00e0 suivre leurs initiatives et \u00e0 promouvoir leurs id\u00e9es. \u00c0 32 ans, je suis convaincue que leur vision est porteuse d'avenir.\",\"url\":\"https:\\\/\\\/www.sebastien-auziere.fr\\\/blog\\\/author\\\/chloe-gauthier\\\/\"}]}<\/script>\n<!-- \/ Yoast SEO plugin. -->","yoast_head_json":{"title":"Brigitte Macron deslumbra en un traje de terciopelo negro durante una ceremonia excepcional en el El\u00edseo - Fan site S\u00e9bastien Auzi\u00e8re","description":"Brigitte Macron \u00e9blouit en costume de velours noir lors d\u2019une c\u00e9r\u00e9monie d\u2019exception \u00e0 l\u2019\u00c9lys\u00e9e, alliant \u00e9l\u00e9gance et raffinement.","robots":{"index":"index","follow":"follow","max-snippet":"max-snippet:-1","max-image-preview":"max-image-preview:large","max-video-preview":"max-video-preview:-1"},"canonical":"https:\/\/www.sebastien-auziere.fr\/blog\/es\/brigitte-macron-deslumbra-en-un-traje-de-terciopelo-negro-durante-una-ceremonia-excepcional-en-el-eliseo\/","og_locale":"fr_FR","og_type":"article","og_title":"Brigitte Macron deslumbra en un traje de terciopelo negro durante una ceremonia excepcional en el El\u00edseo - Fan site S\u00e9bastien Auzi\u00e8re","og_description":"Brigitte Macron \u00e9blouit en costume de velours noir lors d\u2019une c\u00e9r\u00e9monie d\u2019exception \u00e0 l\u2019\u00c9lys\u00e9e, alliant \u00e9l\u00e9gance et raffinement.","og_url":"https:\/\/www.sebastien-auziere.fr\/blog\/es\/brigitte-macron-deslumbra-en-un-traje-de-terciopelo-negro-durante-una-ceremonia-excepcional-en-el-eliseo\/","og_site_name":"Fan site S\u00e9bastien Auzi\u00e8re","article_published_time":"2026-04-19T19:10:31+00:00","article_modified_time":"2026-04-19T19:11:15+00:00","og_image":[{"width":2560,"height":1429,"url":"https:\/\/www.sebastien-auziere.fr\/blog\/wp-content\/uploads\/2026\/04\/Brigitte-Macron-eblouit-en-costume-de-velours-noir-lors-dune-ceremonie-dexception-a-lElysee.jpg","type":"image\/jpeg"}],"author":"Chloe Gauthier","twitter_card":"summary_large_image","twitter_misc":{"\u00c9crit par":"Chloe Gauthier","Dur\u00e9e de lecture estim\u00e9e":"2 minutes"},"schema":{"@context":"https:\/\/schema.org","@graph":[{"@type":"Article","@id":"https:\/\/www.sebastien-auziere.fr\/blog\/es\/brigitte-macron-deslumbra-en-un-traje-de-terciopelo-negro-durante-una-ceremonia-excepcional-en-el-eliseo\/#article","isPartOf":{"@id":"https:\/\/www.sebastien-auziere.fr\/blog\/es\/brigitte-macron-deslumbra-en-un-traje-de-terciopelo-negro-durante-una-ceremonia-excepcional-en-el-eliseo\/"},"author":{"name":"Chloe Gauthier","@id":"https:\/\/www.sebastien-auziere.fr\/blog\/#\/schema\/person\/149f1acdbfd85149c6c3e59adeae2f4d"},"headline":"Brigitte Macron deslumbra en un traje de terciopelo negro durante una ceremonia excepcional en el El\u00edseo","datePublished":"2026-04-19T19:10:31+00:00","dateModified":"2026-04-19T19:11:15+00:00","mainEntityOfPage":{"@id":"https:\/\/www.sebastien-auziere.fr\/blog\/es\/brigitte-macron-deslumbra-en-un-traje-de-terciopelo-negro-durante-una-ceremonia-excepcional-en-el-eliseo\/"},"wordCount":503,"commentCount":0,"publisher":{"@id":"https:\/\/www.sebastien-auziere.fr\/blog\/#organization"},"image":{"@id":"https:\/\/www.sebastien-auziere.fr\/blog\/es\/brigitte-macron-deslumbra-en-un-traje-de-terciopelo-negro-durante-una-ceremonia-excepcional-en-el-eliseo\/#primaryimage"},"thumbnailUrl":"https:\/\/www.sebastien-auziere.fr\/blog\/wp-content\/uploads\/2026\/04\/Brigitte-Macron-eblouit-en-costume-de-velours-noir-lors-dune-ceremonie-dexception-a-lElysee.jpg","keywords":["brigitte macron","ceremonia excepcional","costo de terciopelo","\u00e9lys\u00e9e","tenida elegante"],"articleSection":["Actualidades"],"inLanguage":"fr-FR","potentialAction":[{"@type":"CommentAction","name":"Comment","target":["https:\/\/www.sebastien-auziere.fr\/blog\/es\/brigitte-macron-deslumbra-en-un-traje-de-terciopelo-negro-durante-una-ceremonia-excepcional-en-el-eliseo\/#respond"]}]},{"@type":"WebPage","@id":"https:\/\/www.sebastien-auziere.fr\/blog\/es\/brigitte-macron-deslumbra-en-un-traje-de-terciopelo-negro-durante-una-ceremonia-excepcional-en-el-eliseo\/","url":"https:\/\/www.sebastien-auziere.fr\/blog\/es\/brigitte-macron-deslumbra-en-un-traje-de-terciopelo-negro-durante-una-ceremonia-excepcional-en-el-eliseo\/","name":"Brigitte Macron deslumbra en un traje de terciopelo negro durante una ceremonia excepcional en el El\u00edseo - Fan site S\u00e9bastien Auzi\u00e8re","isPartOf":{"@id":"https:\/\/www.sebastien-auziere.fr\/blog\/#website"},"primaryImageOfPage":{"@id":"https:\/\/www.sebastien-auziere.fr\/blog\/es\/brigitte-macron-deslumbra-en-un-traje-de-terciopelo-negro-durante-una-ceremonia-excepcional-en-el-eliseo\/#primaryimage"},"image":{"@id":"https:\/\/www.sebastien-auziere.fr\/blog\/es\/brigitte-macron-deslumbra-en-un-traje-de-terciopelo-negro-durante-una-ceremonia-excepcional-en-el-eliseo\/#primaryimage"},"thumbnailUrl":"https:\/\/www.sebastien-auziere.fr\/blog\/wp-content\/uploads\/2026\/04\/Brigitte-Macron-eblouit-en-costume-de-velours-noir-lors-dune-ceremonie-dexception-a-lElysee.jpg","datePublished":"2026-04-19T19:10:31+00:00","dateModified":"2026-04-19T19:11:15+00:00","description":"Brigitte Macron \u00e9blouit en costume de velours noir lors d\u2019une c\u00e9r\u00e9monie d\u2019exception \u00e0 l\u2019\u00c9lys\u00e9e, alliant \u00e9l\u00e9gance et raffinement.","breadcrumb":{"@id":"https:\/\/www.sebastien-auziere.fr\/blog\/es\/brigitte-macron-deslumbra-en-un-traje-de-terciopelo-negro-durante-una-ceremonia-excepcional-en-el-eliseo\/#breadcrumb"},"inLanguage":"fr-FR","potentialAction":[{"@type":"ReadAction","target":["https:\/\/www.sebastien-auziere.fr\/blog\/es\/brigitte-macron-deslumbra-en-un-traje-de-terciopelo-negro-durante-una-ceremonia-excepcional-en-el-eliseo\/"]}]},{"@type":"ImageObject","inLanguage":"fr-FR","@id":"https:\/\/www.sebastien-auziere.fr\/blog\/es\/brigitte-macron-deslumbra-en-un-traje-de-terciopelo-negro-durante-una-ceremonia-excepcional-en-el-eliseo\/#primaryimage","url":"https:\/\/www.sebastien-auziere.fr\/blog\/wp-content\/uploads\/2026\/04\/Brigitte-Macron-eblouit-en-costume-de-velours-noir-lors-dune-ceremonie-dexception-a-lElysee.jpg","contentUrl":"https:\/\/www.sebastien-auziere.fr\/blog\/wp-content\/uploads\/2026\/04\/Brigitte-Macron-eblouit-en-costume-de-velours-noir-lors-dune-ceremonie-dexception-a-lElysee.jpg","width":2560,"height":1429,"caption":"d\u00e9couvrez brigitte macron rayonnante en costume de velours noir lors d'une c\u00e9r\u00e9monie exceptionnelle \u00e0 l\u2019\u00e9lys\u00e9e, alliant \u00e9l\u00e9gance et raffinement."},{"@type":"BreadcrumbList","@id":"https:\/\/www.sebastien-auziere.fr\/blog\/es\/brigitte-macron-deslumbra-en-un-traje-de-terciopelo-negro-durante-una-ceremonia-excepcional-en-el-eliseo\/#breadcrumb","itemListElement":[{"@type":"ListItem","position":1,"name":"Home","item":"https:\/\/www.sebastien-auziere.fr\/blog\/"},{"@type":"ListItem","position":2,"name":"Brigitte Macron deslumbra en un traje de terciopelo negro durante una ceremonia excepcional en el El\u00edseo"}]},{"@type":"WebSite","@id":"https:\/\/www.sebastien-auziere.fr\/blog\/#website","url":"https:\/\/www.sebastien-auziere.fr\/blog\/","name":"Fan site S\u00e9bastien Auzi\u00e8re","description":"M\u00e9dia g\u00e9n\u00e9raliste","publisher":{"@id":"https:\/\/www.sebastien-auziere.fr\/blog\/#organization"},"potentialAction":[{"@type":"SearchAction","target":{"@type":"EntryPoint","urlTemplate":"https:\/\/www.sebastien-auziere.fr\/blog\/?s={search_term_string}"},"query-input":{"@type":"PropertyValueSpecification","valueRequired":true,"valueName":"search_term_string"}}],"inLanguage":"fr-FR"},{"@type":"Organization","@id":"https:\/\/www.sebastien-auziere.fr\/blog\/#organization","name":"Fan site S\u00e9bastien Auzi\u00e8re","url":"https:\/\/www.sebastien-auziere.fr\/blog\/","logo":{"@type":"ImageObject","inLanguage":"fr-FR","@id":"https:\/\/www.sebastien-auziere.fr\/blog\/#\/schema\/logo\/image\/","url":"https:\/\/www.sebastien-auziere.fr\/blog\/wp-content\/uploads\/2026\/03\/cropped-cropped-cropped-ChatGPT-Image-6-mars-2026-12_58_09-e1772798376794.jpg","contentUrl":"https:\/\/www.sebastien-auziere.fr\/blog\/wp-content\/uploads\/2026\/03\/cropped-cropped-cropped-ChatGPT-Image-6-mars-2026-12_58_09-e1772798376794.jpg","width":512,"height":360,"caption":"Fan site S\u00e9bastien Auzi\u00e8re"},"image":{"@id":"https:\/\/www.sebastien-auziere.fr\/blog\/#\/schema\/logo\/image\/"}},{"@type":"Person","@id":"https:\/\/www.sebastien-auziere.fr\/blog\/#\/schema\/person\/149f1acdbfd85149c6c3e59adeae2f4d","name":"Chloe Gauthier","image":{"@type":"ImageObject","inLanguage":"fr-FR","@id":"https:\/\/secure.gravatar.com\/avatar\/2c5722f58171cff738a8985ef0dd66b476e563753246a49019befc837ec4201a?s=96&d=mm&r=g","url":"https:\/\/secure.gravatar.com\/avatar\/2c5722f58171cff738a8985ef0dd66b476e563753246a49019befc837ec4201a?s=96&d=mm&r=g","contentUrl":"https:\/\/secure.gravatar.com\/avatar\/2c5722f58171cff738a8985ef0dd66b476e563753246a49019befc837ec4201a?s=96&d=mm&r=g","caption":"Chloe Gauthier"},"description":"Passionn\u00e9e par la politique et admiratrice engag\u00e9e de la famille Macron, je consacre mon \u00e9nergie \u00e0 suivre leurs initiatives et \u00e0 promouvoir leurs id\u00e9es. \u00c0 32 ans, je suis convaincue que leur vision est porteuse d'avenir.","url":"https:\/\/www.sebastien-auziere.fr\/blog\/author\/chloe-gauthier\/"}]}},"views":1,"_links":{"self":[{"href":"https:\/\/www.sebastien-auziere.fr\/blog\/wp-json\/wp\/v2\/posts\/3162","targetHints":{"allow":["GET"]}}],"collection":[{"href":"https:\/\/www.sebastien-auziere.fr\/blog\/wp-json\/wp\/v2\/posts"}],"about":[{"href":"https:\/\/www.sebastien-auziere.fr\/blog\/wp-json\/wp\/v2\/types\/post"}],"author":[{"embeddable":true,"href":"https:\/\/www.sebastien-auziere.fr\/blog\/wp-json\/wp\/v2\/users\/9"}],"replies":[{"embeddable":true,"href":"https:\/\/www.sebastien-auziere.fr\/blog\/wp-json\/wp\/v2\/comments?post=3162"}],"version-history":[{"count":1,"href":"https:\/\/www.sebastien-auziere.fr\/blog\/wp-json\/wp\/v2\/posts\/3162\/revisions"}],"predecessor-version":[{"id":3163,"href":"https:\/\/www.sebastien-auziere.fr\/blog\/wp-json\/wp\/v2\/posts\/3162\/revisions\/3163"}],"wp:featuredmedia":[{"embeddable":true,"href":"https:\/\/www.sebastien-auziere.fr\/blog\/wp-json\/wp\/v2\/media\/3158"}],"wp:attachment":[{"href":"https:\/\/www.sebastien-auziere.fr\/blog\/wp-json\/wp\/v2\/media?parent=3162"}],"wp:term":[{"taxonomy":"category","embeddable":true,"href":"https:\/\/www.sebastien-auziere.fr\/blog\/wp-json\/wp\/v2\/categories?post=3162"},{"taxonomy":"post_tag","embeddable":true,"href":"https:\/\/www.sebastien-auziere.fr\/blog\/wp-json\/wp\/v2\/tags?post=3162"}],"curies":[{"name":"wp","href":"https:\/\/api.w.org\/{rel}","templated":true}]}}