{"id":3160,"date":"2026-04-19T19:10:07","date_gmt":"2026-04-19T19:10:07","guid":{"rendered":"https:\/\/www.sebastien-auziere.fr\/blog\/?p=3160"},"modified":"2026-04-19T19:10:31","modified_gmt":"2026-04-19T19:10:31","slug":"brigitte-macron-dazzles-in-a-black-velvet-suit-at-an-exceptional-ceremony-at-the-elysee","status":"publish","type":"post","link":"https:\/\/www.sebastien-auziere.fr\/blog\/en\/brigitte-macron-dazzles-in-a-black-velvet-suit-at-an-exceptional-ceremony-at-the-elysee\/","title":{"rendered":"Brigitte Macron dazzles in a black velvet suit at an exceptional ceremony at the \u00c9lys\u00e9e"},"content":{"rendered":"<p><strong>Brigitte Macron<\/strong> illuminated the steps of the <strong>\u00c9lys\u00e9e<\/strong> on <strong>April 17, 2026<\/strong>, choosing a <strong>black velvet suit<\/strong> of perfect sobriety for an <strong>exceptional ceremony<\/strong>. From the moment she arrived, the <strong>first lady<\/strong> captivated onlookers with a structured jacket and cigarette pants, confirming a sense of <strong>chic French style<\/strong>.<\/p>\n\n<p><strong>In brief:<\/strong> understated yet refined outfit, prestigious guests present for the awarding of the <strong>national order of Merit<\/strong>, and a snapshot shared by <strong>Bruno Le Maire<\/strong> on April 18 that circulated widely on social media.<\/p>\n\n<h2 class=\"wp-block-heading\">A studied look for an <strong>official event<\/strong> at the \u00c9lys\u00e9e<\/h2>\n\n<p>During the ceremony where Emmanuel Macron decorated personalities such as <strong>Jean-Pierre Papin<\/strong> and composer <strong>Philippe Sarde<\/strong>, the <strong>first lady<\/strong> opted for a <strong>sophisticated outfit<\/strong> in velvet. The impeccably tailored cut highlighted a classic yet contemporary silhouette, emphasized by black stilettos and natural makeup. This appearance confirms her influence on <strong>institutional women&rsquo;s fashion<\/strong>. For a visual recap, see the portfolio from <a href=\"https:\/\/www.gala.fr\/mode\/les_stars_et_la_mode\/brigitte-macron-tres-chic-en-costume-de-velours-noir-pour-une-prestigieuse-ceremonie-a-l-elysee-20260419\" rel=\"nofollow\">Gala<\/a>.<\/p>\n\n<h3 class=\"wp-block-heading\">The guests and atmosphere of the evening<\/h3>\n\n<p>The guest list included figures from cinema and sports such as <strong>Muriel Robin<\/strong>, <strong>Fanny Ardant<\/strong>, <strong>Fran\u00e7ois Berl\u00e9and<\/strong>, as well as political figures including <strong>Bruno Le Maire<\/strong>. The director of Mont-Saint-Michel, <strong>Thomas Velter<\/strong>, was among the honorees. A photo published on April 18 by <strong>Bruno Le Maire<\/strong> on Instagram highlighted the sober and protocol-driven setting of the <strong>\u00c9lys\u00e9e<\/strong>, where the <strong>black velvet suit<\/strong> stood out as the ideal choice for the solemnity of the moment.<\/p>\n\n<h2 class=\"wp-block-heading\">Elegance and codes of <strong>women&rsquo;s fashion<\/strong><br>\n<\/h2>\n\n<p>The First lady played the card of measured discretion: deep velvet, clean lines, minimal accessories. Her slightly voluminous hairstyle and subtly done makeup reinforced the idea of <strong>elegance<\/strong> without ostentation. This choice resonates with other notable appearances this year, such as her red dress during a state dinner and her Louis Vuitton accessories, which were widely discussed by the fashion press <a href=\"https:\/\/www.marieclaire.fr\/brigitte-macron-style-looks-mode-evolution,1135900.asp\" rel=\"nofollow\">Marie Claire<\/a>.<\/p>\n\n<h2 class=\"wp-block-heading\">An appearance that confirms a style<\/h2>\n\n<p>This visit to the <strong>\u00c9lys\u00e9e<\/strong> illustrates the First lady&rsquo;s ability to blend protocol and modernity. The <strong>black velvet suit<\/strong> resonates as a contemporary response to the traditional codes of official ceremonies, highlighting a slender and assertive silhouette. The moment also recalls previous fashion collaborations and constant media attention on her clothing choices.<\/p>\n\n<p>To learn more about the public life and appearances of the Macron family, as well as family ties and behind-the-scenes insights, discover detailed portraits and analyses on <a href=\"https:\/\/www.sebastien-auziere.fr\/blog\/brigitte-macron-73-ans\/\" rel=\"nofollow\">the dedicated site<\/a> and continue reading with another piece on her outfit at the Vatican <a href=\"https:\/\/www.sebastien-auziere.fr\/blog\/brigitte-macron-vatican-noir\/\" rel=\"nofollow\">here<\/a>. Visit <a href=\"https:\/\/www.sebastien-auziere.fr\/blog\/brigitte-macron-73-ans\/\" rel=\"nofollow\">sebastien-auziere.fr<\/a> to find out more about <strong>S\u00e9bastien Auzi\u00e8re<\/strong> and the <strong>Macron family<\/strong>.<\/p>","protected":false},"excerpt":{"rendered":"<p>Brigitte Macron illuminated the steps of the \u00c9lys\u00e9e on April 17, 2026, choosing a black velvet suit of perfect sobriety for an exceptional ceremony. From the moment she arrived, the first lady captivated onlookers with a structured jacket and cigarette pants, confirming a sense of chic French style. In brief: understated yet refined outfit, prestigious &#8230; <a title=\"Brigitte Macron dazzles in a black velvet suit at an exceptional ceremony at the \u00c9lys\u00e9e\" class=\"read-more\" href=\"https:\/\/www.sebastien-auziere.fr\/blog\/en\/brigitte-macron-dazzles-in-a-black-velvet-suit-at-an-exceptional-ceremony-at-the-elysee\/\" aria-label=\"En savoir plus sur Brigitte Macron dazzles in a black velvet suit at an exceptional ceremony at the \u00c9lys\u00e9e\">Lire plus<\/a><\/p>\n","protected":false},"author":9,"featured_media":3158,"comment_status":"open","ping_status":"open","sticky":false,"template":"","format":"standard","meta":{"footnotes":""},"categories":[816],"tags":[898,3579,3582,3335,3576],"class_list":["post-3160","post","type-post","status-publish","format-standard","has-post-thumbnail","hentry","category-news","tag-brigitte-macron-en","tag-costume-made-of-velvet-en","tag-elegant-outfit-en","tag-elysee-en","tag-exceptional-ceremony-en"],"yoast_head":"<!-- This site is optimized with the Yoast SEO plugin v27.5 - https:\/\/yoast.com\/product\/yoast-seo-wordpress\/ -->\n<title>Brigitte Macron dazzles in a black velvet suit at an exceptional ceremony at the \u00c9lys\u00e9e - Fan site S\u00e9bastien Auzi\u00e8re<\/title>\n<meta name=\"description\" content=\"Brigitte Macron \u00e9blouit en costume de velours noir lors d\u2019une c\u00e9r\u00e9monie d\u2019exception \u00e0 l\u2019\u00c9lys\u00e9e, alliant \u00e9l\u00e9gance et raffinement.\" \/>\n<meta name=\"robots\" content=\"index, follow, max-snippet:-1, max-image-preview:large, max-video-preview:-1\" \/>\n<link rel=\"canonical\" href=\"https:\/\/www.sebastien-auziere.fr\/blog\/en\/brigitte-macron-dazzles-in-a-black-velvet-suit-at-an-exceptional-ceremony-at-the-elysee\/\" \/>\n<meta property=\"og:locale\" content=\"fr_FR\" \/>\n<meta property=\"og:type\" content=\"article\" \/>\n<meta property=\"og:title\" content=\"Brigitte Macron dazzles in a black velvet suit at an exceptional ceremony at the \u00c9lys\u00e9e - Fan site S\u00e9bastien Auzi\u00e8re\" \/>\n<meta property=\"og:description\" content=\"Brigitte Macron \u00e9blouit en costume de velours noir lors d\u2019une c\u00e9r\u00e9monie d\u2019exception \u00e0 l\u2019\u00c9lys\u00e9e, alliant \u00e9l\u00e9gance et raffinement.\" \/>\n<meta property=\"og:url\" content=\"https:\/\/www.sebastien-auziere.fr\/blog\/en\/brigitte-macron-dazzles-in-a-black-velvet-suit-at-an-exceptional-ceremony-at-the-elysee\/\" \/>\n<meta property=\"og:site_name\" content=\"Fan site S\u00e9bastien Auzi\u00e8re\" \/>\n<meta property=\"article:published_time\" content=\"2026-04-19T19:10:07+00:00\" \/>\n<meta property=\"article:modified_time\" content=\"2026-04-19T19:10:31+00:00\" \/>\n<meta property=\"og:image\" content=\"https:\/\/www.sebastien-auziere.fr\/blog\/wp-content\/uploads\/2026\/04\/Brigitte-Macron-eblouit-en-costume-de-velours-noir-lors-dune-ceremonie-dexception-a-lElysee.jpg\" \/>\n\t<meta property=\"og:image:width\" content=\"2560\" \/>\n\t<meta property=\"og:image:height\" content=\"1429\" \/>\n\t<meta property=\"og:image:type\" content=\"image\/jpeg\" \/>\n<meta name=\"author\" content=\"Chloe Gauthier\" \/>\n<meta name=\"twitter:card\" content=\"summary_large_image\" \/>\n<meta name=\"twitter:label1\" content=\"\u00c9crit par\" \/>\n\t<meta name=\"twitter:data1\" content=\"Chloe Gauthier\" \/>\n\t<meta name=\"twitter:label2\" content=\"Dur\u00e9e de lecture estim\u00e9e\" \/>\n\t<meta name=\"twitter:data2\" content=\"2 minutes\" \/>\n<script type=\"application\/ld+json\" class=\"yoast-schema-graph\">{\"@context\":\"https:\\\/\\\/schema.org\",\"@graph\":[{\"@type\":\"Article\",\"@id\":\"https:\\\/\\\/www.sebastien-auziere.fr\\\/blog\\\/en\\\/brigitte-macron-dazzles-in-a-black-velvet-suit-at-an-exceptional-ceremony-at-the-elysee\\\/#article\",\"isPartOf\":{\"@id\":\"https:\\\/\\\/www.sebastien-auziere.fr\\\/blog\\\/en\\\/brigitte-macron-dazzles-in-a-black-velvet-suit-at-an-exceptional-ceremony-at-the-elysee\\\/\"},\"author\":{\"name\":\"Chloe Gauthier\",\"@id\":\"https:\\\/\\\/www.sebastien-auziere.fr\\\/blog\\\/#\\\/schema\\\/person\\\/149f1acdbfd85149c6c3e59adeae2f4d\"},\"headline\":\"Brigitte Macron dazzles in a black velvet suit at an exceptional ceremony at the \u00c9lys\u00e9e\",\"datePublished\":\"2026-04-19T19:10:07+00:00\",\"dateModified\":\"2026-04-19T19:10:31+00:00\",\"mainEntityOfPage\":{\"@id\":\"https:\\\/\\\/www.sebastien-auziere.fr\\\/blog\\\/en\\\/brigitte-macron-dazzles-in-a-black-velvet-suit-at-an-exceptional-ceremony-at-the-elysee\\\/\"},\"wordCount\":439,\"commentCount\":0,\"publisher\":{\"@id\":\"https:\\\/\\\/www.sebastien-auziere.fr\\\/blog\\\/#organization\"},\"image\":{\"@id\":\"https:\\\/\\\/www.sebastien-auziere.fr\\\/blog\\\/en\\\/brigitte-macron-dazzles-in-a-black-velvet-suit-at-an-exceptional-ceremony-at-the-elysee\\\/#primaryimage\"},\"thumbnailUrl\":\"https:\\\/\\\/www.sebastien-auziere.fr\\\/blog\\\/wp-content\\\/uploads\\\/2026\\\/04\\\/Brigitte-Macron-eblouit-en-costume-de-velours-noir-lors-dune-ceremonie-dexception-a-lElysee.jpg\",\"keywords\":[\"brigitte macron\",\"costume made of velvet\",\"elegant outfit\",\"\u00e9lys\u00e9e\",\"exceptional ceremony\"],\"articleSection\":[\"News\"],\"inLanguage\":\"fr-FR\",\"potentialAction\":[{\"@type\":\"CommentAction\",\"name\":\"Comment\",\"target\":[\"https:\\\/\\\/www.sebastien-auziere.fr\\\/blog\\\/en\\\/brigitte-macron-dazzles-in-a-black-velvet-suit-at-an-exceptional-ceremony-at-the-elysee\\\/#respond\"]}]},{\"@type\":\"WebPage\",\"@id\":\"https:\\\/\\\/www.sebastien-auziere.fr\\\/blog\\\/en\\\/brigitte-macron-dazzles-in-a-black-velvet-suit-at-an-exceptional-ceremony-at-the-elysee\\\/\",\"url\":\"https:\\\/\\\/www.sebastien-auziere.fr\\\/blog\\\/en\\\/brigitte-macron-dazzles-in-a-black-velvet-suit-at-an-exceptional-ceremony-at-the-elysee\\\/\",\"name\":\"Brigitte Macron dazzles in a black velvet suit at an exceptional ceremony at the \u00c9lys\u00e9e - Fan site S\u00e9bastien Auzi\u00e8re\",\"isPartOf\":{\"@id\":\"https:\\\/\\\/www.sebastien-auziere.fr\\\/blog\\\/#website\"},\"primaryImageOfPage\":{\"@id\":\"https:\\\/\\\/www.sebastien-auziere.fr\\\/blog\\\/en\\\/brigitte-macron-dazzles-in-a-black-velvet-suit-at-an-exceptional-ceremony-at-the-elysee\\\/#primaryimage\"},\"image\":{\"@id\":\"https:\\\/\\\/www.sebastien-auziere.fr\\\/blog\\\/en\\\/brigitte-macron-dazzles-in-a-black-velvet-suit-at-an-exceptional-ceremony-at-the-elysee\\\/#primaryimage\"},\"thumbnailUrl\":\"https:\\\/\\\/www.sebastien-auziere.fr\\\/blog\\\/wp-content\\\/uploads\\\/2026\\\/04\\\/Brigitte-Macron-eblouit-en-costume-de-velours-noir-lors-dune-ceremonie-dexception-a-lElysee.jpg\",\"datePublished\":\"2026-04-19T19:10:07+00:00\",\"dateModified\":\"2026-04-19T19:10:31+00:00\",\"description\":\"Brigitte Macron \u00e9blouit en costume de velours noir lors d\u2019une c\u00e9r\u00e9monie d\u2019exception \u00e0 l\u2019\u00c9lys\u00e9e, alliant \u00e9l\u00e9gance et raffinement.\",\"breadcrumb\":{\"@id\":\"https:\\\/\\\/www.sebastien-auziere.fr\\\/blog\\\/en\\\/brigitte-macron-dazzles-in-a-black-velvet-suit-at-an-exceptional-ceremony-at-the-elysee\\\/#breadcrumb\"},\"inLanguage\":\"fr-FR\",\"potentialAction\":[{\"@type\":\"ReadAction\",\"target\":[\"https:\\\/\\\/www.sebastien-auziere.fr\\\/blog\\\/en\\\/brigitte-macron-dazzles-in-a-black-velvet-suit-at-an-exceptional-ceremony-at-the-elysee\\\/\"]}]},{\"@type\":\"ImageObject\",\"inLanguage\":\"fr-FR\",\"@id\":\"https:\\\/\\\/www.sebastien-auziere.fr\\\/blog\\\/en\\\/brigitte-macron-dazzles-in-a-black-velvet-suit-at-an-exceptional-ceremony-at-the-elysee\\\/#primaryimage\",\"url\":\"https:\\\/\\\/www.sebastien-auziere.fr\\\/blog\\\/wp-content\\\/uploads\\\/2026\\\/04\\\/Brigitte-Macron-eblouit-en-costume-de-velours-noir-lors-dune-ceremonie-dexception-a-lElysee.jpg\",\"contentUrl\":\"https:\\\/\\\/www.sebastien-auziere.fr\\\/blog\\\/wp-content\\\/uploads\\\/2026\\\/04\\\/Brigitte-Macron-eblouit-en-costume-de-velours-noir-lors-dune-ceremonie-dexception-a-lElysee.jpg\",\"width\":2560,\"height\":1429,\"caption\":\"d\u00e9couvrez brigitte macron rayonnante en costume de velours noir lors d'une c\u00e9r\u00e9monie exceptionnelle \u00e0 l\u2019\u00e9lys\u00e9e, alliant \u00e9l\u00e9gance et raffinement.\"},{\"@type\":\"BreadcrumbList\",\"@id\":\"https:\\\/\\\/www.sebastien-auziere.fr\\\/blog\\\/en\\\/brigitte-macron-dazzles-in-a-black-velvet-suit-at-an-exceptional-ceremony-at-the-elysee\\\/#breadcrumb\",\"itemListElement\":[{\"@type\":\"ListItem\",\"position\":1,\"name\":\"Home\",\"item\":\"https:\\\/\\\/www.sebastien-auziere.fr\\\/blog\\\/\"},{\"@type\":\"ListItem\",\"position\":2,\"name\":\"Brigitte Macron dazzles in a black velvet suit at an exceptional ceremony at the \u00c9lys\u00e9e\"}]},{\"@type\":\"WebSite\",\"@id\":\"https:\\\/\\\/www.sebastien-auziere.fr\\\/blog\\\/#website\",\"url\":\"https:\\\/\\\/www.sebastien-auziere.fr\\\/blog\\\/\",\"name\":\"Fan site S\u00e9bastien Auzi\u00e8re\",\"description\":\"M\u00e9dia g\u00e9n\u00e9raliste\",\"publisher\":{\"@id\":\"https:\\\/\\\/www.sebastien-auziere.fr\\\/blog\\\/#organization\"},\"potentialAction\":[{\"@type\":\"SearchAction\",\"target\":{\"@type\":\"EntryPoint\",\"urlTemplate\":\"https:\\\/\\\/www.sebastien-auziere.fr\\\/blog\\\/?s={search_term_string}\"},\"query-input\":{\"@type\":\"PropertyValueSpecification\",\"valueRequired\":true,\"valueName\":\"search_term_string\"}}],\"inLanguage\":\"fr-FR\"},{\"@type\":\"Organization\",\"@id\":\"https:\\\/\\\/www.sebastien-auziere.fr\\\/blog\\\/#organization\",\"name\":\"Fan site S\u00e9bastien Auzi\u00e8re\",\"url\":\"https:\\\/\\\/www.sebastien-auziere.fr\\\/blog\\\/\",\"logo\":{\"@type\":\"ImageObject\",\"inLanguage\":\"fr-FR\",\"@id\":\"https:\\\/\\\/www.sebastien-auziere.fr\\\/blog\\\/#\\\/schema\\\/logo\\\/image\\\/\",\"url\":\"https:\\\/\\\/www.sebastien-auziere.fr\\\/blog\\\/wp-content\\\/uploads\\\/2026\\\/03\\\/cropped-cropped-cropped-ChatGPT-Image-6-mars-2026-12_58_09-e1772798376794.jpg\",\"contentUrl\":\"https:\\\/\\\/www.sebastien-auziere.fr\\\/blog\\\/wp-content\\\/uploads\\\/2026\\\/03\\\/cropped-cropped-cropped-ChatGPT-Image-6-mars-2026-12_58_09-e1772798376794.jpg\",\"width\":512,\"height\":360,\"caption\":\"Fan site S\u00e9bastien Auzi\u00e8re\"},\"image\":{\"@id\":\"https:\\\/\\\/www.sebastien-auziere.fr\\\/blog\\\/#\\\/schema\\\/logo\\\/image\\\/\"}},{\"@type\":\"Person\",\"@id\":\"https:\\\/\\\/www.sebastien-auziere.fr\\\/blog\\\/#\\\/schema\\\/person\\\/149f1acdbfd85149c6c3e59adeae2f4d\",\"name\":\"Chloe Gauthier\",\"image\":{\"@type\":\"ImageObject\",\"inLanguage\":\"fr-FR\",\"@id\":\"https:\\\/\\\/secure.gravatar.com\\\/avatar\\\/2c5722f58171cff738a8985ef0dd66b476e563753246a49019befc837ec4201a?s=96&d=mm&r=g\",\"url\":\"https:\\\/\\\/secure.gravatar.com\\\/avatar\\\/2c5722f58171cff738a8985ef0dd66b476e563753246a49019befc837ec4201a?s=96&d=mm&r=g\",\"contentUrl\":\"https:\\\/\\\/secure.gravatar.com\\\/avatar\\\/2c5722f58171cff738a8985ef0dd66b476e563753246a49019befc837ec4201a?s=96&d=mm&r=g\",\"caption\":\"Chloe Gauthier\"},\"description\":\"Passionn\u00e9e par la politique et admiratrice engag\u00e9e de la famille Macron, je consacre mon \u00e9nergie \u00e0 suivre leurs initiatives et \u00e0 promouvoir leurs id\u00e9es. \u00c0 32 ans, je suis convaincue que leur vision est porteuse d'avenir.\",\"url\":\"https:\\\/\\\/www.sebastien-auziere.fr\\\/blog\\\/author\\\/chloe-gauthier\\\/\"}]}<\/script>\n<!-- \/ Yoast SEO plugin. -->","yoast_head_json":{"title":"Brigitte Macron dazzles in a black velvet suit at an exceptional ceremony at the \u00c9lys\u00e9e - Fan site S\u00e9bastien Auzi\u00e8re","description":"Brigitte Macron \u00e9blouit en costume de velours noir lors d\u2019une c\u00e9r\u00e9monie d\u2019exception \u00e0 l\u2019\u00c9lys\u00e9e, alliant \u00e9l\u00e9gance et raffinement.","robots":{"index":"index","follow":"follow","max-snippet":"max-snippet:-1","max-image-preview":"max-image-preview:large","max-video-preview":"max-video-preview:-1"},"canonical":"https:\/\/www.sebastien-auziere.fr\/blog\/en\/brigitte-macron-dazzles-in-a-black-velvet-suit-at-an-exceptional-ceremony-at-the-elysee\/","og_locale":"fr_FR","og_type":"article","og_title":"Brigitte Macron dazzles in a black velvet suit at an exceptional ceremony at the \u00c9lys\u00e9e - Fan site S\u00e9bastien Auzi\u00e8re","og_description":"Brigitte Macron \u00e9blouit en costume de velours noir lors d\u2019une c\u00e9r\u00e9monie d\u2019exception \u00e0 l\u2019\u00c9lys\u00e9e, alliant \u00e9l\u00e9gance et raffinement.","og_url":"https:\/\/www.sebastien-auziere.fr\/blog\/en\/brigitte-macron-dazzles-in-a-black-velvet-suit-at-an-exceptional-ceremony-at-the-elysee\/","og_site_name":"Fan site S\u00e9bastien Auzi\u00e8re","article_published_time":"2026-04-19T19:10:07+00:00","article_modified_time":"2026-04-19T19:10:31+00:00","og_image":[{"width":2560,"height":1429,"url":"https:\/\/www.sebastien-auziere.fr\/blog\/wp-content\/uploads\/2026\/04\/Brigitte-Macron-eblouit-en-costume-de-velours-noir-lors-dune-ceremonie-dexception-a-lElysee.jpg","type":"image\/jpeg"}],"author":"Chloe Gauthier","twitter_card":"summary_large_image","twitter_misc":{"\u00c9crit par":"Chloe Gauthier","Dur\u00e9e de lecture estim\u00e9e":"2 minutes"},"schema":{"@context":"https:\/\/schema.org","@graph":[{"@type":"Article","@id":"https:\/\/www.sebastien-auziere.fr\/blog\/en\/brigitte-macron-dazzles-in-a-black-velvet-suit-at-an-exceptional-ceremony-at-the-elysee\/#article","isPartOf":{"@id":"https:\/\/www.sebastien-auziere.fr\/blog\/en\/brigitte-macron-dazzles-in-a-black-velvet-suit-at-an-exceptional-ceremony-at-the-elysee\/"},"author":{"name":"Chloe Gauthier","@id":"https:\/\/www.sebastien-auziere.fr\/blog\/#\/schema\/person\/149f1acdbfd85149c6c3e59adeae2f4d"},"headline":"Brigitte Macron dazzles in a black velvet suit at an exceptional ceremony at the \u00c9lys\u00e9e","datePublished":"2026-04-19T19:10:07+00:00","dateModified":"2026-04-19T19:10:31+00:00","mainEntityOfPage":{"@id":"https:\/\/www.sebastien-auziere.fr\/blog\/en\/brigitte-macron-dazzles-in-a-black-velvet-suit-at-an-exceptional-ceremony-at-the-elysee\/"},"wordCount":439,"commentCount":0,"publisher":{"@id":"https:\/\/www.sebastien-auziere.fr\/blog\/#organization"},"image":{"@id":"https:\/\/www.sebastien-auziere.fr\/blog\/en\/brigitte-macron-dazzles-in-a-black-velvet-suit-at-an-exceptional-ceremony-at-the-elysee\/#primaryimage"},"thumbnailUrl":"https:\/\/www.sebastien-auziere.fr\/blog\/wp-content\/uploads\/2026\/04\/Brigitte-Macron-eblouit-en-costume-de-velours-noir-lors-dune-ceremonie-dexception-a-lElysee.jpg","keywords":["brigitte macron","costume made of velvet","elegant outfit","\u00e9lys\u00e9e","exceptional ceremony"],"articleSection":["News"],"inLanguage":"fr-FR","potentialAction":[{"@type":"CommentAction","name":"Comment","target":["https:\/\/www.sebastien-auziere.fr\/blog\/en\/brigitte-macron-dazzles-in-a-black-velvet-suit-at-an-exceptional-ceremony-at-the-elysee\/#respond"]}]},{"@type":"WebPage","@id":"https:\/\/www.sebastien-auziere.fr\/blog\/en\/brigitte-macron-dazzles-in-a-black-velvet-suit-at-an-exceptional-ceremony-at-the-elysee\/","url":"https:\/\/www.sebastien-auziere.fr\/blog\/en\/brigitte-macron-dazzles-in-a-black-velvet-suit-at-an-exceptional-ceremony-at-the-elysee\/","name":"Brigitte Macron dazzles in a black velvet suit at an exceptional ceremony at the \u00c9lys\u00e9e - Fan site S\u00e9bastien Auzi\u00e8re","isPartOf":{"@id":"https:\/\/www.sebastien-auziere.fr\/blog\/#website"},"primaryImageOfPage":{"@id":"https:\/\/www.sebastien-auziere.fr\/blog\/en\/brigitte-macron-dazzles-in-a-black-velvet-suit-at-an-exceptional-ceremony-at-the-elysee\/#primaryimage"},"image":{"@id":"https:\/\/www.sebastien-auziere.fr\/blog\/en\/brigitte-macron-dazzles-in-a-black-velvet-suit-at-an-exceptional-ceremony-at-the-elysee\/#primaryimage"},"thumbnailUrl":"https:\/\/www.sebastien-auziere.fr\/blog\/wp-content\/uploads\/2026\/04\/Brigitte-Macron-eblouit-en-costume-de-velours-noir-lors-dune-ceremonie-dexception-a-lElysee.jpg","datePublished":"2026-04-19T19:10:07+00:00","dateModified":"2026-04-19T19:10:31+00:00","description":"Brigitte Macron \u00e9blouit en costume de velours noir lors d\u2019une c\u00e9r\u00e9monie d\u2019exception \u00e0 l\u2019\u00c9lys\u00e9e, alliant \u00e9l\u00e9gance et raffinement.","breadcrumb":{"@id":"https:\/\/www.sebastien-auziere.fr\/blog\/en\/brigitte-macron-dazzles-in-a-black-velvet-suit-at-an-exceptional-ceremony-at-the-elysee\/#breadcrumb"},"inLanguage":"fr-FR","potentialAction":[{"@type":"ReadAction","target":["https:\/\/www.sebastien-auziere.fr\/blog\/en\/brigitte-macron-dazzles-in-a-black-velvet-suit-at-an-exceptional-ceremony-at-the-elysee\/"]}]},{"@type":"ImageObject","inLanguage":"fr-FR","@id":"https:\/\/www.sebastien-auziere.fr\/blog\/en\/brigitte-macron-dazzles-in-a-black-velvet-suit-at-an-exceptional-ceremony-at-the-elysee\/#primaryimage","url":"https:\/\/www.sebastien-auziere.fr\/blog\/wp-content\/uploads\/2026\/04\/Brigitte-Macron-eblouit-en-costume-de-velours-noir-lors-dune-ceremonie-dexception-a-lElysee.jpg","contentUrl":"https:\/\/www.sebastien-auziere.fr\/blog\/wp-content\/uploads\/2026\/04\/Brigitte-Macron-eblouit-en-costume-de-velours-noir-lors-dune-ceremonie-dexception-a-lElysee.jpg","width":2560,"height":1429,"caption":"d\u00e9couvrez brigitte macron rayonnante en costume de velours noir lors d'une c\u00e9r\u00e9monie exceptionnelle \u00e0 l\u2019\u00e9lys\u00e9e, alliant \u00e9l\u00e9gance et raffinement."},{"@type":"BreadcrumbList","@id":"https:\/\/www.sebastien-auziere.fr\/blog\/en\/brigitte-macron-dazzles-in-a-black-velvet-suit-at-an-exceptional-ceremony-at-the-elysee\/#breadcrumb","itemListElement":[{"@type":"ListItem","position":1,"name":"Home","item":"https:\/\/www.sebastien-auziere.fr\/blog\/"},{"@type":"ListItem","position":2,"name":"Brigitte Macron dazzles in a black velvet suit at an exceptional ceremony at the \u00c9lys\u00e9e"}]},{"@type":"WebSite","@id":"https:\/\/www.sebastien-auziere.fr\/blog\/#website","url":"https:\/\/www.sebastien-auziere.fr\/blog\/","name":"Fan site S\u00e9bastien Auzi\u00e8re","description":"M\u00e9dia g\u00e9n\u00e9raliste","publisher":{"@id":"https:\/\/www.sebastien-auziere.fr\/blog\/#organization"},"potentialAction":[{"@type":"SearchAction","target":{"@type":"EntryPoint","urlTemplate":"https:\/\/www.sebastien-auziere.fr\/blog\/?s={search_term_string}"},"query-input":{"@type":"PropertyValueSpecification","valueRequired":true,"valueName":"search_term_string"}}],"inLanguage":"fr-FR"},{"@type":"Organization","@id":"https:\/\/www.sebastien-auziere.fr\/blog\/#organization","name":"Fan site S\u00e9bastien Auzi\u00e8re","url":"https:\/\/www.sebastien-auziere.fr\/blog\/","logo":{"@type":"ImageObject","inLanguage":"fr-FR","@id":"https:\/\/www.sebastien-auziere.fr\/blog\/#\/schema\/logo\/image\/","url":"https:\/\/www.sebastien-auziere.fr\/blog\/wp-content\/uploads\/2026\/03\/cropped-cropped-cropped-ChatGPT-Image-6-mars-2026-12_58_09-e1772798376794.jpg","contentUrl":"https:\/\/www.sebastien-auziere.fr\/blog\/wp-content\/uploads\/2026\/03\/cropped-cropped-cropped-ChatGPT-Image-6-mars-2026-12_58_09-e1772798376794.jpg","width":512,"height":360,"caption":"Fan site S\u00e9bastien Auzi\u00e8re"},"image":{"@id":"https:\/\/www.sebastien-auziere.fr\/blog\/#\/schema\/logo\/image\/"}},{"@type":"Person","@id":"https:\/\/www.sebastien-auziere.fr\/blog\/#\/schema\/person\/149f1acdbfd85149c6c3e59adeae2f4d","name":"Chloe Gauthier","image":{"@type":"ImageObject","inLanguage":"fr-FR","@id":"https:\/\/secure.gravatar.com\/avatar\/2c5722f58171cff738a8985ef0dd66b476e563753246a49019befc837ec4201a?s=96&d=mm&r=g","url":"https:\/\/secure.gravatar.com\/avatar\/2c5722f58171cff738a8985ef0dd66b476e563753246a49019befc837ec4201a?s=96&d=mm&r=g","contentUrl":"https:\/\/secure.gravatar.com\/avatar\/2c5722f58171cff738a8985ef0dd66b476e563753246a49019befc837ec4201a?s=96&d=mm&r=g","caption":"Chloe Gauthier"},"description":"Passionn\u00e9e par la politique et admiratrice engag\u00e9e de la famille Macron, je consacre mon \u00e9nergie \u00e0 suivre leurs initiatives et \u00e0 promouvoir leurs id\u00e9es. \u00c0 32 ans, je suis convaincue que leur vision est porteuse d'avenir.","url":"https:\/\/www.sebastien-auziere.fr\/blog\/author\/chloe-gauthier\/"}]}},"views":3,"_links":{"self":[{"href":"https:\/\/www.sebastien-auziere.fr\/blog\/wp-json\/wp\/v2\/posts\/3160","targetHints":{"allow":["GET"]}}],"collection":[{"href":"https:\/\/www.sebastien-auziere.fr\/blog\/wp-json\/wp\/v2\/posts"}],"about":[{"href":"https:\/\/www.sebastien-auziere.fr\/blog\/wp-json\/wp\/v2\/types\/post"}],"author":[{"embeddable":true,"href":"https:\/\/www.sebastien-auziere.fr\/blog\/wp-json\/wp\/v2\/users\/9"}],"replies":[{"embeddable":true,"href":"https:\/\/www.sebastien-auziere.fr\/blog\/wp-json\/wp\/v2\/comments?post=3160"}],"version-history":[{"count":1,"href":"https:\/\/www.sebastien-auziere.fr\/blog\/wp-json\/wp\/v2\/posts\/3160\/revisions"}],"predecessor-version":[{"id":3161,"href":"https:\/\/www.sebastien-auziere.fr\/blog\/wp-json\/wp\/v2\/posts\/3160\/revisions\/3161"}],"wp:featuredmedia":[{"embeddable":true,"href":"https:\/\/www.sebastien-auziere.fr\/blog\/wp-json\/wp\/v2\/media\/3158"}],"wp:attachment":[{"href":"https:\/\/www.sebastien-auziere.fr\/blog\/wp-json\/wp\/v2\/media?parent=3160"}],"wp:term":[{"taxonomy":"category","embeddable":true,"href":"https:\/\/www.sebastien-auziere.fr\/blog\/wp-json\/wp\/v2\/categories?post=3160"},{"taxonomy":"post_tag","embeddable":true,"href":"https:\/\/www.sebastien-auziere.fr\/blog\/wp-json\/wp\/v2\/tags?post=3160"}],"curies":[{"name":"wp","href":"https:\/\/api.w.org\/{rel}","templated":true}]}}