{"id":3159,"date":"2026-04-19T19:10:04","date_gmt":"2026-04-19T19:10:04","guid":{"rendered":"https:\/\/www.sebastien-auziere.fr\/blog\/brigitte-macron-costume-velours\/"},"modified":"2026-04-19T19:10:04","modified_gmt":"2026-04-19T19:10:04","slug":"brigitte-macron-costume-velours","status":"publish","type":"post","link":"https:\/\/www.sebastien-auziere.fr\/blog\/brigitte-macron-costume-velours\/","title":{"rendered":"Brigitte Macron \u00e9blouit en costume de velours noir lors d&rsquo;une c\u00e9r\u00e9monie d&rsquo;exception \u00e0 l\u2019\u00c9lys\u00e9e"},"content":{"rendered":"<p><strong>Brigitte Macron<\/strong> a illumin\u00e9 le perron de l&rsquo;<strong>\u00c9lys\u00e9e<\/strong> le <strong>17 avril 2026<\/strong>, choisissant un <strong>costume velours noir<\/strong> d&rsquo;une sobri\u00e9t\u00e9 parfaite pour une <strong>c\u00e9r\u00e9monie d&rsquo;exception<\/strong>. D\u00e8s l&rsquo;entr\u00e9e, la <strong>premi\u00e8re dame<\/strong> a captiv\u00e9 les regards avec une veste structur\u00e9e et un pantalon cigarette, confirmant un sens du <strong>style chic<\/strong> \u00e0 la fran\u00e7aise.<\/p>\n\n<p><strong>En bref :<\/strong> tenue sobre mais raffin\u00e9e, invit\u00e9s prestigieux pr\u00e9sents pour la remise de l&rsquo;<strong>ordre national du M\u00e9rite<\/strong>, et un clich\u00e9 partag\u00e9 par <strong>Bruno Le Maire<\/strong> le 18 avril qui a fait le tour des r\u00e9seaux.<\/p>\n\n<h2 class=\"wp-block-heading\">Un look \u00e9tudi\u00e9 pour un <strong>\u00e9v\u00e9nement officiel<\/strong> \u00e0 l\u2019\u00c9lys\u00e9e<\/h2>\n\n<p>Lors de la c\u00e9r\u00e9monie o\u00f9 Emmanuel Macron a d\u00e9cor\u00e9 des personnalit\u00e9s telles que <strong>Jean\u2011Pierre Papin<\/strong> et le compositeur <strong>Philippe Sarde<\/strong>, la <strong>premi\u00e8re dame<\/strong> a opt\u00e9 pour une <strong>tenue sophistiqu\u00e9e<\/strong> en velours. La coupe impeccablement ajust\u00e9e a mis en valeur une silhouette classique et contemporaine, soulign\u00e9e par des escarpins noirs et un maquillage naturel. Cette apparition confirme son influence sur la <strong>mode f\u00e9minine<\/strong> institutionnelle. Pour un retour en images, voir le portfolio de <a href=\"https:\/\/www.gala.fr\/mode\/les_stars_et_la_mode\/brigitte-macron-tres-chic-en-costume-de-velours-noir-pour-une-prestigieuse-ceremonie-a-l-elysee-20260419\" rel=\"nofollow\">Gala<\/a>.<\/p>\n\n<h3 class=\"wp-block-heading\">Les invit\u00e9s et l&rsquo;ambiance de la soir\u00e9e<\/h3>\n\n<p>La liste des convives comprenait des figures du cin\u00e9ma et du sport comme <strong>Muriel Robin<\/strong>, <strong>Fanny Ardant<\/strong>, <strong>Fran\u00e7ois Berl\u00e9and<\/strong>, ainsi que des personnalit\u00e9s politiques dont <strong>Bruno Le Maire<\/strong>. Le directeur du Mont\u2011Saint\u2011Michel, <strong>Thomas Velter<\/strong>, faisait partie des d\u00e9cor\u00e9s. Un clich\u00e9 publi\u00e9 le 18 avril par <strong>Bruno Le Maire<\/strong> sur Instagram a mis en lumi\u00e8re la mise en sc\u00e8ne sobre et protocolaire de l&rsquo;<strong>\u00c9lys\u00e9e<\/strong>, o\u00f9 le <strong>costume velours noir<\/strong> s&rsquo;est impos\u00e9 comme choix id\u00e9al pour la solennit\u00e9 de l&rsquo;instant.<\/p>\n\n<h2 class=\"wp-block-heading\">\u00c9l\u00e9gance et codes de la <strong>mode f\u00e9minine<\/strong><br>\n<\/h2>\n\n<p>La Premi\u00e8re dame a jou\u00e9 la carte de la discr\u00e9tion mesur\u00e9e : un velours profond, des lignes nettes, des accessoires minimaux. Sa coiffure l\u00e9g\u00e8rement volumineuse et son maquillage subtilement travaill\u00e9 ont renforc\u00e9 l&rsquo;id\u00e9e d&rsquo;une <strong>\u00e9l\u00e9gance<\/strong> sans ostentation. Ce choix fait \u00e9cho \u00e0 d&rsquo;autres apparitions remarqu\u00e9es cette ann\u00e9e, comme sa robe rouge lors d&rsquo;un d\u00eener d&rsquo;\u00c9tat et ses parures Louis Vuitton, largement comment\u00e9es par la presse sp\u00e9cialis\u00e9e <a href=\"https:\/\/www.marieclaire.fr\/brigitte-macron-style-looks-mode-evolution,1135900.asp\" rel=\"nofollow\">Marie Claire<\/a>.<\/p>\n\n<h2 class=\"wp-block-heading\">Une apparition qui confirme un style<\/h2>\n\n<p>Cette venue \u00e0 l&rsquo;<strong>\u00c9lys\u00e9e<\/strong> illustre la capacit\u00e9 de la Premi\u00e8re dame \u00e0 marier protocole et modernit\u00e9. Le <strong>costume velours noir<\/strong> r\u00e9sonne comme une r\u00e9ponse contemporaine aux codes traditionnels des c\u00e9r\u00e9monies officielles, soulignant une silhouette longiligne et affirm\u00e9e. L&rsquo;instant rappelle aussi des collaborations mode pr\u00e9c\u00e9dentes et des retours m\u00e9diatiques constants sur ses choix vestimentaires.<\/p>\n\n<p>Pour en savoir plus sur la vie publique et les apparitions de la famille Macron, ainsi que sur les liens familiaux et les coulisses, d\u00e9couvre des portraits et analyses d\u00e9taill\u00e9es sur <a href=\"https:\/\/www.sebastien-auziere.fr\/blog\/brigitte-macron-73-ans\/\" rel=\"nofollow\">le site d\u00e9di\u00e9<\/a> et prolonge la lecture avec une autre chronique sur sa tenue au Vatican <a href=\"https:\/\/www.sebastien-auziere.fr\/blog\/brigitte-macron-vatican-noir\/\" rel=\"nofollow\">ici<\/a>. Visite <a href=\"https:\/\/www.sebastien-auziere.fr\/blog\/brigitte-macron-73-ans\/\" rel=\"nofollow\">sebastien-auziere.fr<\/a> pour en d\u00e9couvrir davantage sur <strong>S\u00e9bastien Auzi\u00e8re<\/strong> et la <strong>famille Macron<\/strong>.<\/p>\n\n","protected":false},"excerpt":{"rendered":"<p>Brigitte Macron a illumin\u00e9 le perron de l&rsquo;\u00c9lys\u00e9e le 17 avril 2026, choisissant un costume velours noir d&rsquo;une sobri\u00e9t\u00e9 parfaite pour une c\u00e9r\u00e9monie d&rsquo;exception. D\u00e8s l&rsquo;entr\u00e9e, la premi\u00e8re dame a captiv\u00e9 les regards avec une veste structur\u00e9e et un pantalon cigarette, confirmant un sens du style chic \u00e0 la fran\u00e7aise. En bref : tenue sobre &#8230; <a title=\"Brigitte Macron \u00e9blouit en costume de velours noir lors d&rsquo;une c\u00e9r\u00e9monie d&rsquo;exception \u00e0 l\u2019\u00c9lys\u00e9e\" class=\"read-more\" href=\"https:\/\/www.sebastien-auziere.fr\/blog\/brigitte-macron-costume-velours\/\" aria-label=\"En savoir plus sur Brigitte Macron \u00e9blouit en costume de velours noir lors d&rsquo;une c\u00e9r\u00e9monie d&rsquo;exception \u00e0 l\u2019\u00c9lys\u00e9e\">Lire plus<\/a><\/p>\n","protected":false},"author":9,"featured_media":3158,"comment_status":"open","ping_status":"open","sticky":false,"template":"","format":"standard","meta":{"footnotes":""},"categories":[597],"tags":[892,3574,3570,3329,3572],"class_list":["post-3159","post","type-post","status-publish","format-standard","has-post-thumbnail","hentry","category-actualites","tag-brigitte-macron","tag-ceremonie-dexception","tag-costume-de-velours","tag-elysee","tag-tenue-elegante"],"yoast_head":"<!-- This site is optimized with the Yoast SEO plugin v27.5 - https:\/\/yoast.com\/product\/yoast-seo-wordpress\/ -->\n<title>Brigitte Macron \u00e9blouit en costume de velours noir lors d&#039;une c\u00e9r\u00e9monie d&#039;exception \u00e0 l\u2019\u00c9lys\u00e9e - Fan site S\u00e9bastien Auzi\u00e8re<\/title>\n<meta name=\"description\" content=\"Brigitte Macron \u00e9blouit en costume de velours noir lors d\u2019une c\u00e9r\u00e9monie d\u2019exception \u00e0 l\u2019\u00c9lys\u00e9e, alliant \u00e9l\u00e9gance et raffinement.\" \/>\n<meta name=\"robots\" content=\"index, follow, max-snippet:-1, max-image-preview:large, max-video-preview:-1\" \/>\n<link rel=\"canonical\" href=\"https:\/\/www.sebastien-auziere.fr\/blog\/brigitte-macron-costume-velours\/\" \/>\n<meta property=\"og:locale\" content=\"fr_FR\" \/>\n<meta property=\"og:type\" content=\"article\" \/>\n<meta property=\"og:title\" content=\"Brigitte Macron \u00e9blouit en costume de velours noir lors d&#039;une c\u00e9r\u00e9monie d&#039;exception \u00e0 l\u2019\u00c9lys\u00e9e - Fan site S\u00e9bastien Auzi\u00e8re\" \/>\n<meta property=\"og:description\" content=\"Brigitte Macron \u00e9blouit en costume de velours noir lors d\u2019une c\u00e9r\u00e9monie d\u2019exception \u00e0 l\u2019\u00c9lys\u00e9e, alliant \u00e9l\u00e9gance et raffinement.\" \/>\n<meta property=\"og:url\" content=\"https:\/\/www.sebastien-auziere.fr\/blog\/brigitte-macron-costume-velours\/\" \/>\n<meta property=\"og:site_name\" content=\"Fan site S\u00e9bastien Auzi\u00e8re\" \/>\n<meta property=\"article:published_time\" content=\"2026-04-19T19:10:04+00:00\" \/>\n<meta property=\"og:image\" content=\"https:\/\/www.sebastien-auziere.fr\/blog\/wp-content\/uploads\/2026\/04\/Brigitte-Macron-eblouit-en-costume-de-velours-noir-lors-dune-ceremonie-dexception-a-lElysee.jpg\" \/>\n\t<meta property=\"og:image:width\" content=\"2560\" \/>\n\t<meta property=\"og:image:height\" content=\"1429\" \/>\n\t<meta property=\"og:image:type\" content=\"image\/jpeg\" \/>\n<meta name=\"author\" content=\"Chloe Gauthier\" \/>\n<meta name=\"twitter:card\" content=\"summary_large_image\" \/>\n<meta name=\"twitter:label1\" content=\"\u00c9crit par\" \/>\n\t<meta name=\"twitter:data1\" content=\"Chloe Gauthier\" \/>\n\t<meta name=\"twitter:label2\" content=\"Dur\u00e9e de lecture estim\u00e9e\" \/>\n\t<meta name=\"twitter:data2\" content=\"3 minutes\" \/>\n<script type=\"application\/ld+json\" class=\"yoast-schema-graph\">{\"@context\":\"https:\\\/\\\/schema.org\",\"@graph\":[{\"@type\":\"Article\",\"@id\":\"https:\\\/\\\/www.sebastien-auziere.fr\\\/blog\\\/brigitte-macron-costume-velours\\\/#article\",\"isPartOf\":{\"@id\":\"https:\\\/\\\/www.sebastien-auziere.fr\\\/blog\\\/brigitte-macron-costume-velours\\\/\"},\"author\":{\"name\":\"Chloe Gauthier\",\"@id\":\"https:\\\/\\\/www.sebastien-auziere.fr\\\/blog\\\/#\\\/schema\\\/person\\\/149f1acdbfd85149c6c3e59adeae2f4d\"},\"headline\":\"Brigitte Macron \u00e9blouit en costume de velours noir lors d&rsquo;une c\u00e9r\u00e9monie d&rsquo;exception \u00e0 l\u2019\u00c9lys\u00e9e\",\"datePublished\":\"2026-04-19T19:10:04+00:00\",\"mainEntityOfPage\":{\"@id\":\"https:\\\/\\\/www.sebastien-auziere.fr\\\/blog\\\/brigitte-macron-costume-velours\\\/\"},\"wordCount\":532,\"commentCount\":0,\"publisher\":{\"@id\":\"https:\\\/\\\/www.sebastien-auziere.fr\\\/blog\\\/#organization\"},\"image\":{\"@id\":\"https:\\\/\\\/www.sebastien-auziere.fr\\\/blog\\\/brigitte-macron-costume-velours\\\/#primaryimage\"},\"thumbnailUrl\":\"https:\\\/\\\/www.sebastien-auziere.fr\\\/blog\\\/wp-content\\\/uploads\\\/2026\\\/04\\\/Brigitte-Macron-eblouit-en-costume-de-velours-noir-lors-dune-ceremonie-dexception-a-lElysee.jpg\",\"keywords\":[\"brigitte macron\",\"c\u00e9r\u00e9monie d'exception\",\"costume de velours\",\"\u00e9lys\u00e9e\",\"tenue \u00e9l\u00e9gante\"],\"articleSection\":[\"Actualit\u00e9s\"],\"inLanguage\":\"fr-FR\",\"potentialAction\":[{\"@type\":\"CommentAction\",\"name\":\"Comment\",\"target\":[\"https:\\\/\\\/www.sebastien-auziere.fr\\\/blog\\\/brigitte-macron-costume-velours\\\/#respond\"]}]},{\"@type\":\"WebPage\",\"@id\":\"https:\\\/\\\/www.sebastien-auziere.fr\\\/blog\\\/brigitte-macron-costume-velours\\\/\",\"url\":\"https:\\\/\\\/www.sebastien-auziere.fr\\\/blog\\\/brigitte-macron-costume-velours\\\/\",\"name\":\"Brigitte Macron \u00e9blouit en costume de velours noir lors d'une c\u00e9r\u00e9monie d'exception \u00e0 l\u2019\u00c9lys\u00e9e - Fan site S\u00e9bastien Auzi\u00e8re\",\"isPartOf\":{\"@id\":\"https:\\\/\\\/www.sebastien-auziere.fr\\\/blog\\\/#website\"},\"primaryImageOfPage\":{\"@id\":\"https:\\\/\\\/www.sebastien-auziere.fr\\\/blog\\\/brigitte-macron-costume-velours\\\/#primaryimage\"},\"image\":{\"@id\":\"https:\\\/\\\/www.sebastien-auziere.fr\\\/blog\\\/brigitte-macron-costume-velours\\\/#primaryimage\"},\"thumbnailUrl\":\"https:\\\/\\\/www.sebastien-auziere.fr\\\/blog\\\/wp-content\\\/uploads\\\/2026\\\/04\\\/Brigitte-Macron-eblouit-en-costume-de-velours-noir-lors-dune-ceremonie-dexception-a-lElysee.jpg\",\"datePublished\":\"2026-04-19T19:10:04+00:00\",\"description\":\"Brigitte Macron \u00e9blouit en costume de velours noir lors d\u2019une c\u00e9r\u00e9monie d\u2019exception \u00e0 l\u2019\u00c9lys\u00e9e, alliant \u00e9l\u00e9gance et raffinement.\",\"breadcrumb\":{\"@id\":\"https:\\\/\\\/www.sebastien-auziere.fr\\\/blog\\\/brigitte-macron-costume-velours\\\/#breadcrumb\"},\"inLanguage\":\"fr-FR\",\"potentialAction\":[{\"@type\":\"ReadAction\",\"target\":[\"https:\\\/\\\/www.sebastien-auziere.fr\\\/blog\\\/brigitte-macron-costume-velours\\\/\"]}]},{\"@type\":\"ImageObject\",\"inLanguage\":\"fr-FR\",\"@id\":\"https:\\\/\\\/www.sebastien-auziere.fr\\\/blog\\\/brigitte-macron-costume-velours\\\/#primaryimage\",\"url\":\"https:\\\/\\\/www.sebastien-auziere.fr\\\/blog\\\/wp-content\\\/uploads\\\/2026\\\/04\\\/Brigitte-Macron-eblouit-en-costume-de-velours-noir-lors-dune-ceremonie-dexception-a-lElysee.jpg\",\"contentUrl\":\"https:\\\/\\\/www.sebastien-auziere.fr\\\/blog\\\/wp-content\\\/uploads\\\/2026\\\/04\\\/Brigitte-Macron-eblouit-en-costume-de-velours-noir-lors-dune-ceremonie-dexception-a-lElysee.jpg\",\"width\":2560,\"height\":1429,\"caption\":\"d\u00e9couvrez brigitte macron rayonnante en costume de velours noir lors d'une c\u00e9r\u00e9monie exceptionnelle \u00e0 l\u2019\u00e9lys\u00e9e, alliant \u00e9l\u00e9gance et raffinement.\"},{\"@type\":\"BreadcrumbList\",\"@id\":\"https:\\\/\\\/www.sebastien-auziere.fr\\\/blog\\\/brigitte-macron-costume-velours\\\/#breadcrumb\",\"itemListElement\":[{\"@type\":\"ListItem\",\"position\":1,\"name\":\"Home\",\"item\":\"https:\\\/\\\/www.sebastien-auziere.fr\\\/blog\\\/\"},{\"@type\":\"ListItem\",\"position\":2,\"name\":\"Brigitte Macron \u00e9blouit en costume de velours noir lors d&rsquo;une c\u00e9r\u00e9monie d&rsquo;exception \u00e0 l\u2019\u00c9lys\u00e9e\"}]},{\"@type\":\"WebSite\",\"@id\":\"https:\\\/\\\/www.sebastien-auziere.fr\\\/blog\\\/#website\",\"url\":\"https:\\\/\\\/www.sebastien-auziere.fr\\\/blog\\\/\",\"name\":\"Fan site S\u00e9bastien Auzi\u00e8re\",\"description\":\"M\u00e9dia g\u00e9n\u00e9raliste\",\"publisher\":{\"@id\":\"https:\\\/\\\/www.sebastien-auziere.fr\\\/blog\\\/#organization\"},\"potentialAction\":[{\"@type\":\"SearchAction\",\"target\":{\"@type\":\"EntryPoint\",\"urlTemplate\":\"https:\\\/\\\/www.sebastien-auziere.fr\\\/blog\\\/?s={search_term_string}\"},\"query-input\":{\"@type\":\"PropertyValueSpecification\",\"valueRequired\":true,\"valueName\":\"search_term_string\"}}],\"inLanguage\":\"fr-FR\"},{\"@type\":\"Organization\",\"@id\":\"https:\\\/\\\/www.sebastien-auziere.fr\\\/blog\\\/#organization\",\"name\":\"Fan site S\u00e9bastien Auzi\u00e8re\",\"url\":\"https:\\\/\\\/www.sebastien-auziere.fr\\\/blog\\\/\",\"logo\":{\"@type\":\"ImageObject\",\"inLanguage\":\"fr-FR\",\"@id\":\"https:\\\/\\\/www.sebastien-auziere.fr\\\/blog\\\/#\\\/schema\\\/logo\\\/image\\\/\",\"url\":\"https:\\\/\\\/www.sebastien-auziere.fr\\\/blog\\\/wp-content\\\/uploads\\\/2026\\\/03\\\/cropped-cropped-cropped-ChatGPT-Image-6-mars-2026-12_58_09-e1772798376794.jpg\",\"contentUrl\":\"https:\\\/\\\/www.sebastien-auziere.fr\\\/blog\\\/wp-content\\\/uploads\\\/2026\\\/03\\\/cropped-cropped-cropped-ChatGPT-Image-6-mars-2026-12_58_09-e1772798376794.jpg\",\"width\":512,\"height\":360,\"caption\":\"Fan site S\u00e9bastien Auzi\u00e8re\"},\"image\":{\"@id\":\"https:\\\/\\\/www.sebastien-auziere.fr\\\/blog\\\/#\\\/schema\\\/logo\\\/image\\\/\"}},{\"@type\":\"Person\",\"@id\":\"https:\\\/\\\/www.sebastien-auziere.fr\\\/blog\\\/#\\\/schema\\\/person\\\/149f1acdbfd85149c6c3e59adeae2f4d\",\"name\":\"Chloe Gauthier\",\"image\":{\"@type\":\"ImageObject\",\"inLanguage\":\"fr-FR\",\"@id\":\"https:\\\/\\\/secure.gravatar.com\\\/avatar\\\/2c5722f58171cff738a8985ef0dd66b476e563753246a49019befc837ec4201a?s=96&d=mm&r=g\",\"url\":\"https:\\\/\\\/secure.gravatar.com\\\/avatar\\\/2c5722f58171cff738a8985ef0dd66b476e563753246a49019befc837ec4201a?s=96&d=mm&r=g\",\"contentUrl\":\"https:\\\/\\\/secure.gravatar.com\\\/avatar\\\/2c5722f58171cff738a8985ef0dd66b476e563753246a49019befc837ec4201a?s=96&d=mm&r=g\",\"caption\":\"Chloe Gauthier\"},\"description\":\"Passionn\u00e9e par la politique et admiratrice engag\u00e9e de la famille Macron, je consacre mon \u00e9nergie \u00e0 suivre leurs initiatives et \u00e0 promouvoir leurs id\u00e9es. \u00c0 32 ans, je suis convaincue que leur vision est porteuse d'avenir.\",\"url\":\"https:\\\/\\\/www.sebastien-auziere.fr\\\/blog\\\/author\\\/chloe-gauthier\\\/\"}]}<\/script>\n<!-- \/ Yoast SEO plugin. -->","yoast_head_json":{"title":"Brigitte Macron \u00e9blouit en costume de velours noir lors d'une c\u00e9r\u00e9monie d'exception \u00e0 l\u2019\u00c9lys\u00e9e - Fan site S\u00e9bastien Auzi\u00e8re","description":"Brigitte Macron \u00e9blouit en costume de velours noir lors d\u2019une c\u00e9r\u00e9monie d\u2019exception \u00e0 l\u2019\u00c9lys\u00e9e, alliant \u00e9l\u00e9gance et raffinement.","robots":{"index":"index","follow":"follow","max-snippet":"max-snippet:-1","max-image-preview":"max-image-preview:large","max-video-preview":"max-video-preview:-1"},"canonical":"https:\/\/www.sebastien-auziere.fr\/blog\/brigitte-macron-costume-velours\/","og_locale":"fr_FR","og_type":"article","og_title":"Brigitte Macron \u00e9blouit en costume de velours noir lors d'une c\u00e9r\u00e9monie d'exception \u00e0 l\u2019\u00c9lys\u00e9e - Fan site S\u00e9bastien Auzi\u00e8re","og_description":"Brigitte Macron \u00e9blouit en costume de velours noir lors d\u2019une c\u00e9r\u00e9monie d\u2019exception \u00e0 l\u2019\u00c9lys\u00e9e, alliant \u00e9l\u00e9gance et raffinement.","og_url":"https:\/\/www.sebastien-auziere.fr\/blog\/brigitte-macron-costume-velours\/","og_site_name":"Fan site S\u00e9bastien Auzi\u00e8re","article_published_time":"2026-04-19T19:10:04+00:00","og_image":[{"width":2560,"height":1429,"url":"https:\/\/www.sebastien-auziere.fr\/blog\/wp-content\/uploads\/2026\/04\/Brigitte-Macron-eblouit-en-costume-de-velours-noir-lors-dune-ceremonie-dexception-a-lElysee.jpg","type":"image\/jpeg"}],"author":"Chloe Gauthier","twitter_card":"summary_large_image","twitter_misc":{"\u00c9crit par":"Chloe Gauthier","Dur\u00e9e de lecture estim\u00e9e":"3 minutes"},"schema":{"@context":"https:\/\/schema.org","@graph":[{"@type":"Article","@id":"https:\/\/www.sebastien-auziere.fr\/blog\/brigitte-macron-costume-velours\/#article","isPartOf":{"@id":"https:\/\/www.sebastien-auziere.fr\/blog\/brigitte-macron-costume-velours\/"},"author":{"name":"Chloe Gauthier","@id":"https:\/\/www.sebastien-auziere.fr\/blog\/#\/schema\/person\/149f1acdbfd85149c6c3e59adeae2f4d"},"headline":"Brigitte Macron \u00e9blouit en costume de velours noir lors d&rsquo;une c\u00e9r\u00e9monie d&rsquo;exception \u00e0 l\u2019\u00c9lys\u00e9e","datePublished":"2026-04-19T19:10:04+00:00","mainEntityOfPage":{"@id":"https:\/\/www.sebastien-auziere.fr\/blog\/brigitte-macron-costume-velours\/"},"wordCount":532,"commentCount":0,"publisher":{"@id":"https:\/\/www.sebastien-auziere.fr\/blog\/#organization"},"image":{"@id":"https:\/\/www.sebastien-auziere.fr\/blog\/brigitte-macron-costume-velours\/#primaryimage"},"thumbnailUrl":"https:\/\/www.sebastien-auziere.fr\/blog\/wp-content\/uploads\/2026\/04\/Brigitte-Macron-eblouit-en-costume-de-velours-noir-lors-dune-ceremonie-dexception-a-lElysee.jpg","keywords":["brigitte macron","c\u00e9r\u00e9monie d'exception","costume de velours","\u00e9lys\u00e9e","tenue \u00e9l\u00e9gante"],"articleSection":["Actualit\u00e9s"],"inLanguage":"fr-FR","potentialAction":[{"@type":"CommentAction","name":"Comment","target":["https:\/\/www.sebastien-auziere.fr\/blog\/brigitte-macron-costume-velours\/#respond"]}]},{"@type":"WebPage","@id":"https:\/\/www.sebastien-auziere.fr\/blog\/brigitte-macron-costume-velours\/","url":"https:\/\/www.sebastien-auziere.fr\/blog\/brigitte-macron-costume-velours\/","name":"Brigitte Macron \u00e9blouit en costume de velours noir lors d'une c\u00e9r\u00e9monie d'exception \u00e0 l\u2019\u00c9lys\u00e9e - Fan site S\u00e9bastien Auzi\u00e8re","isPartOf":{"@id":"https:\/\/www.sebastien-auziere.fr\/blog\/#website"},"primaryImageOfPage":{"@id":"https:\/\/www.sebastien-auziere.fr\/blog\/brigitte-macron-costume-velours\/#primaryimage"},"image":{"@id":"https:\/\/www.sebastien-auziere.fr\/blog\/brigitte-macron-costume-velours\/#primaryimage"},"thumbnailUrl":"https:\/\/www.sebastien-auziere.fr\/blog\/wp-content\/uploads\/2026\/04\/Brigitte-Macron-eblouit-en-costume-de-velours-noir-lors-dune-ceremonie-dexception-a-lElysee.jpg","datePublished":"2026-04-19T19:10:04+00:00","description":"Brigitte Macron \u00e9blouit en costume de velours noir lors d\u2019une c\u00e9r\u00e9monie d\u2019exception \u00e0 l\u2019\u00c9lys\u00e9e, alliant \u00e9l\u00e9gance et raffinement.","breadcrumb":{"@id":"https:\/\/www.sebastien-auziere.fr\/blog\/brigitte-macron-costume-velours\/#breadcrumb"},"inLanguage":"fr-FR","potentialAction":[{"@type":"ReadAction","target":["https:\/\/www.sebastien-auziere.fr\/blog\/brigitte-macron-costume-velours\/"]}]},{"@type":"ImageObject","inLanguage":"fr-FR","@id":"https:\/\/www.sebastien-auziere.fr\/blog\/brigitte-macron-costume-velours\/#primaryimage","url":"https:\/\/www.sebastien-auziere.fr\/blog\/wp-content\/uploads\/2026\/04\/Brigitte-Macron-eblouit-en-costume-de-velours-noir-lors-dune-ceremonie-dexception-a-lElysee.jpg","contentUrl":"https:\/\/www.sebastien-auziere.fr\/blog\/wp-content\/uploads\/2026\/04\/Brigitte-Macron-eblouit-en-costume-de-velours-noir-lors-dune-ceremonie-dexception-a-lElysee.jpg","width":2560,"height":1429,"caption":"d\u00e9couvrez brigitte macron rayonnante en costume de velours noir lors d'une c\u00e9r\u00e9monie exceptionnelle \u00e0 l\u2019\u00e9lys\u00e9e, alliant \u00e9l\u00e9gance et raffinement."},{"@type":"BreadcrumbList","@id":"https:\/\/www.sebastien-auziere.fr\/blog\/brigitte-macron-costume-velours\/#breadcrumb","itemListElement":[{"@type":"ListItem","position":1,"name":"Home","item":"https:\/\/www.sebastien-auziere.fr\/blog\/"},{"@type":"ListItem","position":2,"name":"Brigitte Macron \u00e9blouit en costume de velours noir lors d&rsquo;une c\u00e9r\u00e9monie d&rsquo;exception \u00e0 l\u2019\u00c9lys\u00e9e"}]},{"@type":"WebSite","@id":"https:\/\/www.sebastien-auziere.fr\/blog\/#website","url":"https:\/\/www.sebastien-auziere.fr\/blog\/","name":"Fan site S\u00e9bastien Auzi\u00e8re","description":"M\u00e9dia g\u00e9n\u00e9raliste","publisher":{"@id":"https:\/\/www.sebastien-auziere.fr\/blog\/#organization"},"potentialAction":[{"@type":"SearchAction","target":{"@type":"EntryPoint","urlTemplate":"https:\/\/www.sebastien-auziere.fr\/blog\/?s={search_term_string}"},"query-input":{"@type":"PropertyValueSpecification","valueRequired":true,"valueName":"search_term_string"}}],"inLanguage":"fr-FR"},{"@type":"Organization","@id":"https:\/\/www.sebastien-auziere.fr\/blog\/#organization","name":"Fan site S\u00e9bastien Auzi\u00e8re","url":"https:\/\/www.sebastien-auziere.fr\/blog\/","logo":{"@type":"ImageObject","inLanguage":"fr-FR","@id":"https:\/\/www.sebastien-auziere.fr\/blog\/#\/schema\/logo\/image\/","url":"https:\/\/www.sebastien-auziere.fr\/blog\/wp-content\/uploads\/2026\/03\/cropped-cropped-cropped-ChatGPT-Image-6-mars-2026-12_58_09-e1772798376794.jpg","contentUrl":"https:\/\/www.sebastien-auziere.fr\/blog\/wp-content\/uploads\/2026\/03\/cropped-cropped-cropped-ChatGPT-Image-6-mars-2026-12_58_09-e1772798376794.jpg","width":512,"height":360,"caption":"Fan site S\u00e9bastien Auzi\u00e8re"},"image":{"@id":"https:\/\/www.sebastien-auziere.fr\/blog\/#\/schema\/logo\/image\/"}},{"@type":"Person","@id":"https:\/\/www.sebastien-auziere.fr\/blog\/#\/schema\/person\/149f1acdbfd85149c6c3e59adeae2f4d","name":"Chloe Gauthier","image":{"@type":"ImageObject","inLanguage":"fr-FR","@id":"https:\/\/secure.gravatar.com\/avatar\/2c5722f58171cff738a8985ef0dd66b476e563753246a49019befc837ec4201a?s=96&d=mm&r=g","url":"https:\/\/secure.gravatar.com\/avatar\/2c5722f58171cff738a8985ef0dd66b476e563753246a49019befc837ec4201a?s=96&d=mm&r=g","contentUrl":"https:\/\/secure.gravatar.com\/avatar\/2c5722f58171cff738a8985ef0dd66b476e563753246a49019befc837ec4201a?s=96&d=mm&r=g","caption":"Chloe Gauthier"},"description":"Passionn\u00e9e par la politique et admiratrice engag\u00e9e de la famille Macron, je consacre mon \u00e9nergie \u00e0 suivre leurs initiatives et \u00e0 promouvoir leurs id\u00e9es. \u00c0 32 ans, je suis convaincue que leur vision est porteuse d'avenir.","url":"https:\/\/www.sebastien-auziere.fr\/blog\/author\/chloe-gauthier\/"}]}},"views":27,"_links":{"self":[{"href":"https:\/\/www.sebastien-auziere.fr\/blog\/wp-json\/wp\/v2\/posts\/3159","targetHints":{"allow":["GET"]}}],"collection":[{"href":"https:\/\/www.sebastien-auziere.fr\/blog\/wp-json\/wp\/v2\/posts"}],"about":[{"href":"https:\/\/www.sebastien-auziere.fr\/blog\/wp-json\/wp\/v2\/types\/post"}],"author":[{"embeddable":true,"href":"https:\/\/www.sebastien-auziere.fr\/blog\/wp-json\/wp\/v2\/users\/9"}],"replies":[{"embeddable":true,"href":"https:\/\/www.sebastien-auziere.fr\/blog\/wp-json\/wp\/v2\/comments?post=3159"}],"version-history":[{"count":0,"href":"https:\/\/www.sebastien-auziere.fr\/blog\/wp-json\/wp\/v2\/posts\/3159\/revisions"}],"wp:featuredmedia":[{"embeddable":true,"href":"https:\/\/www.sebastien-auziere.fr\/blog\/wp-json\/wp\/v2\/media\/3158"}],"wp:attachment":[{"href":"https:\/\/www.sebastien-auziere.fr\/blog\/wp-json\/wp\/v2\/media?parent=3159"}],"wp:term":[{"taxonomy":"category","embeddable":true,"href":"https:\/\/www.sebastien-auziere.fr\/blog\/wp-json\/wp\/v2\/categories?post=3159"},{"taxonomy":"post_tag","embeddable":true,"href":"https:\/\/www.sebastien-auziere.fr\/blog\/wp-json\/wp\/v2\/tags?post=3159"}],"curies":[{"name":"wp","href":"https:\/\/api.w.org\/{rel}","templated":true}]}}