{"id":3154,"date":"2026-04-19T07:28:27","date_gmt":"2026-04-19T07:28:27","guid":{"rendered":"https:\/\/www.sebastien-auziere.fr\/blog\/?p=3154"},"modified":"2026-04-19T07:28:53","modified_gmt":"2026-04-19T07:28:53","slug":"o-segredo-de-emagrecimento-de-brigitte-macron-o-alimento-indispensavel-de-sua-rotina-maratonista-para-uma-silhueta-afinada","status":"publish","type":"post","link":"https:\/\/www.sebastien-auziere.fr\/blog\/pt\/o-segredo-de-emagrecimento-de-brigitte-macron-o-alimento-indispensavel-de-sua-rotina-maratonista-para-uma-silhueta-afinada\/","title":{"rendered":"O segredo de emagrecimento de Brigitte Macron: o alimento indispens\u00e1vel de sua rotina maratonista para uma silhueta afinada"},"content":{"rendered":"<p>Brigitte Macron revela sem rodeios seu <strong>segredo para emagrecer<\/strong>: um simples <strong>alimento essencial<\/strong> adicionado todas as manh\u00e3s na sua x\u00edcara. Aos 73 anos (nascida em 13 de abril de 1953), a Primeira-dama explicou \u00e0 revista <strong>S<\/strong> de Sophie Davant que ela coloca <strong>lim\u00e3o<\/strong> espremido em seu ch\u00e1 e em sua infus\u00e3o, parte integrante de sua <strong>rotina maratonista<\/strong> que combina esporte di\u00e1rio e <strong>alimenta\u00e7\u00e3o saud\u00e1vel<\/strong>.<\/p>\n\n<p><strong>Em resumo<\/strong>: Brigitte Macron prefere o lim\u00e3o por seu alto teor de <strong>vitamina C<\/strong> e sua contribui\u00e7\u00e3o para o <strong>bem-estar<\/strong> da pele; sua dieta de maratonista baseia-se em frutas e vegetais frequentes; o simples gesto de adicionar lim\u00e3o \u00e0 bebida di\u00e1ria faz parte de uma estrat\u00e9gia de <strong>perda de peso<\/strong> leve e duradoura; um enfoque na <strong>nutri\u00e7\u00e3o saud\u00e1vel<\/strong> e no <strong>fitness<\/strong> complementa essa rotina.<\/p>\n\n<h2 class=\"wp-block-heading\">O lim\u00e3o, pilar da rotina maratonista<\/h2>\n\n<p>Durante a entrevista para <strong>S<\/strong>, Brigitte Macron respondeu de prontid\u00e3o que ela levaria \u201c<strong>apenas lim\u00e3o<\/strong>\u201d para uma ilha deserta, revelando assim a import\u00e2ncia dessa fruta em sua <strong>rotina maratonista<\/strong>. O lim\u00e3o fornece cerca de <strong>29 mg de vitamina C para 100 g<\/strong>, quase <strong>36,5 \u00b5g de vitamina B9<\/strong> e <strong>190 mg de pot\u00e1ssio<\/strong>, nutrientes \u00fateis para a energia e a defesa imunol\u00f3gica. Essa escolha simples vale muito mais do que um acess\u00f3rio cosm\u00e9tico.<\/p>\n\n<h2 class=\"wp-block-heading\">Nutri\u00e7\u00e3o e efeitos vis\u00edveis: pele e energia<\/h2>\n\n<p>Adicionar lim\u00e3o ao ch\u00e1 promove um brilho na pele e pode ajudar a reduzir pequenas vermelhid\u00f5es e desconfortos cut\u00e2neos, de acordo com os efeitos reconhecidos da vitamina C na s\u00edntese do col\u00e1geno. Este h\u00e1bito se reflete em v\u00e1rios retratos na m\u00eddia de sua <strong>silhueta esculpida<\/strong> e de seu dinamismo. Para saber mais sobre sua \u201cdieta de maratonista\u201d, leia a pesquisa da revista <a href=\"https:\/\/www.fourchette-et-bikini.fr\/actus\/brigitte-macron-son-regime-de-marathonienne-et-l-aliment-healthy-qu-elle-privilegie-a-73-ans-39287.html\" rel=\"nofollow\">Fourchette &amp; Bikini<\/a>. O lim\u00e3o permanece um aliado discreto, mas eficaz.<\/p>\n\n<p>A simplicidade do gesto convida \u00e0 experimenta\u00e7\u00e3o pessoal: voc\u00ea pode come\u00e7ar com meia colher de suco em uma x\u00edcara de ch\u00e1 quente, assim como a Primeira-dama, para apreciar o sabor e observar os efeitos na sua energia di\u00e1ria.<\/p>\n\n<h3 class=\"wp-block-heading\">Como integrar o alimento essencial sem excessos<\/h3>\n\n<p>O lim\u00e3o se insere facilmente em uma <strong>alimenta\u00e7\u00e3o saud\u00e1vel<\/strong> sem revirar um plano de emagrecimento: infus\u00e3o, um toque em uma salada ou como tempero. Cuidado, por\u00e9m, com os usos cosm\u00e9ticos em peles sens\u00edveis: teste em uma pequena \u00e1rea antes de qualquer aplica\u00e7\u00e3o. Reportagens como a de <a href=\"https:\/\/www.purepeople.com\/article\/a-70-ans-brigitte-macron-ne-se-passe-pas-de-cet-aliment-miracle-indispensable-pour_a513935\/1\" rel=\"nofollow\">PurePeople<\/a> lembram que esse gesto se insere em uma higiene de vida global, n\u00e3o em uma solu\u00e7\u00e3o milagrosa. Insight: a const\u00e2ncia \u00e9 fundamental.<\/p>\n\n<p>Para saber mais sobre a vida e os h\u00e1bitos da fam\u00edlia Macron, e descobrir dossi\u00eas detalhados sobre <strong>S\u00e9bastien Auzi\u00e8re<\/strong> e os pr\u00f3ximos de Emmanuel Macron, acesse <a href=\"https:\/\/www.sebastien-auziere.fr\/blog\/brigitte-macron-ventre-plat\/\" rel=\"nofollow\">sebastien-auziere.fr<\/a>: artigos, an\u00e1lises e arquivos completos para aprofundar o tema e acompanhar as not\u00edcias sobre <strong>nutri\u00e7\u00e3o saud\u00e1vel<\/strong> e <strong>fitness<\/strong> da Primeira-dama.<\/p>","protected":false},"excerpt":{"rendered":"<p>Brigitte Macron revela sem rodeios seu segredo para emagrecer: um simples alimento essencial adicionado todas as manh\u00e3s na sua x\u00edcara. Aos 73 anos (nascida em 13 de abril de 1953), a Primeira-dama explicou \u00e0 revista S de Sophie Davant que ela coloca lim\u00e3o espremido em seu ch\u00e1 e em sua infus\u00e3o, parte integrante de sua &#8230; <a title=\"O segredo de emagrecimento de Brigitte Macron: o alimento indispens\u00e1vel de sua rotina maratonista para uma silhueta afinada\" class=\"read-more\" href=\"https:\/\/www.sebastien-auziere.fr\/blog\/pt\/o-segredo-de-emagrecimento-de-brigitte-macron-o-alimento-indispensavel-de-sua-rotina-maratonista-para-uma-silhueta-afinada\/\" aria-label=\"En savoir plus sur O segredo de emagrecimento de Brigitte Macron: o alimento indispens\u00e1vel de sua rotina maratonista para uma silhueta afinada\">Lire plus<\/a><\/p>\n","protected":false},"author":9,"featured_media":3144,"comment_status":"open","ping_status":"open","sticky":false,"template":"","format":"standard","meta":{"footnotes":""},"categories":[862],"tags":[3540,3543,3546,3549,3552],"class_list":["post-3154","post","type-post","status-publish","format-standard","has-post-thumbnail","hentry","category-actualidades-pt","tag-alimentacao-brigitte-macron-pt","tag-dicas-de-emagrecimento-pt","tag-routine-de-emagrecimento-pt","tag-segredo-de-emagrecimento-brigitte-macron-pt","tag-silhueta-afinada-pt"],"yoast_head":"<!-- This site is optimized with the Yoast SEO plugin v27.5 - https:\/\/yoast.com\/product\/yoast-seo-wordpress\/ -->\n<title>O segredo de emagrecimento de Brigitte Macron: o alimento indispens\u00e1vel de sua rotina maratonista para uma silhueta afinada - Fan site S\u00e9bastien Auzi\u00e8re<\/title>\n<meta name=\"description\" content=\"D\u00e9couvrez l&#039;aliment cl\u00e9 du secret minceur de Brigitte Macron, essentiel \u00e0 sa routine marathonienne pour une silhouette affin\u00e9e et tonique.\" \/>\n<meta name=\"robots\" content=\"index, follow, max-snippet:-1, max-image-preview:large, max-video-preview:-1\" \/>\n<link rel=\"canonical\" href=\"https:\/\/www.sebastien-auziere.fr\/blog\/pt\/o-segredo-de-emagrecimento-de-brigitte-macron-o-alimento-indispensavel-de-sua-rotina-maratonista-para-uma-silhueta-afinada\/\" \/>\n<meta property=\"og:locale\" content=\"fr_FR\" \/>\n<meta property=\"og:type\" content=\"article\" \/>\n<meta property=\"og:title\" content=\"O segredo de emagrecimento de Brigitte Macron: o alimento indispens\u00e1vel de sua rotina maratonista para uma silhueta afinada - Fan site S\u00e9bastien Auzi\u00e8re\" \/>\n<meta property=\"og:description\" content=\"D\u00e9couvrez l&#039;aliment cl\u00e9 du secret minceur de Brigitte Macron, essentiel \u00e0 sa routine marathonienne pour une silhouette affin\u00e9e et tonique.\" \/>\n<meta property=\"og:url\" content=\"https:\/\/www.sebastien-auziere.fr\/blog\/pt\/o-segredo-de-emagrecimento-de-brigitte-macron-o-alimento-indispensavel-de-sua-rotina-maratonista-para-uma-silhueta-afinada\/\" \/>\n<meta property=\"og:site_name\" content=\"Fan site S\u00e9bastien Auzi\u00e8re\" \/>\n<meta property=\"article:published_time\" content=\"2026-04-19T07:28:27+00:00\" \/>\n<meta property=\"article:modified_time\" content=\"2026-04-19T07:28:53+00:00\" \/>\n<meta property=\"og:image\" content=\"https:\/\/www.sebastien-auziere.fr\/blog\/wp-content\/uploads\/2026\/04\/Le-secret-minceur-de-Brigitte-Macron-laliment-incontournable-de-sa-routine-marathonienne-pour-une-silhouette-affinee.jpg\" \/>\n\t<meta property=\"og:image:width\" content=\"2560\" \/>\n\t<meta property=\"og:image:height\" content=\"1429\" \/>\n\t<meta property=\"og:image:type\" content=\"image\/jpeg\" \/>\n<meta name=\"author\" content=\"Chloe Gauthier\" \/>\n<meta name=\"twitter:card\" content=\"summary_large_image\" \/>\n<meta name=\"twitter:label1\" content=\"\u00c9crit par\" \/>\n\t<meta name=\"twitter:data1\" content=\"Chloe Gauthier\" \/>\n\t<meta name=\"twitter:label2\" content=\"Dur\u00e9e de lecture estim\u00e9e\" \/>\n\t<meta name=\"twitter:data2\" content=\"2 minutes\" \/>\n<script type=\"application\/ld+json\" class=\"yoast-schema-graph\">{\"@context\":\"https:\\\/\\\/schema.org\",\"@graph\":[{\"@type\":\"Article\",\"@id\":\"https:\\\/\\\/www.sebastien-auziere.fr\\\/blog\\\/pt\\\/o-segredo-de-emagrecimento-de-brigitte-macron-o-alimento-indispensavel-de-sua-rotina-maratonista-para-uma-silhueta-afinada\\\/#article\",\"isPartOf\":{\"@id\":\"https:\\\/\\\/www.sebastien-auziere.fr\\\/blog\\\/pt\\\/o-segredo-de-emagrecimento-de-brigitte-macron-o-alimento-indispensavel-de-sua-rotina-maratonista-para-uma-silhueta-afinada\\\/\"},\"author\":{\"name\":\"Chloe Gauthier\",\"@id\":\"https:\\\/\\\/www.sebastien-auziere.fr\\\/blog\\\/#\\\/schema\\\/person\\\/149f1acdbfd85149c6c3e59adeae2f4d\"},\"headline\":\"O segredo de emagrecimento de Brigitte Macron: o alimento indispens\u00e1vel de sua rotina maratonista para uma silhueta afinada\",\"datePublished\":\"2026-04-19T07:28:27+00:00\",\"dateModified\":\"2026-04-19T07:28:53+00:00\",\"mainEntityOfPage\":{\"@id\":\"https:\\\/\\\/www.sebastien-auziere.fr\\\/blog\\\/pt\\\/o-segredo-de-emagrecimento-de-brigitte-macron-o-alimento-indispensavel-de-sua-rotina-maratonista-para-uma-silhueta-afinada\\\/\"},\"wordCount\":516,\"commentCount\":0,\"publisher\":{\"@id\":\"https:\\\/\\\/www.sebastien-auziere.fr\\\/blog\\\/#organization\"},\"image\":{\"@id\":\"https:\\\/\\\/www.sebastien-auziere.fr\\\/blog\\\/pt\\\/o-segredo-de-emagrecimento-de-brigitte-macron-o-alimento-indispensavel-de-sua-rotina-maratonista-para-uma-silhueta-afinada\\\/#primaryimage\"},\"thumbnailUrl\":\"https:\\\/\\\/www.sebastien-auziere.fr\\\/blog\\\/wp-content\\\/uploads\\\/2026\\\/04\\\/Le-secret-minceur-de-Brigitte-Macron-laliment-incontournable-de-sa-routine-marathonienne-pour-une-silhouette-affinee.jpg\",\"keywords\":[\"alimenta\u00e7\u00e3o brigitte macron\",\"dicas de emagrecimento\",\"routine de emagrecimento\",\"segredo de emagrecimento brigitte macron\",\"silhueta afinada\"],\"articleSection\":[\"Actualidades\"],\"inLanguage\":\"fr-FR\",\"potentialAction\":[{\"@type\":\"CommentAction\",\"name\":\"Comment\",\"target\":[\"https:\\\/\\\/www.sebastien-auziere.fr\\\/blog\\\/pt\\\/o-segredo-de-emagrecimento-de-brigitte-macron-o-alimento-indispensavel-de-sua-rotina-maratonista-para-uma-silhueta-afinada\\\/#respond\"]}]},{\"@type\":\"WebPage\",\"@id\":\"https:\\\/\\\/www.sebastien-auziere.fr\\\/blog\\\/pt\\\/o-segredo-de-emagrecimento-de-brigitte-macron-o-alimento-indispensavel-de-sua-rotina-maratonista-para-uma-silhueta-afinada\\\/\",\"url\":\"https:\\\/\\\/www.sebastien-auziere.fr\\\/blog\\\/pt\\\/o-segredo-de-emagrecimento-de-brigitte-macron-o-alimento-indispensavel-de-sua-rotina-maratonista-para-uma-silhueta-afinada\\\/\",\"name\":\"O segredo de emagrecimento de Brigitte Macron: o alimento indispens\u00e1vel de sua rotina maratonista para uma silhueta afinada - Fan site S\u00e9bastien Auzi\u00e8re\",\"isPartOf\":{\"@id\":\"https:\\\/\\\/www.sebastien-auziere.fr\\\/blog\\\/#website\"},\"primaryImageOfPage\":{\"@id\":\"https:\\\/\\\/www.sebastien-auziere.fr\\\/blog\\\/pt\\\/o-segredo-de-emagrecimento-de-brigitte-macron-o-alimento-indispensavel-de-sua-rotina-maratonista-para-uma-silhueta-afinada\\\/#primaryimage\"},\"image\":{\"@id\":\"https:\\\/\\\/www.sebastien-auziere.fr\\\/blog\\\/pt\\\/o-segredo-de-emagrecimento-de-brigitte-macron-o-alimento-indispensavel-de-sua-rotina-maratonista-para-uma-silhueta-afinada\\\/#primaryimage\"},\"thumbnailUrl\":\"https:\\\/\\\/www.sebastien-auziere.fr\\\/blog\\\/wp-content\\\/uploads\\\/2026\\\/04\\\/Le-secret-minceur-de-Brigitte-Macron-laliment-incontournable-de-sa-routine-marathonienne-pour-une-silhouette-affinee.jpg\",\"datePublished\":\"2026-04-19T07:28:27+00:00\",\"dateModified\":\"2026-04-19T07:28:53+00:00\",\"description\":\"D\u00e9couvrez l'aliment cl\u00e9 du secret minceur de Brigitte Macron, essentiel \u00e0 sa routine marathonienne pour une silhouette affin\u00e9e et tonique.\",\"breadcrumb\":{\"@id\":\"https:\\\/\\\/www.sebastien-auziere.fr\\\/blog\\\/pt\\\/o-segredo-de-emagrecimento-de-brigitte-macron-o-alimento-indispensavel-de-sua-rotina-maratonista-para-uma-silhueta-afinada\\\/#breadcrumb\"},\"inLanguage\":\"fr-FR\",\"potentialAction\":[{\"@type\":\"ReadAction\",\"target\":[\"https:\\\/\\\/www.sebastien-auziere.fr\\\/blog\\\/pt\\\/o-segredo-de-emagrecimento-de-brigitte-macron-o-alimento-indispensavel-de-sua-rotina-maratonista-para-uma-silhueta-afinada\\\/\"]}]},{\"@type\":\"ImageObject\",\"inLanguage\":\"fr-FR\",\"@id\":\"https:\\\/\\\/www.sebastien-auziere.fr\\\/blog\\\/pt\\\/o-segredo-de-emagrecimento-de-brigitte-macron-o-alimento-indispensavel-de-sua-rotina-maratonista-para-uma-silhueta-afinada\\\/#primaryimage\",\"url\":\"https:\\\/\\\/www.sebastien-auziere.fr\\\/blog\\\/wp-content\\\/uploads\\\/2026\\\/04\\\/Le-secret-minceur-de-Brigitte-Macron-laliment-incontournable-de-sa-routine-marathonienne-pour-une-silhouette-affinee.jpg\",\"contentUrl\":\"https:\\\/\\\/www.sebastien-auziere.fr\\\/blog\\\/wp-content\\\/uploads\\\/2026\\\/04\\\/Le-secret-minceur-de-Brigitte-Macron-laliment-incontournable-de-sa-routine-marathonienne-pour-une-silhouette-affinee.jpg\",\"width\":2560,\"height\":1429,\"caption\":\"d\u00e9couvrez le secret minceur de brigitte macron : l'aliment incontournable de sa routine marathonienne qui l'aide \u00e0 garder une silhouette affin\u00e9e et pleine d'\u00e9nergie.\"},{\"@type\":\"BreadcrumbList\",\"@id\":\"https:\\\/\\\/www.sebastien-auziere.fr\\\/blog\\\/pt\\\/o-segredo-de-emagrecimento-de-brigitte-macron-o-alimento-indispensavel-de-sua-rotina-maratonista-para-uma-silhueta-afinada\\\/#breadcrumb\",\"itemListElement\":[{\"@type\":\"ListItem\",\"position\":1,\"name\":\"Home\",\"item\":\"https:\\\/\\\/www.sebastien-auziere.fr\\\/blog\\\/\"},{\"@type\":\"ListItem\",\"position\":2,\"name\":\"O segredo de emagrecimento de Brigitte Macron: o alimento indispens\u00e1vel de sua rotina maratonista para uma silhueta afinada\"}]},{\"@type\":\"WebSite\",\"@id\":\"https:\\\/\\\/www.sebastien-auziere.fr\\\/blog\\\/#website\",\"url\":\"https:\\\/\\\/www.sebastien-auziere.fr\\\/blog\\\/\",\"name\":\"Fan site S\u00e9bastien Auzi\u00e8re\",\"description\":\"M\u00e9dia g\u00e9n\u00e9raliste\",\"publisher\":{\"@id\":\"https:\\\/\\\/www.sebastien-auziere.fr\\\/blog\\\/#organization\"},\"potentialAction\":[{\"@type\":\"SearchAction\",\"target\":{\"@type\":\"EntryPoint\",\"urlTemplate\":\"https:\\\/\\\/www.sebastien-auziere.fr\\\/blog\\\/?s={search_term_string}\"},\"query-input\":{\"@type\":\"PropertyValueSpecification\",\"valueRequired\":true,\"valueName\":\"search_term_string\"}}],\"inLanguage\":\"fr-FR\"},{\"@type\":\"Organization\",\"@id\":\"https:\\\/\\\/www.sebastien-auziere.fr\\\/blog\\\/#organization\",\"name\":\"Fan site S\u00e9bastien Auzi\u00e8re\",\"url\":\"https:\\\/\\\/www.sebastien-auziere.fr\\\/blog\\\/\",\"logo\":{\"@type\":\"ImageObject\",\"inLanguage\":\"fr-FR\",\"@id\":\"https:\\\/\\\/www.sebastien-auziere.fr\\\/blog\\\/#\\\/schema\\\/logo\\\/image\\\/\",\"url\":\"https:\\\/\\\/www.sebastien-auziere.fr\\\/blog\\\/wp-content\\\/uploads\\\/2026\\\/03\\\/cropped-cropped-cropped-ChatGPT-Image-6-mars-2026-12_58_09-e1772798376794.jpg\",\"contentUrl\":\"https:\\\/\\\/www.sebastien-auziere.fr\\\/blog\\\/wp-content\\\/uploads\\\/2026\\\/03\\\/cropped-cropped-cropped-ChatGPT-Image-6-mars-2026-12_58_09-e1772798376794.jpg\",\"width\":512,\"height\":360,\"caption\":\"Fan site S\u00e9bastien Auzi\u00e8re\"},\"image\":{\"@id\":\"https:\\\/\\\/www.sebastien-auziere.fr\\\/blog\\\/#\\\/schema\\\/logo\\\/image\\\/\"}},{\"@type\":\"Person\",\"@id\":\"https:\\\/\\\/www.sebastien-auziere.fr\\\/blog\\\/#\\\/schema\\\/person\\\/149f1acdbfd85149c6c3e59adeae2f4d\",\"name\":\"Chloe Gauthier\",\"image\":{\"@type\":\"ImageObject\",\"inLanguage\":\"fr-FR\",\"@id\":\"https:\\\/\\\/secure.gravatar.com\\\/avatar\\\/2c5722f58171cff738a8985ef0dd66b476e563753246a49019befc837ec4201a?s=96&d=mm&r=g\",\"url\":\"https:\\\/\\\/secure.gravatar.com\\\/avatar\\\/2c5722f58171cff738a8985ef0dd66b476e563753246a49019befc837ec4201a?s=96&d=mm&r=g\",\"contentUrl\":\"https:\\\/\\\/secure.gravatar.com\\\/avatar\\\/2c5722f58171cff738a8985ef0dd66b476e563753246a49019befc837ec4201a?s=96&d=mm&r=g\",\"caption\":\"Chloe Gauthier\"},\"description\":\"Passionn\u00e9e par la politique et admiratrice engag\u00e9e de la famille Macron, je consacre mon \u00e9nergie \u00e0 suivre leurs initiatives et \u00e0 promouvoir leurs id\u00e9es. \u00c0 32 ans, je suis convaincue que leur vision est porteuse d'avenir.\",\"url\":\"https:\\\/\\\/www.sebastien-auziere.fr\\\/blog\\\/author\\\/chloe-gauthier\\\/\"}]}<\/script>\n<!-- \/ Yoast SEO plugin. -->","yoast_head_json":{"title":"O segredo de emagrecimento de Brigitte Macron: o alimento indispens\u00e1vel de sua rotina maratonista para uma silhueta afinada - Fan site S\u00e9bastien Auzi\u00e8re","description":"D\u00e9couvrez l'aliment cl\u00e9 du secret minceur de Brigitte Macron, essentiel \u00e0 sa routine marathonienne pour une silhouette affin\u00e9e et tonique.","robots":{"index":"index","follow":"follow","max-snippet":"max-snippet:-1","max-image-preview":"max-image-preview:large","max-video-preview":"max-video-preview:-1"},"canonical":"https:\/\/www.sebastien-auziere.fr\/blog\/pt\/o-segredo-de-emagrecimento-de-brigitte-macron-o-alimento-indispensavel-de-sua-rotina-maratonista-para-uma-silhueta-afinada\/","og_locale":"fr_FR","og_type":"article","og_title":"O segredo de emagrecimento de Brigitte Macron: o alimento indispens\u00e1vel de sua rotina maratonista para uma silhueta afinada - Fan site S\u00e9bastien Auzi\u00e8re","og_description":"D\u00e9couvrez l'aliment cl\u00e9 du secret minceur de Brigitte Macron, essentiel \u00e0 sa routine marathonienne pour une silhouette affin\u00e9e et tonique.","og_url":"https:\/\/www.sebastien-auziere.fr\/blog\/pt\/o-segredo-de-emagrecimento-de-brigitte-macron-o-alimento-indispensavel-de-sua-rotina-maratonista-para-uma-silhueta-afinada\/","og_site_name":"Fan site S\u00e9bastien Auzi\u00e8re","article_published_time":"2026-04-19T07:28:27+00:00","article_modified_time":"2026-04-19T07:28:53+00:00","og_image":[{"width":2560,"height":1429,"url":"https:\/\/www.sebastien-auziere.fr\/blog\/wp-content\/uploads\/2026\/04\/Le-secret-minceur-de-Brigitte-Macron-laliment-incontournable-de-sa-routine-marathonienne-pour-une-silhouette-affinee.jpg","type":"image\/jpeg"}],"author":"Chloe Gauthier","twitter_card":"summary_large_image","twitter_misc":{"\u00c9crit par":"Chloe Gauthier","Dur\u00e9e de lecture estim\u00e9e":"2 minutes"},"schema":{"@context":"https:\/\/schema.org","@graph":[{"@type":"Article","@id":"https:\/\/www.sebastien-auziere.fr\/blog\/pt\/o-segredo-de-emagrecimento-de-brigitte-macron-o-alimento-indispensavel-de-sua-rotina-maratonista-para-uma-silhueta-afinada\/#article","isPartOf":{"@id":"https:\/\/www.sebastien-auziere.fr\/blog\/pt\/o-segredo-de-emagrecimento-de-brigitte-macron-o-alimento-indispensavel-de-sua-rotina-maratonista-para-uma-silhueta-afinada\/"},"author":{"name":"Chloe Gauthier","@id":"https:\/\/www.sebastien-auziere.fr\/blog\/#\/schema\/person\/149f1acdbfd85149c6c3e59adeae2f4d"},"headline":"O segredo de emagrecimento de Brigitte Macron: o alimento indispens\u00e1vel de sua rotina maratonista para uma silhueta afinada","datePublished":"2026-04-19T07:28:27+00:00","dateModified":"2026-04-19T07:28:53+00:00","mainEntityOfPage":{"@id":"https:\/\/www.sebastien-auziere.fr\/blog\/pt\/o-segredo-de-emagrecimento-de-brigitte-macron-o-alimento-indispensavel-de-sua-rotina-maratonista-para-uma-silhueta-afinada\/"},"wordCount":516,"commentCount":0,"publisher":{"@id":"https:\/\/www.sebastien-auziere.fr\/blog\/#organization"},"image":{"@id":"https:\/\/www.sebastien-auziere.fr\/blog\/pt\/o-segredo-de-emagrecimento-de-brigitte-macron-o-alimento-indispensavel-de-sua-rotina-maratonista-para-uma-silhueta-afinada\/#primaryimage"},"thumbnailUrl":"https:\/\/www.sebastien-auziere.fr\/blog\/wp-content\/uploads\/2026\/04\/Le-secret-minceur-de-Brigitte-Macron-laliment-incontournable-de-sa-routine-marathonienne-pour-une-silhouette-affinee.jpg","keywords":["alimenta\u00e7\u00e3o brigitte macron","dicas de emagrecimento","routine de emagrecimento","segredo de emagrecimento brigitte macron","silhueta afinada"],"articleSection":["Actualidades"],"inLanguage":"fr-FR","potentialAction":[{"@type":"CommentAction","name":"Comment","target":["https:\/\/www.sebastien-auziere.fr\/blog\/pt\/o-segredo-de-emagrecimento-de-brigitte-macron-o-alimento-indispensavel-de-sua-rotina-maratonista-para-uma-silhueta-afinada\/#respond"]}]},{"@type":"WebPage","@id":"https:\/\/www.sebastien-auziere.fr\/blog\/pt\/o-segredo-de-emagrecimento-de-brigitte-macron-o-alimento-indispensavel-de-sua-rotina-maratonista-para-uma-silhueta-afinada\/","url":"https:\/\/www.sebastien-auziere.fr\/blog\/pt\/o-segredo-de-emagrecimento-de-brigitte-macron-o-alimento-indispensavel-de-sua-rotina-maratonista-para-uma-silhueta-afinada\/","name":"O segredo de emagrecimento de Brigitte Macron: o alimento indispens\u00e1vel de sua rotina maratonista para uma silhueta afinada - Fan site S\u00e9bastien Auzi\u00e8re","isPartOf":{"@id":"https:\/\/www.sebastien-auziere.fr\/blog\/#website"},"primaryImageOfPage":{"@id":"https:\/\/www.sebastien-auziere.fr\/blog\/pt\/o-segredo-de-emagrecimento-de-brigitte-macron-o-alimento-indispensavel-de-sua-rotina-maratonista-para-uma-silhueta-afinada\/#primaryimage"},"image":{"@id":"https:\/\/www.sebastien-auziere.fr\/blog\/pt\/o-segredo-de-emagrecimento-de-brigitte-macron-o-alimento-indispensavel-de-sua-rotina-maratonista-para-uma-silhueta-afinada\/#primaryimage"},"thumbnailUrl":"https:\/\/www.sebastien-auziere.fr\/blog\/wp-content\/uploads\/2026\/04\/Le-secret-minceur-de-Brigitte-Macron-laliment-incontournable-de-sa-routine-marathonienne-pour-une-silhouette-affinee.jpg","datePublished":"2026-04-19T07:28:27+00:00","dateModified":"2026-04-19T07:28:53+00:00","description":"D\u00e9couvrez l'aliment cl\u00e9 du secret minceur de Brigitte Macron, essentiel \u00e0 sa routine marathonienne pour une silhouette affin\u00e9e et tonique.","breadcrumb":{"@id":"https:\/\/www.sebastien-auziere.fr\/blog\/pt\/o-segredo-de-emagrecimento-de-brigitte-macron-o-alimento-indispensavel-de-sua-rotina-maratonista-para-uma-silhueta-afinada\/#breadcrumb"},"inLanguage":"fr-FR","potentialAction":[{"@type":"ReadAction","target":["https:\/\/www.sebastien-auziere.fr\/blog\/pt\/o-segredo-de-emagrecimento-de-brigitte-macron-o-alimento-indispensavel-de-sua-rotina-maratonista-para-uma-silhueta-afinada\/"]}]},{"@type":"ImageObject","inLanguage":"fr-FR","@id":"https:\/\/www.sebastien-auziere.fr\/blog\/pt\/o-segredo-de-emagrecimento-de-brigitte-macron-o-alimento-indispensavel-de-sua-rotina-maratonista-para-uma-silhueta-afinada\/#primaryimage","url":"https:\/\/www.sebastien-auziere.fr\/blog\/wp-content\/uploads\/2026\/04\/Le-secret-minceur-de-Brigitte-Macron-laliment-incontournable-de-sa-routine-marathonienne-pour-une-silhouette-affinee.jpg","contentUrl":"https:\/\/www.sebastien-auziere.fr\/blog\/wp-content\/uploads\/2026\/04\/Le-secret-minceur-de-Brigitte-Macron-laliment-incontournable-de-sa-routine-marathonienne-pour-une-silhouette-affinee.jpg","width":2560,"height":1429,"caption":"d\u00e9couvrez le secret minceur de brigitte macron : l'aliment incontournable de sa routine marathonienne qui l'aide \u00e0 garder une silhouette affin\u00e9e et pleine d'\u00e9nergie."},{"@type":"BreadcrumbList","@id":"https:\/\/www.sebastien-auziere.fr\/blog\/pt\/o-segredo-de-emagrecimento-de-brigitte-macron-o-alimento-indispensavel-de-sua-rotina-maratonista-para-uma-silhueta-afinada\/#breadcrumb","itemListElement":[{"@type":"ListItem","position":1,"name":"Home","item":"https:\/\/www.sebastien-auziere.fr\/blog\/"},{"@type":"ListItem","position":2,"name":"O segredo de emagrecimento de Brigitte Macron: o alimento indispens\u00e1vel de sua rotina maratonista para uma silhueta afinada"}]},{"@type":"WebSite","@id":"https:\/\/www.sebastien-auziere.fr\/blog\/#website","url":"https:\/\/www.sebastien-auziere.fr\/blog\/","name":"Fan site S\u00e9bastien Auzi\u00e8re","description":"M\u00e9dia g\u00e9n\u00e9raliste","publisher":{"@id":"https:\/\/www.sebastien-auziere.fr\/blog\/#organization"},"potentialAction":[{"@type":"SearchAction","target":{"@type":"EntryPoint","urlTemplate":"https:\/\/www.sebastien-auziere.fr\/blog\/?s={search_term_string}"},"query-input":{"@type":"PropertyValueSpecification","valueRequired":true,"valueName":"search_term_string"}}],"inLanguage":"fr-FR"},{"@type":"Organization","@id":"https:\/\/www.sebastien-auziere.fr\/blog\/#organization","name":"Fan site S\u00e9bastien Auzi\u00e8re","url":"https:\/\/www.sebastien-auziere.fr\/blog\/","logo":{"@type":"ImageObject","inLanguage":"fr-FR","@id":"https:\/\/www.sebastien-auziere.fr\/blog\/#\/schema\/logo\/image\/","url":"https:\/\/www.sebastien-auziere.fr\/blog\/wp-content\/uploads\/2026\/03\/cropped-cropped-cropped-ChatGPT-Image-6-mars-2026-12_58_09-e1772798376794.jpg","contentUrl":"https:\/\/www.sebastien-auziere.fr\/blog\/wp-content\/uploads\/2026\/03\/cropped-cropped-cropped-ChatGPT-Image-6-mars-2026-12_58_09-e1772798376794.jpg","width":512,"height":360,"caption":"Fan site S\u00e9bastien Auzi\u00e8re"},"image":{"@id":"https:\/\/www.sebastien-auziere.fr\/blog\/#\/schema\/logo\/image\/"}},{"@type":"Person","@id":"https:\/\/www.sebastien-auziere.fr\/blog\/#\/schema\/person\/149f1acdbfd85149c6c3e59adeae2f4d","name":"Chloe Gauthier","image":{"@type":"ImageObject","inLanguage":"fr-FR","@id":"https:\/\/secure.gravatar.com\/avatar\/2c5722f58171cff738a8985ef0dd66b476e563753246a49019befc837ec4201a?s=96&d=mm&r=g","url":"https:\/\/secure.gravatar.com\/avatar\/2c5722f58171cff738a8985ef0dd66b476e563753246a49019befc837ec4201a?s=96&d=mm&r=g","contentUrl":"https:\/\/secure.gravatar.com\/avatar\/2c5722f58171cff738a8985ef0dd66b476e563753246a49019befc837ec4201a?s=96&d=mm&r=g","caption":"Chloe Gauthier"},"description":"Passionn\u00e9e par la politique et admiratrice engag\u00e9e de la famille Macron, je consacre mon \u00e9nergie \u00e0 suivre leurs initiatives et \u00e0 promouvoir leurs id\u00e9es. \u00c0 32 ans, je suis convaincue que leur vision est porteuse d'avenir.","url":"https:\/\/www.sebastien-auziere.fr\/blog\/author\/chloe-gauthier\/"}]}},"views":0,"_links":{"self":[{"href":"https:\/\/www.sebastien-auziere.fr\/blog\/wp-json\/wp\/v2\/posts\/3154","targetHints":{"allow":["GET"]}}],"collection":[{"href":"https:\/\/www.sebastien-auziere.fr\/blog\/wp-json\/wp\/v2\/posts"}],"about":[{"href":"https:\/\/www.sebastien-auziere.fr\/blog\/wp-json\/wp\/v2\/types\/post"}],"author":[{"embeddable":true,"href":"https:\/\/www.sebastien-auziere.fr\/blog\/wp-json\/wp\/v2\/users\/9"}],"replies":[{"embeddable":true,"href":"https:\/\/www.sebastien-auziere.fr\/blog\/wp-json\/wp\/v2\/comments?post=3154"}],"version-history":[{"count":1,"href":"https:\/\/www.sebastien-auziere.fr\/blog\/wp-json\/wp\/v2\/posts\/3154\/revisions"}],"predecessor-version":[{"id":3155,"href":"https:\/\/www.sebastien-auziere.fr\/blog\/wp-json\/wp\/v2\/posts\/3154\/revisions\/3155"}],"wp:featuredmedia":[{"embeddable":true,"href":"https:\/\/www.sebastien-auziere.fr\/blog\/wp-json\/wp\/v2\/media\/3144"}],"wp:attachment":[{"href":"https:\/\/www.sebastien-auziere.fr\/blog\/wp-json\/wp\/v2\/media?parent=3154"}],"wp:term":[{"taxonomy":"category","embeddable":true,"href":"https:\/\/www.sebastien-auziere.fr\/blog\/wp-json\/wp\/v2\/categories?post=3154"},{"taxonomy":"post_tag","embeddable":true,"href":"https:\/\/www.sebastien-auziere.fr\/blog\/wp-json\/wp\/v2\/tags?post=3154"}],"curies":[{"name":"wp","href":"https:\/\/api.w.org\/{rel}","templated":true}]}}