{"id":3140,"date":"2026-04-18T19:18:19","date_gmt":"2026-04-18T19:18:19","guid":{"rendered":"https:\/\/www.sebastien-auziere.fr\/blog\/?p=3140"},"modified":"2026-04-18T19:18:44","modified_gmt":"2026-04-18T19:18:44","slug":"a-73-ans-brigitte-macron-brilha-em-um-deslumbrante-vestido-vermelho-carmim-elegancia-e-charme-a-vista","status":"publish","type":"post","link":"https:\/\/www.sebastien-auziere.fr\/blog\/pt\/a-73-ans-brigitte-macron-brilha-em-um-deslumbrante-vestido-vermelho-carmim-elegancia-e-charme-a-vista\/","title":{"rendered":"\u00c0 73 ans, Brigitte Macron brilha em um deslumbrante vestido vermelho carmim: eleg\u00e2ncia e charme \u00e0 vista"},"content":{"rendered":"<p><strong>Brigitte Macron<\/strong>, aos <strong>73 anos<\/strong>, iluminou a escadaria do Pal\u00e1cio do Eliseu em 15 de abril com um <strong>vestido vermelho carmesim<\/strong> que imediatamente atraiu todos os olhares. O brilho desse <strong>luxuoso vestido<\/strong> e a cumplicidade vis\u00edvel entre as duas Primeiras-Damas tornaram essa <strong>apari\u00e7\u00e3o p\u00fablica<\/strong> um momento marcante do jantar de Estado com a Maurit\u00e2nia.<\/p>\n\n<p><strong>Em resumo:<\/strong> em 15 de abril, recep\u00e7\u00e3o oficial com Mohamed Ould El-Ghazaouani; <strong>Brigitte Macron<\/strong> usa um <strong>vestido vermelho carmesim<\/strong> longo; joias Louis Vuitton Flower Comet e bolsa Balmain notadas; rotina esportiva e exig\u00eancias alimentares confirmadas por fontes pr\u00f3ximas \u00e0s cozinhas do Eliseu.<\/p>\n\n<h2 class=\"wp-block-heading\">Uma roupa que cumpre suas promessas: vestido vermelho carmesim e acess\u00f3rios<\/h2>\n\n<p>Nos degraus, a <strong>vestimenta elegante<\/strong> de <strong>Brigitte Macron<\/strong> respeitou a sobriedade protocolar enquanto afirmava um <strong>estilo<\/strong> forte. O longo vestido, cobrindo e ajustado, era complementado por um colarinho Flower Comet assinado pela Louis Vuitton e uma pulseira combinando. A bolsa Balmain substituiu as habituais Lady Dior ou Capucine, destacando uma escolha de <strong>moda<\/strong> pensada e moderna. Para saber mais sobre o vestido, consulte este artigo dedicado: <a href=\"https:\/\/www.closermag.fr\/politique\/brigitte-macron-a-73-ans-la-premiere-dame-resplendissante-dans-une-longue-robe-rouge-carmin-une-nouveaute-interpelle-3630688\" rel=\"nofollow\">closer<\/a>.<\/p>\n\n<h2 class=\"wp-block-heading\">Um jantar de Estado repleto de s\u00edmbolos e reencontros<\/h2>\n\n<p>No dia 15 de abril, Emmanuel Macron destacou o papel da Maurit\u00e2nia na regi\u00e3o saheliana durante o jantar de Estado onde o presidente Mohamed Ould El-Ghazaouani e sua esposa foram recebidos. A Primeira-Dama francesa reencontrou sua hom\u00f3loga mauritana cinco anos ap\u00f3s o primeiro encontro, um momento carregado de emo\u00e7\u00e3o no tapete vermelho. O protocolo e a troca diplom\u00e1tica acompanharam essa <strong>apari\u00e7\u00e3o p\u00fablica<\/strong> not\u00e1vel, conforme relatam v\u00e1rias reportagens e comunicados oficiais. Veja a reportagem sobre moda e protocolo: <a href=\"https:\/\/madame.lefigaro.fr\/style\/news\/brigitte-macron-en-robe-rouge-et-chignon-dore-pour-le-diner-d-etat-mauritanien-20260416\" rel=\"nofollow\">Madame Figaro<\/a>.<\/p>\n\n<h2 class=\"wp-block-heading\">As joias e a <strong>moda<\/strong>: detalhes que fazem a diferen\u00e7a<\/h2>\n\n<p>Nessa noite, a aten\u00e7\u00e3o foi voltada para um colar in\u00e9dito da Louis Vuitton, adornado com duas flores Monogram e strass, e uma pulseira combinando. Essas escolhas de acess\u00f3rios deram ao <strong>luxuoso vestido<\/strong> um toque contempor\u00e2neo sem exageros. A bolsa Balmain, discreta mas elegante, confirmou um senso de detalhe refinado para um ambiente republicano. Para um foco sobre essas pe\u00e7as e seu impacto estil\u00edstico, consulte a an\u00e1lise de moda dispon\u00edvel online: <a href=\"https:\/\/www.femmeactuelle.fr\/mode\/news-mode\/brigitte-macron-mise-sur-une-robe-en-dentelle-noire-pour-un-diner-d-etat-avec-cristina-cordula-dans-une-somptueuse-robe-rouge-2194054\" rel=\"nofollow\">Femme Actuelle<\/a>.<\/p>\n\n<h2 class=\"wp-block-heading\">Forma, rotina e segredos de um visual aos 73 anos<\/h2>\n\n<p>A silhueta cuidada observada durante essa sa\u00edda se insere em uma disciplina di\u00e1ria: uma hora de exerc\u00edcio entre bicicleta ergom\u00e9trica e fortalecimento muscular, sem treinador, e uma alimenta\u00e7\u00e3o rigorosa. O ex-chef das cozinhas presidenciais confirmou a exig\u00eancia de servir <strong>dez<\/strong> frutas e vegetais por dia, priorizando produtos locais e ervas do jardim do Eliseu. Esses h\u00e1bitos explicam em parte a <strong>eleg\u00e2ncia<\/strong> e o <strong>charme<\/strong> vis\u00edveis em cada <strong>apari\u00e7\u00e3o p\u00fablica<\/strong>. Para um retrato mais completo, descubra esta an\u00e1lise: <a href=\"https:\/\/www.gala.fr\/beaute\/beaute_de_star\/brigitte-macron-velo-musculation-vitamine-c-les-secrets-beaute-qui-la-font-rayonner-a-73-ans-20260413\" rel=\"nofollow\">Gala<\/a> e o dossi\u00ea dedicado no site sobre a fam\u00edlia: <a href=\"https:\/\/www.sebastien-auziere.fr\/blog\/brigitte-macron-73-ans\/\" rel=\"nofollow\">retrato 73 anos<\/a>.<\/p>\n\n<p>Quer saber mais sobre os bastidores, a <strong>moda<\/strong> e o c\u00edrculo pr\u00f3ximo da fam\u00edlia Macron? Descubra mais an\u00e1lises e fotos no site dedicado a S\u00e9bastien Auzi\u00e8re e aos Macrons: <a href=\"https:\/\/www.sebastien-auziere.fr\/blog\/brigitte-macron-robe-rouge\/\" rel=\"nofollow\">brigitte-macron-robe-rouge<\/a> e <a href=\"https:\/\/www.sebastien-auziere.fr\/blog\/brigitte-macron-robe-elegante\/\" rel=\"nofollow\">dossi\u00ea traje elegante<\/a>.<\/p>","protected":false},"excerpt":{"rendered":"<p>Brigitte Macron, aos 73 anos, iluminou a escadaria do Pal\u00e1cio do Eliseu em 15 de abril com um vestido vermelho carmesim que imediatamente atraiu todos os olhares. O brilho desse luxuoso vestido e a cumplicidade vis\u00edvel entre as duas Primeiras-Damas tornaram essa apari\u00e7\u00e3o p\u00fablica um momento marcante do jantar de Estado com a Maurit\u00e2nia. Em &#8230; <a title=\"\u00c0 73 ans, Brigitte Macron brilha em um deslumbrante vestido vermelho carmim: eleg\u00e2ncia e charme \u00e0 vista\" class=\"read-more\" href=\"https:\/\/www.sebastien-auziere.fr\/blog\/pt\/a-73-ans-brigitte-macron-brilha-em-um-deslumbrante-vestido-vermelho-carmim-elegancia-e-charme-a-vista\/\" aria-label=\"En savoir plus sur \u00c0 73 ans, Brigitte Macron brilha em um deslumbrante vestido vermelho carmim: eleg\u00e2ncia e charme \u00e0 vista\">Lire plus<\/a><\/p>\n","protected":false},"author":9,"featured_media":3130,"comment_status":"open","ping_status":"open","sticky":false,"template":"","format":"standard","meta":{"footnotes":""},"categories":[862],"tags":[959,3451,1608,3454,3457],"class_list":["post-3140","post","type-post","status-publish","format-standard","has-post-thumbnail","hentry","category-actualidades-pt","tag-brigitte-macron-pt","tag-charme-pt","tag-elegancia-pt","tag-mode-senior-pt","tag-robe-vermelho-carmim-pt"],"yoast_head":"<!-- This site is optimized with the Yoast SEO plugin v27.5 - https:\/\/yoast.com\/product\/yoast-seo-wordpress\/ -->\n<title>\u00c0 73 ans, Brigitte Macron brilha em um deslumbrante vestido vermelho carmim: eleg\u00e2ncia e charme \u00e0 vista - Fan site S\u00e9bastien Auzi\u00e8re<\/title>\n<meta name=\"description\" content=\"\u00c0 73 ans, Brigitte Macron rayonne dans une robe rouge carmin, alliant \u00e9l\u00e9gance et charme avec une allure \u00e9blouissante et sophistiqu\u00e9e.\" \/>\n<meta name=\"robots\" content=\"index, follow, max-snippet:-1, max-image-preview:large, max-video-preview:-1\" \/>\n<link rel=\"canonical\" href=\"https:\/\/www.sebastien-auziere.fr\/blog\/pt\/a-73-ans-brigitte-macron-brilha-em-um-deslumbrante-vestido-vermelho-carmim-elegancia-e-charme-a-vista\/\" \/>\n<meta property=\"og:locale\" content=\"fr_FR\" \/>\n<meta property=\"og:type\" content=\"article\" \/>\n<meta property=\"og:title\" content=\"\u00c0 73 ans, Brigitte Macron brilha em um deslumbrante vestido vermelho carmim: eleg\u00e2ncia e charme \u00e0 vista - Fan site S\u00e9bastien Auzi\u00e8re\" \/>\n<meta property=\"og:description\" content=\"\u00c0 73 ans, Brigitte Macron rayonne dans une robe rouge carmin, alliant \u00e9l\u00e9gance et charme avec une allure \u00e9blouissante et sophistiqu\u00e9e.\" \/>\n<meta property=\"og:url\" content=\"https:\/\/www.sebastien-auziere.fr\/blog\/pt\/a-73-ans-brigitte-macron-brilha-em-um-deslumbrante-vestido-vermelho-carmim-elegancia-e-charme-a-vista\/\" \/>\n<meta property=\"og:site_name\" content=\"Fan site S\u00e9bastien Auzi\u00e8re\" \/>\n<meta property=\"article:published_time\" content=\"2026-04-18T19:18:19+00:00\" \/>\n<meta property=\"article:modified_time\" content=\"2026-04-18T19:18:44+00:00\" \/>\n<meta property=\"og:image\" content=\"https:\/\/www.sebastien-auziere.fr\/blog\/wp-content\/uploads\/2026\/04\/A-73-ans-Brigitte-Macron-eblouit-dans-une-somptueuse-robe-rouge-carmin-elegance-et-charme-au-rendez-vous.jpg\" \/>\n\t<meta property=\"og:image:width\" content=\"2560\" \/>\n\t<meta property=\"og:image:height\" content=\"1429\" \/>\n\t<meta property=\"og:image:type\" content=\"image\/jpeg\" \/>\n<meta name=\"author\" content=\"Chloe Gauthier\" \/>\n<meta name=\"twitter:card\" content=\"summary_large_image\" \/>\n<meta name=\"twitter:label1\" content=\"\u00c9crit par\" \/>\n\t<meta name=\"twitter:data1\" content=\"Chloe Gauthier\" \/>\n\t<meta name=\"twitter:label2\" content=\"Dur\u00e9e de lecture estim\u00e9e\" \/>\n\t<meta name=\"twitter:data2\" content=\"3 minutes\" \/>\n<script type=\"application\/ld+json\" class=\"yoast-schema-graph\">{\"@context\":\"https:\\\/\\\/schema.org\",\"@graph\":[{\"@type\":\"Article\",\"@id\":\"https:\\\/\\\/www.sebastien-auziere.fr\\\/blog\\\/pt\\\/a-73-ans-brigitte-macron-brilha-em-um-deslumbrante-vestido-vermelho-carmim-elegancia-e-charme-a-vista\\\/#article\",\"isPartOf\":{\"@id\":\"https:\\\/\\\/www.sebastien-auziere.fr\\\/blog\\\/pt\\\/a-73-ans-brigitte-macron-brilha-em-um-deslumbrante-vestido-vermelho-carmim-elegancia-e-charme-a-vista\\\/\"},\"author\":{\"name\":\"Chloe Gauthier\",\"@id\":\"https:\\\/\\\/www.sebastien-auziere.fr\\\/blog\\\/#\\\/schema\\\/person\\\/149f1acdbfd85149c6c3e59adeae2f4d\"},\"headline\":\"\u00c0 73 ans, Brigitte Macron brilha em um deslumbrante vestido vermelho carmim: eleg\u00e2ncia e charme \u00e0 vista\",\"datePublished\":\"2026-04-18T19:18:19+00:00\",\"dateModified\":\"2026-04-18T19:18:44+00:00\",\"mainEntityOfPage\":{\"@id\":\"https:\\\/\\\/www.sebastien-auziere.fr\\\/blog\\\/pt\\\/a-73-ans-brigitte-macron-brilha-em-um-deslumbrante-vestido-vermelho-carmim-elegancia-e-charme-a-vista\\\/\"},\"wordCount\":535,\"commentCount\":0,\"publisher\":{\"@id\":\"https:\\\/\\\/www.sebastien-auziere.fr\\\/blog\\\/#organization\"},\"image\":{\"@id\":\"https:\\\/\\\/www.sebastien-auziere.fr\\\/blog\\\/pt\\\/a-73-ans-brigitte-macron-brilha-em-um-deslumbrante-vestido-vermelho-carmim-elegancia-e-charme-a-vista\\\/#primaryimage\"},\"thumbnailUrl\":\"https:\\\/\\\/www.sebastien-auziere.fr\\\/blog\\\/wp-content\\\/uploads\\\/2026\\\/04\\\/A-73-ans-Brigitte-Macron-eblouit-dans-une-somptueuse-robe-rouge-carmin-elegance-et-charme-au-rendez-vous.jpg\",\"keywords\":[\"brigitte macron\",\"charme\",\"eleg\u00e2ncia\",\"mode s\u00eanior\",\"robe vermelho carmim\"],\"articleSection\":[\"Actualidades\"],\"inLanguage\":\"fr-FR\",\"potentialAction\":[{\"@type\":\"CommentAction\",\"name\":\"Comment\",\"target\":[\"https:\\\/\\\/www.sebastien-auziere.fr\\\/blog\\\/pt\\\/a-73-ans-brigitte-macron-brilha-em-um-deslumbrante-vestido-vermelho-carmim-elegancia-e-charme-a-vista\\\/#respond\"]}]},{\"@type\":\"WebPage\",\"@id\":\"https:\\\/\\\/www.sebastien-auziere.fr\\\/blog\\\/pt\\\/a-73-ans-brigitte-macron-brilha-em-um-deslumbrante-vestido-vermelho-carmim-elegancia-e-charme-a-vista\\\/\",\"url\":\"https:\\\/\\\/www.sebastien-auziere.fr\\\/blog\\\/pt\\\/a-73-ans-brigitte-macron-brilha-em-um-deslumbrante-vestido-vermelho-carmim-elegancia-e-charme-a-vista\\\/\",\"name\":\"\u00c0 73 ans, Brigitte Macron brilha em um deslumbrante vestido vermelho carmim: eleg\u00e2ncia e charme \u00e0 vista - Fan site S\u00e9bastien Auzi\u00e8re\",\"isPartOf\":{\"@id\":\"https:\\\/\\\/www.sebastien-auziere.fr\\\/blog\\\/#website\"},\"primaryImageOfPage\":{\"@id\":\"https:\\\/\\\/www.sebastien-auziere.fr\\\/blog\\\/pt\\\/a-73-ans-brigitte-macron-brilha-em-um-deslumbrante-vestido-vermelho-carmim-elegancia-e-charme-a-vista\\\/#primaryimage\"},\"image\":{\"@id\":\"https:\\\/\\\/www.sebastien-auziere.fr\\\/blog\\\/pt\\\/a-73-ans-brigitte-macron-brilha-em-um-deslumbrante-vestido-vermelho-carmim-elegancia-e-charme-a-vista\\\/#primaryimage\"},\"thumbnailUrl\":\"https:\\\/\\\/www.sebastien-auziere.fr\\\/blog\\\/wp-content\\\/uploads\\\/2026\\\/04\\\/A-73-ans-Brigitte-Macron-eblouit-dans-une-somptueuse-robe-rouge-carmin-elegance-et-charme-au-rendez-vous.jpg\",\"datePublished\":\"2026-04-18T19:18:19+00:00\",\"dateModified\":\"2026-04-18T19:18:44+00:00\",\"description\":\"\u00c0 73 ans, Brigitte Macron rayonne dans une robe rouge carmin, alliant \u00e9l\u00e9gance et charme avec une allure \u00e9blouissante et sophistiqu\u00e9e.\",\"breadcrumb\":{\"@id\":\"https:\\\/\\\/www.sebastien-auziere.fr\\\/blog\\\/pt\\\/a-73-ans-brigitte-macron-brilha-em-um-deslumbrante-vestido-vermelho-carmim-elegancia-e-charme-a-vista\\\/#breadcrumb\"},\"inLanguage\":\"fr-FR\",\"potentialAction\":[{\"@type\":\"ReadAction\",\"target\":[\"https:\\\/\\\/www.sebastien-auziere.fr\\\/blog\\\/pt\\\/a-73-ans-brigitte-macron-brilha-em-um-deslumbrante-vestido-vermelho-carmim-elegancia-e-charme-a-vista\\\/\"]}]},{\"@type\":\"ImageObject\",\"inLanguage\":\"fr-FR\",\"@id\":\"https:\\\/\\\/www.sebastien-auziere.fr\\\/blog\\\/pt\\\/a-73-ans-brigitte-macron-brilha-em-um-deslumbrante-vestido-vermelho-carmim-elegancia-e-charme-a-vista\\\/#primaryimage\",\"url\":\"https:\\\/\\\/www.sebastien-auziere.fr\\\/blog\\\/wp-content\\\/uploads\\\/2026\\\/04\\\/A-73-ans-Brigitte-Macron-eblouit-dans-une-somptueuse-robe-rouge-carmin-elegance-et-charme-au-rendez-vous.jpg\",\"contentUrl\":\"https:\\\/\\\/www.sebastien-auziere.fr\\\/blog\\\/wp-content\\\/uploads\\\/2026\\\/04\\\/A-73-ans-Brigitte-Macron-eblouit-dans-une-somptueuse-robe-rouge-carmin-elegance-et-charme-au-rendez-vous.jpg\",\"width\":2560,\"height\":1429,\"caption\":\"\u00e0 73 ans, brigitte macron rayonne de beaut\u00e9 et d'\u00e9l\u00e9gance dans une somptueuse robe rouge carmin, captivant tous les regards par son charme et son style impeccable.\"},{\"@type\":\"BreadcrumbList\",\"@id\":\"https:\\\/\\\/www.sebastien-auziere.fr\\\/blog\\\/pt\\\/a-73-ans-brigitte-macron-brilha-em-um-deslumbrante-vestido-vermelho-carmim-elegancia-e-charme-a-vista\\\/#breadcrumb\",\"itemListElement\":[{\"@type\":\"ListItem\",\"position\":1,\"name\":\"Home\",\"item\":\"https:\\\/\\\/www.sebastien-auziere.fr\\\/blog\\\/\"},{\"@type\":\"ListItem\",\"position\":2,\"name\":\"\u00c0 73 ans, Brigitte Macron brilha em um deslumbrante vestido vermelho carmim: eleg\u00e2ncia e charme \u00e0 vista\"}]},{\"@type\":\"WebSite\",\"@id\":\"https:\\\/\\\/www.sebastien-auziere.fr\\\/blog\\\/#website\",\"url\":\"https:\\\/\\\/www.sebastien-auziere.fr\\\/blog\\\/\",\"name\":\"Fan site S\u00e9bastien Auzi\u00e8re\",\"description\":\"M\u00e9dia g\u00e9n\u00e9raliste\",\"publisher\":{\"@id\":\"https:\\\/\\\/www.sebastien-auziere.fr\\\/blog\\\/#organization\"},\"potentialAction\":[{\"@type\":\"SearchAction\",\"target\":{\"@type\":\"EntryPoint\",\"urlTemplate\":\"https:\\\/\\\/www.sebastien-auziere.fr\\\/blog\\\/?s={search_term_string}\"},\"query-input\":{\"@type\":\"PropertyValueSpecification\",\"valueRequired\":true,\"valueName\":\"search_term_string\"}}],\"inLanguage\":\"fr-FR\"},{\"@type\":\"Organization\",\"@id\":\"https:\\\/\\\/www.sebastien-auziere.fr\\\/blog\\\/#organization\",\"name\":\"Fan site S\u00e9bastien Auzi\u00e8re\",\"url\":\"https:\\\/\\\/www.sebastien-auziere.fr\\\/blog\\\/\",\"logo\":{\"@type\":\"ImageObject\",\"inLanguage\":\"fr-FR\",\"@id\":\"https:\\\/\\\/www.sebastien-auziere.fr\\\/blog\\\/#\\\/schema\\\/logo\\\/image\\\/\",\"url\":\"https:\\\/\\\/www.sebastien-auziere.fr\\\/blog\\\/wp-content\\\/uploads\\\/2026\\\/03\\\/cropped-cropped-cropped-ChatGPT-Image-6-mars-2026-12_58_09-e1772798376794.jpg\",\"contentUrl\":\"https:\\\/\\\/www.sebastien-auziere.fr\\\/blog\\\/wp-content\\\/uploads\\\/2026\\\/03\\\/cropped-cropped-cropped-ChatGPT-Image-6-mars-2026-12_58_09-e1772798376794.jpg\",\"width\":512,\"height\":360,\"caption\":\"Fan site S\u00e9bastien Auzi\u00e8re\"},\"image\":{\"@id\":\"https:\\\/\\\/www.sebastien-auziere.fr\\\/blog\\\/#\\\/schema\\\/logo\\\/image\\\/\"}},{\"@type\":\"Person\",\"@id\":\"https:\\\/\\\/www.sebastien-auziere.fr\\\/blog\\\/#\\\/schema\\\/person\\\/149f1acdbfd85149c6c3e59adeae2f4d\",\"name\":\"Chloe Gauthier\",\"image\":{\"@type\":\"ImageObject\",\"inLanguage\":\"fr-FR\",\"@id\":\"https:\\\/\\\/secure.gravatar.com\\\/avatar\\\/2c5722f58171cff738a8985ef0dd66b476e563753246a49019befc837ec4201a?s=96&d=mm&r=g\",\"url\":\"https:\\\/\\\/secure.gravatar.com\\\/avatar\\\/2c5722f58171cff738a8985ef0dd66b476e563753246a49019befc837ec4201a?s=96&d=mm&r=g\",\"contentUrl\":\"https:\\\/\\\/secure.gravatar.com\\\/avatar\\\/2c5722f58171cff738a8985ef0dd66b476e563753246a49019befc837ec4201a?s=96&d=mm&r=g\",\"caption\":\"Chloe Gauthier\"},\"description\":\"Passionn\u00e9e par la politique et admiratrice engag\u00e9e de la famille Macron, je consacre mon \u00e9nergie \u00e0 suivre leurs initiatives et \u00e0 promouvoir leurs id\u00e9es. \u00c0 32 ans, je suis convaincue que leur vision est porteuse d'avenir.\",\"url\":\"https:\\\/\\\/www.sebastien-auziere.fr\\\/blog\\\/author\\\/chloe-gauthier\\\/\"}]}<\/script>\n<!-- \/ Yoast SEO plugin. -->","yoast_head_json":{"title":"\u00c0 73 ans, Brigitte Macron brilha em um deslumbrante vestido vermelho carmim: eleg\u00e2ncia e charme \u00e0 vista - Fan site S\u00e9bastien Auzi\u00e8re","description":"\u00c0 73 ans, Brigitte Macron rayonne dans une robe rouge carmin, alliant \u00e9l\u00e9gance et charme avec une allure \u00e9blouissante et sophistiqu\u00e9e.","robots":{"index":"index","follow":"follow","max-snippet":"max-snippet:-1","max-image-preview":"max-image-preview:large","max-video-preview":"max-video-preview:-1"},"canonical":"https:\/\/www.sebastien-auziere.fr\/blog\/pt\/a-73-ans-brigitte-macron-brilha-em-um-deslumbrante-vestido-vermelho-carmim-elegancia-e-charme-a-vista\/","og_locale":"fr_FR","og_type":"article","og_title":"\u00c0 73 ans, Brigitte Macron brilha em um deslumbrante vestido vermelho carmim: eleg\u00e2ncia e charme \u00e0 vista - Fan site S\u00e9bastien Auzi\u00e8re","og_description":"\u00c0 73 ans, Brigitte Macron rayonne dans une robe rouge carmin, alliant \u00e9l\u00e9gance et charme avec une allure \u00e9blouissante et sophistiqu\u00e9e.","og_url":"https:\/\/www.sebastien-auziere.fr\/blog\/pt\/a-73-ans-brigitte-macron-brilha-em-um-deslumbrante-vestido-vermelho-carmim-elegancia-e-charme-a-vista\/","og_site_name":"Fan site S\u00e9bastien Auzi\u00e8re","article_published_time":"2026-04-18T19:18:19+00:00","article_modified_time":"2026-04-18T19:18:44+00:00","og_image":[{"width":2560,"height":1429,"url":"https:\/\/www.sebastien-auziere.fr\/blog\/wp-content\/uploads\/2026\/04\/A-73-ans-Brigitte-Macron-eblouit-dans-une-somptueuse-robe-rouge-carmin-elegance-et-charme-au-rendez-vous.jpg","type":"image\/jpeg"}],"author":"Chloe Gauthier","twitter_card":"summary_large_image","twitter_misc":{"\u00c9crit par":"Chloe Gauthier","Dur\u00e9e de lecture estim\u00e9e":"3 minutes"},"schema":{"@context":"https:\/\/schema.org","@graph":[{"@type":"Article","@id":"https:\/\/www.sebastien-auziere.fr\/blog\/pt\/a-73-ans-brigitte-macron-brilha-em-um-deslumbrante-vestido-vermelho-carmim-elegancia-e-charme-a-vista\/#article","isPartOf":{"@id":"https:\/\/www.sebastien-auziere.fr\/blog\/pt\/a-73-ans-brigitte-macron-brilha-em-um-deslumbrante-vestido-vermelho-carmim-elegancia-e-charme-a-vista\/"},"author":{"name":"Chloe Gauthier","@id":"https:\/\/www.sebastien-auziere.fr\/blog\/#\/schema\/person\/149f1acdbfd85149c6c3e59adeae2f4d"},"headline":"\u00c0 73 ans, Brigitte Macron brilha em um deslumbrante vestido vermelho carmim: eleg\u00e2ncia e charme \u00e0 vista","datePublished":"2026-04-18T19:18:19+00:00","dateModified":"2026-04-18T19:18:44+00:00","mainEntityOfPage":{"@id":"https:\/\/www.sebastien-auziere.fr\/blog\/pt\/a-73-ans-brigitte-macron-brilha-em-um-deslumbrante-vestido-vermelho-carmim-elegancia-e-charme-a-vista\/"},"wordCount":535,"commentCount":0,"publisher":{"@id":"https:\/\/www.sebastien-auziere.fr\/blog\/#organization"},"image":{"@id":"https:\/\/www.sebastien-auziere.fr\/blog\/pt\/a-73-ans-brigitte-macron-brilha-em-um-deslumbrante-vestido-vermelho-carmim-elegancia-e-charme-a-vista\/#primaryimage"},"thumbnailUrl":"https:\/\/www.sebastien-auziere.fr\/blog\/wp-content\/uploads\/2026\/04\/A-73-ans-Brigitte-Macron-eblouit-dans-une-somptueuse-robe-rouge-carmin-elegance-et-charme-au-rendez-vous.jpg","keywords":["brigitte macron","charme","eleg\u00e2ncia","mode s\u00eanior","robe vermelho carmim"],"articleSection":["Actualidades"],"inLanguage":"fr-FR","potentialAction":[{"@type":"CommentAction","name":"Comment","target":["https:\/\/www.sebastien-auziere.fr\/blog\/pt\/a-73-ans-brigitte-macron-brilha-em-um-deslumbrante-vestido-vermelho-carmim-elegancia-e-charme-a-vista\/#respond"]}]},{"@type":"WebPage","@id":"https:\/\/www.sebastien-auziere.fr\/blog\/pt\/a-73-ans-brigitte-macron-brilha-em-um-deslumbrante-vestido-vermelho-carmim-elegancia-e-charme-a-vista\/","url":"https:\/\/www.sebastien-auziere.fr\/blog\/pt\/a-73-ans-brigitte-macron-brilha-em-um-deslumbrante-vestido-vermelho-carmim-elegancia-e-charme-a-vista\/","name":"\u00c0 73 ans, Brigitte Macron brilha em um deslumbrante vestido vermelho carmim: eleg\u00e2ncia e charme \u00e0 vista - Fan site S\u00e9bastien Auzi\u00e8re","isPartOf":{"@id":"https:\/\/www.sebastien-auziere.fr\/blog\/#website"},"primaryImageOfPage":{"@id":"https:\/\/www.sebastien-auziere.fr\/blog\/pt\/a-73-ans-brigitte-macron-brilha-em-um-deslumbrante-vestido-vermelho-carmim-elegancia-e-charme-a-vista\/#primaryimage"},"image":{"@id":"https:\/\/www.sebastien-auziere.fr\/blog\/pt\/a-73-ans-brigitte-macron-brilha-em-um-deslumbrante-vestido-vermelho-carmim-elegancia-e-charme-a-vista\/#primaryimage"},"thumbnailUrl":"https:\/\/www.sebastien-auziere.fr\/blog\/wp-content\/uploads\/2026\/04\/A-73-ans-Brigitte-Macron-eblouit-dans-une-somptueuse-robe-rouge-carmin-elegance-et-charme-au-rendez-vous.jpg","datePublished":"2026-04-18T19:18:19+00:00","dateModified":"2026-04-18T19:18:44+00:00","description":"\u00c0 73 ans, Brigitte Macron rayonne dans une robe rouge carmin, alliant \u00e9l\u00e9gance et charme avec une allure \u00e9blouissante et sophistiqu\u00e9e.","breadcrumb":{"@id":"https:\/\/www.sebastien-auziere.fr\/blog\/pt\/a-73-ans-brigitte-macron-brilha-em-um-deslumbrante-vestido-vermelho-carmim-elegancia-e-charme-a-vista\/#breadcrumb"},"inLanguage":"fr-FR","potentialAction":[{"@type":"ReadAction","target":["https:\/\/www.sebastien-auziere.fr\/blog\/pt\/a-73-ans-brigitte-macron-brilha-em-um-deslumbrante-vestido-vermelho-carmim-elegancia-e-charme-a-vista\/"]}]},{"@type":"ImageObject","inLanguage":"fr-FR","@id":"https:\/\/www.sebastien-auziere.fr\/blog\/pt\/a-73-ans-brigitte-macron-brilha-em-um-deslumbrante-vestido-vermelho-carmim-elegancia-e-charme-a-vista\/#primaryimage","url":"https:\/\/www.sebastien-auziere.fr\/blog\/wp-content\/uploads\/2026\/04\/A-73-ans-Brigitte-Macron-eblouit-dans-une-somptueuse-robe-rouge-carmin-elegance-et-charme-au-rendez-vous.jpg","contentUrl":"https:\/\/www.sebastien-auziere.fr\/blog\/wp-content\/uploads\/2026\/04\/A-73-ans-Brigitte-Macron-eblouit-dans-une-somptueuse-robe-rouge-carmin-elegance-et-charme-au-rendez-vous.jpg","width":2560,"height":1429,"caption":"\u00e0 73 ans, brigitte macron rayonne de beaut\u00e9 et d'\u00e9l\u00e9gance dans une somptueuse robe rouge carmin, captivant tous les regards par son charme et son style impeccable."},{"@type":"BreadcrumbList","@id":"https:\/\/www.sebastien-auziere.fr\/blog\/pt\/a-73-ans-brigitte-macron-brilha-em-um-deslumbrante-vestido-vermelho-carmim-elegancia-e-charme-a-vista\/#breadcrumb","itemListElement":[{"@type":"ListItem","position":1,"name":"Home","item":"https:\/\/www.sebastien-auziere.fr\/blog\/"},{"@type":"ListItem","position":2,"name":"\u00c0 73 ans, Brigitte Macron brilha em um deslumbrante vestido vermelho carmim: eleg\u00e2ncia e charme \u00e0 vista"}]},{"@type":"WebSite","@id":"https:\/\/www.sebastien-auziere.fr\/blog\/#website","url":"https:\/\/www.sebastien-auziere.fr\/blog\/","name":"Fan site S\u00e9bastien Auzi\u00e8re","description":"M\u00e9dia g\u00e9n\u00e9raliste","publisher":{"@id":"https:\/\/www.sebastien-auziere.fr\/blog\/#organization"},"potentialAction":[{"@type":"SearchAction","target":{"@type":"EntryPoint","urlTemplate":"https:\/\/www.sebastien-auziere.fr\/blog\/?s={search_term_string}"},"query-input":{"@type":"PropertyValueSpecification","valueRequired":true,"valueName":"search_term_string"}}],"inLanguage":"fr-FR"},{"@type":"Organization","@id":"https:\/\/www.sebastien-auziere.fr\/blog\/#organization","name":"Fan site S\u00e9bastien Auzi\u00e8re","url":"https:\/\/www.sebastien-auziere.fr\/blog\/","logo":{"@type":"ImageObject","inLanguage":"fr-FR","@id":"https:\/\/www.sebastien-auziere.fr\/blog\/#\/schema\/logo\/image\/","url":"https:\/\/www.sebastien-auziere.fr\/blog\/wp-content\/uploads\/2026\/03\/cropped-cropped-cropped-ChatGPT-Image-6-mars-2026-12_58_09-e1772798376794.jpg","contentUrl":"https:\/\/www.sebastien-auziere.fr\/blog\/wp-content\/uploads\/2026\/03\/cropped-cropped-cropped-ChatGPT-Image-6-mars-2026-12_58_09-e1772798376794.jpg","width":512,"height":360,"caption":"Fan site S\u00e9bastien Auzi\u00e8re"},"image":{"@id":"https:\/\/www.sebastien-auziere.fr\/blog\/#\/schema\/logo\/image\/"}},{"@type":"Person","@id":"https:\/\/www.sebastien-auziere.fr\/blog\/#\/schema\/person\/149f1acdbfd85149c6c3e59adeae2f4d","name":"Chloe Gauthier","image":{"@type":"ImageObject","inLanguage":"fr-FR","@id":"https:\/\/secure.gravatar.com\/avatar\/2c5722f58171cff738a8985ef0dd66b476e563753246a49019befc837ec4201a?s=96&d=mm&r=g","url":"https:\/\/secure.gravatar.com\/avatar\/2c5722f58171cff738a8985ef0dd66b476e563753246a49019befc837ec4201a?s=96&d=mm&r=g","contentUrl":"https:\/\/secure.gravatar.com\/avatar\/2c5722f58171cff738a8985ef0dd66b476e563753246a49019befc837ec4201a?s=96&d=mm&r=g","caption":"Chloe Gauthier"},"description":"Passionn\u00e9e par la politique et admiratrice engag\u00e9e de la famille Macron, je consacre mon \u00e9nergie \u00e0 suivre leurs initiatives et \u00e0 promouvoir leurs id\u00e9es. \u00c0 32 ans, je suis convaincue que leur vision est porteuse d'avenir.","url":"https:\/\/www.sebastien-auziere.fr\/blog\/author\/chloe-gauthier\/"}]}},"views":0,"_links":{"self":[{"href":"https:\/\/www.sebastien-auziere.fr\/blog\/wp-json\/wp\/v2\/posts\/3140","targetHints":{"allow":["GET"]}}],"collection":[{"href":"https:\/\/www.sebastien-auziere.fr\/blog\/wp-json\/wp\/v2\/posts"}],"about":[{"href":"https:\/\/www.sebastien-auziere.fr\/blog\/wp-json\/wp\/v2\/types\/post"}],"author":[{"embeddable":true,"href":"https:\/\/www.sebastien-auziere.fr\/blog\/wp-json\/wp\/v2\/users\/9"}],"replies":[{"embeddable":true,"href":"https:\/\/www.sebastien-auziere.fr\/blog\/wp-json\/wp\/v2\/comments?post=3140"}],"version-history":[{"count":1,"href":"https:\/\/www.sebastien-auziere.fr\/blog\/wp-json\/wp\/v2\/posts\/3140\/revisions"}],"predecessor-version":[{"id":3141,"href":"https:\/\/www.sebastien-auziere.fr\/blog\/wp-json\/wp\/v2\/posts\/3140\/revisions\/3141"}],"wp:featuredmedia":[{"embeddable":true,"href":"https:\/\/www.sebastien-auziere.fr\/blog\/wp-json\/wp\/v2\/media\/3130"}],"wp:attachment":[{"href":"https:\/\/www.sebastien-auziere.fr\/blog\/wp-json\/wp\/v2\/media?parent=3140"}],"wp:term":[{"taxonomy":"category","embeddable":true,"href":"https:\/\/www.sebastien-auziere.fr\/blog\/wp-json\/wp\/v2\/categories?post=3140"},{"taxonomy":"post_tag","embeddable":true,"href":"https:\/\/www.sebastien-auziere.fr\/blog\/wp-json\/wp\/v2\/tags?post=3140"}],"curies":[{"name":"wp","href":"https:\/\/api.w.org\/{rel}","templated":true}]}}