{"id":3138,"date":"2026-04-18T19:17:09","date_gmt":"2026-04-18T19:17:09","guid":{"rendered":"https:\/\/www.sebastien-auziere.fr\/blog\/?p=3138"},"modified":"2026-04-18T19:17:34","modified_gmt":"2026-04-18T19:17:34","slug":"a-73-ans-brigitte-macron-brilla-in-un-sfarzoso-abito-rosso-carminio-eleganza-e-fascino-allappuntamento","status":"publish","type":"post","link":"https:\/\/www.sebastien-auziere.fr\/blog\/it\/a-73-ans-brigitte-macron-brilla-in-un-sfarzoso-abito-rosso-carminio-eleganza-e-fascino-allappuntamento\/","title":{"rendered":"\u00c0 73 ans, Brigitte Macron brilla in un sfarzoso abito rosso carminio: eleganza e fascino all&rsquo;appuntamento"},"content":{"rendered":"<p><strong>Brigitte Macron<\/strong>, a <strong>73 anni<\/strong>, ha illuminato il gradino dell&rsquo;\u00c9lys\u00e9e il 15 aprile con un <strong>abito rosso carminio<\/strong> che ha immediatamente catturato tutti gli sguardi. Lo splendore di questo <strong>sontuoso abito<\/strong> e la complicit\u00e0 visibile tra le due Prime Donne hanno reso questa <strong>apparizione pubblica<\/strong> un momento memorabile della cena di Stato con la Mauritania.<\/p>\n\n<p><strong>In breve:<\/strong> il 15 aprile, ricevimento ufficiale con Mohamed Ould El-Ghazaouani; <strong>Brigitte Macron<\/strong> indossa un <strong>abito rosso carminio<\/strong> lungo; gioielli Louis Vuitton Flower Comet e borsa Balmain notati; routine sportiva e esigenze alimentari confermate da fonti vicine alle cucine dell&rsquo;\u00c9lys\u00e9e.<\/p>\n\n<h2 class=\"wp-block-heading\">Un vestito che mantiene le promesse: abito rosso carminio e accessori<\/h2>\n\n<p>Sui gradini, l&rsquo;<strong>outfit elegante<\/strong> di <strong>Brigitte Macron<\/strong> ha rispettato la sobriet\u00e0 protocollare pur affermando uno <strong>stile<\/strong> deciso. Il lungo abito, coprente e aderente, era enfatizzato da un collier Flower Comet firmato Louis Vuitton e un bracciale abbinato. La borsa Balmain ha sostituito le abituali Lady Dior o Capucine, sottolineando una scelta di <strong>moda<\/strong> riflessiva e moderna. Per saperne di pi\u00f9 sull&rsquo;abito, consulta questo articolo dedicato: <a href=\"https:\/\/www.closermag.fr\/politique\/brigitte-macron-a-73-ans-la-premiere-dame-resplendissante-dans-une-longue-robe-rouge-carmin-une-nouveaute-interpelle-3630688\" rel=\"nofollow\">closer<\/a>.<\/p>\n\n<h2 class=\"wp-block-heading\">Una cena di Stato ricca di simboli e riunioni<\/h2>\n\n<p>Il 15 aprile, Emmanuel Macron ha sottolineato il ruolo della Mauritania nella regione saheliana durante la cena di Stato in cui il presidente Mohamed Ould El-Ghazaouani e sua moglie sono stati accolti. La Prima Donna francese ha ritrovato la sua omologa mauritana cinque anni dopo il loro primo incontro, un momento carico di emozione sul tappeto rosso. Il protocollo e lo scambio diplomatico hanno accompagnato questa <strong>apparizione pubblica<\/strong> notata, come riportano diversi reportage e resoconti ufficiali. Vedi il reportage moda e protocollo: <a href=\"https:\/\/madame.lefigaro.fr\/style\/news\/brigitte-macron-en-robe-rouge-et-chignon-dore-pour-le-diner-d-etat-mauritanien-20260416\" rel=\"nofollow\">Madame Figaro<\/a>.<\/p>\n\n<h2 class=\"wp-block-heading\">I gioielli e la <strong>moda<\/strong>: dettagli che fanno la differenza<\/h2>\n\n<p>Quella sera, l&rsquo;attenzione si \u00e8 concentrata su un collier inedito della maison Louis Vuitton, ornato da due fiori Monogram e da strass, e su un bracciale abbinato. Queste scelte di accessori hanno dato all&rsquo;<strong>sontuoso abito<\/strong> un tocco contemporaneo senza eccessi. La borsa Balmain, discreta ma chic, ha confermato un senso del dettaglio curato per un contesto repubblicano. Per un focus su questi pezzi e il loro impatto stilistico, consulta l&rsquo;analisi di moda disponibile online: <a href=\"https:\/\/www.femmeactuelle.fr\/mode\/news-mode\/brigitte-macron-mise-sur-une-robe-en-dentelle-noire-pour-un-diner-d-etat-avec-cristina-cordula-dans-une-somptueuse-robe-rouge-2194054\" rel=\"nofollow\">Femme Actuelle<\/a>.<\/p>\n\n<h2 class=\"wp-block-heading\">Forma, routine e segreti di un aspetto a 73 anni<\/h2>\n\n<p>La silhouette curata osservata durante questa uscita si inserisce in una disciplina quotidiana: un&rsquo;ora di esercizio tra cyclette e potenziamento muscolare, senza allenatore, e una dieta rigorosa. L&rsquo;ex chef delle cucine presidenziali ha confermato l&rsquo;esigenza di servire <strong>dieci<\/strong> porzioni di frutta e verdura al giorno, privilegiando prodotti locali e erbe del giardino dell&rsquo;\u00c9lys\u00e9e. Queste abitudini spiegano in parte l&rsquo;<strong>eleganza<\/strong> e il <strong>fascino<\/strong> visibili ad ogni <strong>apparizione pubblica<\/strong>. Per un ritratto pi\u00f9 completo, scopri questa analisi: <a href=\"https:\/\/www.gala.fr\/beaute\/beaute_de_star\/brigitte-macron-velo-musculation-vitamine-c-les-secrets-beaute-qui-la-font-rayonner-a-73-ans-20260413\" rel=\"nofollow\">Gala<\/a> e il dossier dedicato sul sito consacrato alla famiglia: <a href=\"https:\/\/www.sebastien-auziere.fr\/blog\/brigitte-macron-73-ans\/\" rel=\"nofollow\">ritratto 73 anni<\/a>.<\/p>\n\n<p>Desideri saperne di pi\u00f9 sulle quinte, la <strong>moda<\/strong> e il cerchio ristretto della famiglia Macron? Scopri ulteriori analisi e foto sul sito dedicato a S\u00e9bastien Auzi\u00e8re e ai Macron: <a href=\"https:\/\/www.sebastien-auziere.fr\/blog\/brigitte-macron-robe-rouge\/\" rel=\"nofollow\">brigitte-macron-robe-rouge<\/a> e <a href=\"https:\/\/www.sebastien-auziere.fr\/blog\/brigitte-macron-robe-elegante\/\" rel=\"nofollow\">dossier outfit elegante<\/a>.<\/p>","protected":false},"excerpt":{"rendered":"<p>Brigitte Macron, a 73 anni, ha illuminato il gradino dell&rsquo;\u00c9lys\u00e9e il 15 aprile con un abito rosso carminio che ha immediatamente catturato tutti gli sguardi. Lo splendore di questo sontuoso abito e la complicit\u00e0 visibile tra le due Prime Donne hanno reso questa apparizione pubblica un momento memorabile della cena di Stato con la Mauritania. &#8230; <a title=\"\u00c0 73 ans, Brigitte Macron brilla in un sfarzoso abito rosso carminio: eleganza e fascino all&rsquo;appuntamento\" class=\"read-more\" href=\"https:\/\/www.sebastien-auziere.fr\/blog\/it\/a-73-ans-brigitte-macron-brilla-in-un-sfarzoso-abito-rosso-carminio-eleganza-e-fascino-allappuntamento\/\" aria-label=\"En savoir plus sur \u00c0 73 ans, Brigitte Macron brilla in un sfarzoso abito rosso carminio: eleganza e fascino all&rsquo;appuntamento\">Lire plus<\/a><\/p>\n","protected":false},"author":9,"featured_media":3130,"comment_status":"open","ping_status":"open","sticky":false,"template":"","format":"standard","meta":{"footnotes":""},"categories":[859],"tags":[944,3442,1599,3445,3448],"class_list":["post-3138","post","type-post","status-publish","format-standard","has-post-thumbnail","hentry","category-actualita-it","tag-brigitte-macron-it","tag-charm-it","tag-eleganza-it","tag-mode-senior-it","tag-robe-rossa-carminio-it"],"yoast_head":"<!-- This site is optimized with the Yoast SEO plugin v27.5 - https:\/\/yoast.com\/product\/yoast-seo-wordpress\/ -->\n<title>\u00c0 73 ans, Brigitte Macron brilla in un sfarzoso abito rosso carminio: eleganza e fascino all&#039;appuntamento - Fan site S\u00e9bastien Auzi\u00e8re<\/title>\n<meta name=\"description\" content=\"\u00c0 73 ans, Brigitte Macron rayonne dans une robe rouge carmin, alliant \u00e9l\u00e9gance et charme avec une allure \u00e9blouissante et sophistiqu\u00e9e.\" \/>\n<meta name=\"robots\" content=\"index, follow, max-snippet:-1, max-image-preview:large, max-video-preview:-1\" \/>\n<link rel=\"canonical\" href=\"https:\/\/www.sebastien-auziere.fr\/blog\/it\/a-73-ans-brigitte-macron-brilla-in-un-sfarzoso-abito-rosso-carminio-eleganza-e-fascino-allappuntamento\/\" \/>\n<meta property=\"og:locale\" content=\"fr_FR\" \/>\n<meta property=\"og:type\" content=\"article\" \/>\n<meta property=\"og:title\" content=\"\u00c0 73 ans, Brigitte Macron brilla in un sfarzoso abito rosso carminio: eleganza e fascino all&#039;appuntamento - Fan site S\u00e9bastien Auzi\u00e8re\" \/>\n<meta property=\"og:description\" content=\"\u00c0 73 ans, Brigitte Macron rayonne dans une robe rouge carmin, alliant \u00e9l\u00e9gance et charme avec une allure \u00e9blouissante et sophistiqu\u00e9e.\" \/>\n<meta property=\"og:url\" content=\"https:\/\/www.sebastien-auziere.fr\/blog\/it\/a-73-ans-brigitte-macron-brilla-in-un-sfarzoso-abito-rosso-carminio-eleganza-e-fascino-allappuntamento\/\" \/>\n<meta property=\"og:site_name\" content=\"Fan site S\u00e9bastien Auzi\u00e8re\" \/>\n<meta property=\"article:published_time\" content=\"2026-04-18T19:17:09+00:00\" \/>\n<meta property=\"article:modified_time\" content=\"2026-04-18T19:17:34+00:00\" \/>\n<meta property=\"og:image\" content=\"https:\/\/www.sebastien-auziere.fr\/blog\/wp-content\/uploads\/2026\/04\/A-73-ans-Brigitte-Macron-eblouit-dans-une-somptueuse-robe-rouge-carmin-elegance-et-charme-au-rendez-vous.jpg\" \/>\n\t<meta property=\"og:image:width\" content=\"2560\" \/>\n\t<meta property=\"og:image:height\" content=\"1429\" \/>\n\t<meta property=\"og:image:type\" content=\"image\/jpeg\" \/>\n<meta name=\"author\" content=\"Chloe Gauthier\" \/>\n<meta name=\"twitter:card\" content=\"summary_large_image\" \/>\n<meta name=\"twitter:label1\" content=\"\u00c9crit par\" \/>\n\t<meta name=\"twitter:data1\" content=\"Chloe Gauthier\" \/>\n\t<meta name=\"twitter:label2\" content=\"Dur\u00e9e de lecture estim\u00e9e\" \/>\n\t<meta name=\"twitter:data2\" content=\"2 minutes\" \/>\n<script type=\"application\/ld+json\" class=\"yoast-schema-graph\">{\"@context\":\"https:\\\/\\\/schema.org\",\"@graph\":[{\"@type\":\"Article\",\"@id\":\"https:\\\/\\\/www.sebastien-auziere.fr\\\/blog\\\/it\\\/a-73-ans-brigitte-macron-brilla-in-un-sfarzoso-abito-rosso-carminio-eleganza-e-fascino-allappuntamento\\\/#article\",\"isPartOf\":{\"@id\":\"https:\\\/\\\/www.sebastien-auziere.fr\\\/blog\\\/it\\\/a-73-ans-brigitte-macron-brilla-in-un-sfarzoso-abito-rosso-carminio-eleganza-e-fascino-allappuntamento\\\/\"},\"author\":{\"name\":\"Chloe Gauthier\",\"@id\":\"https:\\\/\\\/www.sebastien-auziere.fr\\\/blog\\\/#\\\/schema\\\/person\\\/149f1acdbfd85149c6c3e59adeae2f4d\"},\"headline\":\"\u00c0 73 ans, Brigitte Macron brilla in un sfarzoso abito rosso carminio: eleganza e fascino all&rsquo;appuntamento\",\"datePublished\":\"2026-04-18T19:17:09+00:00\",\"dateModified\":\"2026-04-18T19:17:34+00:00\",\"mainEntityOfPage\":{\"@id\":\"https:\\\/\\\/www.sebastien-auziere.fr\\\/blog\\\/it\\\/a-73-ans-brigitte-macron-brilla-in-un-sfarzoso-abito-rosso-carminio-eleganza-e-fascino-allappuntamento\\\/\"},\"wordCount\":498,\"commentCount\":0,\"publisher\":{\"@id\":\"https:\\\/\\\/www.sebastien-auziere.fr\\\/blog\\\/#organization\"},\"image\":{\"@id\":\"https:\\\/\\\/www.sebastien-auziere.fr\\\/blog\\\/it\\\/a-73-ans-brigitte-macron-brilla-in-un-sfarzoso-abito-rosso-carminio-eleganza-e-fascino-allappuntamento\\\/#primaryimage\"},\"thumbnailUrl\":\"https:\\\/\\\/www.sebastien-auziere.fr\\\/blog\\\/wp-content\\\/uploads\\\/2026\\\/04\\\/A-73-ans-Brigitte-Macron-eblouit-dans-une-somptueuse-robe-rouge-carmin-elegance-et-charme-au-rendez-vous.jpg\",\"keywords\":[\"brigitte macron\",\"charm\",\"eleganza\",\"mode senior\",\"robe rossa carminio\"],\"articleSection\":[\"Actualit\u00e0\"],\"inLanguage\":\"fr-FR\",\"potentialAction\":[{\"@type\":\"CommentAction\",\"name\":\"Comment\",\"target\":[\"https:\\\/\\\/www.sebastien-auziere.fr\\\/blog\\\/it\\\/a-73-ans-brigitte-macron-brilla-in-un-sfarzoso-abito-rosso-carminio-eleganza-e-fascino-allappuntamento\\\/#respond\"]}]},{\"@type\":\"WebPage\",\"@id\":\"https:\\\/\\\/www.sebastien-auziere.fr\\\/blog\\\/it\\\/a-73-ans-brigitte-macron-brilla-in-un-sfarzoso-abito-rosso-carminio-eleganza-e-fascino-allappuntamento\\\/\",\"url\":\"https:\\\/\\\/www.sebastien-auziere.fr\\\/blog\\\/it\\\/a-73-ans-brigitte-macron-brilla-in-un-sfarzoso-abito-rosso-carminio-eleganza-e-fascino-allappuntamento\\\/\",\"name\":\"\u00c0 73 ans, Brigitte Macron brilla in un sfarzoso abito rosso carminio: eleganza e fascino all'appuntamento - Fan site S\u00e9bastien Auzi\u00e8re\",\"isPartOf\":{\"@id\":\"https:\\\/\\\/www.sebastien-auziere.fr\\\/blog\\\/#website\"},\"primaryImageOfPage\":{\"@id\":\"https:\\\/\\\/www.sebastien-auziere.fr\\\/blog\\\/it\\\/a-73-ans-brigitte-macron-brilla-in-un-sfarzoso-abito-rosso-carminio-eleganza-e-fascino-allappuntamento\\\/#primaryimage\"},\"image\":{\"@id\":\"https:\\\/\\\/www.sebastien-auziere.fr\\\/blog\\\/it\\\/a-73-ans-brigitte-macron-brilla-in-un-sfarzoso-abito-rosso-carminio-eleganza-e-fascino-allappuntamento\\\/#primaryimage\"},\"thumbnailUrl\":\"https:\\\/\\\/www.sebastien-auziere.fr\\\/blog\\\/wp-content\\\/uploads\\\/2026\\\/04\\\/A-73-ans-Brigitte-Macron-eblouit-dans-une-somptueuse-robe-rouge-carmin-elegance-et-charme-au-rendez-vous.jpg\",\"datePublished\":\"2026-04-18T19:17:09+00:00\",\"dateModified\":\"2026-04-18T19:17:34+00:00\",\"description\":\"\u00c0 73 ans, Brigitte Macron rayonne dans une robe rouge carmin, alliant \u00e9l\u00e9gance et charme avec une allure \u00e9blouissante et sophistiqu\u00e9e.\",\"breadcrumb\":{\"@id\":\"https:\\\/\\\/www.sebastien-auziere.fr\\\/blog\\\/it\\\/a-73-ans-brigitte-macron-brilla-in-un-sfarzoso-abito-rosso-carminio-eleganza-e-fascino-allappuntamento\\\/#breadcrumb\"},\"inLanguage\":\"fr-FR\",\"potentialAction\":[{\"@type\":\"ReadAction\",\"target\":[\"https:\\\/\\\/www.sebastien-auziere.fr\\\/blog\\\/it\\\/a-73-ans-brigitte-macron-brilla-in-un-sfarzoso-abito-rosso-carminio-eleganza-e-fascino-allappuntamento\\\/\"]}]},{\"@type\":\"ImageObject\",\"inLanguage\":\"fr-FR\",\"@id\":\"https:\\\/\\\/www.sebastien-auziere.fr\\\/blog\\\/it\\\/a-73-ans-brigitte-macron-brilla-in-un-sfarzoso-abito-rosso-carminio-eleganza-e-fascino-allappuntamento\\\/#primaryimage\",\"url\":\"https:\\\/\\\/www.sebastien-auziere.fr\\\/blog\\\/wp-content\\\/uploads\\\/2026\\\/04\\\/A-73-ans-Brigitte-Macron-eblouit-dans-une-somptueuse-robe-rouge-carmin-elegance-et-charme-au-rendez-vous.jpg\",\"contentUrl\":\"https:\\\/\\\/www.sebastien-auziere.fr\\\/blog\\\/wp-content\\\/uploads\\\/2026\\\/04\\\/A-73-ans-Brigitte-Macron-eblouit-dans-une-somptueuse-robe-rouge-carmin-elegance-et-charme-au-rendez-vous.jpg\",\"width\":2560,\"height\":1429,\"caption\":\"\u00e0 73 ans, brigitte macron rayonne de beaut\u00e9 et d'\u00e9l\u00e9gance dans une somptueuse robe rouge carmin, captivant tous les regards par son charme et son style impeccable.\"},{\"@type\":\"BreadcrumbList\",\"@id\":\"https:\\\/\\\/www.sebastien-auziere.fr\\\/blog\\\/it\\\/a-73-ans-brigitte-macron-brilla-in-un-sfarzoso-abito-rosso-carminio-eleganza-e-fascino-allappuntamento\\\/#breadcrumb\",\"itemListElement\":[{\"@type\":\"ListItem\",\"position\":1,\"name\":\"Home\",\"item\":\"https:\\\/\\\/www.sebastien-auziere.fr\\\/blog\\\/\"},{\"@type\":\"ListItem\",\"position\":2,\"name\":\"\u00c0 73 ans, Brigitte Macron brilla in un sfarzoso abito rosso carminio: eleganza e fascino all&rsquo;appuntamento\"}]},{\"@type\":\"WebSite\",\"@id\":\"https:\\\/\\\/www.sebastien-auziere.fr\\\/blog\\\/#website\",\"url\":\"https:\\\/\\\/www.sebastien-auziere.fr\\\/blog\\\/\",\"name\":\"Fan site S\u00e9bastien Auzi\u00e8re\",\"description\":\"M\u00e9dia g\u00e9n\u00e9raliste\",\"publisher\":{\"@id\":\"https:\\\/\\\/www.sebastien-auziere.fr\\\/blog\\\/#organization\"},\"potentialAction\":[{\"@type\":\"SearchAction\",\"target\":{\"@type\":\"EntryPoint\",\"urlTemplate\":\"https:\\\/\\\/www.sebastien-auziere.fr\\\/blog\\\/?s={search_term_string}\"},\"query-input\":{\"@type\":\"PropertyValueSpecification\",\"valueRequired\":true,\"valueName\":\"search_term_string\"}}],\"inLanguage\":\"fr-FR\"},{\"@type\":\"Organization\",\"@id\":\"https:\\\/\\\/www.sebastien-auziere.fr\\\/blog\\\/#organization\",\"name\":\"Fan site S\u00e9bastien Auzi\u00e8re\",\"url\":\"https:\\\/\\\/www.sebastien-auziere.fr\\\/blog\\\/\",\"logo\":{\"@type\":\"ImageObject\",\"inLanguage\":\"fr-FR\",\"@id\":\"https:\\\/\\\/www.sebastien-auziere.fr\\\/blog\\\/#\\\/schema\\\/logo\\\/image\\\/\",\"url\":\"https:\\\/\\\/www.sebastien-auziere.fr\\\/blog\\\/wp-content\\\/uploads\\\/2026\\\/03\\\/cropped-cropped-cropped-ChatGPT-Image-6-mars-2026-12_58_09-e1772798376794.jpg\",\"contentUrl\":\"https:\\\/\\\/www.sebastien-auziere.fr\\\/blog\\\/wp-content\\\/uploads\\\/2026\\\/03\\\/cropped-cropped-cropped-ChatGPT-Image-6-mars-2026-12_58_09-e1772798376794.jpg\",\"width\":512,\"height\":360,\"caption\":\"Fan site S\u00e9bastien Auzi\u00e8re\"},\"image\":{\"@id\":\"https:\\\/\\\/www.sebastien-auziere.fr\\\/blog\\\/#\\\/schema\\\/logo\\\/image\\\/\"}},{\"@type\":\"Person\",\"@id\":\"https:\\\/\\\/www.sebastien-auziere.fr\\\/blog\\\/#\\\/schema\\\/person\\\/149f1acdbfd85149c6c3e59adeae2f4d\",\"name\":\"Chloe Gauthier\",\"image\":{\"@type\":\"ImageObject\",\"inLanguage\":\"fr-FR\",\"@id\":\"https:\\\/\\\/secure.gravatar.com\\\/avatar\\\/2c5722f58171cff738a8985ef0dd66b476e563753246a49019befc837ec4201a?s=96&d=mm&r=g\",\"url\":\"https:\\\/\\\/secure.gravatar.com\\\/avatar\\\/2c5722f58171cff738a8985ef0dd66b476e563753246a49019befc837ec4201a?s=96&d=mm&r=g\",\"contentUrl\":\"https:\\\/\\\/secure.gravatar.com\\\/avatar\\\/2c5722f58171cff738a8985ef0dd66b476e563753246a49019befc837ec4201a?s=96&d=mm&r=g\",\"caption\":\"Chloe Gauthier\"},\"description\":\"Passionn\u00e9e par la politique et admiratrice engag\u00e9e de la famille Macron, je consacre mon \u00e9nergie \u00e0 suivre leurs initiatives et \u00e0 promouvoir leurs id\u00e9es. \u00c0 32 ans, je suis convaincue que leur vision est porteuse d'avenir.\",\"url\":\"https:\\\/\\\/www.sebastien-auziere.fr\\\/blog\\\/author\\\/chloe-gauthier\\\/\"}]}<\/script>\n<!-- \/ Yoast SEO plugin. -->","yoast_head_json":{"title":"\u00c0 73 ans, Brigitte Macron brilla in un sfarzoso abito rosso carminio: eleganza e fascino all'appuntamento - Fan site S\u00e9bastien Auzi\u00e8re","description":"\u00c0 73 ans, Brigitte Macron rayonne dans une robe rouge carmin, alliant \u00e9l\u00e9gance et charme avec une allure \u00e9blouissante et sophistiqu\u00e9e.","robots":{"index":"index","follow":"follow","max-snippet":"max-snippet:-1","max-image-preview":"max-image-preview:large","max-video-preview":"max-video-preview:-1"},"canonical":"https:\/\/www.sebastien-auziere.fr\/blog\/it\/a-73-ans-brigitte-macron-brilla-in-un-sfarzoso-abito-rosso-carminio-eleganza-e-fascino-allappuntamento\/","og_locale":"fr_FR","og_type":"article","og_title":"\u00c0 73 ans, Brigitte Macron brilla in un sfarzoso abito rosso carminio: eleganza e fascino all'appuntamento - Fan site S\u00e9bastien Auzi\u00e8re","og_description":"\u00c0 73 ans, Brigitte Macron rayonne dans une robe rouge carmin, alliant \u00e9l\u00e9gance et charme avec une allure \u00e9blouissante et sophistiqu\u00e9e.","og_url":"https:\/\/www.sebastien-auziere.fr\/blog\/it\/a-73-ans-brigitte-macron-brilla-in-un-sfarzoso-abito-rosso-carminio-eleganza-e-fascino-allappuntamento\/","og_site_name":"Fan site S\u00e9bastien Auzi\u00e8re","article_published_time":"2026-04-18T19:17:09+00:00","article_modified_time":"2026-04-18T19:17:34+00:00","og_image":[{"width":2560,"height":1429,"url":"https:\/\/www.sebastien-auziere.fr\/blog\/wp-content\/uploads\/2026\/04\/A-73-ans-Brigitte-Macron-eblouit-dans-une-somptueuse-robe-rouge-carmin-elegance-et-charme-au-rendez-vous.jpg","type":"image\/jpeg"}],"author":"Chloe Gauthier","twitter_card":"summary_large_image","twitter_misc":{"\u00c9crit par":"Chloe Gauthier","Dur\u00e9e de lecture estim\u00e9e":"2 minutes"},"schema":{"@context":"https:\/\/schema.org","@graph":[{"@type":"Article","@id":"https:\/\/www.sebastien-auziere.fr\/blog\/it\/a-73-ans-brigitte-macron-brilla-in-un-sfarzoso-abito-rosso-carminio-eleganza-e-fascino-allappuntamento\/#article","isPartOf":{"@id":"https:\/\/www.sebastien-auziere.fr\/blog\/it\/a-73-ans-brigitte-macron-brilla-in-un-sfarzoso-abito-rosso-carminio-eleganza-e-fascino-allappuntamento\/"},"author":{"name":"Chloe Gauthier","@id":"https:\/\/www.sebastien-auziere.fr\/blog\/#\/schema\/person\/149f1acdbfd85149c6c3e59adeae2f4d"},"headline":"\u00c0 73 ans, Brigitte Macron brilla in un sfarzoso abito rosso carminio: eleganza e fascino all&rsquo;appuntamento","datePublished":"2026-04-18T19:17:09+00:00","dateModified":"2026-04-18T19:17:34+00:00","mainEntityOfPage":{"@id":"https:\/\/www.sebastien-auziere.fr\/blog\/it\/a-73-ans-brigitte-macron-brilla-in-un-sfarzoso-abito-rosso-carminio-eleganza-e-fascino-allappuntamento\/"},"wordCount":498,"commentCount":0,"publisher":{"@id":"https:\/\/www.sebastien-auziere.fr\/blog\/#organization"},"image":{"@id":"https:\/\/www.sebastien-auziere.fr\/blog\/it\/a-73-ans-brigitte-macron-brilla-in-un-sfarzoso-abito-rosso-carminio-eleganza-e-fascino-allappuntamento\/#primaryimage"},"thumbnailUrl":"https:\/\/www.sebastien-auziere.fr\/blog\/wp-content\/uploads\/2026\/04\/A-73-ans-Brigitte-Macron-eblouit-dans-une-somptueuse-robe-rouge-carmin-elegance-et-charme-au-rendez-vous.jpg","keywords":["brigitte macron","charm","eleganza","mode senior","robe rossa carminio"],"articleSection":["Actualit\u00e0"],"inLanguage":"fr-FR","potentialAction":[{"@type":"CommentAction","name":"Comment","target":["https:\/\/www.sebastien-auziere.fr\/blog\/it\/a-73-ans-brigitte-macron-brilla-in-un-sfarzoso-abito-rosso-carminio-eleganza-e-fascino-allappuntamento\/#respond"]}]},{"@type":"WebPage","@id":"https:\/\/www.sebastien-auziere.fr\/blog\/it\/a-73-ans-brigitte-macron-brilla-in-un-sfarzoso-abito-rosso-carminio-eleganza-e-fascino-allappuntamento\/","url":"https:\/\/www.sebastien-auziere.fr\/blog\/it\/a-73-ans-brigitte-macron-brilla-in-un-sfarzoso-abito-rosso-carminio-eleganza-e-fascino-allappuntamento\/","name":"\u00c0 73 ans, Brigitte Macron brilla in un sfarzoso abito rosso carminio: eleganza e fascino all'appuntamento - Fan site S\u00e9bastien Auzi\u00e8re","isPartOf":{"@id":"https:\/\/www.sebastien-auziere.fr\/blog\/#website"},"primaryImageOfPage":{"@id":"https:\/\/www.sebastien-auziere.fr\/blog\/it\/a-73-ans-brigitte-macron-brilla-in-un-sfarzoso-abito-rosso-carminio-eleganza-e-fascino-allappuntamento\/#primaryimage"},"image":{"@id":"https:\/\/www.sebastien-auziere.fr\/blog\/it\/a-73-ans-brigitte-macron-brilla-in-un-sfarzoso-abito-rosso-carminio-eleganza-e-fascino-allappuntamento\/#primaryimage"},"thumbnailUrl":"https:\/\/www.sebastien-auziere.fr\/blog\/wp-content\/uploads\/2026\/04\/A-73-ans-Brigitte-Macron-eblouit-dans-une-somptueuse-robe-rouge-carmin-elegance-et-charme-au-rendez-vous.jpg","datePublished":"2026-04-18T19:17:09+00:00","dateModified":"2026-04-18T19:17:34+00:00","description":"\u00c0 73 ans, Brigitte Macron rayonne dans une robe rouge carmin, alliant \u00e9l\u00e9gance et charme avec une allure \u00e9blouissante et sophistiqu\u00e9e.","breadcrumb":{"@id":"https:\/\/www.sebastien-auziere.fr\/blog\/it\/a-73-ans-brigitte-macron-brilla-in-un-sfarzoso-abito-rosso-carminio-eleganza-e-fascino-allappuntamento\/#breadcrumb"},"inLanguage":"fr-FR","potentialAction":[{"@type":"ReadAction","target":["https:\/\/www.sebastien-auziere.fr\/blog\/it\/a-73-ans-brigitte-macron-brilla-in-un-sfarzoso-abito-rosso-carminio-eleganza-e-fascino-allappuntamento\/"]}]},{"@type":"ImageObject","inLanguage":"fr-FR","@id":"https:\/\/www.sebastien-auziere.fr\/blog\/it\/a-73-ans-brigitte-macron-brilla-in-un-sfarzoso-abito-rosso-carminio-eleganza-e-fascino-allappuntamento\/#primaryimage","url":"https:\/\/www.sebastien-auziere.fr\/blog\/wp-content\/uploads\/2026\/04\/A-73-ans-Brigitte-Macron-eblouit-dans-une-somptueuse-robe-rouge-carmin-elegance-et-charme-au-rendez-vous.jpg","contentUrl":"https:\/\/www.sebastien-auziere.fr\/blog\/wp-content\/uploads\/2026\/04\/A-73-ans-Brigitte-Macron-eblouit-dans-une-somptueuse-robe-rouge-carmin-elegance-et-charme-au-rendez-vous.jpg","width":2560,"height":1429,"caption":"\u00e0 73 ans, brigitte macron rayonne de beaut\u00e9 et d'\u00e9l\u00e9gance dans une somptueuse robe rouge carmin, captivant tous les regards par son charme et son style impeccable."},{"@type":"BreadcrumbList","@id":"https:\/\/www.sebastien-auziere.fr\/blog\/it\/a-73-ans-brigitte-macron-brilla-in-un-sfarzoso-abito-rosso-carminio-eleganza-e-fascino-allappuntamento\/#breadcrumb","itemListElement":[{"@type":"ListItem","position":1,"name":"Home","item":"https:\/\/www.sebastien-auziere.fr\/blog\/"},{"@type":"ListItem","position":2,"name":"\u00c0 73 ans, Brigitte Macron brilla in un sfarzoso abito rosso carminio: eleganza e fascino all&rsquo;appuntamento"}]},{"@type":"WebSite","@id":"https:\/\/www.sebastien-auziere.fr\/blog\/#website","url":"https:\/\/www.sebastien-auziere.fr\/blog\/","name":"Fan site S\u00e9bastien Auzi\u00e8re","description":"M\u00e9dia g\u00e9n\u00e9raliste","publisher":{"@id":"https:\/\/www.sebastien-auziere.fr\/blog\/#organization"},"potentialAction":[{"@type":"SearchAction","target":{"@type":"EntryPoint","urlTemplate":"https:\/\/www.sebastien-auziere.fr\/blog\/?s={search_term_string}"},"query-input":{"@type":"PropertyValueSpecification","valueRequired":true,"valueName":"search_term_string"}}],"inLanguage":"fr-FR"},{"@type":"Organization","@id":"https:\/\/www.sebastien-auziere.fr\/blog\/#organization","name":"Fan site S\u00e9bastien Auzi\u00e8re","url":"https:\/\/www.sebastien-auziere.fr\/blog\/","logo":{"@type":"ImageObject","inLanguage":"fr-FR","@id":"https:\/\/www.sebastien-auziere.fr\/blog\/#\/schema\/logo\/image\/","url":"https:\/\/www.sebastien-auziere.fr\/blog\/wp-content\/uploads\/2026\/03\/cropped-cropped-cropped-ChatGPT-Image-6-mars-2026-12_58_09-e1772798376794.jpg","contentUrl":"https:\/\/www.sebastien-auziere.fr\/blog\/wp-content\/uploads\/2026\/03\/cropped-cropped-cropped-ChatGPT-Image-6-mars-2026-12_58_09-e1772798376794.jpg","width":512,"height":360,"caption":"Fan site S\u00e9bastien Auzi\u00e8re"},"image":{"@id":"https:\/\/www.sebastien-auziere.fr\/blog\/#\/schema\/logo\/image\/"}},{"@type":"Person","@id":"https:\/\/www.sebastien-auziere.fr\/blog\/#\/schema\/person\/149f1acdbfd85149c6c3e59adeae2f4d","name":"Chloe Gauthier","image":{"@type":"ImageObject","inLanguage":"fr-FR","@id":"https:\/\/secure.gravatar.com\/avatar\/2c5722f58171cff738a8985ef0dd66b476e563753246a49019befc837ec4201a?s=96&d=mm&r=g","url":"https:\/\/secure.gravatar.com\/avatar\/2c5722f58171cff738a8985ef0dd66b476e563753246a49019befc837ec4201a?s=96&d=mm&r=g","contentUrl":"https:\/\/secure.gravatar.com\/avatar\/2c5722f58171cff738a8985ef0dd66b476e563753246a49019befc837ec4201a?s=96&d=mm&r=g","caption":"Chloe Gauthier"},"description":"Passionn\u00e9e par la politique et admiratrice engag\u00e9e de la famille Macron, je consacre mon \u00e9nergie \u00e0 suivre leurs initiatives et \u00e0 promouvoir leurs id\u00e9es. \u00c0 32 ans, je suis convaincue que leur vision est porteuse d'avenir.","url":"https:\/\/www.sebastien-auziere.fr\/blog\/author\/chloe-gauthier\/"}]}},"views":0,"_links":{"self":[{"href":"https:\/\/www.sebastien-auziere.fr\/blog\/wp-json\/wp\/v2\/posts\/3138","targetHints":{"allow":["GET"]}}],"collection":[{"href":"https:\/\/www.sebastien-auziere.fr\/blog\/wp-json\/wp\/v2\/posts"}],"about":[{"href":"https:\/\/www.sebastien-auziere.fr\/blog\/wp-json\/wp\/v2\/types\/post"}],"author":[{"embeddable":true,"href":"https:\/\/www.sebastien-auziere.fr\/blog\/wp-json\/wp\/v2\/users\/9"}],"replies":[{"embeddable":true,"href":"https:\/\/www.sebastien-auziere.fr\/blog\/wp-json\/wp\/v2\/comments?post=3138"}],"version-history":[{"count":1,"href":"https:\/\/www.sebastien-auziere.fr\/blog\/wp-json\/wp\/v2\/posts\/3138\/revisions"}],"predecessor-version":[{"id":3139,"href":"https:\/\/www.sebastien-auziere.fr\/blog\/wp-json\/wp\/v2\/posts\/3138\/revisions\/3139"}],"wp:featuredmedia":[{"embeddable":true,"href":"https:\/\/www.sebastien-auziere.fr\/blog\/wp-json\/wp\/v2\/media\/3130"}],"wp:attachment":[{"href":"https:\/\/www.sebastien-auziere.fr\/blog\/wp-json\/wp\/v2\/media?parent=3138"}],"wp:term":[{"taxonomy":"category","embeddable":true,"href":"https:\/\/www.sebastien-auziere.fr\/blog\/wp-json\/wp\/v2\/categories?post=3138"},{"taxonomy":"post_tag","embeddable":true,"href":"https:\/\/www.sebastien-auziere.fr\/blog\/wp-json\/wp\/v2\/tags?post=3138"}],"curies":[{"name":"wp","href":"https:\/\/api.w.org\/{rel}","templated":true}]}}