{"id":3136,"date":"2026-04-18T19:12:51","date_gmt":"2026-04-18T19:12:51","guid":{"rendered":"https:\/\/www.sebastien-auziere.fr\/blog\/?p=3136"},"modified":"2026-04-18T19:13:17","modified_gmt":"2026-04-18T19:13:17","slug":"a-73-ans-brigitte-macron-begeistert-in-einem-prachtigen-karminroten-kleid-eleganz-und-charme-sind-angesagt","status":"publish","type":"post","link":"https:\/\/www.sebastien-auziere.fr\/blog\/de\/a-73-ans-brigitte-macron-begeistert-in-einem-prachtigen-karminroten-kleid-eleganz-und-charme-sind-angesagt\/","title":{"rendered":"\u00c0 73 ans, Brigitte Macron begeistert in einem pr\u00e4chtigen karminroten Kleid: Eleganz und Charme sind angesagt"},"content":{"rendered":"<p><strong>Brigitte Macron<\/strong>, im Alter von <strong>73 Jahren<\/strong>, erstrahlte am 15. April auf der Treppe des \u00c9lys\u00e9e mit einem <strong>karminrot Kleid<\/strong>, das sofort alle Blicke auf sich zog. Der Glanz dieses <strong>pr\u00e4chtigen Kleides<\/strong> und die sichtbare Komplizenschaft zwischen den beiden First Ladies machten diesen <strong>\u00f6ffentlichen Auftritt<\/strong> zu einem denkw\u00fcrdigen Moment des Staatsempfangs mit Mauretanien.<\/p>\n\n<p><strong>In K\u00fcrze:<\/strong> Am 15. April, offizieller Empfang mit Mohamed Ould El-Ghazaouani; <strong>Brigitte Macron<\/strong> tr\u00e4gt ein <strong>karminrotes Kleid<\/strong> in voller L\u00e4nge; Schmuck von Louis Vuitton Flower Comet und eine auff\u00e4llige Balmain-Clutch wurden bemerkt; sportliche Routine und Ern\u00e4hrungsvorschriften wurden von Quellen aus den K\u00fcchen des \u00c9lys\u00e9e best\u00e4tigt.<\/p>\n\n<h2 class=\"wp-block-heading\">Ein Outfit, das h\u00e4lt, was es verspricht: karminrotes Kleid und Accessoires<\/h2>\n\n<p>Auf den Stufen hielt <strong>Brigitte Macrons<\/strong> <strong>elegantes Outfit<\/strong> die protokollarische Schlichtheit ein und bekr\u00e4ftigte gleichzeitig einen <strong>eindeutigen Stil<\/strong>. Das lange, bodenlange, enganliegende Kleid wurde von einem Flower Comet-Kragen aus Louis Vuitton und einem passenden Armband akzentuiert. Die Balmain-Clutch ersetzte die gewohnten Lady Dior oder Capucine und unterstrich eine durchdachte und moderne <strong>Modewahl<\/strong>. F\u00fcr weitere Informationen \u00fcber das Kleid, sieh dir diesen Artikel an: <a href=\"https:\/\/www.closermag.fr\/politique\/brigitte-macron-a-73-ans-la-premiere-dame-resplendissante-dans-une-longue-robe-rouge-carmin-une-nouveaute-interpelle-3630688\" rel=\"nofollow\">closer<\/a>.<\/p>\n\n<h2 class=\"wp-block-heading\">Ein Staatsempfang voller Symbole und Wiedersehen<\/h2>\n\n<p>Am 15. April betonte Emmanuel Macron die Rolle Mauretaniens in der Sahelregion w\u00e4hrend des Staatsempfangs, bei dem Pr\u00e4sident Mohamed Ould El-Ghazaouani und seine Frau empfangen wurden. Die franz\u00f6sische First Lady traf ihre mauretanische Kollegin f\u00fcnf Jahre nach ihrem ersten Treffen, ein emotionaler Moment auf dem roten Teppich. Protokoll und diplomatischer Austausch begleiteten diesen <strong>bemerkenswerten \u00f6ffentlichen Auftritt<\/strong>, wie mehrere Berichte und offizielle Berichte berichten. Siehe den Mode- und Protokollbericht: <a href=\"https:\/\/madame.lefigaro.fr\/style\/news\/brigitte-macron-en-robe-rouge-et-chignon-dore-pour-le-diner-d-etat-mauritanien-20260416\" rel=\"nofollow\">Madame Figaro<\/a>.<\/p>\n\n<h2 class=\"wp-block-heading\">Schmuck und <strong>Mode<\/strong>: Details, die den Unterschied machen<\/h2>\n\n<p>In dieser Nacht lag der Fokus auf einem neuartigen Choker von Louis Vuitton, verziert mit zwei Monogram-Blumen und Strass, sowie einem passenden Armband. Diese Accessoire-Wahlen verliehen dem <strong>pr\u00e4chtigen Kleid<\/strong> eine zeitgen\u00f6ssische Note ohne \u00dcbertreibung. Die Balmain-Clutch, unauff\u00e4llig, aber schick, best\u00e4tigte ein ausgepr\u00e4gtes Gesp\u00fcr f\u00fcr Details f\u00fcr einen republikanischen Rahmen. F\u00fcr einen Fokus auf diese Teile und ihren stilistischen Einfluss, siehe die Online-Modedekodierung: <a href=\"https:\/\/www.femmeactuelle.fr\/mode\/news-mode\/brigitte-macron-mise-sur-une-robe-en-dentelle-noire-pour-un-diner-d-etat-avec-cristina-cordula-dans-une-somptueuse-robe-rouge-2194054\" rel=\"nofollow\">Femme Actuelle<\/a>.<\/p>\n\n<h2 class=\"wp-block-heading\">Form, Routine und Geheimnisse eines Looks mit 73 Jahren<\/h2>\n\n<p>Die gepflegte Silhouette, die bei diesem Auftritt zu sehen war, ist das Ergebnis einer t\u00e4glichen Disziplin: eine Stunde Sport, bestehend aus Heimtrainer und Krafttraining, ganz ohne Trainer, und einer strengen Ern\u00e4hrung. Der ehemalige K\u00fcchenchef des Pr\u00e4sidenten best\u00e4tigte die Anforderung, t\u00e4glich <strong>zehn<\/strong> Obst- und Gem\u00fcsesorten zu servieren, wobei lokale Produkte und Kr\u00e4uter aus dem Garten des \u00c9lys\u00e9e bevorzugt werden. Diese Gewohnheiten erkl\u00e4ren teilweise die beim <strong>\u00f6ffentlichen Auftritt<\/strong> sichtbare <strong>Eleganz<\/strong> und <strong>Charme<\/strong>. F\u00fcr ein umfassenderes Portr\u00e4t, entdecke diese Analyse: <a href=\"https:\/\/www.gala.fr\/beaute\/beaute_de_star\/brigitte-macron-velo-musculation-vitamine-c-les-secrets-beaute-qui-la-font-rayonner-a-73-ans-20260413\" rel=\"nofollow\">Gala<\/a> und die daf\u00fcr vorgesehene Rubrik auf der Familienwebsite: <a href=\"https:\/\/www.sebastien-auziere.fr\/blog\/brigitte-macron-73-ans\/\" rel=\"nofollow\">Portr\u00e4t 73 Jahre<\/a>.<\/p>\n\n<p>Neugierig auf die Hintergr\u00fcnde, die <strong>Mode<\/strong> und den intimen Kreis der Familie Macron? Entdecke weitere Analysen und Fotos auf der Website von S\u00e9bastien Auzi\u00e8re und den Macrons: <a href=\"https:\/\/www.sebastien-auziere.fr\/blog\/brigitte-macron-robe-rouge\/\" rel=\"nofollow\">brigitte-macron-robe-rouge<\/a> und <a href=\"https:\/\/www.sebastien-auziere.fr\/blog\/brigitte-macron-robe-elegante\/\" rel=\"nofollow\">Bericht \u00fcber elegantes Outfit<\/a>.<\/p>","protected":false},"excerpt":{"rendered":"<p>Brigitte Macron, im Alter von 73 Jahren, erstrahlte am 15. April auf der Treppe des \u00c9lys\u00e9e mit einem karminrot Kleid, das sofort alle Blicke auf sich zog. Der Glanz dieses pr\u00e4chtigen Kleides und die sichtbare Komplizenschaft zwischen den beiden First Ladies machten diesen \u00f6ffentlichen Auftritt zu einem denkw\u00fcrdigen Moment des Staatsempfangs mit Mauretanien. In K\u00fcrze: &#8230; <a title=\"\u00c0 73 ans, Brigitte Macron begeistert in einem pr\u00e4chtigen karminroten Kleid: Eleganz und Charme sind angesagt\" class=\"read-more\" href=\"https:\/\/www.sebastien-auziere.fr\/blog\/de\/a-73-ans-brigitte-macron-begeistert-in-einem-prachtigen-karminroten-kleid-eleganz-und-charme-sind-angesagt\/\" aria-label=\"En savoir plus sur \u00c0 73 ans, Brigitte Macron begeistert in einem pr\u00e4chtigen karminroten Kleid: Eleganz und Charme sind angesagt\">Lire plus<\/a><\/p>\n","protected":false},"author":9,"featured_media":3130,"comment_status":"open","ping_status":"open","sticky":false,"template":"","format":"standard","meta":{"footnotes":""},"categories":[856],"tags":[929,3433,1590,3436,3439],"class_list":["post-3136","post","type-post","status-publish","format-standard","has-post-thumbnail","hentry","category-aktuelles-de","tag-brigitte-macron-de","tag-charme-de","tag-eleganz-de","tag-mode-senior-de","tag-robe-rot-karmin-de"],"yoast_head":"<!-- This site is optimized with the Yoast SEO plugin v27.5 - https:\/\/yoast.com\/product\/yoast-seo-wordpress\/ -->\n<title>\u00c0 73 ans, Brigitte Macron begeistert in einem pr\u00e4chtigen karminroten Kleid: Eleganz und Charme sind angesagt - Fan site S\u00e9bastien Auzi\u00e8re<\/title>\n<meta name=\"description\" content=\"\u00c0 73 ans, Brigitte Macron rayonne dans une robe rouge carmin, alliant \u00e9l\u00e9gance et charme avec une allure \u00e9blouissante et sophistiqu\u00e9e.\" \/>\n<meta name=\"robots\" content=\"index, follow, max-snippet:-1, max-image-preview:large, max-video-preview:-1\" \/>\n<link rel=\"canonical\" href=\"https:\/\/www.sebastien-auziere.fr\/blog\/de\/a-73-ans-brigitte-macron-begeistert-in-einem-prachtigen-karminroten-kleid-eleganz-und-charme-sind-angesagt\/\" \/>\n<meta property=\"og:locale\" content=\"fr_FR\" \/>\n<meta property=\"og:type\" content=\"article\" \/>\n<meta property=\"og:title\" content=\"\u00c0 73 ans, Brigitte Macron begeistert in einem pr\u00e4chtigen karminroten Kleid: Eleganz und Charme sind angesagt - Fan site S\u00e9bastien Auzi\u00e8re\" \/>\n<meta property=\"og:description\" content=\"\u00c0 73 ans, Brigitte Macron rayonne dans une robe rouge carmin, alliant \u00e9l\u00e9gance et charme avec une allure \u00e9blouissante et sophistiqu\u00e9e.\" \/>\n<meta property=\"og:url\" content=\"https:\/\/www.sebastien-auziere.fr\/blog\/de\/a-73-ans-brigitte-macron-begeistert-in-einem-prachtigen-karminroten-kleid-eleganz-und-charme-sind-angesagt\/\" \/>\n<meta property=\"og:site_name\" content=\"Fan site S\u00e9bastien Auzi\u00e8re\" \/>\n<meta property=\"article:published_time\" content=\"2026-04-18T19:12:51+00:00\" \/>\n<meta property=\"article:modified_time\" content=\"2026-04-18T19:13:17+00:00\" \/>\n<meta property=\"og:image\" content=\"https:\/\/www.sebastien-auziere.fr\/blog\/wp-content\/uploads\/2026\/04\/A-73-ans-Brigitte-Macron-eblouit-dans-une-somptueuse-robe-rouge-carmin-elegance-et-charme-au-rendez-vous.jpg\" \/>\n\t<meta property=\"og:image:width\" content=\"2560\" \/>\n\t<meta property=\"og:image:height\" content=\"1429\" \/>\n\t<meta property=\"og:image:type\" content=\"image\/jpeg\" \/>\n<meta name=\"author\" content=\"Chloe Gauthier\" \/>\n<meta name=\"twitter:card\" content=\"summary_large_image\" \/>\n<meta name=\"twitter:label1\" content=\"\u00c9crit par\" \/>\n\t<meta name=\"twitter:data1\" content=\"Chloe Gauthier\" \/>\n\t<meta name=\"twitter:label2\" content=\"Dur\u00e9e de lecture estim\u00e9e\" \/>\n\t<meta name=\"twitter:data2\" content=\"2 minutes\" \/>\n<script type=\"application\/ld+json\" class=\"yoast-schema-graph\">{\"@context\":\"https:\\\/\\\/schema.org\",\"@graph\":[{\"@type\":\"Article\",\"@id\":\"https:\\\/\\\/www.sebastien-auziere.fr\\\/blog\\\/de\\\/a-73-ans-brigitte-macron-begeistert-in-einem-prachtigen-karminroten-kleid-eleganz-und-charme-sind-angesagt\\\/#article\",\"isPartOf\":{\"@id\":\"https:\\\/\\\/www.sebastien-auziere.fr\\\/blog\\\/de\\\/a-73-ans-brigitte-macron-begeistert-in-einem-prachtigen-karminroten-kleid-eleganz-und-charme-sind-angesagt\\\/\"},\"author\":{\"name\":\"Chloe Gauthier\",\"@id\":\"https:\\\/\\\/www.sebastien-auziere.fr\\\/blog\\\/#\\\/schema\\\/person\\\/149f1acdbfd85149c6c3e59adeae2f4d\"},\"headline\":\"\u00c0 73 ans, Brigitte Macron begeistert in einem pr\u00e4chtigen karminroten Kleid: Eleganz und Charme sind angesagt\",\"datePublished\":\"2026-04-18T19:12:51+00:00\",\"dateModified\":\"2026-04-18T19:13:17+00:00\",\"mainEntityOfPage\":{\"@id\":\"https:\\\/\\\/www.sebastien-auziere.fr\\\/blog\\\/de\\\/a-73-ans-brigitte-macron-begeistert-in-einem-prachtigen-karminroten-kleid-eleganz-und-charme-sind-angesagt\\\/\"},\"wordCount\":505,\"commentCount\":0,\"publisher\":{\"@id\":\"https:\\\/\\\/www.sebastien-auziere.fr\\\/blog\\\/#organization\"},\"image\":{\"@id\":\"https:\\\/\\\/www.sebastien-auziere.fr\\\/blog\\\/de\\\/a-73-ans-brigitte-macron-begeistert-in-einem-prachtigen-karminroten-kleid-eleganz-und-charme-sind-angesagt\\\/#primaryimage\"},\"thumbnailUrl\":\"https:\\\/\\\/www.sebastien-auziere.fr\\\/blog\\\/wp-content\\\/uploads\\\/2026\\\/04\\\/A-73-ans-Brigitte-Macron-eblouit-dans-une-somptueuse-robe-rouge-carmin-elegance-et-charme-au-rendez-vous.jpg\",\"keywords\":[\"brigitte macron\",\"charme\",\"eleganz\",\"mode senior\",\"robe rot karmin\"],\"articleSection\":[\"Aktuelles\"],\"inLanguage\":\"fr-FR\",\"potentialAction\":[{\"@type\":\"CommentAction\",\"name\":\"Comment\",\"target\":[\"https:\\\/\\\/www.sebastien-auziere.fr\\\/blog\\\/de\\\/a-73-ans-brigitte-macron-begeistert-in-einem-prachtigen-karminroten-kleid-eleganz-und-charme-sind-angesagt\\\/#respond\"]}]},{\"@type\":\"WebPage\",\"@id\":\"https:\\\/\\\/www.sebastien-auziere.fr\\\/blog\\\/de\\\/a-73-ans-brigitte-macron-begeistert-in-einem-prachtigen-karminroten-kleid-eleganz-und-charme-sind-angesagt\\\/\",\"url\":\"https:\\\/\\\/www.sebastien-auziere.fr\\\/blog\\\/de\\\/a-73-ans-brigitte-macron-begeistert-in-einem-prachtigen-karminroten-kleid-eleganz-und-charme-sind-angesagt\\\/\",\"name\":\"\u00c0 73 ans, Brigitte Macron begeistert in einem pr\u00e4chtigen karminroten Kleid: Eleganz und Charme sind angesagt - Fan site S\u00e9bastien Auzi\u00e8re\",\"isPartOf\":{\"@id\":\"https:\\\/\\\/www.sebastien-auziere.fr\\\/blog\\\/#website\"},\"primaryImageOfPage\":{\"@id\":\"https:\\\/\\\/www.sebastien-auziere.fr\\\/blog\\\/de\\\/a-73-ans-brigitte-macron-begeistert-in-einem-prachtigen-karminroten-kleid-eleganz-und-charme-sind-angesagt\\\/#primaryimage\"},\"image\":{\"@id\":\"https:\\\/\\\/www.sebastien-auziere.fr\\\/blog\\\/de\\\/a-73-ans-brigitte-macron-begeistert-in-einem-prachtigen-karminroten-kleid-eleganz-und-charme-sind-angesagt\\\/#primaryimage\"},\"thumbnailUrl\":\"https:\\\/\\\/www.sebastien-auziere.fr\\\/blog\\\/wp-content\\\/uploads\\\/2026\\\/04\\\/A-73-ans-Brigitte-Macron-eblouit-dans-une-somptueuse-robe-rouge-carmin-elegance-et-charme-au-rendez-vous.jpg\",\"datePublished\":\"2026-04-18T19:12:51+00:00\",\"dateModified\":\"2026-04-18T19:13:17+00:00\",\"description\":\"\u00c0 73 ans, Brigitte Macron rayonne dans une robe rouge carmin, alliant \u00e9l\u00e9gance et charme avec une allure \u00e9blouissante et sophistiqu\u00e9e.\",\"breadcrumb\":{\"@id\":\"https:\\\/\\\/www.sebastien-auziere.fr\\\/blog\\\/de\\\/a-73-ans-brigitte-macron-begeistert-in-einem-prachtigen-karminroten-kleid-eleganz-und-charme-sind-angesagt\\\/#breadcrumb\"},\"inLanguage\":\"fr-FR\",\"potentialAction\":[{\"@type\":\"ReadAction\",\"target\":[\"https:\\\/\\\/www.sebastien-auziere.fr\\\/blog\\\/de\\\/a-73-ans-brigitte-macron-begeistert-in-einem-prachtigen-karminroten-kleid-eleganz-und-charme-sind-angesagt\\\/\"]}]},{\"@type\":\"ImageObject\",\"inLanguage\":\"fr-FR\",\"@id\":\"https:\\\/\\\/www.sebastien-auziere.fr\\\/blog\\\/de\\\/a-73-ans-brigitte-macron-begeistert-in-einem-prachtigen-karminroten-kleid-eleganz-und-charme-sind-angesagt\\\/#primaryimage\",\"url\":\"https:\\\/\\\/www.sebastien-auziere.fr\\\/blog\\\/wp-content\\\/uploads\\\/2026\\\/04\\\/A-73-ans-Brigitte-Macron-eblouit-dans-une-somptueuse-robe-rouge-carmin-elegance-et-charme-au-rendez-vous.jpg\",\"contentUrl\":\"https:\\\/\\\/www.sebastien-auziere.fr\\\/blog\\\/wp-content\\\/uploads\\\/2026\\\/04\\\/A-73-ans-Brigitte-Macron-eblouit-dans-une-somptueuse-robe-rouge-carmin-elegance-et-charme-au-rendez-vous.jpg\",\"width\":2560,\"height\":1429,\"caption\":\"\u00e0 73 ans, brigitte macron rayonne de beaut\u00e9 et d'\u00e9l\u00e9gance dans une somptueuse robe rouge carmin, captivant tous les regards par son charme et son style impeccable.\"},{\"@type\":\"BreadcrumbList\",\"@id\":\"https:\\\/\\\/www.sebastien-auziere.fr\\\/blog\\\/de\\\/a-73-ans-brigitte-macron-begeistert-in-einem-prachtigen-karminroten-kleid-eleganz-und-charme-sind-angesagt\\\/#breadcrumb\",\"itemListElement\":[{\"@type\":\"ListItem\",\"position\":1,\"name\":\"Home\",\"item\":\"https:\\\/\\\/www.sebastien-auziere.fr\\\/blog\\\/\"},{\"@type\":\"ListItem\",\"position\":2,\"name\":\"\u00c0 73 ans, Brigitte Macron begeistert in einem pr\u00e4chtigen karminroten Kleid: Eleganz und Charme sind angesagt\"}]},{\"@type\":\"WebSite\",\"@id\":\"https:\\\/\\\/www.sebastien-auziere.fr\\\/blog\\\/#website\",\"url\":\"https:\\\/\\\/www.sebastien-auziere.fr\\\/blog\\\/\",\"name\":\"Fan site S\u00e9bastien Auzi\u00e8re\",\"description\":\"M\u00e9dia g\u00e9n\u00e9raliste\",\"publisher\":{\"@id\":\"https:\\\/\\\/www.sebastien-auziere.fr\\\/blog\\\/#organization\"},\"potentialAction\":[{\"@type\":\"SearchAction\",\"target\":{\"@type\":\"EntryPoint\",\"urlTemplate\":\"https:\\\/\\\/www.sebastien-auziere.fr\\\/blog\\\/?s={search_term_string}\"},\"query-input\":{\"@type\":\"PropertyValueSpecification\",\"valueRequired\":true,\"valueName\":\"search_term_string\"}}],\"inLanguage\":\"fr-FR\"},{\"@type\":\"Organization\",\"@id\":\"https:\\\/\\\/www.sebastien-auziere.fr\\\/blog\\\/#organization\",\"name\":\"Fan site S\u00e9bastien Auzi\u00e8re\",\"url\":\"https:\\\/\\\/www.sebastien-auziere.fr\\\/blog\\\/\",\"logo\":{\"@type\":\"ImageObject\",\"inLanguage\":\"fr-FR\",\"@id\":\"https:\\\/\\\/www.sebastien-auziere.fr\\\/blog\\\/#\\\/schema\\\/logo\\\/image\\\/\",\"url\":\"https:\\\/\\\/www.sebastien-auziere.fr\\\/blog\\\/wp-content\\\/uploads\\\/2026\\\/03\\\/cropped-cropped-cropped-ChatGPT-Image-6-mars-2026-12_58_09-e1772798376794.jpg\",\"contentUrl\":\"https:\\\/\\\/www.sebastien-auziere.fr\\\/blog\\\/wp-content\\\/uploads\\\/2026\\\/03\\\/cropped-cropped-cropped-ChatGPT-Image-6-mars-2026-12_58_09-e1772798376794.jpg\",\"width\":512,\"height\":360,\"caption\":\"Fan site S\u00e9bastien Auzi\u00e8re\"},\"image\":{\"@id\":\"https:\\\/\\\/www.sebastien-auziere.fr\\\/blog\\\/#\\\/schema\\\/logo\\\/image\\\/\"}},{\"@type\":\"Person\",\"@id\":\"https:\\\/\\\/www.sebastien-auziere.fr\\\/blog\\\/#\\\/schema\\\/person\\\/149f1acdbfd85149c6c3e59adeae2f4d\",\"name\":\"Chloe Gauthier\",\"image\":{\"@type\":\"ImageObject\",\"inLanguage\":\"fr-FR\",\"@id\":\"https:\\\/\\\/secure.gravatar.com\\\/avatar\\\/2c5722f58171cff738a8985ef0dd66b476e563753246a49019befc837ec4201a?s=96&d=mm&r=g\",\"url\":\"https:\\\/\\\/secure.gravatar.com\\\/avatar\\\/2c5722f58171cff738a8985ef0dd66b476e563753246a49019befc837ec4201a?s=96&d=mm&r=g\",\"contentUrl\":\"https:\\\/\\\/secure.gravatar.com\\\/avatar\\\/2c5722f58171cff738a8985ef0dd66b476e563753246a49019befc837ec4201a?s=96&d=mm&r=g\",\"caption\":\"Chloe Gauthier\"},\"description\":\"Passionn\u00e9e par la politique et admiratrice engag\u00e9e de la famille Macron, je consacre mon \u00e9nergie \u00e0 suivre leurs initiatives et \u00e0 promouvoir leurs id\u00e9es. \u00c0 32 ans, je suis convaincue que leur vision est porteuse d'avenir.\",\"url\":\"https:\\\/\\\/www.sebastien-auziere.fr\\\/blog\\\/author\\\/chloe-gauthier\\\/\"}]}<\/script>\n<!-- \/ Yoast SEO plugin. -->","yoast_head_json":{"title":"\u00c0 73 ans, Brigitte Macron begeistert in einem pr\u00e4chtigen karminroten Kleid: Eleganz und Charme sind angesagt - Fan site S\u00e9bastien Auzi\u00e8re","description":"\u00c0 73 ans, Brigitte Macron rayonne dans une robe rouge carmin, alliant \u00e9l\u00e9gance et charme avec une allure \u00e9blouissante et sophistiqu\u00e9e.","robots":{"index":"index","follow":"follow","max-snippet":"max-snippet:-1","max-image-preview":"max-image-preview:large","max-video-preview":"max-video-preview:-1"},"canonical":"https:\/\/www.sebastien-auziere.fr\/blog\/de\/a-73-ans-brigitte-macron-begeistert-in-einem-prachtigen-karminroten-kleid-eleganz-und-charme-sind-angesagt\/","og_locale":"fr_FR","og_type":"article","og_title":"\u00c0 73 ans, Brigitte Macron begeistert in einem pr\u00e4chtigen karminroten Kleid: Eleganz und Charme sind angesagt - Fan site S\u00e9bastien Auzi\u00e8re","og_description":"\u00c0 73 ans, Brigitte Macron rayonne dans une robe rouge carmin, alliant \u00e9l\u00e9gance et charme avec une allure \u00e9blouissante et sophistiqu\u00e9e.","og_url":"https:\/\/www.sebastien-auziere.fr\/blog\/de\/a-73-ans-brigitte-macron-begeistert-in-einem-prachtigen-karminroten-kleid-eleganz-und-charme-sind-angesagt\/","og_site_name":"Fan site S\u00e9bastien Auzi\u00e8re","article_published_time":"2026-04-18T19:12:51+00:00","article_modified_time":"2026-04-18T19:13:17+00:00","og_image":[{"width":2560,"height":1429,"url":"https:\/\/www.sebastien-auziere.fr\/blog\/wp-content\/uploads\/2026\/04\/A-73-ans-Brigitte-Macron-eblouit-dans-une-somptueuse-robe-rouge-carmin-elegance-et-charme-au-rendez-vous.jpg","type":"image\/jpeg"}],"author":"Chloe Gauthier","twitter_card":"summary_large_image","twitter_misc":{"\u00c9crit par":"Chloe Gauthier","Dur\u00e9e de lecture estim\u00e9e":"2 minutes"},"schema":{"@context":"https:\/\/schema.org","@graph":[{"@type":"Article","@id":"https:\/\/www.sebastien-auziere.fr\/blog\/de\/a-73-ans-brigitte-macron-begeistert-in-einem-prachtigen-karminroten-kleid-eleganz-und-charme-sind-angesagt\/#article","isPartOf":{"@id":"https:\/\/www.sebastien-auziere.fr\/blog\/de\/a-73-ans-brigitte-macron-begeistert-in-einem-prachtigen-karminroten-kleid-eleganz-und-charme-sind-angesagt\/"},"author":{"name":"Chloe Gauthier","@id":"https:\/\/www.sebastien-auziere.fr\/blog\/#\/schema\/person\/149f1acdbfd85149c6c3e59adeae2f4d"},"headline":"\u00c0 73 ans, Brigitte Macron begeistert in einem pr\u00e4chtigen karminroten Kleid: Eleganz und Charme sind angesagt","datePublished":"2026-04-18T19:12:51+00:00","dateModified":"2026-04-18T19:13:17+00:00","mainEntityOfPage":{"@id":"https:\/\/www.sebastien-auziere.fr\/blog\/de\/a-73-ans-brigitte-macron-begeistert-in-einem-prachtigen-karminroten-kleid-eleganz-und-charme-sind-angesagt\/"},"wordCount":505,"commentCount":0,"publisher":{"@id":"https:\/\/www.sebastien-auziere.fr\/blog\/#organization"},"image":{"@id":"https:\/\/www.sebastien-auziere.fr\/blog\/de\/a-73-ans-brigitte-macron-begeistert-in-einem-prachtigen-karminroten-kleid-eleganz-und-charme-sind-angesagt\/#primaryimage"},"thumbnailUrl":"https:\/\/www.sebastien-auziere.fr\/blog\/wp-content\/uploads\/2026\/04\/A-73-ans-Brigitte-Macron-eblouit-dans-une-somptueuse-robe-rouge-carmin-elegance-et-charme-au-rendez-vous.jpg","keywords":["brigitte macron","charme","eleganz","mode senior","robe rot karmin"],"articleSection":["Aktuelles"],"inLanguage":"fr-FR","potentialAction":[{"@type":"CommentAction","name":"Comment","target":["https:\/\/www.sebastien-auziere.fr\/blog\/de\/a-73-ans-brigitte-macron-begeistert-in-einem-prachtigen-karminroten-kleid-eleganz-und-charme-sind-angesagt\/#respond"]}]},{"@type":"WebPage","@id":"https:\/\/www.sebastien-auziere.fr\/blog\/de\/a-73-ans-brigitte-macron-begeistert-in-einem-prachtigen-karminroten-kleid-eleganz-und-charme-sind-angesagt\/","url":"https:\/\/www.sebastien-auziere.fr\/blog\/de\/a-73-ans-brigitte-macron-begeistert-in-einem-prachtigen-karminroten-kleid-eleganz-und-charme-sind-angesagt\/","name":"\u00c0 73 ans, Brigitte Macron begeistert in einem pr\u00e4chtigen karminroten Kleid: Eleganz und Charme sind angesagt - Fan site S\u00e9bastien Auzi\u00e8re","isPartOf":{"@id":"https:\/\/www.sebastien-auziere.fr\/blog\/#website"},"primaryImageOfPage":{"@id":"https:\/\/www.sebastien-auziere.fr\/blog\/de\/a-73-ans-brigitte-macron-begeistert-in-einem-prachtigen-karminroten-kleid-eleganz-und-charme-sind-angesagt\/#primaryimage"},"image":{"@id":"https:\/\/www.sebastien-auziere.fr\/blog\/de\/a-73-ans-brigitte-macron-begeistert-in-einem-prachtigen-karminroten-kleid-eleganz-und-charme-sind-angesagt\/#primaryimage"},"thumbnailUrl":"https:\/\/www.sebastien-auziere.fr\/blog\/wp-content\/uploads\/2026\/04\/A-73-ans-Brigitte-Macron-eblouit-dans-une-somptueuse-robe-rouge-carmin-elegance-et-charme-au-rendez-vous.jpg","datePublished":"2026-04-18T19:12:51+00:00","dateModified":"2026-04-18T19:13:17+00:00","description":"\u00c0 73 ans, Brigitte Macron rayonne dans une robe rouge carmin, alliant \u00e9l\u00e9gance et charme avec une allure \u00e9blouissante et sophistiqu\u00e9e.","breadcrumb":{"@id":"https:\/\/www.sebastien-auziere.fr\/blog\/de\/a-73-ans-brigitte-macron-begeistert-in-einem-prachtigen-karminroten-kleid-eleganz-und-charme-sind-angesagt\/#breadcrumb"},"inLanguage":"fr-FR","potentialAction":[{"@type":"ReadAction","target":["https:\/\/www.sebastien-auziere.fr\/blog\/de\/a-73-ans-brigitte-macron-begeistert-in-einem-prachtigen-karminroten-kleid-eleganz-und-charme-sind-angesagt\/"]}]},{"@type":"ImageObject","inLanguage":"fr-FR","@id":"https:\/\/www.sebastien-auziere.fr\/blog\/de\/a-73-ans-brigitte-macron-begeistert-in-einem-prachtigen-karminroten-kleid-eleganz-und-charme-sind-angesagt\/#primaryimage","url":"https:\/\/www.sebastien-auziere.fr\/blog\/wp-content\/uploads\/2026\/04\/A-73-ans-Brigitte-Macron-eblouit-dans-une-somptueuse-robe-rouge-carmin-elegance-et-charme-au-rendez-vous.jpg","contentUrl":"https:\/\/www.sebastien-auziere.fr\/blog\/wp-content\/uploads\/2026\/04\/A-73-ans-Brigitte-Macron-eblouit-dans-une-somptueuse-robe-rouge-carmin-elegance-et-charme-au-rendez-vous.jpg","width":2560,"height":1429,"caption":"\u00e0 73 ans, brigitte macron rayonne de beaut\u00e9 et d'\u00e9l\u00e9gance dans une somptueuse robe rouge carmin, captivant tous les regards par son charme et son style impeccable."},{"@type":"BreadcrumbList","@id":"https:\/\/www.sebastien-auziere.fr\/blog\/de\/a-73-ans-brigitte-macron-begeistert-in-einem-prachtigen-karminroten-kleid-eleganz-und-charme-sind-angesagt\/#breadcrumb","itemListElement":[{"@type":"ListItem","position":1,"name":"Home","item":"https:\/\/www.sebastien-auziere.fr\/blog\/"},{"@type":"ListItem","position":2,"name":"\u00c0 73 ans, Brigitte Macron begeistert in einem pr\u00e4chtigen karminroten Kleid: Eleganz und Charme sind angesagt"}]},{"@type":"WebSite","@id":"https:\/\/www.sebastien-auziere.fr\/blog\/#website","url":"https:\/\/www.sebastien-auziere.fr\/blog\/","name":"Fan site S\u00e9bastien Auzi\u00e8re","description":"M\u00e9dia g\u00e9n\u00e9raliste","publisher":{"@id":"https:\/\/www.sebastien-auziere.fr\/blog\/#organization"},"potentialAction":[{"@type":"SearchAction","target":{"@type":"EntryPoint","urlTemplate":"https:\/\/www.sebastien-auziere.fr\/blog\/?s={search_term_string}"},"query-input":{"@type":"PropertyValueSpecification","valueRequired":true,"valueName":"search_term_string"}}],"inLanguage":"fr-FR"},{"@type":"Organization","@id":"https:\/\/www.sebastien-auziere.fr\/blog\/#organization","name":"Fan site S\u00e9bastien Auzi\u00e8re","url":"https:\/\/www.sebastien-auziere.fr\/blog\/","logo":{"@type":"ImageObject","inLanguage":"fr-FR","@id":"https:\/\/www.sebastien-auziere.fr\/blog\/#\/schema\/logo\/image\/","url":"https:\/\/www.sebastien-auziere.fr\/blog\/wp-content\/uploads\/2026\/03\/cropped-cropped-cropped-ChatGPT-Image-6-mars-2026-12_58_09-e1772798376794.jpg","contentUrl":"https:\/\/www.sebastien-auziere.fr\/blog\/wp-content\/uploads\/2026\/03\/cropped-cropped-cropped-ChatGPT-Image-6-mars-2026-12_58_09-e1772798376794.jpg","width":512,"height":360,"caption":"Fan site S\u00e9bastien Auzi\u00e8re"},"image":{"@id":"https:\/\/www.sebastien-auziere.fr\/blog\/#\/schema\/logo\/image\/"}},{"@type":"Person","@id":"https:\/\/www.sebastien-auziere.fr\/blog\/#\/schema\/person\/149f1acdbfd85149c6c3e59adeae2f4d","name":"Chloe Gauthier","image":{"@type":"ImageObject","inLanguage":"fr-FR","@id":"https:\/\/secure.gravatar.com\/avatar\/2c5722f58171cff738a8985ef0dd66b476e563753246a49019befc837ec4201a?s=96&d=mm&r=g","url":"https:\/\/secure.gravatar.com\/avatar\/2c5722f58171cff738a8985ef0dd66b476e563753246a49019befc837ec4201a?s=96&d=mm&r=g","contentUrl":"https:\/\/secure.gravatar.com\/avatar\/2c5722f58171cff738a8985ef0dd66b476e563753246a49019befc837ec4201a?s=96&d=mm&r=g","caption":"Chloe Gauthier"},"description":"Passionn\u00e9e par la politique et admiratrice engag\u00e9e de la famille Macron, je consacre mon \u00e9nergie \u00e0 suivre leurs initiatives et \u00e0 promouvoir leurs id\u00e9es. \u00c0 32 ans, je suis convaincue que leur vision est porteuse d'avenir.","url":"https:\/\/www.sebastien-auziere.fr\/blog\/author\/chloe-gauthier\/"}]}},"views":0,"_links":{"self":[{"href":"https:\/\/www.sebastien-auziere.fr\/blog\/wp-json\/wp\/v2\/posts\/3136","targetHints":{"allow":["GET"]}}],"collection":[{"href":"https:\/\/www.sebastien-auziere.fr\/blog\/wp-json\/wp\/v2\/posts"}],"about":[{"href":"https:\/\/www.sebastien-auziere.fr\/blog\/wp-json\/wp\/v2\/types\/post"}],"author":[{"embeddable":true,"href":"https:\/\/www.sebastien-auziere.fr\/blog\/wp-json\/wp\/v2\/users\/9"}],"replies":[{"embeddable":true,"href":"https:\/\/www.sebastien-auziere.fr\/blog\/wp-json\/wp\/v2\/comments?post=3136"}],"version-history":[{"count":1,"href":"https:\/\/www.sebastien-auziere.fr\/blog\/wp-json\/wp\/v2\/posts\/3136\/revisions"}],"predecessor-version":[{"id":3137,"href":"https:\/\/www.sebastien-auziere.fr\/blog\/wp-json\/wp\/v2\/posts\/3136\/revisions\/3137"}],"wp:featuredmedia":[{"embeddable":true,"href":"https:\/\/www.sebastien-auziere.fr\/blog\/wp-json\/wp\/v2\/media\/3130"}],"wp:attachment":[{"href":"https:\/\/www.sebastien-auziere.fr\/blog\/wp-json\/wp\/v2\/media?parent=3136"}],"wp:term":[{"taxonomy":"category","embeddable":true,"href":"https:\/\/www.sebastien-auziere.fr\/blog\/wp-json\/wp\/v2\/categories?post=3136"},{"taxonomy":"post_tag","embeddable":true,"href":"https:\/\/www.sebastien-auziere.fr\/blog\/wp-json\/wp\/v2\/tags?post=3136"}],"curies":[{"name":"wp","href":"https:\/\/api.w.org\/{rel}","templated":true}]}}