{"id":3134,"date":"2026-04-18T19:11:42","date_gmt":"2026-04-18T19:11:42","guid":{"rendered":"https:\/\/www.sebastien-auziere.fr\/blog\/?p=3134"},"modified":"2026-04-18T19:12:12","modified_gmt":"2026-04-18T19:12:12","slug":"a-73-ans-brigitte-macron-deslumbra-en-un-lujoso-vestido-rojo-carmin-elegancia-y-encanto-a-la-vista","status":"publish","type":"post","link":"https:\/\/www.sebastien-auziere.fr\/blog\/es\/a-73-ans-brigitte-macron-deslumbra-en-un-lujoso-vestido-rojo-carmin-elegancia-y-encanto-a-la-vista\/","title":{"rendered":"\u00c0 73 ans, Brigitte Macron deslumbra en un lujoso vestido rojo carm\u00edn: elegancia y encanto a la vista"},"content":{"rendered":"<p><strong>Brigitte Macron<\/strong>, a <strong>73 a\u00f1os<\/strong>, ilumin\u00f3 el umbral del El\u00edseo este 15 de abril con un <strong>vestido rojo carmes\u00ed<\/strong> que inmediatamente capt\u00f3 todas las miradas. El brillo de este <strong>suntuoso vestido<\/strong> y la complicidad visible entre las dos Primeras Damas hicieron de esta <strong>aparici\u00f3n p\u00fablica<\/strong> un momento destacado de la cena de Estado con Mauritania.<\/p>\n\n<p><strong>En resumen:<\/strong> el 15 de abril, recepci\u00f3n oficial con Mohamed Ould El-Ghazaouani; <strong>Brigitte Macron<\/strong> lleva un <strong>vestido rojo carmes\u00ed<\/strong> largo; joyas Louis Vuitton Flower Comet y un bolso Balmain reconocidos; rutina deportiva y requisitos alimenticios confirmados por fuentes cercanas a las cocinas del El\u00edseo.<\/p>\n\n<h2 class=\"wp-block-heading\">Un atuendo que cumple sus promesas: vestido rojo carmes\u00ed y accesorios<\/h2>\n\n<p>En las escaleras, el <strong>atuendo elegante<\/strong> de <strong>Brigitte Macron<\/strong> respet\u00f3 la sobriedad protocolar mientras afirmaba un <strong>estilo<\/strong> decidido. El largo vestido, cubriente y ajustado, estaba acentuado por un collar Flower Comet de Louis Vuitton y una pulsera a juego. El bolso Balmain reemplaz\u00f3 a los habituales Lady Dior o Capucine, subrayando una elecci\u00f3n de <strong>moda<\/strong> pensada y moderna. Para saber m\u00e1s sobre el vestido, consulta este art\u00edculo dedicado: <a href=\"https:\/\/www.closermag.fr\/politique\/brigitte-macron-a-73-ans-la-premiere-dame-resplendissante-dans-une-longue-robe-rouge-carmin-une-nouveaute-interpelle-3630688\" rel=\"nofollow\">closer<\/a>.<\/p>\n\n<h2 class=\"wp-block-heading\">Una cena de Estado cargada de s\u00edmbolos y reencuentros<\/h2>\n\n<p>El 15 de abril, Emmanuel Macron subray\u00f3 el papel de Mauritania en la regi\u00f3n saheliana durante la cena de Estado donde se recibi\u00f3 al presidente Mohamed Ould El-Ghazaouani y su esposa. La Primera Dama francesa se reencontr\u00f3 con su hom\u00f3loga mauritana cinco a\u00f1os despu\u00e9s de su primer encuentro, un momento cargado de emoci\u00f3n en la alfombra roja. El protocolo y el intercambio diplom\u00e1tico acompa\u00f1aron esta <strong>aparici\u00f3n p\u00fablica<\/strong> destacada, como relatan varios reportajes y informes oficiales. Ver el reportaje de moda y protocolo: <a href=\"https:\/\/madame.lefigaro.fr\/style\/news\/brigitte-macron-en-robe-rouge-et-chignon-dore-pour-le-diner-d-etat-mauritanien-20260416\" rel=\"nofollow\">Madame Figaro<\/a>.<\/p>\n\n<h2 class=\"wp-block-heading\">Las joyas y la <strong>moda<\/strong>: detalles que hacen la diferencia<\/h2>\n\n<p>Aquel noche, la atenci\u00f3n se centr\u00f3 en un collar in\u00e9dito de la casa Louis Vuitton, adornado con dos flores Monogram y strass, y en una pulsera a juego. Estas elecciones de accesorios le dieron al <strong>suntuoso vestido<\/strong> un toque contempor\u00e1neo sin ser excesivo. El bolso Balmain, discreto pero elegante, confirm\u00f3 un sentido del detalle trabajado para un ambiente republicano. Para un enfoque en estas piezas y su impacto estil\u00edstico, consulta el an\u00e1lisis de moda disponible en l\u00ednea: <a href=\"https:\/\/www.femmeactuelle.fr\/mode\/news-mode\/brigitte-macron-mise-sur-une-robe-en-dentelle-noire-pour-un-diner-d-etat-avec-cristina-cordula-dans-une-somptueuse-robe-rouge-2194054\" rel=\"nofollow\">Femme Actuelle<\/a>.<\/p>\n\n<h2 class=\"wp-block-heading\">Forma, rutina y secretos de una apariencia a los 73 a\u00f1os<\/h2>\n\n<p>La silueta cuidada observada durante esta salida se inscribe en una disciplina diaria: una hora de ejercicio entre bicicleta est\u00e1tica y entrenamiento de fuerza, sin entrenador, y una alimentaci\u00f3n estricta. El ex-jefe de las cocinas presidenciales confirm\u00f3 la exigencia de servir <strong>diez<\/strong> frutas y verduras al d\u00eda, priorizando productos locales y hierbas del jard\u00edn del El\u00edseo. Estos h\u00e1bitos explican en parte la <strong>elegancia<\/strong> y el <strong>encanto<\/strong> visibles en cada <strong>aparici\u00f3n p\u00fablica<\/strong>. Para un retrato m\u00e1s completo, descubre este an\u00e1lisis: <a href=\"https:\/\/www.gala.fr\/beaute\/beaute_de_star\/brigitte-macron-velo-musculation-vitamine-c-les-secrets-beaute-qui-la-font-rayonner-a-73-ans-20260413\" rel=\"nofollow\">Gala<\/a> y el dossier dedicado en el sitio sobre la familia: <a href=\"https:\/\/www.sebastien-auziere.fr\/blog\/brigitte-macron-73-ans\/\" rel=\"nofollow\">retrato 73 a\u00f1os<\/a>.<\/p>\n\n<p>\u00bfQuieres saber m\u00e1s sobre los entresijos, la <strong>moda<\/strong> y el c\u00edrculo cercano de la familia Macron? Descubre m\u00e1s an\u00e1lisis y fotos en el sitio dedicado a S\u00e9bastien Auzi\u00e8re y los Macron: <a href=\"https:\/\/www.sebastien-auziere.fr\/blog\/brigitte-macron-robe-rouge\/\" rel=\"nofollow\">brigitte-macron-robe-rouge<\/a> y <a href=\"https:\/\/www.sebastien-auziere.fr\/blog\/brigitte-macron-robe-elegante\/\" rel=\"nofollow\">dossier atuendo elegante<\/a>.<\/p>","protected":false},"excerpt":{"rendered":"<p>Brigitte Macron, a 73 a\u00f1os, ilumin\u00f3 el umbral del El\u00edseo este 15 de abril con un vestido rojo carmes\u00ed que inmediatamente capt\u00f3 todas las miradas. El brillo de este suntuoso vestido y la complicidad visible entre las dos Primeras Damas hicieron de esta aparici\u00f3n p\u00fablica un momento destacado de la cena de Estado con Mauritania. &#8230; <a title=\"\u00c0 73 ans, Brigitte Macron deslumbra en un lujoso vestido rojo carm\u00edn: elegancia y encanto a la vista\" class=\"read-more\" href=\"https:\/\/www.sebastien-auziere.fr\/blog\/es\/a-73-ans-brigitte-macron-deslumbra-en-un-lujoso-vestido-rojo-carmin-elegancia-y-encanto-a-la-vista\/\" aria-label=\"En savoir plus sur \u00c0 73 ans, Brigitte Macron deslumbra en un lujoso vestido rojo carm\u00edn: elegancia y encanto a la vista\">Lire plus<\/a><\/p>\n","protected":false},"author":9,"featured_media":3130,"comment_status":"open","ping_status":"open","sticky":false,"template":"","format":"standard","meta":{"footnotes":""},"categories":[820],"tags":[914,1581,3424,3427,3430],"class_list":["post-3134","post","type-post","status-publish","format-standard","has-post-thumbnail","hentry","category-actualidades-es","tag-brigitte-macron-es","tag-elegancia-es","tag-encanto-es","tag-modo-senior-es","tag-robe-roja-carmesi-es"],"yoast_head":"<!-- This site is optimized with the Yoast SEO plugin v27.5 - https:\/\/yoast.com\/product\/yoast-seo-wordpress\/ -->\n<title>\u00c0 73 ans, Brigitte Macron deslumbra en un lujoso vestido rojo carm\u00edn: elegancia y encanto a la vista - Fan site S\u00e9bastien Auzi\u00e8re<\/title>\n<meta name=\"description\" content=\"\u00c0 73 ans, Brigitte Macron rayonne dans une robe rouge carmin, alliant \u00e9l\u00e9gance et charme avec une allure \u00e9blouissante et sophistiqu\u00e9e.\" \/>\n<meta name=\"robots\" content=\"index, follow, max-snippet:-1, max-image-preview:large, max-video-preview:-1\" \/>\n<link rel=\"canonical\" href=\"https:\/\/www.sebastien-auziere.fr\/blog\/es\/a-73-ans-brigitte-macron-deslumbra-en-un-lujoso-vestido-rojo-carmin-elegancia-y-encanto-a-la-vista\/\" \/>\n<meta property=\"og:locale\" content=\"fr_FR\" \/>\n<meta property=\"og:type\" content=\"article\" \/>\n<meta property=\"og:title\" content=\"\u00c0 73 ans, Brigitte Macron deslumbra en un lujoso vestido rojo carm\u00edn: elegancia y encanto a la vista - Fan site S\u00e9bastien Auzi\u00e8re\" \/>\n<meta property=\"og:description\" content=\"\u00c0 73 ans, Brigitte Macron rayonne dans une robe rouge carmin, alliant \u00e9l\u00e9gance et charme avec une allure \u00e9blouissante et sophistiqu\u00e9e.\" \/>\n<meta property=\"og:url\" content=\"https:\/\/www.sebastien-auziere.fr\/blog\/es\/a-73-ans-brigitte-macron-deslumbra-en-un-lujoso-vestido-rojo-carmin-elegancia-y-encanto-a-la-vista\/\" \/>\n<meta property=\"og:site_name\" content=\"Fan site S\u00e9bastien Auzi\u00e8re\" \/>\n<meta property=\"article:published_time\" content=\"2026-04-18T19:11:42+00:00\" \/>\n<meta property=\"article:modified_time\" content=\"2026-04-18T19:12:12+00:00\" \/>\n<meta property=\"og:image\" content=\"https:\/\/www.sebastien-auziere.fr\/blog\/wp-content\/uploads\/2026\/04\/A-73-ans-Brigitte-Macron-eblouit-dans-une-somptueuse-robe-rouge-carmin-elegance-et-charme-au-rendez-vous.jpg\" \/>\n\t<meta property=\"og:image:width\" content=\"2560\" \/>\n\t<meta property=\"og:image:height\" content=\"1429\" \/>\n\t<meta property=\"og:image:type\" content=\"image\/jpeg\" \/>\n<meta name=\"author\" content=\"Chloe Gauthier\" \/>\n<meta name=\"twitter:card\" content=\"summary_large_image\" \/>\n<meta name=\"twitter:label1\" content=\"\u00c9crit par\" \/>\n\t<meta name=\"twitter:data1\" content=\"Chloe Gauthier\" \/>\n\t<meta name=\"twitter:label2\" content=\"Dur\u00e9e de lecture estim\u00e9e\" \/>\n\t<meta name=\"twitter:data2\" content=\"3 minutes\" \/>\n<script type=\"application\/ld+json\" class=\"yoast-schema-graph\">{\"@context\":\"https:\\\/\\\/schema.org\",\"@graph\":[{\"@type\":\"Article\",\"@id\":\"https:\\\/\\\/www.sebastien-auziere.fr\\\/blog\\\/es\\\/a-73-ans-brigitte-macron-deslumbra-en-un-lujoso-vestido-rojo-carmin-elegancia-y-encanto-a-la-vista\\\/#article\",\"isPartOf\":{\"@id\":\"https:\\\/\\\/www.sebastien-auziere.fr\\\/blog\\\/es\\\/a-73-ans-brigitte-macron-deslumbra-en-un-lujoso-vestido-rojo-carmin-elegancia-y-encanto-a-la-vista\\\/\"},\"author\":{\"name\":\"Chloe Gauthier\",\"@id\":\"https:\\\/\\\/www.sebastien-auziere.fr\\\/blog\\\/#\\\/schema\\\/person\\\/149f1acdbfd85149c6c3e59adeae2f4d\"},\"headline\":\"\u00c0 73 ans, Brigitte Macron deslumbra en un lujoso vestido rojo carm\u00edn: elegancia y encanto a la vista\",\"datePublished\":\"2026-04-18T19:11:42+00:00\",\"dateModified\":\"2026-04-18T19:12:12+00:00\",\"mainEntityOfPage\":{\"@id\":\"https:\\\/\\\/www.sebastien-auziere.fr\\\/blog\\\/es\\\/a-73-ans-brigitte-macron-deslumbra-en-un-lujoso-vestido-rojo-carmin-elegancia-y-encanto-a-la-vista\\\/\"},\"wordCount\":555,\"commentCount\":0,\"publisher\":{\"@id\":\"https:\\\/\\\/www.sebastien-auziere.fr\\\/blog\\\/#organization\"},\"image\":{\"@id\":\"https:\\\/\\\/www.sebastien-auziere.fr\\\/blog\\\/es\\\/a-73-ans-brigitte-macron-deslumbra-en-un-lujoso-vestido-rojo-carmin-elegancia-y-encanto-a-la-vista\\\/#primaryimage\"},\"thumbnailUrl\":\"https:\\\/\\\/www.sebastien-auziere.fr\\\/blog\\\/wp-content\\\/uploads\\\/2026\\\/04\\\/A-73-ans-Brigitte-Macron-eblouit-dans-une-somptueuse-robe-rouge-carmin-elegance-et-charme-au-rendez-vous.jpg\",\"keywords\":[\"brigitte macron\",\"elegancia\",\"encanto\",\"modo senior\",\"robe roja carmes\u00ed\"],\"articleSection\":[\"Actualidades\"],\"inLanguage\":\"fr-FR\",\"potentialAction\":[{\"@type\":\"CommentAction\",\"name\":\"Comment\",\"target\":[\"https:\\\/\\\/www.sebastien-auziere.fr\\\/blog\\\/es\\\/a-73-ans-brigitte-macron-deslumbra-en-un-lujoso-vestido-rojo-carmin-elegancia-y-encanto-a-la-vista\\\/#respond\"]}]},{\"@type\":\"WebPage\",\"@id\":\"https:\\\/\\\/www.sebastien-auziere.fr\\\/blog\\\/es\\\/a-73-ans-brigitte-macron-deslumbra-en-un-lujoso-vestido-rojo-carmin-elegancia-y-encanto-a-la-vista\\\/\",\"url\":\"https:\\\/\\\/www.sebastien-auziere.fr\\\/blog\\\/es\\\/a-73-ans-brigitte-macron-deslumbra-en-un-lujoso-vestido-rojo-carmin-elegancia-y-encanto-a-la-vista\\\/\",\"name\":\"\u00c0 73 ans, Brigitte Macron deslumbra en un lujoso vestido rojo carm\u00edn: elegancia y encanto a la vista - Fan site S\u00e9bastien Auzi\u00e8re\",\"isPartOf\":{\"@id\":\"https:\\\/\\\/www.sebastien-auziere.fr\\\/blog\\\/#website\"},\"primaryImageOfPage\":{\"@id\":\"https:\\\/\\\/www.sebastien-auziere.fr\\\/blog\\\/es\\\/a-73-ans-brigitte-macron-deslumbra-en-un-lujoso-vestido-rojo-carmin-elegancia-y-encanto-a-la-vista\\\/#primaryimage\"},\"image\":{\"@id\":\"https:\\\/\\\/www.sebastien-auziere.fr\\\/blog\\\/es\\\/a-73-ans-brigitte-macron-deslumbra-en-un-lujoso-vestido-rojo-carmin-elegancia-y-encanto-a-la-vista\\\/#primaryimage\"},\"thumbnailUrl\":\"https:\\\/\\\/www.sebastien-auziere.fr\\\/blog\\\/wp-content\\\/uploads\\\/2026\\\/04\\\/A-73-ans-Brigitte-Macron-eblouit-dans-une-somptueuse-robe-rouge-carmin-elegance-et-charme-au-rendez-vous.jpg\",\"datePublished\":\"2026-04-18T19:11:42+00:00\",\"dateModified\":\"2026-04-18T19:12:12+00:00\",\"description\":\"\u00c0 73 ans, Brigitte Macron rayonne dans une robe rouge carmin, alliant \u00e9l\u00e9gance et charme avec une allure \u00e9blouissante et sophistiqu\u00e9e.\",\"breadcrumb\":{\"@id\":\"https:\\\/\\\/www.sebastien-auziere.fr\\\/blog\\\/es\\\/a-73-ans-brigitte-macron-deslumbra-en-un-lujoso-vestido-rojo-carmin-elegancia-y-encanto-a-la-vista\\\/#breadcrumb\"},\"inLanguage\":\"fr-FR\",\"potentialAction\":[{\"@type\":\"ReadAction\",\"target\":[\"https:\\\/\\\/www.sebastien-auziere.fr\\\/blog\\\/es\\\/a-73-ans-brigitte-macron-deslumbra-en-un-lujoso-vestido-rojo-carmin-elegancia-y-encanto-a-la-vista\\\/\"]}]},{\"@type\":\"ImageObject\",\"inLanguage\":\"fr-FR\",\"@id\":\"https:\\\/\\\/www.sebastien-auziere.fr\\\/blog\\\/es\\\/a-73-ans-brigitte-macron-deslumbra-en-un-lujoso-vestido-rojo-carmin-elegancia-y-encanto-a-la-vista\\\/#primaryimage\",\"url\":\"https:\\\/\\\/www.sebastien-auziere.fr\\\/blog\\\/wp-content\\\/uploads\\\/2026\\\/04\\\/A-73-ans-Brigitte-Macron-eblouit-dans-une-somptueuse-robe-rouge-carmin-elegance-et-charme-au-rendez-vous.jpg\",\"contentUrl\":\"https:\\\/\\\/www.sebastien-auziere.fr\\\/blog\\\/wp-content\\\/uploads\\\/2026\\\/04\\\/A-73-ans-Brigitte-Macron-eblouit-dans-une-somptueuse-robe-rouge-carmin-elegance-et-charme-au-rendez-vous.jpg\",\"width\":2560,\"height\":1429,\"caption\":\"\u00e0 73 ans, brigitte macron rayonne de beaut\u00e9 et d'\u00e9l\u00e9gance dans une somptueuse robe rouge carmin, captivant tous les regards par son charme et son style impeccable.\"},{\"@type\":\"BreadcrumbList\",\"@id\":\"https:\\\/\\\/www.sebastien-auziere.fr\\\/blog\\\/es\\\/a-73-ans-brigitte-macron-deslumbra-en-un-lujoso-vestido-rojo-carmin-elegancia-y-encanto-a-la-vista\\\/#breadcrumb\",\"itemListElement\":[{\"@type\":\"ListItem\",\"position\":1,\"name\":\"Home\",\"item\":\"https:\\\/\\\/www.sebastien-auziere.fr\\\/blog\\\/\"},{\"@type\":\"ListItem\",\"position\":2,\"name\":\"\u00c0 73 ans, Brigitte Macron deslumbra en un lujoso vestido rojo carm\u00edn: elegancia y encanto a la vista\"}]},{\"@type\":\"WebSite\",\"@id\":\"https:\\\/\\\/www.sebastien-auziere.fr\\\/blog\\\/#website\",\"url\":\"https:\\\/\\\/www.sebastien-auziere.fr\\\/blog\\\/\",\"name\":\"Fan site S\u00e9bastien Auzi\u00e8re\",\"description\":\"M\u00e9dia g\u00e9n\u00e9raliste\",\"publisher\":{\"@id\":\"https:\\\/\\\/www.sebastien-auziere.fr\\\/blog\\\/#organization\"},\"potentialAction\":[{\"@type\":\"SearchAction\",\"target\":{\"@type\":\"EntryPoint\",\"urlTemplate\":\"https:\\\/\\\/www.sebastien-auziere.fr\\\/blog\\\/?s={search_term_string}\"},\"query-input\":{\"@type\":\"PropertyValueSpecification\",\"valueRequired\":true,\"valueName\":\"search_term_string\"}}],\"inLanguage\":\"fr-FR\"},{\"@type\":\"Organization\",\"@id\":\"https:\\\/\\\/www.sebastien-auziere.fr\\\/blog\\\/#organization\",\"name\":\"Fan site S\u00e9bastien Auzi\u00e8re\",\"url\":\"https:\\\/\\\/www.sebastien-auziere.fr\\\/blog\\\/\",\"logo\":{\"@type\":\"ImageObject\",\"inLanguage\":\"fr-FR\",\"@id\":\"https:\\\/\\\/www.sebastien-auziere.fr\\\/blog\\\/#\\\/schema\\\/logo\\\/image\\\/\",\"url\":\"https:\\\/\\\/www.sebastien-auziere.fr\\\/blog\\\/wp-content\\\/uploads\\\/2026\\\/03\\\/cropped-cropped-cropped-ChatGPT-Image-6-mars-2026-12_58_09-e1772798376794.jpg\",\"contentUrl\":\"https:\\\/\\\/www.sebastien-auziere.fr\\\/blog\\\/wp-content\\\/uploads\\\/2026\\\/03\\\/cropped-cropped-cropped-ChatGPT-Image-6-mars-2026-12_58_09-e1772798376794.jpg\",\"width\":512,\"height\":360,\"caption\":\"Fan site S\u00e9bastien Auzi\u00e8re\"},\"image\":{\"@id\":\"https:\\\/\\\/www.sebastien-auziere.fr\\\/blog\\\/#\\\/schema\\\/logo\\\/image\\\/\"}},{\"@type\":\"Person\",\"@id\":\"https:\\\/\\\/www.sebastien-auziere.fr\\\/blog\\\/#\\\/schema\\\/person\\\/149f1acdbfd85149c6c3e59adeae2f4d\",\"name\":\"Chloe Gauthier\",\"image\":{\"@type\":\"ImageObject\",\"inLanguage\":\"fr-FR\",\"@id\":\"https:\\\/\\\/secure.gravatar.com\\\/avatar\\\/2c5722f58171cff738a8985ef0dd66b476e563753246a49019befc837ec4201a?s=96&d=mm&r=g\",\"url\":\"https:\\\/\\\/secure.gravatar.com\\\/avatar\\\/2c5722f58171cff738a8985ef0dd66b476e563753246a49019befc837ec4201a?s=96&d=mm&r=g\",\"contentUrl\":\"https:\\\/\\\/secure.gravatar.com\\\/avatar\\\/2c5722f58171cff738a8985ef0dd66b476e563753246a49019befc837ec4201a?s=96&d=mm&r=g\",\"caption\":\"Chloe Gauthier\"},\"description\":\"Passionn\u00e9e par la politique et admiratrice engag\u00e9e de la famille Macron, je consacre mon \u00e9nergie \u00e0 suivre leurs initiatives et \u00e0 promouvoir leurs id\u00e9es. \u00c0 32 ans, je suis convaincue que leur vision est porteuse d'avenir.\",\"url\":\"https:\\\/\\\/www.sebastien-auziere.fr\\\/blog\\\/author\\\/chloe-gauthier\\\/\"}]}<\/script>\n<!-- \/ Yoast SEO plugin. -->","yoast_head_json":{"title":"\u00c0 73 ans, Brigitte Macron deslumbra en un lujoso vestido rojo carm\u00edn: elegancia y encanto a la vista - Fan site S\u00e9bastien Auzi\u00e8re","description":"\u00c0 73 ans, Brigitte Macron rayonne dans une robe rouge carmin, alliant \u00e9l\u00e9gance et charme avec une allure \u00e9blouissante et sophistiqu\u00e9e.","robots":{"index":"index","follow":"follow","max-snippet":"max-snippet:-1","max-image-preview":"max-image-preview:large","max-video-preview":"max-video-preview:-1"},"canonical":"https:\/\/www.sebastien-auziere.fr\/blog\/es\/a-73-ans-brigitte-macron-deslumbra-en-un-lujoso-vestido-rojo-carmin-elegancia-y-encanto-a-la-vista\/","og_locale":"fr_FR","og_type":"article","og_title":"\u00c0 73 ans, Brigitte Macron deslumbra en un lujoso vestido rojo carm\u00edn: elegancia y encanto a la vista - Fan site S\u00e9bastien Auzi\u00e8re","og_description":"\u00c0 73 ans, Brigitte Macron rayonne dans une robe rouge carmin, alliant \u00e9l\u00e9gance et charme avec une allure \u00e9blouissante et sophistiqu\u00e9e.","og_url":"https:\/\/www.sebastien-auziere.fr\/blog\/es\/a-73-ans-brigitte-macron-deslumbra-en-un-lujoso-vestido-rojo-carmin-elegancia-y-encanto-a-la-vista\/","og_site_name":"Fan site S\u00e9bastien Auzi\u00e8re","article_published_time":"2026-04-18T19:11:42+00:00","article_modified_time":"2026-04-18T19:12:12+00:00","og_image":[{"width":2560,"height":1429,"url":"https:\/\/www.sebastien-auziere.fr\/blog\/wp-content\/uploads\/2026\/04\/A-73-ans-Brigitte-Macron-eblouit-dans-une-somptueuse-robe-rouge-carmin-elegance-et-charme-au-rendez-vous.jpg","type":"image\/jpeg"}],"author":"Chloe Gauthier","twitter_card":"summary_large_image","twitter_misc":{"\u00c9crit par":"Chloe Gauthier","Dur\u00e9e de lecture estim\u00e9e":"3 minutes"},"schema":{"@context":"https:\/\/schema.org","@graph":[{"@type":"Article","@id":"https:\/\/www.sebastien-auziere.fr\/blog\/es\/a-73-ans-brigitte-macron-deslumbra-en-un-lujoso-vestido-rojo-carmin-elegancia-y-encanto-a-la-vista\/#article","isPartOf":{"@id":"https:\/\/www.sebastien-auziere.fr\/blog\/es\/a-73-ans-brigitte-macron-deslumbra-en-un-lujoso-vestido-rojo-carmin-elegancia-y-encanto-a-la-vista\/"},"author":{"name":"Chloe Gauthier","@id":"https:\/\/www.sebastien-auziere.fr\/blog\/#\/schema\/person\/149f1acdbfd85149c6c3e59adeae2f4d"},"headline":"\u00c0 73 ans, Brigitte Macron deslumbra en un lujoso vestido rojo carm\u00edn: elegancia y encanto a la vista","datePublished":"2026-04-18T19:11:42+00:00","dateModified":"2026-04-18T19:12:12+00:00","mainEntityOfPage":{"@id":"https:\/\/www.sebastien-auziere.fr\/blog\/es\/a-73-ans-brigitte-macron-deslumbra-en-un-lujoso-vestido-rojo-carmin-elegancia-y-encanto-a-la-vista\/"},"wordCount":555,"commentCount":0,"publisher":{"@id":"https:\/\/www.sebastien-auziere.fr\/blog\/#organization"},"image":{"@id":"https:\/\/www.sebastien-auziere.fr\/blog\/es\/a-73-ans-brigitte-macron-deslumbra-en-un-lujoso-vestido-rojo-carmin-elegancia-y-encanto-a-la-vista\/#primaryimage"},"thumbnailUrl":"https:\/\/www.sebastien-auziere.fr\/blog\/wp-content\/uploads\/2026\/04\/A-73-ans-Brigitte-Macron-eblouit-dans-une-somptueuse-robe-rouge-carmin-elegance-et-charme-au-rendez-vous.jpg","keywords":["brigitte macron","elegancia","encanto","modo senior","robe roja carmes\u00ed"],"articleSection":["Actualidades"],"inLanguage":"fr-FR","potentialAction":[{"@type":"CommentAction","name":"Comment","target":["https:\/\/www.sebastien-auziere.fr\/blog\/es\/a-73-ans-brigitte-macron-deslumbra-en-un-lujoso-vestido-rojo-carmin-elegancia-y-encanto-a-la-vista\/#respond"]}]},{"@type":"WebPage","@id":"https:\/\/www.sebastien-auziere.fr\/blog\/es\/a-73-ans-brigitte-macron-deslumbra-en-un-lujoso-vestido-rojo-carmin-elegancia-y-encanto-a-la-vista\/","url":"https:\/\/www.sebastien-auziere.fr\/blog\/es\/a-73-ans-brigitte-macron-deslumbra-en-un-lujoso-vestido-rojo-carmin-elegancia-y-encanto-a-la-vista\/","name":"\u00c0 73 ans, Brigitte Macron deslumbra en un lujoso vestido rojo carm\u00edn: elegancia y encanto a la vista - Fan site S\u00e9bastien Auzi\u00e8re","isPartOf":{"@id":"https:\/\/www.sebastien-auziere.fr\/blog\/#website"},"primaryImageOfPage":{"@id":"https:\/\/www.sebastien-auziere.fr\/blog\/es\/a-73-ans-brigitte-macron-deslumbra-en-un-lujoso-vestido-rojo-carmin-elegancia-y-encanto-a-la-vista\/#primaryimage"},"image":{"@id":"https:\/\/www.sebastien-auziere.fr\/blog\/es\/a-73-ans-brigitte-macron-deslumbra-en-un-lujoso-vestido-rojo-carmin-elegancia-y-encanto-a-la-vista\/#primaryimage"},"thumbnailUrl":"https:\/\/www.sebastien-auziere.fr\/blog\/wp-content\/uploads\/2026\/04\/A-73-ans-Brigitte-Macron-eblouit-dans-une-somptueuse-robe-rouge-carmin-elegance-et-charme-au-rendez-vous.jpg","datePublished":"2026-04-18T19:11:42+00:00","dateModified":"2026-04-18T19:12:12+00:00","description":"\u00c0 73 ans, Brigitte Macron rayonne dans une robe rouge carmin, alliant \u00e9l\u00e9gance et charme avec une allure \u00e9blouissante et sophistiqu\u00e9e.","breadcrumb":{"@id":"https:\/\/www.sebastien-auziere.fr\/blog\/es\/a-73-ans-brigitte-macron-deslumbra-en-un-lujoso-vestido-rojo-carmin-elegancia-y-encanto-a-la-vista\/#breadcrumb"},"inLanguage":"fr-FR","potentialAction":[{"@type":"ReadAction","target":["https:\/\/www.sebastien-auziere.fr\/blog\/es\/a-73-ans-brigitte-macron-deslumbra-en-un-lujoso-vestido-rojo-carmin-elegancia-y-encanto-a-la-vista\/"]}]},{"@type":"ImageObject","inLanguage":"fr-FR","@id":"https:\/\/www.sebastien-auziere.fr\/blog\/es\/a-73-ans-brigitte-macron-deslumbra-en-un-lujoso-vestido-rojo-carmin-elegancia-y-encanto-a-la-vista\/#primaryimage","url":"https:\/\/www.sebastien-auziere.fr\/blog\/wp-content\/uploads\/2026\/04\/A-73-ans-Brigitte-Macron-eblouit-dans-une-somptueuse-robe-rouge-carmin-elegance-et-charme-au-rendez-vous.jpg","contentUrl":"https:\/\/www.sebastien-auziere.fr\/blog\/wp-content\/uploads\/2026\/04\/A-73-ans-Brigitte-Macron-eblouit-dans-une-somptueuse-robe-rouge-carmin-elegance-et-charme-au-rendez-vous.jpg","width":2560,"height":1429,"caption":"\u00e0 73 ans, brigitte macron rayonne de beaut\u00e9 et d'\u00e9l\u00e9gance dans une somptueuse robe rouge carmin, captivant tous les regards par son charme et son style impeccable."},{"@type":"BreadcrumbList","@id":"https:\/\/www.sebastien-auziere.fr\/blog\/es\/a-73-ans-brigitte-macron-deslumbra-en-un-lujoso-vestido-rojo-carmin-elegancia-y-encanto-a-la-vista\/#breadcrumb","itemListElement":[{"@type":"ListItem","position":1,"name":"Home","item":"https:\/\/www.sebastien-auziere.fr\/blog\/"},{"@type":"ListItem","position":2,"name":"\u00c0 73 ans, Brigitte Macron deslumbra en un lujoso vestido rojo carm\u00edn: elegancia y encanto a la vista"}]},{"@type":"WebSite","@id":"https:\/\/www.sebastien-auziere.fr\/blog\/#website","url":"https:\/\/www.sebastien-auziere.fr\/blog\/","name":"Fan site S\u00e9bastien Auzi\u00e8re","description":"M\u00e9dia g\u00e9n\u00e9raliste","publisher":{"@id":"https:\/\/www.sebastien-auziere.fr\/blog\/#organization"},"potentialAction":[{"@type":"SearchAction","target":{"@type":"EntryPoint","urlTemplate":"https:\/\/www.sebastien-auziere.fr\/blog\/?s={search_term_string}"},"query-input":{"@type":"PropertyValueSpecification","valueRequired":true,"valueName":"search_term_string"}}],"inLanguage":"fr-FR"},{"@type":"Organization","@id":"https:\/\/www.sebastien-auziere.fr\/blog\/#organization","name":"Fan site S\u00e9bastien Auzi\u00e8re","url":"https:\/\/www.sebastien-auziere.fr\/blog\/","logo":{"@type":"ImageObject","inLanguage":"fr-FR","@id":"https:\/\/www.sebastien-auziere.fr\/blog\/#\/schema\/logo\/image\/","url":"https:\/\/www.sebastien-auziere.fr\/blog\/wp-content\/uploads\/2026\/03\/cropped-cropped-cropped-ChatGPT-Image-6-mars-2026-12_58_09-e1772798376794.jpg","contentUrl":"https:\/\/www.sebastien-auziere.fr\/blog\/wp-content\/uploads\/2026\/03\/cropped-cropped-cropped-ChatGPT-Image-6-mars-2026-12_58_09-e1772798376794.jpg","width":512,"height":360,"caption":"Fan site S\u00e9bastien Auzi\u00e8re"},"image":{"@id":"https:\/\/www.sebastien-auziere.fr\/blog\/#\/schema\/logo\/image\/"}},{"@type":"Person","@id":"https:\/\/www.sebastien-auziere.fr\/blog\/#\/schema\/person\/149f1acdbfd85149c6c3e59adeae2f4d","name":"Chloe Gauthier","image":{"@type":"ImageObject","inLanguage":"fr-FR","@id":"https:\/\/secure.gravatar.com\/avatar\/2c5722f58171cff738a8985ef0dd66b476e563753246a49019befc837ec4201a?s=96&d=mm&r=g","url":"https:\/\/secure.gravatar.com\/avatar\/2c5722f58171cff738a8985ef0dd66b476e563753246a49019befc837ec4201a?s=96&d=mm&r=g","contentUrl":"https:\/\/secure.gravatar.com\/avatar\/2c5722f58171cff738a8985ef0dd66b476e563753246a49019befc837ec4201a?s=96&d=mm&r=g","caption":"Chloe Gauthier"},"description":"Passionn\u00e9e par la politique et admiratrice engag\u00e9e de la famille Macron, je consacre mon \u00e9nergie \u00e0 suivre leurs initiatives et \u00e0 promouvoir leurs id\u00e9es. \u00c0 32 ans, je suis convaincue que leur vision est porteuse d'avenir.","url":"https:\/\/www.sebastien-auziere.fr\/blog\/author\/chloe-gauthier\/"}]}},"views":1,"_links":{"self":[{"href":"https:\/\/www.sebastien-auziere.fr\/blog\/wp-json\/wp\/v2\/posts\/3134","targetHints":{"allow":["GET"]}}],"collection":[{"href":"https:\/\/www.sebastien-auziere.fr\/blog\/wp-json\/wp\/v2\/posts"}],"about":[{"href":"https:\/\/www.sebastien-auziere.fr\/blog\/wp-json\/wp\/v2\/types\/post"}],"author":[{"embeddable":true,"href":"https:\/\/www.sebastien-auziere.fr\/blog\/wp-json\/wp\/v2\/users\/9"}],"replies":[{"embeddable":true,"href":"https:\/\/www.sebastien-auziere.fr\/blog\/wp-json\/wp\/v2\/comments?post=3134"}],"version-history":[{"count":1,"href":"https:\/\/www.sebastien-auziere.fr\/blog\/wp-json\/wp\/v2\/posts\/3134\/revisions"}],"predecessor-version":[{"id":3135,"href":"https:\/\/www.sebastien-auziere.fr\/blog\/wp-json\/wp\/v2\/posts\/3134\/revisions\/3135"}],"wp:featuredmedia":[{"embeddable":true,"href":"https:\/\/www.sebastien-auziere.fr\/blog\/wp-json\/wp\/v2\/media\/3130"}],"wp:attachment":[{"href":"https:\/\/www.sebastien-auziere.fr\/blog\/wp-json\/wp\/v2\/media?parent=3134"}],"wp:term":[{"taxonomy":"category","embeddable":true,"href":"https:\/\/www.sebastien-auziere.fr\/blog\/wp-json\/wp\/v2\/categories?post=3134"},{"taxonomy":"post_tag","embeddable":true,"href":"https:\/\/www.sebastien-auziere.fr\/blog\/wp-json\/wp\/v2\/tags?post=3134"}],"curies":[{"name":"wp","href":"https:\/\/api.w.org\/{rel}","templated":true}]}}