{"id":3132,"date":"2026-04-18T19:10:24","date_gmt":"2026-04-18T19:10:24","guid":{"rendered":"https:\/\/www.sebastien-auziere.fr\/blog\/?p=3132"},"modified":"2026-04-18T19:10:48","modified_gmt":"2026-04-18T19:10:48","slug":"a-73-ans-brigitte-macron-dazzles-in-a-sumptuous-carmine-red-dress-elegance-and-charm-are-on-the-agenda","status":"publish","type":"post","link":"https:\/\/www.sebastien-auziere.fr\/blog\/en\/a-73-ans-brigitte-macron-dazzles-in-a-sumptuous-carmine-red-dress-elegance-and-charm-are-on-the-agenda\/","title":{"rendered":"\u00c0 73 ans, Brigitte Macron dazzles in a sumptuous carmine red dress: elegance and charm are on the agenda"},"content":{"rendered":"<p><strong>Brigitte Macron<\/strong>, at <strong>73 years old<\/strong>, lit up the steps of the \u00c9lys\u00e9e on April 15 with a <strong>carmin red dress<\/strong> that immediately caught everyone&rsquo;s attention. The brilliance of this <strong>sumptuous dress<\/strong> and the visible camaraderie between the two First Ladies made this <strong>public appearance<\/strong> a memorable moment of the state dinner with Mauritania.<\/p>\n\n<p><strong>In brief:<\/strong> on April 15, official reception with Mohamed Ould El-Ghazaouani; <strong>Brigitte Macron<\/strong> wears a long <strong>carmin red dress<\/strong>; Louis Vuitton Flower Comet jewelry and Balmain clutch noticed; sports routine and dietary requirements confirmed by sources close to the kitchens of the \u00c9lys\u00e9e.<\/p>\n\n<h2 class=\"wp-block-heading\">A outfit that lives up to its promises: carmin red dress and accessories<\/h2>\n\n<p>On the steps, <strong>Brigitte Macron&rsquo;s<\/strong> <strong>elegant outfit<\/strong> adhered to protocol sobriety while asserting a strong <strong>style<\/strong>. The long, fitted dress was complemented by a Flower Comet choker by Louis Vuitton and a matching bracelet. The Balmain clutch replaced the usual Lady Dior or Capucine, highlighting a thoughtful and modern <strong>fashion<\/strong> choice. To learn more about the dress, check out this dedicated article: <a href=\"https:\/\/www.closermag.fr\/politique\/brigitte-macron-a-73-ans-la-premiere-dame-resplendissante-dans-une-longue-robe-rouge-carmin-une-nouveaute-interpelle-3630688\" rel=\"nofollow\">closer<\/a>.<\/p>\n\n<h2 class=\"wp-block-heading\">A state dinner filled with symbols and reunions<\/h2>\n\n<p>On April 15, Emmanuel Macron emphasized Mauritania&rsquo;s role in the Sahel region during the state dinner, where President Mohamed Ould El-Ghazaouani and his wife were welcomed. The French First Lady reunited with her Mauritanian counterpart five years after their first meeting, a moment filled with emotion on the red carpet. Protocol and diplomatic exchanges accompanied this notable <strong>public appearance<\/strong>, as reported by various articles and official accounts. See the fashion and protocol report: <a href=\"https:\/\/madame.lefigaro.fr\/style\/news\/brigitte-macron-en-robe-rouge-et-chignon-dore-pour-le-diner-d-etat-mauritanien-20260416\" rel=\"nofollow\">Madame Figaro<\/a>.<\/p>\n\n<h2 class=\"wp-block-heading\">The jewelry and <strong>fashion<\/strong>: details that make a difference<\/h2>\n\n<p>That night, attention was drawn to an unprecedented choker from the Louis Vuitton house, adorned with two Monogram flowers and rhinestones, along with a matching bracelet. These accessory choices gave the <strong>sumptuous dress<\/strong> a contemporary touch without being excessive. The discreet yet chic Balmain clutch confirmed a well-thought-out attention to detail for a republican setting. For a focus on these pieces and their stylistic impact, check out the online fashion analysis: <a href=\"https:\/\/www.femmeactuelle.fr\/mode\/news-mode\/brigitte-macron-mise-sur-une-robe-en-dentelle-noire-pour-un-diner-d-etat-avec-cristina-cordula-dans-une-somptueuse-robe-rouge-2194054\" rel=\"nofollow\">Femme Actuelle<\/a>.<\/p>\n\n<h2 class=\"wp-block-heading\">Shape, routine, and secrets of an appearance at 73<\/h2>\n\n<p>The well-groomed silhouette observed during this outing results from a daily discipline: an hour of exercise between stationary biking and muscle strengthening, without a coach, and a strict diet. The former head of presidential kitchens confirmed the requirement to serve <strong>ten<\/strong> fruits and vegetables daily, prioritizing local products and herbs from the \u00c9lys\u00e9e garden. These habits partly explain the visible <strong>elegance<\/strong> and <strong>charm<\/strong> during each <strong>public appearance<\/strong>. For a more complete portrait, discover this analysis: <a href=\"https:\/\/www.gala.fr\/beaute\/beaute_de_star\/brigitte-macron-velo-musculation-vitamine-c-les-secrets-beaute-qui-la-font-rayonner-a-73-ans-20260413\" rel=\"nofollow\">Gala<\/a> and the dedicated dossier on the website dedicated to the family: <a href=\"https:\/\/www.sebastien-auziere.fr\/blog\/brigitte-macron-73-ans\/\" rel=\"nofollow\">portrait 73 years<\/a>.<\/p>\n\n<p>Want to know more about the behind-the-scenes, <strong>fashion<\/strong>, and the close circle of the Macron family? Discover more analyses and photos on the website dedicated to S\u00e9bastien Auzi\u00e8re and the Macrons: <a href=\"https:\/\/www.sebastien-auziere.fr\/blog\/brigitte-macron-robe-rouge\/\" rel=\"nofollow\">brigitte-macron-robe-rouge<\/a> and <a href=\"https:\/\/www.sebastien-auziere.fr\/blog\/brigitte-macron-robe-elegante\/\" rel=\"nofollow\">elegant outfit dossier<\/a>.<\/p>","protected":false},"excerpt":{"rendered":"<p>Brigitte Macron, at 73 years old, lit up the steps of the \u00c9lys\u00e9e on April 15 with a carmin red dress that immediately caught everyone&rsquo;s attention. The brilliance of this sumptuous dress and the visible camaraderie between the two First Ladies made this public appearance a memorable moment of the state dinner with Mauritania. In &#8230; <a title=\"\u00c0 73 ans, Brigitte Macron dazzles in a sumptuous carmine red dress: elegance and charm are on the agenda\" class=\"read-more\" href=\"https:\/\/www.sebastien-auziere.fr\/blog\/en\/a-73-ans-brigitte-macron-dazzles-in-a-sumptuous-carmine-red-dress-elegance-and-charm-are-on-the-agenda\/\" aria-label=\"En savoir plus sur \u00c0 73 ans, Brigitte Macron dazzles in a sumptuous carmine red dress: elegance and charm are on the agenda\">Lire plus<\/a><\/p>\n","protected":false},"author":9,"featured_media":3130,"comment_status":"open","ping_status":"open","sticky":false,"template":"","format":"standard","meta":{"footnotes":""},"categories":[816],"tags":[898,3414,1571,3417,3420],"class_list":["post-3132","post","type-post","status-publish","format-standard","has-post-thumbnail","hentry","category-news","tag-brigitte-macron-en","tag-charm-en","tag-elegance-en","tag-mode-senior-en","tag-robe-carmine-red-en"],"yoast_head":"<!-- This site is optimized with the Yoast SEO plugin v27.5 - https:\/\/yoast.com\/product\/yoast-seo-wordpress\/ -->\n<title>\u00c0 73 ans, Brigitte Macron dazzles in a sumptuous carmine red dress: elegance and charm are on the agenda - Fan site S\u00e9bastien Auzi\u00e8re<\/title>\n<meta name=\"description\" content=\"\u00c0 73 ans, Brigitte Macron rayonne dans une robe rouge carmin, alliant \u00e9l\u00e9gance et charme avec une allure \u00e9blouissante et sophistiqu\u00e9e.\" \/>\n<meta name=\"robots\" content=\"index, follow, max-snippet:-1, max-image-preview:large, max-video-preview:-1\" \/>\n<link rel=\"canonical\" href=\"https:\/\/www.sebastien-auziere.fr\/blog\/en\/a-73-ans-brigitte-macron-dazzles-in-a-sumptuous-carmine-red-dress-elegance-and-charm-are-on-the-agenda\/\" \/>\n<meta property=\"og:locale\" content=\"fr_FR\" \/>\n<meta property=\"og:type\" content=\"article\" \/>\n<meta property=\"og:title\" content=\"\u00c0 73 ans, Brigitte Macron dazzles in a sumptuous carmine red dress: elegance and charm are on the agenda - Fan site S\u00e9bastien Auzi\u00e8re\" \/>\n<meta property=\"og:description\" content=\"\u00c0 73 ans, Brigitte Macron rayonne dans une robe rouge carmin, alliant \u00e9l\u00e9gance et charme avec une allure \u00e9blouissante et sophistiqu\u00e9e.\" \/>\n<meta property=\"og:url\" content=\"https:\/\/www.sebastien-auziere.fr\/blog\/en\/a-73-ans-brigitte-macron-dazzles-in-a-sumptuous-carmine-red-dress-elegance-and-charm-are-on-the-agenda\/\" \/>\n<meta property=\"og:site_name\" content=\"Fan site S\u00e9bastien Auzi\u00e8re\" \/>\n<meta property=\"article:published_time\" content=\"2026-04-18T19:10:24+00:00\" \/>\n<meta property=\"article:modified_time\" content=\"2026-04-18T19:10:48+00:00\" \/>\n<meta property=\"og:image\" content=\"https:\/\/www.sebastien-auziere.fr\/blog\/wp-content\/uploads\/2026\/04\/A-73-ans-Brigitte-Macron-eblouit-dans-une-somptueuse-robe-rouge-carmin-elegance-et-charme-au-rendez-vous.jpg\" \/>\n\t<meta property=\"og:image:width\" content=\"2560\" \/>\n\t<meta property=\"og:image:height\" content=\"1429\" \/>\n\t<meta property=\"og:image:type\" content=\"image\/jpeg\" \/>\n<meta name=\"author\" content=\"Chloe Gauthier\" \/>\n<meta name=\"twitter:card\" content=\"summary_large_image\" \/>\n<meta name=\"twitter:label1\" content=\"\u00c9crit par\" \/>\n\t<meta name=\"twitter:data1\" content=\"Chloe Gauthier\" \/>\n\t<meta name=\"twitter:label2\" content=\"Dur\u00e9e de lecture estim\u00e9e\" \/>\n\t<meta name=\"twitter:data2\" content=\"2 minutes\" \/>\n<script type=\"application\/ld+json\" class=\"yoast-schema-graph\">{\"@context\":\"https:\\\/\\\/schema.org\",\"@graph\":[{\"@type\":\"Article\",\"@id\":\"https:\\\/\\\/www.sebastien-auziere.fr\\\/blog\\\/en\\\/a-73-ans-brigitte-macron-dazzles-in-a-sumptuous-carmine-red-dress-elegance-and-charm-are-on-the-agenda\\\/#article\",\"isPartOf\":{\"@id\":\"https:\\\/\\\/www.sebastien-auziere.fr\\\/blog\\\/en\\\/a-73-ans-brigitte-macron-dazzles-in-a-sumptuous-carmine-red-dress-elegance-and-charm-are-on-the-agenda\\\/\"},\"author\":{\"name\":\"Chloe Gauthier\",\"@id\":\"https:\\\/\\\/www.sebastien-auziere.fr\\\/blog\\\/#\\\/schema\\\/person\\\/149f1acdbfd85149c6c3e59adeae2f4d\"},\"headline\":\"\u00c0 73 ans, Brigitte Macron dazzles in a sumptuous carmine red dress: elegance and charm are on the agenda\",\"datePublished\":\"2026-04-18T19:10:24+00:00\",\"dateModified\":\"2026-04-18T19:10:48+00:00\",\"mainEntityOfPage\":{\"@id\":\"https:\\\/\\\/www.sebastien-auziere.fr\\\/blog\\\/en\\\/a-73-ans-brigitte-macron-dazzles-in-a-sumptuous-carmine-red-dress-elegance-and-charm-are-on-the-agenda\\\/\"},\"wordCount\":489,\"commentCount\":0,\"publisher\":{\"@id\":\"https:\\\/\\\/www.sebastien-auziere.fr\\\/blog\\\/#organization\"},\"image\":{\"@id\":\"https:\\\/\\\/www.sebastien-auziere.fr\\\/blog\\\/en\\\/a-73-ans-brigitte-macron-dazzles-in-a-sumptuous-carmine-red-dress-elegance-and-charm-are-on-the-agenda\\\/#primaryimage\"},\"thumbnailUrl\":\"https:\\\/\\\/www.sebastien-auziere.fr\\\/blog\\\/wp-content\\\/uploads\\\/2026\\\/04\\\/A-73-ans-Brigitte-Macron-eblouit-dans-une-somptueuse-robe-rouge-carmin-elegance-et-charme-au-rendez-vous.jpg\",\"keywords\":[\"brigitte macron\",\"charm\",\"elegance\",\"mode senior\",\"robe carmine red\"],\"articleSection\":[\"News\"],\"inLanguage\":\"fr-FR\",\"potentialAction\":[{\"@type\":\"CommentAction\",\"name\":\"Comment\",\"target\":[\"https:\\\/\\\/www.sebastien-auziere.fr\\\/blog\\\/en\\\/a-73-ans-brigitte-macron-dazzles-in-a-sumptuous-carmine-red-dress-elegance-and-charm-are-on-the-agenda\\\/#respond\"]}]},{\"@type\":\"WebPage\",\"@id\":\"https:\\\/\\\/www.sebastien-auziere.fr\\\/blog\\\/en\\\/a-73-ans-brigitte-macron-dazzles-in-a-sumptuous-carmine-red-dress-elegance-and-charm-are-on-the-agenda\\\/\",\"url\":\"https:\\\/\\\/www.sebastien-auziere.fr\\\/blog\\\/en\\\/a-73-ans-brigitte-macron-dazzles-in-a-sumptuous-carmine-red-dress-elegance-and-charm-are-on-the-agenda\\\/\",\"name\":\"\u00c0 73 ans, Brigitte Macron dazzles in a sumptuous carmine red dress: elegance and charm are on the agenda - Fan site S\u00e9bastien Auzi\u00e8re\",\"isPartOf\":{\"@id\":\"https:\\\/\\\/www.sebastien-auziere.fr\\\/blog\\\/#website\"},\"primaryImageOfPage\":{\"@id\":\"https:\\\/\\\/www.sebastien-auziere.fr\\\/blog\\\/en\\\/a-73-ans-brigitte-macron-dazzles-in-a-sumptuous-carmine-red-dress-elegance-and-charm-are-on-the-agenda\\\/#primaryimage\"},\"image\":{\"@id\":\"https:\\\/\\\/www.sebastien-auziere.fr\\\/blog\\\/en\\\/a-73-ans-brigitte-macron-dazzles-in-a-sumptuous-carmine-red-dress-elegance-and-charm-are-on-the-agenda\\\/#primaryimage\"},\"thumbnailUrl\":\"https:\\\/\\\/www.sebastien-auziere.fr\\\/blog\\\/wp-content\\\/uploads\\\/2026\\\/04\\\/A-73-ans-Brigitte-Macron-eblouit-dans-une-somptueuse-robe-rouge-carmin-elegance-et-charme-au-rendez-vous.jpg\",\"datePublished\":\"2026-04-18T19:10:24+00:00\",\"dateModified\":\"2026-04-18T19:10:48+00:00\",\"description\":\"\u00c0 73 ans, Brigitte Macron rayonne dans une robe rouge carmin, alliant \u00e9l\u00e9gance et charme avec une allure \u00e9blouissante et sophistiqu\u00e9e.\",\"breadcrumb\":{\"@id\":\"https:\\\/\\\/www.sebastien-auziere.fr\\\/blog\\\/en\\\/a-73-ans-brigitte-macron-dazzles-in-a-sumptuous-carmine-red-dress-elegance-and-charm-are-on-the-agenda\\\/#breadcrumb\"},\"inLanguage\":\"fr-FR\",\"potentialAction\":[{\"@type\":\"ReadAction\",\"target\":[\"https:\\\/\\\/www.sebastien-auziere.fr\\\/blog\\\/en\\\/a-73-ans-brigitte-macron-dazzles-in-a-sumptuous-carmine-red-dress-elegance-and-charm-are-on-the-agenda\\\/\"]}]},{\"@type\":\"ImageObject\",\"inLanguage\":\"fr-FR\",\"@id\":\"https:\\\/\\\/www.sebastien-auziere.fr\\\/blog\\\/en\\\/a-73-ans-brigitte-macron-dazzles-in-a-sumptuous-carmine-red-dress-elegance-and-charm-are-on-the-agenda\\\/#primaryimage\",\"url\":\"https:\\\/\\\/www.sebastien-auziere.fr\\\/blog\\\/wp-content\\\/uploads\\\/2026\\\/04\\\/A-73-ans-Brigitte-Macron-eblouit-dans-une-somptueuse-robe-rouge-carmin-elegance-et-charme-au-rendez-vous.jpg\",\"contentUrl\":\"https:\\\/\\\/www.sebastien-auziere.fr\\\/blog\\\/wp-content\\\/uploads\\\/2026\\\/04\\\/A-73-ans-Brigitte-Macron-eblouit-dans-une-somptueuse-robe-rouge-carmin-elegance-et-charme-au-rendez-vous.jpg\",\"width\":2560,\"height\":1429,\"caption\":\"\u00e0 73 ans, brigitte macron rayonne de beaut\u00e9 et d'\u00e9l\u00e9gance dans une somptueuse robe rouge carmin, captivant tous les regards par son charme et son style impeccable.\"},{\"@type\":\"BreadcrumbList\",\"@id\":\"https:\\\/\\\/www.sebastien-auziere.fr\\\/blog\\\/en\\\/a-73-ans-brigitte-macron-dazzles-in-a-sumptuous-carmine-red-dress-elegance-and-charm-are-on-the-agenda\\\/#breadcrumb\",\"itemListElement\":[{\"@type\":\"ListItem\",\"position\":1,\"name\":\"Home\",\"item\":\"https:\\\/\\\/www.sebastien-auziere.fr\\\/blog\\\/\"},{\"@type\":\"ListItem\",\"position\":2,\"name\":\"\u00c0 73 ans, Brigitte Macron dazzles in a sumptuous carmine red dress: elegance and charm are on the agenda\"}]},{\"@type\":\"WebSite\",\"@id\":\"https:\\\/\\\/www.sebastien-auziere.fr\\\/blog\\\/#website\",\"url\":\"https:\\\/\\\/www.sebastien-auziere.fr\\\/blog\\\/\",\"name\":\"Fan site S\u00e9bastien Auzi\u00e8re\",\"description\":\"M\u00e9dia g\u00e9n\u00e9raliste\",\"publisher\":{\"@id\":\"https:\\\/\\\/www.sebastien-auziere.fr\\\/blog\\\/#organization\"},\"potentialAction\":[{\"@type\":\"SearchAction\",\"target\":{\"@type\":\"EntryPoint\",\"urlTemplate\":\"https:\\\/\\\/www.sebastien-auziere.fr\\\/blog\\\/?s={search_term_string}\"},\"query-input\":{\"@type\":\"PropertyValueSpecification\",\"valueRequired\":true,\"valueName\":\"search_term_string\"}}],\"inLanguage\":\"fr-FR\"},{\"@type\":\"Organization\",\"@id\":\"https:\\\/\\\/www.sebastien-auziere.fr\\\/blog\\\/#organization\",\"name\":\"Fan site S\u00e9bastien Auzi\u00e8re\",\"url\":\"https:\\\/\\\/www.sebastien-auziere.fr\\\/blog\\\/\",\"logo\":{\"@type\":\"ImageObject\",\"inLanguage\":\"fr-FR\",\"@id\":\"https:\\\/\\\/www.sebastien-auziere.fr\\\/blog\\\/#\\\/schema\\\/logo\\\/image\\\/\",\"url\":\"https:\\\/\\\/www.sebastien-auziere.fr\\\/blog\\\/wp-content\\\/uploads\\\/2026\\\/03\\\/cropped-cropped-cropped-ChatGPT-Image-6-mars-2026-12_58_09-e1772798376794.jpg\",\"contentUrl\":\"https:\\\/\\\/www.sebastien-auziere.fr\\\/blog\\\/wp-content\\\/uploads\\\/2026\\\/03\\\/cropped-cropped-cropped-ChatGPT-Image-6-mars-2026-12_58_09-e1772798376794.jpg\",\"width\":512,\"height\":360,\"caption\":\"Fan site S\u00e9bastien Auzi\u00e8re\"},\"image\":{\"@id\":\"https:\\\/\\\/www.sebastien-auziere.fr\\\/blog\\\/#\\\/schema\\\/logo\\\/image\\\/\"}},{\"@type\":\"Person\",\"@id\":\"https:\\\/\\\/www.sebastien-auziere.fr\\\/blog\\\/#\\\/schema\\\/person\\\/149f1acdbfd85149c6c3e59adeae2f4d\",\"name\":\"Chloe Gauthier\",\"image\":{\"@type\":\"ImageObject\",\"inLanguage\":\"fr-FR\",\"@id\":\"https:\\\/\\\/secure.gravatar.com\\\/avatar\\\/2c5722f58171cff738a8985ef0dd66b476e563753246a49019befc837ec4201a?s=96&d=mm&r=g\",\"url\":\"https:\\\/\\\/secure.gravatar.com\\\/avatar\\\/2c5722f58171cff738a8985ef0dd66b476e563753246a49019befc837ec4201a?s=96&d=mm&r=g\",\"contentUrl\":\"https:\\\/\\\/secure.gravatar.com\\\/avatar\\\/2c5722f58171cff738a8985ef0dd66b476e563753246a49019befc837ec4201a?s=96&d=mm&r=g\",\"caption\":\"Chloe Gauthier\"},\"description\":\"Passionn\u00e9e par la politique et admiratrice engag\u00e9e de la famille Macron, je consacre mon \u00e9nergie \u00e0 suivre leurs initiatives et \u00e0 promouvoir leurs id\u00e9es. \u00c0 32 ans, je suis convaincue que leur vision est porteuse d'avenir.\",\"url\":\"https:\\\/\\\/www.sebastien-auziere.fr\\\/blog\\\/author\\\/chloe-gauthier\\\/\"}]}<\/script>\n<!-- \/ Yoast SEO plugin. -->","yoast_head_json":{"title":"\u00c0 73 ans, Brigitte Macron dazzles in a sumptuous carmine red dress: elegance and charm are on the agenda - Fan site S\u00e9bastien Auzi\u00e8re","description":"\u00c0 73 ans, Brigitte Macron rayonne dans une robe rouge carmin, alliant \u00e9l\u00e9gance et charme avec une allure \u00e9blouissante et sophistiqu\u00e9e.","robots":{"index":"index","follow":"follow","max-snippet":"max-snippet:-1","max-image-preview":"max-image-preview:large","max-video-preview":"max-video-preview:-1"},"canonical":"https:\/\/www.sebastien-auziere.fr\/blog\/en\/a-73-ans-brigitte-macron-dazzles-in-a-sumptuous-carmine-red-dress-elegance-and-charm-are-on-the-agenda\/","og_locale":"fr_FR","og_type":"article","og_title":"\u00c0 73 ans, Brigitte Macron dazzles in a sumptuous carmine red dress: elegance and charm are on the agenda - Fan site S\u00e9bastien Auzi\u00e8re","og_description":"\u00c0 73 ans, Brigitte Macron rayonne dans une robe rouge carmin, alliant \u00e9l\u00e9gance et charme avec une allure \u00e9blouissante et sophistiqu\u00e9e.","og_url":"https:\/\/www.sebastien-auziere.fr\/blog\/en\/a-73-ans-brigitte-macron-dazzles-in-a-sumptuous-carmine-red-dress-elegance-and-charm-are-on-the-agenda\/","og_site_name":"Fan site S\u00e9bastien Auzi\u00e8re","article_published_time":"2026-04-18T19:10:24+00:00","article_modified_time":"2026-04-18T19:10:48+00:00","og_image":[{"width":2560,"height":1429,"url":"https:\/\/www.sebastien-auziere.fr\/blog\/wp-content\/uploads\/2026\/04\/A-73-ans-Brigitte-Macron-eblouit-dans-une-somptueuse-robe-rouge-carmin-elegance-et-charme-au-rendez-vous.jpg","type":"image\/jpeg"}],"author":"Chloe Gauthier","twitter_card":"summary_large_image","twitter_misc":{"\u00c9crit par":"Chloe Gauthier","Dur\u00e9e de lecture estim\u00e9e":"2 minutes"},"schema":{"@context":"https:\/\/schema.org","@graph":[{"@type":"Article","@id":"https:\/\/www.sebastien-auziere.fr\/blog\/en\/a-73-ans-brigitte-macron-dazzles-in-a-sumptuous-carmine-red-dress-elegance-and-charm-are-on-the-agenda\/#article","isPartOf":{"@id":"https:\/\/www.sebastien-auziere.fr\/blog\/en\/a-73-ans-brigitte-macron-dazzles-in-a-sumptuous-carmine-red-dress-elegance-and-charm-are-on-the-agenda\/"},"author":{"name":"Chloe Gauthier","@id":"https:\/\/www.sebastien-auziere.fr\/blog\/#\/schema\/person\/149f1acdbfd85149c6c3e59adeae2f4d"},"headline":"\u00c0 73 ans, Brigitte Macron dazzles in a sumptuous carmine red dress: elegance and charm are on the agenda","datePublished":"2026-04-18T19:10:24+00:00","dateModified":"2026-04-18T19:10:48+00:00","mainEntityOfPage":{"@id":"https:\/\/www.sebastien-auziere.fr\/blog\/en\/a-73-ans-brigitte-macron-dazzles-in-a-sumptuous-carmine-red-dress-elegance-and-charm-are-on-the-agenda\/"},"wordCount":489,"commentCount":0,"publisher":{"@id":"https:\/\/www.sebastien-auziere.fr\/blog\/#organization"},"image":{"@id":"https:\/\/www.sebastien-auziere.fr\/blog\/en\/a-73-ans-brigitte-macron-dazzles-in-a-sumptuous-carmine-red-dress-elegance-and-charm-are-on-the-agenda\/#primaryimage"},"thumbnailUrl":"https:\/\/www.sebastien-auziere.fr\/blog\/wp-content\/uploads\/2026\/04\/A-73-ans-Brigitte-Macron-eblouit-dans-une-somptueuse-robe-rouge-carmin-elegance-et-charme-au-rendez-vous.jpg","keywords":["brigitte macron","charm","elegance","mode senior","robe carmine red"],"articleSection":["News"],"inLanguage":"fr-FR","potentialAction":[{"@type":"CommentAction","name":"Comment","target":["https:\/\/www.sebastien-auziere.fr\/blog\/en\/a-73-ans-brigitte-macron-dazzles-in-a-sumptuous-carmine-red-dress-elegance-and-charm-are-on-the-agenda\/#respond"]}]},{"@type":"WebPage","@id":"https:\/\/www.sebastien-auziere.fr\/blog\/en\/a-73-ans-brigitte-macron-dazzles-in-a-sumptuous-carmine-red-dress-elegance-and-charm-are-on-the-agenda\/","url":"https:\/\/www.sebastien-auziere.fr\/blog\/en\/a-73-ans-brigitte-macron-dazzles-in-a-sumptuous-carmine-red-dress-elegance-and-charm-are-on-the-agenda\/","name":"\u00c0 73 ans, Brigitte Macron dazzles in a sumptuous carmine red dress: elegance and charm are on the agenda - Fan site S\u00e9bastien Auzi\u00e8re","isPartOf":{"@id":"https:\/\/www.sebastien-auziere.fr\/blog\/#website"},"primaryImageOfPage":{"@id":"https:\/\/www.sebastien-auziere.fr\/blog\/en\/a-73-ans-brigitte-macron-dazzles-in-a-sumptuous-carmine-red-dress-elegance-and-charm-are-on-the-agenda\/#primaryimage"},"image":{"@id":"https:\/\/www.sebastien-auziere.fr\/blog\/en\/a-73-ans-brigitte-macron-dazzles-in-a-sumptuous-carmine-red-dress-elegance-and-charm-are-on-the-agenda\/#primaryimage"},"thumbnailUrl":"https:\/\/www.sebastien-auziere.fr\/blog\/wp-content\/uploads\/2026\/04\/A-73-ans-Brigitte-Macron-eblouit-dans-une-somptueuse-robe-rouge-carmin-elegance-et-charme-au-rendez-vous.jpg","datePublished":"2026-04-18T19:10:24+00:00","dateModified":"2026-04-18T19:10:48+00:00","description":"\u00c0 73 ans, Brigitte Macron rayonne dans une robe rouge carmin, alliant \u00e9l\u00e9gance et charme avec une allure \u00e9blouissante et sophistiqu\u00e9e.","breadcrumb":{"@id":"https:\/\/www.sebastien-auziere.fr\/blog\/en\/a-73-ans-brigitte-macron-dazzles-in-a-sumptuous-carmine-red-dress-elegance-and-charm-are-on-the-agenda\/#breadcrumb"},"inLanguage":"fr-FR","potentialAction":[{"@type":"ReadAction","target":["https:\/\/www.sebastien-auziere.fr\/blog\/en\/a-73-ans-brigitte-macron-dazzles-in-a-sumptuous-carmine-red-dress-elegance-and-charm-are-on-the-agenda\/"]}]},{"@type":"ImageObject","inLanguage":"fr-FR","@id":"https:\/\/www.sebastien-auziere.fr\/blog\/en\/a-73-ans-brigitte-macron-dazzles-in-a-sumptuous-carmine-red-dress-elegance-and-charm-are-on-the-agenda\/#primaryimage","url":"https:\/\/www.sebastien-auziere.fr\/blog\/wp-content\/uploads\/2026\/04\/A-73-ans-Brigitte-Macron-eblouit-dans-une-somptueuse-robe-rouge-carmin-elegance-et-charme-au-rendez-vous.jpg","contentUrl":"https:\/\/www.sebastien-auziere.fr\/blog\/wp-content\/uploads\/2026\/04\/A-73-ans-Brigitte-Macron-eblouit-dans-une-somptueuse-robe-rouge-carmin-elegance-et-charme-au-rendez-vous.jpg","width":2560,"height":1429,"caption":"\u00e0 73 ans, brigitte macron rayonne de beaut\u00e9 et d'\u00e9l\u00e9gance dans une somptueuse robe rouge carmin, captivant tous les regards par son charme et son style impeccable."},{"@type":"BreadcrumbList","@id":"https:\/\/www.sebastien-auziere.fr\/blog\/en\/a-73-ans-brigitte-macron-dazzles-in-a-sumptuous-carmine-red-dress-elegance-and-charm-are-on-the-agenda\/#breadcrumb","itemListElement":[{"@type":"ListItem","position":1,"name":"Home","item":"https:\/\/www.sebastien-auziere.fr\/blog\/"},{"@type":"ListItem","position":2,"name":"\u00c0 73 ans, Brigitte Macron dazzles in a sumptuous carmine red dress: elegance and charm are on the agenda"}]},{"@type":"WebSite","@id":"https:\/\/www.sebastien-auziere.fr\/blog\/#website","url":"https:\/\/www.sebastien-auziere.fr\/blog\/","name":"Fan site S\u00e9bastien Auzi\u00e8re","description":"M\u00e9dia g\u00e9n\u00e9raliste","publisher":{"@id":"https:\/\/www.sebastien-auziere.fr\/blog\/#organization"},"potentialAction":[{"@type":"SearchAction","target":{"@type":"EntryPoint","urlTemplate":"https:\/\/www.sebastien-auziere.fr\/blog\/?s={search_term_string}"},"query-input":{"@type":"PropertyValueSpecification","valueRequired":true,"valueName":"search_term_string"}}],"inLanguage":"fr-FR"},{"@type":"Organization","@id":"https:\/\/www.sebastien-auziere.fr\/blog\/#organization","name":"Fan site S\u00e9bastien Auzi\u00e8re","url":"https:\/\/www.sebastien-auziere.fr\/blog\/","logo":{"@type":"ImageObject","inLanguage":"fr-FR","@id":"https:\/\/www.sebastien-auziere.fr\/blog\/#\/schema\/logo\/image\/","url":"https:\/\/www.sebastien-auziere.fr\/blog\/wp-content\/uploads\/2026\/03\/cropped-cropped-cropped-ChatGPT-Image-6-mars-2026-12_58_09-e1772798376794.jpg","contentUrl":"https:\/\/www.sebastien-auziere.fr\/blog\/wp-content\/uploads\/2026\/03\/cropped-cropped-cropped-ChatGPT-Image-6-mars-2026-12_58_09-e1772798376794.jpg","width":512,"height":360,"caption":"Fan site S\u00e9bastien Auzi\u00e8re"},"image":{"@id":"https:\/\/www.sebastien-auziere.fr\/blog\/#\/schema\/logo\/image\/"}},{"@type":"Person","@id":"https:\/\/www.sebastien-auziere.fr\/blog\/#\/schema\/person\/149f1acdbfd85149c6c3e59adeae2f4d","name":"Chloe Gauthier","image":{"@type":"ImageObject","inLanguage":"fr-FR","@id":"https:\/\/secure.gravatar.com\/avatar\/2c5722f58171cff738a8985ef0dd66b476e563753246a49019befc837ec4201a?s=96&d=mm&r=g","url":"https:\/\/secure.gravatar.com\/avatar\/2c5722f58171cff738a8985ef0dd66b476e563753246a49019befc837ec4201a?s=96&d=mm&r=g","contentUrl":"https:\/\/secure.gravatar.com\/avatar\/2c5722f58171cff738a8985ef0dd66b476e563753246a49019befc837ec4201a?s=96&d=mm&r=g","caption":"Chloe Gauthier"},"description":"Passionn\u00e9e par la politique et admiratrice engag\u00e9e de la famille Macron, je consacre mon \u00e9nergie \u00e0 suivre leurs initiatives et \u00e0 promouvoir leurs id\u00e9es. \u00c0 32 ans, je suis convaincue que leur vision est porteuse d'avenir.","url":"https:\/\/www.sebastien-auziere.fr\/blog\/author\/chloe-gauthier\/"}]}},"views":1,"_links":{"self":[{"href":"https:\/\/www.sebastien-auziere.fr\/blog\/wp-json\/wp\/v2\/posts\/3132","targetHints":{"allow":["GET"]}}],"collection":[{"href":"https:\/\/www.sebastien-auziere.fr\/blog\/wp-json\/wp\/v2\/posts"}],"about":[{"href":"https:\/\/www.sebastien-auziere.fr\/blog\/wp-json\/wp\/v2\/types\/post"}],"author":[{"embeddable":true,"href":"https:\/\/www.sebastien-auziere.fr\/blog\/wp-json\/wp\/v2\/users\/9"}],"replies":[{"embeddable":true,"href":"https:\/\/www.sebastien-auziere.fr\/blog\/wp-json\/wp\/v2\/comments?post=3132"}],"version-history":[{"count":1,"href":"https:\/\/www.sebastien-auziere.fr\/blog\/wp-json\/wp\/v2\/posts\/3132\/revisions"}],"predecessor-version":[{"id":3133,"href":"https:\/\/www.sebastien-auziere.fr\/blog\/wp-json\/wp\/v2\/posts\/3132\/revisions\/3133"}],"wp:featuredmedia":[{"embeddable":true,"href":"https:\/\/www.sebastien-auziere.fr\/blog\/wp-json\/wp\/v2\/media\/3130"}],"wp:attachment":[{"href":"https:\/\/www.sebastien-auziere.fr\/blog\/wp-json\/wp\/v2\/media?parent=3132"}],"wp:term":[{"taxonomy":"category","embeddable":true,"href":"https:\/\/www.sebastien-auziere.fr\/blog\/wp-json\/wp\/v2\/categories?post=3132"},{"taxonomy":"post_tag","embeddable":true,"href":"https:\/\/www.sebastien-auziere.fr\/blog\/wp-json\/wp\/v2\/tags?post=3132"}],"curies":[{"name":"wp","href":"https:\/\/api.w.org\/{rel}","templated":true}]}}