{"id":3131,"date":"2026-04-18T19:10:22","date_gmt":"2026-04-18T19:10:22","guid":{"rendered":"https:\/\/www.sebastien-auziere.fr\/blog\/brigitte-macron-robe-rouge-3\/"},"modified":"2026-04-18T19:10:22","modified_gmt":"2026-04-18T19:10:22","slug":"brigitte-macron-robe-rouge-3","status":"publish","type":"post","link":"https:\/\/www.sebastien-auziere.fr\/blog\/brigitte-macron-robe-rouge-3\/","title":{"rendered":"\u00c0 73 ans, Brigitte Macron \u00e9blouit dans une somptueuse robe rouge carmin : \u00e9l\u00e9gance et charme au rendez-vous"},"content":{"rendered":"<p><strong>Brigitte Macron<\/strong>, \u00e0 <strong>73 ans<\/strong>, a illumin\u00e9 le perron de l&rsquo;\u00c9lys\u00e9e ce 15 avril avec une <strong>robe rouge carmin<\/strong> qui a imm\u00e9diatement capt\u00e9 tous les regards. L&rsquo;\u00e9clat de cette <strong>somptueuse robe<\/strong> et la complicit\u00e9 visible entre les deux Premi\u00e8res dames ont fait de cette <strong>apparition publique<\/strong> un moment marquant du d\u00eener d&rsquo;\u00c9tat avec la Mauritanie.<\/p>\n\n<p><strong>En bref :<\/strong> le 15 avril, r\u00e9ception officielle avec Mohamed Ould El-Ghazaouani; <strong>Brigitte Macron<\/strong> porte une <strong>robe rouge carmin<\/strong> longue; bijoux Louis Vuitton Flower Comet et pochette Balmain remarqu\u00e9s; routine sportive et exigences alimentaires confirm\u00e9es par des sources proches des cuisines de l&rsquo;\u00c9lys\u00e9e.<\/p>\n\n<h2 class=\"wp-block-heading\">Une tenue qui tient ses promesses : robe rouge carmin et accessoires<\/h2>\n\n<p>Sur les marches, la <strong>tenue \u00e9l\u00e9gante<\/strong> de <strong>Brigitte Macron<\/strong> a respect\u00e9 la sobri\u00e9t\u00e9 protocolaire tout en affirmant un <strong>style<\/strong> affirm\u00e9. La longue robe, couvrante et ajust\u00e9e, \u00e9tait soulign\u00e9e par un ras-de-cou Flower Comet sign\u00e9 Louis Vuitton et un bracelet assorti. La pochette Balmain a remplac\u00e9 les habituels Lady Dior ou Capucine, soulignant un choix de <strong>mode<\/strong> r\u00e9fl\u00e9chi et moderne. Pour en savoir plus sur la robe, consulte cet article d\u00e9di\u00e9 : <a href=\"https:\/\/www.closermag.fr\/politique\/brigitte-macron-a-73-ans-la-premiere-dame-resplendissante-dans-une-longue-robe-rouge-carmin-une-nouveaute-interpelle-3630688\" rel=\"nofollow\">closer<\/a>.<\/p>\n\n<h2 class=\"wp-block-heading\">Un d\u00eener d&rsquo;\u00c9tat charg\u00e9 de symboles et de retrouvailles<\/h2>\n\n<p>Le 15 avril, Emmanuel Macron a soulign\u00e9 le r\u00f4le de la Mauritanie dans la r\u00e9gion sah\u00e9lienne lors du d\u00eener d&rsquo;\u00c9tat o\u00f9 le pr\u00e9sident Mohamed Ould El-Ghazaouani et son \u00e9pouse ont \u00e9t\u00e9 accueillis. La Premi\u00e8re dame fran\u00e7aise a retrouv\u00e9 son homologue mauritanienne cinq ans apr\u00e8s leur premi\u00e8re rencontre, un moment charg\u00e9 d&rsquo;\u00e9motion sur le tapis rouge. Le protocole et l&rsquo;\u00e9change diplomatique ont accompagn\u00e9 cette <strong>apparition publique<\/strong> remarqu\u00e9e, comme le relatent plusieurs reportages et comptes rendus officiels. Voir le reportage mode et protocole : <a href=\"https:\/\/madame.lefigaro.fr\/style\/news\/brigitte-macron-en-robe-rouge-et-chignon-dore-pour-le-diner-d-etat-mauritanien-20260416\" rel=\"nofollow\">Madame Figaro<\/a>.<\/p>\n\n<h2 class=\"wp-block-heading\">Les bijoux et la <strong>mode<\/strong> : d\u00e9tails qui font la diff\u00e9rence<\/h2>\n\n<p>Ce soir-l\u00e0, l&rsquo;attention s&rsquo;est port\u00e9e sur un ras-de-cou in\u00e9dit de la maison Louis Vuitton, orn\u00e9 de deux fleurs Monogram et de strass, et sur un bracelet assorti. Ces choix d&rsquo;accessoires ont donn\u00e9 \u00e0 la <strong>somptueuse robe<\/strong> une touche contemporaine sans outrance. La pochette Balmain, discr\u00e8te mais chic, a confirm\u00e9 un sens du d\u00e9tail travaill\u00e9 pour un cadre r\u00e9publicain. Pour un focus sur ces pi\u00e8ces et leur impact stylistique, consulte le d\u00e9cryptage mode disponible en ligne : <a href=\"https:\/\/www.femmeactuelle.fr\/mode\/news-mode\/brigitte-macron-mise-sur-une-robe-en-dentelle-noire-pour-un-diner-d-etat-avec-cristina-cordula-dans-une-somptueuse-robe-rouge-2194054\" rel=\"nofollow\">Femme Actuelle<\/a>.<\/p>\n\n<h2 class=\"wp-block-heading\">Forme, routine et secrets d&rsquo;une allure \u00e0 73 ans<\/h2>\n\n<p>La silhouette soign\u00e9e observ\u00e9e lors de cette sortie s&rsquo;inscrit dans une discipline quotidienne : une heure d&rsquo;exercice entre v\u00e9lo d&rsquo;appartement et renforcement musculaire, sans coach, et une alimentation stricte. L&rsquo;ex-chef des cuisines pr\u00e9sidentielles a confirm\u00e9 l&rsquo;exigence de servir <strong>dix<\/strong> fruits et l\u00e9gumes par jour, privil\u00e9giant produits locaux et herbes du jardin de l&rsquo;\u00c9lys\u00e9e. Ces habitudes expliquent en partie l&rsquo;<strong>\u00e9l\u00e9gance<\/strong> et le <strong>charme<\/strong> visibles lors de chaque <strong>apparition publique<\/strong>. Pour un portrait plus complet, d\u00e9couvre cette analyse : <a href=\"https:\/\/www.gala.fr\/beaute\/beaute_de_star\/brigitte-macron-velo-musculation-vitamine-c-les-secrets-beaute-qui-la-font-rayonner-a-73-ans-20260413\" rel=\"nofollow\">Gala<\/a> et le dossier d\u00e9di\u00e9 sur le site consacr\u00e9 \u00e0 la famille : <a href=\"https:\/\/www.sebastien-auziere.fr\/blog\/brigitte-macron-73-ans\/\" rel=\"nofollow\">portrait 73 ans<\/a>.<\/p>\n\n<p>Envie d&rsquo;en savoir plus sur les coulisses, la <strong>mode<\/strong> et le cercle proche de la famille Macron ? D\u00e9couvre davantage d&rsquo;analyses et de photos sur le site d\u00e9di\u00e9 \u00e0 S\u00e9bastien Auzi\u00e8re et aux Macrons : <a href=\"https:\/\/www.sebastien-auziere.fr\/blog\/brigitte-macron-robe-rouge\/\" rel=\"nofollow\">brigitte-macron-robe-rouge<\/a> et <a href=\"https:\/\/www.sebastien-auziere.fr\/blog\/brigitte-macron-robe-elegante\/\" rel=\"nofollow\">dossier tenue \u00e9l\u00e9gante<\/a>.<\/p>\n\n","protected":false},"excerpt":{"rendered":"<p>Brigitte Macron, \u00e0 73 ans, a illumin\u00e9 le perron de l&rsquo;\u00c9lys\u00e9e ce 15 avril avec une robe rouge carmin qui a imm\u00e9diatement capt\u00e9 tous les regards. L&rsquo;\u00e9clat de cette somptueuse robe et la complicit\u00e9 visible entre les deux Premi\u00e8res dames ont fait de cette apparition publique un moment marquant du d\u00eener d&rsquo;\u00c9tat avec la Mauritanie. &#8230; <a title=\"\u00c0 73 ans, Brigitte Macron \u00e9blouit dans une somptueuse robe rouge carmin : \u00e9l\u00e9gance et charme au rendez-vous\" class=\"read-more\" href=\"https:\/\/www.sebastien-auziere.fr\/blog\/brigitte-macron-robe-rouge-3\/\" aria-label=\"En savoir plus sur \u00c0 73 ans, Brigitte Macron \u00e9blouit dans une somptueuse robe rouge carmin : \u00e9l\u00e9gance et charme au rendez-vous\">Lire plus<\/a><\/p>\n","protected":false},"author":9,"featured_media":3130,"comment_status":"open","ping_status":"open","sticky":false,"template":"","format":"standard","meta":{"footnotes":""},"categories":[597],"tags":[892,3410,1567,3412,3408],"class_list":["post-3131","post","type-post","status-publish","format-standard","has-post-thumbnail","hentry","category-actualites","tag-brigitte-macron","tag-charme","tag-elegance","tag-mode-senior","tag-robe-rouge-carmin"],"yoast_head":"<!-- This site is optimized with the Yoast SEO plugin v27.5 - https:\/\/yoast.com\/product\/yoast-seo-wordpress\/ -->\n<title>\u00c0 73 ans, Brigitte Macron \u00e9blouit dans une somptueuse robe rouge carmin : \u00e9l\u00e9gance et charme au rendez-vous - Fan site S\u00e9bastien Auzi\u00e8re<\/title>\n<meta name=\"description\" content=\"\u00c0 73 ans, Brigitte Macron rayonne dans une robe rouge carmin, alliant \u00e9l\u00e9gance et charme avec une allure \u00e9blouissante et sophistiqu\u00e9e.\" \/>\n<meta name=\"robots\" content=\"index, follow, max-snippet:-1, max-image-preview:large, max-video-preview:-1\" \/>\n<link rel=\"canonical\" href=\"https:\/\/www.sebastien-auziere.fr\/blog\/brigitte-macron-robe-rouge-3\/\" \/>\n<meta property=\"og:locale\" content=\"fr_FR\" \/>\n<meta property=\"og:type\" content=\"article\" \/>\n<meta property=\"og:title\" content=\"\u00c0 73 ans, Brigitte Macron \u00e9blouit dans une somptueuse robe rouge carmin : \u00e9l\u00e9gance et charme au rendez-vous - Fan site S\u00e9bastien Auzi\u00e8re\" \/>\n<meta property=\"og:description\" content=\"\u00c0 73 ans, Brigitte Macron rayonne dans une robe rouge carmin, alliant \u00e9l\u00e9gance et charme avec une allure \u00e9blouissante et sophistiqu\u00e9e.\" \/>\n<meta property=\"og:url\" content=\"https:\/\/www.sebastien-auziere.fr\/blog\/brigitte-macron-robe-rouge-3\/\" \/>\n<meta property=\"og:site_name\" content=\"Fan site S\u00e9bastien Auzi\u00e8re\" \/>\n<meta property=\"article:published_time\" content=\"2026-04-18T19:10:22+00:00\" \/>\n<meta property=\"og:image\" content=\"https:\/\/www.sebastien-auziere.fr\/blog\/wp-content\/uploads\/2026\/04\/A-73-ans-Brigitte-Macron-eblouit-dans-une-somptueuse-robe-rouge-carmin-elegance-et-charme-au-rendez-vous.jpg\" \/>\n\t<meta property=\"og:image:width\" content=\"2560\" \/>\n\t<meta property=\"og:image:height\" content=\"1429\" \/>\n\t<meta property=\"og:image:type\" content=\"image\/jpeg\" \/>\n<meta name=\"author\" content=\"Chloe Gauthier\" \/>\n<meta name=\"twitter:card\" content=\"summary_large_image\" \/>\n<meta name=\"twitter:label1\" content=\"\u00c9crit par\" \/>\n\t<meta name=\"twitter:data1\" content=\"Chloe Gauthier\" \/>\n\t<meta name=\"twitter:label2\" content=\"Dur\u00e9e de lecture estim\u00e9e\" \/>\n\t<meta name=\"twitter:data2\" content=\"3 minutes\" \/>\n<script type=\"application\/ld+json\" class=\"yoast-schema-graph\">{\"@context\":\"https:\\\/\\\/schema.org\",\"@graph\":[{\"@type\":\"Article\",\"@id\":\"https:\\\/\\\/www.sebastien-auziere.fr\\\/blog\\\/brigitte-macron-robe-rouge-3\\\/#article\",\"isPartOf\":{\"@id\":\"https:\\\/\\\/www.sebastien-auziere.fr\\\/blog\\\/brigitte-macron-robe-rouge-3\\\/\"},\"author\":{\"name\":\"Chloe Gauthier\",\"@id\":\"https:\\\/\\\/www.sebastien-auziere.fr\\\/blog\\\/#\\\/schema\\\/person\\\/149f1acdbfd85149c6c3e59adeae2f4d\"},\"headline\":\"\u00c0 73 ans, Brigitte Macron \u00e9blouit dans une somptueuse robe rouge carmin : \u00e9l\u00e9gance et charme au rendez-vous\",\"datePublished\":\"2026-04-18T19:10:22+00:00\",\"mainEntityOfPage\":{\"@id\":\"https:\\\/\\\/www.sebastien-auziere.fr\\\/blog\\\/brigitte-macron-robe-rouge-3\\\/\"},\"wordCount\":560,\"commentCount\":0,\"publisher\":{\"@id\":\"https:\\\/\\\/www.sebastien-auziere.fr\\\/blog\\\/#organization\"},\"image\":{\"@id\":\"https:\\\/\\\/www.sebastien-auziere.fr\\\/blog\\\/brigitte-macron-robe-rouge-3\\\/#primaryimage\"},\"thumbnailUrl\":\"https:\\\/\\\/www.sebastien-auziere.fr\\\/blog\\\/wp-content\\\/uploads\\\/2026\\\/04\\\/A-73-ans-Brigitte-Macron-eblouit-dans-une-somptueuse-robe-rouge-carmin-elegance-et-charme-au-rendez-vous.jpg\",\"keywords\":[\"brigitte macron\",\"charme\",\"\u00e9l\u00e9gance\",\"mode senior\",\"robe rouge carmin\"],\"articleSection\":[\"Actualit\u00e9s\"],\"inLanguage\":\"fr-FR\",\"potentialAction\":[{\"@type\":\"CommentAction\",\"name\":\"Comment\",\"target\":[\"https:\\\/\\\/www.sebastien-auziere.fr\\\/blog\\\/brigitte-macron-robe-rouge-3\\\/#respond\"]}]},{\"@type\":\"WebPage\",\"@id\":\"https:\\\/\\\/www.sebastien-auziere.fr\\\/blog\\\/brigitte-macron-robe-rouge-3\\\/\",\"url\":\"https:\\\/\\\/www.sebastien-auziere.fr\\\/blog\\\/brigitte-macron-robe-rouge-3\\\/\",\"name\":\"\u00c0 73 ans, Brigitte Macron \u00e9blouit dans une somptueuse robe rouge carmin : \u00e9l\u00e9gance et charme au rendez-vous - Fan site S\u00e9bastien Auzi\u00e8re\",\"isPartOf\":{\"@id\":\"https:\\\/\\\/www.sebastien-auziere.fr\\\/blog\\\/#website\"},\"primaryImageOfPage\":{\"@id\":\"https:\\\/\\\/www.sebastien-auziere.fr\\\/blog\\\/brigitte-macron-robe-rouge-3\\\/#primaryimage\"},\"image\":{\"@id\":\"https:\\\/\\\/www.sebastien-auziere.fr\\\/blog\\\/brigitte-macron-robe-rouge-3\\\/#primaryimage\"},\"thumbnailUrl\":\"https:\\\/\\\/www.sebastien-auziere.fr\\\/blog\\\/wp-content\\\/uploads\\\/2026\\\/04\\\/A-73-ans-Brigitte-Macron-eblouit-dans-une-somptueuse-robe-rouge-carmin-elegance-et-charme-au-rendez-vous.jpg\",\"datePublished\":\"2026-04-18T19:10:22+00:00\",\"description\":\"\u00c0 73 ans, Brigitte Macron rayonne dans une robe rouge carmin, alliant \u00e9l\u00e9gance et charme avec une allure \u00e9blouissante et sophistiqu\u00e9e.\",\"breadcrumb\":{\"@id\":\"https:\\\/\\\/www.sebastien-auziere.fr\\\/blog\\\/brigitte-macron-robe-rouge-3\\\/#breadcrumb\"},\"inLanguage\":\"fr-FR\",\"potentialAction\":[{\"@type\":\"ReadAction\",\"target\":[\"https:\\\/\\\/www.sebastien-auziere.fr\\\/blog\\\/brigitte-macron-robe-rouge-3\\\/\"]}]},{\"@type\":\"ImageObject\",\"inLanguage\":\"fr-FR\",\"@id\":\"https:\\\/\\\/www.sebastien-auziere.fr\\\/blog\\\/brigitte-macron-robe-rouge-3\\\/#primaryimage\",\"url\":\"https:\\\/\\\/www.sebastien-auziere.fr\\\/blog\\\/wp-content\\\/uploads\\\/2026\\\/04\\\/A-73-ans-Brigitte-Macron-eblouit-dans-une-somptueuse-robe-rouge-carmin-elegance-et-charme-au-rendez-vous.jpg\",\"contentUrl\":\"https:\\\/\\\/www.sebastien-auziere.fr\\\/blog\\\/wp-content\\\/uploads\\\/2026\\\/04\\\/A-73-ans-Brigitte-Macron-eblouit-dans-une-somptueuse-robe-rouge-carmin-elegance-et-charme-au-rendez-vous.jpg\",\"width\":2560,\"height\":1429,\"caption\":\"\u00e0 73 ans, brigitte macron rayonne de beaut\u00e9 et d'\u00e9l\u00e9gance dans une somptueuse robe rouge carmin, captivant tous les regards par son charme et son style impeccable.\"},{\"@type\":\"BreadcrumbList\",\"@id\":\"https:\\\/\\\/www.sebastien-auziere.fr\\\/blog\\\/brigitte-macron-robe-rouge-3\\\/#breadcrumb\",\"itemListElement\":[{\"@type\":\"ListItem\",\"position\":1,\"name\":\"Home\",\"item\":\"https:\\\/\\\/www.sebastien-auziere.fr\\\/blog\\\/\"},{\"@type\":\"ListItem\",\"position\":2,\"name\":\"\u00c0 73 ans, Brigitte Macron \u00e9blouit dans une somptueuse robe rouge carmin : \u00e9l\u00e9gance et charme au rendez-vous\"}]},{\"@type\":\"WebSite\",\"@id\":\"https:\\\/\\\/www.sebastien-auziere.fr\\\/blog\\\/#website\",\"url\":\"https:\\\/\\\/www.sebastien-auziere.fr\\\/blog\\\/\",\"name\":\"Fan site S\u00e9bastien Auzi\u00e8re\",\"description\":\"M\u00e9dia g\u00e9n\u00e9raliste\",\"publisher\":{\"@id\":\"https:\\\/\\\/www.sebastien-auziere.fr\\\/blog\\\/#organization\"},\"potentialAction\":[{\"@type\":\"SearchAction\",\"target\":{\"@type\":\"EntryPoint\",\"urlTemplate\":\"https:\\\/\\\/www.sebastien-auziere.fr\\\/blog\\\/?s={search_term_string}\"},\"query-input\":{\"@type\":\"PropertyValueSpecification\",\"valueRequired\":true,\"valueName\":\"search_term_string\"}}],\"inLanguage\":\"fr-FR\"},{\"@type\":\"Organization\",\"@id\":\"https:\\\/\\\/www.sebastien-auziere.fr\\\/blog\\\/#organization\",\"name\":\"Fan site S\u00e9bastien Auzi\u00e8re\",\"url\":\"https:\\\/\\\/www.sebastien-auziere.fr\\\/blog\\\/\",\"logo\":{\"@type\":\"ImageObject\",\"inLanguage\":\"fr-FR\",\"@id\":\"https:\\\/\\\/www.sebastien-auziere.fr\\\/blog\\\/#\\\/schema\\\/logo\\\/image\\\/\",\"url\":\"https:\\\/\\\/www.sebastien-auziere.fr\\\/blog\\\/wp-content\\\/uploads\\\/2026\\\/03\\\/cropped-cropped-cropped-ChatGPT-Image-6-mars-2026-12_58_09-e1772798376794.jpg\",\"contentUrl\":\"https:\\\/\\\/www.sebastien-auziere.fr\\\/blog\\\/wp-content\\\/uploads\\\/2026\\\/03\\\/cropped-cropped-cropped-ChatGPT-Image-6-mars-2026-12_58_09-e1772798376794.jpg\",\"width\":512,\"height\":360,\"caption\":\"Fan site S\u00e9bastien Auzi\u00e8re\"},\"image\":{\"@id\":\"https:\\\/\\\/www.sebastien-auziere.fr\\\/blog\\\/#\\\/schema\\\/logo\\\/image\\\/\"}},{\"@type\":\"Person\",\"@id\":\"https:\\\/\\\/www.sebastien-auziere.fr\\\/blog\\\/#\\\/schema\\\/person\\\/149f1acdbfd85149c6c3e59adeae2f4d\",\"name\":\"Chloe Gauthier\",\"image\":{\"@type\":\"ImageObject\",\"inLanguage\":\"fr-FR\",\"@id\":\"https:\\\/\\\/secure.gravatar.com\\\/avatar\\\/2c5722f58171cff738a8985ef0dd66b476e563753246a49019befc837ec4201a?s=96&d=mm&r=g\",\"url\":\"https:\\\/\\\/secure.gravatar.com\\\/avatar\\\/2c5722f58171cff738a8985ef0dd66b476e563753246a49019befc837ec4201a?s=96&d=mm&r=g\",\"contentUrl\":\"https:\\\/\\\/secure.gravatar.com\\\/avatar\\\/2c5722f58171cff738a8985ef0dd66b476e563753246a49019befc837ec4201a?s=96&d=mm&r=g\",\"caption\":\"Chloe Gauthier\"},\"description\":\"Passionn\u00e9e par la politique et admiratrice engag\u00e9e de la famille Macron, je consacre mon \u00e9nergie \u00e0 suivre leurs initiatives et \u00e0 promouvoir leurs id\u00e9es. \u00c0 32 ans, je suis convaincue que leur vision est porteuse d'avenir.\",\"url\":\"https:\\\/\\\/www.sebastien-auziere.fr\\\/blog\\\/author\\\/chloe-gauthier\\\/\"}]}<\/script>\n<!-- \/ Yoast SEO plugin. -->","yoast_head_json":{"title":"\u00c0 73 ans, Brigitte Macron \u00e9blouit dans une somptueuse robe rouge carmin : \u00e9l\u00e9gance et charme au rendez-vous - Fan site S\u00e9bastien Auzi\u00e8re","description":"\u00c0 73 ans, Brigitte Macron rayonne dans une robe rouge carmin, alliant \u00e9l\u00e9gance et charme avec une allure \u00e9blouissante et sophistiqu\u00e9e.","robots":{"index":"index","follow":"follow","max-snippet":"max-snippet:-1","max-image-preview":"max-image-preview:large","max-video-preview":"max-video-preview:-1"},"canonical":"https:\/\/www.sebastien-auziere.fr\/blog\/brigitte-macron-robe-rouge-3\/","og_locale":"fr_FR","og_type":"article","og_title":"\u00c0 73 ans, Brigitte Macron \u00e9blouit dans une somptueuse robe rouge carmin : \u00e9l\u00e9gance et charme au rendez-vous - Fan site S\u00e9bastien Auzi\u00e8re","og_description":"\u00c0 73 ans, Brigitte Macron rayonne dans une robe rouge carmin, alliant \u00e9l\u00e9gance et charme avec une allure \u00e9blouissante et sophistiqu\u00e9e.","og_url":"https:\/\/www.sebastien-auziere.fr\/blog\/brigitte-macron-robe-rouge-3\/","og_site_name":"Fan site S\u00e9bastien Auzi\u00e8re","article_published_time":"2026-04-18T19:10:22+00:00","og_image":[{"width":2560,"height":1429,"url":"https:\/\/www.sebastien-auziere.fr\/blog\/wp-content\/uploads\/2026\/04\/A-73-ans-Brigitte-Macron-eblouit-dans-une-somptueuse-robe-rouge-carmin-elegance-et-charme-au-rendez-vous.jpg","type":"image\/jpeg"}],"author":"Chloe Gauthier","twitter_card":"summary_large_image","twitter_misc":{"\u00c9crit par":"Chloe Gauthier","Dur\u00e9e de lecture estim\u00e9e":"3 minutes"},"schema":{"@context":"https:\/\/schema.org","@graph":[{"@type":"Article","@id":"https:\/\/www.sebastien-auziere.fr\/blog\/brigitte-macron-robe-rouge-3\/#article","isPartOf":{"@id":"https:\/\/www.sebastien-auziere.fr\/blog\/brigitte-macron-robe-rouge-3\/"},"author":{"name":"Chloe Gauthier","@id":"https:\/\/www.sebastien-auziere.fr\/blog\/#\/schema\/person\/149f1acdbfd85149c6c3e59adeae2f4d"},"headline":"\u00c0 73 ans, Brigitte Macron \u00e9blouit dans une somptueuse robe rouge carmin : \u00e9l\u00e9gance et charme au rendez-vous","datePublished":"2026-04-18T19:10:22+00:00","mainEntityOfPage":{"@id":"https:\/\/www.sebastien-auziere.fr\/blog\/brigitte-macron-robe-rouge-3\/"},"wordCount":560,"commentCount":0,"publisher":{"@id":"https:\/\/www.sebastien-auziere.fr\/blog\/#organization"},"image":{"@id":"https:\/\/www.sebastien-auziere.fr\/blog\/brigitte-macron-robe-rouge-3\/#primaryimage"},"thumbnailUrl":"https:\/\/www.sebastien-auziere.fr\/blog\/wp-content\/uploads\/2026\/04\/A-73-ans-Brigitte-Macron-eblouit-dans-une-somptueuse-robe-rouge-carmin-elegance-et-charme-au-rendez-vous.jpg","keywords":["brigitte macron","charme","\u00e9l\u00e9gance","mode senior","robe rouge carmin"],"articleSection":["Actualit\u00e9s"],"inLanguage":"fr-FR","potentialAction":[{"@type":"CommentAction","name":"Comment","target":["https:\/\/www.sebastien-auziere.fr\/blog\/brigitte-macron-robe-rouge-3\/#respond"]}]},{"@type":"WebPage","@id":"https:\/\/www.sebastien-auziere.fr\/blog\/brigitte-macron-robe-rouge-3\/","url":"https:\/\/www.sebastien-auziere.fr\/blog\/brigitte-macron-robe-rouge-3\/","name":"\u00c0 73 ans, Brigitte Macron \u00e9blouit dans une somptueuse robe rouge carmin : \u00e9l\u00e9gance et charme au rendez-vous - Fan site S\u00e9bastien Auzi\u00e8re","isPartOf":{"@id":"https:\/\/www.sebastien-auziere.fr\/blog\/#website"},"primaryImageOfPage":{"@id":"https:\/\/www.sebastien-auziere.fr\/blog\/brigitte-macron-robe-rouge-3\/#primaryimage"},"image":{"@id":"https:\/\/www.sebastien-auziere.fr\/blog\/brigitte-macron-robe-rouge-3\/#primaryimage"},"thumbnailUrl":"https:\/\/www.sebastien-auziere.fr\/blog\/wp-content\/uploads\/2026\/04\/A-73-ans-Brigitte-Macron-eblouit-dans-une-somptueuse-robe-rouge-carmin-elegance-et-charme-au-rendez-vous.jpg","datePublished":"2026-04-18T19:10:22+00:00","description":"\u00c0 73 ans, Brigitte Macron rayonne dans une robe rouge carmin, alliant \u00e9l\u00e9gance et charme avec une allure \u00e9blouissante et sophistiqu\u00e9e.","breadcrumb":{"@id":"https:\/\/www.sebastien-auziere.fr\/blog\/brigitte-macron-robe-rouge-3\/#breadcrumb"},"inLanguage":"fr-FR","potentialAction":[{"@type":"ReadAction","target":["https:\/\/www.sebastien-auziere.fr\/blog\/brigitte-macron-robe-rouge-3\/"]}]},{"@type":"ImageObject","inLanguage":"fr-FR","@id":"https:\/\/www.sebastien-auziere.fr\/blog\/brigitte-macron-robe-rouge-3\/#primaryimage","url":"https:\/\/www.sebastien-auziere.fr\/blog\/wp-content\/uploads\/2026\/04\/A-73-ans-Brigitte-Macron-eblouit-dans-une-somptueuse-robe-rouge-carmin-elegance-et-charme-au-rendez-vous.jpg","contentUrl":"https:\/\/www.sebastien-auziere.fr\/blog\/wp-content\/uploads\/2026\/04\/A-73-ans-Brigitte-Macron-eblouit-dans-une-somptueuse-robe-rouge-carmin-elegance-et-charme-au-rendez-vous.jpg","width":2560,"height":1429,"caption":"\u00e0 73 ans, brigitte macron rayonne de beaut\u00e9 et d'\u00e9l\u00e9gance dans une somptueuse robe rouge carmin, captivant tous les regards par son charme et son style impeccable."},{"@type":"BreadcrumbList","@id":"https:\/\/www.sebastien-auziere.fr\/blog\/brigitte-macron-robe-rouge-3\/#breadcrumb","itemListElement":[{"@type":"ListItem","position":1,"name":"Home","item":"https:\/\/www.sebastien-auziere.fr\/blog\/"},{"@type":"ListItem","position":2,"name":"\u00c0 73 ans, Brigitte Macron \u00e9blouit dans une somptueuse robe rouge carmin : \u00e9l\u00e9gance et charme au rendez-vous"}]},{"@type":"WebSite","@id":"https:\/\/www.sebastien-auziere.fr\/blog\/#website","url":"https:\/\/www.sebastien-auziere.fr\/blog\/","name":"Fan site S\u00e9bastien Auzi\u00e8re","description":"M\u00e9dia g\u00e9n\u00e9raliste","publisher":{"@id":"https:\/\/www.sebastien-auziere.fr\/blog\/#organization"},"potentialAction":[{"@type":"SearchAction","target":{"@type":"EntryPoint","urlTemplate":"https:\/\/www.sebastien-auziere.fr\/blog\/?s={search_term_string}"},"query-input":{"@type":"PropertyValueSpecification","valueRequired":true,"valueName":"search_term_string"}}],"inLanguage":"fr-FR"},{"@type":"Organization","@id":"https:\/\/www.sebastien-auziere.fr\/blog\/#organization","name":"Fan site S\u00e9bastien Auzi\u00e8re","url":"https:\/\/www.sebastien-auziere.fr\/blog\/","logo":{"@type":"ImageObject","inLanguage":"fr-FR","@id":"https:\/\/www.sebastien-auziere.fr\/blog\/#\/schema\/logo\/image\/","url":"https:\/\/www.sebastien-auziere.fr\/blog\/wp-content\/uploads\/2026\/03\/cropped-cropped-cropped-ChatGPT-Image-6-mars-2026-12_58_09-e1772798376794.jpg","contentUrl":"https:\/\/www.sebastien-auziere.fr\/blog\/wp-content\/uploads\/2026\/03\/cropped-cropped-cropped-ChatGPT-Image-6-mars-2026-12_58_09-e1772798376794.jpg","width":512,"height":360,"caption":"Fan site S\u00e9bastien Auzi\u00e8re"},"image":{"@id":"https:\/\/www.sebastien-auziere.fr\/blog\/#\/schema\/logo\/image\/"}},{"@type":"Person","@id":"https:\/\/www.sebastien-auziere.fr\/blog\/#\/schema\/person\/149f1acdbfd85149c6c3e59adeae2f4d","name":"Chloe Gauthier","image":{"@type":"ImageObject","inLanguage":"fr-FR","@id":"https:\/\/secure.gravatar.com\/avatar\/2c5722f58171cff738a8985ef0dd66b476e563753246a49019befc837ec4201a?s=96&d=mm&r=g","url":"https:\/\/secure.gravatar.com\/avatar\/2c5722f58171cff738a8985ef0dd66b476e563753246a49019befc837ec4201a?s=96&d=mm&r=g","contentUrl":"https:\/\/secure.gravatar.com\/avatar\/2c5722f58171cff738a8985ef0dd66b476e563753246a49019befc837ec4201a?s=96&d=mm&r=g","caption":"Chloe Gauthier"},"description":"Passionn\u00e9e par la politique et admiratrice engag\u00e9e de la famille Macron, je consacre mon \u00e9nergie \u00e0 suivre leurs initiatives et \u00e0 promouvoir leurs id\u00e9es. \u00c0 32 ans, je suis convaincue que leur vision est porteuse d'avenir.","url":"https:\/\/www.sebastien-auziere.fr\/blog\/author\/chloe-gauthier\/"}]}},"views":23,"_links":{"self":[{"href":"https:\/\/www.sebastien-auziere.fr\/blog\/wp-json\/wp\/v2\/posts\/3131","targetHints":{"allow":["GET"]}}],"collection":[{"href":"https:\/\/www.sebastien-auziere.fr\/blog\/wp-json\/wp\/v2\/posts"}],"about":[{"href":"https:\/\/www.sebastien-auziere.fr\/blog\/wp-json\/wp\/v2\/types\/post"}],"author":[{"embeddable":true,"href":"https:\/\/www.sebastien-auziere.fr\/blog\/wp-json\/wp\/v2\/users\/9"}],"replies":[{"embeddable":true,"href":"https:\/\/www.sebastien-auziere.fr\/blog\/wp-json\/wp\/v2\/comments?post=3131"}],"version-history":[{"count":0,"href":"https:\/\/www.sebastien-auziere.fr\/blog\/wp-json\/wp\/v2\/posts\/3131\/revisions"}],"wp:featuredmedia":[{"embeddable":true,"href":"https:\/\/www.sebastien-auziere.fr\/blog\/wp-json\/wp\/v2\/media\/3130"}],"wp:attachment":[{"href":"https:\/\/www.sebastien-auziere.fr\/blog\/wp-json\/wp\/v2\/media?parent=3131"}],"wp:term":[{"taxonomy":"category","embeddable":true,"href":"https:\/\/www.sebastien-auziere.fr\/blog\/wp-json\/wp\/v2\/categories?post=3131"},{"taxonomy":"post_tag","embeddable":true,"href":"https:\/\/www.sebastien-auziere.fr\/blog\/wp-json\/wp\/v2\/tags?post=3131"}],"curies":[{"name":"wp","href":"https:\/\/api.w.org\/{rel}","templated":true}]}}